{"id":904,"date":"2020-07-21T11:50:55","date_gmt":"2020-07-21T11:50:55","guid":{"rendered":"https:\/\/www.rmcr.org\/?p=904"},"modified":"2020-07-21T11:50:55","modified_gmt":"2020-07-21T11:50:55","slug":"abraham-lacalle-en-la-coleccion-de-carteles-de-la-goyesca","status":"publish","type":"post","link":"https:\/\/www.rmcr.org\/en\/2020\/07\/21\/abraham-lacalle-en-la-coleccion-de-carteles-de-la-goyesca\/","title":{"rendered":"Abraham Lacalle en la colecci\u00f3n de carteles de la goyesca."},"content":{"rendered":"<p>El pintor almeriense Abraham Lacalle es el autor del cartel de la LII corrida goyesca celebrada el 6 de septiembre de 2008, en la que intervinieron los diestros Francisco River Ord\u00f3\u00f1ez, Jos\u00e9 Mar\u00eda Manzanares (hijo) y Miguel \u00c1ngel Perera con toros de la ganader\u00eda de Garcigrande.<\/p>\n<p><img fetchpriority=\"high\" decoding=\"async\" class=\"  wp-image-905 aligncenter\" src=\"https:\/\/www.rmcr.org\/wp-content\/uploads\/2020\/07\/abraham-lacalle_goyesca.jpg\" alt=\"Abraham Lacalle_Goyesca\" width=\"373\" height=\"502\" srcset=\"https:\/\/www.rmcr.org\/wp-content\/uploads\/2020\/07\/abraham-lacalle_goyesca.jpg 567w, https:\/\/www.rmcr.org\/wp-content\/uploads\/2020\/07\/abraham-lacalle_goyesca-223x300.jpg 223w\" sizes=\"(max-width: 373px) 100vw, 373px\" \/><\/p>\n<p style=\"text-align:center;\"><em>LII Tradicional Corrida Goyesca de Ronda, 2008, Abraham Lacalle<\/em><\/p>\n<p>Abraham Lacalle (Almer\u00eda, 1962) reside en Madrid, despu\u00e9s de una etapa formativa en Sevilla. Pertenece a la generaci\u00f3n de artistas que comienzan a producir en los a\u00f1os ochenta, d\u00e9cada en la que los lenguajes pict\u00f3ricos se ponen en cuesti\u00f3n y se introducen conceptos narrativos que amalgaman figuraci\u00f3n y la abstracci\u00f3n. En la obra de Lacalle se dan cita el an\u00e1lisis de la tradici\u00f3n y las propuestas de la vanguardia, con referencias literarias y filos\u00f3ficas concretas, que le sirven para abrir caminos lo mismo que para cerrarlos, en un proceso no exento de humor, como se pone de manifiesto en el t\u00edtulo de la exposici\u00f3n montada en el Museo Nacional Centro de Arte Reina Sof\u00eda en 2005: <em>Abraham Lacalle: Un lugar donde nunca sucede nada<\/em><em>. <\/em>Un proceso en el que impone sus propias reglas. \u201cNo planifico, no soy un estratega. Voy mirando y cogiendo lo que me sirve. Cuando te dedicas a pintar, usas una forma y unos temas, y cuando ya lo usas con soltura, sin pensar, conviene que busques otra salida. Lo que mantiene a los cuadros en esa tensi\u00f3n tan sana, es pensarlos continuamente\u201d.<\/p>\n<p>Primer pintor joven espa\u00f1ol en ser incluido en la <em>cuadra<\/em> de la prestigiosa galer\u00eda Marlborough, ha explorado propuestas pict\u00f3ricas diferentes, siempre con una potencia crom\u00e1tica que caracteriza toda su obra, en la que no deja de cuestionar sus propios hallazgos.\u00a0 \u201cCuando s\u00e9 que una combinaci\u00f3n de colores funciona, me la cargo y pruebo con otra\u201d, dice Lacalle en el cat\u00e1logo de su \u00faltima exposici\u00f3n titulada \u201cNo una ventana\u201d (Marlborough, Madrid, 2019 \/ Recent works, Marlborough, Nueva York) en la que se adentra en una visi\u00f3n particular del paisaje.<\/p>\n<p>Su obra est\u00e1 presente en numerosas colecciones p\u00fablicas nacionales como el Museo Nacional Centro de Arte Reina Sof\u00eda, \u00a0Centro Andaluz de Arte Contempor\u00e1neo o la Fundaci\u00f3n La Caixa entre otras.<\/p>\n","protected":false},"excerpt":{"rendered":"<p>El pintor almeriense Abraham Lacalle es el autor del cartel de la LII corrida goyesca celebrada el 6 de septiembre de 2008, en la que intervinieron los diestros Francisco River Ord\u00f3\u00f1ez, Jos\u00e9 Mar\u00eda Manzanares (hijo) y Miguel \u00c1ngel Perera con toros de la ganader\u00eda de Garcigrande.<\/p>\n","protected":false},"author":7,"featured_media":7343,"comment_status":"open","ping_status":"open","sticky":false,"template":"","format":"standard","meta":{"footnotes":""},"categories":[272,275,277,301,278],"tags":[357,352,289,353,358,248,98,263,114],"class_list":["post-904","post","type-post","status-publish","format-standard","has-post-thumbnail","hentry","category-colecciones-museisticas","category-goyesca","category-plaza-de-toros","category-real-maestranza","category-tauromaquia","tag-abraham-lacalle","tag-cartel-taurino","tag-carteles","tag-corrida-de-toros","tag-corrida-goyesca","tag-real-maestranza-de-caballeria","tag-real-maestranza-de-caballeria-de-ronda","tag-real-maestranza-de-ronda","tag-ronda"],"yoast_head":"<!-- This site is optimized with the Yoast SEO plugin v27.5 - https:\/\/yoast.com\/product\/yoast-seo-wordpress\/ -->\n<title>Abraham Lacalle en la colecci\u00f3n de carteles de la goyesca. - Real Maestranza de Caballer\u00eda de Ronda<\/title>\n<meta name=\"robots\" content=\"index, follow, max-snippet:-1, max-image-preview:large, max-video-preview:-1\" \/>\n<link rel=\"canonical\" href=\"https:\/\/www.rmcr.org\/en\/2020\/07\/21\/abraham-lacalle-en-la-coleccion-de-carteles-de-la-goyesca\/\" \/>\n<meta property=\"og:locale\" content=\"en_US\" \/>\n<meta property=\"og:type\" content=\"article\" \/>\n<meta property=\"og:title\" content=\"Abraham Lacalle en la colecci\u00f3n de carteles de la goyesca. - Real Maestranza de Caballer\u00eda de Ronda\" \/>\n<meta property=\"og:description\" content=\"El pintor almeriense Abraham Lacalle es el autor del cartel de la LII corrida goyesca celebrada el 6 de septiembre de 2008, en la que intervinieron los diestros Francisco River Ord\u00f3\u00f1ez, Jos\u00e9 Mar\u00eda Manzanares (hijo) y Miguel \u00c1ngel Perera con toros de la ganader\u00eda de Garcigrande.\" \/>\n<meta property=\"og:url\" content=\"https:\/\/www.rmcr.org\/en\/2020\/07\/21\/abraham-lacalle-en-la-coleccion-de-carteles-de-la-goyesca\/\" \/>\n<meta property=\"og:site_name\" content=\"Real Maestranza de Caballer\u00eda de Ronda\" \/>\n<meta property=\"article:publisher\" content=\"https:\/\/www.facebook.com\/plazadetorosronda\" \/>\n<meta property=\"article:published_time\" content=\"2020-07-21T11:50:55+00:00\" \/>\n<meta property=\"og:image\" content=\"https:\/\/www.rmcr.org\/wp-content\/uploads\/2020\/07\/pnr-1.png\" \/>\n\t<meta property=\"og:image:width\" content=\"482\" \/>\n\t<meta property=\"og:image:height\" content=\"155\" \/>\n\t<meta property=\"og:image:type\" content=\"image\/png\" \/>\n<meta name=\"author\" content=\"RMCR\" \/>\n<meta name=\"twitter:card\" content=\"summary_large_image\" \/>\n<meta name=\"twitter:creator\" content=\"@PlazatorosRMR\" \/>\n<meta name=\"twitter:site\" content=\"@PlazatorosRMR\" \/>\n<meta name=\"twitter:label1\" content=\"Written by\" \/>\n\t<meta name=\"twitter:data1\" content=\"RMCR\" \/>\n\t<meta name=\"twitter:label2\" content=\"Est. reading time\" \/>\n\t<meta name=\"twitter:data2\" content=\"2 minutes\" \/>\n<script type=\"application\/ld+json\" class=\"yoast-schema-graph\">{\"@context\":\"https:\\\/\\\/schema.org\",\"@graph\":[{\"@type\":\"Article\",\"@id\":\"https:\\\/\\\/www.rmcr.org\\\/en\\\/2020\\\/07\\\/21\\\/abraham-lacalle-en-la-coleccion-de-carteles-de-la-goyesca\\\/#article\",\"isPartOf\":{\"@id\":\"https:\\\/\\\/www.rmcr.org\\\/en\\\/2020\\\/07\\\/21\\\/abraham-lacalle-en-la-coleccion-de-carteles-de-la-goyesca\\\/\"},\"author\":{\"name\":\"RMCR\",\"@id\":\"https:\\\/\\\/www.rmcr.org\\\/en\\\/#\\\/schema\\\/person\\\/7ddd0dafda7edd0e407157f93a56df4f\"},\"headline\":\"Abraham Lacalle en la colecci\u00f3n de carteles de la goyesca.\",\"datePublished\":\"2020-07-21T11:50:55+00:00\",\"mainEntityOfPage\":{\"@id\":\"https:\\\/\\\/www.rmcr.org\\\/en\\\/2020\\\/07\\\/21\\\/abraham-lacalle-en-la-coleccion-de-carteles-de-la-goyesca\\\/\"},\"wordCount\":394,\"commentCount\":0,\"publisher\":{\"@id\":\"https:\\\/\\\/www.rmcr.org\\\/en\\\/#organization\"},\"image\":{\"@id\":\"https:\\\/\\\/www.rmcr.org\\\/en\\\/2020\\\/07\\\/21\\\/abraham-lacalle-en-la-coleccion-de-carteles-de-la-goyesca\\\/#primaryimage\"},\"thumbnailUrl\":\"https:\\\/\\\/www.rmcr.org\\\/wp-content\\\/uploads\\\/2020\\\/07\\\/pnr-1.png\",\"keywords\":[\"Abraham Lacalle\",\"Cartel taurino\",\"Carteles\",\"Corrida de toros\",\"Corrida Goyesca\",\"Real Maestranza de Caballer\u00eda\",\"Real Maestranza de Caballer\u00eda de Ronda\",\"Real Maestranza de Ronda\",\"Ronda\"],\"articleSection\":[\"Colecciones muse\u00edsticas\",\"Goyesca\",\"Plaza de Toros\",\"Real Maestranza\",\"Tauromaquia\"],\"inLanguage\":\"en-US\",\"potentialAction\":[{\"@type\":\"CommentAction\",\"name\":\"Comment\",\"target\":[\"https:\\\/\\\/www.rmcr.org\\\/en\\\/2020\\\/07\\\/21\\\/abraham-lacalle-en-la-coleccion-de-carteles-de-la-goyesca\\\/#respond\"]}]},{\"@type\":\"WebPage\",\"@id\":\"https:\\\/\\\/www.rmcr.org\\\/en\\\/2020\\\/07\\\/21\\\/abraham-lacalle-en-la-coleccion-de-carteles-de-la-goyesca\\\/\",\"url\":\"https:\\\/\\\/www.rmcr.org\\\/en\\\/2020\\\/07\\\/21\\\/abraham-lacalle-en-la-coleccion-de-carteles-de-la-goyesca\\\/\",\"name\":\"Abraham Lacalle en la colecci\u00f3n de carteles de la goyesca. - Real Maestranza de Caballer\u00eda de Ronda\",\"isPartOf\":{\"@id\":\"https:\\\/\\\/www.rmcr.org\\\/en\\\/#website\"},\"primaryImageOfPage\":{\"@id\":\"https:\\\/\\\/www.rmcr.org\\\/en\\\/2020\\\/07\\\/21\\\/abraham-lacalle-en-la-coleccion-de-carteles-de-la-goyesca\\\/#primaryimage\"},\"image\":{\"@id\":\"https:\\\/\\\/www.rmcr.org\\\/en\\\/2020\\\/07\\\/21\\\/abraham-lacalle-en-la-coleccion-de-carteles-de-la-goyesca\\\/#primaryimage\"},\"thumbnailUrl\":\"https:\\\/\\\/www.rmcr.org\\\/wp-content\\\/uploads\\\/2020\\\/07\\\/pnr-1.png\",\"datePublished\":\"2020-07-21T11:50:55+00:00\",\"breadcrumb\":{\"@id\":\"https:\\\/\\\/www.rmcr.org\\\/en\\\/2020\\\/07\\\/21\\\/abraham-lacalle-en-la-coleccion-de-carteles-de-la-goyesca\\\/#breadcrumb\"},\"inLanguage\":\"en-US\",\"potentialAction\":[{\"@type\":\"ReadAction\",\"target\":[\"https:\\\/\\\/www.rmcr.org\\\/en\\\/2020\\\/07\\\/21\\\/abraham-lacalle-en-la-coleccion-de-carteles-de-la-goyesca\\\/\"]}]},{\"@type\":\"ImageObject\",\"inLanguage\":\"en-US\",\"@id\":\"https:\\\/\\\/www.rmcr.org\\\/en\\\/2020\\\/07\\\/21\\\/abraham-lacalle-en-la-coleccion-de-carteles-de-la-goyesca\\\/#primaryimage\",\"url\":\"https:\\\/\\\/www.rmcr.org\\\/wp-content\\\/uploads\\\/2020\\\/07\\\/pnr-1.png\",\"contentUrl\":\"https:\\\/\\\/www.rmcr.org\\\/wp-content\\\/uploads\\\/2020\\\/07\\\/pnr-1.png\",\"width\":482,\"height\":155},{\"@type\":\"BreadcrumbList\",\"@id\":\"https:\\\/\\\/www.rmcr.org\\\/en\\\/2020\\\/07\\\/21\\\/abraham-lacalle-en-la-coleccion-de-carteles-de-la-goyesca\\\/#breadcrumb\",\"itemListElement\":[{\"@type\":\"ListItem\",\"position\":1,\"name\":\"REAL MAESTRANZA DE CABALLER\u00cdA DE RONDA\",\"item\":\"https:\\\/\\\/www.rmcr.org\\\/en\\\/\"},{\"@type\":\"ListItem\",\"position\":2,\"name\":\"Abraham Lacalle en la colecci\u00f3n de carteles de la goyesca.\"}]},{\"@type\":\"WebSite\",\"@id\":\"https:\\\/\\\/www.rmcr.org\\\/en\\\/#website\",\"url\":\"https:\\\/\\\/www.rmcr.org\\\/en\\\/\",\"name\":\"Real Maestranza de Caballer\u00eda de Ronda\",\"description\":\"Real Maestranza de Caballer\u00eda de Ronda\",\"publisher\":{\"@id\":\"https:\\\/\\\/www.rmcr.org\\\/en\\\/#organization\"},\"alternateName\":\"RMCR\",\"potentialAction\":[{\"@type\":\"SearchAction\",\"target\":{\"@type\":\"EntryPoint\",\"urlTemplate\":\"https:\\\/\\\/www.rmcr.org\\\/en\\\/?s={search_term_string}\"},\"query-input\":{\"@type\":\"PropertyValueSpecification\",\"valueRequired\":true,\"valueName\":\"search_term_string\"}}],\"inLanguage\":\"en-US\"},{\"@type\":\"Organization\",\"@id\":\"https:\\\/\\\/www.rmcr.org\\\/en\\\/#organization\",\"name\":\"Real Maestranza de Caballer\u00eda de Ronda\",\"alternateName\":\"RMR\",\"url\":\"https:\\\/\\\/www.rmcr.org\\\/en\\\/\",\"logo\":{\"@type\":\"ImageObject\",\"inLanguage\":\"en-US\",\"@id\":\"https:\\\/\\\/www.rmcr.org\\\/en\\\/#\\\/schema\\\/logo\\\/image\\\/\",\"url\":\"https:\\\/\\\/www.rmcr.org\\\/wp-content\\\/uploads\\\/2022\\\/07\\\/logo-rmr-blue.svg\",\"contentUrl\":\"https:\\\/\\\/www.rmcr.org\\\/wp-content\\\/uploads\\\/2022\\\/07\\\/logo-rmr-blue.svg\",\"width\":131,\"height\":129,\"caption\":\"Real Maestranza de Caballer\u00eda de Ronda\"},\"image\":{\"@id\":\"https:\\\/\\\/www.rmcr.org\\\/en\\\/#\\\/schema\\\/logo\\\/image\\\/\"},\"sameAs\":[\"https:\\\/\\\/www.facebook.com\\\/plazadetorosronda\",\"https:\\\/\\\/x.com\\\/PlazatorosRMR\",\"https:\\\/\\\/www.instagram.com\\\/realmaestranzaderonda\\\/\",\"https:\\\/\\\/www.youtube.com\\\/channel\\\/UCrbO5IUN-8v_QML739vM4zg\\\/videos\"]},{\"@type\":\"Person\",\"@id\":\"https:\\\/\\\/www.rmcr.org\\\/en\\\/#\\\/schema\\\/person\\\/7ddd0dafda7edd0e407157f93a56df4f\",\"name\":\"RMCR\",\"image\":{\"@type\":\"ImageObject\",\"inLanguage\":\"en-US\",\"@id\":\"https:\\\/\\\/secure.gravatar.com\\\/avatar\\\/adb75798b50800c24baa6a8706037b9469998c49eddeb95935f50f633cff80bb?s=96&d=mm&r=g\",\"url\":\"https:\\\/\\\/secure.gravatar.com\\\/avatar\\\/adb75798b50800c24baa6a8706037b9469998c49eddeb95935f50f633cff80bb?s=96&d=mm&r=g\",\"contentUrl\":\"https:\\\/\\\/secure.gravatar.com\\\/avatar\\\/adb75798b50800c24baa6a8706037b9469998c49eddeb95935f50f633cff80bb?s=96&d=mm&r=g\",\"caption\":\"RMCR\"},\"url\":\"https:\\\/\\\/www.rmcr.org\\\/en\\\/author\\\/bitniks77\\\/\"}]}<\/script>\n<!-- \/ Yoast SEO plugin. -->","yoast_head_json":{"title":"Abraham Lacalle en la colecci\u00f3n de carteles de la goyesca. - Real Maestranza de Caballer\u00eda de Ronda","robots":{"index":"index","follow":"follow","max-snippet":"max-snippet:-1","max-image-preview":"max-image-preview:large","max-video-preview":"max-video-preview:-1"},"canonical":"https:\/\/www.rmcr.org\/en\/2020\/07\/21\/abraham-lacalle-en-la-coleccion-de-carteles-de-la-goyesca\/","og_locale":"en_US","og_type":"article","og_title":"Abraham Lacalle en la colecci\u00f3n de carteles de la goyesca. - Real Maestranza de Caballer\u00eda de Ronda","og_description":"El pintor almeriense Abraham Lacalle es el autor del cartel de la LII corrida goyesca celebrada el 6 de septiembre de 2008, en la que intervinieron los diestros Francisco River Ord\u00f3\u00f1ez, Jos\u00e9 Mar\u00eda Manzanares (hijo) y Miguel \u00c1ngel Perera con toros de la ganader\u00eda de Garcigrande.","og_url":"https:\/\/www.rmcr.org\/en\/2020\/07\/21\/abraham-lacalle-en-la-coleccion-de-carteles-de-la-goyesca\/","og_site_name":"Real Maestranza de Caballer\u00eda de Ronda","article_publisher":"https:\/\/www.facebook.com\/plazadetorosronda","article_published_time":"2020-07-21T11:50:55+00:00","og_image":[{"width":482,"height":155,"url":"https:\/\/www.rmcr.org\/wp-content\/uploads\/2020\/07\/pnr-1.png","type":"image\/png"}],"author":"RMCR","twitter_card":"summary_large_image","twitter_creator":"@PlazatorosRMR","twitter_site":"@PlazatorosRMR","twitter_misc":{"Written by":"RMCR","Est. reading time":"2 minutes"},"schema":{"@context":"https:\/\/schema.org","@graph":[{"@type":"Article","@id":"https:\/\/www.rmcr.org\/en\/2020\/07\/21\/abraham-lacalle-en-la-coleccion-de-carteles-de-la-goyesca\/#article","isPartOf":{"@id":"https:\/\/www.rmcr.org\/en\/2020\/07\/21\/abraham-lacalle-en-la-coleccion-de-carteles-de-la-goyesca\/"},"author":{"name":"RMCR","@id":"https:\/\/www.rmcr.org\/en\/#\/schema\/person\/7ddd0dafda7edd0e407157f93a56df4f"},"headline":"Abraham Lacalle en la colecci\u00f3n de carteles de la goyesca.","datePublished":"2020-07-21T11:50:55+00:00","mainEntityOfPage":{"@id":"https:\/\/www.rmcr.org\/en\/2020\/07\/21\/abraham-lacalle-en-la-coleccion-de-carteles-de-la-goyesca\/"},"wordCount":394,"commentCount":0,"publisher":{"@id":"https:\/\/www.rmcr.org\/en\/#organization"},"image":{"@id":"https:\/\/www.rmcr.org\/en\/2020\/07\/21\/abraham-lacalle-en-la-coleccion-de-carteles-de-la-goyesca\/#primaryimage"},"thumbnailUrl":"https:\/\/www.rmcr.org\/wp-content\/uploads\/2020\/07\/pnr-1.png","keywords":["Abraham Lacalle","Cartel taurino","Carteles","Corrida de toros","Corrida Goyesca","Real Maestranza de Caballer\u00eda","Real Maestranza de Caballer\u00eda de Ronda","Real Maestranza de Ronda","Ronda"],"articleSection":["Colecciones muse\u00edsticas","Goyesca","Plaza de Toros","Real Maestranza","Tauromaquia"],"inLanguage":"en-US","potentialAction":[{"@type":"CommentAction","name":"Comment","target":["https:\/\/www.rmcr.org\/en\/2020\/07\/21\/abraham-lacalle-en-la-coleccion-de-carteles-de-la-goyesca\/#respond"]}]},{"@type":"WebPage","@id":"https:\/\/www.rmcr.org\/en\/2020\/07\/21\/abraham-lacalle-en-la-coleccion-de-carteles-de-la-goyesca\/","url":"https:\/\/www.rmcr.org\/en\/2020\/07\/21\/abraham-lacalle-en-la-coleccion-de-carteles-de-la-goyesca\/","name":"Abraham Lacalle en la colecci\u00f3n de carteles de la goyesca. - Real Maestranza de Caballer\u00eda de Ronda","isPartOf":{"@id":"https:\/\/www.rmcr.org\/en\/#website"},"primaryImageOfPage":{"@id":"https:\/\/www.rmcr.org\/en\/2020\/07\/21\/abraham-lacalle-en-la-coleccion-de-carteles-de-la-goyesca\/#primaryimage"},"image":{"@id":"https:\/\/www.rmcr.org\/en\/2020\/07\/21\/abraham-lacalle-en-la-coleccion-de-carteles-de-la-goyesca\/#primaryimage"},"thumbnailUrl":"https:\/\/www.rmcr.org\/wp-content\/uploads\/2020\/07\/pnr-1.png","datePublished":"2020-07-21T11:50:55+00:00","breadcrumb":{"@id":"https:\/\/www.rmcr.org\/en\/2020\/07\/21\/abraham-lacalle-en-la-coleccion-de-carteles-de-la-goyesca\/#breadcrumb"},"inLanguage":"en-US","potentialAction":[{"@type":"ReadAction","target":["https:\/\/www.rmcr.org\/en\/2020\/07\/21\/abraham-lacalle-en-la-coleccion-de-carteles-de-la-goyesca\/"]}]},{"@type":"ImageObject","inLanguage":"en-US","@id":"https:\/\/www.rmcr.org\/en\/2020\/07\/21\/abraham-lacalle-en-la-coleccion-de-carteles-de-la-goyesca\/#primaryimage","url":"https:\/\/www.rmcr.org\/wp-content\/uploads\/2020\/07\/pnr-1.png","contentUrl":"https:\/\/www.rmcr.org\/wp-content\/uploads\/2020\/07\/pnr-1.png","width":482,"height":155},{"@type":"BreadcrumbList","@id":"https:\/\/www.rmcr.org\/en\/2020\/07\/21\/abraham-lacalle-en-la-coleccion-de-carteles-de-la-goyesca\/#breadcrumb","itemListElement":[{"@type":"ListItem","position":1,"name":"REAL MAESTRANZA DE CABALLER\u00cdA DE RONDA","item":"https:\/\/www.rmcr.org\/en\/"},{"@type":"ListItem","position":2,"name":"Abraham Lacalle en la colecci\u00f3n de carteles de la goyesca."}]},{"@type":"WebSite","@id":"https:\/\/www.rmcr.org\/en\/#website","url":"https:\/\/www.rmcr.org\/en\/","name":"Real Maestranza de Caballer\u00eda de Ronda","description":"Real Maestranza de Caballer\u00eda de Ronda","publisher":{"@id":"https:\/\/www.rmcr.org\/en\/#organization"},"alternateName":"RMCR","potentialAction":[{"@type":"SearchAction","target":{"@type":"EntryPoint","urlTemplate":"https:\/\/www.rmcr.org\/en\/?s={search_term_string}"},"query-input":{"@type":"PropertyValueSpecification","valueRequired":true,"valueName":"search_term_string"}}],"inLanguage":"en-US"},{"@type":"Organization","@id":"https:\/\/www.rmcr.org\/en\/#organization","name":"Real Maestranza de Caballer\u00eda de Ronda","alternateName":"RMR","url":"https:\/\/www.rmcr.org\/en\/","logo":{"@type":"ImageObject","inLanguage":"en-US","@id":"https:\/\/www.rmcr.org\/en\/#\/schema\/logo\/image\/","url":"https:\/\/www.rmcr.org\/wp-content\/uploads\/2022\/07\/logo-rmr-blue.svg","contentUrl":"https:\/\/www.rmcr.org\/wp-content\/uploads\/2022\/07\/logo-rmr-blue.svg","width":131,"height":129,"caption":"Real Maestranza de Caballer\u00eda de Ronda"},"image":{"@id":"https:\/\/www.rmcr.org\/en\/#\/schema\/logo\/image\/"},"sameAs":["https:\/\/www.facebook.com\/plazadetorosronda","https:\/\/x.com\/PlazatorosRMR","https:\/\/www.instagram.com\/realmaestranzaderonda\/","https:\/\/www.youtube.com\/channel\/UCrbO5IUN-8v_QML739vM4zg\/videos"]},{"@type":"Person","@id":"https:\/\/www.rmcr.org\/en\/#\/schema\/person\/7ddd0dafda7edd0e407157f93a56df4f","name":"RMCR","image":{"@type":"ImageObject","inLanguage":"en-US","@id":"https:\/\/secure.gravatar.com\/avatar\/adb75798b50800c24baa6a8706037b9469998c49eddeb95935f50f633cff80bb?s=96&d=mm&r=g","url":"https:\/\/secure.gravatar.com\/avatar\/adb75798b50800c24baa6a8706037b9469998c49eddeb95935f50f633cff80bb?s=96&d=mm&r=g","contentUrl":"https:\/\/secure.gravatar.com\/avatar\/adb75798b50800c24baa6a8706037b9469998c49eddeb95935f50f633cff80bb?s=96&d=mm&r=g","caption":"RMCR"},"url":"https:\/\/www.rmcr.org\/en\/author\/bitniks77\/"}]}},"_links":{"self":[{"href":"https:\/\/www.rmcr.org\/en\/wp-json\/wp\/v2\/posts\/904","targetHints":{"allow":["GET"]}}],"collection":[{"href":"https:\/\/www.rmcr.org\/en\/wp-json\/wp\/v2\/posts"}],"about":[{"href":"https:\/\/www.rmcr.org\/en\/wp-json\/wp\/v2\/types\/post"}],"author":[{"embeddable":true,"href":"https:\/\/www.rmcr.org\/en\/wp-json\/wp\/v2\/users\/7"}],"replies":[{"embeddable":true,"href":"https:\/\/www.rmcr.org\/en\/wp-json\/wp\/v2\/comments?post=904"}],"version-history":[{"count":0,"href":"https:\/\/www.rmcr.org\/en\/wp-json\/wp\/v2\/posts\/904\/revisions"}],"wp:featuredmedia":[{"embeddable":true,"href":"https:\/\/www.rmcr.org\/en\/wp-json\/wp\/v2\/media\/7343"}],"wp:attachment":[{"href":"https:\/\/www.rmcr.org\/en\/wp-json\/wp\/v2\/media?parent=904"}],"wp:term":[{"taxonomy":"category","embeddable":true,"href":"https:\/\/www.rmcr.org\/en\/wp-json\/wp\/v2\/categories?post=904"},{"taxonomy":"post_tag","embeddable":true,"href":"https:\/\/www.rmcr.org\/en\/wp-json\/wp\/v2\/tags?post=904"}],"curies":[{"name":"wp","href":"https:\/\/api.w.org\/{rel}","templated":true}]}}