{"id":889,"date":"2015-12-01T18:23:13","date_gmt":"2015-12-01T18:23:13","guid":{"rendered":"https:\/\/www.rmcr.org\/?p=889"},"modified":"2025-04-03T11:32:18","modified_gmt":"2025-04-03T11:32:18","slug":"biblioteca-rmr-novedades-diciembre-2015","status":"publish","type":"post","link":"https:\/\/www.rmcr.org\/en\/2015\/12\/01\/biblioteca-rmr-novedades-diciembre-2015\/","title":{"rendered":"Biblioteca-RMR: N\u00ba 24. Novedades. Diciembre 2015."},"content":{"rendered":"<p style=\"text-align:center;\"><span ><strong>\u00b7 NOVEDADES \u00b7<\/strong><\/span><\/p>\n<p style=\"text-align:center;\"><span ><strong>\u00b7 BIBLIOTECA DE LA REAL MAESTRANZA DE CABALLER\u00cdA DE RONDA \u00b7<\/strong><\/span><\/p>\n<p style=\"text-align:center;\"><span ><strong>\u00b7 DICIEMBRE 2015 \u00b7<\/strong><\/span><\/p>\n<p style=\"text-align:center;\"><span ><em><strong>\u00b7 FONDO GENEALOG\u00cdA Y HER\u00c1LDICA \u00b7<\/strong><\/em><\/span><\/p>\n<p><a href=\"https:\/\/www.rmcr.org\/2015\/12\/garrido-nobiliario.jpg\" rel=\"attachment wp-att-890\"><img fetchpriority=\"high\" decoding=\"async\" class=\"aligncenter size-full wp-image-890\" src=\"https:\/\/www.rmcr.org\/wp-content\/uploads\/2015\/12\/garrido-nobiliario.jpg\" alt=\"GARRIDO nobiliario\" width=\"341\" height=\"500\"><\/a><\/p>\n<p style=\"text-align:justify;\"><span ><strong>Garrido Yerobi, I\u00f1aki y \u00c1lvarez P\u00e9rez-Sostoa, Denis<\/strong>. <em>Nobiliario de Ir\u00fan : probanzas de nobleza<\/em>. &#8212; Ir\u00fan (Guip\u00fazcoa) : Luis de Uranzu Kultur Taldea, 1999. &#8212; &nbsp;2 v. : il. ; 24 cm. &#8212; D.L. SS. 802-1999. &#8212; ISSN 1575-6114.<\/span><\/p>\n<p><a href=\"https:\/\/www.rmcr.org\/2015\/12\/weil-family.jpg\" rel=\"attachment wp-att-892\"><img decoding=\"async\" class=\"aligncenter size-full wp-image-892\" src=\"https:\/\/www.rmcr.org\/wp-content\/uploads\/2015\/12\/weil-family.jpg\" alt=\"WEIL family\" width=\"328\" height=\"500\"><\/a><\/p>\n<p style=\"text-align:justify;\"><span ><strong>Weil, Fran\u00e7ois<\/strong>.<em> <span class=\"fcr\">Family trees<\/span> : a history of genealogy in America<\/em>. &#8212; Massachusetts : Harvard University Press, 2013. &#8212; 304 p. ; 22 cm. &#8212; ISBN 978-0-674-04583-5.<\/span><\/p>\n<p style=\"text-align:center;\"><span ><em><strong>\u00b7 FONDO ELITES DE PODER \u00b7<\/strong><\/em><\/span><\/p>\n<p style=\"text-align:center;\"><a href=\"https:\/\/www.rmcr.org\/2015\/12\/hernandez-nobilitas.jpg\" rel=\"attachment wp-att-891\"><img decoding=\"async\" class=\"aligncenter size-full wp-image-891\" src=\"https:\/\/www.rmcr.org\/wp-content\/uploads\/2015\/12\/hernandez-nobilitas.jpg\" alt=\"HERNANDEZ nobilitas\" width=\"352\" height=\"500\" srcset=\"https:\/\/www.rmcr.org\/wp-content\/uploads\/2015\/12\/hernandez-nobilitas.jpg 352w, https:\/\/www.rmcr.org\/wp-content\/uploads\/2015\/12\/hernandez-nobilitas-211x300.jpg 211w\" sizes=\"(max-width: 352px) 100vw, 352px\" \/><\/a><\/p>\n<p style=\"text-align:justify;\"><span ><strong>Hern\u00e1ndez Franco, Juan, Guill\u00e9n Berrendero, Jos\u00e9 Antonio y Mart\u00ednez Hern\u00e1ndez, Santiago (dirs)<\/strong>. <em>Nobilitas<span class=\"fcr\"> : estudios sobre la nobleza<\/span> y lo nobiliario en <span class=\"fcr\">la<\/span> Europa moderna<\/em>. &#8212;&nbsp;Madrid : Doce Calles, 2014. &#8212; &nbsp;401 p. : il. ; 24 cm. &#8212;&nbsp;D.L. M. 34050-2014. &#8212;&nbsp;ISBN 978-84-9744-170-4.<\/span><\/p>\n<p style=\"text-align:left;\"><span ><em><span > <a href=\"https:\/\/www.rmcr.org\/2015\/12\/imizcoz-educacion.jpg\" rel=\"attachment wp-att-900\"><img loading=\"lazy\" decoding=\"async\" class=\"aligncenter size-full wp-image-900\" src=\"https:\/\/www.rmcr.org\/wp-content\/uploads\/2015\/12\/imizcoz-educacion.jpg\" alt=\"IMIZCOZ educacion\" width=\"336\" height=\"500\" srcset=\"https:\/\/www.rmcr.org\/wp-content\/uploads\/2015\/12\/imizcoz-educacion.jpg 336w, https:\/\/www.rmcr.org\/wp-content\/uploads\/2015\/12\/imizcoz-educacion-202x300.jpg 202w\" sizes=\"(max-width: 336px) 100vw, 336px\" \/><\/a><\/span><\/em><\/span><\/p>\n<p style=\"text-align:justify;\"><span ><strong>Im\u00edzcoz, Jos\u00e9 Mar\u00eda&nbsp;y Chaparro, \u00c1lvaro (eds.)<\/strong>. <em><span class=\"fcr\">Educaci\u00f3n, redes<\/span> y <span class=\"fcr\">producci\u00f3n<\/span> de \u00e9lites en el siglo XVIII<\/em>. &#8211;Madrid : Silex, 2013. &#8212; 415 p. ; 24 cm. &#8212; D.L. M. 35428-2013. &#8212; ISBN 978-84-7737-842-6.<\/span><\/p>\n<p style=\"text-align:center;\"><em><span ><span ><strong>\u00b7 FONDO TAUROMAQUIA \u00b7<\/strong><\/span><br \/>\n<\/span><\/em><\/p>\n<p style=\"text-align:center;\"><a href=\"https:\/\/www.rmcr.org\/2015\/12\/azcune-toros.jpg\" rel=\"attachment wp-att-896\"><img loading=\"lazy\" decoding=\"async\" class=\"aligncenter size-full wp-image-896\" src=\"https:\/\/www.rmcr.org\/wp-content\/uploads\/2015\/12\/azcune-toros.jpg\" alt=\"AZCUNE toros\" width=\"355\" height=\"500\"><\/a><\/p>\n<p style=\"text-align:justify;\"><span ><span ><strong>Azcune Fern\u00e1ndez, Valent\u00edn<\/strong>. <\/span><em><span >Los <\/span><span class=\"fcr\"><span >toros en el teatro<\/span><\/span><\/em><span class=\"fcr\"><span >. &#8212; Madrid : Uni\u00f3n de Bibli\u00f3filos Taurinos, 2015. &#8212; 686 p., [36] p. de l\u00e1m. ; 26 cm + 1 grab. &#8212; D.L. M. 30119-2015.<\/span><\/span><em><span class=\"fcr\"><br \/>\n<\/span><\/em><\/span><\/p>\n<p style=\"text-align:left;\"><a href=\"https:\/\/www.rmcr.org\/2015\/12\/clemente-tauromaquia.jpg\" rel=\"attachment wp-att-897\"><img loading=\"lazy\" decoding=\"async\" class=\"aligncenter size-full wp-image-897\" src=\"https:\/\/www.rmcr.org\/wp-content\/uploads\/2015\/12\/clemente-tauromaquia.jpg\" alt=\"CLEMENTE tauromaquia\" width=\"344\" height=\"500\" srcset=\"https:\/\/www.rmcr.org\/wp-content\/uploads\/2015\/12\/clemente-tauromaquia.jpg 344w, https:\/\/www.rmcr.org\/wp-content\/uploads\/2015\/12\/clemente-tauromaquia-206x300.jpg 206w\" sizes=\"(max-width: 344px) 100vw, 344px\" \/><\/a><\/p>\n<p style=\"text-align:justify;\"><span ><strong>Clemente Naranjo, Lorenzo<\/strong>. <em>La <span class=\"fcr\">tauromaquia a trav\u00e9s de sus conflictos<\/span> : jurisprudencia taurina<\/em>. &#8212; Pamplona : Aranzadi, 2009. &#8212; 466 p. ; 24 cm. &#8212;&nbsp;D.L. NA. 2890-2009. &#8212;&nbsp;ISBN 978-84-9903-296-2.<\/span><\/p>\n<p style=\"text-align:center;\"><span ><em><strong>\u00b7 FONDO EQUITACI\u00d3N \u00b7<\/strong><\/em><\/span><\/p>\n<p style=\"text-align:center;\"><a href=\"https:\/\/www.rmcr.org\/2015\/12\/baron-art.jpg\" rel=\"attachment wp-att-895\"><img loading=\"lazy\" decoding=\"async\" class=\"aligncenter size-full wp-image-895\" src=\"https:\/\/www.rmcr.org\/wp-content\/uploads\/2015\/12\/baron-art.jpg\" alt=\"BARON art\" width=\"332\" height=\"500\" srcset=\"https:\/\/www.rmcr.org\/wp-content\/uploads\/2015\/12\/baron-art.jpg 332w, https:\/\/www.rmcr.org\/wp-content\/uploads\/2015\/12\/baron-art-199x300.jpg 199w\" sizes=\"(max-width: 332px) 100vw, 332px\" \/><\/a><\/p>\n<p style=\"text-align:justify;\"><span ><strong>Eisenberg,&nbsp;Baron d&#8217;<\/strong>. <em>L&#8217;art de <span class=\"fcr\">monter \u00e0 cheval<\/span> : description du man\u00e8ge moderne<\/em>. &#8212; Arlon (B\u00e9lgica) : Demdel, 2011. &#8212; 159 p. : il. ; 24 cm. &#8212;&nbsp;D.L. D. 2011-12549-14. &#8212;&nbsp;ISBN 978-2-87549-013-1.<\/span><\/p>\n<p style=\"text-align:left;\"><span ><em><span ><a href=\"https:\/\/www.rmcr.org\/2015\/12\/ferrer-sementales.jpg\" rel=\"attachment wp-att-898\"><img loading=\"lazy\" decoding=\"async\" class=\"aligncenter size-full wp-image-898\" src=\"https:\/\/www.rmcr.org\/wp-content\/uploads\/2015\/12\/ferrer-sementales.jpg\" alt=\"FERRER sementales\" width=\"362\" height=\"500\"><\/a><\/span><\/em><\/span><\/p>\n<p style=\"text-align:justify;\"><span ><strong>Ferrer,&nbsp;Eliseo (ed.)<\/strong>.<em> <span class=\"fcr\">Sementales hist\u00f3ricos<\/span> y <span class=\"fcr\">actuales<\/span> del caballo de pura raza espa\u00f1ola = Historical and current stallions of the purebred spanish horse<\/em>. &#8212; Madrid : Messidor, 2013. &#8212; 527 p. : il. ; 25 cm. &#8212; D.L. M. 15378-2013. &#8212; ISBN 978-84-616-4617-3.<\/span><\/p>\n<p style=\"text-align:center;\"><span ><em><strong>\u00b7 FONDO RONDA \u00b7<\/strong><\/em><\/span><\/p>\n<p style=\"text-align:justify;\"><span ><em><a href=\"https:\/\/www.rmcr.org\/2015\/12\/martin-aguilas.jpg\" rel=\"attachment wp-att-902\"><img loading=\"lazy\" decoding=\"async\" class=\"aligncenter size-full wp-image-902\" src=\"https:\/\/www.rmcr.org\/wp-content\/uploads\/2015\/12\/martin-aguilas.jpg\" alt=\"MARTIN aguilas\" width=\"352\" height=\"500\"><\/a><\/em><\/span><\/p>\n<p style=\"text-align:justify;\"><span ><strong>Mart\u00edn Ruiz, Juan Antonio<\/strong>. <em>La <span class=\"fcr\">llegada de las \u00e1guilas<\/span> : la Serran\u00eda <span class=\"fcr\">de<\/span> Ronda en \u00e9poca romana<\/em>. &#8212; Ronda (M\u00e1laga) : La Serran\u00eda, 2015. &#8212; 140 p. : il. ; 24 cm. &#8212; D.L. CA. 431-2015. &#8212; ISBN 978-84-15030-78-2.<\/span><\/p>\n<p style=\"text-align:left;\"><span ><em><span > <a href=\"https:\/\/www.rmcr.org\/2015\/12\/martinez-andalusies.jpg\" rel=\"attachment wp-att-903\"><img loading=\"lazy\" decoding=\"async\" class=\"aligncenter size-full wp-image-903\" src=\"https:\/\/www.rmcr.org\/wp-content\/uploads\/2015\/12\/martinez-andalusies.jpg\" alt=\"MARTINEZ andalusies\" width=\"332\" height=\"500\" srcset=\"https:\/\/www.rmcr.org\/wp-content\/uploads\/2015\/12\/martinez-andalusies.jpg 332w, https:\/\/www.rmcr.org\/wp-content\/uploads\/2015\/12\/martinez-andalusies-199x300.jpg 199w\" sizes=\"(max-width: 332px) 100vw, 332px\" \/><\/a><\/span><\/em><\/span><\/p>\n<p style=\"text-align:justify;\"><span ><strong>Mart\u00ednez Enamorado, Virgilio y Castillo Rodr\u00edguez, Jos\u00e9 Antonio (eds.)<\/strong>. <em><span class=\"fcr\">Andalus\u00edes, mud\u00e9jares<\/span> y cristianos al sur de Ronda<\/em>. &#8212; Benalaur\u00eda (M\u00e1laga) : Ayuntamiento, 2003. &#8212; 265 p, : il. ; 24 cm. &#8212;&nbsp;D.L. MA. 907-2003. &#8212;&nbsp;ISBN 84-688-2593-X.<\/span><\/p>\n","protected":false},"excerpt":{"rendered":"<p>\u00b7 NOVEDADES \u00b7 \u00b7 BIBLIOTECA DE LA REAL MAESTRANZA DE CABALLER\u00cdA DE RONDA \u00b7 \u00b7 DICIEMBRE 2015 \u00b7 \u00b7 FONDO GENEALOG\u00cdA Y HER\u00c1LDICA \u00b7 Garrido Yerobi, I\u00f1aki y \u00c1lvarez P\u00e9rez-Sostoa, Denis. Nobiliario de Ir\u00fan : probanzas de nobleza. &#8212; Ir\u00fan (Guip\u00fazcoa) : Luis de Uranzu Kultur Taldea, 1999. &#8212; &nbsp;2 v. : il. ; 24 [&hellip;]<\/p>\n","protected":false},"author":2,"featured_media":11599,"comment_status":"open","ping_status":"open","sticky":false,"template":"","format":"standard","meta":{"footnotes":""},"categories":[140,791],"tags":[237,105,252,176,179,96,188,184,137,114,189],"class_list":["post-889","post","type-post","status-publish","format-standard","has-post-thumbnail","hentry","category-biblioteca","category-boletin-bibliografico-biblioteca-rmr","tag-bibliografias","tag-biblioteca-general","tag-biblioteca-rmr","tag-boletin-mensual-bibliografico","tag-elites-de-poder","tag-equitacion","tag-genealogia","tag-heraldica","tag-libros","tag-ronda","tag-tauromaquia"],"yoast_head":"<!-- This site is optimized with the Yoast SEO plugin v27.5 - https:\/\/yoast.com\/product\/yoast-seo-wordpress\/ -->\n<title>Biblioteca-RMR: N\u00ba 24. Novedades. Diciembre 2015. - Real Maestranza de Caballer\u00eda de Ronda<\/title>\n<meta name=\"robots\" content=\"index, follow, max-snippet:-1, max-image-preview:large, max-video-preview:-1\" \/>\n<link rel=\"canonical\" href=\"https:\/\/www.rmcr.org\/en\/2015\/12\/01\/biblioteca-rmr-novedades-diciembre-2015\/\" \/>\n<meta property=\"og:locale\" content=\"en_US\" \/>\n<meta property=\"og:type\" content=\"article\" \/>\n<meta property=\"og:title\" content=\"Biblioteca-RMR: N\u00ba 24. Novedades. Diciembre 2015. - Real Maestranza de Caballer\u00eda de Ronda\" \/>\n<meta property=\"og:description\" content=\"\u00b7 NOVEDADES \u00b7 \u00b7 BIBLIOTECA DE LA REAL MAESTRANZA DE CABALLER\u00cdA DE RONDA \u00b7 \u00b7 DICIEMBRE 2015 \u00b7 \u00b7 FONDO GENEALOG\u00cdA Y HER\u00c1LDICA \u00b7 Garrido Yerobi, I\u00f1aki y \u00c1lvarez P\u00e9rez-Sostoa, Denis. Nobiliario de Ir\u00fan : probanzas de nobleza. &#8212; Ir\u00fan (Guip\u00fazcoa) : Luis de Uranzu Kultur Taldea, 1999. &#8212; &nbsp;2 v. : il. ; 24 [&hellip;]\" \/>\n<meta property=\"og:url\" content=\"https:\/\/www.rmcr.org\/en\/2015\/12\/01\/biblioteca-rmr-novedades-diciembre-2015\/\" \/>\n<meta property=\"og:site_name\" content=\"Real Maestranza de Caballer\u00eda de Ronda\" \/>\n<meta property=\"article:publisher\" content=\"https:\/\/www.facebook.com\/plazadetorosronda\" \/>\n<meta property=\"article:published_time\" content=\"2015-12-01T18:23:13+00:00\" \/>\n<meta property=\"article:modified_time\" content=\"2025-04-03T11:32:18+00:00\" \/>\n<meta property=\"og:image\" content=\"https:\/\/www.rmcr.org\/wp-content\/uploads\/2022\/10\/mart.jpg\" \/>\n\t<meta property=\"og:image:width\" content=\"482\" \/>\n\t<meta property=\"og:image:height\" content=\"140\" \/>\n\t<meta property=\"og:image:type\" content=\"image\/jpeg\" \/>\n<meta name=\"author\" content=\"BIBLIOTECA\" \/>\n<meta name=\"twitter:card\" content=\"summary_large_image\" \/>\n<meta name=\"twitter:creator\" content=\"@PlazatorosRMR\" \/>\n<meta name=\"twitter:site\" content=\"@PlazatorosRMR\" \/>\n<meta name=\"twitter:label1\" content=\"Written by\" \/>\n\t<meta name=\"twitter:data1\" content=\"BIBLIOTECA\" \/>\n\t<meta name=\"twitter:label2\" content=\"Est. reading time\" \/>\n\t<meta name=\"twitter:data2\" content=\"2 minutes\" \/>\n<script type=\"application\/ld+json\" class=\"yoast-schema-graph\">{\"@context\":\"https:\\\/\\\/schema.org\",\"@graph\":[{\"@type\":\"Article\",\"@id\":\"https:\\\/\\\/www.rmcr.org\\\/en\\\/2015\\\/12\\\/01\\\/biblioteca-rmr-novedades-diciembre-2015\\\/#article\",\"isPartOf\":{\"@id\":\"https:\\\/\\\/www.rmcr.org\\\/en\\\/2015\\\/12\\\/01\\\/biblioteca-rmr-novedades-diciembre-2015\\\/\"},\"author\":{\"name\":\"BIBLIOTECA\",\"@id\":\"https:\\\/\\\/www.rmcr.org\\\/en\\\/#\\\/schema\\\/person\\\/80849edee7ef556893505128619ea1d0\"},\"headline\":\"Biblioteca-RMR: N\u00ba 24. Novedades. Diciembre 2015.\",\"datePublished\":\"2015-12-01T18:23:13+00:00\",\"dateModified\":\"2025-04-03T11:32:18+00:00\",\"mainEntityOfPage\":{\"@id\":\"https:\\\/\\\/www.rmcr.org\\\/en\\\/2015\\\/12\\\/01\\\/biblioteca-rmr-novedades-diciembre-2015\\\/\"},\"wordCount\":412,\"commentCount\":0,\"publisher\":{\"@id\":\"https:\\\/\\\/www.rmcr.org\\\/en\\\/#organization\"},\"image\":{\"@id\":\"https:\\\/\\\/www.rmcr.org\\\/en\\\/2015\\\/12\\\/01\\\/biblioteca-rmr-novedades-diciembre-2015\\\/#primaryimage\"},\"thumbnailUrl\":\"https:\\\/\\\/www.rmcr.org\\\/wp-content\\\/uploads\\\/2022\\\/10\\\/mart.jpg\",\"keywords\":[\"Bibliograf\u00edas\",\"Biblioteca\",\"Biblioteca-RMR\",\"Bolet\u00edn mensual bibliogr\u00e1fico\",\"\u00c9lites de poder\",\"Equitaci\u00f3n\",\"Genealog\u00eda\",\"Her\u00e1ldica\",\"Libros\",\"Ronda\",\"Tauromaquia\"],\"articleSection\":[\"Biblioteca\",\"Bolet\u00edn bibliogr\u00e1fico Biblioteca-RMR\"],\"inLanguage\":\"en-US\",\"potentialAction\":[{\"@type\":\"CommentAction\",\"name\":\"Comment\",\"target\":[\"https:\\\/\\\/www.rmcr.org\\\/en\\\/2015\\\/12\\\/01\\\/biblioteca-rmr-novedades-diciembre-2015\\\/#respond\"]}]},{\"@type\":\"WebPage\",\"@id\":\"https:\\\/\\\/www.rmcr.org\\\/en\\\/2015\\\/12\\\/01\\\/biblioteca-rmr-novedades-diciembre-2015\\\/\",\"url\":\"https:\\\/\\\/www.rmcr.org\\\/en\\\/2015\\\/12\\\/01\\\/biblioteca-rmr-novedades-diciembre-2015\\\/\",\"name\":\"Biblioteca-RMR: N\u00ba 24. Novedades. Diciembre 2015. - Real Maestranza de Caballer\u00eda de Ronda\",\"isPartOf\":{\"@id\":\"https:\\\/\\\/www.rmcr.org\\\/en\\\/#website\"},\"primaryImageOfPage\":{\"@id\":\"https:\\\/\\\/www.rmcr.org\\\/en\\\/2015\\\/12\\\/01\\\/biblioteca-rmr-novedades-diciembre-2015\\\/#primaryimage\"},\"image\":{\"@id\":\"https:\\\/\\\/www.rmcr.org\\\/en\\\/2015\\\/12\\\/01\\\/biblioteca-rmr-novedades-diciembre-2015\\\/#primaryimage\"},\"thumbnailUrl\":\"https:\\\/\\\/www.rmcr.org\\\/wp-content\\\/uploads\\\/2022\\\/10\\\/mart.jpg\",\"datePublished\":\"2015-12-01T18:23:13+00:00\",\"dateModified\":\"2025-04-03T11:32:18+00:00\",\"breadcrumb\":{\"@id\":\"https:\\\/\\\/www.rmcr.org\\\/en\\\/2015\\\/12\\\/01\\\/biblioteca-rmr-novedades-diciembre-2015\\\/#breadcrumb\"},\"inLanguage\":\"en-US\",\"potentialAction\":[{\"@type\":\"ReadAction\",\"target\":[\"https:\\\/\\\/www.rmcr.org\\\/en\\\/2015\\\/12\\\/01\\\/biblioteca-rmr-novedades-diciembre-2015\\\/\"]}]},{\"@type\":\"ImageObject\",\"inLanguage\":\"en-US\",\"@id\":\"https:\\\/\\\/www.rmcr.org\\\/en\\\/2015\\\/12\\\/01\\\/biblioteca-rmr-novedades-diciembre-2015\\\/#primaryimage\",\"url\":\"https:\\\/\\\/www.rmcr.org\\\/wp-content\\\/uploads\\\/2022\\\/10\\\/mart.jpg\",\"contentUrl\":\"https:\\\/\\\/www.rmcr.org\\\/wp-content\\\/uploads\\\/2022\\\/10\\\/mart.jpg\",\"width\":482,\"height\":140},{\"@type\":\"BreadcrumbList\",\"@id\":\"https:\\\/\\\/www.rmcr.org\\\/en\\\/2015\\\/12\\\/01\\\/biblioteca-rmr-novedades-diciembre-2015\\\/#breadcrumb\",\"itemListElement\":[{\"@type\":\"ListItem\",\"position\":1,\"name\":\"REAL MAESTRANZA DE CABALLER\u00cdA DE RONDA\",\"item\":\"https:\\\/\\\/www.rmcr.org\\\/en\\\/\"},{\"@type\":\"ListItem\",\"position\":2,\"name\":\"Biblioteca-RMR: N\u00ba 24. Novedades. Diciembre 2015.\"}]},{\"@type\":\"WebSite\",\"@id\":\"https:\\\/\\\/www.rmcr.org\\\/en\\\/#website\",\"url\":\"https:\\\/\\\/www.rmcr.org\\\/en\\\/\",\"name\":\"Real Maestranza de Caballer\u00eda de Ronda\",\"description\":\"Real Maestranza de Caballer\u00eda de Ronda\",\"publisher\":{\"@id\":\"https:\\\/\\\/www.rmcr.org\\\/en\\\/#organization\"},\"alternateName\":\"RMCR\",\"potentialAction\":[{\"@type\":\"SearchAction\",\"target\":{\"@type\":\"EntryPoint\",\"urlTemplate\":\"https:\\\/\\\/www.rmcr.org\\\/en\\\/?s={search_term_string}\"},\"query-input\":{\"@type\":\"PropertyValueSpecification\",\"valueRequired\":true,\"valueName\":\"search_term_string\"}}],\"inLanguage\":\"en-US\"},{\"@type\":\"Organization\",\"@id\":\"https:\\\/\\\/www.rmcr.org\\\/en\\\/#organization\",\"name\":\"Real Maestranza de Caballer\u00eda de Ronda\",\"alternateName\":\"RMR\",\"url\":\"https:\\\/\\\/www.rmcr.org\\\/en\\\/\",\"logo\":{\"@type\":\"ImageObject\",\"inLanguage\":\"en-US\",\"@id\":\"https:\\\/\\\/www.rmcr.org\\\/en\\\/#\\\/schema\\\/logo\\\/image\\\/\",\"url\":\"https:\\\/\\\/www.rmcr.org\\\/wp-content\\\/uploads\\\/2022\\\/07\\\/logo-rmr-blue.svg\",\"contentUrl\":\"https:\\\/\\\/www.rmcr.org\\\/wp-content\\\/uploads\\\/2022\\\/07\\\/logo-rmr-blue.svg\",\"width\":131,\"height\":129,\"caption\":\"Real Maestranza de Caballer\u00eda de Ronda\"},\"image\":{\"@id\":\"https:\\\/\\\/www.rmcr.org\\\/en\\\/#\\\/schema\\\/logo\\\/image\\\/\"},\"sameAs\":[\"https:\\\/\\\/www.facebook.com\\\/plazadetorosronda\",\"https:\\\/\\\/x.com\\\/PlazatorosRMR\",\"https:\\\/\\\/www.instagram.com\\\/realmaestranzaderonda\\\/\",\"https:\\\/\\\/www.youtube.com\\\/channel\\\/UCrbO5IUN-8v_QML739vM4zg\\\/videos\"]},{\"@type\":\"Person\",\"@id\":\"https:\\\/\\\/www.rmcr.org\\\/en\\\/#\\\/schema\\\/person\\\/80849edee7ef556893505128619ea1d0\",\"name\":\"BIBLIOTECA\",\"image\":{\"@type\":\"ImageObject\",\"inLanguage\":\"en-US\",\"@id\":\"https:\\\/\\\/www.rmcr.org\\\/wp-content\\\/uploads\\\/2022\\\/11\\\/avatar-rmcr-96x96.png\",\"url\":\"https:\\\/\\\/www.rmcr.org\\\/wp-content\\\/uploads\\\/2022\\\/11\\\/avatar-rmcr-96x96.png\",\"contentUrl\":\"https:\\\/\\\/www.rmcr.org\\\/wp-content\\\/uploads\\\/2022\\\/11\\\/avatar-rmcr-96x96.png\",\"caption\":\"BIBLIOTECA\"},\"url\":\"https:\\\/\\\/www.rmcr.org\\\/en\\\/author\\\/juan-antonio-moreno\\\/\"}]}<\/script>\n<!-- \/ Yoast SEO plugin. -->","yoast_head_json":{"title":"Biblioteca-RMR: N\u00ba 24. Novedades. Diciembre 2015. - Real Maestranza de Caballer\u00eda de Ronda","robots":{"index":"index","follow":"follow","max-snippet":"max-snippet:-1","max-image-preview":"max-image-preview:large","max-video-preview":"max-video-preview:-1"},"canonical":"https:\/\/www.rmcr.org\/en\/2015\/12\/01\/biblioteca-rmr-novedades-diciembre-2015\/","og_locale":"en_US","og_type":"article","og_title":"Biblioteca-RMR: N\u00ba 24. Novedades. Diciembre 2015. - Real Maestranza de Caballer\u00eda de Ronda","og_description":"\u00b7 NOVEDADES \u00b7 \u00b7 BIBLIOTECA DE LA REAL MAESTRANZA DE CABALLER\u00cdA DE RONDA \u00b7 \u00b7 DICIEMBRE 2015 \u00b7 \u00b7 FONDO GENEALOG\u00cdA Y HER\u00c1LDICA \u00b7 Garrido Yerobi, I\u00f1aki y \u00c1lvarez P\u00e9rez-Sostoa, Denis. Nobiliario de Ir\u00fan : probanzas de nobleza. &#8212; Ir\u00fan (Guip\u00fazcoa) : Luis de Uranzu Kultur Taldea, 1999. &#8212; &nbsp;2 v. : il. ; 24 [&hellip;]","og_url":"https:\/\/www.rmcr.org\/en\/2015\/12\/01\/biblioteca-rmr-novedades-diciembre-2015\/","og_site_name":"Real Maestranza de Caballer\u00eda de Ronda","article_publisher":"https:\/\/www.facebook.com\/plazadetorosronda","article_published_time":"2015-12-01T18:23:13+00:00","article_modified_time":"2025-04-03T11:32:18+00:00","og_image":[{"width":482,"height":140,"url":"https:\/\/www.rmcr.org\/wp-content\/uploads\/2022\/10\/mart.jpg","type":"image\/jpeg"}],"author":"BIBLIOTECA","twitter_card":"summary_large_image","twitter_creator":"@PlazatorosRMR","twitter_site":"@PlazatorosRMR","twitter_misc":{"Written by":"BIBLIOTECA","Est. reading time":"2 minutes"},"schema":{"@context":"https:\/\/schema.org","@graph":[{"@type":"Article","@id":"https:\/\/www.rmcr.org\/en\/2015\/12\/01\/biblioteca-rmr-novedades-diciembre-2015\/#article","isPartOf":{"@id":"https:\/\/www.rmcr.org\/en\/2015\/12\/01\/biblioteca-rmr-novedades-diciembre-2015\/"},"author":{"name":"BIBLIOTECA","@id":"https:\/\/www.rmcr.org\/en\/#\/schema\/person\/80849edee7ef556893505128619ea1d0"},"headline":"Biblioteca-RMR: N\u00ba 24. Novedades. Diciembre 2015.","datePublished":"2015-12-01T18:23:13+00:00","dateModified":"2025-04-03T11:32:18+00:00","mainEntityOfPage":{"@id":"https:\/\/www.rmcr.org\/en\/2015\/12\/01\/biblioteca-rmr-novedades-diciembre-2015\/"},"wordCount":412,"commentCount":0,"publisher":{"@id":"https:\/\/www.rmcr.org\/en\/#organization"},"image":{"@id":"https:\/\/www.rmcr.org\/en\/2015\/12\/01\/biblioteca-rmr-novedades-diciembre-2015\/#primaryimage"},"thumbnailUrl":"https:\/\/www.rmcr.org\/wp-content\/uploads\/2022\/10\/mart.jpg","keywords":["Bibliograf\u00edas","Biblioteca","Biblioteca-RMR","Bolet\u00edn mensual bibliogr\u00e1fico","\u00c9lites de poder","Equitaci\u00f3n","Genealog\u00eda","Her\u00e1ldica","Libros","Ronda","Tauromaquia"],"articleSection":["Biblioteca","Bolet\u00edn bibliogr\u00e1fico Biblioteca-RMR"],"inLanguage":"en-US","potentialAction":[{"@type":"CommentAction","name":"Comment","target":["https:\/\/www.rmcr.org\/en\/2015\/12\/01\/biblioteca-rmr-novedades-diciembre-2015\/#respond"]}]},{"@type":"WebPage","@id":"https:\/\/www.rmcr.org\/en\/2015\/12\/01\/biblioteca-rmr-novedades-diciembre-2015\/","url":"https:\/\/www.rmcr.org\/en\/2015\/12\/01\/biblioteca-rmr-novedades-diciembre-2015\/","name":"Biblioteca-RMR: N\u00ba 24. Novedades. Diciembre 2015. - Real Maestranza de Caballer\u00eda de Ronda","isPartOf":{"@id":"https:\/\/www.rmcr.org\/en\/#website"},"primaryImageOfPage":{"@id":"https:\/\/www.rmcr.org\/en\/2015\/12\/01\/biblioteca-rmr-novedades-diciembre-2015\/#primaryimage"},"image":{"@id":"https:\/\/www.rmcr.org\/en\/2015\/12\/01\/biblioteca-rmr-novedades-diciembre-2015\/#primaryimage"},"thumbnailUrl":"https:\/\/www.rmcr.org\/wp-content\/uploads\/2022\/10\/mart.jpg","datePublished":"2015-12-01T18:23:13+00:00","dateModified":"2025-04-03T11:32:18+00:00","breadcrumb":{"@id":"https:\/\/www.rmcr.org\/en\/2015\/12\/01\/biblioteca-rmr-novedades-diciembre-2015\/#breadcrumb"},"inLanguage":"en-US","potentialAction":[{"@type":"ReadAction","target":["https:\/\/www.rmcr.org\/en\/2015\/12\/01\/biblioteca-rmr-novedades-diciembre-2015\/"]}]},{"@type":"ImageObject","inLanguage":"en-US","@id":"https:\/\/www.rmcr.org\/en\/2015\/12\/01\/biblioteca-rmr-novedades-diciembre-2015\/#primaryimage","url":"https:\/\/www.rmcr.org\/wp-content\/uploads\/2022\/10\/mart.jpg","contentUrl":"https:\/\/www.rmcr.org\/wp-content\/uploads\/2022\/10\/mart.jpg","width":482,"height":140},{"@type":"BreadcrumbList","@id":"https:\/\/www.rmcr.org\/en\/2015\/12\/01\/biblioteca-rmr-novedades-diciembre-2015\/#breadcrumb","itemListElement":[{"@type":"ListItem","position":1,"name":"REAL MAESTRANZA DE CABALLER\u00cdA DE RONDA","item":"https:\/\/www.rmcr.org\/en\/"},{"@type":"ListItem","position":2,"name":"Biblioteca-RMR: N\u00ba 24. Novedades. Diciembre 2015."}]},{"@type":"WebSite","@id":"https:\/\/www.rmcr.org\/en\/#website","url":"https:\/\/www.rmcr.org\/en\/","name":"Real Maestranza de Caballer\u00eda de Ronda","description":"Real Maestranza de Caballer\u00eda de Ronda","publisher":{"@id":"https:\/\/www.rmcr.org\/en\/#organization"},"alternateName":"RMCR","potentialAction":[{"@type":"SearchAction","target":{"@type":"EntryPoint","urlTemplate":"https:\/\/www.rmcr.org\/en\/?s={search_term_string}"},"query-input":{"@type":"PropertyValueSpecification","valueRequired":true,"valueName":"search_term_string"}}],"inLanguage":"en-US"},{"@type":"Organization","@id":"https:\/\/www.rmcr.org\/en\/#organization","name":"Real Maestranza de Caballer\u00eda de Ronda","alternateName":"RMR","url":"https:\/\/www.rmcr.org\/en\/","logo":{"@type":"ImageObject","inLanguage":"en-US","@id":"https:\/\/www.rmcr.org\/en\/#\/schema\/logo\/image\/","url":"https:\/\/www.rmcr.org\/wp-content\/uploads\/2022\/07\/logo-rmr-blue.svg","contentUrl":"https:\/\/www.rmcr.org\/wp-content\/uploads\/2022\/07\/logo-rmr-blue.svg","width":131,"height":129,"caption":"Real Maestranza de Caballer\u00eda de Ronda"},"image":{"@id":"https:\/\/www.rmcr.org\/en\/#\/schema\/logo\/image\/"},"sameAs":["https:\/\/www.facebook.com\/plazadetorosronda","https:\/\/x.com\/PlazatorosRMR","https:\/\/www.instagram.com\/realmaestranzaderonda\/","https:\/\/www.youtube.com\/channel\/UCrbO5IUN-8v_QML739vM4zg\/videos"]},{"@type":"Person","@id":"https:\/\/www.rmcr.org\/en\/#\/schema\/person\/80849edee7ef556893505128619ea1d0","name":"BIBLIOTECA","image":{"@type":"ImageObject","inLanguage":"en-US","@id":"https:\/\/www.rmcr.org\/wp-content\/uploads\/2022\/11\/avatar-rmcr-96x96.png","url":"https:\/\/www.rmcr.org\/wp-content\/uploads\/2022\/11\/avatar-rmcr-96x96.png","contentUrl":"https:\/\/www.rmcr.org\/wp-content\/uploads\/2022\/11\/avatar-rmcr-96x96.png","caption":"BIBLIOTECA"},"url":"https:\/\/www.rmcr.org\/en\/author\/juan-antonio-moreno\/"}]}},"_links":{"self":[{"href":"https:\/\/www.rmcr.org\/en\/wp-json\/wp\/v2\/posts\/889","targetHints":{"allow":["GET"]}}],"collection":[{"href":"https:\/\/www.rmcr.org\/en\/wp-json\/wp\/v2\/posts"}],"about":[{"href":"https:\/\/www.rmcr.org\/en\/wp-json\/wp\/v2\/types\/post"}],"author":[{"embeddable":true,"href":"https:\/\/www.rmcr.org\/en\/wp-json\/wp\/v2\/users\/2"}],"replies":[{"embeddable":true,"href":"https:\/\/www.rmcr.org\/en\/wp-json\/wp\/v2\/comments?post=889"}],"version-history":[{"count":2,"href":"https:\/\/www.rmcr.org\/en\/wp-json\/wp\/v2\/posts\/889\/revisions"}],"predecessor-version":[{"id":22226,"href":"https:\/\/www.rmcr.org\/en\/wp-json\/wp\/v2\/posts\/889\/revisions\/22226"}],"wp:featuredmedia":[{"embeddable":true,"href":"https:\/\/www.rmcr.org\/en\/wp-json\/wp\/v2\/media\/11599"}],"wp:attachment":[{"href":"https:\/\/www.rmcr.org\/en\/wp-json\/wp\/v2\/media?parent=889"}],"wp:term":[{"taxonomy":"category","embeddable":true,"href":"https:\/\/www.rmcr.org\/en\/wp-json\/wp\/v2\/categories?post=889"},{"taxonomy":"post_tag","embeddable":true,"href":"https:\/\/www.rmcr.org\/en\/wp-json\/wp\/v2\/tags?post=889"}],"curies":[{"name":"wp","href":"https:\/\/api.w.org\/{rel}","templated":true}]}}