{"id":853,"date":"2020-06-26T07:57:32","date_gmt":"2020-06-26T07:57:32","guid":{"rendered":"https:\/\/www.rmcr.org\/?p=853"},"modified":"2020-06-26T07:57:32","modified_gmt":"2020-06-26T07:57:32","slug":"sala-de-la-real-maestranza","status":"publish","type":"post","link":"https:\/\/www.rmcr.org\/en\/2020\/06\/26\/sala-de-la-real-maestranza\/","title":{"rendered":"Sala de Historia de la Real Maestranza"},"content":{"rendered":"<p>El tercer espacio expositivo que alberga la plaza de toros, junto a los mencionados Museo de la Tauromaquia y Real Guarnicioner\u00eda, es el de m\u00e1s reciente creaci\u00f3n. Sala dedicada a conocer y comprender la evoluci\u00f3n de un cuerpo de caballeros formado para la guerra hasta su actualidad como entidad cultural. En ese tr\u00e1nsito desde el siglo XVI se razonan tambi\u00e9n los motivos por los que una corporaci\u00f3n nobiliaria se atrevi\u00f3 a construir en el \u00faltimo tercio del siglo XVIII una monumental plaza de toros y su vinculaci\u00f3n al fen\u00f3meno de la Tauromaquia.<\/p>\n<p>Para ilustrar este relato de forma did\u00e1ctica se disponen \u00e1reas con el apoyo de videos y paneles explicativos que dan cobertura a las piezas y documentos expuestos, as\u00ed como dos elementos realizados espec\u00edficamente para esta instalaci\u00f3n, un montaje escult\u00f3rico y una maqueta de la ciudad de Ronda. \u00a0El pre\u00e1mbulo lo protagoniza un video de introducci\u00f3n al contexto geogr\u00e1fico e hist\u00f3rico donde se desarrollan los hechos, Andaluc\u00eda, cuna y cruce de civilizaciones, y en el que se ofrece el contenido de lo que se presenta a continuaci\u00f3n.<\/p>\n<p><img fetchpriority=\"high\" decoding=\"async\" class=\" size-full wp-image-854 aligncenter\" src=\"https:\/\/www.rmcr.org\/wp-content\/uploads\/2020\/06\/1.png\" alt=\"1\" width=\"567\" height=\"392\" \/><\/p>\n<p>En el primer tramo se disponen dos paneles murales dedicados al fen\u00f3meno de la caballer\u00eda medieval en Europa y sus caracter\u00edsticas particulares en Espa\u00f1a. La Real Maestranza nace como cuerpo de guerreros a caballo, hermandad de caballeros que surge en 1573 para la defensa de su ciudad y su territorio, y como escuela de adiestramiento de un grupo de \u00e9lite en el marco de unas circunstancias especiales. Entre ellas, la adaptaci\u00f3n a un tipo de monta para el combate de influencia hispanomusulmana, la gineta o jineta, muy diferente a la modalidad que era com\u00fan en Europa, la brida. El centro de esta \u00e1rea est\u00e1 ocupado por una representaci\u00f3n en 3D de dos jinetes que sirven para mostrar estas diferencias. Este primer conjunto se completa con una vitrina donde se exhiben armaduras y armas, documentos relativos a tratados de equitaci\u00f3n y linajes de caballeros.<\/p>\n<p><img decoding=\"async\" class=\" size-full wp-image-855 aligncenter\" src=\"https:\/\/www.rmcr.org\/wp-content\/uploads\/2020\/06\/2.png\" alt=\"2\" width=\"567\" height=\"374\" srcset=\"https:\/\/www.rmcr.org\/wp-content\/uploads\/2020\/06\/2.png 567w, https:\/\/www.rmcr.org\/wp-content\/uploads\/2020\/06\/2-300x198.png 300w\" sizes=\"(max-width: 567px) 100vw, 567px\" \/><\/p>\n<p>El segundo tramo contiene una maqueta que representa la trama urbana de Ronda y su entorno en 1785, a\u00f1o en el que los maestrantes finalizan la construcci\u00f3n de su plaza de toros, elemento clave en la expansi\u00f3n urbana de la ciudad emprendida en la segunda mitad del siglo XVIII. Otros dos murales ilustrados narran junto a un video el hilo que une los juegos de los caballeros y sus demostraciones de habilidad con la Tauromaquia, que dar\u00e1 paso a la construcci\u00f3n de recintos dedicados al espect\u00e1culo taurino como son las plazas de toros. En la vitrina adjunta se exhiben documentos relativos a las actividades y servicios de la Real Maestranza, entre ellas su participaci\u00f3n en la Guerra de la Independencia o la creaci\u00f3n en 1817 de una Academia de Ciencias Menores.<\/p>\n<p><img decoding=\"async\" class=\" size-full wp-image-856 aligncenter\" src=\"https:\/\/www.rmcr.org\/wp-content\/uploads\/2020\/06\/3.png\" alt=\"3\" width=\"567\" height=\"378\" srcset=\"https:\/\/www.rmcr.org\/wp-content\/uploads\/2020\/06\/3.png 567w, https:\/\/www.rmcr.org\/wp-content\/uploads\/2020\/06\/3-300x200.png 300w\" sizes=\"(max-width: 567px) 100vw, 567px\" \/><\/p>\n<p>Una selecci\u00f3n de retratos regios y de la nobleza, algunos relacionados con la historia de la Real Maestranza, lienzos de los siglos XVI al XIX, dispuestos al modo de las antiguas galer\u00edas pict\u00f3ricas, sirven de ejemplo para describir los elementos de representaci\u00f3n de las jerarqu\u00edas de la autoridad pol\u00edtica y social.<\/p>\n<p>Un montaje audiovisual de tres pantallas resume el presente de la Real Maestranza, vinculada a la Corona y cuyo Hermano Mayor es S.M. El Rey de Espa\u00f1a, constituida ya como entidad privada sin \u00e1nimo de lucro, declarada de Utilidad P\u00fablica en 2002, volcada en la gesti\u00f3n del legado hist\u00f3rico que representan su plaza y su Escuela de Equitaci\u00f3n, el fondo documental de su Biblioteca y Archivo, sus actividades culturales y su apoyo a la educaci\u00f3n de los j\u00f3venes de Ronda.<\/p>\n<p>Finaliza el recorrido una L\u00ednea de Tiempo que relaciona fechas hist\u00f3ricas que ponen en contexto las tres unidades sobre las que se ha basado el relato de esta sala, como son el universo de la caballer\u00eda, Ronda y su Real Maestranza.<\/p>\n<p><img loading=\"lazy\" decoding=\"async\" class=\" wp-image-857 aligncenter\" src=\"https:\/\/www.rmcr.org\/wp-content\/uploads\/2020\/06\/4.png\" alt=\"4\" width=\"310\" height=\"358\" srcset=\"https:\/\/www.rmcr.org\/wp-content\/uploads\/2020\/06\/4.png 491w, https:\/\/www.rmcr.org\/wp-content\/uploads\/2020\/06\/4-260x300.png 260w\" sizes=\"(max-width: 310px) 100vw, 310px\" \/><\/p>\n<p>* Nota: Fotograf\u00edas de Jos\u00e9 Mor\u00f3n.<\/p>\n","protected":false},"excerpt":{"rendered":"<p>El tercer espacio expositivo que alberga la plaza de toros, junto a los mencionados Museo de la Tauromaquia y Real Guarnicioner\u00eda, es el de m\u00e1s reciente creaci\u00f3n. Sala dedicada a conocer y comprender la evoluci\u00f3n de un cuerpo de caballeros formado para la guerra hasta su actualidad como entidad cultural. En ese tr\u00e1nsito desde el siglo XVI se razonan tambi\u00e9n los motivos por los que una corporaci\u00f3n nobiliaria se atrevi\u00f3 a construir en el \u00faltimo tercio del siglo XVIII una\u00a0 momumental plaza de toros y su vinculaci\u00f3n al fen\u00f3meno de la Tauromaquia.<\/p>\n","protected":false},"author":7,"featured_media":858,"comment_status":"open","ping_status":"open","sticky":false,"template":"","format":"standard","meta":{"footnotes":""},"categories":[272,284,301],"tags":[320,322,248,98,263,114,348],"class_list":["post-853","post","type-post","status-publish","format-standard","has-post-thumbnail","hentry","category-colecciones-museisticas","category-historia","category-real-maestranza","tag-coleccion-museistica","tag-museo","tag-real-maestranza-de-caballeria","tag-real-maestranza-de-caballeria-de-ronda","tag-real-maestranza-de-ronda","tag-ronda","tag-sala-historia-de-la-real-maestranza-de-caballeria-de-ronda"],"yoast_head":"<!-- This site is optimized with the Yoast SEO plugin v27.5 - https:\/\/yoast.com\/product\/yoast-seo-wordpress\/ -->\n<title>Sala de Historia de la Real Maestranza - Real Maestranza de Caballer\u00eda de Ronda<\/title>\n<meta name=\"robots\" content=\"index, follow, max-snippet:-1, max-image-preview:large, max-video-preview:-1\" \/>\n<link rel=\"canonical\" href=\"https:\/\/www.rmcr.org\/en\/2020\/06\/26\/sala-de-la-real-maestranza\/\" \/>\n<meta property=\"og:locale\" content=\"en_US\" \/>\n<meta property=\"og:type\" content=\"article\" \/>\n<meta property=\"og:title\" content=\"Sala de Historia de la Real Maestranza - Real Maestranza de Caballer\u00eda de Ronda\" \/>\n<meta property=\"og:description\" content=\"El tercer espacio expositivo que alberga la plaza de toros, junto a los mencionados Museo de la Tauromaquia y Real Guarnicioner\u00eda, es el de m\u00e1s reciente creaci\u00f3n. Sala dedicada a conocer y comprender la evoluci\u00f3n de un cuerpo de caballeros formado para la guerra hasta su actualidad como entidad cultural. En ese tr\u00e1nsito desde el siglo XVI se razonan tambi\u00e9n los motivos por los que una corporaci\u00f3n nobiliaria se atrevi\u00f3 a construir en el \u00faltimo tercio del siglo XVIII una\u00a0 momumental plaza de toros y su vinculaci\u00f3n al fen\u00f3meno de la Tauromaquia.\" \/>\n<meta property=\"og:url\" content=\"https:\/\/www.rmcr.org\/en\/2020\/06\/26\/sala-de-la-real-maestranza\/\" \/>\n<meta property=\"og:site_name\" content=\"Real Maestranza de Caballer\u00eda de Ronda\" \/>\n<meta property=\"article:publisher\" content=\"https:\/\/www.facebook.com\/plazadetorosronda\" \/>\n<meta property=\"article:published_time\" content=\"2020-06-26T07:57:32+00:00\" \/>\n<meta property=\"og:image\" content=\"https:\/\/www.rmcr.org\/wp-content\/uploads\/2020\/06\/pnr.png\" \/>\n\t<meta property=\"og:image:width\" content=\"482\" \/>\n\t<meta property=\"og:image:height\" content=\"155\" \/>\n\t<meta property=\"og:image:type\" content=\"image\/png\" \/>\n<meta name=\"author\" content=\"RMCR\" \/>\n<meta name=\"twitter:card\" content=\"summary_large_image\" \/>\n<meta name=\"twitter:creator\" content=\"@PlazatorosRMR\" \/>\n<meta name=\"twitter:site\" content=\"@PlazatorosRMR\" \/>\n<meta name=\"twitter:label1\" content=\"Written by\" \/>\n\t<meta name=\"twitter:data1\" content=\"RMCR\" \/>\n\t<meta name=\"twitter:label2\" content=\"Est. reading time\" \/>\n\t<meta name=\"twitter:data2\" content=\"3 minutes\" \/>\n<script type=\"application\/ld+json\" class=\"yoast-schema-graph\">{\"@context\":\"https:\\\/\\\/schema.org\",\"@graph\":[{\"@type\":\"Article\",\"@id\":\"https:\\\/\\\/www.rmcr.org\\\/en\\\/2020\\\/06\\\/26\\\/sala-de-la-real-maestranza\\\/#article\",\"isPartOf\":{\"@id\":\"https:\\\/\\\/www.rmcr.org\\\/en\\\/2020\\\/06\\\/26\\\/sala-de-la-real-maestranza\\\/\"},\"author\":{\"name\":\"RMCR\",\"@id\":\"https:\\\/\\\/www.rmcr.org\\\/en\\\/#\\\/schema\\\/person\\\/7ddd0dafda7edd0e407157f93a56df4f\"},\"headline\":\"Sala de Historia de la Real Maestranza\",\"datePublished\":\"2020-06-26T07:57:32+00:00\",\"mainEntityOfPage\":{\"@id\":\"https:\\\/\\\/www.rmcr.org\\\/en\\\/2020\\\/06\\\/26\\\/sala-de-la-real-maestranza\\\/\"},\"wordCount\":685,\"commentCount\":0,\"publisher\":{\"@id\":\"https:\\\/\\\/www.rmcr.org\\\/en\\\/#organization\"},\"image\":{\"@id\":\"https:\\\/\\\/www.rmcr.org\\\/en\\\/2020\\\/06\\\/26\\\/sala-de-la-real-maestranza\\\/#primaryimage\"},\"thumbnailUrl\":\"https:\\\/\\\/www.rmcr.org\\\/wp-content\\\/uploads\\\/2020\\\/06\\\/pnr.png\",\"keywords\":[\"Colecci\u00f3n Muse\u00edstica\",\"Museo\",\"Real Maestranza de Caballer\u00eda\",\"Real Maestranza de Caballer\u00eda de Ronda\",\"Real Maestranza de Ronda\",\"Ronda\",\"Sala Historia de la Real Maestranza de Caballer\u00eda de Ronda\"],\"articleSection\":[\"Colecciones muse\u00edsticas\",\"Historia\",\"Real Maestranza\"],\"inLanguage\":\"en-US\",\"potentialAction\":[{\"@type\":\"CommentAction\",\"name\":\"Comment\",\"target\":[\"https:\\\/\\\/www.rmcr.org\\\/en\\\/2020\\\/06\\\/26\\\/sala-de-la-real-maestranza\\\/#respond\"]}]},{\"@type\":\"WebPage\",\"@id\":\"https:\\\/\\\/www.rmcr.org\\\/en\\\/2020\\\/06\\\/26\\\/sala-de-la-real-maestranza\\\/\",\"url\":\"https:\\\/\\\/www.rmcr.org\\\/en\\\/2020\\\/06\\\/26\\\/sala-de-la-real-maestranza\\\/\",\"name\":\"Sala de Historia de la Real Maestranza - Real Maestranza de Caballer\u00eda de Ronda\",\"isPartOf\":{\"@id\":\"https:\\\/\\\/www.rmcr.org\\\/en\\\/#website\"},\"primaryImageOfPage\":{\"@id\":\"https:\\\/\\\/www.rmcr.org\\\/en\\\/2020\\\/06\\\/26\\\/sala-de-la-real-maestranza\\\/#primaryimage\"},\"image\":{\"@id\":\"https:\\\/\\\/www.rmcr.org\\\/en\\\/2020\\\/06\\\/26\\\/sala-de-la-real-maestranza\\\/#primaryimage\"},\"thumbnailUrl\":\"https:\\\/\\\/www.rmcr.org\\\/wp-content\\\/uploads\\\/2020\\\/06\\\/pnr.png\",\"datePublished\":\"2020-06-26T07:57:32+00:00\",\"breadcrumb\":{\"@id\":\"https:\\\/\\\/www.rmcr.org\\\/en\\\/2020\\\/06\\\/26\\\/sala-de-la-real-maestranza\\\/#breadcrumb\"},\"inLanguage\":\"en-US\",\"potentialAction\":[{\"@type\":\"ReadAction\",\"target\":[\"https:\\\/\\\/www.rmcr.org\\\/en\\\/2020\\\/06\\\/26\\\/sala-de-la-real-maestranza\\\/\"]}]},{\"@type\":\"ImageObject\",\"inLanguage\":\"en-US\",\"@id\":\"https:\\\/\\\/www.rmcr.org\\\/en\\\/2020\\\/06\\\/26\\\/sala-de-la-real-maestranza\\\/#primaryimage\",\"url\":\"https:\\\/\\\/www.rmcr.org\\\/wp-content\\\/uploads\\\/2020\\\/06\\\/pnr.png\",\"contentUrl\":\"https:\\\/\\\/www.rmcr.org\\\/wp-content\\\/uploads\\\/2020\\\/06\\\/pnr.png\",\"width\":482,\"height\":155},{\"@type\":\"BreadcrumbList\",\"@id\":\"https:\\\/\\\/www.rmcr.org\\\/en\\\/2020\\\/06\\\/26\\\/sala-de-la-real-maestranza\\\/#breadcrumb\",\"itemListElement\":[{\"@type\":\"ListItem\",\"position\":1,\"name\":\"REAL MAESTRANZA DE CABALLER\u00cdA DE RONDA\",\"item\":\"https:\\\/\\\/www.rmcr.org\\\/en\\\/\"},{\"@type\":\"ListItem\",\"position\":2,\"name\":\"Sala de Historia de la Real Maestranza\"}]},{\"@type\":\"WebSite\",\"@id\":\"https:\\\/\\\/www.rmcr.org\\\/en\\\/#website\",\"url\":\"https:\\\/\\\/www.rmcr.org\\\/en\\\/\",\"name\":\"Real Maestranza de Caballer\u00eda de Ronda\",\"description\":\"Real Maestranza de Caballer\u00eda de Ronda\",\"publisher\":{\"@id\":\"https:\\\/\\\/www.rmcr.org\\\/en\\\/#organization\"},\"alternateName\":\"RMCR\",\"potentialAction\":[{\"@type\":\"SearchAction\",\"target\":{\"@type\":\"EntryPoint\",\"urlTemplate\":\"https:\\\/\\\/www.rmcr.org\\\/en\\\/?s={search_term_string}\"},\"query-input\":{\"@type\":\"PropertyValueSpecification\",\"valueRequired\":true,\"valueName\":\"search_term_string\"}}],\"inLanguage\":\"en-US\"},{\"@type\":\"Organization\",\"@id\":\"https:\\\/\\\/www.rmcr.org\\\/en\\\/#organization\",\"name\":\"Real Maestranza de Caballer\u00eda de Ronda\",\"alternateName\":\"RMR\",\"url\":\"https:\\\/\\\/www.rmcr.org\\\/en\\\/\",\"logo\":{\"@type\":\"ImageObject\",\"inLanguage\":\"en-US\",\"@id\":\"https:\\\/\\\/www.rmcr.org\\\/en\\\/#\\\/schema\\\/logo\\\/image\\\/\",\"url\":\"https:\\\/\\\/www.rmcr.org\\\/wp-content\\\/uploads\\\/2022\\\/07\\\/logo-rmr-blue.svg\",\"contentUrl\":\"https:\\\/\\\/www.rmcr.org\\\/wp-content\\\/uploads\\\/2022\\\/07\\\/logo-rmr-blue.svg\",\"width\":131,\"height\":129,\"caption\":\"Real Maestranza de Caballer\u00eda de Ronda\"},\"image\":{\"@id\":\"https:\\\/\\\/www.rmcr.org\\\/en\\\/#\\\/schema\\\/logo\\\/image\\\/\"},\"sameAs\":[\"https:\\\/\\\/www.facebook.com\\\/plazadetorosronda\",\"https:\\\/\\\/x.com\\\/PlazatorosRMR\",\"https:\\\/\\\/www.instagram.com\\\/realmaestranzaderonda\\\/\",\"https:\\\/\\\/www.youtube.com\\\/channel\\\/UCrbO5IUN-8v_QML739vM4zg\\\/videos\"]},{\"@type\":\"Person\",\"@id\":\"https:\\\/\\\/www.rmcr.org\\\/en\\\/#\\\/schema\\\/person\\\/7ddd0dafda7edd0e407157f93a56df4f\",\"name\":\"RMCR\",\"image\":{\"@type\":\"ImageObject\",\"inLanguage\":\"en-US\",\"@id\":\"https:\\\/\\\/secure.gravatar.com\\\/avatar\\\/adb75798b50800c24baa6a8706037b9469998c49eddeb95935f50f633cff80bb?s=96&d=mm&r=g\",\"url\":\"https:\\\/\\\/secure.gravatar.com\\\/avatar\\\/adb75798b50800c24baa6a8706037b9469998c49eddeb95935f50f633cff80bb?s=96&d=mm&r=g\",\"contentUrl\":\"https:\\\/\\\/secure.gravatar.com\\\/avatar\\\/adb75798b50800c24baa6a8706037b9469998c49eddeb95935f50f633cff80bb?s=96&d=mm&r=g\",\"caption\":\"RMCR\"},\"url\":\"https:\\\/\\\/www.rmcr.org\\\/en\\\/author\\\/bitniks77\\\/\"}]}<\/script>\n<!-- \/ Yoast SEO plugin. -->","yoast_head_json":{"title":"Sala de Historia de la Real Maestranza - Real Maestranza de Caballer\u00eda de Ronda","robots":{"index":"index","follow":"follow","max-snippet":"max-snippet:-1","max-image-preview":"max-image-preview:large","max-video-preview":"max-video-preview:-1"},"canonical":"https:\/\/www.rmcr.org\/en\/2020\/06\/26\/sala-de-la-real-maestranza\/","og_locale":"en_US","og_type":"article","og_title":"Sala de Historia de la Real Maestranza - Real Maestranza de Caballer\u00eda de Ronda","og_description":"El tercer espacio expositivo que alberga la plaza de toros, junto a los mencionados Museo de la Tauromaquia y Real Guarnicioner\u00eda, es el de m\u00e1s reciente creaci\u00f3n. Sala dedicada a conocer y comprender la evoluci\u00f3n de un cuerpo de caballeros formado para la guerra hasta su actualidad como entidad cultural. En ese tr\u00e1nsito desde el siglo XVI se razonan tambi\u00e9n los motivos por los que una corporaci\u00f3n nobiliaria se atrevi\u00f3 a construir en el \u00faltimo tercio del siglo XVIII una\u00a0 momumental plaza de toros y su vinculaci\u00f3n al fen\u00f3meno de la Tauromaquia.","og_url":"https:\/\/www.rmcr.org\/en\/2020\/06\/26\/sala-de-la-real-maestranza\/","og_site_name":"Real Maestranza de Caballer\u00eda de Ronda","article_publisher":"https:\/\/www.facebook.com\/plazadetorosronda","article_published_time":"2020-06-26T07:57:32+00:00","og_image":[{"width":482,"height":155,"url":"https:\/\/www.rmcr.org\/wp-content\/uploads\/2020\/06\/pnr.png","type":"image\/png"}],"author":"RMCR","twitter_card":"summary_large_image","twitter_creator":"@PlazatorosRMR","twitter_site":"@PlazatorosRMR","twitter_misc":{"Written by":"RMCR","Est. reading time":"3 minutes"},"schema":{"@context":"https:\/\/schema.org","@graph":[{"@type":"Article","@id":"https:\/\/www.rmcr.org\/en\/2020\/06\/26\/sala-de-la-real-maestranza\/#article","isPartOf":{"@id":"https:\/\/www.rmcr.org\/en\/2020\/06\/26\/sala-de-la-real-maestranza\/"},"author":{"name":"RMCR","@id":"https:\/\/www.rmcr.org\/en\/#\/schema\/person\/7ddd0dafda7edd0e407157f93a56df4f"},"headline":"Sala de Historia de la Real Maestranza","datePublished":"2020-06-26T07:57:32+00:00","mainEntityOfPage":{"@id":"https:\/\/www.rmcr.org\/en\/2020\/06\/26\/sala-de-la-real-maestranza\/"},"wordCount":685,"commentCount":0,"publisher":{"@id":"https:\/\/www.rmcr.org\/en\/#organization"},"image":{"@id":"https:\/\/www.rmcr.org\/en\/2020\/06\/26\/sala-de-la-real-maestranza\/#primaryimage"},"thumbnailUrl":"https:\/\/www.rmcr.org\/wp-content\/uploads\/2020\/06\/pnr.png","keywords":["Colecci\u00f3n Muse\u00edstica","Museo","Real Maestranza de Caballer\u00eda","Real Maestranza de Caballer\u00eda de Ronda","Real Maestranza de Ronda","Ronda","Sala Historia de la Real Maestranza de Caballer\u00eda de Ronda"],"articleSection":["Colecciones muse\u00edsticas","Historia","Real Maestranza"],"inLanguage":"en-US","potentialAction":[{"@type":"CommentAction","name":"Comment","target":["https:\/\/www.rmcr.org\/en\/2020\/06\/26\/sala-de-la-real-maestranza\/#respond"]}]},{"@type":"WebPage","@id":"https:\/\/www.rmcr.org\/en\/2020\/06\/26\/sala-de-la-real-maestranza\/","url":"https:\/\/www.rmcr.org\/en\/2020\/06\/26\/sala-de-la-real-maestranza\/","name":"Sala de Historia de la Real Maestranza - Real Maestranza de Caballer\u00eda de Ronda","isPartOf":{"@id":"https:\/\/www.rmcr.org\/en\/#website"},"primaryImageOfPage":{"@id":"https:\/\/www.rmcr.org\/en\/2020\/06\/26\/sala-de-la-real-maestranza\/#primaryimage"},"image":{"@id":"https:\/\/www.rmcr.org\/en\/2020\/06\/26\/sala-de-la-real-maestranza\/#primaryimage"},"thumbnailUrl":"https:\/\/www.rmcr.org\/wp-content\/uploads\/2020\/06\/pnr.png","datePublished":"2020-06-26T07:57:32+00:00","breadcrumb":{"@id":"https:\/\/www.rmcr.org\/en\/2020\/06\/26\/sala-de-la-real-maestranza\/#breadcrumb"},"inLanguage":"en-US","potentialAction":[{"@type":"ReadAction","target":["https:\/\/www.rmcr.org\/en\/2020\/06\/26\/sala-de-la-real-maestranza\/"]}]},{"@type":"ImageObject","inLanguage":"en-US","@id":"https:\/\/www.rmcr.org\/en\/2020\/06\/26\/sala-de-la-real-maestranza\/#primaryimage","url":"https:\/\/www.rmcr.org\/wp-content\/uploads\/2020\/06\/pnr.png","contentUrl":"https:\/\/www.rmcr.org\/wp-content\/uploads\/2020\/06\/pnr.png","width":482,"height":155},{"@type":"BreadcrumbList","@id":"https:\/\/www.rmcr.org\/en\/2020\/06\/26\/sala-de-la-real-maestranza\/#breadcrumb","itemListElement":[{"@type":"ListItem","position":1,"name":"REAL MAESTRANZA DE CABALLER\u00cdA DE RONDA","item":"https:\/\/www.rmcr.org\/en\/"},{"@type":"ListItem","position":2,"name":"Sala de Historia de la Real Maestranza"}]},{"@type":"WebSite","@id":"https:\/\/www.rmcr.org\/en\/#website","url":"https:\/\/www.rmcr.org\/en\/","name":"Real Maestranza de Caballer\u00eda de Ronda","description":"Real Maestranza de Caballer\u00eda de Ronda","publisher":{"@id":"https:\/\/www.rmcr.org\/en\/#organization"},"alternateName":"RMCR","potentialAction":[{"@type":"SearchAction","target":{"@type":"EntryPoint","urlTemplate":"https:\/\/www.rmcr.org\/en\/?s={search_term_string}"},"query-input":{"@type":"PropertyValueSpecification","valueRequired":true,"valueName":"search_term_string"}}],"inLanguage":"en-US"},{"@type":"Organization","@id":"https:\/\/www.rmcr.org\/en\/#organization","name":"Real Maestranza de Caballer\u00eda de Ronda","alternateName":"RMR","url":"https:\/\/www.rmcr.org\/en\/","logo":{"@type":"ImageObject","inLanguage":"en-US","@id":"https:\/\/www.rmcr.org\/en\/#\/schema\/logo\/image\/","url":"https:\/\/www.rmcr.org\/wp-content\/uploads\/2022\/07\/logo-rmr-blue.svg","contentUrl":"https:\/\/www.rmcr.org\/wp-content\/uploads\/2022\/07\/logo-rmr-blue.svg","width":131,"height":129,"caption":"Real Maestranza de Caballer\u00eda de Ronda"},"image":{"@id":"https:\/\/www.rmcr.org\/en\/#\/schema\/logo\/image\/"},"sameAs":["https:\/\/www.facebook.com\/plazadetorosronda","https:\/\/x.com\/PlazatorosRMR","https:\/\/www.instagram.com\/realmaestranzaderonda\/","https:\/\/www.youtube.com\/channel\/UCrbO5IUN-8v_QML739vM4zg\/videos"]},{"@type":"Person","@id":"https:\/\/www.rmcr.org\/en\/#\/schema\/person\/7ddd0dafda7edd0e407157f93a56df4f","name":"RMCR","image":{"@type":"ImageObject","inLanguage":"en-US","@id":"https:\/\/secure.gravatar.com\/avatar\/adb75798b50800c24baa6a8706037b9469998c49eddeb95935f50f633cff80bb?s=96&d=mm&r=g","url":"https:\/\/secure.gravatar.com\/avatar\/adb75798b50800c24baa6a8706037b9469998c49eddeb95935f50f633cff80bb?s=96&d=mm&r=g","contentUrl":"https:\/\/secure.gravatar.com\/avatar\/adb75798b50800c24baa6a8706037b9469998c49eddeb95935f50f633cff80bb?s=96&d=mm&r=g","caption":"RMCR"},"url":"https:\/\/www.rmcr.org\/en\/author\/bitniks77\/"}]}},"_links":{"self":[{"href":"https:\/\/www.rmcr.org\/en\/wp-json\/wp\/v2\/posts\/853","targetHints":{"allow":["GET"]}}],"collection":[{"href":"https:\/\/www.rmcr.org\/en\/wp-json\/wp\/v2\/posts"}],"about":[{"href":"https:\/\/www.rmcr.org\/en\/wp-json\/wp\/v2\/types\/post"}],"author":[{"embeddable":true,"href":"https:\/\/www.rmcr.org\/en\/wp-json\/wp\/v2\/users\/7"}],"replies":[{"embeddable":true,"href":"https:\/\/www.rmcr.org\/en\/wp-json\/wp\/v2\/comments?post=853"}],"version-history":[{"count":0,"href":"https:\/\/www.rmcr.org\/en\/wp-json\/wp\/v2\/posts\/853\/revisions"}],"wp:featuredmedia":[{"embeddable":true,"href":"https:\/\/www.rmcr.org\/en\/wp-json\/wp\/v2\/media\/858"}],"wp:attachment":[{"href":"https:\/\/www.rmcr.org\/en\/wp-json\/wp\/v2\/media?parent=853"}],"wp:term":[{"taxonomy":"category","embeddable":true,"href":"https:\/\/www.rmcr.org\/en\/wp-json\/wp\/v2\/categories?post=853"},{"taxonomy":"post_tag","embeddable":true,"href":"https:\/\/www.rmcr.org\/en\/wp-json\/wp\/v2\/tags?post=853"}],"curies":[{"name":"wp","href":"https:\/\/api.w.org\/{rel}","templated":true}]}}