{"id":842,"date":"2016-09-13T09:34:29","date_gmt":"2016-09-13T09:34:29","guid":{"rendered":"https:\/\/www.rmcr.org\/?p=842"},"modified":"2025-04-04T11:03:31","modified_gmt":"2025-04-04T11:03:31","slug":"tecnico-deportivo-en-equitacion-en-ronda","status":"publish","type":"post","link":"https:\/\/www.rmcr.org\/en\/2016\/09\/13\/tecnico-deportivo-en-equitacion-en-ronda\/","title":{"rendered":"T\u00e9cnico Deportivo en Equitaci\u00f3n en Ronda"},"content":{"rendered":"<p>La Escuela de Equitaci\u00f3n de la RMCR tiene abierto el plazo de inscripci\u00f3n para los siguientes cursos:<\/p>\n<p><span style=\"text-decoration:underline;\"><strong>Ciclo Inicial<\/strong><\/span>:&nbsp;<a title=\"convocatoria-ciclo-inicial-2016\" href=\"https:\/\/www.rmcr.org\/wp-content\/uploads\/2016\/09\/convocatoria-ciclo-inicial-2016.pdf\">convocatoria-ciclo-inicial-2016<\/a><\/p>\n<p style=\"padding-left:30px;\">&#8211; Prueba de acceso: 3 de noviembre de 2016<\/p>\n<p style=\"padding-left:30px;\">&#8211; Fechas del curso: del 27 de marzo al 25 de mayo de 2017<\/p>\n<p><span style=\"text-decoration:underline;\"><strong>Ciclo Final ROTE<\/strong><\/span>:&nbsp;<a title=\"convocatoria-ciclo-final-rote-2016\" href=\"https:\/\/www.rmcr.org\/wp-content\/uploads\/2016\/09\/convocatoria-ciclo-final-rote-2016.pdf\">convocatoria-ciclo-final-rote-2016<\/a><\/p>\n<p style=\"padding-left:30px;\">&#8211; Sin prueba de acceso<\/p>\n<p style=\"padding-left:30px;\">&#8211; Fechas del curso: del 1 de diciembre al 16 de marzo de 2017<\/p>\n<p><strong><span style=\"text-decoration:underline;\">Ciclo Final DOSAC<\/span><\/strong>:&nbsp;<a title=\"convocatoria-ciclo-final-dosac\" href=\"https:\/\/www.rmcr.org\/wp-content\/uploads\/2016\/09\/convocatoria-ciclo-final-dosac.pdf\">convocatoria-ciclo-final-dosac<\/a><\/p>\n<p style=\"padding-left:30px;\">&#8211; Prueba de acceso: 5 de octubre de 2016<\/p>\n<p style=\"padding-left:30px;\">&#8211; Fechas del curso: del 24 de octubre al 2 de febrero de 2017<\/p>\n<p><img fetchpriority=\"high\" decoding=\"async\" class=\"alignnone size-full wp-image-27\" src=\"https:\/\/www.rmcr.org\/wp-content\/uploads\/2013\/05\/2.png\" alt=\"2\" width=\"1205\" height=\"755\" srcset=\"https:\/\/www.rmcr.org\/wp-content\/uploads\/2013\/05\/2.png 1205w, https:\/\/www.rmcr.org\/wp-content\/uploads\/2013\/05\/2-300x188.png 300w, https:\/\/www.rmcr.org\/wp-content\/uploads\/2013\/05\/2-1024x642.png 1024w, https:\/\/www.rmcr.org\/wp-content\/uploads\/2013\/05\/2-768x481.png 768w\" sizes=\"(max-width: 1205px) 100vw, 1205px\" \/><\/p>\n<p>Para m\u00e1s informaci\u00f3n consultar en la&nbsp;<a href=\"http:\/\/www.rmcr.org\/es\/equitacion.html\">p\u00e1gina web de la Escuela<\/a>&nbsp;o escribir un e-mail a escuela@realmaestranza.org<\/p>\n","protected":false},"excerpt":{"rendered":"<p>La Escuela de Equitaci\u00f3n de la RMCR tiene abierto el plazo de inscripci\u00f3n para los siguientes cursos: Ciclo Inicial:&nbsp;convocatoria-ciclo-inicial-2016 &#8211; Prueba de acceso: 3 de noviembre de 2016 &#8211; Fechas del curso: del 27 de marzo al 25 de mayo de 2017 Ciclo Final ROTE:&nbsp;convocatoria-ciclo-final-rote-2016 &#8211; Sin prueba de acceso &#8211; Fechas del curso: del [&hellip;]<\/p>\n","protected":false},"author":11,"featured_media":7484,"comment_status":"closed","ping_status":"open","sticky":false,"template":"","format":"standard","meta":{"footnotes":""},"categories":[46,56,63],"tags":[74,48,40,77],"class_list":["post-842","post","type-post","status-publish","format-standard","has-post-thumbnail","hentry","category-cursos-de-formacion","category-escuela-de-equitacion","category-tecnico-deportivo","tag-alumnos","tag-centro-de-formacion","tag-ensenanza","tag-equipo-profesional"],"yoast_head":"<!-- This site is optimized with the Yoast SEO plugin v27.5 - https:\/\/yoast.com\/product\/yoast-seo-wordpress\/ -->\n<title>T\u00e9cnico Deportivo en Equitaci\u00f3n en Ronda - Real Maestranza de Caballer\u00eda de Ronda<\/title>\n<meta name=\"robots\" content=\"index, follow, max-snippet:-1, max-image-preview:large, max-video-preview:-1\" \/>\n<link rel=\"canonical\" href=\"https:\/\/www.rmcr.org\/en\/2016\/09\/13\/tecnico-deportivo-en-equitacion-en-ronda\/\" \/>\n<meta property=\"og:locale\" content=\"en_US\" \/>\n<meta property=\"og:type\" content=\"article\" \/>\n<meta property=\"og:title\" content=\"T\u00e9cnico Deportivo en Equitaci\u00f3n en Ronda - Real Maestranza de Caballer\u00eda de Ronda\" \/>\n<meta property=\"og:description\" content=\"La Escuela de Equitaci\u00f3n de la RMCR tiene abierto el plazo de inscripci\u00f3n para los siguientes cursos: Ciclo Inicial:&nbsp;convocatoria-ciclo-inicial-2016 &#8211; Prueba de acceso: 3 de noviembre de 2016 &#8211; Fechas del curso: del 27 de marzo al 25 de mayo de 2017 Ciclo Final ROTE:&nbsp;convocatoria-ciclo-final-rote-2016 &#8211; Sin prueba de acceso &#8211; Fechas del curso: del [&hellip;]\" \/>\n<meta property=\"og:url\" content=\"https:\/\/www.rmcr.org\/en\/2016\/09\/13\/tecnico-deportivo-en-equitacion-en-ronda\/\" \/>\n<meta property=\"og:site_name\" content=\"Real Maestranza de Caballer\u00eda de Ronda\" \/>\n<meta property=\"article:publisher\" content=\"https:\/\/www.facebook.com\/plazadetorosronda\" \/>\n<meta property=\"article:published_time\" content=\"2016-09-13T09:34:29+00:00\" \/>\n<meta property=\"article:modified_time\" content=\"2025-04-04T11:03:31+00:00\" \/>\n<meta property=\"og:image\" content=\"https:\/\/www.rmcr.org\/wp-content\/uploads\/2013\/05\/2.png\" \/>\n\t<meta property=\"og:image:width\" content=\"1205\" \/>\n\t<meta property=\"og:image:height\" content=\"755\" \/>\n\t<meta property=\"og:image:type\" content=\"image\/png\" \/>\n<meta name=\"author\" content=\"ESCUELA\" \/>\n<meta name=\"twitter:card\" content=\"summary_large_image\" \/>\n<meta name=\"twitter:creator\" content=\"@PlazatorosRMR\" \/>\n<meta name=\"twitter:site\" content=\"@PlazatorosRMR\" \/>\n<meta name=\"twitter:label1\" content=\"Written by\" \/>\n\t<meta name=\"twitter:data1\" content=\"ESCUELA\" \/>\n\t<meta name=\"twitter:label2\" content=\"Est. reading time\" \/>\n\t<meta name=\"twitter:data2\" content=\"1 minute\" \/>\n<script type=\"application\/ld+json\" class=\"yoast-schema-graph\">{\"@context\":\"https:\\\/\\\/schema.org\",\"@graph\":[{\"@type\":\"Article\",\"@id\":\"https:\\\/\\\/www.rmcr.org\\\/en\\\/2016\\\/09\\\/13\\\/tecnico-deportivo-en-equitacion-en-ronda\\\/#article\",\"isPartOf\":{\"@id\":\"https:\\\/\\\/www.rmcr.org\\\/en\\\/2016\\\/09\\\/13\\\/tecnico-deportivo-en-equitacion-en-ronda\\\/\"},\"author\":{\"name\":\"ESCUELA\",\"@id\":\"https:\\\/\\\/www.rmcr.org\\\/en\\\/#\\\/schema\\\/person\\\/eaba3818c6c615cf6cc53c6ca58138ff\"},\"headline\":\"T\u00e9cnico Deportivo en Equitaci\u00f3n en Ronda\",\"datePublished\":\"2016-09-13T09:34:29+00:00\",\"dateModified\":\"2025-04-04T11:03:31+00:00\",\"mainEntityOfPage\":{\"@id\":\"https:\\\/\\\/www.rmcr.org\\\/en\\\/2016\\\/09\\\/13\\\/tecnico-deportivo-en-equitacion-en-ronda\\\/\"},\"wordCount\":117,\"publisher\":{\"@id\":\"https:\\\/\\\/www.rmcr.org\\\/en\\\/#organization\"},\"image\":{\"@id\":\"https:\\\/\\\/www.rmcr.org\\\/en\\\/2016\\\/09\\\/13\\\/tecnico-deportivo-en-equitacion-en-ronda\\\/#primaryimage\"},\"thumbnailUrl\":\"https:\\\/\\\/www.rmcr.org\\\/wp-content\\\/uploads\\\/2013\\\/05\\\/2.png\",\"keywords\":[\"Alumnos\",\"Centro de Formaci\u00f3n\",\"Ense\u00f1anza\",\"Equipo profesional\"],\"articleSection\":[\"Cursos de Formaci\u00f3n\",\"Escuela de Equitaci\u00f3n\",\"T\u00e9cnico Deportivo\"],\"inLanguage\":\"en-US\"},{\"@type\":\"WebPage\",\"@id\":\"https:\\\/\\\/www.rmcr.org\\\/en\\\/2016\\\/09\\\/13\\\/tecnico-deportivo-en-equitacion-en-ronda\\\/\",\"url\":\"https:\\\/\\\/www.rmcr.org\\\/en\\\/2016\\\/09\\\/13\\\/tecnico-deportivo-en-equitacion-en-ronda\\\/\",\"name\":\"T\u00e9cnico Deportivo en Equitaci\u00f3n en Ronda - Real Maestranza de Caballer\u00eda de Ronda\",\"isPartOf\":{\"@id\":\"https:\\\/\\\/www.rmcr.org\\\/en\\\/#website\"},\"primaryImageOfPage\":{\"@id\":\"https:\\\/\\\/www.rmcr.org\\\/en\\\/2016\\\/09\\\/13\\\/tecnico-deportivo-en-equitacion-en-ronda\\\/#primaryimage\"},\"image\":{\"@id\":\"https:\\\/\\\/www.rmcr.org\\\/en\\\/2016\\\/09\\\/13\\\/tecnico-deportivo-en-equitacion-en-ronda\\\/#primaryimage\"},\"thumbnailUrl\":\"https:\\\/\\\/www.rmcr.org\\\/wp-content\\\/uploads\\\/2013\\\/05\\\/2.png\",\"datePublished\":\"2016-09-13T09:34:29+00:00\",\"dateModified\":\"2025-04-04T11:03:31+00:00\",\"breadcrumb\":{\"@id\":\"https:\\\/\\\/www.rmcr.org\\\/en\\\/2016\\\/09\\\/13\\\/tecnico-deportivo-en-equitacion-en-ronda\\\/#breadcrumb\"},\"inLanguage\":\"en-US\",\"potentialAction\":[{\"@type\":\"ReadAction\",\"target\":[\"https:\\\/\\\/www.rmcr.org\\\/en\\\/2016\\\/09\\\/13\\\/tecnico-deportivo-en-equitacion-en-ronda\\\/\"]}]},{\"@type\":\"ImageObject\",\"inLanguage\":\"en-US\",\"@id\":\"https:\\\/\\\/www.rmcr.org\\\/en\\\/2016\\\/09\\\/13\\\/tecnico-deportivo-en-equitacion-en-ronda\\\/#primaryimage\",\"url\":\"https:\\\/\\\/www.rmcr.org\\\/wp-content\\\/uploads\\\/2013\\\/05\\\/2.png\",\"contentUrl\":\"https:\\\/\\\/www.rmcr.org\\\/wp-content\\\/uploads\\\/2013\\\/05\\\/2.png\",\"width\":1205,\"height\":755},{\"@type\":\"BreadcrumbList\",\"@id\":\"https:\\\/\\\/www.rmcr.org\\\/en\\\/2016\\\/09\\\/13\\\/tecnico-deportivo-en-equitacion-en-ronda\\\/#breadcrumb\",\"itemListElement\":[{\"@type\":\"ListItem\",\"position\":1,\"name\":\"REAL MAESTRANZA DE CABALLER\u00cdA DE RONDA\",\"item\":\"https:\\\/\\\/www.rmcr.org\\\/en\\\/\"},{\"@type\":\"ListItem\",\"position\":2,\"name\":\"T\u00e9cnico Deportivo en Equitaci\u00f3n en Ronda\"}]},{\"@type\":\"WebSite\",\"@id\":\"https:\\\/\\\/www.rmcr.org\\\/en\\\/#website\",\"url\":\"https:\\\/\\\/www.rmcr.org\\\/en\\\/\",\"name\":\"Real Maestranza de Caballer\u00eda de Ronda\",\"description\":\"Real Maestranza de Caballer\u00eda de Ronda\",\"publisher\":{\"@id\":\"https:\\\/\\\/www.rmcr.org\\\/en\\\/#organization\"},\"alternateName\":\"RMCR\",\"potentialAction\":[{\"@type\":\"SearchAction\",\"target\":{\"@type\":\"EntryPoint\",\"urlTemplate\":\"https:\\\/\\\/www.rmcr.org\\\/en\\\/?s={search_term_string}\"},\"query-input\":{\"@type\":\"PropertyValueSpecification\",\"valueRequired\":true,\"valueName\":\"search_term_string\"}}],\"inLanguage\":\"en-US\"},{\"@type\":\"Organization\",\"@id\":\"https:\\\/\\\/www.rmcr.org\\\/en\\\/#organization\",\"name\":\"Real Maestranza de Caballer\u00eda de Ronda\",\"alternateName\":\"RMR\",\"url\":\"https:\\\/\\\/www.rmcr.org\\\/en\\\/\",\"logo\":{\"@type\":\"ImageObject\",\"inLanguage\":\"en-US\",\"@id\":\"https:\\\/\\\/www.rmcr.org\\\/en\\\/#\\\/schema\\\/logo\\\/image\\\/\",\"url\":\"https:\\\/\\\/www.rmcr.org\\\/wp-content\\\/uploads\\\/2022\\\/07\\\/logo-rmr-blue.svg\",\"contentUrl\":\"https:\\\/\\\/www.rmcr.org\\\/wp-content\\\/uploads\\\/2022\\\/07\\\/logo-rmr-blue.svg\",\"width\":131,\"height\":129,\"caption\":\"Real Maestranza de Caballer\u00eda de Ronda\"},\"image\":{\"@id\":\"https:\\\/\\\/www.rmcr.org\\\/en\\\/#\\\/schema\\\/logo\\\/image\\\/\"},\"sameAs\":[\"https:\\\/\\\/www.facebook.com\\\/plazadetorosronda\",\"https:\\\/\\\/x.com\\\/PlazatorosRMR\",\"https:\\\/\\\/www.instagram.com\\\/realmaestranzaderonda\\\/\",\"https:\\\/\\\/www.youtube.com\\\/channel\\\/UCrbO5IUN-8v_QML739vM4zg\\\/videos\"]},{\"@type\":\"Person\",\"@id\":\"https:\\\/\\\/www.rmcr.org\\\/en\\\/#\\\/schema\\\/person\\\/eaba3818c6c615cf6cc53c6ca58138ff\",\"name\":\"ESCUELA\",\"image\":{\"@type\":\"ImageObject\",\"inLanguage\":\"en-US\",\"@id\":\"https:\\\/\\\/www.rmcr.org\\\/wp-content\\\/uploads\\\/2022\\\/11\\\/avatar-rmcr-96x96.png\",\"url\":\"https:\\\/\\\/www.rmcr.org\\\/wp-content\\\/uploads\\\/2022\\\/11\\\/avatar-rmcr-96x96.png\",\"contentUrl\":\"https:\\\/\\\/www.rmcr.org\\\/wp-content\\\/uploads\\\/2022\\\/11\\\/avatar-rmcr-96x96.png\",\"caption\":\"ESCUELA\"},\"url\":\"https:\\\/\\\/www.rmcr.org\\\/en\\\/author\\\/rocio-hidalgo\\\/\"}]}<\/script>\n<!-- \/ Yoast SEO plugin. -->","yoast_head_json":{"title":"T\u00e9cnico Deportivo en Equitaci\u00f3n en Ronda - Real Maestranza de Caballer\u00eda de Ronda","robots":{"index":"index","follow":"follow","max-snippet":"max-snippet:-1","max-image-preview":"max-image-preview:large","max-video-preview":"max-video-preview:-1"},"canonical":"https:\/\/www.rmcr.org\/en\/2016\/09\/13\/tecnico-deportivo-en-equitacion-en-ronda\/","og_locale":"en_US","og_type":"article","og_title":"T\u00e9cnico Deportivo en Equitaci\u00f3n en Ronda - Real Maestranza de Caballer\u00eda de Ronda","og_description":"La Escuela de Equitaci\u00f3n de la RMCR tiene abierto el plazo de inscripci\u00f3n para los siguientes cursos: Ciclo Inicial:&nbsp;convocatoria-ciclo-inicial-2016 &#8211; Prueba de acceso: 3 de noviembre de 2016 &#8211; Fechas del curso: del 27 de marzo al 25 de mayo de 2017 Ciclo Final ROTE:&nbsp;convocatoria-ciclo-final-rote-2016 &#8211; Sin prueba de acceso &#8211; Fechas del curso: del [&hellip;]","og_url":"https:\/\/www.rmcr.org\/en\/2016\/09\/13\/tecnico-deportivo-en-equitacion-en-ronda\/","og_site_name":"Real Maestranza de Caballer\u00eda de Ronda","article_publisher":"https:\/\/www.facebook.com\/plazadetorosronda","article_published_time":"2016-09-13T09:34:29+00:00","article_modified_time":"2025-04-04T11:03:31+00:00","og_image":[{"width":1205,"height":755,"url":"https:\/\/www.rmcr.org\/wp-content\/uploads\/2013\/05\/2.png","type":"image\/png"}],"author":"ESCUELA","twitter_card":"summary_large_image","twitter_creator":"@PlazatorosRMR","twitter_site":"@PlazatorosRMR","twitter_misc":{"Written by":"ESCUELA","Est. reading time":"1 minute"},"schema":{"@context":"https:\/\/schema.org","@graph":[{"@type":"Article","@id":"https:\/\/www.rmcr.org\/en\/2016\/09\/13\/tecnico-deportivo-en-equitacion-en-ronda\/#article","isPartOf":{"@id":"https:\/\/www.rmcr.org\/en\/2016\/09\/13\/tecnico-deportivo-en-equitacion-en-ronda\/"},"author":{"name":"ESCUELA","@id":"https:\/\/www.rmcr.org\/en\/#\/schema\/person\/eaba3818c6c615cf6cc53c6ca58138ff"},"headline":"T\u00e9cnico Deportivo en Equitaci\u00f3n en Ronda","datePublished":"2016-09-13T09:34:29+00:00","dateModified":"2025-04-04T11:03:31+00:00","mainEntityOfPage":{"@id":"https:\/\/www.rmcr.org\/en\/2016\/09\/13\/tecnico-deportivo-en-equitacion-en-ronda\/"},"wordCount":117,"publisher":{"@id":"https:\/\/www.rmcr.org\/en\/#organization"},"image":{"@id":"https:\/\/www.rmcr.org\/en\/2016\/09\/13\/tecnico-deportivo-en-equitacion-en-ronda\/#primaryimage"},"thumbnailUrl":"https:\/\/www.rmcr.org\/wp-content\/uploads\/2013\/05\/2.png","keywords":["Alumnos","Centro de Formaci\u00f3n","Ense\u00f1anza","Equipo profesional"],"articleSection":["Cursos de Formaci\u00f3n","Escuela de Equitaci\u00f3n","T\u00e9cnico Deportivo"],"inLanguage":"en-US"},{"@type":"WebPage","@id":"https:\/\/www.rmcr.org\/en\/2016\/09\/13\/tecnico-deportivo-en-equitacion-en-ronda\/","url":"https:\/\/www.rmcr.org\/en\/2016\/09\/13\/tecnico-deportivo-en-equitacion-en-ronda\/","name":"T\u00e9cnico Deportivo en Equitaci\u00f3n en Ronda - Real Maestranza de Caballer\u00eda de Ronda","isPartOf":{"@id":"https:\/\/www.rmcr.org\/en\/#website"},"primaryImageOfPage":{"@id":"https:\/\/www.rmcr.org\/en\/2016\/09\/13\/tecnico-deportivo-en-equitacion-en-ronda\/#primaryimage"},"image":{"@id":"https:\/\/www.rmcr.org\/en\/2016\/09\/13\/tecnico-deportivo-en-equitacion-en-ronda\/#primaryimage"},"thumbnailUrl":"https:\/\/www.rmcr.org\/wp-content\/uploads\/2013\/05\/2.png","datePublished":"2016-09-13T09:34:29+00:00","dateModified":"2025-04-04T11:03:31+00:00","breadcrumb":{"@id":"https:\/\/www.rmcr.org\/en\/2016\/09\/13\/tecnico-deportivo-en-equitacion-en-ronda\/#breadcrumb"},"inLanguage":"en-US","potentialAction":[{"@type":"ReadAction","target":["https:\/\/www.rmcr.org\/en\/2016\/09\/13\/tecnico-deportivo-en-equitacion-en-ronda\/"]}]},{"@type":"ImageObject","inLanguage":"en-US","@id":"https:\/\/www.rmcr.org\/en\/2016\/09\/13\/tecnico-deportivo-en-equitacion-en-ronda\/#primaryimage","url":"https:\/\/www.rmcr.org\/wp-content\/uploads\/2013\/05\/2.png","contentUrl":"https:\/\/www.rmcr.org\/wp-content\/uploads\/2013\/05\/2.png","width":1205,"height":755},{"@type":"BreadcrumbList","@id":"https:\/\/www.rmcr.org\/en\/2016\/09\/13\/tecnico-deportivo-en-equitacion-en-ronda\/#breadcrumb","itemListElement":[{"@type":"ListItem","position":1,"name":"REAL MAESTRANZA DE CABALLER\u00cdA DE RONDA","item":"https:\/\/www.rmcr.org\/en\/"},{"@type":"ListItem","position":2,"name":"T\u00e9cnico Deportivo en Equitaci\u00f3n en Ronda"}]},{"@type":"WebSite","@id":"https:\/\/www.rmcr.org\/en\/#website","url":"https:\/\/www.rmcr.org\/en\/","name":"Real Maestranza de Caballer\u00eda de Ronda","description":"Real Maestranza de Caballer\u00eda de Ronda","publisher":{"@id":"https:\/\/www.rmcr.org\/en\/#organization"},"alternateName":"RMCR","potentialAction":[{"@type":"SearchAction","target":{"@type":"EntryPoint","urlTemplate":"https:\/\/www.rmcr.org\/en\/?s={search_term_string}"},"query-input":{"@type":"PropertyValueSpecification","valueRequired":true,"valueName":"search_term_string"}}],"inLanguage":"en-US"},{"@type":"Organization","@id":"https:\/\/www.rmcr.org\/en\/#organization","name":"Real Maestranza de Caballer\u00eda de Ronda","alternateName":"RMR","url":"https:\/\/www.rmcr.org\/en\/","logo":{"@type":"ImageObject","inLanguage":"en-US","@id":"https:\/\/www.rmcr.org\/en\/#\/schema\/logo\/image\/","url":"https:\/\/www.rmcr.org\/wp-content\/uploads\/2022\/07\/logo-rmr-blue.svg","contentUrl":"https:\/\/www.rmcr.org\/wp-content\/uploads\/2022\/07\/logo-rmr-blue.svg","width":131,"height":129,"caption":"Real Maestranza de Caballer\u00eda de Ronda"},"image":{"@id":"https:\/\/www.rmcr.org\/en\/#\/schema\/logo\/image\/"},"sameAs":["https:\/\/www.facebook.com\/plazadetorosronda","https:\/\/x.com\/PlazatorosRMR","https:\/\/www.instagram.com\/realmaestranzaderonda\/","https:\/\/www.youtube.com\/channel\/UCrbO5IUN-8v_QML739vM4zg\/videos"]},{"@type":"Person","@id":"https:\/\/www.rmcr.org\/en\/#\/schema\/person\/eaba3818c6c615cf6cc53c6ca58138ff","name":"ESCUELA","image":{"@type":"ImageObject","inLanguage":"en-US","@id":"https:\/\/www.rmcr.org\/wp-content\/uploads\/2022\/11\/avatar-rmcr-96x96.png","url":"https:\/\/www.rmcr.org\/wp-content\/uploads\/2022\/11\/avatar-rmcr-96x96.png","contentUrl":"https:\/\/www.rmcr.org\/wp-content\/uploads\/2022\/11\/avatar-rmcr-96x96.png","caption":"ESCUELA"},"url":"https:\/\/www.rmcr.org\/en\/author\/rocio-hidalgo\/"}]}},"_links":{"self":[{"href":"https:\/\/www.rmcr.org\/en\/wp-json\/wp\/v2\/posts\/842","targetHints":{"allow":["GET"]}}],"collection":[{"href":"https:\/\/www.rmcr.org\/en\/wp-json\/wp\/v2\/posts"}],"about":[{"href":"https:\/\/www.rmcr.org\/en\/wp-json\/wp\/v2\/types\/post"}],"author":[{"embeddable":true,"href":"https:\/\/www.rmcr.org\/en\/wp-json\/wp\/v2\/users\/11"}],"replies":[{"embeddable":true,"href":"https:\/\/www.rmcr.org\/en\/wp-json\/wp\/v2\/comments?post=842"}],"version-history":[{"count":1,"href":"https:\/\/www.rmcr.org\/en\/wp-json\/wp\/v2\/posts\/842\/revisions"}],"predecessor-version":[{"id":15418,"href":"https:\/\/www.rmcr.org\/en\/wp-json\/wp\/v2\/posts\/842\/revisions\/15418"}],"wp:featuredmedia":[{"embeddable":true,"href":"https:\/\/www.rmcr.org\/en\/wp-json\/wp\/v2\/media\/7484"}],"wp:attachment":[{"href":"https:\/\/www.rmcr.org\/en\/wp-json\/wp\/v2\/media?parent=842"}],"wp:term":[{"taxonomy":"category","embeddable":true,"href":"https:\/\/www.rmcr.org\/en\/wp-json\/wp\/v2\/categories?post=842"},{"taxonomy":"post_tag","embeddable":true,"href":"https:\/\/www.rmcr.org\/en\/wp-json\/wp\/v2\/tags?post=842"}],"curies":[{"name":"wp","href":"https:\/\/api.w.org\/{rel}","templated":true}]}}