{"id":838,"date":"2016-09-02T10:34:39","date_gmt":"2016-09-02T10:34:39","guid":{"rendered":"https:\/\/www.rmcr.org\/?p=838"},"modified":"2025-04-04T11:04:00","modified_gmt":"2025-04-04T11:04:00","slug":"5-amazonas-y-2-jinetes-incorporados-a-la-escuela-de-equitacion-de-la-rmcr","status":"publish","type":"post","link":"https:\/\/www.rmcr.org\/en\/2016\/09\/02\/5-amazonas-y-2-jinetes-incorporados-a-la-escuela-de-equitacion-de-la-rmcr\/","title":{"rendered":"5 amazonas y 2 jinetes incorporados a la Escuela de Equitaci\u00f3n de la RMCR"},"content":{"rendered":"<p>Despu\u00e9s del per\u00edodo estival y las pr\u00e1cticas realizadas en diferentes centros de Europa, el pasado d\u00eda 23 de agosto se incorporaron a la Escuela de Equitaci\u00f3n seis de los alumnos de 2\u00ba curso para continuar con su programa formativo. Igualmente el martes 30 lo hicieron Valeria Fern\u00e1ndez Palomino, Ana Gutierrez Garesse, Valent\u00edn Luj\u00e1n Gonz\u00e1lez, Rafael Antonio Mesa Mart\u00ednez, Daniela Philippe Oviedo, Natasja Stienstra,&nbsp; Elena Varona Gutierrez, que comienzan el 1\u00ba a\u00f1o de Jineteprofesor.<\/p>\n<p><img fetchpriority=\"high\" decoding=\"async\" class=\"alignnone size-full wp-image-840\" src=\"https:\/\/www.rmcr.org\/wp-content\/uploads\/2016\/09\/web.jpg\" alt=\"Web.jpg\" width=\"2858\" height=\"1700\"><\/p>\n<p>Dentro de su programa, y como en a\u00f1os anteriores, como Centro Docente Privado, la RMCR llevar\u00e1 a cabo para sus alumnos y aquellos externos que lo deseen, &nbsp;el desarrollo del curso de T\u00e9cnico Deportivo en Equitaci\u00f3n; &nbsp;los alumnos de 2\u00ba realizar\u00e1n el Ciclo Final, entre octubre y marzo (Disciplinas Ol\u00edmpicas y Turismo, Orientaci\u00f3n y Resistencia) y los de 1\u00ba el Ciclo Inicial en los meses de marzo, abril y mayo.<\/p>\n<p>La pr\u00f3xima competici\u00f3n programada ser\u00e1 la participaci\u00f3n en el Campeonato de Andaluc\u00eda de Doma Cl\u00e1sica en Sevilla<\/p>\n","protected":false},"excerpt":{"rendered":"<p>Despu\u00e9s del per\u00edodo estival y las pr\u00e1cticas realizadas en diferentes centros de Europa, el pasado d\u00eda 23 de agosto se incorporaron a la Escuela de Equitaci\u00f3n seis de los alumnos de 2\u00ba curso para continuar con su programa formativo. Igualmente el martes 30 lo hicieron Valeria Fern\u00e1ndez Palomino, Ana Gutierrez Garesse, Valent\u00edn Luj\u00e1n Gonz\u00e1lez, Rafael [&hellip;]<\/p>\n","protected":false},"author":11,"featured_media":8742,"comment_status":"closed","ping_status":"open","sticky":false,"template":"","format":"standard","meta":{"footnotes":""},"categories":[46,56,42],"tags":[74,48,40,77,73,43],"class_list":["post-838","post","type-post","status-publish","format-standard","has-post-thumbnail","hentry","category-cursos-de-formacion","category-escuela-de-equitacion","category-jinete-profesor","tag-alumnos","tag-centro-de-formacion","tag-ensenanza","tag-equipo-profesional","tag-practicas","tag-preparacion-fisica"],"yoast_head":"<!-- This site is optimized with the Yoast SEO plugin v27.5 - https:\/\/yoast.com\/product\/yoast-seo-wordpress\/ -->\n<title>5 amazonas y 2 jinetes incorporados a la Escuela de Equitaci\u00f3n de la RMCR - Real Maestranza de Caballer\u00eda de Ronda<\/title>\n<meta name=\"robots\" content=\"index, follow, max-snippet:-1, max-image-preview:large, max-video-preview:-1\" \/>\n<link rel=\"canonical\" href=\"https:\/\/www.rmcr.org\/en\/2016\/09\/02\/5-amazonas-y-2-jinetes-incorporados-a-la-escuela-de-equitacion-de-la-rmcr\/\" \/>\n<meta property=\"og:locale\" content=\"en_US\" \/>\n<meta property=\"og:type\" content=\"article\" \/>\n<meta property=\"og:title\" content=\"5 amazonas y 2 jinetes incorporados a la Escuela de Equitaci\u00f3n de la RMCR - Real Maestranza de Caballer\u00eda de Ronda\" \/>\n<meta property=\"og:description\" content=\"Despu\u00e9s del per\u00edodo estival y las pr\u00e1cticas realizadas en diferentes centros de Europa, el pasado d\u00eda 23 de agosto se incorporaron a la Escuela de Equitaci\u00f3n seis de los alumnos de 2\u00ba curso para continuar con su programa formativo. Igualmente el martes 30 lo hicieron Valeria Fern\u00e1ndez Palomino, Ana Gutierrez Garesse, Valent\u00edn Luj\u00e1n Gonz\u00e1lez, Rafael [&hellip;]\" \/>\n<meta property=\"og:url\" content=\"https:\/\/www.rmcr.org\/en\/2016\/09\/02\/5-amazonas-y-2-jinetes-incorporados-a-la-escuela-de-equitacion-de-la-rmcr\/\" \/>\n<meta property=\"og:site_name\" content=\"Real Maestranza de Caballer\u00eda de Ronda\" \/>\n<meta property=\"article:publisher\" content=\"https:\/\/www.facebook.com\/plazadetorosronda\" \/>\n<meta property=\"article:published_time\" content=\"2016-09-02T10:34:39+00:00\" \/>\n<meta property=\"article:modified_time\" content=\"2025-04-04T11:04:00+00:00\" \/>\n<meta property=\"og:image\" content=\"https:\/\/www.rmcr.org\/wp-content\/uploads\/2016\/09\/web-scaled.jpg\" \/>\n\t<meta property=\"og:image:width\" content=\"2560\" \/>\n\t<meta property=\"og:image:height\" content=\"1523\" \/>\n\t<meta property=\"og:image:type\" content=\"image\/jpeg\" \/>\n<meta name=\"author\" content=\"ESCUELA\" \/>\n<meta name=\"twitter:card\" content=\"summary_large_image\" \/>\n<meta name=\"twitter:creator\" content=\"@PlazatorosRMR\" \/>\n<meta name=\"twitter:site\" content=\"@PlazatorosRMR\" \/>\n<meta name=\"twitter:label1\" content=\"Written by\" \/>\n\t<meta name=\"twitter:data1\" content=\"ESCUELA\" \/>\n\t<meta name=\"twitter:label2\" content=\"Est. reading time\" \/>\n\t<meta name=\"twitter:data2\" content=\"1 minute\" \/>\n<script type=\"application\/ld+json\" class=\"yoast-schema-graph\">{\"@context\":\"https:\\\/\\\/schema.org\",\"@graph\":[{\"@type\":\"Article\",\"@id\":\"https:\\\/\\\/www.rmcr.org\\\/en\\\/2016\\\/09\\\/02\\\/5-amazonas-y-2-jinetes-incorporados-a-la-escuela-de-equitacion-de-la-rmcr\\\/#article\",\"isPartOf\":{\"@id\":\"https:\\\/\\\/www.rmcr.org\\\/en\\\/2016\\\/09\\\/02\\\/5-amazonas-y-2-jinetes-incorporados-a-la-escuela-de-equitacion-de-la-rmcr\\\/\"},\"author\":{\"name\":\"ESCUELA\",\"@id\":\"https:\\\/\\\/www.rmcr.org\\\/en\\\/#\\\/schema\\\/person\\\/eaba3818c6c615cf6cc53c6ca58138ff\"},\"headline\":\"5 amazonas y 2 jinetes incorporados a la Escuela de Equitaci\u00f3n de la RMCR\",\"datePublished\":\"2016-09-02T10:34:39+00:00\",\"dateModified\":\"2025-04-04T11:04:00+00:00\",\"mainEntityOfPage\":{\"@id\":\"https:\\\/\\\/www.rmcr.org\\\/en\\\/2016\\\/09\\\/02\\\/5-amazonas-y-2-jinetes-incorporados-a-la-escuela-de-equitacion-de-la-rmcr\\\/\"},\"wordCount\":192,\"publisher\":{\"@id\":\"https:\\\/\\\/www.rmcr.org\\\/en\\\/#organization\"},\"image\":{\"@id\":\"https:\\\/\\\/www.rmcr.org\\\/en\\\/2016\\\/09\\\/02\\\/5-amazonas-y-2-jinetes-incorporados-a-la-escuela-de-equitacion-de-la-rmcr\\\/#primaryimage\"},\"thumbnailUrl\":\"https:\\\/\\\/www.rmcr.org\\\/wp-content\\\/uploads\\\/2016\\\/09\\\/web-scaled.jpg\",\"keywords\":[\"Alumnos\",\"Centro de Formaci\u00f3n\",\"Ense\u00f1anza\",\"Equipo profesional\",\"Pr\u00e1cticas\",\"Preparaci\u00f3n f\u00edsica\"],\"articleSection\":[\"Cursos de Formaci\u00f3n\",\"Escuela de Equitaci\u00f3n\",\"Jinete Profesor\"],\"inLanguage\":\"en-US\"},{\"@type\":\"WebPage\",\"@id\":\"https:\\\/\\\/www.rmcr.org\\\/en\\\/2016\\\/09\\\/02\\\/5-amazonas-y-2-jinetes-incorporados-a-la-escuela-de-equitacion-de-la-rmcr\\\/\",\"url\":\"https:\\\/\\\/www.rmcr.org\\\/en\\\/2016\\\/09\\\/02\\\/5-amazonas-y-2-jinetes-incorporados-a-la-escuela-de-equitacion-de-la-rmcr\\\/\",\"name\":\"5 amazonas y 2 jinetes incorporados a la Escuela de Equitaci\u00f3n de la RMCR - Real Maestranza de Caballer\u00eda de Ronda\",\"isPartOf\":{\"@id\":\"https:\\\/\\\/www.rmcr.org\\\/en\\\/#website\"},\"primaryImageOfPage\":{\"@id\":\"https:\\\/\\\/www.rmcr.org\\\/en\\\/2016\\\/09\\\/02\\\/5-amazonas-y-2-jinetes-incorporados-a-la-escuela-de-equitacion-de-la-rmcr\\\/#primaryimage\"},\"image\":{\"@id\":\"https:\\\/\\\/www.rmcr.org\\\/en\\\/2016\\\/09\\\/02\\\/5-amazonas-y-2-jinetes-incorporados-a-la-escuela-de-equitacion-de-la-rmcr\\\/#primaryimage\"},\"thumbnailUrl\":\"https:\\\/\\\/www.rmcr.org\\\/wp-content\\\/uploads\\\/2016\\\/09\\\/web-scaled.jpg\",\"datePublished\":\"2016-09-02T10:34:39+00:00\",\"dateModified\":\"2025-04-04T11:04:00+00:00\",\"breadcrumb\":{\"@id\":\"https:\\\/\\\/www.rmcr.org\\\/en\\\/2016\\\/09\\\/02\\\/5-amazonas-y-2-jinetes-incorporados-a-la-escuela-de-equitacion-de-la-rmcr\\\/#breadcrumb\"},\"inLanguage\":\"en-US\",\"potentialAction\":[{\"@type\":\"ReadAction\",\"target\":[\"https:\\\/\\\/www.rmcr.org\\\/en\\\/2016\\\/09\\\/02\\\/5-amazonas-y-2-jinetes-incorporados-a-la-escuela-de-equitacion-de-la-rmcr\\\/\"]}]},{\"@type\":\"ImageObject\",\"inLanguage\":\"en-US\",\"@id\":\"https:\\\/\\\/www.rmcr.org\\\/en\\\/2016\\\/09\\\/02\\\/5-amazonas-y-2-jinetes-incorporados-a-la-escuela-de-equitacion-de-la-rmcr\\\/#primaryimage\",\"url\":\"https:\\\/\\\/www.rmcr.org\\\/wp-content\\\/uploads\\\/2016\\\/09\\\/web-scaled.jpg\",\"contentUrl\":\"https:\\\/\\\/www.rmcr.org\\\/wp-content\\\/uploads\\\/2016\\\/09\\\/web-scaled.jpg\",\"width\":2560,\"height\":1523},{\"@type\":\"BreadcrumbList\",\"@id\":\"https:\\\/\\\/www.rmcr.org\\\/en\\\/2016\\\/09\\\/02\\\/5-amazonas-y-2-jinetes-incorporados-a-la-escuela-de-equitacion-de-la-rmcr\\\/#breadcrumb\",\"itemListElement\":[{\"@type\":\"ListItem\",\"position\":1,\"name\":\"REAL MAESTRANZA DE CABALLER\u00cdA DE RONDA\",\"item\":\"https:\\\/\\\/www.rmcr.org\\\/en\\\/\"},{\"@type\":\"ListItem\",\"position\":2,\"name\":\"5 amazonas y 2 jinetes incorporados a la Escuela de Equitaci\u00f3n de la RMCR\"}]},{\"@type\":\"WebSite\",\"@id\":\"https:\\\/\\\/www.rmcr.org\\\/en\\\/#website\",\"url\":\"https:\\\/\\\/www.rmcr.org\\\/en\\\/\",\"name\":\"Real Maestranza de Caballer\u00eda de Ronda\",\"description\":\"Real Maestranza de Caballer\u00eda de Ronda\",\"publisher\":{\"@id\":\"https:\\\/\\\/www.rmcr.org\\\/en\\\/#organization\"},\"alternateName\":\"RMCR\",\"potentialAction\":[{\"@type\":\"SearchAction\",\"target\":{\"@type\":\"EntryPoint\",\"urlTemplate\":\"https:\\\/\\\/www.rmcr.org\\\/en\\\/?s={search_term_string}\"},\"query-input\":{\"@type\":\"PropertyValueSpecification\",\"valueRequired\":true,\"valueName\":\"search_term_string\"}}],\"inLanguage\":\"en-US\"},{\"@type\":\"Organization\",\"@id\":\"https:\\\/\\\/www.rmcr.org\\\/en\\\/#organization\",\"name\":\"Real Maestranza de Caballer\u00eda de Ronda\",\"alternateName\":\"RMR\",\"url\":\"https:\\\/\\\/www.rmcr.org\\\/en\\\/\",\"logo\":{\"@type\":\"ImageObject\",\"inLanguage\":\"en-US\",\"@id\":\"https:\\\/\\\/www.rmcr.org\\\/en\\\/#\\\/schema\\\/logo\\\/image\\\/\",\"url\":\"https:\\\/\\\/www.rmcr.org\\\/wp-content\\\/uploads\\\/2022\\\/07\\\/logo-rmr-blue.svg\",\"contentUrl\":\"https:\\\/\\\/www.rmcr.org\\\/wp-content\\\/uploads\\\/2022\\\/07\\\/logo-rmr-blue.svg\",\"width\":131,\"height\":129,\"caption\":\"Real Maestranza de Caballer\u00eda de Ronda\"},\"image\":{\"@id\":\"https:\\\/\\\/www.rmcr.org\\\/en\\\/#\\\/schema\\\/logo\\\/image\\\/\"},\"sameAs\":[\"https:\\\/\\\/www.facebook.com\\\/plazadetorosronda\",\"https:\\\/\\\/x.com\\\/PlazatorosRMR\",\"https:\\\/\\\/www.instagram.com\\\/realmaestranzaderonda\\\/\",\"https:\\\/\\\/www.youtube.com\\\/channel\\\/UCrbO5IUN-8v_QML739vM4zg\\\/videos\"]},{\"@type\":\"Person\",\"@id\":\"https:\\\/\\\/www.rmcr.org\\\/en\\\/#\\\/schema\\\/person\\\/eaba3818c6c615cf6cc53c6ca58138ff\",\"name\":\"ESCUELA\",\"image\":{\"@type\":\"ImageObject\",\"inLanguage\":\"en-US\",\"@id\":\"https:\\\/\\\/www.rmcr.org\\\/wp-content\\\/uploads\\\/2022\\\/11\\\/avatar-rmcr-96x96.png\",\"url\":\"https:\\\/\\\/www.rmcr.org\\\/wp-content\\\/uploads\\\/2022\\\/11\\\/avatar-rmcr-96x96.png\",\"contentUrl\":\"https:\\\/\\\/www.rmcr.org\\\/wp-content\\\/uploads\\\/2022\\\/11\\\/avatar-rmcr-96x96.png\",\"caption\":\"ESCUELA\"},\"url\":\"https:\\\/\\\/www.rmcr.org\\\/en\\\/author\\\/rocio-hidalgo\\\/\"}]}<\/script>\n<!-- \/ Yoast SEO plugin. -->","yoast_head_json":{"title":"5 amazonas y 2 jinetes incorporados a la Escuela de Equitaci\u00f3n de la RMCR - Real Maestranza de Caballer\u00eda de Ronda","robots":{"index":"index","follow":"follow","max-snippet":"max-snippet:-1","max-image-preview":"max-image-preview:large","max-video-preview":"max-video-preview:-1"},"canonical":"https:\/\/www.rmcr.org\/en\/2016\/09\/02\/5-amazonas-y-2-jinetes-incorporados-a-la-escuela-de-equitacion-de-la-rmcr\/","og_locale":"en_US","og_type":"article","og_title":"5 amazonas y 2 jinetes incorporados a la Escuela de Equitaci\u00f3n de la RMCR - Real Maestranza de Caballer\u00eda de Ronda","og_description":"Despu\u00e9s del per\u00edodo estival y las pr\u00e1cticas realizadas en diferentes centros de Europa, el pasado d\u00eda 23 de agosto se incorporaron a la Escuela de Equitaci\u00f3n seis de los alumnos de 2\u00ba curso para continuar con su programa formativo. Igualmente el martes 30 lo hicieron Valeria Fern\u00e1ndez Palomino, Ana Gutierrez Garesse, Valent\u00edn Luj\u00e1n Gonz\u00e1lez, Rafael [&hellip;]","og_url":"https:\/\/www.rmcr.org\/en\/2016\/09\/02\/5-amazonas-y-2-jinetes-incorporados-a-la-escuela-de-equitacion-de-la-rmcr\/","og_site_name":"Real Maestranza de Caballer\u00eda de Ronda","article_publisher":"https:\/\/www.facebook.com\/plazadetorosronda","article_published_time":"2016-09-02T10:34:39+00:00","article_modified_time":"2025-04-04T11:04:00+00:00","og_image":[{"width":2560,"height":1523,"url":"https:\/\/www.rmcr.org\/wp-content\/uploads\/2016\/09\/web-scaled.jpg","type":"image\/jpeg"}],"author":"ESCUELA","twitter_card":"summary_large_image","twitter_creator":"@PlazatorosRMR","twitter_site":"@PlazatorosRMR","twitter_misc":{"Written by":"ESCUELA","Est. reading time":"1 minute"},"schema":{"@context":"https:\/\/schema.org","@graph":[{"@type":"Article","@id":"https:\/\/www.rmcr.org\/en\/2016\/09\/02\/5-amazonas-y-2-jinetes-incorporados-a-la-escuela-de-equitacion-de-la-rmcr\/#article","isPartOf":{"@id":"https:\/\/www.rmcr.org\/en\/2016\/09\/02\/5-amazonas-y-2-jinetes-incorporados-a-la-escuela-de-equitacion-de-la-rmcr\/"},"author":{"name":"ESCUELA","@id":"https:\/\/www.rmcr.org\/en\/#\/schema\/person\/eaba3818c6c615cf6cc53c6ca58138ff"},"headline":"5 amazonas y 2 jinetes incorporados a la Escuela de Equitaci\u00f3n de la RMCR","datePublished":"2016-09-02T10:34:39+00:00","dateModified":"2025-04-04T11:04:00+00:00","mainEntityOfPage":{"@id":"https:\/\/www.rmcr.org\/en\/2016\/09\/02\/5-amazonas-y-2-jinetes-incorporados-a-la-escuela-de-equitacion-de-la-rmcr\/"},"wordCount":192,"publisher":{"@id":"https:\/\/www.rmcr.org\/en\/#organization"},"image":{"@id":"https:\/\/www.rmcr.org\/en\/2016\/09\/02\/5-amazonas-y-2-jinetes-incorporados-a-la-escuela-de-equitacion-de-la-rmcr\/#primaryimage"},"thumbnailUrl":"https:\/\/www.rmcr.org\/wp-content\/uploads\/2016\/09\/web-scaled.jpg","keywords":["Alumnos","Centro de Formaci\u00f3n","Ense\u00f1anza","Equipo profesional","Pr\u00e1cticas","Preparaci\u00f3n f\u00edsica"],"articleSection":["Cursos de Formaci\u00f3n","Escuela de Equitaci\u00f3n","Jinete Profesor"],"inLanguage":"en-US"},{"@type":"WebPage","@id":"https:\/\/www.rmcr.org\/en\/2016\/09\/02\/5-amazonas-y-2-jinetes-incorporados-a-la-escuela-de-equitacion-de-la-rmcr\/","url":"https:\/\/www.rmcr.org\/en\/2016\/09\/02\/5-amazonas-y-2-jinetes-incorporados-a-la-escuela-de-equitacion-de-la-rmcr\/","name":"5 amazonas y 2 jinetes incorporados a la Escuela de Equitaci\u00f3n de la RMCR - Real Maestranza de Caballer\u00eda de Ronda","isPartOf":{"@id":"https:\/\/www.rmcr.org\/en\/#website"},"primaryImageOfPage":{"@id":"https:\/\/www.rmcr.org\/en\/2016\/09\/02\/5-amazonas-y-2-jinetes-incorporados-a-la-escuela-de-equitacion-de-la-rmcr\/#primaryimage"},"image":{"@id":"https:\/\/www.rmcr.org\/en\/2016\/09\/02\/5-amazonas-y-2-jinetes-incorporados-a-la-escuela-de-equitacion-de-la-rmcr\/#primaryimage"},"thumbnailUrl":"https:\/\/www.rmcr.org\/wp-content\/uploads\/2016\/09\/web-scaled.jpg","datePublished":"2016-09-02T10:34:39+00:00","dateModified":"2025-04-04T11:04:00+00:00","breadcrumb":{"@id":"https:\/\/www.rmcr.org\/en\/2016\/09\/02\/5-amazonas-y-2-jinetes-incorporados-a-la-escuela-de-equitacion-de-la-rmcr\/#breadcrumb"},"inLanguage":"en-US","potentialAction":[{"@type":"ReadAction","target":["https:\/\/www.rmcr.org\/en\/2016\/09\/02\/5-amazonas-y-2-jinetes-incorporados-a-la-escuela-de-equitacion-de-la-rmcr\/"]}]},{"@type":"ImageObject","inLanguage":"en-US","@id":"https:\/\/www.rmcr.org\/en\/2016\/09\/02\/5-amazonas-y-2-jinetes-incorporados-a-la-escuela-de-equitacion-de-la-rmcr\/#primaryimage","url":"https:\/\/www.rmcr.org\/wp-content\/uploads\/2016\/09\/web-scaled.jpg","contentUrl":"https:\/\/www.rmcr.org\/wp-content\/uploads\/2016\/09\/web-scaled.jpg","width":2560,"height":1523},{"@type":"BreadcrumbList","@id":"https:\/\/www.rmcr.org\/en\/2016\/09\/02\/5-amazonas-y-2-jinetes-incorporados-a-la-escuela-de-equitacion-de-la-rmcr\/#breadcrumb","itemListElement":[{"@type":"ListItem","position":1,"name":"REAL MAESTRANZA DE CABALLER\u00cdA DE RONDA","item":"https:\/\/www.rmcr.org\/en\/"},{"@type":"ListItem","position":2,"name":"5 amazonas y 2 jinetes incorporados a la Escuela de Equitaci\u00f3n de la RMCR"}]},{"@type":"WebSite","@id":"https:\/\/www.rmcr.org\/en\/#website","url":"https:\/\/www.rmcr.org\/en\/","name":"Real Maestranza de Caballer\u00eda de Ronda","description":"Real Maestranza de Caballer\u00eda de Ronda","publisher":{"@id":"https:\/\/www.rmcr.org\/en\/#organization"},"alternateName":"RMCR","potentialAction":[{"@type":"SearchAction","target":{"@type":"EntryPoint","urlTemplate":"https:\/\/www.rmcr.org\/en\/?s={search_term_string}"},"query-input":{"@type":"PropertyValueSpecification","valueRequired":true,"valueName":"search_term_string"}}],"inLanguage":"en-US"},{"@type":"Organization","@id":"https:\/\/www.rmcr.org\/en\/#organization","name":"Real Maestranza de Caballer\u00eda de Ronda","alternateName":"RMR","url":"https:\/\/www.rmcr.org\/en\/","logo":{"@type":"ImageObject","inLanguage":"en-US","@id":"https:\/\/www.rmcr.org\/en\/#\/schema\/logo\/image\/","url":"https:\/\/www.rmcr.org\/wp-content\/uploads\/2022\/07\/logo-rmr-blue.svg","contentUrl":"https:\/\/www.rmcr.org\/wp-content\/uploads\/2022\/07\/logo-rmr-blue.svg","width":131,"height":129,"caption":"Real Maestranza de Caballer\u00eda de Ronda"},"image":{"@id":"https:\/\/www.rmcr.org\/en\/#\/schema\/logo\/image\/"},"sameAs":["https:\/\/www.facebook.com\/plazadetorosronda","https:\/\/x.com\/PlazatorosRMR","https:\/\/www.instagram.com\/realmaestranzaderonda\/","https:\/\/www.youtube.com\/channel\/UCrbO5IUN-8v_QML739vM4zg\/videos"]},{"@type":"Person","@id":"https:\/\/www.rmcr.org\/en\/#\/schema\/person\/eaba3818c6c615cf6cc53c6ca58138ff","name":"ESCUELA","image":{"@type":"ImageObject","inLanguage":"en-US","@id":"https:\/\/www.rmcr.org\/wp-content\/uploads\/2022\/11\/avatar-rmcr-96x96.png","url":"https:\/\/www.rmcr.org\/wp-content\/uploads\/2022\/11\/avatar-rmcr-96x96.png","contentUrl":"https:\/\/www.rmcr.org\/wp-content\/uploads\/2022\/11\/avatar-rmcr-96x96.png","caption":"ESCUELA"},"url":"https:\/\/www.rmcr.org\/en\/author\/rocio-hidalgo\/"}]}},"_links":{"self":[{"href":"https:\/\/www.rmcr.org\/en\/wp-json\/wp\/v2\/posts\/838","targetHints":{"allow":["GET"]}}],"collection":[{"href":"https:\/\/www.rmcr.org\/en\/wp-json\/wp\/v2\/posts"}],"about":[{"href":"https:\/\/www.rmcr.org\/en\/wp-json\/wp\/v2\/types\/post"}],"author":[{"embeddable":true,"href":"https:\/\/www.rmcr.org\/en\/wp-json\/wp\/v2\/users\/11"}],"replies":[{"embeddable":true,"href":"https:\/\/www.rmcr.org\/en\/wp-json\/wp\/v2\/comments?post=838"}],"version-history":[{"count":1,"href":"https:\/\/www.rmcr.org\/en\/wp-json\/wp\/v2\/posts\/838\/revisions"}],"predecessor-version":[{"id":15419,"href":"https:\/\/www.rmcr.org\/en\/wp-json\/wp\/v2\/posts\/838\/revisions\/15419"}],"wp:featuredmedia":[{"embeddable":true,"href":"https:\/\/www.rmcr.org\/en\/wp-json\/wp\/v2\/media\/8742"}],"wp:attachment":[{"href":"https:\/\/www.rmcr.org\/en\/wp-json\/wp\/v2\/media?parent=838"}],"wp:term":[{"taxonomy":"category","embeddable":true,"href":"https:\/\/www.rmcr.org\/en\/wp-json\/wp\/v2\/categories?post=838"},{"taxonomy":"post_tag","embeddable":true,"href":"https:\/\/www.rmcr.org\/en\/wp-json\/wp\/v2\/tags?post=838"}],"curies":[{"name":"wp","href":"https:\/\/api.w.org\/{rel}","templated":true}]}}