{"id":826,"date":"2016-08-16T06:22:15","date_gmt":"2016-08-16T06:22:15","guid":{"rendered":"https:\/\/www.rmcr.org\/?p=826"},"modified":"2016-08-16T06:22:15","modified_gmt":"2016-08-16T06:22:15","slug":"el-ex-alumno-severo-jurado-diploma-olimpico-en-rio-2016","status":"publish","type":"post","link":"https:\/\/www.rmcr.org\/en\/2016\/08\/16\/el-ex-alumno-severo-jurado-diploma-olimpico-en-rio-2016\/","title":{"rendered":"El ex alumno Severo Jurado diploma ol\u00edmpico en R\u00edo 2016"},"content":{"rendered":"<p><i>Lunes, 15 de agosto, fiesta nacional en Espa\u00f1a y fiesta h\u00edpica en R\u00edo; tres de la tarde, la mitad de los espa\u00f1oles regresando de vacaciones y la otra mitad inici\u00e1ndolas. Pero si para alguien era importante este d\u00eda es para los jinetes y amazonas que han conseguido clasificarse para la \u00faltima prueba de Doma Cl\u00e1sica en los JJ.OO. de R\u00edo y a todos los aficionados a esta disciplina.<\/i><\/p>\n<p><i>Dos espa\u00f1oles figuran en el orden de salida entre los 18 mejores del mundo: Beatriz Ferrer Salat y Severo Jurado. Ambos presidieron en su d\u00eda la ceremonia anual de entrega de Becas y Premios de la Real Maestranza. La primera en su XV edici\u00f3n de 2012 y Severo, siete a\u00f1os despu\u00e9s de haber conseguido el t\u00edtulo de Jinete-Profesor de la Escuela de Equitaci\u00f3n de la RMCR, la XVIII edici\u00f3n de 2015.<\/i><\/p>\n<p><a href=\"http:\/\/www.topiberian.com\/index.php\/2013-08-27-14-59-08\/news\/dressage\/88540:severo-jurado-lorenzo-unico-binomio-ovacionado-por-el-publico-de-rio-antes-de-terminar\"><img fetchpriority=\"high\" decoding=\"async\" class=\"aligncenter wp-image-834 size-large\" src=\"https:\/\/www.rmcr.org\/wp-content\/uploads\/2016\/08\/topiberian2.jpg?w=470\" alt=\"topiberian\" width=\"470\" height=\"301\" srcset=\"https:\/\/www.rmcr.org\/wp-content\/uploads\/2016\/08\/topiberian2.jpg 780w, https:\/\/www.rmcr.org\/wp-content\/uploads\/2016\/08\/topiberian2-300x192.jpg 300w, https:\/\/www.rmcr.org\/wp-content\/uploads\/2016\/08\/topiberian2-768x492.jpg 768w\" sizes=\"(max-width: 470px) 100vw, 470px\" \/><\/a><\/p>\n<p style=\"text-align:center;\">www.topiberian.com<\/p>\n<p><i>Conforme al reglamento de los JJ.OO. se confecciona el orden de salida de la prueba; a las cinco menos cuarto compite Beatriz: una buena prueba t\u00e9cnica y tambi\u00e9n en la parte art\u00edstica. Total 80.161, clasificada en d\u00e9cimo lugar en estos juegos por esta gran amazona que ya conquist\u00f3 la plata individual y el oro por equipos en Atenas 2004. Enhorabuena Bea.<\/i><\/p>\n<p><i>A las seis de la tarde entra Severo a la pista central piafando con su caballo westfaliano de capa alazana Lorenzo, nacido en Baviera ocho a\u00f1os antes. Este jinete de 27 a\u00f1os, que tras titularse en Ronda no dud\u00f3 en poner rumbo a Europa para seguir form\u00e1ndose, atesora en su\u00a0palmares\u00a0el oro de los dos \u00faltimos campeonatos del mundo de Caballos J\u00f3venes, al que ya\u00a0puede sumar su primera participaci\u00f3n\u00a0en unos Juegos Ol\u00edmpicos. La K\u00fcr Gran Premio que realiza la podemos calificar de excelente y la media final, un 83.625, le lleva al 5\u00ba puesto de la clasificaci\u00f3n final de estos JJ.OO. y su primer diploma ol\u00edmpico.<\/i><\/p>\n<p><i>Excelencia es lo que queda cuando se busca la perfecci\u00f3n y esto es lo que ha conseguido hoy este jinete sevillano.<\/i><\/p>\n<p><i>\u00a1\u00a1\u00a1\u00a1Enhorabuena y nuestra m\u00e1s sincera admiraci\u00f3n, Severo!!!!<\/i><\/p>\n","protected":false},"excerpt":{"rendered":"<p>Lunes, 15 de agosto, fiesta nacional en Espa\u00f1a y fiesta h\u00edpica en R\u00edo; tres de la tarde, la mitad de los espa\u00f1oles regresando de vacaciones y la otra mitad inici\u00e1ndolas. Pero si para alguien era importante este d\u00eda es para los jinetes y amazonas que han conseguido clasificarse para la \u00faltima prueba de Doma Cl\u00e1sica [&hellip;]<\/p>\n","protected":false},"author":7,"featured_media":829,"comment_status":"closed","ping_status":"open","sticky":false,"template":"","format":"standard","meta":{"footnotes":""},"categories":[76,56],"tags":[66,80],"class_list":["post-826","post","type-post","status-publish","format-standard","has-post-thumbnail","hentry","category-concursos","category-escuela-de-equitacion","tag-competicion","tag-juegos-olimpicos"],"yoast_head":"<!-- This site is optimized with the Yoast SEO plugin v27.5 - https:\/\/yoast.com\/product\/yoast-seo-wordpress\/ -->\n<title>El ex alumno Severo Jurado diploma ol\u00edmpico en R\u00edo 2016 - Real Maestranza de Caballer\u00eda de Ronda<\/title>\n<meta name=\"robots\" content=\"index, follow, max-snippet:-1, max-image-preview:large, max-video-preview:-1\" \/>\n<link rel=\"canonical\" href=\"https:\/\/www.rmcr.org\/en\/2016\/08\/16\/el-ex-alumno-severo-jurado-diploma-olimpico-en-rio-2016\/\" \/>\n<meta property=\"og:locale\" content=\"en_US\" \/>\n<meta property=\"og:type\" content=\"article\" \/>\n<meta property=\"og:title\" content=\"El ex alumno Severo Jurado diploma ol\u00edmpico en R\u00edo 2016 - Real Maestranza de Caballer\u00eda de Ronda\" \/>\n<meta property=\"og:description\" content=\"Lunes, 15 de agosto, fiesta nacional en Espa\u00f1a y fiesta h\u00edpica en R\u00edo; tres de la tarde, la mitad de los espa\u00f1oles regresando de vacaciones y la otra mitad inici\u00e1ndolas. Pero si para alguien era importante este d\u00eda es para los jinetes y amazonas que han conseguido clasificarse para la \u00faltima prueba de Doma Cl\u00e1sica [&hellip;]\" \/>\n<meta property=\"og:url\" content=\"https:\/\/www.rmcr.org\/en\/2016\/08\/16\/el-ex-alumno-severo-jurado-diploma-olimpico-en-rio-2016\/\" \/>\n<meta property=\"og:site_name\" content=\"Real Maestranza de Caballer\u00eda de Ronda\" \/>\n<meta property=\"article:publisher\" content=\"https:\/\/www.facebook.com\/plazadetorosronda\" \/>\n<meta property=\"article:published_time\" content=\"2016-08-16T06:22:15+00:00\" \/>\n<meta property=\"og:image\" content=\"https:\/\/www.rmcr.org\/wp-content\/uploads\/2016\/08\/topib.jpg\" \/>\n\t<meta property=\"og:image:width\" content=\"482\" \/>\n\t<meta property=\"og:image:height\" content=\"197\" \/>\n\t<meta property=\"og:image:type\" content=\"image\/jpeg\" \/>\n<meta name=\"author\" content=\"RMCR\" \/>\n<meta name=\"twitter:card\" content=\"summary_large_image\" \/>\n<meta name=\"twitter:creator\" content=\"@PlazatorosRMR\" \/>\n<meta name=\"twitter:site\" content=\"@PlazatorosRMR\" \/>\n<meta name=\"twitter:label1\" content=\"Written by\" \/>\n\t<meta name=\"twitter:data1\" content=\"RMCR\" \/>\n\t<meta name=\"twitter:label2\" content=\"Est. reading time\" \/>\n\t<meta name=\"twitter:data2\" content=\"2 minutes\" \/>\n<script type=\"application\/ld+json\" class=\"yoast-schema-graph\">{\"@context\":\"https:\\\/\\\/schema.org\",\"@graph\":[{\"@type\":\"Article\",\"@id\":\"https:\\\/\\\/www.rmcr.org\\\/en\\\/2016\\\/08\\\/16\\\/el-ex-alumno-severo-jurado-diploma-olimpico-en-rio-2016\\\/#article\",\"isPartOf\":{\"@id\":\"https:\\\/\\\/www.rmcr.org\\\/en\\\/2016\\\/08\\\/16\\\/el-ex-alumno-severo-jurado-diploma-olimpico-en-rio-2016\\\/\"},\"author\":{\"name\":\"RMCR\",\"@id\":\"https:\\\/\\\/www.rmcr.org\\\/en\\\/#\\\/schema\\\/person\\\/7ddd0dafda7edd0e407157f93a56df4f\"},\"headline\":\"El ex alumno Severo Jurado diploma ol\u00edmpico en R\u00edo 2016\",\"datePublished\":\"2016-08-16T06:22:15+00:00\",\"mainEntityOfPage\":{\"@id\":\"https:\\\/\\\/www.rmcr.org\\\/en\\\/2016\\\/08\\\/16\\\/el-ex-alumno-severo-jurado-diploma-olimpico-en-rio-2016\\\/\"},\"wordCount\":377,\"publisher\":{\"@id\":\"https:\\\/\\\/www.rmcr.org\\\/en\\\/#organization\"},\"image\":{\"@id\":\"https:\\\/\\\/www.rmcr.org\\\/en\\\/2016\\\/08\\\/16\\\/el-ex-alumno-severo-jurado-diploma-olimpico-en-rio-2016\\\/#primaryimage\"},\"thumbnailUrl\":\"https:\\\/\\\/www.rmcr.org\\\/wp-content\\\/uploads\\\/2016\\\/08\\\/topib.jpg\",\"keywords\":[\"Competici\u00f3n\",\"Juegos Ol\u00edmpicos\"],\"articleSection\":[\"Concursos\",\"Escuela de Equitaci\u00f3n\"],\"inLanguage\":\"en-US\"},{\"@type\":\"WebPage\",\"@id\":\"https:\\\/\\\/www.rmcr.org\\\/en\\\/2016\\\/08\\\/16\\\/el-ex-alumno-severo-jurado-diploma-olimpico-en-rio-2016\\\/\",\"url\":\"https:\\\/\\\/www.rmcr.org\\\/en\\\/2016\\\/08\\\/16\\\/el-ex-alumno-severo-jurado-diploma-olimpico-en-rio-2016\\\/\",\"name\":\"El ex alumno Severo Jurado diploma ol\u00edmpico en R\u00edo 2016 - Real Maestranza de Caballer\u00eda de Ronda\",\"isPartOf\":{\"@id\":\"https:\\\/\\\/www.rmcr.org\\\/en\\\/#website\"},\"primaryImageOfPage\":{\"@id\":\"https:\\\/\\\/www.rmcr.org\\\/en\\\/2016\\\/08\\\/16\\\/el-ex-alumno-severo-jurado-diploma-olimpico-en-rio-2016\\\/#primaryimage\"},\"image\":{\"@id\":\"https:\\\/\\\/www.rmcr.org\\\/en\\\/2016\\\/08\\\/16\\\/el-ex-alumno-severo-jurado-diploma-olimpico-en-rio-2016\\\/#primaryimage\"},\"thumbnailUrl\":\"https:\\\/\\\/www.rmcr.org\\\/wp-content\\\/uploads\\\/2016\\\/08\\\/topib.jpg\",\"datePublished\":\"2016-08-16T06:22:15+00:00\",\"breadcrumb\":{\"@id\":\"https:\\\/\\\/www.rmcr.org\\\/en\\\/2016\\\/08\\\/16\\\/el-ex-alumno-severo-jurado-diploma-olimpico-en-rio-2016\\\/#breadcrumb\"},\"inLanguage\":\"en-US\",\"potentialAction\":[{\"@type\":\"ReadAction\",\"target\":[\"https:\\\/\\\/www.rmcr.org\\\/en\\\/2016\\\/08\\\/16\\\/el-ex-alumno-severo-jurado-diploma-olimpico-en-rio-2016\\\/\"]}]},{\"@type\":\"ImageObject\",\"inLanguage\":\"en-US\",\"@id\":\"https:\\\/\\\/www.rmcr.org\\\/en\\\/2016\\\/08\\\/16\\\/el-ex-alumno-severo-jurado-diploma-olimpico-en-rio-2016\\\/#primaryimage\",\"url\":\"https:\\\/\\\/www.rmcr.org\\\/wp-content\\\/uploads\\\/2016\\\/08\\\/topib.jpg\",\"contentUrl\":\"https:\\\/\\\/www.rmcr.org\\\/wp-content\\\/uploads\\\/2016\\\/08\\\/topib.jpg\",\"width\":482,\"height\":197},{\"@type\":\"BreadcrumbList\",\"@id\":\"https:\\\/\\\/www.rmcr.org\\\/en\\\/2016\\\/08\\\/16\\\/el-ex-alumno-severo-jurado-diploma-olimpico-en-rio-2016\\\/#breadcrumb\",\"itemListElement\":[{\"@type\":\"ListItem\",\"position\":1,\"name\":\"REAL MAESTRANZA DE CABALLER\u00cdA DE RONDA\",\"item\":\"https:\\\/\\\/www.rmcr.org\\\/en\\\/\"},{\"@type\":\"ListItem\",\"position\":2,\"name\":\"El ex alumno Severo Jurado diploma ol\u00edmpico en R\u00edo 2016\"}]},{\"@type\":\"WebSite\",\"@id\":\"https:\\\/\\\/www.rmcr.org\\\/en\\\/#website\",\"url\":\"https:\\\/\\\/www.rmcr.org\\\/en\\\/\",\"name\":\"Real Maestranza de Caballer\u00eda de Ronda\",\"description\":\"Real Maestranza de Caballer\u00eda de Ronda\",\"publisher\":{\"@id\":\"https:\\\/\\\/www.rmcr.org\\\/en\\\/#organization\"},\"alternateName\":\"RMCR\",\"potentialAction\":[{\"@type\":\"SearchAction\",\"target\":{\"@type\":\"EntryPoint\",\"urlTemplate\":\"https:\\\/\\\/www.rmcr.org\\\/en\\\/?s={search_term_string}\"},\"query-input\":{\"@type\":\"PropertyValueSpecification\",\"valueRequired\":true,\"valueName\":\"search_term_string\"}}],\"inLanguage\":\"en-US\"},{\"@type\":\"Organization\",\"@id\":\"https:\\\/\\\/www.rmcr.org\\\/en\\\/#organization\",\"name\":\"Real Maestranza de Caballer\u00eda de Ronda\",\"alternateName\":\"RMR\",\"url\":\"https:\\\/\\\/www.rmcr.org\\\/en\\\/\",\"logo\":{\"@type\":\"ImageObject\",\"inLanguage\":\"en-US\",\"@id\":\"https:\\\/\\\/www.rmcr.org\\\/en\\\/#\\\/schema\\\/logo\\\/image\\\/\",\"url\":\"https:\\\/\\\/www.rmcr.org\\\/wp-content\\\/uploads\\\/2022\\\/07\\\/logo-rmr-blue.svg\",\"contentUrl\":\"https:\\\/\\\/www.rmcr.org\\\/wp-content\\\/uploads\\\/2022\\\/07\\\/logo-rmr-blue.svg\",\"width\":131,\"height\":129,\"caption\":\"Real Maestranza de Caballer\u00eda de Ronda\"},\"image\":{\"@id\":\"https:\\\/\\\/www.rmcr.org\\\/en\\\/#\\\/schema\\\/logo\\\/image\\\/\"},\"sameAs\":[\"https:\\\/\\\/www.facebook.com\\\/plazadetorosronda\",\"https:\\\/\\\/x.com\\\/PlazatorosRMR\",\"https:\\\/\\\/www.instagram.com\\\/realmaestranzaderonda\\\/\",\"https:\\\/\\\/www.youtube.com\\\/channel\\\/UCrbO5IUN-8v_QML739vM4zg\\\/videos\"]},{\"@type\":\"Person\",\"@id\":\"https:\\\/\\\/www.rmcr.org\\\/en\\\/#\\\/schema\\\/person\\\/7ddd0dafda7edd0e407157f93a56df4f\",\"name\":\"RMCR\",\"image\":{\"@type\":\"ImageObject\",\"inLanguage\":\"en-US\",\"@id\":\"https:\\\/\\\/secure.gravatar.com\\\/avatar\\\/adb75798b50800c24baa6a8706037b9469998c49eddeb95935f50f633cff80bb?s=96&d=mm&r=g\",\"url\":\"https:\\\/\\\/secure.gravatar.com\\\/avatar\\\/adb75798b50800c24baa6a8706037b9469998c49eddeb95935f50f633cff80bb?s=96&d=mm&r=g\",\"contentUrl\":\"https:\\\/\\\/secure.gravatar.com\\\/avatar\\\/adb75798b50800c24baa6a8706037b9469998c49eddeb95935f50f633cff80bb?s=96&d=mm&r=g\",\"caption\":\"RMCR\"},\"url\":\"https:\\\/\\\/www.rmcr.org\\\/en\\\/author\\\/bitniks77\\\/\"}]}<\/script>\n<!-- \/ Yoast SEO plugin. -->","yoast_head_json":{"title":"El ex alumno Severo Jurado diploma ol\u00edmpico en R\u00edo 2016 - Real Maestranza de Caballer\u00eda de Ronda","robots":{"index":"index","follow":"follow","max-snippet":"max-snippet:-1","max-image-preview":"max-image-preview:large","max-video-preview":"max-video-preview:-1"},"canonical":"https:\/\/www.rmcr.org\/en\/2016\/08\/16\/el-ex-alumno-severo-jurado-diploma-olimpico-en-rio-2016\/","og_locale":"en_US","og_type":"article","og_title":"El ex alumno Severo Jurado diploma ol\u00edmpico en R\u00edo 2016 - Real Maestranza de Caballer\u00eda de Ronda","og_description":"Lunes, 15 de agosto, fiesta nacional en Espa\u00f1a y fiesta h\u00edpica en R\u00edo; tres de la tarde, la mitad de los espa\u00f1oles regresando de vacaciones y la otra mitad inici\u00e1ndolas. Pero si para alguien era importante este d\u00eda es para los jinetes y amazonas que han conseguido clasificarse para la \u00faltima prueba de Doma Cl\u00e1sica [&hellip;]","og_url":"https:\/\/www.rmcr.org\/en\/2016\/08\/16\/el-ex-alumno-severo-jurado-diploma-olimpico-en-rio-2016\/","og_site_name":"Real Maestranza de Caballer\u00eda de Ronda","article_publisher":"https:\/\/www.facebook.com\/plazadetorosronda","article_published_time":"2016-08-16T06:22:15+00:00","og_image":[{"width":482,"height":197,"url":"https:\/\/www.rmcr.org\/wp-content\/uploads\/2016\/08\/topib.jpg","type":"image\/jpeg"}],"author":"RMCR","twitter_card":"summary_large_image","twitter_creator":"@PlazatorosRMR","twitter_site":"@PlazatorosRMR","twitter_misc":{"Written by":"RMCR","Est. reading time":"2 minutes"},"schema":{"@context":"https:\/\/schema.org","@graph":[{"@type":"Article","@id":"https:\/\/www.rmcr.org\/en\/2016\/08\/16\/el-ex-alumno-severo-jurado-diploma-olimpico-en-rio-2016\/#article","isPartOf":{"@id":"https:\/\/www.rmcr.org\/en\/2016\/08\/16\/el-ex-alumno-severo-jurado-diploma-olimpico-en-rio-2016\/"},"author":{"name":"RMCR","@id":"https:\/\/www.rmcr.org\/en\/#\/schema\/person\/7ddd0dafda7edd0e407157f93a56df4f"},"headline":"El ex alumno Severo Jurado diploma ol\u00edmpico en R\u00edo 2016","datePublished":"2016-08-16T06:22:15+00:00","mainEntityOfPage":{"@id":"https:\/\/www.rmcr.org\/en\/2016\/08\/16\/el-ex-alumno-severo-jurado-diploma-olimpico-en-rio-2016\/"},"wordCount":377,"publisher":{"@id":"https:\/\/www.rmcr.org\/en\/#organization"},"image":{"@id":"https:\/\/www.rmcr.org\/en\/2016\/08\/16\/el-ex-alumno-severo-jurado-diploma-olimpico-en-rio-2016\/#primaryimage"},"thumbnailUrl":"https:\/\/www.rmcr.org\/wp-content\/uploads\/2016\/08\/topib.jpg","keywords":["Competici\u00f3n","Juegos Ol\u00edmpicos"],"articleSection":["Concursos","Escuela de Equitaci\u00f3n"],"inLanguage":"en-US"},{"@type":"WebPage","@id":"https:\/\/www.rmcr.org\/en\/2016\/08\/16\/el-ex-alumno-severo-jurado-diploma-olimpico-en-rio-2016\/","url":"https:\/\/www.rmcr.org\/en\/2016\/08\/16\/el-ex-alumno-severo-jurado-diploma-olimpico-en-rio-2016\/","name":"El ex alumno Severo Jurado diploma ol\u00edmpico en R\u00edo 2016 - Real Maestranza de Caballer\u00eda de Ronda","isPartOf":{"@id":"https:\/\/www.rmcr.org\/en\/#website"},"primaryImageOfPage":{"@id":"https:\/\/www.rmcr.org\/en\/2016\/08\/16\/el-ex-alumno-severo-jurado-diploma-olimpico-en-rio-2016\/#primaryimage"},"image":{"@id":"https:\/\/www.rmcr.org\/en\/2016\/08\/16\/el-ex-alumno-severo-jurado-diploma-olimpico-en-rio-2016\/#primaryimage"},"thumbnailUrl":"https:\/\/www.rmcr.org\/wp-content\/uploads\/2016\/08\/topib.jpg","datePublished":"2016-08-16T06:22:15+00:00","breadcrumb":{"@id":"https:\/\/www.rmcr.org\/en\/2016\/08\/16\/el-ex-alumno-severo-jurado-diploma-olimpico-en-rio-2016\/#breadcrumb"},"inLanguage":"en-US","potentialAction":[{"@type":"ReadAction","target":["https:\/\/www.rmcr.org\/en\/2016\/08\/16\/el-ex-alumno-severo-jurado-diploma-olimpico-en-rio-2016\/"]}]},{"@type":"ImageObject","inLanguage":"en-US","@id":"https:\/\/www.rmcr.org\/en\/2016\/08\/16\/el-ex-alumno-severo-jurado-diploma-olimpico-en-rio-2016\/#primaryimage","url":"https:\/\/www.rmcr.org\/wp-content\/uploads\/2016\/08\/topib.jpg","contentUrl":"https:\/\/www.rmcr.org\/wp-content\/uploads\/2016\/08\/topib.jpg","width":482,"height":197},{"@type":"BreadcrumbList","@id":"https:\/\/www.rmcr.org\/en\/2016\/08\/16\/el-ex-alumno-severo-jurado-diploma-olimpico-en-rio-2016\/#breadcrumb","itemListElement":[{"@type":"ListItem","position":1,"name":"REAL MAESTRANZA DE CABALLER\u00cdA DE RONDA","item":"https:\/\/www.rmcr.org\/en\/"},{"@type":"ListItem","position":2,"name":"El ex alumno Severo Jurado diploma ol\u00edmpico en R\u00edo 2016"}]},{"@type":"WebSite","@id":"https:\/\/www.rmcr.org\/en\/#website","url":"https:\/\/www.rmcr.org\/en\/","name":"Real Maestranza de Caballer\u00eda de Ronda","description":"Real Maestranza de Caballer\u00eda de Ronda","publisher":{"@id":"https:\/\/www.rmcr.org\/en\/#organization"},"alternateName":"RMCR","potentialAction":[{"@type":"SearchAction","target":{"@type":"EntryPoint","urlTemplate":"https:\/\/www.rmcr.org\/en\/?s={search_term_string}"},"query-input":{"@type":"PropertyValueSpecification","valueRequired":true,"valueName":"search_term_string"}}],"inLanguage":"en-US"},{"@type":"Organization","@id":"https:\/\/www.rmcr.org\/en\/#organization","name":"Real Maestranza de Caballer\u00eda de Ronda","alternateName":"RMR","url":"https:\/\/www.rmcr.org\/en\/","logo":{"@type":"ImageObject","inLanguage":"en-US","@id":"https:\/\/www.rmcr.org\/en\/#\/schema\/logo\/image\/","url":"https:\/\/www.rmcr.org\/wp-content\/uploads\/2022\/07\/logo-rmr-blue.svg","contentUrl":"https:\/\/www.rmcr.org\/wp-content\/uploads\/2022\/07\/logo-rmr-blue.svg","width":131,"height":129,"caption":"Real Maestranza de Caballer\u00eda de Ronda"},"image":{"@id":"https:\/\/www.rmcr.org\/en\/#\/schema\/logo\/image\/"},"sameAs":["https:\/\/www.facebook.com\/plazadetorosronda","https:\/\/x.com\/PlazatorosRMR","https:\/\/www.instagram.com\/realmaestranzaderonda\/","https:\/\/www.youtube.com\/channel\/UCrbO5IUN-8v_QML739vM4zg\/videos"]},{"@type":"Person","@id":"https:\/\/www.rmcr.org\/en\/#\/schema\/person\/7ddd0dafda7edd0e407157f93a56df4f","name":"RMCR","image":{"@type":"ImageObject","inLanguage":"en-US","@id":"https:\/\/secure.gravatar.com\/avatar\/adb75798b50800c24baa6a8706037b9469998c49eddeb95935f50f633cff80bb?s=96&d=mm&r=g","url":"https:\/\/secure.gravatar.com\/avatar\/adb75798b50800c24baa6a8706037b9469998c49eddeb95935f50f633cff80bb?s=96&d=mm&r=g","contentUrl":"https:\/\/secure.gravatar.com\/avatar\/adb75798b50800c24baa6a8706037b9469998c49eddeb95935f50f633cff80bb?s=96&d=mm&r=g","caption":"RMCR"},"url":"https:\/\/www.rmcr.org\/en\/author\/bitniks77\/"}]}},"_links":{"self":[{"href":"https:\/\/www.rmcr.org\/en\/wp-json\/wp\/v2\/posts\/826","targetHints":{"allow":["GET"]}}],"collection":[{"href":"https:\/\/www.rmcr.org\/en\/wp-json\/wp\/v2\/posts"}],"about":[{"href":"https:\/\/www.rmcr.org\/en\/wp-json\/wp\/v2\/types\/post"}],"author":[{"embeddable":true,"href":"https:\/\/www.rmcr.org\/en\/wp-json\/wp\/v2\/users\/7"}],"replies":[{"embeddable":true,"href":"https:\/\/www.rmcr.org\/en\/wp-json\/wp\/v2\/comments?post=826"}],"version-history":[{"count":0,"href":"https:\/\/www.rmcr.org\/en\/wp-json\/wp\/v2\/posts\/826\/revisions"}],"wp:featuredmedia":[{"embeddable":true,"href":"https:\/\/www.rmcr.org\/en\/wp-json\/wp\/v2\/media\/829"}],"wp:attachment":[{"href":"https:\/\/www.rmcr.org\/en\/wp-json\/wp\/v2\/media?parent=826"}],"wp:term":[{"taxonomy":"category","embeddable":true,"href":"https:\/\/www.rmcr.org\/en\/wp-json\/wp\/v2\/categories?post=826"},{"taxonomy":"post_tag","embeddable":true,"href":"https:\/\/www.rmcr.org\/en\/wp-json\/wp\/v2\/tags?post=826"}],"curies":[{"name":"wp","href":"https:\/\/api.w.org\/{rel}","templated":true}]}}