{"id":825,"date":"2020-06-19T12:34:27","date_gmt":"2020-06-19T12:34:27","guid":{"rendered":"https:\/\/www.rmcr.org\/?p=825"},"modified":"2020-06-19T12:34:27","modified_gmt":"2020-06-19T12:34:27","slug":"real-guarnicioneria-de-la-casa-de-orleans","status":"publish","type":"post","link":"https:\/\/www.rmcr.org\/en\/2020\/06\/19\/real-guarnicioneria-de-la-casa-de-orleans\/","title":{"rendered":"Real Guarnicioner\u00eda de la Casa de Orleans"},"content":{"rendered":"<p>Frente a la sala de Historia de la Tauromaquia, en un corredor que se extiende tambi\u00e9n bajo los tendidos de sombra a lo largo de un cuarto de la Plaza, se dispone una colecci\u00f3n \u00fanica y singular de artes suntuarias: la Real Guarnicioner\u00eda que perteneci\u00f3 a Antonio de Orleans, duque de Montpensier (1824-1890), que originalmente se conservaba en el guadarn\u00e9s de su palacio en Sanl\u00facar de Barrameda.<\/p>\n<p>Pretendiente toda su vida al trono de Espa\u00f1a, instal\u00f3 su corte particular en Sevilla en el palacio de San Telmo, actual sede de la Presidencia de la Junta de Andaluc\u00eda. Era el menor de los hijos de Luis Felipe de Orleans (1773-1850), duque de Orleans, que se hizo coronar como Luis Felipe I tras la revoluci\u00f3n de 1830 que destron\u00f3 a Carlos X. Fue el \u00faltimo rey de los franceses, de 1830 a 1848.<\/p>\n<p><a href=\"https:\/\/www.rmcr.org\/wp-content\/uploads\/2020\/06\/real-guarnicioneria.jpg\"><img fetchpriority=\"high\" decoding=\"async\" class=\"wp-image-834 size-full aligncenter\" src=\"https:\/\/www.rmcr.org\/wp-content\/uploads\/2020\/06\/real-guarnicioneria.jpg\" alt=\"\" width=\"470\" height=\"313\" \/><\/a><\/p>\n<p style=\"text-align:center;\"><em>Perspectiva de la colecci\u00f3n. Foto: Jos\u00e9 Mor\u00f3n.<\/em><\/p>\n<p>Esta delicada y rica colecci\u00f3n de art\u00edculos para caballer\u00edas, arneses, siller\u00eda y ropajes, regalo de Luis Felipe I a su hijo, se presenta en las vitrinas de hierro fundido que serv\u00edan de librer\u00eda en la biblioteca del propio palacio sanluque\u00f1o. Contiene tres estilos de guarniciones: francesa de gala, inglesa de paseo y andaluza de campo o calesera, junto a guarniciones orientales como una espectacular siller\u00eda mameluca de gala, obra de arte de la m\u00e1s exquisita talabarter\u00eda, o una montura de amazona de la reina Isabel II de Espa\u00f1a, cu\u00f1ada del duque, en piel de cerdo con escudo bordado en relieve, de mediados del siglo XIX.<\/p>\n<p>A lo largo de las vitrinas o armarios se disponen las distintas guarniciones. En el primer tramo se muestran las monturas y cabezadas de origen \u00e1rabe de ricos bordados, procedentes del gusto de las grandes casas desde que el ej\u00e9rcito napole\u00f3nico mantuviera tropas mamelucas y del af\u00e1n coleccionista del duque de resultas de su viaje a Egipto. Entre las piezas se cuentan una silla de gala de estilo oriental, atribuidas a la Guardia Mameluca del Pach\u00e1 de Egipto, propiedad del rey Luis Felipe de Francia, de finales siglo XVIII y principios del XIX, junto a una silla regalo del Sult\u00e1n de Marruecos al duque de Montpensier, de principios del siglo XIX. En este grupo se encuentran tambi\u00e9n sillas francesas de montar con estribos de hierro dorado, firmadas por J.A. Schneider, sillero de la Armada del Sult\u00e1n, y Lucot, sillero del Rey, de dataci\u00f3n similar.<\/p>\n<p><a href=\"https:\/\/www.rmcr.org\/wp-content\/uploads\/2020\/06\/silla-mameluca.jpg\"><img decoding=\"async\" class=\"aligncenter wp-image-832 size-full\" src=\"https:\/\/www.rmcr.org\/wp-content\/uploads\/2020\/06\/silla-mameluca.jpg\" alt=\"\" width=\"470\" height=\"431\" srcset=\"https:\/\/www.rmcr.org\/wp-content\/uploads\/2020\/06\/silla-mameluca.jpg 500w, https:\/\/www.rmcr.org\/wp-content\/uploads\/2020\/06\/silla-mameluca-300x275.jpg 300w\" sizes=\"(max-width: 470px) 100vw, 470px\" \/><\/a><\/p>\n<p style=\"text-align:center;\"><em>Silla mameluca. Foto: Jos\u00e9 Mor\u00f3n.<\/em><\/p>\n<p>A continuaci\u00f3n se muestra la guarnici\u00f3n a la calesera espa\u00f1ola, de uso extendido en Andaluc\u00eda, y que el duque usaba con frecuencia, ya que fue un gran promotor de todo aquello que estuviera relacionado con la cultura y tradiciones andaluzas. Se trata de una guarnici\u00f3n para enganchar a cuatro, en cuero de caracter\u00edstico color avellana, con borlaje azul y rojo de principios del siglo XIX.<\/p>\n<p>Sigue la rica guarnici\u00f3n continental de gala o arn\u00e9s de ceremonia del rey Luis Felipe de Francia, para ocho caballos con enganche a la Dumont, sillas de postill\u00f3n y levita de cochero, en cuero color corinto de exquisita textura, con hebillas y adornos con ba\u00f1o de oro y escudos reales, de finales del siglo XVIII y principios del XIX. Esta guarnici\u00f3n de gala se distingue por su gran calidad y el lujo de todos sus componentes y se puede afirmar que es la \u201cjoya\u201d de la colecci\u00f3n.<\/p>\n<p><a href=\"https:\/\/www.rmcr.org\/wp-content\/uploads\/2020\/06\/guarniconeria-gala.jpg\"><img decoding=\"async\" class=\"wp-image-836 size-full aligncenter\" src=\"https:\/\/www.rmcr.org\/wp-content\/uploads\/2020\/06\/guarniconeria-gala.jpg\" alt=\"\" width=\"450\" height=\"672\" srcset=\"https:\/\/www.rmcr.org\/wp-content\/uploads\/2020\/06\/guarniconeria-gala.jpg 450w, https:\/\/www.rmcr.org\/wp-content\/uploads\/2020\/06\/guarniconeria-gala-201x300.jpg 201w\" sizes=\"(max-width: 450px) 100vw, 450px\" \/><\/a><\/p>\n<p style=\"text-align:center;\"><em>Arn\u00e9s de ceremonia. Foto: Jos\u00e9 Mor\u00f3n.<\/em><\/p>\n<p>En la \u00faltima porci\u00f3n de vitrinas se dispone la guarnici\u00f3n inglesa o continental de diario del duque de Montpensier, para dos y cuatro caballos de tiro, en cuero negro y aplicaciones de plata con escudos de la casa de Orleans y Montpensier, del primer tercio del siglo XIX.<\/p>\n<p>Un bodeg\u00f3n de espuelas, bocados, calientapi\u00e9s, fustas de cochero, espolines para bot\u00edn de gala, espuelas labradas, espuelas de doble gallo, alfileteros, zapatos de lacayo, botas de montar, bolsos, cijadas, quitabotas y adornos de coche se muestran en el armario que clausura el recorrido.<\/p>\n<p style=\"text-align:center;\"><a href=\"https:\/\/www.rmcr.org\/wp-content\/uploads\/2020\/06\/duque-montpensier.jpg\"><img loading=\"lazy\" decoding=\"async\" class=\"size-full wp-image-831 aligncenter\" src=\"https:\/\/www.rmcr.org\/wp-content\/uploads\/2020\/06\/duque-montpensier.jpg\" alt=\"\" width=\"400\" height=\"630\" \/><\/a><\/p>\n<p style=\"text-align:center;\"><em style=\"text-align:center;\">Montpensier con el uniforme de la Real Maestranza. Colecci\u00f3n RMR. Foto: Jos\u00e9 Mor\u00f3n.<\/em><\/p>\n<p style=\"text-align:left;\">Cierra la visita a esta sala el retrato del que fuera propietario de esta Real Guarnicioner\u00eda vestido de maestrante de Ronda, \u00f3leo de Antonio Mar\u00eda Esquivel (1806-1837). Obra procedente del propio duque de Montpensier, que pas\u00f3 a formar parte de la colecci\u00f3n de la Real Maestranza de Caballer\u00eda de Ronda a trav\u00e9s de la familia Orleans y del marqu\u00e9s de Salvatierra. Don Antonio de Orleans y Borb\u00f3n fue admitido como caballero maestrante de Ronda el 20 de mayo de 1849 a ra\u00edz de su visita a esta ciudad.<\/p>\n","protected":false},"excerpt":{"rendered":"<p>Frente al Museo de Historia de la Tauromaquia, en un corredor que se extiende tambi\u00e9n bajo los tendidos de sombra a lo largo de un cuarto de la plaza, se dispone una colecci\u00f3n \u00fanica y singular de artes suntuarias: la Real Guarnicioner\u00eda que perteneci\u00f3 a Antonio de Orleans, duque de Montpensier\u00a0 (1824-1890), que originalmente se conservaba en el guadarn\u00e9s de su palacio en Sanl\u00facar de Barrameda.<\/p>\n","protected":false},"author":7,"featured_media":852,"comment_status":"open","ping_status":"open","sticky":false,"template":"","format":"standard","meta":{"footnotes":""},"categories":[272,277],"tags":[344,345,322,315,346,98,114],"class_list":["post-825","post","type-post","status-publish","format-standard","has-post-thumbnail","hentry","category-colecciones-museisticas","category-plaza-de-toros","tag-casa-de-orleans","tag-montpensier","tag-museo","tag-plaza-de-toros-de-ronda","tag-real-guarnicioneria","tag-real-maestranza-de-caballeria-de-ronda","tag-ronda"],"yoast_head":"<!-- This site is optimized with the Yoast SEO plugin v27.5 - https:\/\/yoast.com\/product\/yoast-seo-wordpress\/ -->\n<title>Real Guarnicioner\u00eda de la Casa de Orleans - Real Maestranza de Caballer\u00eda de Ronda<\/title>\n<meta name=\"robots\" content=\"index, follow, max-snippet:-1, max-image-preview:large, max-video-preview:-1\" \/>\n<link rel=\"canonical\" href=\"https:\/\/www.rmcr.org\/en\/2020\/06\/19\/real-guarnicioneria-de-la-casa-de-orleans\/\" \/>\n<meta property=\"og:locale\" content=\"en_US\" \/>\n<meta property=\"og:type\" content=\"article\" \/>\n<meta property=\"og:title\" content=\"Real Guarnicioner\u00eda de la Casa de Orleans - Real Maestranza de Caballer\u00eda de Ronda\" \/>\n<meta property=\"og:description\" content=\"Frente al Museo de Historia de la Tauromaquia, en un corredor que se extiende tambi\u00e9n bajo los tendidos de sombra a lo largo de un cuarto de la plaza, se dispone una colecci\u00f3n \u00fanica y singular de artes suntuarias: la Real Guarnicioner\u00eda que perteneci\u00f3 a Antonio de Orleans, duque de Montpensier\u00a0 (1824-1890), que originalmente se conservaba en el guadarn\u00e9s de su palacio en Sanl\u00facar de Barrameda.\" \/>\n<meta property=\"og:url\" content=\"https:\/\/www.rmcr.org\/en\/2020\/06\/19\/real-guarnicioneria-de-la-casa-de-orleans\/\" \/>\n<meta property=\"og:site_name\" content=\"Real Maestranza de Caballer\u00eda de Ronda\" \/>\n<meta property=\"article:publisher\" content=\"https:\/\/www.facebook.com\/plazadetorosronda\" \/>\n<meta property=\"article:published_time\" content=\"2020-06-19T12:34:27+00:00\" \/>\n<meta property=\"og:image\" content=\"https:\/\/www.rmcr.org\/wp-content\/uploads\/2020\/06\/mamel.jpg\" \/>\n\t<meta property=\"og:image:width\" content=\"482\" \/>\n\t<meta property=\"og:image:height\" content=\"142\" \/>\n\t<meta property=\"og:image:type\" content=\"image\/jpeg\" \/>\n<meta name=\"author\" content=\"RMCR\" \/>\n<meta name=\"twitter:card\" content=\"summary_large_image\" \/>\n<meta name=\"twitter:creator\" content=\"@PlazatorosRMR\" \/>\n<meta name=\"twitter:site\" content=\"@PlazatorosRMR\" \/>\n<meta name=\"twitter:label1\" content=\"Written by\" \/>\n\t<meta name=\"twitter:data1\" content=\"RMCR\" \/>\n\t<meta name=\"twitter:label2\" content=\"Est. reading time\" \/>\n\t<meta name=\"twitter:data2\" content=\"4 minutes\" \/>\n<script type=\"application\/ld+json\" class=\"yoast-schema-graph\">{\"@context\":\"https:\\\/\\\/schema.org\",\"@graph\":[{\"@type\":\"Article\",\"@id\":\"https:\\\/\\\/www.rmcr.org\\\/en\\\/2020\\\/06\\\/19\\\/real-guarnicioneria-de-la-casa-de-orleans\\\/#article\",\"isPartOf\":{\"@id\":\"https:\\\/\\\/www.rmcr.org\\\/en\\\/2020\\\/06\\\/19\\\/real-guarnicioneria-de-la-casa-de-orleans\\\/\"},\"author\":{\"name\":\"RMCR\",\"@id\":\"https:\\\/\\\/www.rmcr.org\\\/en\\\/#\\\/schema\\\/person\\\/7ddd0dafda7edd0e407157f93a56df4f\"},\"headline\":\"Real Guarnicioner\u00eda de la Casa de Orleans\",\"datePublished\":\"2020-06-19T12:34:27+00:00\",\"mainEntityOfPage\":{\"@id\":\"https:\\\/\\\/www.rmcr.org\\\/en\\\/2020\\\/06\\\/19\\\/real-guarnicioneria-de-la-casa-de-orleans\\\/\"},\"wordCount\":815,\"commentCount\":0,\"publisher\":{\"@id\":\"https:\\\/\\\/www.rmcr.org\\\/en\\\/#organization\"},\"image\":{\"@id\":\"https:\\\/\\\/www.rmcr.org\\\/en\\\/2020\\\/06\\\/19\\\/real-guarnicioneria-de-la-casa-de-orleans\\\/#primaryimage\"},\"thumbnailUrl\":\"https:\\\/\\\/www.rmcr.org\\\/wp-content\\\/uploads\\\/2020\\\/06\\\/mamel.jpg\",\"keywords\":[\"Casa de Orleans\",\"Montpensier\",\"Museo\",\"Plaza de Toros de Ronda\",\"Real Guarnicioner\u00eda\",\"Real Maestranza de Caballer\u00eda de Ronda\",\"Ronda\"],\"articleSection\":[\"Colecciones muse\u00edsticas\",\"Plaza de Toros\"],\"inLanguage\":\"en-US\",\"potentialAction\":[{\"@type\":\"CommentAction\",\"name\":\"Comment\",\"target\":[\"https:\\\/\\\/www.rmcr.org\\\/en\\\/2020\\\/06\\\/19\\\/real-guarnicioneria-de-la-casa-de-orleans\\\/#respond\"]}]},{\"@type\":\"WebPage\",\"@id\":\"https:\\\/\\\/www.rmcr.org\\\/en\\\/2020\\\/06\\\/19\\\/real-guarnicioneria-de-la-casa-de-orleans\\\/\",\"url\":\"https:\\\/\\\/www.rmcr.org\\\/en\\\/2020\\\/06\\\/19\\\/real-guarnicioneria-de-la-casa-de-orleans\\\/\",\"name\":\"Real Guarnicioner\u00eda de la Casa de Orleans - Real Maestranza de Caballer\u00eda de Ronda\",\"isPartOf\":{\"@id\":\"https:\\\/\\\/www.rmcr.org\\\/en\\\/#website\"},\"primaryImageOfPage\":{\"@id\":\"https:\\\/\\\/www.rmcr.org\\\/en\\\/2020\\\/06\\\/19\\\/real-guarnicioneria-de-la-casa-de-orleans\\\/#primaryimage\"},\"image\":{\"@id\":\"https:\\\/\\\/www.rmcr.org\\\/en\\\/2020\\\/06\\\/19\\\/real-guarnicioneria-de-la-casa-de-orleans\\\/#primaryimage\"},\"thumbnailUrl\":\"https:\\\/\\\/www.rmcr.org\\\/wp-content\\\/uploads\\\/2020\\\/06\\\/mamel.jpg\",\"datePublished\":\"2020-06-19T12:34:27+00:00\",\"breadcrumb\":{\"@id\":\"https:\\\/\\\/www.rmcr.org\\\/en\\\/2020\\\/06\\\/19\\\/real-guarnicioneria-de-la-casa-de-orleans\\\/#breadcrumb\"},\"inLanguage\":\"en-US\",\"potentialAction\":[{\"@type\":\"ReadAction\",\"target\":[\"https:\\\/\\\/www.rmcr.org\\\/en\\\/2020\\\/06\\\/19\\\/real-guarnicioneria-de-la-casa-de-orleans\\\/\"]}]},{\"@type\":\"ImageObject\",\"inLanguage\":\"en-US\",\"@id\":\"https:\\\/\\\/www.rmcr.org\\\/en\\\/2020\\\/06\\\/19\\\/real-guarnicioneria-de-la-casa-de-orleans\\\/#primaryimage\",\"url\":\"https:\\\/\\\/www.rmcr.org\\\/wp-content\\\/uploads\\\/2020\\\/06\\\/mamel.jpg\",\"contentUrl\":\"https:\\\/\\\/www.rmcr.org\\\/wp-content\\\/uploads\\\/2020\\\/06\\\/mamel.jpg\",\"width\":482,\"height\":142,\"caption\":\"CLIENTE: REAL MAESTRANZA DE CABALLER\u00cdA DE RONDA\"},{\"@type\":\"BreadcrumbList\",\"@id\":\"https:\\\/\\\/www.rmcr.org\\\/en\\\/2020\\\/06\\\/19\\\/real-guarnicioneria-de-la-casa-de-orleans\\\/#breadcrumb\",\"itemListElement\":[{\"@type\":\"ListItem\",\"position\":1,\"name\":\"REAL MAESTRANZA DE CABALLER\u00cdA DE RONDA\",\"item\":\"https:\\\/\\\/www.rmcr.org\\\/en\\\/\"},{\"@type\":\"ListItem\",\"position\":2,\"name\":\"Real Guarnicioner\u00eda de la Casa de Orleans\"}]},{\"@type\":\"WebSite\",\"@id\":\"https:\\\/\\\/www.rmcr.org\\\/en\\\/#website\",\"url\":\"https:\\\/\\\/www.rmcr.org\\\/en\\\/\",\"name\":\"Real Maestranza de Caballer\u00eda de Ronda\",\"description\":\"Real Maestranza de Caballer\u00eda de Ronda\",\"publisher\":{\"@id\":\"https:\\\/\\\/www.rmcr.org\\\/en\\\/#organization\"},\"alternateName\":\"RMCR\",\"potentialAction\":[{\"@type\":\"SearchAction\",\"target\":{\"@type\":\"EntryPoint\",\"urlTemplate\":\"https:\\\/\\\/www.rmcr.org\\\/en\\\/?s={search_term_string}\"},\"query-input\":{\"@type\":\"PropertyValueSpecification\",\"valueRequired\":true,\"valueName\":\"search_term_string\"}}],\"inLanguage\":\"en-US\"},{\"@type\":\"Organization\",\"@id\":\"https:\\\/\\\/www.rmcr.org\\\/en\\\/#organization\",\"name\":\"Real Maestranza de Caballer\u00eda de Ronda\",\"alternateName\":\"RMR\",\"url\":\"https:\\\/\\\/www.rmcr.org\\\/en\\\/\",\"logo\":{\"@type\":\"ImageObject\",\"inLanguage\":\"en-US\",\"@id\":\"https:\\\/\\\/www.rmcr.org\\\/en\\\/#\\\/schema\\\/logo\\\/image\\\/\",\"url\":\"https:\\\/\\\/www.rmcr.org\\\/wp-content\\\/uploads\\\/2022\\\/07\\\/logo-rmr-blue.svg\",\"contentUrl\":\"https:\\\/\\\/www.rmcr.org\\\/wp-content\\\/uploads\\\/2022\\\/07\\\/logo-rmr-blue.svg\",\"width\":131,\"height\":129,\"caption\":\"Real Maestranza de Caballer\u00eda de Ronda\"},\"image\":{\"@id\":\"https:\\\/\\\/www.rmcr.org\\\/en\\\/#\\\/schema\\\/logo\\\/image\\\/\"},\"sameAs\":[\"https:\\\/\\\/www.facebook.com\\\/plazadetorosronda\",\"https:\\\/\\\/x.com\\\/PlazatorosRMR\",\"https:\\\/\\\/www.instagram.com\\\/realmaestranzaderonda\\\/\",\"https:\\\/\\\/www.youtube.com\\\/channel\\\/UCrbO5IUN-8v_QML739vM4zg\\\/videos\"]},{\"@type\":\"Person\",\"@id\":\"https:\\\/\\\/www.rmcr.org\\\/en\\\/#\\\/schema\\\/person\\\/7ddd0dafda7edd0e407157f93a56df4f\",\"name\":\"RMCR\",\"image\":{\"@type\":\"ImageObject\",\"inLanguage\":\"en-US\",\"@id\":\"https:\\\/\\\/secure.gravatar.com\\\/avatar\\\/adb75798b50800c24baa6a8706037b9469998c49eddeb95935f50f633cff80bb?s=96&d=mm&r=g\",\"url\":\"https:\\\/\\\/secure.gravatar.com\\\/avatar\\\/adb75798b50800c24baa6a8706037b9469998c49eddeb95935f50f633cff80bb?s=96&d=mm&r=g\",\"contentUrl\":\"https:\\\/\\\/secure.gravatar.com\\\/avatar\\\/adb75798b50800c24baa6a8706037b9469998c49eddeb95935f50f633cff80bb?s=96&d=mm&r=g\",\"caption\":\"RMCR\"},\"url\":\"https:\\\/\\\/www.rmcr.org\\\/en\\\/author\\\/bitniks77\\\/\"}]}<\/script>\n<!-- \/ Yoast SEO plugin. -->","yoast_head_json":{"title":"Real Guarnicioner\u00eda de la Casa de Orleans - Real Maestranza de Caballer\u00eda de Ronda","robots":{"index":"index","follow":"follow","max-snippet":"max-snippet:-1","max-image-preview":"max-image-preview:large","max-video-preview":"max-video-preview:-1"},"canonical":"https:\/\/www.rmcr.org\/en\/2020\/06\/19\/real-guarnicioneria-de-la-casa-de-orleans\/","og_locale":"en_US","og_type":"article","og_title":"Real Guarnicioner\u00eda de la Casa de Orleans - Real Maestranza de Caballer\u00eda de Ronda","og_description":"Frente al Museo de Historia de la Tauromaquia, en un corredor que se extiende tambi\u00e9n bajo los tendidos de sombra a lo largo de un cuarto de la plaza, se dispone una colecci\u00f3n \u00fanica y singular de artes suntuarias: la Real Guarnicioner\u00eda que perteneci\u00f3 a Antonio de Orleans, duque de Montpensier\u00a0 (1824-1890), que originalmente se conservaba en el guadarn\u00e9s de su palacio en Sanl\u00facar de Barrameda.","og_url":"https:\/\/www.rmcr.org\/en\/2020\/06\/19\/real-guarnicioneria-de-la-casa-de-orleans\/","og_site_name":"Real Maestranza de Caballer\u00eda de Ronda","article_publisher":"https:\/\/www.facebook.com\/plazadetorosronda","article_published_time":"2020-06-19T12:34:27+00:00","og_image":[{"width":482,"height":142,"url":"https:\/\/www.rmcr.org\/wp-content\/uploads\/2020\/06\/mamel.jpg","type":"image\/jpeg"}],"author":"RMCR","twitter_card":"summary_large_image","twitter_creator":"@PlazatorosRMR","twitter_site":"@PlazatorosRMR","twitter_misc":{"Written by":"RMCR","Est. reading time":"4 minutes"},"schema":{"@context":"https:\/\/schema.org","@graph":[{"@type":"Article","@id":"https:\/\/www.rmcr.org\/en\/2020\/06\/19\/real-guarnicioneria-de-la-casa-de-orleans\/#article","isPartOf":{"@id":"https:\/\/www.rmcr.org\/en\/2020\/06\/19\/real-guarnicioneria-de-la-casa-de-orleans\/"},"author":{"name":"RMCR","@id":"https:\/\/www.rmcr.org\/en\/#\/schema\/person\/7ddd0dafda7edd0e407157f93a56df4f"},"headline":"Real Guarnicioner\u00eda de la Casa de Orleans","datePublished":"2020-06-19T12:34:27+00:00","mainEntityOfPage":{"@id":"https:\/\/www.rmcr.org\/en\/2020\/06\/19\/real-guarnicioneria-de-la-casa-de-orleans\/"},"wordCount":815,"commentCount":0,"publisher":{"@id":"https:\/\/www.rmcr.org\/en\/#organization"},"image":{"@id":"https:\/\/www.rmcr.org\/en\/2020\/06\/19\/real-guarnicioneria-de-la-casa-de-orleans\/#primaryimage"},"thumbnailUrl":"https:\/\/www.rmcr.org\/wp-content\/uploads\/2020\/06\/mamel.jpg","keywords":["Casa de Orleans","Montpensier","Museo","Plaza de Toros de Ronda","Real Guarnicioner\u00eda","Real Maestranza de Caballer\u00eda de Ronda","Ronda"],"articleSection":["Colecciones muse\u00edsticas","Plaza de Toros"],"inLanguage":"en-US","potentialAction":[{"@type":"CommentAction","name":"Comment","target":["https:\/\/www.rmcr.org\/en\/2020\/06\/19\/real-guarnicioneria-de-la-casa-de-orleans\/#respond"]}]},{"@type":"WebPage","@id":"https:\/\/www.rmcr.org\/en\/2020\/06\/19\/real-guarnicioneria-de-la-casa-de-orleans\/","url":"https:\/\/www.rmcr.org\/en\/2020\/06\/19\/real-guarnicioneria-de-la-casa-de-orleans\/","name":"Real Guarnicioner\u00eda de la Casa de Orleans - Real Maestranza de Caballer\u00eda de Ronda","isPartOf":{"@id":"https:\/\/www.rmcr.org\/en\/#website"},"primaryImageOfPage":{"@id":"https:\/\/www.rmcr.org\/en\/2020\/06\/19\/real-guarnicioneria-de-la-casa-de-orleans\/#primaryimage"},"image":{"@id":"https:\/\/www.rmcr.org\/en\/2020\/06\/19\/real-guarnicioneria-de-la-casa-de-orleans\/#primaryimage"},"thumbnailUrl":"https:\/\/www.rmcr.org\/wp-content\/uploads\/2020\/06\/mamel.jpg","datePublished":"2020-06-19T12:34:27+00:00","breadcrumb":{"@id":"https:\/\/www.rmcr.org\/en\/2020\/06\/19\/real-guarnicioneria-de-la-casa-de-orleans\/#breadcrumb"},"inLanguage":"en-US","potentialAction":[{"@type":"ReadAction","target":["https:\/\/www.rmcr.org\/en\/2020\/06\/19\/real-guarnicioneria-de-la-casa-de-orleans\/"]}]},{"@type":"ImageObject","inLanguage":"en-US","@id":"https:\/\/www.rmcr.org\/en\/2020\/06\/19\/real-guarnicioneria-de-la-casa-de-orleans\/#primaryimage","url":"https:\/\/www.rmcr.org\/wp-content\/uploads\/2020\/06\/mamel.jpg","contentUrl":"https:\/\/www.rmcr.org\/wp-content\/uploads\/2020\/06\/mamel.jpg","width":482,"height":142,"caption":"CLIENTE: REAL MAESTRANZA DE CABALLER\u00cdA DE RONDA"},{"@type":"BreadcrumbList","@id":"https:\/\/www.rmcr.org\/en\/2020\/06\/19\/real-guarnicioneria-de-la-casa-de-orleans\/#breadcrumb","itemListElement":[{"@type":"ListItem","position":1,"name":"REAL MAESTRANZA DE CABALLER\u00cdA DE RONDA","item":"https:\/\/www.rmcr.org\/en\/"},{"@type":"ListItem","position":2,"name":"Real Guarnicioner\u00eda de la Casa de Orleans"}]},{"@type":"WebSite","@id":"https:\/\/www.rmcr.org\/en\/#website","url":"https:\/\/www.rmcr.org\/en\/","name":"Real Maestranza de Caballer\u00eda de Ronda","description":"Real Maestranza de Caballer\u00eda de Ronda","publisher":{"@id":"https:\/\/www.rmcr.org\/en\/#organization"},"alternateName":"RMCR","potentialAction":[{"@type":"SearchAction","target":{"@type":"EntryPoint","urlTemplate":"https:\/\/www.rmcr.org\/en\/?s={search_term_string}"},"query-input":{"@type":"PropertyValueSpecification","valueRequired":true,"valueName":"search_term_string"}}],"inLanguage":"en-US"},{"@type":"Organization","@id":"https:\/\/www.rmcr.org\/en\/#organization","name":"Real Maestranza de Caballer\u00eda de Ronda","alternateName":"RMR","url":"https:\/\/www.rmcr.org\/en\/","logo":{"@type":"ImageObject","inLanguage":"en-US","@id":"https:\/\/www.rmcr.org\/en\/#\/schema\/logo\/image\/","url":"https:\/\/www.rmcr.org\/wp-content\/uploads\/2022\/07\/logo-rmr-blue.svg","contentUrl":"https:\/\/www.rmcr.org\/wp-content\/uploads\/2022\/07\/logo-rmr-blue.svg","width":131,"height":129,"caption":"Real Maestranza de Caballer\u00eda de Ronda"},"image":{"@id":"https:\/\/www.rmcr.org\/en\/#\/schema\/logo\/image\/"},"sameAs":["https:\/\/www.facebook.com\/plazadetorosronda","https:\/\/x.com\/PlazatorosRMR","https:\/\/www.instagram.com\/realmaestranzaderonda\/","https:\/\/www.youtube.com\/channel\/UCrbO5IUN-8v_QML739vM4zg\/videos"]},{"@type":"Person","@id":"https:\/\/www.rmcr.org\/en\/#\/schema\/person\/7ddd0dafda7edd0e407157f93a56df4f","name":"RMCR","image":{"@type":"ImageObject","inLanguage":"en-US","@id":"https:\/\/secure.gravatar.com\/avatar\/adb75798b50800c24baa6a8706037b9469998c49eddeb95935f50f633cff80bb?s=96&d=mm&r=g","url":"https:\/\/secure.gravatar.com\/avatar\/adb75798b50800c24baa6a8706037b9469998c49eddeb95935f50f633cff80bb?s=96&d=mm&r=g","contentUrl":"https:\/\/secure.gravatar.com\/avatar\/adb75798b50800c24baa6a8706037b9469998c49eddeb95935f50f633cff80bb?s=96&d=mm&r=g","caption":"RMCR"},"url":"https:\/\/www.rmcr.org\/en\/author\/bitniks77\/"}]}},"_links":{"self":[{"href":"https:\/\/www.rmcr.org\/en\/wp-json\/wp\/v2\/posts\/825","targetHints":{"allow":["GET"]}}],"collection":[{"href":"https:\/\/www.rmcr.org\/en\/wp-json\/wp\/v2\/posts"}],"about":[{"href":"https:\/\/www.rmcr.org\/en\/wp-json\/wp\/v2\/types\/post"}],"author":[{"embeddable":true,"href":"https:\/\/www.rmcr.org\/en\/wp-json\/wp\/v2\/users\/7"}],"replies":[{"embeddable":true,"href":"https:\/\/www.rmcr.org\/en\/wp-json\/wp\/v2\/comments?post=825"}],"version-history":[{"count":0,"href":"https:\/\/www.rmcr.org\/en\/wp-json\/wp\/v2\/posts\/825\/revisions"}],"wp:featuredmedia":[{"embeddable":true,"href":"https:\/\/www.rmcr.org\/en\/wp-json\/wp\/v2\/media\/852"}],"wp:attachment":[{"href":"https:\/\/www.rmcr.org\/en\/wp-json\/wp\/v2\/media?parent=825"}],"wp:term":[{"taxonomy":"category","embeddable":true,"href":"https:\/\/www.rmcr.org\/en\/wp-json\/wp\/v2\/categories?post=825"},{"taxonomy":"post_tag","embeddable":true,"href":"https:\/\/www.rmcr.org\/en\/wp-json\/wp\/v2\/tags?post=825"}],"curies":[{"name":"wp","href":"https:\/\/api.w.org\/{rel}","templated":true}]}}