{"id":822,"date":"2015-08-13T09:08:39","date_gmt":"2015-08-13T09:08:39","guid":{"rendered":"https:\/\/www.rmcr.org\/?p=822"},"modified":"2025-10-29T11:03:37","modified_gmt":"2025-10-29T11:03:37","slug":"documentos-en-el-archivo-de-la-rmr-no-11-agosto-2015","status":"publish","type":"post","link":"https:\/\/www.rmcr.org\/en\/2015\/08\/13\/documentos-en-el-archivo-de-la-rmr-no-11-agosto-2015\/","title":{"rendered":"Documentos en el Archivo de la RMR, n\u00ba 11 agosto 2015"},"content":{"rendered":"<p><strong>Representaci\u00f3n gr\u00e1fica de antepasados y descendientes: Los \u00e1rboles geneal\u00f3gicos, siglos XVII-XX <\/strong><\/p>\n<p>En este n\u00famero de Documentos en el Archivo de la RMR, hemos querido difundir, a modo de peque\u00f1o cat\u00e1logo, el contenido de la\u00a0exposici\u00f3n que se llev\u00f3 a cabo en la biblioteca de la Real Maestranza de Caballer\u00eda de Ronda con motivo de la conmemoraci\u00f3n el pasado 9 de junio del D\u00eda Internacional de los Archivos. Un recorrido desde los siglos XVII al XX, por diferentes tipolog\u00edas de \u00e1rboles geneal\u00f3gicos. Un total de 20 documentos pertenecientes al fondo propio de la instituci\u00f3n y a los archivos privados y familiares que custodiamos. Entre todos ellos sobresale un \u00e1rbol de grandes dimensiones del siglo XVIII dedicado a Felipe V, sobre la genealog\u00eda de los Reyes de Espa\u00f1a, junto a otras piezas de linajes y personas de \u00e1mbito nacional y de familias ronde\u00f1as.<\/p>\n<p><img fetchpriority=\"high\" decoding=\"async\" class=\"alignnone size-medium wp-image-23583 aligncenter\" src=\"https:\/\/www.rmcr.org\/wp-content\/uploads\/2015\/08\/documentos-en-el-archivo-de-la-rmr-portada-1-212x300.jpg\" alt=\"\" width=\"212\" height=\"300\" srcset=\"https:\/\/www.rmcr.org\/wp-content\/uploads\/2015\/08\/documentos-en-el-archivo-de-la-rmr-portada-1-212x300.jpg 212w, https:\/\/www.rmcr.org\/wp-content\/uploads\/2015\/08\/documentos-en-el-archivo-de-la-rmr-portada-1.jpg 620w\" sizes=\"(max-width: 212px) 100vw, 212px\" \/><\/p>\n<p>Descarga: <a href=\"https:\/\/www.rmcr.org\/wp-content\/uploads\/2015\/08\/documentos-armr-nc2ba-11-1.pdf\">Documentos en el Archivo de la RMR n\u00ba 11<\/a><\/p>\n","protected":false},"excerpt":{"rendered":"<p>Representaci\u00f3n gr\u00e1fica de antepasados y descendientes: Los \u00e1rboles geneal\u00f3gicos, siglos XVII-XX En este n\u00famero de Documentos en el Archivo de la RMR, hemos querido difundir, a modo de peque\u00f1o cat\u00e1logo, el contenido de la\u00a0exposici\u00f3n que se llev\u00f3 a cabo en la biblioteca de la Real Maestranza de Caballer\u00eda de Ronda con motivo de la conmemoraci\u00f3n [&hellip;]<\/p>\n","protected":false},"author":3,"featured_media":823,"comment_status":"open","ping_status":"open","sticky":false,"template":"","format":"standard","meta":{"footnotes":""},"categories":[134,512],"tags":[192,195,188],"class_list":["post-822","post","type-post","status-publish","format-standard","has-post-thumbnail","hentry","category-archivo","category-documentos-archivos-rmr","tag-dia-internacional-de-los-archivos","tag-exposiciones","tag-genealogia"],"yoast_head":"<!-- This site is optimized with the Yoast SEO plugin v27.5 - https:\/\/yoast.com\/product\/yoast-seo-wordpress\/ -->\n<title>Documentos en el Archivo de la RMR, n\u00ba 11 agosto 2015 - Real Maestranza de Caballer\u00eda de Ronda<\/title>\n<meta name=\"robots\" content=\"index, follow, max-snippet:-1, max-image-preview:large, max-video-preview:-1\" \/>\n<link rel=\"canonical\" href=\"https:\/\/www.rmcr.org\/en\/2015\/08\/13\/documentos-en-el-archivo-de-la-rmr-no-11-agosto-2015\/\" \/>\n<meta property=\"og:locale\" content=\"en_US\" \/>\n<meta property=\"og:type\" content=\"article\" \/>\n<meta property=\"og:title\" content=\"Documentos en el Archivo de la RMR, n\u00ba 11 agosto 2015 - Real Maestranza de Caballer\u00eda de Ronda\" \/>\n<meta property=\"og:description\" content=\"Representaci\u00f3n gr\u00e1fica de antepasados y descendientes: Los \u00e1rboles geneal\u00f3gicos, siglos XVII-XX En este n\u00famero de Documentos en el Archivo de la RMR, hemos querido difundir, a modo de peque\u00f1o cat\u00e1logo, el contenido de la\u00a0exposici\u00f3n que se llev\u00f3 a cabo en la biblioteca de la Real Maestranza de Caballer\u00eda de Ronda con motivo de la conmemoraci\u00f3n [&hellip;]\" \/>\n<meta property=\"og:url\" content=\"https:\/\/www.rmcr.org\/en\/2015\/08\/13\/documentos-en-el-archivo-de-la-rmr-no-11-agosto-2015\/\" \/>\n<meta property=\"og:site_name\" content=\"Real Maestranza de Caballer\u00eda de Ronda\" \/>\n<meta property=\"article:publisher\" content=\"https:\/\/www.facebook.com\/plazadetorosronda\" \/>\n<meta property=\"article:published_time\" content=\"2015-08-13T09:08:39+00:00\" \/>\n<meta property=\"article:modified_time\" content=\"2025-10-29T11:03:37+00:00\" \/>\n<meta property=\"og:image\" content=\"https:\/\/www.rmcr.org\/wp-content\/uploads\/2015\/08\/imagen-anexa.jpg\" \/>\n\t<meta property=\"og:image:width\" content=\"1004\" \/>\n\t<meta property=\"og:image:height\" content=\"295\" \/>\n\t<meta property=\"og:image:type\" content=\"image\/jpeg\" \/>\n<meta name=\"author\" content=\"ARCHIVO\" \/>\n<meta name=\"twitter:card\" content=\"summary_large_image\" \/>\n<meta name=\"twitter:creator\" content=\"@PlazatorosRMR\" \/>\n<meta name=\"twitter:site\" content=\"@PlazatorosRMR\" \/>\n<meta name=\"twitter:label1\" content=\"Written by\" \/>\n\t<meta name=\"twitter:data1\" content=\"ARCHIVO\" \/>\n\t<meta name=\"twitter:label2\" content=\"Est. reading time\" \/>\n\t<meta name=\"twitter:data2\" content=\"2 minutes\" \/>\n<script type=\"application\/ld+json\" class=\"yoast-schema-graph\">{\"@context\":\"https:\\\/\\\/schema.org\",\"@graph\":[{\"@type\":\"Article\",\"@id\":\"https:\\\/\\\/www.rmcr.org\\\/en\\\/2015\\\/08\\\/13\\\/documentos-en-el-archivo-de-la-rmr-no-11-agosto-2015\\\/#article\",\"isPartOf\":{\"@id\":\"https:\\\/\\\/www.rmcr.org\\\/en\\\/2015\\\/08\\\/13\\\/documentos-en-el-archivo-de-la-rmr-no-11-agosto-2015\\\/\"},\"author\":{\"name\":\"ARCHIVO\",\"@id\":\"https:\\\/\\\/www.rmcr.org\\\/en\\\/#\\\/schema\\\/person\\\/f182f13b406ff40dd281a5ecca93380e\"},\"headline\":\"Documentos en el Archivo de la RMR, n\u00ba 11 agosto 2015\",\"datePublished\":\"2015-08-13T09:08:39+00:00\",\"dateModified\":\"2025-10-29T11:03:37+00:00\",\"mainEntityOfPage\":{\"@id\":\"https:\\\/\\\/www.rmcr.org\\\/en\\\/2015\\\/08\\\/13\\\/documentos-en-el-archivo-de-la-rmr-no-11-agosto-2015\\\/\"},\"wordCount\":173,\"commentCount\":0,\"publisher\":{\"@id\":\"https:\\\/\\\/www.rmcr.org\\\/en\\\/#organization\"},\"image\":{\"@id\":\"https:\\\/\\\/www.rmcr.org\\\/en\\\/2015\\\/08\\\/13\\\/documentos-en-el-archivo-de-la-rmr-no-11-agosto-2015\\\/#primaryimage\"},\"thumbnailUrl\":\"https:\\\/\\\/www.rmcr.org\\\/wp-content\\\/uploads\\\/2015\\\/08\\\/imagen-anexa.jpg\",\"keywords\":[\"D\u00eda Internacional de los Archivos\",\"Exposiciones\",\"Genealog\u00eda\"],\"articleSection\":[\"Archivo\",\"Documentos Archivo RMR\"],\"inLanguage\":\"en-US\",\"potentialAction\":[{\"@type\":\"CommentAction\",\"name\":\"Comment\",\"target\":[\"https:\\\/\\\/www.rmcr.org\\\/en\\\/2015\\\/08\\\/13\\\/documentos-en-el-archivo-de-la-rmr-no-11-agosto-2015\\\/#respond\"]}]},{\"@type\":\"WebPage\",\"@id\":\"https:\\\/\\\/www.rmcr.org\\\/en\\\/2015\\\/08\\\/13\\\/documentos-en-el-archivo-de-la-rmr-no-11-agosto-2015\\\/\",\"url\":\"https:\\\/\\\/www.rmcr.org\\\/en\\\/2015\\\/08\\\/13\\\/documentos-en-el-archivo-de-la-rmr-no-11-agosto-2015\\\/\",\"name\":\"Documentos en el Archivo de la RMR, n\u00ba 11 agosto 2015 - Real Maestranza de Caballer\u00eda de Ronda\",\"isPartOf\":{\"@id\":\"https:\\\/\\\/www.rmcr.org\\\/en\\\/#website\"},\"primaryImageOfPage\":{\"@id\":\"https:\\\/\\\/www.rmcr.org\\\/en\\\/2015\\\/08\\\/13\\\/documentos-en-el-archivo-de-la-rmr-no-11-agosto-2015\\\/#primaryimage\"},\"image\":{\"@id\":\"https:\\\/\\\/www.rmcr.org\\\/en\\\/2015\\\/08\\\/13\\\/documentos-en-el-archivo-de-la-rmr-no-11-agosto-2015\\\/#primaryimage\"},\"thumbnailUrl\":\"https:\\\/\\\/www.rmcr.org\\\/wp-content\\\/uploads\\\/2015\\\/08\\\/imagen-anexa.jpg\",\"datePublished\":\"2015-08-13T09:08:39+00:00\",\"dateModified\":\"2025-10-29T11:03:37+00:00\",\"breadcrumb\":{\"@id\":\"https:\\\/\\\/www.rmcr.org\\\/en\\\/2015\\\/08\\\/13\\\/documentos-en-el-archivo-de-la-rmr-no-11-agosto-2015\\\/#breadcrumb\"},\"inLanguage\":\"en-US\",\"potentialAction\":[{\"@type\":\"ReadAction\",\"target\":[\"https:\\\/\\\/www.rmcr.org\\\/en\\\/2015\\\/08\\\/13\\\/documentos-en-el-archivo-de-la-rmr-no-11-agosto-2015\\\/\"]}]},{\"@type\":\"ImageObject\",\"inLanguage\":\"en-US\",\"@id\":\"https:\\\/\\\/www.rmcr.org\\\/en\\\/2015\\\/08\\\/13\\\/documentos-en-el-archivo-de-la-rmr-no-11-agosto-2015\\\/#primaryimage\",\"url\":\"https:\\\/\\\/www.rmcr.org\\\/wp-content\\\/uploads\\\/2015\\\/08\\\/imagen-anexa.jpg\",\"contentUrl\":\"https:\\\/\\\/www.rmcr.org\\\/wp-content\\\/uploads\\\/2015\\\/08\\\/imagen-anexa.jpg\",\"width\":1004,\"height\":295},{\"@type\":\"BreadcrumbList\",\"@id\":\"https:\\\/\\\/www.rmcr.org\\\/en\\\/2015\\\/08\\\/13\\\/documentos-en-el-archivo-de-la-rmr-no-11-agosto-2015\\\/#breadcrumb\",\"itemListElement\":[{\"@type\":\"ListItem\",\"position\":1,\"name\":\"REAL MAESTRANZA DE CABALLER\u00cdA DE RONDA\",\"item\":\"https:\\\/\\\/www.rmcr.org\\\/en\\\/\"},{\"@type\":\"ListItem\",\"position\":2,\"name\":\"Documentos en el Archivo de la RMR, n\u00ba 11 agosto 2015\"}]},{\"@type\":\"WebSite\",\"@id\":\"https:\\\/\\\/www.rmcr.org\\\/en\\\/#website\",\"url\":\"https:\\\/\\\/www.rmcr.org\\\/en\\\/\",\"name\":\"Real Maestranza de Caballer\u00eda de Ronda\",\"description\":\"Real Maestranza de Caballer\u00eda de Ronda\",\"publisher\":{\"@id\":\"https:\\\/\\\/www.rmcr.org\\\/en\\\/#organization\"},\"alternateName\":\"RMCR\",\"potentialAction\":[{\"@type\":\"SearchAction\",\"target\":{\"@type\":\"EntryPoint\",\"urlTemplate\":\"https:\\\/\\\/www.rmcr.org\\\/en\\\/?s={search_term_string}\"},\"query-input\":{\"@type\":\"PropertyValueSpecification\",\"valueRequired\":true,\"valueName\":\"search_term_string\"}}],\"inLanguage\":\"en-US\"},{\"@type\":\"Organization\",\"@id\":\"https:\\\/\\\/www.rmcr.org\\\/en\\\/#organization\",\"name\":\"Real Maestranza de Caballer\u00eda de Ronda\",\"alternateName\":\"RMR\",\"url\":\"https:\\\/\\\/www.rmcr.org\\\/en\\\/\",\"logo\":{\"@type\":\"ImageObject\",\"inLanguage\":\"en-US\",\"@id\":\"https:\\\/\\\/www.rmcr.org\\\/en\\\/#\\\/schema\\\/logo\\\/image\\\/\",\"url\":\"https:\\\/\\\/www.rmcr.org\\\/wp-content\\\/uploads\\\/2022\\\/07\\\/logo-rmr-blue.svg\",\"contentUrl\":\"https:\\\/\\\/www.rmcr.org\\\/wp-content\\\/uploads\\\/2022\\\/07\\\/logo-rmr-blue.svg\",\"width\":131,\"height\":129,\"caption\":\"Real Maestranza de Caballer\u00eda de Ronda\"},\"image\":{\"@id\":\"https:\\\/\\\/www.rmcr.org\\\/en\\\/#\\\/schema\\\/logo\\\/image\\\/\"},\"sameAs\":[\"https:\\\/\\\/www.facebook.com\\\/plazadetorosronda\",\"https:\\\/\\\/x.com\\\/PlazatorosRMR\",\"https:\\\/\\\/www.instagram.com\\\/realmaestranzaderonda\\\/\",\"https:\\\/\\\/www.youtube.com\\\/channel\\\/UCrbO5IUN-8v_QML739vM4zg\\\/videos\"]},{\"@type\":\"Person\",\"@id\":\"https:\\\/\\\/www.rmcr.org\\\/en\\\/#\\\/schema\\\/person\\\/f182f13b406ff40dd281a5ecca93380e\",\"name\":\"ARCHIVO\",\"image\":{\"@type\":\"ImageObject\",\"inLanguage\":\"en-US\",\"@id\":\"https:\\\/\\\/www.rmcr.org\\\/wp-content\\\/uploads\\\/2022\\\/11\\\/avatar-rmcr-96x96.png\",\"url\":\"https:\\\/\\\/www.rmcr.org\\\/wp-content\\\/uploads\\\/2022\\\/11\\\/avatar-rmcr-96x96.png\",\"contentUrl\":\"https:\\\/\\\/www.rmcr.org\\\/wp-content\\\/uploads\\\/2022\\\/11\\\/avatar-rmcr-96x96.png\",\"caption\":\"ARCHIVO\"},\"url\":\"https:\\\/\\\/www.rmcr.org\\\/en\\\/author\\\/francisco-rosales\\\/\"}]}<\/script>\n<!-- \/ Yoast SEO plugin. -->","yoast_head_json":{"title":"Documentos en el Archivo de la RMR, n\u00ba 11 agosto 2015 - Real Maestranza de Caballer\u00eda de Ronda","robots":{"index":"index","follow":"follow","max-snippet":"max-snippet:-1","max-image-preview":"max-image-preview:large","max-video-preview":"max-video-preview:-1"},"canonical":"https:\/\/www.rmcr.org\/en\/2015\/08\/13\/documentos-en-el-archivo-de-la-rmr-no-11-agosto-2015\/","og_locale":"en_US","og_type":"article","og_title":"Documentos en el Archivo de la RMR, n\u00ba 11 agosto 2015 - Real Maestranza de Caballer\u00eda de Ronda","og_description":"Representaci\u00f3n gr\u00e1fica de antepasados y descendientes: Los \u00e1rboles geneal\u00f3gicos, siglos XVII-XX En este n\u00famero de Documentos en el Archivo de la RMR, hemos querido difundir, a modo de peque\u00f1o cat\u00e1logo, el contenido de la\u00a0exposici\u00f3n que se llev\u00f3 a cabo en la biblioteca de la Real Maestranza de Caballer\u00eda de Ronda con motivo de la conmemoraci\u00f3n [&hellip;]","og_url":"https:\/\/www.rmcr.org\/en\/2015\/08\/13\/documentos-en-el-archivo-de-la-rmr-no-11-agosto-2015\/","og_site_name":"Real Maestranza de Caballer\u00eda de Ronda","article_publisher":"https:\/\/www.facebook.com\/plazadetorosronda","article_published_time":"2015-08-13T09:08:39+00:00","article_modified_time":"2025-10-29T11:03:37+00:00","og_image":[{"width":1004,"height":295,"url":"https:\/\/www.rmcr.org\/wp-content\/uploads\/2015\/08\/imagen-anexa.jpg","type":"image\/jpeg"}],"author":"ARCHIVO","twitter_card":"summary_large_image","twitter_creator":"@PlazatorosRMR","twitter_site":"@PlazatorosRMR","twitter_misc":{"Written by":"ARCHIVO","Est. reading time":"2 minutes"},"schema":{"@context":"https:\/\/schema.org","@graph":[{"@type":"Article","@id":"https:\/\/www.rmcr.org\/en\/2015\/08\/13\/documentos-en-el-archivo-de-la-rmr-no-11-agosto-2015\/#article","isPartOf":{"@id":"https:\/\/www.rmcr.org\/en\/2015\/08\/13\/documentos-en-el-archivo-de-la-rmr-no-11-agosto-2015\/"},"author":{"name":"ARCHIVO","@id":"https:\/\/www.rmcr.org\/en\/#\/schema\/person\/f182f13b406ff40dd281a5ecca93380e"},"headline":"Documentos en el Archivo de la RMR, n\u00ba 11 agosto 2015","datePublished":"2015-08-13T09:08:39+00:00","dateModified":"2025-10-29T11:03:37+00:00","mainEntityOfPage":{"@id":"https:\/\/www.rmcr.org\/en\/2015\/08\/13\/documentos-en-el-archivo-de-la-rmr-no-11-agosto-2015\/"},"wordCount":173,"commentCount":0,"publisher":{"@id":"https:\/\/www.rmcr.org\/en\/#organization"},"image":{"@id":"https:\/\/www.rmcr.org\/en\/2015\/08\/13\/documentos-en-el-archivo-de-la-rmr-no-11-agosto-2015\/#primaryimage"},"thumbnailUrl":"https:\/\/www.rmcr.org\/wp-content\/uploads\/2015\/08\/imagen-anexa.jpg","keywords":["D\u00eda Internacional de los Archivos","Exposiciones","Genealog\u00eda"],"articleSection":["Archivo","Documentos Archivo RMR"],"inLanguage":"en-US","potentialAction":[{"@type":"CommentAction","name":"Comment","target":["https:\/\/www.rmcr.org\/en\/2015\/08\/13\/documentos-en-el-archivo-de-la-rmr-no-11-agosto-2015\/#respond"]}]},{"@type":"WebPage","@id":"https:\/\/www.rmcr.org\/en\/2015\/08\/13\/documentos-en-el-archivo-de-la-rmr-no-11-agosto-2015\/","url":"https:\/\/www.rmcr.org\/en\/2015\/08\/13\/documentos-en-el-archivo-de-la-rmr-no-11-agosto-2015\/","name":"Documentos en el Archivo de la RMR, n\u00ba 11 agosto 2015 - Real Maestranza de Caballer\u00eda de Ronda","isPartOf":{"@id":"https:\/\/www.rmcr.org\/en\/#website"},"primaryImageOfPage":{"@id":"https:\/\/www.rmcr.org\/en\/2015\/08\/13\/documentos-en-el-archivo-de-la-rmr-no-11-agosto-2015\/#primaryimage"},"image":{"@id":"https:\/\/www.rmcr.org\/en\/2015\/08\/13\/documentos-en-el-archivo-de-la-rmr-no-11-agosto-2015\/#primaryimage"},"thumbnailUrl":"https:\/\/www.rmcr.org\/wp-content\/uploads\/2015\/08\/imagen-anexa.jpg","datePublished":"2015-08-13T09:08:39+00:00","dateModified":"2025-10-29T11:03:37+00:00","breadcrumb":{"@id":"https:\/\/www.rmcr.org\/en\/2015\/08\/13\/documentos-en-el-archivo-de-la-rmr-no-11-agosto-2015\/#breadcrumb"},"inLanguage":"en-US","potentialAction":[{"@type":"ReadAction","target":["https:\/\/www.rmcr.org\/en\/2015\/08\/13\/documentos-en-el-archivo-de-la-rmr-no-11-agosto-2015\/"]}]},{"@type":"ImageObject","inLanguage":"en-US","@id":"https:\/\/www.rmcr.org\/en\/2015\/08\/13\/documentos-en-el-archivo-de-la-rmr-no-11-agosto-2015\/#primaryimage","url":"https:\/\/www.rmcr.org\/wp-content\/uploads\/2015\/08\/imagen-anexa.jpg","contentUrl":"https:\/\/www.rmcr.org\/wp-content\/uploads\/2015\/08\/imagen-anexa.jpg","width":1004,"height":295},{"@type":"BreadcrumbList","@id":"https:\/\/www.rmcr.org\/en\/2015\/08\/13\/documentos-en-el-archivo-de-la-rmr-no-11-agosto-2015\/#breadcrumb","itemListElement":[{"@type":"ListItem","position":1,"name":"REAL MAESTRANZA DE CABALLER\u00cdA DE RONDA","item":"https:\/\/www.rmcr.org\/en\/"},{"@type":"ListItem","position":2,"name":"Documentos en el Archivo de la RMR, n\u00ba 11 agosto 2015"}]},{"@type":"WebSite","@id":"https:\/\/www.rmcr.org\/en\/#website","url":"https:\/\/www.rmcr.org\/en\/","name":"Real Maestranza de Caballer\u00eda de Ronda","description":"Real Maestranza de Caballer\u00eda de Ronda","publisher":{"@id":"https:\/\/www.rmcr.org\/en\/#organization"},"alternateName":"RMCR","potentialAction":[{"@type":"SearchAction","target":{"@type":"EntryPoint","urlTemplate":"https:\/\/www.rmcr.org\/en\/?s={search_term_string}"},"query-input":{"@type":"PropertyValueSpecification","valueRequired":true,"valueName":"search_term_string"}}],"inLanguage":"en-US"},{"@type":"Organization","@id":"https:\/\/www.rmcr.org\/en\/#organization","name":"Real Maestranza de Caballer\u00eda de Ronda","alternateName":"RMR","url":"https:\/\/www.rmcr.org\/en\/","logo":{"@type":"ImageObject","inLanguage":"en-US","@id":"https:\/\/www.rmcr.org\/en\/#\/schema\/logo\/image\/","url":"https:\/\/www.rmcr.org\/wp-content\/uploads\/2022\/07\/logo-rmr-blue.svg","contentUrl":"https:\/\/www.rmcr.org\/wp-content\/uploads\/2022\/07\/logo-rmr-blue.svg","width":131,"height":129,"caption":"Real Maestranza de Caballer\u00eda de Ronda"},"image":{"@id":"https:\/\/www.rmcr.org\/en\/#\/schema\/logo\/image\/"},"sameAs":["https:\/\/www.facebook.com\/plazadetorosronda","https:\/\/x.com\/PlazatorosRMR","https:\/\/www.instagram.com\/realmaestranzaderonda\/","https:\/\/www.youtube.com\/channel\/UCrbO5IUN-8v_QML739vM4zg\/videos"]},{"@type":"Person","@id":"https:\/\/www.rmcr.org\/en\/#\/schema\/person\/f182f13b406ff40dd281a5ecca93380e","name":"ARCHIVO","image":{"@type":"ImageObject","inLanguage":"en-US","@id":"https:\/\/www.rmcr.org\/wp-content\/uploads\/2022\/11\/avatar-rmcr-96x96.png","url":"https:\/\/www.rmcr.org\/wp-content\/uploads\/2022\/11\/avatar-rmcr-96x96.png","contentUrl":"https:\/\/www.rmcr.org\/wp-content\/uploads\/2022\/11\/avatar-rmcr-96x96.png","caption":"ARCHIVO"},"url":"https:\/\/www.rmcr.org\/en\/author\/francisco-rosales\/"}]}},"_links":{"self":[{"href":"https:\/\/www.rmcr.org\/en\/wp-json\/wp\/v2\/posts\/822","targetHints":{"allow":["GET"]}}],"collection":[{"href":"https:\/\/www.rmcr.org\/en\/wp-json\/wp\/v2\/posts"}],"about":[{"href":"https:\/\/www.rmcr.org\/en\/wp-json\/wp\/v2\/types\/post"}],"author":[{"embeddable":true,"href":"https:\/\/www.rmcr.org\/en\/wp-json\/wp\/v2\/users\/3"}],"replies":[{"embeddable":true,"href":"https:\/\/www.rmcr.org\/en\/wp-json\/wp\/v2\/comments?post=822"}],"version-history":[{"count":2,"href":"https:\/\/www.rmcr.org\/en\/wp-json\/wp\/v2\/posts\/822\/revisions"}],"predecessor-version":[{"id":23588,"href":"https:\/\/www.rmcr.org\/en\/wp-json\/wp\/v2\/posts\/822\/revisions\/23588"}],"wp:featuredmedia":[{"embeddable":true,"href":"https:\/\/www.rmcr.org\/en\/wp-json\/wp\/v2\/media\/823"}],"wp:attachment":[{"href":"https:\/\/www.rmcr.org\/en\/wp-json\/wp\/v2\/media?parent=822"}],"wp:term":[{"taxonomy":"category","embeddable":true,"href":"https:\/\/www.rmcr.org\/en\/wp-json\/wp\/v2\/categories?post=822"},{"taxonomy":"post_tag","embeddable":true,"href":"https:\/\/www.rmcr.org\/en\/wp-json\/wp\/v2\/tags?post=822"}],"curies":[{"name":"wp","href":"https:\/\/api.w.org\/{rel}","templated":true}]}}