{"id":82,"date":"2013-07-26T12:06:26","date_gmt":"2013-07-26T12:06:26","guid":{"rendered":"https:\/\/www.rmcr.org\/?p=82"},"modified":"2024-05-15T10:31:50","modified_gmt":"2024-05-15T10:31:50","slug":"la-biblioteca-de-la-real-maestranza-de-ronda-engrosa-sus-fondos-con-un-ejemplar-completo-de-los-dialogos-de-rivera-valenzuela-2","status":"publish","type":"post","link":"https:\/\/www.rmcr.org\/en\/2013\/07\/26\/la-biblioteca-de-la-real-maestranza-de-ronda-engrosa-sus-fondos-con-un-ejemplar-completo-de-los-dialogos-de-rivera-valenzuela-2\/","title":{"rendered":"La Biblioteca de la Real Maestranza de Ronda engrosa sus fondos con un ejemplar completo de los \u00abDialogos\u00bb de Rivera Valenzuela"},"content":{"rendered":"<p style=\"text-align: justify;\"><strong>Los \u00abDialogos de memorias eruditas para la historia de la nobilissima ciudad de Ronda\u00bb, compuestos por 3 vol\u00famenes, aparecieron publicados en los a\u00f1os 1766 y 1767, edit\u00e1ndose en las ciudades de C\u00f3rdoba (n\u00famero I) y M\u00e1laga (n\u00fameros II y III). En Ronda pod\u00eda adquirirse en la Porter\u00eda de San Juan de Letr\u00e1n.<\/strong><\/p>\n<p style=\"text-align: center;\"><a href=\"https:\/\/www.rmcr.org\/wp-content\/uploads\/2013\/07\/dialogos1red-150x150.webp\"><img fetchpriority=\"high\" decoding=\"async\" class=\"aligncenter wp-image-76\" src=\"https:\/\/www.rmcr.org\/wp-content\/uploads\/2013\/07\/dialogos1red.jpg?w=470\" alt=\"dialogos1red\" width=\"282\" height=\"431\" \/><\/a><\/p>\n<p style=\"text-align: justify;\">La obra qued\u00f3 inconclusa aunque su autor tuvo el prop\u00f3sito de continuarla. Pronto lleg\u00f3 a ser una rareza bibliogr\u00e1fica dif\u00edcil de conseguir completa. Se hizo una segunda edici\u00f3n (Ronda, Viuda de Guti\u00e9rrez, 1873) que tambi\u00e9n ha llegado a ser rara (nuestra Biblioteca cuenta, igualmente, con un ejemplar de esta edici\u00f3n).<\/p>\n<p style=\"text-align: justify;\">En la actualidad s\u00f3lo se encuentran censados 6 ejemplares \u00edntegros (el que presentamos ser\u00eda el n\u00famero 7), que se localizan en: Biblioteca Nacional, Real Academia de la Historia, universidades Complutense de Madrid, de Burgos y de Vitoria, y Fundaci\u00f3n Manuel Ruiz Luque de Montilla.<\/p>\n<p style=\"text-align: center;\"><a href=\"https:\/\/www.rmcr.org\/wp-content\/uploads\/2013\/07\/dialogos2red.jpg\"><img decoding=\"async\" class=\" wp-image-77 aligncenter\" src=\"https:\/\/www.rmcr.org\/wp-content\/uploads\/2013\/07\/dialogos2red.jpg?w=470\" alt=\"dialogos2red\" width=\"282\" height=\"450\" \/><\/a><\/p>\n<p style=\"text-align: justify;\">Rivera escribe sus \u00abDialogos\u00bb imbuido por la concepci\u00f3n ilustrada de la historia, que propugnaba el conocimiento de los tiempos pret\u00e9ritos para comprender mejor el presente. Pretend\u00eda resucitar el pasado de Ronda para proteger su patrimonio arqueol\u00f3gico, testimonios de la historia de la ciudad que, por desidia o ignorancia, permanec\u00edan en total abandono.<\/p>\n<p style=\"text-align: justify;\">La obra est\u00e1 concebida como un coloquio (de ah\u00ed su nombre) entre tres interlocutores, que intercambian conocimientos a trav\u00e9s de la alternancia de preguntas y respuestas, mientras el autor se sit\u00faa como un espectador ajeno a la trama. Los contertulios son ilustres ronde\u00f1os que vivieron en los siglos XVI y XVII: Macario Fari\u00f1a, Fernando Reinoso y Vicente Espinel.<\/p>\n<p style=\"text-align: center;\"><a href=\"https:\/\/www.rmcr.org\/wp-content\/uploads\/2013\/07\/dialogos3red.jpg\"><img decoding=\"async\" class=\" wp-image-78 aligncenter\" src=\"https:\/\/www.rmcr.org\/wp-content\/uploads\/2013\/07\/dialogos3red.jpg?w=470\" alt=\"dialogos3red\" width=\"282\" height=\"451\" \/><\/a><\/p>\n<p style=\"text-align: justify;\">Rivera Valenzuela ostentaba el t\u00edtulo de Colegial jurista, y se orden\u00f3 sacerdote en 1740. Posteriormente fue designado Comisario del Santo Oficio de la Inquisici\u00f3n, titular de Ronda y Fiscal en su Audiencia eclesi\u00e1stica y Vicar\u00eda por su Prelado. En una carta dirigida a la Real Maestranza de Ronda solicitando ser admitido como caballero maestrante, afirma ser acad\u00e9mico correspondiente y honorario de las reales academias de la Historia y de Buenas Letras de Barcelona, y en la de Verdaderos Patricios de Baeza, Juez subdelegado de la \u00fanica contribuci\u00f3n y Fiscal de la Santa Cruzada.<\/p>\n<p style=\"text-align: justify;\">La \u00abMemoria VIII\u00bb la dedica a la Real Maestranza de Ronda, pretendiendo recuperar los reales privilegios y demostrar su primogenitura entre las de Andaluc\u00eda, superando en antig\u00fcedad a las de Sevilla y Granada. Transcribe los privilegios de los monarcas, desde Felipe II hasta Carlos III, que elevan a la orden ecuestre de Ronda a la m\u00e1s distinguida de la B\u00e9tica.<\/p>\n<p><strong>Ficha catalogr\u00e1fica<\/strong><\/p>\n<p style=\"text-align: justify;\">Dialogos de memorias eruditas para la historia de la Nobilissima Ciudad de Ronda, numero I \/ por &#8230; Juan Maria de Rivera, Valenzuela, Pizarro, Eslava, y Chavero &#8230; ; hablan las personas siguientes, &#8230; Macario Fari\u00f1as, Corral, y Tavares, &#8230; Fernando Reynoso, y Malo, &#8230; Vicente Espin\u00e8l. &#8212; En Cordoba : en la imprenta de la capellan\u00eca, que fund\u00f2 Don Francisco de Zea Paniagua, y administra Don Antonio del Hoyo, por su hijo, quien la possee. Por Francisco Fernandez ; Se hallar\u00e0 en Ronda : en la Porter\u00eca de San Juan de Letr\u00e0n, [s.a.]<br \/>\n[34], 92 p. ; 8\u00ba<br \/>\nEn port.: A costa de la causa del sieruo de Dios, Gregorio Lopez, y para ayuda \u00e0 su Canonizacion<br \/>\nEncuadernado con: Dialogos de memorias eruditas para la historia de la nobilissima ciudad de Ronda, numero II \/ por &#8230; Juan Maria de Rivera, Valenzuela, Pizarro, Eslava, Chavero, y Mondrag\u00f3n &#8230; ; son interlocutores, &#8230; Macario Fari\u00f1a, Corral, y Tabares, &#8230; Fernando Reynoso, y Malo, &#8230; Vicente Espin\u00e8l. &#8212; En Malaga : en la Imprenta de la Dignidad Episcopal, y de la Santa Iglesia Cathedral, en la Plaza ; Se hallar\u00e0 en Ronda : en la Porter\u00eca de San Juan de Letr\u00e0n, [s.a.]. &#8212; [24], 56 p. &#8212; Sign.: [ ]8, 2[calder\u00f3n]4, A-C8, D4<br \/>\nEncuadernado con: Dialogos de memorias eruditas para la historia de la nobilissima ciudad de Ronda, numero III \/ por &#8230; Juan Maria de Rivera, Valenzuela, Pizarro, Eslava, Chavero, y Mondrag\u00f3n &#8230; ; son interlocutores, &#8230; Macario Fari\u00f1a, Corr\u00e1l, y Tab\u00e1res, &#8230; Fernando Reynoso, y Malo, &#8230; Vicente Espin\u00e8l. &#8212; En Malaga : en la imprenta de la Dignidad Episcopal, y de la Santa Iglesia Cathedral, en la Plaza ; Se hallar\u00e0 en Ronda : en la Porter\u00eca de San Juan de Letr\u00e0n, [s.a.]. &#8212; [29], 64 [i.e. 67] p. &#8212; Sign.: [ ]8, [calder\u00f3n]8, A-D8<br \/>\nPalau, 270367<br \/>\nEl pie de imp. consta en v. de port.<br \/>\nFecha de la licencia del n. I, 1766<br \/>\nFecha de la licencia de los n. II y III, 1767<br \/>\nSign.: [calder\u00f3n]8, 2[calder\u00f3n]7, A-F8<br \/>\n* CB1021929 &#8212; Hojas un poco oscurecidas, ligeras manchas de \u00f3xido &#8212; Enc. hol., m\u00e1rgenes escasos &#8212; An. ms.: &#8220;Acabe de leer este libro yo [&#8230;] Juan [&#8230;] Navia primer teniente de guardias [&#8230;] en Antequera a [&#8230;] de 1783&#8221; (n. I) &#8212; Falto de la h. de grab. calc., retrato de Gregorio L\u00f3pez &#8212; Enc. 3 t. en 1 v.<\/p>\n","protected":false},"excerpt":{"rendered":"<p>Los \u00abDialogos de memorias eruditas para la historia de la nobilissima ciudad de Ronda\u00bb, compuestos por 3 vol\u00famenes, aparecieron publicados en los a\u00f1os 1766 y 1767, edit\u00e1ndose en las ciudades de C\u00f3rdoba (n\u00famero I) y M\u00e1laga (n\u00fameros II y III). En Ronda pod\u00eda adquirirse en la Porter\u00eda de San Juan de Letr\u00e1n. La obra qued\u00f3 [&hellip;]<\/p>\n","protected":false},"author":2,"featured_media":11560,"comment_status":"open","ping_status":"open","sticky":false,"template":"","format":"standard","meta":{"footnotes":""},"categories":[140],"tags":[105,171,172,745,137,114],"class_list":["post-82","post","type-post","status-publish","format-standard","has-post-thumbnail","hentry","category-biblioteca","tag-biblioteca-general","tag-fondo-antiguo","tag-historia","tag-juan-maria-de-rivera-valenzuela","tag-libros","tag-ronda"],"yoast_head":"<!-- This site is optimized with the Yoast SEO plugin v27.5 - https:\/\/yoast.com\/product\/yoast-seo-wordpress\/ -->\n<title>La Biblioteca de la Real Maestranza de Ronda engrosa sus fondos con un ejemplar completo de los \u00abDialogos\u00bb de Rivera Valenzuela - Real Maestranza de Caballer\u00eda de Ronda<\/title>\n<meta name=\"robots\" content=\"index, follow, max-snippet:-1, max-image-preview:large, max-video-preview:-1\" \/>\n<link rel=\"canonical\" href=\"https:\/\/www.rmcr.org\/en\/2013\/07\/26\/la-biblioteca-de-la-real-maestranza-de-ronda-engrosa-sus-fondos-con-un-ejemplar-completo-de-los-dialogos-de-rivera-valenzuela-2\/\" \/>\n<meta property=\"og:locale\" content=\"en_US\" \/>\n<meta property=\"og:type\" content=\"article\" \/>\n<meta property=\"og:title\" content=\"La Biblioteca de la Real Maestranza de Ronda engrosa sus fondos con un ejemplar completo de los \u00abDialogos\u00bb de Rivera Valenzuela - Real Maestranza de Caballer\u00eda de Ronda\" \/>\n<meta property=\"og:description\" content=\"Los \u00abDialogos de memorias eruditas para la historia de la nobilissima ciudad de Ronda\u00bb, compuestos por 3 vol\u00famenes, aparecieron publicados en los a\u00f1os 1766 y 1767, edit\u00e1ndose en las ciudades de C\u00f3rdoba (n\u00famero I) y M\u00e1laga (n\u00fameros II y III). En Ronda pod\u00eda adquirirse en la Porter\u00eda de San Juan de Letr\u00e1n. La obra qued\u00f3 [&hellip;]\" \/>\n<meta property=\"og:url\" content=\"https:\/\/www.rmcr.org\/en\/2013\/07\/26\/la-biblioteca-de-la-real-maestranza-de-ronda-engrosa-sus-fondos-con-un-ejemplar-completo-de-los-dialogos-de-rivera-valenzuela-2\/\" \/>\n<meta property=\"og:site_name\" content=\"Real Maestranza de Caballer\u00eda de Ronda\" \/>\n<meta property=\"article:publisher\" content=\"https:\/\/www.facebook.com\/plazadetorosronda\" \/>\n<meta property=\"article:published_time\" content=\"2013-07-26T12:06:26+00:00\" \/>\n<meta property=\"article:modified_time\" content=\"2024-05-15T10:31:50+00:00\" \/>\n<meta property=\"og:image\" content=\"https:\/\/www.rmcr.org\/wp-content\/uploads\/2013\/07\/dialogos1red.webp\" \/>\n\t<meta property=\"og:image:width\" content=\"470\" \/>\n\t<meta property=\"og:image:height\" content=\"718\" \/>\n\t<meta property=\"og:image:type\" content=\"image\/webp\" \/>\n<meta name=\"author\" content=\"BIBLIOTECA\" \/>\n<meta name=\"twitter:card\" content=\"summary_large_image\" \/>\n<meta name=\"twitter:creator\" content=\"@PlazatorosRMR\" \/>\n<meta name=\"twitter:site\" content=\"@PlazatorosRMR\" \/>\n<meta name=\"twitter:label1\" content=\"Written by\" \/>\n\t<meta name=\"twitter:data1\" content=\"BIBLIOTECA\" \/>\n\t<meta name=\"twitter:label2\" content=\"Est. reading time\" \/>\n\t<meta name=\"twitter:data2\" content=\"5 minutes\" \/>\n<script type=\"application\/ld+json\" class=\"yoast-schema-graph\">{\"@context\":\"https:\\\/\\\/schema.org\",\"@graph\":[{\"@type\":\"Article\",\"@id\":\"https:\\\/\\\/www.rmcr.org\\\/en\\\/2013\\\/07\\\/26\\\/la-biblioteca-de-la-real-maestranza-de-ronda-engrosa-sus-fondos-con-un-ejemplar-completo-de-los-dialogos-de-rivera-valenzuela-2\\\/#article\",\"isPartOf\":{\"@id\":\"https:\\\/\\\/www.rmcr.org\\\/en\\\/2013\\\/07\\\/26\\\/la-biblioteca-de-la-real-maestranza-de-ronda-engrosa-sus-fondos-con-un-ejemplar-completo-de-los-dialogos-de-rivera-valenzuela-2\\\/\"},\"author\":{\"name\":\"BIBLIOTECA\",\"@id\":\"https:\\\/\\\/www.rmcr.org\\\/en\\\/#\\\/schema\\\/person\\\/80849edee7ef556893505128619ea1d0\"},\"headline\":\"La Biblioteca de la Real Maestranza de Ronda engrosa sus fondos con un ejemplar completo de los \u00abDialogos\u00bb de Rivera Valenzuela\",\"datePublished\":\"2013-07-26T12:06:26+00:00\",\"dateModified\":\"2024-05-15T10:31:50+00:00\",\"mainEntityOfPage\":{\"@id\":\"https:\\\/\\\/www.rmcr.org\\\/en\\\/2013\\\/07\\\/26\\\/la-biblioteca-de-la-real-maestranza-de-ronda-engrosa-sus-fondos-con-un-ejemplar-completo-de-los-dialogos-de-rivera-valenzuela-2\\\/\"},\"wordCount\":840,\"commentCount\":0,\"publisher\":{\"@id\":\"https:\\\/\\\/www.rmcr.org\\\/en\\\/#organization\"},\"image\":{\"@id\":\"https:\\\/\\\/www.rmcr.org\\\/en\\\/2013\\\/07\\\/26\\\/la-biblioteca-de-la-real-maestranza-de-ronda-engrosa-sus-fondos-con-un-ejemplar-completo-de-los-dialogos-de-rivera-valenzuela-2\\\/#primaryimage\"},\"thumbnailUrl\":\"https:\\\/\\\/www.rmcr.org\\\/wp-content\\\/uploads\\\/2013\\\/07\\\/dialogos1red.webp\",\"keywords\":[\"Biblioteca\",\"Fondo antiguo\",\"Historia\",\"Juan Mar\u00eda de Rivera Valenzuela\",\"Libros\",\"Ronda\"],\"articleSection\":[\"Biblioteca\"],\"inLanguage\":\"en-US\",\"potentialAction\":[{\"@type\":\"CommentAction\",\"name\":\"Comment\",\"target\":[\"https:\\\/\\\/www.rmcr.org\\\/en\\\/2013\\\/07\\\/26\\\/la-biblioteca-de-la-real-maestranza-de-ronda-engrosa-sus-fondos-con-un-ejemplar-completo-de-los-dialogos-de-rivera-valenzuela-2\\\/#respond\"]}]},{\"@type\":\"WebPage\",\"@id\":\"https:\\\/\\\/www.rmcr.org\\\/en\\\/2013\\\/07\\\/26\\\/la-biblioteca-de-la-real-maestranza-de-ronda-engrosa-sus-fondos-con-un-ejemplar-completo-de-los-dialogos-de-rivera-valenzuela-2\\\/\",\"url\":\"https:\\\/\\\/www.rmcr.org\\\/en\\\/2013\\\/07\\\/26\\\/la-biblioteca-de-la-real-maestranza-de-ronda-engrosa-sus-fondos-con-un-ejemplar-completo-de-los-dialogos-de-rivera-valenzuela-2\\\/\",\"name\":\"La Biblioteca de la Real Maestranza de Ronda engrosa sus fondos con un ejemplar completo de los \u00abDialogos\u00bb de Rivera Valenzuela - Real Maestranza de Caballer\u00eda de Ronda\",\"isPartOf\":{\"@id\":\"https:\\\/\\\/www.rmcr.org\\\/en\\\/#website\"},\"primaryImageOfPage\":{\"@id\":\"https:\\\/\\\/www.rmcr.org\\\/en\\\/2013\\\/07\\\/26\\\/la-biblioteca-de-la-real-maestranza-de-ronda-engrosa-sus-fondos-con-un-ejemplar-completo-de-los-dialogos-de-rivera-valenzuela-2\\\/#primaryimage\"},\"image\":{\"@id\":\"https:\\\/\\\/www.rmcr.org\\\/en\\\/2013\\\/07\\\/26\\\/la-biblioteca-de-la-real-maestranza-de-ronda-engrosa-sus-fondos-con-un-ejemplar-completo-de-los-dialogos-de-rivera-valenzuela-2\\\/#primaryimage\"},\"thumbnailUrl\":\"https:\\\/\\\/www.rmcr.org\\\/wp-content\\\/uploads\\\/2013\\\/07\\\/dialogos1red.webp\",\"datePublished\":\"2013-07-26T12:06:26+00:00\",\"dateModified\":\"2024-05-15T10:31:50+00:00\",\"breadcrumb\":{\"@id\":\"https:\\\/\\\/www.rmcr.org\\\/en\\\/2013\\\/07\\\/26\\\/la-biblioteca-de-la-real-maestranza-de-ronda-engrosa-sus-fondos-con-un-ejemplar-completo-de-los-dialogos-de-rivera-valenzuela-2\\\/#breadcrumb\"},\"inLanguage\":\"en-US\",\"potentialAction\":[{\"@type\":\"ReadAction\",\"target\":[\"https:\\\/\\\/www.rmcr.org\\\/en\\\/2013\\\/07\\\/26\\\/la-biblioteca-de-la-real-maestranza-de-ronda-engrosa-sus-fondos-con-un-ejemplar-completo-de-los-dialogos-de-rivera-valenzuela-2\\\/\"]}]},{\"@type\":\"ImageObject\",\"inLanguage\":\"en-US\",\"@id\":\"https:\\\/\\\/www.rmcr.org\\\/en\\\/2013\\\/07\\\/26\\\/la-biblioteca-de-la-real-maestranza-de-ronda-engrosa-sus-fondos-con-un-ejemplar-completo-de-los-dialogos-de-rivera-valenzuela-2\\\/#primaryimage\",\"url\":\"https:\\\/\\\/www.rmcr.org\\\/wp-content\\\/uploads\\\/2013\\\/07\\\/dialogos1red.webp\",\"contentUrl\":\"https:\\\/\\\/www.rmcr.org\\\/wp-content\\\/uploads\\\/2013\\\/07\\\/dialogos1red.webp\",\"width\":470,\"height\":718},{\"@type\":\"BreadcrumbList\",\"@id\":\"https:\\\/\\\/www.rmcr.org\\\/en\\\/2013\\\/07\\\/26\\\/la-biblioteca-de-la-real-maestranza-de-ronda-engrosa-sus-fondos-con-un-ejemplar-completo-de-los-dialogos-de-rivera-valenzuela-2\\\/#breadcrumb\",\"itemListElement\":[{\"@type\":\"ListItem\",\"position\":1,\"name\":\"REAL MAESTRANZA DE CABALLER\u00cdA DE RONDA\",\"item\":\"https:\\\/\\\/www.rmcr.org\\\/en\\\/\"},{\"@type\":\"ListItem\",\"position\":2,\"name\":\"La Biblioteca de la Real Maestranza de Ronda engrosa sus fondos con un ejemplar completo de los \u00abDialogos\u00bb de Rivera Valenzuela\"}]},{\"@type\":\"WebSite\",\"@id\":\"https:\\\/\\\/www.rmcr.org\\\/en\\\/#website\",\"url\":\"https:\\\/\\\/www.rmcr.org\\\/en\\\/\",\"name\":\"Real Maestranza de Caballer\u00eda de Ronda\",\"description\":\"Real Maestranza de Caballer\u00eda de Ronda\",\"publisher\":{\"@id\":\"https:\\\/\\\/www.rmcr.org\\\/en\\\/#organization\"},\"alternateName\":\"RMCR\",\"potentialAction\":[{\"@type\":\"SearchAction\",\"target\":{\"@type\":\"EntryPoint\",\"urlTemplate\":\"https:\\\/\\\/www.rmcr.org\\\/en\\\/?s={search_term_string}\"},\"query-input\":{\"@type\":\"PropertyValueSpecification\",\"valueRequired\":true,\"valueName\":\"search_term_string\"}}],\"inLanguage\":\"en-US\"},{\"@type\":\"Organization\",\"@id\":\"https:\\\/\\\/www.rmcr.org\\\/en\\\/#organization\",\"name\":\"Real Maestranza de Caballer\u00eda de Ronda\",\"alternateName\":\"RMR\",\"url\":\"https:\\\/\\\/www.rmcr.org\\\/en\\\/\",\"logo\":{\"@type\":\"ImageObject\",\"inLanguage\":\"en-US\",\"@id\":\"https:\\\/\\\/www.rmcr.org\\\/en\\\/#\\\/schema\\\/logo\\\/image\\\/\",\"url\":\"https:\\\/\\\/www.rmcr.org\\\/wp-content\\\/uploads\\\/2022\\\/07\\\/logo-rmr-blue.svg\",\"contentUrl\":\"https:\\\/\\\/www.rmcr.org\\\/wp-content\\\/uploads\\\/2022\\\/07\\\/logo-rmr-blue.svg\",\"width\":131,\"height\":129,\"caption\":\"Real Maestranza de Caballer\u00eda de Ronda\"},\"image\":{\"@id\":\"https:\\\/\\\/www.rmcr.org\\\/en\\\/#\\\/schema\\\/logo\\\/image\\\/\"},\"sameAs\":[\"https:\\\/\\\/www.facebook.com\\\/plazadetorosronda\",\"https:\\\/\\\/x.com\\\/PlazatorosRMR\",\"https:\\\/\\\/www.instagram.com\\\/realmaestranzaderonda\\\/\",\"https:\\\/\\\/www.youtube.com\\\/channel\\\/UCrbO5IUN-8v_QML739vM4zg\\\/videos\"]},{\"@type\":\"Person\",\"@id\":\"https:\\\/\\\/www.rmcr.org\\\/en\\\/#\\\/schema\\\/person\\\/80849edee7ef556893505128619ea1d0\",\"name\":\"BIBLIOTECA\",\"image\":{\"@type\":\"ImageObject\",\"inLanguage\":\"en-US\",\"@id\":\"https:\\\/\\\/www.rmcr.org\\\/wp-content\\\/uploads\\\/2022\\\/11\\\/avatar-rmcr-96x96.png\",\"url\":\"https:\\\/\\\/www.rmcr.org\\\/wp-content\\\/uploads\\\/2022\\\/11\\\/avatar-rmcr-96x96.png\",\"contentUrl\":\"https:\\\/\\\/www.rmcr.org\\\/wp-content\\\/uploads\\\/2022\\\/11\\\/avatar-rmcr-96x96.png\",\"caption\":\"BIBLIOTECA\"},\"url\":\"https:\\\/\\\/www.rmcr.org\\\/en\\\/author\\\/juan-antonio-moreno\\\/\"}]}<\/script>\n<!-- \/ Yoast SEO plugin. -->","yoast_head_json":{"title":"La Biblioteca de la Real Maestranza de Ronda engrosa sus fondos con un ejemplar completo de los \u00abDialogos\u00bb de Rivera Valenzuela - Real Maestranza de Caballer\u00eda de Ronda","robots":{"index":"index","follow":"follow","max-snippet":"max-snippet:-1","max-image-preview":"max-image-preview:large","max-video-preview":"max-video-preview:-1"},"canonical":"https:\/\/www.rmcr.org\/en\/2013\/07\/26\/la-biblioteca-de-la-real-maestranza-de-ronda-engrosa-sus-fondos-con-un-ejemplar-completo-de-los-dialogos-de-rivera-valenzuela-2\/","og_locale":"en_US","og_type":"article","og_title":"La Biblioteca de la Real Maestranza de Ronda engrosa sus fondos con un ejemplar completo de los \u00abDialogos\u00bb de Rivera Valenzuela - Real Maestranza de Caballer\u00eda de Ronda","og_description":"Los \u00abDialogos de memorias eruditas para la historia de la nobilissima ciudad de Ronda\u00bb, compuestos por 3 vol\u00famenes, aparecieron publicados en los a\u00f1os 1766 y 1767, edit\u00e1ndose en las ciudades de C\u00f3rdoba (n\u00famero I) y M\u00e1laga (n\u00fameros II y III). En Ronda pod\u00eda adquirirse en la Porter\u00eda de San Juan de Letr\u00e1n. La obra qued\u00f3 [&hellip;]","og_url":"https:\/\/www.rmcr.org\/en\/2013\/07\/26\/la-biblioteca-de-la-real-maestranza-de-ronda-engrosa-sus-fondos-con-un-ejemplar-completo-de-los-dialogos-de-rivera-valenzuela-2\/","og_site_name":"Real Maestranza de Caballer\u00eda de Ronda","article_publisher":"https:\/\/www.facebook.com\/plazadetorosronda","article_published_time":"2013-07-26T12:06:26+00:00","article_modified_time":"2024-05-15T10:31:50+00:00","og_image":[{"width":470,"height":718,"url":"https:\/\/www.rmcr.org\/wp-content\/uploads\/2013\/07\/dialogos1red.webp","type":"image\/webp"}],"author":"BIBLIOTECA","twitter_card":"summary_large_image","twitter_creator":"@PlazatorosRMR","twitter_site":"@PlazatorosRMR","twitter_misc":{"Written by":"BIBLIOTECA","Est. reading time":"5 minutes"},"schema":{"@context":"https:\/\/schema.org","@graph":[{"@type":"Article","@id":"https:\/\/www.rmcr.org\/en\/2013\/07\/26\/la-biblioteca-de-la-real-maestranza-de-ronda-engrosa-sus-fondos-con-un-ejemplar-completo-de-los-dialogos-de-rivera-valenzuela-2\/#article","isPartOf":{"@id":"https:\/\/www.rmcr.org\/en\/2013\/07\/26\/la-biblioteca-de-la-real-maestranza-de-ronda-engrosa-sus-fondos-con-un-ejemplar-completo-de-los-dialogos-de-rivera-valenzuela-2\/"},"author":{"name":"BIBLIOTECA","@id":"https:\/\/www.rmcr.org\/en\/#\/schema\/person\/80849edee7ef556893505128619ea1d0"},"headline":"La Biblioteca de la Real Maestranza de Ronda engrosa sus fondos con un ejemplar completo de los \u00abDialogos\u00bb de Rivera Valenzuela","datePublished":"2013-07-26T12:06:26+00:00","dateModified":"2024-05-15T10:31:50+00:00","mainEntityOfPage":{"@id":"https:\/\/www.rmcr.org\/en\/2013\/07\/26\/la-biblioteca-de-la-real-maestranza-de-ronda-engrosa-sus-fondos-con-un-ejemplar-completo-de-los-dialogos-de-rivera-valenzuela-2\/"},"wordCount":840,"commentCount":0,"publisher":{"@id":"https:\/\/www.rmcr.org\/en\/#organization"},"image":{"@id":"https:\/\/www.rmcr.org\/en\/2013\/07\/26\/la-biblioteca-de-la-real-maestranza-de-ronda-engrosa-sus-fondos-con-un-ejemplar-completo-de-los-dialogos-de-rivera-valenzuela-2\/#primaryimage"},"thumbnailUrl":"https:\/\/www.rmcr.org\/wp-content\/uploads\/2013\/07\/dialogos1red.webp","keywords":["Biblioteca","Fondo antiguo","Historia","Juan Mar\u00eda de Rivera Valenzuela","Libros","Ronda"],"articleSection":["Biblioteca"],"inLanguage":"en-US","potentialAction":[{"@type":"CommentAction","name":"Comment","target":["https:\/\/www.rmcr.org\/en\/2013\/07\/26\/la-biblioteca-de-la-real-maestranza-de-ronda-engrosa-sus-fondos-con-un-ejemplar-completo-de-los-dialogos-de-rivera-valenzuela-2\/#respond"]}]},{"@type":"WebPage","@id":"https:\/\/www.rmcr.org\/en\/2013\/07\/26\/la-biblioteca-de-la-real-maestranza-de-ronda-engrosa-sus-fondos-con-un-ejemplar-completo-de-los-dialogos-de-rivera-valenzuela-2\/","url":"https:\/\/www.rmcr.org\/en\/2013\/07\/26\/la-biblioteca-de-la-real-maestranza-de-ronda-engrosa-sus-fondos-con-un-ejemplar-completo-de-los-dialogos-de-rivera-valenzuela-2\/","name":"La Biblioteca de la Real Maestranza de Ronda engrosa sus fondos con un ejemplar completo de los \u00abDialogos\u00bb de Rivera Valenzuela - Real Maestranza de Caballer\u00eda de Ronda","isPartOf":{"@id":"https:\/\/www.rmcr.org\/en\/#website"},"primaryImageOfPage":{"@id":"https:\/\/www.rmcr.org\/en\/2013\/07\/26\/la-biblioteca-de-la-real-maestranza-de-ronda-engrosa-sus-fondos-con-un-ejemplar-completo-de-los-dialogos-de-rivera-valenzuela-2\/#primaryimage"},"image":{"@id":"https:\/\/www.rmcr.org\/en\/2013\/07\/26\/la-biblioteca-de-la-real-maestranza-de-ronda-engrosa-sus-fondos-con-un-ejemplar-completo-de-los-dialogos-de-rivera-valenzuela-2\/#primaryimage"},"thumbnailUrl":"https:\/\/www.rmcr.org\/wp-content\/uploads\/2013\/07\/dialogos1red.webp","datePublished":"2013-07-26T12:06:26+00:00","dateModified":"2024-05-15T10:31:50+00:00","breadcrumb":{"@id":"https:\/\/www.rmcr.org\/en\/2013\/07\/26\/la-biblioteca-de-la-real-maestranza-de-ronda-engrosa-sus-fondos-con-un-ejemplar-completo-de-los-dialogos-de-rivera-valenzuela-2\/#breadcrumb"},"inLanguage":"en-US","potentialAction":[{"@type":"ReadAction","target":["https:\/\/www.rmcr.org\/en\/2013\/07\/26\/la-biblioteca-de-la-real-maestranza-de-ronda-engrosa-sus-fondos-con-un-ejemplar-completo-de-los-dialogos-de-rivera-valenzuela-2\/"]}]},{"@type":"ImageObject","inLanguage":"en-US","@id":"https:\/\/www.rmcr.org\/en\/2013\/07\/26\/la-biblioteca-de-la-real-maestranza-de-ronda-engrosa-sus-fondos-con-un-ejemplar-completo-de-los-dialogos-de-rivera-valenzuela-2\/#primaryimage","url":"https:\/\/www.rmcr.org\/wp-content\/uploads\/2013\/07\/dialogos1red.webp","contentUrl":"https:\/\/www.rmcr.org\/wp-content\/uploads\/2013\/07\/dialogos1red.webp","width":470,"height":718},{"@type":"BreadcrumbList","@id":"https:\/\/www.rmcr.org\/en\/2013\/07\/26\/la-biblioteca-de-la-real-maestranza-de-ronda-engrosa-sus-fondos-con-un-ejemplar-completo-de-los-dialogos-de-rivera-valenzuela-2\/#breadcrumb","itemListElement":[{"@type":"ListItem","position":1,"name":"REAL MAESTRANZA DE CABALLER\u00cdA DE RONDA","item":"https:\/\/www.rmcr.org\/en\/"},{"@type":"ListItem","position":2,"name":"La Biblioteca de la Real Maestranza de Ronda engrosa sus fondos con un ejemplar completo de los \u00abDialogos\u00bb de Rivera Valenzuela"}]},{"@type":"WebSite","@id":"https:\/\/www.rmcr.org\/en\/#website","url":"https:\/\/www.rmcr.org\/en\/","name":"Real Maestranza de Caballer\u00eda de Ronda","description":"Real Maestranza de Caballer\u00eda de Ronda","publisher":{"@id":"https:\/\/www.rmcr.org\/en\/#organization"},"alternateName":"RMCR","potentialAction":[{"@type":"SearchAction","target":{"@type":"EntryPoint","urlTemplate":"https:\/\/www.rmcr.org\/en\/?s={search_term_string}"},"query-input":{"@type":"PropertyValueSpecification","valueRequired":true,"valueName":"search_term_string"}}],"inLanguage":"en-US"},{"@type":"Organization","@id":"https:\/\/www.rmcr.org\/en\/#organization","name":"Real Maestranza de Caballer\u00eda de Ronda","alternateName":"RMR","url":"https:\/\/www.rmcr.org\/en\/","logo":{"@type":"ImageObject","inLanguage":"en-US","@id":"https:\/\/www.rmcr.org\/en\/#\/schema\/logo\/image\/","url":"https:\/\/www.rmcr.org\/wp-content\/uploads\/2022\/07\/logo-rmr-blue.svg","contentUrl":"https:\/\/www.rmcr.org\/wp-content\/uploads\/2022\/07\/logo-rmr-blue.svg","width":131,"height":129,"caption":"Real Maestranza de Caballer\u00eda de Ronda"},"image":{"@id":"https:\/\/www.rmcr.org\/en\/#\/schema\/logo\/image\/"},"sameAs":["https:\/\/www.facebook.com\/plazadetorosronda","https:\/\/x.com\/PlazatorosRMR","https:\/\/www.instagram.com\/realmaestranzaderonda\/","https:\/\/www.youtube.com\/channel\/UCrbO5IUN-8v_QML739vM4zg\/videos"]},{"@type":"Person","@id":"https:\/\/www.rmcr.org\/en\/#\/schema\/person\/80849edee7ef556893505128619ea1d0","name":"BIBLIOTECA","image":{"@type":"ImageObject","inLanguage":"en-US","@id":"https:\/\/www.rmcr.org\/wp-content\/uploads\/2022\/11\/avatar-rmcr-96x96.png","url":"https:\/\/www.rmcr.org\/wp-content\/uploads\/2022\/11\/avatar-rmcr-96x96.png","contentUrl":"https:\/\/www.rmcr.org\/wp-content\/uploads\/2022\/11\/avatar-rmcr-96x96.png","caption":"BIBLIOTECA"},"url":"https:\/\/www.rmcr.org\/en\/author\/juan-antonio-moreno\/"}]}},"_links":{"self":[{"href":"https:\/\/www.rmcr.org\/en\/wp-json\/wp\/v2\/posts\/82","targetHints":{"allow":["GET"]}}],"collection":[{"href":"https:\/\/www.rmcr.org\/en\/wp-json\/wp\/v2\/posts"}],"about":[{"href":"https:\/\/www.rmcr.org\/en\/wp-json\/wp\/v2\/types\/post"}],"author":[{"embeddable":true,"href":"https:\/\/www.rmcr.org\/en\/wp-json\/wp\/v2\/users\/2"}],"replies":[{"embeddable":true,"href":"https:\/\/www.rmcr.org\/en\/wp-json\/wp\/v2\/comments?post=82"}],"version-history":[{"count":3,"href":"https:\/\/www.rmcr.org\/en\/wp-json\/wp\/v2\/posts\/82\/revisions"}],"predecessor-version":[{"id":20672,"href":"https:\/\/www.rmcr.org\/en\/wp-json\/wp\/v2\/posts\/82\/revisions\/20672"}],"wp:featuredmedia":[{"embeddable":true,"href":"https:\/\/www.rmcr.org\/en\/wp-json\/wp\/v2\/media\/11560"}],"wp:attachment":[{"href":"https:\/\/www.rmcr.org\/en\/wp-json\/wp\/v2\/media?parent=82"}],"wp:term":[{"taxonomy":"category","embeddable":true,"href":"https:\/\/www.rmcr.org\/en\/wp-json\/wp\/v2\/categories?post=82"},{"taxonomy":"post_tag","embeddable":true,"href":"https:\/\/www.rmcr.org\/en\/wp-json\/wp\/v2\/tags?post=82"}],"curies":[{"name":"wp","href":"https:\/\/api.w.org\/{rel}","templated":true}]}}