{"id":7216,"date":"2022-07-14T13:02:12","date_gmt":"2022-07-14T13:02:12","guid":{"rendered":"https:\/\/www.rmcr.org\/?p=7216"},"modified":"2025-05-28T08:07:46","modified_gmt":"2025-05-28T08:07:46","slug":"toreros-historicos-en-la-plaza-de-toros-de-ronda-xxxii-francisco-garces-un-torero-mediano-entre-figuras","status":"publish","type":"post","link":"https:\/\/www.rmcr.org\/en\/2022\/07\/14\/toreros-historicos-en-la-plaza-de-toros-de-ronda-xxxii-francisco-garces-un-torero-mediano-entre-figuras\/","title":{"rendered":"Toreros hist\u00f3ricos en la Plaza de Toros de Ronda (XXXIII). Francisco Garc\u00e9s, un torero mediano entre figuras."},"content":{"rendered":"<p>En una entrada anterior se coment\u00f3 un cartel que se exhibe en la sala dedicada a la tauromaquia en la plaza de Ronda, anuncio de cuatro corridas en Sevilla en 1793. En aquella ocasi\u00f3n nos ocupamos de los cuatro prestigiosos picadores de vara larga que se enfrentaron nada menos que a 76 toros de diferentes ganader\u00edas, junto a tres matadores a pie, los legendarios Pepe Hillo y Pedro Romero a los que acompa\u00f1aba un torero sevillano llamado Francisco Garc\u00e9s.<\/p>\n\n\n<figure class=\"wp-block-image aligncenter size-large\"><a href=\"https:\/\/www.rmcr.org\/wp-content\/uploads\/2020\/09\/cartel-toros-sevilla-1793.jpg\"><img decoding=\"async\" src=\"https:\/\/www.rmcr.org\/wp-content\/uploads\/2020\/09\/cartel-toros-sevilla-1793.jpg?w=600\" alt=\"\" class=\"wp-image-1077\" \/><\/a><\/figure>\n\n\n<p style=\"text-align:center;\"><em>Cartel de las primeras corridas de toros en Sevilla (1793). Archivo RMR.<\/em><\/p>\n<p>Se sabe poco de Garc\u00e9s, que estuvo activo en el \u00faltimo tercio del siglo XVIII y que no mereci\u00f3 por ning\u00fan historiador de la \u00e9poca y posteriores nada especialmente rese\u00f1able. Sin embargo, se constata que alternaba en numerosas ocasiones con las primeras figuras del momento, mitos como Joaqu\u00edn Rodr\u00edguez <em>Costillares<\/em>, Pepe Hillo o los hermanos Romero. <span >Se sabe que fue pe\u00f3n y banderillero del primero<\/span>, y con \u00e9l parece que aprendi\u00f3 el oficio. Su nombre comienza a figurar en los carteles gracias a su maestro, que fue el primero de los matadores en incluir a sus peones en los anuncios, algo a lo que no eran muy inclinados otros diestros principales de la \u00e9poca, como los Palomo de Sevilla, Manuel Bell\u00f3n, los hermanos Romero o los toreros vascongados Leguregui y Barc\u00e1stegui.<\/p>\n<p>De este programa la corrida del d\u00eda 30 fue suspendida, para algunos cronistas por la lluvia, pero otras versiones lo explican por la ausencia de los picadores que se negaban a torear con los caballos que le ofrec\u00eda la empresa. Sea como fuere, la verdad es que se arm\u00f3 la marimorena. Hubo lluvia de piedras entre aficionados de dentro y fuera de la plaza, invasi\u00f3n del Balc\u00f3n del Pr\u00edncipe destrozando alfombras y l\u00e1mparas, mientras en el exterior se arrojaba al r\u00edo el coche del asentista de la plaza y el carro del riego, as\u00ed como se abr\u00edan los corrales y se echaba el ganado a la plaza o se mataba en los chiqueros. El tumulto tard\u00f3 horas en ser controlado.<\/p>\n<p>Ese mismo a\u00f1o, seg\u00fan relata Vel\u00e1zquez y S\u00e1nchez, la Junta de Hospitales que organizaba las corridas de Madrid dirige a la Real Maestranza de Sevilla un oficio firmado por el Conde de la Ca\u00f1ada: \u201cEspero que esta Real Maestranza use de la generosidad de relevar a Garc\u00e9s de la contrata, dej\u00e1ndole para que pueda venir a la Corte, porque aqu\u00ed prefieren los que torean en esa plaza sobre los dem\u00e1s pueblos de Espa\u00f1a\u201d. Buena prueba de la preeminencia de los toreros andaluces en el per\u00edodo inicial de la tauromaquia moderna.<\/p>\n<p>Garc\u00e9s ya hab\u00eda actuado en Madrid en temporadas anteriores. En 1789 lo hizo como supernumerario de Pedro Romero, Costillares, Pepe Hillo y Juan Conde en los festejos con motivo de la exaltaci\u00f3n al trono de Carlos IV, y como chulo del caballero Pedro Jos\u00e9 Echenique en las funciones de toreo a caballo. Sufri\u00f3 cogidas en 1794 y 1795, toreando siempre con los ya mencionados, y en numerosas ocasiones compartiendo terna con los hermanos Romero en la capital y en otras plazas espa\u00f1olas. Debi\u00f3 ser sin duda alguien que se desempe\u00f1aba con garant\u00edas, y en cuentas de la Real Maestranza de Sevilla figura como uno de los que m\u00e1s cobraban. De sus caracter\u00edsticas queda el testimonio que recogi\u00f3 Jos\u00e9 P\u00e9rez de Guzm\u00e1n en su libro sobre los toreros cordobeses al comparar a estos con \u201cla indiferencia glacial de Garc\u00e9s\u201d.<\/p>\n<p>Su pista se pierde hacia 1800, fecha en la que desaparece de los carteles.<\/p>\n<p><em>Bibliograf\u00eda<\/em><\/p>\n<p>Antonio Grac\u00eda-Baquero. <em>Raz\u00f3n de la Tauromaquia. Obra taurina completa<\/em>. Ed. Fundaci\u00f3n de Estudios Taurinos, Real Maestranza de Caballer\u00eda de Sevilla, 2008. Coord. Pedro Romero de Sol\u00eds.<\/p>\n<p>A. Garc\u00eda-Baquero, P. Romero de Sol\u00eds, I. V\u00e1zquez Parlad\u00e9. <em>Sevilla y las fiestas de los toros<\/em>. Biblioteca de Temas Sevillanos, Ayuntamiento de Sevilla, 1994.<\/p>\n<p>J. M. Coss\u00edo. <em>Los toros. Tratado t\u00e9cnico e hist\u00f3rico<\/em>, vol. III. Espasa Calpe, Madrid, 1943.<\/p>\n<p>J. S\u00e1nchez de Neira. <em>Los toreros de anta\u00f1o y los de hoga\u00f1o<\/em>, 1884. Ed. Fundaci\u00f3n de Estudios Taurinos, Real Maestranza de Caballer\u00eda de Sevilla, 2014. Introducci\u00f3n de Pedro Romero de Sol\u00eds.<\/p>\n<p>Vel\u00e1zquez y S\u00e1nchez. <em>Anales del toreo<\/em>. Imprenta y ed. Juan Moyano, Sevilla, 1868.<\/p>\n<p>J. S\u00e1nchez de Neira. <em>El Toreo. Gran diccionario taurom\u00e1quico<\/em>. Imprenta de Miguel Guijarro, Madrid, 1879 (Turner, Madrid, 1988).<\/p>","protected":false},"excerpt":{"rendered":"<p>Se sabe poco de Garc\u00e9s, que estuvo activo en el \u00faltimo tercio del siglo XVIII y que no mereci\u00f3 por ning\u00fan historiador de la \u00e9poca y posteriores nada especialmente rese\u00f1able. Sin embargo, se constata que alternaba en numerosas ocasiones con las primeras figuras del momento, mitos como Joaqu\u00edn Rodr\u00edguez Costillares, Pepe Hillo o los hermanos Romero.<\/p>\n","protected":false},"author":5,"featured_media":7471,"comment_status":"open","ping_status":"open","sticky":false,"template":"","format":"standard","meta":{"footnotes":""},"categories":[284,301,278],"tags":[98,376],"class_list":["post-7216","post","type-post","status-publish","format-standard","has-post-thumbnail","hentry","category-historia","category-real-maestranza","category-tauromaquia","tag-real-maestranza-de-caballeria-de-ronda","tag-toreros-historicos"],"yoast_head":"<!-- This site is optimized with the Yoast SEO plugin v27.5 - https:\/\/yoast.com\/product\/yoast-seo-wordpress\/ -->\n<title>Toreros hist\u00f3ricos en la Plaza de Toros de Ronda (XXXIII). Francisco Garc\u00e9s, un torero mediano entre figuras. - Real Maestranza de Caballer\u00eda de Ronda<\/title>\n<meta name=\"robots\" content=\"index, follow, max-snippet:-1, max-image-preview:large, max-video-preview:-1\" \/>\n<link rel=\"canonical\" href=\"https:\/\/www.rmcr.org\/en\/2022\/07\/14\/toreros-historicos-en-la-plaza-de-toros-de-ronda-xxxii-francisco-garces-un-torero-mediano-entre-figuras\/\" \/>\n<meta property=\"og:locale\" content=\"en_US\" \/>\n<meta property=\"og:type\" content=\"article\" \/>\n<meta property=\"og:title\" content=\"Toreros hist\u00f3ricos en la Plaza de Toros de Ronda (XXXIII). Francisco Garc\u00e9s, un torero mediano entre figuras. - Real Maestranza de Caballer\u00eda de Ronda\" \/>\n<meta property=\"og:description\" content=\"Se sabe poco de Garc\u00e9s, que estuvo activo en el \u00faltimo tercio del siglo XVIII y que no mereci\u00f3 por ning\u00fan historiador de la \u00e9poca y posteriores nada especialmente rese\u00f1able. Sin embargo, se constata que alternaba en numerosas ocasiones con las primeras figuras del momento, mitos como Joaqu\u00edn Rodr\u00edguez Costillares, Pepe Hillo o los hermanos Romero.\" \/>\n<meta property=\"og:url\" content=\"https:\/\/www.rmcr.org\/en\/2022\/07\/14\/toreros-historicos-en-la-plaza-de-toros-de-ronda-xxxii-francisco-garces-un-torero-mediano-entre-figuras\/\" \/>\n<meta property=\"og:site_name\" content=\"Real Maestranza de Caballer\u00eda de Ronda\" \/>\n<meta property=\"article:publisher\" content=\"https:\/\/www.facebook.com\/plazadetorosronda\" \/>\n<meta property=\"article:published_time\" content=\"2022-07-14T13:02:12+00:00\" \/>\n<meta property=\"article:modified_time\" content=\"2025-05-28T08:07:46+00:00\" \/>\n<meta property=\"og:image\" content=\"https:\/\/www.rmcr.org\/wp-content\/uploads\/2022\/07\/cartel-1793.jpg\" \/>\n\t<meta property=\"og:image:width\" content=\"1200\" \/>\n\t<meta property=\"og:image:height\" content=\"682\" \/>\n\t<meta property=\"og:image:type\" content=\"image\/jpeg\" \/>\n<meta name=\"author\" content=\"MUSEO\" \/>\n<meta name=\"twitter:card\" content=\"summary_large_image\" \/>\n<meta name=\"twitter:creator\" content=\"@PlazatorosRMR\" \/>\n<meta name=\"twitter:site\" content=\"@PlazatorosRMR\" \/>\n<meta name=\"twitter:label1\" content=\"Written by\" \/>\n\t<meta name=\"twitter:data1\" content=\"MUSEO\" \/>\n\t<meta name=\"twitter:label2\" content=\"Est. reading time\" \/>\n\t<meta name=\"twitter:data2\" content=\"1 minute\" \/>\n<script type=\"application\/ld+json\" class=\"yoast-schema-graph\">{\"@context\":\"https:\\\/\\\/schema.org\",\"@graph\":[{\"@type\":\"Article\",\"@id\":\"https:\\\/\\\/www.rmcr.org\\\/en\\\/2022\\\/07\\\/14\\\/toreros-historicos-en-la-plaza-de-toros-de-ronda-xxxii-francisco-garces-un-torero-mediano-entre-figuras\\\/#article\",\"isPartOf\":{\"@id\":\"https:\\\/\\\/www.rmcr.org\\\/en\\\/2022\\\/07\\\/14\\\/toreros-historicos-en-la-plaza-de-toros-de-ronda-xxxii-francisco-garces-un-torero-mediano-entre-figuras\\\/\"},\"author\":{\"name\":\"MUSEO\",\"@id\":\"https:\\\/\\\/www.rmcr.org\\\/en\\\/#\\\/schema\\\/person\\\/6e5eb50e802ff5f1419c0fea9935ae36\"},\"headline\":\"Toreros hist\u00f3ricos en la Plaza de Toros de Ronda (XXXIII). Francisco Garc\u00e9s, un torero mediano entre figuras.\",\"datePublished\":\"2022-07-14T13:02:12+00:00\",\"dateModified\":\"2025-05-28T08:07:46+00:00\",\"mainEntityOfPage\":{\"@id\":\"https:\\\/\\\/www.rmcr.org\\\/en\\\/2022\\\/07\\\/14\\\/toreros-historicos-en-la-plaza-de-toros-de-ronda-xxxii-francisco-garces-un-torero-mediano-entre-figuras\\\/\"},\"wordCount\":779,\"commentCount\":0,\"publisher\":{\"@id\":\"https:\\\/\\\/www.rmcr.org\\\/en\\\/#organization\"},\"image\":{\"@id\":\"https:\\\/\\\/www.rmcr.org\\\/en\\\/2022\\\/07\\\/14\\\/toreros-historicos-en-la-plaza-de-toros-de-ronda-xxxii-francisco-garces-un-torero-mediano-entre-figuras\\\/#primaryimage\"},\"thumbnailUrl\":\"https:\\\/\\\/www.rmcr.org\\\/wp-content\\\/uploads\\\/2022\\\/07\\\/cartel-1793.jpg\",\"keywords\":[\"Real Maestranza de Caballer\u00eda de Ronda\",\"Toreros hist\u00f3ricos\"],\"articleSection\":[\"Historia\",\"Real Maestranza\",\"Tauromaquia\"],\"inLanguage\":\"en-US\",\"potentialAction\":[{\"@type\":\"CommentAction\",\"name\":\"Comment\",\"target\":[\"https:\\\/\\\/www.rmcr.org\\\/en\\\/2022\\\/07\\\/14\\\/toreros-historicos-en-la-plaza-de-toros-de-ronda-xxxii-francisco-garces-un-torero-mediano-entre-figuras\\\/#respond\"]}]},{\"@type\":\"WebPage\",\"@id\":\"https:\\\/\\\/www.rmcr.org\\\/en\\\/2022\\\/07\\\/14\\\/toreros-historicos-en-la-plaza-de-toros-de-ronda-xxxii-francisco-garces-un-torero-mediano-entre-figuras\\\/\",\"url\":\"https:\\\/\\\/www.rmcr.org\\\/en\\\/2022\\\/07\\\/14\\\/toreros-historicos-en-la-plaza-de-toros-de-ronda-xxxii-francisco-garces-un-torero-mediano-entre-figuras\\\/\",\"name\":\"Toreros hist\u00f3ricos en la Plaza de Toros de Ronda (XXXIII). Francisco Garc\u00e9s, un torero mediano entre figuras. - Real Maestranza de Caballer\u00eda de Ronda\",\"isPartOf\":{\"@id\":\"https:\\\/\\\/www.rmcr.org\\\/en\\\/#website\"},\"primaryImageOfPage\":{\"@id\":\"https:\\\/\\\/www.rmcr.org\\\/en\\\/2022\\\/07\\\/14\\\/toreros-historicos-en-la-plaza-de-toros-de-ronda-xxxii-francisco-garces-un-torero-mediano-entre-figuras\\\/#primaryimage\"},\"image\":{\"@id\":\"https:\\\/\\\/www.rmcr.org\\\/en\\\/2022\\\/07\\\/14\\\/toreros-historicos-en-la-plaza-de-toros-de-ronda-xxxii-francisco-garces-un-torero-mediano-entre-figuras\\\/#primaryimage\"},\"thumbnailUrl\":\"https:\\\/\\\/www.rmcr.org\\\/wp-content\\\/uploads\\\/2022\\\/07\\\/cartel-1793.jpg\",\"datePublished\":\"2022-07-14T13:02:12+00:00\",\"dateModified\":\"2025-05-28T08:07:46+00:00\",\"breadcrumb\":{\"@id\":\"https:\\\/\\\/www.rmcr.org\\\/en\\\/2022\\\/07\\\/14\\\/toreros-historicos-en-la-plaza-de-toros-de-ronda-xxxii-francisco-garces-un-torero-mediano-entre-figuras\\\/#breadcrumb\"},\"inLanguage\":\"en-US\",\"potentialAction\":[{\"@type\":\"ReadAction\",\"target\":[\"https:\\\/\\\/www.rmcr.org\\\/en\\\/2022\\\/07\\\/14\\\/toreros-historicos-en-la-plaza-de-toros-de-ronda-xxxii-francisco-garces-un-torero-mediano-entre-figuras\\\/\"]}]},{\"@type\":\"ImageObject\",\"inLanguage\":\"en-US\",\"@id\":\"https:\\\/\\\/www.rmcr.org\\\/en\\\/2022\\\/07\\\/14\\\/toreros-historicos-en-la-plaza-de-toros-de-ronda-xxxii-francisco-garces-un-torero-mediano-entre-figuras\\\/#primaryimage\",\"url\":\"https:\\\/\\\/www.rmcr.org\\\/wp-content\\\/uploads\\\/2022\\\/07\\\/cartel-1793.jpg\",\"contentUrl\":\"https:\\\/\\\/www.rmcr.org\\\/wp-content\\\/uploads\\\/2022\\\/07\\\/cartel-1793.jpg\",\"width\":1200,\"height\":682},{\"@type\":\"BreadcrumbList\",\"@id\":\"https:\\\/\\\/www.rmcr.org\\\/en\\\/2022\\\/07\\\/14\\\/toreros-historicos-en-la-plaza-de-toros-de-ronda-xxxii-francisco-garces-un-torero-mediano-entre-figuras\\\/#breadcrumb\",\"itemListElement\":[{\"@type\":\"ListItem\",\"position\":1,\"name\":\"REAL MAESTRANZA DE CABALLER\u00cdA DE RONDA\",\"item\":\"https:\\\/\\\/www.rmcr.org\\\/en\\\/\"},{\"@type\":\"ListItem\",\"position\":2,\"name\":\"Toreros hist\u00f3ricos en la Plaza de Toros de Ronda (XXXIII). Francisco Garc\u00e9s, un torero mediano entre figuras.\"}]},{\"@type\":\"WebSite\",\"@id\":\"https:\\\/\\\/www.rmcr.org\\\/en\\\/#website\",\"url\":\"https:\\\/\\\/www.rmcr.org\\\/en\\\/\",\"name\":\"Real Maestranza de Caballer\u00eda de Ronda\",\"description\":\"Real Maestranza de Caballer\u00eda de Ronda\",\"publisher\":{\"@id\":\"https:\\\/\\\/www.rmcr.org\\\/en\\\/#organization\"},\"alternateName\":\"RMCR\",\"potentialAction\":[{\"@type\":\"SearchAction\",\"target\":{\"@type\":\"EntryPoint\",\"urlTemplate\":\"https:\\\/\\\/www.rmcr.org\\\/en\\\/?s={search_term_string}\"},\"query-input\":{\"@type\":\"PropertyValueSpecification\",\"valueRequired\":true,\"valueName\":\"search_term_string\"}}],\"inLanguage\":\"en-US\"},{\"@type\":\"Organization\",\"@id\":\"https:\\\/\\\/www.rmcr.org\\\/en\\\/#organization\",\"name\":\"Real Maestranza de Caballer\u00eda de Ronda\",\"alternateName\":\"RMR\",\"url\":\"https:\\\/\\\/www.rmcr.org\\\/en\\\/\",\"logo\":{\"@type\":\"ImageObject\",\"inLanguage\":\"en-US\",\"@id\":\"https:\\\/\\\/www.rmcr.org\\\/en\\\/#\\\/schema\\\/logo\\\/image\\\/\",\"url\":\"https:\\\/\\\/www.rmcr.org\\\/wp-content\\\/uploads\\\/2022\\\/07\\\/logo-rmr-blue.svg\",\"contentUrl\":\"https:\\\/\\\/www.rmcr.org\\\/wp-content\\\/uploads\\\/2022\\\/07\\\/logo-rmr-blue.svg\",\"width\":131,\"height\":129,\"caption\":\"Real Maestranza de Caballer\u00eda de Ronda\"},\"image\":{\"@id\":\"https:\\\/\\\/www.rmcr.org\\\/en\\\/#\\\/schema\\\/logo\\\/image\\\/\"},\"sameAs\":[\"https:\\\/\\\/www.facebook.com\\\/plazadetorosronda\",\"https:\\\/\\\/x.com\\\/PlazatorosRMR\",\"https:\\\/\\\/www.instagram.com\\\/realmaestranzaderonda\\\/\",\"https:\\\/\\\/www.youtube.com\\\/channel\\\/UCrbO5IUN-8v_QML739vM4zg\\\/videos\"]},{\"@type\":\"Person\",\"@id\":\"https:\\\/\\\/www.rmcr.org\\\/en\\\/#\\\/schema\\\/person\\\/6e5eb50e802ff5f1419c0fea9935ae36\",\"name\":\"MUSEO\",\"image\":{\"@type\":\"ImageObject\",\"inLanguage\":\"en-US\",\"@id\":\"https:\\\/\\\/www.rmcr.org\\\/wp-content\\\/uploads\\\/2022\\\/11\\\/avatar-rmcr-96x96.png\",\"url\":\"https:\\\/\\\/www.rmcr.org\\\/wp-content\\\/uploads\\\/2022\\\/11\\\/avatar-rmcr-96x96.png\",\"contentUrl\":\"https:\\\/\\\/www.rmcr.org\\\/wp-content\\\/uploads\\\/2022\\\/11\\\/avatar-rmcr-96x96.png\",\"caption\":\"MUSEO\"},\"url\":\"https:\\\/\\\/www.rmcr.org\\\/en\\\/author\\\/miguel-angel-sanchez\\\/\"}]}<\/script>\n<!-- \/ Yoast SEO plugin. -->","yoast_head_json":{"title":"Toreros hist\u00f3ricos en la Plaza de Toros de Ronda (XXXIII). Francisco Garc\u00e9s, un torero mediano entre figuras. - Real Maestranza de Caballer\u00eda de Ronda","robots":{"index":"index","follow":"follow","max-snippet":"max-snippet:-1","max-image-preview":"max-image-preview:large","max-video-preview":"max-video-preview:-1"},"canonical":"https:\/\/www.rmcr.org\/en\/2022\/07\/14\/toreros-historicos-en-la-plaza-de-toros-de-ronda-xxxii-francisco-garces-un-torero-mediano-entre-figuras\/","og_locale":"en_US","og_type":"article","og_title":"Toreros hist\u00f3ricos en la Plaza de Toros de Ronda (XXXIII). Francisco Garc\u00e9s, un torero mediano entre figuras. - Real Maestranza de Caballer\u00eda de Ronda","og_description":"Se sabe poco de Garc\u00e9s, que estuvo activo en el \u00faltimo tercio del siglo XVIII y que no mereci\u00f3 por ning\u00fan historiador de la \u00e9poca y posteriores nada especialmente rese\u00f1able. Sin embargo, se constata que alternaba en numerosas ocasiones con las primeras figuras del momento, mitos como Joaqu\u00edn Rodr\u00edguez Costillares, Pepe Hillo o los hermanos Romero.","og_url":"https:\/\/www.rmcr.org\/en\/2022\/07\/14\/toreros-historicos-en-la-plaza-de-toros-de-ronda-xxxii-francisco-garces-un-torero-mediano-entre-figuras\/","og_site_name":"Real Maestranza de Caballer\u00eda de Ronda","article_publisher":"https:\/\/www.facebook.com\/plazadetorosronda","article_published_time":"2022-07-14T13:02:12+00:00","article_modified_time":"2025-05-28T08:07:46+00:00","og_image":[{"width":1200,"height":682,"url":"https:\/\/www.rmcr.org\/wp-content\/uploads\/2022\/07\/cartel-1793.jpg","type":"image\/jpeg"}],"author":"MUSEO","twitter_card":"summary_large_image","twitter_creator":"@PlazatorosRMR","twitter_site":"@PlazatorosRMR","twitter_misc":{"Written by":"MUSEO","Est. reading time":"1 minute"},"schema":{"@context":"https:\/\/schema.org","@graph":[{"@type":"Article","@id":"https:\/\/www.rmcr.org\/en\/2022\/07\/14\/toreros-historicos-en-la-plaza-de-toros-de-ronda-xxxii-francisco-garces-un-torero-mediano-entre-figuras\/#article","isPartOf":{"@id":"https:\/\/www.rmcr.org\/en\/2022\/07\/14\/toreros-historicos-en-la-plaza-de-toros-de-ronda-xxxii-francisco-garces-un-torero-mediano-entre-figuras\/"},"author":{"name":"MUSEO","@id":"https:\/\/www.rmcr.org\/en\/#\/schema\/person\/6e5eb50e802ff5f1419c0fea9935ae36"},"headline":"Toreros hist\u00f3ricos en la Plaza de Toros de Ronda (XXXIII). Francisco Garc\u00e9s, un torero mediano entre figuras.","datePublished":"2022-07-14T13:02:12+00:00","dateModified":"2025-05-28T08:07:46+00:00","mainEntityOfPage":{"@id":"https:\/\/www.rmcr.org\/en\/2022\/07\/14\/toreros-historicos-en-la-plaza-de-toros-de-ronda-xxxii-francisco-garces-un-torero-mediano-entre-figuras\/"},"wordCount":779,"commentCount":0,"publisher":{"@id":"https:\/\/www.rmcr.org\/en\/#organization"},"image":{"@id":"https:\/\/www.rmcr.org\/en\/2022\/07\/14\/toreros-historicos-en-la-plaza-de-toros-de-ronda-xxxii-francisco-garces-un-torero-mediano-entre-figuras\/#primaryimage"},"thumbnailUrl":"https:\/\/www.rmcr.org\/wp-content\/uploads\/2022\/07\/cartel-1793.jpg","keywords":["Real Maestranza de Caballer\u00eda de Ronda","Toreros hist\u00f3ricos"],"articleSection":["Historia","Real Maestranza","Tauromaquia"],"inLanguage":"en-US","potentialAction":[{"@type":"CommentAction","name":"Comment","target":["https:\/\/www.rmcr.org\/en\/2022\/07\/14\/toreros-historicos-en-la-plaza-de-toros-de-ronda-xxxii-francisco-garces-un-torero-mediano-entre-figuras\/#respond"]}]},{"@type":"WebPage","@id":"https:\/\/www.rmcr.org\/en\/2022\/07\/14\/toreros-historicos-en-la-plaza-de-toros-de-ronda-xxxii-francisco-garces-un-torero-mediano-entre-figuras\/","url":"https:\/\/www.rmcr.org\/en\/2022\/07\/14\/toreros-historicos-en-la-plaza-de-toros-de-ronda-xxxii-francisco-garces-un-torero-mediano-entre-figuras\/","name":"Toreros hist\u00f3ricos en la Plaza de Toros de Ronda (XXXIII). Francisco Garc\u00e9s, un torero mediano entre figuras. - Real Maestranza de Caballer\u00eda de Ronda","isPartOf":{"@id":"https:\/\/www.rmcr.org\/en\/#website"},"primaryImageOfPage":{"@id":"https:\/\/www.rmcr.org\/en\/2022\/07\/14\/toreros-historicos-en-la-plaza-de-toros-de-ronda-xxxii-francisco-garces-un-torero-mediano-entre-figuras\/#primaryimage"},"image":{"@id":"https:\/\/www.rmcr.org\/en\/2022\/07\/14\/toreros-historicos-en-la-plaza-de-toros-de-ronda-xxxii-francisco-garces-un-torero-mediano-entre-figuras\/#primaryimage"},"thumbnailUrl":"https:\/\/www.rmcr.org\/wp-content\/uploads\/2022\/07\/cartel-1793.jpg","datePublished":"2022-07-14T13:02:12+00:00","dateModified":"2025-05-28T08:07:46+00:00","breadcrumb":{"@id":"https:\/\/www.rmcr.org\/en\/2022\/07\/14\/toreros-historicos-en-la-plaza-de-toros-de-ronda-xxxii-francisco-garces-un-torero-mediano-entre-figuras\/#breadcrumb"},"inLanguage":"en-US","potentialAction":[{"@type":"ReadAction","target":["https:\/\/www.rmcr.org\/en\/2022\/07\/14\/toreros-historicos-en-la-plaza-de-toros-de-ronda-xxxii-francisco-garces-un-torero-mediano-entre-figuras\/"]}]},{"@type":"ImageObject","inLanguage":"en-US","@id":"https:\/\/www.rmcr.org\/en\/2022\/07\/14\/toreros-historicos-en-la-plaza-de-toros-de-ronda-xxxii-francisco-garces-un-torero-mediano-entre-figuras\/#primaryimage","url":"https:\/\/www.rmcr.org\/wp-content\/uploads\/2022\/07\/cartel-1793.jpg","contentUrl":"https:\/\/www.rmcr.org\/wp-content\/uploads\/2022\/07\/cartel-1793.jpg","width":1200,"height":682},{"@type":"BreadcrumbList","@id":"https:\/\/www.rmcr.org\/en\/2022\/07\/14\/toreros-historicos-en-la-plaza-de-toros-de-ronda-xxxii-francisco-garces-un-torero-mediano-entre-figuras\/#breadcrumb","itemListElement":[{"@type":"ListItem","position":1,"name":"REAL MAESTRANZA DE CABALLER\u00cdA DE RONDA","item":"https:\/\/www.rmcr.org\/en\/"},{"@type":"ListItem","position":2,"name":"Toreros hist\u00f3ricos en la Plaza de Toros de Ronda (XXXIII). Francisco Garc\u00e9s, un torero mediano entre figuras."}]},{"@type":"WebSite","@id":"https:\/\/www.rmcr.org\/en\/#website","url":"https:\/\/www.rmcr.org\/en\/","name":"Real Maestranza de Caballer\u00eda de Ronda","description":"Real Maestranza de Caballer\u00eda de Ronda","publisher":{"@id":"https:\/\/www.rmcr.org\/en\/#organization"},"alternateName":"RMCR","potentialAction":[{"@type":"SearchAction","target":{"@type":"EntryPoint","urlTemplate":"https:\/\/www.rmcr.org\/en\/?s={search_term_string}"},"query-input":{"@type":"PropertyValueSpecification","valueRequired":true,"valueName":"search_term_string"}}],"inLanguage":"en-US"},{"@type":"Organization","@id":"https:\/\/www.rmcr.org\/en\/#organization","name":"Real Maestranza de Caballer\u00eda de Ronda","alternateName":"RMR","url":"https:\/\/www.rmcr.org\/en\/","logo":{"@type":"ImageObject","inLanguage":"en-US","@id":"https:\/\/www.rmcr.org\/en\/#\/schema\/logo\/image\/","url":"https:\/\/www.rmcr.org\/wp-content\/uploads\/2022\/07\/logo-rmr-blue.svg","contentUrl":"https:\/\/www.rmcr.org\/wp-content\/uploads\/2022\/07\/logo-rmr-blue.svg","width":131,"height":129,"caption":"Real Maestranza de Caballer\u00eda de Ronda"},"image":{"@id":"https:\/\/www.rmcr.org\/en\/#\/schema\/logo\/image\/"},"sameAs":["https:\/\/www.facebook.com\/plazadetorosronda","https:\/\/x.com\/PlazatorosRMR","https:\/\/www.instagram.com\/realmaestranzaderonda\/","https:\/\/www.youtube.com\/channel\/UCrbO5IUN-8v_QML739vM4zg\/videos"]},{"@type":"Person","@id":"https:\/\/www.rmcr.org\/en\/#\/schema\/person\/6e5eb50e802ff5f1419c0fea9935ae36","name":"MUSEO","image":{"@type":"ImageObject","inLanguage":"en-US","@id":"https:\/\/www.rmcr.org\/wp-content\/uploads\/2022\/11\/avatar-rmcr-96x96.png","url":"https:\/\/www.rmcr.org\/wp-content\/uploads\/2022\/11\/avatar-rmcr-96x96.png","contentUrl":"https:\/\/www.rmcr.org\/wp-content\/uploads\/2022\/11\/avatar-rmcr-96x96.png","caption":"MUSEO"},"url":"https:\/\/www.rmcr.org\/en\/author\/miguel-angel-sanchez\/"}]}},"_links":{"self":[{"href":"https:\/\/www.rmcr.org\/en\/wp-json\/wp\/v2\/posts\/7216","targetHints":{"allow":["GET"]}}],"collection":[{"href":"https:\/\/www.rmcr.org\/en\/wp-json\/wp\/v2\/posts"}],"about":[{"href":"https:\/\/www.rmcr.org\/en\/wp-json\/wp\/v2\/types\/post"}],"author":[{"embeddable":true,"href":"https:\/\/www.rmcr.org\/en\/wp-json\/wp\/v2\/users\/5"}],"replies":[{"embeddable":true,"href":"https:\/\/www.rmcr.org\/en\/wp-json\/wp\/v2\/comments?post=7216"}],"version-history":[{"count":1,"href":"https:\/\/www.rmcr.org\/en\/wp-json\/wp\/v2\/posts\/7216\/revisions"}],"predecessor-version":[{"id":20966,"href":"https:\/\/www.rmcr.org\/en\/wp-json\/wp\/v2\/posts\/7216\/revisions\/20966"}],"wp:featuredmedia":[{"embeddable":true,"href":"https:\/\/www.rmcr.org\/en\/wp-json\/wp\/v2\/media\/7471"}],"wp:attachment":[{"href":"https:\/\/www.rmcr.org\/en\/wp-json\/wp\/v2\/media?parent=7216"}],"wp:term":[{"taxonomy":"category","embeddable":true,"href":"https:\/\/www.rmcr.org\/en\/wp-json\/wp\/v2\/categories?post=7216"},{"taxonomy":"post_tag","embeddable":true,"href":"https:\/\/www.rmcr.org\/en\/wp-json\/wp\/v2\/tags?post=7216"}],"curies":[{"name":"wp","href":"https:\/\/api.w.org\/{rel}","templated":true}]}}