{"id":7207,"date":"2021-12-15T11:01:12","date_gmt":"2021-12-15T11:01:12","guid":{"rendered":"https:\/\/www.rmcr.org\/?p=7207"},"modified":"2025-05-28T08:11:27","modified_gmt":"2025-05-28T08:11:27","slug":"toreros-historicos-en-la-plaza-de-toros-de-ronda-xxvi-gonzalo-mora-el-torero-con-hechuras","status":"publish","type":"post","link":"https:\/\/www.rmcr.org\/en\/2021\/12\/15\/toreros-historicos-en-la-plaza-de-toros-de-ronda-xxvi-gonzalo-mora-el-torero-con-hechuras\/","title":{"rendered":"Toreros hist\u00f3ricos en la Plaza de Toros de Ronda (XXVI). Gonzalo Mora, el torero con hechuras"},"content":{"rendered":"\n<p>El 20 de mayo de 1852 tomaba la alternativa en Ronda un torero madrile\u00f1o junto a los gaditanos Francisco Ezpeleta y Manuel D\u00edaz <em>Lavi<\/em>, veteranos diestros en el ocaso de sus carreras. Ese doctorado no ser\u00eda reconocido por torear novillos despu\u00e9s, y Gonzalo Mora tuvo que ratificarla posteriormente. En su obra <em>El Toreo<\/em>, el que fuera director de la revista <em>La Lidia<\/em> Jos\u00e9 S\u00e1nchez de Neira comienza la semblanza que le dedica diciendo que \u201cera el tipo que marca una \u00e9poca del torero de este siglo\u201d. Se refer\u00eda m\u00e1s bien a sus \u201chechuras\u201d, m\u00e1s all\u00e1 de sus cualidades en las plazas:<em> echao pa lante<\/em>, amable con todos, generoso, requebrador de ni\u00f1as y galanteador de mozas de rumbo, jacarandoso en el baile, derechito, con gracia y bien vestido.<\/p>\n\n\n\n<p>Su gusto por el atuendo que se har\u00eda proverbial le vino de cuna, hijo de un sastre del Puerto de Santa Mar\u00eda afincado en la capital, taller frecuentado por muchos toreros. Nacido en 1827, de ese contacto le vendr\u00eda pronto a Gonzalo la afici\u00f3n, desde\u00f1ando seguir con el oficio familiar. Resignado el padre, que tambi\u00e9n hab\u00eda hecho sus pinitos, se lo encomend\u00f3 a Pedro S\u00e1nchez <em>Noteveas<\/em>, torero sevillano de escaso m\u00e9rito que actuaba con frecuencia en Madrid, con el que aprendi\u00f3 sus primeras lecciones como pe\u00f3n de su cuadrilla, estoqueando alg\u00fan toro.<\/p>\n\n\n\n<p>Cuando act\u00faa en Ronda tiene 25 a\u00f1os, se foguea en varias plazas y en algunas comparte cartel con el que ser\u00eda su modelo a seguir, m\u00e1s en su forma de ser que como maestro de virtudes taurinas, el bullicioso, desprendido, exhibicionista y buscarruidos Juan Pastor <em>el Barbero<\/em>, que lo lleva a La Habana en 1853 como segundo de su cuadrilla. Se cuenta que debi\u00f3 hacerlo con \u00e9xito, porque tore\u00f3 m\u00e1s de cuarenta corridas en un solo a\u00f1o.<\/p>\n\n\n\n<div class=\"wp-block-image\"><figure class=\"aligncenter size-large\"><a href=\"https:\/\/www.rmcr.org\/2021\/12\/gonzalo-mora-lidia.jpg\"><img decoding=\"async\" src=\"https:\/\/www.rmcr.org\/wp-content\/uploads\/2021\/12\/gonzalo-mora-lidia.jpg?w=450\" alt=\"\" class=\"wp-image-1716\" \/><\/a><\/figure><\/div>\n\n\n\n<p class=\"has-text-align-center\"><em>Gonzalo Mora, por Daniel Perea.<\/em> <em>\u201cLa lidia: revista taurina\u201d. A\u00f1o 11, n. 22, 12 de septiembre de 1892. Biblioteca-RMR<\/em><\/p>\n\n\n\n<p>A su vuelta participa en la corrida organizada por <em>C\u00fachares <\/em>por las v\u00edctimas de los sucesos de julio de 1854, rebeli\u00f3n popular y pronunciamiento militar dirigido por O&#8217;Donnell que se conoce como la<em> Vicalvarada<\/em> por iniciarse en la poblaci\u00f3n madrile\u00f1a de Vic\u00e1lvaro, que pondr\u00eda fin a la d\u00e9cada moderada para abrir el bienio progresista. Mora era de ideas liberales, y form\u00f3 parte de la milicia nacional en aquellos tiempos revueltos. De su car\u00e1cter da buena prueba que siempre se prest\u00f3 a colaborar en festejos ben\u00e9ficos de alg\u00fan tipo.<\/p>\n\n\n\n<p>Un mes despu\u00e9s, acompa\u00f1\u00f3 como segundo a Cayetano Sanz en Bayona, para celebrar la primera corrida en Francia que inclu\u00eda la muerte del toro en la plaza, bajo la presidencia de Napole\u00f3n III y su esposa, la emperatriz Eugenia de Montijo. Intervino en varias plazas espa\u00f1olas con decoro, aunque sus virtudes como maestro no eran muchas. Sus problemas con toros serios acentuaban su irregularidad, \u201choy temerario y huido ma\u00f1ana, y en la misma funci\u00f3n ambas cosas muchas veces\u201d, seg\u00fan Vel\u00e1zquez y S\u00e1nchez. En 1856 recibi\u00f3 la alternativa oficial en Madrid, con <em>Pepete <\/em>y <em>El Tato<\/em>. En los a\u00f1os siguientes no consigui\u00f3 ganarse un lugar destacado entre tantos toreros como hab\u00eda, y en 1868 marcha a Per\u00fa junto a Juli\u00e1n Casas <em>el Salamanquino<\/em> y Manuel Hermosilla, torero de Sanl\u00facar de Barrameda que era habitual en plazas de Cuba y M\u00e9xico.<\/p>\n\n\n\n<p>A su regreso encuentra contratas en El Havre, una vez aprobadas las corridas en Francia, y all\u00ed se dice que gan\u00f3 gran popularidad, debida mayormente a que su figura chulapona, siempre atildado, y su personalidad reun\u00edan para el p\u00fablico franc\u00e9s las caracter\u00edsticas del tipo de torero rom\u00e1ntico, como lo hab\u00eda sido <em>El Barbero<\/em>, el espejo en el que se miraba.<\/p>\n\n\n\n<p>Hacia 1870 en Espa\u00f1a se le hab\u00eda acabado el cr\u00e9dito y no toreaba m\u00e1s que en festejos ben\u00e9ficos, para los que siempre estaba predispuesto. No tuvo grandes percances en su larga carrera, destacando una cogida en la ingle al saltar vestido de calle al ruedo de Madrid para matar un toro con el que no pod\u00edan los toreros contratados. En 1879 interviene en las corridas reales por los esponsales de Alfonso XII con Mar\u00eda Cristina de Austria. Cumpli\u00f3 su cometido, vistiendo de caf\u00e9 y plata y carmes\u00ed y plata en los dos d\u00edas que intervino. A partir de ah\u00ed estir\u00f3 lo que pudo su carrera, \u201ccon menos alientos ya \/ que una d\u00e9bil alma en pena, \/ anda en la taurina arena \/ como un hu\u00e9sped que se va\u201d, seg\u00fan unos versos publicados en <em>La Lidia<\/em> en 1884, pre\u00e1mbulo de un per\u00edodo de estrecheces econ\u00f3micas, privaciones y mala salud que llevaron a <em>Frascuelo<\/em> a organizar una novillada en su socorro.<\/p>\n\n\n\n<p>Retirado en el pueblo de Colmenar del Arroyo, falleci\u00f3 en 1892.<\/p>\n\n\n\n<p><em>Bibliograf\u00eda<\/em><\/p>\n\n\n\n<p>J.M. Coss\u00edo. <em>Los toros. Tratado t\u00e9cnico e hist\u00f3rico, vol. III<\/em>. Espasa Calpe, Madrid, 1943.<br>J. Vel\u00e1zquez y S\u00e1nchez. <em>Anales del toreo<\/em>. Imprenta y ed. Juan Moyano, Sevilla, 1868.<br>J. S\u00e1nchez de Neira. <em>El Toreo. Gran diccionario taurom\u00e1quico<\/em>. Imprenta de Miguel Guijarro, Madrid, 1879 (Turner, Madrid, 1988).<br>N. Luj\u00e1n. <em>Historia del toreo<\/em>. Ediciones Destino, Barcelona, 1954.<br>Almanaque taurino, <em>La Lidia<\/em>. Madrid, 1884.<\/p>\n","protected":false},"excerpt":{"rendered":"<p>El 20 de mayo de 1852 tomaba la alternativa en Ronda un torero madrile\u00f1o junto a los gaditanos Francisco Ezpeleta y Manuel D\u00edaz Lavi, veteranos diestros en el ocaso de sus carreras. Ese doctorado no ser\u00eda reconocido por torear novillos despu\u00e9s, y Gonzalo Mora tuvo que ratificarla posteriormente. En su obra El Toreo, el que fuera director de la revista La Lidia Jos\u00e9 S\u00e1nchez de Neira comienza la semblanza que le dedica diciendo que \u201cera el tipo que marca una \u00e9poca del torero de este siglo\u201d. Se refer\u00eda m\u00e1s bien a sus \u201chechuras\u201d, m\u00e1s all\u00e1 de sus cualidades en las plazas: echao pa lante, amable con todos, generoso, requebrador de ni\u00f1as y galanteador de mozas de rumbo, jacarandoso en el baile, derechito, con gracia y bien vestido.<\/p>\n","protected":false},"author":5,"featured_media":7461,"comment_status":"open","ping_status":"open","sticky":false,"template":"","format":"standard","meta":{"footnotes":""},"categories":[284,277,301,278],"tags":[483,458,487,459,488,489,479,315,98,114,376],"class_list":["post-7207","post","type-post","status-publish","format-standard","has-post-thumbnail","hentry","category-historia","category-plaza-de-toros","category-real-maestranza","category-tauromaquia","tag-cayetano-sanz","tag-cuchares","tag-el-barbero","tag-el-tato","tag-gonzalo-mora","tag-lavi","tag-pepete","tag-plaza-de-toros-de-ronda","tag-real-maestranza-de-caballeria-de-ronda","tag-ronda","tag-toreros-historicos"],"yoast_head":"<!-- This site is optimized with the Yoast SEO plugin v27.5 - https:\/\/yoast.com\/product\/yoast-seo-wordpress\/ -->\n<title>Toreros hist\u00f3ricos en la Plaza de Toros de Ronda (XXVI). Gonzalo Mora, el torero con hechuras - Real Maestranza de Caballer\u00eda de Ronda<\/title>\n<meta name=\"robots\" content=\"index, follow, max-snippet:-1, max-image-preview:large, max-video-preview:-1\" \/>\n<link rel=\"canonical\" href=\"https:\/\/www.rmcr.org\/en\/2021\/12\/15\/toreros-historicos-en-la-plaza-de-toros-de-ronda-xxvi-gonzalo-mora-el-torero-con-hechuras\/\" \/>\n<meta property=\"og:locale\" content=\"en_US\" \/>\n<meta property=\"og:type\" content=\"article\" \/>\n<meta property=\"og:title\" content=\"Toreros hist\u00f3ricos en la Plaza de Toros de Ronda (XXVI). Gonzalo Mora, el torero con hechuras - Real Maestranza de Caballer\u00eda de Ronda\" \/>\n<meta property=\"og:description\" content=\"El 20 de mayo de 1852 tomaba la alternativa en Ronda un torero madrile\u00f1o junto a los gaditanos Francisco Ezpeleta y Manuel D\u00edaz Lavi, veteranos diestros en el ocaso de sus carreras. Ese doctorado no ser\u00eda reconocido por torear novillos despu\u00e9s, y Gonzalo Mora tuvo que ratificarla posteriormente. En su obra El Toreo, el que fuera director de la revista La Lidia Jos\u00e9 S\u00e1nchez de Neira comienza la semblanza que le dedica diciendo que \u201cera el tipo que marca una \u00e9poca del torero de este siglo\u201d. Se refer\u00eda m\u00e1s bien a sus \u201chechuras\u201d, m\u00e1s all\u00e1 de sus cualidades en las plazas: echao pa lante, amable con todos, generoso, requebrador de ni\u00f1as y galanteador de mozas de rumbo, jacarandoso en el baile, derechito, con gracia y bien vestido.\" \/>\n<meta property=\"og:url\" content=\"https:\/\/www.rmcr.org\/en\/2021\/12\/15\/toreros-historicos-en-la-plaza-de-toros-de-ronda-xxvi-gonzalo-mora-el-torero-con-hechuras\/\" \/>\n<meta property=\"og:site_name\" content=\"Real Maestranza de Caballer\u00eda de Ronda\" \/>\n<meta property=\"article:publisher\" content=\"https:\/\/www.facebook.com\/plazadetorosronda\" \/>\n<meta property=\"article:published_time\" content=\"2021-12-15T11:01:12+00:00\" \/>\n<meta property=\"article:modified_time\" content=\"2025-05-28T08:11:27+00:00\" \/>\n<meta property=\"og:image\" content=\"https:\/\/www.rmcr.org\/wp-content\/uploads\/2021\/12\/gonz-mora.jpg\" \/>\n\t<meta property=\"og:image:width\" content=\"482\" \/>\n\t<meta property=\"og:image:height\" content=\"142\" \/>\n\t<meta property=\"og:image:type\" content=\"image\/jpeg\" \/>\n<meta name=\"author\" content=\"MUSEO\" \/>\n<meta name=\"twitter:card\" content=\"summary_large_image\" \/>\n<meta name=\"twitter:creator\" content=\"@PlazatorosRMR\" \/>\n<meta name=\"twitter:site\" content=\"@PlazatorosRMR\" \/>\n<meta name=\"twitter:label1\" content=\"Written by\" \/>\n\t<meta name=\"twitter:data1\" content=\"MUSEO\" \/>\n\t<meta name=\"twitter:label2\" content=\"Est. reading time\" \/>\n\t<meta name=\"twitter:data2\" content=\"4 minutes\" \/>\n<script type=\"application\/ld+json\" class=\"yoast-schema-graph\">{\"@context\":\"https:\\\/\\\/schema.org\",\"@graph\":[{\"@type\":\"Article\",\"@id\":\"https:\\\/\\\/www.rmcr.org\\\/en\\\/2021\\\/12\\\/15\\\/toreros-historicos-en-la-plaza-de-toros-de-ronda-xxvi-gonzalo-mora-el-torero-con-hechuras\\\/#article\",\"isPartOf\":{\"@id\":\"https:\\\/\\\/www.rmcr.org\\\/en\\\/2021\\\/12\\\/15\\\/toreros-historicos-en-la-plaza-de-toros-de-ronda-xxvi-gonzalo-mora-el-torero-con-hechuras\\\/\"},\"author\":{\"name\":\"MUSEO\",\"@id\":\"https:\\\/\\\/www.rmcr.org\\\/en\\\/#\\\/schema\\\/person\\\/6e5eb50e802ff5f1419c0fea9935ae36\"},\"headline\":\"Toreros hist\u00f3ricos en la Plaza de Toros de Ronda (XXVI). Gonzalo Mora, el torero con hechuras\",\"datePublished\":\"2021-12-15T11:01:12+00:00\",\"dateModified\":\"2025-05-28T08:11:27+00:00\",\"mainEntityOfPage\":{\"@id\":\"https:\\\/\\\/www.rmcr.org\\\/en\\\/2021\\\/12\\\/15\\\/toreros-historicos-en-la-plaza-de-toros-de-ronda-xxvi-gonzalo-mora-el-torero-con-hechuras\\\/\"},\"wordCount\":910,\"commentCount\":0,\"publisher\":{\"@id\":\"https:\\\/\\\/www.rmcr.org\\\/en\\\/#organization\"},\"image\":{\"@id\":\"https:\\\/\\\/www.rmcr.org\\\/en\\\/2021\\\/12\\\/15\\\/toreros-historicos-en-la-plaza-de-toros-de-ronda-xxvi-gonzalo-mora-el-torero-con-hechuras\\\/#primaryimage\"},\"thumbnailUrl\":\"https:\\\/\\\/www.rmcr.org\\\/wp-content\\\/uploads\\\/2021\\\/12\\\/gonz-mora.jpg\",\"keywords\":[\"Cayetano Sanz\",\"C\u00fachares\",\"El Barbero\",\"El Tato\",\"Gonzalo Mora\",\"Lavi\",\"Pepete\",\"Plaza de Toros de Ronda\",\"Real Maestranza de Caballer\u00eda de Ronda\",\"Ronda\",\"Toreros hist\u00f3ricos\"],\"articleSection\":[\"Historia\",\"Plaza de Toros\",\"Real Maestranza\",\"Tauromaquia\"],\"inLanguage\":\"en-US\",\"potentialAction\":[{\"@type\":\"CommentAction\",\"name\":\"Comment\",\"target\":[\"https:\\\/\\\/www.rmcr.org\\\/en\\\/2021\\\/12\\\/15\\\/toreros-historicos-en-la-plaza-de-toros-de-ronda-xxvi-gonzalo-mora-el-torero-con-hechuras\\\/#respond\"]}]},{\"@type\":\"WebPage\",\"@id\":\"https:\\\/\\\/www.rmcr.org\\\/en\\\/2021\\\/12\\\/15\\\/toreros-historicos-en-la-plaza-de-toros-de-ronda-xxvi-gonzalo-mora-el-torero-con-hechuras\\\/\",\"url\":\"https:\\\/\\\/www.rmcr.org\\\/en\\\/2021\\\/12\\\/15\\\/toreros-historicos-en-la-plaza-de-toros-de-ronda-xxvi-gonzalo-mora-el-torero-con-hechuras\\\/\",\"name\":\"Toreros hist\u00f3ricos en la Plaza de Toros de Ronda (XXVI). Gonzalo Mora, el torero con hechuras - Real Maestranza de Caballer\u00eda de Ronda\",\"isPartOf\":{\"@id\":\"https:\\\/\\\/www.rmcr.org\\\/en\\\/#website\"},\"primaryImageOfPage\":{\"@id\":\"https:\\\/\\\/www.rmcr.org\\\/en\\\/2021\\\/12\\\/15\\\/toreros-historicos-en-la-plaza-de-toros-de-ronda-xxvi-gonzalo-mora-el-torero-con-hechuras\\\/#primaryimage\"},\"image\":{\"@id\":\"https:\\\/\\\/www.rmcr.org\\\/en\\\/2021\\\/12\\\/15\\\/toreros-historicos-en-la-plaza-de-toros-de-ronda-xxvi-gonzalo-mora-el-torero-con-hechuras\\\/#primaryimage\"},\"thumbnailUrl\":\"https:\\\/\\\/www.rmcr.org\\\/wp-content\\\/uploads\\\/2021\\\/12\\\/gonz-mora.jpg\",\"datePublished\":\"2021-12-15T11:01:12+00:00\",\"dateModified\":\"2025-05-28T08:11:27+00:00\",\"breadcrumb\":{\"@id\":\"https:\\\/\\\/www.rmcr.org\\\/en\\\/2021\\\/12\\\/15\\\/toreros-historicos-en-la-plaza-de-toros-de-ronda-xxvi-gonzalo-mora-el-torero-con-hechuras\\\/#breadcrumb\"},\"inLanguage\":\"en-US\",\"potentialAction\":[{\"@type\":\"ReadAction\",\"target\":[\"https:\\\/\\\/www.rmcr.org\\\/en\\\/2021\\\/12\\\/15\\\/toreros-historicos-en-la-plaza-de-toros-de-ronda-xxvi-gonzalo-mora-el-torero-con-hechuras\\\/\"]}]},{\"@type\":\"ImageObject\",\"inLanguage\":\"en-US\",\"@id\":\"https:\\\/\\\/www.rmcr.org\\\/en\\\/2021\\\/12\\\/15\\\/toreros-historicos-en-la-plaza-de-toros-de-ronda-xxvi-gonzalo-mora-el-torero-con-hechuras\\\/#primaryimage\",\"url\":\"https:\\\/\\\/www.rmcr.org\\\/wp-content\\\/uploads\\\/2021\\\/12\\\/gonz-mora.jpg\",\"contentUrl\":\"https:\\\/\\\/www.rmcr.org\\\/wp-content\\\/uploads\\\/2021\\\/12\\\/gonz-mora.jpg\",\"width\":482,\"height\":142},{\"@type\":\"BreadcrumbList\",\"@id\":\"https:\\\/\\\/www.rmcr.org\\\/en\\\/2021\\\/12\\\/15\\\/toreros-historicos-en-la-plaza-de-toros-de-ronda-xxvi-gonzalo-mora-el-torero-con-hechuras\\\/#breadcrumb\",\"itemListElement\":[{\"@type\":\"ListItem\",\"position\":1,\"name\":\"REAL MAESTRANZA DE CABALLER\u00cdA DE RONDA\",\"item\":\"https:\\\/\\\/www.rmcr.org\\\/en\\\/\"},{\"@type\":\"ListItem\",\"position\":2,\"name\":\"Toreros hist\u00f3ricos en la Plaza de Toros de Ronda (XXVI). Gonzalo Mora, el torero con hechuras\"}]},{\"@type\":\"WebSite\",\"@id\":\"https:\\\/\\\/www.rmcr.org\\\/en\\\/#website\",\"url\":\"https:\\\/\\\/www.rmcr.org\\\/en\\\/\",\"name\":\"Real Maestranza de Caballer\u00eda de Ronda\",\"description\":\"Real Maestranza de Caballer\u00eda de Ronda\",\"publisher\":{\"@id\":\"https:\\\/\\\/www.rmcr.org\\\/en\\\/#organization\"},\"alternateName\":\"RMCR\",\"potentialAction\":[{\"@type\":\"SearchAction\",\"target\":{\"@type\":\"EntryPoint\",\"urlTemplate\":\"https:\\\/\\\/www.rmcr.org\\\/en\\\/?s={search_term_string}\"},\"query-input\":{\"@type\":\"PropertyValueSpecification\",\"valueRequired\":true,\"valueName\":\"search_term_string\"}}],\"inLanguage\":\"en-US\"},{\"@type\":\"Organization\",\"@id\":\"https:\\\/\\\/www.rmcr.org\\\/en\\\/#organization\",\"name\":\"Real Maestranza de Caballer\u00eda de Ronda\",\"alternateName\":\"RMR\",\"url\":\"https:\\\/\\\/www.rmcr.org\\\/en\\\/\",\"logo\":{\"@type\":\"ImageObject\",\"inLanguage\":\"en-US\",\"@id\":\"https:\\\/\\\/www.rmcr.org\\\/en\\\/#\\\/schema\\\/logo\\\/image\\\/\",\"url\":\"https:\\\/\\\/www.rmcr.org\\\/wp-content\\\/uploads\\\/2022\\\/07\\\/logo-rmr-blue.svg\",\"contentUrl\":\"https:\\\/\\\/www.rmcr.org\\\/wp-content\\\/uploads\\\/2022\\\/07\\\/logo-rmr-blue.svg\",\"width\":131,\"height\":129,\"caption\":\"Real Maestranza de Caballer\u00eda de Ronda\"},\"image\":{\"@id\":\"https:\\\/\\\/www.rmcr.org\\\/en\\\/#\\\/schema\\\/logo\\\/image\\\/\"},\"sameAs\":[\"https:\\\/\\\/www.facebook.com\\\/plazadetorosronda\",\"https:\\\/\\\/x.com\\\/PlazatorosRMR\",\"https:\\\/\\\/www.instagram.com\\\/realmaestranzaderonda\\\/\",\"https:\\\/\\\/www.youtube.com\\\/channel\\\/UCrbO5IUN-8v_QML739vM4zg\\\/videos\"]},{\"@type\":\"Person\",\"@id\":\"https:\\\/\\\/www.rmcr.org\\\/en\\\/#\\\/schema\\\/person\\\/6e5eb50e802ff5f1419c0fea9935ae36\",\"name\":\"MUSEO\",\"image\":{\"@type\":\"ImageObject\",\"inLanguage\":\"en-US\",\"@id\":\"https:\\\/\\\/www.rmcr.org\\\/wp-content\\\/uploads\\\/2022\\\/11\\\/avatar-rmcr-96x96.png\",\"url\":\"https:\\\/\\\/www.rmcr.org\\\/wp-content\\\/uploads\\\/2022\\\/11\\\/avatar-rmcr-96x96.png\",\"contentUrl\":\"https:\\\/\\\/www.rmcr.org\\\/wp-content\\\/uploads\\\/2022\\\/11\\\/avatar-rmcr-96x96.png\",\"caption\":\"MUSEO\"},\"url\":\"https:\\\/\\\/www.rmcr.org\\\/en\\\/author\\\/miguel-angel-sanchez\\\/\"}]}<\/script>\n<!-- \/ Yoast SEO plugin. -->","yoast_head_json":{"title":"Toreros hist\u00f3ricos en la Plaza de Toros de Ronda (XXVI). Gonzalo Mora, el torero con hechuras - Real Maestranza de Caballer\u00eda de Ronda","robots":{"index":"index","follow":"follow","max-snippet":"max-snippet:-1","max-image-preview":"max-image-preview:large","max-video-preview":"max-video-preview:-1"},"canonical":"https:\/\/www.rmcr.org\/en\/2021\/12\/15\/toreros-historicos-en-la-plaza-de-toros-de-ronda-xxvi-gonzalo-mora-el-torero-con-hechuras\/","og_locale":"en_US","og_type":"article","og_title":"Toreros hist\u00f3ricos en la Plaza de Toros de Ronda (XXVI). Gonzalo Mora, el torero con hechuras - Real Maestranza de Caballer\u00eda de Ronda","og_description":"El 20 de mayo de 1852 tomaba la alternativa en Ronda un torero madrile\u00f1o junto a los gaditanos Francisco Ezpeleta y Manuel D\u00edaz Lavi, veteranos diestros en el ocaso de sus carreras. Ese doctorado no ser\u00eda reconocido por torear novillos despu\u00e9s, y Gonzalo Mora tuvo que ratificarla posteriormente. En su obra El Toreo, el que fuera director de la revista La Lidia Jos\u00e9 S\u00e1nchez de Neira comienza la semblanza que le dedica diciendo que \u201cera el tipo que marca una \u00e9poca del torero de este siglo\u201d. Se refer\u00eda m\u00e1s bien a sus \u201chechuras\u201d, m\u00e1s all\u00e1 de sus cualidades en las plazas: echao pa lante, amable con todos, generoso, requebrador de ni\u00f1as y galanteador de mozas de rumbo, jacarandoso en el baile, derechito, con gracia y bien vestido.","og_url":"https:\/\/www.rmcr.org\/en\/2021\/12\/15\/toreros-historicos-en-la-plaza-de-toros-de-ronda-xxvi-gonzalo-mora-el-torero-con-hechuras\/","og_site_name":"Real Maestranza de Caballer\u00eda de Ronda","article_publisher":"https:\/\/www.facebook.com\/plazadetorosronda","article_published_time":"2021-12-15T11:01:12+00:00","article_modified_time":"2025-05-28T08:11:27+00:00","og_image":[{"width":482,"height":142,"url":"https:\/\/www.rmcr.org\/wp-content\/uploads\/2021\/12\/gonz-mora.jpg","type":"image\/jpeg"}],"author":"MUSEO","twitter_card":"summary_large_image","twitter_creator":"@PlazatorosRMR","twitter_site":"@PlazatorosRMR","twitter_misc":{"Written by":"MUSEO","Est. reading time":"4 minutes"},"schema":{"@context":"https:\/\/schema.org","@graph":[{"@type":"Article","@id":"https:\/\/www.rmcr.org\/en\/2021\/12\/15\/toreros-historicos-en-la-plaza-de-toros-de-ronda-xxvi-gonzalo-mora-el-torero-con-hechuras\/#article","isPartOf":{"@id":"https:\/\/www.rmcr.org\/en\/2021\/12\/15\/toreros-historicos-en-la-plaza-de-toros-de-ronda-xxvi-gonzalo-mora-el-torero-con-hechuras\/"},"author":{"name":"MUSEO","@id":"https:\/\/www.rmcr.org\/en\/#\/schema\/person\/6e5eb50e802ff5f1419c0fea9935ae36"},"headline":"Toreros hist\u00f3ricos en la Plaza de Toros de Ronda (XXVI). Gonzalo Mora, el torero con hechuras","datePublished":"2021-12-15T11:01:12+00:00","dateModified":"2025-05-28T08:11:27+00:00","mainEntityOfPage":{"@id":"https:\/\/www.rmcr.org\/en\/2021\/12\/15\/toreros-historicos-en-la-plaza-de-toros-de-ronda-xxvi-gonzalo-mora-el-torero-con-hechuras\/"},"wordCount":910,"commentCount":0,"publisher":{"@id":"https:\/\/www.rmcr.org\/en\/#organization"},"image":{"@id":"https:\/\/www.rmcr.org\/en\/2021\/12\/15\/toreros-historicos-en-la-plaza-de-toros-de-ronda-xxvi-gonzalo-mora-el-torero-con-hechuras\/#primaryimage"},"thumbnailUrl":"https:\/\/www.rmcr.org\/wp-content\/uploads\/2021\/12\/gonz-mora.jpg","keywords":["Cayetano Sanz","C\u00fachares","El Barbero","El Tato","Gonzalo Mora","Lavi","Pepete","Plaza de Toros de Ronda","Real Maestranza de Caballer\u00eda de Ronda","Ronda","Toreros hist\u00f3ricos"],"articleSection":["Historia","Plaza de Toros","Real Maestranza","Tauromaquia"],"inLanguage":"en-US","potentialAction":[{"@type":"CommentAction","name":"Comment","target":["https:\/\/www.rmcr.org\/en\/2021\/12\/15\/toreros-historicos-en-la-plaza-de-toros-de-ronda-xxvi-gonzalo-mora-el-torero-con-hechuras\/#respond"]}]},{"@type":"WebPage","@id":"https:\/\/www.rmcr.org\/en\/2021\/12\/15\/toreros-historicos-en-la-plaza-de-toros-de-ronda-xxvi-gonzalo-mora-el-torero-con-hechuras\/","url":"https:\/\/www.rmcr.org\/en\/2021\/12\/15\/toreros-historicos-en-la-plaza-de-toros-de-ronda-xxvi-gonzalo-mora-el-torero-con-hechuras\/","name":"Toreros hist\u00f3ricos en la Plaza de Toros de Ronda (XXVI). Gonzalo Mora, el torero con hechuras - Real Maestranza de Caballer\u00eda de Ronda","isPartOf":{"@id":"https:\/\/www.rmcr.org\/en\/#website"},"primaryImageOfPage":{"@id":"https:\/\/www.rmcr.org\/en\/2021\/12\/15\/toreros-historicos-en-la-plaza-de-toros-de-ronda-xxvi-gonzalo-mora-el-torero-con-hechuras\/#primaryimage"},"image":{"@id":"https:\/\/www.rmcr.org\/en\/2021\/12\/15\/toreros-historicos-en-la-plaza-de-toros-de-ronda-xxvi-gonzalo-mora-el-torero-con-hechuras\/#primaryimage"},"thumbnailUrl":"https:\/\/www.rmcr.org\/wp-content\/uploads\/2021\/12\/gonz-mora.jpg","datePublished":"2021-12-15T11:01:12+00:00","dateModified":"2025-05-28T08:11:27+00:00","breadcrumb":{"@id":"https:\/\/www.rmcr.org\/en\/2021\/12\/15\/toreros-historicos-en-la-plaza-de-toros-de-ronda-xxvi-gonzalo-mora-el-torero-con-hechuras\/#breadcrumb"},"inLanguage":"en-US","potentialAction":[{"@type":"ReadAction","target":["https:\/\/www.rmcr.org\/en\/2021\/12\/15\/toreros-historicos-en-la-plaza-de-toros-de-ronda-xxvi-gonzalo-mora-el-torero-con-hechuras\/"]}]},{"@type":"ImageObject","inLanguage":"en-US","@id":"https:\/\/www.rmcr.org\/en\/2021\/12\/15\/toreros-historicos-en-la-plaza-de-toros-de-ronda-xxvi-gonzalo-mora-el-torero-con-hechuras\/#primaryimage","url":"https:\/\/www.rmcr.org\/wp-content\/uploads\/2021\/12\/gonz-mora.jpg","contentUrl":"https:\/\/www.rmcr.org\/wp-content\/uploads\/2021\/12\/gonz-mora.jpg","width":482,"height":142},{"@type":"BreadcrumbList","@id":"https:\/\/www.rmcr.org\/en\/2021\/12\/15\/toreros-historicos-en-la-plaza-de-toros-de-ronda-xxvi-gonzalo-mora-el-torero-con-hechuras\/#breadcrumb","itemListElement":[{"@type":"ListItem","position":1,"name":"REAL MAESTRANZA DE CABALLER\u00cdA DE RONDA","item":"https:\/\/www.rmcr.org\/en\/"},{"@type":"ListItem","position":2,"name":"Toreros hist\u00f3ricos en la Plaza de Toros de Ronda (XXVI). Gonzalo Mora, el torero con hechuras"}]},{"@type":"WebSite","@id":"https:\/\/www.rmcr.org\/en\/#website","url":"https:\/\/www.rmcr.org\/en\/","name":"Real Maestranza de Caballer\u00eda de Ronda","description":"Real Maestranza de Caballer\u00eda de Ronda","publisher":{"@id":"https:\/\/www.rmcr.org\/en\/#organization"},"alternateName":"RMCR","potentialAction":[{"@type":"SearchAction","target":{"@type":"EntryPoint","urlTemplate":"https:\/\/www.rmcr.org\/en\/?s={search_term_string}"},"query-input":{"@type":"PropertyValueSpecification","valueRequired":true,"valueName":"search_term_string"}}],"inLanguage":"en-US"},{"@type":"Organization","@id":"https:\/\/www.rmcr.org\/en\/#organization","name":"Real Maestranza de Caballer\u00eda de Ronda","alternateName":"RMR","url":"https:\/\/www.rmcr.org\/en\/","logo":{"@type":"ImageObject","inLanguage":"en-US","@id":"https:\/\/www.rmcr.org\/en\/#\/schema\/logo\/image\/","url":"https:\/\/www.rmcr.org\/wp-content\/uploads\/2022\/07\/logo-rmr-blue.svg","contentUrl":"https:\/\/www.rmcr.org\/wp-content\/uploads\/2022\/07\/logo-rmr-blue.svg","width":131,"height":129,"caption":"Real Maestranza de Caballer\u00eda de Ronda"},"image":{"@id":"https:\/\/www.rmcr.org\/en\/#\/schema\/logo\/image\/"},"sameAs":["https:\/\/www.facebook.com\/plazadetorosronda","https:\/\/x.com\/PlazatorosRMR","https:\/\/www.instagram.com\/realmaestranzaderonda\/","https:\/\/www.youtube.com\/channel\/UCrbO5IUN-8v_QML739vM4zg\/videos"]},{"@type":"Person","@id":"https:\/\/www.rmcr.org\/en\/#\/schema\/person\/6e5eb50e802ff5f1419c0fea9935ae36","name":"MUSEO","image":{"@type":"ImageObject","inLanguage":"en-US","@id":"https:\/\/www.rmcr.org\/wp-content\/uploads\/2022\/11\/avatar-rmcr-96x96.png","url":"https:\/\/www.rmcr.org\/wp-content\/uploads\/2022\/11\/avatar-rmcr-96x96.png","contentUrl":"https:\/\/www.rmcr.org\/wp-content\/uploads\/2022\/11\/avatar-rmcr-96x96.png","caption":"MUSEO"},"url":"https:\/\/www.rmcr.org\/en\/author\/miguel-angel-sanchez\/"}]}},"_links":{"self":[{"href":"https:\/\/www.rmcr.org\/en\/wp-json\/wp\/v2\/posts\/7207","targetHints":{"allow":["GET"]}}],"collection":[{"href":"https:\/\/www.rmcr.org\/en\/wp-json\/wp\/v2\/posts"}],"about":[{"href":"https:\/\/www.rmcr.org\/en\/wp-json\/wp\/v2\/types\/post"}],"author":[{"embeddable":true,"href":"https:\/\/www.rmcr.org\/en\/wp-json\/wp\/v2\/users\/5"}],"replies":[{"embeddable":true,"href":"https:\/\/www.rmcr.org\/en\/wp-json\/wp\/v2\/comments?post=7207"}],"version-history":[{"count":1,"href":"https:\/\/www.rmcr.org\/en\/wp-json\/wp\/v2\/posts\/7207\/revisions"}],"predecessor-version":[{"id":22993,"href":"https:\/\/www.rmcr.org\/en\/wp-json\/wp\/v2\/posts\/7207\/revisions\/22993"}],"wp:featuredmedia":[{"embeddable":true,"href":"https:\/\/www.rmcr.org\/en\/wp-json\/wp\/v2\/media\/7461"}],"wp:attachment":[{"href":"https:\/\/www.rmcr.org\/en\/wp-json\/wp\/v2\/media?parent=7207"}],"wp:term":[{"taxonomy":"category","embeddable":true,"href":"https:\/\/www.rmcr.org\/en\/wp-json\/wp\/v2\/categories?post=7207"},{"taxonomy":"post_tag","embeddable":true,"href":"https:\/\/www.rmcr.org\/en\/wp-json\/wp\/v2\/tags?post=7207"}],"curies":[{"name":"wp","href":"https:\/\/api.w.org\/{rel}","templated":true}]}}