{"id":7194,"date":"2021-05-06T10:42:59","date_gmt":"2021-05-06T10:42:59","guid":{"rendered":"https:\/\/www.rmcr.org\/?p=7194"},"modified":"2021-05-06T10:42:59","modified_gmt":"2021-05-06T10:42:59","slug":"toreros-historicos-en-la-plaza-de-toros-de-ronda-xix-manuel-diaz-lavi-el-torero-gracioso","status":"publish","type":"post","link":"https:\/\/www.rmcr.org\/en\/2021\/05\/06\/toreros-historicos-en-la-plaza-de-toros-de-ronda-xix-manuel-diaz-lavi-el-torero-gracioso\/","title":{"rendered":"Toreros hist\u00f3ricos en la Plaza de Toros de Ronda (XIX). Manuel D\u00edaz &#8220;Lavi&#8221;, el torero gracioso"},"content":{"rendered":"<p>Autodidacta, sentimental, dicharachero, supersticioso con los toros negros, la combinaci\u00f3n de arrojo y pavor seg\u00fan soplara el viento de sus man\u00edas marcaron su trayectoria, hasta el punto de ser pintoresca su forma de transitar del m\u00e9rito a la comicidad en la misma funci\u00f3n; estimado por todos, aficionados y compa\u00f1eros de profesi\u00f3n, fue el primer torero de raza gitana en destacar.<\/p>\n\n<p>Naci\u00f3 hacia 1812 en C\u00e1diz, el de la proclamaci\u00f3n de la Constituci\u00f3n liberal, cuando ya declinaba el largo e infructuoso asedio de las tropas napole\u00f3nicas iniciado dos a\u00f1os antes. Hu\u00e9rfano desde muy peque\u00f1o, se aficion\u00f3 a tratar reses bravas en el matadero de la ciudad, donde trabajaba en una de las tablas bajas de despacho de carnes, generoso con quien lo necesitaba. Su aprendizaje transcurri\u00f3 sin que nadie pudiera aleccionarle, si acaso su hermano mayor Gaspar (tambi\u00e9n torero, torpe, corpulento, que solo destacaba con el estoque), de modo que creci\u00f3 sin fundamentos escol\u00e1sticos ni direcci\u00f3n ninguna. Una carencia que arrastrar\u00eda a lo largo de su carrera, \u201cfranco en demas\u00eda y poco escudado en el arte\u201d. El militar y escritor taurino Jos\u00e9 Santa Coloma dec\u00eda de \u00e9l \u201cque dif\u00edcilmente podemos hallar un lidiador que con m\u00e1s fuerza de voluntad se lanzara a los peligros que ocasiona esta profesi\u00f3n, ni que m\u00e1s se desentendiera de sus resultados\u201d.<\/p>\n\n\n<div class=\"wp-block-image\"><figure class=\"aligncenter size-large\"><a href=\"https:\/\/www.rmcr.org\/wp-content\/uploads\/2021\/05\/manuel-diaz-lavi-1.jpg\"><img decoding=\"async\" src=\"https:\/\/www.rmcr.org\/wp-content\/uploads\/2021\/05\/manuel-diaz-lavi-1.jpg?w=400\" alt=\"\" class=\"wp-image-1558\" \/><\/a><\/figure><\/div>\n\n\n<p style=\"text-align:center;\"><em>Manuel D\u00edaz L\u00e1vi.\u00a0Dibujo y litograf\u00eda de Vicente Urrabieta y Ortiz. \u201cHistoria del toreo y de las principales ganader\u00edas de Espa\u00f1a\u201d de Fernando Garc\u00eda de Bedoya (Madrid, 1850). Biblioteca-RMR<\/em><\/p>\n\n<p>Es m\u00e1s que probable que comenzara su carrera como banderillero de su hermano, y se fogueara en festejos de los que no se tienen noticias. Se sabe que en 1841 act\u00faa en C\u00e1diz como sobresaliente junto a Gaspar y nada menos que con Antonio Montes. Los dos a\u00f1os siguientes lo hace como matador en plazas andaluzas con toreros de segundo orden. Se presenta en Madrid en 1843 junto a su paisano Francisco Ezpeleta y Juan Pastor, el torero \u201cbuscarruidos\u201d, ampliando la gira por Castilla y Arag\u00f3n. En Madrid repite, algunas veces como segundo de <em>Chiclanero<\/em>; interviene en los festejos reales de 1846, y en la d\u00e9cada de los cincuenta torea casi ininterrumpidamente en las temporadas de la corte, con buena aceptaci\u00f3n general, aunque su tendencia al exceso de peso y sus escasos fundamentos t\u00e9cnicos fueron lastrando su desempe\u00f1o frente a toros complicados (o negros) y en competencia con toreros m\u00e1s \u00e1giles.<\/p>\n\n<p>A pesar de lo que sostiene S\u00e1nchez de Neira, que llega a llamarlo \u201cpayaso del toreo\u201d, tambi\u00e9n admite que hizo cosas que otros envidiar\u00edan, muchas veces por su empe\u00f1o de agradar a un p\u00fablico que se divert\u00eda meti\u00e9ndole en aprietos con exigencias para las que no estaba preparado. Resultaba chocante su af\u00e1n de competir en donaire cuando actuaba con el garboso <em>Chiclanero <\/em>(fue uno de los toreros que llevaron las cintas de su f\u00e9retro)<em>. <\/em>Muy sensible, recib\u00eda los halagos con alegr\u00eda infantil y se le saltaban las l\u00e1grimas con las cr\u00edticas. Los toros negros eran para \u00e9l un suplicio, parece que debido a una buenaventura que le hab\u00eda vaticinado que un ejemplar de esa capa acabar\u00eda con su vida. Frente a ellos era incapaz de mantener la compostura; con otros ejemplares se atrev\u00eda a cualquier lance, aunque su falta de pericia le procur\u00f3 cogidas, revolcones y palizas, pero ning\u00fan percance de gravedad, hasta el punto de que Juan Le\u00f3n lo llamaba \u201cmaestro de fortuna\u201d.<\/p>\n\n<p>En los testimonios consultados destaca su bonhom\u00eda y docilidad; incapaz de dirigir la lidia, sol\u00eda ceder su antig\u00fcedad a toreros con menos tiempo de alternativa. Tambi\u00e9n se resaltan sus ocurrencias y particular forma de hablar. En las funciones reales de 1846 en la plaza mayor de Madrid, se atrevi\u00f3 a subir al Palco Real para ofrecer a Isabel II una divisa que hab\u00eda arrancado de los lomos de un toro.<\/p>\n<p>&#8211; \u00a1Su Real Majest\u00e1! -dijo, doblando la rodilla-. Esta es la primera mo\u00f1a que tiene Su Majest\u00e1 el hon\u00f3 de recibi de mi mano.<\/p>\n\n<p>Hablaba por los codos, con el p\u00fablico y con los mismos toros. A un morlaco que buscaba el bulto: \u201cNo seas ladr\u00f3n, apl\u00f3mate y d\u00e9jate matar, que tengo cinco chorreles\u201d. A otro que tambi\u00e9n se lo pon\u00eda dif\u00edcil: \u201c\u00a1Ah, tunante! \u00bfTe cuelas para coger? Pues mira, te voy a di\u00f1ar mul\u00e9 antes que lo huelas y lo cuentes a tu mare\u201d. No era f\u00e1cil a veces entender lo que dec\u00eda. Preguntado por el viaje de su hermano Gaspar a Filipinas, di\u00f3 la siguiente explicaci\u00f3n: \u201cVa a Manilva bien costeao, y allega presto, poique lo trasmiten por el limbo\u201d, en referencia al itsmo de Suez. Al encontrarse con un conocido sastre sevillano que le hab\u00eda hecho un traje de grana y plata, que visti\u00f3 en una corrida en Pamplona, le espet\u00f3: \u201cMaestro, me visti\u00f3 ust\u00e9 de muleta, y en cuanto me diquelaban los toros se alegraban conmigo como si juera con uno de su familia\u201d.<\/p>\n\n\n<div class=\"wp-block-image\"><figure class=\"aligncenter size-large\"><a href=\"https:\/\/www.rmcr.org\/2021\/05\/plaza-acho-lima.jpg\"><img decoding=\"async\" src=\"https:\/\/www.rmcr.org\/wp-content\/uploads\/2021\/05\/plaza-acho-lima.jpg?w=528\" alt=\"\" class=\"wp-image-1559\" \/><\/a><\/figure><\/div>\n\n\n<p style=\"text-align:center;\"><em>Plaza de toros de Acho. \u201cLima: apuntes hist\u00f3ricos, descriptivos, estad\u00edsticos y de costumbres\u201d de Manuel A. Fuentes (Par\u00eds, 1867).<\/em><\/p>\n\n<p>Con Ezpeleta, otro gordito, y el atildado Gonzalo Mora actu\u00f3 en Ronda en 1853, cuando la obesidad comenzaba a lastrar su figura. No le faltaron arrestos para viajar a La Habana, primero, y M\u00e9xico despu\u00e9s, de donde regres\u00f3 diciendo que \u201csi g\u00fcervo all\u00e1 estrono al rey de aquella tierra, de siguro\u201d. Animado por la buena acogida en esos pa\u00edses acept\u00f3 en 1858 una contrata para torear en Per\u00fa, en la legendaria plaza de Acho de Lima. Sus exigencias son de primera figura: pago de 4.000 pesos a la firma del contrato, dos trajes para \u00e9l y otros dos para su hijo Antonio, pasajes de primera clase para la cuadrilla, y una cantidad asegurada para su mujer si perec\u00eda en el viaje.<\/p>\n\n<p>Lleg\u00f3 en noviembre, pidi\u00f3 ver el ganado que se iba a lidiar en la finca y al volver a Lima sinti\u00f3 mucha debilidad, quiz\u00e1s afectado por el mal de altura o \u201csoroche\u201d. Se aplaz\u00f3 la primera corrida, a la espera de su mejor\u00eda, que no lleg\u00f3. El 9 de diciembre, despu\u00e9s de beber un vaso de agua, se derrumb\u00f3. Los m\u00e9dicos dictaminaron fallecimiento por aneurisma. De su figura se puede decir, en su \u00e9poca, lo que afirmaba Neira: \u201cTodos recuerdan su nombre y nadie lo desprecia\u201d.<\/p>\n\n<p><em>Bibliograf\u00eda<\/em><\/p>\n<p>J. Santa Coloma. <em>Apuntes biogr\u00e1ficos de los diestros que m\u00e1s se han distinguido&#8230;<\/em> Imp. a cargo de J. L\u00f3pez, Madrid, 1872.<br \/>J. M. Coss\u00edo. <em>Los toros. Tratado t\u00e9cnico e hist\u00f3rico, vol. III<\/em>. Espasa Calpe, Madrid, 1943.<br \/>Vel\u00e1zquez y S\u00e1nchez. <em>Anales del toreo<\/em>. Imprenta y ed. Juan Moyano, Sevilla, 1868.<br \/>J. S\u00e1nchez de Neira. <em>El Toreo. Gran diccionario taurom\u00e1quico<\/em>. Imprenta de Miguel Guijarro, Madrid, 1879 (Turner, Madrid, 1988).<br \/>G\u00f3mez de Bedoya. <em>Historia del toreo y de las principales ganader\u00edas de Espa\u00f1a<\/em>. Madrid, 1850. Publicado por Egartorre Libros, Madrid, 1989.<br \/>Adolfo Lozano. <em>Anales de la Plaza de Toros de Ronda<\/em>. Imp. hermanos Vega, 1954, Ronda.<br \/>N. Rivas Santiago. <em>Toreros del romanticismo (anecdotario taurino)<\/em>, pr\u00f3l. de J. Belmonte, Aguilar, Madrid, 1947 (Madrid, Aguilar, 1987). <br \/>V\u00e1zquez, Leopoldo. <em>Cuentos y an\u00e9cdotas de toros.<\/em> Imp. Colecci\u00f3n Alegr\u00eda, volumen XX. Hijos de M.G. Hern\u00e1ndez, Madrid, 1893?<\/p>","protected":false},"excerpt":{"rendered":"<p>Autodidacta, sentimental, dicharachero, supersticioso con los toros negros, la combinaci\u00f3n de arrojo y pavor seg\u00fan soplara el viento de sus man\u00edas marcaron su trayectoria, hasta el punto de ser pintoresca su forma de transitar del m\u00e9rito a la comicidad en la misma funci\u00f3n; estimado por todos, aficionados y compa\u00f1eros de profesi\u00f3n, fue el primer torero de raza gitana en destacar.<\/p>\n","protected":false},"author":7,"featured_media":7436,"comment_status":"open","ping_status":"open","sticky":false,"template":"","format":"standard","meta":{"footnotes":""},"categories":[284,277,278],"tags":[315,98,263,376],"class_list":["post-7194","post","type-post","status-publish","format-standard","has-post-thumbnail","hentry","category-historia","category-plaza-de-toros","category-tauromaquia","tag-plaza-de-toros-de-ronda","tag-real-maestranza-de-caballeria-de-ronda","tag-real-maestranza-de-ronda","tag-toreros-historicos"],"yoast_head":"<!-- This site is optimized with the Yoast SEO plugin v27.4 - https:\/\/yoast.com\/product\/yoast-seo-wordpress\/ -->\n<title>Toreros hist\u00f3ricos en la Plaza de Toros de Ronda (XIX). Manuel D\u00edaz &quot;Lavi&quot;, el torero gracioso - Real Maestranza de Caballer\u00eda de Ronda<\/title>\n<meta name=\"robots\" content=\"index, follow, max-snippet:-1, max-image-preview:large, max-video-preview:-1\" \/>\n<link rel=\"canonical\" href=\"https:\/\/www.rmcr.org\/en\/2021\/05\/06\/toreros-historicos-en-la-plaza-de-toros-de-ronda-xix-manuel-diaz-lavi-el-torero-gracioso\/\" \/>\n<meta property=\"og:locale\" content=\"en_US\" \/>\n<meta property=\"og:type\" content=\"article\" \/>\n<meta property=\"og:title\" content=\"Toreros hist\u00f3ricos en la Plaza de Toros de Ronda (XIX). Manuel D\u00edaz &quot;Lavi&quot;, el torero gracioso - Real Maestranza de Caballer\u00eda de Ronda\" \/>\n<meta property=\"og:description\" content=\"Autodidacta, sentimental, dicharachero, supersticioso con los toros negros, la combinaci\u00f3n de arrojo y pavor seg\u00fan soplara el viento de sus man\u00edas marcaron su trayectoria, hasta el punto de ser pintoresca su forma de transitar del m\u00e9rito a la comicidad en la misma funci\u00f3n; estimado por todos, aficionados y compa\u00f1eros de profesi\u00f3n, fue el primer torero de raza gitana en destacar.\" \/>\n<meta property=\"og:url\" content=\"https:\/\/www.rmcr.org\/en\/2021\/05\/06\/toreros-historicos-en-la-plaza-de-toros-de-ronda-xix-manuel-diaz-lavi-el-torero-gracioso\/\" \/>\n<meta property=\"og:site_name\" content=\"Real Maestranza de Caballer\u00eda de Ronda\" \/>\n<meta property=\"article:publisher\" content=\"https:\/\/www.facebook.com\/plazadetorosronda\" \/>\n<meta property=\"article:published_time\" content=\"2021-05-06T10:42:59+00:00\" \/>\n<meta property=\"og:image\" content=\"https:\/\/www.rmcr.org\/wp-content\/uploads\/2021\/05\/lavi.jpg\" \/>\n\t<meta property=\"og:image:width\" content=\"482\" \/>\n\t<meta property=\"og:image:height\" content=\"143\" \/>\n\t<meta property=\"og:image:type\" content=\"image\/jpeg\" \/>\n<meta name=\"author\" content=\"RMCR\" \/>\n<meta name=\"twitter:card\" content=\"summary_large_image\" \/>\n<meta name=\"twitter:creator\" content=\"@PlazatorosRMR\" \/>\n<meta name=\"twitter:site\" content=\"@PlazatorosRMR\" \/>\n<meta name=\"twitter:label1\" content=\"Written by\" \/>\n\t<meta name=\"twitter:data1\" content=\"RMCR\" \/>\n\t<meta name=\"twitter:label2\" content=\"Est. reading time\" \/>\n\t<meta name=\"twitter:data2\" content=\"6 minutes\" \/>\n<script type=\"application\/ld+json\" class=\"yoast-schema-graph\">{\"@context\":\"https:\\\/\\\/schema.org\",\"@graph\":[{\"@type\":\"Article\",\"@id\":\"https:\\\/\\\/www.rmcr.org\\\/en\\\/2021\\\/05\\\/06\\\/toreros-historicos-en-la-plaza-de-toros-de-ronda-xix-manuel-diaz-lavi-el-torero-gracioso\\\/#article\",\"isPartOf\":{\"@id\":\"https:\\\/\\\/www.rmcr.org\\\/en\\\/2021\\\/05\\\/06\\\/toreros-historicos-en-la-plaza-de-toros-de-ronda-xix-manuel-diaz-lavi-el-torero-gracioso\\\/\"},\"author\":{\"name\":\"RMCR\",\"@id\":\"https:\\\/\\\/www.rmcr.org\\\/en\\\/#\\\/schema\\\/person\\\/7ddd0dafda7edd0e407157f93a56df4f\"},\"headline\":\"Toreros hist\u00f3ricos en la Plaza de Toros de Ronda (XIX). Manuel D\u00edaz &#8220;Lavi&#8221;, el torero gracioso\",\"datePublished\":\"2021-05-06T10:42:59+00:00\",\"mainEntityOfPage\":{\"@id\":\"https:\\\/\\\/www.rmcr.org\\\/en\\\/2021\\\/05\\\/06\\\/toreros-historicos-en-la-plaza-de-toros-de-ronda-xix-manuel-diaz-lavi-el-torero-gracioso\\\/\"},\"wordCount\":1278,\"commentCount\":0,\"publisher\":{\"@id\":\"https:\\\/\\\/www.rmcr.org\\\/en\\\/#organization\"},\"image\":{\"@id\":\"https:\\\/\\\/www.rmcr.org\\\/en\\\/2021\\\/05\\\/06\\\/toreros-historicos-en-la-plaza-de-toros-de-ronda-xix-manuel-diaz-lavi-el-torero-gracioso\\\/#primaryimage\"},\"thumbnailUrl\":\"https:\\\/\\\/www.rmcr.org\\\/wp-content\\\/uploads\\\/2021\\\/05\\\/lavi.jpg\",\"keywords\":[\"Plaza de Toros de Ronda\",\"Real Maestranza de Caballer\u00eda de Ronda\",\"Real Maestranza de Ronda\",\"Toreros hist\u00f3ricos\"],\"articleSection\":[\"Historia\",\"Plaza de Toros\",\"Tauromaquia\"],\"inLanguage\":\"en-US\",\"potentialAction\":[{\"@type\":\"CommentAction\",\"name\":\"Comment\",\"target\":[\"https:\\\/\\\/www.rmcr.org\\\/en\\\/2021\\\/05\\\/06\\\/toreros-historicos-en-la-plaza-de-toros-de-ronda-xix-manuel-diaz-lavi-el-torero-gracioso\\\/#respond\"]}]},{\"@type\":\"WebPage\",\"@id\":\"https:\\\/\\\/www.rmcr.org\\\/en\\\/2021\\\/05\\\/06\\\/toreros-historicos-en-la-plaza-de-toros-de-ronda-xix-manuel-diaz-lavi-el-torero-gracioso\\\/\",\"url\":\"https:\\\/\\\/www.rmcr.org\\\/en\\\/2021\\\/05\\\/06\\\/toreros-historicos-en-la-plaza-de-toros-de-ronda-xix-manuel-diaz-lavi-el-torero-gracioso\\\/\",\"name\":\"Toreros hist\u00f3ricos en la Plaza de Toros de Ronda (XIX). Manuel D\u00edaz \\\"Lavi\\\", el torero gracioso - Real Maestranza de Caballer\u00eda de Ronda\",\"isPartOf\":{\"@id\":\"https:\\\/\\\/www.rmcr.org\\\/en\\\/#website\"},\"primaryImageOfPage\":{\"@id\":\"https:\\\/\\\/www.rmcr.org\\\/en\\\/2021\\\/05\\\/06\\\/toreros-historicos-en-la-plaza-de-toros-de-ronda-xix-manuel-diaz-lavi-el-torero-gracioso\\\/#primaryimage\"},\"image\":{\"@id\":\"https:\\\/\\\/www.rmcr.org\\\/en\\\/2021\\\/05\\\/06\\\/toreros-historicos-en-la-plaza-de-toros-de-ronda-xix-manuel-diaz-lavi-el-torero-gracioso\\\/#primaryimage\"},\"thumbnailUrl\":\"https:\\\/\\\/www.rmcr.org\\\/wp-content\\\/uploads\\\/2021\\\/05\\\/lavi.jpg\",\"datePublished\":\"2021-05-06T10:42:59+00:00\",\"breadcrumb\":{\"@id\":\"https:\\\/\\\/www.rmcr.org\\\/en\\\/2021\\\/05\\\/06\\\/toreros-historicos-en-la-plaza-de-toros-de-ronda-xix-manuel-diaz-lavi-el-torero-gracioso\\\/#breadcrumb\"},\"inLanguage\":\"en-US\",\"potentialAction\":[{\"@type\":\"ReadAction\",\"target\":[\"https:\\\/\\\/www.rmcr.org\\\/en\\\/2021\\\/05\\\/06\\\/toreros-historicos-en-la-plaza-de-toros-de-ronda-xix-manuel-diaz-lavi-el-torero-gracioso\\\/\"]}]},{\"@type\":\"ImageObject\",\"inLanguage\":\"en-US\",\"@id\":\"https:\\\/\\\/www.rmcr.org\\\/en\\\/2021\\\/05\\\/06\\\/toreros-historicos-en-la-plaza-de-toros-de-ronda-xix-manuel-diaz-lavi-el-torero-gracioso\\\/#primaryimage\",\"url\":\"https:\\\/\\\/www.rmcr.org\\\/wp-content\\\/uploads\\\/2021\\\/05\\\/lavi.jpg\",\"contentUrl\":\"https:\\\/\\\/www.rmcr.org\\\/wp-content\\\/uploads\\\/2021\\\/05\\\/lavi.jpg\",\"width\":482,\"height\":143},{\"@type\":\"BreadcrumbList\",\"@id\":\"https:\\\/\\\/www.rmcr.org\\\/en\\\/2021\\\/05\\\/06\\\/toreros-historicos-en-la-plaza-de-toros-de-ronda-xix-manuel-diaz-lavi-el-torero-gracioso\\\/#breadcrumb\",\"itemListElement\":[{\"@type\":\"ListItem\",\"position\":1,\"name\":\"REAL MAESTRANZA DE CABALLER\u00cdA DE RONDA\",\"item\":\"https:\\\/\\\/www.rmcr.org\\\/en\\\/\"},{\"@type\":\"ListItem\",\"position\":2,\"name\":\"Toreros hist\u00f3ricos en la Plaza de Toros de Ronda (XIX). Manuel D\u00edaz \u00abLavi\u00bb, el torero gracioso\"}]},{\"@type\":\"WebSite\",\"@id\":\"https:\\\/\\\/www.rmcr.org\\\/en\\\/#website\",\"url\":\"https:\\\/\\\/www.rmcr.org\\\/en\\\/\",\"name\":\"Real Maestranza de Caballer\u00eda de Ronda\",\"description\":\"Real Maestranza de Caballer\u00eda de Ronda\",\"publisher\":{\"@id\":\"https:\\\/\\\/www.rmcr.org\\\/en\\\/#organization\"},\"alternateName\":\"RMCR\",\"potentialAction\":[{\"@type\":\"SearchAction\",\"target\":{\"@type\":\"EntryPoint\",\"urlTemplate\":\"https:\\\/\\\/www.rmcr.org\\\/en\\\/?s={search_term_string}\"},\"query-input\":{\"@type\":\"PropertyValueSpecification\",\"valueRequired\":true,\"valueName\":\"search_term_string\"}}],\"inLanguage\":\"en-US\"},{\"@type\":\"Organization\",\"@id\":\"https:\\\/\\\/www.rmcr.org\\\/en\\\/#organization\",\"name\":\"Real Maestranza de Caballer\u00eda de Ronda\",\"alternateName\":\"RMR\",\"url\":\"https:\\\/\\\/www.rmcr.org\\\/en\\\/\",\"logo\":{\"@type\":\"ImageObject\",\"inLanguage\":\"en-US\",\"@id\":\"https:\\\/\\\/www.rmcr.org\\\/en\\\/#\\\/schema\\\/logo\\\/image\\\/\",\"url\":\"https:\\\/\\\/www.rmcr.org\\\/wp-content\\\/uploads\\\/2022\\\/07\\\/logo-rmr-blue.svg\",\"contentUrl\":\"https:\\\/\\\/www.rmcr.org\\\/wp-content\\\/uploads\\\/2022\\\/07\\\/logo-rmr-blue.svg\",\"width\":131,\"height\":129,\"caption\":\"Real Maestranza de Caballer\u00eda de Ronda\"},\"image\":{\"@id\":\"https:\\\/\\\/www.rmcr.org\\\/en\\\/#\\\/schema\\\/logo\\\/image\\\/\"},\"sameAs\":[\"https:\\\/\\\/www.facebook.com\\\/plazadetorosronda\",\"https:\\\/\\\/x.com\\\/PlazatorosRMR\",\"https:\\\/\\\/www.instagram.com\\\/realmaestranzaderonda\\\/\",\"https:\\\/\\\/www.youtube.com\\\/channel\\\/UCrbO5IUN-8v_QML739vM4zg\\\/videos\"]},{\"@type\":\"Person\",\"@id\":\"https:\\\/\\\/www.rmcr.org\\\/en\\\/#\\\/schema\\\/person\\\/7ddd0dafda7edd0e407157f93a56df4f\",\"name\":\"RMCR\",\"image\":{\"@type\":\"ImageObject\",\"inLanguage\":\"en-US\",\"@id\":\"https:\\\/\\\/secure.gravatar.com\\\/avatar\\\/adb75798b50800c24baa6a8706037b9469998c49eddeb95935f50f633cff80bb?s=96&d=mm&r=g\",\"url\":\"https:\\\/\\\/secure.gravatar.com\\\/avatar\\\/adb75798b50800c24baa6a8706037b9469998c49eddeb95935f50f633cff80bb?s=96&d=mm&r=g\",\"contentUrl\":\"https:\\\/\\\/secure.gravatar.com\\\/avatar\\\/adb75798b50800c24baa6a8706037b9469998c49eddeb95935f50f633cff80bb?s=96&d=mm&r=g\",\"caption\":\"RMCR\"},\"url\":\"https:\\\/\\\/www.rmcr.org\\\/en\\\/author\\\/bitniks77\\\/\"}]}<\/script>\n<!-- \/ Yoast SEO plugin. -->","yoast_head_json":{"title":"Toreros hist\u00f3ricos en la Plaza de Toros de Ronda (XIX). Manuel D\u00edaz \"Lavi\", el torero gracioso - Real Maestranza de Caballer\u00eda de Ronda","robots":{"index":"index","follow":"follow","max-snippet":"max-snippet:-1","max-image-preview":"max-image-preview:large","max-video-preview":"max-video-preview:-1"},"canonical":"https:\/\/www.rmcr.org\/en\/2021\/05\/06\/toreros-historicos-en-la-plaza-de-toros-de-ronda-xix-manuel-diaz-lavi-el-torero-gracioso\/","og_locale":"en_US","og_type":"article","og_title":"Toreros hist\u00f3ricos en la Plaza de Toros de Ronda (XIX). Manuel D\u00edaz \"Lavi\", el torero gracioso - Real Maestranza de Caballer\u00eda de Ronda","og_description":"Autodidacta, sentimental, dicharachero, supersticioso con los toros negros, la combinaci\u00f3n de arrojo y pavor seg\u00fan soplara el viento de sus man\u00edas marcaron su trayectoria, hasta el punto de ser pintoresca su forma de transitar del m\u00e9rito a la comicidad en la misma funci\u00f3n; estimado por todos, aficionados y compa\u00f1eros de profesi\u00f3n, fue el primer torero de raza gitana en destacar.","og_url":"https:\/\/www.rmcr.org\/en\/2021\/05\/06\/toreros-historicos-en-la-plaza-de-toros-de-ronda-xix-manuel-diaz-lavi-el-torero-gracioso\/","og_site_name":"Real Maestranza de Caballer\u00eda de Ronda","article_publisher":"https:\/\/www.facebook.com\/plazadetorosronda","article_published_time":"2021-05-06T10:42:59+00:00","og_image":[{"width":482,"height":143,"url":"https:\/\/www.rmcr.org\/wp-content\/uploads\/2021\/05\/lavi.jpg","type":"image\/jpeg"}],"author":"RMCR","twitter_card":"summary_large_image","twitter_creator":"@PlazatorosRMR","twitter_site":"@PlazatorosRMR","twitter_misc":{"Written by":"RMCR","Est. reading time":"6 minutes"},"schema":{"@context":"https:\/\/schema.org","@graph":[{"@type":"Article","@id":"https:\/\/www.rmcr.org\/en\/2021\/05\/06\/toreros-historicos-en-la-plaza-de-toros-de-ronda-xix-manuel-diaz-lavi-el-torero-gracioso\/#article","isPartOf":{"@id":"https:\/\/www.rmcr.org\/en\/2021\/05\/06\/toreros-historicos-en-la-plaza-de-toros-de-ronda-xix-manuel-diaz-lavi-el-torero-gracioso\/"},"author":{"name":"RMCR","@id":"https:\/\/www.rmcr.org\/en\/#\/schema\/person\/7ddd0dafda7edd0e407157f93a56df4f"},"headline":"Toreros hist\u00f3ricos en la Plaza de Toros de Ronda (XIX). Manuel D\u00edaz &#8220;Lavi&#8221;, el torero gracioso","datePublished":"2021-05-06T10:42:59+00:00","mainEntityOfPage":{"@id":"https:\/\/www.rmcr.org\/en\/2021\/05\/06\/toreros-historicos-en-la-plaza-de-toros-de-ronda-xix-manuel-diaz-lavi-el-torero-gracioso\/"},"wordCount":1278,"commentCount":0,"publisher":{"@id":"https:\/\/www.rmcr.org\/en\/#organization"},"image":{"@id":"https:\/\/www.rmcr.org\/en\/2021\/05\/06\/toreros-historicos-en-la-plaza-de-toros-de-ronda-xix-manuel-diaz-lavi-el-torero-gracioso\/#primaryimage"},"thumbnailUrl":"https:\/\/www.rmcr.org\/wp-content\/uploads\/2021\/05\/lavi.jpg","keywords":["Plaza de Toros de Ronda","Real Maestranza de Caballer\u00eda de Ronda","Real Maestranza de Ronda","Toreros hist\u00f3ricos"],"articleSection":["Historia","Plaza de Toros","Tauromaquia"],"inLanguage":"en-US","potentialAction":[{"@type":"CommentAction","name":"Comment","target":["https:\/\/www.rmcr.org\/en\/2021\/05\/06\/toreros-historicos-en-la-plaza-de-toros-de-ronda-xix-manuel-diaz-lavi-el-torero-gracioso\/#respond"]}]},{"@type":"WebPage","@id":"https:\/\/www.rmcr.org\/en\/2021\/05\/06\/toreros-historicos-en-la-plaza-de-toros-de-ronda-xix-manuel-diaz-lavi-el-torero-gracioso\/","url":"https:\/\/www.rmcr.org\/en\/2021\/05\/06\/toreros-historicos-en-la-plaza-de-toros-de-ronda-xix-manuel-diaz-lavi-el-torero-gracioso\/","name":"Toreros hist\u00f3ricos en la Plaza de Toros de Ronda (XIX). Manuel D\u00edaz \"Lavi\", el torero gracioso - Real Maestranza de Caballer\u00eda de Ronda","isPartOf":{"@id":"https:\/\/www.rmcr.org\/en\/#website"},"primaryImageOfPage":{"@id":"https:\/\/www.rmcr.org\/en\/2021\/05\/06\/toreros-historicos-en-la-plaza-de-toros-de-ronda-xix-manuel-diaz-lavi-el-torero-gracioso\/#primaryimage"},"image":{"@id":"https:\/\/www.rmcr.org\/en\/2021\/05\/06\/toreros-historicos-en-la-plaza-de-toros-de-ronda-xix-manuel-diaz-lavi-el-torero-gracioso\/#primaryimage"},"thumbnailUrl":"https:\/\/www.rmcr.org\/wp-content\/uploads\/2021\/05\/lavi.jpg","datePublished":"2021-05-06T10:42:59+00:00","breadcrumb":{"@id":"https:\/\/www.rmcr.org\/en\/2021\/05\/06\/toreros-historicos-en-la-plaza-de-toros-de-ronda-xix-manuel-diaz-lavi-el-torero-gracioso\/#breadcrumb"},"inLanguage":"en-US","potentialAction":[{"@type":"ReadAction","target":["https:\/\/www.rmcr.org\/en\/2021\/05\/06\/toreros-historicos-en-la-plaza-de-toros-de-ronda-xix-manuel-diaz-lavi-el-torero-gracioso\/"]}]},{"@type":"ImageObject","inLanguage":"en-US","@id":"https:\/\/www.rmcr.org\/en\/2021\/05\/06\/toreros-historicos-en-la-plaza-de-toros-de-ronda-xix-manuel-diaz-lavi-el-torero-gracioso\/#primaryimage","url":"https:\/\/www.rmcr.org\/wp-content\/uploads\/2021\/05\/lavi.jpg","contentUrl":"https:\/\/www.rmcr.org\/wp-content\/uploads\/2021\/05\/lavi.jpg","width":482,"height":143},{"@type":"BreadcrumbList","@id":"https:\/\/www.rmcr.org\/en\/2021\/05\/06\/toreros-historicos-en-la-plaza-de-toros-de-ronda-xix-manuel-diaz-lavi-el-torero-gracioso\/#breadcrumb","itemListElement":[{"@type":"ListItem","position":1,"name":"REAL MAESTRANZA DE CABALLER\u00cdA DE RONDA","item":"https:\/\/www.rmcr.org\/en\/"},{"@type":"ListItem","position":2,"name":"Toreros hist\u00f3ricos en la Plaza de Toros de Ronda (XIX). Manuel D\u00edaz \u00abLavi\u00bb, el torero gracioso"}]},{"@type":"WebSite","@id":"https:\/\/www.rmcr.org\/en\/#website","url":"https:\/\/www.rmcr.org\/en\/","name":"Real Maestranza de Caballer\u00eda de Ronda","description":"Real Maestranza de Caballer\u00eda de Ronda","publisher":{"@id":"https:\/\/www.rmcr.org\/en\/#organization"},"alternateName":"RMCR","potentialAction":[{"@type":"SearchAction","target":{"@type":"EntryPoint","urlTemplate":"https:\/\/www.rmcr.org\/en\/?s={search_term_string}"},"query-input":{"@type":"PropertyValueSpecification","valueRequired":true,"valueName":"search_term_string"}}],"inLanguage":"en-US"},{"@type":"Organization","@id":"https:\/\/www.rmcr.org\/en\/#organization","name":"Real Maestranza de Caballer\u00eda de Ronda","alternateName":"RMR","url":"https:\/\/www.rmcr.org\/en\/","logo":{"@type":"ImageObject","inLanguage":"en-US","@id":"https:\/\/www.rmcr.org\/en\/#\/schema\/logo\/image\/","url":"https:\/\/www.rmcr.org\/wp-content\/uploads\/2022\/07\/logo-rmr-blue.svg","contentUrl":"https:\/\/www.rmcr.org\/wp-content\/uploads\/2022\/07\/logo-rmr-blue.svg","width":131,"height":129,"caption":"Real Maestranza de Caballer\u00eda de Ronda"},"image":{"@id":"https:\/\/www.rmcr.org\/en\/#\/schema\/logo\/image\/"},"sameAs":["https:\/\/www.facebook.com\/plazadetorosronda","https:\/\/x.com\/PlazatorosRMR","https:\/\/www.instagram.com\/realmaestranzaderonda\/","https:\/\/www.youtube.com\/channel\/UCrbO5IUN-8v_QML739vM4zg\/videos"]},{"@type":"Person","@id":"https:\/\/www.rmcr.org\/en\/#\/schema\/person\/7ddd0dafda7edd0e407157f93a56df4f","name":"RMCR","image":{"@type":"ImageObject","inLanguage":"en-US","@id":"https:\/\/secure.gravatar.com\/avatar\/adb75798b50800c24baa6a8706037b9469998c49eddeb95935f50f633cff80bb?s=96&d=mm&r=g","url":"https:\/\/secure.gravatar.com\/avatar\/adb75798b50800c24baa6a8706037b9469998c49eddeb95935f50f633cff80bb?s=96&d=mm&r=g","contentUrl":"https:\/\/secure.gravatar.com\/avatar\/adb75798b50800c24baa6a8706037b9469998c49eddeb95935f50f633cff80bb?s=96&d=mm&r=g","caption":"RMCR"},"url":"https:\/\/www.rmcr.org\/en\/author\/bitniks77\/"}]}},"_links":{"self":[{"href":"https:\/\/www.rmcr.org\/en\/wp-json\/wp\/v2\/posts\/7194","targetHints":{"allow":["GET"]}}],"collection":[{"href":"https:\/\/www.rmcr.org\/en\/wp-json\/wp\/v2\/posts"}],"about":[{"href":"https:\/\/www.rmcr.org\/en\/wp-json\/wp\/v2\/types\/post"}],"author":[{"embeddable":true,"href":"https:\/\/www.rmcr.org\/en\/wp-json\/wp\/v2\/users\/7"}],"replies":[{"embeddable":true,"href":"https:\/\/www.rmcr.org\/en\/wp-json\/wp\/v2\/comments?post=7194"}],"version-history":[{"count":0,"href":"https:\/\/www.rmcr.org\/en\/wp-json\/wp\/v2\/posts\/7194\/revisions"}],"wp:featuredmedia":[{"embeddable":true,"href":"https:\/\/www.rmcr.org\/en\/wp-json\/wp\/v2\/media\/7436"}],"wp:attachment":[{"href":"https:\/\/www.rmcr.org\/en\/wp-json\/wp\/v2\/media?parent=7194"}],"wp:term":[{"taxonomy":"category","embeddable":true,"href":"https:\/\/www.rmcr.org\/en\/wp-json\/wp\/v2\/categories?post=7194"},{"taxonomy":"post_tag","embeddable":true,"href":"https:\/\/www.rmcr.org\/en\/wp-json\/wp\/v2\/tags?post=7194"}],"curies":[{"name":"wp","href":"https:\/\/api.w.org\/{rel}","templated":true}]}}