{"id":7185,"date":"2021-01-21T13:37:34","date_gmt":"2021-01-21T13:37:34","guid":{"rendered":"https:\/\/www.rmcr.org\/?p=7185"},"modified":"2021-01-21T13:37:34","modified_gmt":"2021-01-21T13:37:34","slug":"toreros-historicos-en-la-plaza-de-toros-de-ronda-xii-jose-redondo-el-chiclanero-el-torero-reondo-i","status":"publish","type":"post","link":"https:\/\/www.rmcr.org\/en\/2021\/01\/21\/toreros-historicos-en-la-plaza-de-toros-de-ronda-xii-jose-redondo-el-chiclanero-el-torero-reondo-i\/","title":{"rendered":"Toreros hist\u00f3ricos en la Plaza de Toros de Ronda (XII). Jos\u00e9 Redondo el Chiclanero, el torero &#8220;reondo&#8221; (I)"},"content":{"rendered":"\n<p>Francisco Montes dej\u00f3 como herencia la arquitectura de una tauromaquia cimentada en una lidia disciplinada, que al contrario de lo que se podr\u00eda suponer permit\u00eda y favorec\u00eda la expresi\u00f3n personal. En una estructura ordenada es posible distinguir a los diferentes mejor que en el caos. Fue la suya una escuela ecl\u00e9ctica, que mezclaba suertes antiguas y modernas, superando las diferencias entre la sevillana y la ronde\u00f1a. Detr\u00e1s de \u00e9l se abri\u00f3 el camino para los llamados toreros \u201credondos\u201d o completos, que vivieron y desarrollaron sus carreras en un pa\u00eds tensionado por las alborotadas circunstancias pol\u00edticas del siglo XIX espa\u00f1ol y el largo conflicto din\u00e1stico entre isabelinos y carlistas que desemboc\u00f3 en un cruento enfrentamiento b\u00e9lico.\u00a0\u00a0<\/p>\n<p>El m\u00e1s destacado entre ellos fue un paisano de Montes, que hizo honor a su apellido: Jos\u00e9 Redondo.\u00a0 Casos c\u00e9lebres de toreros eg\u00f3latras y fanfarrones ha habido muchos, pero pocos a su altura en este sentido y en calidad taurina. Hijo de un humilde bracero agr\u00edcola, nacido en 1818 o 1819, como todos los ni\u00f1os de Chiclana se aficion\u00f3 a juguetear con las reses mansas que se extraviaban en los traslados y acud\u00eda a las capeas, inclinaci\u00f3n alimentada por la fascinaci\u00f3n de los \u00e9xitos del h\u00e9roe local, el gran Montes. Su padre fue inflexible en reprimir esta vocaci\u00f3n, y desde los doce a\u00f1os que abandon\u00f3 la escuela tuvo que ayudar en las faenas de campo, obligaci\u00f3n que solo acab\u00f3 con la muerte del cabeza de familia en 1836, el mismo en el que se produce el mot\u00edn de la Granja de San Ildefonso, por el que la regente Mar\u00eda Cristina se vio obligada a reinstaurar la Constituci\u00f3n de 1812.\u00a0<\/p>\n<p>La precariedad de su familia y \u201csu incapacidad para toda ocupaci\u00f3n, ya que su afici\u00f3n llevada en secreto lo hab\u00eda distraido de aplicaci\u00f3n a cosa alguna\u201d, como describe Garc\u00eda de Bedoya,\u00a0 impuls\u00f3 a Redondo a engancharse a todos los festejos taurinos de la comarca. En 1838 se present\u00f3 como aficionado en una novillada en Chiclana, presidida por el mismo Montes. No desaprovech\u00f3 la ocasi\u00f3n, que dar\u00eda un giro trascendental a su vida. Montes vio algo especial en aquel mozo y lo reclam\u00f3 para que subiera al palco. Le felicit\u00f3 por su actuaci\u00f3n, y le propuso incluirlo en su cuadrilla. \u201cEn ti hay tela para mucho, y si te aplicas llegar\u00e1s adonde rayan pocos\u201d, se cuenta que le dijo a Joselito, como lo llamaba.<\/p>\n<p style=\"text-align:center;\"><a href=\"https:\/\/www.rmcr.org\/wp-content\/uploads\/2021\/01\/chiclanero.jpg\"><img fetchpriority=\"high\" decoding=\"async\" class=\"alignnone size-full wp-image-1395\" src=\"https:\/\/www.rmcr.org\/wp-content\/uploads\/2021\/01\/chiclanero.jpg\" alt=\"\" width=\"470\" height=\"741\" \/><\/a><\/p>\n<p style=\"text-align:center;\"><em>Jos\u00e9 Redondo (el Chiclanero). Dibujo y litograf\u00eda de Miranda. \u201cHistoria del toreo y de las principales ganader\u00edas de Espa\u00f1a\u201d de Fernando Garc\u00eda de Bedoya (Madrid, 1850). Biblioteca-RMR<\/em><\/p>\n<p>Su fama fue creciendo al comp\u00e1s de las ense\u00f1anzas del maestro y de los componentes de su cuadrilla.\u00a0 Pronto comenz\u00f3 a destacar como rehiletero, capaz de poner banderillas en cualquier circunstancia con gracia y poder\u00edo. Montes fue puliendo su diamante, ahormando su temeraria agilidad, dando sentido a sus movimientos en el ruedo y enfocando su talento para que dominara todos los lances. No le escatim\u00f3\u00a0 reprimendas, como una ocasi\u00f3n en Madrid, en la que no pudo colocar las banderillas como sol\u00eda hacerlo. Malhumorado, al volver a recoger su capote se cruz\u00f3 con Montes: \u201cQu\u00e9dese usted por hoy en el estribo, y aprenda c\u00f3mo clavan los dem\u00e1s los palos\u201d, le dijo el jefe. No le permiti\u00f3 en toda la tarde que saliera de las tablas.<\/p>\n<p>La prensa de Madrid ya se hab\u00eda fijado en \u00e9l, ensalzando sus condiciones, y Montes no disimulaba la satisfacci\u00f3n por su descubrimiento. \u201cEmpez\u00f3 este chico como muchos, pero va a acabar como pocos\u201d, dec\u00eda. Le fue dando cada vez m\u00e1s sitio a su lado, cedi\u00e9ndole alg\u00fan que otro toro. Ejecutaba ya la suerte suprema con la serena eficacia que se convertir\u00eda en una de sus grandes virtudes. \u201cYo no s\u00e9 qu\u00e9 tiene ese chiquillo para traerse los toros tan por derecho siempre\u201d, celebraba el maestro. En 1842 le dio la alternativa en Bilbao, cuyo caser\u00edo y montes cercanos mostraban las heridas provocadas durante los dos asedios sufridos durante la Primera Guerra Carlista. Esa tarde tuvo una cogida. El a\u00f1o siguiente alternaron juntos por varias plazas andaluzas, en ocasiones sal\u00eda solo y ya daba \u00f3rdenes a la cuadrilla de su protector. Altanero y sobrado, se fue haciendo evidente su quisquillosa vanidad, atrevi\u00e9ndose incluso a acusar a Montes de aprovecharse de \u00e9l, cuando en realidad estaba pensando en su retirada y dejarle su cuadrilla.<\/p>\n<p>En 1844 ya volaba por su cuenta, arreglaba sus propias contratas cosechando \u00e9xitos por todas las plazas, destacando las condiciones de su personalidad, atractivo, chulo y soberbio torero. En 1845 nacer\u00eda una de rivalidades m\u00e1s destacadas de la historia de la tauromaquia, que iba a ocupar el hueco que dejaban el ocaso de Montes y del liberal Juan Le\u00f3n, maestro de otro torero \u201credondo\u201d, Francisco Arjona <em>C\u00fachares<\/em>. La pugna entre ambos, descarnada, se vio amplificada por los partidarios de cada cual. Los tendidos herv\u00edan de animaci\u00f3n con la competencia, disolviendo la pugna ideol\u00f3gica entre moderados y radicales en otra divisi\u00f3n bien diferente. El talante de Redondo se manifest\u00f3 entonces en todo su esplendor. En las funciones de las corridas reales de 1846 ocup\u00f3 el sexto lugar, por encima de otros matadores de mayor antiguedad, y su egolatr\u00eda lleg\u00f3 a la irreverencia con el propio Montes. \u201cSoy m\u00e1s torero que ost\u00e9 y que t\u00f3os los que llevan coleta\u201d, se atrevi\u00f3 a proclamar seg\u00fan los testimonios.<\/p>\n<p>En la maestranza sevillana se enfrent\u00f3 a la afici\u00f3n cucharista a lo largo de una serie de corridas. All\u00ed ten\u00eda como admiradores a los duques de Montpensier, que le regalaron un alfiler de diamantes al matar a un toro en los tendidos despu\u00e9s de que saltara la barrera. Sus actuaciones en 1849 quedaron registradas en las <em>Cartas Taurom\u00e1quicas<\/em> de Vel\u00e1zquez y S\u00e1nchez. Sol\u00eda este autor, que firmaba Don Clarencio, hacer cr\u00f3nicas en verso en las que describe a los toros de manera muy peculiar. \u201cSegundo: fiero animal \/ de la condici\u00f3n de un suegro\u201d; \u201cCuarto, por nombre <em>Cisquero<\/em> \/m\u00e1s intenci\u00f3n que un jud\u00edo, \/ m\u00e1s ma\u00f1a que un usurero\u201d, o\u00a0 \u201cToro astuto, sagaz, traidor \/ como un falsificador \/ de bonos contra el Tesoro\u201d.<\/p>\n<p>La plaza de Sevilla era m\u00e1s de C\u00fachares, como Redondo lo era de la de Madrid, pero en esas corridas el <em>Chiclanero<\/em> call\u00f3 muchas bocas contrarias con su garboso poder\u00edo, desplegando su amplio repertorio con guapeza chulesca, anunciando de antemano lo que iba a hacer en cada faena,\u00a0 \u201cesta tarde vengo a torear pa que te jartes, y voy a mat\u00e1 a los toros a gorpe cantao\u201d, le anunci\u00f3 a un reconocido cucharista. \u201cSoy en el toreo reondo, como mi apellido\u201d, no dejaba de balandronear en el cenit de su carrera.<\/p>\n<p>Su trayectoria fue luminosa, pero corta. De su final nos ocuparemos en la siguiente entrega.<\/p>\n\n\n\n\n\n\n\n\n\n\n\n\n\n\n\n\n\n\n\n\n\n<p><em>Bibliograf\u00eda<\/em><\/p>\n\n\n\n<p>J. M. Coss\u00edo. <em>Los toros. Tratado t\u00e9cnico e hist\u00f3rico<\/em>, vol. III. Espasa Calpe, Madrid, 1943.<\/p>\n\n\n\n<p>Vel\u00e1zquez y S\u00e1nchez.\u00a0 <em>Anales del toreo<\/em>.\u00a0 Imprenta y ed. Juan Moyano, Sevilla, 1868.<\/p>\n\n\n\n<p>Vel\u00e1zquez y S\u00e1nchez. <em>Colecci\u00f3n completa de las Cartas Tauromaquias<\/em>. Fundaci\u00f3n Real Maestranza de Sevilla. Fundaci\u00f3n de Estudios Taurinos. Universidad de Sevilla, 2001.<\/p>\n\n\n\n<p>J. S\u00e1nchez de Neira. <em>El Toreo. Gran diccionario taurom\u00e1quico<\/em>. Imprenta de Miguel Guijarro, Madrid, 1879 (Turner, Madrid, 1988).<\/p>\n\n\n\n<p>G\u00f3mez de Bedoya. <em>Historia del toreo y de las principales ganader\u00edas de Espa\u00f1a<\/em>. Madrid, 1850. Publicado por Egartorre Libros, Madrid, 1989.<\/p>\n\n\n\n<p>Antonio Garc\u00eda-Baquero. <em>Raz\u00f3n de la tauromaquia. Obra taurina completa<\/em>. (Pedro Romero de Sol\u00eds, coord). Fundaci\u00f3n Real Maestranza de Caballer\u00eda de Sevilla, Fundaci\u00f3n de Estudios Taurinos, Universidad de Sevilla, 2008.<\/p>\n\n\n\n<p>Nestor Luj\u00e1n. <em>Historia del toreo<\/em>. Ediciones Destino, Barcelona, 1954.<\/p>\n\n\n\n<p>N. Rivas Santiago. <em>Toreros del romanticismo (anecdotario taurino)<\/em>, pr\u00f3l. de J. Belmonte, Madrid, Aguilar, 1947 (Madrid, Aguilar, 1987).<\/p>\n","protected":false},"excerpt":{"rendered":"<p>Francisco Montes dej\u00f3 como herencia la arquitectura de una tauromaquia cimentada en una lidia disciplinada, que al contrario de lo que se podr\u00eda suponer permit\u00eda y favorec\u00eda la expresi\u00f3n personal. En una estructura ordenada es posible distinguir a los diferentes mejor que en el caos. Fue la suya una escuela ecl\u00e9ctica, que mezclaba suertes antiguas y modernas, superando las diferencias entre la sevillana y la ronde\u00f1a. Detr\u00e1s de \u00e9l se abri\u00f3 el camino para los llamados toreros \u201credondos\u201d o completos, que vivieron y desarrollaron sus carreras en un pa\u00eds tensionado por las alborotadas circunstancias pol\u00edticas del siglo XIX espa\u00f1ol y el largo conflicto din\u00e1stico entre isabelinos y carlistas que desemboc\u00f3 en un cruento enfrentamiento b\u00e9lico.<\/p>\n","protected":false},"author":7,"featured_media":7405,"comment_status":"open","ping_status":"open","sticky":false,"template":"","format":"standard","meta":{"footnotes":""},"categories":[284,277,301,278],"tags":[434,315,98,356,376],"class_list":["post-7185","post","type-post","status-publish","format-standard","has-post-thumbnail","hentry","category-historia","category-plaza-de-toros","category-real-maestranza","category-tauromaquia","tag-jose-redondo","tag-plaza-de-toros-de-ronda","tag-real-maestranza-de-caballeria-de-ronda","tag-torero-historico","tag-toreros-historicos"],"yoast_head":"<!-- This site is optimized with the Yoast SEO plugin v27.5 - https:\/\/yoast.com\/product\/yoast-seo-wordpress\/ -->\n<title>Toreros hist\u00f3ricos en la Plaza de Toros de Ronda (XII). Jos\u00e9 Redondo el Chiclanero, el torero &quot;reondo&quot; (I) - Real Maestranza de Caballer\u00eda de Ronda<\/title>\n<meta name=\"robots\" content=\"index, follow, max-snippet:-1, max-image-preview:large, max-video-preview:-1\" \/>\n<link rel=\"canonical\" href=\"https:\/\/www.rmcr.org\/en\/2021\/01\/21\/toreros-historicos-en-la-plaza-de-toros-de-ronda-xii-jose-redondo-el-chiclanero-el-torero-reondo-i\/\" \/>\n<meta property=\"og:locale\" content=\"en_US\" \/>\n<meta property=\"og:type\" content=\"article\" \/>\n<meta property=\"og:title\" content=\"Toreros hist\u00f3ricos en la Plaza de Toros de Ronda (XII). Jos\u00e9 Redondo el Chiclanero, el torero &quot;reondo&quot; (I) - Real Maestranza de Caballer\u00eda de Ronda\" \/>\n<meta property=\"og:description\" content=\"Francisco Montes dej\u00f3 como herencia la arquitectura de una tauromaquia cimentada en una lidia disciplinada, que al contrario de lo que se podr\u00eda suponer permit\u00eda y favorec\u00eda la expresi\u00f3n personal. En una estructura ordenada es posible distinguir a los diferentes mejor que en el caos. Fue la suya una escuela ecl\u00e9ctica, que mezclaba suertes antiguas y modernas, superando las diferencias entre la sevillana y la ronde\u00f1a. Detr\u00e1s de \u00e9l se abri\u00f3 el camino para los llamados toreros \u201credondos\u201d o completos, que vivieron y desarrollaron sus carreras en un pa\u00eds tensionado por las alborotadas circunstancias pol\u00edticas del siglo XIX espa\u00f1ol y el largo conflicto din\u00e1stico entre isabelinos y carlistas que desemboc\u00f3 en un cruento enfrentamiento b\u00e9lico.\" \/>\n<meta property=\"og:url\" content=\"https:\/\/www.rmcr.org\/en\/2021\/01\/21\/toreros-historicos-en-la-plaza-de-toros-de-ronda-xii-jose-redondo-el-chiclanero-el-torero-reondo-i\/\" \/>\n<meta property=\"og:site_name\" content=\"Real Maestranza de Caballer\u00eda de Ronda\" \/>\n<meta property=\"article:publisher\" content=\"https:\/\/www.facebook.com\/plazadetorosronda\" \/>\n<meta property=\"article:published_time\" content=\"2021-01-21T13:37:34+00:00\" \/>\n<meta property=\"og:image\" content=\"https:\/\/www.rmcr.org\/wp-content\/uploads\/2021\/01\/chicl.jpg\" \/>\n\t<meta property=\"og:image:width\" content=\"482\" \/>\n\t<meta property=\"og:image:height\" content=\"142\" \/>\n\t<meta property=\"og:image:type\" content=\"image\/jpeg\" \/>\n<meta name=\"author\" content=\"RMCR\" \/>\n<meta name=\"twitter:card\" content=\"summary_large_image\" \/>\n<meta name=\"twitter:creator\" content=\"@PlazatorosRMR\" \/>\n<meta name=\"twitter:site\" content=\"@PlazatorosRMR\" \/>\n<meta name=\"twitter:label1\" content=\"Written by\" \/>\n\t<meta name=\"twitter:data1\" content=\"RMCR\" \/>\n\t<meta name=\"twitter:label2\" content=\"Est. reading time\" \/>\n\t<meta name=\"twitter:data2\" content=\"7 minutes\" \/>\n<script type=\"application\/ld+json\" class=\"yoast-schema-graph\">{\"@context\":\"https:\\\/\\\/schema.org\",\"@graph\":[{\"@type\":\"Article\",\"@id\":\"https:\\\/\\\/www.rmcr.org\\\/en\\\/2021\\\/01\\\/21\\\/toreros-historicos-en-la-plaza-de-toros-de-ronda-xii-jose-redondo-el-chiclanero-el-torero-reondo-i\\\/#article\",\"isPartOf\":{\"@id\":\"https:\\\/\\\/www.rmcr.org\\\/en\\\/2021\\\/01\\\/21\\\/toreros-historicos-en-la-plaza-de-toros-de-ronda-xii-jose-redondo-el-chiclanero-el-torero-reondo-i\\\/\"},\"author\":{\"name\":\"RMCR\",\"@id\":\"https:\\\/\\\/www.rmcr.org\\\/en\\\/#\\\/schema\\\/person\\\/7ddd0dafda7edd0e407157f93a56df4f\"},\"headline\":\"Toreros hist\u00f3ricos en la Plaza de Toros de Ronda (XII). Jos\u00e9 Redondo el Chiclanero, el torero &#8220;reondo&#8221; (I)\",\"datePublished\":\"2021-01-21T13:37:34+00:00\",\"mainEntityOfPage\":{\"@id\":\"https:\\\/\\\/www.rmcr.org\\\/en\\\/2021\\\/01\\\/21\\\/toreros-historicos-en-la-plaza-de-toros-de-ronda-xii-jose-redondo-el-chiclanero-el-torero-reondo-i\\\/\"},\"wordCount\":1365,\"commentCount\":0,\"publisher\":{\"@id\":\"https:\\\/\\\/www.rmcr.org\\\/en\\\/#organization\"},\"image\":{\"@id\":\"https:\\\/\\\/www.rmcr.org\\\/en\\\/2021\\\/01\\\/21\\\/toreros-historicos-en-la-plaza-de-toros-de-ronda-xii-jose-redondo-el-chiclanero-el-torero-reondo-i\\\/#primaryimage\"},\"thumbnailUrl\":\"https:\\\/\\\/www.rmcr.org\\\/wp-content\\\/uploads\\\/2021\\\/01\\\/chicl.jpg\",\"keywords\":[\"Jos\u00e9 Redondo\",\"Plaza de Toros de Ronda\",\"Real Maestranza de Caballer\u00eda de Ronda\",\"Torero hist\u00f3rico\",\"Toreros hist\u00f3ricos\"],\"articleSection\":[\"Historia\",\"Plaza de Toros\",\"Real Maestranza\",\"Tauromaquia\"],\"inLanguage\":\"en-US\",\"potentialAction\":[{\"@type\":\"CommentAction\",\"name\":\"Comment\",\"target\":[\"https:\\\/\\\/www.rmcr.org\\\/en\\\/2021\\\/01\\\/21\\\/toreros-historicos-en-la-plaza-de-toros-de-ronda-xii-jose-redondo-el-chiclanero-el-torero-reondo-i\\\/#respond\"]}]},{\"@type\":\"WebPage\",\"@id\":\"https:\\\/\\\/www.rmcr.org\\\/en\\\/2021\\\/01\\\/21\\\/toreros-historicos-en-la-plaza-de-toros-de-ronda-xii-jose-redondo-el-chiclanero-el-torero-reondo-i\\\/\",\"url\":\"https:\\\/\\\/www.rmcr.org\\\/en\\\/2021\\\/01\\\/21\\\/toreros-historicos-en-la-plaza-de-toros-de-ronda-xii-jose-redondo-el-chiclanero-el-torero-reondo-i\\\/\",\"name\":\"Toreros hist\u00f3ricos en la Plaza de Toros de Ronda (XII). Jos\u00e9 Redondo el Chiclanero, el torero \\\"reondo\\\" (I) - Real Maestranza de Caballer\u00eda de Ronda\",\"isPartOf\":{\"@id\":\"https:\\\/\\\/www.rmcr.org\\\/en\\\/#website\"},\"primaryImageOfPage\":{\"@id\":\"https:\\\/\\\/www.rmcr.org\\\/en\\\/2021\\\/01\\\/21\\\/toreros-historicos-en-la-plaza-de-toros-de-ronda-xii-jose-redondo-el-chiclanero-el-torero-reondo-i\\\/#primaryimage\"},\"image\":{\"@id\":\"https:\\\/\\\/www.rmcr.org\\\/en\\\/2021\\\/01\\\/21\\\/toreros-historicos-en-la-plaza-de-toros-de-ronda-xii-jose-redondo-el-chiclanero-el-torero-reondo-i\\\/#primaryimage\"},\"thumbnailUrl\":\"https:\\\/\\\/www.rmcr.org\\\/wp-content\\\/uploads\\\/2021\\\/01\\\/chicl.jpg\",\"datePublished\":\"2021-01-21T13:37:34+00:00\",\"breadcrumb\":{\"@id\":\"https:\\\/\\\/www.rmcr.org\\\/en\\\/2021\\\/01\\\/21\\\/toreros-historicos-en-la-plaza-de-toros-de-ronda-xii-jose-redondo-el-chiclanero-el-torero-reondo-i\\\/#breadcrumb\"},\"inLanguage\":\"en-US\",\"potentialAction\":[{\"@type\":\"ReadAction\",\"target\":[\"https:\\\/\\\/www.rmcr.org\\\/en\\\/2021\\\/01\\\/21\\\/toreros-historicos-en-la-plaza-de-toros-de-ronda-xii-jose-redondo-el-chiclanero-el-torero-reondo-i\\\/\"]}]},{\"@type\":\"ImageObject\",\"inLanguage\":\"en-US\",\"@id\":\"https:\\\/\\\/www.rmcr.org\\\/en\\\/2021\\\/01\\\/21\\\/toreros-historicos-en-la-plaza-de-toros-de-ronda-xii-jose-redondo-el-chiclanero-el-torero-reondo-i\\\/#primaryimage\",\"url\":\"https:\\\/\\\/www.rmcr.org\\\/wp-content\\\/uploads\\\/2021\\\/01\\\/chicl.jpg\",\"contentUrl\":\"https:\\\/\\\/www.rmcr.org\\\/wp-content\\\/uploads\\\/2021\\\/01\\\/chicl.jpg\",\"width\":482,\"height\":142},{\"@type\":\"BreadcrumbList\",\"@id\":\"https:\\\/\\\/www.rmcr.org\\\/en\\\/2021\\\/01\\\/21\\\/toreros-historicos-en-la-plaza-de-toros-de-ronda-xii-jose-redondo-el-chiclanero-el-torero-reondo-i\\\/#breadcrumb\",\"itemListElement\":[{\"@type\":\"ListItem\",\"position\":1,\"name\":\"REAL MAESTRANZA DE CABALLER\u00cdA DE RONDA\",\"item\":\"https:\\\/\\\/www.rmcr.org\\\/en\\\/\"},{\"@type\":\"ListItem\",\"position\":2,\"name\":\"Toreros hist\u00f3ricos en la Plaza de Toros de Ronda (XII). Jos\u00e9 Redondo el Chiclanero, el torero \u00abreondo\u00bb (I)\"}]},{\"@type\":\"WebSite\",\"@id\":\"https:\\\/\\\/www.rmcr.org\\\/en\\\/#website\",\"url\":\"https:\\\/\\\/www.rmcr.org\\\/en\\\/\",\"name\":\"Real Maestranza de Caballer\u00eda de Ronda\",\"description\":\"Real Maestranza de Caballer\u00eda de Ronda\",\"publisher\":{\"@id\":\"https:\\\/\\\/www.rmcr.org\\\/en\\\/#organization\"},\"alternateName\":\"RMCR\",\"potentialAction\":[{\"@type\":\"SearchAction\",\"target\":{\"@type\":\"EntryPoint\",\"urlTemplate\":\"https:\\\/\\\/www.rmcr.org\\\/en\\\/?s={search_term_string}\"},\"query-input\":{\"@type\":\"PropertyValueSpecification\",\"valueRequired\":true,\"valueName\":\"search_term_string\"}}],\"inLanguage\":\"en-US\"},{\"@type\":\"Organization\",\"@id\":\"https:\\\/\\\/www.rmcr.org\\\/en\\\/#organization\",\"name\":\"Real Maestranza de Caballer\u00eda de Ronda\",\"alternateName\":\"RMR\",\"url\":\"https:\\\/\\\/www.rmcr.org\\\/en\\\/\",\"logo\":{\"@type\":\"ImageObject\",\"inLanguage\":\"en-US\",\"@id\":\"https:\\\/\\\/www.rmcr.org\\\/en\\\/#\\\/schema\\\/logo\\\/image\\\/\",\"url\":\"https:\\\/\\\/www.rmcr.org\\\/wp-content\\\/uploads\\\/2022\\\/07\\\/logo-rmr-blue.svg\",\"contentUrl\":\"https:\\\/\\\/www.rmcr.org\\\/wp-content\\\/uploads\\\/2022\\\/07\\\/logo-rmr-blue.svg\",\"width\":131,\"height\":129,\"caption\":\"Real Maestranza de Caballer\u00eda de Ronda\"},\"image\":{\"@id\":\"https:\\\/\\\/www.rmcr.org\\\/en\\\/#\\\/schema\\\/logo\\\/image\\\/\"},\"sameAs\":[\"https:\\\/\\\/www.facebook.com\\\/plazadetorosronda\",\"https:\\\/\\\/x.com\\\/PlazatorosRMR\",\"https:\\\/\\\/www.instagram.com\\\/realmaestranzaderonda\\\/\",\"https:\\\/\\\/www.youtube.com\\\/channel\\\/UCrbO5IUN-8v_QML739vM4zg\\\/videos\"]},{\"@type\":\"Person\",\"@id\":\"https:\\\/\\\/www.rmcr.org\\\/en\\\/#\\\/schema\\\/person\\\/7ddd0dafda7edd0e407157f93a56df4f\",\"name\":\"RMCR\",\"image\":{\"@type\":\"ImageObject\",\"inLanguage\":\"en-US\",\"@id\":\"https:\\\/\\\/secure.gravatar.com\\\/avatar\\\/adb75798b50800c24baa6a8706037b9469998c49eddeb95935f50f633cff80bb?s=96&d=mm&r=g\",\"url\":\"https:\\\/\\\/secure.gravatar.com\\\/avatar\\\/adb75798b50800c24baa6a8706037b9469998c49eddeb95935f50f633cff80bb?s=96&d=mm&r=g\",\"contentUrl\":\"https:\\\/\\\/secure.gravatar.com\\\/avatar\\\/adb75798b50800c24baa6a8706037b9469998c49eddeb95935f50f633cff80bb?s=96&d=mm&r=g\",\"caption\":\"RMCR\"},\"url\":\"https:\\\/\\\/www.rmcr.org\\\/en\\\/author\\\/bitniks77\\\/\"}]}<\/script>\n<!-- \/ Yoast SEO plugin. -->","yoast_head_json":{"title":"Toreros hist\u00f3ricos en la Plaza de Toros de Ronda (XII). Jos\u00e9 Redondo el Chiclanero, el torero \"reondo\" (I) - Real Maestranza de Caballer\u00eda de Ronda","robots":{"index":"index","follow":"follow","max-snippet":"max-snippet:-1","max-image-preview":"max-image-preview:large","max-video-preview":"max-video-preview:-1"},"canonical":"https:\/\/www.rmcr.org\/en\/2021\/01\/21\/toreros-historicos-en-la-plaza-de-toros-de-ronda-xii-jose-redondo-el-chiclanero-el-torero-reondo-i\/","og_locale":"en_US","og_type":"article","og_title":"Toreros hist\u00f3ricos en la Plaza de Toros de Ronda (XII). Jos\u00e9 Redondo el Chiclanero, el torero \"reondo\" (I) - Real Maestranza de Caballer\u00eda de Ronda","og_description":"Francisco Montes dej\u00f3 como herencia la arquitectura de una tauromaquia cimentada en una lidia disciplinada, que al contrario de lo que se podr\u00eda suponer permit\u00eda y favorec\u00eda la expresi\u00f3n personal. En una estructura ordenada es posible distinguir a los diferentes mejor que en el caos. Fue la suya una escuela ecl\u00e9ctica, que mezclaba suertes antiguas y modernas, superando las diferencias entre la sevillana y la ronde\u00f1a. Detr\u00e1s de \u00e9l se abri\u00f3 el camino para los llamados toreros \u201credondos\u201d o completos, que vivieron y desarrollaron sus carreras en un pa\u00eds tensionado por las alborotadas circunstancias pol\u00edticas del siglo XIX espa\u00f1ol y el largo conflicto din\u00e1stico entre isabelinos y carlistas que desemboc\u00f3 en un cruento enfrentamiento b\u00e9lico.","og_url":"https:\/\/www.rmcr.org\/en\/2021\/01\/21\/toreros-historicos-en-la-plaza-de-toros-de-ronda-xii-jose-redondo-el-chiclanero-el-torero-reondo-i\/","og_site_name":"Real Maestranza de Caballer\u00eda de Ronda","article_publisher":"https:\/\/www.facebook.com\/plazadetorosronda","article_published_time":"2021-01-21T13:37:34+00:00","og_image":[{"width":482,"height":142,"url":"https:\/\/www.rmcr.org\/wp-content\/uploads\/2021\/01\/chicl.jpg","type":"image\/jpeg"}],"author":"RMCR","twitter_card":"summary_large_image","twitter_creator":"@PlazatorosRMR","twitter_site":"@PlazatorosRMR","twitter_misc":{"Written by":"RMCR","Est. reading time":"7 minutes"},"schema":{"@context":"https:\/\/schema.org","@graph":[{"@type":"Article","@id":"https:\/\/www.rmcr.org\/en\/2021\/01\/21\/toreros-historicos-en-la-plaza-de-toros-de-ronda-xii-jose-redondo-el-chiclanero-el-torero-reondo-i\/#article","isPartOf":{"@id":"https:\/\/www.rmcr.org\/en\/2021\/01\/21\/toreros-historicos-en-la-plaza-de-toros-de-ronda-xii-jose-redondo-el-chiclanero-el-torero-reondo-i\/"},"author":{"name":"RMCR","@id":"https:\/\/www.rmcr.org\/en\/#\/schema\/person\/7ddd0dafda7edd0e407157f93a56df4f"},"headline":"Toreros hist\u00f3ricos en la Plaza de Toros de Ronda (XII). Jos\u00e9 Redondo el Chiclanero, el torero &#8220;reondo&#8221; (I)","datePublished":"2021-01-21T13:37:34+00:00","mainEntityOfPage":{"@id":"https:\/\/www.rmcr.org\/en\/2021\/01\/21\/toreros-historicos-en-la-plaza-de-toros-de-ronda-xii-jose-redondo-el-chiclanero-el-torero-reondo-i\/"},"wordCount":1365,"commentCount":0,"publisher":{"@id":"https:\/\/www.rmcr.org\/en\/#organization"},"image":{"@id":"https:\/\/www.rmcr.org\/en\/2021\/01\/21\/toreros-historicos-en-la-plaza-de-toros-de-ronda-xii-jose-redondo-el-chiclanero-el-torero-reondo-i\/#primaryimage"},"thumbnailUrl":"https:\/\/www.rmcr.org\/wp-content\/uploads\/2021\/01\/chicl.jpg","keywords":["Jos\u00e9 Redondo","Plaza de Toros de Ronda","Real Maestranza de Caballer\u00eda de Ronda","Torero hist\u00f3rico","Toreros hist\u00f3ricos"],"articleSection":["Historia","Plaza de Toros","Real Maestranza","Tauromaquia"],"inLanguage":"en-US","potentialAction":[{"@type":"CommentAction","name":"Comment","target":["https:\/\/www.rmcr.org\/en\/2021\/01\/21\/toreros-historicos-en-la-plaza-de-toros-de-ronda-xii-jose-redondo-el-chiclanero-el-torero-reondo-i\/#respond"]}]},{"@type":"WebPage","@id":"https:\/\/www.rmcr.org\/en\/2021\/01\/21\/toreros-historicos-en-la-plaza-de-toros-de-ronda-xii-jose-redondo-el-chiclanero-el-torero-reondo-i\/","url":"https:\/\/www.rmcr.org\/en\/2021\/01\/21\/toreros-historicos-en-la-plaza-de-toros-de-ronda-xii-jose-redondo-el-chiclanero-el-torero-reondo-i\/","name":"Toreros hist\u00f3ricos en la Plaza de Toros de Ronda (XII). Jos\u00e9 Redondo el Chiclanero, el torero \"reondo\" (I) - Real Maestranza de Caballer\u00eda de Ronda","isPartOf":{"@id":"https:\/\/www.rmcr.org\/en\/#website"},"primaryImageOfPage":{"@id":"https:\/\/www.rmcr.org\/en\/2021\/01\/21\/toreros-historicos-en-la-plaza-de-toros-de-ronda-xii-jose-redondo-el-chiclanero-el-torero-reondo-i\/#primaryimage"},"image":{"@id":"https:\/\/www.rmcr.org\/en\/2021\/01\/21\/toreros-historicos-en-la-plaza-de-toros-de-ronda-xii-jose-redondo-el-chiclanero-el-torero-reondo-i\/#primaryimage"},"thumbnailUrl":"https:\/\/www.rmcr.org\/wp-content\/uploads\/2021\/01\/chicl.jpg","datePublished":"2021-01-21T13:37:34+00:00","breadcrumb":{"@id":"https:\/\/www.rmcr.org\/en\/2021\/01\/21\/toreros-historicos-en-la-plaza-de-toros-de-ronda-xii-jose-redondo-el-chiclanero-el-torero-reondo-i\/#breadcrumb"},"inLanguage":"en-US","potentialAction":[{"@type":"ReadAction","target":["https:\/\/www.rmcr.org\/en\/2021\/01\/21\/toreros-historicos-en-la-plaza-de-toros-de-ronda-xii-jose-redondo-el-chiclanero-el-torero-reondo-i\/"]}]},{"@type":"ImageObject","inLanguage":"en-US","@id":"https:\/\/www.rmcr.org\/en\/2021\/01\/21\/toreros-historicos-en-la-plaza-de-toros-de-ronda-xii-jose-redondo-el-chiclanero-el-torero-reondo-i\/#primaryimage","url":"https:\/\/www.rmcr.org\/wp-content\/uploads\/2021\/01\/chicl.jpg","contentUrl":"https:\/\/www.rmcr.org\/wp-content\/uploads\/2021\/01\/chicl.jpg","width":482,"height":142},{"@type":"BreadcrumbList","@id":"https:\/\/www.rmcr.org\/en\/2021\/01\/21\/toreros-historicos-en-la-plaza-de-toros-de-ronda-xii-jose-redondo-el-chiclanero-el-torero-reondo-i\/#breadcrumb","itemListElement":[{"@type":"ListItem","position":1,"name":"REAL MAESTRANZA DE CABALLER\u00cdA DE RONDA","item":"https:\/\/www.rmcr.org\/en\/"},{"@type":"ListItem","position":2,"name":"Toreros hist\u00f3ricos en la Plaza de Toros de Ronda (XII). Jos\u00e9 Redondo el Chiclanero, el torero \u00abreondo\u00bb (I)"}]},{"@type":"WebSite","@id":"https:\/\/www.rmcr.org\/en\/#website","url":"https:\/\/www.rmcr.org\/en\/","name":"Real Maestranza de Caballer\u00eda de Ronda","description":"Real Maestranza de Caballer\u00eda de Ronda","publisher":{"@id":"https:\/\/www.rmcr.org\/en\/#organization"},"alternateName":"RMCR","potentialAction":[{"@type":"SearchAction","target":{"@type":"EntryPoint","urlTemplate":"https:\/\/www.rmcr.org\/en\/?s={search_term_string}"},"query-input":{"@type":"PropertyValueSpecification","valueRequired":true,"valueName":"search_term_string"}}],"inLanguage":"en-US"},{"@type":"Organization","@id":"https:\/\/www.rmcr.org\/en\/#organization","name":"Real Maestranza de Caballer\u00eda de Ronda","alternateName":"RMR","url":"https:\/\/www.rmcr.org\/en\/","logo":{"@type":"ImageObject","inLanguage":"en-US","@id":"https:\/\/www.rmcr.org\/en\/#\/schema\/logo\/image\/","url":"https:\/\/www.rmcr.org\/wp-content\/uploads\/2022\/07\/logo-rmr-blue.svg","contentUrl":"https:\/\/www.rmcr.org\/wp-content\/uploads\/2022\/07\/logo-rmr-blue.svg","width":131,"height":129,"caption":"Real Maestranza de Caballer\u00eda de Ronda"},"image":{"@id":"https:\/\/www.rmcr.org\/en\/#\/schema\/logo\/image\/"},"sameAs":["https:\/\/www.facebook.com\/plazadetorosronda","https:\/\/x.com\/PlazatorosRMR","https:\/\/www.instagram.com\/realmaestranzaderonda\/","https:\/\/www.youtube.com\/channel\/UCrbO5IUN-8v_QML739vM4zg\/videos"]},{"@type":"Person","@id":"https:\/\/www.rmcr.org\/en\/#\/schema\/person\/7ddd0dafda7edd0e407157f93a56df4f","name":"RMCR","image":{"@type":"ImageObject","inLanguage":"en-US","@id":"https:\/\/secure.gravatar.com\/avatar\/adb75798b50800c24baa6a8706037b9469998c49eddeb95935f50f633cff80bb?s=96&d=mm&r=g","url":"https:\/\/secure.gravatar.com\/avatar\/adb75798b50800c24baa6a8706037b9469998c49eddeb95935f50f633cff80bb?s=96&d=mm&r=g","contentUrl":"https:\/\/secure.gravatar.com\/avatar\/adb75798b50800c24baa6a8706037b9469998c49eddeb95935f50f633cff80bb?s=96&d=mm&r=g","caption":"RMCR"},"url":"https:\/\/www.rmcr.org\/en\/author\/bitniks77\/"}]}},"_links":{"self":[{"href":"https:\/\/www.rmcr.org\/en\/wp-json\/wp\/v2\/posts\/7185","targetHints":{"allow":["GET"]}}],"collection":[{"href":"https:\/\/www.rmcr.org\/en\/wp-json\/wp\/v2\/posts"}],"about":[{"href":"https:\/\/www.rmcr.org\/en\/wp-json\/wp\/v2\/types\/post"}],"author":[{"embeddable":true,"href":"https:\/\/www.rmcr.org\/en\/wp-json\/wp\/v2\/users\/7"}],"replies":[{"embeddable":true,"href":"https:\/\/www.rmcr.org\/en\/wp-json\/wp\/v2\/comments?post=7185"}],"version-history":[{"count":0,"href":"https:\/\/www.rmcr.org\/en\/wp-json\/wp\/v2\/posts\/7185\/revisions"}],"wp:featuredmedia":[{"embeddable":true,"href":"https:\/\/www.rmcr.org\/en\/wp-json\/wp\/v2\/media\/7405"}],"wp:attachment":[{"href":"https:\/\/www.rmcr.org\/en\/wp-json\/wp\/v2\/media?parent=7185"}],"wp:term":[{"taxonomy":"category","embeddable":true,"href":"https:\/\/www.rmcr.org\/en\/wp-json\/wp\/v2\/categories?post=7185"},{"taxonomy":"post_tag","embeddable":true,"href":"https:\/\/www.rmcr.org\/en\/wp-json\/wp\/v2\/tags?post=7185"}],"curies":[{"name":"wp","href":"https:\/\/api.w.org\/{rel}","templated":true}]}}