{"id":7184,"date":"2021-01-14T10:14:15","date_gmt":"2021-01-14T10:14:15","guid":{"rendered":"https:\/\/www.rmcr.org\/?p=7184"},"modified":"2021-01-14T10:14:15","modified_gmt":"2021-01-14T10:14:15","slug":"sala-de-historia-de-la-real-maestranza-de-caballeria-de-ronda-retrato-del-infante-d-gabriel-de-borbon-ii-el-infante","status":"publish","type":"post","link":"https:\/\/www.rmcr.org\/en\/2021\/01\/14\/sala-de-historia-de-la-real-maestranza-de-caballeria-de-ronda-retrato-del-infante-d-gabriel-de-borbon-ii-el-infante\/","title":{"rendered":"Sala de Historia de la Real Maestranza de Caballer\u00eda de Ronda. Retrato del Infante D. Gabriel de Borb\u00f3n (II). El Infante"},"content":{"rendered":"\n<p>\u201cEl nombre del Infante don Gabriel aparece de forma constante cada vez que se escribe sobre cualquier intelectual o artista relacionado con la corte de este per\u00edodo\u201d, resalta el historiador Juan Mart\u00ednez Cuesta (1962-1999) en la tesis doctoral que dedic\u00f3 a su figura, publicada por esta Real Maestranza a la memoria de quien fue el primer miembro de la familia real espa\u00f1ola en ser su Hermano Mayor en 1763. El hecho de que Carlos III pusiera a su hijo favorito al frente de la corporaci\u00f3n maestrante se relaciona con el deseo de hacer de Ronda una plaza fuerte que controlara el acceso al interior de Andaluc\u00eda por razones estrat\u00e9gicas, en el contexto de las tensiones con Inglaterra por el intento de recuperaci\u00f3n de Gibraltar.\u00a0\u00a0<\/p>\n\n\n\n<div class=\"wp-block-image\" style=\"text-align:center;\">\n<figure class=\"aligncenter size-large is-resized\"><a href=\"http:\/\/catalogo.rmcr.org\/ronda\/doc?q=Infante+D.+Gabriel&amp;start=2&amp;rows=1&amp;sort=msstored_title%20asc&amp;fq=msstored_fld98&amp;fv=*&amp;fo=and&amp;fq=media&amp;fv=*&amp;fo=and\"><img fetchpriority=\"high\" decoding=\"async\" class=\"wp-image-1373 aligncenter\" src=\"https:\/\/www.rmcr.org\/wp-content\/uploads\/2021\/01\/2003-gabriel.jpg?w=662\" alt=\"\" width=\"319\" height=\"493\" \/><\/a><em><a href=\"http:\/\/catalogo.rmcr.org\/ronda\/doc?q=Infante+D.+Gabriel&amp;start=2&amp;rows=1&amp;sort=msstored_title%20asc&amp;fq=msstored_fld98&amp;fv=*&amp;fo=and&amp;fq=media&amp;fv=*&amp;fo=and\">Juan Mart\u00ednez Cuesta. &#8220;Don Gabriel de Borb\u00f3n y Sajonia. Mecenas ilustrado en la Espa\u00f1a de Carlos III&#8221;. Valencia, Real Maestranza de Caballer\u00eda de Ronda y Editorial Pre-Textos, 2003.<\/a><\/em><\/figure>\n<\/div>\n\n\n\n<p>Gabriel Antonio de Borb\u00f3n y Sajonia fue el tercer hijo var\u00f3n de los trece que tuvieron Carlos III y Mar\u00eda Amalia de Sajonia, nacido en el Real Sitio de Portici en 1752, cuando su padre reinaba en N\u00e1poles y Sicilia como Carlos VII. Ten\u00eda siete a\u00f1os cuando embarc\u00f3 junto a su familia rumbo a Espa\u00f1a para que su progenitor sucediera en el trono a su hermano Fernando VI, fallecido sin haber dejado descendencia directa. A esa edad ya hab\u00eda empezado a recibir una educaci\u00f3n en italiano, espa\u00f1ol, franc\u00e9s y con nociones de alem\u00e1n, el idioma de su madre.<\/p>\n<p>En su fase de formaci\u00f3n, ya en Madrid, el programa de educaci\u00f3n de los infantes inclu\u00eda historia, geograf\u00eda, matem\u00e1ticas, f\u00edsica, humanidades, religi\u00f3n, moral, lectura de libros seleccionados y tambi\u00e9n lecciones de baile. La m\u00fasica fue para el joven don Gabriel una de sus primeras pasiones. Los m\u00fasicos de la orquesta de c\u00e1mara de los infantes tuvieron mucho que ver en esa afici\u00f3n mel\u00f3mana que ser\u00eda una constante en su vida, como Felipe Sabatini, Nicol\u00e1s Conforto, Francisco Landini y sobre todo Jos\u00e9 de Nebra, organista y vicemaestro de la real capilla, que fuera su maestro de clave, instrumento en el que adquiri\u00f3 gran dominio. Tambi\u00e9n recibir\u00eda lecciones del compositor Antonio Soler, padre jer\u00f3nimo, una de las figuras m\u00e1s importantes de la escuela de m\u00fasica para teclado del siglo XVIII y con quien tendr\u00eda una estrecha relaci\u00f3n, hasta el punto de que le dedicara varias sonatas.<\/p>\n<p>Por influencia de otro de sus maestros, el erudito Francisco P\u00e9rez Bayer, personalidad de enorme influencia y trascendencia en las reformas universitarias y educativas emprendidas durante este reinado, se ampliar\u00eda su inclinaci\u00f3n al coleccionismo y el inter\u00e9s por el universo cl\u00e1sico, algo a lo que no era ajeno el hecho de que fuera su padre el que ordenara durante su estancia en N\u00e1poles las excavaciones de Herculano y Pompeya, cuyo descubrimiento tendr\u00eda un impacto trascendente en el arte y el pensamiento en Europa. Con la supervisi\u00f3n de su maestro, tradujo al castellano y public\u00f3 en 1772 obras del historiador Cayo Crispo Salustio, <em><a href=\"http:\/\/catalogo.rmcr.org\/ronda\/doc?q=Catilina&amp;start=1&amp;rows=1&amp;sort=msstored_title%20asc&amp;fq=msstored_fld98&amp;fv=*&amp;fo=and&amp;fq=media&amp;fv=*&amp;fo=and\">La conjuraci\u00f3n de Catilina y la guerra de Jugurta<\/a><\/em>, primorosa edici\u00f3n considerada como la mejor impresa en Espa\u00f1a en los siglo XVI, XVII y XVIII. Por esas fechas don Gabriel ya era Gran Prior de Castilla y Le\u00f3n de la Orden de San Juan de Jerusal\u00e9n (conocida desde 1530 como Orden de Malta), junto a las encomiendas de las cuatro \u00d3rdenes militares,\u00a0 nombramiento promovido por su padre en 1766.<\/p>\n\n\n\n\n\n<p style=\"text-align:center;\"><a href=\"https:\/\/www.rmcr.org\/wp-content\/uploads\/2021\/01\/salustio.jpg\"><img decoding=\"async\" class=\"alignnone size-full wp-image-1379\" src=\"https:\/\/www.rmcr.org\/wp-content\/uploads\/2021\/01\/salustio.jpg\" alt=\"\" width=\"470\" height=\"402\" \/><\/a><\/p>\n<p style=\"text-align:center;\"><a href=\"http:\/\/catalogo.rmcr.org\/ronda\/doc?q=Catilina&amp;start=1&amp;rows=1&amp;sort=msstored_title%20asc&amp;fq=msstored_fld98&amp;fv=*&amp;fo=and&amp;fq=media&amp;fv=*&amp;fo=and\"><em>&#8220;Obras de Cayo Salustio Crispo&#8221;. Traducidas por el Se\u00f1or Infante D. Gabriel. Madrid, Imprenta Real. 1804. Biblioteca-RMR<\/em><\/a><\/p>\n<p style=\"text-align:left;\">Su curiosidad abarcaba diversos campos, art\u00edsticos, t\u00e9cnicos y cient\u00edficos en el marco de las ideas de la Ilustraci\u00f3n que se extendi\u00f3 por las cortes de Europa en la segunda mitad del siglo. En las \u00f3rdenes de compra estudiadas se cuentan numerosos instrumentos musicales, tambi\u00e9n matem\u00e1ticos y f\u00edsicos, libros, relojes, pinturas, estampas y monedas. Se carte\u00f3 con Benjamin Franklin en relaci\u00f3n a un \u00f3rgano de vasos o arm\u00f3nica, invento del norteamericano, se interes\u00f3 vivamente por la ingenier\u00eda y las m\u00e1quinas, e incluso promovi\u00f3 experiencias de vuelos con globos aerost\u00e1ticos. En reconocimiento a su labor de mecenazgo, fue nombrado Acad\u00e9mico de Honor de la Real Academia de Bellas Artes de San Fernando en 1784.<\/p>\n<p style=\"text-align:left;\">En 1785 contrajo matrimonio con la infanta Mar\u00eda Victoria de Portugal, en una doble boda entre infantes de los dos reinos. Fruto de esa uni\u00f3n nacer\u00eda un hijo al a\u00f1o siguiente, el infante Pedro Carlos de Borb\u00f3n. La viruela pondr\u00eda fin a la vida de don Gabriel el 23 de noviembre de 1788 en el monasterio de San Lorenzo de El Escorial, tres a\u00f1os despu\u00e9s de que su retrato presidiera desde el palco real la inauguraci\u00f3n de la plaza de toros de su Real Maestranza de Ronda, s\u00edmbolo arquitect\u00f3nico junto al Puente Nuevo de la expansi\u00f3n urbana de la ciudad.<\/p>\n<p style=\"text-align:left;\"><strong>Bibliograf\u00eda y fuentes<\/strong><\/p>\n<p style=\"text-align:left;\">J. Mart\u00ednez Cuesta. <em>Don Gabriel de Borb\u00f3n y Sajonia. Mecenas ilustrado en la Espa\u00f1a de Carlos III. <\/em>Valencia, Real Maestranza de Caballer\u00eda de Ronda y Editorial Pre-Textos, 2003.<\/p>\n<p style=\"text-align:left;\">A. Pau Pedr\u00f3n. <em>Los retratos del infante Don Gabriel.<\/em>\u00a0Madrid, Real Academia Matritense de Her\u00e1ldica y Genealog\u00eda, 2006.<\/p>\n<p style=\"text-align:left;\"><em>Inventario del archivo del Infante don Gabriel de Borb\u00f3n, Gran Prior de la Orden de San Juan de Jerusal\u00e9n en los reinos de Castilla y Le\u00f3n, y de sus descendientes. <\/em>Madrid, Direcci\u00f3n General de Bellas Artes y Archivos, 1985.<\/p>\n<p style=\"text-align:left;\">J. Mart\u00ednez Cuesta y B. Kenyon de Pascual. <em>El Infante don Gabriel (1752-1788), gran aficionado a la m\u00fasica.<\/em> En: &#8220;Revista de Musicolog\u00eda&#8221;<em>, <\/em>XI, n\u00ba 3, 1988.<\/p>\n<p style=\"text-align:left;\">R. Mateos S\u00e1inz de Medrano. <em>Los desconocidos infantes de Espa\u00f1a. Casa de Borb\u00f3n.<\/em>\u00a0Barcelona, Thass\u00e0lia, 1996.<\/p>\n\n\n\n\n\n\n\n\n\n\n\n\n\n\n\n\n\n\n","protected":false},"excerpt":{"rendered":"<p>\u201cEl nombre del Infante don Gabriel aparece de forma constante cada vez que se escribe sobre cualquier intelectual o artista relacionado con la corte de este per\u00edodo\u201d, resalta el historiador Juan Mart\u00ednez Cuesta (1962-1999) en la tesis doctoral que dedic\u00f3 a su figura, publicada por esta Real Maestranza a la memoria de quien fue el primer miembro de la familia real espa\u00f1ola en ser su Hermano Mayor en 1763. El hecho de que Carlos III pusiera a su hijo favorito al frente de la corporaci\u00f3n maestrante se relaciona con el deseo de hacer de Ronda una plaza fuerte que controlara el acceso al interior de Andaluc\u00eda por razones estrat\u00e9gicas, en el contexto de las tensiones con Inglaterra por el intento de recuperaci\u00f3n de Gibraltar.  <\/p>\n","protected":false},"author":7,"featured_media":7402,"comment_status":"open","ping_status":"open","sticky":false,"template":"","format":"standard","meta":{"footnotes":""},"categories":[272,284,301],"tags":[320,431,427,428,432,433,248,98,263,348],"class_list":["post-7184","post","type-post","status-publish","format-standard","has-post-thumbnail","hentry","category-colecciones-museisticas","category-historia","category-real-maestranza","tag-coleccion-museistica","tag-don-gabriel","tag-infante","tag-infante-don-gabriel-de-borbon","tag-la-conjuracion-de-catilina-y-la-guerra-de-jugurta","tag-real-academia-de-bellas-artes-de-san-fernando","tag-real-maestranza-de-caballeria","tag-real-maestranza-de-caballeria-de-ronda","tag-real-maestranza-de-ronda","tag-sala-historia-de-la-real-maestranza-de-caballeria-de-ronda"],"yoast_head":"<!-- This site is optimized with the Yoast SEO plugin v27.5 - https:\/\/yoast.com\/product\/yoast-seo-wordpress\/ -->\n<title>Sala de Historia de la Real Maestranza de Caballer\u00eda de Ronda. Retrato del Infante D. Gabriel de Borb\u00f3n (II). El Infante - Real Maestranza de Caballer\u00eda de Ronda<\/title>\n<meta name=\"robots\" content=\"index, follow, max-snippet:-1, max-image-preview:large, max-video-preview:-1\" \/>\n<link rel=\"canonical\" href=\"https:\/\/www.rmcr.org\/en\/2021\/01\/14\/sala-de-historia-de-la-real-maestranza-de-caballeria-de-ronda-retrato-del-infante-d-gabriel-de-borbon-ii-el-infante\/\" \/>\n<meta property=\"og:locale\" content=\"en_US\" \/>\n<meta property=\"og:type\" content=\"article\" \/>\n<meta property=\"og:title\" content=\"Sala de Historia de la Real Maestranza de Caballer\u00eda de Ronda. Retrato del Infante D. Gabriel de Borb\u00f3n (II). El Infante - Real Maestranza de Caballer\u00eda de Ronda\" \/>\n<meta property=\"og:description\" content=\"\u201cEl nombre del Infante don Gabriel aparece de forma constante cada vez que se escribe sobre cualquier intelectual o artista relacionado con la corte de este per\u00edodo\u201d, resalta el historiador Juan Mart\u00ednez Cuesta (1962-1999) en la tesis doctoral que dedic\u00f3 a su figura, publicada por esta Real Maestranza a la memoria de quien fue el primer miembro de la familia real espa\u00f1ola en ser su Hermano Mayor en 1763. El hecho de que Carlos III pusiera a su hijo favorito al frente de la corporaci\u00f3n maestrante se relaciona con el deseo de hacer de Ronda una plaza fuerte que controlara el acceso al interior de Andaluc\u00eda por razones estrat\u00e9gicas, en el contexto de las tensiones con Inglaterra por el intento de recuperaci\u00f3n de Gibraltar.\" \/>\n<meta property=\"og:url\" content=\"https:\/\/www.rmcr.org\/en\/2021\/01\/14\/sala-de-historia-de-la-real-maestranza-de-caballeria-de-ronda-retrato-del-infante-d-gabriel-de-borbon-ii-el-infante\/\" \/>\n<meta property=\"og:site_name\" content=\"Real Maestranza de Caballer\u00eda de Ronda\" \/>\n<meta property=\"article:publisher\" content=\"https:\/\/www.facebook.com\/plazadetorosronda\" \/>\n<meta property=\"article:published_time\" content=\"2021-01-14T10:14:15+00:00\" \/>\n<meta property=\"og:image\" content=\"https:\/\/www.rmcr.org\/wp-content\/uploads\/2021\/01\/afel.png\" \/>\n\t<meta property=\"og:image:width\" content=\"482\" \/>\n\t<meta property=\"og:image:height\" content=\"144\" \/>\n\t<meta property=\"og:image:type\" content=\"image\/png\" \/>\n<meta name=\"author\" content=\"RMCR\" \/>\n<meta name=\"twitter:card\" content=\"summary_large_image\" \/>\n<meta name=\"twitter:creator\" content=\"@PlazatorosRMR\" \/>\n<meta name=\"twitter:site\" content=\"@PlazatorosRMR\" \/>\n<meta name=\"twitter:label1\" content=\"Written by\" \/>\n\t<meta name=\"twitter:data1\" content=\"RMCR\" \/>\n\t<meta name=\"twitter:label2\" content=\"Est. reading time\" \/>\n\t<meta name=\"twitter:data2\" content=\"5 minutes\" \/>\n<script type=\"application\/ld+json\" class=\"yoast-schema-graph\">{\"@context\":\"https:\\\/\\\/schema.org\",\"@graph\":[{\"@type\":\"Article\",\"@id\":\"https:\\\/\\\/www.rmcr.org\\\/en\\\/2021\\\/01\\\/14\\\/sala-de-historia-de-la-real-maestranza-de-caballeria-de-ronda-retrato-del-infante-d-gabriel-de-borbon-ii-el-infante\\\/#article\",\"isPartOf\":{\"@id\":\"https:\\\/\\\/www.rmcr.org\\\/en\\\/2021\\\/01\\\/14\\\/sala-de-historia-de-la-real-maestranza-de-caballeria-de-ronda-retrato-del-infante-d-gabriel-de-borbon-ii-el-infante\\\/\"},\"author\":{\"name\":\"RMCR\",\"@id\":\"https:\\\/\\\/www.rmcr.org\\\/en\\\/#\\\/schema\\\/person\\\/7ddd0dafda7edd0e407157f93a56df4f\"},\"headline\":\"Sala de Historia de la Real Maestranza de Caballer\u00eda de Ronda. Retrato del Infante D. Gabriel de Borb\u00f3n (II). El Infante\",\"datePublished\":\"2021-01-14T10:14:15+00:00\",\"mainEntityOfPage\":{\"@id\":\"https:\\\/\\\/www.rmcr.org\\\/en\\\/2021\\\/01\\\/14\\\/sala-de-historia-de-la-real-maestranza-de-caballeria-de-ronda-retrato-del-infante-d-gabriel-de-borbon-ii-el-infante\\\/\"},\"wordCount\":1033,\"commentCount\":0,\"publisher\":{\"@id\":\"https:\\\/\\\/www.rmcr.org\\\/en\\\/#organization\"},\"image\":{\"@id\":\"https:\\\/\\\/www.rmcr.org\\\/en\\\/2021\\\/01\\\/14\\\/sala-de-historia-de-la-real-maestranza-de-caballeria-de-ronda-retrato-del-infante-d-gabriel-de-borbon-ii-el-infante\\\/#primaryimage\"},\"thumbnailUrl\":\"https:\\\/\\\/www.rmcr.org\\\/wp-content\\\/uploads\\\/2021\\\/01\\\/afel.png\",\"keywords\":[\"Colecci\u00f3n Muse\u00edstica\",\"Don Gabriel\",\"Infante\",\"Infante Don Gabriel de Borb\u00f3n\",\"La Conjuraci\u00f3n de Catilina y la guerra de Jugurta\",\"Real Academia de Bellas Artes de San Fernando\",\"Real Maestranza de Caballer\u00eda\",\"Real Maestranza de Caballer\u00eda de Ronda\",\"Real Maestranza de Ronda\",\"Sala Historia de la Real Maestranza de Caballer\u00eda de Ronda\"],\"articleSection\":[\"Colecciones muse\u00edsticas\",\"Historia\",\"Real Maestranza\"],\"inLanguage\":\"en-US\",\"potentialAction\":[{\"@type\":\"CommentAction\",\"name\":\"Comment\",\"target\":[\"https:\\\/\\\/www.rmcr.org\\\/en\\\/2021\\\/01\\\/14\\\/sala-de-historia-de-la-real-maestranza-de-caballeria-de-ronda-retrato-del-infante-d-gabriel-de-borbon-ii-el-infante\\\/#respond\"]}]},{\"@type\":\"WebPage\",\"@id\":\"https:\\\/\\\/www.rmcr.org\\\/en\\\/2021\\\/01\\\/14\\\/sala-de-historia-de-la-real-maestranza-de-caballeria-de-ronda-retrato-del-infante-d-gabriel-de-borbon-ii-el-infante\\\/\",\"url\":\"https:\\\/\\\/www.rmcr.org\\\/en\\\/2021\\\/01\\\/14\\\/sala-de-historia-de-la-real-maestranza-de-caballeria-de-ronda-retrato-del-infante-d-gabriel-de-borbon-ii-el-infante\\\/\",\"name\":\"Sala de Historia de la Real Maestranza de Caballer\u00eda de Ronda. Retrato del Infante D. Gabriel de Borb\u00f3n (II). El Infante - Real Maestranza de Caballer\u00eda de Ronda\",\"isPartOf\":{\"@id\":\"https:\\\/\\\/www.rmcr.org\\\/en\\\/#website\"},\"primaryImageOfPage\":{\"@id\":\"https:\\\/\\\/www.rmcr.org\\\/en\\\/2021\\\/01\\\/14\\\/sala-de-historia-de-la-real-maestranza-de-caballeria-de-ronda-retrato-del-infante-d-gabriel-de-borbon-ii-el-infante\\\/#primaryimage\"},\"image\":{\"@id\":\"https:\\\/\\\/www.rmcr.org\\\/en\\\/2021\\\/01\\\/14\\\/sala-de-historia-de-la-real-maestranza-de-caballeria-de-ronda-retrato-del-infante-d-gabriel-de-borbon-ii-el-infante\\\/#primaryimage\"},\"thumbnailUrl\":\"https:\\\/\\\/www.rmcr.org\\\/wp-content\\\/uploads\\\/2021\\\/01\\\/afel.png\",\"datePublished\":\"2021-01-14T10:14:15+00:00\",\"breadcrumb\":{\"@id\":\"https:\\\/\\\/www.rmcr.org\\\/en\\\/2021\\\/01\\\/14\\\/sala-de-historia-de-la-real-maestranza-de-caballeria-de-ronda-retrato-del-infante-d-gabriel-de-borbon-ii-el-infante\\\/#breadcrumb\"},\"inLanguage\":\"en-US\",\"potentialAction\":[{\"@type\":\"ReadAction\",\"target\":[\"https:\\\/\\\/www.rmcr.org\\\/en\\\/2021\\\/01\\\/14\\\/sala-de-historia-de-la-real-maestranza-de-caballeria-de-ronda-retrato-del-infante-d-gabriel-de-borbon-ii-el-infante\\\/\"]}]},{\"@type\":\"ImageObject\",\"inLanguage\":\"en-US\",\"@id\":\"https:\\\/\\\/www.rmcr.org\\\/en\\\/2021\\\/01\\\/14\\\/sala-de-historia-de-la-real-maestranza-de-caballeria-de-ronda-retrato-del-infante-d-gabriel-de-borbon-ii-el-infante\\\/#primaryimage\",\"url\":\"https:\\\/\\\/www.rmcr.org\\\/wp-content\\\/uploads\\\/2021\\\/01\\\/afel.png\",\"contentUrl\":\"https:\\\/\\\/www.rmcr.org\\\/wp-content\\\/uploads\\\/2021\\\/01\\\/afel.png\",\"width\":482,\"height\":144},{\"@type\":\"BreadcrumbList\",\"@id\":\"https:\\\/\\\/www.rmcr.org\\\/en\\\/2021\\\/01\\\/14\\\/sala-de-historia-de-la-real-maestranza-de-caballeria-de-ronda-retrato-del-infante-d-gabriel-de-borbon-ii-el-infante\\\/#breadcrumb\",\"itemListElement\":[{\"@type\":\"ListItem\",\"position\":1,\"name\":\"REAL MAESTRANZA DE CABALLER\u00cdA DE RONDA\",\"item\":\"https:\\\/\\\/www.rmcr.org\\\/en\\\/\"},{\"@type\":\"ListItem\",\"position\":2,\"name\":\"Sala de Historia de la Real Maestranza de Caballer\u00eda de Ronda. Retrato del Infante D. Gabriel de Borb\u00f3n (II). El Infante\"}]},{\"@type\":\"WebSite\",\"@id\":\"https:\\\/\\\/www.rmcr.org\\\/en\\\/#website\",\"url\":\"https:\\\/\\\/www.rmcr.org\\\/en\\\/\",\"name\":\"Real Maestranza de Caballer\u00eda de Ronda\",\"description\":\"Real Maestranza de Caballer\u00eda de Ronda\",\"publisher\":{\"@id\":\"https:\\\/\\\/www.rmcr.org\\\/en\\\/#organization\"},\"alternateName\":\"RMCR\",\"potentialAction\":[{\"@type\":\"SearchAction\",\"target\":{\"@type\":\"EntryPoint\",\"urlTemplate\":\"https:\\\/\\\/www.rmcr.org\\\/en\\\/?s={search_term_string}\"},\"query-input\":{\"@type\":\"PropertyValueSpecification\",\"valueRequired\":true,\"valueName\":\"search_term_string\"}}],\"inLanguage\":\"en-US\"},{\"@type\":\"Organization\",\"@id\":\"https:\\\/\\\/www.rmcr.org\\\/en\\\/#organization\",\"name\":\"Real Maestranza de Caballer\u00eda de Ronda\",\"alternateName\":\"RMR\",\"url\":\"https:\\\/\\\/www.rmcr.org\\\/en\\\/\",\"logo\":{\"@type\":\"ImageObject\",\"inLanguage\":\"en-US\",\"@id\":\"https:\\\/\\\/www.rmcr.org\\\/en\\\/#\\\/schema\\\/logo\\\/image\\\/\",\"url\":\"https:\\\/\\\/www.rmcr.org\\\/wp-content\\\/uploads\\\/2022\\\/07\\\/logo-rmr-blue.svg\",\"contentUrl\":\"https:\\\/\\\/www.rmcr.org\\\/wp-content\\\/uploads\\\/2022\\\/07\\\/logo-rmr-blue.svg\",\"width\":131,\"height\":129,\"caption\":\"Real Maestranza de Caballer\u00eda de Ronda\"},\"image\":{\"@id\":\"https:\\\/\\\/www.rmcr.org\\\/en\\\/#\\\/schema\\\/logo\\\/image\\\/\"},\"sameAs\":[\"https:\\\/\\\/www.facebook.com\\\/plazadetorosronda\",\"https:\\\/\\\/x.com\\\/PlazatorosRMR\",\"https:\\\/\\\/www.instagram.com\\\/realmaestranzaderonda\\\/\",\"https:\\\/\\\/www.youtube.com\\\/channel\\\/UCrbO5IUN-8v_QML739vM4zg\\\/videos\"]},{\"@type\":\"Person\",\"@id\":\"https:\\\/\\\/www.rmcr.org\\\/en\\\/#\\\/schema\\\/person\\\/7ddd0dafda7edd0e407157f93a56df4f\",\"name\":\"RMCR\",\"image\":{\"@type\":\"ImageObject\",\"inLanguage\":\"en-US\",\"@id\":\"https:\\\/\\\/secure.gravatar.com\\\/avatar\\\/adb75798b50800c24baa6a8706037b9469998c49eddeb95935f50f633cff80bb?s=96&d=mm&r=g\",\"url\":\"https:\\\/\\\/secure.gravatar.com\\\/avatar\\\/adb75798b50800c24baa6a8706037b9469998c49eddeb95935f50f633cff80bb?s=96&d=mm&r=g\",\"contentUrl\":\"https:\\\/\\\/secure.gravatar.com\\\/avatar\\\/adb75798b50800c24baa6a8706037b9469998c49eddeb95935f50f633cff80bb?s=96&d=mm&r=g\",\"caption\":\"RMCR\"},\"url\":\"https:\\\/\\\/www.rmcr.org\\\/en\\\/author\\\/bitniks77\\\/\"}]}<\/script>\n<!-- \/ Yoast SEO plugin. -->","yoast_head_json":{"title":"Sala de Historia de la Real Maestranza de Caballer\u00eda de Ronda. Retrato del Infante D. Gabriel de Borb\u00f3n (II). El Infante - Real Maestranza de Caballer\u00eda de Ronda","robots":{"index":"index","follow":"follow","max-snippet":"max-snippet:-1","max-image-preview":"max-image-preview:large","max-video-preview":"max-video-preview:-1"},"canonical":"https:\/\/www.rmcr.org\/en\/2021\/01\/14\/sala-de-historia-de-la-real-maestranza-de-caballeria-de-ronda-retrato-del-infante-d-gabriel-de-borbon-ii-el-infante\/","og_locale":"en_US","og_type":"article","og_title":"Sala de Historia de la Real Maestranza de Caballer\u00eda de Ronda. Retrato del Infante D. Gabriel de Borb\u00f3n (II). El Infante - Real Maestranza de Caballer\u00eda de Ronda","og_description":"\u201cEl nombre del Infante don Gabriel aparece de forma constante cada vez que se escribe sobre cualquier intelectual o artista relacionado con la corte de este per\u00edodo\u201d, resalta el historiador Juan Mart\u00ednez Cuesta (1962-1999) en la tesis doctoral que dedic\u00f3 a su figura, publicada por esta Real Maestranza a la memoria de quien fue el primer miembro de la familia real espa\u00f1ola en ser su Hermano Mayor en 1763. El hecho de que Carlos III pusiera a su hijo favorito al frente de la corporaci\u00f3n maestrante se relaciona con el deseo de hacer de Ronda una plaza fuerte que controlara el acceso al interior de Andaluc\u00eda por razones estrat\u00e9gicas, en el contexto de las tensiones con Inglaterra por el intento de recuperaci\u00f3n de Gibraltar.","og_url":"https:\/\/www.rmcr.org\/en\/2021\/01\/14\/sala-de-historia-de-la-real-maestranza-de-caballeria-de-ronda-retrato-del-infante-d-gabriel-de-borbon-ii-el-infante\/","og_site_name":"Real Maestranza de Caballer\u00eda de Ronda","article_publisher":"https:\/\/www.facebook.com\/plazadetorosronda","article_published_time":"2021-01-14T10:14:15+00:00","og_image":[{"width":482,"height":144,"url":"https:\/\/www.rmcr.org\/wp-content\/uploads\/2021\/01\/afel.png","type":"image\/png"}],"author":"RMCR","twitter_card":"summary_large_image","twitter_creator":"@PlazatorosRMR","twitter_site":"@PlazatorosRMR","twitter_misc":{"Written by":"RMCR","Est. reading time":"5 minutes"},"schema":{"@context":"https:\/\/schema.org","@graph":[{"@type":"Article","@id":"https:\/\/www.rmcr.org\/en\/2021\/01\/14\/sala-de-historia-de-la-real-maestranza-de-caballeria-de-ronda-retrato-del-infante-d-gabriel-de-borbon-ii-el-infante\/#article","isPartOf":{"@id":"https:\/\/www.rmcr.org\/en\/2021\/01\/14\/sala-de-historia-de-la-real-maestranza-de-caballeria-de-ronda-retrato-del-infante-d-gabriel-de-borbon-ii-el-infante\/"},"author":{"name":"RMCR","@id":"https:\/\/www.rmcr.org\/en\/#\/schema\/person\/7ddd0dafda7edd0e407157f93a56df4f"},"headline":"Sala de Historia de la Real Maestranza de Caballer\u00eda de Ronda. Retrato del Infante D. Gabriel de Borb\u00f3n (II). El Infante","datePublished":"2021-01-14T10:14:15+00:00","mainEntityOfPage":{"@id":"https:\/\/www.rmcr.org\/en\/2021\/01\/14\/sala-de-historia-de-la-real-maestranza-de-caballeria-de-ronda-retrato-del-infante-d-gabriel-de-borbon-ii-el-infante\/"},"wordCount":1033,"commentCount":0,"publisher":{"@id":"https:\/\/www.rmcr.org\/en\/#organization"},"image":{"@id":"https:\/\/www.rmcr.org\/en\/2021\/01\/14\/sala-de-historia-de-la-real-maestranza-de-caballeria-de-ronda-retrato-del-infante-d-gabriel-de-borbon-ii-el-infante\/#primaryimage"},"thumbnailUrl":"https:\/\/www.rmcr.org\/wp-content\/uploads\/2021\/01\/afel.png","keywords":["Colecci\u00f3n Muse\u00edstica","Don Gabriel","Infante","Infante Don Gabriel de Borb\u00f3n","La Conjuraci\u00f3n de Catilina y la guerra de Jugurta","Real Academia de Bellas Artes de San Fernando","Real Maestranza de Caballer\u00eda","Real Maestranza de Caballer\u00eda de Ronda","Real Maestranza de Ronda","Sala Historia de la Real Maestranza de Caballer\u00eda de Ronda"],"articleSection":["Colecciones muse\u00edsticas","Historia","Real Maestranza"],"inLanguage":"en-US","potentialAction":[{"@type":"CommentAction","name":"Comment","target":["https:\/\/www.rmcr.org\/en\/2021\/01\/14\/sala-de-historia-de-la-real-maestranza-de-caballeria-de-ronda-retrato-del-infante-d-gabriel-de-borbon-ii-el-infante\/#respond"]}]},{"@type":"WebPage","@id":"https:\/\/www.rmcr.org\/en\/2021\/01\/14\/sala-de-historia-de-la-real-maestranza-de-caballeria-de-ronda-retrato-del-infante-d-gabriel-de-borbon-ii-el-infante\/","url":"https:\/\/www.rmcr.org\/en\/2021\/01\/14\/sala-de-historia-de-la-real-maestranza-de-caballeria-de-ronda-retrato-del-infante-d-gabriel-de-borbon-ii-el-infante\/","name":"Sala de Historia de la Real Maestranza de Caballer\u00eda de Ronda. Retrato del Infante D. Gabriel de Borb\u00f3n (II). El Infante - Real Maestranza de Caballer\u00eda de Ronda","isPartOf":{"@id":"https:\/\/www.rmcr.org\/en\/#website"},"primaryImageOfPage":{"@id":"https:\/\/www.rmcr.org\/en\/2021\/01\/14\/sala-de-historia-de-la-real-maestranza-de-caballeria-de-ronda-retrato-del-infante-d-gabriel-de-borbon-ii-el-infante\/#primaryimage"},"image":{"@id":"https:\/\/www.rmcr.org\/en\/2021\/01\/14\/sala-de-historia-de-la-real-maestranza-de-caballeria-de-ronda-retrato-del-infante-d-gabriel-de-borbon-ii-el-infante\/#primaryimage"},"thumbnailUrl":"https:\/\/www.rmcr.org\/wp-content\/uploads\/2021\/01\/afel.png","datePublished":"2021-01-14T10:14:15+00:00","breadcrumb":{"@id":"https:\/\/www.rmcr.org\/en\/2021\/01\/14\/sala-de-historia-de-la-real-maestranza-de-caballeria-de-ronda-retrato-del-infante-d-gabriel-de-borbon-ii-el-infante\/#breadcrumb"},"inLanguage":"en-US","potentialAction":[{"@type":"ReadAction","target":["https:\/\/www.rmcr.org\/en\/2021\/01\/14\/sala-de-historia-de-la-real-maestranza-de-caballeria-de-ronda-retrato-del-infante-d-gabriel-de-borbon-ii-el-infante\/"]}]},{"@type":"ImageObject","inLanguage":"en-US","@id":"https:\/\/www.rmcr.org\/en\/2021\/01\/14\/sala-de-historia-de-la-real-maestranza-de-caballeria-de-ronda-retrato-del-infante-d-gabriel-de-borbon-ii-el-infante\/#primaryimage","url":"https:\/\/www.rmcr.org\/wp-content\/uploads\/2021\/01\/afel.png","contentUrl":"https:\/\/www.rmcr.org\/wp-content\/uploads\/2021\/01\/afel.png","width":482,"height":144},{"@type":"BreadcrumbList","@id":"https:\/\/www.rmcr.org\/en\/2021\/01\/14\/sala-de-historia-de-la-real-maestranza-de-caballeria-de-ronda-retrato-del-infante-d-gabriel-de-borbon-ii-el-infante\/#breadcrumb","itemListElement":[{"@type":"ListItem","position":1,"name":"REAL MAESTRANZA DE CABALLER\u00cdA DE RONDA","item":"https:\/\/www.rmcr.org\/en\/"},{"@type":"ListItem","position":2,"name":"Sala de Historia de la Real Maestranza de Caballer\u00eda de Ronda. Retrato del Infante D. Gabriel de Borb\u00f3n (II). El Infante"}]},{"@type":"WebSite","@id":"https:\/\/www.rmcr.org\/en\/#website","url":"https:\/\/www.rmcr.org\/en\/","name":"Real Maestranza de Caballer\u00eda de Ronda","description":"Real Maestranza de Caballer\u00eda de Ronda","publisher":{"@id":"https:\/\/www.rmcr.org\/en\/#organization"},"alternateName":"RMCR","potentialAction":[{"@type":"SearchAction","target":{"@type":"EntryPoint","urlTemplate":"https:\/\/www.rmcr.org\/en\/?s={search_term_string}"},"query-input":{"@type":"PropertyValueSpecification","valueRequired":true,"valueName":"search_term_string"}}],"inLanguage":"en-US"},{"@type":"Organization","@id":"https:\/\/www.rmcr.org\/en\/#organization","name":"Real Maestranza de Caballer\u00eda de Ronda","alternateName":"RMR","url":"https:\/\/www.rmcr.org\/en\/","logo":{"@type":"ImageObject","inLanguage":"en-US","@id":"https:\/\/www.rmcr.org\/en\/#\/schema\/logo\/image\/","url":"https:\/\/www.rmcr.org\/wp-content\/uploads\/2022\/07\/logo-rmr-blue.svg","contentUrl":"https:\/\/www.rmcr.org\/wp-content\/uploads\/2022\/07\/logo-rmr-blue.svg","width":131,"height":129,"caption":"Real Maestranza de Caballer\u00eda de Ronda"},"image":{"@id":"https:\/\/www.rmcr.org\/en\/#\/schema\/logo\/image\/"},"sameAs":["https:\/\/www.facebook.com\/plazadetorosronda","https:\/\/x.com\/PlazatorosRMR","https:\/\/www.instagram.com\/realmaestranzaderonda\/","https:\/\/www.youtube.com\/channel\/UCrbO5IUN-8v_QML739vM4zg\/videos"]},{"@type":"Person","@id":"https:\/\/www.rmcr.org\/en\/#\/schema\/person\/7ddd0dafda7edd0e407157f93a56df4f","name":"RMCR","image":{"@type":"ImageObject","inLanguage":"en-US","@id":"https:\/\/secure.gravatar.com\/avatar\/adb75798b50800c24baa6a8706037b9469998c49eddeb95935f50f633cff80bb?s=96&d=mm&r=g","url":"https:\/\/secure.gravatar.com\/avatar\/adb75798b50800c24baa6a8706037b9469998c49eddeb95935f50f633cff80bb?s=96&d=mm&r=g","contentUrl":"https:\/\/secure.gravatar.com\/avatar\/adb75798b50800c24baa6a8706037b9469998c49eddeb95935f50f633cff80bb?s=96&d=mm&r=g","caption":"RMCR"},"url":"https:\/\/www.rmcr.org\/en\/author\/bitniks77\/"}]}},"_links":{"self":[{"href":"https:\/\/www.rmcr.org\/en\/wp-json\/wp\/v2\/posts\/7184","targetHints":{"allow":["GET"]}}],"collection":[{"href":"https:\/\/www.rmcr.org\/en\/wp-json\/wp\/v2\/posts"}],"about":[{"href":"https:\/\/www.rmcr.org\/en\/wp-json\/wp\/v2\/types\/post"}],"author":[{"embeddable":true,"href":"https:\/\/www.rmcr.org\/en\/wp-json\/wp\/v2\/users\/7"}],"replies":[{"embeddable":true,"href":"https:\/\/www.rmcr.org\/en\/wp-json\/wp\/v2\/comments?post=7184"}],"version-history":[{"count":0,"href":"https:\/\/www.rmcr.org\/en\/wp-json\/wp\/v2\/posts\/7184\/revisions"}],"wp:featuredmedia":[{"embeddable":true,"href":"https:\/\/www.rmcr.org\/en\/wp-json\/wp\/v2\/media\/7402"}],"wp:attachment":[{"href":"https:\/\/www.rmcr.org\/en\/wp-json\/wp\/v2\/media?parent=7184"}],"wp:term":[{"taxonomy":"category","embeddable":true,"href":"https:\/\/www.rmcr.org\/en\/wp-json\/wp\/v2\/categories?post=7184"},{"taxonomy":"post_tag","embeddable":true,"href":"https:\/\/www.rmcr.org\/en\/wp-json\/wp\/v2\/tags?post=7184"}],"curies":[{"name":"wp","href":"https:\/\/api.w.org\/{rel}","templated":true}]}}