{"id":7183,"date":"2020-12-17T12:05:26","date_gmt":"2020-12-17T12:05:26","guid":{"rendered":"https:\/\/www.rmcr.org\/?p=7183"},"modified":"2020-12-17T12:05:26","modified_gmt":"2020-12-17T12:05:26","slug":"sala-de-historia-de-la-real-maestranza-de-caballeria-de-ronda-retrato-del-infante-d-gabriel-de-borbon-i-el-pintor","status":"publish","type":"post","link":"https:\/\/www.rmcr.org\/en\/2020\/12\/17\/sala-de-historia-de-la-real-maestranza-de-caballeria-de-ronda-retrato-del-infante-d-gabriel-de-borbon-i-el-pintor\/","title":{"rendered":"Sala de Historia de la Real Maestranza de Caballer\u00eda de Ronda. Retrato del Infante D. Gabriel de Borb\u00f3n (I). El pintor"},"content":{"rendered":"\n<p>En la galer\u00eda de pinturas<strong> <\/strong>de la sala dedicada a la Real Maestranza cuelga un retrato del Infante Don Gabriel de Borb\u00f3n y Sajonia, tercer hijo de Carlos III y primer miembro de la Familia Real espa\u00f1ola que figura como Hermano Mayor de esta corporaci\u00f3n. La obra es de Joaqu\u00edn Inza, nacido en la\u00a0 villa soriana de \u00c1greda en 1736. Pintor vinculado a c\u00edrculos de la corte, se especializ\u00f3 en retratos de la nobleza.<\/p>\n\n\n\n<div class=\"wp-block-image\"><figure class=\"aligncenter size-large is-resized\"><a href=\"https:\/\/www.academiacolecciones.com\/pinturas\/inventario.php?id=1474\"><img fetchpriority=\"high\" decoding=\"async\" src=\"https:\/\/www.rmcr.org\/wp-content\/uploads\/2020\/12\/autorretrato_de_joaquicc81n_inza_real_academia_de_bellas_artes_de_san_fernando.jpg?w=705\" alt=\"\" class=\"wp-image-1357\" width=\"265\" height=\"360\" \/><\/a><\/figure><\/div>\n\n\n\n<p class=\"has-text-align-center\"><em>Autorretrato. 1780. Joaqu\u00edn Inza. Real Academia de San Fernando, Madrid.<\/em><\/p>\n\n\n\n<p>Instalada su familia en Zaragoza, ciment\u00f3 su formaci\u00f3n en el taller de su padre, pintor de modesta carrera, antes de ingresar en la Academia de Bellas Artes de San Fernando de Madrid. A los 22 a\u00f1os inici\u00f3 la representaci\u00f3n de personajes importantes, con un retrato del marqu\u00e9s de T\u00e1vara. Coincidiendo con la llegada de Anton Raphael Mengs en 1761, nombrado Primer Pintor del Rey, Inza tuvo acceso a la familia real, a la que retrat\u00f3 en varias ocasiones aunque no tuviera cargo oficial, incluyendo tres retratos de Carlos III, uno p\u00f3stumo de la reina Mar\u00eda Amalia de Sajonia y otro de un joven Carlos IV, Pr\u00edncipe de Asturias.<\/p>\n\n\n\n<p>De esas fechas es el retrato del Infante Don Gabriel de la sala de la Real Maestranza. Al igual que el de Carlos IV, presenta al hijo predilecto de Carlos III de cuerpo entero, de pie con un papel manuscrito en la mano izquierda y en la derecha bast\u00f3n con empu\u00f1adura dorada, s\u00edmbolo de autoridad, cuidando con esmero los detalles del rico traje cortesano a la francesa, casaca y chupa de largos faldones cruzada por banda de seda, calzones hasta la rodilla que se un\u00edan a las medias como era habitual en la \u00e9poca, zapatos con hebilla plateada y las condecoraciones, incluida la insignia de la Orden del Tois\u00f3n de Oro que hab\u00eda recibido a los diez a\u00f1os, concedida por Fernando VI al poco de nacer. Los elementos decorativos est\u00e1n destinados a representar el ambiente palaciego, como la consola rococ\u00f3 con tapa de m\u00e1rmol rosa, en un lienzo de buenas dimensiones. Contaba Don Gabriel unos doce a\u00f1os.<\/p>\n\n\n\n<div class=\"wp-block-image\"><figure class=\"aligncenter size-large is-resized\"><a href=\"https:\/\/www.rmcr.org\/2020\/12\/rmr_infante-1.png\"><img decoding=\"async\" src=\"https:\/\/www.rmcr.org\/wp-content\/uploads\/2020\/12\/rmr_infante-1.png?w=484\" alt=\"\" class=\"wp-image-1362\" width=\"345\" height=\"571\" \/><\/a><\/figure><\/div>\n\n\n\n<p class=\"has-text-align-center\"><em>Retrato del Infante Don Gabriel de Borb\u00f3n (siglo XVIII). Colecci\u00f3n de la Real Maestranza de Caballer\u00eda de Ronda<\/em><\/p>\n\n\n\n<p>Poco despu\u00e9s hizo una incursi\u00f3n en otra t\u00e9cnica, un trabajo al fresco para el techo de la sacrist\u00eda de la Santa Capilla del templo del Pilar de Zaragoza, <em>Santiago en Clavijo<\/em>, adem\u00e1s de tres lienzos para el mismo espacio, antes de retornar a su principal fuente de ingresos, la aristocracia de la capital entre la que ten\u00eda ganado un prestigio considerable. A lo largo de una d\u00e9cada estuvo muy solicitado. Fue profesor de dibujo de Cayetana Silva, y dibuj\u00f3 en varias ocasiones a la futura duquesa de Alba. Entre sus modelos se cuenta el marqu\u00e9s de Perales, mayordomo de Su Majestad, la condesa-duquesa de Benavente, el conde Fern\u00e1n Nu\u00f1ez o el conde de Aranda. Controvertido fue el encargo de varios retratos para la duquesa de Arcos, que tuvo reparos en pagarle porque la protagonista no se encontraba parecida a la figura representada en uno de los lienzos. De sus obras destaca el espl\u00e9ndido retrato del ilustrado Tom\u00e1s de Iriarte realizado en 1785, que se exhibe en el Museo del Prado.<\/p>\n\n\n\n<p>Con la irrupci\u00f3n de la gigantesca figura de Goya comenz\u00f3 a declinar su producci\u00f3n, aunque lleg\u00f3 a pintar a Manuel Godoy vestido de militar en 1807. Falleci\u00f3 en Madrid cuatro a\u00f1os m\u00e1s tarde, soltero, dejando una considerable fortuna, resultado de su intensa actividad entre la clientela m\u00e1s distinguida y pudiente de su tiempo.<\/p>\n\n\n\n<p><\/p>\n\n\n\n<p><strong>Bibliograf\u00eda<\/strong><\/p>\n\n\n\n<p>J. L. Morales y Mar\u00edn. <em>Pintura en Espa\u00f1a, 1750- 1808, <\/em>Madrid, C\u00e1tedra, 1994.<\/p>\n\n\n\n<p>Morales y Mar\u00edn y J. M. Arn\u00e1iz, <em>Los pintores de la Ilustraci\u00f3n, <\/em>cat\u00e1logo de exposici\u00f3n, Madrid, Centro Cultural Conde Duque, 1988.<\/p>\n","protected":false},"excerpt":{"rendered":"<p>En la galer\u00eda de pinturas de la sala dedicada a la Real Maestranza cuelga un retrato del Infante Don Gabriel de Borb\u00f3n y Sajonia, tercer hijo de Carlos III y primer miembro de la Familia Real espa\u00f1ola que figura como Hermano Mayor de esta corporaci\u00f3n. La obra es de Joaqu\u00edn Inza, nacido en la  villa soriana de \u00c1greda en 1736. Pintor vinculado a c\u00edrculos de la corte, se especializ\u00f3 en retratos de la nobleza.<\/p>\n","protected":false},"author":7,"featured_media":7401,"comment_status":"open","ping_status":"open","sticky":false,"template":"","format":"standard","meta":{"footnotes":""},"categories":[272,284,301],"tags":[426,320,379,427,428,429,430,98,382,114,348],"class_list":["post-7183","post","type-post","status-publish","format-standard","has-post-thumbnail","hentry","category-colecciones-museisticas","category-historia","category-real-maestranza","tag-borbon","tag-coleccion-museistica","tag-galeria-de-retratos","tag-infante","tag-infante-don-gabriel-de-borbon","tag-joaquin-de-inza","tag-pintor","tag-real-maestranza-de-caballeria-de-ronda","tag-retrato","tag-ronda","tag-sala-historia-de-la-real-maestranza-de-caballeria-de-ronda"],"yoast_head":"<!-- This site is optimized with the Yoast SEO plugin v27.5 - https:\/\/yoast.com\/product\/yoast-seo-wordpress\/ -->\n<title>Sala de Historia de la Real Maestranza de Caballer\u00eda de Ronda. Retrato del Infante D. Gabriel de Borb\u00f3n (I). El pintor - Real Maestranza de Caballer\u00eda de Ronda<\/title>\n<meta name=\"robots\" content=\"index, follow, max-snippet:-1, max-image-preview:large, max-video-preview:-1\" \/>\n<link rel=\"canonical\" href=\"https:\/\/www.rmcr.org\/en\/2020\/12\/17\/sala-de-historia-de-la-real-maestranza-de-caballeria-de-ronda-retrato-del-infante-d-gabriel-de-borbon-i-el-pintor\/\" \/>\n<meta property=\"og:locale\" content=\"en_US\" \/>\n<meta property=\"og:type\" content=\"article\" \/>\n<meta property=\"og:title\" content=\"Sala de Historia de la Real Maestranza de Caballer\u00eda de Ronda. Retrato del Infante D. Gabriel de Borb\u00f3n (I). El pintor - Real Maestranza de Caballer\u00eda de Ronda\" \/>\n<meta property=\"og:description\" content=\"En la galer\u00eda de pinturas de la sala dedicada a la Real Maestranza cuelga un retrato del Infante Don Gabriel de Borb\u00f3n y Sajonia, tercer hijo de Carlos III y primer miembro de la Familia Real espa\u00f1ola que figura como Hermano Mayor de esta corporaci\u00f3n. La obra es de Joaqu\u00edn Inza, nacido en la villa soriana de \u00c1greda en 1736. Pintor vinculado a c\u00edrculos de la corte, se especializ\u00f3 en retratos de la nobleza.\" \/>\n<meta property=\"og:url\" content=\"https:\/\/www.rmcr.org\/en\/2020\/12\/17\/sala-de-historia-de-la-real-maestranza-de-caballeria-de-ronda-retrato-del-infante-d-gabriel-de-borbon-i-el-pintor\/\" \/>\n<meta property=\"og:site_name\" content=\"Real Maestranza de Caballer\u00eda de Ronda\" \/>\n<meta property=\"article:publisher\" content=\"https:\/\/www.facebook.com\/plazadetorosronda\" \/>\n<meta property=\"article:published_time\" content=\"2020-12-17T12:05:26+00:00\" \/>\n<meta property=\"og:image\" content=\"https:\/\/www.rmcr.org\/wp-content\/uploads\/2020\/12\/afel.png\" \/>\n\t<meta property=\"og:image:width\" content=\"482\" \/>\n\t<meta property=\"og:image:height\" content=\"144\" \/>\n\t<meta property=\"og:image:type\" content=\"image\/png\" \/>\n<meta name=\"author\" content=\"RMCR\" \/>\n<meta name=\"twitter:card\" content=\"summary_large_image\" \/>\n<meta name=\"twitter:creator\" content=\"@PlazatorosRMR\" \/>\n<meta name=\"twitter:site\" content=\"@PlazatorosRMR\" \/>\n<meta name=\"twitter:label1\" content=\"Written by\" \/>\n\t<meta name=\"twitter:data1\" content=\"RMCR\" \/>\n\t<meta name=\"twitter:label2\" content=\"Est. reading time\" \/>\n\t<meta name=\"twitter:data2\" content=\"3 minutes\" \/>\n<script type=\"application\/ld+json\" class=\"yoast-schema-graph\">{\"@context\":\"https:\\\/\\\/schema.org\",\"@graph\":[{\"@type\":\"Article\",\"@id\":\"https:\\\/\\\/www.rmcr.org\\\/en\\\/2020\\\/12\\\/17\\\/sala-de-historia-de-la-real-maestranza-de-caballeria-de-ronda-retrato-del-infante-d-gabriel-de-borbon-i-el-pintor\\\/#article\",\"isPartOf\":{\"@id\":\"https:\\\/\\\/www.rmcr.org\\\/en\\\/2020\\\/12\\\/17\\\/sala-de-historia-de-la-real-maestranza-de-caballeria-de-ronda-retrato-del-infante-d-gabriel-de-borbon-i-el-pintor\\\/\"},\"author\":{\"name\":\"RMCR\",\"@id\":\"https:\\\/\\\/www.rmcr.org\\\/en\\\/#\\\/schema\\\/person\\\/7ddd0dafda7edd0e407157f93a56df4f\"},\"headline\":\"Sala de Historia de la Real Maestranza de Caballer\u00eda de Ronda. Retrato del Infante D. Gabriel de Borb\u00f3n (I). El pintor\",\"datePublished\":\"2020-12-17T12:05:26+00:00\",\"mainEntityOfPage\":{\"@id\":\"https:\\\/\\\/www.rmcr.org\\\/en\\\/2020\\\/12\\\/17\\\/sala-de-historia-de-la-real-maestranza-de-caballeria-de-ronda-retrato-del-infante-d-gabriel-de-borbon-i-el-pintor\\\/\"},\"wordCount\":693,\"commentCount\":0,\"publisher\":{\"@id\":\"https:\\\/\\\/www.rmcr.org\\\/en\\\/#organization\"},\"image\":{\"@id\":\"https:\\\/\\\/www.rmcr.org\\\/en\\\/2020\\\/12\\\/17\\\/sala-de-historia-de-la-real-maestranza-de-caballeria-de-ronda-retrato-del-infante-d-gabriel-de-borbon-i-el-pintor\\\/#primaryimage\"},\"thumbnailUrl\":\"https:\\\/\\\/www.rmcr.org\\\/wp-content\\\/uploads\\\/2020\\\/12\\\/afel.png\",\"keywords\":[\"Borb\u00f3n\",\"Colecci\u00f3n Muse\u00edstica\",\"Galer\u00eda de retratos\",\"Infante\",\"Infante Don Gabriel de Borb\u00f3n\",\"Joaqu\u00edn de Inza\",\"Pintor\",\"Real Maestranza de Caballer\u00eda de Ronda\",\"Retrato\",\"Ronda\",\"Sala Historia de la Real Maestranza de Caballer\u00eda de Ronda\"],\"articleSection\":[\"Colecciones muse\u00edsticas\",\"Historia\",\"Real Maestranza\"],\"inLanguage\":\"en-US\",\"potentialAction\":[{\"@type\":\"CommentAction\",\"name\":\"Comment\",\"target\":[\"https:\\\/\\\/www.rmcr.org\\\/en\\\/2020\\\/12\\\/17\\\/sala-de-historia-de-la-real-maestranza-de-caballeria-de-ronda-retrato-del-infante-d-gabriel-de-borbon-i-el-pintor\\\/#respond\"]}]},{\"@type\":\"WebPage\",\"@id\":\"https:\\\/\\\/www.rmcr.org\\\/en\\\/2020\\\/12\\\/17\\\/sala-de-historia-de-la-real-maestranza-de-caballeria-de-ronda-retrato-del-infante-d-gabriel-de-borbon-i-el-pintor\\\/\",\"url\":\"https:\\\/\\\/www.rmcr.org\\\/en\\\/2020\\\/12\\\/17\\\/sala-de-historia-de-la-real-maestranza-de-caballeria-de-ronda-retrato-del-infante-d-gabriel-de-borbon-i-el-pintor\\\/\",\"name\":\"Sala de Historia de la Real Maestranza de Caballer\u00eda de Ronda. Retrato del Infante D. Gabriel de Borb\u00f3n (I). El pintor - Real Maestranza de Caballer\u00eda de Ronda\",\"isPartOf\":{\"@id\":\"https:\\\/\\\/www.rmcr.org\\\/en\\\/#website\"},\"primaryImageOfPage\":{\"@id\":\"https:\\\/\\\/www.rmcr.org\\\/en\\\/2020\\\/12\\\/17\\\/sala-de-historia-de-la-real-maestranza-de-caballeria-de-ronda-retrato-del-infante-d-gabriel-de-borbon-i-el-pintor\\\/#primaryimage\"},\"image\":{\"@id\":\"https:\\\/\\\/www.rmcr.org\\\/en\\\/2020\\\/12\\\/17\\\/sala-de-historia-de-la-real-maestranza-de-caballeria-de-ronda-retrato-del-infante-d-gabriel-de-borbon-i-el-pintor\\\/#primaryimage\"},\"thumbnailUrl\":\"https:\\\/\\\/www.rmcr.org\\\/wp-content\\\/uploads\\\/2020\\\/12\\\/afel.png\",\"datePublished\":\"2020-12-17T12:05:26+00:00\",\"breadcrumb\":{\"@id\":\"https:\\\/\\\/www.rmcr.org\\\/en\\\/2020\\\/12\\\/17\\\/sala-de-historia-de-la-real-maestranza-de-caballeria-de-ronda-retrato-del-infante-d-gabriel-de-borbon-i-el-pintor\\\/#breadcrumb\"},\"inLanguage\":\"en-US\",\"potentialAction\":[{\"@type\":\"ReadAction\",\"target\":[\"https:\\\/\\\/www.rmcr.org\\\/en\\\/2020\\\/12\\\/17\\\/sala-de-historia-de-la-real-maestranza-de-caballeria-de-ronda-retrato-del-infante-d-gabriel-de-borbon-i-el-pintor\\\/\"]}]},{\"@type\":\"ImageObject\",\"inLanguage\":\"en-US\",\"@id\":\"https:\\\/\\\/www.rmcr.org\\\/en\\\/2020\\\/12\\\/17\\\/sala-de-historia-de-la-real-maestranza-de-caballeria-de-ronda-retrato-del-infante-d-gabriel-de-borbon-i-el-pintor\\\/#primaryimage\",\"url\":\"https:\\\/\\\/www.rmcr.org\\\/wp-content\\\/uploads\\\/2020\\\/12\\\/afel.png\",\"contentUrl\":\"https:\\\/\\\/www.rmcr.org\\\/wp-content\\\/uploads\\\/2020\\\/12\\\/afel.png\",\"width\":482,\"height\":144},{\"@type\":\"BreadcrumbList\",\"@id\":\"https:\\\/\\\/www.rmcr.org\\\/en\\\/2020\\\/12\\\/17\\\/sala-de-historia-de-la-real-maestranza-de-caballeria-de-ronda-retrato-del-infante-d-gabriel-de-borbon-i-el-pintor\\\/#breadcrumb\",\"itemListElement\":[{\"@type\":\"ListItem\",\"position\":1,\"name\":\"REAL MAESTRANZA DE CABALLER\u00cdA DE RONDA\",\"item\":\"https:\\\/\\\/www.rmcr.org\\\/en\\\/\"},{\"@type\":\"ListItem\",\"position\":2,\"name\":\"Sala de Historia de la Real Maestranza de Caballer\u00eda de Ronda. Retrato del Infante D. Gabriel de Borb\u00f3n (I). El pintor\"}]},{\"@type\":\"WebSite\",\"@id\":\"https:\\\/\\\/www.rmcr.org\\\/en\\\/#website\",\"url\":\"https:\\\/\\\/www.rmcr.org\\\/en\\\/\",\"name\":\"Real Maestranza de Caballer\u00eda de Ronda\",\"description\":\"Real Maestranza de Caballer\u00eda de Ronda\",\"publisher\":{\"@id\":\"https:\\\/\\\/www.rmcr.org\\\/en\\\/#organization\"},\"alternateName\":\"RMCR\",\"potentialAction\":[{\"@type\":\"SearchAction\",\"target\":{\"@type\":\"EntryPoint\",\"urlTemplate\":\"https:\\\/\\\/www.rmcr.org\\\/en\\\/?s={search_term_string}\"},\"query-input\":{\"@type\":\"PropertyValueSpecification\",\"valueRequired\":true,\"valueName\":\"search_term_string\"}}],\"inLanguage\":\"en-US\"},{\"@type\":\"Organization\",\"@id\":\"https:\\\/\\\/www.rmcr.org\\\/en\\\/#organization\",\"name\":\"Real Maestranza de Caballer\u00eda de Ronda\",\"alternateName\":\"RMR\",\"url\":\"https:\\\/\\\/www.rmcr.org\\\/en\\\/\",\"logo\":{\"@type\":\"ImageObject\",\"inLanguage\":\"en-US\",\"@id\":\"https:\\\/\\\/www.rmcr.org\\\/en\\\/#\\\/schema\\\/logo\\\/image\\\/\",\"url\":\"https:\\\/\\\/www.rmcr.org\\\/wp-content\\\/uploads\\\/2022\\\/07\\\/logo-rmr-blue.svg\",\"contentUrl\":\"https:\\\/\\\/www.rmcr.org\\\/wp-content\\\/uploads\\\/2022\\\/07\\\/logo-rmr-blue.svg\",\"width\":131,\"height\":129,\"caption\":\"Real Maestranza de Caballer\u00eda de Ronda\"},\"image\":{\"@id\":\"https:\\\/\\\/www.rmcr.org\\\/en\\\/#\\\/schema\\\/logo\\\/image\\\/\"},\"sameAs\":[\"https:\\\/\\\/www.facebook.com\\\/plazadetorosronda\",\"https:\\\/\\\/x.com\\\/PlazatorosRMR\",\"https:\\\/\\\/www.instagram.com\\\/realmaestranzaderonda\\\/\",\"https:\\\/\\\/www.youtube.com\\\/channel\\\/UCrbO5IUN-8v_QML739vM4zg\\\/videos\"]},{\"@type\":\"Person\",\"@id\":\"https:\\\/\\\/www.rmcr.org\\\/en\\\/#\\\/schema\\\/person\\\/7ddd0dafda7edd0e407157f93a56df4f\",\"name\":\"RMCR\",\"image\":{\"@type\":\"ImageObject\",\"inLanguage\":\"en-US\",\"@id\":\"https:\\\/\\\/secure.gravatar.com\\\/avatar\\\/adb75798b50800c24baa6a8706037b9469998c49eddeb95935f50f633cff80bb?s=96&d=mm&r=g\",\"url\":\"https:\\\/\\\/secure.gravatar.com\\\/avatar\\\/adb75798b50800c24baa6a8706037b9469998c49eddeb95935f50f633cff80bb?s=96&d=mm&r=g\",\"contentUrl\":\"https:\\\/\\\/secure.gravatar.com\\\/avatar\\\/adb75798b50800c24baa6a8706037b9469998c49eddeb95935f50f633cff80bb?s=96&d=mm&r=g\",\"caption\":\"RMCR\"},\"url\":\"https:\\\/\\\/www.rmcr.org\\\/en\\\/author\\\/bitniks77\\\/\"}]}<\/script>\n<!-- \/ Yoast SEO plugin. -->","yoast_head_json":{"title":"Sala de Historia de la Real Maestranza de Caballer\u00eda de Ronda. Retrato del Infante D. Gabriel de Borb\u00f3n (I). El pintor - Real Maestranza de Caballer\u00eda de Ronda","robots":{"index":"index","follow":"follow","max-snippet":"max-snippet:-1","max-image-preview":"max-image-preview:large","max-video-preview":"max-video-preview:-1"},"canonical":"https:\/\/www.rmcr.org\/en\/2020\/12\/17\/sala-de-historia-de-la-real-maestranza-de-caballeria-de-ronda-retrato-del-infante-d-gabriel-de-borbon-i-el-pintor\/","og_locale":"en_US","og_type":"article","og_title":"Sala de Historia de la Real Maestranza de Caballer\u00eda de Ronda. Retrato del Infante D. Gabriel de Borb\u00f3n (I). El pintor - Real Maestranza de Caballer\u00eda de Ronda","og_description":"En la galer\u00eda de pinturas de la sala dedicada a la Real Maestranza cuelga un retrato del Infante Don Gabriel de Borb\u00f3n y Sajonia, tercer hijo de Carlos III y primer miembro de la Familia Real espa\u00f1ola que figura como Hermano Mayor de esta corporaci\u00f3n. La obra es de Joaqu\u00edn Inza, nacido en la villa soriana de \u00c1greda en 1736. Pintor vinculado a c\u00edrculos de la corte, se especializ\u00f3 en retratos de la nobleza.","og_url":"https:\/\/www.rmcr.org\/en\/2020\/12\/17\/sala-de-historia-de-la-real-maestranza-de-caballeria-de-ronda-retrato-del-infante-d-gabriel-de-borbon-i-el-pintor\/","og_site_name":"Real Maestranza de Caballer\u00eda de Ronda","article_publisher":"https:\/\/www.facebook.com\/plazadetorosronda","article_published_time":"2020-12-17T12:05:26+00:00","og_image":[{"width":482,"height":144,"url":"https:\/\/www.rmcr.org\/wp-content\/uploads\/2020\/12\/afel.png","type":"image\/png"}],"author":"RMCR","twitter_card":"summary_large_image","twitter_creator":"@PlazatorosRMR","twitter_site":"@PlazatorosRMR","twitter_misc":{"Written by":"RMCR","Est. reading time":"3 minutes"},"schema":{"@context":"https:\/\/schema.org","@graph":[{"@type":"Article","@id":"https:\/\/www.rmcr.org\/en\/2020\/12\/17\/sala-de-historia-de-la-real-maestranza-de-caballeria-de-ronda-retrato-del-infante-d-gabriel-de-borbon-i-el-pintor\/#article","isPartOf":{"@id":"https:\/\/www.rmcr.org\/en\/2020\/12\/17\/sala-de-historia-de-la-real-maestranza-de-caballeria-de-ronda-retrato-del-infante-d-gabriel-de-borbon-i-el-pintor\/"},"author":{"name":"RMCR","@id":"https:\/\/www.rmcr.org\/en\/#\/schema\/person\/7ddd0dafda7edd0e407157f93a56df4f"},"headline":"Sala de Historia de la Real Maestranza de Caballer\u00eda de Ronda. Retrato del Infante D. Gabriel de Borb\u00f3n (I). El pintor","datePublished":"2020-12-17T12:05:26+00:00","mainEntityOfPage":{"@id":"https:\/\/www.rmcr.org\/en\/2020\/12\/17\/sala-de-historia-de-la-real-maestranza-de-caballeria-de-ronda-retrato-del-infante-d-gabriel-de-borbon-i-el-pintor\/"},"wordCount":693,"commentCount":0,"publisher":{"@id":"https:\/\/www.rmcr.org\/en\/#organization"},"image":{"@id":"https:\/\/www.rmcr.org\/en\/2020\/12\/17\/sala-de-historia-de-la-real-maestranza-de-caballeria-de-ronda-retrato-del-infante-d-gabriel-de-borbon-i-el-pintor\/#primaryimage"},"thumbnailUrl":"https:\/\/www.rmcr.org\/wp-content\/uploads\/2020\/12\/afel.png","keywords":["Borb\u00f3n","Colecci\u00f3n Muse\u00edstica","Galer\u00eda de retratos","Infante","Infante Don Gabriel de Borb\u00f3n","Joaqu\u00edn de Inza","Pintor","Real Maestranza de Caballer\u00eda de Ronda","Retrato","Ronda","Sala Historia de la Real Maestranza de Caballer\u00eda de Ronda"],"articleSection":["Colecciones muse\u00edsticas","Historia","Real Maestranza"],"inLanguage":"en-US","potentialAction":[{"@type":"CommentAction","name":"Comment","target":["https:\/\/www.rmcr.org\/en\/2020\/12\/17\/sala-de-historia-de-la-real-maestranza-de-caballeria-de-ronda-retrato-del-infante-d-gabriel-de-borbon-i-el-pintor\/#respond"]}]},{"@type":"WebPage","@id":"https:\/\/www.rmcr.org\/en\/2020\/12\/17\/sala-de-historia-de-la-real-maestranza-de-caballeria-de-ronda-retrato-del-infante-d-gabriel-de-borbon-i-el-pintor\/","url":"https:\/\/www.rmcr.org\/en\/2020\/12\/17\/sala-de-historia-de-la-real-maestranza-de-caballeria-de-ronda-retrato-del-infante-d-gabriel-de-borbon-i-el-pintor\/","name":"Sala de Historia de la Real Maestranza de Caballer\u00eda de Ronda. Retrato del Infante D. Gabriel de Borb\u00f3n (I). El pintor - Real Maestranza de Caballer\u00eda de Ronda","isPartOf":{"@id":"https:\/\/www.rmcr.org\/en\/#website"},"primaryImageOfPage":{"@id":"https:\/\/www.rmcr.org\/en\/2020\/12\/17\/sala-de-historia-de-la-real-maestranza-de-caballeria-de-ronda-retrato-del-infante-d-gabriel-de-borbon-i-el-pintor\/#primaryimage"},"image":{"@id":"https:\/\/www.rmcr.org\/en\/2020\/12\/17\/sala-de-historia-de-la-real-maestranza-de-caballeria-de-ronda-retrato-del-infante-d-gabriel-de-borbon-i-el-pintor\/#primaryimage"},"thumbnailUrl":"https:\/\/www.rmcr.org\/wp-content\/uploads\/2020\/12\/afel.png","datePublished":"2020-12-17T12:05:26+00:00","breadcrumb":{"@id":"https:\/\/www.rmcr.org\/en\/2020\/12\/17\/sala-de-historia-de-la-real-maestranza-de-caballeria-de-ronda-retrato-del-infante-d-gabriel-de-borbon-i-el-pintor\/#breadcrumb"},"inLanguage":"en-US","potentialAction":[{"@type":"ReadAction","target":["https:\/\/www.rmcr.org\/en\/2020\/12\/17\/sala-de-historia-de-la-real-maestranza-de-caballeria-de-ronda-retrato-del-infante-d-gabriel-de-borbon-i-el-pintor\/"]}]},{"@type":"ImageObject","inLanguage":"en-US","@id":"https:\/\/www.rmcr.org\/en\/2020\/12\/17\/sala-de-historia-de-la-real-maestranza-de-caballeria-de-ronda-retrato-del-infante-d-gabriel-de-borbon-i-el-pintor\/#primaryimage","url":"https:\/\/www.rmcr.org\/wp-content\/uploads\/2020\/12\/afel.png","contentUrl":"https:\/\/www.rmcr.org\/wp-content\/uploads\/2020\/12\/afel.png","width":482,"height":144},{"@type":"BreadcrumbList","@id":"https:\/\/www.rmcr.org\/en\/2020\/12\/17\/sala-de-historia-de-la-real-maestranza-de-caballeria-de-ronda-retrato-del-infante-d-gabriel-de-borbon-i-el-pintor\/#breadcrumb","itemListElement":[{"@type":"ListItem","position":1,"name":"REAL MAESTRANZA DE CABALLER\u00cdA DE RONDA","item":"https:\/\/www.rmcr.org\/en\/"},{"@type":"ListItem","position":2,"name":"Sala de Historia de la Real Maestranza de Caballer\u00eda de Ronda. Retrato del Infante D. Gabriel de Borb\u00f3n (I). El pintor"}]},{"@type":"WebSite","@id":"https:\/\/www.rmcr.org\/en\/#website","url":"https:\/\/www.rmcr.org\/en\/","name":"Real Maestranza de Caballer\u00eda de Ronda","description":"Real Maestranza de Caballer\u00eda de Ronda","publisher":{"@id":"https:\/\/www.rmcr.org\/en\/#organization"},"alternateName":"RMCR","potentialAction":[{"@type":"SearchAction","target":{"@type":"EntryPoint","urlTemplate":"https:\/\/www.rmcr.org\/en\/?s={search_term_string}"},"query-input":{"@type":"PropertyValueSpecification","valueRequired":true,"valueName":"search_term_string"}}],"inLanguage":"en-US"},{"@type":"Organization","@id":"https:\/\/www.rmcr.org\/en\/#organization","name":"Real Maestranza de Caballer\u00eda de Ronda","alternateName":"RMR","url":"https:\/\/www.rmcr.org\/en\/","logo":{"@type":"ImageObject","inLanguage":"en-US","@id":"https:\/\/www.rmcr.org\/en\/#\/schema\/logo\/image\/","url":"https:\/\/www.rmcr.org\/wp-content\/uploads\/2022\/07\/logo-rmr-blue.svg","contentUrl":"https:\/\/www.rmcr.org\/wp-content\/uploads\/2022\/07\/logo-rmr-blue.svg","width":131,"height":129,"caption":"Real Maestranza de Caballer\u00eda de Ronda"},"image":{"@id":"https:\/\/www.rmcr.org\/en\/#\/schema\/logo\/image\/"},"sameAs":["https:\/\/www.facebook.com\/plazadetorosronda","https:\/\/x.com\/PlazatorosRMR","https:\/\/www.instagram.com\/realmaestranzaderonda\/","https:\/\/www.youtube.com\/channel\/UCrbO5IUN-8v_QML739vM4zg\/videos"]},{"@type":"Person","@id":"https:\/\/www.rmcr.org\/en\/#\/schema\/person\/7ddd0dafda7edd0e407157f93a56df4f","name":"RMCR","image":{"@type":"ImageObject","inLanguage":"en-US","@id":"https:\/\/secure.gravatar.com\/avatar\/adb75798b50800c24baa6a8706037b9469998c49eddeb95935f50f633cff80bb?s=96&d=mm&r=g","url":"https:\/\/secure.gravatar.com\/avatar\/adb75798b50800c24baa6a8706037b9469998c49eddeb95935f50f633cff80bb?s=96&d=mm&r=g","contentUrl":"https:\/\/secure.gravatar.com\/avatar\/adb75798b50800c24baa6a8706037b9469998c49eddeb95935f50f633cff80bb?s=96&d=mm&r=g","caption":"RMCR"},"url":"https:\/\/www.rmcr.org\/en\/author\/bitniks77\/"}]}},"_links":{"self":[{"href":"https:\/\/www.rmcr.org\/en\/wp-json\/wp\/v2\/posts\/7183","targetHints":{"allow":["GET"]}}],"collection":[{"href":"https:\/\/www.rmcr.org\/en\/wp-json\/wp\/v2\/posts"}],"about":[{"href":"https:\/\/www.rmcr.org\/en\/wp-json\/wp\/v2\/types\/post"}],"author":[{"embeddable":true,"href":"https:\/\/www.rmcr.org\/en\/wp-json\/wp\/v2\/users\/7"}],"replies":[{"embeddable":true,"href":"https:\/\/www.rmcr.org\/en\/wp-json\/wp\/v2\/comments?post=7183"}],"version-history":[{"count":0,"href":"https:\/\/www.rmcr.org\/en\/wp-json\/wp\/v2\/posts\/7183\/revisions"}],"wp:featuredmedia":[{"embeddable":true,"href":"https:\/\/www.rmcr.org\/en\/wp-json\/wp\/v2\/media\/7401"}],"wp:attachment":[{"href":"https:\/\/www.rmcr.org\/en\/wp-json\/wp\/v2\/media?parent=7183"}],"wp:term":[{"taxonomy":"category","embeddable":true,"href":"https:\/\/www.rmcr.org\/en\/wp-json\/wp\/v2\/categories?post=7183"},{"taxonomy":"post_tag","embeddable":true,"href":"https:\/\/www.rmcr.org\/en\/wp-json\/wp\/v2\/tags?post=7183"}],"curies":[{"name":"wp","href":"https:\/\/api.w.org\/{rel}","templated":true}]}}