{"id":7153,"date":"2020-12-08T11:01:37","date_gmt":"2020-12-08T11:01:37","guid":{"rendered":"https:\/\/www.rmcr.org\/?p=7153"},"modified":"2020-12-08T11:01:37","modified_gmt":"2020-12-08T11:01:37","slug":"toreros-historicos-en-la-plaza-de-toros-de-ronda-xi-francisco-montes-paquiro-el-torero-crucial-iii","status":"publish","type":"post","link":"https:\/\/www.rmcr.org\/en\/2020\/12\/08\/toreros-historicos-en-la-plaza-de-toros-de-ronda-xi-francisco-montes-paquiro-el-torero-crucial-iii\/","title":{"rendered":"Toreros hist\u00f3ricos en la Plaza de Toros de Ronda (XI). Francisco Montes, Paquiro, el torero crucial (III)"},"content":{"rendered":"\n<p>Cuando Alejandro Dumas lo disfruta como espectador en los festejos reales de 1846 en la Plaza Mayor de Madrid, la decadencia f\u00edsica de Paquiro ya hab\u00eda comenzado. Aquella ligereza de la que habla en su Tauromaquia como condici\u00f3n indispensable de un torero, junto al valor y al conocimiento, se iba perdiendo inexorablemente: \u201cno se crea que la ligereza del torero consiste en estar siempre movi\u00e9ndose de ac\u00e1 para all\u00e1 de modo que jam\u00e1s sienta los pies (&#8230;) La ligereza de la que hablo consiste en correr derecho con mucha celeridad, y volverse, pararse o cambiar de direcci\u00f3n con una prontitud grande\u201d.<\/p>\n\n\n\n<p>Los continuos viajes atravesando Espa\u00f1a en las penosas condiciones de la \u00e9poca (las diligencias de viajeros ten\u00edan un promedio de 15 km a la hora por caminos \u201cinveros\u00edmiles\u201d, como los defini\u00f3 Teophile Gautier), los percances y revolcones, algunos de los excesos que eran corrientes a los de su profesi\u00f3n y una inclinaci\u00f3n por el aguardiente, motivada quiz\u00e1s por desavenencias matrimoniales seg\u00fan los rumores que circulaban, acabaron por hacer mella.&nbsp; De ello se hace eco el historiador Vel\u00e1zquez y S\u00e1nchez, que lo trat\u00f3: \u201cBuscaba distracci\u00f3n y hasta embote de sus fatigas en las bebidas alcoh\u00f3licas; prefiriendo el aguardiente que tanto destruye la naturaleza de quien se deja arrastrar por su excitante virtud y t\u00f3nicos efectos\u201d. Esta circunstancia se ha querido ver en el cuadro de Angel Mar\u00eda Cortellini que se conserva en el Museo Carmen Thyssen de M\u00e1laga, titulado \u201cLa despedida del torero\u201d, en el que Paquiro parece rechazar un vaso que le ofrece una maja antes de una corrida.<\/p>\n\n\n\n<div class=\"wp-block-image\"><figure class=\"aligncenter size-large is-resized\"><a href=\"https:\/\/coleccioncarmenthyssen.es\/en\/work\/francisco-montes-paquiro-antes-de-una-corrida-la-despedida-del-torero-1847\/\"><img fetchpriority=\"high\" decoding=\"async\" src=\"https:\/\/www.rmcr.org\/wp-content\/uploads\/2020\/12\/cortellini.jpg?w=803\" alt=\"\" class=\"wp-image-1344\" width=\"342\" height=\"437\" \/><\/a><\/figure><\/div>\n\n\n\n<p class=\"has-text-align-center\"><em>Francisco Montes \u201cPaquiro\u201d, antes de una corrida. La despedida del torero (1847), de \u00c1ngel Mar\u00eda Cortellini. Col. Carmen Thyssen Bornemisza<\/em><\/p>\n\n\n\n<p>A\u00f1\u00e1dase a esto su p\u00e9rdida de visi\u00f3n, por la que se ver\u00eda obligado a llevar lentes. Se cuenta que ese mismo a\u00f1o de 1846, en una reuni\u00f3n previa a una corrida en Sevilla, el conde de la Nava le felicit\u00f3 por su actuaci\u00f3n de Madrid. Montes reconoci\u00f3 su estado:<\/p>\n\n\n\n<p>&#8211; Ya no estoy para esa briega, se\u00f1or conde, y es muy triste para los hombres acostumbrados a cumplir que no alcancen las fuerzas adonde se extiende la voluntad.<\/p>\n\n\n\n<p>Ya rechazaba numerosos contratos, reduciendo sus apariciones a&nbsp; Andaluc\u00eda y algunas plazas del norte. En septiembre de 1848, convocado por los duques de Montpensier para torear en Sevilla junto a C\u00fachares y Redondo, se reuni\u00f3 en la fonda del Rezo con el indomable Juan Le\u00f3n, retirado (aunque tendr\u00eda que volver dos a\u00f1os despu\u00e9s por penuria econ\u00f3mica), y al que siempre guard\u00f3 un especial respeto.<\/p>\n\n\n\n<p>&#8211; Compadre, usted me ha dado el ejemplo y no tardar\u00e9 en seguirlo &#8211; le confes\u00f3 a Le\u00f3n -. Ah\u00ed queda nuestro terreno sembrado, y que los ni\u00f1os recojan la cosecha, si pueden y saben.<\/p>\n\n\n\n<p>Su carrera de \u201ctriunfos y ovaciones sin l\u00edmite\u201d llegaba a su ocaso, era de dominio p\u00fablico que sus condiciones no eran las de anta\u00f1o. El cartel de esa corrida lo advert\u00eda: \u201c El c\u00e9lebre Francisco Montes, de Chiclana, que sin embargo del mal estado de su vista, y de estar casi in\u00fatil de la mano derecha, se ha prestado gustoso a hacer lo que pueda, en obsequio del objeto a que se dedica la funci\u00f3n\u201d.<\/p>\n\n\n\n<p>En 1849 rechaz\u00f3 todos los contratos que le ofrecieron. Refugiado en Chiclana quiso dedicarse a otro negocio y compr\u00f3 una bodega, compromiso que le oblig\u00f3, en busca de capitalizaci\u00f3n, a retornar a los ruedos. Acept\u00f3 en 1850 ofertas de Madrid, Sevilla y La Coru\u00f1a, adonde lleg\u00f3 por v\u00eda mar\u00edtima para complacer a Isabel II, plazas en las que volvi\u00f3 a \u201ccoronarse de laureles\u201d a pesar de su menoscabo f\u00edsico. De regreso a Madrid para otra funci\u00f3n, la evidencia de su estado llev\u00f3 a un cronista de la \u00e9poca a recomendar que no se viera obligado a matar ning\u00fan toro si no le complac\u00eda, ya que su sola presencia como director de lidia era suficiente para el p\u00fablico.<\/p>\n\n\n\n<p>El escritor Wenceslao Ayguals de Izco, testigo de sus haza\u00f1as, resaltaba que \u201cla necesidad de mantener a todo trance su colosal reputaci\u00f3n\u201d despu\u00e9s de tantos a\u00f1os de batallas en los ruedos le imped\u00eda una fuga desordenada para salir de un aprieto. \u201cPor esto se le ve siempre imp\u00e1vido sin huir jam\u00e1s, sin tomar nunca el olivo. He aqu\u00ed porque creemos que en todas las corridas est\u00e1 Montes en inminente peligro\u201d.<\/p>\n\n\n\n<p>La inestabilidad pol\u00edtica era moneda corriente en la \u201cCorte de los milagros\u201d, se hab\u00eda sofocado el levantamiento carlista en Catalu\u00f1a y discurr\u00eda la d\u00e9cada moderada bajo el gobierno del general Narv\u00e1ez, cuando el 21 de julio de 1850 en Madrid tuvo lugar el incidente que precipitar\u00eda un prolongado y fatal desenlace. Se dispone de la cr\u00f3nica de la revista <em>El Clar\u00edn<\/em> que relata con precisi\u00f3n lo acontecido. A la lorquiana hora de las cinco de la tarde sali\u00f3 de chiqueros el primer toro de la corrida. <em>Rumb\u00f3n<\/em>, retinto, de siete a\u00f1os, de la ganader\u00eda de Don Manuel de la Torre y Rauri. Su estampa promet\u00eda mejor juego del que di\u00f3, rehuyendo los encuentros con los caballos, y despu\u00e9s de tomar s\u00f3lo dos varas el presidente orden\u00f3 que lo adornaran con tres pares de banderillas de fuego.<\/p>\n\n\n\n<p>Se\u00f1ala el cronista que Montes fue hacia la fiera con su habitual arrogancia, aunque con paso lento.<\/p>\n\n\n\n<p>El toro hab\u00eda desarrollado sentido, y se defend\u00eda aquerenciado en tablas, \u201chaciendo m\u00e1s por el bulto que por los capotes\u201d. Despu\u00e9s de un pase al natural, y otro de pecho, defensivo, \u201cqued\u00e1ndose bien corto y parado para el segundo al natural, que al d\u00e1rselo lo enganch\u00f3 el animal por la parte superior de la pantorrilla izquierda junto al atadero de la liga\u201d. El toro lo arrastr\u00f3 varios metros dej\u00e1ndolo muy maltrecho, por lo que tuvo que retirarse para que su paisano Jos\u00e9 Redondo se hiciera cargo. La \u00fanica representaci\u00f3n de la escena que se conoce la encontr\u00f3 Cabrera Bonet en las p\u00e1ginas de <em>The Illustrated London News<\/em>, otro indicio de la fama internacional del chiclanero<em>.<\/em><\/p>\n\n\n\n<figure class=\"wp-block-image size-large\"><a href=\"https:\/\/www.rmcr.org\/2020\/12\/illustrated-ln.jpg\"><img decoding=\"async\" src=\"https:\/\/www.rmcr.org\/wp-content\/uploads\/2020\/12\/illustrated-ln.jpg?w=1024\" alt=\"\" class=\"wp-image-1347\" \/><\/a><\/figure>\n\n\n\n<p class=\"has-text-align-center\"><em>The Illustrated London News. Bull-Fight, Madrid-accident to Montes, Matador, 1850<\/em><\/p>\n\n\n\n<p>Se le practicaron las curas que eran habituales en ese tiempo, sangr\u00edas incluidas, deficientes en lo relativo a procesos infecciosos. Cuando pudo moverse se retir\u00f3 a Chiclana en septiembre, sin recuperarse del todo. El 4 de abril de 1851 falleci\u00f3 de \u201ccalenturas malignas\u201d seg\u00fan el informe del entierro, fiebres derivadas de lo que debi\u00f3 ser una septicemia agravada por su estilo de vida. La noticia conmovi\u00f3 a toda la sociedad en general. Fue enterrado en el cementerio de su pueblo, con asistencia de diez hermandades y doble general de campanas mientras seis toreros \u201cen triste silencio\u201d llevaban a pulso el ata\u00fad.<\/p>\n\n\n\n<p>Bibliograf\u00eda<\/p>\n\n\n\n<p>R. Cabrera Bonet. <em>Francisco Montes \u201cPaquiro\u201d, la revoluci\u00f3n necesaria. Datos biogr\u00e1ficos<\/em>. Universidad San Pablo CEU, Madrid, 2004.<\/p>\n\n\n\n<p>R. Cabrera Bonet. <em>Novedades en torno al principio y fin de Francisco Montes Paquiro.<\/em> 10 a\u00f1os del Museo Municipal Fco. Montes Paquiro. Chiclana 2003-2013; Museo Municipal Francisco Montes Paquiro, Chiclana (C\u00e1diz), 2013.<\/p>\n\n\n\n<p>VV. AA. <em>Paquiro en su segundo centenario. <\/em>Revista de Estudios Taurinos num 21, marzo 2006. Fundaci\u00f3n de Estudios Taurinos, Real Maestranza de Caballer\u00eda de Sevilla, Universidad de Sevilla.<\/p>\n\n\n\n<p>Montes, Francisco (Paquiro) (1994) [1836]: <em>Tauromaquia Completa o sea el Arte de Torear en Plaza<\/em>, ed. y pr\u00f3l. de Alberto Gonz\u00e1lez Troyano, Madrid, Turner.<\/p>\n\n\n\n<p>J. M. Coss\u00edo. <em>Los toros. Tratado t\u00e9cnico e hist\u00f3ric<\/em>o, vol. III. Espasa Calpe, Madrid, 1943.<\/p>\n\n\n\n<p>Vel\u00e1zquez y S\u00e1nchez.&nbsp; <em>Anales del toreo.<\/em>&nbsp; Imprenta y ed. Juan Moyano, Sevilla, 1868.<\/p>\n\n\n\n<p>J. S\u00e1nchez de Neira. <em>El Toreo.<\/em> <em>Gran diccionario taurom\u00e1quico<\/em>. Imprenta de Miguel Guijarro, Madrid, 1879 (Turner, Madrid, 1988).<\/p>\n\n\n\n<p>G\u00f3mez de Bedoya. <em>Historia del toreo y de las principales ganader\u00edas de Espa\u00f1a<\/em>. Madrid, 1850. Publicado por Egartorre Libros, Madrid, 1989.<\/p>\n\n\n\n<p>Antonio Garc\u00eda-Baquero. <em>Raz\u00f3n de la tauromaquia. Obra taurina completa.<\/em> (Pedro Romero de Sol\u00eds, coord). Fundaci\u00f3n Real Maestranza de Caballer\u00eda de Sevilla, Fundaci\u00f3n de Estudios Taurinos, Universidad de Sevilla, 2008.<\/p>\n\n\n\n<p>Nestor Luj\u00e1n. <em>Historia del toreo<\/em>. Ediciones Destino, Barcelona, 1954.N. Rivas Santiago.<em>Toreros del romanticismo (anecdotario taurino)<\/em>, pr\u00f3l. de J. Belmonte, Madrid, Aguilar, 1947 (Madrid, Aguilar, 1987)<\/p>\n","protected":false},"excerpt":{"rendered":"<p>Cuando Alejandro Dumas lo disfruta como espectador en los festejos reales de 1846 en la Plaza Mayor de Madrid, la decadencia f\u00edsica de Paquiro ya hab\u00eda comenzado. Aquella ligereza de la que habla en su Tauromaquia como condici\u00f3n indispensable de un torero, junto al valor y al conocimiento, se iba perdiendo inexorablemente: \u201cno se crea que la ligereza del torero consiste en estar siempre movi\u00e9ndose de ac\u00e1 para all\u00e1 de modo que jam\u00e1s sienta los pies (&#8230;) La ligereza de la que hablo consiste en correr derecho con mucha celeridad, y volverse, pararse o cambiar de direcci\u00f3n con una prontitud grande\u201d.<\/p>\n","protected":false},"author":7,"featured_media":7400,"comment_status":"open","ping_status":"open","sticky":false,"template":"","format":"standard","meta":{"footnotes":""},"categories":[284,277,278],"tags":[414,411,315,98,376],"class_list":["post-7153","post","type-post","status-publish","format-standard","has-post-thumbnail","hentry","category-historia","category-plaza-de-toros","category-tauromaquia","tag-francisco-montes","tag-paquiro","tag-plaza-de-toros-de-ronda","tag-real-maestranza-de-caballeria-de-ronda","tag-toreros-historicos"],"yoast_head":"<!-- This site is optimized with the Yoast SEO plugin v27.5 - https:\/\/yoast.com\/product\/yoast-seo-wordpress\/ -->\n<title>Toreros hist\u00f3ricos en la Plaza de Toros de Ronda (XI). Francisco Montes, Paquiro, el torero crucial (III) - Real Maestranza de Caballer\u00eda de Ronda<\/title>\n<meta name=\"robots\" content=\"index, follow, max-snippet:-1, max-image-preview:large, max-video-preview:-1\" \/>\n<link rel=\"canonical\" href=\"https:\/\/www.rmcr.org\/en\/2020\/12\/08\/toreros-historicos-en-la-plaza-de-toros-de-ronda-xi-francisco-montes-paquiro-el-torero-crucial-iii\/\" \/>\n<meta property=\"og:locale\" content=\"en_US\" \/>\n<meta property=\"og:type\" content=\"article\" \/>\n<meta property=\"og:title\" content=\"Toreros hist\u00f3ricos en la Plaza de Toros de Ronda (XI). Francisco Montes, Paquiro, el torero crucial (III) - Real Maestranza de Caballer\u00eda de Ronda\" \/>\n<meta property=\"og:description\" content=\"Cuando Alejandro Dumas lo disfruta como espectador en los festejos reales de 1846 en la Plaza Mayor de Madrid, la decadencia f\u00edsica de Paquiro ya hab\u00eda comenzado. Aquella ligereza de la que habla en su Tauromaquia como condici\u00f3n indispensable de un torero, junto al valor y al conocimiento, se iba perdiendo inexorablemente: \u201cno se crea que la ligereza del torero consiste en estar siempre movi\u00e9ndose de ac\u00e1 para all\u00e1 de modo que jam\u00e1s sienta los pies (...) La ligereza de la que hablo consiste en correr derecho con mucha celeridad, y volverse, pararse o cambiar de direcci\u00f3n con una prontitud grande\u201d.\" \/>\n<meta property=\"og:url\" content=\"https:\/\/www.rmcr.org\/en\/2020\/12\/08\/toreros-historicos-en-la-plaza-de-toros-de-ronda-xi-francisco-montes-paquiro-el-torero-crucial-iii\/\" \/>\n<meta property=\"og:site_name\" content=\"Real Maestranza de Caballer\u00eda de Ronda\" \/>\n<meta property=\"article:publisher\" content=\"https:\/\/www.facebook.com\/plazadetorosronda\" \/>\n<meta property=\"article:published_time\" content=\"2020-12-08T11:01:37+00:00\" \/>\n<meta property=\"og:image\" content=\"https:\/\/www.rmcr.org\/wp-content\/uploads\/2020\/12\/hyg.png\" \/>\n\t<meta property=\"og:image:width\" content=\"482\" \/>\n\t<meta property=\"og:image:height\" content=\"143\" \/>\n\t<meta property=\"og:image:type\" content=\"image\/png\" \/>\n<meta name=\"author\" content=\"RMCR\" \/>\n<meta name=\"twitter:card\" content=\"summary_large_image\" \/>\n<meta name=\"twitter:creator\" content=\"@PlazatorosRMR\" \/>\n<meta name=\"twitter:site\" content=\"@PlazatorosRMR\" \/>\n<meta name=\"twitter:label1\" content=\"Written by\" \/>\n\t<meta name=\"twitter:data1\" content=\"RMCR\" \/>\n\t<meta name=\"twitter:label2\" content=\"Est. reading time\" \/>\n\t<meta name=\"twitter:data2\" content=\"7 minutes\" \/>\n<script type=\"application\/ld+json\" class=\"yoast-schema-graph\">{\"@context\":\"https:\\\/\\\/schema.org\",\"@graph\":[{\"@type\":\"Article\",\"@id\":\"https:\\\/\\\/www.rmcr.org\\\/en\\\/2020\\\/12\\\/08\\\/toreros-historicos-en-la-plaza-de-toros-de-ronda-xi-francisco-montes-paquiro-el-torero-crucial-iii\\\/#article\",\"isPartOf\":{\"@id\":\"https:\\\/\\\/www.rmcr.org\\\/en\\\/2020\\\/12\\\/08\\\/toreros-historicos-en-la-plaza-de-toros-de-ronda-xi-francisco-montes-paquiro-el-torero-crucial-iii\\\/\"},\"author\":{\"name\":\"RMCR\",\"@id\":\"https:\\\/\\\/www.rmcr.org\\\/en\\\/#\\\/schema\\\/person\\\/7ddd0dafda7edd0e407157f93a56df4f\"},\"headline\":\"Toreros hist\u00f3ricos en la Plaza de Toros de Ronda (XI). Francisco Montes, Paquiro, el torero crucial (III)\",\"datePublished\":\"2020-12-08T11:01:37+00:00\",\"mainEntityOfPage\":{\"@id\":\"https:\\\/\\\/www.rmcr.org\\\/en\\\/2020\\\/12\\\/08\\\/toreros-historicos-en-la-plaza-de-toros-de-ronda-xi-francisco-montes-paquiro-el-torero-crucial-iii\\\/\"},\"wordCount\":1431,\"commentCount\":0,\"publisher\":{\"@id\":\"https:\\\/\\\/www.rmcr.org\\\/en\\\/#organization\"},\"image\":{\"@id\":\"https:\\\/\\\/www.rmcr.org\\\/en\\\/2020\\\/12\\\/08\\\/toreros-historicos-en-la-plaza-de-toros-de-ronda-xi-francisco-montes-paquiro-el-torero-crucial-iii\\\/#primaryimage\"},\"thumbnailUrl\":\"https:\\\/\\\/www.rmcr.org\\\/wp-content\\\/uploads\\\/2020\\\/12\\\/hyg.png\",\"keywords\":[\"Francisco Montes\",\"Paquiro\",\"Plaza de Toros de Ronda\",\"Real Maestranza de Caballer\u00eda de Ronda\",\"Toreros hist\u00f3ricos\"],\"articleSection\":[\"Historia\",\"Plaza de Toros\",\"Tauromaquia\"],\"inLanguage\":\"en-US\",\"potentialAction\":[{\"@type\":\"CommentAction\",\"name\":\"Comment\",\"target\":[\"https:\\\/\\\/www.rmcr.org\\\/en\\\/2020\\\/12\\\/08\\\/toreros-historicos-en-la-plaza-de-toros-de-ronda-xi-francisco-montes-paquiro-el-torero-crucial-iii\\\/#respond\"]}]},{\"@type\":\"WebPage\",\"@id\":\"https:\\\/\\\/www.rmcr.org\\\/en\\\/2020\\\/12\\\/08\\\/toreros-historicos-en-la-plaza-de-toros-de-ronda-xi-francisco-montes-paquiro-el-torero-crucial-iii\\\/\",\"url\":\"https:\\\/\\\/www.rmcr.org\\\/en\\\/2020\\\/12\\\/08\\\/toreros-historicos-en-la-plaza-de-toros-de-ronda-xi-francisco-montes-paquiro-el-torero-crucial-iii\\\/\",\"name\":\"Toreros hist\u00f3ricos en la Plaza de Toros de Ronda (XI). Francisco Montes, Paquiro, el torero crucial (III) - Real Maestranza de Caballer\u00eda de Ronda\",\"isPartOf\":{\"@id\":\"https:\\\/\\\/www.rmcr.org\\\/en\\\/#website\"},\"primaryImageOfPage\":{\"@id\":\"https:\\\/\\\/www.rmcr.org\\\/en\\\/2020\\\/12\\\/08\\\/toreros-historicos-en-la-plaza-de-toros-de-ronda-xi-francisco-montes-paquiro-el-torero-crucial-iii\\\/#primaryimage\"},\"image\":{\"@id\":\"https:\\\/\\\/www.rmcr.org\\\/en\\\/2020\\\/12\\\/08\\\/toreros-historicos-en-la-plaza-de-toros-de-ronda-xi-francisco-montes-paquiro-el-torero-crucial-iii\\\/#primaryimage\"},\"thumbnailUrl\":\"https:\\\/\\\/www.rmcr.org\\\/wp-content\\\/uploads\\\/2020\\\/12\\\/hyg.png\",\"datePublished\":\"2020-12-08T11:01:37+00:00\",\"breadcrumb\":{\"@id\":\"https:\\\/\\\/www.rmcr.org\\\/en\\\/2020\\\/12\\\/08\\\/toreros-historicos-en-la-plaza-de-toros-de-ronda-xi-francisco-montes-paquiro-el-torero-crucial-iii\\\/#breadcrumb\"},\"inLanguage\":\"en-US\",\"potentialAction\":[{\"@type\":\"ReadAction\",\"target\":[\"https:\\\/\\\/www.rmcr.org\\\/en\\\/2020\\\/12\\\/08\\\/toreros-historicos-en-la-plaza-de-toros-de-ronda-xi-francisco-montes-paquiro-el-torero-crucial-iii\\\/\"]}]},{\"@type\":\"ImageObject\",\"inLanguage\":\"en-US\",\"@id\":\"https:\\\/\\\/www.rmcr.org\\\/en\\\/2020\\\/12\\\/08\\\/toreros-historicos-en-la-plaza-de-toros-de-ronda-xi-francisco-montes-paquiro-el-torero-crucial-iii\\\/#primaryimage\",\"url\":\"https:\\\/\\\/www.rmcr.org\\\/wp-content\\\/uploads\\\/2020\\\/12\\\/hyg.png\",\"contentUrl\":\"https:\\\/\\\/www.rmcr.org\\\/wp-content\\\/uploads\\\/2020\\\/12\\\/hyg.png\",\"width\":482,\"height\":143},{\"@type\":\"BreadcrumbList\",\"@id\":\"https:\\\/\\\/www.rmcr.org\\\/en\\\/2020\\\/12\\\/08\\\/toreros-historicos-en-la-plaza-de-toros-de-ronda-xi-francisco-montes-paquiro-el-torero-crucial-iii\\\/#breadcrumb\",\"itemListElement\":[{\"@type\":\"ListItem\",\"position\":1,\"name\":\"REAL MAESTRANZA DE CABALLER\u00cdA DE RONDA\",\"item\":\"https:\\\/\\\/www.rmcr.org\\\/en\\\/\"},{\"@type\":\"ListItem\",\"position\":2,\"name\":\"Toreros hist\u00f3ricos en la Plaza de Toros de Ronda (XI). Francisco Montes, Paquiro, el torero crucial (III)\"}]},{\"@type\":\"WebSite\",\"@id\":\"https:\\\/\\\/www.rmcr.org\\\/en\\\/#website\",\"url\":\"https:\\\/\\\/www.rmcr.org\\\/en\\\/\",\"name\":\"Real Maestranza de Caballer\u00eda de Ronda\",\"description\":\"Real Maestranza de Caballer\u00eda de Ronda\",\"publisher\":{\"@id\":\"https:\\\/\\\/www.rmcr.org\\\/en\\\/#organization\"},\"alternateName\":\"RMCR\",\"potentialAction\":[{\"@type\":\"SearchAction\",\"target\":{\"@type\":\"EntryPoint\",\"urlTemplate\":\"https:\\\/\\\/www.rmcr.org\\\/en\\\/?s={search_term_string}\"},\"query-input\":{\"@type\":\"PropertyValueSpecification\",\"valueRequired\":true,\"valueName\":\"search_term_string\"}}],\"inLanguage\":\"en-US\"},{\"@type\":\"Organization\",\"@id\":\"https:\\\/\\\/www.rmcr.org\\\/en\\\/#organization\",\"name\":\"Real Maestranza de Caballer\u00eda de Ronda\",\"alternateName\":\"RMR\",\"url\":\"https:\\\/\\\/www.rmcr.org\\\/en\\\/\",\"logo\":{\"@type\":\"ImageObject\",\"inLanguage\":\"en-US\",\"@id\":\"https:\\\/\\\/www.rmcr.org\\\/en\\\/#\\\/schema\\\/logo\\\/image\\\/\",\"url\":\"https:\\\/\\\/www.rmcr.org\\\/wp-content\\\/uploads\\\/2022\\\/07\\\/logo-rmr-blue.svg\",\"contentUrl\":\"https:\\\/\\\/www.rmcr.org\\\/wp-content\\\/uploads\\\/2022\\\/07\\\/logo-rmr-blue.svg\",\"width\":131,\"height\":129,\"caption\":\"Real Maestranza de Caballer\u00eda de Ronda\"},\"image\":{\"@id\":\"https:\\\/\\\/www.rmcr.org\\\/en\\\/#\\\/schema\\\/logo\\\/image\\\/\"},\"sameAs\":[\"https:\\\/\\\/www.facebook.com\\\/plazadetorosronda\",\"https:\\\/\\\/x.com\\\/PlazatorosRMR\",\"https:\\\/\\\/www.instagram.com\\\/realmaestranzaderonda\\\/\",\"https:\\\/\\\/www.youtube.com\\\/channel\\\/UCrbO5IUN-8v_QML739vM4zg\\\/videos\"]},{\"@type\":\"Person\",\"@id\":\"https:\\\/\\\/www.rmcr.org\\\/en\\\/#\\\/schema\\\/person\\\/7ddd0dafda7edd0e407157f93a56df4f\",\"name\":\"RMCR\",\"image\":{\"@type\":\"ImageObject\",\"inLanguage\":\"en-US\",\"@id\":\"https:\\\/\\\/secure.gravatar.com\\\/avatar\\\/adb75798b50800c24baa6a8706037b9469998c49eddeb95935f50f633cff80bb?s=96&d=mm&r=g\",\"url\":\"https:\\\/\\\/secure.gravatar.com\\\/avatar\\\/adb75798b50800c24baa6a8706037b9469998c49eddeb95935f50f633cff80bb?s=96&d=mm&r=g\",\"contentUrl\":\"https:\\\/\\\/secure.gravatar.com\\\/avatar\\\/adb75798b50800c24baa6a8706037b9469998c49eddeb95935f50f633cff80bb?s=96&d=mm&r=g\",\"caption\":\"RMCR\"},\"url\":\"https:\\\/\\\/www.rmcr.org\\\/en\\\/author\\\/bitniks77\\\/\"}]}<\/script>\n<!-- \/ Yoast SEO plugin. -->","yoast_head_json":{"title":"Toreros hist\u00f3ricos en la Plaza de Toros de Ronda (XI). Francisco Montes, Paquiro, el torero crucial (III) - Real Maestranza de Caballer\u00eda de Ronda","robots":{"index":"index","follow":"follow","max-snippet":"max-snippet:-1","max-image-preview":"max-image-preview:large","max-video-preview":"max-video-preview:-1"},"canonical":"https:\/\/www.rmcr.org\/en\/2020\/12\/08\/toreros-historicos-en-la-plaza-de-toros-de-ronda-xi-francisco-montes-paquiro-el-torero-crucial-iii\/","og_locale":"en_US","og_type":"article","og_title":"Toreros hist\u00f3ricos en la Plaza de Toros de Ronda (XI). Francisco Montes, Paquiro, el torero crucial (III) - Real Maestranza de Caballer\u00eda de Ronda","og_description":"Cuando Alejandro Dumas lo disfruta como espectador en los festejos reales de 1846 en la Plaza Mayor de Madrid, la decadencia f\u00edsica de Paquiro ya hab\u00eda comenzado. Aquella ligereza de la que habla en su Tauromaquia como condici\u00f3n indispensable de un torero, junto al valor y al conocimiento, se iba perdiendo inexorablemente: \u201cno se crea que la ligereza del torero consiste en estar siempre movi\u00e9ndose de ac\u00e1 para all\u00e1 de modo que jam\u00e1s sienta los pies (...) La ligereza de la que hablo consiste en correr derecho con mucha celeridad, y volverse, pararse o cambiar de direcci\u00f3n con una prontitud grande\u201d.","og_url":"https:\/\/www.rmcr.org\/en\/2020\/12\/08\/toreros-historicos-en-la-plaza-de-toros-de-ronda-xi-francisco-montes-paquiro-el-torero-crucial-iii\/","og_site_name":"Real Maestranza de Caballer\u00eda de Ronda","article_publisher":"https:\/\/www.facebook.com\/plazadetorosronda","article_published_time":"2020-12-08T11:01:37+00:00","og_image":[{"width":482,"height":143,"url":"https:\/\/www.rmcr.org\/wp-content\/uploads\/2020\/12\/hyg.png","type":"image\/png"}],"author":"RMCR","twitter_card":"summary_large_image","twitter_creator":"@PlazatorosRMR","twitter_site":"@PlazatorosRMR","twitter_misc":{"Written by":"RMCR","Est. reading time":"7 minutes"},"schema":{"@context":"https:\/\/schema.org","@graph":[{"@type":"Article","@id":"https:\/\/www.rmcr.org\/en\/2020\/12\/08\/toreros-historicos-en-la-plaza-de-toros-de-ronda-xi-francisco-montes-paquiro-el-torero-crucial-iii\/#article","isPartOf":{"@id":"https:\/\/www.rmcr.org\/en\/2020\/12\/08\/toreros-historicos-en-la-plaza-de-toros-de-ronda-xi-francisco-montes-paquiro-el-torero-crucial-iii\/"},"author":{"name":"RMCR","@id":"https:\/\/www.rmcr.org\/en\/#\/schema\/person\/7ddd0dafda7edd0e407157f93a56df4f"},"headline":"Toreros hist\u00f3ricos en la Plaza de Toros de Ronda (XI). Francisco Montes, Paquiro, el torero crucial (III)","datePublished":"2020-12-08T11:01:37+00:00","mainEntityOfPage":{"@id":"https:\/\/www.rmcr.org\/en\/2020\/12\/08\/toreros-historicos-en-la-plaza-de-toros-de-ronda-xi-francisco-montes-paquiro-el-torero-crucial-iii\/"},"wordCount":1431,"commentCount":0,"publisher":{"@id":"https:\/\/www.rmcr.org\/en\/#organization"},"image":{"@id":"https:\/\/www.rmcr.org\/en\/2020\/12\/08\/toreros-historicos-en-la-plaza-de-toros-de-ronda-xi-francisco-montes-paquiro-el-torero-crucial-iii\/#primaryimage"},"thumbnailUrl":"https:\/\/www.rmcr.org\/wp-content\/uploads\/2020\/12\/hyg.png","keywords":["Francisco Montes","Paquiro","Plaza de Toros de Ronda","Real Maestranza de Caballer\u00eda de Ronda","Toreros hist\u00f3ricos"],"articleSection":["Historia","Plaza de Toros","Tauromaquia"],"inLanguage":"en-US","potentialAction":[{"@type":"CommentAction","name":"Comment","target":["https:\/\/www.rmcr.org\/en\/2020\/12\/08\/toreros-historicos-en-la-plaza-de-toros-de-ronda-xi-francisco-montes-paquiro-el-torero-crucial-iii\/#respond"]}]},{"@type":"WebPage","@id":"https:\/\/www.rmcr.org\/en\/2020\/12\/08\/toreros-historicos-en-la-plaza-de-toros-de-ronda-xi-francisco-montes-paquiro-el-torero-crucial-iii\/","url":"https:\/\/www.rmcr.org\/en\/2020\/12\/08\/toreros-historicos-en-la-plaza-de-toros-de-ronda-xi-francisco-montes-paquiro-el-torero-crucial-iii\/","name":"Toreros hist\u00f3ricos en la Plaza de Toros de Ronda (XI). Francisco Montes, Paquiro, el torero crucial (III) - Real Maestranza de Caballer\u00eda de Ronda","isPartOf":{"@id":"https:\/\/www.rmcr.org\/en\/#website"},"primaryImageOfPage":{"@id":"https:\/\/www.rmcr.org\/en\/2020\/12\/08\/toreros-historicos-en-la-plaza-de-toros-de-ronda-xi-francisco-montes-paquiro-el-torero-crucial-iii\/#primaryimage"},"image":{"@id":"https:\/\/www.rmcr.org\/en\/2020\/12\/08\/toreros-historicos-en-la-plaza-de-toros-de-ronda-xi-francisco-montes-paquiro-el-torero-crucial-iii\/#primaryimage"},"thumbnailUrl":"https:\/\/www.rmcr.org\/wp-content\/uploads\/2020\/12\/hyg.png","datePublished":"2020-12-08T11:01:37+00:00","breadcrumb":{"@id":"https:\/\/www.rmcr.org\/en\/2020\/12\/08\/toreros-historicos-en-la-plaza-de-toros-de-ronda-xi-francisco-montes-paquiro-el-torero-crucial-iii\/#breadcrumb"},"inLanguage":"en-US","potentialAction":[{"@type":"ReadAction","target":["https:\/\/www.rmcr.org\/en\/2020\/12\/08\/toreros-historicos-en-la-plaza-de-toros-de-ronda-xi-francisco-montes-paquiro-el-torero-crucial-iii\/"]}]},{"@type":"ImageObject","inLanguage":"en-US","@id":"https:\/\/www.rmcr.org\/en\/2020\/12\/08\/toreros-historicos-en-la-plaza-de-toros-de-ronda-xi-francisco-montes-paquiro-el-torero-crucial-iii\/#primaryimage","url":"https:\/\/www.rmcr.org\/wp-content\/uploads\/2020\/12\/hyg.png","contentUrl":"https:\/\/www.rmcr.org\/wp-content\/uploads\/2020\/12\/hyg.png","width":482,"height":143},{"@type":"BreadcrumbList","@id":"https:\/\/www.rmcr.org\/en\/2020\/12\/08\/toreros-historicos-en-la-plaza-de-toros-de-ronda-xi-francisco-montes-paquiro-el-torero-crucial-iii\/#breadcrumb","itemListElement":[{"@type":"ListItem","position":1,"name":"REAL MAESTRANZA DE CABALLER\u00cdA DE RONDA","item":"https:\/\/www.rmcr.org\/en\/"},{"@type":"ListItem","position":2,"name":"Toreros hist\u00f3ricos en la Plaza de Toros de Ronda (XI). Francisco Montes, Paquiro, el torero crucial (III)"}]},{"@type":"WebSite","@id":"https:\/\/www.rmcr.org\/en\/#website","url":"https:\/\/www.rmcr.org\/en\/","name":"Real Maestranza de Caballer\u00eda de Ronda","description":"Real Maestranza de Caballer\u00eda de Ronda","publisher":{"@id":"https:\/\/www.rmcr.org\/en\/#organization"},"alternateName":"RMCR","potentialAction":[{"@type":"SearchAction","target":{"@type":"EntryPoint","urlTemplate":"https:\/\/www.rmcr.org\/en\/?s={search_term_string}"},"query-input":{"@type":"PropertyValueSpecification","valueRequired":true,"valueName":"search_term_string"}}],"inLanguage":"en-US"},{"@type":"Organization","@id":"https:\/\/www.rmcr.org\/en\/#organization","name":"Real Maestranza de Caballer\u00eda de Ronda","alternateName":"RMR","url":"https:\/\/www.rmcr.org\/en\/","logo":{"@type":"ImageObject","inLanguage":"en-US","@id":"https:\/\/www.rmcr.org\/en\/#\/schema\/logo\/image\/","url":"https:\/\/www.rmcr.org\/wp-content\/uploads\/2022\/07\/logo-rmr-blue.svg","contentUrl":"https:\/\/www.rmcr.org\/wp-content\/uploads\/2022\/07\/logo-rmr-blue.svg","width":131,"height":129,"caption":"Real Maestranza de Caballer\u00eda de Ronda"},"image":{"@id":"https:\/\/www.rmcr.org\/en\/#\/schema\/logo\/image\/"},"sameAs":["https:\/\/www.facebook.com\/plazadetorosronda","https:\/\/x.com\/PlazatorosRMR","https:\/\/www.instagram.com\/realmaestranzaderonda\/","https:\/\/www.youtube.com\/channel\/UCrbO5IUN-8v_QML739vM4zg\/videos"]},{"@type":"Person","@id":"https:\/\/www.rmcr.org\/en\/#\/schema\/person\/7ddd0dafda7edd0e407157f93a56df4f","name":"RMCR","image":{"@type":"ImageObject","inLanguage":"en-US","@id":"https:\/\/secure.gravatar.com\/avatar\/adb75798b50800c24baa6a8706037b9469998c49eddeb95935f50f633cff80bb?s=96&d=mm&r=g","url":"https:\/\/secure.gravatar.com\/avatar\/adb75798b50800c24baa6a8706037b9469998c49eddeb95935f50f633cff80bb?s=96&d=mm&r=g","contentUrl":"https:\/\/secure.gravatar.com\/avatar\/adb75798b50800c24baa6a8706037b9469998c49eddeb95935f50f633cff80bb?s=96&d=mm&r=g","caption":"RMCR"},"url":"https:\/\/www.rmcr.org\/en\/author\/bitniks77\/"}]}},"_links":{"self":[{"href":"https:\/\/www.rmcr.org\/en\/wp-json\/wp\/v2\/posts\/7153","targetHints":{"allow":["GET"]}}],"collection":[{"href":"https:\/\/www.rmcr.org\/en\/wp-json\/wp\/v2\/posts"}],"about":[{"href":"https:\/\/www.rmcr.org\/en\/wp-json\/wp\/v2\/types\/post"}],"author":[{"embeddable":true,"href":"https:\/\/www.rmcr.org\/en\/wp-json\/wp\/v2\/users\/7"}],"replies":[{"embeddable":true,"href":"https:\/\/www.rmcr.org\/en\/wp-json\/wp\/v2\/comments?post=7153"}],"version-history":[{"count":0,"href":"https:\/\/www.rmcr.org\/en\/wp-json\/wp\/v2\/posts\/7153\/revisions"}],"wp:featuredmedia":[{"embeddable":true,"href":"https:\/\/www.rmcr.org\/en\/wp-json\/wp\/v2\/media\/7400"}],"wp:attachment":[{"href":"https:\/\/www.rmcr.org\/en\/wp-json\/wp\/v2\/media?parent=7153"}],"wp:term":[{"taxonomy":"category","embeddable":true,"href":"https:\/\/www.rmcr.org\/en\/wp-json\/wp\/v2\/categories?post=7153"},{"taxonomy":"post_tag","embeddable":true,"href":"https:\/\/www.rmcr.org\/en\/wp-json\/wp\/v2\/tags?post=7153"}],"curies":[{"name":"wp","href":"https:\/\/api.w.org\/{rel}","templated":true}]}}