{"id":7147,"date":"2020-11-10T13:53:20","date_gmt":"2020-11-10T13:53:20","guid":{"rendered":"https:\/\/www.rmcr.org\/?p=7147"},"modified":"2020-11-10T13:53:20","modified_gmt":"2020-11-10T13:53:20","slug":"toreros-historicos-en-la-plaza-de-toros-de-ronda-ix-francisco-montes-paquiro-el-torero-crucial-i","status":"publish","type":"post","link":"https:\/\/www.rmcr.org\/en\/2020\/11\/10\/toreros-historicos-en-la-plaza-de-toros-de-ronda-ix-francisco-montes-paquiro-el-torero-crucial-i\/","title":{"rendered":"Toreros hist\u00f3ricos en la Plaza de Toros de Ronda (IX). Francisco Montes, Paquiro, el torero crucial (I)"},"content":{"rendered":"\n<p>Se entiende por crucial una situaci\u00f3n o elemento determinante, que traza la frontera entre un antes y un despu\u00e9s en cualquier disciplina de la actividad humana, y la figura de Francisco de Paula Jos\u00e9 Joaqu\u00edn Juan Montes Reina <em>Paquiro,<\/em> nacido en la gaditana Chiclana de la Frontera en 1805, lo fue y as\u00ed se sigue considerando para la historia de la Tauromaquia.<\/p>\n<p>Los historiadores y cronistas que pudieron verlo en los ruedos lo atestiguan, los estudiosos posteriores lo corroboran a la luz de indagaciones y nuevos testimonios. Los ep\u00edtetos se suceden: correcto, caballeroso, serio, sereno, duro, valiente, \u00e1gil, profesional, dotado de destreza y elasticidad, inteligencia, presencia de \u00e1nimo, vista y conocimiento. Rey y Napole\u00f3n de los toreros, faro que ilumina los ruedos con luz intensa a lo largo de dos d\u00e9cadas del levantisco siglo XIX espa\u00f1ol y que trasciende su figura para encarnar a un h\u00e9roe popular, rom\u00e1ntico y liberal.<\/p>\n<p>En su <em>Enciclopedia taurina<\/em> lo afirma con rotundidad alguien que no pudo verlo, Jos\u00e9 Silva Aramburu (1896-1960), autor teatral, periodista y cr\u00edtico taurino, que fuera redactor jefe de la revista <em>La Lidia<\/em>: \u201cLa historia del toreo a pie se subordina en el siglo XIX a un suceso fundamental, capital, casi exclusivo: la aparici\u00f3n de Francisco Montes. Todo lo que antecede es su preparaci\u00f3n. todo lo que sigue su consecuencia\u00bb.<\/p>\n<p><a href=\"https:\/\/www.rmcr.org\/wp-content\/uploads\/2020\/11\/paquiro1.jpg\"><img fetchpriority=\"high\" decoding=\"async\" class=\"size-full wp-image-1261 aligncenter\" src=\"https:\/\/www.rmcr.org\/wp-content\/uploads\/2020\/11\/paquiro1.jpg\" alt=\"\" width=\"450\" height=\"720\" \/><\/a><\/p>\n<p style=\"text-align:center;\"><em>Fco. Montes, Paquiro. &#8220;La Lidia&#8221;, a\u00f1o II, n\u00ba 4, 9 de abril de 1883. Biblioteca-RMR<\/em><\/p>\n<p>Fue un tratadista que en su obra <em>Tauromaquia completa,<\/em> publicada en 1836, vendr\u00eda a sentar las bases de una tauromaquia pautada, revisando la tradici\u00f3n para instaurar un ritual ordenado que se mantendr\u00e1 hasta el presente. En sus p\u00e1ginas se revela un esp\u00edritu intelectual, porque analiza, clasifica y define una nueva estructura para su mejor conocimiento y desarrollo, que alcanza a subalternos, toreros, ganaderos, asentistas o arquitecturas de las plazas. Su hegemon\u00eda y autoridad se desprend\u00edan de la aparente facilidad de sus acciones. \u201cCon invencible violencia y tranquilidad dio arquitectura a sus bregas, que respondieron siempre a un sentido incomparable de la brillantez y de la eficacia\u201d, como transmite Nestor Luj\u00e1n en su <em>Historia del toreo<\/em>.<\/p>\n<p>Dignific\u00f3 definitivamente su profesi\u00f3n, y traz\u00f3 un v\u00ednculo entre el esfuerzo, el valor y la t\u00e9cnica para convertirlo en expresi\u00f3n art\u00edstica. Fue capaz de superar y aglutinar las dos escuelas anteriores, la seca eficacia de la ronde\u00f1a de Pedro Romero y los alardes de la sevillana de Pepe Hillo, dando a estos un sentido de utilidad m\u00e1s all\u00e1 de ser adornos sin sentido pr\u00e1ctico para la lidia. Con \u00e9l lleg\u00f3 una revoluci\u00f3n, que algunos expertos en la materia explican porque proviene de una tercera escuela, la gaditana campera, surgida a las afueras de las normas regladas en principio por las Maestranzas de Sevilla y Ronda, impulsoras del espect\u00e1culo del toreo a pie.<\/p>\n<p>Fue profundamente profesional en su comportamiento, atento a todas las fases de la lidia, desplegando una actividad incansable. Impuso a su cuadrilla una disciplina orientada a una estrategia en la que cada miembro tiene su funci\u00f3n en la preparaci\u00f3n del toro para la suerte final. Rescat\u00f3 suertes antiguas y olvidadas como el salto de la garrocha o el trascuerno, e introdujo novedades que se convirtieron en cl\u00e1sicas. Dio categor\u00eda y riqueza a los lances y quites de capa y al uso de la muleta, que hasta entonces no estaban tan consideradas. Su influencia alcanz\u00f3 hasta el traje de luces, que evolucion\u00f3 a partir de \u00e9l con elementos de distinci\u00f3n como las borlas o machos, lentejuelas y botones de adorno que influyeron en su suntuosidad, modific\u00f3 la chaquetilla para una mayor comodidad e introdujo la montera, que se llama as\u00ed por la huella de su nombre.<\/p>\n<p style=\"text-align:center;\"><a href=\"https:\/\/www.rmcr.org\/wp-content\/uploads\/2020\/11\/paquiro2.jpg\"><img decoding=\"async\" class=\"alignnone size-full wp-image-1259\" src=\"https:\/\/www.rmcr.org\/wp-content\/uploads\/2020\/11\/paquiro2.jpg\" alt=\"\" width=\"450\" height=\"618\" \/><\/a><\/p>\n<p style=\"text-align:center;\"><em>Les taur\u00e9adors. Montes, 1er. matador d&#8217;Espagne. &#8220;Voyage en Espagne&#8221; de Th\u00e9ophile Gautier (1873). Biblioteca-RMR<\/em><\/p>\n<p>Goz\u00f3 de una inmensa popularidad y reconocimiento, perseguido por artistas, reproducido en grabados, litograf\u00edas y cuadros, protagonista de r\u00edos de tinta. Ilustres viajeros se desplazaban para seguirlo en sus actuaciones. Merim\u00e9e, que lo llama C\u00e9sar, Te\u00f3filo Gautier, Alejandro Dumas, Jean Laurent, el duque de Maille, todos, nacionales y extranjeros fascinados porque con \u00e9l se evaporaba la \u00e1spera sensaci\u00f3n de peligro para dar paso a otra percepci\u00f3n de puro goce est\u00e9tico, resultado del axioma que recoge en su <em>Tauromaquia<\/em>: \u201cLas condiciones indispensables al torero son: valor, ligereza, y un perfecto conocimiento de su profesi\u00f3n: las dos primeras nacen con el individuo, la \u00faltima se adquiere\u201d.<\/p>\n<p>Nota: Todas estas consideraciones est\u00e1n reunidas y ampliadas por varios autores en el n\u00famero 21 de la <em>Revista de Estudios Taurinos<\/em> de Sevilla dedicado a su figura, cuyos art\u00edculos se pueden consultar en: <a href=\"https:\/\/editorial.us.es\/es\/revistas\/revista-de-estudios-taurinos\">https:\/\/editorial.us.es\/es\/revistas\/revista-de-estudios-taurinos<\/a><\/p>\n\n\n\n\n\n\n\n\n\n\n\n\n\n\n\n<p><em>Bibliograf\u00eda<\/em><\/p>\n\n\n\n<p>Montes, Francisco (<em>Paquiro<\/em>) (1994) [1836]: <em>Tauromaquia Completa o sea el Arte de Torear en Plaza,<\/em> ed. y pr\u00f3l. de Alberto Gonz\u00e1lez Troyano, Madrid, Turner.<\/p>\n\n\n\n<p>J. M. Coss\u00edo. <em>Los toros. Tratado t\u00e9cnico e hist\u00f3ric<\/em>o, vol. III. Espasa Calpe, Madrid, 1943.<\/p>\n\n\n\n<p>Vel\u00e1zquez y S\u00e1nchez. <em>Anales del toreo.<\/em> Imprenta y ed. Juan Moyano, Sevilla, 1868.<\/p>\n\n\n\n<p>J. S\u00e1nchez de Neira. <em>El Toreo. <\/em><em>Gran diccionario taurom\u00e1quico<\/em>. Imprenta de Miguel Guijarro, Madrid, 1879 (Turner, Madrid, 1988).<\/p>\n\n\n\n<p>Nestor Luj\u00e1n. <em>Historia del toreo<\/em>. Ediciones Destino, Barcelona, 1954.<\/p>\n\n\n\n<p>Garc\u00eda de Bedoya. <em>Historia del toreo y de las principales ganader\u00edas de Espa\u00f1a<\/em>. Madrid, 1850. Publicado por Egartorre Libros, Madrid, 1989.<\/p>\n\n\n\n<p>N. Rivas Santiago. <em>Toreros del romanticismo (anecdotario taurino)<\/em>, pr\u00f3l. de J. Belmonte. Madrid, Aguilar, 1947 (Madrid, Aguilar, 1987).<\/p>\n","protected":false},"excerpt":{"rendered":"<p>Se entiende por crucial una situaci\u00f3n o elemento determinante, que traza la frontera entre un antes y un despu\u00e9s en cualquier disciplina de la actividad humana, y la figura de Francisco de Paula Jos\u00e9 Joaqu\u00edn Juan Montes Reina Paquiro, nacido en la gaditana Chiclana de la Frontera en 1805, lo fue y as\u00ed se sigue considerando para la historia de la Tauromaquia.<\/p>\n","protected":false},"author":7,"featured_media":7391,"comment_status":"open","ping_status":"open","sticky":false,"template":"","format":"standard","meta":{"footnotes":""},"categories":[284,277,301,278],"tags":[410,411,338,339,315,98],"class_list":["post-7147","post","type-post","status-publish","format-standard","has-post-thumbnail","hentry","category-historia","category-plaza-de-toros","category-real-maestranza","category-tauromaquia","tag-francisco-de-paula-jose-joaquin-juan-montes-reina","tag-paquiro","tag-pedro-romero","tag-pepe-hillo","tag-plaza-de-toros-de-ronda","tag-real-maestranza-de-caballeria-de-ronda"],"yoast_head":"<!-- This site is optimized with the Yoast SEO plugin v27.5 - https:\/\/yoast.com\/product\/yoast-seo-wordpress\/ -->\n<title>Toreros hist\u00f3ricos en la Plaza de Toros de Ronda (IX). Francisco Montes, Paquiro, el torero crucial (I) - Real Maestranza de Caballer\u00eda de Ronda<\/title>\n<meta name=\"robots\" content=\"index, follow, max-snippet:-1, max-image-preview:large, max-video-preview:-1\" \/>\n<link rel=\"canonical\" href=\"https:\/\/www.rmcr.org\/en\/2020\/11\/10\/toreros-historicos-en-la-plaza-de-toros-de-ronda-ix-francisco-montes-paquiro-el-torero-crucial-i\/\" \/>\n<meta property=\"og:locale\" content=\"en_US\" \/>\n<meta property=\"og:type\" content=\"article\" \/>\n<meta property=\"og:title\" content=\"Toreros hist\u00f3ricos en la Plaza de Toros de Ronda (IX). Francisco Montes, Paquiro, el torero crucial (I) - Real Maestranza de Caballer\u00eda de Ronda\" \/>\n<meta property=\"og:description\" content=\"Se entiende por crucial una situaci\u00f3n o elemento determinante, que traza la frontera entre un antes y un despu\u00e9s en cualquier disciplina de la actividad humana, y la figura de Francisco de Paula Jos\u00e9 Joaqu\u00edn Juan Montes Reina Paquiro, nacido en la gaditana Chiclana de la Frontera en 1805, lo fue y as\u00ed se sigue considerando para la historia de la Tauromaquia.\" \/>\n<meta property=\"og:url\" content=\"https:\/\/www.rmcr.org\/en\/2020\/11\/10\/toreros-historicos-en-la-plaza-de-toros-de-ronda-ix-francisco-montes-paquiro-el-torero-crucial-i\/\" \/>\n<meta property=\"og:site_name\" content=\"Real Maestranza de Caballer\u00eda de Ronda\" \/>\n<meta property=\"article:publisher\" content=\"https:\/\/www.facebook.com\/plazadetorosronda\" \/>\n<meta property=\"article:published_time\" content=\"2020-11-10T13:53:20+00:00\" \/>\n<meta property=\"og:image\" content=\"https:\/\/www.rmcr.org\/wp-content\/uploads\/2020\/11\/paquir.jpg\" \/>\n\t<meta property=\"og:image:width\" content=\"482\" \/>\n\t<meta property=\"og:image:height\" content=\"143\" \/>\n\t<meta property=\"og:image:type\" content=\"image\/jpeg\" \/>\n<meta name=\"author\" content=\"RMCR\" \/>\n<meta name=\"twitter:card\" content=\"summary_large_image\" \/>\n<meta name=\"twitter:creator\" content=\"@PlazatorosRMR\" \/>\n<meta name=\"twitter:site\" content=\"@PlazatorosRMR\" \/>\n<meta name=\"twitter:label1\" content=\"Written by\" \/>\n\t<meta name=\"twitter:data1\" content=\"RMCR\" \/>\n\t<meta name=\"twitter:label2\" content=\"Est. reading time\" \/>\n\t<meta name=\"twitter:data2\" content=\"5 minutes\" \/>\n<script type=\"application\/ld+json\" class=\"yoast-schema-graph\">{\"@context\":\"https:\\\/\\\/schema.org\",\"@graph\":[{\"@type\":\"Article\",\"@id\":\"https:\\\/\\\/www.rmcr.org\\\/en\\\/2020\\\/11\\\/10\\\/toreros-historicos-en-la-plaza-de-toros-de-ronda-ix-francisco-montes-paquiro-el-torero-crucial-i\\\/#article\",\"isPartOf\":{\"@id\":\"https:\\\/\\\/www.rmcr.org\\\/en\\\/2020\\\/11\\\/10\\\/toreros-historicos-en-la-plaza-de-toros-de-ronda-ix-francisco-montes-paquiro-el-torero-crucial-i\\\/\"},\"author\":{\"name\":\"RMCR\",\"@id\":\"https:\\\/\\\/www.rmcr.org\\\/en\\\/#\\\/schema\\\/person\\\/7ddd0dafda7edd0e407157f93a56df4f\"},\"headline\":\"Toreros hist\u00f3ricos en la Plaza de Toros de Ronda (IX). Francisco Montes, Paquiro, el torero crucial (I)\",\"datePublished\":\"2020-11-10T13:53:20+00:00\",\"mainEntityOfPage\":{\"@id\":\"https:\\\/\\\/www.rmcr.org\\\/en\\\/2020\\\/11\\\/10\\\/toreros-historicos-en-la-plaza-de-toros-de-ronda-ix-francisco-montes-paquiro-el-torero-crucial-i\\\/\"},\"wordCount\":948,\"commentCount\":0,\"publisher\":{\"@id\":\"https:\\\/\\\/www.rmcr.org\\\/en\\\/#organization\"},\"image\":{\"@id\":\"https:\\\/\\\/www.rmcr.org\\\/en\\\/2020\\\/11\\\/10\\\/toreros-historicos-en-la-plaza-de-toros-de-ronda-ix-francisco-montes-paquiro-el-torero-crucial-i\\\/#primaryimage\"},\"thumbnailUrl\":\"https:\\\/\\\/www.rmcr.org\\\/wp-content\\\/uploads\\\/2020\\\/11\\\/paquir.jpg\",\"keywords\":[\"Francisco de Paula Jos\u00e9 Joaqu\u00edn Juan Montes Reina\",\"Paquiro\",\"Pedro Romero\",\"Pepe Hillo\",\"Plaza de Toros de Ronda\",\"Real Maestranza de Caballer\u00eda de Ronda\"],\"articleSection\":[\"Historia\",\"Plaza de Toros\",\"Real Maestranza\",\"Tauromaquia\"],\"inLanguage\":\"en-US\",\"potentialAction\":[{\"@type\":\"CommentAction\",\"name\":\"Comment\",\"target\":[\"https:\\\/\\\/www.rmcr.org\\\/en\\\/2020\\\/11\\\/10\\\/toreros-historicos-en-la-plaza-de-toros-de-ronda-ix-francisco-montes-paquiro-el-torero-crucial-i\\\/#respond\"]}]},{\"@type\":\"WebPage\",\"@id\":\"https:\\\/\\\/www.rmcr.org\\\/en\\\/2020\\\/11\\\/10\\\/toreros-historicos-en-la-plaza-de-toros-de-ronda-ix-francisco-montes-paquiro-el-torero-crucial-i\\\/\",\"url\":\"https:\\\/\\\/www.rmcr.org\\\/en\\\/2020\\\/11\\\/10\\\/toreros-historicos-en-la-plaza-de-toros-de-ronda-ix-francisco-montes-paquiro-el-torero-crucial-i\\\/\",\"name\":\"Toreros hist\u00f3ricos en la Plaza de Toros de Ronda (IX). Francisco Montes, Paquiro, el torero crucial (I) - Real Maestranza de Caballer\u00eda de Ronda\",\"isPartOf\":{\"@id\":\"https:\\\/\\\/www.rmcr.org\\\/en\\\/#website\"},\"primaryImageOfPage\":{\"@id\":\"https:\\\/\\\/www.rmcr.org\\\/en\\\/2020\\\/11\\\/10\\\/toreros-historicos-en-la-plaza-de-toros-de-ronda-ix-francisco-montes-paquiro-el-torero-crucial-i\\\/#primaryimage\"},\"image\":{\"@id\":\"https:\\\/\\\/www.rmcr.org\\\/en\\\/2020\\\/11\\\/10\\\/toreros-historicos-en-la-plaza-de-toros-de-ronda-ix-francisco-montes-paquiro-el-torero-crucial-i\\\/#primaryimage\"},\"thumbnailUrl\":\"https:\\\/\\\/www.rmcr.org\\\/wp-content\\\/uploads\\\/2020\\\/11\\\/paquir.jpg\",\"datePublished\":\"2020-11-10T13:53:20+00:00\",\"breadcrumb\":{\"@id\":\"https:\\\/\\\/www.rmcr.org\\\/en\\\/2020\\\/11\\\/10\\\/toreros-historicos-en-la-plaza-de-toros-de-ronda-ix-francisco-montes-paquiro-el-torero-crucial-i\\\/#breadcrumb\"},\"inLanguage\":\"en-US\",\"potentialAction\":[{\"@type\":\"ReadAction\",\"target\":[\"https:\\\/\\\/www.rmcr.org\\\/en\\\/2020\\\/11\\\/10\\\/toreros-historicos-en-la-plaza-de-toros-de-ronda-ix-francisco-montes-paquiro-el-torero-crucial-i\\\/\"]}]},{\"@type\":\"ImageObject\",\"inLanguage\":\"en-US\",\"@id\":\"https:\\\/\\\/www.rmcr.org\\\/en\\\/2020\\\/11\\\/10\\\/toreros-historicos-en-la-plaza-de-toros-de-ronda-ix-francisco-montes-paquiro-el-torero-crucial-i\\\/#primaryimage\",\"url\":\"https:\\\/\\\/www.rmcr.org\\\/wp-content\\\/uploads\\\/2020\\\/11\\\/paquir.jpg\",\"contentUrl\":\"https:\\\/\\\/www.rmcr.org\\\/wp-content\\\/uploads\\\/2020\\\/11\\\/paquir.jpg\",\"width\":482,\"height\":143},{\"@type\":\"BreadcrumbList\",\"@id\":\"https:\\\/\\\/www.rmcr.org\\\/en\\\/2020\\\/11\\\/10\\\/toreros-historicos-en-la-plaza-de-toros-de-ronda-ix-francisco-montes-paquiro-el-torero-crucial-i\\\/#breadcrumb\",\"itemListElement\":[{\"@type\":\"ListItem\",\"position\":1,\"name\":\"REAL MAESTRANZA DE CABALLER\u00cdA DE RONDA\",\"item\":\"https:\\\/\\\/www.rmcr.org\\\/en\\\/\"},{\"@type\":\"ListItem\",\"position\":2,\"name\":\"Toreros hist\u00f3ricos en la Plaza de Toros de Ronda (IX). Francisco Montes, Paquiro, el torero crucial (I)\"}]},{\"@type\":\"WebSite\",\"@id\":\"https:\\\/\\\/www.rmcr.org\\\/en\\\/#website\",\"url\":\"https:\\\/\\\/www.rmcr.org\\\/en\\\/\",\"name\":\"Real Maestranza de Caballer\u00eda de Ronda\",\"description\":\"Real Maestranza de Caballer\u00eda de Ronda\",\"publisher\":{\"@id\":\"https:\\\/\\\/www.rmcr.org\\\/en\\\/#organization\"},\"alternateName\":\"RMCR\",\"potentialAction\":[{\"@type\":\"SearchAction\",\"target\":{\"@type\":\"EntryPoint\",\"urlTemplate\":\"https:\\\/\\\/www.rmcr.org\\\/en\\\/?s={search_term_string}\"},\"query-input\":{\"@type\":\"PropertyValueSpecification\",\"valueRequired\":true,\"valueName\":\"search_term_string\"}}],\"inLanguage\":\"en-US\"},{\"@type\":\"Organization\",\"@id\":\"https:\\\/\\\/www.rmcr.org\\\/en\\\/#organization\",\"name\":\"Real Maestranza de Caballer\u00eda de Ronda\",\"alternateName\":\"RMR\",\"url\":\"https:\\\/\\\/www.rmcr.org\\\/en\\\/\",\"logo\":{\"@type\":\"ImageObject\",\"inLanguage\":\"en-US\",\"@id\":\"https:\\\/\\\/www.rmcr.org\\\/en\\\/#\\\/schema\\\/logo\\\/image\\\/\",\"url\":\"https:\\\/\\\/www.rmcr.org\\\/wp-content\\\/uploads\\\/2022\\\/07\\\/logo-rmr-blue.svg\",\"contentUrl\":\"https:\\\/\\\/www.rmcr.org\\\/wp-content\\\/uploads\\\/2022\\\/07\\\/logo-rmr-blue.svg\",\"width\":131,\"height\":129,\"caption\":\"Real Maestranza de Caballer\u00eda de Ronda\"},\"image\":{\"@id\":\"https:\\\/\\\/www.rmcr.org\\\/en\\\/#\\\/schema\\\/logo\\\/image\\\/\"},\"sameAs\":[\"https:\\\/\\\/www.facebook.com\\\/plazadetorosronda\",\"https:\\\/\\\/x.com\\\/PlazatorosRMR\",\"https:\\\/\\\/www.instagram.com\\\/realmaestranzaderonda\\\/\",\"https:\\\/\\\/www.youtube.com\\\/channel\\\/UCrbO5IUN-8v_QML739vM4zg\\\/videos\"]},{\"@type\":\"Person\",\"@id\":\"https:\\\/\\\/www.rmcr.org\\\/en\\\/#\\\/schema\\\/person\\\/7ddd0dafda7edd0e407157f93a56df4f\",\"name\":\"RMCR\",\"image\":{\"@type\":\"ImageObject\",\"inLanguage\":\"en-US\",\"@id\":\"https:\\\/\\\/secure.gravatar.com\\\/avatar\\\/adb75798b50800c24baa6a8706037b9469998c49eddeb95935f50f633cff80bb?s=96&d=mm&r=g\",\"url\":\"https:\\\/\\\/secure.gravatar.com\\\/avatar\\\/adb75798b50800c24baa6a8706037b9469998c49eddeb95935f50f633cff80bb?s=96&d=mm&r=g\",\"contentUrl\":\"https:\\\/\\\/secure.gravatar.com\\\/avatar\\\/adb75798b50800c24baa6a8706037b9469998c49eddeb95935f50f633cff80bb?s=96&d=mm&r=g\",\"caption\":\"RMCR\"},\"url\":\"https:\\\/\\\/www.rmcr.org\\\/en\\\/author\\\/bitniks77\\\/\"}]}<\/script>\n<!-- \/ Yoast SEO plugin. -->","yoast_head_json":{"title":"Toreros hist\u00f3ricos en la Plaza de Toros de Ronda (IX). Francisco Montes, Paquiro, el torero crucial (I) - Real Maestranza de Caballer\u00eda de Ronda","robots":{"index":"index","follow":"follow","max-snippet":"max-snippet:-1","max-image-preview":"max-image-preview:large","max-video-preview":"max-video-preview:-1"},"canonical":"https:\/\/www.rmcr.org\/en\/2020\/11\/10\/toreros-historicos-en-la-plaza-de-toros-de-ronda-ix-francisco-montes-paquiro-el-torero-crucial-i\/","og_locale":"en_US","og_type":"article","og_title":"Toreros hist\u00f3ricos en la Plaza de Toros de Ronda (IX). Francisco Montes, Paquiro, el torero crucial (I) - Real Maestranza de Caballer\u00eda de Ronda","og_description":"Se entiende por crucial una situaci\u00f3n o elemento determinante, que traza la frontera entre un antes y un despu\u00e9s en cualquier disciplina de la actividad humana, y la figura de Francisco de Paula Jos\u00e9 Joaqu\u00edn Juan Montes Reina Paquiro, nacido en la gaditana Chiclana de la Frontera en 1805, lo fue y as\u00ed se sigue considerando para la historia de la Tauromaquia.","og_url":"https:\/\/www.rmcr.org\/en\/2020\/11\/10\/toreros-historicos-en-la-plaza-de-toros-de-ronda-ix-francisco-montes-paquiro-el-torero-crucial-i\/","og_site_name":"Real Maestranza de Caballer\u00eda de Ronda","article_publisher":"https:\/\/www.facebook.com\/plazadetorosronda","article_published_time":"2020-11-10T13:53:20+00:00","og_image":[{"width":482,"height":143,"url":"https:\/\/www.rmcr.org\/wp-content\/uploads\/2020\/11\/paquir.jpg","type":"image\/jpeg"}],"author":"RMCR","twitter_card":"summary_large_image","twitter_creator":"@PlazatorosRMR","twitter_site":"@PlazatorosRMR","twitter_misc":{"Written by":"RMCR","Est. reading time":"5 minutes"},"schema":{"@context":"https:\/\/schema.org","@graph":[{"@type":"Article","@id":"https:\/\/www.rmcr.org\/en\/2020\/11\/10\/toreros-historicos-en-la-plaza-de-toros-de-ronda-ix-francisco-montes-paquiro-el-torero-crucial-i\/#article","isPartOf":{"@id":"https:\/\/www.rmcr.org\/en\/2020\/11\/10\/toreros-historicos-en-la-plaza-de-toros-de-ronda-ix-francisco-montes-paquiro-el-torero-crucial-i\/"},"author":{"name":"RMCR","@id":"https:\/\/www.rmcr.org\/en\/#\/schema\/person\/7ddd0dafda7edd0e407157f93a56df4f"},"headline":"Toreros hist\u00f3ricos en la Plaza de Toros de Ronda (IX). Francisco Montes, Paquiro, el torero crucial (I)","datePublished":"2020-11-10T13:53:20+00:00","mainEntityOfPage":{"@id":"https:\/\/www.rmcr.org\/en\/2020\/11\/10\/toreros-historicos-en-la-plaza-de-toros-de-ronda-ix-francisco-montes-paquiro-el-torero-crucial-i\/"},"wordCount":948,"commentCount":0,"publisher":{"@id":"https:\/\/www.rmcr.org\/en\/#organization"},"image":{"@id":"https:\/\/www.rmcr.org\/en\/2020\/11\/10\/toreros-historicos-en-la-plaza-de-toros-de-ronda-ix-francisco-montes-paquiro-el-torero-crucial-i\/#primaryimage"},"thumbnailUrl":"https:\/\/www.rmcr.org\/wp-content\/uploads\/2020\/11\/paquir.jpg","keywords":["Francisco de Paula Jos\u00e9 Joaqu\u00edn Juan Montes Reina","Paquiro","Pedro Romero","Pepe Hillo","Plaza de Toros de Ronda","Real Maestranza de Caballer\u00eda de Ronda"],"articleSection":["Historia","Plaza de Toros","Real Maestranza","Tauromaquia"],"inLanguage":"en-US","potentialAction":[{"@type":"CommentAction","name":"Comment","target":["https:\/\/www.rmcr.org\/en\/2020\/11\/10\/toreros-historicos-en-la-plaza-de-toros-de-ronda-ix-francisco-montes-paquiro-el-torero-crucial-i\/#respond"]}]},{"@type":"WebPage","@id":"https:\/\/www.rmcr.org\/en\/2020\/11\/10\/toreros-historicos-en-la-plaza-de-toros-de-ronda-ix-francisco-montes-paquiro-el-torero-crucial-i\/","url":"https:\/\/www.rmcr.org\/en\/2020\/11\/10\/toreros-historicos-en-la-plaza-de-toros-de-ronda-ix-francisco-montes-paquiro-el-torero-crucial-i\/","name":"Toreros hist\u00f3ricos en la Plaza de Toros de Ronda (IX). Francisco Montes, Paquiro, el torero crucial (I) - Real Maestranza de Caballer\u00eda de Ronda","isPartOf":{"@id":"https:\/\/www.rmcr.org\/en\/#website"},"primaryImageOfPage":{"@id":"https:\/\/www.rmcr.org\/en\/2020\/11\/10\/toreros-historicos-en-la-plaza-de-toros-de-ronda-ix-francisco-montes-paquiro-el-torero-crucial-i\/#primaryimage"},"image":{"@id":"https:\/\/www.rmcr.org\/en\/2020\/11\/10\/toreros-historicos-en-la-plaza-de-toros-de-ronda-ix-francisco-montes-paquiro-el-torero-crucial-i\/#primaryimage"},"thumbnailUrl":"https:\/\/www.rmcr.org\/wp-content\/uploads\/2020\/11\/paquir.jpg","datePublished":"2020-11-10T13:53:20+00:00","breadcrumb":{"@id":"https:\/\/www.rmcr.org\/en\/2020\/11\/10\/toreros-historicos-en-la-plaza-de-toros-de-ronda-ix-francisco-montes-paquiro-el-torero-crucial-i\/#breadcrumb"},"inLanguage":"en-US","potentialAction":[{"@type":"ReadAction","target":["https:\/\/www.rmcr.org\/en\/2020\/11\/10\/toreros-historicos-en-la-plaza-de-toros-de-ronda-ix-francisco-montes-paquiro-el-torero-crucial-i\/"]}]},{"@type":"ImageObject","inLanguage":"en-US","@id":"https:\/\/www.rmcr.org\/en\/2020\/11\/10\/toreros-historicos-en-la-plaza-de-toros-de-ronda-ix-francisco-montes-paquiro-el-torero-crucial-i\/#primaryimage","url":"https:\/\/www.rmcr.org\/wp-content\/uploads\/2020\/11\/paquir.jpg","contentUrl":"https:\/\/www.rmcr.org\/wp-content\/uploads\/2020\/11\/paquir.jpg","width":482,"height":143},{"@type":"BreadcrumbList","@id":"https:\/\/www.rmcr.org\/en\/2020\/11\/10\/toreros-historicos-en-la-plaza-de-toros-de-ronda-ix-francisco-montes-paquiro-el-torero-crucial-i\/#breadcrumb","itemListElement":[{"@type":"ListItem","position":1,"name":"REAL MAESTRANZA DE CABALLER\u00cdA DE RONDA","item":"https:\/\/www.rmcr.org\/en\/"},{"@type":"ListItem","position":2,"name":"Toreros hist\u00f3ricos en la Plaza de Toros de Ronda (IX). Francisco Montes, Paquiro, el torero crucial (I)"}]},{"@type":"WebSite","@id":"https:\/\/www.rmcr.org\/en\/#website","url":"https:\/\/www.rmcr.org\/en\/","name":"Real Maestranza de Caballer\u00eda de Ronda","description":"Real Maestranza de Caballer\u00eda de Ronda","publisher":{"@id":"https:\/\/www.rmcr.org\/en\/#organization"},"alternateName":"RMCR","potentialAction":[{"@type":"SearchAction","target":{"@type":"EntryPoint","urlTemplate":"https:\/\/www.rmcr.org\/en\/?s={search_term_string}"},"query-input":{"@type":"PropertyValueSpecification","valueRequired":true,"valueName":"search_term_string"}}],"inLanguage":"en-US"},{"@type":"Organization","@id":"https:\/\/www.rmcr.org\/en\/#organization","name":"Real Maestranza de Caballer\u00eda de Ronda","alternateName":"RMR","url":"https:\/\/www.rmcr.org\/en\/","logo":{"@type":"ImageObject","inLanguage":"en-US","@id":"https:\/\/www.rmcr.org\/en\/#\/schema\/logo\/image\/","url":"https:\/\/www.rmcr.org\/wp-content\/uploads\/2022\/07\/logo-rmr-blue.svg","contentUrl":"https:\/\/www.rmcr.org\/wp-content\/uploads\/2022\/07\/logo-rmr-blue.svg","width":131,"height":129,"caption":"Real Maestranza de Caballer\u00eda de Ronda"},"image":{"@id":"https:\/\/www.rmcr.org\/en\/#\/schema\/logo\/image\/"},"sameAs":["https:\/\/www.facebook.com\/plazadetorosronda","https:\/\/x.com\/PlazatorosRMR","https:\/\/www.instagram.com\/realmaestranzaderonda\/","https:\/\/www.youtube.com\/channel\/UCrbO5IUN-8v_QML739vM4zg\/videos"]},{"@type":"Person","@id":"https:\/\/www.rmcr.org\/en\/#\/schema\/person\/7ddd0dafda7edd0e407157f93a56df4f","name":"RMCR","image":{"@type":"ImageObject","inLanguage":"en-US","@id":"https:\/\/secure.gravatar.com\/avatar\/adb75798b50800c24baa6a8706037b9469998c49eddeb95935f50f633cff80bb?s=96&d=mm&r=g","url":"https:\/\/secure.gravatar.com\/avatar\/adb75798b50800c24baa6a8706037b9469998c49eddeb95935f50f633cff80bb?s=96&d=mm&r=g","contentUrl":"https:\/\/secure.gravatar.com\/avatar\/adb75798b50800c24baa6a8706037b9469998c49eddeb95935f50f633cff80bb?s=96&d=mm&r=g","caption":"RMCR"},"url":"https:\/\/www.rmcr.org\/en\/author\/bitniks77\/"}]}},"_links":{"self":[{"href":"https:\/\/www.rmcr.org\/en\/wp-json\/wp\/v2\/posts\/7147","targetHints":{"allow":["GET"]}}],"collection":[{"href":"https:\/\/www.rmcr.org\/en\/wp-json\/wp\/v2\/posts"}],"about":[{"href":"https:\/\/www.rmcr.org\/en\/wp-json\/wp\/v2\/types\/post"}],"author":[{"embeddable":true,"href":"https:\/\/www.rmcr.org\/en\/wp-json\/wp\/v2\/users\/7"}],"replies":[{"embeddable":true,"href":"https:\/\/www.rmcr.org\/en\/wp-json\/wp\/v2\/comments?post=7147"}],"version-history":[{"count":0,"href":"https:\/\/www.rmcr.org\/en\/wp-json\/wp\/v2\/posts\/7147\/revisions"}],"wp:featuredmedia":[{"embeddable":true,"href":"https:\/\/www.rmcr.org\/en\/wp-json\/wp\/v2\/media\/7391"}],"wp:attachment":[{"href":"https:\/\/www.rmcr.org\/en\/wp-json\/wp\/v2\/media?parent=7147"}],"wp:term":[{"taxonomy":"category","embeddable":true,"href":"https:\/\/www.rmcr.org\/en\/wp-json\/wp\/v2\/categories?post=7147"},{"taxonomy":"post_tag","embeddable":true,"href":"https:\/\/www.rmcr.org\/en\/wp-json\/wp\/v2\/tags?post=7147"}],"curies":[{"name":"wp","href":"https:\/\/api.w.org\/{rel}","templated":true}]}}