{"id":7144,"date":"2020-10-27T13:25:27","date_gmt":"2020-10-27T13:25:27","guid":{"rendered":"https:\/\/www.rmcr.org\/?p=7144"},"modified":"2020-10-27T13:25:27","modified_gmt":"2020-10-27T13:25:27","slug":"toreros-historicos-en-la-plaza-de-toros-de-ronda-viii-juan-jimenez-el-morenillo-el-torero-ambidiestro","status":"publish","type":"post","link":"https:\/\/www.rmcr.org\/en\/2020\/10\/27\/toreros-historicos-en-la-plaza-de-toros-de-ronda-viii-juan-jimenez-el-morenillo-el-torero-ambidiestro\/","title":{"rendered":"Toreros hist\u00f3ricos en la Plaza de Toros de Ronda (VIII). Juan Jim\u00e9nez &#8220;El Morenillo&#8221;, el torero ambidiestro"},"content":{"rendered":"\n<p>Torero formado, como otros primeros espadas de su \u00e9poca, a la sombra del gentil Curro Guill\u00e9n, que perder\u00eda la vida en la arena de Ronda. Sobre la fecha de nacimiento de Juan Jim\u00e9nez discrepan los historiadores con una diferencia de diez a\u00f1os, aunque los estudios m\u00e1s recientes dan por v\u00e1lida la de 1783 en Sevilla. Ese a\u00f1o, en la recta final del reinado de Carlos III, se firmaba la Paz de Versalles que reconoc\u00eda la independencia de Estados Unidos.<\/p>\n<p>Coinciden los bi\u00f3grafos en que a los seis a\u00f1os qued\u00f3 hu\u00e9rfano de padre y madre, cuando hab\u00eda aprendido a leer y escribir, lo que apunta a que era de natural despierto. Qued\u00f3 a cargo de una t\u00eda, que procur\u00f3 enseguida formarle en un oficio para que contribuyera lo m\u00e1s pronto posible a la econom\u00eda familiar. El chiquillo pas\u00f3 poco tiempo por el taller de zapatero, prefer\u00eda merodear por la Puerta de la Carne, y m\u00e1s concretamente por el matadero del cercano arrabal de San Bernardo. <em>\u201c<\/em>Siempre se re\u00fane en aquel llano un buen n\u00famero de gente que agitando sus capas y con agudos silbidos logran con frecuencia dispersar la piara y separar a la res m\u00e1s brava para divertirse con ella. El matadero est\u00e1 tan admitido como escuela de tauromaquia que se le da el apodo de Colegio\u201d, escribe Blanco White en sus <em>Cartas desde Espa\u00f1a.<\/em><\/p>\n<p><a href=\"https:\/\/www.rmcr.org\/wp-content\/uploads\/2020\/10\/juan-gimenez-morenillo.jpg\"><img fetchpriority=\"high\" decoding=\"async\" class=\"size-full wp-image-1231 aligncenter\" src=\"https:\/\/www.rmcr.org\/wp-content\/uploads\/2020\/10\/juan-gimenez-morenillo.jpg\" alt=\"\" width=\"470\" height=\"717\" srcset=\"https:\/\/www.rmcr.org\/wp-content\/uploads\/2020\/10\/juan-gimenez-morenillo.jpg 500w, https:\/\/www.rmcr.org\/wp-content\/uploads\/2020\/10\/juan-gimenez-morenillo-197x300.jpg 197w\" sizes=\"(max-width: 470px) 100vw, 470px\" \/><\/a><\/p>\n<p style=\"text-align:center;\"><em>Juan Gim\u00e9nez (el Morenillo). &#8220;Historia del toreo y de las principales ganader\u00edas de Espa\u00f1a&#8221; de Fernando Garc\u00eda de Bedoya (Madrid, 1850). Biblioteca-RMR<\/em><\/p>\n<p>El chico se escap\u00f3 de su pariente y se traslad\u00f3 a vivir al taurino barrio, se desconoce en qu\u00e9 circunstancias, pero aprovechando cualquier ocasi\u00f3n para capear reses, cada vez de mayor tama\u00f1o. Sus buenas trazas de ni\u00f1o adelantado llamaron la atenci\u00f3n de Guill\u00e9n, que como otros maestros acud\u00eda a los corrales del matadero. Lo recogi\u00f3, por as\u00ed decirlo, en su cuadrilla, como hizo tambi\u00e9n con Juan Le\u00f3n y Antonio Ruiz <em>El Sombrerero<\/em>. Siempre dispuesto a ayudar a los menores que promet\u00edan, Guill\u00e9n fue quien lo convirti\u00f3 en ambidiestro, ya que el chaval era zurdo, y por el color de su piel le pusieron el mote que lo acompa\u00f1ar\u00eda siempre. Cuentan que debido a su precocidad le dejaban matar un becerro en las corridas contratadas por Guill\u00e9n, por lo que cobraba un salario especial. Y cuando el maestro se lo llev\u00f3 a su exilio en Portugal durante la Guerra de la Independencia, all\u00ed se solt\u00f3 de tal manera que los empresarios lo inclu\u00edan como atracci\u00f3n del cartel para estoquear reses de mayor edad, bajo la vigilancia de su protector.<\/p>\n<p>Deb\u00eda haber despuntado el car\u00e1cter engallado que le adjudican, ya que al cabo de cuatro a\u00f1os decidi\u00f3 desligarse de Guill\u00e9n para disgusto de \u00e9ste y regresar a Espa\u00f1a, donde el franc\u00e9s Jos\u00e9 I hab\u00eda levantado nada m\u00e1s llegar la prohibici\u00f3n de las corridas de toros que implantara Carlos IV en 1805, y adem\u00e1s las fomentaba. Se uni\u00f3 entonces a un matador ya veterano, Manuel Correa, que se aprovech\u00f3 de \u00e9l en plazas menores de la provincia de Sevilla, cuando el campo estaba esquilmado por la guerra y donde imperaba el desorden popular de la resistencia contra el franc\u00e9s.<\/p>\n<p>Finalizada la contienda, en 1815 se presenta en Sevilla acompa\u00f1ando al prestigioso Jer\u00f3nimo Jos\u00e9 C\u00e1ndido como banderillero y media espada, y con el que pasados los a\u00f1os alternar\u00eda en Ronda en las ferias de mayo de 1821 y 1822. Esa influencia le vendr\u00eda muy bien para pulir sus facultades lidiadoras y afinar en la suerte suprema; despu\u00e9s se desplaz\u00f3 a Madrid con el gitano Juan N\u00fa\u00f1ez <em>Sentimientos<\/em>, controvertido personaje al que tuvo que sustituir durante unos festejos organizados en fechas de carnaval. Volvi\u00f3 a actuar en diferentes plazas con Guill\u00e9n a su regreso a Espa\u00f1a, que hab\u00eda recuperado a Juan Le\u00f3n como su preferido; en esas ocasiones surgir\u00eda entre ambos disc\u00edpulos una enconada hostilidad. M\u00e1s tarde se uni\u00f3 a la cuadrilla de Francisco Hern\u00e1ndez <em>El Bolero<\/em>, un oscuro torero con el que tambi\u00e9n acab\u00f3 en disputa de protagonismos. En 1819 decidi\u00f3 que no volver\u00eda a encuadrarse en la cuadrilla de nadie m\u00e1s y no figurar\u00eda en los carteles detr\u00e1s de quien no fueran sus maestros, Guill\u00e9n y C\u00e1ndido, a los que siempre guard\u00f3 respeto.<\/p>\n<p>La muerte de Guill\u00e9n en 1820 conmocion\u00f3 a Espa\u00f1a, pero le abrir\u00eda a Jim\u00e9nez el panorama como primer espada, al igual que a sus antiguos compa\u00f1eros, Juan Le\u00f3n y Antonio Ruiz. Esta trilog\u00eda de toreros principales, rivales ac\u00e9rrimos que no aportaron nada significativo, sostuvo sin embargo la fiesta de los toros durante un per\u00edodo considerado de decadencia, que no pod\u00eda ser ajena a las perturbaciones sociales que sacudieron la d\u00e9cada, etapa de aton\u00eda art\u00edstica de la tauromaquia que se iluminar\u00eda con la rutilante aparici\u00f3n en escena de Francisco Montes <em>Paquiro<\/em>. Y ser\u00eda precisamente <em>El Morenill<\/em>o quien le dar\u00eda la alternativa al nuevo astro el 18 de abril de 1831 en Madrid.<\/p>\n<p><a href=\"https:\/\/www.rmcr.org\/wp-content\/uploads\/2020\/10\/bodas-reales-1846.jpg\"><img decoding=\"async\" class=\"size-full wp-image-1229 aligncenter\" src=\"https:\/\/www.rmcr.org\/wp-content\/uploads\/2020\/10\/bodas-reales-1846.jpg\" alt=\"\" width=\"470\" height=\"393\" \/><\/a><\/p>\n<p style=\"text-align:center;\"><em>Fiesta real de toros en la Plaza Mayor. Jos\u00e9 Rubio de Villegas, \u00f3leo sobre lienzo, 1846. Museo de Historia de Madrid<\/em><\/p>\n<p>\u201cSereno de esp\u00edritu, duro de coraz\u00f3n, delgado de cuerpo y de una elasticidad muscular envidiable\u201d, basando su carrera en un valor tranquilo, con la particularidad a\u00f1adida de que pod\u00eda lidiar y entrar a matar con ambas manos, sufri\u00f3 no pocos percances. Mermado de facultades, pero siempre suspicaz y terco en ese punto, impuso siempre ser cabeza de cartel sin ceder ante la generaci\u00f3n de grandes diestros que ven\u00edan arreando. As\u00ed figura como jefe de la primera cuadrilla de toreros en las funciones reales de toros celebradas durante tres d\u00edas de 1846, con motivo del doble casamiento de la Reina Do\u00f1a Isabel II y su hermana Do\u00f1a Luisa Fernanda. Fue la \u00faltima vez que se corrieron toros en la plaza mayor de Madrid, llamada de la Constituci\u00f3n. El programa inclu\u00eda, junto a corridas en la que alternaban unos toreros con otros, la participaci\u00f3n de nobles caballeros rejoneadores auxiliados por el propio Jim\u00e9nez, Montes, Jos\u00e9 Redondo <em>El Chiclanero<\/em>, <em>C\u00fachares<\/em> o Juan Le\u00f3n, que hac\u00edan las veces de los peones de anta\u00f1o en recreaciones de un toreo caballeresco extinto.<\/p>\n<p>Poco despu\u00e9s se retiraba, para invertir sus ahorros en un modesto negocio de tablajero y vendedor de chacina. No le sali\u00f3 bien y tuvo que regresar a los ruedos en los primeros a\u00f1os de la d\u00e9cada de los cincuenta, cuando ya era casi septuagenario. Imposibilitado ya, desde 1854 se mantuvo con un despacho de reventa de pan en el portal de su casa de la plaza de Santo Domingo de Madrid. Debieron servir de b\u00e1lsamo a su car\u00e1cter retra\u00eddo y desconfiado las visitas que le hac\u00edan todos los toreros famosos, y la cari\u00f1osa deferencia y auxilio que le brindaron hasta el d\u00eda de su muerte, en 1866. <em>C\u00fachares<\/em> y <em>El Tato<\/em> pagaron su l\u00e1pida funeraria.<\/p>\n<p><strong><em>Bibliograf\u00eda<\/em><\/strong><\/p>\n\n\n\n\n\n\n\n\n\n\n\n\n\n\n\n\n\n\n\n<p>J. M. Coss\u00edo. <em>Los toros. Tratado t\u00e9cnico e hist\u00f3ric<\/em>o, vol. III. Espasa Calpe, Madrid, 1943.<\/p>\n\n\n\n<p>Vel\u00e1zquez y S\u00e1nchez. <em>Anales del toreo.<\/em> Imprenta y ed. Juan Moyano, Sevilla, 1868.<\/p>\n\n\n\n<p>J. S\u00e1nchez de Neira. <em>El Toreo. <\/em><em>Gran diccionario taurom\u00e1quico<\/em>. Imprenta de Miguel Guijarro, Madrid, 1879 (Turner, Madrid, 1988).<\/p>\n\n\n\n<p>Nestor Luj\u00e1n. <em>Historia del toreo<\/em>. Ediciones Destino, Barcelona, 1954.<\/p>\n\n\n\n<p>G\u00f3mez de Bedoya. <em>Historia del toreo y de las principales ganader\u00edas de Espa\u00f1a<\/em>. Madrid, 1850. Publicado por Egartorre Libros, Madrid, 1989.<\/p>\n\n\n\n<p>N. Rivas Santiago. <em>Toreros del romanticismo (anecdotario taurino)<\/em>, pr\u00f3l. de J. Belmonte, Madrid, Aguilar, 1947 (Madrid, Aguilar, 1987).<\/p>\n","protected":false},"excerpt":{"rendered":"<p>Torero formado, como otros primeros espadas de su \u00e9poca, a la sombra del gentil Curro Guill\u00e9n que perder\u00eda la vida en la arena de Ronda. Sobre la fecha de nacimiento de Juan Jim\u00e9nez discrepan los historiadores con una diferencia de diez a\u00f1os, aunque los estudios m\u00e1s recientes dan por v\u00e1lida la de 1783 en Sevilla. Ese a\u00f1o, en la recta final del reinado de Carlos III, se firmaba la Paz de Versalles que reconoc\u00eda la independencia de Estados Unidos.<\/p>\n","protected":false},"author":7,"featured_media":7386,"comment_status":"open","ping_status":"open","sticky":false,"template":"","format":"standard","meta":{"footnotes":""},"categories":[284,277,301,278],"tags":[403,404,315,98,114,355,376],"class_list":["post-7144","post","type-post","status-publish","format-standard","has-post-thumbnail","hentry","category-historia","category-plaza-de-toros","category-real-maestranza","category-tauromaquia","tag-juan-jimenez","tag-juan-jimenez-el-morenillo","tag-plaza-de-toros-de-ronda","tag-real-maestranza-de-caballeria-de-ronda","tag-ronda","tag-torero","tag-toreros-historicos"],"yoast_head":"<!-- This site is optimized with the Yoast SEO plugin v27.5 - https:\/\/yoast.com\/product\/yoast-seo-wordpress\/ -->\n<title>Toreros hist\u00f3ricos en la Plaza de Toros de Ronda (VIII). Juan Jim\u00e9nez &quot;El Morenillo&quot;, el torero ambidiestro - Real Maestranza de Caballer\u00eda de Ronda<\/title>\n<meta name=\"robots\" content=\"index, follow, max-snippet:-1, max-image-preview:large, max-video-preview:-1\" \/>\n<link rel=\"canonical\" href=\"https:\/\/www.rmcr.org\/en\/2020\/10\/27\/toreros-historicos-en-la-plaza-de-toros-de-ronda-viii-juan-jimenez-el-morenillo-el-torero-ambidiestro\/\" \/>\n<meta property=\"og:locale\" content=\"en_US\" \/>\n<meta property=\"og:type\" content=\"article\" \/>\n<meta property=\"og:title\" content=\"Toreros hist\u00f3ricos en la Plaza de Toros de Ronda (VIII). Juan Jim\u00e9nez &quot;El Morenillo&quot;, el torero ambidiestro - Real Maestranza de Caballer\u00eda de Ronda\" \/>\n<meta property=\"og:description\" content=\"Torero formado, como otros primeros espadas de su \u00e9poca, a la sombra del gentil Curro Guill\u00e9n que perder\u00eda la vida en la arena de Ronda. Sobre la fecha de nacimiento de Juan Jim\u00e9nez discrepan los historiadores con una diferencia de diez a\u00f1os, aunque los estudios m\u00e1s recientes dan por v\u00e1lida la de 1783 en Sevilla. Ese a\u00f1o, en la recta final del reinado de Carlos III, se firmaba la Paz de Versalles que reconoc\u00eda la independencia de Estados Unidos.\" \/>\n<meta property=\"og:url\" content=\"https:\/\/www.rmcr.org\/en\/2020\/10\/27\/toreros-historicos-en-la-plaza-de-toros-de-ronda-viii-juan-jimenez-el-morenillo-el-torero-ambidiestro\/\" \/>\n<meta property=\"og:site_name\" content=\"Real Maestranza de Caballer\u00eda de Ronda\" \/>\n<meta property=\"article:publisher\" content=\"https:\/\/www.facebook.com\/plazadetorosronda\" \/>\n<meta property=\"article:published_time\" content=\"2020-10-27T13:25:27+00:00\" \/>\n<meta property=\"og:image\" content=\"https:\/\/www.rmcr.org\/wp-content\/uploads\/2020\/10\/morenill.jpg\" \/>\n\t<meta property=\"og:image:width\" content=\"482\" \/>\n\t<meta property=\"og:image:height\" content=\"142\" \/>\n\t<meta property=\"og:image:type\" content=\"image\/jpeg\" \/>\n<meta name=\"author\" content=\"RMCR\" \/>\n<meta name=\"twitter:card\" content=\"summary_large_image\" \/>\n<meta name=\"twitter:creator\" content=\"@PlazatorosRMR\" \/>\n<meta name=\"twitter:site\" content=\"@PlazatorosRMR\" \/>\n<meta name=\"twitter:label1\" content=\"Written by\" \/>\n\t<meta name=\"twitter:data1\" content=\"RMCR\" \/>\n\t<meta name=\"twitter:label2\" content=\"Est. reading time\" \/>\n\t<meta name=\"twitter:data2\" content=\"7 minutes\" \/>\n<script type=\"application\/ld+json\" class=\"yoast-schema-graph\">{\"@context\":\"https:\\\/\\\/schema.org\",\"@graph\":[{\"@type\":\"Article\",\"@id\":\"https:\\\/\\\/www.rmcr.org\\\/en\\\/2020\\\/10\\\/27\\\/toreros-historicos-en-la-plaza-de-toros-de-ronda-viii-juan-jimenez-el-morenillo-el-torero-ambidiestro\\\/#article\",\"isPartOf\":{\"@id\":\"https:\\\/\\\/www.rmcr.org\\\/en\\\/2020\\\/10\\\/27\\\/toreros-historicos-en-la-plaza-de-toros-de-ronda-viii-juan-jimenez-el-morenillo-el-torero-ambidiestro\\\/\"},\"author\":{\"name\":\"RMCR\",\"@id\":\"https:\\\/\\\/www.rmcr.org\\\/en\\\/#\\\/schema\\\/person\\\/7ddd0dafda7edd0e407157f93a56df4f\"},\"headline\":\"Toreros hist\u00f3ricos en la Plaza de Toros de Ronda (VIII). Juan Jim\u00e9nez &#8220;El Morenillo&#8221;, el torero ambidiestro\",\"datePublished\":\"2020-10-27T13:25:27+00:00\",\"mainEntityOfPage\":{\"@id\":\"https:\\\/\\\/www.rmcr.org\\\/en\\\/2020\\\/10\\\/27\\\/toreros-historicos-en-la-plaza-de-toros-de-ronda-viii-juan-jimenez-el-morenillo-el-torero-ambidiestro\\\/\"},\"wordCount\":1343,\"commentCount\":0,\"publisher\":{\"@id\":\"https:\\\/\\\/www.rmcr.org\\\/en\\\/#organization\"},\"image\":{\"@id\":\"https:\\\/\\\/www.rmcr.org\\\/en\\\/2020\\\/10\\\/27\\\/toreros-historicos-en-la-plaza-de-toros-de-ronda-viii-juan-jimenez-el-morenillo-el-torero-ambidiestro\\\/#primaryimage\"},\"thumbnailUrl\":\"https:\\\/\\\/www.rmcr.org\\\/wp-content\\\/uploads\\\/2020\\\/10\\\/morenill.jpg\",\"keywords\":[\"Juan Jim\u00e9nez\",\"Juan Jim\u00e9nez el Morenillo\",\"Plaza de Toros de Ronda\",\"Real Maestranza de Caballer\u00eda de Ronda\",\"Ronda\",\"Torero\",\"Toreros hist\u00f3ricos\"],\"articleSection\":[\"Historia\",\"Plaza de Toros\",\"Real Maestranza\",\"Tauromaquia\"],\"inLanguage\":\"en-US\",\"potentialAction\":[{\"@type\":\"CommentAction\",\"name\":\"Comment\",\"target\":[\"https:\\\/\\\/www.rmcr.org\\\/en\\\/2020\\\/10\\\/27\\\/toreros-historicos-en-la-plaza-de-toros-de-ronda-viii-juan-jimenez-el-morenillo-el-torero-ambidiestro\\\/#respond\"]}]},{\"@type\":\"WebPage\",\"@id\":\"https:\\\/\\\/www.rmcr.org\\\/en\\\/2020\\\/10\\\/27\\\/toreros-historicos-en-la-plaza-de-toros-de-ronda-viii-juan-jimenez-el-morenillo-el-torero-ambidiestro\\\/\",\"url\":\"https:\\\/\\\/www.rmcr.org\\\/en\\\/2020\\\/10\\\/27\\\/toreros-historicos-en-la-plaza-de-toros-de-ronda-viii-juan-jimenez-el-morenillo-el-torero-ambidiestro\\\/\",\"name\":\"Toreros hist\u00f3ricos en la Plaza de Toros de Ronda (VIII). Juan Jim\u00e9nez \\\"El Morenillo\\\", el torero ambidiestro - Real Maestranza de Caballer\u00eda de Ronda\",\"isPartOf\":{\"@id\":\"https:\\\/\\\/www.rmcr.org\\\/en\\\/#website\"},\"primaryImageOfPage\":{\"@id\":\"https:\\\/\\\/www.rmcr.org\\\/en\\\/2020\\\/10\\\/27\\\/toreros-historicos-en-la-plaza-de-toros-de-ronda-viii-juan-jimenez-el-morenillo-el-torero-ambidiestro\\\/#primaryimage\"},\"image\":{\"@id\":\"https:\\\/\\\/www.rmcr.org\\\/en\\\/2020\\\/10\\\/27\\\/toreros-historicos-en-la-plaza-de-toros-de-ronda-viii-juan-jimenez-el-morenillo-el-torero-ambidiestro\\\/#primaryimage\"},\"thumbnailUrl\":\"https:\\\/\\\/www.rmcr.org\\\/wp-content\\\/uploads\\\/2020\\\/10\\\/morenill.jpg\",\"datePublished\":\"2020-10-27T13:25:27+00:00\",\"breadcrumb\":{\"@id\":\"https:\\\/\\\/www.rmcr.org\\\/en\\\/2020\\\/10\\\/27\\\/toreros-historicos-en-la-plaza-de-toros-de-ronda-viii-juan-jimenez-el-morenillo-el-torero-ambidiestro\\\/#breadcrumb\"},\"inLanguage\":\"en-US\",\"potentialAction\":[{\"@type\":\"ReadAction\",\"target\":[\"https:\\\/\\\/www.rmcr.org\\\/en\\\/2020\\\/10\\\/27\\\/toreros-historicos-en-la-plaza-de-toros-de-ronda-viii-juan-jimenez-el-morenillo-el-torero-ambidiestro\\\/\"]}]},{\"@type\":\"ImageObject\",\"inLanguage\":\"en-US\",\"@id\":\"https:\\\/\\\/www.rmcr.org\\\/en\\\/2020\\\/10\\\/27\\\/toreros-historicos-en-la-plaza-de-toros-de-ronda-viii-juan-jimenez-el-morenillo-el-torero-ambidiestro\\\/#primaryimage\",\"url\":\"https:\\\/\\\/www.rmcr.org\\\/wp-content\\\/uploads\\\/2020\\\/10\\\/morenill.jpg\",\"contentUrl\":\"https:\\\/\\\/www.rmcr.org\\\/wp-content\\\/uploads\\\/2020\\\/10\\\/morenill.jpg\",\"width\":482,\"height\":142},{\"@type\":\"BreadcrumbList\",\"@id\":\"https:\\\/\\\/www.rmcr.org\\\/en\\\/2020\\\/10\\\/27\\\/toreros-historicos-en-la-plaza-de-toros-de-ronda-viii-juan-jimenez-el-morenillo-el-torero-ambidiestro\\\/#breadcrumb\",\"itemListElement\":[{\"@type\":\"ListItem\",\"position\":1,\"name\":\"REAL MAESTRANZA DE CABALLER\u00cdA DE RONDA\",\"item\":\"https:\\\/\\\/www.rmcr.org\\\/en\\\/\"},{\"@type\":\"ListItem\",\"position\":2,\"name\":\"Toreros hist\u00f3ricos en la Plaza de Toros de Ronda (VIII). Juan Jim\u00e9nez \u00abEl Morenillo\u00bb, el torero ambidiestro\"}]},{\"@type\":\"WebSite\",\"@id\":\"https:\\\/\\\/www.rmcr.org\\\/en\\\/#website\",\"url\":\"https:\\\/\\\/www.rmcr.org\\\/en\\\/\",\"name\":\"Real Maestranza de Caballer\u00eda de Ronda\",\"description\":\"Real Maestranza de Caballer\u00eda de Ronda\",\"publisher\":{\"@id\":\"https:\\\/\\\/www.rmcr.org\\\/en\\\/#organization\"},\"alternateName\":\"RMCR\",\"potentialAction\":[{\"@type\":\"SearchAction\",\"target\":{\"@type\":\"EntryPoint\",\"urlTemplate\":\"https:\\\/\\\/www.rmcr.org\\\/en\\\/?s={search_term_string}\"},\"query-input\":{\"@type\":\"PropertyValueSpecification\",\"valueRequired\":true,\"valueName\":\"search_term_string\"}}],\"inLanguage\":\"en-US\"},{\"@type\":\"Organization\",\"@id\":\"https:\\\/\\\/www.rmcr.org\\\/en\\\/#organization\",\"name\":\"Real Maestranza de Caballer\u00eda de Ronda\",\"alternateName\":\"RMR\",\"url\":\"https:\\\/\\\/www.rmcr.org\\\/en\\\/\",\"logo\":{\"@type\":\"ImageObject\",\"inLanguage\":\"en-US\",\"@id\":\"https:\\\/\\\/www.rmcr.org\\\/en\\\/#\\\/schema\\\/logo\\\/image\\\/\",\"url\":\"https:\\\/\\\/www.rmcr.org\\\/wp-content\\\/uploads\\\/2022\\\/07\\\/logo-rmr-blue.svg\",\"contentUrl\":\"https:\\\/\\\/www.rmcr.org\\\/wp-content\\\/uploads\\\/2022\\\/07\\\/logo-rmr-blue.svg\",\"width\":131,\"height\":129,\"caption\":\"Real Maestranza de Caballer\u00eda de Ronda\"},\"image\":{\"@id\":\"https:\\\/\\\/www.rmcr.org\\\/en\\\/#\\\/schema\\\/logo\\\/image\\\/\"},\"sameAs\":[\"https:\\\/\\\/www.facebook.com\\\/plazadetorosronda\",\"https:\\\/\\\/x.com\\\/PlazatorosRMR\",\"https:\\\/\\\/www.instagram.com\\\/realmaestranzaderonda\\\/\",\"https:\\\/\\\/www.youtube.com\\\/channel\\\/UCrbO5IUN-8v_QML739vM4zg\\\/videos\"]},{\"@type\":\"Person\",\"@id\":\"https:\\\/\\\/www.rmcr.org\\\/en\\\/#\\\/schema\\\/person\\\/7ddd0dafda7edd0e407157f93a56df4f\",\"name\":\"RMCR\",\"image\":{\"@type\":\"ImageObject\",\"inLanguage\":\"en-US\",\"@id\":\"https:\\\/\\\/secure.gravatar.com\\\/avatar\\\/adb75798b50800c24baa6a8706037b9469998c49eddeb95935f50f633cff80bb?s=96&d=mm&r=g\",\"url\":\"https:\\\/\\\/secure.gravatar.com\\\/avatar\\\/adb75798b50800c24baa6a8706037b9469998c49eddeb95935f50f633cff80bb?s=96&d=mm&r=g\",\"contentUrl\":\"https:\\\/\\\/secure.gravatar.com\\\/avatar\\\/adb75798b50800c24baa6a8706037b9469998c49eddeb95935f50f633cff80bb?s=96&d=mm&r=g\",\"caption\":\"RMCR\"},\"url\":\"https:\\\/\\\/www.rmcr.org\\\/en\\\/author\\\/bitniks77\\\/\"}]}<\/script>\n<!-- \/ Yoast SEO plugin. -->","yoast_head_json":{"title":"Toreros hist\u00f3ricos en la Plaza de Toros de Ronda (VIII). Juan Jim\u00e9nez \"El Morenillo\", el torero ambidiestro - Real Maestranza de Caballer\u00eda de Ronda","robots":{"index":"index","follow":"follow","max-snippet":"max-snippet:-1","max-image-preview":"max-image-preview:large","max-video-preview":"max-video-preview:-1"},"canonical":"https:\/\/www.rmcr.org\/en\/2020\/10\/27\/toreros-historicos-en-la-plaza-de-toros-de-ronda-viii-juan-jimenez-el-morenillo-el-torero-ambidiestro\/","og_locale":"en_US","og_type":"article","og_title":"Toreros hist\u00f3ricos en la Plaza de Toros de Ronda (VIII). Juan Jim\u00e9nez \"El Morenillo\", el torero ambidiestro - Real Maestranza de Caballer\u00eda de Ronda","og_description":"Torero formado, como otros primeros espadas de su \u00e9poca, a la sombra del gentil Curro Guill\u00e9n que perder\u00eda la vida en la arena de Ronda. Sobre la fecha de nacimiento de Juan Jim\u00e9nez discrepan los historiadores con una diferencia de diez a\u00f1os, aunque los estudios m\u00e1s recientes dan por v\u00e1lida la de 1783 en Sevilla. Ese a\u00f1o, en la recta final del reinado de Carlos III, se firmaba la Paz de Versalles que reconoc\u00eda la independencia de Estados Unidos.","og_url":"https:\/\/www.rmcr.org\/en\/2020\/10\/27\/toreros-historicos-en-la-plaza-de-toros-de-ronda-viii-juan-jimenez-el-morenillo-el-torero-ambidiestro\/","og_site_name":"Real Maestranza de Caballer\u00eda de Ronda","article_publisher":"https:\/\/www.facebook.com\/plazadetorosronda","article_published_time":"2020-10-27T13:25:27+00:00","og_image":[{"width":482,"height":142,"url":"https:\/\/www.rmcr.org\/wp-content\/uploads\/2020\/10\/morenill.jpg","type":"image\/jpeg"}],"author":"RMCR","twitter_card":"summary_large_image","twitter_creator":"@PlazatorosRMR","twitter_site":"@PlazatorosRMR","twitter_misc":{"Written by":"RMCR","Est. reading time":"7 minutes"},"schema":{"@context":"https:\/\/schema.org","@graph":[{"@type":"Article","@id":"https:\/\/www.rmcr.org\/en\/2020\/10\/27\/toreros-historicos-en-la-plaza-de-toros-de-ronda-viii-juan-jimenez-el-morenillo-el-torero-ambidiestro\/#article","isPartOf":{"@id":"https:\/\/www.rmcr.org\/en\/2020\/10\/27\/toreros-historicos-en-la-plaza-de-toros-de-ronda-viii-juan-jimenez-el-morenillo-el-torero-ambidiestro\/"},"author":{"name":"RMCR","@id":"https:\/\/www.rmcr.org\/en\/#\/schema\/person\/7ddd0dafda7edd0e407157f93a56df4f"},"headline":"Toreros hist\u00f3ricos en la Plaza de Toros de Ronda (VIII). Juan Jim\u00e9nez &#8220;El Morenillo&#8221;, el torero ambidiestro","datePublished":"2020-10-27T13:25:27+00:00","mainEntityOfPage":{"@id":"https:\/\/www.rmcr.org\/en\/2020\/10\/27\/toreros-historicos-en-la-plaza-de-toros-de-ronda-viii-juan-jimenez-el-morenillo-el-torero-ambidiestro\/"},"wordCount":1343,"commentCount":0,"publisher":{"@id":"https:\/\/www.rmcr.org\/en\/#organization"},"image":{"@id":"https:\/\/www.rmcr.org\/en\/2020\/10\/27\/toreros-historicos-en-la-plaza-de-toros-de-ronda-viii-juan-jimenez-el-morenillo-el-torero-ambidiestro\/#primaryimage"},"thumbnailUrl":"https:\/\/www.rmcr.org\/wp-content\/uploads\/2020\/10\/morenill.jpg","keywords":["Juan Jim\u00e9nez","Juan Jim\u00e9nez el Morenillo","Plaza de Toros de Ronda","Real Maestranza de Caballer\u00eda de Ronda","Ronda","Torero","Toreros hist\u00f3ricos"],"articleSection":["Historia","Plaza de Toros","Real Maestranza","Tauromaquia"],"inLanguage":"en-US","potentialAction":[{"@type":"CommentAction","name":"Comment","target":["https:\/\/www.rmcr.org\/en\/2020\/10\/27\/toreros-historicos-en-la-plaza-de-toros-de-ronda-viii-juan-jimenez-el-morenillo-el-torero-ambidiestro\/#respond"]}]},{"@type":"WebPage","@id":"https:\/\/www.rmcr.org\/en\/2020\/10\/27\/toreros-historicos-en-la-plaza-de-toros-de-ronda-viii-juan-jimenez-el-morenillo-el-torero-ambidiestro\/","url":"https:\/\/www.rmcr.org\/en\/2020\/10\/27\/toreros-historicos-en-la-plaza-de-toros-de-ronda-viii-juan-jimenez-el-morenillo-el-torero-ambidiestro\/","name":"Toreros hist\u00f3ricos en la Plaza de Toros de Ronda (VIII). Juan Jim\u00e9nez \"El Morenillo\", el torero ambidiestro - Real Maestranza de Caballer\u00eda de Ronda","isPartOf":{"@id":"https:\/\/www.rmcr.org\/en\/#website"},"primaryImageOfPage":{"@id":"https:\/\/www.rmcr.org\/en\/2020\/10\/27\/toreros-historicos-en-la-plaza-de-toros-de-ronda-viii-juan-jimenez-el-morenillo-el-torero-ambidiestro\/#primaryimage"},"image":{"@id":"https:\/\/www.rmcr.org\/en\/2020\/10\/27\/toreros-historicos-en-la-plaza-de-toros-de-ronda-viii-juan-jimenez-el-morenillo-el-torero-ambidiestro\/#primaryimage"},"thumbnailUrl":"https:\/\/www.rmcr.org\/wp-content\/uploads\/2020\/10\/morenill.jpg","datePublished":"2020-10-27T13:25:27+00:00","breadcrumb":{"@id":"https:\/\/www.rmcr.org\/en\/2020\/10\/27\/toreros-historicos-en-la-plaza-de-toros-de-ronda-viii-juan-jimenez-el-morenillo-el-torero-ambidiestro\/#breadcrumb"},"inLanguage":"en-US","potentialAction":[{"@type":"ReadAction","target":["https:\/\/www.rmcr.org\/en\/2020\/10\/27\/toreros-historicos-en-la-plaza-de-toros-de-ronda-viii-juan-jimenez-el-morenillo-el-torero-ambidiestro\/"]}]},{"@type":"ImageObject","inLanguage":"en-US","@id":"https:\/\/www.rmcr.org\/en\/2020\/10\/27\/toreros-historicos-en-la-plaza-de-toros-de-ronda-viii-juan-jimenez-el-morenillo-el-torero-ambidiestro\/#primaryimage","url":"https:\/\/www.rmcr.org\/wp-content\/uploads\/2020\/10\/morenill.jpg","contentUrl":"https:\/\/www.rmcr.org\/wp-content\/uploads\/2020\/10\/morenill.jpg","width":482,"height":142},{"@type":"BreadcrumbList","@id":"https:\/\/www.rmcr.org\/en\/2020\/10\/27\/toreros-historicos-en-la-plaza-de-toros-de-ronda-viii-juan-jimenez-el-morenillo-el-torero-ambidiestro\/#breadcrumb","itemListElement":[{"@type":"ListItem","position":1,"name":"REAL MAESTRANZA DE CABALLER\u00cdA DE RONDA","item":"https:\/\/www.rmcr.org\/en\/"},{"@type":"ListItem","position":2,"name":"Toreros hist\u00f3ricos en la Plaza de Toros de Ronda (VIII). Juan Jim\u00e9nez \u00abEl Morenillo\u00bb, el torero ambidiestro"}]},{"@type":"WebSite","@id":"https:\/\/www.rmcr.org\/en\/#website","url":"https:\/\/www.rmcr.org\/en\/","name":"Real Maestranza de Caballer\u00eda de Ronda","description":"Real Maestranza de Caballer\u00eda de Ronda","publisher":{"@id":"https:\/\/www.rmcr.org\/en\/#organization"},"alternateName":"RMCR","potentialAction":[{"@type":"SearchAction","target":{"@type":"EntryPoint","urlTemplate":"https:\/\/www.rmcr.org\/en\/?s={search_term_string}"},"query-input":{"@type":"PropertyValueSpecification","valueRequired":true,"valueName":"search_term_string"}}],"inLanguage":"en-US"},{"@type":"Organization","@id":"https:\/\/www.rmcr.org\/en\/#organization","name":"Real Maestranza de Caballer\u00eda de Ronda","alternateName":"RMR","url":"https:\/\/www.rmcr.org\/en\/","logo":{"@type":"ImageObject","inLanguage":"en-US","@id":"https:\/\/www.rmcr.org\/en\/#\/schema\/logo\/image\/","url":"https:\/\/www.rmcr.org\/wp-content\/uploads\/2022\/07\/logo-rmr-blue.svg","contentUrl":"https:\/\/www.rmcr.org\/wp-content\/uploads\/2022\/07\/logo-rmr-blue.svg","width":131,"height":129,"caption":"Real Maestranza de Caballer\u00eda de Ronda"},"image":{"@id":"https:\/\/www.rmcr.org\/en\/#\/schema\/logo\/image\/"},"sameAs":["https:\/\/www.facebook.com\/plazadetorosronda","https:\/\/x.com\/PlazatorosRMR","https:\/\/www.instagram.com\/realmaestranzaderonda\/","https:\/\/www.youtube.com\/channel\/UCrbO5IUN-8v_QML739vM4zg\/videos"]},{"@type":"Person","@id":"https:\/\/www.rmcr.org\/en\/#\/schema\/person\/7ddd0dafda7edd0e407157f93a56df4f","name":"RMCR","image":{"@type":"ImageObject","inLanguage":"en-US","@id":"https:\/\/secure.gravatar.com\/avatar\/adb75798b50800c24baa6a8706037b9469998c49eddeb95935f50f633cff80bb?s=96&d=mm&r=g","url":"https:\/\/secure.gravatar.com\/avatar\/adb75798b50800c24baa6a8706037b9469998c49eddeb95935f50f633cff80bb?s=96&d=mm&r=g","contentUrl":"https:\/\/secure.gravatar.com\/avatar\/adb75798b50800c24baa6a8706037b9469998c49eddeb95935f50f633cff80bb?s=96&d=mm&r=g","caption":"RMCR"},"url":"https:\/\/www.rmcr.org\/en\/author\/bitniks77\/"}]}},"_links":{"self":[{"href":"https:\/\/www.rmcr.org\/en\/wp-json\/wp\/v2\/posts\/7144","targetHints":{"allow":["GET"]}}],"collection":[{"href":"https:\/\/www.rmcr.org\/en\/wp-json\/wp\/v2\/posts"}],"about":[{"href":"https:\/\/www.rmcr.org\/en\/wp-json\/wp\/v2\/types\/post"}],"author":[{"embeddable":true,"href":"https:\/\/www.rmcr.org\/en\/wp-json\/wp\/v2\/users\/7"}],"replies":[{"embeddable":true,"href":"https:\/\/www.rmcr.org\/en\/wp-json\/wp\/v2\/comments?post=7144"}],"version-history":[{"count":0,"href":"https:\/\/www.rmcr.org\/en\/wp-json\/wp\/v2\/posts\/7144\/revisions"}],"wp:featuredmedia":[{"embeddable":true,"href":"https:\/\/www.rmcr.org\/en\/wp-json\/wp\/v2\/media\/7386"}],"wp:attachment":[{"href":"https:\/\/www.rmcr.org\/en\/wp-json\/wp\/v2\/media?parent=7144"}],"wp:term":[{"taxonomy":"category","embeddable":true,"href":"https:\/\/www.rmcr.org\/en\/wp-json\/wp\/v2\/categories?post=7144"},{"taxonomy":"post_tag","embeddable":true,"href":"https:\/\/www.rmcr.org\/en\/wp-json\/wp\/v2\/tags?post=7144"}],"curies":[{"name":"wp","href":"https:\/\/api.w.org\/{rel}","templated":true}]}}