{"id":7140,"date":"2020-10-02T09:01:02","date_gmt":"2020-10-02T09:01:02","guid":{"rendered":"https:\/\/www.rmcr.org\/?p=7140"},"modified":"2020-10-02T09:01:02","modified_gmt":"2020-10-02T09:01:02","slug":"vestido-de-luto-de-joselito-el-gallo","status":"publish","type":"post","link":"https:\/\/www.rmcr.org\/en\/2020\/10\/02\/vestido-de-luto-de-joselito-el-gallo\/","title":{"rendered":"Sala de historia de la Tauromaquia de la Real Maestranza de Caballer\u00eda de Ronda. Vestido de luto de Joselito el Gallo."},"content":{"rendered":"\n<p>Este a\u00f1o se cumple el centenario de la muerte de Joselito el Gallo en Talavera de la Reina, el 16 de mayo de 1920. Los actos para celebrar esta triste efem\u00e9ride en numerosos sitios de Espa\u00f1a se han visto afectados o modificados por las circunstancias que impone la pandemia del Covid-19.<\/p>\n\n\n\n<p>La sala dedicada a la historia de la Tauromaquia en la Real Maestranza conserva un vestido de Joselito, de color negro azabache, de los que llev\u00f3 en varias ocasiones por el fallecimiento de su madre do\u00f1a Gabriela Ortega Feria, bailaora gitana, en enero de 1919. Joselito estaba muy unido a su madre, que a la muerte de su padre, el torero Fernando el Gallo, hab\u00eda sacado a la familia adelante. La primera vez que Joselito visti\u00f3 de luto por este motivo fue el domingo 16 de marzo de ese a\u00f1o en la plaza de toros de Barcelona, corrida en la que le dar\u00eda la alternativa a su cu\u00f1ado Ignacio S\u00e1nchez Mej\u00edas con Juan Belmonte de testigo. Este vestido que se conserva en Ronda es de una ocasi\u00f3n posterior, que luci\u00f3 durante la Feria de Abril de Sevilla.<\/p>\n\n\n\n<div class=\"wp-block-image\">\n<figure class=\"aligncenter size-large is-resized\"><img fetchpriority=\"high\" decoding=\"async\" class=\"wp-image-1166 aligncenter\" src=\"https:\/\/www.rmcr.org\/wp-content\/uploads\/2020\/10\/rmr_traje_gallo.png?w=667\" alt=\"\" width=\"345\" height=\"510\" \/><\/figure>\n<\/div>\n\n\n\n<p class=\"has-text-align-center\" style=\"text-align:center;\"><em>Vestido de luto de Joselito el Gallo. Colecci\u00f3n de la Real Maestranza de Caballer\u00eda de Ronda. Foto: Jos\u00e9 Mor\u00f3n.<\/em><\/p>\n\n\n\n<p>Considerado el torero m\u00e1s completo de la historia, de su carrera interrumpida a la edad de 25 a\u00f1os cabe destacar que fue el primer diestro de la historia en superar la barrera de los cien festejos por temporada, logrados en los a\u00f1os 1915, 1916 y 1917, con 102, 105 y 103 festejos respectivamente. Con su gran rival Juan Belmonte altern\u00f3 en 275 tardes, construyendo entre ambos la llamada Edad de Oro del toreo.<\/p>\n","protected":false},"excerpt":{"rendered":"<p>Este a\u00f1o se cumple el centenario de la muerte de Joselito el Gallo en Talavera de la Reina, el 16 de mayo de 1920. Los actos para celebrar esta triste efem\u00e9ride en numerosos sitios de Espa\u00f1a se han visto afectados o modificados por las circunstancias que impone la pandemia del Covid-19.<\/p>\n","protected":false},"author":7,"featured_media":7377,"comment_status":"open","ping_status":"open","sticky":false,"template":"","format":"standard","meta":{"footnotes":""},"categories":[272,301,278],"tags":[320,392,393,385,98,263,114,354],"class_list":["post-7140","post","type-post","status-publish","format-standard","has-post-thumbnail","hentry","category-colecciones-museisticas","category-real-maestranza","category-tauromaquia","tag-coleccion-museistica","tag-joselito-el-gallo","tag-juan-belmonte","tag-museo-taurino","tag-real-maestranza-de-caballeria-de-ronda","tag-real-maestranza-de-ronda","tag-ronda","tag-sala-historia-de-la-tauromaquia"],"yoast_head":"<!-- This site is optimized with the Yoast SEO plugin v27.5 - https:\/\/yoast.com\/product\/yoast-seo-wordpress\/ -->\n<title>Sala de historia de la Tauromaquia de la Real Maestranza de Caballer\u00eda de Ronda. Vestido de luto de Joselito el Gallo. - Real Maestranza de Caballer\u00eda de Ronda<\/title>\n<meta name=\"robots\" content=\"index, follow, max-snippet:-1, max-image-preview:large, max-video-preview:-1\" \/>\n<link rel=\"canonical\" href=\"https:\/\/www.rmcr.org\/en\/2020\/10\/02\/vestido-de-luto-de-joselito-el-gallo\/\" \/>\n<meta property=\"og:locale\" content=\"en_US\" \/>\n<meta property=\"og:type\" content=\"article\" \/>\n<meta property=\"og:title\" content=\"Sala de historia de la Tauromaquia de la Real Maestranza de Caballer\u00eda de Ronda. Vestido de luto de Joselito el Gallo. - Real Maestranza de Caballer\u00eda de Ronda\" \/>\n<meta property=\"og:description\" content=\"Este a\u00f1o se cumple el centenario de la muerte de Joselito el Gallo en Talavera de la Reina, el 16 de mayo de 1920. Los actos para celebrar esta triste efem\u00e9ride en numerosos sitios de Espa\u00f1a se han visto afectados o modificados por las circunstancias que impone la pandemia del Covid-19.\" \/>\n<meta property=\"og:url\" content=\"https:\/\/www.rmcr.org\/en\/2020\/10\/02\/vestido-de-luto-de-joselito-el-gallo\/\" \/>\n<meta property=\"og:site_name\" content=\"Real Maestranza de Caballer\u00eda de Ronda\" \/>\n<meta property=\"article:publisher\" content=\"https:\/\/www.facebook.com\/plazadetorosronda\" \/>\n<meta property=\"article:published_time\" content=\"2020-10-02T09:01:02+00:00\" \/>\n<meta property=\"og:image\" content=\"https:\/\/www.rmcr.org\/wp-content\/uploads\/2020\/10\/nob.png\" \/>\n\t<meta property=\"og:image:width\" content=\"482\" \/>\n\t<meta property=\"og:image:height\" content=\"142\" \/>\n\t<meta property=\"og:image:type\" content=\"image\/png\" \/>\n<meta name=\"author\" content=\"RMCR\" \/>\n<meta name=\"twitter:card\" content=\"summary_large_image\" \/>\n<meta name=\"twitter:creator\" content=\"@PlazatorosRMR\" \/>\n<meta name=\"twitter:site\" content=\"@PlazatorosRMR\" \/>\n<meta name=\"twitter:label1\" content=\"Written by\" \/>\n\t<meta name=\"twitter:data1\" content=\"RMCR\" \/>\n\t<meta name=\"twitter:label2\" content=\"Est. reading time\" \/>\n\t<meta name=\"twitter:data2\" content=\"1 minute\" \/>\n<script type=\"application\/ld+json\" class=\"yoast-schema-graph\">{\"@context\":\"https:\\\/\\\/schema.org\",\"@graph\":[{\"@type\":\"Article\",\"@id\":\"https:\\\/\\\/www.rmcr.org\\\/en\\\/2020\\\/10\\\/02\\\/vestido-de-luto-de-joselito-el-gallo\\\/#article\",\"isPartOf\":{\"@id\":\"https:\\\/\\\/www.rmcr.org\\\/en\\\/2020\\\/10\\\/02\\\/vestido-de-luto-de-joselito-el-gallo\\\/\"},\"author\":{\"name\":\"RMCR\",\"@id\":\"https:\\\/\\\/www.rmcr.org\\\/en\\\/#\\\/schema\\\/person\\\/7ddd0dafda7edd0e407157f93a56df4f\"},\"headline\":\"Sala de historia de la Tauromaquia de la Real Maestranza de Caballer\u00eda de Ronda. Vestido de luto de Joselito el Gallo.\",\"datePublished\":\"2020-10-02T09:01:02+00:00\",\"mainEntityOfPage\":{\"@id\":\"https:\\\/\\\/www.rmcr.org\\\/en\\\/2020\\\/10\\\/02\\\/vestido-de-luto-de-joselito-el-gallo\\\/\"},\"wordCount\":307,\"commentCount\":0,\"publisher\":{\"@id\":\"https:\\\/\\\/www.rmcr.org\\\/en\\\/#organization\"},\"image\":{\"@id\":\"https:\\\/\\\/www.rmcr.org\\\/en\\\/2020\\\/10\\\/02\\\/vestido-de-luto-de-joselito-el-gallo\\\/#primaryimage\"},\"thumbnailUrl\":\"https:\\\/\\\/www.rmcr.org\\\/wp-content\\\/uploads\\\/2020\\\/10\\\/nob.png\",\"keywords\":[\"Colecci\u00f3n Muse\u00edstica\",\"Joselito el Gallo\",\"Juan Belmonte\",\"Museo taurino\",\"Real Maestranza de Caballer\u00eda de Ronda\",\"Real Maestranza de Ronda\",\"Ronda\",\"Sala Historia de la Tauromaquia\"],\"articleSection\":[\"Colecciones muse\u00edsticas\",\"Real Maestranza\",\"Tauromaquia\"],\"inLanguage\":\"en-US\",\"potentialAction\":[{\"@type\":\"CommentAction\",\"name\":\"Comment\",\"target\":[\"https:\\\/\\\/www.rmcr.org\\\/en\\\/2020\\\/10\\\/02\\\/vestido-de-luto-de-joselito-el-gallo\\\/#respond\"]}]},{\"@type\":\"WebPage\",\"@id\":\"https:\\\/\\\/www.rmcr.org\\\/en\\\/2020\\\/10\\\/02\\\/vestido-de-luto-de-joselito-el-gallo\\\/\",\"url\":\"https:\\\/\\\/www.rmcr.org\\\/en\\\/2020\\\/10\\\/02\\\/vestido-de-luto-de-joselito-el-gallo\\\/\",\"name\":\"Sala de historia de la Tauromaquia de la Real Maestranza de Caballer\u00eda de Ronda. Vestido de luto de Joselito el Gallo. - Real Maestranza de Caballer\u00eda de Ronda\",\"isPartOf\":{\"@id\":\"https:\\\/\\\/www.rmcr.org\\\/en\\\/#website\"},\"primaryImageOfPage\":{\"@id\":\"https:\\\/\\\/www.rmcr.org\\\/en\\\/2020\\\/10\\\/02\\\/vestido-de-luto-de-joselito-el-gallo\\\/#primaryimage\"},\"image\":{\"@id\":\"https:\\\/\\\/www.rmcr.org\\\/en\\\/2020\\\/10\\\/02\\\/vestido-de-luto-de-joselito-el-gallo\\\/#primaryimage\"},\"thumbnailUrl\":\"https:\\\/\\\/www.rmcr.org\\\/wp-content\\\/uploads\\\/2020\\\/10\\\/nob.png\",\"datePublished\":\"2020-10-02T09:01:02+00:00\",\"breadcrumb\":{\"@id\":\"https:\\\/\\\/www.rmcr.org\\\/en\\\/2020\\\/10\\\/02\\\/vestido-de-luto-de-joselito-el-gallo\\\/#breadcrumb\"},\"inLanguage\":\"en-US\",\"potentialAction\":[{\"@type\":\"ReadAction\",\"target\":[\"https:\\\/\\\/www.rmcr.org\\\/en\\\/2020\\\/10\\\/02\\\/vestido-de-luto-de-joselito-el-gallo\\\/\"]}]},{\"@type\":\"ImageObject\",\"inLanguage\":\"en-US\",\"@id\":\"https:\\\/\\\/www.rmcr.org\\\/en\\\/2020\\\/10\\\/02\\\/vestido-de-luto-de-joselito-el-gallo\\\/#primaryimage\",\"url\":\"https:\\\/\\\/www.rmcr.org\\\/wp-content\\\/uploads\\\/2020\\\/10\\\/nob.png\",\"contentUrl\":\"https:\\\/\\\/www.rmcr.org\\\/wp-content\\\/uploads\\\/2020\\\/10\\\/nob.png\",\"width\":482,\"height\":142},{\"@type\":\"BreadcrumbList\",\"@id\":\"https:\\\/\\\/www.rmcr.org\\\/en\\\/2020\\\/10\\\/02\\\/vestido-de-luto-de-joselito-el-gallo\\\/#breadcrumb\",\"itemListElement\":[{\"@type\":\"ListItem\",\"position\":1,\"name\":\"REAL MAESTRANZA DE CABALLER\u00cdA DE RONDA\",\"item\":\"https:\\\/\\\/www.rmcr.org\\\/en\\\/\"},{\"@type\":\"ListItem\",\"position\":2,\"name\":\"Sala de historia de la Tauromaquia de la Real Maestranza de Caballer\u00eda de Ronda. Vestido de luto de Joselito el Gallo.\"}]},{\"@type\":\"WebSite\",\"@id\":\"https:\\\/\\\/www.rmcr.org\\\/en\\\/#website\",\"url\":\"https:\\\/\\\/www.rmcr.org\\\/en\\\/\",\"name\":\"Real Maestranza de Caballer\u00eda de Ronda\",\"description\":\"Real Maestranza de Caballer\u00eda de Ronda\",\"publisher\":{\"@id\":\"https:\\\/\\\/www.rmcr.org\\\/en\\\/#organization\"},\"alternateName\":\"RMCR\",\"potentialAction\":[{\"@type\":\"SearchAction\",\"target\":{\"@type\":\"EntryPoint\",\"urlTemplate\":\"https:\\\/\\\/www.rmcr.org\\\/en\\\/?s={search_term_string}\"},\"query-input\":{\"@type\":\"PropertyValueSpecification\",\"valueRequired\":true,\"valueName\":\"search_term_string\"}}],\"inLanguage\":\"en-US\"},{\"@type\":\"Organization\",\"@id\":\"https:\\\/\\\/www.rmcr.org\\\/en\\\/#organization\",\"name\":\"Real Maestranza de Caballer\u00eda de Ronda\",\"alternateName\":\"RMR\",\"url\":\"https:\\\/\\\/www.rmcr.org\\\/en\\\/\",\"logo\":{\"@type\":\"ImageObject\",\"inLanguage\":\"en-US\",\"@id\":\"https:\\\/\\\/www.rmcr.org\\\/en\\\/#\\\/schema\\\/logo\\\/image\\\/\",\"url\":\"https:\\\/\\\/www.rmcr.org\\\/wp-content\\\/uploads\\\/2022\\\/07\\\/logo-rmr-blue.svg\",\"contentUrl\":\"https:\\\/\\\/www.rmcr.org\\\/wp-content\\\/uploads\\\/2022\\\/07\\\/logo-rmr-blue.svg\",\"width\":131,\"height\":129,\"caption\":\"Real Maestranza de Caballer\u00eda de Ronda\"},\"image\":{\"@id\":\"https:\\\/\\\/www.rmcr.org\\\/en\\\/#\\\/schema\\\/logo\\\/image\\\/\"},\"sameAs\":[\"https:\\\/\\\/www.facebook.com\\\/plazadetorosronda\",\"https:\\\/\\\/x.com\\\/PlazatorosRMR\",\"https:\\\/\\\/www.instagram.com\\\/realmaestranzaderonda\\\/\",\"https:\\\/\\\/www.youtube.com\\\/channel\\\/UCrbO5IUN-8v_QML739vM4zg\\\/videos\"]},{\"@type\":\"Person\",\"@id\":\"https:\\\/\\\/www.rmcr.org\\\/en\\\/#\\\/schema\\\/person\\\/7ddd0dafda7edd0e407157f93a56df4f\",\"name\":\"RMCR\",\"image\":{\"@type\":\"ImageObject\",\"inLanguage\":\"en-US\",\"@id\":\"https:\\\/\\\/secure.gravatar.com\\\/avatar\\\/adb75798b50800c24baa6a8706037b9469998c49eddeb95935f50f633cff80bb?s=96&d=mm&r=g\",\"url\":\"https:\\\/\\\/secure.gravatar.com\\\/avatar\\\/adb75798b50800c24baa6a8706037b9469998c49eddeb95935f50f633cff80bb?s=96&d=mm&r=g\",\"contentUrl\":\"https:\\\/\\\/secure.gravatar.com\\\/avatar\\\/adb75798b50800c24baa6a8706037b9469998c49eddeb95935f50f633cff80bb?s=96&d=mm&r=g\",\"caption\":\"RMCR\"},\"url\":\"https:\\\/\\\/www.rmcr.org\\\/en\\\/author\\\/bitniks77\\\/\"}]}<\/script>\n<!-- \/ Yoast SEO plugin. -->","yoast_head_json":{"title":"Sala de historia de la Tauromaquia de la Real Maestranza de Caballer\u00eda de Ronda. Vestido de luto de Joselito el Gallo. - Real Maestranza de Caballer\u00eda de Ronda","robots":{"index":"index","follow":"follow","max-snippet":"max-snippet:-1","max-image-preview":"max-image-preview:large","max-video-preview":"max-video-preview:-1"},"canonical":"https:\/\/www.rmcr.org\/en\/2020\/10\/02\/vestido-de-luto-de-joselito-el-gallo\/","og_locale":"en_US","og_type":"article","og_title":"Sala de historia de la Tauromaquia de la Real Maestranza de Caballer\u00eda de Ronda. Vestido de luto de Joselito el Gallo. - Real Maestranza de Caballer\u00eda de Ronda","og_description":"Este a\u00f1o se cumple el centenario de la muerte de Joselito el Gallo en Talavera de la Reina, el 16 de mayo de 1920. Los actos para celebrar esta triste efem\u00e9ride en numerosos sitios de Espa\u00f1a se han visto afectados o modificados por las circunstancias que impone la pandemia del Covid-19.","og_url":"https:\/\/www.rmcr.org\/en\/2020\/10\/02\/vestido-de-luto-de-joselito-el-gallo\/","og_site_name":"Real Maestranza de Caballer\u00eda de Ronda","article_publisher":"https:\/\/www.facebook.com\/plazadetorosronda","article_published_time":"2020-10-02T09:01:02+00:00","og_image":[{"width":482,"height":142,"url":"https:\/\/www.rmcr.org\/wp-content\/uploads\/2020\/10\/nob.png","type":"image\/png"}],"author":"RMCR","twitter_card":"summary_large_image","twitter_creator":"@PlazatorosRMR","twitter_site":"@PlazatorosRMR","twitter_misc":{"Written by":"RMCR","Est. reading time":"1 minute"},"schema":{"@context":"https:\/\/schema.org","@graph":[{"@type":"Article","@id":"https:\/\/www.rmcr.org\/en\/2020\/10\/02\/vestido-de-luto-de-joselito-el-gallo\/#article","isPartOf":{"@id":"https:\/\/www.rmcr.org\/en\/2020\/10\/02\/vestido-de-luto-de-joselito-el-gallo\/"},"author":{"name":"RMCR","@id":"https:\/\/www.rmcr.org\/en\/#\/schema\/person\/7ddd0dafda7edd0e407157f93a56df4f"},"headline":"Sala de historia de la Tauromaquia de la Real Maestranza de Caballer\u00eda de Ronda. Vestido de luto de Joselito el Gallo.","datePublished":"2020-10-02T09:01:02+00:00","mainEntityOfPage":{"@id":"https:\/\/www.rmcr.org\/en\/2020\/10\/02\/vestido-de-luto-de-joselito-el-gallo\/"},"wordCount":307,"commentCount":0,"publisher":{"@id":"https:\/\/www.rmcr.org\/en\/#organization"},"image":{"@id":"https:\/\/www.rmcr.org\/en\/2020\/10\/02\/vestido-de-luto-de-joselito-el-gallo\/#primaryimage"},"thumbnailUrl":"https:\/\/www.rmcr.org\/wp-content\/uploads\/2020\/10\/nob.png","keywords":["Colecci\u00f3n Muse\u00edstica","Joselito el Gallo","Juan Belmonte","Museo taurino","Real Maestranza de Caballer\u00eda de Ronda","Real Maestranza de Ronda","Ronda","Sala Historia de la Tauromaquia"],"articleSection":["Colecciones muse\u00edsticas","Real Maestranza","Tauromaquia"],"inLanguage":"en-US","potentialAction":[{"@type":"CommentAction","name":"Comment","target":["https:\/\/www.rmcr.org\/en\/2020\/10\/02\/vestido-de-luto-de-joselito-el-gallo\/#respond"]}]},{"@type":"WebPage","@id":"https:\/\/www.rmcr.org\/en\/2020\/10\/02\/vestido-de-luto-de-joselito-el-gallo\/","url":"https:\/\/www.rmcr.org\/en\/2020\/10\/02\/vestido-de-luto-de-joselito-el-gallo\/","name":"Sala de historia de la Tauromaquia de la Real Maestranza de Caballer\u00eda de Ronda. Vestido de luto de Joselito el Gallo. - Real Maestranza de Caballer\u00eda de Ronda","isPartOf":{"@id":"https:\/\/www.rmcr.org\/en\/#website"},"primaryImageOfPage":{"@id":"https:\/\/www.rmcr.org\/en\/2020\/10\/02\/vestido-de-luto-de-joselito-el-gallo\/#primaryimage"},"image":{"@id":"https:\/\/www.rmcr.org\/en\/2020\/10\/02\/vestido-de-luto-de-joselito-el-gallo\/#primaryimage"},"thumbnailUrl":"https:\/\/www.rmcr.org\/wp-content\/uploads\/2020\/10\/nob.png","datePublished":"2020-10-02T09:01:02+00:00","breadcrumb":{"@id":"https:\/\/www.rmcr.org\/en\/2020\/10\/02\/vestido-de-luto-de-joselito-el-gallo\/#breadcrumb"},"inLanguage":"en-US","potentialAction":[{"@type":"ReadAction","target":["https:\/\/www.rmcr.org\/en\/2020\/10\/02\/vestido-de-luto-de-joselito-el-gallo\/"]}]},{"@type":"ImageObject","inLanguage":"en-US","@id":"https:\/\/www.rmcr.org\/en\/2020\/10\/02\/vestido-de-luto-de-joselito-el-gallo\/#primaryimage","url":"https:\/\/www.rmcr.org\/wp-content\/uploads\/2020\/10\/nob.png","contentUrl":"https:\/\/www.rmcr.org\/wp-content\/uploads\/2020\/10\/nob.png","width":482,"height":142},{"@type":"BreadcrumbList","@id":"https:\/\/www.rmcr.org\/en\/2020\/10\/02\/vestido-de-luto-de-joselito-el-gallo\/#breadcrumb","itemListElement":[{"@type":"ListItem","position":1,"name":"REAL MAESTRANZA DE CABALLER\u00cdA DE RONDA","item":"https:\/\/www.rmcr.org\/en\/"},{"@type":"ListItem","position":2,"name":"Sala de historia de la Tauromaquia de la Real Maestranza de Caballer\u00eda de Ronda. Vestido de luto de Joselito el Gallo."}]},{"@type":"WebSite","@id":"https:\/\/www.rmcr.org\/en\/#website","url":"https:\/\/www.rmcr.org\/en\/","name":"Real Maestranza de Caballer\u00eda de Ronda","description":"Real Maestranza de Caballer\u00eda de Ronda","publisher":{"@id":"https:\/\/www.rmcr.org\/en\/#organization"},"alternateName":"RMCR","potentialAction":[{"@type":"SearchAction","target":{"@type":"EntryPoint","urlTemplate":"https:\/\/www.rmcr.org\/en\/?s={search_term_string}"},"query-input":{"@type":"PropertyValueSpecification","valueRequired":true,"valueName":"search_term_string"}}],"inLanguage":"en-US"},{"@type":"Organization","@id":"https:\/\/www.rmcr.org\/en\/#organization","name":"Real Maestranza de Caballer\u00eda de Ronda","alternateName":"RMR","url":"https:\/\/www.rmcr.org\/en\/","logo":{"@type":"ImageObject","inLanguage":"en-US","@id":"https:\/\/www.rmcr.org\/en\/#\/schema\/logo\/image\/","url":"https:\/\/www.rmcr.org\/wp-content\/uploads\/2022\/07\/logo-rmr-blue.svg","contentUrl":"https:\/\/www.rmcr.org\/wp-content\/uploads\/2022\/07\/logo-rmr-blue.svg","width":131,"height":129,"caption":"Real Maestranza de Caballer\u00eda de Ronda"},"image":{"@id":"https:\/\/www.rmcr.org\/en\/#\/schema\/logo\/image\/"},"sameAs":["https:\/\/www.facebook.com\/plazadetorosronda","https:\/\/x.com\/PlazatorosRMR","https:\/\/www.instagram.com\/realmaestranzaderonda\/","https:\/\/www.youtube.com\/channel\/UCrbO5IUN-8v_QML739vM4zg\/videos"]},{"@type":"Person","@id":"https:\/\/www.rmcr.org\/en\/#\/schema\/person\/7ddd0dafda7edd0e407157f93a56df4f","name":"RMCR","image":{"@type":"ImageObject","inLanguage":"en-US","@id":"https:\/\/secure.gravatar.com\/avatar\/adb75798b50800c24baa6a8706037b9469998c49eddeb95935f50f633cff80bb?s=96&d=mm&r=g","url":"https:\/\/secure.gravatar.com\/avatar\/adb75798b50800c24baa6a8706037b9469998c49eddeb95935f50f633cff80bb?s=96&d=mm&r=g","contentUrl":"https:\/\/secure.gravatar.com\/avatar\/adb75798b50800c24baa6a8706037b9469998c49eddeb95935f50f633cff80bb?s=96&d=mm&r=g","caption":"RMCR"},"url":"https:\/\/www.rmcr.org\/en\/author\/bitniks77\/"}]}},"_links":{"self":[{"href":"https:\/\/www.rmcr.org\/en\/wp-json\/wp\/v2\/posts\/7140","targetHints":{"allow":["GET"]}}],"collection":[{"href":"https:\/\/www.rmcr.org\/en\/wp-json\/wp\/v2\/posts"}],"about":[{"href":"https:\/\/www.rmcr.org\/en\/wp-json\/wp\/v2\/types\/post"}],"author":[{"embeddable":true,"href":"https:\/\/www.rmcr.org\/en\/wp-json\/wp\/v2\/users\/7"}],"replies":[{"embeddable":true,"href":"https:\/\/www.rmcr.org\/en\/wp-json\/wp\/v2\/comments?post=7140"}],"version-history":[{"count":0,"href":"https:\/\/www.rmcr.org\/en\/wp-json\/wp\/v2\/posts\/7140\/revisions"}],"wp:featuredmedia":[{"embeddable":true,"href":"https:\/\/www.rmcr.org\/en\/wp-json\/wp\/v2\/media\/7377"}],"wp:attachment":[{"href":"https:\/\/www.rmcr.org\/en\/wp-json\/wp\/v2\/media?parent=7140"}],"wp:term":[{"taxonomy":"category","embeddable":true,"href":"https:\/\/www.rmcr.org\/en\/wp-json\/wp\/v2\/categories?post=7140"},{"taxonomy":"post_tag","embeddable":true,"href":"https:\/\/www.rmcr.org\/en\/wp-json\/wp\/v2\/tags?post=7140"}],"curies":[{"name":"wp","href":"https:\/\/api.w.org\/{rel}","templated":true}]}}