{"id":7135,"date":"2020-09-08T11:27:59","date_gmt":"2020-09-08T11:27:59","guid":{"rendered":"https:\/\/www.rmcr.org\/?p=7135"},"modified":"2020-09-08T11:27:59","modified_gmt":"2020-09-08T11:27:59","slug":"el-ocaso-de-los-varilargueros","status":"publish","type":"post","link":"https:\/\/www.rmcr.org\/en\/2020\/09\/08\/el-ocaso-de-los-varilargueros\/","title":{"rendered":"El ocaso de los varilargueros"},"content":{"rendered":"<p style=\"text-align:left;\"><span style=\"font-weight:400;\">En la colecci\u00f3n del Archivo de la Real Maestranza de Caballer\u00eda de Ronda hay un cartel horizontal, de los llamados de escaparate, sencillo y primitivo anuncio de varias corridas en la plaza de Sevilla, 76 toros en funciones de ma\u00f1ana y tarde con mitos vivientes de la tauromaquia, a pie y a caballo, para tres d\u00edas de abril y otro de mayo de 1793, antesala del volc\u00e1nico siglo XIX. En enero hab\u00eda sido decapitado en Francia Luis XVI, en octubre lo ser\u00eda Mar\u00eda Antonieta. La ejecuci\u00f3n de los monarcas franceses desencadenar\u00eda la guerra del Rosell\u00f3n entre Espa\u00f1a (aliada con Inglaterra) y la Primera Rep\u00fablica de Francia. El conflicto, para el que la Real Maestranza de Ronda aport\u00f3 100.000 reales, se desarrollaba mientras se celebraban estas cuatro funciones taurinas. Ese mismo a\u00f1o Francisco de Goya pintar\u00eda <em>La muerte del picador<\/em>, una de sus obras taurinas de mayor dramatismo, un peque\u00f1o \u00f3leo sobre hojalata que se encuentra en la colecci\u00f3n de la British Rail Pension Trustee Co., en Londres.<\/span><\/p>\n<p style=\"text-align:center;\"><a href=\"https:\/\/www.rmcr.org\/wp-content\/uploads\/2020\/09\/cartel-toros-sevilla-1793.jpg\"><img fetchpriority=\"high\" decoding=\"async\" class=\"size-full wp-image-1077 aligncenter\" src=\"https:\/\/www.rmcr.org\/wp-content\/uploads\/2020\/09\/cartel-toros-sevilla-1793.jpg\" alt=\"\" width=\"470\" height=\"309\" \/><\/a><\/p>\n<p style=\"text-align:center;\"><em>Cartel de las primeras corridas de toros en Sevilla (1793). Archivo RMR.<\/em><\/p>\n<p style=\"text-align:left;\"><span style=\"font-weight:400;\">En los carteles como este se manten\u00eda un orden jer\u00e1rquico que no reflejaba la realidad. Era un vestigio del pasado, con los nombres de los ganaderos en posici\u00f3n preferente, y cuando los varilargueros sustituyeron a los caballeros rejoneadores de la nobleza, que hab\u00edan abandonado el toreo debido a la inercia marcada por la dinast\u00eda borb\u00f3nica, poco afecta a la fiesta, y a la creciente popularidad que iban adquiriendo los lances de los peones de servicio auxiliar. A principios del siglo se conocen quejas de los escasos caballeros que todav\u00eda participaban, de que estaban ya en la plaza m\u00e1s para auxiliar a los peones que a otra cosa. Hasta la muerte del toro, la suerte suprema, tambi\u00e9n les era arrebatada en lidias desordenadas y tumultuosas repletas de capeadores.<\/span><\/p>\n<p style=\"text-align:left;\"><span style=\"font-weight:400;\">Hac\u00eda tiempo que el protagonismo en las plazas espa\u00f1olas pertenec\u00eda ya a los toreros de a pie. Desde el ronde\u00f1o Juan Romero (1727-1829) la lidia era dirigida por los matadores profesionalizados, en un proceso paulatino aunque no homog\u00e9neo que cuajar\u00eda con la aparici\u00f3n de figuras como <em>Costillares<\/em>, <em>Pepe Hillo<\/em> o Pedro Romero, que despejar\u00edan de las corridas el caos anterior para dar paso a las pautas m\u00e1s ordenadas de la tauromaquia moderna. Hay que recordar que una corporaci\u00f3n nobiliaria como la Real Maestranza de Ronda apost\u00f3 por la promoci\u00f3n de la nueva tauromaquia con la construcci\u00f3n de su plaza de toros, inaugurada en 1785 con las mismas figuras, a cuyas \u00f3rdenes actuaban los picadores de vara larga de este cartel.<\/span><\/p>\n<p style=\"text-align:left;\"><span style=\"font-weight:400;\">Pocos datos biogr\u00e1ficos hay de los caballistas toreros del siglo XVIII que ocupan el espacio entre los rejoneadores nobles y los picadores propiamente dichos, datos contradictorios seg\u00fan qu\u00e9 historiador. Jos\u00e9 Daza, que fuera varilarguero de nombrad\u00eda de la primera mitad del siglo, public\u00f3 un confuso y desordenado tratado en 1778 que da referencias de algunos, y su valor reside en que expone la suerte de picar al toro con una vara larga y sus dos tipos: &#8220;los que aguardan a herradura parada&#8221; y &#8220;los que pican y salen huyendo&#8221;. De mayor m\u00e9rito el primero seg\u00fan su opini\u00f3n, con vara m\u00e1s corta, en ambos casos era consustancial la pericia en la monta para evitar en lo posible el da\u00f1o a caballo y jinete. Durante algunas d\u00e9cadas mantendr\u00e1n el predominio del toreo a caballo, aunque fuera de manera simb\u00f3lica, encabezando los paseillos o en el orden de los carteles. La mayor\u00eda eran hombres acostumbrados a las faenas ganaderas, mayorales, garrochistas, conductores de ganado, peque\u00f1os propietarios agr\u00edcolas. Llevaron a las plazas los aires del campo. Sin embargo, sostiene Pedro Romero de Sol\u00eds que con el paso del tiempo se ganar\u00edan el desafecto del p\u00fablico, &#8220;vinculados, en exceso, a la mentalidad de sus due\u00f1os&#8221;, desplazados ellos tambi\u00e9n de la suerte suprema, &#8220;montados con insoportable desali\u00f1o sobre escu\u00e1lidos jamelgos, penando por el ruedo como si fueran r\u00e9plicas envilecidas y macabras de sus antiguos y bizarros se\u00f1ores (&#8230;) despegados de su origen social&#8221;, y sin poder fundirse con los nobles que los amparaban, desclasados en suma, la gente solo &#8220;ve\u00eda en ellos la odiosa imagen de sus se\u00f1ores&#8221;.<\/span><\/p>\n<p><a href=\"https:\/\/www.rmcr.org\/wp-content\/uploads\/2020\/09\/pepe-hillo-goya.jpg\"><img decoding=\"async\" class=\"aligncenter wp-image-1085 size-full\" src=\"https:\/\/www.rmcr.org\/wp-content\/uploads\/2020\/09\/pepe-hillo-goya.jpg\" alt=\"\" width=\"470\" height=\"324\" \/><\/a><\/p>\n<p style=\"text-align:center;\"><em>&#8220;La muerte de Pepe-Illo&#8221;, 2\u00aa variante. L\u00e1mina F de &#8220;La Tauromaquia&#8221;, F. de Goya (1814-1816). Colecci\u00f3n RMR.<\/em><\/p>\n<p style=\"text-align:left;\"><span style=\"font-weight:400;\">Los que aparecen en el cartel eran de primer nivel. Bartolom\u00e9 Padilla de Jerez de la Frontera fue uno de los m\u00e1s prestigiosos de finales del XVIII, siempre con los mejores espadas y presente en las funciones m\u00e1s se\u00f1aladas en Sevilla o Madrid. Antonio Parra, de Villanueva del Ariscal del aljarafe sevillano, tore\u00f3 mucho con <em>Pepe Hillo<\/em> y Pedro Romero. Se dice que cobraba 1.200 reales por actuaci\u00f3n, m\u00e1xima tarifa que s\u00f3lo se pagaba a los mejores. De similar categor\u00eda llegar\u00eda a ser Juan L\u00f3pez de Guadajocillo, que no es pueblo sino un predio cordob\u00e9s asociado a un arroyuelo del r\u00edo Guadajoz; testigo de la cogida mortal de su jefe <em>Pepe Hillo<\/em> en 1801, a cuyas \u00f3rdenes actu\u00f3 en numerosas ocasiones, acudi\u00f3 en su auxilio para librarle de las astas de <em>Barbudo<\/em> poni\u00e9ndole una vara a caballo levantado, y as\u00ed qued\u00f3 reflejado en <em>La Tauromaquia<\/em> de Goya.<\/span><\/p>\n<p><a href=\"http:\/\/ceres.mcu.es\/pages\/ResultSearch?Museo=MNEV&amp;txtSimpleSearch=Laureano%20Ortega%20de%20la%20Isla&amp;simpleSearch=0&amp;hipertextSearch=1&amp;search=simple&amp;MuseumsSearch=MNEV%7C&amp;MuseumsRolSearch=15&amp;listaMuseos=[Museo%20Nacional%20de%20Escultura]\"><img decoding=\"async\" class=\"size-full wp-image-1075 aligncenter\" src=\"https:\/\/www.rmcr.org\/wp-content\/uploads\/2020\/09\/mnevfce2704_seq_002_p.jpg\" alt=\"\" width=\"470\" height=\"312\" \/><\/a><\/p>\n<p style=\"text-align:center;\"><em>&#8220;El picador Laureano Ortega de Isla, a caballo&#8221; (finales s. XVIII). Foto: Museo Nacional de Escultura. CER.ES<\/em><\/p>\n<p><span style=\"font-weight:400;\">El m\u00e1s c\u00e9lebre fue Laureano Ortega de la Isla (tambi\u00e9n se le hace originario de El Puerto de Santa Mar\u00eda). S\u00e1nchez de Neira lo describe en su obra <em>Los toreros de anta\u00f1o y los de hoga\u00f1o<\/em> ajustando una corrida en la Maestranza de Sevilla: &#8220;moreno, de ojos garzos, boca sonriente, expresi\u00f3n dulce, pelo casta\u00f1o, alta estatura, y aunque fornido, se notaba en \u00e9l cierta esbeltez de formas que aumentaba la soltura de sus movimientos&#8221;. Aparece representado en el extraordinario conjunto escult\u00f3rico de 27 figuras humanas y animales del malague\u00f1o Juan Ch\u00e1ez realizado en esta \u00e9poca, del Museo Nacional de Escultura, y que pudo contemplarse en la Biblioteca de la Real Maestranza de Caballer\u00eda de Ronda en 2010 con motivo de la exposici\u00f3n por el 225 aniversario de su plaza de toros.<\/span><\/p>\n<p><a href=\"https:\/\/www.rmcr.org\/wp-content\/uploads\/2020\/09\/rmr_exposicion_225.jpg\"><img loading=\"lazy\" decoding=\"async\" class=\"aligncenter wp-image-1076 size-full\" src=\"https:\/\/www.rmcr.org\/wp-content\/uploads\/2020\/09\/rmr_exposicion_225.jpg\" alt=\"\" width=\"470\" height=\"314\" \/><\/a><\/p>\n<p style=\"text-align:center;\"><em>Exposici\u00f3n &#8220;Plaza de Toros de Ronda. 225 a\u00f1os&#8221; (2010). Foto: Jos\u00e9 Mor\u00f3n.<\/em><\/p>\n<p><span style=\"font-weight:400;\">Este famoso picador gan\u00f3 incontestable prestigio a lo largo de muchos a\u00f1os por su destreza para mantener la mayor\u00eda de sus caballos vivos, lo que era muy rentable para los organizadores. Se cuenta que se neg\u00f3 junto al resto de piqueros contratados a torear una corrida en Sevilla en 1798, al no gustarle los caballos que les facilitaron. El p\u00fablico, que ya estaba en la plaza y no hab\u00eda sido avisado, al no verlos aparecer, rompi\u00f3 todo lo que ten\u00eda a mano, mat\u00f3 a los toros en los chiqueros y despu\u00e9s tir\u00f3 al r\u00edo el coche del empresario. Los aficionados de entonces eran as\u00ed de belicosos.<\/span><\/p>\n<p><em>Bibliograf\u00eda<\/em><\/p>\n<p>Grac\u00eda-Baquero. <em>Raz\u00f3n de la Tauromaquia. Obra taurina completa<\/em>. Ed. Fundaci\u00f3n de Estudios Taurinos, Real Maestranza de Caballer\u00eda de Sevilla, 2008. Coord. Pedro Romero de Sol\u00eds.<\/p>\n<p>Garc\u00eda-Baquero. Romero de Sol\u00eds y V\u00e1zquez Parlad\u00e9, <em>Sevilla y la fiesta de toros.<\/em> Biblioteca de Temas Sevillanos, Ayuntamiento de Sevilla, 1994.<\/p>\n<p>Cabrera Bonet. <em>Or\u00edgenes y evoluci\u00f3n del cartel taurino en Espa\u00f1a<\/em>. Consejer\u00eda de Gobernaci\u00f3n y Justicia, Sevilla, 2010<em>.<\/em><\/p>\n<p>Daza. <em>Precisos manejos y progresos del arte del toreo<\/em>, 1778. Ed. R. Reyes\/ P. Romero de Sol\u00eds, Fundaci\u00f3n de Estudios Taurinos, Real Maestranza de Caballer\u00eda de Sevilla, 1999. Introducci\u00f3n de A. Gonz\u00e1lez Troyano.<\/p>\n<p>Coss\u00edo. <em>Los toros. Tratado t\u00e9cnico e hist\u00f3ric<\/em>o, vol. III. Espasa Calpe, Madrid, 1943.<\/p>\n<p>S\u00e1nchez de Neira. <em>Los toreros de anta\u00f1o y los de hoga\u00f1o<\/em>, 1884. Ed. Fundaci\u00f3n de Estudios Taurinos, Real Maestranza de Caballer\u00eda de Sevilla, 2014. Introducci\u00f3n de Pedro Romero de Sol\u00eds.<\/p>\n<p>S\u00e1nchez de Neira. <em>El Toreo.<\/em> <em>Gran diccionario taurom\u00e1quico<\/em>. Imprenta de Miguel Guijarro, Madrid, 1879 (Turner, Madrid, 1988).<\/p>\n<p>Vel\u00e1zquez y S\u00e1nchez. <em>Anales del toreo.<\/em> Imprenta y ed. Juan Moyano, Sevilla, 1868.<\/p>\n","protected":false},"excerpt":{"rendered":"<p>En la colecci\u00f3n del Archivo de la Real Maestranza de Caballer\u00eda de Ronda hay un cartel horizontal, de los llamados de escaparate, sencillo y primitivo anuncio de varias corridas en la plaza de Sevilla, 76 toros en funciones de ma\u00f1ana y tarde con mitos vivientes de la tauromaquia, a pie y a caballo, para tres [&hellip;]<\/p>\n","protected":false},"author":7,"featured_media":7367,"comment_status":"open","ping_status":"open","sticky":false,"template":"","format":"standard","meta":{"footnotes":""},"categories":[284,278],"tags":[374,375,338,339,376,377],"class_list":["post-7135","post","type-post","status-publish","format-standard","has-post-thumbnail","hentry","category-historia","category-tauromaquia","tag-costillares","tag-laureano-ortega","tag-pedro-romero","tag-pepe-hillo","tag-toreros-historicos","tag-varilargueros"],"yoast_head":"<!-- This site is optimized with the Yoast SEO plugin v27.5 - https:\/\/yoast.com\/product\/yoast-seo-wordpress\/ -->\n<title>El ocaso de los varilargueros - Real Maestranza de Caballer\u00eda de Ronda<\/title>\n<meta name=\"robots\" content=\"index, follow, max-snippet:-1, max-image-preview:large, max-video-preview:-1\" \/>\n<link rel=\"canonical\" href=\"https:\/\/www.rmcr.org\/en\/2020\/09\/08\/el-ocaso-de-los-varilargueros\/\" \/>\n<meta property=\"og:locale\" content=\"en_US\" \/>\n<meta property=\"og:type\" content=\"article\" \/>\n<meta property=\"og:title\" content=\"El ocaso de los varilargueros - Real Maestranza de Caballer\u00eda de Ronda\" \/>\n<meta property=\"og:description\" content=\"En la colecci\u00f3n del Archivo de la Real Maestranza de Caballer\u00eda de Ronda hay un cartel horizontal, de los llamados de escaparate, sencillo y primitivo anuncio de varias corridas en la plaza de Sevilla, 76 toros en funciones de ma\u00f1ana y tarde con mitos vivientes de la tauromaquia, a pie y a caballo, para tres [&hellip;]\" \/>\n<meta property=\"og:url\" content=\"https:\/\/www.rmcr.org\/en\/2020\/09\/08\/el-ocaso-de-los-varilargueros\/\" \/>\n<meta property=\"og:site_name\" content=\"Real Maestranza de Caballer\u00eda de Ronda\" \/>\n<meta property=\"article:publisher\" content=\"https:\/\/www.facebook.com\/plazadetorosronda\" \/>\n<meta property=\"article:published_time\" content=\"2020-09-08T11:27:59+00:00\" \/>\n<meta property=\"og:image\" content=\"https:\/\/www.rmcr.org\/wp-content\/uploads\/2020\/09\/lau-ort-isl-1.jpg\" \/>\n\t<meta property=\"og:image:width\" content=\"482\" \/>\n\t<meta property=\"og:image:height\" content=\"143\" \/>\n\t<meta property=\"og:image:type\" content=\"image\/jpeg\" \/>\n<meta name=\"author\" content=\"RMCR\" \/>\n<meta name=\"twitter:card\" content=\"summary_large_image\" \/>\n<meta name=\"twitter:creator\" content=\"@PlazatorosRMR\" \/>\n<meta name=\"twitter:site\" content=\"@PlazatorosRMR\" \/>\n<meta name=\"twitter:label1\" content=\"Written by\" \/>\n\t<meta name=\"twitter:data1\" content=\"RMCR\" \/>\n\t<meta name=\"twitter:label2\" content=\"Est. reading time\" \/>\n\t<meta name=\"twitter:data2\" content=\"7 minutes\" \/>\n<script type=\"application\/ld+json\" class=\"yoast-schema-graph\">{\"@context\":\"https:\\\/\\\/schema.org\",\"@graph\":[{\"@type\":\"Article\",\"@id\":\"https:\\\/\\\/www.rmcr.org\\\/en\\\/2020\\\/09\\\/08\\\/el-ocaso-de-los-varilargueros\\\/#article\",\"isPartOf\":{\"@id\":\"https:\\\/\\\/www.rmcr.org\\\/en\\\/2020\\\/09\\\/08\\\/el-ocaso-de-los-varilargueros\\\/\"},\"author\":{\"name\":\"RMCR\",\"@id\":\"https:\\\/\\\/www.rmcr.org\\\/en\\\/#\\\/schema\\\/person\\\/7ddd0dafda7edd0e407157f93a56df4f\"},\"headline\":\"El ocaso de los varilargueros\",\"datePublished\":\"2020-09-08T11:27:59+00:00\",\"mainEntityOfPage\":{\"@id\":\"https:\\\/\\\/www.rmcr.org\\\/en\\\/2020\\\/09\\\/08\\\/el-ocaso-de-los-varilargueros\\\/\"},\"wordCount\":1401,\"commentCount\":0,\"publisher\":{\"@id\":\"https:\\\/\\\/www.rmcr.org\\\/en\\\/#organization\"},\"image\":{\"@id\":\"https:\\\/\\\/www.rmcr.org\\\/en\\\/2020\\\/09\\\/08\\\/el-ocaso-de-los-varilargueros\\\/#primaryimage\"},\"thumbnailUrl\":\"https:\\\/\\\/www.rmcr.org\\\/wp-content\\\/uploads\\\/2020\\\/09\\\/lau-ort-isl-1.jpg\",\"keywords\":[\"Costillares\",\"Laureano Ortega\",\"Pedro Romero\",\"Pepe Hillo\",\"Toreros hist\u00f3ricos\",\"Varilargueros\"],\"articleSection\":[\"Historia\",\"Tauromaquia\"],\"inLanguage\":\"en-US\",\"potentialAction\":[{\"@type\":\"CommentAction\",\"name\":\"Comment\",\"target\":[\"https:\\\/\\\/www.rmcr.org\\\/en\\\/2020\\\/09\\\/08\\\/el-ocaso-de-los-varilargueros\\\/#respond\"]}]},{\"@type\":\"WebPage\",\"@id\":\"https:\\\/\\\/www.rmcr.org\\\/en\\\/2020\\\/09\\\/08\\\/el-ocaso-de-los-varilargueros\\\/\",\"url\":\"https:\\\/\\\/www.rmcr.org\\\/en\\\/2020\\\/09\\\/08\\\/el-ocaso-de-los-varilargueros\\\/\",\"name\":\"El ocaso de los varilargueros - Real Maestranza de Caballer\u00eda de Ronda\",\"isPartOf\":{\"@id\":\"https:\\\/\\\/www.rmcr.org\\\/en\\\/#website\"},\"primaryImageOfPage\":{\"@id\":\"https:\\\/\\\/www.rmcr.org\\\/en\\\/2020\\\/09\\\/08\\\/el-ocaso-de-los-varilargueros\\\/#primaryimage\"},\"image\":{\"@id\":\"https:\\\/\\\/www.rmcr.org\\\/en\\\/2020\\\/09\\\/08\\\/el-ocaso-de-los-varilargueros\\\/#primaryimage\"},\"thumbnailUrl\":\"https:\\\/\\\/www.rmcr.org\\\/wp-content\\\/uploads\\\/2020\\\/09\\\/lau-ort-isl-1.jpg\",\"datePublished\":\"2020-09-08T11:27:59+00:00\",\"breadcrumb\":{\"@id\":\"https:\\\/\\\/www.rmcr.org\\\/en\\\/2020\\\/09\\\/08\\\/el-ocaso-de-los-varilargueros\\\/#breadcrumb\"},\"inLanguage\":\"en-US\",\"potentialAction\":[{\"@type\":\"ReadAction\",\"target\":[\"https:\\\/\\\/www.rmcr.org\\\/en\\\/2020\\\/09\\\/08\\\/el-ocaso-de-los-varilargueros\\\/\"]}]},{\"@type\":\"ImageObject\",\"inLanguage\":\"en-US\",\"@id\":\"https:\\\/\\\/www.rmcr.org\\\/en\\\/2020\\\/09\\\/08\\\/el-ocaso-de-los-varilargueros\\\/#primaryimage\",\"url\":\"https:\\\/\\\/www.rmcr.org\\\/wp-content\\\/uploads\\\/2020\\\/09\\\/lau-ort-isl-1.jpg\",\"contentUrl\":\"https:\\\/\\\/www.rmcr.org\\\/wp-content\\\/uploads\\\/2020\\\/09\\\/lau-ort-isl-1.jpg\",\"width\":482,\"height\":143,\"caption\":\"EXPOSICION PLAZA DE TOROS DE RONDA 225 A\u0084OS\"},{\"@type\":\"BreadcrumbList\",\"@id\":\"https:\\\/\\\/www.rmcr.org\\\/en\\\/2020\\\/09\\\/08\\\/el-ocaso-de-los-varilargueros\\\/#breadcrumb\",\"itemListElement\":[{\"@type\":\"ListItem\",\"position\":1,\"name\":\"REAL MAESTRANZA DE CABALLER\u00cdA DE RONDA\",\"item\":\"https:\\\/\\\/www.rmcr.org\\\/en\\\/\"},{\"@type\":\"ListItem\",\"position\":2,\"name\":\"El ocaso de los varilargueros\"}]},{\"@type\":\"WebSite\",\"@id\":\"https:\\\/\\\/www.rmcr.org\\\/en\\\/#website\",\"url\":\"https:\\\/\\\/www.rmcr.org\\\/en\\\/\",\"name\":\"Real Maestranza de Caballer\u00eda de Ronda\",\"description\":\"Real Maestranza de Caballer\u00eda de Ronda\",\"publisher\":{\"@id\":\"https:\\\/\\\/www.rmcr.org\\\/en\\\/#organization\"},\"alternateName\":\"RMCR\",\"potentialAction\":[{\"@type\":\"SearchAction\",\"target\":{\"@type\":\"EntryPoint\",\"urlTemplate\":\"https:\\\/\\\/www.rmcr.org\\\/en\\\/?s={search_term_string}\"},\"query-input\":{\"@type\":\"PropertyValueSpecification\",\"valueRequired\":true,\"valueName\":\"search_term_string\"}}],\"inLanguage\":\"en-US\"},{\"@type\":\"Organization\",\"@id\":\"https:\\\/\\\/www.rmcr.org\\\/en\\\/#organization\",\"name\":\"Real Maestranza de Caballer\u00eda de Ronda\",\"alternateName\":\"RMR\",\"url\":\"https:\\\/\\\/www.rmcr.org\\\/en\\\/\",\"logo\":{\"@type\":\"ImageObject\",\"inLanguage\":\"en-US\",\"@id\":\"https:\\\/\\\/www.rmcr.org\\\/en\\\/#\\\/schema\\\/logo\\\/image\\\/\",\"url\":\"https:\\\/\\\/www.rmcr.org\\\/wp-content\\\/uploads\\\/2022\\\/07\\\/logo-rmr-blue.svg\",\"contentUrl\":\"https:\\\/\\\/www.rmcr.org\\\/wp-content\\\/uploads\\\/2022\\\/07\\\/logo-rmr-blue.svg\",\"width\":131,\"height\":129,\"caption\":\"Real Maestranza de Caballer\u00eda de Ronda\"},\"image\":{\"@id\":\"https:\\\/\\\/www.rmcr.org\\\/en\\\/#\\\/schema\\\/logo\\\/image\\\/\"},\"sameAs\":[\"https:\\\/\\\/www.facebook.com\\\/plazadetorosronda\",\"https:\\\/\\\/x.com\\\/PlazatorosRMR\",\"https:\\\/\\\/www.instagram.com\\\/realmaestranzaderonda\\\/\",\"https:\\\/\\\/www.youtube.com\\\/channel\\\/UCrbO5IUN-8v_QML739vM4zg\\\/videos\"]},{\"@type\":\"Person\",\"@id\":\"https:\\\/\\\/www.rmcr.org\\\/en\\\/#\\\/schema\\\/person\\\/7ddd0dafda7edd0e407157f93a56df4f\",\"name\":\"RMCR\",\"image\":{\"@type\":\"ImageObject\",\"inLanguage\":\"en-US\",\"@id\":\"https:\\\/\\\/secure.gravatar.com\\\/avatar\\\/adb75798b50800c24baa6a8706037b9469998c49eddeb95935f50f633cff80bb?s=96&d=mm&r=g\",\"url\":\"https:\\\/\\\/secure.gravatar.com\\\/avatar\\\/adb75798b50800c24baa6a8706037b9469998c49eddeb95935f50f633cff80bb?s=96&d=mm&r=g\",\"contentUrl\":\"https:\\\/\\\/secure.gravatar.com\\\/avatar\\\/adb75798b50800c24baa6a8706037b9469998c49eddeb95935f50f633cff80bb?s=96&d=mm&r=g\",\"caption\":\"RMCR\"},\"url\":\"https:\\\/\\\/www.rmcr.org\\\/en\\\/author\\\/bitniks77\\\/\"}]}<\/script>\n<!-- \/ Yoast SEO plugin. -->","yoast_head_json":{"title":"El ocaso de los varilargueros - Real Maestranza de Caballer\u00eda de Ronda","robots":{"index":"index","follow":"follow","max-snippet":"max-snippet:-1","max-image-preview":"max-image-preview:large","max-video-preview":"max-video-preview:-1"},"canonical":"https:\/\/www.rmcr.org\/en\/2020\/09\/08\/el-ocaso-de-los-varilargueros\/","og_locale":"en_US","og_type":"article","og_title":"El ocaso de los varilargueros - Real Maestranza de Caballer\u00eda de Ronda","og_description":"En la colecci\u00f3n del Archivo de la Real Maestranza de Caballer\u00eda de Ronda hay un cartel horizontal, de los llamados de escaparate, sencillo y primitivo anuncio de varias corridas en la plaza de Sevilla, 76 toros en funciones de ma\u00f1ana y tarde con mitos vivientes de la tauromaquia, a pie y a caballo, para tres [&hellip;]","og_url":"https:\/\/www.rmcr.org\/en\/2020\/09\/08\/el-ocaso-de-los-varilargueros\/","og_site_name":"Real Maestranza de Caballer\u00eda de Ronda","article_publisher":"https:\/\/www.facebook.com\/plazadetorosronda","article_published_time":"2020-09-08T11:27:59+00:00","og_image":[{"width":482,"height":143,"url":"https:\/\/www.rmcr.org\/wp-content\/uploads\/2020\/09\/lau-ort-isl-1.jpg","type":"image\/jpeg"}],"author":"RMCR","twitter_card":"summary_large_image","twitter_creator":"@PlazatorosRMR","twitter_site":"@PlazatorosRMR","twitter_misc":{"Written by":"RMCR","Est. reading time":"7 minutes"},"schema":{"@context":"https:\/\/schema.org","@graph":[{"@type":"Article","@id":"https:\/\/www.rmcr.org\/en\/2020\/09\/08\/el-ocaso-de-los-varilargueros\/#article","isPartOf":{"@id":"https:\/\/www.rmcr.org\/en\/2020\/09\/08\/el-ocaso-de-los-varilargueros\/"},"author":{"name":"RMCR","@id":"https:\/\/www.rmcr.org\/en\/#\/schema\/person\/7ddd0dafda7edd0e407157f93a56df4f"},"headline":"El ocaso de los varilargueros","datePublished":"2020-09-08T11:27:59+00:00","mainEntityOfPage":{"@id":"https:\/\/www.rmcr.org\/en\/2020\/09\/08\/el-ocaso-de-los-varilargueros\/"},"wordCount":1401,"commentCount":0,"publisher":{"@id":"https:\/\/www.rmcr.org\/en\/#organization"},"image":{"@id":"https:\/\/www.rmcr.org\/en\/2020\/09\/08\/el-ocaso-de-los-varilargueros\/#primaryimage"},"thumbnailUrl":"https:\/\/www.rmcr.org\/wp-content\/uploads\/2020\/09\/lau-ort-isl-1.jpg","keywords":["Costillares","Laureano Ortega","Pedro Romero","Pepe Hillo","Toreros hist\u00f3ricos","Varilargueros"],"articleSection":["Historia","Tauromaquia"],"inLanguage":"en-US","potentialAction":[{"@type":"CommentAction","name":"Comment","target":["https:\/\/www.rmcr.org\/en\/2020\/09\/08\/el-ocaso-de-los-varilargueros\/#respond"]}]},{"@type":"WebPage","@id":"https:\/\/www.rmcr.org\/en\/2020\/09\/08\/el-ocaso-de-los-varilargueros\/","url":"https:\/\/www.rmcr.org\/en\/2020\/09\/08\/el-ocaso-de-los-varilargueros\/","name":"El ocaso de los varilargueros - Real Maestranza de Caballer\u00eda de Ronda","isPartOf":{"@id":"https:\/\/www.rmcr.org\/en\/#website"},"primaryImageOfPage":{"@id":"https:\/\/www.rmcr.org\/en\/2020\/09\/08\/el-ocaso-de-los-varilargueros\/#primaryimage"},"image":{"@id":"https:\/\/www.rmcr.org\/en\/2020\/09\/08\/el-ocaso-de-los-varilargueros\/#primaryimage"},"thumbnailUrl":"https:\/\/www.rmcr.org\/wp-content\/uploads\/2020\/09\/lau-ort-isl-1.jpg","datePublished":"2020-09-08T11:27:59+00:00","breadcrumb":{"@id":"https:\/\/www.rmcr.org\/en\/2020\/09\/08\/el-ocaso-de-los-varilargueros\/#breadcrumb"},"inLanguage":"en-US","potentialAction":[{"@type":"ReadAction","target":["https:\/\/www.rmcr.org\/en\/2020\/09\/08\/el-ocaso-de-los-varilargueros\/"]}]},{"@type":"ImageObject","inLanguage":"en-US","@id":"https:\/\/www.rmcr.org\/en\/2020\/09\/08\/el-ocaso-de-los-varilargueros\/#primaryimage","url":"https:\/\/www.rmcr.org\/wp-content\/uploads\/2020\/09\/lau-ort-isl-1.jpg","contentUrl":"https:\/\/www.rmcr.org\/wp-content\/uploads\/2020\/09\/lau-ort-isl-1.jpg","width":482,"height":143,"caption":"EXPOSICION PLAZA DE TOROS DE RONDA 225 A\u0084OS"},{"@type":"BreadcrumbList","@id":"https:\/\/www.rmcr.org\/en\/2020\/09\/08\/el-ocaso-de-los-varilargueros\/#breadcrumb","itemListElement":[{"@type":"ListItem","position":1,"name":"REAL MAESTRANZA DE CABALLER\u00cdA DE RONDA","item":"https:\/\/www.rmcr.org\/en\/"},{"@type":"ListItem","position":2,"name":"El ocaso de los varilargueros"}]},{"@type":"WebSite","@id":"https:\/\/www.rmcr.org\/en\/#website","url":"https:\/\/www.rmcr.org\/en\/","name":"Real Maestranza de Caballer\u00eda de Ronda","description":"Real Maestranza de Caballer\u00eda de Ronda","publisher":{"@id":"https:\/\/www.rmcr.org\/en\/#organization"},"alternateName":"RMCR","potentialAction":[{"@type":"SearchAction","target":{"@type":"EntryPoint","urlTemplate":"https:\/\/www.rmcr.org\/en\/?s={search_term_string}"},"query-input":{"@type":"PropertyValueSpecification","valueRequired":true,"valueName":"search_term_string"}}],"inLanguage":"en-US"},{"@type":"Organization","@id":"https:\/\/www.rmcr.org\/en\/#organization","name":"Real Maestranza de Caballer\u00eda de Ronda","alternateName":"RMR","url":"https:\/\/www.rmcr.org\/en\/","logo":{"@type":"ImageObject","inLanguage":"en-US","@id":"https:\/\/www.rmcr.org\/en\/#\/schema\/logo\/image\/","url":"https:\/\/www.rmcr.org\/wp-content\/uploads\/2022\/07\/logo-rmr-blue.svg","contentUrl":"https:\/\/www.rmcr.org\/wp-content\/uploads\/2022\/07\/logo-rmr-blue.svg","width":131,"height":129,"caption":"Real Maestranza de Caballer\u00eda de Ronda"},"image":{"@id":"https:\/\/www.rmcr.org\/en\/#\/schema\/logo\/image\/"},"sameAs":["https:\/\/www.facebook.com\/plazadetorosronda","https:\/\/x.com\/PlazatorosRMR","https:\/\/www.instagram.com\/realmaestranzaderonda\/","https:\/\/www.youtube.com\/channel\/UCrbO5IUN-8v_QML739vM4zg\/videos"]},{"@type":"Person","@id":"https:\/\/www.rmcr.org\/en\/#\/schema\/person\/7ddd0dafda7edd0e407157f93a56df4f","name":"RMCR","image":{"@type":"ImageObject","inLanguage":"en-US","@id":"https:\/\/secure.gravatar.com\/avatar\/adb75798b50800c24baa6a8706037b9469998c49eddeb95935f50f633cff80bb?s=96&d=mm&r=g","url":"https:\/\/secure.gravatar.com\/avatar\/adb75798b50800c24baa6a8706037b9469998c49eddeb95935f50f633cff80bb?s=96&d=mm&r=g","contentUrl":"https:\/\/secure.gravatar.com\/avatar\/adb75798b50800c24baa6a8706037b9469998c49eddeb95935f50f633cff80bb?s=96&d=mm&r=g","caption":"RMCR"},"url":"https:\/\/www.rmcr.org\/en\/author\/bitniks77\/"}]}},"_links":{"self":[{"href":"https:\/\/www.rmcr.org\/en\/wp-json\/wp\/v2\/posts\/7135","targetHints":{"allow":["GET"]}}],"collection":[{"href":"https:\/\/www.rmcr.org\/en\/wp-json\/wp\/v2\/posts"}],"about":[{"href":"https:\/\/www.rmcr.org\/en\/wp-json\/wp\/v2\/types\/post"}],"author":[{"embeddable":true,"href":"https:\/\/www.rmcr.org\/en\/wp-json\/wp\/v2\/users\/7"}],"replies":[{"embeddable":true,"href":"https:\/\/www.rmcr.org\/en\/wp-json\/wp\/v2\/comments?post=7135"}],"version-history":[{"count":0,"href":"https:\/\/www.rmcr.org\/en\/wp-json\/wp\/v2\/posts\/7135\/revisions"}],"wp:featuredmedia":[{"embeddable":true,"href":"https:\/\/www.rmcr.org\/en\/wp-json\/wp\/v2\/media\/7367"}],"wp:attachment":[{"href":"https:\/\/www.rmcr.org\/en\/wp-json\/wp\/v2\/media?parent=7135"}],"wp:term":[{"taxonomy":"category","embeddable":true,"href":"https:\/\/www.rmcr.org\/en\/wp-json\/wp\/v2\/categories?post=7135"},{"taxonomy":"post_tag","embeddable":true,"href":"https:\/\/www.rmcr.org\/en\/wp-json\/wp\/v2\/tags?post=7135"}],"curies":[{"name":"wp","href":"https:\/\/api.w.org\/{rel}","templated":true}]}}