{"id":7134,"date":"2020-09-04T08:38:57","date_gmt":"2020-09-04T08:38:57","guid":{"rendered":"https:\/\/www.rmcr.org\/?p=7134"},"modified":"2020-09-04T08:38:57","modified_gmt":"2020-09-04T08:38:57","slug":"recuerdo-de-la-goyesca","status":"publish","type":"post","link":"https:\/\/www.rmcr.org\/en\/2020\/09\/04\/recuerdo-de-la-goyesca\/","title":{"rendered":"Recuerdo de la Goyesca"},"content":{"rendered":"<p>Esta semana se deber\u00eda celebrar la <em>LXIV Tradicional Corrida Goyesca<\/em>, que ha tenido que ser suspendida debido a que las normas impuestas por la pandemia de la Covid-19 han hecho imposible el festejo, que contaba con el mejor cartel que se pod\u00eda rematar en la actualidad con la participaci\u00f3n de Jos\u00e9 Antonio &#8220;Morante de la Puebla&#8221;, Andr\u00e9s Roca Rey y Pablo Aguado.<\/p>\n<p>No es el primer a\u00f1o sin corrida goyesca desde la primera de la serie, que recordamos ahora. Fue en 1954 cuando se form\u00f3 una comisi\u00f3n presidida por el alcalde Jos\u00e9 Ruiz Peralta, en la que estaba incluida la Real Maestranza, que anim\u00f3 a Cayetano Ord\u00f3\u00f1ez \u201cEl Ni\u00f1o de la Palma\u201d a organizar una corrida por la conmemoraci\u00f3n del segundo centenario del nacimiento de Pedro Romero, en la que los diestros vistieran a la usanza de los tiempos de Francisco de Goya, autor de sendos y magn\u00edficos retratos de Pedro y Jos\u00e9 Romero, glorias de la tauromaquia. En el cartel se anunci\u00f3 como <em>Gran Corrida Goyesca<\/em>, en otros a\u00f1os como <em>Grandiosa<\/em> hasta que pas\u00f3 a ser <em>Tradicional<\/em> como se la denomina a partir de 1965. No figura la leyenda <em>Feria de Pedro Romero<\/em>, que s\u00ed lo har\u00e1 a partir de la segunda convocatoria.<\/p>\n<p><img fetchpriority=\"high\" decoding=\"async\" class=\"aligncenter size-full wp-image-1011\" src=\"https:\/\/www.rmcr.org\/wp-content\/uploads\/2020\/09\/corrida-goyesca-ronda-1954.jpg\" alt=\"corrida-goyesca-ronda-1954\" width=\"600\" height=\"449\" \/><\/p>\n<p style=\"text-align:center;\"><em>Cartel de la primera Corrida Goyesca de Ronda, 16 septiembre 1954. Archivo RMR.<\/em><\/p>\n<p>Seg\u00fan cr\u00f3nica del semanario <em>El Ruedo<\/em>, \u201cRonda estuvo concurrid\u00edsima el d\u00eda 16, y la Plaza de Toros, la hist\u00f3rica plaza de piedra, presentaba a la hora de empezar el espect\u00e1culo un aspecto brillant\u00edsimo, pues, am\u00e9n de las autoridades de la provincia, acudieron aficionados de casi toda la regi\u00f3n andaluza, deseosos de coadyuvar a la brillantez y esplendor de la conmemorativa fiesta, en la que tuvo una espl\u00e9ndida representaci\u00f3n la encantadora mujer andaluza\u201d.<\/p>\n<p>Los protagonistas de aquella tarde fueron Antonio Bienvenida (1922-1975), Cayetano Ord\u00f3\u00f1ez &#8220;El Ni\u00f1o de la Palma&#8221; hijo (1928-1974) y el venezolano C\u00e9sar Gir\u00f3n (1933-1971) en una corrida concurso de ganader\u00edas. A Bienvenida le tocaron en suerte un miura y un pablorromero sin conseguir trofeos, reclam\u00e1ndole el p\u00fablico que pod\u00eda haber sacado m\u00e1s partido del segundo; a Cayetano, uno de Concha y Sierra y otro de Joaqu\u00edn Buend\u00eda, cosechando generosas orejas y rabos; lo mismo que C\u00e9sar Gir\u00f3n con su primero de Felipe Bartolom\u00e9, cerrando con el sexto de Boh\u00f3rquez, que sali\u00f3 manso. Juan de M\u00e1laga, el cronista, se\u00f1al\u00f3 que \u201cla corrida no fue de las que dejan recuerdo imperecedero\u201d, pero \u201ctampoco lo pasamos mal del todo\u201d. En su regreso a M\u00e1laga, satisfecho por el espect\u00e1culo, se refiere \u201ca los escalofr\u00edos que nos produc\u00edan los abundantes precipicios que adornan la carretera de Ronda\u201d. Eran otros tiempos.<\/p>\n<p><img decoding=\"async\" class=\"aligncenter size-full wp-image-1013\" src=\"https:\/\/www.rmcr.org\/wp-content\/uploads\/2020\/09\/ruedo-1954.jpg\" alt=\"ruedo-1954\" width=\"600\" height=\"397\" \/><\/p>\n<p style=\"text-align:center;\"><em>Cr\u00f3nica de la primera Goyesca en &#8220;El Ruedo&#8221;, 23 septiembre 1954. Biblioteca RMR.<\/em><\/p>\n<p>La Goyesca no tuvo continuidad los dos a\u00f1os siguientes, ya que no se hab\u00eda pensado nada m\u00e1s que como una conmemoraci\u00f3n, un hecho puntual. La idea de alimentar un proyecto que se repitiera cada a\u00f1o parti\u00f3 de la Real Maestranza y algunas personalidades de la ciudad, que cobr\u00f3 cuerpo en 1957 aprovechando la inauguraci\u00f3n del monumento a Pedro Romero instalado en la Alameda del Tajo, estatua realizada por el pintor y escultor Vicente Bol\u00f3s.<\/p>\n<p>Esta Goyesca, eje central de la <em>Feria de Pedro Romero<\/em>, igualmente patrocinada por el Ayuntamiento y ya con Antonio Ord\u00f3\u00f1ez (1932-1998) como principal activo, cont\u00f3 adem\u00e1s con la participaci\u00f3n de Rafael Ortega (1921-1997) y el mexicano Joselito Huerta (1934-2001). Fue otra corrida concurso de ganader\u00edas, en la que sali\u00f3 triunfador un toro de Guardiola. Con la presencia de un jurado de honor formado por \u00c1lvaro Domecq, Juan Belmonte y Rafael G\u00f3mez \u201cEl Gallo\u201d, en los tendidos luc\u00eda una pancarta en la que se dec\u00eda \u201cAyer, Pedro Romero; hoy, Antonio Ord\u00f3\u00f1ez\u201d. Seg\u00fan el cronista Juan de M\u00e1laga, esa tarde la actuaci\u00f3n de Ord\u00f3\u00f1ez fue apote\u00f3sica. Si a su primero le cort\u00f3 dos orejas y rabo, toreando muy lento, con su segundo (el de Guardiola, que brind\u00f3 a su padre) \u201cla arm\u00f3 del todo y ejecut\u00f3 una de esas faenas de las que Antonio hace de vez en cuando y que ponen al rojo vivo al ordo\u00f1ismo y saborean cuantos la presencian\u201d. El premio: las dos orejas, el rabo y dos patas.<\/p>\n<p><img decoding=\"async\" class=\"aligncenter size-full wp-image-1015\" src=\"https:\/\/www.rmcr.org\/wp-content\/uploads\/2020\/09\/corrida-goyesca-ronda-1957.jpg\" alt=\"corrida-goyesca-ronda-1957\" width=\"600\" height=\"419\" \/><\/p>\n<p style=\"text-align:center;\"><em>Cartel de la segunda Corrida Goyesca de Ronda. 9 septiembre 1957. Archivo RMR.<\/em><\/p>\n<p>Las corridas goyescas se consolidaron a partir de entonces como una de las citas taurinas de referencia mundial, con diferentes patrocinios y empresas organizadoras, siempre con Antonio Ord\u00f3\u00f1ez a los mandos (a partir de 1998 tomar\u00eda el relevo su nieto Francisco Rivera Ord\u00f3\u00f1ez) con la salvedad del a\u00f1o 1963, que resentida la Plaza por un fort\u00edsimo hurac\u00e1n en 1959 llev\u00f3 a la Real Maestranza a acometer obras de consolidaci\u00f3n de la estructura dirigidas por el arquitecto Francisco Pons Sorolla, de la Direcci\u00f3n General de Arquitectura. Es, por tanto, la \u00fanica ocasi\u00f3n en la que no se celebr\u00f3 el acontecimiento, a la que se suma la de este a\u00f1o aciago.<\/p>\n<p><img loading=\"lazy\" decoding=\"async\" class=\"aligncenter size-full wp-image-1017\" src=\"https:\/\/www.rmcr.org\/wp-content\/uploads\/2020\/09\/palma-hemingway-ordonez.jpg\" alt=\"palma-hemingway-ordo\u00f1ez\" width=\"600\" height=\"480\" \/><\/p>\n\n<p class=\"has-text-align-center\" style=\"text-align:center;\"><em>&#8220;El Ni\u00f1o de la Palma&#8221;, Ernest Hemingway y Antonio Ord\u00f3\u00f1ez antes de la Goyesca de 1959.<\/em><\/p>\n","protected":false},"excerpt":{"rendered":"<p>Esta semana se deber\u00eda celebrar la LXIV Tradicional Corrida Goyesca, que ha tenido que ser suspendida debido a que las normas impuestas por la pandemia del covid han hecho imposible el festejo, que contaba con el mejor cartel que se pod\u00eda rematar en la actualidad con la partipaci\u00f3n de Jos\u00e9 Antonio Morante de la Puebla, Pablo Aguado y Andr\u00e9s Roca Rey.<\/p>\n","protected":false},"author":7,"featured_media":7363,"comment_status":"open","ping_status":"open","sticky":false,"template":"","format":"standard","meta":{"footnotes":""},"categories":[275,284,277],"tags":[371,358,372,373,315,98],"class_list":["post-7134","post","type-post","status-publish","format-standard","has-post-thumbnail","hentry","category-goyesca","category-historia","category-plaza-de-toros","tag-antonio-ordonez","tag-corrida-goyesca","tag-el-nino-de-la-palma","tag-feria-de-pedro-romero","tag-plaza-de-toros-de-ronda","tag-real-maestranza-de-caballeria-de-ronda"],"yoast_head":"<!-- This site is optimized with the Yoast SEO plugin v27.5 - https:\/\/yoast.com\/product\/yoast-seo-wordpress\/ -->\n<title>Recuerdo de la Goyesca - Real Maestranza de Caballer\u00eda de Ronda<\/title>\n<meta name=\"robots\" content=\"index, follow, max-snippet:-1, max-image-preview:large, max-video-preview:-1\" \/>\n<link rel=\"canonical\" href=\"https:\/\/www.rmcr.org\/en\/2020\/09\/04\/recuerdo-de-la-goyesca\/\" \/>\n<meta property=\"og:locale\" content=\"en_US\" \/>\n<meta property=\"og:type\" content=\"article\" \/>\n<meta property=\"og:title\" content=\"Recuerdo de la Goyesca - Real Maestranza de Caballer\u00eda de Ronda\" \/>\n<meta property=\"og:description\" content=\"Esta semana se deber\u00eda celebrar la LXIV Tradicional Corrida Goyesca, que ha tenido que ser suspendida debido a que las normas impuestas por la pandemia del covid han hecho imposible el festejo, que contaba con el mejor cartel que se pod\u00eda rematar en la actualidad con la partipaci\u00f3n de Jos\u00e9 Antonio Morante de la Puebla, Pablo Aguado y Andr\u00e9s Roca Rey.\" \/>\n<meta property=\"og:url\" content=\"https:\/\/www.rmcr.org\/en\/2020\/09\/04\/recuerdo-de-la-goyesca\/\" \/>\n<meta property=\"og:site_name\" content=\"Real Maestranza de Caballer\u00eda de Ronda\" \/>\n<meta property=\"article:publisher\" content=\"https:\/\/www.facebook.com\/plazadetorosronda\" \/>\n<meta property=\"article:published_time\" content=\"2020-09-04T08:38:57+00:00\" \/>\n<meta property=\"og:image\" content=\"https:\/\/www.rmcr.org\/wp-content\/uploads\/2020\/09\/pla-tor-ron.jpg\" \/>\n\t<meta property=\"og:image:width\" content=\"482\" \/>\n\t<meta property=\"og:image:height\" content=\"143\" \/>\n\t<meta property=\"og:image:type\" content=\"image\/jpeg\" \/>\n<meta name=\"author\" content=\"RMCR\" \/>\n<meta name=\"twitter:card\" content=\"summary_large_image\" \/>\n<meta name=\"twitter:creator\" content=\"@PlazatorosRMR\" \/>\n<meta name=\"twitter:site\" content=\"@PlazatorosRMR\" \/>\n<meta name=\"twitter:label1\" content=\"Written by\" \/>\n\t<meta name=\"twitter:data1\" content=\"RMCR\" \/>\n\t<meta name=\"twitter:label2\" content=\"Est. reading time\" \/>\n\t<meta name=\"twitter:data2\" content=\"4 minutes\" \/>\n<script type=\"application\/ld+json\" class=\"yoast-schema-graph\">{\"@context\":\"https:\\\/\\\/schema.org\",\"@graph\":[{\"@type\":\"Article\",\"@id\":\"https:\\\/\\\/www.rmcr.org\\\/en\\\/2020\\\/09\\\/04\\\/recuerdo-de-la-goyesca\\\/#article\",\"isPartOf\":{\"@id\":\"https:\\\/\\\/www.rmcr.org\\\/en\\\/2020\\\/09\\\/04\\\/recuerdo-de-la-goyesca\\\/\"},\"author\":{\"name\":\"RMCR\",\"@id\":\"https:\\\/\\\/www.rmcr.org\\\/en\\\/#\\\/schema\\\/person\\\/7ddd0dafda7edd0e407157f93a56df4f\"},\"headline\":\"Recuerdo de la Goyesca\",\"datePublished\":\"2020-09-04T08:38:57+00:00\",\"mainEntityOfPage\":{\"@id\":\"https:\\\/\\\/www.rmcr.org\\\/en\\\/2020\\\/09\\\/04\\\/recuerdo-de-la-goyesca\\\/\"},\"wordCount\":895,\"commentCount\":1,\"publisher\":{\"@id\":\"https:\\\/\\\/www.rmcr.org\\\/en\\\/#organization\"},\"image\":{\"@id\":\"https:\\\/\\\/www.rmcr.org\\\/en\\\/2020\\\/09\\\/04\\\/recuerdo-de-la-goyesca\\\/#primaryimage\"},\"thumbnailUrl\":\"https:\\\/\\\/www.rmcr.org\\\/wp-content\\\/uploads\\\/2020\\\/09\\\/pla-tor-ron.jpg\",\"keywords\":[\"Antonio Ord\u00f3\u00f1ez\",\"Corrida Goyesca\",\"El Ni\u00f1o de la Palma\",\"Feria de Pedro Romero\",\"Plaza de Toros de Ronda\",\"Real Maestranza de Caballer\u00eda de Ronda\"],\"articleSection\":[\"Goyesca\",\"Historia\",\"Plaza de Toros\"],\"inLanguage\":\"en-US\",\"potentialAction\":[{\"@type\":\"CommentAction\",\"name\":\"Comment\",\"target\":[\"https:\\\/\\\/www.rmcr.org\\\/en\\\/2020\\\/09\\\/04\\\/recuerdo-de-la-goyesca\\\/#respond\"]}]},{\"@type\":\"WebPage\",\"@id\":\"https:\\\/\\\/www.rmcr.org\\\/en\\\/2020\\\/09\\\/04\\\/recuerdo-de-la-goyesca\\\/\",\"url\":\"https:\\\/\\\/www.rmcr.org\\\/en\\\/2020\\\/09\\\/04\\\/recuerdo-de-la-goyesca\\\/\",\"name\":\"Recuerdo de la Goyesca - Real Maestranza de Caballer\u00eda de Ronda\",\"isPartOf\":{\"@id\":\"https:\\\/\\\/www.rmcr.org\\\/en\\\/#website\"},\"primaryImageOfPage\":{\"@id\":\"https:\\\/\\\/www.rmcr.org\\\/en\\\/2020\\\/09\\\/04\\\/recuerdo-de-la-goyesca\\\/#primaryimage\"},\"image\":{\"@id\":\"https:\\\/\\\/www.rmcr.org\\\/en\\\/2020\\\/09\\\/04\\\/recuerdo-de-la-goyesca\\\/#primaryimage\"},\"thumbnailUrl\":\"https:\\\/\\\/www.rmcr.org\\\/wp-content\\\/uploads\\\/2020\\\/09\\\/pla-tor-ron.jpg\",\"datePublished\":\"2020-09-04T08:38:57+00:00\",\"breadcrumb\":{\"@id\":\"https:\\\/\\\/www.rmcr.org\\\/en\\\/2020\\\/09\\\/04\\\/recuerdo-de-la-goyesca\\\/#breadcrumb\"},\"inLanguage\":\"en-US\",\"potentialAction\":[{\"@type\":\"ReadAction\",\"target\":[\"https:\\\/\\\/www.rmcr.org\\\/en\\\/2020\\\/09\\\/04\\\/recuerdo-de-la-goyesca\\\/\"]}]},{\"@type\":\"ImageObject\",\"inLanguage\":\"en-US\",\"@id\":\"https:\\\/\\\/www.rmcr.org\\\/en\\\/2020\\\/09\\\/04\\\/recuerdo-de-la-goyesca\\\/#primaryimage\",\"url\":\"https:\\\/\\\/www.rmcr.org\\\/wp-content\\\/uploads\\\/2020\\\/09\\\/pla-tor-ron.jpg\",\"contentUrl\":\"https:\\\/\\\/www.rmcr.org\\\/wp-content\\\/uploads\\\/2020\\\/09\\\/pla-tor-ron.jpg\",\"width\":482,\"height\":143},{\"@type\":\"BreadcrumbList\",\"@id\":\"https:\\\/\\\/www.rmcr.org\\\/en\\\/2020\\\/09\\\/04\\\/recuerdo-de-la-goyesca\\\/#breadcrumb\",\"itemListElement\":[{\"@type\":\"ListItem\",\"position\":1,\"name\":\"REAL MAESTRANZA DE CABALLER\u00cdA DE RONDA\",\"item\":\"https:\\\/\\\/www.rmcr.org\\\/en\\\/\"},{\"@type\":\"ListItem\",\"position\":2,\"name\":\"Recuerdo de la Goyesca\"}]},{\"@type\":\"WebSite\",\"@id\":\"https:\\\/\\\/www.rmcr.org\\\/en\\\/#website\",\"url\":\"https:\\\/\\\/www.rmcr.org\\\/en\\\/\",\"name\":\"Real Maestranza de Caballer\u00eda de Ronda\",\"description\":\"Real Maestranza de Caballer\u00eda de Ronda\",\"publisher\":{\"@id\":\"https:\\\/\\\/www.rmcr.org\\\/en\\\/#organization\"},\"alternateName\":\"RMCR\",\"potentialAction\":[{\"@type\":\"SearchAction\",\"target\":{\"@type\":\"EntryPoint\",\"urlTemplate\":\"https:\\\/\\\/www.rmcr.org\\\/en\\\/?s={search_term_string}\"},\"query-input\":{\"@type\":\"PropertyValueSpecification\",\"valueRequired\":true,\"valueName\":\"search_term_string\"}}],\"inLanguage\":\"en-US\"},{\"@type\":\"Organization\",\"@id\":\"https:\\\/\\\/www.rmcr.org\\\/en\\\/#organization\",\"name\":\"Real Maestranza de Caballer\u00eda de Ronda\",\"alternateName\":\"RMR\",\"url\":\"https:\\\/\\\/www.rmcr.org\\\/en\\\/\",\"logo\":{\"@type\":\"ImageObject\",\"inLanguage\":\"en-US\",\"@id\":\"https:\\\/\\\/www.rmcr.org\\\/en\\\/#\\\/schema\\\/logo\\\/image\\\/\",\"url\":\"https:\\\/\\\/www.rmcr.org\\\/wp-content\\\/uploads\\\/2022\\\/07\\\/logo-rmr-blue.svg\",\"contentUrl\":\"https:\\\/\\\/www.rmcr.org\\\/wp-content\\\/uploads\\\/2022\\\/07\\\/logo-rmr-blue.svg\",\"width\":131,\"height\":129,\"caption\":\"Real Maestranza de Caballer\u00eda de Ronda\"},\"image\":{\"@id\":\"https:\\\/\\\/www.rmcr.org\\\/en\\\/#\\\/schema\\\/logo\\\/image\\\/\"},\"sameAs\":[\"https:\\\/\\\/www.facebook.com\\\/plazadetorosronda\",\"https:\\\/\\\/x.com\\\/PlazatorosRMR\",\"https:\\\/\\\/www.instagram.com\\\/realmaestranzaderonda\\\/\",\"https:\\\/\\\/www.youtube.com\\\/channel\\\/UCrbO5IUN-8v_QML739vM4zg\\\/videos\"]},{\"@type\":\"Person\",\"@id\":\"https:\\\/\\\/www.rmcr.org\\\/en\\\/#\\\/schema\\\/person\\\/7ddd0dafda7edd0e407157f93a56df4f\",\"name\":\"RMCR\",\"image\":{\"@type\":\"ImageObject\",\"inLanguage\":\"en-US\",\"@id\":\"https:\\\/\\\/secure.gravatar.com\\\/avatar\\\/adb75798b50800c24baa6a8706037b9469998c49eddeb95935f50f633cff80bb?s=96&d=mm&r=g\",\"url\":\"https:\\\/\\\/secure.gravatar.com\\\/avatar\\\/adb75798b50800c24baa6a8706037b9469998c49eddeb95935f50f633cff80bb?s=96&d=mm&r=g\",\"contentUrl\":\"https:\\\/\\\/secure.gravatar.com\\\/avatar\\\/adb75798b50800c24baa6a8706037b9469998c49eddeb95935f50f633cff80bb?s=96&d=mm&r=g\",\"caption\":\"RMCR\"},\"url\":\"https:\\\/\\\/www.rmcr.org\\\/en\\\/author\\\/bitniks77\\\/\"}]}<\/script>\n<!-- \/ Yoast SEO plugin. -->","yoast_head_json":{"title":"Recuerdo de la Goyesca - Real Maestranza de Caballer\u00eda de Ronda","robots":{"index":"index","follow":"follow","max-snippet":"max-snippet:-1","max-image-preview":"max-image-preview:large","max-video-preview":"max-video-preview:-1"},"canonical":"https:\/\/www.rmcr.org\/en\/2020\/09\/04\/recuerdo-de-la-goyesca\/","og_locale":"en_US","og_type":"article","og_title":"Recuerdo de la Goyesca - Real Maestranza de Caballer\u00eda de Ronda","og_description":"Esta semana se deber\u00eda celebrar la LXIV Tradicional Corrida Goyesca, que ha tenido que ser suspendida debido a que las normas impuestas por la pandemia del covid han hecho imposible el festejo, que contaba con el mejor cartel que se pod\u00eda rematar en la actualidad con la partipaci\u00f3n de Jos\u00e9 Antonio Morante de la Puebla, Pablo Aguado y Andr\u00e9s Roca Rey.","og_url":"https:\/\/www.rmcr.org\/en\/2020\/09\/04\/recuerdo-de-la-goyesca\/","og_site_name":"Real Maestranza de Caballer\u00eda de Ronda","article_publisher":"https:\/\/www.facebook.com\/plazadetorosronda","article_published_time":"2020-09-04T08:38:57+00:00","og_image":[{"width":482,"height":143,"url":"https:\/\/www.rmcr.org\/wp-content\/uploads\/2020\/09\/pla-tor-ron.jpg","type":"image\/jpeg"}],"author":"RMCR","twitter_card":"summary_large_image","twitter_creator":"@PlazatorosRMR","twitter_site":"@PlazatorosRMR","twitter_misc":{"Written by":"RMCR","Est. reading time":"4 minutes"},"schema":{"@context":"https:\/\/schema.org","@graph":[{"@type":"Article","@id":"https:\/\/www.rmcr.org\/en\/2020\/09\/04\/recuerdo-de-la-goyesca\/#article","isPartOf":{"@id":"https:\/\/www.rmcr.org\/en\/2020\/09\/04\/recuerdo-de-la-goyesca\/"},"author":{"name":"RMCR","@id":"https:\/\/www.rmcr.org\/en\/#\/schema\/person\/7ddd0dafda7edd0e407157f93a56df4f"},"headline":"Recuerdo de la Goyesca","datePublished":"2020-09-04T08:38:57+00:00","mainEntityOfPage":{"@id":"https:\/\/www.rmcr.org\/en\/2020\/09\/04\/recuerdo-de-la-goyesca\/"},"wordCount":895,"commentCount":1,"publisher":{"@id":"https:\/\/www.rmcr.org\/en\/#organization"},"image":{"@id":"https:\/\/www.rmcr.org\/en\/2020\/09\/04\/recuerdo-de-la-goyesca\/#primaryimage"},"thumbnailUrl":"https:\/\/www.rmcr.org\/wp-content\/uploads\/2020\/09\/pla-tor-ron.jpg","keywords":["Antonio Ord\u00f3\u00f1ez","Corrida Goyesca","El Ni\u00f1o de la Palma","Feria de Pedro Romero","Plaza de Toros de Ronda","Real Maestranza de Caballer\u00eda de Ronda"],"articleSection":["Goyesca","Historia","Plaza de Toros"],"inLanguage":"en-US","potentialAction":[{"@type":"CommentAction","name":"Comment","target":["https:\/\/www.rmcr.org\/en\/2020\/09\/04\/recuerdo-de-la-goyesca\/#respond"]}]},{"@type":"WebPage","@id":"https:\/\/www.rmcr.org\/en\/2020\/09\/04\/recuerdo-de-la-goyesca\/","url":"https:\/\/www.rmcr.org\/en\/2020\/09\/04\/recuerdo-de-la-goyesca\/","name":"Recuerdo de la Goyesca - Real Maestranza de Caballer\u00eda de Ronda","isPartOf":{"@id":"https:\/\/www.rmcr.org\/en\/#website"},"primaryImageOfPage":{"@id":"https:\/\/www.rmcr.org\/en\/2020\/09\/04\/recuerdo-de-la-goyesca\/#primaryimage"},"image":{"@id":"https:\/\/www.rmcr.org\/en\/2020\/09\/04\/recuerdo-de-la-goyesca\/#primaryimage"},"thumbnailUrl":"https:\/\/www.rmcr.org\/wp-content\/uploads\/2020\/09\/pla-tor-ron.jpg","datePublished":"2020-09-04T08:38:57+00:00","breadcrumb":{"@id":"https:\/\/www.rmcr.org\/en\/2020\/09\/04\/recuerdo-de-la-goyesca\/#breadcrumb"},"inLanguage":"en-US","potentialAction":[{"@type":"ReadAction","target":["https:\/\/www.rmcr.org\/en\/2020\/09\/04\/recuerdo-de-la-goyesca\/"]}]},{"@type":"ImageObject","inLanguage":"en-US","@id":"https:\/\/www.rmcr.org\/en\/2020\/09\/04\/recuerdo-de-la-goyesca\/#primaryimage","url":"https:\/\/www.rmcr.org\/wp-content\/uploads\/2020\/09\/pla-tor-ron.jpg","contentUrl":"https:\/\/www.rmcr.org\/wp-content\/uploads\/2020\/09\/pla-tor-ron.jpg","width":482,"height":143},{"@type":"BreadcrumbList","@id":"https:\/\/www.rmcr.org\/en\/2020\/09\/04\/recuerdo-de-la-goyesca\/#breadcrumb","itemListElement":[{"@type":"ListItem","position":1,"name":"REAL MAESTRANZA DE CABALLER\u00cdA DE RONDA","item":"https:\/\/www.rmcr.org\/en\/"},{"@type":"ListItem","position":2,"name":"Recuerdo de la Goyesca"}]},{"@type":"WebSite","@id":"https:\/\/www.rmcr.org\/en\/#website","url":"https:\/\/www.rmcr.org\/en\/","name":"Real Maestranza de Caballer\u00eda de Ronda","description":"Real Maestranza de Caballer\u00eda de Ronda","publisher":{"@id":"https:\/\/www.rmcr.org\/en\/#organization"},"alternateName":"RMCR","potentialAction":[{"@type":"SearchAction","target":{"@type":"EntryPoint","urlTemplate":"https:\/\/www.rmcr.org\/en\/?s={search_term_string}"},"query-input":{"@type":"PropertyValueSpecification","valueRequired":true,"valueName":"search_term_string"}}],"inLanguage":"en-US"},{"@type":"Organization","@id":"https:\/\/www.rmcr.org\/en\/#organization","name":"Real Maestranza de Caballer\u00eda de Ronda","alternateName":"RMR","url":"https:\/\/www.rmcr.org\/en\/","logo":{"@type":"ImageObject","inLanguage":"en-US","@id":"https:\/\/www.rmcr.org\/en\/#\/schema\/logo\/image\/","url":"https:\/\/www.rmcr.org\/wp-content\/uploads\/2022\/07\/logo-rmr-blue.svg","contentUrl":"https:\/\/www.rmcr.org\/wp-content\/uploads\/2022\/07\/logo-rmr-blue.svg","width":131,"height":129,"caption":"Real Maestranza de Caballer\u00eda de Ronda"},"image":{"@id":"https:\/\/www.rmcr.org\/en\/#\/schema\/logo\/image\/"},"sameAs":["https:\/\/www.facebook.com\/plazadetorosronda","https:\/\/x.com\/PlazatorosRMR","https:\/\/www.instagram.com\/realmaestranzaderonda\/","https:\/\/www.youtube.com\/channel\/UCrbO5IUN-8v_QML739vM4zg\/videos"]},{"@type":"Person","@id":"https:\/\/www.rmcr.org\/en\/#\/schema\/person\/7ddd0dafda7edd0e407157f93a56df4f","name":"RMCR","image":{"@type":"ImageObject","inLanguage":"en-US","@id":"https:\/\/secure.gravatar.com\/avatar\/adb75798b50800c24baa6a8706037b9469998c49eddeb95935f50f633cff80bb?s=96&d=mm&r=g","url":"https:\/\/secure.gravatar.com\/avatar\/adb75798b50800c24baa6a8706037b9469998c49eddeb95935f50f633cff80bb?s=96&d=mm&r=g","contentUrl":"https:\/\/secure.gravatar.com\/avatar\/adb75798b50800c24baa6a8706037b9469998c49eddeb95935f50f633cff80bb?s=96&d=mm&r=g","caption":"RMCR"},"url":"https:\/\/www.rmcr.org\/en\/author\/bitniks77\/"}]}},"_links":{"self":[{"href":"https:\/\/www.rmcr.org\/en\/wp-json\/wp\/v2\/posts\/7134","targetHints":{"allow":["GET"]}}],"collection":[{"href":"https:\/\/www.rmcr.org\/en\/wp-json\/wp\/v2\/posts"}],"about":[{"href":"https:\/\/www.rmcr.org\/en\/wp-json\/wp\/v2\/types\/post"}],"author":[{"embeddable":true,"href":"https:\/\/www.rmcr.org\/en\/wp-json\/wp\/v2\/users\/7"}],"replies":[{"embeddable":true,"href":"https:\/\/www.rmcr.org\/en\/wp-json\/wp\/v2\/comments?post=7134"}],"version-history":[{"count":0,"href":"https:\/\/www.rmcr.org\/en\/wp-json\/wp\/v2\/posts\/7134\/revisions"}],"wp:featuredmedia":[{"embeddable":true,"href":"https:\/\/www.rmcr.org\/en\/wp-json\/wp\/v2\/media\/7363"}],"wp:attachment":[{"href":"https:\/\/www.rmcr.org\/en\/wp-json\/wp\/v2\/media?parent=7134"}],"wp:term":[{"taxonomy":"category","embeddable":true,"href":"https:\/\/www.rmcr.org\/en\/wp-json\/wp\/v2\/categories?post=7134"},{"taxonomy":"post_tag","embeddable":true,"href":"https:\/\/www.rmcr.org\/en\/wp-json\/wp\/v2\/tags?post=7134"}],"curies":[{"name":"wp","href":"https:\/\/api.w.org\/{rel}","templated":true}]}}