{"id":7132,"date":"2020-08-28T11:07:47","date_gmt":"2020-08-28T11:07:47","guid":{"rendered":"https:\/\/www.rmcr.org\/?p=7132"},"modified":"2020-08-28T11:07:47","modified_gmt":"2020-08-28T11:07:47","slug":"real-guarnicioneria-de-la-casa-de-orleans-silla-de-montar-de-la-reina-isabel-ii","status":"publish","type":"post","link":"https:\/\/www.rmcr.org\/en\/2020\/08\/28\/real-guarnicioneria-de-la-casa-de-orleans-silla-de-montar-de-la-reina-isabel-ii\/","title":{"rendered":"Real Guarnicioner\u00eda de la Casa de Orleans. Silla de montar de la reina Isabel II."},"content":{"rendered":"\n<p>En la <a https:\/\/www.rmcr.org\/2020\/06\/19\/real-guarnicioneria-de-la-casa-de-orleans\/\">sala de la Real Guarnicioner\u00eda<\/a> que perteneci\u00f3 a Antonio de Orleans, duque de Montpensier (1824-1890), que se guarda bajo los tendidos de la Plaza de Toros de Ronda, regalo de su padre el rey Luis Felipe de Francia, se cuenta una pieza singular: una silla de montar de la reina Isabel II (1830-1904) que gobern\u00f3 en Espa\u00f1a de 1833 hasta 1868 antes de su exilio a Par\u00eds, donde falleci\u00f3. Era cu\u00f1ada del duque, que estaba casado con su hermana Luisa Fernanda de Borb\u00f3n.<\/p>\n\n\n\n<div class=\"wp-block-image\" style=\"text-align:center;\">\n<figure class=\"aligncenter size-large\"><img fetchpriority=\"high\" decoding=\"async\" class=\"aligncenter wp-image-975\" src=\"https:\/\/www.rmcr.org\/wp-content\/uploads\/2020\/08\/rmr_silla_isabel.png?w=591\" alt=\"\" width=\"591\" height=\"595\" \/><em style=\"text-align:center;\">Montura de amazona de la reina Isabel II de Espa\u00f1a. Piel de cerdo. Bolsillo lateral. Escudo bordado. Mediados del siglo XIX. Foto: Jos\u00e9 Mor\u00f3n.<\/em><\/figure>\n<\/div>\n\n\n\n<p>Esta montura de amazona, elaborada en piel de cerdo marr\u00f3n, presenta un bolsillo lateral y el escudo de Espa\u00f1a (de la \u00e9poca de Carlos III, recuperado por su padre Fernando VII) bordado en relieve, as\u00ed como el pomo y un delicado estribo en forma de zapatilla con motivos vegetales en pan de oro y plata. Las monturas de amazona tienen un solo estribo debido a la postura en la que cabalgaban, con las piernas orientadas al lado izquierdo, el pie izquierdo en el estribo y la pierna derecha flexionada y apoyada en las cornetas.<\/p>\n\n\n\n<div class=\"wp-block-image\" style=\"text-align:center;\">\n<figure class=\"aligncenter size-large is-resized\"><a href=\"http:\/\/ceres.mcu.es\/pages\/ResultSearch?txtSimpleSearch=Porion,%20Louis%20%C9tienne%20Charles&amp;simpleSearch=0&amp;hipertextSearch=1&amp;search=simple&amp;MuseumsSearch=&amp;MuseumsRolSearch=1&amp;\"><img decoding=\"async\" class=\"aligncenter wp-image-976\" src=\"https:\/\/www.rmcr.org\/wp-content\/uploads\/2020\/08\/isabel_ii_dirigiendo_una_revista_militar_1867_porion.jpg?w=857\" alt=\"\" width=\"446\" height=\"533\" \/><\/a><em style=\"text-align:center;\">Isabel II dirigiendo una revista militar. Charles Poiron, 1867, \u00f3leo sobre lienzo. Madrid, Museo del Romanticismo<\/em><span style=\"text-align:center;\">.<\/span><\/figure>\n<\/div>\n\n\n\n<p>Entre los siglos XVI y XVII aparece la corneta fija, y ser\u00e1 en el XVIII cuando lo haga la segunda, ap\u00e9ndices que significan la independencia de la amazona para dirigir su caballo, ya que antes se consideraba que montar como los hombres era perjudicial para la fertilidad femenina, y lo hac\u00edan de costado. En la Edad Media aparece la jamuga, una silla con brazos y respaldos para mayor comodidad y estabilidad, pero el caballo segu\u00eda teniendo que ser guiado por otra persona, la mujer no dejaba de ser una pasajera. Con las cornetas, que se mejoran hacia 1830 con una tercera, el cuerpo de la amazona se orienta en la direcci\u00f3n de la marcha de la cabalgadura y se toman las riendas. En el XIX ya era corriente que las damas de alcurnia practicasen la equitaci\u00f3n e incluso participasen en jornadas de caza.<\/p>\n\n\n","protected":false},"excerpt":{"rendered":"<p>En la sala de Real Guarnicioner\u00eda que perteneci\u00f3 a Antonio de Orleans, duque de Montpensier (1824-1890) que se guarda bajo los tendidos de la plaza de toros, regalo de su padre el Rey Luis Felipe I de Francia, se cuenta una pieza singular: una silla de montar de la Reina Isabel II (1830-1904) que rein\u00f3 en Espa\u00f1a de 1833 hasta 1868 antes de su exilio a Par\u00eds, donde falleci\u00f3.  Era cu\u00f1ada del duque, casado con su hermana Luisa Fernanda de Borb\u00f3n.<\/p>\n","protected":false},"author":7,"featured_media":7357,"comment_status":"open","ping_status":"open","sticky":false,"template":"","format":"standard","meta":{"footnotes":""},"categories":[272,368],"tags":[344,327,366,367,98,369],"class_list":["post-7132","post","type-post","status-publish","format-standard","has-post-thumbnail","hentry","category-colecciones-museisticas","category-real-guarnicioneria","tag-casa-de-orleans","tag-casa-real","tag-duque-de-montpensier","tag-isabel-ii","tag-real-maestranza-de-caballeria-de-ronda","tag-silla-de-montar"],"yoast_head":"<!-- This site is optimized with the Yoast SEO plugin v27.5 - https:\/\/yoast.com\/product\/yoast-seo-wordpress\/ -->\n<title>Real Guarnicioner\u00eda de la Casa de Orleans. Silla de montar de la reina Isabel II. - Real Maestranza de Caballer\u00eda de Ronda<\/title>\n<meta name=\"robots\" content=\"index, follow, max-snippet:-1, max-image-preview:large, max-video-preview:-1\" \/>\n<link rel=\"canonical\" href=\"https:\/\/www.rmcr.org\/en\/2020\/08\/28\/real-guarnicioneria-de-la-casa-de-orleans-silla-de-montar-de-la-reina-isabel-ii\/\" \/>\n<meta property=\"og:locale\" content=\"en_US\" \/>\n<meta property=\"og:type\" content=\"article\" \/>\n<meta property=\"og:title\" content=\"Real Guarnicioner\u00eda de la Casa de Orleans. Silla de montar de la reina Isabel II. - Real Maestranza de Caballer\u00eda de Ronda\" \/>\n<meta property=\"og:description\" content=\"En la sala de Real Guarnicioner\u00eda que perteneci\u00f3 a Antonio de Orleans, duque de Montpensier (1824-1890) que se guarda bajo los tendidos de la plaza de toros, regalo de su padre el Rey Luis Felipe I de Francia, se cuenta una pieza singular: una silla de montar de la Reina Isabel II (1830-1904) que rein\u00f3 en Espa\u00f1a de 1833 hasta 1868 antes de su exilio a Par\u00eds, donde falleci\u00f3. Era cu\u00f1ada del duque, casado con su hermana Luisa Fernanda de Borb\u00f3n.\" \/>\n<meta property=\"og:url\" content=\"https:\/\/www.rmcr.org\/en\/2020\/08\/28\/real-guarnicioneria-de-la-casa-de-orleans-silla-de-montar-de-la-reina-isabel-ii\/\" \/>\n<meta property=\"og:site_name\" content=\"Real Maestranza de Caballer\u00eda de Ronda\" \/>\n<meta property=\"article:publisher\" content=\"https:\/\/www.facebook.com\/plazadetorosronda\" \/>\n<meta property=\"article:published_time\" content=\"2020-08-28T11:07:47+00:00\" \/>\n<meta property=\"og:image\" content=\"https:\/\/www.rmcr.org\/wp-content\/uploads\/2020\/08\/pnr2-copia.png\" \/>\n\t<meta property=\"og:image:width\" content=\"482\" \/>\n\t<meta property=\"og:image:height\" content=\"155\" \/>\n\t<meta property=\"og:image:type\" content=\"image\/png\" \/>\n<meta name=\"author\" content=\"RMCR\" \/>\n<meta name=\"twitter:card\" content=\"summary_large_image\" \/>\n<meta name=\"twitter:creator\" content=\"@PlazatorosRMR\" \/>\n<meta name=\"twitter:site\" content=\"@PlazatorosRMR\" \/>\n<meta name=\"twitter:label1\" content=\"Written by\" \/>\n\t<meta name=\"twitter:data1\" content=\"RMCR\" \/>\n<script type=\"application\/ld+json\" class=\"yoast-schema-graph\">{\"@context\":\"https:\\\/\\\/schema.org\",\"@graph\":[{\"@type\":\"Article\",\"@id\":\"https:\\\/\\\/www.rmcr.org\\\/en\\\/2020\\\/08\\\/28\\\/real-guarnicioneria-de-la-casa-de-orleans-silla-de-montar-de-la-reina-isabel-ii\\\/#article\",\"isPartOf\":{\"@id\":\"https:\\\/\\\/www.rmcr.org\\\/en\\\/2020\\\/08\\\/28\\\/real-guarnicioneria-de-la-casa-de-orleans-silla-de-montar-de-la-reina-isabel-ii\\\/\"},\"author\":{\"name\":\"RMCR\",\"@id\":\"https:\\\/\\\/www.rmcr.org\\\/en\\\/#\\\/schema\\\/person\\\/7ddd0dafda7edd0e407157f93a56df4f\"},\"headline\":\"Real Guarnicioner\u00eda de la Casa de Orleans. Silla de montar de la reina Isabel II.\",\"datePublished\":\"2020-08-28T11:07:47+00:00\",\"mainEntityOfPage\":{\"@id\":\"https:\\\/\\\/www.rmcr.org\\\/en\\\/2020\\\/08\\\/28\\\/real-guarnicioneria-de-la-casa-de-orleans-silla-de-montar-de-la-reina-isabel-ii\\\/\"},\"wordCount\":18,\"commentCount\":0,\"publisher\":{\"@id\":\"https:\\\/\\\/www.rmcr.org\\\/en\\\/#organization\"},\"image\":{\"@id\":\"https:\\\/\\\/www.rmcr.org\\\/en\\\/2020\\\/08\\\/28\\\/real-guarnicioneria-de-la-casa-de-orleans-silla-de-montar-de-la-reina-isabel-ii\\\/#primaryimage\"},\"thumbnailUrl\":\"https:\\\/\\\/www.rmcr.org\\\/wp-content\\\/uploads\\\/2020\\\/08\\\/pnr2-copia.png\",\"keywords\":[\"Casa de Orleans\",\"Casa Real\",\"Duque de Montpensier\",\"Isabel II\",\"Real Maestranza de Caballer\u00eda de Ronda\",\"Silla de montar\"],\"articleSection\":[\"Colecciones muse\u00edsticas\",\"Real Guarnicioner\u00eda\"],\"inLanguage\":\"en-US\",\"potentialAction\":[{\"@type\":\"CommentAction\",\"name\":\"Comment\",\"target\":[\"https:\\\/\\\/www.rmcr.org\\\/en\\\/2020\\\/08\\\/28\\\/real-guarnicioneria-de-la-casa-de-orleans-silla-de-montar-de-la-reina-isabel-ii\\\/#respond\"]}]},{\"@type\":\"WebPage\",\"@id\":\"https:\\\/\\\/www.rmcr.org\\\/en\\\/2020\\\/08\\\/28\\\/real-guarnicioneria-de-la-casa-de-orleans-silla-de-montar-de-la-reina-isabel-ii\\\/\",\"url\":\"https:\\\/\\\/www.rmcr.org\\\/en\\\/2020\\\/08\\\/28\\\/real-guarnicioneria-de-la-casa-de-orleans-silla-de-montar-de-la-reina-isabel-ii\\\/\",\"name\":\"Real Guarnicioner\u00eda de la Casa de Orleans. Silla de montar de la reina Isabel II. - Real Maestranza de Caballer\u00eda de Ronda\",\"isPartOf\":{\"@id\":\"https:\\\/\\\/www.rmcr.org\\\/en\\\/#website\"},\"primaryImageOfPage\":{\"@id\":\"https:\\\/\\\/www.rmcr.org\\\/en\\\/2020\\\/08\\\/28\\\/real-guarnicioneria-de-la-casa-de-orleans-silla-de-montar-de-la-reina-isabel-ii\\\/#primaryimage\"},\"image\":{\"@id\":\"https:\\\/\\\/www.rmcr.org\\\/en\\\/2020\\\/08\\\/28\\\/real-guarnicioneria-de-la-casa-de-orleans-silla-de-montar-de-la-reina-isabel-ii\\\/#primaryimage\"},\"thumbnailUrl\":\"https:\\\/\\\/www.rmcr.org\\\/wp-content\\\/uploads\\\/2020\\\/08\\\/pnr2-copia.png\",\"datePublished\":\"2020-08-28T11:07:47+00:00\",\"breadcrumb\":{\"@id\":\"https:\\\/\\\/www.rmcr.org\\\/en\\\/2020\\\/08\\\/28\\\/real-guarnicioneria-de-la-casa-de-orleans-silla-de-montar-de-la-reina-isabel-ii\\\/#breadcrumb\"},\"inLanguage\":\"en-US\",\"potentialAction\":[{\"@type\":\"ReadAction\",\"target\":[\"https:\\\/\\\/www.rmcr.org\\\/en\\\/2020\\\/08\\\/28\\\/real-guarnicioneria-de-la-casa-de-orleans-silla-de-montar-de-la-reina-isabel-ii\\\/\"]}]},{\"@type\":\"ImageObject\",\"inLanguage\":\"en-US\",\"@id\":\"https:\\\/\\\/www.rmcr.org\\\/en\\\/2020\\\/08\\\/28\\\/real-guarnicioneria-de-la-casa-de-orleans-silla-de-montar-de-la-reina-isabel-ii\\\/#primaryimage\",\"url\":\"https:\\\/\\\/www.rmcr.org\\\/wp-content\\\/uploads\\\/2020\\\/08\\\/pnr2-copia.png\",\"contentUrl\":\"https:\\\/\\\/www.rmcr.org\\\/wp-content\\\/uploads\\\/2020\\\/08\\\/pnr2-copia.png\",\"width\":482,\"height\":155},{\"@type\":\"BreadcrumbList\",\"@id\":\"https:\\\/\\\/www.rmcr.org\\\/en\\\/2020\\\/08\\\/28\\\/real-guarnicioneria-de-la-casa-de-orleans-silla-de-montar-de-la-reina-isabel-ii\\\/#breadcrumb\",\"itemListElement\":[{\"@type\":\"ListItem\",\"position\":1,\"name\":\"REAL MAESTRANZA DE CABALLER\u00cdA DE RONDA\",\"item\":\"https:\\\/\\\/www.rmcr.org\\\/en\\\/\"},{\"@type\":\"ListItem\",\"position\":2,\"name\":\"Real Guarnicioner\u00eda de la Casa de Orleans. Silla de montar de la reina Isabel II.\"}]},{\"@type\":\"WebSite\",\"@id\":\"https:\\\/\\\/www.rmcr.org\\\/en\\\/#website\",\"url\":\"https:\\\/\\\/www.rmcr.org\\\/en\\\/\",\"name\":\"Real Maestranza de Caballer\u00eda de Ronda\",\"description\":\"Real Maestranza de Caballer\u00eda de Ronda\",\"publisher\":{\"@id\":\"https:\\\/\\\/www.rmcr.org\\\/en\\\/#organization\"},\"alternateName\":\"RMCR\",\"potentialAction\":[{\"@type\":\"SearchAction\",\"target\":{\"@type\":\"EntryPoint\",\"urlTemplate\":\"https:\\\/\\\/www.rmcr.org\\\/en\\\/?s={search_term_string}\"},\"query-input\":{\"@type\":\"PropertyValueSpecification\",\"valueRequired\":true,\"valueName\":\"search_term_string\"}}],\"inLanguage\":\"en-US\"},{\"@type\":\"Organization\",\"@id\":\"https:\\\/\\\/www.rmcr.org\\\/en\\\/#organization\",\"name\":\"Real Maestranza de Caballer\u00eda de Ronda\",\"alternateName\":\"RMR\",\"url\":\"https:\\\/\\\/www.rmcr.org\\\/en\\\/\",\"logo\":{\"@type\":\"ImageObject\",\"inLanguage\":\"en-US\",\"@id\":\"https:\\\/\\\/www.rmcr.org\\\/en\\\/#\\\/schema\\\/logo\\\/image\\\/\",\"url\":\"https:\\\/\\\/www.rmcr.org\\\/wp-content\\\/uploads\\\/2022\\\/07\\\/logo-rmr-blue.svg\",\"contentUrl\":\"https:\\\/\\\/www.rmcr.org\\\/wp-content\\\/uploads\\\/2022\\\/07\\\/logo-rmr-blue.svg\",\"width\":131,\"height\":129,\"caption\":\"Real Maestranza de Caballer\u00eda de Ronda\"},\"image\":{\"@id\":\"https:\\\/\\\/www.rmcr.org\\\/en\\\/#\\\/schema\\\/logo\\\/image\\\/\"},\"sameAs\":[\"https:\\\/\\\/www.facebook.com\\\/plazadetorosronda\",\"https:\\\/\\\/x.com\\\/PlazatorosRMR\",\"https:\\\/\\\/www.instagram.com\\\/realmaestranzaderonda\\\/\",\"https:\\\/\\\/www.youtube.com\\\/channel\\\/UCrbO5IUN-8v_QML739vM4zg\\\/videos\"]},{\"@type\":\"Person\",\"@id\":\"https:\\\/\\\/www.rmcr.org\\\/en\\\/#\\\/schema\\\/person\\\/7ddd0dafda7edd0e407157f93a56df4f\",\"name\":\"RMCR\",\"image\":{\"@type\":\"ImageObject\",\"inLanguage\":\"en-US\",\"@id\":\"https:\\\/\\\/secure.gravatar.com\\\/avatar\\\/adb75798b50800c24baa6a8706037b9469998c49eddeb95935f50f633cff80bb?s=96&d=mm&r=g\",\"url\":\"https:\\\/\\\/secure.gravatar.com\\\/avatar\\\/adb75798b50800c24baa6a8706037b9469998c49eddeb95935f50f633cff80bb?s=96&d=mm&r=g\",\"contentUrl\":\"https:\\\/\\\/secure.gravatar.com\\\/avatar\\\/adb75798b50800c24baa6a8706037b9469998c49eddeb95935f50f633cff80bb?s=96&d=mm&r=g\",\"caption\":\"RMCR\"},\"url\":\"https:\\\/\\\/www.rmcr.org\\\/en\\\/author\\\/bitniks77\\\/\"}]}<\/script>\n<!-- \/ Yoast SEO plugin. -->","yoast_head_json":{"title":"Real Guarnicioner\u00eda de la Casa de Orleans. Silla de montar de la reina Isabel II. - Real Maestranza de Caballer\u00eda de Ronda","robots":{"index":"index","follow":"follow","max-snippet":"max-snippet:-1","max-image-preview":"max-image-preview:large","max-video-preview":"max-video-preview:-1"},"canonical":"https:\/\/www.rmcr.org\/en\/2020\/08\/28\/real-guarnicioneria-de-la-casa-de-orleans-silla-de-montar-de-la-reina-isabel-ii\/","og_locale":"en_US","og_type":"article","og_title":"Real Guarnicioner\u00eda de la Casa de Orleans. Silla de montar de la reina Isabel II. - Real Maestranza de Caballer\u00eda de Ronda","og_description":"En la sala de Real Guarnicioner\u00eda que perteneci\u00f3 a Antonio de Orleans, duque de Montpensier (1824-1890) que se guarda bajo los tendidos de la plaza de toros, regalo de su padre el Rey Luis Felipe I de Francia, se cuenta una pieza singular: una silla de montar de la Reina Isabel II (1830-1904) que rein\u00f3 en Espa\u00f1a de 1833 hasta 1868 antes de su exilio a Par\u00eds, donde falleci\u00f3. Era cu\u00f1ada del duque, casado con su hermana Luisa Fernanda de Borb\u00f3n.","og_url":"https:\/\/www.rmcr.org\/en\/2020\/08\/28\/real-guarnicioneria-de-la-casa-de-orleans-silla-de-montar-de-la-reina-isabel-ii\/","og_site_name":"Real Maestranza de Caballer\u00eda de Ronda","article_publisher":"https:\/\/www.facebook.com\/plazadetorosronda","article_published_time":"2020-08-28T11:07:47+00:00","og_image":[{"width":482,"height":155,"url":"https:\/\/www.rmcr.org\/wp-content\/uploads\/2020\/08\/pnr2-copia.png","type":"image\/png"}],"author":"RMCR","twitter_card":"summary_large_image","twitter_creator":"@PlazatorosRMR","twitter_site":"@PlazatorosRMR","twitter_misc":{"Written by":"RMCR"},"schema":{"@context":"https:\/\/schema.org","@graph":[{"@type":"Article","@id":"https:\/\/www.rmcr.org\/en\/2020\/08\/28\/real-guarnicioneria-de-la-casa-de-orleans-silla-de-montar-de-la-reina-isabel-ii\/#article","isPartOf":{"@id":"https:\/\/www.rmcr.org\/en\/2020\/08\/28\/real-guarnicioneria-de-la-casa-de-orleans-silla-de-montar-de-la-reina-isabel-ii\/"},"author":{"name":"RMCR","@id":"https:\/\/www.rmcr.org\/en\/#\/schema\/person\/7ddd0dafda7edd0e407157f93a56df4f"},"headline":"Real Guarnicioner\u00eda de la Casa de Orleans. Silla de montar de la reina Isabel II.","datePublished":"2020-08-28T11:07:47+00:00","mainEntityOfPage":{"@id":"https:\/\/www.rmcr.org\/en\/2020\/08\/28\/real-guarnicioneria-de-la-casa-de-orleans-silla-de-montar-de-la-reina-isabel-ii\/"},"wordCount":18,"commentCount":0,"publisher":{"@id":"https:\/\/www.rmcr.org\/en\/#organization"},"image":{"@id":"https:\/\/www.rmcr.org\/en\/2020\/08\/28\/real-guarnicioneria-de-la-casa-de-orleans-silla-de-montar-de-la-reina-isabel-ii\/#primaryimage"},"thumbnailUrl":"https:\/\/www.rmcr.org\/wp-content\/uploads\/2020\/08\/pnr2-copia.png","keywords":["Casa de Orleans","Casa Real","Duque de Montpensier","Isabel II","Real Maestranza de Caballer\u00eda de Ronda","Silla de montar"],"articleSection":["Colecciones muse\u00edsticas","Real Guarnicioner\u00eda"],"inLanguage":"en-US","potentialAction":[{"@type":"CommentAction","name":"Comment","target":["https:\/\/www.rmcr.org\/en\/2020\/08\/28\/real-guarnicioneria-de-la-casa-de-orleans-silla-de-montar-de-la-reina-isabel-ii\/#respond"]}]},{"@type":"WebPage","@id":"https:\/\/www.rmcr.org\/en\/2020\/08\/28\/real-guarnicioneria-de-la-casa-de-orleans-silla-de-montar-de-la-reina-isabel-ii\/","url":"https:\/\/www.rmcr.org\/en\/2020\/08\/28\/real-guarnicioneria-de-la-casa-de-orleans-silla-de-montar-de-la-reina-isabel-ii\/","name":"Real Guarnicioner\u00eda de la Casa de Orleans. Silla de montar de la reina Isabel II. - Real Maestranza de Caballer\u00eda de Ronda","isPartOf":{"@id":"https:\/\/www.rmcr.org\/en\/#website"},"primaryImageOfPage":{"@id":"https:\/\/www.rmcr.org\/en\/2020\/08\/28\/real-guarnicioneria-de-la-casa-de-orleans-silla-de-montar-de-la-reina-isabel-ii\/#primaryimage"},"image":{"@id":"https:\/\/www.rmcr.org\/en\/2020\/08\/28\/real-guarnicioneria-de-la-casa-de-orleans-silla-de-montar-de-la-reina-isabel-ii\/#primaryimage"},"thumbnailUrl":"https:\/\/www.rmcr.org\/wp-content\/uploads\/2020\/08\/pnr2-copia.png","datePublished":"2020-08-28T11:07:47+00:00","breadcrumb":{"@id":"https:\/\/www.rmcr.org\/en\/2020\/08\/28\/real-guarnicioneria-de-la-casa-de-orleans-silla-de-montar-de-la-reina-isabel-ii\/#breadcrumb"},"inLanguage":"en-US","potentialAction":[{"@type":"ReadAction","target":["https:\/\/www.rmcr.org\/en\/2020\/08\/28\/real-guarnicioneria-de-la-casa-de-orleans-silla-de-montar-de-la-reina-isabel-ii\/"]}]},{"@type":"ImageObject","inLanguage":"en-US","@id":"https:\/\/www.rmcr.org\/en\/2020\/08\/28\/real-guarnicioneria-de-la-casa-de-orleans-silla-de-montar-de-la-reina-isabel-ii\/#primaryimage","url":"https:\/\/www.rmcr.org\/wp-content\/uploads\/2020\/08\/pnr2-copia.png","contentUrl":"https:\/\/www.rmcr.org\/wp-content\/uploads\/2020\/08\/pnr2-copia.png","width":482,"height":155},{"@type":"BreadcrumbList","@id":"https:\/\/www.rmcr.org\/en\/2020\/08\/28\/real-guarnicioneria-de-la-casa-de-orleans-silla-de-montar-de-la-reina-isabel-ii\/#breadcrumb","itemListElement":[{"@type":"ListItem","position":1,"name":"REAL MAESTRANZA DE CABALLER\u00cdA DE RONDA","item":"https:\/\/www.rmcr.org\/en\/"},{"@type":"ListItem","position":2,"name":"Real Guarnicioner\u00eda de la Casa de Orleans. Silla de montar de la reina Isabel II."}]},{"@type":"WebSite","@id":"https:\/\/www.rmcr.org\/en\/#website","url":"https:\/\/www.rmcr.org\/en\/","name":"Real Maestranza de Caballer\u00eda de Ronda","description":"Real Maestranza de Caballer\u00eda de Ronda","publisher":{"@id":"https:\/\/www.rmcr.org\/en\/#organization"},"alternateName":"RMCR","potentialAction":[{"@type":"SearchAction","target":{"@type":"EntryPoint","urlTemplate":"https:\/\/www.rmcr.org\/en\/?s={search_term_string}"},"query-input":{"@type":"PropertyValueSpecification","valueRequired":true,"valueName":"search_term_string"}}],"inLanguage":"en-US"},{"@type":"Organization","@id":"https:\/\/www.rmcr.org\/en\/#organization","name":"Real Maestranza de Caballer\u00eda de Ronda","alternateName":"RMR","url":"https:\/\/www.rmcr.org\/en\/","logo":{"@type":"ImageObject","inLanguage":"en-US","@id":"https:\/\/www.rmcr.org\/en\/#\/schema\/logo\/image\/","url":"https:\/\/www.rmcr.org\/wp-content\/uploads\/2022\/07\/logo-rmr-blue.svg","contentUrl":"https:\/\/www.rmcr.org\/wp-content\/uploads\/2022\/07\/logo-rmr-blue.svg","width":131,"height":129,"caption":"Real Maestranza de Caballer\u00eda de Ronda"},"image":{"@id":"https:\/\/www.rmcr.org\/en\/#\/schema\/logo\/image\/"},"sameAs":["https:\/\/www.facebook.com\/plazadetorosronda","https:\/\/x.com\/PlazatorosRMR","https:\/\/www.instagram.com\/realmaestranzaderonda\/","https:\/\/www.youtube.com\/channel\/UCrbO5IUN-8v_QML739vM4zg\/videos"]},{"@type":"Person","@id":"https:\/\/www.rmcr.org\/en\/#\/schema\/person\/7ddd0dafda7edd0e407157f93a56df4f","name":"RMCR","image":{"@type":"ImageObject","inLanguage":"en-US","@id":"https:\/\/secure.gravatar.com\/avatar\/adb75798b50800c24baa6a8706037b9469998c49eddeb95935f50f633cff80bb?s=96&d=mm&r=g","url":"https:\/\/secure.gravatar.com\/avatar\/adb75798b50800c24baa6a8706037b9469998c49eddeb95935f50f633cff80bb?s=96&d=mm&r=g","contentUrl":"https:\/\/secure.gravatar.com\/avatar\/adb75798b50800c24baa6a8706037b9469998c49eddeb95935f50f633cff80bb?s=96&d=mm&r=g","caption":"RMCR"},"url":"https:\/\/www.rmcr.org\/en\/author\/bitniks77\/"}]}},"_links":{"self":[{"href":"https:\/\/www.rmcr.org\/en\/wp-json\/wp\/v2\/posts\/7132","targetHints":{"allow":["GET"]}}],"collection":[{"href":"https:\/\/www.rmcr.org\/en\/wp-json\/wp\/v2\/posts"}],"about":[{"href":"https:\/\/www.rmcr.org\/en\/wp-json\/wp\/v2\/types\/post"}],"author":[{"embeddable":true,"href":"https:\/\/www.rmcr.org\/en\/wp-json\/wp\/v2\/users\/7"}],"replies":[{"embeddable":true,"href":"https:\/\/www.rmcr.org\/en\/wp-json\/wp\/v2\/comments?post=7132"}],"version-history":[{"count":0,"href":"https:\/\/www.rmcr.org\/en\/wp-json\/wp\/v2\/posts\/7132\/revisions"}],"wp:featuredmedia":[{"embeddable":true,"href":"https:\/\/www.rmcr.org\/en\/wp-json\/wp\/v2\/media\/7357"}],"wp:attachment":[{"href":"https:\/\/www.rmcr.org\/en\/wp-json\/wp\/v2\/media?parent=7132"}],"wp:term":[{"taxonomy":"category","embeddable":true,"href":"https:\/\/www.rmcr.org\/en\/wp-json\/wp\/v2\/categories?post=7132"},{"taxonomy":"post_tag","embeddable":true,"href":"https:\/\/www.rmcr.org\/en\/wp-json\/wp\/v2\/tags?post=7132"}],"curies":[{"name":"wp","href":"https:\/\/api.w.org\/{rel}","templated":true}]}}