{"id":7128,"date":"2020-08-11T12:21:33","date_gmt":"2020-08-11T12:21:33","guid":{"rendered":"https:\/\/www.rmcr.org\/?p=7128"},"modified":"2020-08-11T12:21:33","modified_gmt":"2020-08-11T12:21:33","slug":"toreros-historicos-en-la-plaza-de-toros-de-ronda-iv-juan-lucas-blanco-torero-hijo-de-torero","status":"publish","type":"post","link":"https:\/\/www.rmcr.org\/en\/2020\/08\/11\/toreros-historicos-en-la-plaza-de-toros-de-ronda-iv-juan-lucas-blanco-torero-hijo-de-torero\/","title":{"rendered":"Toreros hist\u00f3ricos en la Plaza de toros de Ronda (IV). Juan Lucas Blanco, torero hijo de torero"},"content":{"rendered":"<p>El Archivo de la Real Maestranza de Caballer\u00eda de Ronda conserva un cartel de toros fechado en 1854 que anuncia una corrida en la que el protagonista principal es el sevillano Juan Lucas Blanco.<\/p>\n<p>Es un cartel apaisado, de los llamados de escaparate, impreso en la t\u00e9cnica xilogr\u00e1fica, en un tiempo en el que ese formato ya conviv\u00eda con la verticalidad que acabar\u00eda por imponerse en estos anuncios. Est\u00e1 flanqueado por orlas muy elaboradas \u201cestilo imperio\u201d, que combinan motivos arquitect\u00f3nicos y vegetales con elementos taurinos. La parte superior la ocupa la escena de una suerte de varas, mientras que la base donde descansa el texto est\u00e1 decorada con vi\u00f1etas alusivas a distintos momentos de la lidia, grabaditos habituales de la \u00e9poca rom\u00e1ntica del muestrario de ilustraciones que las imprentas conservaban para decorar los impresos taurinos, por lo que se repet\u00edan en muchos carteles. El pie de imprenta es del establecimiento sevillano Francisco \u00c1lvarez y C\u00aa, impresores de SS.AA.RR. y honorarios de C\u00e1mara de S.M.<\/p>\n<p><img fetchpriority=\"high\" decoding=\"async\" class=\"alignnone size-full wp-image-930\" src=\"https:\/\/www.rmcr.org\/wp-content\/uploads\/2020\/08\/afc27-n17-2_084.png\" alt=\"AfC27-n17-2_084\" width=\"886\" height=\"630\" \/><\/p>\n<p style=\"text-align:center;\"><em><span style=\"font-weight:400;\">Cartel de la Plaza de Toros de Ronda (1854). Archivo RMR.<\/span><\/em><\/p>\n<p>El cartel presenta al \u201cc\u00e9lebre, acreditado y m\u00e1s antiguo de los espadas de Sevilla\u201d Juan Lucas Blanco, hijo del infortunado torero del que nos ocupamos en la entrada anterior de esta serie.<\/p>\n<p>Figura tambi\u00e9n como segundo espada Antonio Conde, torero de Triana, que se hab\u00eda presentado ya en la plaza de Sevilla en 1852. Torero muy menor, en una corrida en Madrid en 1861 mereci\u00f3 el comentario de un peri\u00f3dico de que \u201cno tiene de torero m\u00e1s que el pelo\u201d. Entre los picadores aparece el portuense Juan de Fuentes, que se presentar\u00eda en Madrid un a\u00f1o despu\u00e9s y repetir\u00eda en varios carteles de la corte sin demasiada notoriedad. De los sevillanos Manuel Carrera y Manuel Ceballos hay muy escasas referencias. Los toros anunciados proced\u00edan de la antigua ganader\u00eda de Fernando Freire, de Alcal\u00e1 del R\u00edo, uno de los ricos labradores de principios del XIX, arrendatarios de cortijos y dehesas, en su caso con propiedades dedicadas a la explotaci\u00f3n ganadera.<\/p>\n<p>La corrida se celebra dos meses antes de que estalle la que se llamar\u00eda Revoluci\u00f3n de 1854, uno de los tantos terremotos pol\u00edticos y militares del agitado siglo XIX espa\u00f1ol durante los ajustes de su orden constitucional. Ese a\u00f1o nac\u00eda Oscar Wilde, el emperador Francisco Jos\u00e9 se casaba con Siss\u00ed, lord Cardigan dirig\u00eda la desastrosa carga de la Brigada Ligera en la batalla de Calatrava, y Juan Lucas comenzaba a arrastrarse por las plazas, desmanteladas las expectativas que su aparici\u00f3n hab\u00eda despertado en algunos de sus protectores y partidarios, amigos y compa\u00f1eros de su padre.<\/p>\n<p>Por obligaci\u00f3n curs\u00f3 estudios avanzados de lat\u00edn, pero no hizo caso de la voluntad de su padre, que no quer\u00eda para \u00e9l esta arriesgada profesi\u00f3n. Criado en un ambiente taurino, Juan se escapaba cuando pod\u00eda a la escuela del corral\u00f3n del matadero sevillano, aprovechando las ausencias de su progenitor durante sus giras por otras plazas de Espa\u00f1a. A su muerte, ejecutado en 1837, se sinti\u00f3 liberado de la prohibici\u00f3n paterna para dedicarse a su vocaci\u00f3n y traer sustento a su familia, abandonando los estudios. Era \u201cun mancebo gallardo, esbelto y de atractiva figura\u201d, bien educado, muy alejado del car\u00e1cter bravuc\u00f3n y chulesco de la mayor\u00eda de los toreros rom\u00e1nticos, alegre y simp\u00e1tico que cantaba flamenco \u201ccon gusto y sentimiento\u201d; promocionado por toreros como Juan Le\u00f3n, <em>el Barbero<\/em>, Juan Yust, <em>C\u00fachares<\/em> y el propio <em>Paquiro<\/em> se aliment\u00f3 en la afici\u00f3n sevillana m\u00e1s entendida la promesa de una gran figura en ciernes por su toreo parado, decidido y valiente.<\/p>\n<p>Al fallecer su madre fue adoptado por Juan Yust, que hab\u00eda recibido clases de Pedro Romero en su Escuela de Tauromaquia y se estaba convirtiendo en un torero de prestigio; no solo lo acoge en su casa como uno m\u00e1s, sino que adem\u00e1s lo incluye en su cuadrilla, fogue\u00e1ndose en los primeros a\u00f1os en plazas de Andaluc\u00eda y Extremadura confirmando sus buenas maneras. Tan integrado estaba en su familia, que tras la muerte repentina de su protector en 1842 al poco tiempo se cas\u00f3 con su viuda. Un a\u00f1o despu\u00e9s ya era jefe de cuadrilla. Vel\u00e1zquez y S\u00e1nchez lo ve en C\u00e1diz en 1843 \u201csiendo objeto de una ovaci\u00f3n que recordaba los juegos ol\u00edmpicos de la Grecia\u201d. Sus buenas actuaciones en Andaluc\u00eda le animan a presentarse en Madrid para codearse con primeras figuras.<\/p>\n<p>A pesar de sus \u00e9xitos en Sevilla y C\u00e1diz, algunos advirtieron sus dificultades para enfrentarse tan pronto a ganader\u00edas duras de Castilla y Navarra, diferentes de la boyant\u00eda de los toros andaluces, como as\u00ed fue. Falto de recursos para las lidias broncas, se vio pronto desbordado y en 1846 sufre dos tremendas cornadas en Madrid y Almendralejo que a la postre marcar\u00edan el comienzo de su decadencia. Hacia 1852 ya no convence en la Maestranza de Sevilla, que le prestaba cr\u00e9dito hasta entonces, en Madrid no confirma ninguna de sus virtudes y ese a\u00f1o y el siguiente sufre otras dos cornadas grav\u00edsimas por las que se derramar\u00e1 definitivamente su confianza. Ser\u00e1 por esas fechas que el dibujante y acuarelista ingl\u00e9s William Lake Price lo incluya en una de sus l\u00e1minas junto al gran Jos\u00e9 Redondo <em>el Chiclanero<\/em> y Juli\u00e1n Casas <em>el Salamanquino<\/em>.<\/p>\n<p><img decoding=\"async\" class=\"size-full wp-image-931 aligncenter\" src=\"https:\/\/www.rmcr.org\/wp-content\/uploads\/2020\/08\/afc28-n3-030.png\" alt=\"AfC28-n3-030\" width=\"886\" height=\"585\" \/><\/p>\n<p style=\"text-align:center;\"><em>Juan Lucas Blanco, en el centro, representado por William Lake Price (1852). Archivo RMR.<\/em><\/p>\n<p>Perdido el aplomo de sus principios incluso con toros favorables, para combatir su evidente \u201cfalta de manejo y pericia\u201d se dar\u00e1 a la bebida, present\u00e1ndose en algunas plazas en un estado lamentable, alternando temeridades y cobard\u00edas. En vano trataron de rescatarlo de esa espiral destructiva los compa\u00f1eros toreros que tanto afecto le ten\u00edan, e incluso sus antiguos compa\u00f1eros de estudios procuraron buscarle sin \u00e9xito un hueco en el negocio de la carne. Incapaz para cualquier otro oficio, prolong\u00f3 malamente su infortunada trayectoria hasta 1864. Tres a\u00f1os despu\u00e9s un peri\u00f3dico de Sevilla se hace eco de su fallecimiento por una bronquitis, \u201creducido en sus postreros d\u00edas a la \u00faltima miseria\u201d.<\/p>\n<p><em>Bibliograf\u00eda<\/em><\/p>\n<ul>\n<li>Cabrera Bonet. <em>Or\u00edgenes y evoluci\u00f3n del cartel taurino en Espa\u00f1a<\/em>. Consejer\u00eda de Gobernaci\u00f3n y Justicia, Sevilla, 2010.<\/li>\n<li>M. Coss\u00edo. <em>Los toros. Tratado t\u00e9cnico e hist\u00f3ric<\/em>o, vol. III. Espasa Calpe, Madrid, 1943.<\/li>\n<li>Vel\u00e1zquez y S\u00e1nchez. <em>Anales del toreo.<\/em>\u00a0Imprenta y ed. Juan Moyano, Sevilla, 1868.<\/li>\n<li>S\u00e1nchez de Neira. <em>El Toreo.<\/em> <em>Gran diccionario taurom\u00e1quico<\/em>. Imprenta de Miguel Guijarro, Facs. 1879. Turner, Madrid, 1988.<\/li>\n<li>Carlos L. Olmedo. <em>Relaci\u00f3n de las Ganader\u00eda de Reses Bravas en la regi\u00f3n andaluza<\/em>. Imp. Monardes, Sevilla, 1897.<\/li>\n<\/ul>\n","protected":false},"excerpt":{"rendered":"<p>El espacio dedicado a la historia de la Tauromaquia, en el interior de la plaza de toros de Ronda, conserva un cartel de toros fechado en 1854 que anuncia una corrida en la que el protagonista principal es el sevillano Juan Lucas Blanco.<\/p>\n","protected":false},"author":7,"featured_media":7349,"comment_status":"open","ping_status":"open","sticky":false,"template":"","format":"standard","meta":{"footnotes":""},"categories":[284,277,301,278],"tags":[363,315,98,114,355,356],"class_list":["post-7128","post","type-post","status-publish","format-standard","has-post-thumbnail","hentry","category-historia","category-plaza-de-toros","category-real-maestranza","category-tauromaquia","tag-juan-lucas-blanco","tag-plaza-de-toros-de-ronda","tag-real-maestranza-de-caballeria-de-ronda","tag-ronda","tag-torero","tag-torero-historico"],"yoast_head":"<!-- This site is optimized with the Yoast SEO plugin v27.5 - https:\/\/yoast.com\/product\/yoast-seo-wordpress\/ -->\n<title>Toreros hist\u00f3ricos en la Plaza de toros de Ronda (IV). Juan Lucas Blanco, torero hijo de torero - Real Maestranza de Caballer\u00eda de Ronda<\/title>\n<meta name=\"robots\" content=\"index, follow, max-snippet:-1, max-image-preview:large, max-video-preview:-1\" \/>\n<link rel=\"canonical\" href=\"https:\/\/www.rmcr.org\/en\/2020\/08\/11\/toreros-historicos-en-la-plaza-de-toros-de-ronda-iv-juan-lucas-blanco-torero-hijo-de-torero\/\" \/>\n<meta property=\"og:locale\" content=\"en_US\" \/>\n<meta property=\"og:type\" content=\"article\" \/>\n<meta property=\"og:title\" content=\"Toreros hist\u00f3ricos en la Plaza de toros de Ronda (IV). Juan Lucas Blanco, torero hijo de torero - Real Maestranza de Caballer\u00eda de Ronda\" \/>\n<meta property=\"og:description\" content=\"El espacio dedicado a la historia de la Tauromaquia, en el interior de la plaza de toros de Ronda, conserva un cartel de toros fechado en 1854 que anuncia una corrida en la que el protagonista principal es el sevillano Juan Lucas Blanco.\" \/>\n<meta property=\"og:url\" content=\"https:\/\/www.rmcr.org\/en\/2020\/08\/11\/toreros-historicos-en-la-plaza-de-toros-de-ronda-iv-juan-lucas-blanco-torero-hijo-de-torero\/\" \/>\n<meta property=\"og:site_name\" content=\"Real Maestranza de Caballer\u00eda de Ronda\" \/>\n<meta property=\"article:publisher\" content=\"https:\/\/www.facebook.com\/plazadetorosronda\" \/>\n<meta property=\"article:published_time\" content=\"2020-08-11T12:21:33+00:00\" \/>\n<meta property=\"og:image\" content=\"https:\/\/www.rmcr.org\/wp-content\/uploads\/2020\/08\/pnr.png\" \/>\n\t<meta property=\"og:image:width\" content=\"482\" \/>\n\t<meta property=\"og:image:height\" content=\"155\" \/>\n\t<meta property=\"og:image:type\" content=\"image\/png\" \/>\n<meta name=\"author\" content=\"RMCR\" \/>\n<meta name=\"twitter:card\" content=\"summary_large_image\" \/>\n<meta name=\"twitter:creator\" content=\"@PlazatorosRMR\" \/>\n<meta name=\"twitter:site\" content=\"@PlazatorosRMR\" \/>\n<meta name=\"twitter:label1\" content=\"Written by\" \/>\n\t<meta name=\"twitter:data1\" content=\"RMCR\" \/>\n\t<meta name=\"twitter:label2\" content=\"Est. reading time\" \/>\n\t<meta name=\"twitter:data2\" content=\"6 minutes\" \/>\n<script type=\"application\/ld+json\" class=\"yoast-schema-graph\">{\"@context\":\"https:\\\/\\\/schema.org\",\"@graph\":[{\"@type\":\"Article\",\"@id\":\"https:\\\/\\\/www.rmcr.org\\\/en\\\/2020\\\/08\\\/11\\\/toreros-historicos-en-la-plaza-de-toros-de-ronda-iv-juan-lucas-blanco-torero-hijo-de-torero\\\/#article\",\"isPartOf\":{\"@id\":\"https:\\\/\\\/www.rmcr.org\\\/en\\\/2020\\\/08\\\/11\\\/toreros-historicos-en-la-plaza-de-toros-de-ronda-iv-juan-lucas-blanco-torero-hijo-de-torero\\\/\"},\"author\":{\"name\":\"RMCR\",\"@id\":\"https:\\\/\\\/www.rmcr.org\\\/en\\\/#\\\/schema\\\/person\\\/7ddd0dafda7edd0e407157f93a56df4f\"},\"headline\":\"Toreros hist\u00f3ricos en la Plaza de toros de Ronda (IV). Juan Lucas Blanco, torero hijo de torero\",\"datePublished\":\"2020-08-11T12:21:33+00:00\",\"mainEntityOfPage\":{\"@id\":\"https:\\\/\\\/www.rmcr.org\\\/en\\\/2020\\\/08\\\/11\\\/toreros-historicos-en-la-plaza-de-toros-de-ronda-iv-juan-lucas-blanco-torero-hijo-de-torero\\\/\"},\"wordCount\":1168,\"commentCount\":1,\"publisher\":{\"@id\":\"https:\\\/\\\/www.rmcr.org\\\/en\\\/#organization\"},\"image\":{\"@id\":\"https:\\\/\\\/www.rmcr.org\\\/en\\\/2020\\\/08\\\/11\\\/toreros-historicos-en-la-plaza-de-toros-de-ronda-iv-juan-lucas-blanco-torero-hijo-de-torero\\\/#primaryimage\"},\"thumbnailUrl\":\"https:\\\/\\\/www.rmcr.org\\\/wp-content\\\/uploads\\\/2020\\\/08\\\/pnr.png\",\"keywords\":[\"Juan Lucas Blanco\",\"Plaza de Toros de Ronda\",\"Real Maestranza de Caballer\u00eda de Ronda\",\"Ronda\",\"Torero\",\"Torero hist\u00f3rico\"],\"articleSection\":[\"Historia\",\"Plaza de Toros\",\"Real Maestranza\",\"Tauromaquia\"],\"inLanguage\":\"en-US\",\"potentialAction\":[{\"@type\":\"CommentAction\",\"name\":\"Comment\",\"target\":[\"https:\\\/\\\/www.rmcr.org\\\/en\\\/2020\\\/08\\\/11\\\/toreros-historicos-en-la-plaza-de-toros-de-ronda-iv-juan-lucas-blanco-torero-hijo-de-torero\\\/#respond\"]}]},{\"@type\":\"WebPage\",\"@id\":\"https:\\\/\\\/www.rmcr.org\\\/en\\\/2020\\\/08\\\/11\\\/toreros-historicos-en-la-plaza-de-toros-de-ronda-iv-juan-lucas-blanco-torero-hijo-de-torero\\\/\",\"url\":\"https:\\\/\\\/www.rmcr.org\\\/en\\\/2020\\\/08\\\/11\\\/toreros-historicos-en-la-plaza-de-toros-de-ronda-iv-juan-lucas-blanco-torero-hijo-de-torero\\\/\",\"name\":\"Toreros hist\u00f3ricos en la Plaza de toros de Ronda (IV). Juan Lucas Blanco, torero hijo de torero - Real Maestranza de Caballer\u00eda de Ronda\",\"isPartOf\":{\"@id\":\"https:\\\/\\\/www.rmcr.org\\\/en\\\/#website\"},\"primaryImageOfPage\":{\"@id\":\"https:\\\/\\\/www.rmcr.org\\\/en\\\/2020\\\/08\\\/11\\\/toreros-historicos-en-la-plaza-de-toros-de-ronda-iv-juan-lucas-blanco-torero-hijo-de-torero\\\/#primaryimage\"},\"image\":{\"@id\":\"https:\\\/\\\/www.rmcr.org\\\/en\\\/2020\\\/08\\\/11\\\/toreros-historicos-en-la-plaza-de-toros-de-ronda-iv-juan-lucas-blanco-torero-hijo-de-torero\\\/#primaryimage\"},\"thumbnailUrl\":\"https:\\\/\\\/www.rmcr.org\\\/wp-content\\\/uploads\\\/2020\\\/08\\\/pnr.png\",\"datePublished\":\"2020-08-11T12:21:33+00:00\",\"breadcrumb\":{\"@id\":\"https:\\\/\\\/www.rmcr.org\\\/en\\\/2020\\\/08\\\/11\\\/toreros-historicos-en-la-plaza-de-toros-de-ronda-iv-juan-lucas-blanco-torero-hijo-de-torero\\\/#breadcrumb\"},\"inLanguage\":\"en-US\",\"potentialAction\":[{\"@type\":\"ReadAction\",\"target\":[\"https:\\\/\\\/www.rmcr.org\\\/en\\\/2020\\\/08\\\/11\\\/toreros-historicos-en-la-plaza-de-toros-de-ronda-iv-juan-lucas-blanco-torero-hijo-de-torero\\\/\"]}]},{\"@type\":\"ImageObject\",\"inLanguage\":\"en-US\",\"@id\":\"https:\\\/\\\/www.rmcr.org\\\/en\\\/2020\\\/08\\\/11\\\/toreros-historicos-en-la-plaza-de-toros-de-ronda-iv-juan-lucas-blanco-torero-hijo-de-torero\\\/#primaryimage\",\"url\":\"https:\\\/\\\/www.rmcr.org\\\/wp-content\\\/uploads\\\/2020\\\/08\\\/pnr.png\",\"contentUrl\":\"https:\\\/\\\/www.rmcr.org\\\/wp-content\\\/uploads\\\/2020\\\/08\\\/pnr.png\",\"width\":482,\"height\":155},{\"@type\":\"BreadcrumbList\",\"@id\":\"https:\\\/\\\/www.rmcr.org\\\/en\\\/2020\\\/08\\\/11\\\/toreros-historicos-en-la-plaza-de-toros-de-ronda-iv-juan-lucas-blanco-torero-hijo-de-torero\\\/#breadcrumb\",\"itemListElement\":[{\"@type\":\"ListItem\",\"position\":1,\"name\":\"REAL MAESTRANZA DE CABALLER\u00cdA DE RONDA\",\"item\":\"https:\\\/\\\/www.rmcr.org\\\/en\\\/\"},{\"@type\":\"ListItem\",\"position\":2,\"name\":\"Toreros hist\u00f3ricos en la Plaza de toros de Ronda (IV). Juan Lucas Blanco, torero hijo de torero\"}]},{\"@type\":\"WebSite\",\"@id\":\"https:\\\/\\\/www.rmcr.org\\\/en\\\/#website\",\"url\":\"https:\\\/\\\/www.rmcr.org\\\/en\\\/\",\"name\":\"Real Maestranza de Caballer\u00eda de Ronda\",\"description\":\"Real Maestranza de Caballer\u00eda de Ronda\",\"publisher\":{\"@id\":\"https:\\\/\\\/www.rmcr.org\\\/en\\\/#organization\"},\"alternateName\":\"RMCR\",\"potentialAction\":[{\"@type\":\"SearchAction\",\"target\":{\"@type\":\"EntryPoint\",\"urlTemplate\":\"https:\\\/\\\/www.rmcr.org\\\/en\\\/?s={search_term_string}\"},\"query-input\":{\"@type\":\"PropertyValueSpecification\",\"valueRequired\":true,\"valueName\":\"search_term_string\"}}],\"inLanguage\":\"en-US\"},{\"@type\":\"Organization\",\"@id\":\"https:\\\/\\\/www.rmcr.org\\\/en\\\/#organization\",\"name\":\"Real Maestranza de Caballer\u00eda de Ronda\",\"alternateName\":\"RMR\",\"url\":\"https:\\\/\\\/www.rmcr.org\\\/en\\\/\",\"logo\":{\"@type\":\"ImageObject\",\"inLanguage\":\"en-US\",\"@id\":\"https:\\\/\\\/www.rmcr.org\\\/en\\\/#\\\/schema\\\/logo\\\/image\\\/\",\"url\":\"https:\\\/\\\/www.rmcr.org\\\/wp-content\\\/uploads\\\/2022\\\/07\\\/logo-rmr-blue.svg\",\"contentUrl\":\"https:\\\/\\\/www.rmcr.org\\\/wp-content\\\/uploads\\\/2022\\\/07\\\/logo-rmr-blue.svg\",\"width\":131,\"height\":129,\"caption\":\"Real Maestranza de Caballer\u00eda de Ronda\"},\"image\":{\"@id\":\"https:\\\/\\\/www.rmcr.org\\\/en\\\/#\\\/schema\\\/logo\\\/image\\\/\"},\"sameAs\":[\"https:\\\/\\\/www.facebook.com\\\/plazadetorosronda\",\"https:\\\/\\\/x.com\\\/PlazatorosRMR\",\"https:\\\/\\\/www.instagram.com\\\/realmaestranzaderonda\\\/\",\"https:\\\/\\\/www.youtube.com\\\/channel\\\/UCrbO5IUN-8v_QML739vM4zg\\\/videos\"]},{\"@type\":\"Person\",\"@id\":\"https:\\\/\\\/www.rmcr.org\\\/en\\\/#\\\/schema\\\/person\\\/7ddd0dafda7edd0e407157f93a56df4f\",\"name\":\"RMCR\",\"image\":{\"@type\":\"ImageObject\",\"inLanguage\":\"en-US\",\"@id\":\"https:\\\/\\\/secure.gravatar.com\\\/avatar\\\/adb75798b50800c24baa6a8706037b9469998c49eddeb95935f50f633cff80bb?s=96&d=mm&r=g\",\"url\":\"https:\\\/\\\/secure.gravatar.com\\\/avatar\\\/adb75798b50800c24baa6a8706037b9469998c49eddeb95935f50f633cff80bb?s=96&d=mm&r=g\",\"contentUrl\":\"https:\\\/\\\/secure.gravatar.com\\\/avatar\\\/adb75798b50800c24baa6a8706037b9469998c49eddeb95935f50f633cff80bb?s=96&d=mm&r=g\",\"caption\":\"RMCR\"},\"url\":\"https:\\\/\\\/www.rmcr.org\\\/en\\\/author\\\/bitniks77\\\/\"}]}<\/script>\n<!-- \/ Yoast SEO plugin. -->","yoast_head_json":{"title":"Toreros hist\u00f3ricos en la Plaza de toros de Ronda (IV). Juan Lucas Blanco, torero hijo de torero - Real Maestranza de Caballer\u00eda de Ronda","robots":{"index":"index","follow":"follow","max-snippet":"max-snippet:-1","max-image-preview":"max-image-preview:large","max-video-preview":"max-video-preview:-1"},"canonical":"https:\/\/www.rmcr.org\/en\/2020\/08\/11\/toreros-historicos-en-la-plaza-de-toros-de-ronda-iv-juan-lucas-blanco-torero-hijo-de-torero\/","og_locale":"en_US","og_type":"article","og_title":"Toreros hist\u00f3ricos en la Plaza de toros de Ronda (IV). Juan Lucas Blanco, torero hijo de torero - Real Maestranza de Caballer\u00eda de Ronda","og_description":"El espacio dedicado a la historia de la Tauromaquia, en el interior de la plaza de toros de Ronda, conserva un cartel de toros fechado en 1854 que anuncia una corrida en la que el protagonista principal es el sevillano Juan Lucas Blanco.","og_url":"https:\/\/www.rmcr.org\/en\/2020\/08\/11\/toreros-historicos-en-la-plaza-de-toros-de-ronda-iv-juan-lucas-blanco-torero-hijo-de-torero\/","og_site_name":"Real Maestranza de Caballer\u00eda de Ronda","article_publisher":"https:\/\/www.facebook.com\/plazadetorosronda","article_published_time":"2020-08-11T12:21:33+00:00","og_image":[{"width":482,"height":155,"url":"https:\/\/www.rmcr.org\/wp-content\/uploads\/2020\/08\/pnr.png","type":"image\/png"}],"author":"RMCR","twitter_card":"summary_large_image","twitter_creator":"@PlazatorosRMR","twitter_site":"@PlazatorosRMR","twitter_misc":{"Written by":"RMCR","Est. reading time":"6 minutes"},"schema":{"@context":"https:\/\/schema.org","@graph":[{"@type":"Article","@id":"https:\/\/www.rmcr.org\/en\/2020\/08\/11\/toreros-historicos-en-la-plaza-de-toros-de-ronda-iv-juan-lucas-blanco-torero-hijo-de-torero\/#article","isPartOf":{"@id":"https:\/\/www.rmcr.org\/en\/2020\/08\/11\/toreros-historicos-en-la-plaza-de-toros-de-ronda-iv-juan-lucas-blanco-torero-hijo-de-torero\/"},"author":{"name":"RMCR","@id":"https:\/\/www.rmcr.org\/en\/#\/schema\/person\/7ddd0dafda7edd0e407157f93a56df4f"},"headline":"Toreros hist\u00f3ricos en la Plaza de toros de Ronda (IV). Juan Lucas Blanco, torero hijo de torero","datePublished":"2020-08-11T12:21:33+00:00","mainEntityOfPage":{"@id":"https:\/\/www.rmcr.org\/en\/2020\/08\/11\/toreros-historicos-en-la-plaza-de-toros-de-ronda-iv-juan-lucas-blanco-torero-hijo-de-torero\/"},"wordCount":1168,"commentCount":1,"publisher":{"@id":"https:\/\/www.rmcr.org\/en\/#organization"},"image":{"@id":"https:\/\/www.rmcr.org\/en\/2020\/08\/11\/toreros-historicos-en-la-plaza-de-toros-de-ronda-iv-juan-lucas-blanco-torero-hijo-de-torero\/#primaryimage"},"thumbnailUrl":"https:\/\/www.rmcr.org\/wp-content\/uploads\/2020\/08\/pnr.png","keywords":["Juan Lucas Blanco","Plaza de Toros de Ronda","Real Maestranza de Caballer\u00eda de Ronda","Ronda","Torero","Torero hist\u00f3rico"],"articleSection":["Historia","Plaza de Toros","Real Maestranza","Tauromaquia"],"inLanguage":"en-US","potentialAction":[{"@type":"CommentAction","name":"Comment","target":["https:\/\/www.rmcr.org\/en\/2020\/08\/11\/toreros-historicos-en-la-plaza-de-toros-de-ronda-iv-juan-lucas-blanco-torero-hijo-de-torero\/#respond"]}]},{"@type":"WebPage","@id":"https:\/\/www.rmcr.org\/en\/2020\/08\/11\/toreros-historicos-en-la-plaza-de-toros-de-ronda-iv-juan-lucas-blanco-torero-hijo-de-torero\/","url":"https:\/\/www.rmcr.org\/en\/2020\/08\/11\/toreros-historicos-en-la-plaza-de-toros-de-ronda-iv-juan-lucas-blanco-torero-hijo-de-torero\/","name":"Toreros hist\u00f3ricos en la Plaza de toros de Ronda (IV). Juan Lucas Blanco, torero hijo de torero - Real Maestranza de Caballer\u00eda de Ronda","isPartOf":{"@id":"https:\/\/www.rmcr.org\/en\/#website"},"primaryImageOfPage":{"@id":"https:\/\/www.rmcr.org\/en\/2020\/08\/11\/toreros-historicos-en-la-plaza-de-toros-de-ronda-iv-juan-lucas-blanco-torero-hijo-de-torero\/#primaryimage"},"image":{"@id":"https:\/\/www.rmcr.org\/en\/2020\/08\/11\/toreros-historicos-en-la-plaza-de-toros-de-ronda-iv-juan-lucas-blanco-torero-hijo-de-torero\/#primaryimage"},"thumbnailUrl":"https:\/\/www.rmcr.org\/wp-content\/uploads\/2020\/08\/pnr.png","datePublished":"2020-08-11T12:21:33+00:00","breadcrumb":{"@id":"https:\/\/www.rmcr.org\/en\/2020\/08\/11\/toreros-historicos-en-la-plaza-de-toros-de-ronda-iv-juan-lucas-blanco-torero-hijo-de-torero\/#breadcrumb"},"inLanguage":"en-US","potentialAction":[{"@type":"ReadAction","target":["https:\/\/www.rmcr.org\/en\/2020\/08\/11\/toreros-historicos-en-la-plaza-de-toros-de-ronda-iv-juan-lucas-blanco-torero-hijo-de-torero\/"]}]},{"@type":"ImageObject","inLanguage":"en-US","@id":"https:\/\/www.rmcr.org\/en\/2020\/08\/11\/toreros-historicos-en-la-plaza-de-toros-de-ronda-iv-juan-lucas-blanco-torero-hijo-de-torero\/#primaryimage","url":"https:\/\/www.rmcr.org\/wp-content\/uploads\/2020\/08\/pnr.png","contentUrl":"https:\/\/www.rmcr.org\/wp-content\/uploads\/2020\/08\/pnr.png","width":482,"height":155},{"@type":"BreadcrumbList","@id":"https:\/\/www.rmcr.org\/en\/2020\/08\/11\/toreros-historicos-en-la-plaza-de-toros-de-ronda-iv-juan-lucas-blanco-torero-hijo-de-torero\/#breadcrumb","itemListElement":[{"@type":"ListItem","position":1,"name":"REAL MAESTRANZA DE CABALLER\u00cdA DE RONDA","item":"https:\/\/www.rmcr.org\/en\/"},{"@type":"ListItem","position":2,"name":"Toreros hist\u00f3ricos en la Plaza de toros de Ronda (IV). Juan Lucas Blanco, torero hijo de torero"}]},{"@type":"WebSite","@id":"https:\/\/www.rmcr.org\/en\/#website","url":"https:\/\/www.rmcr.org\/en\/","name":"Real Maestranza de Caballer\u00eda de Ronda","description":"Real Maestranza de Caballer\u00eda de Ronda","publisher":{"@id":"https:\/\/www.rmcr.org\/en\/#organization"},"alternateName":"RMCR","potentialAction":[{"@type":"SearchAction","target":{"@type":"EntryPoint","urlTemplate":"https:\/\/www.rmcr.org\/en\/?s={search_term_string}"},"query-input":{"@type":"PropertyValueSpecification","valueRequired":true,"valueName":"search_term_string"}}],"inLanguage":"en-US"},{"@type":"Organization","@id":"https:\/\/www.rmcr.org\/en\/#organization","name":"Real Maestranza de Caballer\u00eda de Ronda","alternateName":"RMR","url":"https:\/\/www.rmcr.org\/en\/","logo":{"@type":"ImageObject","inLanguage":"en-US","@id":"https:\/\/www.rmcr.org\/en\/#\/schema\/logo\/image\/","url":"https:\/\/www.rmcr.org\/wp-content\/uploads\/2022\/07\/logo-rmr-blue.svg","contentUrl":"https:\/\/www.rmcr.org\/wp-content\/uploads\/2022\/07\/logo-rmr-blue.svg","width":131,"height":129,"caption":"Real Maestranza de Caballer\u00eda de Ronda"},"image":{"@id":"https:\/\/www.rmcr.org\/en\/#\/schema\/logo\/image\/"},"sameAs":["https:\/\/www.facebook.com\/plazadetorosronda","https:\/\/x.com\/PlazatorosRMR","https:\/\/www.instagram.com\/realmaestranzaderonda\/","https:\/\/www.youtube.com\/channel\/UCrbO5IUN-8v_QML739vM4zg\/videos"]},{"@type":"Person","@id":"https:\/\/www.rmcr.org\/en\/#\/schema\/person\/7ddd0dafda7edd0e407157f93a56df4f","name":"RMCR","image":{"@type":"ImageObject","inLanguage":"en-US","@id":"https:\/\/secure.gravatar.com\/avatar\/adb75798b50800c24baa6a8706037b9469998c49eddeb95935f50f633cff80bb?s=96&d=mm&r=g","url":"https:\/\/secure.gravatar.com\/avatar\/adb75798b50800c24baa6a8706037b9469998c49eddeb95935f50f633cff80bb?s=96&d=mm&r=g","contentUrl":"https:\/\/secure.gravatar.com\/avatar\/adb75798b50800c24baa6a8706037b9469998c49eddeb95935f50f633cff80bb?s=96&d=mm&r=g","caption":"RMCR"},"url":"https:\/\/www.rmcr.org\/en\/author\/bitniks77\/"}]}},"_links":{"self":[{"href":"https:\/\/www.rmcr.org\/en\/wp-json\/wp\/v2\/posts\/7128","targetHints":{"allow":["GET"]}}],"collection":[{"href":"https:\/\/www.rmcr.org\/en\/wp-json\/wp\/v2\/posts"}],"about":[{"href":"https:\/\/www.rmcr.org\/en\/wp-json\/wp\/v2\/types\/post"}],"author":[{"embeddable":true,"href":"https:\/\/www.rmcr.org\/en\/wp-json\/wp\/v2\/users\/7"}],"replies":[{"embeddable":true,"href":"https:\/\/www.rmcr.org\/en\/wp-json\/wp\/v2\/comments?post=7128"}],"version-history":[{"count":0,"href":"https:\/\/www.rmcr.org\/en\/wp-json\/wp\/v2\/posts\/7128\/revisions"}],"wp:featuredmedia":[{"embeddable":true,"href":"https:\/\/www.rmcr.org\/en\/wp-json\/wp\/v2\/media\/7349"}],"wp:attachment":[{"href":"https:\/\/www.rmcr.org\/en\/wp-json\/wp\/v2\/media?parent=7128"}],"wp:term":[{"taxonomy":"category","embeddable":true,"href":"https:\/\/www.rmcr.org\/en\/wp-json\/wp\/v2\/categories?post=7128"},{"taxonomy":"post_tag","embeddable":true,"href":"https:\/\/www.rmcr.org\/en\/wp-json\/wp\/v2\/tags?post=7128"}],"curies":[{"name":"wp","href":"https:\/\/api.w.org\/{rel}","templated":true}]}}