{"id":7127,"date":"2020-08-07T12:53:29","date_gmt":"2020-08-07T12:53:29","guid":{"rendered":"https:\/\/www.rmcr.org\/?p=7127"},"modified":"2020-08-07T12:53:29","modified_gmt":"2020-08-07T12:53:29","slug":"pablo-picasso-en-la-coleccion-de-carteles-de-la-goyesca","status":"publish","type":"post","link":"https:\/\/www.rmcr.org\/en\/2020\/08\/07\/pablo-picasso-en-la-coleccion-de-carteles-de-la-goyesca\/","title":{"rendered":"Pablo Picasso en la colecci\u00f3n de carteles de la Goyesca."},"content":{"rendered":"<p style=\"text-align:left;\">En 2006, para conmemorar que se alcanzaba la 50\u00aa Corrida Goyesca, la Real Maestranza de Caballer\u00eda de Ronda gestion\u00f3 con los herederos de Pablo Ruiz Picasso (1881-1973) la reproducci\u00f3n para el cartel de una de las muchas obras que el genio malague\u00f1o dedic\u00f3 al universo de los toros. Se trata de \u00abTorero\u00bb (1970), un \u00f3leo sobre lienzo realizado tres a\u00f1os antes de su fallecimiento. La elecci\u00f3n no pod\u00eda ser m\u00e1s apropiada, ya que el retrato guarda connotaciones con la \u00e9poca y con los que Francisco de Goya les hizo a los c\u00e9lebres e hist\u00f3ricos toreros de Ronda Pedro Romero y su hermano Jos\u00e9 entre 1795 y 1798.<\/p>\n<p><img fetchpriority=\"high\" decoding=\"async\" class=\" size-full wp-image-926 aligncenter\" src=\"https:\/\/www.rmcr.org\/wp-content\/uploads\/2020\/08\/picasso_goyesca.png\" alt=\"Picasso_Goyesca\" width=\"436\" height=\"591\" \/><\/p>\n<p style=\"text-align:center;\">\n<p style=\"text-align:center;\"><em>\u00abTorero\u00bb. Pablo Picasso, 1970 (\u00d3leo sobre lienzo). Sucesi\u00f3n Pablo Picasso.<\/em><\/p>\n<p>Es universalmente conocida la pasi\u00f3n de Picasso por los toros, la tauromaquia y su mitolog\u00eda, fomentada desde su infancia en la plaza de toros de M\u00e1laga cuando lo llevaban su padre y su t\u00edo, presente a lo largo de su trayectoria y que se acrecent\u00f3 como una suerte de a\u00f1oranza en su \u00faltima etapa. Se cuenta que su primer h\u00e9roe fue Jos\u00e9 S\u00e1nchez del Campo \u00abCara-Ancha\u00bb<em>\u00a0<\/em>y que de ni\u00f1o quer\u00eda ser varilarguero. De hecho, uno de sus primeros retratos es el de un picador. La iconograf\u00eda de tema taurino est\u00e1 presente en la obra picassiana en todas sus fases, tanto en su pintura como en sus cer\u00e1micas, esculturas y grabados. Le obsesion\u00f3 particularmente el mito del Minotauro y no dej\u00f3 de recrear simbolog\u00edas muy personales relacionadas con el toro. Conocidas son sus apariciones en las plazas de Arl\u00e9s o de Nimes para presenciar corridas en las que era habitual que los toreros, sabedores de su gran afici\u00f3n, le brindaran sus faenas.<\/p>\n<p>La reproducci\u00f3n de este \u00abTorero\u00bb como imagen del cartel de la 50\u00aa Corrida Goyesca fue posible gracias a la colaboraci\u00f3n de su nieto Bernard Ruiz-Picasso, que entreg\u00f3 en 2004 las Becas y Premios Universitarios que patrocina anualmente la Real Maestranza. Ese cuadro, que forma parte de su colecci\u00f3n privada, se incluy\u00f3 en la exposici\u00f3n <em><a href=\"https:\/\/gagosian.com\/exhibitions\/2017\/picasso-minotaurs-and-matadors-curated-by-sir-john-richardson\/\">Picasso: Minotauros y Matadores<\/a><\/em> celebrada en 2017 en la sede de <a href=\"https:\/\/gagosian.com\/\">Londres de la Galer\u00eda Gagosian<\/a>, muestra comisariada por sir John Richardson, autor de la c\u00e9lebre y magistral biograf\u00eda de Picasso en varias partes, fallecido el a\u00f1o pasado.<\/p>\n<p><a href=\"https:\/\/www.rmcr.org\/wp-content\/uploads\/2020\/08\/becas_2004.jpg\"><img decoding=\"async\" class=\"size-full wp-image-922 aligncenter\" src=\"https:\/\/www.rmcr.org\/wp-content\/uploads\/2020\/08\/becas_2004.jpg\" alt=\"\" width=\"470\" height=\"349\" \/><\/a><\/p>\n<p style=\"text-align:center;\"><em>Ceremonia presidida por Bernard Ruiz-Picasso. 2004. Archivo fotogr\u00e1fico RMR.<\/em><\/p>\n<p>La Corrida Goyesca de esa efem\u00e9ride fue un mano a mano protagonizado por los hermanos Rivera Ord\u00f3\u00f1ez, Francisco y Cayetano, que recibi\u00f3 la alternativa, frente a seis toros de la ganader\u00eda extreme\u00f1a de Zalduendo.<\/p>\n","protected":false},"excerpt":{"rendered":"<p>En 2006, para conmemorar que se alcanzaba la 50\u00aa corrida goyesca, la Real Maestranza gestion\u00f3 con herederos de Pablo Ruiz Picasso (1881-1973) la reproducci\u00f3n para el cartel de una de las muchas obras que el genio malague\u00f1o dedic\u00f3 al universo de los toros. Se trata de Torero (1970), un \u00f3leo sobre lienzo realizado tres a\u00f1os antes de su fallecimiento.<\/p>\n","protected":false},"author":7,"featured_media":918,"comment_status":"open","ping_status":"open","sticky":false,"template":"","format":"standard","meta":{"footnotes":""},"categories":[275,277,301,278],"tags":[353,358,360,361,362,98],"class_list":["post-7127","post","type-post","status-publish","format-standard","has-post-thumbnail","hentry","category-goyesca","category-plaza-de-toros","category-real-maestranza","category-tauromaquia","tag-corrida-de-toros","tag-corrida-goyesca","tag-galeria-gagosian","tag-pablo-picasso","tag-picasso","tag-real-maestranza-de-caballeria-de-ronda"],"yoast_head":"<!-- This site is optimized with the Yoast SEO plugin v27.5 - https:\/\/yoast.com\/product\/yoast-seo-wordpress\/ -->\n<title>Pablo Picasso en la colecci\u00f3n de carteles de la Goyesca. - Real Maestranza de Caballer\u00eda de Ronda<\/title>\n<meta name=\"robots\" content=\"index, follow, max-snippet:-1, max-image-preview:large, max-video-preview:-1\" \/>\n<link rel=\"canonical\" href=\"https:\/\/www.rmcr.org\/en\/2020\/08\/07\/pablo-picasso-en-la-coleccion-de-carteles-de-la-goyesca\/\" \/>\n<meta property=\"og:locale\" content=\"en_US\" \/>\n<meta property=\"og:type\" content=\"article\" \/>\n<meta property=\"og:title\" content=\"Pablo Picasso en la colecci\u00f3n de carteles de la Goyesca. - Real Maestranza de Caballer\u00eda de Ronda\" \/>\n<meta property=\"og:description\" content=\"En 2006, para conmemorar que se alcanzaba la 50\u00aa corrida goyesca, la Real Maestranza gestion\u00f3 con herederos de Pablo Ruiz Picasso (1881-1973) la reproducci\u00f3n para el cartel de una de las muchas obras que el genio malague\u00f1o dedic\u00f3 al universo de los toros. Se trata de Torero (1970), un \u00f3leo sobre lienzo realizado tres a\u00f1os antes de su fallecimiento.\" \/>\n<meta property=\"og:url\" content=\"https:\/\/www.rmcr.org\/en\/2020\/08\/07\/pablo-picasso-en-la-coleccion-de-carteles-de-la-goyesca\/\" \/>\n<meta property=\"og:site_name\" content=\"Real Maestranza de Caballer\u00eda de Ronda\" \/>\n<meta property=\"article:publisher\" content=\"https:\/\/www.facebook.com\/plazadetorosronda\" \/>\n<meta property=\"article:published_time\" content=\"2020-08-07T12:53:29+00:00\" \/>\n<meta property=\"og:image\" content=\"https:\/\/www.rmcr.org\/wp-content\/uploads\/2020\/08\/pnr.jpg\" \/>\n\t<meta property=\"og:image:width\" content=\"482\" \/>\n\t<meta property=\"og:image:height\" content=\"155\" \/>\n\t<meta property=\"og:image:type\" content=\"image\/jpeg\" \/>\n<meta name=\"author\" content=\"RMCR\" \/>\n<meta name=\"twitter:card\" content=\"summary_large_image\" \/>\n<meta name=\"twitter:creator\" content=\"@PlazatorosRMR\" \/>\n<meta name=\"twitter:site\" content=\"@PlazatorosRMR\" \/>\n<meta name=\"twitter:label1\" content=\"Written by\" \/>\n\t<meta name=\"twitter:data1\" content=\"RMCR\" \/>\n\t<meta name=\"twitter:label2\" content=\"Est. reading time\" \/>\n\t<meta name=\"twitter:data2\" content=\"2 minutes\" \/>\n<script type=\"application\/ld+json\" class=\"yoast-schema-graph\">{\"@context\":\"https:\\\/\\\/schema.org\",\"@graph\":[{\"@type\":\"Article\",\"@id\":\"https:\\\/\\\/www.rmcr.org\\\/en\\\/2020\\\/08\\\/07\\\/pablo-picasso-en-la-coleccion-de-carteles-de-la-goyesca\\\/#article\",\"isPartOf\":{\"@id\":\"https:\\\/\\\/www.rmcr.org\\\/en\\\/2020\\\/08\\\/07\\\/pablo-picasso-en-la-coleccion-de-carteles-de-la-goyesca\\\/\"},\"author\":{\"name\":\"RMCR\",\"@id\":\"https:\\\/\\\/www.rmcr.org\\\/en\\\/#\\\/schema\\\/person\\\/7ddd0dafda7edd0e407157f93a56df4f\"},\"headline\":\"Pablo Picasso en la colecci\u00f3n de carteles de la Goyesca.\",\"datePublished\":\"2020-08-07T12:53:29+00:00\",\"mainEntityOfPage\":{\"@id\":\"https:\\\/\\\/www.rmcr.org\\\/en\\\/2020\\\/08\\\/07\\\/pablo-picasso-en-la-coleccion-de-carteles-de-la-goyesca\\\/\"},\"wordCount\":452,\"commentCount\":0,\"publisher\":{\"@id\":\"https:\\\/\\\/www.rmcr.org\\\/en\\\/#organization\"},\"image\":{\"@id\":\"https:\\\/\\\/www.rmcr.org\\\/en\\\/2020\\\/08\\\/07\\\/pablo-picasso-en-la-coleccion-de-carteles-de-la-goyesca\\\/#primaryimage\"},\"thumbnailUrl\":\"https:\\\/\\\/www.rmcr.org\\\/wp-content\\\/uploads\\\/2020\\\/08\\\/pnr.jpg\",\"keywords\":[\"Corrida de toros\",\"Corrida Goyesca\",\"Galer\u00eda Gagosian\",\"Pablo Picasso\",\"Picasso\",\"Real Maestranza de Caballer\u00eda de Ronda\"],\"articleSection\":[\"Goyesca\",\"Plaza de Toros\",\"Real Maestranza\",\"Tauromaquia\"],\"inLanguage\":\"en-US\",\"potentialAction\":[{\"@type\":\"CommentAction\",\"name\":\"Comment\",\"target\":[\"https:\\\/\\\/www.rmcr.org\\\/en\\\/2020\\\/08\\\/07\\\/pablo-picasso-en-la-coleccion-de-carteles-de-la-goyesca\\\/#respond\"]}]},{\"@type\":\"WebPage\",\"@id\":\"https:\\\/\\\/www.rmcr.org\\\/en\\\/2020\\\/08\\\/07\\\/pablo-picasso-en-la-coleccion-de-carteles-de-la-goyesca\\\/\",\"url\":\"https:\\\/\\\/www.rmcr.org\\\/en\\\/2020\\\/08\\\/07\\\/pablo-picasso-en-la-coleccion-de-carteles-de-la-goyesca\\\/\",\"name\":\"Pablo Picasso en la colecci\u00f3n de carteles de la Goyesca. - Real Maestranza de Caballer\u00eda de Ronda\",\"isPartOf\":{\"@id\":\"https:\\\/\\\/www.rmcr.org\\\/en\\\/#website\"},\"primaryImageOfPage\":{\"@id\":\"https:\\\/\\\/www.rmcr.org\\\/en\\\/2020\\\/08\\\/07\\\/pablo-picasso-en-la-coleccion-de-carteles-de-la-goyesca\\\/#primaryimage\"},\"image\":{\"@id\":\"https:\\\/\\\/www.rmcr.org\\\/en\\\/2020\\\/08\\\/07\\\/pablo-picasso-en-la-coleccion-de-carteles-de-la-goyesca\\\/#primaryimage\"},\"thumbnailUrl\":\"https:\\\/\\\/www.rmcr.org\\\/wp-content\\\/uploads\\\/2020\\\/08\\\/pnr.jpg\",\"datePublished\":\"2020-08-07T12:53:29+00:00\",\"breadcrumb\":{\"@id\":\"https:\\\/\\\/www.rmcr.org\\\/en\\\/2020\\\/08\\\/07\\\/pablo-picasso-en-la-coleccion-de-carteles-de-la-goyesca\\\/#breadcrumb\"},\"inLanguage\":\"en-US\",\"potentialAction\":[{\"@type\":\"ReadAction\",\"target\":[\"https:\\\/\\\/www.rmcr.org\\\/en\\\/2020\\\/08\\\/07\\\/pablo-picasso-en-la-coleccion-de-carteles-de-la-goyesca\\\/\"]}]},{\"@type\":\"ImageObject\",\"inLanguage\":\"en-US\",\"@id\":\"https:\\\/\\\/www.rmcr.org\\\/en\\\/2020\\\/08\\\/07\\\/pablo-picasso-en-la-coleccion-de-carteles-de-la-goyesca\\\/#primaryimage\",\"url\":\"https:\\\/\\\/www.rmcr.org\\\/wp-content\\\/uploads\\\/2020\\\/08\\\/pnr.jpg\",\"contentUrl\":\"https:\\\/\\\/www.rmcr.org\\\/wp-content\\\/uploads\\\/2020\\\/08\\\/pnr.jpg\",\"width\":482,\"height\":155},{\"@type\":\"BreadcrumbList\",\"@id\":\"https:\\\/\\\/www.rmcr.org\\\/en\\\/2020\\\/08\\\/07\\\/pablo-picasso-en-la-coleccion-de-carteles-de-la-goyesca\\\/#breadcrumb\",\"itemListElement\":[{\"@type\":\"ListItem\",\"position\":1,\"name\":\"REAL MAESTRANZA DE CABALLER\u00cdA DE RONDA\",\"item\":\"https:\\\/\\\/www.rmcr.org\\\/en\\\/\"},{\"@type\":\"ListItem\",\"position\":2,\"name\":\"Pablo Picasso en la colecci\u00f3n de carteles de la Goyesca.\"}]},{\"@type\":\"WebSite\",\"@id\":\"https:\\\/\\\/www.rmcr.org\\\/en\\\/#website\",\"url\":\"https:\\\/\\\/www.rmcr.org\\\/en\\\/\",\"name\":\"Real Maestranza de Caballer\u00eda de Ronda\",\"description\":\"Real Maestranza de Caballer\u00eda de Ronda\",\"publisher\":{\"@id\":\"https:\\\/\\\/www.rmcr.org\\\/en\\\/#organization\"},\"alternateName\":\"RMCR\",\"potentialAction\":[{\"@type\":\"SearchAction\",\"target\":{\"@type\":\"EntryPoint\",\"urlTemplate\":\"https:\\\/\\\/www.rmcr.org\\\/en\\\/?s={search_term_string}\"},\"query-input\":{\"@type\":\"PropertyValueSpecification\",\"valueRequired\":true,\"valueName\":\"search_term_string\"}}],\"inLanguage\":\"en-US\"},{\"@type\":\"Organization\",\"@id\":\"https:\\\/\\\/www.rmcr.org\\\/en\\\/#organization\",\"name\":\"Real Maestranza de Caballer\u00eda de Ronda\",\"alternateName\":\"RMR\",\"url\":\"https:\\\/\\\/www.rmcr.org\\\/en\\\/\",\"logo\":{\"@type\":\"ImageObject\",\"inLanguage\":\"en-US\",\"@id\":\"https:\\\/\\\/www.rmcr.org\\\/en\\\/#\\\/schema\\\/logo\\\/image\\\/\",\"url\":\"https:\\\/\\\/www.rmcr.org\\\/wp-content\\\/uploads\\\/2022\\\/07\\\/logo-rmr-blue.svg\",\"contentUrl\":\"https:\\\/\\\/www.rmcr.org\\\/wp-content\\\/uploads\\\/2022\\\/07\\\/logo-rmr-blue.svg\",\"width\":131,\"height\":129,\"caption\":\"Real Maestranza de Caballer\u00eda de Ronda\"},\"image\":{\"@id\":\"https:\\\/\\\/www.rmcr.org\\\/en\\\/#\\\/schema\\\/logo\\\/image\\\/\"},\"sameAs\":[\"https:\\\/\\\/www.facebook.com\\\/plazadetorosronda\",\"https:\\\/\\\/x.com\\\/PlazatorosRMR\",\"https:\\\/\\\/www.instagram.com\\\/realmaestranzaderonda\\\/\",\"https:\\\/\\\/www.youtube.com\\\/channel\\\/UCrbO5IUN-8v_QML739vM4zg\\\/videos\"]},{\"@type\":\"Person\",\"@id\":\"https:\\\/\\\/www.rmcr.org\\\/en\\\/#\\\/schema\\\/person\\\/7ddd0dafda7edd0e407157f93a56df4f\",\"name\":\"RMCR\",\"image\":{\"@type\":\"ImageObject\",\"inLanguage\":\"en-US\",\"@id\":\"https:\\\/\\\/secure.gravatar.com\\\/avatar\\\/adb75798b50800c24baa6a8706037b9469998c49eddeb95935f50f633cff80bb?s=96&d=mm&r=g\",\"url\":\"https:\\\/\\\/secure.gravatar.com\\\/avatar\\\/adb75798b50800c24baa6a8706037b9469998c49eddeb95935f50f633cff80bb?s=96&d=mm&r=g\",\"contentUrl\":\"https:\\\/\\\/secure.gravatar.com\\\/avatar\\\/adb75798b50800c24baa6a8706037b9469998c49eddeb95935f50f633cff80bb?s=96&d=mm&r=g\",\"caption\":\"RMCR\"},\"url\":\"https:\\\/\\\/www.rmcr.org\\\/en\\\/author\\\/bitniks77\\\/\"}]}<\/script>\n<!-- \/ Yoast SEO plugin. -->","yoast_head_json":{"title":"Pablo Picasso en la colecci\u00f3n de carteles de la Goyesca. - Real Maestranza de Caballer\u00eda de Ronda","robots":{"index":"index","follow":"follow","max-snippet":"max-snippet:-1","max-image-preview":"max-image-preview:large","max-video-preview":"max-video-preview:-1"},"canonical":"https:\/\/www.rmcr.org\/en\/2020\/08\/07\/pablo-picasso-en-la-coleccion-de-carteles-de-la-goyesca\/","og_locale":"en_US","og_type":"article","og_title":"Pablo Picasso en la colecci\u00f3n de carteles de la Goyesca. - Real Maestranza de Caballer\u00eda de Ronda","og_description":"En 2006, para conmemorar que se alcanzaba la 50\u00aa corrida goyesca, la Real Maestranza gestion\u00f3 con herederos de Pablo Ruiz Picasso (1881-1973) la reproducci\u00f3n para el cartel de una de las muchas obras que el genio malague\u00f1o dedic\u00f3 al universo de los toros. Se trata de Torero (1970), un \u00f3leo sobre lienzo realizado tres a\u00f1os antes de su fallecimiento.","og_url":"https:\/\/www.rmcr.org\/en\/2020\/08\/07\/pablo-picasso-en-la-coleccion-de-carteles-de-la-goyesca\/","og_site_name":"Real Maestranza de Caballer\u00eda de Ronda","article_publisher":"https:\/\/www.facebook.com\/plazadetorosronda","article_published_time":"2020-08-07T12:53:29+00:00","og_image":[{"width":482,"height":155,"url":"https:\/\/www.rmcr.org\/wp-content\/uploads\/2020\/08\/pnr.jpg","type":"image\/jpeg"}],"author":"RMCR","twitter_card":"summary_large_image","twitter_creator":"@PlazatorosRMR","twitter_site":"@PlazatorosRMR","twitter_misc":{"Written by":"RMCR","Est. reading time":"2 minutes"},"schema":{"@context":"https:\/\/schema.org","@graph":[{"@type":"Article","@id":"https:\/\/www.rmcr.org\/en\/2020\/08\/07\/pablo-picasso-en-la-coleccion-de-carteles-de-la-goyesca\/#article","isPartOf":{"@id":"https:\/\/www.rmcr.org\/en\/2020\/08\/07\/pablo-picasso-en-la-coleccion-de-carteles-de-la-goyesca\/"},"author":{"name":"RMCR","@id":"https:\/\/www.rmcr.org\/en\/#\/schema\/person\/7ddd0dafda7edd0e407157f93a56df4f"},"headline":"Pablo Picasso en la colecci\u00f3n de carteles de la Goyesca.","datePublished":"2020-08-07T12:53:29+00:00","mainEntityOfPage":{"@id":"https:\/\/www.rmcr.org\/en\/2020\/08\/07\/pablo-picasso-en-la-coleccion-de-carteles-de-la-goyesca\/"},"wordCount":452,"commentCount":0,"publisher":{"@id":"https:\/\/www.rmcr.org\/en\/#organization"},"image":{"@id":"https:\/\/www.rmcr.org\/en\/2020\/08\/07\/pablo-picasso-en-la-coleccion-de-carteles-de-la-goyesca\/#primaryimage"},"thumbnailUrl":"https:\/\/www.rmcr.org\/wp-content\/uploads\/2020\/08\/pnr.jpg","keywords":["Corrida de toros","Corrida Goyesca","Galer\u00eda Gagosian","Pablo Picasso","Picasso","Real Maestranza de Caballer\u00eda de Ronda"],"articleSection":["Goyesca","Plaza de Toros","Real Maestranza","Tauromaquia"],"inLanguage":"en-US","potentialAction":[{"@type":"CommentAction","name":"Comment","target":["https:\/\/www.rmcr.org\/en\/2020\/08\/07\/pablo-picasso-en-la-coleccion-de-carteles-de-la-goyesca\/#respond"]}]},{"@type":"WebPage","@id":"https:\/\/www.rmcr.org\/en\/2020\/08\/07\/pablo-picasso-en-la-coleccion-de-carteles-de-la-goyesca\/","url":"https:\/\/www.rmcr.org\/en\/2020\/08\/07\/pablo-picasso-en-la-coleccion-de-carteles-de-la-goyesca\/","name":"Pablo Picasso en la colecci\u00f3n de carteles de la Goyesca. - Real Maestranza de Caballer\u00eda de Ronda","isPartOf":{"@id":"https:\/\/www.rmcr.org\/en\/#website"},"primaryImageOfPage":{"@id":"https:\/\/www.rmcr.org\/en\/2020\/08\/07\/pablo-picasso-en-la-coleccion-de-carteles-de-la-goyesca\/#primaryimage"},"image":{"@id":"https:\/\/www.rmcr.org\/en\/2020\/08\/07\/pablo-picasso-en-la-coleccion-de-carteles-de-la-goyesca\/#primaryimage"},"thumbnailUrl":"https:\/\/www.rmcr.org\/wp-content\/uploads\/2020\/08\/pnr.jpg","datePublished":"2020-08-07T12:53:29+00:00","breadcrumb":{"@id":"https:\/\/www.rmcr.org\/en\/2020\/08\/07\/pablo-picasso-en-la-coleccion-de-carteles-de-la-goyesca\/#breadcrumb"},"inLanguage":"en-US","potentialAction":[{"@type":"ReadAction","target":["https:\/\/www.rmcr.org\/en\/2020\/08\/07\/pablo-picasso-en-la-coleccion-de-carteles-de-la-goyesca\/"]}]},{"@type":"ImageObject","inLanguage":"en-US","@id":"https:\/\/www.rmcr.org\/en\/2020\/08\/07\/pablo-picasso-en-la-coleccion-de-carteles-de-la-goyesca\/#primaryimage","url":"https:\/\/www.rmcr.org\/wp-content\/uploads\/2020\/08\/pnr.jpg","contentUrl":"https:\/\/www.rmcr.org\/wp-content\/uploads\/2020\/08\/pnr.jpg","width":482,"height":155},{"@type":"BreadcrumbList","@id":"https:\/\/www.rmcr.org\/en\/2020\/08\/07\/pablo-picasso-en-la-coleccion-de-carteles-de-la-goyesca\/#breadcrumb","itemListElement":[{"@type":"ListItem","position":1,"name":"REAL MAESTRANZA DE CABALLER\u00cdA DE RONDA","item":"https:\/\/www.rmcr.org\/en\/"},{"@type":"ListItem","position":2,"name":"Pablo Picasso en la colecci\u00f3n de carteles de la Goyesca."}]},{"@type":"WebSite","@id":"https:\/\/www.rmcr.org\/en\/#website","url":"https:\/\/www.rmcr.org\/en\/","name":"Real Maestranza de Caballer\u00eda de Ronda","description":"Real Maestranza de Caballer\u00eda de Ronda","publisher":{"@id":"https:\/\/www.rmcr.org\/en\/#organization"},"alternateName":"RMCR","potentialAction":[{"@type":"SearchAction","target":{"@type":"EntryPoint","urlTemplate":"https:\/\/www.rmcr.org\/en\/?s={search_term_string}"},"query-input":{"@type":"PropertyValueSpecification","valueRequired":true,"valueName":"search_term_string"}}],"inLanguage":"en-US"},{"@type":"Organization","@id":"https:\/\/www.rmcr.org\/en\/#organization","name":"Real Maestranza de Caballer\u00eda de Ronda","alternateName":"RMR","url":"https:\/\/www.rmcr.org\/en\/","logo":{"@type":"ImageObject","inLanguage":"en-US","@id":"https:\/\/www.rmcr.org\/en\/#\/schema\/logo\/image\/","url":"https:\/\/www.rmcr.org\/wp-content\/uploads\/2022\/07\/logo-rmr-blue.svg","contentUrl":"https:\/\/www.rmcr.org\/wp-content\/uploads\/2022\/07\/logo-rmr-blue.svg","width":131,"height":129,"caption":"Real Maestranza de Caballer\u00eda de Ronda"},"image":{"@id":"https:\/\/www.rmcr.org\/en\/#\/schema\/logo\/image\/"},"sameAs":["https:\/\/www.facebook.com\/plazadetorosronda","https:\/\/x.com\/PlazatorosRMR","https:\/\/www.instagram.com\/realmaestranzaderonda\/","https:\/\/www.youtube.com\/channel\/UCrbO5IUN-8v_QML739vM4zg\/videos"]},{"@type":"Person","@id":"https:\/\/www.rmcr.org\/en\/#\/schema\/person\/7ddd0dafda7edd0e407157f93a56df4f","name":"RMCR","image":{"@type":"ImageObject","inLanguage":"en-US","@id":"https:\/\/secure.gravatar.com\/avatar\/adb75798b50800c24baa6a8706037b9469998c49eddeb95935f50f633cff80bb?s=96&d=mm&r=g","url":"https:\/\/secure.gravatar.com\/avatar\/adb75798b50800c24baa6a8706037b9469998c49eddeb95935f50f633cff80bb?s=96&d=mm&r=g","contentUrl":"https:\/\/secure.gravatar.com\/avatar\/adb75798b50800c24baa6a8706037b9469998c49eddeb95935f50f633cff80bb?s=96&d=mm&r=g","caption":"RMCR"},"url":"https:\/\/www.rmcr.org\/en\/author\/bitniks77\/"}]}},"_links":{"self":[{"href":"https:\/\/www.rmcr.org\/en\/wp-json\/wp\/v2\/posts\/7127","targetHints":{"allow":["GET"]}}],"collection":[{"href":"https:\/\/www.rmcr.org\/en\/wp-json\/wp\/v2\/posts"}],"about":[{"href":"https:\/\/www.rmcr.org\/en\/wp-json\/wp\/v2\/types\/post"}],"author":[{"embeddable":true,"href":"https:\/\/www.rmcr.org\/en\/wp-json\/wp\/v2\/users\/7"}],"replies":[{"embeddable":true,"href":"https:\/\/www.rmcr.org\/en\/wp-json\/wp\/v2\/comments?post=7127"}],"version-history":[{"count":0,"href":"https:\/\/www.rmcr.org\/en\/wp-json\/wp\/v2\/posts\/7127\/revisions"}],"wp:featuredmedia":[{"embeddable":true,"href":"https:\/\/www.rmcr.org\/en\/wp-json\/wp\/v2\/media\/918"}],"wp:attachment":[{"href":"https:\/\/www.rmcr.org\/en\/wp-json\/wp\/v2\/media?parent=7127"}],"wp:term":[{"taxonomy":"category","embeddable":true,"href":"https:\/\/www.rmcr.org\/en\/wp-json\/wp\/v2\/categories?post=7127"},{"taxonomy":"post_tag","embeddable":true,"href":"https:\/\/www.rmcr.org\/en\/wp-json\/wp\/v2\/tags?post=7127"}],"curies":[{"name":"wp","href":"https:\/\/api.w.org\/{rel}","templated":true}]}}