{"id":7126,"date":"2020-07-28T12:38:49","date_gmt":"2020-07-28T12:38:49","guid":{"rendered":"https:\/\/www.rmcr.org\/?p=7126"},"modified":"2020-07-28T12:38:49","modified_gmt":"2020-07-28T12:38:49","slug":"toreros-historicos-en-la-plaza-de-toros-de-ronda-iii-manuel-lucas-blanco-el-torero-ejecutado","status":"publish","type":"post","link":"https:\/\/www.rmcr.org\/en\/2020\/07\/28\/toreros-historicos-en-la-plaza-de-toros-de-ronda-iii-manuel-lucas-blanco-el-torero-ejecutado\/","title":{"rendered":"Toreros hist\u00f3ricos en la Plaza de Toros de Ronda (III). Manuel Lucas Blanco, el torero ejecutado"},"content":{"rendered":"<p>Le llamaban \u201cel guapo Lucas\u201d, no por su atractivo f\u00edsico sino por su tendencia a la trifulca tabernaria. Es el tercer matador del cartel de toreros que actuaron en la plaza de Ronda el 21 y 22 de mayo de 1836, junto a Juan Le\u00f3n y el caballero P\u00e9rez de Guzm\u00e1n. Se desconoce la fecha de su nacimiento, se supone que en Sevilla o en alg\u00fan pueblo de la provincia, ya que siendo casi un ni\u00f1o de humild\u00edsima procedencia, hu\u00e9rfano de padre, se tiene constancia de su presencia en el matadero de la ciudad trabajando de cortador en las tablas bajas, las de peor calidad.<\/p>\n<p><a href=\"https:\/\/www.rmcr.org\/wp-content\/uploads\/2020\/07\/manuel-lucas-blanco.jpg\"><img fetchpriority=\"high\" decoding=\"async\" class=\"size-full wp-image-912 aligncenter\" src=\"https:\/\/www.rmcr.org\/wp-content\/uploads\/2020\/07\/manuel-lucas-blanco.jpg\" alt=\"\" width=\"450\" height=\"755\" srcset=\"https:\/\/www.rmcr.org\/wp-content\/uploads\/2020\/07\/manuel-lucas-blanco.jpg 450w, https:\/\/www.rmcr.org\/wp-content\/uploads\/2020\/07\/manuel-lucas-blanco-179x300.jpg 179w\" sizes=\"(max-width: 450px) 100vw, 450px\" \/><\/a><\/p>\n<p style=\"text-align:center;\"><em>Manuel Lucas Blanco, por Manuel Rodr\u00edguez de Guzm\u00e1n. (&#8220;El Coss\u00edo ilustrado&#8221;. Espasa, 2003. P. 323)<\/em><\/p>\n<p>En el matadero sevillano, aut\u00e9ntica escuela de adiestramiento para los aspirantes a hacer carrera en los ruedos, se daban cita algunos maestros que un d\u00eda vieron a un mozalbete desconocido sometiendo a un toro de V\u00e1zquez con un dominio y agilidad insospechados en alguien sin experiencia previa. Antonio Ruiz &#8220;el Sombrerero&#8221;<em>, <\/em>primera figura del momento, lo puso de inmediato bajo su protecci\u00f3n y docencia.<\/p>\n<p>Despu\u00e9s de un per\u00edodo de formaci\u00f3n como jefe de cuadrillas menores y banderillero en plazas andaluzas, en 1813, en el ep\u00edlogo de la guerra de Independencia espa\u00f1ola, entra a formar parte de la cuadrilla de su protector. Al cabo de un tiempo cambiar\u00eda a la de otro disc\u00edpulo de Ruiz<em>,<\/em> el cordob\u00e9s Francisco Gonz\u00e1lez &#8220;Panch\u00f3n&#8221;<em>.<\/em><\/p>\n<p>Este torero de poco arte, al que llamaron \u201cel H\u00e9rcules del toreo\u201d por su fuerza y agilidad, merece un poco de atenci\u00f3n. Con doce a\u00f1os lo llev\u00f3 a la plaza de Ronda el mism\u00edsimo Pedro Romero, hacia 1796, y tambi\u00e9n Jos\u00e9 Romero lo contratar\u00eda como banderillero. Ven\u00eda recomendado por el vizconde de Miranda, noble cordob\u00e9s que alanceaba toros y era capaz de estoquearlos como un profesional contrastado, hasta el punto de que Pedro Romero lo admiraba. Personaje controvertido, lleg\u00f3 a criar un toro bravo en su inmenso palacio (del que s\u00f3lo sobrevive su fachada). \u201cSe\u00f1orito\u201d se mov\u00eda por los salones como una mascota faldera, recibiendo caricias de familia y criados, aunque en ocasiones sacara a relucir su casta brava, como el d\u00eda que se vio reflejado en un espejo y provoc\u00f3 un considerable estropicio.<\/p>\n<p>Como media espada de &#8220;Panch\u00f3n&#8221; y luego con otros (&#8220;los Sombrereros&#8221;, &#8220;Sentimientos&#8221; o &#8220;El Bolero&#8221;<em>)<\/em> Lucas Blanco fue ganando fama por su arrojo y temeridad, as\u00ed como se acentuaba su propensi\u00f3n al enfrentamiento con otros hombres. Se cuenta que, desnudo de toda formaci\u00f3n, su car\u00e1cter r\u00fastico le llevaba a defender sus posturas de forma tan exagerada que las discusiones sol\u00edan tener un bronco desenlace. De sus dificultades de expresi\u00f3n qued\u00f3 constancia en un brindis en Sevilla a los infantes Francisco de Paula y Mar\u00eda Carlota: \u201c\u00a1A mi se\u00f1\u00f3 infante don Francisco; va por la de us\u00eda, por la mujer, por la familia de aqu\u00ed y por la de all\u00e1!\u201d.<\/p>\n<p>Muchas de sus arrebatadas controversias eran de car\u00e1cter pol\u00edtico en una Espa\u00f1a inflamada que sal\u00eda de una guerra para precipitarse en otra, la Primera Guerra Carlista, trampantojo del enfrentamiento entre liberales y absolutistas. Lucas Blanco se declar\u00f3 partidario de la facci\u00f3n absolutista en 1823, ingresando en las milicias realistas en una secci\u00f3n conocida como \u201cla c\u00e1scara amarga\u201d, los m\u00e1s duros. Su entrega a la pol\u00edtica le llev\u00f3 a torear muy poco hasta 1829. A partir de 1830, de vuelta a los ruedos para sacar adelante a la familia, vive sus mejores momentos, tanto en Madrid como en Sevilla; alterna a menudo con figuras como Montes, Roque Miranda y Juan Le\u00f3n, que a pesar de sus diferencias pol\u00edticas le profes\u00f3 afecto, adem\u00e1s de buenos consejos para mejorar su lidia, que segu\u00eda siendo deficiente.<\/p>\n<p>En 1835 y 1836 no se presenta en Madrid debido a la guerra civil y al hostigamiento que padec\u00edan aquellos que defend\u00edan la causa carlista, que encarnaba la l\u00ednea absolutista para sus partidarios. Lo hace en Ronda, como ya hemos dicho, junto a otros dos \u201cguapos\u201d. Al a\u00f1o siguiente es contratado de nuevo en Madrid para participar en varias funciones en carteles con los principales espadas y en compa\u00f1\u00eda de grandes subalternos (picadores c\u00e9lebres como Juan Pinto y Francisco Sevilla, o peones de la categor\u00eda de Juan Yusto o &#8220;C\u00fachares&#8221;<em>), <\/em>cosechando \u00e9xitos por su toreo \u201ccuerpo a cuerpo\u201d y una cornada sin gravedad.<\/p>\n<p>La crispaci\u00f3n en la capital segu\u00eda en su m\u00e1s alto grado de ebullici\u00f3n, seg\u00fan las noticias que llegaban de los vaivenes del desarrollo de la guerra. En esas circunstancias, en una tienda de andaluces de la calle Fuencarral, Manuel Lucas se dej\u00f3 llevar por su car\u00e1cter vehemente en otra de sus habituales reyertas.\u00a0 Esta vez con un desenlace tr\u00e1gico: un miliciano isabelino, Manuel Crespo de los Reyes, cae mortalmente herido. De nada sirvieron los ruegos y peticiones de clemencia de sus compa\u00f1eros de gremio, alegando homicidio involuntario ya que ambos contendientes estaban bajo los efectos del vino. En el juicio posterior fue condenado a morir por garrote vil el 9 de noviembre de 1837. Se dice que se enfrent\u00f3 a su \u00faltima hora con la gallard\u00eda que hab\u00eda demostrado en las arenas. El bravo Juan Le\u00f3n confes\u00f3 que no hab\u00eda conocido hombre m\u00e1s duro.<\/p>\n<p>Su muerte abri\u00f3 la carrera taurina de su hijo Juan, al que su padre no quer\u00eda ver vestido de luces: \u201cPrimero muerto que bregando en las plazas\u201d, le amenazaba. Aquel bruto empecinado, consciente de su falta de educaci\u00f3n, quer\u00eda que su v\u00e1stago se dedicara a una carrera de letras.<\/p>\n<p><span style=\"text-decoration:underline;\"><em>Bibliograf\u00eda<\/em><\/span><\/p>\n<p>M. Coss\u00edo. <em>Los toros. Tratado t\u00e9cnico e hist\u00f3ric<\/em>o, vol. III. Espasa Calpe, Madrid, 1943.<\/p>\n<p>Vel\u00e1zquez y S\u00e1nchez. <em>Anales del toreo.<\/em> \u00a0Imprenta y ed. Juan Moyano, Sevilla, 1868.<\/p>\n<p>S\u00e1nchez de Neira. <em>El Toreo.<\/em> Gran diccionario taurom\u00e1quico. Imprenta de Miguel Guijarro, Madrid, 1879 (Turner, Madrid, 1988).<\/p>\n<p>Rivas Santiago. <em>Toreros del romanticismo (anecdotario taurino)<\/em>, pr\u00f3l. de J. Belmonte, Madrid, Aguilar, 1947 (Madrid, Aguilar, 1987).<\/p>\n<p>M.\u00aa Isabel Jim\u00e9nez. <em>Toros y Toreros en la literatura costumbrista del siglo XIX<\/em>. Revista de Estudios Taurinos, n\u00ba6.\u00a0 Sevilla, 1997.<\/p>\n<p>Manuel Ramos Gil. <em>El toro bravo que vivi\u00f3 en un palacio en C\u00f3rdoba<\/em>. ABC 09\/04\/2020.<\/p>\n","protected":false},"excerpt":{"rendered":"<p>Le llamaban \u201cel guapo Lucas\u201d, no por su atractivo f\u00edsico sino por su tendencia a la trifulca tabernaria. Es el tercer matador del cartel de toreros que actuaron en la plaza de Ronda el 21 y 22 de mayo de 1836, junto a Juan Le\u00f3n y el caballero P\u00e9rez de Guzm\u00e1n. Se desconoce la fecha [&hellip;]<\/p>\n","protected":false},"author":7,"featured_media":7344,"comment_status":"open","ping_status":"open","sticky":false,"template":"","format":"standard","meta":{"footnotes":""},"categories":[284,277,278],"tags":[353,359,315,98,114,356],"class_list":["post-7126","post","type-post","status-publish","format-standard","has-post-thumbnail","hentry","category-historia","category-plaza-de-toros","category-tauromaquia","tag-corrida-de-toros","tag-manuel-lucas-blanco","tag-plaza-de-toros-de-ronda","tag-real-maestranza-de-caballeria-de-ronda","tag-ronda","tag-torero-historico"],"yoast_head":"<!-- This site is optimized with the Yoast SEO plugin v27.5 - https:\/\/yoast.com\/product\/yoast-seo-wordpress\/ -->\n<title>Toreros hist\u00f3ricos en la Plaza de Toros de Ronda (III). Manuel Lucas Blanco, el torero ejecutado - Real Maestranza de Caballer\u00eda de Ronda<\/title>\n<meta name=\"robots\" content=\"index, follow, max-snippet:-1, max-image-preview:large, max-video-preview:-1\" \/>\n<link rel=\"canonical\" href=\"https:\/\/www.rmcr.org\/en\/2020\/07\/28\/toreros-historicos-en-la-plaza-de-toros-de-ronda-iii-manuel-lucas-blanco-el-torero-ejecutado\/\" \/>\n<meta property=\"og:locale\" content=\"en_US\" \/>\n<meta property=\"og:type\" content=\"article\" \/>\n<meta property=\"og:title\" content=\"Toreros hist\u00f3ricos en la Plaza de Toros de Ronda (III). Manuel Lucas Blanco, el torero ejecutado - Real Maestranza de Caballer\u00eda de Ronda\" \/>\n<meta property=\"og:description\" content=\"Le llamaban \u201cel guapo Lucas\u201d, no por su atractivo f\u00edsico sino por su tendencia a la trifulca tabernaria. Es el tercer matador del cartel de toreros que actuaron en la plaza de Ronda el 21 y 22 de mayo de 1836, junto a Juan Le\u00f3n y el caballero P\u00e9rez de Guzm\u00e1n. Se desconoce la fecha [&hellip;]\" \/>\n<meta property=\"og:url\" content=\"https:\/\/www.rmcr.org\/en\/2020\/07\/28\/toreros-historicos-en-la-plaza-de-toros-de-ronda-iii-manuel-lucas-blanco-el-torero-ejecutado\/\" \/>\n<meta property=\"og:site_name\" content=\"Real Maestranza de Caballer\u00eda de Ronda\" \/>\n<meta property=\"article:publisher\" content=\"https:\/\/www.facebook.com\/plazadetorosronda\" \/>\n<meta property=\"article:published_time\" content=\"2020-07-28T12:38:49+00:00\" \/>\n<meta property=\"og:image\" content=\"https:\/\/www.rmcr.org\/wp-content\/uploads\/2020\/07\/mlb.jpg\" \/>\n\t<meta property=\"og:image:width\" content=\"482\" \/>\n\t<meta property=\"og:image:height\" content=\"143\" \/>\n\t<meta property=\"og:image:type\" content=\"image\/jpeg\" \/>\n<meta name=\"author\" content=\"RMCR\" \/>\n<meta name=\"twitter:card\" content=\"summary_large_image\" \/>\n<meta name=\"twitter:creator\" content=\"@PlazatorosRMR\" \/>\n<meta name=\"twitter:site\" content=\"@PlazatorosRMR\" \/>\n<meta name=\"twitter:label1\" content=\"Written by\" \/>\n\t<meta name=\"twitter:data1\" content=\"RMCR\" \/>\n\t<meta name=\"twitter:label2\" content=\"Est. reading time\" \/>\n\t<meta name=\"twitter:data2\" content=\"5 minutes\" \/>\n<script type=\"application\/ld+json\" class=\"yoast-schema-graph\">{\"@context\":\"https:\\\/\\\/schema.org\",\"@graph\":[{\"@type\":\"Article\",\"@id\":\"https:\\\/\\\/www.rmcr.org\\\/en\\\/2020\\\/07\\\/28\\\/toreros-historicos-en-la-plaza-de-toros-de-ronda-iii-manuel-lucas-blanco-el-torero-ejecutado\\\/#article\",\"isPartOf\":{\"@id\":\"https:\\\/\\\/www.rmcr.org\\\/en\\\/2020\\\/07\\\/28\\\/toreros-historicos-en-la-plaza-de-toros-de-ronda-iii-manuel-lucas-blanco-el-torero-ejecutado\\\/\"},\"author\":{\"name\":\"RMCR\",\"@id\":\"https:\\\/\\\/www.rmcr.org\\\/en\\\/#\\\/schema\\\/person\\\/7ddd0dafda7edd0e407157f93a56df4f\"},\"headline\":\"Toreros hist\u00f3ricos en la Plaza de Toros de Ronda (III). Manuel Lucas Blanco, el torero ejecutado\",\"datePublished\":\"2020-07-28T12:38:49+00:00\",\"mainEntityOfPage\":{\"@id\":\"https:\\\/\\\/www.rmcr.org\\\/en\\\/2020\\\/07\\\/28\\\/toreros-historicos-en-la-plaza-de-toros-de-ronda-iii-manuel-lucas-blanco-el-torero-ejecutado\\\/\"},\"wordCount\":1097,\"commentCount\":0,\"publisher\":{\"@id\":\"https:\\\/\\\/www.rmcr.org\\\/en\\\/#organization\"},\"image\":{\"@id\":\"https:\\\/\\\/www.rmcr.org\\\/en\\\/2020\\\/07\\\/28\\\/toreros-historicos-en-la-plaza-de-toros-de-ronda-iii-manuel-lucas-blanco-el-torero-ejecutado\\\/#primaryimage\"},\"thumbnailUrl\":\"https:\\\/\\\/www.rmcr.org\\\/wp-content\\\/uploads\\\/2020\\\/07\\\/mlb.jpg\",\"keywords\":[\"Corrida de toros\",\"Manuel Lucas Blanco\",\"Plaza de Toros de Ronda\",\"Real Maestranza de Caballer\u00eda de Ronda\",\"Ronda\",\"Torero hist\u00f3rico\"],\"articleSection\":[\"Historia\",\"Plaza de Toros\",\"Tauromaquia\"],\"inLanguage\":\"en-US\",\"potentialAction\":[{\"@type\":\"CommentAction\",\"name\":\"Comment\",\"target\":[\"https:\\\/\\\/www.rmcr.org\\\/en\\\/2020\\\/07\\\/28\\\/toreros-historicos-en-la-plaza-de-toros-de-ronda-iii-manuel-lucas-blanco-el-torero-ejecutado\\\/#respond\"]}]},{\"@type\":\"WebPage\",\"@id\":\"https:\\\/\\\/www.rmcr.org\\\/en\\\/2020\\\/07\\\/28\\\/toreros-historicos-en-la-plaza-de-toros-de-ronda-iii-manuel-lucas-blanco-el-torero-ejecutado\\\/\",\"url\":\"https:\\\/\\\/www.rmcr.org\\\/en\\\/2020\\\/07\\\/28\\\/toreros-historicos-en-la-plaza-de-toros-de-ronda-iii-manuel-lucas-blanco-el-torero-ejecutado\\\/\",\"name\":\"Toreros hist\u00f3ricos en la Plaza de Toros de Ronda (III). Manuel Lucas Blanco, el torero ejecutado - Real Maestranza de Caballer\u00eda de Ronda\",\"isPartOf\":{\"@id\":\"https:\\\/\\\/www.rmcr.org\\\/en\\\/#website\"},\"primaryImageOfPage\":{\"@id\":\"https:\\\/\\\/www.rmcr.org\\\/en\\\/2020\\\/07\\\/28\\\/toreros-historicos-en-la-plaza-de-toros-de-ronda-iii-manuel-lucas-blanco-el-torero-ejecutado\\\/#primaryimage\"},\"image\":{\"@id\":\"https:\\\/\\\/www.rmcr.org\\\/en\\\/2020\\\/07\\\/28\\\/toreros-historicos-en-la-plaza-de-toros-de-ronda-iii-manuel-lucas-blanco-el-torero-ejecutado\\\/#primaryimage\"},\"thumbnailUrl\":\"https:\\\/\\\/www.rmcr.org\\\/wp-content\\\/uploads\\\/2020\\\/07\\\/mlb.jpg\",\"datePublished\":\"2020-07-28T12:38:49+00:00\",\"breadcrumb\":{\"@id\":\"https:\\\/\\\/www.rmcr.org\\\/en\\\/2020\\\/07\\\/28\\\/toreros-historicos-en-la-plaza-de-toros-de-ronda-iii-manuel-lucas-blanco-el-torero-ejecutado\\\/#breadcrumb\"},\"inLanguage\":\"en-US\",\"potentialAction\":[{\"@type\":\"ReadAction\",\"target\":[\"https:\\\/\\\/www.rmcr.org\\\/en\\\/2020\\\/07\\\/28\\\/toreros-historicos-en-la-plaza-de-toros-de-ronda-iii-manuel-lucas-blanco-el-torero-ejecutado\\\/\"]}]},{\"@type\":\"ImageObject\",\"inLanguage\":\"en-US\",\"@id\":\"https:\\\/\\\/www.rmcr.org\\\/en\\\/2020\\\/07\\\/28\\\/toreros-historicos-en-la-plaza-de-toros-de-ronda-iii-manuel-lucas-blanco-el-torero-ejecutado\\\/#primaryimage\",\"url\":\"https:\\\/\\\/www.rmcr.org\\\/wp-content\\\/uploads\\\/2020\\\/07\\\/mlb.jpg\",\"contentUrl\":\"https:\\\/\\\/www.rmcr.org\\\/wp-content\\\/uploads\\\/2020\\\/07\\\/mlb.jpg\",\"width\":482,\"height\":143},{\"@type\":\"BreadcrumbList\",\"@id\":\"https:\\\/\\\/www.rmcr.org\\\/en\\\/2020\\\/07\\\/28\\\/toreros-historicos-en-la-plaza-de-toros-de-ronda-iii-manuel-lucas-blanco-el-torero-ejecutado\\\/#breadcrumb\",\"itemListElement\":[{\"@type\":\"ListItem\",\"position\":1,\"name\":\"REAL MAESTRANZA DE CABALLER\u00cdA DE RONDA\",\"item\":\"https:\\\/\\\/www.rmcr.org\\\/en\\\/\"},{\"@type\":\"ListItem\",\"position\":2,\"name\":\"Toreros hist\u00f3ricos en la Plaza de Toros de Ronda (III). Manuel Lucas Blanco, el torero ejecutado\"}]},{\"@type\":\"WebSite\",\"@id\":\"https:\\\/\\\/www.rmcr.org\\\/en\\\/#website\",\"url\":\"https:\\\/\\\/www.rmcr.org\\\/en\\\/\",\"name\":\"Real Maestranza de Caballer\u00eda de Ronda\",\"description\":\"Real Maestranza de Caballer\u00eda de Ronda\",\"publisher\":{\"@id\":\"https:\\\/\\\/www.rmcr.org\\\/en\\\/#organization\"},\"alternateName\":\"RMCR\",\"potentialAction\":[{\"@type\":\"SearchAction\",\"target\":{\"@type\":\"EntryPoint\",\"urlTemplate\":\"https:\\\/\\\/www.rmcr.org\\\/en\\\/?s={search_term_string}\"},\"query-input\":{\"@type\":\"PropertyValueSpecification\",\"valueRequired\":true,\"valueName\":\"search_term_string\"}}],\"inLanguage\":\"en-US\"},{\"@type\":\"Organization\",\"@id\":\"https:\\\/\\\/www.rmcr.org\\\/en\\\/#organization\",\"name\":\"Real Maestranza de Caballer\u00eda de Ronda\",\"alternateName\":\"RMR\",\"url\":\"https:\\\/\\\/www.rmcr.org\\\/en\\\/\",\"logo\":{\"@type\":\"ImageObject\",\"inLanguage\":\"en-US\",\"@id\":\"https:\\\/\\\/www.rmcr.org\\\/en\\\/#\\\/schema\\\/logo\\\/image\\\/\",\"url\":\"https:\\\/\\\/www.rmcr.org\\\/wp-content\\\/uploads\\\/2022\\\/07\\\/logo-rmr-blue.svg\",\"contentUrl\":\"https:\\\/\\\/www.rmcr.org\\\/wp-content\\\/uploads\\\/2022\\\/07\\\/logo-rmr-blue.svg\",\"width\":131,\"height\":129,\"caption\":\"Real Maestranza de Caballer\u00eda de Ronda\"},\"image\":{\"@id\":\"https:\\\/\\\/www.rmcr.org\\\/en\\\/#\\\/schema\\\/logo\\\/image\\\/\"},\"sameAs\":[\"https:\\\/\\\/www.facebook.com\\\/plazadetorosronda\",\"https:\\\/\\\/x.com\\\/PlazatorosRMR\",\"https:\\\/\\\/www.instagram.com\\\/realmaestranzaderonda\\\/\",\"https:\\\/\\\/www.youtube.com\\\/channel\\\/UCrbO5IUN-8v_QML739vM4zg\\\/videos\"]},{\"@type\":\"Person\",\"@id\":\"https:\\\/\\\/www.rmcr.org\\\/en\\\/#\\\/schema\\\/person\\\/7ddd0dafda7edd0e407157f93a56df4f\",\"name\":\"RMCR\",\"image\":{\"@type\":\"ImageObject\",\"inLanguage\":\"en-US\",\"@id\":\"https:\\\/\\\/secure.gravatar.com\\\/avatar\\\/adb75798b50800c24baa6a8706037b9469998c49eddeb95935f50f633cff80bb?s=96&d=mm&r=g\",\"url\":\"https:\\\/\\\/secure.gravatar.com\\\/avatar\\\/adb75798b50800c24baa6a8706037b9469998c49eddeb95935f50f633cff80bb?s=96&d=mm&r=g\",\"contentUrl\":\"https:\\\/\\\/secure.gravatar.com\\\/avatar\\\/adb75798b50800c24baa6a8706037b9469998c49eddeb95935f50f633cff80bb?s=96&d=mm&r=g\",\"caption\":\"RMCR\"},\"url\":\"https:\\\/\\\/www.rmcr.org\\\/en\\\/author\\\/bitniks77\\\/\"}]}<\/script>\n<!-- \/ Yoast SEO plugin. -->","yoast_head_json":{"title":"Toreros hist\u00f3ricos en la Plaza de Toros de Ronda (III). Manuel Lucas Blanco, el torero ejecutado - Real Maestranza de Caballer\u00eda de Ronda","robots":{"index":"index","follow":"follow","max-snippet":"max-snippet:-1","max-image-preview":"max-image-preview:large","max-video-preview":"max-video-preview:-1"},"canonical":"https:\/\/www.rmcr.org\/en\/2020\/07\/28\/toreros-historicos-en-la-plaza-de-toros-de-ronda-iii-manuel-lucas-blanco-el-torero-ejecutado\/","og_locale":"en_US","og_type":"article","og_title":"Toreros hist\u00f3ricos en la Plaza de Toros de Ronda (III). Manuel Lucas Blanco, el torero ejecutado - Real Maestranza de Caballer\u00eda de Ronda","og_description":"Le llamaban \u201cel guapo Lucas\u201d, no por su atractivo f\u00edsico sino por su tendencia a la trifulca tabernaria. Es el tercer matador del cartel de toreros que actuaron en la plaza de Ronda el 21 y 22 de mayo de 1836, junto a Juan Le\u00f3n y el caballero P\u00e9rez de Guzm\u00e1n. Se desconoce la fecha [&hellip;]","og_url":"https:\/\/www.rmcr.org\/en\/2020\/07\/28\/toreros-historicos-en-la-plaza-de-toros-de-ronda-iii-manuel-lucas-blanco-el-torero-ejecutado\/","og_site_name":"Real Maestranza de Caballer\u00eda de Ronda","article_publisher":"https:\/\/www.facebook.com\/plazadetorosronda","article_published_time":"2020-07-28T12:38:49+00:00","og_image":[{"width":482,"height":143,"url":"https:\/\/www.rmcr.org\/wp-content\/uploads\/2020\/07\/mlb.jpg","type":"image\/jpeg"}],"author":"RMCR","twitter_card":"summary_large_image","twitter_creator":"@PlazatorosRMR","twitter_site":"@PlazatorosRMR","twitter_misc":{"Written by":"RMCR","Est. reading time":"5 minutes"},"schema":{"@context":"https:\/\/schema.org","@graph":[{"@type":"Article","@id":"https:\/\/www.rmcr.org\/en\/2020\/07\/28\/toreros-historicos-en-la-plaza-de-toros-de-ronda-iii-manuel-lucas-blanco-el-torero-ejecutado\/#article","isPartOf":{"@id":"https:\/\/www.rmcr.org\/en\/2020\/07\/28\/toreros-historicos-en-la-plaza-de-toros-de-ronda-iii-manuel-lucas-blanco-el-torero-ejecutado\/"},"author":{"name":"RMCR","@id":"https:\/\/www.rmcr.org\/en\/#\/schema\/person\/7ddd0dafda7edd0e407157f93a56df4f"},"headline":"Toreros hist\u00f3ricos en la Plaza de Toros de Ronda (III). Manuel Lucas Blanco, el torero ejecutado","datePublished":"2020-07-28T12:38:49+00:00","mainEntityOfPage":{"@id":"https:\/\/www.rmcr.org\/en\/2020\/07\/28\/toreros-historicos-en-la-plaza-de-toros-de-ronda-iii-manuel-lucas-blanco-el-torero-ejecutado\/"},"wordCount":1097,"commentCount":0,"publisher":{"@id":"https:\/\/www.rmcr.org\/en\/#organization"},"image":{"@id":"https:\/\/www.rmcr.org\/en\/2020\/07\/28\/toreros-historicos-en-la-plaza-de-toros-de-ronda-iii-manuel-lucas-blanco-el-torero-ejecutado\/#primaryimage"},"thumbnailUrl":"https:\/\/www.rmcr.org\/wp-content\/uploads\/2020\/07\/mlb.jpg","keywords":["Corrida de toros","Manuel Lucas Blanco","Plaza de Toros de Ronda","Real Maestranza de Caballer\u00eda de Ronda","Ronda","Torero hist\u00f3rico"],"articleSection":["Historia","Plaza de Toros","Tauromaquia"],"inLanguage":"en-US","potentialAction":[{"@type":"CommentAction","name":"Comment","target":["https:\/\/www.rmcr.org\/en\/2020\/07\/28\/toreros-historicos-en-la-plaza-de-toros-de-ronda-iii-manuel-lucas-blanco-el-torero-ejecutado\/#respond"]}]},{"@type":"WebPage","@id":"https:\/\/www.rmcr.org\/en\/2020\/07\/28\/toreros-historicos-en-la-plaza-de-toros-de-ronda-iii-manuel-lucas-blanco-el-torero-ejecutado\/","url":"https:\/\/www.rmcr.org\/en\/2020\/07\/28\/toreros-historicos-en-la-plaza-de-toros-de-ronda-iii-manuel-lucas-blanco-el-torero-ejecutado\/","name":"Toreros hist\u00f3ricos en la Plaza de Toros de Ronda (III). Manuel Lucas Blanco, el torero ejecutado - Real Maestranza de Caballer\u00eda de Ronda","isPartOf":{"@id":"https:\/\/www.rmcr.org\/en\/#website"},"primaryImageOfPage":{"@id":"https:\/\/www.rmcr.org\/en\/2020\/07\/28\/toreros-historicos-en-la-plaza-de-toros-de-ronda-iii-manuel-lucas-blanco-el-torero-ejecutado\/#primaryimage"},"image":{"@id":"https:\/\/www.rmcr.org\/en\/2020\/07\/28\/toreros-historicos-en-la-plaza-de-toros-de-ronda-iii-manuel-lucas-blanco-el-torero-ejecutado\/#primaryimage"},"thumbnailUrl":"https:\/\/www.rmcr.org\/wp-content\/uploads\/2020\/07\/mlb.jpg","datePublished":"2020-07-28T12:38:49+00:00","breadcrumb":{"@id":"https:\/\/www.rmcr.org\/en\/2020\/07\/28\/toreros-historicos-en-la-plaza-de-toros-de-ronda-iii-manuel-lucas-blanco-el-torero-ejecutado\/#breadcrumb"},"inLanguage":"en-US","potentialAction":[{"@type":"ReadAction","target":["https:\/\/www.rmcr.org\/en\/2020\/07\/28\/toreros-historicos-en-la-plaza-de-toros-de-ronda-iii-manuel-lucas-blanco-el-torero-ejecutado\/"]}]},{"@type":"ImageObject","inLanguage":"en-US","@id":"https:\/\/www.rmcr.org\/en\/2020\/07\/28\/toreros-historicos-en-la-plaza-de-toros-de-ronda-iii-manuel-lucas-blanco-el-torero-ejecutado\/#primaryimage","url":"https:\/\/www.rmcr.org\/wp-content\/uploads\/2020\/07\/mlb.jpg","contentUrl":"https:\/\/www.rmcr.org\/wp-content\/uploads\/2020\/07\/mlb.jpg","width":482,"height":143},{"@type":"BreadcrumbList","@id":"https:\/\/www.rmcr.org\/en\/2020\/07\/28\/toreros-historicos-en-la-plaza-de-toros-de-ronda-iii-manuel-lucas-blanco-el-torero-ejecutado\/#breadcrumb","itemListElement":[{"@type":"ListItem","position":1,"name":"REAL MAESTRANZA DE CABALLER\u00cdA DE RONDA","item":"https:\/\/www.rmcr.org\/en\/"},{"@type":"ListItem","position":2,"name":"Toreros hist\u00f3ricos en la Plaza de Toros de Ronda (III). Manuel Lucas Blanco, el torero ejecutado"}]},{"@type":"WebSite","@id":"https:\/\/www.rmcr.org\/en\/#website","url":"https:\/\/www.rmcr.org\/en\/","name":"Real Maestranza de Caballer\u00eda de Ronda","description":"Real Maestranza de Caballer\u00eda de Ronda","publisher":{"@id":"https:\/\/www.rmcr.org\/en\/#organization"},"alternateName":"RMCR","potentialAction":[{"@type":"SearchAction","target":{"@type":"EntryPoint","urlTemplate":"https:\/\/www.rmcr.org\/en\/?s={search_term_string}"},"query-input":{"@type":"PropertyValueSpecification","valueRequired":true,"valueName":"search_term_string"}}],"inLanguage":"en-US"},{"@type":"Organization","@id":"https:\/\/www.rmcr.org\/en\/#organization","name":"Real Maestranza de Caballer\u00eda de Ronda","alternateName":"RMR","url":"https:\/\/www.rmcr.org\/en\/","logo":{"@type":"ImageObject","inLanguage":"en-US","@id":"https:\/\/www.rmcr.org\/en\/#\/schema\/logo\/image\/","url":"https:\/\/www.rmcr.org\/wp-content\/uploads\/2022\/07\/logo-rmr-blue.svg","contentUrl":"https:\/\/www.rmcr.org\/wp-content\/uploads\/2022\/07\/logo-rmr-blue.svg","width":131,"height":129,"caption":"Real Maestranza de Caballer\u00eda de Ronda"},"image":{"@id":"https:\/\/www.rmcr.org\/en\/#\/schema\/logo\/image\/"},"sameAs":["https:\/\/www.facebook.com\/plazadetorosronda","https:\/\/x.com\/PlazatorosRMR","https:\/\/www.instagram.com\/realmaestranzaderonda\/","https:\/\/www.youtube.com\/channel\/UCrbO5IUN-8v_QML739vM4zg\/videos"]},{"@type":"Person","@id":"https:\/\/www.rmcr.org\/en\/#\/schema\/person\/7ddd0dafda7edd0e407157f93a56df4f","name":"RMCR","image":{"@type":"ImageObject","inLanguage":"en-US","@id":"https:\/\/secure.gravatar.com\/avatar\/adb75798b50800c24baa6a8706037b9469998c49eddeb95935f50f633cff80bb?s=96&d=mm&r=g","url":"https:\/\/secure.gravatar.com\/avatar\/adb75798b50800c24baa6a8706037b9469998c49eddeb95935f50f633cff80bb?s=96&d=mm&r=g","contentUrl":"https:\/\/secure.gravatar.com\/avatar\/adb75798b50800c24baa6a8706037b9469998c49eddeb95935f50f633cff80bb?s=96&d=mm&r=g","caption":"RMCR"},"url":"https:\/\/www.rmcr.org\/en\/author\/bitniks77\/"}]}},"_links":{"self":[{"href":"https:\/\/www.rmcr.org\/en\/wp-json\/wp\/v2\/posts\/7126","targetHints":{"allow":["GET"]}}],"collection":[{"href":"https:\/\/www.rmcr.org\/en\/wp-json\/wp\/v2\/posts"}],"about":[{"href":"https:\/\/www.rmcr.org\/en\/wp-json\/wp\/v2\/types\/post"}],"author":[{"embeddable":true,"href":"https:\/\/www.rmcr.org\/en\/wp-json\/wp\/v2\/users\/7"}],"replies":[{"embeddable":true,"href":"https:\/\/www.rmcr.org\/en\/wp-json\/wp\/v2\/comments?post=7126"}],"version-history":[{"count":0,"href":"https:\/\/www.rmcr.org\/en\/wp-json\/wp\/v2\/posts\/7126\/revisions"}],"wp:featuredmedia":[{"embeddable":true,"href":"https:\/\/www.rmcr.org\/en\/wp-json\/wp\/v2\/media\/7344"}],"wp:attachment":[{"href":"https:\/\/www.rmcr.org\/en\/wp-json\/wp\/v2\/media?parent=7126"}],"wp:term":[{"taxonomy":"category","embeddable":true,"href":"https:\/\/www.rmcr.org\/en\/wp-json\/wp\/v2\/categories?post=7126"},{"taxonomy":"post_tag","embeddable":true,"href":"https:\/\/www.rmcr.org\/en\/wp-json\/wp\/v2\/tags?post=7126"}],"curies":[{"name":"wp","href":"https:\/\/api.w.org\/{rel}","templated":true}]}}