{"id":7125,"date":"2020-07-14T11:38:09","date_gmt":"2020-07-14T11:38:09","guid":{"rendered":"https:\/\/www.rmcr.org\/?p=7125"},"modified":"2020-07-14T11:38:09","modified_gmt":"2020-07-14T11:38:09","slug":"toreros-historicos-en-la-plaza-de-toros-de-ronda-ii-juan-perez-de-guzman-el-caballero-aficionado","status":"publish","type":"post","link":"https:\/\/www.rmcr.org\/en\/2020\/07\/14\/toreros-historicos-en-la-plaza-de-toros-de-ronda-ii-juan-perez-de-guzman-el-caballero-aficionado\/","title":{"rendered":"Toreros hist\u00f3ricos en la Plaza de Toros de Ronda (II). Rafael P\u00e9rez de Guzm\u00e1n, el caballero aficionado."},"content":{"rendered":"<p>En la sala de Historia de la Tauromaquia de la Plaza de Toros de Ronda cuelga un retrato de este caballero torero. Seg\u00fan Adolfo Lozano en sus <em>Anales de la Plaza de Toros de Ronda<\/em>, intervino junto a Juan Le\u00f3n y Lucas Blanco en dos corridas celebradas el 20 y 21 de mayo 1836. Nacido en C\u00f3rdoba en 1802 o 1803, era hijo de los marqueses de Villamanrique del Tajo, del linaje de Alonso P\u00e9rez de Guzm\u00e1n el Bueno, de la m\u00e1s alta nobleza espa\u00f1ola. Por tradici\u00f3n familiar, su padre lo lleva a Madrid a seguir la carrera militar, entrando a formar parte del Cuerpo de Guardia de Corps al servicio directo del Rey,\u00a0 Fernando VII. Pero su car\u00e1cter desenvuelto se aviene mal con los modos palaciegos y al cabo de un tiempo solicita entrar en el Ej\u00e9rcito.<\/p>\n<p><img fetchpriority=\"high\" decoding=\"async\" class=\"aligncenter wp-image-383\" src=\"https:\/\/www.rmcr.org\/wp-content\/uploads\/2019\/05\/elvelc3a1zquez-retrato-gentilhombre.jpg\" alt=\"ELVel\u00e1zquez- Retrato-gentilhombre\" width=\"384\" height=\"455\" \/><\/p>\n<p style=\"text-align:center;\"><em>Retrato de gentil hombre vestido de torero. Eugenio Lucas Vel\u00e1zquez (mediados del s. XIX). Colecci\u00f3n de la Real Maestranza de Caballer\u00eda de Ronda. Foto: Jos\u00e9 Mor\u00f3n.<\/em><\/p>\n<p>Es de esa forma, m\u00e1s o menos en 1828, que llega a Sevilla como teniente del Regimiento de Caballer\u00eda del Pr\u00edncipe. Enseguida entra en contacto con su pariente Fernando de Espinosa, IV conde del \u00c1guila, y con la aristocracia campera, descubriendo la que ser\u00eda su pasi\u00f3n en el manejo de reses bravas, en el acoso y derribo y participando en capeas, lo que le acerca al mundo que rodea a los toreros, flamencos y gente de toda laya, entre los que se siente como pez en el agua. Excelente jinete, un tanto calavera e inclinado a la juerga, \u201cdesprendido, sencillo y obsequioso\u201d, comienza a entrarle el gusto por la tauromaquia. Tanto es as\u00ed, que recibe clases de Pedro Romero y Jos\u00e9 C\u00e1ndido en la ef\u00edmera Escuela de Tauromaquia de Sevilla reci\u00e9n inaugurada por impulso de Fernando VII, y traba buena amistad con Antonio Montes <em>Paquiro<\/em> y Juan Le\u00f3n, figuras del momento, que le ofrecieron siempre su apoyo.<\/p>\n<p>Las recomendaciones que hace de \u00e9l Pedro Romero le permiten estrenarse en una corrida ben\u00e9fica en la Maestranza a favor de los presos pobres en la tarde del 23 de agosto de 1830. En el cartel se anunciaba que lidiaban caballeros aficionados, pero fue s\u00f3lo Guzm\u00e1n el que estoque\u00f3, acompa\u00f1ado como auxiliares por los diestros Antonio y Luis Ruiz, del clan de los <em>Sombrereros<\/em>. La funci\u00f3n fue un \u00e9xito y anim\u00f3 al protagonista a seguir la carrera de torero, solicitando su licencia absoluta del Ej\u00e9rcito para disgusto de su familia por este desclasamiento.<\/p>\n<p>Al a\u00f1o siguiente intervino en la plaza de toros de Aranjuez, restaurada despu\u00e9s de un incendio, con Antonio Montes y Roque Miranda. Montes solicit\u00f3 al Rey permiso para cederle el segundo toro, oportunidad que no desaprovech\u00f3, siendo muy aplaudido. Fue el impulso para estrenarse en Madrid poco despu\u00e9s, con Juan Jim\u00e9nez el Morenillo y Manuel Romero Carreto, y al caer enfermo el primero se tiraron cartelillos supletorios anunciando que \u201cmatar\u00eda uno o m\u00e1s toros, a su elecci\u00f3n, Don Rafael P\u00e9rez de Guzman, caballero aficionado\u201d.<\/p>\n<p>Ser\u00eda Carreto el que le dar\u00eda la alternativa en junio de 1831 en la plaza de Madrid, comenzando una inusual carrera de primer espada que pas\u00f3 por alto la preceptiva etapa de novillero de los dem\u00e1s. Benito P\u00e9rez Gald\u00f3s lo menciona en su libro <em>Mendiz\u00e1bal<\/em> de los <em>Episodios Nacionales<\/em>: \u201cEn la Plaza admiraron la pericia del afamado matador Francisco Montes, y el arrojo y gallard\u00eda de D. Rafael P\u00e9rez de Guzm\u00e1n, oficial del Ej\u00e9rcito, de la noble casa de Villamanrique, que hab\u00eda cambiado los laureles militares por las palmas toreras, y la espada por el estoque (&#8230;) Fue la m\u00e1s grande notabilidad del arte en aquella d\u00e9cada, despu\u00e9s del maestro Montes. Con estos compart\u00eda el favor del p\u00fablico Roque Miranda, muy inferior a Montes y a D. Rafael en la suerte de matar, pero gran banderillero, capaz de poner pares en los cuernos de la luna\u201d.<\/p>\n<p>Tore\u00f3 en las principales plazas de Espa\u00f1a, anunciado ya en los carteles sin el don. Se suceden haza\u00f1as y an\u00e9cdotas, como la que protagoniz\u00f3 en Granada al matar \u00e9l solo diez toros de seis a\u00f1os, el traje azul que le regal\u00f3 en una ocasi\u00f3n la Reina Gobernadora Mar\u00eda Cristina, o la tarde en la que, desarmado de la muleta entr\u00f3 a matar armado con un pa\u00f1uelo. Dej\u00f3 en los aficionados buen regusto por su temeridad, su temple y buen hacer, aunque no estuvo exento de cr\u00edticas y recelos. En 1836 inici\u00f3 la temporada en Sevilla alternando con su buen amigo Juan Le\u00f3n y Manuel Lucas Blanco, triunvirato que repetir\u00eda en Ronda, como ya se ha se\u00f1alado. En las 19 corridas programadas en Madrid en 1837 sali\u00f3 a la arena en siete de ellas.<\/p>\n<p>Corr\u00eda el a\u00f1o de 1838. Espa\u00f1a se desangraba desde 1833 en una aut\u00e9ntica guerra civil, la Primera Guerra Carlista que se extender\u00eda hasta el final de esa d\u00e9cada. Contratado de nuevo para una corrida en Madrid, Rafael P\u00e9rez de Guzm\u00e1n se subi\u00f3 a un coche-correo para hacer el viaje desde Sevilla, escoltado por un peque\u00f1o piquete militar que proteg\u00eda los transportes de las bandas de asaltantes que aprovechaban que la mayor parte de las tropas regulares se concentraba en las provincias del Norte. A la altura de La Guardia, provincia de Toledo, una partida asalt\u00f3 el coche. Hay versiones confusas sobre el incidente, pero el torero debi\u00f3 salir del carruaje para hacer frente a los bandoleros, siendo alcanzado de un balazo. El caso es que la comitiva, repelido el ataque, sigui\u00f3 su camino dejando atr\u00e1s el cuerpo del desventurado caballero.<\/p>\n<p><img decoding=\"async\" class=\"aligncenter wp-image-898\" src=\"https:\/\/www.rmcr.org\/wp-content\/uploads\/2020\/07\/la-lidia.png\" alt=\"la Lidia\" width=\"350\" height=\"483\" \/><\/p>\n<p style=\"text-align:center;\"><em>D. Rafael P\u00e9rez de Guzman. \u00abLa Lidia\u00bb, a\u00f1o II, n\u00ba 40, 10 diciembre 1883. Biblioteca-RMR.<\/em><\/p>\n<p>Los vecinos de La Guardia recogieron el cuerpo y procedieron a darle entierro de primera categor\u00eda a\u00fan sin saber qui\u00e9n era, pero sospechando de su categor\u00eda por detalles de su indumentaria: trenza delgada, \u201ccomo las que gastan los lidiadores de toros\u201d; rulos de seda llamados de cabeza de turco; calzoncillos de lienzo y algunas prendas m\u00e1s &#8220;de la de la alta clase&#8221;, como cintas de terciopelos, o calcetas con una R bordada con hilo de seda, seg\u00fan consta en el certificado oficial.<\/p>\n<p>Respecto a la corrida del 23 de abril en la que estaba anunciado, la empresa abon\u00f3 el salario por la faena que no pudo hacer. En una n\u00f3mina de lidiadores que se conserva en la Biblioteca Nacional se menciona el siguiente texto: \u201cFrancisco Montes [cobr\u00f3] 3.000 reales; Roque Miranda, 1.600 y Rafael P\u00e9rez de Guzm\u00e1n, 1.000, que no lleg\u00f3 a tiempo, se le abona sin embargo su haber con arreglo a lo convenido con sus compa\u00f1eros que le suplieron\u201d. Su tumba definitiva se instal\u00f3 en el Monasterio de San Isidoro del Campo, a las afueras de Sevilla, hoy cementerio municipal de Santiponce.<\/p>\n<p><span style=\"text-decoration:underline;\"><em>Bibliograf\u00eda<\/em><\/span><\/p>\n<ul>\n<li>Bedoya. <em>Historia del toreo y de las principales ganader\u00edas de Espa\u00f1a<\/em>, Madrid, 1850. Publicado por Egartorre Libros, Madrid, 1989.<\/li>\n<li>S\u00e1nchez de Neira. <em>El Toreo. Gran diccionario taurom\u00e1quico.<\/em> Madrid, Imprenta de Miguel Guijarro, 1879 (Madrid, Turner, 1988).<\/li>\n<li>P\u00e9rez de Guzm\u00e1n. <em>Antecedentes y vida torera del caballero y lidiador cordob\u00e9s D. Rafael P\u00e9rez de Guzm\u00e1n el Bueno.<\/em> Madrid, Imprenta Francisco G. P\u00e9rez, 1886.<\/li>\n<li>Claramunt. <em>Historia ilustrada de la Tauromaquia.<\/em> Madrid, Espasa Calpe, 1989.<\/li>\n<li>Daniel Tapia. <em>Historia del toreo, vol. I.<\/em>\u00a0Madrid, Alianza Editorial, 1992.<\/li>\n<li>Luj\u00e1n. <em>Historia del toreo.<\/em>\u00a0Barcelona, Destino, 1993.<\/li>\n<li>Rivas Santiago. <em>Toreros del romanticismo (anecdotario taurino),<\/em> pr\u00f3l. de J. Belmonte, Madrid, Aguilar, 1947 (Madrid, Aguilar, 1987).<\/li>\n<\/ul>\n","protected":false},"excerpt":{"rendered":"<p>En el Museo de la Tauromaquia de la plaza de toros cuelga un retrato de este caballero torero. Seg\u00fan Manuel Lozano en sus Anales de la plaza de Ronda, intervino junto a Juan Le\u00f3n y Lucas Blanco en dos corridas celebradas el 20 y 21 de mayo 1836. Nacido en C\u00f3rdoba en 1802 o 1803, era hijo de los marqueses de Villamanrique del Tajo, del linaje de Alonso P\u00e9rez de Guzm\u00e1n el Bueno, de la m\u00e1s alta nobleza espa\u00f1ola.<\/p>\n","protected":false},"author":7,"featured_media":7342,"comment_status":"open","ping_status":"open","sticky":false,"template":"","format":"standard","meta":{"footnotes":""},"categories":[284,277,301,278],"tags":[315,248,98,263,114,354,355,356],"class_list":["post-7125","post","type-post","status-publish","format-standard","has-post-thumbnail","hentry","category-historia","category-plaza-de-toros","category-real-maestranza","category-tauromaquia","tag-plaza-de-toros-de-ronda","tag-real-maestranza-de-caballeria","tag-real-maestranza-de-caballeria-de-ronda","tag-real-maestranza-de-ronda","tag-ronda","tag-sala-historia-de-la-tauromaquia","tag-torero","tag-torero-historico"],"yoast_head":"<!-- This site is optimized with the Yoast SEO plugin v27.5 - https:\/\/yoast.com\/product\/yoast-seo-wordpress\/ -->\n<title>Toreros hist\u00f3ricos en la Plaza de Toros de Ronda (II). Rafael P\u00e9rez de Guzm\u00e1n, el caballero aficionado. - Real Maestranza de Caballer\u00eda de Ronda<\/title>\n<meta name=\"robots\" content=\"index, follow, max-snippet:-1, max-image-preview:large, max-video-preview:-1\" \/>\n<link rel=\"canonical\" href=\"https:\/\/www.rmcr.org\/en\/2020\/07\/14\/toreros-historicos-en-la-plaza-de-toros-de-ronda-ii-juan-perez-de-guzman-el-caballero-aficionado\/\" \/>\n<meta property=\"og:locale\" content=\"en_US\" \/>\n<meta property=\"og:type\" content=\"article\" \/>\n<meta property=\"og:title\" content=\"Toreros hist\u00f3ricos en la Plaza de Toros de Ronda (II). Rafael P\u00e9rez de Guzm\u00e1n, el caballero aficionado. - Real Maestranza de Caballer\u00eda de Ronda\" \/>\n<meta property=\"og:description\" content=\"En el Museo de la Tauromaquia de la plaza de toros cuelga un retrato de este caballero torero. Seg\u00fan Manuel Lozano en sus Anales de la plaza de Ronda, intervino junto a Juan Le\u00f3n y Lucas Blanco en dos corridas celebradas el 20 y 21 de mayo 1836. Nacido en C\u00f3rdoba en 1802 o 1803, era hijo de los marqueses de Villamanrique del Tajo, del linaje de Alonso P\u00e9rez de Guzm\u00e1n el Bueno, de la m\u00e1s alta nobleza espa\u00f1ola.\" \/>\n<meta property=\"og:url\" content=\"https:\/\/www.rmcr.org\/en\/2020\/07\/14\/toreros-historicos-en-la-plaza-de-toros-de-ronda-ii-juan-perez-de-guzman-el-caballero-aficionado\/\" \/>\n<meta property=\"og:site_name\" content=\"Real Maestranza de Caballer\u00eda de Ronda\" \/>\n<meta property=\"article:publisher\" content=\"https:\/\/www.facebook.com\/plazadetorosronda\" \/>\n<meta property=\"article:published_time\" content=\"2020-07-14T11:38:09+00:00\" \/>\n<meta property=\"og:image\" content=\"https:\/\/www.rmcr.org\/wp-content\/uploads\/2020\/07\/pnr.png\" \/>\n\t<meta property=\"og:image:width\" content=\"482\" \/>\n\t<meta property=\"og:image:height\" content=\"155\" \/>\n\t<meta property=\"og:image:type\" content=\"image\/png\" \/>\n<meta name=\"author\" content=\"RMCR\" \/>\n<meta name=\"twitter:card\" content=\"summary_large_image\" \/>\n<meta name=\"twitter:creator\" content=\"@PlazatorosRMR\" \/>\n<meta name=\"twitter:site\" content=\"@PlazatorosRMR\" \/>\n<meta name=\"twitter:label1\" content=\"Written by\" \/>\n\t<meta name=\"twitter:data1\" content=\"RMCR\" \/>\n\t<meta name=\"twitter:label2\" content=\"Est. reading time\" \/>\n\t<meta name=\"twitter:data2\" content=\"6 minutes\" \/>\n<script type=\"application\/ld+json\" class=\"yoast-schema-graph\">{\"@context\":\"https:\\\/\\\/schema.org\",\"@graph\":[{\"@type\":\"Article\",\"@id\":\"https:\\\/\\\/www.rmcr.org\\\/en\\\/2020\\\/07\\\/14\\\/toreros-historicos-en-la-plaza-de-toros-de-ronda-ii-juan-perez-de-guzman-el-caballero-aficionado\\\/#article\",\"isPartOf\":{\"@id\":\"https:\\\/\\\/www.rmcr.org\\\/en\\\/2020\\\/07\\\/14\\\/toreros-historicos-en-la-plaza-de-toros-de-ronda-ii-juan-perez-de-guzman-el-caballero-aficionado\\\/\"},\"author\":{\"name\":\"RMCR\",\"@id\":\"https:\\\/\\\/www.rmcr.org\\\/en\\\/#\\\/schema\\\/person\\\/7ddd0dafda7edd0e407157f93a56df4f\"},\"headline\":\"Toreros hist\u00f3ricos en la Plaza de Toros de Ronda (II). Rafael P\u00e9rez de Guzm\u00e1n, el caballero aficionado.\",\"datePublished\":\"2020-07-14T11:38:09+00:00\",\"mainEntityOfPage\":{\"@id\":\"https:\\\/\\\/www.rmcr.org\\\/en\\\/2020\\\/07\\\/14\\\/toreros-historicos-en-la-plaza-de-toros-de-ronda-ii-juan-perez-de-guzman-el-caballero-aficionado\\\/\"},\"wordCount\":1311,\"commentCount\":0,\"publisher\":{\"@id\":\"https:\\\/\\\/www.rmcr.org\\\/en\\\/#organization\"},\"image\":{\"@id\":\"https:\\\/\\\/www.rmcr.org\\\/en\\\/2020\\\/07\\\/14\\\/toreros-historicos-en-la-plaza-de-toros-de-ronda-ii-juan-perez-de-guzman-el-caballero-aficionado\\\/#primaryimage\"},\"thumbnailUrl\":\"https:\\\/\\\/www.rmcr.org\\\/wp-content\\\/uploads\\\/2020\\\/07\\\/pnr.png\",\"keywords\":[\"Plaza de Toros de Ronda\",\"Real Maestranza de Caballer\u00eda\",\"Real Maestranza de Caballer\u00eda de Ronda\",\"Real Maestranza de Ronda\",\"Ronda\",\"Sala Historia de la Tauromaquia\",\"Torero\",\"Torero hist\u00f3rico\"],\"articleSection\":[\"Historia\",\"Plaza de Toros\",\"Real Maestranza\",\"Tauromaquia\"],\"inLanguage\":\"en-US\",\"potentialAction\":[{\"@type\":\"CommentAction\",\"name\":\"Comment\",\"target\":[\"https:\\\/\\\/www.rmcr.org\\\/en\\\/2020\\\/07\\\/14\\\/toreros-historicos-en-la-plaza-de-toros-de-ronda-ii-juan-perez-de-guzman-el-caballero-aficionado\\\/#respond\"]}]},{\"@type\":\"WebPage\",\"@id\":\"https:\\\/\\\/www.rmcr.org\\\/en\\\/2020\\\/07\\\/14\\\/toreros-historicos-en-la-plaza-de-toros-de-ronda-ii-juan-perez-de-guzman-el-caballero-aficionado\\\/\",\"url\":\"https:\\\/\\\/www.rmcr.org\\\/en\\\/2020\\\/07\\\/14\\\/toreros-historicos-en-la-plaza-de-toros-de-ronda-ii-juan-perez-de-guzman-el-caballero-aficionado\\\/\",\"name\":\"Toreros hist\u00f3ricos en la Plaza de Toros de Ronda (II). Rafael P\u00e9rez de Guzm\u00e1n, el caballero aficionado. - Real Maestranza de Caballer\u00eda de Ronda\",\"isPartOf\":{\"@id\":\"https:\\\/\\\/www.rmcr.org\\\/en\\\/#website\"},\"primaryImageOfPage\":{\"@id\":\"https:\\\/\\\/www.rmcr.org\\\/en\\\/2020\\\/07\\\/14\\\/toreros-historicos-en-la-plaza-de-toros-de-ronda-ii-juan-perez-de-guzman-el-caballero-aficionado\\\/#primaryimage\"},\"image\":{\"@id\":\"https:\\\/\\\/www.rmcr.org\\\/en\\\/2020\\\/07\\\/14\\\/toreros-historicos-en-la-plaza-de-toros-de-ronda-ii-juan-perez-de-guzman-el-caballero-aficionado\\\/#primaryimage\"},\"thumbnailUrl\":\"https:\\\/\\\/www.rmcr.org\\\/wp-content\\\/uploads\\\/2020\\\/07\\\/pnr.png\",\"datePublished\":\"2020-07-14T11:38:09+00:00\",\"breadcrumb\":{\"@id\":\"https:\\\/\\\/www.rmcr.org\\\/en\\\/2020\\\/07\\\/14\\\/toreros-historicos-en-la-plaza-de-toros-de-ronda-ii-juan-perez-de-guzman-el-caballero-aficionado\\\/#breadcrumb\"},\"inLanguage\":\"en-US\",\"potentialAction\":[{\"@type\":\"ReadAction\",\"target\":[\"https:\\\/\\\/www.rmcr.org\\\/en\\\/2020\\\/07\\\/14\\\/toreros-historicos-en-la-plaza-de-toros-de-ronda-ii-juan-perez-de-guzman-el-caballero-aficionado\\\/\"]}]},{\"@type\":\"ImageObject\",\"inLanguage\":\"en-US\",\"@id\":\"https:\\\/\\\/www.rmcr.org\\\/en\\\/2020\\\/07\\\/14\\\/toreros-historicos-en-la-plaza-de-toros-de-ronda-ii-juan-perez-de-guzman-el-caballero-aficionado\\\/#primaryimage\",\"url\":\"https:\\\/\\\/www.rmcr.org\\\/wp-content\\\/uploads\\\/2020\\\/07\\\/pnr.png\",\"contentUrl\":\"https:\\\/\\\/www.rmcr.org\\\/wp-content\\\/uploads\\\/2020\\\/07\\\/pnr.png\",\"width\":482,\"height\":155},{\"@type\":\"BreadcrumbList\",\"@id\":\"https:\\\/\\\/www.rmcr.org\\\/en\\\/2020\\\/07\\\/14\\\/toreros-historicos-en-la-plaza-de-toros-de-ronda-ii-juan-perez-de-guzman-el-caballero-aficionado\\\/#breadcrumb\",\"itemListElement\":[{\"@type\":\"ListItem\",\"position\":1,\"name\":\"REAL MAESTRANZA DE CABALLER\u00cdA DE RONDA\",\"item\":\"https:\\\/\\\/www.rmcr.org\\\/en\\\/\"},{\"@type\":\"ListItem\",\"position\":2,\"name\":\"Toreros hist\u00f3ricos en la Plaza de Toros de Ronda (II). Rafael P\u00e9rez de Guzm\u00e1n, el caballero aficionado.\"}]},{\"@type\":\"WebSite\",\"@id\":\"https:\\\/\\\/www.rmcr.org\\\/en\\\/#website\",\"url\":\"https:\\\/\\\/www.rmcr.org\\\/en\\\/\",\"name\":\"Real Maestranza de Caballer\u00eda de Ronda\",\"description\":\"Real Maestranza de Caballer\u00eda de Ronda\",\"publisher\":{\"@id\":\"https:\\\/\\\/www.rmcr.org\\\/en\\\/#organization\"},\"alternateName\":\"RMCR\",\"potentialAction\":[{\"@type\":\"SearchAction\",\"target\":{\"@type\":\"EntryPoint\",\"urlTemplate\":\"https:\\\/\\\/www.rmcr.org\\\/en\\\/?s={search_term_string}\"},\"query-input\":{\"@type\":\"PropertyValueSpecification\",\"valueRequired\":true,\"valueName\":\"search_term_string\"}}],\"inLanguage\":\"en-US\"},{\"@type\":\"Organization\",\"@id\":\"https:\\\/\\\/www.rmcr.org\\\/en\\\/#organization\",\"name\":\"Real Maestranza de Caballer\u00eda de Ronda\",\"alternateName\":\"RMR\",\"url\":\"https:\\\/\\\/www.rmcr.org\\\/en\\\/\",\"logo\":{\"@type\":\"ImageObject\",\"inLanguage\":\"en-US\",\"@id\":\"https:\\\/\\\/www.rmcr.org\\\/en\\\/#\\\/schema\\\/logo\\\/image\\\/\",\"url\":\"https:\\\/\\\/www.rmcr.org\\\/wp-content\\\/uploads\\\/2022\\\/07\\\/logo-rmr-blue.svg\",\"contentUrl\":\"https:\\\/\\\/www.rmcr.org\\\/wp-content\\\/uploads\\\/2022\\\/07\\\/logo-rmr-blue.svg\",\"width\":131,\"height\":129,\"caption\":\"Real Maestranza de Caballer\u00eda de Ronda\"},\"image\":{\"@id\":\"https:\\\/\\\/www.rmcr.org\\\/en\\\/#\\\/schema\\\/logo\\\/image\\\/\"},\"sameAs\":[\"https:\\\/\\\/www.facebook.com\\\/plazadetorosronda\",\"https:\\\/\\\/x.com\\\/PlazatorosRMR\",\"https:\\\/\\\/www.instagram.com\\\/realmaestranzaderonda\\\/\",\"https:\\\/\\\/www.youtube.com\\\/channel\\\/UCrbO5IUN-8v_QML739vM4zg\\\/videos\"]},{\"@type\":\"Person\",\"@id\":\"https:\\\/\\\/www.rmcr.org\\\/en\\\/#\\\/schema\\\/person\\\/7ddd0dafda7edd0e407157f93a56df4f\",\"name\":\"RMCR\",\"image\":{\"@type\":\"ImageObject\",\"inLanguage\":\"en-US\",\"@id\":\"https:\\\/\\\/secure.gravatar.com\\\/avatar\\\/adb75798b50800c24baa6a8706037b9469998c49eddeb95935f50f633cff80bb?s=96&d=mm&r=g\",\"url\":\"https:\\\/\\\/secure.gravatar.com\\\/avatar\\\/adb75798b50800c24baa6a8706037b9469998c49eddeb95935f50f633cff80bb?s=96&d=mm&r=g\",\"contentUrl\":\"https:\\\/\\\/secure.gravatar.com\\\/avatar\\\/adb75798b50800c24baa6a8706037b9469998c49eddeb95935f50f633cff80bb?s=96&d=mm&r=g\",\"caption\":\"RMCR\"},\"url\":\"https:\\\/\\\/www.rmcr.org\\\/en\\\/author\\\/bitniks77\\\/\"}]}<\/script>\n<!-- \/ Yoast SEO plugin. -->","yoast_head_json":{"title":"Toreros hist\u00f3ricos en la Plaza de Toros de Ronda (II). Rafael P\u00e9rez de Guzm\u00e1n, el caballero aficionado. - Real Maestranza de Caballer\u00eda de Ronda","robots":{"index":"index","follow":"follow","max-snippet":"max-snippet:-1","max-image-preview":"max-image-preview:large","max-video-preview":"max-video-preview:-1"},"canonical":"https:\/\/www.rmcr.org\/en\/2020\/07\/14\/toreros-historicos-en-la-plaza-de-toros-de-ronda-ii-juan-perez-de-guzman-el-caballero-aficionado\/","og_locale":"en_US","og_type":"article","og_title":"Toreros hist\u00f3ricos en la Plaza de Toros de Ronda (II). Rafael P\u00e9rez de Guzm\u00e1n, el caballero aficionado. - Real Maestranza de Caballer\u00eda de Ronda","og_description":"En el Museo de la Tauromaquia de la plaza de toros cuelga un retrato de este caballero torero. Seg\u00fan Manuel Lozano en sus Anales de la plaza de Ronda, intervino junto a Juan Le\u00f3n y Lucas Blanco en dos corridas celebradas el 20 y 21 de mayo 1836. Nacido en C\u00f3rdoba en 1802 o 1803, era hijo de los marqueses de Villamanrique del Tajo, del linaje de Alonso P\u00e9rez de Guzm\u00e1n el Bueno, de la m\u00e1s alta nobleza espa\u00f1ola.","og_url":"https:\/\/www.rmcr.org\/en\/2020\/07\/14\/toreros-historicos-en-la-plaza-de-toros-de-ronda-ii-juan-perez-de-guzman-el-caballero-aficionado\/","og_site_name":"Real Maestranza de Caballer\u00eda de Ronda","article_publisher":"https:\/\/www.facebook.com\/plazadetorosronda","article_published_time":"2020-07-14T11:38:09+00:00","og_image":[{"width":482,"height":155,"url":"https:\/\/www.rmcr.org\/wp-content\/uploads\/2020\/07\/pnr.png","type":"image\/png"}],"author":"RMCR","twitter_card":"summary_large_image","twitter_creator":"@PlazatorosRMR","twitter_site":"@PlazatorosRMR","twitter_misc":{"Written by":"RMCR","Est. reading time":"6 minutes"},"schema":{"@context":"https:\/\/schema.org","@graph":[{"@type":"Article","@id":"https:\/\/www.rmcr.org\/en\/2020\/07\/14\/toreros-historicos-en-la-plaza-de-toros-de-ronda-ii-juan-perez-de-guzman-el-caballero-aficionado\/#article","isPartOf":{"@id":"https:\/\/www.rmcr.org\/en\/2020\/07\/14\/toreros-historicos-en-la-plaza-de-toros-de-ronda-ii-juan-perez-de-guzman-el-caballero-aficionado\/"},"author":{"name":"RMCR","@id":"https:\/\/www.rmcr.org\/en\/#\/schema\/person\/7ddd0dafda7edd0e407157f93a56df4f"},"headline":"Toreros hist\u00f3ricos en la Plaza de Toros de Ronda (II). Rafael P\u00e9rez de Guzm\u00e1n, el caballero aficionado.","datePublished":"2020-07-14T11:38:09+00:00","mainEntityOfPage":{"@id":"https:\/\/www.rmcr.org\/en\/2020\/07\/14\/toreros-historicos-en-la-plaza-de-toros-de-ronda-ii-juan-perez-de-guzman-el-caballero-aficionado\/"},"wordCount":1311,"commentCount":0,"publisher":{"@id":"https:\/\/www.rmcr.org\/en\/#organization"},"image":{"@id":"https:\/\/www.rmcr.org\/en\/2020\/07\/14\/toreros-historicos-en-la-plaza-de-toros-de-ronda-ii-juan-perez-de-guzman-el-caballero-aficionado\/#primaryimage"},"thumbnailUrl":"https:\/\/www.rmcr.org\/wp-content\/uploads\/2020\/07\/pnr.png","keywords":["Plaza de Toros de Ronda","Real Maestranza de Caballer\u00eda","Real Maestranza de Caballer\u00eda de Ronda","Real Maestranza de Ronda","Ronda","Sala Historia de la Tauromaquia","Torero","Torero hist\u00f3rico"],"articleSection":["Historia","Plaza de Toros","Real Maestranza","Tauromaquia"],"inLanguage":"en-US","potentialAction":[{"@type":"CommentAction","name":"Comment","target":["https:\/\/www.rmcr.org\/en\/2020\/07\/14\/toreros-historicos-en-la-plaza-de-toros-de-ronda-ii-juan-perez-de-guzman-el-caballero-aficionado\/#respond"]}]},{"@type":"WebPage","@id":"https:\/\/www.rmcr.org\/en\/2020\/07\/14\/toreros-historicos-en-la-plaza-de-toros-de-ronda-ii-juan-perez-de-guzman-el-caballero-aficionado\/","url":"https:\/\/www.rmcr.org\/en\/2020\/07\/14\/toreros-historicos-en-la-plaza-de-toros-de-ronda-ii-juan-perez-de-guzman-el-caballero-aficionado\/","name":"Toreros hist\u00f3ricos en la Plaza de Toros de Ronda (II). Rafael P\u00e9rez de Guzm\u00e1n, el caballero aficionado. - Real Maestranza de Caballer\u00eda de Ronda","isPartOf":{"@id":"https:\/\/www.rmcr.org\/en\/#website"},"primaryImageOfPage":{"@id":"https:\/\/www.rmcr.org\/en\/2020\/07\/14\/toreros-historicos-en-la-plaza-de-toros-de-ronda-ii-juan-perez-de-guzman-el-caballero-aficionado\/#primaryimage"},"image":{"@id":"https:\/\/www.rmcr.org\/en\/2020\/07\/14\/toreros-historicos-en-la-plaza-de-toros-de-ronda-ii-juan-perez-de-guzman-el-caballero-aficionado\/#primaryimage"},"thumbnailUrl":"https:\/\/www.rmcr.org\/wp-content\/uploads\/2020\/07\/pnr.png","datePublished":"2020-07-14T11:38:09+00:00","breadcrumb":{"@id":"https:\/\/www.rmcr.org\/en\/2020\/07\/14\/toreros-historicos-en-la-plaza-de-toros-de-ronda-ii-juan-perez-de-guzman-el-caballero-aficionado\/#breadcrumb"},"inLanguage":"en-US","potentialAction":[{"@type":"ReadAction","target":["https:\/\/www.rmcr.org\/en\/2020\/07\/14\/toreros-historicos-en-la-plaza-de-toros-de-ronda-ii-juan-perez-de-guzman-el-caballero-aficionado\/"]}]},{"@type":"ImageObject","inLanguage":"en-US","@id":"https:\/\/www.rmcr.org\/en\/2020\/07\/14\/toreros-historicos-en-la-plaza-de-toros-de-ronda-ii-juan-perez-de-guzman-el-caballero-aficionado\/#primaryimage","url":"https:\/\/www.rmcr.org\/wp-content\/uploads\/2020\/07\/pnr.png","contentUrl":"https:\/\/www.rmcr.org\/wp-content\/uploads\/2020\/07\/pnr.png","width":482,"height":155},{"@type":"BreadcrumbList","@id":"https:\/\/www.rmcr.org\/en\/2020\/07\/14\/toreros-historicos-en-la-plaza-de-toros-de-ronda-ii-juan-perez-de-guzman-el-caballero-aficionado\/#breadcrumb","itemListElement":[{"@type":"ListItem","position":1,"name":"REAL MAESTRANZA DE CABALLER\u00cdA DE RONDA","item":"https:\/\/www.rmcr.org\/en\/"},{"@type":"ListItem","position":2,"name":"Toreros hist\u00f3ricos en la Plaza de Toros de Ronda (II). Rafael P\u00e9rez de Guzm\u00e1n, el caballero aficionado."}]},{"@type":"WebSite","@id":"https:\/\/www.rmcr.org\/en\/#website","url":"https:\/\/www.rmcr.org\/en\/","name":"Real Maestranza de Caballer\u00eda de Ronda","description":"Real Maestranza de Caballer\u00eda de Ronda","publisher":{"@id":"https:\/\/www.rmcr.org\/en\/#organization"},"alternateName":"RMCR","potentialAction":[{"@type":"SearchAction","target":{"@type":"EntryPoint","urlTemplate":"https:\/\/www.rmcr.org\/en\/?s={search_term_string}"},"query-input":{"@type":"PropertyValueSpecification","valueRequired":true,"valueName":"search_term_string"}}],"inLanguage":"en-US"},{"@type":"Organization","@id":"https:\/\/www.rmcr.org\/en\/#organization","name":"Real Maestranza de Caballer\u00eda de Ronda","alternateName":"RMR","url":"https:\/\/www.rmcr.org\/en\/","logo":{"@type":"ImageObject","inLanguage":"en-US","@id":"https:\/\/www.rmcr.org\/en\/#\/schema\/logo\/image\/","url":"https:\/\/www.rmcr.org\/wp-content\/uploads\/2022\/07\/logo-rmr-blue.svg","contentUrl":"https:\/\/www.rmcr.org\/wp-content\/uploads\/2022\/07\/logo-rmr-blue.svg","width":131,"height":129,"caption":"Real Maestranza de Caballer\u00eda de Ronda"},"image":{"@id":"https:\/\/www.rmcr.org\/en\/#\/schema\/logo\/image\/"},"sameAs":["https:\/\/www.facebook.com\/plazadetorosronda","https:\/\/x.com\/PlazatorosRMR","https:\/\/www.instagram.com\/realmaestranzaderonda\/","https:\/\/www.youtube.com\/channel\/UCrbO5IUN-8v_QML739vM4zg\/videos"]},{"@type":"Person","@id":"https:\/\/www.rmcr.org\/en\/#\/schema\/person\/7ddd0dafda7edd0e407157f93a56df4f","name":"RMCR","image":{"@type":"ImageObject","inLanguage":"en-US","@id":"https:\/\/secure.gravatar.com\/avatar\/adb75798b50800c24baa6a8706037b9469998c49eddeb95935f50f633cff80bb?s=96&d=mm&r=g","url":"https:\/\/secure.gravatar.com\/avatar\/adb75798b50800c24baa6a8706037b9469998c49eddeb95935f50f633cff80bb?s=96&d=mm&r=g","contentUrl":"https:\/\/secure.gravatar.com\/avatar\/adb75798b50800c24baa6a8706037b9469998c49eddeb95935f50f633cff80bb?s=96&d=mm&r=g","caption":"RMCR"},"url":"https:\/\/www.rmcr.org\/en\/author\/bitniks77\/"}]}},"_links":{"self":[{"href":"https:\/\/www.rmcr.org\/en\/wp-json\/wp\/v2\/posts\/7125","targetHints":{"allow":["GET"]}}],"collection":[{"href":"https:\/\/www.rmcr.org\/en\/wp-json\/wp\/v2\/posts"}],"about":[{"href":"https:\/\/www.rmcr.org\/en\/wp-json\/wp\/v2\/types\/post"}],"author":[{"embeddable":true,"href":"https:\/\/www.rmcr.org\/en\/wp-json\/wp\/v2\/users\/7"}],"replies":[{"embeddable":true,"href":"https:\/\/www.rmcr.org\/en\/wp-json\/wp\/v2\/comments?post=7125"}],"version-history":[{"count":0,"href":"https:\/\/www.rmcr.org\/en\/wp-json\/wp\/v2\/posts\/7125\/revisions"}],"wp:featuredmedia":[{"embeddable":true,"href":"https:\/\/www.rmcr.org\/en\/wp-json\/wp\/v2\/media\/7342"}],"wp:attachment":[{"href":"https:\/\/www.rmcr.org\/en\/wp-json\/wp\/v2\/media?parent=7125"}],"wp:term":[{"taxonomy":"category","embeddable":true,"href":"https:\/\/www.rmcr.org\/en\/wp-json\/wp\/v2\/categories?post=7125"},{"taxonomy":"post_tag","embeddable":true,"href":"https:\/\/www.rmcr.org\/en\/wp-json\/wp\/v2\/tags?post=7125"}],"curies":[{"name":"wp","href":"https:\/\/api.w.org\/{rel}","templated":true}]}}