{"id":7124,"date":"2020-07-10T11:44:22","date_gmt":"2020-07-10T11:44:22","guid":{"rendered":"https:\/\/www.rmcr.org\/?p=7124"},"modified":"2020-07-10T11:44:22","modified_gmt":"2020-07-10T11:44:22","slug":"un-extraordinario-cartel-de-la-plaza-de-toros-de-ronda-de-1887","status":"publish","type":"post","link":"https:\/\/www.rmcr.org\/en\/2020\/07\/10\/un-extraordinario-cartel-de-la-plaza-de-toros-de-ronda-de-1887\/","title":{"rendered":"Un extraordinario cartel de la Plaza de Toros de Ronda de 1887"},"content":{"rendered":"<p>En la sala de Historia de la Tauromaquia de la Plaza de Toros de Ronda se encuentra expuesto un cartel mural de gran formato (206 x 95 cm). Impreso en cuatro pliegos (el inferior mutilado en su mayor parte), corresponde a una etapa en la que la t\u00e9cnica litogr\u00e1fica permit\u00eda la impresi\u00f3n en varios colores, lo que se populariz\u00f3 a partir de la segunda mitad del siglo XIX. Es un ejemplar de tr\u00e1nsito entre el cartel rom\u00e1ntico y el cartel moderno o integral, en los que el dibujo adquiere un protagonismo esencial para atraer la atenci\u00f3n sobre el texto y contenido del espect\u00e1culo que se anuncia, rompiendo la simetr\u00eda can\u00f3nica de los carteles antiguos, m\u00e1s limitados por la evoluci\u00f3n de las t\u00e9cnicas de impresi\u00f3n. Es tambi\u00e9n coet\u00e1neo de la aparici\u00f3n de grandes ilustradores en la tem\u00e1tica taurina. En este caso, se atribuyen las ilustraciones superiores a Daniel Perea, que ilumin\u00f3 la hist\u00f3rica revista \u00abLa Lidia\u00bb con numerosas estampas.<\/p>\n<p style=\"text-align:center;\"><a href=\"https:\/\/www.rmcr.org\/wp-content\/uploads\/2020\/07\/ronda-1887.jpg\"><img fetchpriority=\"high\" decoding=\"async\" class=\"alignnone size-full wp-image-890\" src=\"https:\/\/www.rmcr.org\/wp-content\/uploads\/2020\/07\/ronda-1887.jpg\" alt=\"\" width=\"470\" height=\"1028\" \/><\/a><\/p>\n<p style=\"text-align:center;\"><em>Plaza de Toros de Ronda, Gran Corrida, 20 de mayo de 1887. Colecci\u00f3n de la Real Maestranza de Caballer\u00eda de Ronda. Foto: Jos\u00e9 Mor\u00f3n.<\/em><\/p>\n<p>La ornamentaci\u00f3n de vi\u00f1etas y escenas sol\u00edan pertenecer a empresas litogr\u00e1ficas, que las usaban para distintos festejos taurinos cambiando las tipograf\u00edas de los encabezamientos y del texto al tratarse de impresi\u00f3n con tipos m\u00f3viles. Seg\u00fan el especialista Rafael Cabrera, las mismas ilustraciones con liger\u00edsimas variantes se usaron para una c\u00e9lebre corrida ben\u00e9fica organizada por la sociedad filantr\u00f3pica <em>El Gran Pensamiento<\/em>. Y se puede comprobar tambi\u00e9n con el cartel que mostramos de la corrida en Par\u00eds con motivo de la Exposici\u00f3n Universal de 1889, celebrada dos a\u00f1os m\u00e1s tarde de la funci\u00f3n ronde\u00f1a.<\/p>\n<p>En la comparaci\u00f3n entre ambos se puede apreciar que el de Par\u00eds (260 x 97 cm) cuenta en el cuarto fragmento inferior con una ilustraci\u00f3n de un caballero medieval alanceando un toro firmada con las iniciales MT, identific\u00e1ndose la <em>Litograf\u00eda de Luis Bravo<\/em> de Madrid, as\u00ed como el pie de imprenta R. Velasco, firma comercial del c\u00e9lebre impresor Regino Velasco, gran aficionado, que a partir de 1881 a\u00f1adi\u00f3 a su oficio el cargo de jefe de personal de la Plaza Vieja de Madrid. Fue corneado a la edad de 74 a\u00f1os por un toro del marqu\u00e9s de Melgarejo que salt\u00f3 al callej\u00f3n el 4 de septiembre de 1921, suceso que conmovi\u00f3 a la capital al tratarse de una persona muy conocida y apreciada.<\/p>\n<p style=\"text-align:center;\"><a href=\"https:\/\/www.rmcr.org\/wp-content\/uploads\/2020\/07\/exposition-1889.jpg\"><img decoding=\"async\" class=\"alignnone size-full wp-image-892\" src=\"https:\/\/www.rmcr.org\/wp-content\/uploads\/2020\/07\/exposition-1889.jpg\" alt=\"\" width=\"470\" height=\"1295\" \/><\/a><\/p>\n<p style=\"text-align:center;\"><em>Plaza de Toros de l&#8217;Exposition, 1889. \u00abEspa\u00f1a en 1000 carteles\u00bb (1995). Biblioteca-RMR.<\/em><\/p>\n<p>El espect\u00e1culo que se anuncia en Ronda evocando la \u00e9poca de El Cid, de Felipe II, con cabalgata de pajes, libradores y cuadrillas vestidas a la moda de los tiempos de Pepe Hillo y Pedro Romero, en el que se alancean toros por caballeros en plaza, es herencia de una mojiganga teatral que se remonta al siglo XVII, trasladada posteriormente al \u00e1mbito taurino. Se sol\u00edan representar escenas variadas de g\u00e9nero burlesco con la intervenci\u00f3n de vaquillas o novillos, antecedentes del toreo c\u00f3mico. Las mojigangas taurinas o recreaciones de \u00e9poca como la funci\u00f3n que nos ocupa fueron muy comunes y apreciadas por el p\u00fablico en el siglo XIX. En este caso fue llevada a cabo por profesionales contrastados.<\/p>\n<p>Entre ellos, \u00abel Caballero en Plaza\u00bb Mariano Ledesma, piquero que se form\u00f3 en las cuadrillas de toreros como Lagartija, Gallo, Punteret o El Ecijano, y que se estren\u00f3 en Madrid en 1883. Posteriormente se dio a conocer como rejoneador, y tambi\u00e9n particip\u00f3 en las corridas de Par\u00eds de 1889. As\u00ed lo hizo tambi\u00e9n Juan Jim\u00e9nez El Ecijano\u00a0(\u00c9cija, 1858-Durango, 1899) por esas fechas a\u00fan novillero. Vaquero de un ganadero andaluz, se presenta vestido de luces por primera vez en Sevilla en compa\u00f1\u00eda del Espartero. Un a\u00f1o antes de la fecha de este cartel lo hace en Madrid y marcha a Montevideo y M\u00e9jico. Tomar\u00eda la alternativa en Madrid en 1890 de manos de Guerrita. Perder\u00eda contratos a partir de entonces y en 1893 cruza el charco para torear en La Habana y luego de nuevo a M\u00e9jico, de donde nunca volver\u00eda, como cuenta Coss\u00edo. Asentado en la capital, tore\u00f3 mucho y se cas\u00f3 con una mejicana. En la plaza de Durango caer\u00eda fulminado por una peritonitis, consecuencia de una cornada sufrida el a\u00f1o anterior.<\/p>\n<p>Tanto \u00e9l como Ledesma se enfrentaron a toros de Valent\u00edn Collantes, rico hacendado de Coria del R\u00edo que hab\u00eda fundado la ganader\u00eda diez a\u00f1os antes con vacas y toros entre los que se contaban reses con g\u00e9rmenes de la legendaria casta vazque\u00f1a, como se anuncia en el cartel. De ganader\u00eda m\u00e1s relevante eran los seis toros destinados a ser \u00ablidiados a la moderna\u00bb en un mano a mano por las primeras figuras. \u00c1ngel Gonz\u00e1lez Nand\u00edn hab\u00eda formado la suya en 1877 cuando no era muy conocido en el universo ganadero, pero muy famoso como militar. Con grado de coronel era el ayudante del general Prim, entonces jefe del Gobierno, y lo acompa\u00f1aba en el coche cuando se produjo el atentado de la calle del Turco en Madrid el 27 de diciembre de 1870, que acabar\u00eda cost\u00e1ndole la vida. En su intento por protegerlo, Nand\u00edn fue gravemente herido en una mano que le quedar\u00eda \u00abseca e inservible\u00bb, como le diagnosticaron los m\u00e9dicos que le atendieron.<\/p>\n<p>De los celeb\u00e9rrimos Espartero y Frascuelo nos ocuparemos en pr\u00f3ximas entradas de la serie Toreros hist\u00f3ricos en Ronda.<\/p>\n<p><em><span style=\"text-decoration:underline;\">Bibliograf\u00eda<\/span><\/em><\/p>\n<p>Rafael Cabrera Bonet. <em>Or\u00edgenes y evoluci\u00f3n del cartel taurino en Espa\u00f1a<\/em>. Consejer\u00eda de Gobernaci\u00f3n y Justicia, Sevilla, 2010.<\/p>\n<p>M. Coss\u00edo. <em>Los toros. Tratado t\u00e9cnico e hist\u00f3rico, <\/em>vol. III. Espasa Calpe, Madrid, 1943.<\/p>\n<p>Daniel Tapia. <em>Historia del toreo, <\/em>vol. I<em>.<\/em> Alianza Editorial, Madrid, 1992.<\/p>\n<p>Jordi y Arnau Carulla. <em>Espa\u00f1a en 1000 carteles<\/em>. Postermil, Barcelona, 1995.<\/p>\n<p>J.M. D\u00edez Borque. <em>El Cid torero: de la literatura al arte<\/em>. Universidad Complutense de Madrid. Anales de Historia del Arte 2008, Volumen Extraordinario 375-387.<\/p>\n<p>Carlos L. Olmedo. <em>Relaci\u00f3n de las Ganader\u00edas de Reses Bravas en la regi\u00f3n andaluza<\/em>. Imp. Monardes, Sevilla, 1897.<\/p>\n<p>Samuel Tena Lacen. <em>Toros de lidia<\/em>. Establecimiento Tipogr\u00e1fico hijos de F. Marqu\u00e9s, Madrid, 1907.<\/p>\n","protected":false},"excerpt":{"rendered":"<p>Cartel mural de gran formato (206 x 95 cm) que se encuentra expuesto en el Museo de la Tauromaquia de la plaza de toros de Ronda. Impreso en varios fragmentos de los que se conservan tres, corresponde a una etapa en la que la t\u00e9cnica litogr\u00e1fica permit\u00eda la impresi\u00f3n en varios colores, que se populariz\u00f3 a partir de la segunda mitad del siglo XIX.<\/p>\n","protected":false},"author":7,"featured_media":7340,"comment_status":"open","ping_status":"open","sticky":false,"template":"","format":"standard","meta":{"footnotes":""},"categories":[284,277,278],"tags":[352,289,353,98],"class_list":["post-7124","post","type-post","status-publish","format-standard","has-post-thumbnail","hentry","category-historia","category-plaza-de-toros","category-tauromaquia","tag-cartel-taurino","tag-carteles","tag-corrida-de-toros","tag-real-maestranza-de-caballeria-de-ronda"],"yoast_head":"<!-- This site is optimized with the Yoast SEO plugin v27.5 - https:\/\/yoast.com\/product\/yoast-seo-wordpress\/ -->\n<title>Un extraordinario cartel de la Plaza de Toros de Ronda de 1887 - Real Maestranza de Caballer\u00eda de Ronda<\/title>\n<meta name=\"robots\" content=\"index, follow, max-snippet:-1, max-image-preview:large, max-video-preview:-1\" \/>\n<link rel=\"canonical\" href=\"https:\/\/www.rmcr.org\/en\/2020\/07\/10\/un-extraordinario-cartel-de-la-plaza-de-toros-de-ronda-de-1887\/\" \/>\n<meta property=\"og:locale\" content=\"en_US\" \/>\n<meta property=\"og:type\" content=\"article\" \/>\n<meta property=\"og:title\" content=\"Un extraordinario cartel de la Plaza de Toros de Ronda de 1887 - Real Maestranza de Caballer\u00eda de Ronda\" \/>\n<meta property=\"og:description\" content=\"Cartel mural de gran formato (206 x 95 cm) que se encuentra expuesto en el Museo de la Tauromaquia de la plaza de toros de Ronda. Impreso en varios fragmentos de los que se conservan tres, corresponde a una etapa en la que la t\u00e9cnica litogr\u00e1fica permit\u00eda la impresi\u00f3n en varios colores, que se populariz\u00f3 a partir de la segunda mitad del siglo XIX.\" \/>\n<meta property=\"og:url\" content=\"https:\/\/www.rmcr.org\/en\/2020\/07\/10\/un-extraordinario-cartel-de-la-plaza-de-toros-de-ronda-de-1887\/\" \/>\n<meta property=\"og:site_name\" content=\"Real Maestranza de Caballer\u00eda de Ronda\" \/>\n<meta property=\"article:publisher\" content=\"https:\/\/www.facebook.com\/plazadetorosronda\" \/>\n<meta property=\"article:published_time\" content=\"2020-07-10T11:44:22+00:00\" \/>\n<meta property=\"og:image\" content=\"https:\/\/www.rmcr.org\/wp-content\/uploads\/2020\/07\/cart87.jpg\" \/>\n\t<meta property=\"og:image:width\" content=\"482\" \/>\n\t<meta property=\"og:image:height\" content=\"143\" \/>\n\t<meta property=\"og:image:type\" content=\"image\/jpeg\" \/>\n<meta name=\"author\" content=\"RMCR\" \/>\n<meta name=\"twitter:card\" content=\"summary_large_image\" \/>\n<meta name=\"twitter:creator\" content=\"@PlazatorosRMR\" \/>\n<meta name=\"twitter:site\" content=\"@PlazatorosRMR\" \/>\n<meta name=\"twitter:label1\" content=\"Written by\" \/>\n\t<meta name=\"twitter:data1\" content=\"RMCR\" \/>\n\t<meta name=\"twitter:label2\" content=\"Est. reading time\" \/>\n\t<meta name=\"twitter:data2\" content=\"5 minutes\" \/>\n<script type=\"application\/ld+json\" class=\"yoast-schema-graph\">{\"@context\":\"https:\\\/\\\/schema.org\",\"@graph\":[{\"@type\":\"Article\",\"@id\":\"https:\\\/\\\/www.rmcr.org\\\/en\\\/2020\\\/07\\\/10\\\/un-extraordinario-cartel-de-la-plaza-de-toros-de-ronda-de-1887\\\/#article\",\"isPartOf\":{\"@id\":\"https:\\\/\\\/www.rmcr.org\\\/en\\\/2020\\\/07\\\/10\\\/un-extraordinario-cartel-de-la-plaza-de-toros-de-ronda-de-1887\\\/\"},\"author\":{\"name\":\"RMCR\",\"@id\":\"https:\\\/\\\/www.rmcr.org\\\/en\\\/#\\\/schema\\\/person\\\/7ddd0dafda7edd0e407157f93a56df4f\"},\"headline\":\"Un extraordinario cartel de la Plaza de Toros de Ronda de 1887\",\"datePublished\":\"2020-07-10T11:44:22+00:00\",\"mainEntityOfPage\":{\"@id\":\"https:\\\/\\\/www.rmcr.org\\\/en\\\/2020\\\/07\\\/10\\\/un-extraordinario-cartel-de-la-plaza-de-toros-de-ronda-de-1887\\\/\"},\"wordCount\":1087,\"commentCount\":0,\"publisher\":{\"@id\":\"https:\\\/\\\/www.rmcr.org\\\/en\\\/#organization\"},\"image\":{\"@id\":\"https:\\\/\\\/www.rmcr.org\\\/en\\\/2020\\\/07\\\/10\\\/un-extraordinario-cartel-de-la-plaza-de-toros-de-ronda-de-1887\\\/#primaryimage\"},\"thumbnailUrl\":\"https:\\\/\\\/www.rmcr.org\\\/wp-content\\\/uploads\\\/2020\\\/07\\\/cart87.jpg\",\"keywords\":[\"Cartel taurino\",\"Carteles\",\"Corrida de toros\",\"Real Maestranza de Caballer\u00eda de Ronda\"],\"articleSection\":[\"Historia\",\"Plaza de Toros\",\"Tauromaquia\"],\"inLanguage\":\"en-US\",\"potentialAction\":[{\"@type\":\"CommentAction\",\"name\":\"Comment\",\"target\":[\"https:\\\/\\\/www.rmcr.org\\\/en\\\/2020\\\/07\\\/10\\\/un-extraordinario-cartel-de-la-plaza-de-toros-de-ronda-de-1887\\\/#respond\"]}]},{\"@type\":\"WebPage\",\"@id\":\"https:\\\/\\\/www.rmcr.org\\\/en\\\/2020\\\/07\\\/10\\\/un-extraordinario-cartel-de-la-plaza-de-toros-de-ronda-de-1887\\\/\",\"url\":\"https:\\\/\\\/www.rmcr.org\\\/en\\\/2020\\\/07\\\/10\\\/un-extraordinario-cartel-de-la-plaza-de-toros-de-ronda-de-1887\\\/\",\"name\":\"Un extraordinario cartel de la Plaza de Toros de Ronda de 1887 - Real Maestranza de Caballer\u00eda de Ronda\",\"isPartOf\":{\"@id\":\"https:\\\/\\\/www.rmcr.org\\\/en\\\/#website\"},\"primaryImageOfPage\":{\"@id\":\"https:\\\/\\\/www.rmcr.org\\\/en\\\/2020\\\/07\\\/10\\\/un-extraordinario-cartel-de-la-plaza-de-toros-de-ronda-de-1887\\\/#primaryimage\"},\"image\":{\"@id\":\"https:\\\/\\\/www.rmcr.org\\\/en\\\/2020\\\/07\\\/10\\\/un-extraordinario-cartel-de-la-plaza-de-toros-de-ronda-de-1887\\\/#primaryimage\"},\"thumbnailUrl\":\"https:\\\/\\\/www.rmcr.org\\\/wp-content\\\/uploads\\\/2020\\\/07\\\/cart87.jpg\",\"datePublished\":\"2020-07-10T11:44:22+00:00\",\"breadcrumb\":{\"@id\":\"https:\\\/\\\/www.rmcr.org\\\/en\\\/2020\\\/07\\\/10\\\/un-extraordinario-cartel-de-la-plaza-de-toros-de-ronda-de-1887\\\/#breadcrumb\"},\"inLanguage\":\"en-US\",\"potentialAction\":[{\"@type\":\"ReadAction\",\"target\":[\"https:\\\/\\\/www.rmcr.org\\\/en\\\/2020\\\/07\\\/10\\\/un-extraordinario-cartel-de-la-plaza-de-toros-de-ronda-de-1887\\\/\"]}]},{\"@type\":\"ImageObject\",\"inLanguage\":\"en-US\",\"@id\":\"https:\\\/\\\/www.rmcr.org\\\/en\\\/2020\\\/07\\\/10\\\/un-extraordinario-cartel-de-la-plaza-de-toros-de-ronda-de-1887\\\/#primaryimage\",\"url\":\"https:\\\/\\\/www.rmcr.org\\\/wp-content\\\/uploads\\\/2020\\\/07\\\/cart87.jpg\",\"contentUrl\":\"https:\\\/\\\/www.rmcr.org\\\/wp-content\\\/uploads\\\/2020\\\/07\\\/cart87.jpg\",\"width\":482,\"height\":143},{\"@type\":\"BreadcrumbList\",\"@id\":\"https:\\\/\\\/www.rmcr.org\\\/en\\\/2020\\\/07\\\/10\\\/un-extraordinario-cartel-de-la-plaza-de-toros-de-ronda-de-1887\\\/#breadcrumb\",\"itemListElement\":[{\"@type\":\"ListItem\",\"position\":1,\"name\":\"REAL MAESTRANZA DE CABALLER\u00cdA DE RONDA\",\"item\":\"https:\\\/\\\/www.rmcr.org\\\/en\\\/\"},{\"@type\":\"ListItem\",\"position\":2,\"name\":\"Un extraordinario cartel de la Plaza de Toros de Ronda de 1887\"}]},{\"@type\":\"WebSite\",\"@id\":\"https:\\\/\\\/www.rmcr.org\\\/en\\\/#website\",\"url\":\"https:\\\/\\\/www.rmcr.org\\\/en\\\/\",\"name\":\"Real Maestranza de Caballer\u00eda de Ronda\",\"description\":\"Real Maestranza de Caballer\u00eda de Ronda\",\"publisher\":{\"@id\":\"https:\\\/\\\/www.rmcr.org\\\/en\\\/#organization\"},\"alternateName\":\"RMCR\",\"potentialAction\":[{\"@type\":\"SearchAction\",\"target\":{\"@type\":\"EntryPoint\",\"urlTemplate\":\"https:\\\/\\\/www.rmcr.org\\\/en\\\/?s={search_term_string}\"},\"query-input\":{\"@type\":\"PropertyValueSpecification\",\"valueRequired\":true,\"valueName\":\"search_term_string\"}}],\"inLanguage\":\"en-US\"},{\"@type\":\"Organization\",\"@id\":\"https:\\\/\\\/www.rmcr.org\\\/en\\\/#organization\",\"name\":\"Real Maestranza de Caballer\u00eda de Ronda\",\"alternateName\":\"RMR\",\"url\":\"https:\\\/\\\/www.rmcr.org\\\/en\\\/\",\"logo\":{\"@type\":\"ImageObject\",\"inLanguage\":\"en-US\",\"@id\":\"https:\\\/\\\/www.rmcr.org\\\/en\\\/#\\\/schema\\\/logo\\\/image\\\/\",\"url\":\"https:\\\/\\\/www.rmcr.org\\\/wp-content\\\/uploads\\\/2022\\\/07\\\/logo-rmr-blue.svg\",\"contentUrl\":\"https:\\\/\\\/www.rmcr.org\\\/wp-content\\\/uploads\\\/2022\\\/07\\\/logo-rmr-blue.svg\",\"width\":131,\"height\":129,\"caption\":\"Real Maestranza de Caballer\u00eda de Ronda\"},\"image\":{\"@id\":\"https:\\\/\\\/www.rmcr.org\\\/en\\\/#\\\/schema\\\/logo\\\/image\\\/\"},\"sameAs\":[\"https:\\\/\\\/www.facebook.com\\\/plazadetorosronda\",\"https:\\\/\\\/x.com\\\/PlazatorosRMR\",\"https:\\\/\\\/www.instagram.com\\\/realmaestranzaderonda\\\/\",\"https:\\\/\\\/www.youtube.com\\\/channel\\\/UCrbO5IUN-8v_QML739vM4zg\\\/videos\"]},{\"@type\":\"Person\",\"@id\":\"https:\\\/\\\/www.rmcr.org\\\/en\\\/#\\\/schema\\\/person\\\/7ddd0dafda7edd0e407157f93a56df4f\",\"name\":\"RMCR\",\"image\":{\"@type\":\"ImageObject\",\"inLanguage\":\"en-US\",\"@id\":\"https:\\\/\\\/secure.gravatar.com\\\/avatar\\\/adb75798b50800c24baa6a8706037b9469998c49eddeb95935f50f633cff80bb?s=96&d=mm&r=g\",\"url\":\"https:\\\/\\\/secure.gravatar.com\\\/avatar\\\/adb75798b50800c24baa6a8706037b9469998c49eddeb95935f50f633cff80bb?s=96&d=mm&r=g\",\"contentUrl\":\"https:\\\/\\\/secure.gravatar.com\\\/avatar\\\/adb75798b50800c24baa6a8706037b9469998c49eddeb95935f50f633cff80bb?s=96&d=mm&r=g\",\"caption\":\"RMCR\"},\"url\":\"https:\\\/\\\/www.rmcr.org\\\/en\\\/author\\\/bitniks77\\\/\"}]}<\/script>\n<!-- \/ Yoast SEO plugin. -->","yoast_head_json":{"title":"Un extraordinario cartel de la Plaza de Toros de Ronda de 1887 - Real Maestranza de Caballer\u00eda de Ronda","robots":{"index":"index","follow":"follow","max-snippet":"max-snippet:-1","max-image-preview":"max-image-preview:large","max-video-preview":"max-video-preview:-1"},"canonical":"https:\/\/www.rmcr.org\/en\/2020\/07\/10\/un-extraordinario-cartel-de-la-plaza-de-toros-de-ronda-de-1887\/","og_locale":"en_US","og_type":"article","og_title":"Un extraordinario cartel de la Plaza de Toros de Ronda de 1887 - Real Maestranza de Caballer\u00eda de Ronda","og_description":"Cartel mural de gran formato (206 x 95 cm) que se encuentra expuesto en el Museo de la Tauromaquia de la plaza de toros de Ronda. Impreso en varios fragmentos de los que se conservan tres, corresponde a una etapa en la que la t\u00e9cnica litogr\u00e1fica permit\u00eda la impresi\u00f3n en varios colores, que se populariz\u00f3 a partir de la segunda mitad del siglo XIX.","og_url":"https:\/\/www.rmcr.org\/en\/2020\/07\/10\/un-extraordinario-cartel-de-la-plaza-de-toros-de-ronda-de-1887\/","og_site_name":"Real Maestranza de Caballer\u00eda de Ronda","article_publisher":"https:\/\/www.facebook.com\/plazadetorosronda","article_published_time":"2020-07-10T11:44:22+00:00","og_image":[{"width":482,"height":143,"url":"https:\/\/www.rmcr.org\/wp-content\/uploads\/2020\/07\/cart87.jpg","type":"image\/jpeg"}],"author":"RMCR","twitter_card":"summary_large_image","twitter_creator":"@PlazatorosRMR","twitter_site":"@PlazatorosRMR","twitter_misc":{"Written by":"RMCR","Est. reading time":"5 minutes"},"schema":{"@context":"https:\/\/schema.org","@graph":[{"@type":"Article","@id":"https:\/\/www.rmcr.org\/en\/2020\/07\/10\/un-extraordinario-cartel-de-la-plaza-de-toros-de-ronda-de-1887\/#article","isPartOf":{"@id":"https:\/\/www.rmcr.org\/en\/2020\/07\/10\/un-extraordinario-cartel-de-la-plaza-de-toros-de-ronda-de-1887\/"},"author":{"name":"RMCR","@id":"https:\/\/www.rmcr.org\/en\/#\/schema\/person\/7ddd0dafda7edd0e407157f93a56df4f"},"headline":"Un extraordinario cartel de la Plaza de Toros de Ronda de 1887","datePublished":"2020-07-10T11:44:22+00:00","mainEntityOfPage":{"@id":"https:\/\/www.rmcr.org\/en\/2020\/07\/10\/un-extraordinario-cartel-de-la-plaza-de-toros-de-ronda-de-1887\/"},"wordCount":1087,"commentCount":0,"publisher":{"@id":"https:\/\/www.rmcr.org\/en\/#organization"},"image":{"@id":"https:\/\/www.rmcr.org\/en\/2020\/07\/10\/un-extraordinario-cartel-de-la-plaza-de-toros-de-ronda-de-1887\/#primaryimage"},"thumbnailUrl":"https:\/\/www.rmcr.org\/wp-content\/uploads\/2020\/07\/cart87.jpg","keywords":["Cartel taurino","Carteles","Corrida de toros","Real Maestranza de Caballer\u00eda de Ronda"],"articleSection":["Historia","Plaza de Toros","Tauromaquia"],"inLanguage":"en-US","potentialAction":[{"@type":"CommentAction","name":"Comment","target":["https:\/\/www.rmcr.org\/en\/2020\/07\/10\/un-extraordinario-cartel-de-la-plaza-de-toros-de-ronda-de-1887\/#respond"]}]},{"@type":"WebPage","@id":"https:\/\/www.rmcr.org\/en\/2020\/07\/10\/un-extraordinario-cartel-de-la-plaza-de-toros-de-ronda-de-1887\/","url":"https:\/\/www.rmcr.org\/en\/2020\/07\/10\/un-extraordinario-cartel-de-la-plaza-de-toros-de-ronda-de-1887\/","name":"Un extraordinario cartel de la Plaza de Toros de Ronda de 1887 - Real Maestranza de Caballer\u00eda de Ronda","isPartOf":{"@id":"https:\/\/www.rmcr.org\/en\/#website"},"primaryImageOfPage":{"@id":"https:\/\/www.rmcr.org\/en\/2020\/07\/10\/un-extraordinario-cartel-de-la-plaza-de-toros-de-ronda-de-1887\/#primaryimage"},"image":{"@id":"https:\/\/www.rmcr.org\/en\/2020\/07\/10\/un-extraordinario-cartel-de-la-plaza-de-toros-de-ronda-de-1887\/#primaryimage"},"thumbnailUrl":"https:\/\/www.rmcr.org\/wp-content\/uploads\/2020\/07\/cart87.jpg","datePublished":"2020-07-10T11:44:22+00:00","breadcrumb":{"@id":"https:\/\/www.rmcr.org\/en\/2020\/07\/10\/un-extraordinario-cartel-de-la-plaza-de-toros-de-ronda-de-1887\/#breadcrumb"},"inLanguage":"en-US","potentialAction":[{"@type":"ReadAction","target":["https:\/\/www.rmcr.org\/en\/2020\/07\/10\/un-extraordinario-cartel-de-la-plaza-de-toros-de-ronda-de-1887\/"]}]},{"@type":"ImageObject","inLanguage":"en-US","@id":"https:\/\/www.rmcr.org\/en\/2020\/07\/10\/un-extraordinario-cartel-de-la-plaza-de-toros-de-ronda-de-1887\/#primaryimage","url":"https:\/\/www.rmcr.org\/wp-content\/uploads\/2020\/07\/cart87.jpg","contentUrl":"https:\/\/www.rmcr.org\/wp-content\/uploads\/2020\/07\/cart87.jpg","width":482,"height":143},{"@type":"BreadcrumbList","@id":"https:\/\/www.rmcr.org\/en\/2020\/07\/10\/un-extraordinario-cartel-de-la-plaza-de-toros-de-ronda-de-1887\/#breadcrumb","itemListElement":[{"@type":"ListItem","position":1,"name":"REAL MAESTRANZA DE CABALLER\u00cdA DE RONDA","item":"https:\/\/www.rmcr.org\/en\/"},{"@type":"ListItem","position":2,"name":"Un extraordinario cartel de la Plaza de Toros de Ronda de 1887"}]},{"@type":"WebSite","@id":"https:\/\/www.rmcr.org\/en\/#website","url":"https:\/\/www.rmcr.org\/en\/","name":"Real Maestranza de Caballer\u00eda de Ronda","description":"Real Maestranza de Caballer\u00eda de Ronda","publisher":{"@id":"https:\/\/www.rmcr.org\/en\/#organization"},"alternateName":"RMCR","potentialAction":[{"@type":"SearchAction","target":{"@type":"EntryPoint","urlTemplate":"https:\/\/www.rmcr.org\/en\/?s={search_term_string}"},"query-input":{"@type":"PropertyValueSpecification","valueRequired":true,"valueName":"search_term_string"}}],"inLanguage":"en-US"},{"@type":"Organization","@id":"https:\/\/www.rmcr.org\/en\/#organization","name":"Real Maestranza de Caballer\u00eda de Ronda","alternateName":"RMR","url":"https:\/\/www.rmcr.org\/en\/","logo":{"@type":"ImageObject","inLanguage":"en-US","@id":"https:\/\/www.rmcr.org\/en\/#\/schema\/logo\/image\/","url":"https:\/\/www.rmcr.org\/wp-content\/uploads\/2022\/07\/logo-rmr-blue.svg","contentUrl":"https:\/\/www.rmcr.org\/wp-content\/uploads\/2022\/07\/logo-rmr-blue.svg","width":131,"height":129,"caption":"Real Maestranza de Caballer\u00eda de Ronda"},"image":{"@id":"https:\/\/www.rmcr.org\/en\/#\/schema\/logo\/image\/"},"sameAs":["https:\/\/www.facebook.com\/plazadetorosronda","https:\/\/x.com\/PlazatorosRMR","https:\/\/www.instagram.com\/realmaestranzaderonda\/","https:\/\/www.youtube.com\/channel\/UCrbO5IUN-8v_QML739vM4zg\/videos"]},{"@type":"Person","@id":"https:\/\/www.rmcr.org\/en\/#\/schema\/person\/7ddd0dafda7edd0e407157f93a56df4f","name":"RMCR","image":{"@type":"ImageObject","inLanguage":"en-US","@id":"https:\/\/secure.gravatar.com\/avatar\/adb75798b50800c24baa6a8706037b9469998c49eddeb95935f50f633cff80bb?s=96&d=mm&r=g","url":"https:\/\/secure.gravatar.com\/avatar\/adb75798b50800c24baa6a8706037b9469998c49eddeb95935f50f633cff80bb?s=96&d=mm&r=g","contentUrl":"https:\/\/secure.gravatar.com\/avatar\/adb75798b50800c24baa6a8706037b9469998c49eddeb95935f50f633cff80bb?s=96&d=mm&r=g","caption":"RMCR"},"url":"https:\/\/www.rmcr.org\/en\/author\/bitniks77\/"}]}},"_links":{"self":[{"href":"https:\/\/www.rmcr.org\/en\/wp-json\/wp\/v2\/posts\/7124","targetHints":{"allow":["GET"]}}],"collection":[{"href":"https:\/\/www.rmcr.org\/en\/wp-json\/wp\/v2\/posts"}],"about":[{"href":"https:\/\/www.rmcr.org\/en\/wp-json\/wp\/v2\/types\/post"}],"author":[{"embeddable":true,"href":"https:\/\/www.rmcr.org\/en\/wp-json\/wp\/v2\/users\/7"}],"replies":[{"embeddable":true,"href":"https:\/\/www.rmcr.org\/en\/wp-json\/wp\/v2\/comments?post=7124"}],"version-history":[{"count":0,"href":"https:\/\/www.rmcr.org\/en\/wp-json\/wp\/v2\/posts\/7124\/revisions"}],"wp:featuredmedia":[{"embeddable":true,"href":"https:\/\/www.rmcr.org\/en\/wp-json\/wp\/v2\/media\/7340"}],"wp:attachment":[{"href":"https:\/\/www.rmcr.org\/en\/wp-json\/wp\/v2\/media?parent=7124"}],"wp:term":[{"taxonomy":"category","embeddable":true,"href":"https:\/\/www.rmcr.org\/en\/wp-json\/wp\/v2\/categories?post=7124"},{"taxonomy":"post_tag","embeddable":true,"href":"https:\/\/www.rmcr.org\/en\/wp-json\/wp\/v2\/tags?post=7124"}],"curies":[{"name":"wp","href":"https:\/\/api.w.org\/{rel}","templated":true}]}}