{"id":7120,"date":"2020-06-16T07:24:26","date_gmt":"2020-06-16T07:24:26","guid":{"rendered":"https:\/\/www.rmcr.org\/?p=7120"},"modified":"2020-06-16T07:24:26","modified_gmt":"2020-06-16T07:24:26","slug":"guillermo-perez-villalta-en-la-coleccion-de-carteles-de-la-goyesca","status":"publish","type":"post","link":"https:\/\/www.rmcr.org\/en\/2020\/06\/16\/guillermo-perez-villalta-en-la-coleccion-de-carteles-de-la-goyesca\/","title":{"rendered":"Guillermo P\u00e9rez Villalta en la colecci\u00f3n de carteles de la Goyesca"},"content":{"rendered":"<p>En la galer\u00eda de autores contempor\u00e1neos que est\u00e1n presentes en la colecci\u00f3n de la Real Maestranza de Caballer\u00eda de Ronda se cuenta el andaluz Guillermo P\u00e9rez Villalta (Tarifa, 1948), que firm\u00f3 el cartel de la XLVI Tradicional Corrida Goyesca de Ronda de la Feria de Pedro Romero 2002, cuyos protagonistas fueron los toreros Curro V\u00e1zquez, Francisco Rivera Ord\u00f3\u00f1ez y Juli\u00e1n L\u00f3pez \u201cEl Juli\u201d, con toros de la ganader\u00eda de Domingo Hern\u00e1ndez de Salamanca.<\/p>\n<p style=\"text-align:center;\"><a href=\"https:\/\/www.rmcr.org\/wp-content\/uploads\/2020\/06\/rmr-perez-villalta.jpg\"><img fetchpriority=\"high\" decoding=\"async\" class=\"alignnone size-full wp-image-821\" src=\"https:\/\/www.rmcr.org\/wp-content\/uploads\/2020\/06\/rmr-perez-villalta.jpg\" alt=\"\" width=\"470\" height=\"633\" srcset=\"https:\/\/www.rmcr.org\/wp-content\/uploads\/2020\/06\/rmr-perez-villalta.jpg 500w, https:\/\/www.rmcr.org\/wp-content\/uploads\/2020\/06\/rmr-perez-villalta-223x300.jpg 223w\" sizes=\"(max-width: 470px) 100vw, 470px\" \/><\/a><\/p>\n<p style=\"text-align:center;\"><em>XLVI Tradicional Corrida Goyesca de Ronda, 2002, Guillermo P\u00e9rez Villalta<\/em><\/p>\n<p>En la extensa obra de P\u00e9rez Villalta se relacionan la pintura y la arquitectura, junto a sus incursiones en la escultura, el dise\u00f1o y el dibujo, que se manifiestan en diferentes soportes y materiales, una amalgama que le ha servido para conformar un universo propio, una se\u00f1a de identidad donde confluyen muy variadas inspiraciones, desde los mitos de la Antig\u00fcedad cl\u00e1sica al rococ\u00f3, el manierismo, el barroco, la abstracci\u00f3n o la cultura popular.<\/p>\n<p>Estudiante de arquitectura, dej\u00f3 la carrera sin abandonar la disciplina para entregarse a la pintura y otras artes, lo que se puede observar en gran parte de su producci\u00f3n, como el cartel para la Goyesca de Ronda, en el que compone, a trav\u00e9s de una de sus caracter\u00edsticas perspectivas distorsionadas, una semblanza de la Plaza de Toros y de la propia ciudad, as\u00ed como su gusto por los juegos tipogr\u00e1ficos.<\/p>\n<p>P\u00e9rez Villalta fue integrante principal de la corriente pl\u00e1stica surgida en los a\u00f1os 70 que se dio en llamar Nueva Figuraci\u00f3n Madrile\u00f1a, una de las fuentes de iconograf\u00edas y referencias de la posterior Movida de los a\u00f1os 80.<\/p>\n<p>Este mismo a\u00f1o han salido a la luz sus memorias, &#8220;Espejo de la memoria&#8221; (Mec\u00e1nica Lunar, 2020). Se define como un art\u00edfice, m\u00e1s que artista, y desgrana su propio concepto de la belleza a lo largo de su extensa carrera, que en s\u00ed misma contiene una narrativa de su propia vida y su evoluci\u00f3n.<\/p>\n<p>Premio Nacional de Pintura 1985, obras suyas est\u00e1n presentes en centros como el Museo Reina Sof\u00eda, la Fundaci\u00f3n Juan March o el Centro Andaluz de Arte Contempor\u00e1neo, entre otros.<\/p>\n<p>M\u00e1s informaci\u00f3n sobre la colecci\u00f3n:\u00a0<a href=\"http:\/\/bit.ly\/RMR_Goyesca\"><span class=\"s1\">bit.ly\/RMR_Goyesca<\/span><\/a><\/p>\n<p class=\"p3\">Para contactar con el Museo:\u00a0<a href=\"mailto:museo@realmaestranza.org\"><span class=\"s2\">museo@realmaestranza.org<\/span><\/a><\/p>\n","protected":false},"excerpt":{"rendered":"<p>En la galer\u00eda de autores contempor\u00e1neos que est\u00e1n presentes en la colecci\u00f3n de la Real Maestranza de Caballer\u00eda de Ronda se cuenta el andaluz Guillermo P\u00e9rez Villalta (Tarifa, 1948), que firm\u00f3 el cartel de la XLVI Tradicional Corrida Goyesca de Ronda de la Feria de Pedro Romero 2002, cuyos protagonistas fueron los toreros Curro V\u00e1zquez, Francisco Rivera Ord\u00f3\u00f1ez y Juli\u00e1n L\u00f3pez \u201cEl Juli\u201d, con toros de la ganader\u00eda de Domingo Hern\u00e1ndez de Salamanca.<\/p>\n","protected":false},"author":7,"featured_media":7326,"comment_status":"open","ping_status":"open","sticky":false,"template":"","format":"standard","meta":{"footnotes":""},"categories":[272,275,278],"tags":[289,343,315,98],"class_list":["post-7120","post","type-post","status-publish","format-standard","has-post-thumbnail","hentry","category-colecciones-museisticas","category-goyesca","category-tauromaquia","tag-carteles","tag-guillermo-perez-villalta","tag-plaza-de-toros-de-ronda","tag-real-maestranza-de-caballeria-de-ronda"],"yoast_head":"<!-- This site is optimized with the Yoast SEO plugin v27.5 - https:\/\/yoast.com\/product\/yoast-seo-wordpress\/ -->\n<title>Guillermo P\u00e9rez Villalta en la colecci\u00f3n de carteles de la Goyesca - Real Maestranza de Caballer\u00eda de Ronda<\/title>\n<meta name=\"robots\" content=\"index, follow, max-snippet:-1, max-image-preview:large, max-video-preview:-1\" \/>\n<link rel=\"canonical\" href=\"https:\/\/www.rmcr.org\/en\/2020\/06\/16\/guillermo-perez-villalta-en-la-coleccion-de-carteles-de-la-goyesca\/\" \/>\n<meta property=\"og:locale\" content=\"en_US\" \/>\n<meta property=\"og:type\" content=\"article\" \/>\n<meta property=\"og:title\" content=\"Guillermo P\u00e9rez Villalta en la colecci\u00f3n de carteles de la Goyesca - Real Maestranza de Caballer\u00eda de Ronda\" \/>\n<meta property=\"og:description\" content=\"En la galer\u00eda de autores contempor\u00e1neos que est\u00e1n presentes en la colecci\u00f3n de la Real Maestranza de Caballer\u00eda de Ronda se cuenta el andaluz Guillermo P\u00e9rez Villalta (Tarifa, 1948), que firm\u00f3 el cartel de la XLVI Tradicional Corrida Goyesca de Ronda de la Feria de Pedro Romero 2002, cuyos protagonistas fueron los toreros Curro V\u00e1zquez, Francisco Rivera Ord\u00f3\u00f1ez y Juli\u00e1n L\u00f3pez \u201cEl Juli\u201d, con toros de la ganader\u00eda de Domingo Hern\u00e1ndez de Salamanca.\" \/>\n<meta property=\"og:url\" content=\"https:\/\/www.rmcr.org\/en\/2020\/06\/16\/guillermo-perez-villalta-en-la-coleccion-de-carteles-de-la-goyesca\/\" \/>\n<meta property=\"og:site_name\" content=\"Real Maestranza de Caballer\u00eda de Ronda\" \/>\n<meta property=\"article:publisher\" content=\"https:\/\/www.facebook.com\/plazadetorosronda\" \/>\n<meta property=\"article:published_time\" content=\"2020-06-16T07:24:26+00:00\" \/>\n<meta property=\"og:image\" content=\"https:\/\/www.rmcr.org\/wp-content\/uploads\/2020\/06\/gpv.jpg\" \/>\n\t<meta property=\"og:image:width\" content=\"482\" \/>\n\t<meta property=\"og:image:height\" content=\"142\" \/>\n\t<meta property=\"og:image:type\" content=\"image\/jpeg\" \/>\n<meta name=\"author\" content=\"RMCR\" \/>\n<meta name=\"twitter:card\" content=\"summary_large_image\" \/>\n<meta name=\"twitter:creator\" content=\"@PlazatorosRMR\" \/>\n<meta name=\"twitter:site\" content=\"@PlazatorosRMR\" \/>\n<meta name=\"twitter:label1\" content=\"Written by\" \/>\n\t<meta name=\"twitter:data1\" content=\"RMCR\" \/>\n\t<meta name=\"twitter:label2\" content=\"Est. reading time\" \/>\n\t<meta name=\"twitter:data2\" content=\"2 minutes\" \/>\n<script type=\"application\/ld+json\" class=\"yoast-schema-graph\">{\"@context\":\"https:\\\/\\\/schema.org\",\"@graph\":[{\"@type\":\"Article\",\"@id\":\"https:\\\/\\\/www.rmcr.org\\\/en\\\/2020\\\/06\\\/16\\\/guillermo-perez-villalta-en-la-coleccion-de-carteles-de-la-goyesca\\\/#article\",\"isPartOf\":{\"@id\":\"https:\\\/\\\/www.rmcr.org\\\/en\\\/2020\\\/06\\\/16\\\/guillermo-perez-villalta-en-la-coleccion-de-carteles-de-la-goyesca\\\/\"},\"author\":{\"name\":\"RMCR\",\"@id\":\"https:\\\/\\\/www.rmcr.org\\\/en\\\/#\\\/schema\\\/person\\\/7ddd0dafda7edd0e407157f93a56df4f\"},\"headline\":\"Guillermo P\u00e9rez Villalta en la colecci\u00f3n de carteles de la Goyesca\",\"datePublished\":\"2020-06-16T07:24:26+00:00\",\"mainEntityOfPage\":{\"@id\":\"https:\\\/\\\/www.rmcr.org\\\/en\\\/2020\\\/06\\\/16\\\/guillermo-perez-villalta-en-la-coleccion-de-carteles-de-la-goyesca\\\/\"},\"wordCount\":412,\"commentCount\":0,\"publisher\":{\"@id\":\"https:\\\/\\\/www.rmcr.org\\\/en\\\/#organization\"},\"image\":{\"@id\":\"https:\\\/\\\/www.rmcr.org\\\/en\\\/2020\\\/06\\\/16\\\/guillermo-perez-villalta-en-la-coleccion-de-carteles-de-la-goyesca\\\/#primaryimage\"},\"thumbnailUrl\":\"https:\\\/\\\/www.rmcr.org\\\/wp-content\\\/uploads\\\/2020\\\/06\\\/gpv.jpg\",\"keywords\":[\"Carteles\",\"Guillermo P\u00e9rez Villalta\",\"Plaza de Toros de Ronda\",\"Real Maestranza de Caballer\u00eda de Ronda\"],\"articleSection\":[\"Colecciones muse\u00edsticas\",\"Goyesca\",\"Tauromaquia\"],\"inLanguage\":\"en-US\",\"potentialAction\":[{\"@type\":\"CommentAction\",\"name\":\"Comment\",\"target\":[\"https:\\\/\\\/www.rmcr.org\\\/en\\\/2020\\\/06\\\/16\\\/guillermo-perez-villalta-en-la-coleccion-de-carteles-de-la-goyesca\\\/#respond\"]}]},{\"@type\":\"WebPage\",\"@id\":\"https:\\\/\\\/www.rmcr.org\\\/en\\\/2020\\\/06\\\/16\\\/guillermo-perez-villalta-en-la-coleccion-de-carteles-de-la-goyesca\\\/\",\"url\":\"https:\\\/\\\/www.rmcr.org\\\/en\\\/2020\\\/06\\\/16\\\/guillermo-perez-villalta-en-la-coleccion-de-carteles-de-la-goyesca\\\/\",\"name\":\"Guillermo P\u00e9rez Villalta en la colecci\u00f3n de carteles de la Goyesca - Real Maestranza de Caballer\u00eda de Ronda\",\"isPartOf\":{\"@id\":\"https:\\\/\\\/www.rmcr.org\\\/en\\\/#website\"},\"primaryImageOfPage\":{\"@id\":\"https:\\\/\\\/www.rmcr.org\\\/en\\\/2020\\\/06\\\/16\\\/guillermo-perez-villalta-en-la-coleccion-de-carteles-de-la-goyesca\\\/#primaryimage\"},\"image\":{\"@id\":\"https:\\\/\\\/www.rmcr.org\\\/en\\\/2020\\\/06\\\/16\\\/guillermo-perez-villalta-en-la-coleccion-de-carteles-de-la-goyesca\\\/#primaryimage\"},\"thumbnailUrl\":\"https:\\\/\\\/www.rmcr.org\\\/wp-content\\\/uploads\\\/2020\\\/06\\\/gpv.jpg\",\"datePublished\":\"2020-06-16T07:24:26+00:00\",\"breadcrumb\":{\"@id\":\"https:\\\/\\\/www.rmcr.org\\\/en\\\/2020\\\/06\\\/16\\\/guillermo-perez-villalta-en-la-coleccion-de-carteles-de-la-goyesca\\\/#breadcrumb\"},\"inLanguage\":\"en-US\",\"potentialAction\":[{\"@type\":\"ReadAction\",\"target\":[\"https:\\\/\\\/www.rmcr.org\\\/en\\\/2020\\\/06\\\/16\\\/guillermo-perez-villalta-en-la-coleccion-de-carteles-de-la-goyesca\\\/\"]}]},{\"@type\":\"ImageObject\",\"inLanguage\":\"en-US\",\"@id\":\"https:\\\/\\\/www.rmcr.org\\\/en\\\/2020\\\/06\\\/16\\\/guillermo-perez-villalta-en-la-coleccion-de-carteles-de-la-goyesca\\\/#primaryimage\",\"url\":\"https:\\\/\\\/www.rmcr.org\\\/wp-content\\\/uploads\\\/2020\\\/06\\\/gpv.jpg\",\"contentUrl\":\"https:\\\/\\\/www.rmcr.org\\\/wp-content\\\/uploads\\\/2020\\\/06\\\/gpv.jpg\",\"width\":482,\"height\":142},{\"@type\":\"BreadcrumbList\",\"@id\":\"https:\\\/\\\/www.rmcr.org\\\/en\\\/2020\\\/06\\\/16\\\/guillermo-perez-villalta-en-la-coleccion-de-carteles-de-la-goyesca\\\/#breadcrumb\",\"itemListElement\":[{\"@type\":\"ListItem\",\"position\":1,\"name\":\"REAL MAESTRANZA DE CABALLER\u00cdA DE RONDA\",\"item\":\"https:\\\/\\\/www.rmcr.org\\\/en\\\/\"},{\"@type\":\"ListItem\",\"position\":2,\"name\":\"Guillermo P\u00e9rez Villalta en la colecci\u00f3n de carteles de la Goyesca\"}]},{\"@type\":\"WebSite\",\"@id\":\"https:\\\/\\\/www.rmcr.org\\\/en\\\/#website\",\"url\":\"https:\\\/\\\/www.rmcr.org\\\/en\\\/\",\"name\":\"Real Maestranza de Caballer\u00eda de Ronda\",\"description\":\"Real Maestranza de Caballer\u00eda de Ronda\",\"publisher\":{\"@id\":\"https:\\\/\\\/www.rmcr.org\\\/en\\\/#organization\"},\"alternateName\":\"RMCR\",\"potentialAction\":[{\"@type\":\"SearchAction\",\"target\":{\"@type\":\"EntryPoint\",\"urlTemplate\":\"https:\\\/\\\/www.rmcr.org\\\/en\\\/?s={search_term_string}\"},\"query-input\":{\"@type\":\"PropertyValueSpecification\",\"valueRequired\":true,\"valueName\":\"search_term_string\"}}],\"inLanguage\":\"en-US\"},{\"@type\":\"Organization\",\"@id\":\"https:\\\/\\\/www.rmcr.org\\\/en\\\/#organization\",\"name\":\"Real Maestranza de Caballer\u00eda de Ronda\",\"alternateName\":\"RMR\",\"url\":\"https:\\\/\\\/www.rmcr.org\\\/en\\\/\",\"logo\":{\"@type\":\"ImageObject\",\"inLanguage\":\"en-US\",\"@id\":\"https:\\\/\\\/www.rmcr.org\\\/en\\\/#\\\/schema\\\/logo\\\/image\\\/\",\"url\":\"https:\\\/\\\/www.rmcr.org\\\/wp-content\\\/uploads\\\/2022\\\/07\\\/logo-rmr-blue.svg\",\"contentUrl\":\"https:\\\/\\\/www.rmcr.org\\\/wp-content\\\/uploads\\\/2022\\\/07\\\/logo-rmr-blue.svg\",\"width\":131,\"height\":129,\"caption\":\"Real Maestranza de Caballer\u00eda de Ronda\"},\"image\":{\"@id\":\"https:\\\/\\\/www.rmcr.org\\\/en\\\/#\\\/schema\\\/logo\\\/image\\\/\"},\"sameAs\":[\"https:\\\/\\\/www.facebook.com\\\/plazadetorosronda\",\"https:\\\/\\\/x.com\\\/PlazatorosRMR\",\"https:\\\/\\\/www.instagram.com\\\/realmaestranzaderonda\\\/\",\"https:\\\/\\\/www.youtube.com\\\/channel\\\/UCrbO5IUN-8v_QML739vM4zg\\\/videos\"]},{\"@type\":\"Person\",\"@id\":\"https:\\\/\\\/www.rmcr.org\\\/en\\\/#\\\/schema\\\/person\\\/7ddd0dafda7edd0e407157f93a56df4f\",\"name\":\"RMCR\",\"image\":{\"@type\":\"ImageObject\",\"inLanguage\":\"en-US\",\"@id\":\"https:\\\/\\\/secure.gravatar.com\\\/avatar\\\/adb75798b50800c24baa6a8706037b9469998c49eddeb95935f50f633cff80bb?s=96&d=mm&r=g\",\"url\":\"https:\\\/\\\/secure.gravatar.com\\\/avatar\\\/adb75798b50800c24baa6a8706037b9469998c49eddeb95935f50f633cff80bb?s=96&d=mm&r=g\",\"contentUrl\":\"https:\\\/\\\/secure.gravatar.com\\\/avatar\\\/adb75798b50800c24baa6a8706037b9469998c49eddeb95935f50f633cff80bb?s=96&d=mm&r=g\",\"caption\":\"RMCR\"},\"url\":\"https:\\\/\\\/www.rmcr.org\\\/en\\\/author\\\/bitniks77\\\/\"}]}<\/script>\n<!-- \/ Yoast SEO plugin. -->","yoast_head_json":{"title":"Guillermo P\u00e9rez Villalta en la colecci\u00f3n de carteles de la Goyesca - Real Maestranza de Caballer\u00eda de Ronda","robots":{"index":"index","follow":"follow","max-snippet":"max-snippet:-1","max-image-preview":"max-image-preview:large","max-video-preview":"max-video-preview:-1"},"canonical":"https:\/\/www.rmcr.org\/en\/2020\/06\/16\/guillermo-perez-villalta-en-la-coleccion-de-carteles-de-la-goyesca\/","og_locale":"en_US","og_type":"article","og_title":"Guillermo P\u00e9rez Villalta en la colecci\u00f3n de carteles de la Goyesca - Real Maestranza de Caballer\u00eda de Ronda","og_description":"En la galer\u00eda de autores contempor\u00e1neos que est\u00e1n presentes en la colecci\u00f3n de la Real Maestranza de Caballer\u00eda de Ronda se cuenta el andaluz Guillermo P\u00e9rez Villalta (Tarifa, 1948), que firm\u00f3 el cartel de la XLVI Tradicional Corrida Goyesca de Ronda de la Feria de Pedro Romero 2002, cuyos protagonistas fueron los toreros Curro V\u00e1zquez, Francisco Rivera Ord\u00f3\u00f1ez y Juli\u00e1n L\u00f3pez \u201cEl Juli\u201d, con toros de la ganader\u00eda de Domingo Hern\u00e1ndez de Salamanca.","og_url":"https:\/\/www.rmcr.org\/en\/2020\/06\/16\/guillermo-perez-villalta-en-la-coleccion-de-carteles-de-la-goyesca\/","og_site_name":"Real Maestranza de Caballer\u00eda de Ronda","article_publisher":"https:\/\/www.facebook.com\/plazadetorosronda","article_published_time":"2020-06-16T07:24:26+00:00","og_image":[{"width":482,"height":142,"url":"https:\/\/www.rmcr.org\/wp-content\/uploads\/2020\/06\/gpv.jpg","type":"image\/jpeg"}],"author":"RMCR","twitter_card":"summary_large_image","twitter_creator":"@PlazatorosRMR","twitter_site":"@PlazatorosRMR","twitter_misc":{"Written by":"RMCR","Est. reading time":"2 minutes"},"schema":{"@context":"https:\/\/schema.org","@graph":[{"@type":"Article","@id":"https:\/\/www.rmcr.org\/en\/2020\/06\/16\/guillermo-perez-villalta-en-la-coleccion-de-carteles-de-la-goyesca\/#article","isPartOf":{"@id":"https:\/\/www.rmcr.org\/en\/2020\/06\/16\/guillermo-perez-villalta-en-la-coleccion-de-carteles-de-la-goyesca\/"},"author":{"name":"RMCR","@id":"https:\/\/www.rmcr.org\/en\/#\/schema\/person\/7ddd0dafda7edd0e407157f93a56df4f"},"headline":"Guillermo P\u00e9rez Villalta en la colecci\u00f3n de carteles de la Goyesca","datePublished":"2020-06-16T07:24:26+00:00","mainEntityOfPage":{"@id":"https:\/\/www.rmcr.org\/en\/2020\/06\/16\/guillermo-perez-villalta-en-la-coleccion-de-carteles-de-la-goyesca\/"},"wordCount":412,"commentCount":0,"publisher":{"@id":"https:\/\/www.rmcr.org\/en\/#organization"},"image":{"@id":"https:\/\/www.rmcr.org\/en\/2020\/06\/16\/guillermo-perez-villalta-en-la-coleccion-de-carteles-de-la-goyesca\/#primaryimage"},"thumbnailUrl":"https:\/\/www.rmcr.org\/wp-content\/uploads\/2020\/06\/gpv.jpg","keywords":["Carteles","Guillermo P\u00e9rez Villalta","Plaza de Toros de Ronda","Real Maestranza de Caballer\u00eda de Ronda"],"articleSection":["Colecciones muse\u00edsticas","Goyesca","Tauromaquia"],"inLanguage":"en-US","potentialAction":[{"@type":"CommentAction","name":"Comment","target":["https:\/\/www.rmcr.org\/en\/2020\/06\/16\/guillermo-perez-villalta-en-la-coleccion-de-carteles-de-la-goyesca\/#respond"]}]},{"@type":"WebPage","@id":"https:\/\/www.rmcr.org\/en\/2020\/06\/16\/guillermo-perez-villalta-en-la-coleccion-de-carteles-de-la-goyesca\/","url":"https:\/\/www.rmcr.org\/en\/2020\/06\/16\/guillermo-perez-villalta-en-la-coleccion-de-carteles-de-la-goyesca\/","name":"Guillermo P\u00e9rez Villalta en la colecci\u00f3n de carteles de la Goyesca - Real Maestranza de Caballer\u00eda de Ronda","isPartOf":{"@id":"https:\/\/www.rmcr.org\/en\/#website"},"primaryImageOfPage":{"@id":"https:\/\/www.rmcr.org\/en\/2020\/06\/16\/guillermo-perez-villalta-en-la-coleccion-de-carteles-de-la-goyesca\/#primaryimage"},"image":{"@id":"https:\/\/www.rmcr.org\/en\/2020\/06\/16\/guillermo-perez-villalta-en-la-coleccion-de-carteles-de-la-goyesca\/#primaryimage"},"thumbnailUrl":"https:\/\/www.rmcr.org\/wp-content\/uploads\/2020\/06\/gpv.jpg","datePublished":"2020-06-16T07:24:26+00:00","breadcrumb":{"@id":"https:\/\/www.rmcr.org\/en\/2020\/06\/16\/guillermo-perez-villalta-en-la-coleccion-de-carteles-de-la-goyesca\/#breadcrumb"},"inLanguage":"en-US","potentialAction":[{"@type":"ReadAction","target":["https:\/\/www.rmcr.org\/en\/2020\/06\/16\/guillermo-perez-villalta-en-la-coleccion-de-carteles-de-la-goyesca\/"]}]},{"@type":"ImageObject","inLanguage":"en-US","@id":"https:\/\/www.rmcr.org\/en\/2020\/06\/16\/guillermo-perez-villalta-en-la-coleccion-de-carteles-de-la-goyesca\/#primaryimage","url":"https:\/\/www.rmcr.org\/wp-content\/uploads\/2020\/06\/gpv.jpg","contentUrl":"https:\/\/www.rmcr.org\/wp-content\/uploads\/2020\/06\/gpv.jpg","width":482,"height":142},{"@type":"BreadcrumbList","@id":"https:\/\/www.rmcr.org\/en\/2020\/06\/16\/guillermo-perez-villalta-en-la-coleccion-de-carteles-de-la-goyesca\/#breadcrumb","itemListElement":[{"@type":"ListItem","position":1,"name":"REAL MAESTRANZA DE CABALLER\u00cdA DE RONDA","item":"https:\/\/www.rmcr.org\/en\/"},{"@type":"ListItem","position":2,"name":"Guillermo P\u00e9rez Villalta en la colecci\u00f3n de carteles de la Goyesca"}]},{"@type":"WebSite","@id":"https:\/\/www.rmcr.org\/en\/#website","url":"https:\/\/www.rmcr.org\/en\/","name":"Real Maestranza de Caballer\u00eda de Ronda","description":"Real Maestranza de Caballer\u00eda de Ronda","publisher":{"@id":"https:\/\/www.rmcr.org\/en\/#organization"},"alternateName":"RMCR","potentialAction":[{"@type":"SearchAction","target":{"@type":"EntryPoint","urlTemplate":"https:\/\/www.rmcr.org\/en\/?s={search_term_string}"},"query-input":{"@type":"PropertyValueSpecification","valueRequired":true,"valueName":"search_term_string"}}],"inLanguage":"en-US"},{"@type":"Organization","@id":"https:\/\/www.rmcr.org\/en\/#organization","name":"Real Maestranza de Caballer\u00eda de Ronda","alternateName":"RMR","url":"https:\/\/www.rmcr.org\/en\/","logo":{"@type":"ImageObject","inLanguage":"en-US","@id":"https:\/\/www.rmcr.org\/en\/#\/schema\/logo\/image\/","url":"https:\/\/www.rmcr.org\/wp-content\/uploads\/2022\/07\/logo-rmr-blue.svg","contentUrl":"https:\/\/www.rmcr.org\/wp-content\/uploads\/2022\/07\/logo-rmr-blue.svg","width":131,"height":129,"caption":"Real Maestranza de Caballer\u00eda de Ronda"},"image":{"@id":"https:\/\/www.rmcr.org\/en\/#\/schema\/logo\/image\/"},"sameAs":["https:\/\/www.facebook.com\/plazadetorosronda","https:\/\/x.com\/PlazatorosRMR","https:\/\/www.instagram.com\/realmaestranzaderonda\/","https:\/\/www.youtube.com\/channel\/UCrbO5IUN-8v_QML739vM4zg\/videos"]},{"@type":"Person","@id":"https:\/\/www.rmcr.org\/en\/#\/schema\/person\/7ddd0dafda7edd0e407157f93a56df4f","name":"RMCR","image":{"@type":"ImageObject","inLanguage":"en-US","@id":"https:\/\/secure.gravatar.com\/avatar\/adb75798b50800c24baa6a8706037b9469998c49eddeb95935f50f633cff80bb?s=96&d=mm&r=g","url":"https:\/\/secure.gravatar.com\/avatar\/adb75798b50800c24baa6a8706037b9469998c49eddeb95935f50f633cff80bb?s=96&d=mm&r=g","contentUrl":"https:\/\/secure.gravatar.com\/avatar\/adb75798b50800c24baa6a8706037b9469998c49eddeb95935f50f633cff80bb?s=96&d=mm&r=g","caption":"RMCR"},"url":"https:\/\/www.rmcr.org\/en\/author\/bitniks77\/"}]}},"_links":{"self":[{"href":"https:\/\/www.rmcr.org\/en\/wp-json\/wp\/v2\/posts\/7120","targetHints":{"allow":["GET"]}}],"collection":[{"href":"https:\/\/www.rmcr.org\/en\/wp-json\/wp\/v2\/posts"}],"about":[{"href":"https:\/\/www.rmcr.org\/en\/wp-json\/wp\/v2\/types\/post"}],"author":[{"embeddable":true,"href":"https:\/\/www.rmcr.org\/en\/wp-json\/wp\/v2\/users\/7"}],"replies":[{"embeddable":true,"href":"https:\/\/www.rmcr.org\/en\/wp-json\/wp\/v2\/comments?post=7120"}],"version-history":[{"count":0,"href":"https:\/\/www.rmcr.org\/en\/wp-json\/wp\/v2\/posts\/7120\/revisions"}],"wp:featuredmedia":[{"embeddable":true,"href":"https:\/\/www.rmcr.org\/en\/wp-json\/wp\/v2\/media\/7326"}],"wp:attachment":[{"href":"https:\/\/www.rmcr.org\/en\/wp-json\/wp\/v2\/media?parent=7120"}],"wp:term":[{"taxonomy":"category","embeddable":true,"href":"https:\/\/www.rmcr.org\/en\/wp-json\/wp\/v2\/categories?post=7120"},{"taxonomy":"post_tag","embeddable":true,"href":"https:\/\/www.rmcr.org\/en\/wp-json\/wp\/v2\/tags?post=7120"}],"curies":[{"name":"wp","href":"https:\/\/api.w.org\/{rel}","templated":true}]}}