{"id":7118,"date":"2020-06-09T09:19:36","date_gmt":"2020-06-09T09:19:36","guid":{"rendered":"https:\/\/www.rmcr.org\/?p=7118"},"modified":"2020-06-09T09:19:36","modified_gmt":"2020-06-09T09:19:36","slug":"josep-guinovart-en-la-coleccion-de-carteles-de-la-goyesca","status":"publish","type":"post","link":"https:\/\/www.rmcr.org\/en\/2020\/06\/09\/josep-guinovart-en-la-coleccion-de-carteles-de-la-goyesca\/","title":{"rendered":"Josep Guinovart en la colecci\u00f3n de carteles de la Goyesca"},"content":{"rendered":"<p>El pintor catal\u00e1n Josep Guinovart (1927-2007) firma, el mismo a\u00f1o de su fallecimiento, el cartel de la LI Tradicional Corrida Goyesca de Ronda de la Feria de Pedro Romero. La tarde de ese 8 de septiembre actuaron los diestros C\u00e9sar Rinc\u00f3n, Francisco Rivera Ord\u00f3\u00f1ez y su hermano Cayetano, con toros de la ganader\u00eda de Zalduendo.<\/p>\n<p><img fetchpriority=\"high\" decoding=\"async\" class=\" size-full wp-image-803 aligncenter\" style=\"color:var(--color-text);font-size:1rem;\" src=\"https:\/\/www.rmcr.org\/wp-content\/uploads\/2020\/06\/rmr-josep-guinovart.jpg\" alt=\"\" width=\"470\" height=\"586\" \/><\/p>\n<p style=\"text-align:center;\"><em>LI Tradicional Corrida Goyesca de Ronda, 2007, Josep Guinovart<\/em><\/p>\n<p>Nacido en Barcelona, Guinovart est\u00e1 considerado uno de los pintores espa\u00f1oles m\u00e1s importantes de la postguerra. Iniciado en la figuraci\u00f3n realista, no dej\u00f3 de evolucionar hasta entroncar su obra en la abstracci\u00f3n, manteniendo siempre un proceso de replanteamiento continuo de una producci\u00f3n que abarca cuatro d\u00e9cadas, explorando distintos soportes, incluyendo grandes murales, elementos compositivos y materiales.<\/p>\n<p>Importante en su carrera es su contacto y relaci\u00f3n a principios de los 50 con el grupo <em>Dau al Set<\/em> (La s\u00e9ptima cara del dado), que gravitaba en torno a la revista del mismo nombre creada por el poeta Joan Brossa, y de la que formaban parte los pintores Joan Pon\u00e7, Antoni T\u00e0pies, Modest Cuixart y Joan-Josep Tharrats, per\u00edodo en el que practica una suerte de expresionismo figurativo que antecede a su posterior conocimiento de las vanguardias europeas, que lo impulsan a una abstracci\u00f3n informalista que va a deconstruir progresivamente con el uso de materia y simbolog\u00edas de variado significado.<\/p>\n<p>Trabajador incansable, artista de dif\u00edcil clasificaci\u00f3n, la muerte lo sorprendi\u00f3 meses despu\u00e9s de entregar la obra de su cartel para la corrida goyesca, mientras preparaba una exposici\u00f3n. Premio Nacional de Artes Pl\u00e1sticas 1983, su obra est\u00e1 presente en importantes colecciones internacionales como el Museo de Arte Moderno de Barcelona, el Museo Guggenheim de Nueva York o el Museo Reina Sof\u00eda de Madrid, entre otros.<\/p>\n<p>M\u00e1s informaci\u00f3n sobre la colecci\u00f3n:\u00a0<a href=\"http:\/\/bit.ly\/RMR_Goyesca\"><span class=\"s1\">bit.ly\/RMR_Goyesca<\/span><\/a><\/p>\n<p class=\"p3\">Para contactar con el Museo:\u00a0<a href=\"mailto:museo@realmaestranza.org\"><span class=\"s2\">museo@realmaestranza.org<\/span><\/a><\/p>\n","protected":false},"excerpt":{"rendered":"<p>El pintor catal\u00e1n Josep Guinovart (1927-2007) firma, el mismo a\u00f1o de su fallecimiento, el cartel de la LI Tradicional Corrida Goyesca de Ronda de la Feria de Pedro Romero. La tarde de ese 8 de septiembre actuaron los diestros C\u00e9sar Rinc\u00f3n, Francisco Rivera Ord\u00f3\u00f1ez y su hermano Cayetano, con toros de la ganader\u00eda de Zalduendo. [&hellip;]<\/p>\n","protected":false},"author":7,"featured_media":7322,"comment_status":"open","ping_status":"open","sticky":false,"template":"","format":"standard","meta":{"footnotes":""},"categories":[272,275],"tags":[289,342,315,98],"class_list":["post-7118","post","type-post","status-publish","format-standard","has-post-thumbnail","hentry","category-colecciones-museisticas","category-goyesca","tag-carteles","tag-josep-guinovart","tag-plaza-de-toros-de-ronda","tag-real-maestranza-de-caballeria-de-ronda"],"yoast_head":"<!-- This site is optimized with the Yoast SEO plugin v27.5 - https:\/\/yoast.com\/product\/yoast-seo-wordpress\/ -->\n<title>Josep Guinovart en la colecci\u00f3n de carteles de la Goyesca - Real Maestranza de Caballer\u00eda de Ronda<\/title>\n<meta name=\"robots\" content=\"index, follow, max-snippet:-1, max-image-preview:large, max-video-preview:-1\" \/>\n<link rel=\"canonical\" href=\"https:\/\/www.rmcr.org\/en\/2020\/06\/09\/josep-guinovart-en-la-coleccion-de-carteles-de-la-goyesca\/\" \/>\n<meta property=\"og:locale\" content=\"en_US\" \/>\n<meta property=\"og:type\" content=\"article\" \/>\n<meta property=\"og:title\" content=\"Josep Guinovart en la colecci\u00f3n de carteles de la Goyesca - Real Maestranza de Caballer\u00eda de Ronda\" \/>\n<meta property=\"og:description\" content=\"El pintor catal\u00e1n Josep Guinovart (1927-2007) firma, el mismo a\u00f1o de su fallecimiento, el cartel de la LI Tradicional Corrida Goyesca de Ronda de la Feria de Pedro Romero. La tarde de ese 8 de septiembre actuaron los diestros C\u00e9sar Rinc\u00f3n, Francisco Rivera Ord\u00f3\u00f1ez y su hermano Cayetano, con toros de la ganader\u00eda de Zalduendo. [&hellip;]\" \/>\n<meta property=\"og:url\" content=\"https:\/\/www.rmcr.org\/en\/2020\/06\/09\/josep-guinovart-en-la-coleccion-de-carteles-de-la-goyesca\/\" \/>\n<meta property=\"og:site_name\" content=\"Real Maestranza de Caballer\u00eda de Ronda\" \/>\n<meta property=\"article:publisher\" content=\"https:\/\/www.facebook.com\/plazadetorosronda\" \/>\n<meta property=\"article:published_time\" content=\"2020-06-09T09:19:36+00:00\" \/>\n<meta property=\"og:image\" content=\"https:\/\/www.rmcr.org\/wp-content\/uploads\/2020\/06\/ginov.jpg\" \/>\n\t<meta property=\"og:image:width\" content=\"482\" \/>\n\t<meta property=\"og:image:height\" content=\"142\" \/>\n\t<meta property=\"og:image:type\" content=\"image\/jpeg\" \/>\n<meta name=\"author\" content=\"RMCR\" \/>\n<meta name=\"twitter:card\" content=\"summary_large_image\" \/>\n<meta name=\"twitter:creator\" content=\"@PlazatorosRMR\" \/>\n<meta name=\"twitter:site\" content=\"@PlazatorosRMR\" \/>\n<meta name=\"twitter:label1\" content=\"Written by\" \/>\n\t<meta name=\"twitter:data1\" content=\"RMCR\" \/>\n\t<meta name=\"twitter:label2\" content=\"Est. reading time\" \/>\n\t<meta name=\"twitter:data2\" content=\"2 minutes\" \/>\n<script type=\"application\/ld+json\" class=\"yoast-schema-graph\">{\"@context\":\"https:\\\/\\\/schema.org\",\"@graph\":[{\"@type\":\"Article\",\"@id\":\"https:\\\/\\\/www.rmcr.org\\\/en\\\/2020\\\/06\\\/09\\\/josep-guinovart-en-la-coleccion-de-carteles-de-la-goyesca\\\/#article\",\"isPartOf\":{\"@id\":\"https:\\\/\\\/www.rmcr.org\\\/en\\\/2020\\\/06\\\/09\\\/josep-guinovart-en-la-coleccion-de-carteles-de-la-goyesca\\\/\"},\"author\":{\"name\":\"RMCR\",\"@id\":\"https:\\\/\\\/www.rmcr.org\\\/en\\\/#\\\/schema\\\/person\\\/7ddd0dafda7edd0e407157f93a56df4f\"},\"headline\":\"Josep Guinovart en la colecci\u00f3n de carteles de la Goyesca\",\"datePublished\":\"2020-06-09T09:19:36+00:00\",\"mainEntityOfPage\":{\"@id\":\"https:\\\/\\\/www.rmcr.org\\\/en\\\/2020\\\/06\\\/09\\\/josep-guinovart-en-la-coleccion-de-carteles-de-la-goyesca\\\/\"},\"wordCount\":335,\"commentCount\":0,\"publisher\":{\"@id\":\"https:\\\/\\\/www.rmcr.org\\\/en\\\/#organization\"},\"image\":{\"@id\":\"https:\\\/\\\/www.rmcr.org\\\/en\\\/2020\\\/06\\\/09\\\/josep-guinovart-en-la-coleccion-de-carteles-de-la-goyesca\\\/#primaryimage\"},\"thumbnailUrl\":\"https:\\\/\\\/www.rmcr.org\\\/wp-content\\\/uploads\\\/2020\\\/06\\\/ginov.jpg\",\"keywords\":[\"Carteles\",\"Josep Guinovart\",\"Plaza de Toros de Ronda\",\"Real Maestranza de Caballer\u00eda de Ronda\"],\"articleSection\":[\"Colecciones muse\u00edsticas\",\"Goyesca\"],\"inLanguage\":\"en-US\",\"potentialAction\":[{\"@type\":\"CommentAction\",\"name\":\"Comment\",\"target\":[\"https:\\\/\\\/www.rmcr.org\\\/en\\\/2020\\\/06\\\/09\\\/josep-guinovart-en-la-coleccion-de-carteles-de-la-goyesca\\\/#respond\"]}]},{\"@type\":\"WebPage\",\"@id\":\"https:\\\/\\\/www.rmcr.org\\\/en\\\/2020\\\/06\\\/09\\\/josep-guinovart-en-la-coleccion-de-carteles-de-la-goyesca\\\/\",\"url\":\"https:\\\/\\\/www.rmcr.org\\\/en\\\/2020\\\/06\\\/09\\\/josep-guinovart-en-la-coleccion-de-carteles-de-la-goyesca\\\/\",\"name\":\"Josep Guinovart en la colecci\u00f3n de carteles de la Goyesca - Real Maestranza de Caballer\u00eda de Ronda\",\"isPartOf\":{\"@id\":\"https:\\\/\\\/www.rmcr.org\\\/en\\\/#website\"},\"primaryImageOfPage\":{\"@id\":\"https:\\\/\\\/www.rmcr.org\\\/en\\\/2020\\\/06\\\/09\\\/josep-guinovart-en-la-coleccion-de-carteles-de-la-goyesca\\\/#primaryimage\"},\"image\":{\"@id\":\"https:\\\/\\\/www.rmcr.org\\\/en\\\/2020\\\/06\\\/09\\\/josep-guinovart-en-la-coleccion-de-carteles-de-la-goyesca\\\/#primaryimage\"},\"thumbnailUrl\":\"https:\\\/\\\/www.rmcr.org\\\/wp-content\\\/uploads\\\/2020\\\/06\\\/ginov.jpg\",\"datePublished\":\"2020-06-09T09:19:36+00:00\",\"breadcrumb\":{\"@id\":\"https:\\\/\\\/www.rmcr.org\\\/en\\\/2020\\\/06\\\/09\\\/josep-guinovart-en-la-coleccion-de-carteles-de-la-goyesca\\\/#breadcrumb\"},\"inLanguage\":\"en-US\",\"potentialAction\":[{\"@type\":\"ReadAction\",\"target\":[\"https:\\\/\\\/www.rmcr.org\\\/en\\\/2020\\\/06\\\/09\\\/josep-guinovart-en-la-coleccion-de-carteles-de-la-goyesca\\\/\"]}]},{\"@type\":\"ImageObject\",\"inLanguage\":\"en-US\",\"@id\":\"https:\\\/\\\/www.rmcr.org\\\/en\\\/2020\\\/06\\\/09\\\/josep-guinovart-en-la-coleccion-de-carteles-de-la-goyesca\\\/#primaryimage\",\"url\":\"https:\\\/\\\/www.rmcr.org\\\/wp-content\\\/uploads\\\/2020\\\/06\\\/ginov.jpg\",\"contentUrl\":\"https:\\\/\\\/www.rmcr.org\\\/wp-content\\\/uploads\\\/2020\\\/06\\\/ginov.jpg\",\"width\":482,\"height\":142},{\"@type\":\"BreadcrumbList\",\"@id\":\"https:\\\/\\\/www.rmcr.org\\\/en\\\/2020\\\/06\\\/09\\\/josep-guinovart-en-la-coleccion-de-carteles-de-la-goyesca\\\/#breadcrumb\",\"itemListElement\":[{\"@type\":\"ListItem\",\"position\":1,\"name\":\"REAL MAESTRANZA DE CABALLER\u00cdA DE RONDA\",\"item\":\"https:\\\/\\\/www.rmcr.org\\\/en\\\/\"},{\"@type\":\"ListItem\",\"position\":2,\"name\":\"Josep Guinovart en la colecci\u00f3n de carteles de la Goyesca\"}]},{\"@type\":\"WebSite\",\"@id\":\"https:\\\/\\\/www.rmcr.org\\\/en\\\/#website\",\"url\":\"https:\\\/\\\/www.rmcr.org\\\/en\\\/\",\"name\":\"Real Maestranza de Caballer\u00eda de Ronda\",\"description\":\"Real Maestranza de Caballer\u00eda de Ronda\",\"publisher\":{\"@id\":\"https:\\\/\\\/www.rmcr.org\\\/en\\\/#organization\"},\"alternateName\":\"RMCR\",\"potentialAction\":[{\"@type\":\"SearchAction\",\"target\":{\"@type\":\"EntryPoint\",\"urlTemplate\":\"https:\\\/\\\/www.rmcr.org\\\/en\\\/?s={search_term_string}\"},\"query-input\":{\"@type\":\"PropertyValueSpecification\",\"valueRequired\":true,\"valueName\":\"search_term_string\"}}],\"inLanguage\":\"en-US\"},{\"@type\":\"Organization\",\"@id\":\"https:\\\/\\\/www.rmcr.org\\\/en\\\/#organization\",\"name\":\"Real Maestranza de Caballer\u00eda de Ronda\",\"alternateName\":\"RMR\",\"url\":\"https:\\\/\\\/www.rmcr.org\\\/en\\\/\",\"logo\":{\"@type\":\"ImageObject\",\"inLanguage\":\"en-US\",\"@id\":\"https:\\\/\\\/www.rmcr.org\\\/en\\\/#\\\/schema\\\/logo\\\/image\\\/\",\"url\":\"https:\\\/\\\/www.rmcr.org\\\/wp-content\\\/uploads\\\/2022\\\/07\\\/logo-rmr-blue.svg\",\"contentUrl\":\"https:\\\/\\\/www.rmcr.org\\\/wp-content\\\/uploads\\\/2022\\\/07\\\/logo-rmr-blue.svg\",\"width\":131,\"height\":129,\"caption\":\"Real Maestranza de Caballer\u00eda de Ronda\"},\"image\":{\"@id\":\"https:\\\/\\\/www.rmcr.org\\\/en\\\/#\\\/schema\\\/logo\\\/image\\\/\"},\"sameAs\":[\"https:\\\/\\\/www.facebook.com\\\/plazadetorosronda\",\"https:\\\/\\\/x.com\\\/PlazatorosRMR\",\"https:\\\/\\\/www.instagram.com\\\/realmaestranzaderonda\\\/\",\"https:\\\/\\\/www.youtube.com\\\/channel\\\/UCrbO5IUN-8v_QML739vM4zg\\\/videos\"]},{\"@type\":\"Person\",\"@id\":\"https:\\\/\\\/www.rmcr.org\\\/en\\\/#\\\/schema\\\/person\\\/7ddd0dafda7edd0e407157f93a56df4f\",\"name\":\"RMCR\",\"image\":{\"@type\":\"ImageObject\",\"inLanguage\":\"en-US\",\"@id\":\"https:\\\/\\\/secure.gravatar.com\\\/avatar\\\/adb75798b50800c24baa6a8706037b9469998c49eddeb95935f50f633cff80bb?s=96&d=mm&r=g\",\"url\":\"https:\\\/\\\/secure.gravatar.com\\\/avatar\\\/adb75798b50800c24baa6a8706037b9469998c49eddeb95935f50f633cff80bb?s=96&d=mm&r=g\",\"contentUrl\":\"https:\\\/\\\/secure.gravatar.com\\\/avatar\\\/adb75798b50800c24baa6a8706037b9469998c49eddeb95935f50f633cff80bb?s=96&d=mm&r=g\",\"caption\":\"RMCR\"},\"url\":\"https:\\\/\\\/www.rmcr.org\\\/en\\\/author\\\/bitniks77\\\/\"}]}<\/script>\n<!-- \/ Yoast SEO plugin. -->","yoast_head_json":{"title":"Josep Guinovart en la colecci\u00f3n de carteles de la Goyesca - Real Maestranza de Caballer\u00eda de Ronda","robots":{"index":"index","follow":"follow","max-snippet":"max-snippet:-1","max-image-preview":"max-image-preview:large","max-video-preview":"max-video-preview:-1"},"canonical":"https:\/\/www.rmcr.org\/en\/2020\/06\/09\/josep-guinovart-en-la-coleccion-de-carteles-de-la-goyesca\/","og_locale":"en_US","og_type":"article","og_title":"Josep Guinovart en la colecci\u00f3n de carteles de la Goyesca - Real Maestranza de Caballer\u00eda de Ronda","og_description":"El pintor catal\u00e1n Josep Guinovart (1927-2007) firma, el mismo a\u00f1o de su fallecimiento, el cartel de la LI Tradicional Corrida Goyesca de Ronda de la Feria de Pedro Romero. La tarde de ese 8 de septiembre actuaron los diestros C\u00e9sar Rinc\u00f3n, Francisco Rivera Ord\u00f3\u00f1ez y su hermano Cayetano, con toros de la ganader\u00eda de Zalduendo. [&hellip;]","og_url":"https:\/\/www.rmcr.org\/en\/2020\/06\/09\/josep-guinovart-en-la-coleccion-de-carteles-de-la-goyesca\/","og_site_name":"Real Maestranza de Caballer\u00eda de Ronda","article_publisher":"https:\/\/www.facebook.com\/plazadetorosronda","article_published_time":"2020-06-09T09:19:36+00:00","og_image":[{"width":482,"height":142,"url":"https:\/\/www.rmcr.org\/wp-content\/uploads\/2020\/06\/ginov.jpg","type":"image\/jpeg"}],"author":"RMCR","twitter_card":"summary_large_image","twitter_creator":"@PlazatorosRMR","twitter_site":"@PlazatorosRMR","twitter_misc":{"Written by":"RMCR","Est. reading time":"2 minutes"},"schema":{"@context":"https:\/\/schema.org","@graph":[{"@type":"Article","@id":"https:\/\/www.rmcr.org\/en\/2020\/06\/09\/josep-guinovart-en-la-coleccion-de-carteles-de-la-goyesca\/#article","isPartOf":{"@id":"https:\/\/www.rmcr.org\/en\/2020\/06\/09\/josep-guinovart-en-la-coleccion-de-carteles-de-la-goyesca\/"},"author":{"name":"RMCR","@id":"https:\/\/www.rmcr.org\/en\/#\/schema\/person\/7ddd0dafda7edd0e407157f93a56df4f"},"headline":"Josep Guinovart en la colecci\u00f3n de carteles de la Goyesca","datePublished":"2020-06-09T09:19:36+00:00","mainEntityOfPage":{"@id":"https:\/\/www.rmcr.org\/en\/2020\/06\/09\/josep-guinovart-en-la-coleccion-de-carteles-de-la-goyesca\/"},"wordCount":335,"commentCount":0,"publisher":{"@id":"https:\/\/www.rmcr.org\/en\/#organization"},"image":{"@id":"https:\/\/www.rmcr.org\/en\/2020\/06\/09\/josep-guinovart-en-la-coleccion-de-carteles-de-la-goyesca\/#primaryimage"},"thumbnailUrl":"https:\/\/www.rmcr.org\/wp-content\/uploads\/2020\/06\/ginov.jpg","keywords":["Carteles","Josep Guinovart","Plaza de Toros de Ronda","Real Maestranza de Caballer\u00eda de Ronda"],"articleSection":["Colecciones muse\u00edsticas","Goyesca"],"inLanguage":"en-US","potentialAction":[{"@type":"CommentAction","name":"Comment","target":["https:\/\/www.rmcr.org\/en\/2020\/06\/09\/josep-guinovart-en-la-coleccion-de-carteles-de-la-goyesca\/#respond"]}]},{"@type":"WebPage","@id":"https:\/\/www.rmcr.org\/en\/2020\/06\/09\/josep-guinovart-en-la-coleccion-de-carteles-de-la-goyesca\/","url":"https:\/\/www.rmcr.org\/en\/2020\/06\/09\/josep-guinovart-en-la-coleccion-de-carteles-de-la-goyesca\/","name":"Josep Guinovart en la colecci\u00f3n de carteles de la Goyesca - Real Maestranza de Caballer\u00eda de Ronda","isPartOf":{"@id":"https:\/\/www.rmcr.org\/en\/#website"},"primaryImageOfPage":{"@id":"https:\/\/www.rmcr.org\/en\/2020\/06\/09\/josep-guinovart-en-la-coleccion-de-carteles-de-la-goyesca\/#primaryimage"},"image":{"@id":"https:\/\/www.rmcr.org\/en\/2020\/06\/09\/josep-guinovart-en-la-coleccion-de-carteles-de-la-goyesca\/#primaryimage"},"thumbnailUrl":"https:\/\/www.rmcr.org\/wp-content\/uploads\/2020\/06\/ginov.jpg","datePublished":"2020-06-09T09:19:36+00:00","breadcrumb":{"@id":"https:\/\/www.rmcr.org\/en\/2020\/06\/09\/josep-guinovart-en-la-coleccion-de-carteles-de-la-goyesca\/#breadcrumb"},"inLanguage":"en-US","potentialAction":[{"@type":"ReadAction","target":["https:\/\/www.rmcr.org\/en\/2020\/06\/09\/josep-guinovart-en-la-coleccion-de-carteles-de-la-goyesca\/"]}]},{"@type":"ImageObject","inLanguage":"en-US","@id":"https:\/\/www.rmcr.org\/en\/2020\/06\/09\/josep-guinovart-en-la-coleccion-de-carteles-de-la-goyesca\/#primaryimage","url":"https:\/\/www.rmcr.org\/wp-content\/uploads\/2020\/06\/ginov.jpg","contentUrl":"https:\/\/www.rmcr.org\/wp-content\/uploads\/2020\/06\/ginov.jpg","width":482,"height":142},{"@type":"BreadcrumbList","@id":"https:\/\/www.rmcr.org\/en\/2020\/06\/09\/josep-guinovart-en-la-coleccion-de-carteles-de-la-goyesca\/#breadcrumb","itemListElement":[{"@type":"ListItem","position":1,"name":"REAL MAESTRANZA DE CABALLER\u00cdA DE RONDA","item":"https:\/\/www.rmcr.org\/en\/"},{"@type":"ListItem","position":2,"name":"Josep Guinovart en la colecci\u00f3n de carteles de la Goyesca"}]},{"@type":"WebSite","@id":"https:\/\/www.rmcr.org\/en\/#website","url":"https:\/\/www.rmcr.org\/en\/","name":"Real Maestranza de Caballer\u00eda de Ronda","description":"Real Maestranza de Caballer\u00eda de Ronda","publisher":{"@id":"https:\/\/www.rmcr.org\/en\/#organization"},"alternateName":"RMCR","potentialAction":[{"@type":"SearchAction","target":{"@type":"EntryPoint","urlTemplate":"https:\/\/www.rmcr.org\/en\/?s={search_term_string}"},"query-input":{"@type":"PropertyValueSpecification","valueRequired":true,"valueName":"search_term_string"}}],"inLanguage":"en-US"},{"@type":"Organization","@id":"https:\/\/www.rmcr.org\/en\/#organization","name":"Real Maestranza de Caballer\u00eda de Ronda","alternateName":"RMR","url":"https:\/\/www.rmcr.org\/en\/","logo":{"@type":"ImageObject","inLanguage":"en-US","@id":"https:\/\/www.rmcr.org\/en\/#\/schema\/logo\/image\/","url":"https:\/\/www.rmcr.org\/wp-content\/uploads\/2022\/07\/logo-rmr-blue.svg","contentUrl":"https:\/\/www.rmcr.org\/wp-content\/uploads\/2022\/07\/logo-rmr-blue.svg","width":131,"height":129,"caption":"Real Maestranza de Caballer\u00eda de Ronda"},"image":{"@id":"https:\/\/www.rmcr.org\/en\/#\/schema\/logo\/image\/"},"sameAs":["https:\/\/www.facebook.com\/plazadetorosronda","https:\/\/x.com\/PlazatorosRMR","https:\/\/www.instagram.com\/realmaestranzaderonda\/","https:\/\/www.youtube.com\/channel\/UCrbO5IUN-8v_QML739vM4zg\/videos"]},{"@type":"Person","@id":"https:\/\/www.rmcr.org\/en\/#\/schema\/person\/7ddd0dafda7edd0e407157f93a56df4f","name":"RMCR","image":{"@type":"ImageObject","inLanguage":"en-US","@id":"https:\/\/secure.gravatar.com\/avatar\/adb75798b50800c24baa6a8706037b9469998c49eddeb95935f50f633cff80bb?s=96&d=mm&r=g","url":"https:\/\/secure.gravatar.com\/avatar\/adb75798b50800c24baa6a8706037b9469998c49eddeb95935f50f633cff80bb?s=96&d=mm&r=g","contentUrl":"https:\/\/secure.gravatar.com\/avatar\/adb75798b50800c24baa6a8706037b9469998c49eddeb95935f50f633cff80bb?s=96&d=mm&r=g","caption":"RMCR"},"url":"https:\/\/www.rmcr.org\/en\/author\/bitniks77\/"}]}},"_links":{"self":[{"href":"https:\/\/www.rmcr.org\/en\/wp-json\/wp\/v2\/posts\/7118","targetHints":{"allow":["GET"]}}],"collection":[{"href":"https:\/\/www.rmcr.org\/en\/wp-json\/wp\/v2\/posts"}],"about":[{"href":"https:\/\/www.rmcr.org\/en\/wp-json\/wp\/v2\/types\/post"}],"author":[{"embeddable":true,"href":"https:\/\/www.rmcr.org\/en\/wp-json\/wp\/v2\/users\/7"}],"replies":[{"embeddable":true,"href":"https:\/\/www.rmcr.org\/en\/wp-json\/wp\/v2\/comments?post=7118"}],"version-history":[{"count":0,"href":"https:\/\/www.rmcr.org\/en\/wp-json\/wp\/v2\/posts\/7118\/revisions"}],"wp:featuredmedia":[{"embeddable":true,"href":"https:\/\/www.rmcr.org\/en\/wp-json\/wp\/v2\/media\/7322"}],"wp:attachment":[{"href":"https:\/\/www.rmcr.org\/en\/wp-json\/wp\/v2\/media?parent=7118"}],"wp:term":[{"taxonomy":"category","embeddable":true,"href":"https:\/\/www.rmcr.org\/en\/wp-json\/wp\/v2\/categories?post=7118"},{"taxonomy":"post_tag","embeddable":true,"href":"https:\/\/www.rmcr.org\/en\/wp-json\/wp\/v2\/tags?post=7118"}],"curies":[{"name":"wp","href":"https:\/\/api.w.org\/{rel}","templated":true}]}}