{"id":7117,"date":"2020-06-05T11:55:17","date_gmt":"2020-06-05T11:55:17","guid":{"rendered":"https:\/\/www.rmcr.org\/?p=7117"},"modified":"2020-06-05T11:55:17","modified_gmt":"2020-06-05T11:55:17","slug":"dos-actuaciones-en-la-plaza-de-toros-de-ronda-piedra-y-barrera","status":"publish","type":"post","link":"https:\/\/www.rmcr.org\/en\/2020\/06\/05\/dos-actuaciones-en-la-plaza-de-toros-de-ronda-piedra-y-barrera\/","title":{"rendered":"Dos actuaciones en la Plaza de Toros de Ronda: piedra y barrera"},"content":{"rendered":"<p>En el marco del Proyecto de Rehabilitaci\u00f3n del Conjunto de la Plaza de Toros de Ronda iniciado en 1997 por el estudio de arquitectura de Cristina Borrero y Mar\u00eda Caballos se cuentan dos interesantes actuaciones, vinculadas a la recuperaci\u00f3n de las se\u00f1as de identidad de la plaza y construcciones anexas, que merecen destacarse.<\/p>\n<p>Una de car\u00e1cter oculto, por as\u00ed decirlo, y otra que se destaca a simple vista. Son las referidas a la piedra, el material constructivo protagonista del monumento y que le confiere su particular personalidad y, por otro lado, a la barrera que circunda el ruedo.<\/p>\n<p style=\"text-align:center;\"><a href=\"https:\/\/www.rmcr.org\/wp-content\/uploads\/2020\/06\/ptr-perspectiva.jpg\"><img fetchpriority=\"high\" decoding=\"async\" class=\"alignnone size-full wp-image-789\" src=\"https:\/\/www.rmcr.org\/wp-content\/uploads\/2020\/06\/ptr-perspectiva.jpg\" alt=\"\" width=\"470\" height=\"256\" \/><\/a><\/p>\n<p style=\"text-align:center;\"><em>Perspectiva de la Plaza de Toros de Ronda. Archivo-RMR<\/em><\/p>\n<p><strong>La piedra<\/strong><\/p>\n<p>Para la primera de esas intervenciones se realiz\u00f3 un profundo estudio y an\u00e1lisis de la naturaleza de composici\u00f3n del material p\u00e9treo y otros materiales de construcci\u00f3n, tanto originarios como de otras intervenciones, que soportan los dos pisos con 136 columnas que forman los 136 arcos rebajados de los que dispone la plaza, as\u00ed como de los dos anillos que circundan el callej\u00f3n.<\/p>\n<p>Aspecto primordial de este estudio era conocer la porosidad de la piedra y el tama\u00f1o de esos poros, su morfolog\u00eda y grado de conexi\u00f3n entre los mismos, \u201cpara valorar la susceptibilidad de la piedra a ser tratada con productos de conservaci\u00f3n y la capacidad de la misma para su absorci\u00f3n\u201d, como explicita el informe previo.<\/p>\n<p><a href=\"https:\/\/www.rmcr.org\/wp-content\/uploads\/2020\/06\/ptr-restauracion.jpg\"><img decoding=\"async\" class=\"aligncenter wp-image-786 size-full\" src=\"https:\/\/www.rmcr.org\/wp-content\/uploads\/2020\/06\/ptr-restauracion.jpg\" alt=\"\" width=\"470\" height=\"304\" \/><\/a><\/p>\n<p style=\"text-align:center;\"><em>Trabajos de restauraci\u00f3n de la piedra tras el estudio previo. Archivo-RMR<\/em><\/p>\n<p>Para ello se tomaron muestras de distintas naturalezas, en tama\u00f1os y estado de conservaci\u00f3n, para someterlas a diversas t\u00e9cnicas anal\u00edticas (difracci\u00f3n de rayos X, microscopia \u00f3ptica, saturaci\u00f3n al vac\u00edo) para el conocimiento veraz de su composici\u00f3n mineral\u00f3gica-qu\u00edmica, y lo mismo se hizo con posibles productos de alteraci\u00f3n, como morteros originales y morteros de intervenciones anteriores, siendo el mortero original el m\u00e1s compatible con las caracter\u00edsticas de la piedra.<\/p>\n<p>La conclusi\u00f3n del an\u00e1lisis de la piedra arroj\u00f3 una composici\u00f3n muy regular y parecida en todas las muestras, calcita (85 por ciento aproximadamente) y cuarzo, lo que la incluye dentro de las carbonatadas o calizas, adem\u00e1s de establecer que se trata de una roca de elevada porosidad, fen\u00f3meno que se hac\u00eda evidente en diversas muestras, \u201cdonde la porosidad llega a hacerse canalizada y adem\u00e1s muy intercomunicada, por donde el agua puede circular f\u00e1cilmente\u201d. Dicha porosidad permiti\u00f3, sin embargo, que pudiera ser tratada con productos consolidantes para su mejor conservaci\u00f3n en las zonas que se estimaron oportunas, como as\u00ed se hizo de manera concienzuda junto a la limpieza de la misma.<\/p>\n<p><a href=\"https:\/\/www.rmcr.org\/wp-content\/uploads\/2020\/06\/ptr-restauracion-2.jpg\"><img decoding=\"async\" class=\"size-full wp-image-798 aligncenter\" src=\"https:\/\/www.rmcr.org\/wp-content\/uploads\/2020\/06\/ptr-restauracion-2.jpg\" alt=\"\" width=\"470\" height=\"343\" \/><\/a><\/p>\n<p style=\"text-align:center;\"><em>Trabajos de restauraci\u00f3n de la piedra tras el estudio previo. Archivo-RMR<\/em><\/p>\n<p>De esta manera se proporcion\u00f3 luminosidad a esa piedra arenisca y rosada, extra\u00edda de las canteras cercanas a Ronda del Arroyo del Toro por canteros ronde\u00f1os y de Cabra y picapedreros de Teba en el siglo XVIII.<\/p>\n<p><strong>La barrera<\/strong><\/p>\n<p>Si la anterior operaci\u00f3n es de una secreta complejidad, en la barrera se ha hecho visible la recuperaci\u00f3n de la tradici\u00f3n que se extendi\u00f3 en el siglo XIX en las plazas de toros, cuyas barreras y burladeros se decoraban con variados dise\u00f1os de ornamentaci\u00f3n y de car\u00e1cter taurino con motivos diversos, pintados o en estuco, y que se sol\u00edan cambiar cada temporada.<\/p>\n<p><a href=\"https:\/\/www.rmcr.org\/wp-content\/uploads\/2020\/06\/plaza-sevilla-lake-price-1852.jpg\"><img loading=\"lazy\" decoding=\"async\" class=\"size-full wp-image-791 aligncenter\" src=\"https:\/\/www.rmcr.org\/wp-content\/uploads\/2020\/06\/plaza-sevilla-lake-price-1852.jpg\" alt=\"\" width=\"470\" height=\"151\" \/><\/a><\/p>\n<p style=\"text-align:center;\"><em>Barrera decorada con guirnaldas en la Plaza de Toros de Sevilla. Litograf\u00eda de William Lake Price (1852). Colecci\u00f3n-RMR<\/em><\/p>\n<p>Adornos que fueron siendo sustituidos paulatinamente por soluciones monocrom\u00e1ticas, seguramente por razones de comodidad y costes. En las im\u00e1genes que acompa\u00f1an se ofrecen ejemplos de esas decoraciones perdidas y olvidadas en distintas plazas.<\/p>\n<p><a href=\"https:\/\/www.rmcr.org\/wp-content\/uploads\/2020\/06\/aramburu-1865.jpg\"><img loading=\"lazy\" decoding=\"async\" class=\"size-full wp-image-793 aligncenter\" src=\"https:\/\/www.rmcr.org\/wp-content\/uploads\/2020\/06\/aramburu-1865.jpg\" alt=\"\" width=\"470\" height=\"183\" \/><\/a><\/p>\n<p style=\"text-align:center;\"><em>Barrera decorada con motivos geom\u00e9tricos. Litograf\u00eda de Teodoro Aramburu. &#8220;Anales del toreo&#8221; (Sevilla, 1868). Biblioteca-RMR<\/em><\/p>\n<p>Tambi\u00e9n en la Plaza de Toros de Ronda fue as\u00ed, a juzgar por ciertos detalles. En un fragmento del primer anillo del callej\u00f3n, sobre el que se colocan las barreras y burladeros de madera de pino, se encontr\u00f3 un revestimiento en la piedra sobre el que se apreciaban rastros de decoraci\u00f3n de hojas y una cabeza de bucr\u00e1neo, muy parecido al que se puede observar sobre la puerta de picadores.<\/p>\n<p><a href=\"https:\/\/www.rmcr.org\/wp-content\/uploads\/2020\/06\/ptr-composicion.jpg\"><img loading=\"lazy\" decoding=\"async\" class=\"size-full wp-image-794 aligncenter\" src=\"https:\/\/www.rmcr.org\/wp-content\/uploads\/2020\/06\/ptr-composicion.jpg\" alt=\"\" width=\"470\" height=\"535\" \/><\/a><\/p>\n<p style=\"text-align:center;\"><em>Reconstrucci\u00f3n de la posible decoraci\u00f3n de la barrera en base a los fragmentos existentes. Informe de estudio de materiales p\u00e9treos. Archivo-RMR<\/em><\/p>\n<p>Este hallazgo anim\u00f3 a recrear y versionar sobre la madera esa caracter\u00edstica formal y original de la plaza, con elementos como bucr\u00e1neos, escarapelas y guirnaldas neocl\u00e1sicas de hojas sobre un fondo verde piedra, que es como luce en la actualidad.<\/p>\n<p style=\"text-align:center;\"><a href=\"https:\/\/www.rmcr.org\/wp-content\/uploads\/2020\/06\/ptr-piedra-barrera.jpg\"><img loading=\"lazy\" decoding=\"async\" class=\"aligncenter wp-image-783 size-full\" src=\"https:\/\/www.rmcr.org\/wp-content\/uploads\/2020\/06\/ptr-piedra-barrera.jpg\" alt=\"\" width=\"470\" height=\"314\" \/><\/a><\/p>\n<p style=\"text-align:center;\"><em>Barrera, columnas y arcos. Foto Jos\u00e9 Mor\u00f3n. Archivo-RMR.<\/em><\/p>\n<p><em>Documentaci\u00f3n<\/em><\/p>\n<ul>\n<li>Proyecto de Recuperaci\u00f3n e Intervenci\u00f3n en la Plaza de Toros de Ronda. Cristina Borrero y Mar\u00eda Caballos. Archivo de la Real Maestranza de Caballer\u00eda de Ronda.<\/li>\n<li>Caracterizaci\u00f3n del material p\u00e9treo y otros materiales de la Plaza de Toros de Ronda. Jes\u00fas Espinosa (ge\u00f3logo) y Rosario Villegas (ingeniero qu\u00edmico). Archivo de la Real Maestranza de Caballer\u00eda de Ronda.<\/li>\n<\/ul>\n","protected":false},"excerpt":{"rendered":"<p>En el marco del proyecto de Rehabilitaci\u00f3n del Conjunto de la Plaza de Toros de Ronda iniciado en 1977 por el estudio de arquitectura de Cristina Borrero y Mar\u00eda Caballos se cuentan dos interesantes actuaciones, vinculadas a la recuperaci\u00f3n de las se\u00f1as de identidad de la plaza y construcciones anexas, que merecen destacarse. Una de car\u00e1cter oculto, por as\u00ed decirlo, y otra que se destaca a simple vista. Son las referidas a la piedra, el material constructivo protagonista del monumento\u00a0 y que le confiere su particular personalidad y, por otro lado, a la barrera que circunda el ruedo.<\/p>\n","protected":false},"author":7,"featured_media":7314,"comment_status":"open","ping_status":"open","sticky":false,"template":"","format":"standard","meta":{"footnotes":""},"categories":[280,282,277],"tags":[315,98,305,114],"class_list":["post-7117","post","type-post","status-publish","format-standard","has-post-thumbnail","hentry","category-arquitectura","category-conservacion","category-plaza-de-toros","tag-plaza-de-toros-de-ronda","tag-real-maestranza-de-caballeria-de-ronda","tag-restauracion","tag-ronda"],"yoast_head":"<!-- This site is optimized with the Yoast SEO plugin v27.5 - https:\/\/yoast.com\/product\/yoast-seo-wordpress\/ -->\n<title>Dos actuaciones en la Plaza de Toros de Ronda: piedra y barrera - Real Maestranza de Caballer\u00eda de Ronda<\/title>\n<meta name=\"robots\" content=\"index, follow, max-snippet:-1, max-image-preview:large, max-video-preview:-1\" \/>\n<link rel=\"canonical\" href=\"https:\/\/www.rmcr.org\/en\/2020\/06\/05\/dos-actuaciones-en-la-plaza-de-toros-de-ronda-piedra-y-barrera\/\" \/>\n<meta property=\"og:locale\" content=\"en_US\" \/>\n<meta property=\"og:type\" content=\"article\" \/>\n<meta property=\"og:title\" content=\"Dos actuaciones en la Plaza de Toros de Ronda: piedra y barrera - Real Maestranza de Caballer\u00eda de Ronda\" \/>\n<meta property=\"og:description\" content=\"En el marco del proyecto de Rehabilitaci\u00f3n del Conjunto de la Plaza de Toros de Ronda iniciado en 1977 por el estudio de arquitectura de Cristina Borrero y Mar\u00eda Caballos se cuentan dos interesantes actuaciones, vinculadas a la recuperaci\u00f3n de las se\u00f1as de identidad de la plaza y construcciones anexas, que merecen destacarse. Una de car\u00e1cter oculto, por as\u00ed decirlo, y otra que se destaca a simple vista. Son las referidas a la piedra, el material constructivo protagonista del monumento\u00a0 y que le confiere su particular personalidad y, por otro lado, a la barrera que circunda el ruedo.\" \/>\n<meta property=\"og:url\" content=\"https:\/\/www.rmcr.org\/en\/2020\/06\/05\/dos-actuaciones-en-la-plaza-de-toros-de-ronda-piedra-y-barrera\/\" \/>\n<meta property=\"og:site_name\" content=\"Real Maestranza de Caballer\u00eda de Ronda\" \/>\n<meta property=\"article:publisher\" content=\"https:\/\/www.facebook.com\/plazadetorosronda\" \/>\n<meta property=\"article:published_time\" content=\"2020-06-05T11:55:17+00:00\" \/>\n<meta property=\"og:image\" content=\"https:\/\/www.rmcr.org\/wp-content\/uploads\/2020\/06\/barrer.jpg\" \/>\n\t<meta property=\"og:image:width\" content=\"482\" \/>\n\t<meta property=\"og:image:height\" content=\"142\" \/>\n\t<meta property=\"og:image:type\" content=\"image\/jpeg\" \/>\n<meta name=\"author\" content=\"RMCR\" \/>\n<meta name=\"twitter:card\" content=\"summary_large_image\" \/>\n<meta name=\"twitter:creator\" content=\"@PlazatorosRMR\" \/>\n<meta name=\"twitter:site\" content=\"@PlazatorosRMR\" \/>\n<meta name=\"twitter:label1\" content=\"Written by\" \/>\n\t<meta name=\"twitter:data1\" content=\"RMCR\" \/>\n\t<meta name=\"twitter:label2\" content=\"Est. reading time\" \/>\n\t<meta name=\"twitter:data2\" content=\"4 minutes\" \/>\n<script type=\"application\/ld+json\" class=\"yoast-schema-graph\">{\"@context\":\"https:\\\/\\\/schema.org\",\"@graph\":[{\"@type\":\"Article\",\"@id\":\"https:\\\/\\\/www.rmcr.org\\\/en\\\/2020\\\/06\\\/05\\\/dos-actuaciones-en-la-plaza-de-toros-de-ronda-piedra-y-barrera\\\/#article\",\"isPartOf\":{\"@id\":\"https:\\\/\\\/www.rmcr.org\\\/en\\\/2020\\\/06\\\/05\\\/dos-actuaciones-en-la-plaza-de-toros-de-ronda-piedra-y-barrera\\\/\"},\"author\":{\"name\":\"RMCR\",\"@id\":\"https:\\\/\\\/www.rmcr.org\\\/en\\\/#\\\/schema\\\/person\\\/7ddd0dafda7edd0e407157f93a56df4f\"},\"headline\":\"Dos actuaciones en la Plaza de Toros de Ronda: piedra y barrera\",\"datePublished\":\"2020-06-05T11:55:17+00:00\",\"mainEntityOfPage\":{\"@id\":\"https:\\\/\\\/www.rmcr.org\\\/en\\\/2020\\\/06\\\/05\\\/dos-actuaciones-en-la-plaza-de-toros-de-ronda-piedra-y-barrera\\\/\"},\"wordCount\":873,\"commentCount\":0,\"publisher\":{\"@id\":\"https:\\\/\\\/www.rmcr.org\\\/en\\\/#organization\"},\"image\":{\"@id\":\"https:\\\/\\\/www.rmcr.org\\\/en\\\/2020\\\/06\\\/05\\\/dos-actuaciones-en-la-plaza-de-toros-de-ronda-piedra-y-barrera\\\/#primaryimage\"},\"thumbnailUrl\":\"https:\\\/\\\/www.rmcr.org\\\/wp-content\\\/uploads\\\/2020\\\/06\\\/barrer.jpg\",\"keywords\":[\"Plaza de Toros de Ronda\",\"Real Maestranza de Caballer\u00eda de Ronda\",\"Restauraci\u00f3n\",\"Ronda\"],\"articleSection\":[\"Arquitectura\",\"Conservaci\u00f3n\",\"Plaza de Toros\"],\"inLanguage\":\"en-US\",\"potentialAction\":[{\"@type\":\"CommentAction\",\"name\":\"Comment\",\"target\":[\"https:\\\/\\\/www.rmcr.org\\\/en\\\/2020\\\/06\\\/05\\\/dos-actuaciones-en-la-plaza-de-toros-de-ronda-piedra-y-barrera\\\/#respond\"]}]},{\"@type\":\"WebPage\",\"@id\":\"https:\\\/\\\/www.rmcr.org\\\/en\\\/2020\\\/06\\\/05\\\/dos-actuaciones-en-la-plaza-de-toros-de-ronda-piedra-y-barrera\\\/\",\"url\":\"https:\\\/\\\/www.rmcr.org\\\/en\\\/2020\\\/06\\\/05\\\/dos-actuaciones-en-la-plaza-de-toros-de-ronda-piedra-y-barrera\\\/\",\"name\":\"Dos actuaciones en la Plaza de Toros de Ronda: piedra y barrera - Real Maestranza de Caballer\u00eda de Ronda\",\"isPartOf\":{\"@id\":\"https:\\\/\\\/www.rmcr.org\\\/en\\\/#website\"},\"primaryImageOfPage\":{\"@id\":\"https:\\\/\\\/www.rmcr.org\\\/en\\\/2020\\\/06\\\/05\\\/dos-actuaciones-en-la-plaza-de-toros-de-ronda-piedra-y-barrera\\\/#primaryimage\"},\"image\":{\"@id\":\"https:\\\/\\\/www.rmcr.org\\\/en\\\/2020\\\/06\\\/05\\\/dos-actuaciones-en-la-plaza-de-toros-de-ronda-piedra-y-barrera\\\/#primaryimage\"},\"thumbnailUrl\":\"https:\\\/\\\/www.rmcr.org\\\/wp-content\\\/uploads\\\/2020\\\/06\\\/barrer.jpg\",\"datePublished\":\"2020-06-05T11:55:17+00:00\",\"breadcrumb\":{\"@id\":\"https:\\\/\\\/www.rmcr.org\\\/en\\\/2020\\\/06\\\/05\\\/dos-actuaciones-en-la-plaza-de-toros-de-ronda-piedra-y-barrera\\\/#breadcrumb\"},\"inLanguage\":\"en-US\",\"potentialAction\":[{\"@type\":\"ReadAction\",\"target\":[\"https:\\\/\\\/www.rmcr.org\\\/en\\\/2020\\\/06\\\/05\\\/dos-actuaciones-en-la-plaza-de-toros-de-ronda-piedra-y-barrera\\\/\"]}]},{\"@type\":\"ImageObject\",\"inLanguage\":\"en-US\",\"@id\":\"https:\\\/\\\/www.rmcr.org\\\/en\\\/2020\\\/06\\\/05\\\/dos-actuaciones-en-la-plaza-de-toros-de-ronda-piedra-y-barrera\\\/#primaryimage\",\"url\":\"https:\\\/\\\/www.rmcr.org\\\/wp-content\\\/uploads\\\/2020\\\/06\\\/barrer.jpg\",\"contentUrl\":\"https:\\\/\\\/www.rmcr.org\\\/wp-content\\\/uploads\\\/2020\\\/06\\\/barrer.jpg\",\"width\":482,\"height\":142,\"caption\":\"RONDA, MALAGA, PLAZA DE TOROS DE LA REAL MAESTRANZA\"},{\"@type\":\"BreadcrumbList\",\"@id\":\"https:\\\/\\\/www.rmcr.org\\\/en\\\/2020\\\/06\\\/05\\\/dos-actuaciones-en-la-plaza-de-toros-de-ronda-piedra-y-barrera\\\/#breadcrumb\",\"itemListElement\":[{\"@type\":\"ListItem\",\"position\":1,\"name\":\"REAL MAESTRANZA DE CABALLER\u00cdA DE RONDA\",\"item\":\"https:\\\/\\\/www.rmcr.org\\\/en\\\/\"},{\"@type\":\"ListItem\",\"position\":2,\"name\":\"Dos actuaciones en la Plaza de Toros de Ronda: piedra y barrera\"}]},{\"@type\":\"WebSite\",\"@id\":\"https:\\\/\\\/www.rmcr.org\\\/en\\\/#website\",\"url\":\"https:\\\/\\\/www.rmcr.org\\\/en\\\/\",\"name\":\"Real Maestranza de Caballer\u00eda de Ronda\",\"description\":\"Real Maestranza de Caballer\u00eda de Ronda\",\"publisher\":{\"@id\":\"https:\\\/\\\/www.rmcr.org\\\/en\\\/#organization\"},\"alternateName\":\"RMCR\",\"potentialAction\":[{\"@type\":\"SearchAction\",\"target\":{\"@type\":\"EntryPoint\",\"urlTemplate\":\"https:\\\/\\\/www.rmcr.org\\\/en\\\/?s={search_term_string}\"},\"query-input\":{\"@type\":\"PropertyValueSpecification\",\"valueRequired\":true,\"valueName\":\"search_term_string\"}}],\"inLanguage\":\"en-US\"},{\"@type\":\"Organization\",\"@id\":\"https:\\\/\\\/www.rmcr.org\\\/en\\\/#organization\",\"name\":\"Real Maestranza de Caballer\u00eda de Ronda\",\"alternateName\":\"RMR\",\"url\":\"https:\\\/\\\/www.rmcr.org\\\/en\\\/\",\"logo\":{\"@type\":\"ImageObject\",\"inLanguage\":\"en-US\",\"@id\":\"https:\\\/\\\/www.rmcr.org\\\/en\\\/#\\\/schema\\\/logo\\\/image\\\/\",\"url\":\"https:\\\/\\\/www.rmcr.org\\\/wp-content\\\/uploads\\\/2022\\\/07\\\/logo-rmr-blue.svg\",\"contentUrl\":\"https:\\\/\\\/www.rmcr.org\\\/wp-content\\\/uploads\\\/2022\\\/07\\\/logo-rmr-blue.svg\",\"width\":131,\"height\":129,\"caption\":\"Real Maestranza de Caballer\u00eda de Ronda\"},\"image\":{\"@id\":\"https:\\\/\\\/www.rmcr.org\\\/en\\\/#\\\/schema\\\/logo\\\/image\\\/\"},\"sameAs\":[\"https:\\\/\\\/www.facebook.com\\\/plazadetorosronda\",\"https:\\\/\\\/x.com\\\/PlazatorosRMR\",\"https:\\\/\\\/www.instagram.com\\\/realmaestranzaderonda\\\/\",\"https:\\\/\\\/www.youtube.com\\\/channel\\\/UCrbO5IUN-8v_QML739vM4zg\\\/videos\"]},{\"@type\":\"Person\",\"@id\":\"https:\\\/\\\/www.rmcr.org\\\/en\\\/#\\\/schema\\\/person\\\/7ddd0dafda7edd0e407157f93a56df4f\",\"name\":\"RMCR\",\"image\":{\"@type\":\"ImageObject\",\"inLanguage\":\"en-US\",\"@id\":\"https:\\\/\\\/secure.gravatar.com\\\/avatar\\\/adb75798b50800c24baa6a8706037b9469998c49eddeb95935f50f633cff80bb?s=96&d=mm&r=g\",\"url\":\"https:\\\/\\\/secure.gravatar.com\\\/avatar\\\/adb75798b50800c24baa6a8706037b9469998c49eddeb95935f50f633cff80bb?s=96&d=mm&r=g\",\"contentUrl\":\"https:\\\/\\\/secure.gravatar.com\\\/avatar\\\/adb75798b50800c24baa6a8706037b9469998c49eddeb95935f50f633cff80bb?s=96&d=mm&r=g\",\"caption\":\"RMCR\"},\"url\":\"https:\\\/\\\/www.rmcr.org\\\/en\\\/author\\\/bitniks77\\\/\"}]}<\/script>\n<!-- \/ Yoast SEO plugin. -->","yoast_head_json":{"title":"Dos actuaciones en la Plaza de Toros de Ronda: piedra y barrera - Real Maestranza de Caballer\u00eda de Ronda","robots":{"index":"index","follow":"follow","max-snippet":"max-snippet:-1","max-image-preview":"max-image-preview:large","max-video-preview":"max-video-preview:-1"},"canonical":"https:\/\/www.rmcr.org\/en\/2020\/06\/05\/dos-actuaciones-en-la-plaza-de-toros-de-ronda-piedra-y-barrera\/","og_locale":"en_US","og_type":"article","og_title":"Dos actuaciones en la Plaza de Toros de Ronda: piedra y barrera - Real Maestranza de Caballer\u00eda de Ronda","og_description":"En el marco del proyecto de Rehabilitaci\u00f3n del Conjunto de la Plaza de Toros de Ronda iniciado en 1977 por el estudio de arquitectura de Cristina Borrero y Mar\u00eda Caballos se cuentan dos interesantes actuaciones, vinculadas a la recuperaci\u00f3n de las se\u00f1as de identidad de la plaza y construcciones anexas, que merecen destacarse. Una de car\u00e1cter oculto, por as\u00ed decirlo, y otra que se destaca a simple vista. Son las referidas a la piedra, el material constructivo protagonista del monumento\u00a0 y que le confiere su particular personalidad y, por otro lado, a la barrera que circunda el ruedo.","og_url":"https:\/\/www.rmcr.org\/en\/2020\/06\/05\/dos-actuaciones-en-la-plaza-de-toros-de-ronda-piedra-y-barrera\/","og_site_name":"Real Maestranza de Caballer\u00eda de Ronda","article_publisher":"https:\/\/www.facebook.com\/plazadetorosronda","article_published_time":"2020-06-05T11:55:17+00:00","og_image":[{"width":482,"height":142,"url":"https:\/\/www.rmcr.org\/wp-content\/uploads\/2020\/06\/barrer.jpg","type":"image\/jpeg"}],"author":"RMCR","twitter_card":"summary_large_image","twitter_creator":"@PlazatorosRMR","twitter_site":"@PlazatorosRMR","twitter_misc":{"Written by":"RMCR","Est. reading time":"4 minutes"},"schema":{"@context":"https:\/\/schema.org","@graph":[{"@type":"Article","@id":"https:\/\/www.rmcr.org\/en\/2020\/06\/05\/dos-actuaciones-en-la-plaza-de-toros-de-ronda-piedra-y-barrera\/#article","isPartOf":{"@id":"https:\/\/www.rmcr.org\/en\/2020\/06\/05\/dos-actuaciones-en-la-plaza-de-toros-de-ronda-piedra-y-barrera\/"},"author":{"name":"RMCR","@id":"https:\/\/www.rmcr.org\/en\/#\/schema\/person\/7ddd0dafda7edd0e407157f93a56df4f"},"headline":"Dos actuaciones en la Plaza de Toros de Ronda: piedra y barrera","datePublished":"2020-06-05T11:55:17+00:00","mainEntityOfPage":{"@id":"https:\/\/www.rmcr.org\/en\/2020\/06\/05\/dos-actuaciones-en-la-plaza-de-toros-de-ronda-piedra-y-barrera\/"},"wordCount":873,"commentCount":0,"publisher":{"@id":"https:\/\/www.rmcr.org\/en\/#organization"},"image":{"@id":"https:\/\/www.rmcr.org\/en\/2020\/06\/05\/dos-actuaciones-en-la-plaza-de-toros-de-ronda-piedra-y-barrera\/#primaryimage"},"thumbnailUrl":"https:\/\/www.rmcr.org\/wp-content\/uploads\/2020\/06\/barrer.jpg","keywords":["Plaza de Toros de Ronda","Real Maestranza de Caballer\u00eda de Ronda","Restauraci\u00f3n","Ronda"],"articleSection":["Arquitectura","Conservaci\u00f3n","Plaza de Toros"],"inLanguage":"en-US","potentialAction":[{"@type":"CommentAction","name":"Comment","target":["https:\/\/www.rmcr.org\/en\/2020\/06\/05\/dos-actuaciones-en-la-plaza-de-toros-de-ronda-piedra-y-barrera\/#respond"]}]},{"@type":"WebPage","@id":"https:\/\/www.rmcr.org\/en\/2020\/06\/05\/dos-actuaciones-en-la-plaza-de-toros-de-ronda-piedra-y-barrera\/","url":"https:\/\/www.rmcr.org\/en\/2020\/06\/05\/dos-actuaciones-en-la-plaza-de-toros-de-ronda-piedra-y-barrera\/","name":"Dos actuaciones en la Plaza de Toros de Ronda: piedra y barrera - Real Maestranza de Caballer\u00eda de Ronda","isPartOf":{"@id":"https:\/\/www.rmcr.org\/en\/#website"},"primaryImageOfPage":{"@id":"https:\/\/www.rmcr.org\/en\/2020\/06\/05\/dos-actuaciones-en-la-plaza-de-toros-de-ronda-piedra-y-barrera\/#primaryimage"},"image":{"@id":"https:\/\/www.rmcr.org\/en\/2020\/06\/05\/dos-actuaciones-en-la-plaza-de-toros-de-ronda-piedra-y-barrera\/#primaryimage"},"thumbnailUrl":"https:\/\/www.rmcr.org\/wp-content\/uploads\/2020\/06\/barrer.jpg","datePublished":"2020-06-05T11:55:17+00:00","breadcrumb":{"@id":"https:\/\/www.rmcr.org\/en\/2020\/06\/05\/dos-actuaciones-en-la-plaza-de-toros-de-ronda-piedra-y-barrera\/#breadcrumb"},"inLanguage":"en-US","potentialAction":[{"@type":"ReadAction","target":["https:\/\/www.rmcr.org\/en\/2020\/06\/05\/dos-actuaciones-en-la-plaza-de-toros-de-ronda-piedra-y-barrera\/"]}]},{"@type":"ImageObject","inLanguage":"en-US","@id":"https:\/\/www.rmcr.org\/en\/2020\/06\/05\/dos-actuaciones-en-la-plaza-de-toros-de-ronda-piedra-y-barrera\/#primaryimage","url":"https:\/\/www.rmcr.org\/wp-content\/uploads\/2020\/06\/barrer.jpg","contentUrl":"https:\/\/www.rmcr.org\/wp-content\/uploads\/2020\/06\/barrer.jpg","width":482,"height":142,"caption":"RONDA, MALAGA, PLAZA DE TOROS DE LA REAL MAESTRANZA"},{"@type":"BreadcrumbList","@id":"https:\/\/www.rmcr.org\/en\/2020\/06\/05\/dos-actuaciones-en-la-plaza-de-toros-de-ronda-piedra-y-barrera\/#breadcrumb","itemListElement":[{"@type":"ListItem","position":1,"name":"REAL MAESTRANZA DE CABALLER\u00cdA DE RONDA","item":"https:\/\/www.rmcr.org\/en\/"},{"@type":"ListItem","position":2,"name":"Dos actuaciones en la Plaza de Toros de Ronda: piedra y barrera"}]},{"@type":"WebSite","@id":"https:\/\/www.rmcr.org\/en\/#website","url":"https:\/\/www.rmcr.org\/en\/","name":"Real Maestranza de Caballer\u00eda de Ronda","description":"Real Maestranza de Caballer\u00eda de Ronda","publisher":{"@id":"https:\/\/www.rmcr.org\/en\/#organization"},"alternateName":"RMCR","potentialAction":[{"@type":"SearchAction","target":{"@type":"EntryPoint","urlTemplate":"https:\/\/www.rmcr.org\/en\/?s={search_term_string}"},"query-input":{"@type":"PropertyValueSpecification","valueRequired":true,"valueName":"search_term_string"}}],"inLanguage":"en-US"},{"@type":"Organization","@id":"https:\/\/www.rmcr.org\/en\/#organization","name":"Real Maestranza de Caballer\u00eda de Ronda","alternateName":"RMR","url":"https:\/\/www.rmcr.org\/en\/","logo":{"@type":"ImageObject","inLanguage":"en-US","@id":"https:\/\/www.rmcr.org\/en\/#\/schema\/logo\/image\/","url":"https:\/\/www.rmcr.org\/wp-content\/uploads\/2022\/07\/logo-rmr-blue.svg","contentUrl":"https:\/\/www.rmcr.org\/wp-content\/uploads\/2022\/07\/logo-rmr-blue.svg","width":131,"height":129,"caption":"Real Maestranza de Caballer\u00eda de Ronda"},"image":{"@id":"https:\/\/www.rmcr.org\/en\/#\/schema\/logo\/image\/"},"sameAs":["https:\/\/www.facebook.com\/plazadetorosronda","https:\/\/x.com\/PlazatorosRMR","https:\/\/www.instagram.com\/realmaestranzaderonda\/","https:\/\/www.youtube.com\/channel\/UCrbO5IUN-8v_QML739vM4zg\/videos"]},{"@type":"Person","@id":"https:\/\/www.rmcr.org\/en\/#\/schema\/person\/7ddd0dafda7edd0e407157f93a56df4f","name":"RMCR","image":{"@type":"ImageObject","inLanguage":"en-US","@id":"https:\/\/secure.gravatar.com\/avatar\/adb75798b50800c24baa6a8706037b9469998c49eddeb95935f50f633cff80bb?s=96&d=mm&r=g","url":"https:\/\/secure.gravatar.com\/avatar\/adb75798b50800c24baa6a8706037b9469998c49eddeb95935f50f633cff80bb?s=96&d=mm&r=g","contentUrl":"https:\/\/secure.gravatar.com\/avatar\/adb75798b50800c24baa6a8706037b9469998c49eddeb95935f50f633cff80bb?s=96&d=mm&r=g","caption":"RMCR"},"url":"https:\/\/www.rmcr.org\/en\/author\/bitniks77\/"}]}},"_links":{"self":[{"href":"https:\/\/www.rmcr.org\/en\/wp-json\/wp\/v2\/posts\/7117","targetHints":{"allow":["GET"]}}],"collection":[{"href":"https:\/\/www.rmcr.org\/en\/wp-json\/wp\/v2\/posts"}],"about":[{"href":"https:\/\/www.rmcr.org\/en\/wp-json\/wp\/v2\/types\/post"}],"author":[{"embeddable":true,"href":"https:\/\/www.rmcr.org\/en\/wp-json\/wp\/v2\/users\/7"}],"replies":[{"embeddable":true,"href":"https:\/\/www.rmcr.org\/en\/wp-json\/wp\/v2\/comments?post=7117"}],"version-history":[{"count":0,"href":"https:\/\/www.rmcr.org\/en\/wp-json\/wp\/v2\/posts\/7117\/revisions"}],"wp:featuredmedia":[{"embeddable":true,"href":"https:\/\/www.rmcr.org\/en\/wp-json\/wp\/v2\/media\/7314"}],"wp:attachment":[{"href":"https:\/\/www.rmcr.org\/en\/wp-json\/wp\/v2\/media?parent=7117"}],"wp:term":[{"taxonomy":"category","embeddable":true,"href":"https:\/\/www.rmcr.org\/en\/wp-json\/wp\/v2\/categories?post=7117"},{"taxonomy":"post_tag","embeddable":true,"href":"https:\/\/www.rmcr.org\/en\/wp-json\/wp\/v2\/tags?post=7117"}],"curies":[{"name":"wp","href":"https:\/\/api.w.org\/{rel}","templated":true}]}}