{"id":7114,"date":"2020-05-26T10:32:50","date_gmt":"2020-05-26T10:32:50","guid":{"rendered":"https:\/\/www.rmcr.org\/?p=7114"},"modified":"2025-04-04T10:59:40","modified_gmt":"2025-04-04T10:59:40","slug":"david-seaton-en-la-coleccion-de-carteles-de-la-goyesca","status":"publish","type":"post","link":"https:\/\/www.rmcr.org\/en\/2020\/05\/26\/david-seaton-en-la-coleccion-de-carteles-de-la-goyesca\/","title":{"rendered":"David Seaton en la colecci\u00f3n de carteles de la Goyesca"},"content":{"rendered":"\n<p>La LXIII Tradicional Corrida Goyesca de Ronda, celebrada el 31 de agosto de 2019, estuvo protagonizada por \u00abMorante de la Puebla\u00bb y Pablo Aguado, con toros de Juan Pedro Domecq. El mano a mano inicialmente anunciado entre el primero de los anteriores y Andr\u00e9s Roca Rey no lleg\u00f3 a celebrarse por una lesi\u00f3n cervical del torero peruano.<\/p>\n<p>El autor del cartel anunciador de ese a\u00f1o fue el artista ingl\u00e9s David Seaton (Leeds, 1943), a qui\u00e9n la Real Maestranza de Caballer\u00eda de Ronda quiere agradecer la colaboraci\u00f3n prestada en esta entrada, al redactar el texto que se reproduce a continuaci\u00f3n, en el cual reflexiona sobre la obra que realiz\u00f3 para la ocasi\u00f3n.<\/p>\n<p style=\"text-align:center;\"><a href=\"https:\/\/www.rmcr.org\/wp-content\/uploads\/2020\/05\/goyesca-david-seaton.jpg\"><img fetchpriority=\"high\" decoding=\"async\" class=\"alignnone size-full wp-image-730\" src=\"https:\/\/www.rmcr.org\/wp-content\/uploads\/2020\/05\/goyesca-david-seaton.jpg\" alt=\"\" width=\"470\" height=\"686\" \/><\/a><\/p>\n<p style=\"text-align:center;\"><em>LXIII Tradicional Corrida Goyesca de Ronda, 2019, David Seaton<\/em><\/p>\n<p><strong>Dos carteles para la Goyesca 2019<\/strong><\/p>\n<p>\u00abAntes siquiera de comenzar los dise\u00f1os iniciales del cartel, habr\u00e9 pasado dos o tres semanas observando detenidamente los carteles anteriores de la Goyesca, y varias im\u00e1genes de toros. Las pinturas prehist\u00f3ricas de Altamira y Lascaux siempre me han fascinado, esos ojos de anta\u00f1o que vieron y las manos que dibujaron los poderosos uros, ya desaparecidos, con esos ocres, rojos y siena tostada utilizados, colores de la tierra que parecen no haber perdido su fuerza durante milenios.<\/p>\n\n\n\n<p>Consider\u00e9 en alg\u00fan momento hacer una imagen \u201cprehist\u00f3rica\u201d, pero pronto me decant\u00e9 por algo m\u00e1s contempor\u00e1neo, incluso caligr\u00e1fico. Una imagen que volv\u00eda a estudiar una y otra vez era <em>Study of a Bull<\/em>, la \u00faltima obra de Francis Bacon, recientemente descubierta. El toro de Bacon era diferente a cualquier concepto del animal que hubiera visto antes. No estalla de energ\u00eda ni fuerza, de hecho, apenas est\u00e1 presente. Es liminal, transparente como un sudario, atrapado en el punto entre la vida y la muerte. Y ah\u00ed est\u00e1 la composici\u00f3n. Mide sobre dos metros, pero Bacon utiliz\u00f3 tan solo un 30% del lienzo y dej\u00f3 la mayor parte sin pintar, en \u201ccrudo\u201d.<\/p>\n<p>Cuando Bacon pint\u00f3 su estudio de un toro, se estaba muriendo y \u00e9l lo sab\u00eda. <em>Study of a Bull<\/em> es un \u00faltimo autorretrato. Esta identificaci\u00f3n de Bacon con el animal moribundo me pareci\u00f3 muy conmovedora y convincente. Me inspir\u00f3 para comunicar esta trascendencia a trav\u00e9s del color y el gesto.<\/p>\n\n\n\n<p>Pero al principio, me encontr\u00e9 en un proceso bastante desalentador. Ten\u00eda claro que mi dise\u00f1o no se transformar\u00eda en una imagen \u00fanica, sino que quer\u00eda desarrollarlo en una serie, y as\u00ed ver c\u00f3mo evolucionaba a partir de varias pinturas o estudios. Y decid\u00ed que la forma del dise\u00f1o principal fuera la cabeza de toro, tradicional, s\u00ed, pero se trata de un <em>motif<\/em> que se relaciona con un amplio espectro de asociaciones, tanto antiguas como modernas.<\/p>\n\n\n\n<p>Decid\u00ed tambi\u00e9n reducir al m\u00ednimo otros contenidos secundarios y mantener el beige original del papel, incorpor\u00e1ndolo como parte de la imagen. Bajo la cabeza del toro pint\u00e9 un gran rect\u00e1ngulo de rojo bermell\u00f3n, el rojo del capote del torero. Quise que este encargo fuera parte de mi pr\u00e1ctica cotidiana y que pudiera seguir m\u00e1s all\u00e1 de la entrega del cartel. Habitualmente trabajo en series donde la \u00faltima obra se convierte en objeto de inicio de la siguiente. As\u00ed que durante dos meses realic\u00e9 una serie de pinturas de la cabeza de un toro negro.<\/p>\n\n\n\n<p>La siguiente tarea fue considerar el texto necesario y c\u00f3mo incorporarlo a mi dise\u00f1o (o viceversa). Al convertir mi dise\u00f1o en un cartel, me di cuenta de lo dif\u00edcil que resulta a\u00f1adir texto a una imagen y llegar a un resultado coherente. Intent\u00e9 un sinf\u00edn de corta y pega de mi dise\u00f1o pintado, y cuanto m\u00e1s lo trabajaba m\u00e1s lejos estaba de conseguir una imagen atractiva, e incluso aceptable.<\/p>\n<p style=\"text-align:center;\"><a href=\"https:\/\/www.rmcr.org\/wp-content\/uploads\/2020\/05\/goyesca-bis-david-seaton.jpg\"><img decoding=\"async\" class=\"size-full wp-image-740 aligncenter\" src=\"https:\/\/www.rmcr.org\/wp-content\/uploads\/2020\/05\/goyesca-bis-david-seaton.jpg\" alt=\"\" width=\"168\" height=\"300\" \/><\/a><\/p>\n<p style=\"text-align:center;\"><em>Toros en Ronda 2019. David Seaton. Colecci\u00f3n RMR<\/em><\/p>\n\n\n\n<p>As\u00ed que me decid\u00ed por cambiar de medio: de la pintura al collage. Mantuve la cabeza de toro negra y el rect\u00e1ngulo rojo bermell\u00f3n de la primera serie y los utilic\u00e9 como base o soporte para un nuevo <em>motif<\/em>. Fabriqu\u00e9 varias cabezas con papel rasgado y pintado usando el amarillo, violeta y rojo de los picadores y matadores. Luego coloqu\u00e9 la cabeza del toro sobre un z\u00f3calo rojo, como una escultura, y agregu\u00e9 el texto en l\u00edneas alternas de letras recortadas en negro y rojo. El resultado fue un dise\u00f1o que ten\u00eda como objetivo mantener el Toro como <em>motif<\/em> principal, con toda su <em>gravitas<\/em> antigua, al tiempo que le daba una idea de la energ\u00eda social interactiva que marca la Feria de Pedro Romero de hoy.\u00bb<\/p>\n\n\n\n<p><img decoding=\"async\" class=\"aligncenter wp-image-718 size-thumbnail\" src=\"https:\/\/www.rmcr.org\/wp-content\/uploads\/2020\/05\/16392-3508.jpg?w=111\" alt=\"\" width=\"111\" height=\"150\" \/><\/p>\n<p style=\"text-align:center;\"><em>Study of a Bull. Francis Bacon (1991). Colecci\u00f3n particular<\/em><\/p>\n<p style=\"text-align:center;\"><em><a href=\"https:\/\/www.guggenheim-bilbao.eus\/aprende\/mundo-escolar\/guias-para-educadores\/estudio-de-un-toro\">An\u00e1lisis de &#8220;Study of a Bull&#8221; en la web del Museo Guggenheim Bilbao<\/a><\/em><\/p>\n<p style=\"text-align:right;\"><em>David Seaton, abril 2020.<\/em><\/p>\n<p class=\"p3\">M\u00e1s informaci\u00f3n sobre la colecci\u00f3n: <a href=\"http:\/\/bit.ly\/RMR_Goyesca\"><span class=\"s1\">bit.ly\/RMR_Goyesca<\/span><\/a><\/p>\n<p class=\"p3\">Para contactar con el Museo: <a href=\"mailto:museo@realmaestranza.org\"><span class=\"s2\">museo@realmaestranza.org<\/span><\/a><\/p>\n","protected":false},"excerpt":{"rendered":"<p>La LXIII Tradicional Corrida Goyesca de Ronda, celebrada el 31 de agosto de 2019, estuvo protagonizada por \u00abMorante de la Puebla\u00bb y Pablo Aguado, con toros de Juan Pedro Domecq. El mano a mano inicialmente anunciado entre el primero de los anteriores y Andr\u00e9s Roca Rey no lleg\u00f3 a celebrarse por una lesi\u00f3n cervical del [&hellip;]<\/p>\n","protected":false},"author":5,"featured_media":7304,"comment_status":"open","ping_status":"open","sticky":false,"template":"","format":"standard","meta":{"footnotes":""},"categories":[272,275,36],"tags":[289,340,315,98],"class_list":["post-7114","post","type-post","status-publish","format-standard","has-post-thumbnail","hentry","category-colecciones-museisticas","category-goyesca","category-plaza-museo","tag-carteles","tag-david-seaton","tag-plaza-de-toros-de-ronda","tag-real-maestranza-de-caballeria-de-ronda"],"yoast_head":"<!-- This site is optimized with the Yoast SEO plugin v27.5 - https:\/\/yoast.com\/product\/yoast-seo-wordpress\/ -->\n<title>David Seaton en la colecci\u00f3n de carteles de la Goyesca - Real Maestranza de Caballer\u00eda de Ronda<\/title>\n<meta name=\"robots\" content=\"index, follow, max-snippet:-1, max-image-preview:large, max-video-preview:-1\" \/>\n<link rel=\"canonical\" href=\"https:\/\/www.rmcr.org\/en\/2020\/05\/26\/david-seaton-en-la-coleccion-de-carteles-de-la-goyesca\/\" \/>\n<meta property=\"og:locale\" content=\"en_US\" \/>\n<meta property=\"og:type\" content=\"article\" \/>\n<meta property=\"og:title\" content=\"David Seaton en la colecci\u00f3n de carteles de la Goyesca - Real Maestranza de Caballer\u00eda de Ronda\" \/>\n<meta property=\"og:description\" content=\"La LXIII Tradicional Corrida Goyesca de Ronda, celebrada el 31 de agosto de 2019, estuvo protagonizada por \u00abMorante de la Puebla\u00bb y Pablo Aguado, con toros de Juan Pedro Domecq. El mano a mano inicialmente anunciado entre el primero de los anteriores y Andr\u00e9s Roca Rey no lleg\u00f3 a celebrarse por una lesi\u00f3n cervical del [&hellip;]\" \/>\n<meta property=\"og:url\" content=\"https:\/\/www.rmcr.org\/en\/2020\/05\/26\/david-seaton-en-la-coleccion-de-carteles-de-la-goyesca\/\" \/>\n<meta property=\"og:site_name\" content=\"Real Maestranza de Caballer\u00eda de Ronda\" \/>\n<meta property=\"article:publisher\" content=\"https:\/\/www.facebook.com\/plazadetorosronda\" \/>\n<meta property=\"article:published_time\" content=\"2020-05-26T10:32:50+00:00\" \/>\n<meta property=\"article:modified_time\" content=\"2025-04-04T10:59:40+00:00\" \/>\n<meta property=\"og:image\" content=\"https:\/\/www.rmcr.org\/wp-content\/uploads\/2020\/05\/seato.jpg\" \/>\n\t<meta property=\"og:image:width\" content=\"482\" \/>\n\t<meta property=\"og:image:height\" content=\"142\" \/>\n\t<meta property=\"og:image:type\" content=\"image\/jpeg\" \/>\n<meta name=\"author\" content=\"MUSEO\" \/>\n<meta name=\"twitter:card\" content=\"summary_large_image\" \/>\n<meta name=\"twitter:creator\" content=\"@PlazatorosRMR\" \/>\n<meta name=\"twitter:site\" content=\"@PlazatorosRMR\" \/>\n<meta name=\"twitter:label1\" content=\"Written by\" \/>\n\t<meta name=\"twitter:data1\" content=\"MUSEO\" \/>\n\t<meta name=\"twitter:label2\" content=\"Est. reading time\" \/>\n\t<meta name=\"twitter:data2\" content=\"4 minutes\" \/>\n<script type=\"application\/ld+json\" class=\"yoast-schema-graph\">{\"@context\":\"https:\\\/\\\/schema.org\",\"@graph\":[{\"@type\":\"Article\",\"@id\":\"https:\\\/\\\/www.rmcr.org\\\/en\\\/2020\\\/05\\\/26\\\/david-seaton-en-la-coleccion-de-carteles-de-la-goyesca\\\/#article\",\"isPartOf\":{\"@id\":\"https:\\\/\\\/www.rmcr.org\\\/en\\\/2020\\\/05\\\/26\\\/david-seaton-en-la-coleccion-de-carteles-de-la-goyesca\\\/\"},\"author\":{\"name\":\"MUSEO\",\"@id\":\"https:\\\/\\\/www.rmcr.org\\\/en\\\/#\\\/schema\\\/person\\\/6e5eb50e802ff5f1419c0fea9935ae36\"},\"headline\":\"David Seaton en la colecci\u00f3n de carteles de la Goyesca\",\"datePublished\":\"2020-05-26T10:32:50+00:00\",\"dateModified\":\"2025-04-04T10:59:40+00:00\",\"mainEntityOfPage\":{\"@id\":\"https:\\\/\\\/www.rmcr.org\\\/en\\\/2020\\\/05\\\/26\\\/david-seaton-en-la-coleccion-de-carteles-de-la-goyesca\\\/\"},\"wordCount\":838,\"commentCount\":0,\"publisher\":{\"@id\":\"https:\\\/\\\/www.rmcr.org\\\/en\\\/#organization\"},\"image\":{\"@id\":\"https:\\\/\\\/www.rmcr.org\\\/en\\\/2020\\\/05\\\/26\\\/david-seaton-en-la-coleccion-de-carteles-de-la-goyesca\\\/#primaryimage\"},\"thumbnailUrl\":\"https:\\\/\\\/www.rmcr.org\\\/wp-content\\\/uploads\\\/2020\\\/05\\\/seato.jpg\",\"keywords\":[\"Carteles\",\"David Seaton\",\"Plaza de Toros de Ronda\",\"Real Maestranza de Caballer\u00eda de Ronda\"],\"articleSection\":[\"Colecciones muse\u00edsticas\",\"Goyesca\",\"Plaza y Museo\"],\"inLanguage\":\"en-US\",\"potentialAction\":[{\"@type\":\"CommentAction\",\"name\":\"Comment\",\"target\":[\"https:\\\/\\\/www.rmcr.org\\\/en\\\/2020\\\/05\\\/26\\\/david-seaton-en-la-coleccion-de-carteles-de-la-goyesca\\\/#respond\"]}]},{\"@type\":\"WebPage\",\"@id\":\"https:\\\/\\\/www.rmcr.org\\\/en\\\/2020\\\/05\\\/26\\\/david-seaton-en-la-coleccion-de-carteles-de-la-goyesca\\\/\",\"url\":\"https:\\\/\\\/www.rmcr.org\\\/en\\\/2020\\\/05\\\/26\\\/david-seaton-en-la-coleccion-de-carteles-de-la-goyesca\\\/\",\"name\":\"David Seaton en la colecci\u00f3n de carteles de la Goyesca - Real Maestranza de Caballer\u00eda de Ronda\",\"isPartOf\":{\"@id\":\"https:\\\/\\\/www.rmcr.org\\\/en\\\/#website\"},\"primaryImageOfPage\":{\"@id\":\"https:\\\/\\\/www.rmcr.org\\\/en\\\/2020\\\/05\\\/26\\\/david-seaton-en-la-coleccion-de-carteles-de-la-goyesca\\\/#primaryimage\"},\"image\":{\"@id\":\"https:\\\/\\\/www.rmcr.org\\\/en\\\/2020\\\/05\\\/26\\\/david-seaton-en-la-coleccion-de-carteles-de-la-goyesca\\\/#primaryimage\"},\"thumbnailUrl\":\"https:\\\/\\\/www.rmcr.org\\\/wp-content\\\/uploads\\\/2020\\\/05\\\/seato.jpg\",\"datePublished\":\"2020-05-26T10:32:50+00:00\",\"dateModified\":\"2025-04-04T10:59:40+00:00\",\"breadcrumb\":{\"@id\":\"https:\\\/\\\/www.rmcr.org\\\/en\\\/2020\\\/05\\\/26\\\/david-seaton-en-la-coleccion-de-carteles-de-la-goyesca\\\/#breadcrumb\"},\"inLanguage\":\"en-US\",\"potentialAction\":[{\"@type\":\"ReadAction\",\"target\":[\"https:\\\/\\\/www.rmcr.org\\\/en\\\/2020\\\/05\\\/26\\\/david-seaton-en-la-coleccion-de-carteles-de-la-goyesca\\\/\"]}]},{\"@type\":\"ImageObject\",\"inLanguage\":\"en-US\",\"@id\":\"https:\\\/\\\/www.rmcr.org\\\/en\\\/2020\\\/05\\\/26\\\/david-seaton-en-la-coleccion-de-carteles-de-la-goyesca\\\/#primaryimage\",\"url\":\"https:\\\/\\\/www.rmcr.org\\\/wp-content\\\/uploads\\\/2020\\\/05\\\/seato.jpg\",\"contentUrl\":\"https:\\\/\\\/www.rmcr.org\\\/wp-content\\\/uploads\\\/2020\\\/05\\\/seato.jpg\",\"width\":482,\"height\":142},{\"@type\":\"BreadcrumbList\",\"@id\":\"https:\\\/\\\/www.rmcr.org\\\/en\\\/2020\\\/05\\\/26\\\/david-seaton-en-la-coleccion-de-carteles-de-la-goyesca\\\/#breadcrumb\",\"itemListElement\":[{\"@type\":\"ListItem\",\"position\":1,\"name\":\"REAL MAESTRANZA DE CABALLER\u00cdA DE RONDA\",\"item\":\"https:\\\/\\\/www.rmcr.org\\\/en\\\/\"},{\"@type\":\"ListItem\",\"position\":2,\"name\":\"David Seaton en la colecci\u00f3n de carteles de la Goyesca\"}]},{\"@type\":\"WebSite\",\"@id\":\"https:\\\/\\\/www.rmcr.org\\\/en\\\/#website\",\"url\":\"https:\\\/\\\/www.rmcr.org\\\/en\\\/\",\"name\":\"Real Maestranza de Caballer\u00eda de Ronda\",\"description\":\"Real Maestranza de Caballer\u00eda de Ronda\",\"publisher\":{\"@id\":\"https:\\\/\\\/www.rmcr.org\\\/en\\\/#organization\"},\"alternateName\":\"RMCR\",\"potentialAction\":[{\"@type\":\"SearchAction\",\"target\":{\"@type\":\"EntryPoint\",\"urlTemplate\":\"https:\\\/\\\/www.rmcr.org\\\/en\\\/?s={search_term_string}\"},\"query-input\":{\"@type\":\"PropertyValueSpecification\",\"valueRequired\":true,\"valueName\":\"search_term_string\"}}],\"inLanguage\":\"en-US\"},{\"@type\":\"Organization\",\"@id\":\"https:\\\/\\\/www.rmcr.org\\\/en\\\/#organization\",\"name\":\"Real Maestranza de Caballer\u00eda de Ronda\",\"alternateName\":\"RMR\",\"url\":\"https:\\\/\\\/www.rmcr.org\\\/en\\\/\",\"logo\":{\"@type\":\"ImageObject\",\"inLanguage\":\"en-US\",\"@id\":\"https:\\\/\\\/www.rmcr.org\\\/en\\\/#\\\/schema\\\/logo\\\/image\\\/\",\"url\":\"https:\\\/\\\/www.rmcr.org\\\/wp-content\\\/uploads\\\/2022\\\/07\\\/logo-rmr-blue.svg\",\"contentUrl\":\"https:\\\/\\\/www.rmcr.org\\\/wp-content\\\/uploads\\\/2022\\\/07\\\/logo-rmr-blue.svg\",\"width\":131,\"height\":129,\"caption\":\"Real Maestranza de Caballer\u00eda de Ronda\"},\"image\":{\"@id\":\"https:\\\/\\\/www.rmcr.org\\\/en\\\/#\\\/schema\\\/logo\\\/image\\\/\"},\"sameAs\":[\"https:\\\/\\\/www.facebook.com\\\/plazadetorosronda\",\"https:\\\/\\\/x.com\\\/PlazatorosRMR\",\"https:\\\/\\\/www.instagram.com\\\/realmaestranzaderonda\\\/\",\"https:\\\/\\\/www.youtube.com\\\/channel\\\/UCrbO5IUN-8v_QML739vM4zg\\\/videos\"]},{\"@type\":\"Person\",\"@id\":\"https:\\\/\\\/www.rmcr.org\\\/en\\\/#\\\/schema\\\/person\\\/6e5eb50e802ff5f1419c0fea9935ae36\",\"name\":\"MUSEO\",\"image\":{\"@type\":\"ImageObject\",\"inLanguage\":\"en-US\",\"@id\":\"https:\\\/\\\/www.rmcr.org\\\/wp-content\\\/uploads\\\/2022\\\/11\\\/avatar-rmcr-96x96.png\",\"url\":\"https:\\\/\\\/www.rmcr.org\\\/wp-content\\\/uploads\\\/2022\\\/11\\\/avatar-rmcr-96x96.png\",\"contentUrl\":\"https:\\\/\\\/www.rmcr.org\\\/wp-content\\\/uploads\\\/2022\\\/11\\\/avatar-rmcr-96x96.png\",\"caption\":\"MUSEO\"},\"url\":\"https:\\\/\\\/www.rmcr.org\\\/en\\\/author\\\/miguel-angel-sanchez\\\/\"}]}<\/script>\n<!-- \/ Yoast SEO plugin. -->","yoast_head_json":{"title":"David Seaton en la colecci\u00f3n de carteles de la Goyesca - Real Maestranza de Caballer\u00eda de Ronda","robots":{"index":"index","follow":"follow","max-snippet":"max-snippet:-1","max-image-preview":"max-image-preview:large","max-video-preview":"max-video-preview:-1"},"canonical":"https:\/\/www.rmcr.org\/en\/2020\/05\/26\/david-seaton-en-la-coleccion-de-carteles-de-la-goyesca\/","og_locale":"en_US","og_type":"article","og_title":"David Seaton en la colecci\u00f3n de carteles de la Goyesca - Real Maestranza de Caballer\u00eda de Ronda","og_description":"La LXIII Tradicional Corrida Goyesca de Ronda, celebrada el 31 de agosto de 2019, estuvo protagonizada por \u00abMorante de la Puebla\u00bb y Pablo Aguado, con toros de Juan Pedro Domecq. El mano a mano inicialmente anunciado entre el primero de los anteriores y Andr\u00e9s Roca Rey no lleg\u00f3 a celebrarse por una lesi\u00f3n cervical del [&hellip;]","og_url":"https:\/\/www.rmcr.org\/en\/2020\/05\/26\/david-seaton-en-la-coleccion-de-carteles-de-la-goyesca\/","og_site_name":"Real Maestranza de Caballer\u00eda de Ronda","article_publisher":"https:\/\/www.facebook.com\/plazadetorosronda","article_published_time":"2020-05-26T10:32:50+00:00","article_modified_time":"2025-04-04T10:59:40+00:00","og_image":[{"width":482,"height":142,"url":"https:\/\/www.rmcr.org\/wp-content\/uploads\/2020\/05\/seato.jpg","type":"image\/jpeg"}],"author":"MUSEO","twitter_card":"summary_large_image","twitter_creator":"@PlazatorosRMR","twitter_site":"@PlazatorosRMR","twitter_misc":{"Written by":"MUSEO","Est. reading time":"4 minutes"},"schema":{"@context":"https:\/\/schema.org","@graph":[{"@type":"Article","@id":"https:\/\/www.rmcr.org\/en\/2020\/05\/26\/david-seaton-en-la-coleccion-de-carteles-de-la-goyesca\/#article","isPartOf":{"@id":"https:\/\/www.rmcr.org\/en\/2020\/05\/26\/david-seaton-en-la-coleccion-de-carteles-de-la-goyesca\/"},"author":{"name":"MUSEO","@id":"https:\/\/www.rmcr.org\/en\/#\/schema\/person\/6e5eb50e802ff5f1419c0fea9935ae36"},"headline":"David Seaton en la colecci\u00f3n de carteles de la Goyesca","datePublished":"2020-05-26T10:32:50+00:00","dateModified":"2025-04-04T10:59:40+00:00","mainEntityOfPage":{"@id":"https:\/\/www.rmcr.org\/en\/2020\/05\/26\/david-seaton-en-la-coleccion-de-carteles-de-la-goyesca\/"},"wordCount":838,"commentCount":0,"publisher":{"@id":"https:\/\/www.rmcr.org\/en\/#organization"},"image":{"@id":"https:\/\/www.rmcr.org\/en\/2020\/05\/26\/david-seaton-en-la-coleccion-de-carteles-de-la-goyesca\/#primaryimage"},"thumbnailUrl":"https:\/\/www.rmcr.org\/wp-content\/uploads\/2020\/05\/seato.jpg","keywords":["Carteles","David Seaton","Plaza de Toros de Ronda","Real Maestranza de Caballer\u00eda de Ronda"],"articleSection":["Colecciones muse\u00edsticas","Goyesca","Plaza y Museo"],"inLanguage":"en-US","potentialAction":[{"@type":"CommentAction","name":"Comment","target":["https:\/\/www.rmcr.org\/en\/2020\/05\/26\/david-seaton-en-la-coleccion-de-carteles-de-la-goyesca\/#respond"]}]},{"@type":"WebPage","@id":"https:\/\/www.rmcr.org\/en\/2020\/05\/26\/david-seaton-en-la-coleccion-de-carteles-de-la-goyesca\/","url":"https:\/\/www.rmcr.org\/en\/2020\/05\/26\/david-seaton-en-la-coleccion-de-carteles-de-la-goyesca\/","name":"David Seaton en la colecci\u00f3n de carteles de la Goyesca - Real Maestranza de Caballer\u00eda de Ronda","isPartOf":{"@id":"https:\/\/www.rmcr.org\/en\/#website"},"primaryImageOfPage":{"@id":"https:\/\/www.rmcr.org\/en\/2020\/05\/26\/david-seaton-en-la-coleccion-de-carteles-de-la-goyesca\/#primaryimage"},"image":{"@id":"https:\/\/www.rmcr.org\/en\/2020\/05\/26\/david-seaton-en-la-coleccion-de-carteles-de-la-goyesca\/#primaryimage"},"thumbnailUrl":"https:\/\/www.rmcr.org\/wp-content\/uploads\/2020\/05\/seato.jpg","datePublished":"2020-05-26T10:32:50+00:00","dateModified":"2025-04-04T10:59:40+00:00","breadcrumb":{"@id":"https:\/\/www.rmcr.org\/en\/2020\/05\/26\/david-seaton-en-la-coleccion-de-carteles-de-la-goyesca\/#breadcrumb"},"inLanguage":"en-US","potentialAction":[{"@type":"ReadAction","target":["https:\/\/www.rmcr.org\/en\/2020\/05\/26\/david-seaton-en-la-coleccion-de-carteles-de-la-goyesca\/"]}]},{"@type":"ImageObject","inLanguage":"en-US","@id":"https:\/\/www.rmcr.org\/en\/2020\/05\/26\/david-seaton-en-la-coleccion-de-carteles-de-la-goyesca\/#primaryimage","url":"https:\/\/www.rmcr.org\/wp-content\/uploads\/2020\/05\/seato.jpg","contentUrl":"https:\/\/www.rmcr.org\/wp-content\/uploads\/2020\/05\/seato.jpg","width":482,"height":142},{"@type":"BreadcrumbList","@id":"https:\/\/www.rmcr.org\/en\/2020\/05\/26\/david-seaton-en-la-coleccion-de-carteles-de-la-goyesca\/#breadcrumb","itemListElement":[{"@type":"ListItem","position":1,"name":"REAL MAESTRANZA DE CABALLER\u00cdA DE RONDA","item":"https:\/\/www.rmcr.org\/en\/"},{"@type":"ListItem","position":2,"name":"David Seaton en la colecci\u00f3n de carteles de la Goyesca"}]},{"@type":"WebSite","@id":"https:\/\/www.rmcr.org\/en\/#website","url":"https:\/\/www.rmcr.org\/en\/","name":"Real Maestranza de Caballer\u00eda de Ronda","description":"Real Maestranza de Caballer\u00eda de Ronda","publisher":{"@id":"https:\/\/www.rmcr.org\/en\/#organization"},"alternateName":"RMCR","potentialAction":[{"@type":"SearchAction","target":{"@type":"EntryPoint","urlTemplate":"https:\/\/www.rmcr.org\/en\/?s={search_term_string}"},"query-input":{"@type":"PropertyValueSpecification","valueRequired":true,"valueName":"search_term_string"}}],"inLanguage":"en-US"},{"@type":"Organization","@id":"https:\/\/www.rmcr.org\/en\/#organization","name":"Real Maestranza de Caballer\u00eda de Ronda","alternateName":"RMR","url":"https:\/\/www.rmcr.org\/en\/","logo":{"@type":"ImageObject","inLanguage":"en-US","@id":"https:\/\/www.rmcr.org\/en\/#\/schema\/logo\/image\/","url":"https:\/\/www.rmcr.org\/wp-content\/uploads\/2022\/07\/logo-rmr-blue.svg","contentUrl":"https:\/\/www.rmcr.org\/wp-content\/uploads\/2022\/07\/logo-rmr-blue.svg","width":131,"height":129,"caption":"Real Maestranza de Caballer\u00eda de Ronda"},"image":{"@id":"https:\/\/www.rmcr.org\/en\/#\/schema\/logo\/image\/"},"sameAs":["https:\/\/www.facebook.com\/plazadetorosronda","https:\/\/x.com\/PlazatorosRMR","https:\/\/www.instagram.com\/realmaestranzaderonda\/","https:\/\/www.youtube.com\/channel\/UCrbO5IUN-8v_QML739vM4zg\/videos"]},{"@type":"Person","@id":"https:\/\/www.rmcr.org\/en\/#\/schema\/person\/6e5eb50e802ff5f1419c0fea9935ae36","name":"MUSEO","image":{"@type":"ImageObject","inLanguage":"en-US","@id":"https:\/\/www.rmcr.org\/wp-content\/uploads\/2022\/11\/avatar-rmcr-96x96.png","url":"https:\/\/www.rmcr.org\/wp-content\/uploads\/2022\/11\/avatar-rmcr-96x96.png","contentUrl":"https:\/\/www.rmcr.org\/wp-content\/uploads\/2022\/11\/avatar-rmcr-96x96.png","caption":"MUSEO"},"url":"https:\/\/www.rmcr.org\/en\/author\/miguel-angel-sanchez\/"}]}},"_links":{"self":[{"href":"https:\/\/www.rmcr.org\/en\/wp-json\/wp\/v2\/posts\/7114","targetHints":{"allow":["GET"]}}],"collection":[{"href":"https:\/\/www.rmcr.org\/en\/wp-json\/wp\/v2\/posts"}],"about":[{"href":"https:\/\/www.rmcr.org\/en\/wp-json\/wp\/v2\/types\/post"}],"author":[{"embeddable":true,"href":"https:\/\/www.rmcr.org\/en\/wp-json\/wp\/v2\/users\/5"}],"replies":[{"embeddable":true,"href":"https:\/\/www.rmcr.org\/en\/wp-json\/wp\/v2\/comments?post=7114"}],"version-history":[{"count":1,"href":"https:\/\/www.rmcr.org\/en\/wp-json\/wp\/v2\/posts\/7114\/revisions"}],"predecessor-version":[{"id":22631,"href":"https:\/\/www.rmcr.org\/en\/wp-json\/wp\/v2\/posts\/7114\/revisions\/22631"}],"wp:featuredmedia":[{"embeddable":true,"href":"https:\/\/www.rmcr.org\/en\/wp-json\/wp\/v2\/media\/7304"}],"wp:attachment":[{"href":"https:\/\/www.rmcr.org\/en\/wp-json\/wp\/v2\/media?parent=7114"}],"wp:term":[{"taxonomy":"category","embeddable":true,"href":"https:\/\/www.rmcr.org\/en\/wp-json\/wp\/v2\/categories?post=7114"},{"taxonomy":"post_tag","embeddable":true,"href":"https:\/\/www.rmcr.org\/en\/wp-json\/wp\/v2\/tags?post=7114"}],"curies":[{"name":"wp","href":"https:\/\/api.w.org\/{rel}","templated":true}]}}