{"id":7108,"date":"2020-05-01T11:32:44","date_gmt":"2020-05-01T11:32:44","guid":{"rendered":"https:\/\/www.rmcr.org\/?p=7108"},"modified":"2023-02-13T12:55:50","modified_gmt":"2023-02-13T12:55:50","slug":"picadero-de-la-escuela-de-equitacion-de-la-real-maestranza-de-caballeria-de-ronda","status":"publish","type":"post","link":"https:\/\/www.rmcr.org\/en\/2020\/05\/01\/picadero-de-la-escuela-de-equitacion-de-la-real-maestranza-de-caballeria-de-ronda\/","title":{"rendered":"Picadero de la Escuela de Equitaci\u00f3n de la Real Maestranza de Caballer\u00eda de Ronda"},"content":{"rendered":"\t\t<div data-elementor-type=\"wp-post\" data-elementor-id=\"7108\" class=\"elementor elementor-7108\" data-elementor-post-type=\"post\">\n\t\t\t\t\t\t<section class=\"elementor-section elementor-top-section elementor-element elementor-element-506f44a2 elementor-section-boxed elementor-section-height-default elementor-section-height-default\" data-id=\"506f44a2\" data-element_type=\"section\" data-e-type=\"section\">\n\t\t\t\t\t\t<div class=\"elementor-container elementor-column-gap-default\">\n\t\t\t\t\t<div class=\"elementor-column elementor-col-100 elementor-top-column elementor-element elementor-element-68efe8d7\" data-id=\"68efe8d7\" data-element_type=\"column\" data-e-type=\"column\">\n\t\t\t<div class=\"elementor-widget-wrap elementor-element-populated\">\n\t\t\t\t\t\t<div class=\"elementor-element elementor-element-701d1339 elementor-widget elementor-widget-text-editor\" data-id=\"701d1339\" data-element_type=\"widget\" data-e-type=\"widget\" data-widget_type=\"text-editor.default\">\n\t\t\t\t<div class=\"elementor-widget-container\">\n\t\t\t\t\t\t\t\t\t<p style=\"text-align: center;\">\u00a0<\/p><p><img fetchpriority=\"high\" decoding=\"async\" class=\"wp-image-10074 size-full aligncenter\" src=\"https:\/\/www.rmcr.org\/wp-content\/uploads\/2020\/05\/picadero-1-1.jpg\" alt=\"\" width=\"500\" height=\"281\" srcset=\"https:\/\/www.rmcr.org\/wp-content\/uploads\/2020\/05\/picadero-1-1.jpg 500w, https:\/\/www.rmcr.org\/wp-content\/uploads\/2020\/05\/picadero-1-1-300x169.jpg 300w\" sizes=\"(max-width: 500px) 100vw, 500px\" \/><\/p><p style=\"text-align: center;\"><em>Picadero de la Escuela de Equitaci\u00f3n. Foto Juan Jes\u00fas Pan. Archivo fotogr\u00e1fico RMR<\/em><\/p><p>En el \u00e1rea de visita que ofrece la Real Maestranza de Caballer\u00eda de Ronda, junto a su Plaza de Toros y salas muse\u00edsticas, se incluye el Picadero de su Escuela de Equitaci\u00f3n. Cuando la instituci\u00f3n nace en 1573 bajo el nombre de Cofrad\u00eda del Esp\u00edritu Santo, enseguida se establecen disposiciones y ordenanzas para la cr\u00eda y conservaci\u00f3n de caballos para la guerra y la ense\u00f1anza de la monta a la jineta o gineta. Maestranza es sin\u00f3nimo de escuela. Es por tanto la escuela m\u00e1s antigua de Espa\u00f1a y la segunda de Europa, creada solo un a\u00f1o despu\u00e9s de la famosa Escuela Espa\u00f1ola de Equitaci\u00f3n de Viena.<\/p><p><img decoding=\"async\" class=\"wp-image-10076 size-full aligncenter\" src=\"https:\/\/www.rmcr.org\/wp-content\/uploads\/2020\/05\/picadero-2.jpg\" alt=\"\" width=\"500\" height=\"371\" srcset=\"https:\/\/www.rmcr.org\/wp-content\/uploads\/2020\/05\/picadero-2.jpg 500w, https:\/\/www.rmcr.org\/wp-content\/uploads\/2020\/05\/picadero-2-300x223.jpg 300w\" sizes=\"(max-width: 500px) 100vw, 500px\" \/><\/p><p style=\"text-align: center;\"><em>Alumnos de la Escuela ejercit\u00e1ndose en el Picadero. Foto Juan Jes\u00fas Pan. Archivo fotogr\u00e1fico RMR<\/em><\/p><p>\u00a0<\/p><p style=\"text-align: left;\">El recinto de estilo dieciochesco del Picadero tiene 46,23 m de largo por 22,59 m de ancho, con la cubierta decorada con los escudos de armas de las familias maestrantes. Dispone de dos galer\u00edas elevadas desde las que el p\u00fablico puede observar en ocasiones las evoluciones y ejercicios de los alumnos, generalmente sobre caballos espa\u00f1oles de pura raza, en la disciplina de doma cl\u00e1sica. Este espacio se complementa con las instalaciones que la Escuela tiene cerca de los Ba\u00f1os \u00c1rabes junto a las murallas de Ronda. Centro de equitaci\u00f3n de los m\u00e1s prestigiosos y exigentes de Espa\u00f1a, que imparte clases para futuros profesionales.<\/p><p style=\"text-align: center;\">\u00a0<\/p><p><img decoding=\"async\" class=\"wp-image-10024 size-full aligncenter\" src=\"https:\/\/www.rmcr.org\/wp-content\/uploads\/2020\/05\/galeria.jpg\" alt=\"\" width=\"500\" height=\"412\" srcset=\"https:\/\/www.rmcr.org\/wp-content\/uploads\/2020\/05\/galeria.jpg 500w, https:\/\/www.rmcr.org\/wp-content\/uploads\/2020\/05\/galeria-300x247.jpg 300w\" sizes=\"(max-width: 500px) 100vw, 500px\" \/><\/p><p style=\"text-align: center;\"><em>Perspectiva de la Galer\u00eda Ecuestre. Foto Juan Jes\u00fas Pan. Archivo fotogr\u00e1fico RMR<\/em><\/p><p>En las dos galer\u00edas se disponen cinco paneles ilustrados que ofrecen informaci\u00f3n sobre el origen de la equitaci\u00f3n, las particularidades del caso espa\u00f1ol en esta disciplina, una relaci\u00f3n de los maestros, tratadistas y escuelas hist\u00f3ricas principales, as\u00ed como las especificidades y bondades del caballo espa\u00f1ol, del que William Cavendisch, duque de Newcastle (1592-1676), dijo: \u201cEs el caballo m\u00e1s noble del mundo, el m\u00e1s hermoso que pueda ser. Es de un gran esp\u00edritu y de gran valor y d\u00f3cil, tiene el paso m\u00e1s soberbio, el trote m\u00e1s orgulloso, el galope m\u00e1s altivo y es el m\u00e1s apropiado para un rey en su d\u00eda de triunfo\u201d.<\/p><p style=\"text-align: center;\">\u00a0<\/p><p><img loading=\"lazy\" decoding=\"async\" class=\"aligncenter wp-image-10062 size-full\" src=\"https:\/\/www.rmcr.org\/wp-content\/uploads\/2020\/05\/panel-e-m.jpg\" alt=\"\" width=\"500\" height=\"314\" srcset=\"https:\/\/www.rmcr.org\/wp-content\/uploads\/2020\/05\/panel-e-m.jpg 500w, https:\/\/www.rmcr.org\/wp-content\/uploads\/2020\/05\/panel-e-m-300x188.jpg 300w\" sizes=\"(max-width: 500px) 100vw, 500px\" \/><\/p><p style=\"text-align: center;\"><em><a href=\"https:\/\/www.rmcr.org\/wp-content\/uploads\/2020\/05\/panel-escuelas-maestros.pdf\" target=\"_blank\" rel=\"noopener\">Descargar el panel &#8220;Escuelas y maestros&#8221; en formato pdf (2,42 Mb)<\/a><\/em><\/p><p>\u00a0<\/p><p>Como elemento especial, en la galer\u00eda superior se expone la r\u00e9plica de la parte frontal de una pieza que forma parte del conjunto de esculturas ib\u00e9ricas de Porcuna, cuyos originales se exhiben en el Museo \u00cdbero de Ja\u00e9n. El estilo se sit\u00faa entre el per\u00edodo final de la escultura griega arcaica y el principio del per\u00edodo cl\u00e1sico.<\/p><p><img loading=\"lazy\" decoding=\"async\" class=\"wp-image-10046 size-full aligncenter\" src=\"https:\/\/www.rmcr.org\/wp-content\/uploads\/2020\/05\/jinete-iberico.jpg\" alt=\"\" width=\"500\" height=\"444\" srcset=\"https:\/\/www.rmcr.org\/wp-content\/uploads\/2020\/05\/jinete-iberico.jpg 500w, https:\/\/www.rmcr.org\/wp-content\/uploads\/2020\/05\/jinete-iberico-300x266.jpg 300w\" sizes=\"(max-width: 500px) 100vw, 500px\" \/><\/p><p style=\"text-align: center;\"><em>R\u00e9plica del jinete del Museo \u00cdbero. Archivo fotogr\u00e1fico RMR<\/em><\/p><p>El nombre de la pieza es \u201cJinete ib\u00e9rico desmontado atravesando con su lanza al enemigo ca\u00eddo\u201d. Representa a un guerrero noble que va al combate montado, y que al llegar al campo de batalla, baja de su montura y lucha a pie. Pertenece a un tiempo en el que el caballo era m\u00e1s una posesi\u00f3n de prestigio que un elemento t\u00e1ctico de combate.<\/p>\t\t\t\t\t\t\t\t<\/div>\n\t\t\t\t<\/div>\n\t\t\t\t\t<\/div>\n\t\t<\/div>\n\t\t\t\t\t<\/div>\n\t\t<\/section>\n\t\t\t\t<\/div>\n\t\t","protected":false},"excerpt":{"rendered":"<p>\u00a0 Picadero de la Escuela de Equitaci\u00f3n. Foto Juan Jes\u00fas Pan. Archivo fotogr\u00e1fico RMR En el \u00e1rea de visita que ofrece la Real Maestranza de Caballer\u00eda de Ronda, junto a su Plaza de Toros y salas muse\u00edsticas, se incluye el Picadero de su Escuela de Equitaci\u00f3n. Cuando la instituci\u00f3n nace en 1573 bajo el nombre [&hellip;]<\/p>\n","protected":false},"author":7,"featured_media":7273,"comment_status":"open","ping_status":"open","sticky":false,"template":"","format":"standard","meta":{"footnotes":""},"categories":[280,277],"tags":[331,332,315,98],"class_list":["post-7108","post","type-post","status-publish","format-standard","has-post-thumbnail","hentry","category-arquitectura","category-plaza-de-toros","tag-escuela-de-equitacion","tag-picadero","tag-plaza-de-toros-de-ronda","tag-real-maestranza-de-caballeria-de-ronda"],"yoast_head":"<!-- This site is optimized with the Yoast SEO plugin v27.5 - https:\/\/yoast.com\/product\/yoast-seo-wordpress\/ -->\n<title>Picadero de la Escuela de Equitaci\u00f3n de la Real Maestranza de Caballer\u00eda de Ronda - Real Maestranza de Caballer\u00eda de Ronda<\/title>\n<meta name=\"robots\" content=\"index, follow, max-snippet:-1, max-image-preview:large, max-video-preview:-1\" \/>\n<link rel=\"canonical\" href=\"https:\/\/www.rmcr.org\/en\/2020\/05\/01\/picadero-de-la-escuela-de-equitacion-de-la-real-maestranza-de-caballeria-de-ronda\/\" \/>\n<meta property=\"og:locale\" content=\"en_US\" \/>\n<meta property=\"og:type\" content=\"article\" \/>\n<meta property=\"og:title\" content=\"Picadero de la Escuela de Equitaci\u00f3n de la Real Maestranza de Caballer\u00eda de Ronda - Real Maestranza de Caballer\u00eda de Ronda\" \/>\n<meta property=\"og:description\" content=\"\u00a0 Picadero de la Escuela de Equitaci\u00f3n. Foto Juan Jes\u00fas Pan. Archivo fotogr\u00e1fico RMR En el \u00e1rea de visita que ofrece la Real Maestranza de Caballer\u00eda de Ronda, junto a su Plaza de Toros y salas muse\u00edsticas, se incluye el Picadero de su Escuela de Equitaci\u00f3n. Cuando la instituci\u00f3n nace en 1573 bajo el nombre [&hellip;]\" \/>\n<meta property=\"og:url\" content=\"https:\/\/www.rmcr.org\/en\/2020\/05\/01\/picadero-de-la-escuela-de-equitacion-de-la-real-maestranza-de-caballeria-de-ronda\/\" \/>\n<meta property=\"og:site_name\" content=\"Real Maestranza de Caballer\u00eda de Ronda\" \/>\n<meta property=\"article:publisher\" content=\"https:\/\/www.facebook.com\/plazadetorosronda\" \/>\n<meta property=\"article:published_time\" content=\"2020-05-01T11:32:44+00:00\" \/>\n<meta property=\"article:modified_time\" content=\"2023-02-13T12:55:50+00:00\" \/>\n<meta property=\"og:image\" content=\"https:\/\/www.rmcr.org\/wp-content\/uploads\/2020\/05\/picad.jpg\" \/>\n\t<meta property=\"og:image:width\" content=\"482\" \/>\n\t<meta property=\"og:image:height\" content=\"142\" \/>\n\t<meta property=\"og:image:type\" content=\"image\/jpeg\" \/>\n<meta name=\"author\" content=\"RMCR\" \/>\n<meta name=\"twitter:card\" content=\"summary_large_image\" \/>\n<meta name=\"twitter:creator\" content=\"@PlazatorosRMR\" \/>\n<meta name=\"twitter:site\" content=\"@PlazatorosRMR\" \/>\n<meta name=\"twitter:label1\" content=\"Written by\" \/>\n\t<meta name=\"twitter:data1\" content=\"RMCR\" \/>\n\t<meta name=\"twitter:label2\" content=\"Est. reading time\" \/>\n\t<meta name=\"twitter:data2\" content=\"3 minutes\" \/>\n<script type=\"application\/ld+json\" class=\"yoast-schema-graph\">{\"@context\":\"https:\\\/\\\/schema.org\",\"@graph\":[{\"@type\":\"Article\",\"@id\":\"https:\\\/\\\/www.rmcr.org\\\/en\\\/2020\\\/05\\\/01\\\/picadero-de-la-escuela-de-equitacion-de-la-real-maestranza-de-caballeria-de-ronda\\\/#article\",\"isPartOf\":{\"@id\":\"https:\\\/\\\/www.rmcr.org\\\/en\\\/2020\\\/05\\\/01\\\/picadero-de-la-escuela-de-equitacion-de-la-real-maestranza-de-caballeria-de-ronda\\\/\"},\"author\":{\"name\":\"RMCR\",\"@id\":\"https:\\\/\\\/www.rmcr.org\\\/en\\\/#\\\/schema\\\/person\\\/7ddd0dafda7edd0e407157f93a56df4f\"},\"headline\":\"Picadero de la Escuela de Equitaci\u00f3n de la Real Maestranza de Caballer\u00eda de Ronda\",\"datePublished\":\"2020-05-01T11:32:44+00:00\",\"dateModified\":\"2023-02-13T12:55:50+00:00\",\"mainEntityOfPage\":{\"@id\":\"https:\\\/\\\/www.rmcr.org\\\/en\\\/2020\\\/05\\\/01\\\/picadero-de-la-escuela-de-equitacion-de-la-real-maestranza-de-caballeria-de-ronda\\\/\"},\"wordCount\":569,\"commentCount\":0,\"publisher\":{\"@id\":\"https:\\\/\\\/www.rmcr.org\\\/en\\\/#organization\"},\"image\":{\"@id\":\"https:\\\/\\\/www.rmcr.org\\\/en\\\/2020\\\/05\\\/01\\\/picadero-de-la-escuela-de-equitacion-de-la-real-maestranza-de-caballeria-de-ronda\\\/#primaryimage\"},\"thumbnailUrl\":\"https:\\\/\\\/www.rmcr.org\\\/wp-content\\\/uploads\\\/2020\\\/05\\\/picad.jpg\",\"keywords\":[\"Escuela de equitaci\u00f3n\",\"Picadero\",\"Plaza de Toros de Ronda\",\"Real Maestranza de Caballer\u00eda de Ronda\"],\"articleSection\":[\"Arquitectura\",\"Plaza de Toros\"],\"inLanguage\":\"en-US\",\"potentialAction\":[{\"@type\":\"CommentAction\",\"name\":\"Comment\",\"target\":[\"https:\\\/\\\/www.rmcr.org\\\/en\\\/2020\\\/05\\\/01\\\/picadero-de-la-escuela-de-equitacion-de-la-real-maestranza-de-caballeria-de-ronda\\\/#respond\"]}]},{\"@type\":\"WebPage\",\"@id\":\"https:\\\/\\\/www.rmcr.org\\\/en\\\/2020\\\/05\\\/01\\\/picadero-de-la-escuela-de-equitacion-de-la-real-maestranza-de-caballeria-de-ronda\\\/\",\"url\":\"https:\\\/\\\/www.rmcr.org\\\/en\\\/2020\\\/05\\\/01\\\/picadero-de-la-escuela-de-equitacion-de-la-real-maestranza-de-caballeria-de-ronda\\\/\",\"name\":\"Picadero de la Escuela de Equitaci\u00f3n de la Real Maestranza de Caballer\u00eda de Ronda - Real Maestranza de Caballer\u00eda de Ronda\",\"isPartOf\":{\"@id\":\"https:\\\/\\\/www.rmcr.org\\\/en\\\/#website\"},\"primaryImageOfPage\":{\"@id\":\"https:\\\/\\\/www.rmcr.org\\\/en\\\/2020\\\/05\\\/01\\\/picadero-de-la-escuela-de-equitacion-de-la-real-maestranza-de-caballeria-de-ronda\\\/#primaryimage\"},\"image\":{\"@id\":\"https:\\\/\\\/www.rmcr.org\\\/en\\\/2020\\\/05\\\/01\\\/picadero-de-la-escuela-de-equitacion-de-la-real-maestranza-de-caballeria-de-ronda\\\/#primaryimage\"},\"thumbnailUrl\":\"https:\\\/\\\/www.rmcr.org\\\/wp-content\\\/uploads\\\/2020\\\/05\\\/picad.jpg\",\"datePublished\":\"2020-05-01T11:32:44+00:00\",\"dateModified\":\"2023-02-13T12:55:50+00:00\",\"breadcrumb\":{\"@id\":\"https:\\\/\\\/www.rmcr.org\\\/en\\\/2020\\\/05\\\/01\\\/picadero-de-la-escuela-de-equitacion-de-la-real-maestranza-de-caballeria-de-ronda\\\/#breadcrumb\"},\"inLanguage\":\"en-US\",\"potentialAction\":[{\"@type\":\"ReadAction\",\"target\":[\"https:\\\/\\\/www.rmcr.org\\\/en\\\/2020\\\/05\\\/01\\\/picadero-de-la-escuela-de-equitacion-de-la-real-maestranza-de-caballeria-de-ronda\\\/\"]}]},{\"@type\":\"ImageObject\",\"inLanguage\":\"en-US\",\"@id\":\"https:\\\/\\\/www.rmcr.org\\\/en\\\/2020\\\/05\\\/01\\\/picadero-de-la-escuela-de-equitacion-de-la-real-maestranza-de-caballeria-de-ronda\\\/#primaryimage\",\"url\":\"https:\\\/\\\/www.rmcr.org\\\/wp-content\\\/uploads\\\/2020\\\/05\\\/picad.jpg\",\"contentUrl\":\"https:\\\/\\\/www.rmcr.org\\\/wp-content\\\/uploads\\\/2020\\\/05\\\/picad.jpg\",\"width\":482,\"height\":142},{\"@type\":\"BreadcrumbList\",\"@id\":\"https:\\\/\\\/www.rmcr.org\\\/en\\\/2020\\\/05\\\/01\\\/picadero-de-la-escuela-de-equitacion-de-la-real-maestranza-de-caballeria-de-ronda\\\/#breadcrumb\",\"itemListElement\":[{\"@type\":\"ListItem\",\"position\":1,\"name\":\"REAL MAESTRANZA DE CABALLER\u00cdA DE RONDA\",\"item\":\"https:\\\/\\\/www.rmcr.org\\\/en\\\/\"},{\"@type\":\"ListItem\",\"position\":2,\"name\":\"Picadero de la Escuela de Equitaci\u00f3n de la Real Maestranza de Caballer\u00eda de Ronda\"}]},{\"@type\":\"WebSite\",\"@id\":\"https:\\\/\\\/www.rmcr.org\\\/en\\\/#website\",\"url\":\"https:\\\/\\\/www.rmcr.org\\\/en\\\/\",\"name\":\"Real Maestranza de Caballer\u00eda de Ronda\",\"description\":\"Real Maestranza de Caballer\u00eda de Ronda\",\"publisher\":{\"@id\":\"https:\\\/\\\/www.rmcr.org\\\/en\\\/#organization\"},\"alternateName\":\"RMCR\",\"potentialAction\":[{\"@type\":\"SearchAction\",\"target\":{\"@type\":\"EntryPoint\",\"urlTemplate\":\"https:\\\/\\\/www.rmcr.org\\\/en\\\/?s={search_term_string}\"},\"query-input\":{\"@type\":\"PropertyValueSpecification\",\"valueRequired\":true,\"valueName\":\"search_term_string\"}}],\"inLanguage\":\"en-US\"},{\"@type\":\"Organization\",\"@id\":\"https:\\\/\\\/www.rmcr.org\\\/en\\\/#organization\",\"name\":\"Real Maestranza de Caballer\u00eda de Ronda\",\"alternateName\":\"RMR\",\"url\":\"https:\\\/\\\/www.rmcr.org\\\/en\\\/\",\"logo\":{\"@type\":\"ImageObject\",\"inLanguage\":\"en-US\",\"@id\":\"https:\\\/\\\/www.rmcr.org\\\/en\\\/#\\\/schema\\\/logo\\\/image\\\/\",\"url\":\"https:\\\/\\\/www.rmcr.org\\\/wp-content\\\/uploads\\\/2022\\\/07\\\/logo-rmr-blue.svg\",\"contentUrl\":\"https:\\\/\\\/www.rmcr.org\\\/wp-content\\\/uploads\\\/2022\\\/07\\\/logo-rmr-blue.svg\",\"width\":131,\"height\":129,\"caption\":\"Real Maestranza de Caballer\u00eda de Ronda\"},\"image\":{\"@id\":\"https:\\\/\\\/www.rmcr.org\\\/en\\\/#\\\/schema\\\/logo\\\/image\\\/\"},\"sameAs\":[\"https:\\\/\\\/www.facebook.com\\\/plazadetorosronda\",\"https:\\\/\\\/x.com\\\/PlazatorosRMR\",\"https:\\\/\\\/www.instagram.com\\\/realmaestranzaderonda\\\/\",\"https:\\\/\\\/www.youtube.com\\\/channel\\\/UCrbO5IUN-8v_QML739vM4zg\\\/videos\"]},{\"@type\":\"Person\",\"@id\":\"https:\\\/\\\/www.rmcr.org\\\/en\\\/#\\\/schema\\\/person\\\/7ddd0dafda7edd0e407157f93a56df4f\",\"name\":\"RMCR\",\"image\":{\"@type\":\"ImageObject\",\"inLanguage\":\"en-US\",\"@id\":\"https:\\\/\\\/secure.gravatar.com\\\/avatar\\\/adb75798b50800c24baa6a8706037b9469998c49eddeb95935f50f633cff80bb?s=96&d=mm&r=g\",\"url\":\"https:\\\/\\\/secure.gravatar.com\\\/avatar\\\/adb75798b50800c24baa6a8706037b9469998c49eddeb95935f50f633cff80bb?s=96&d=mm&r=g\",\"contentUrl\":\"https:\\\/\\\/secure.gravatar.com\\\/avatar\\\/adb75798b50800c24baa6a8706037b9469998c49eddeb95935f50f633cff80bb?s=96&d=mm&r=g\",\"caption\":\"RMCR\"},\"url\":\"https:\\\/\\\/www.rmcr.org\\\/en\\\/author\\\/bitniks77\\\/\"}]}<\/script>\n<!-- \/ Yoast SEO plugin. -->","yoast_head_json":{"title":"Picadero de la Escuela de Equitaci\u00f3n de la Real Maestranza de Caballer\u00eda de Ronda - Real Maestranza de Caballer\u00eda de Ronda","robots":{"index":"index","follow":"follow","max-snippet":"max-snippet:-1","max-image-preview":"max-image-preview:large","max-video-preview":"max-video-preview:-1"},"canonical":"https:\/\/www.rmcr.org\/en\/2020\/05\/01\/picadero-de-la-escuela-de-equitacion-de-la-real-maestranza-de-caballeria-de-ronda\/","og_locale":"en_US","og_type":"article","og_title":"Picadero de la Escuela de Equitaci\u00f3n de la Real Maestranza de Caballer\u00eda de Ronda - Real Maestranza de Caballer\u00eda de Ronda","og_description":"\u00a0 Picadero de la Escuela de Equitaci\u00f3n. Foto Juan Jes\u00fas Pan. Archivo fotogr\u00e1fico RMR En el \u00e1rea de visita que ofrece la Real Maestranza de Caballer\u00eda de Ronda, junto a su Plaza de Toros y salas muse\u00edsticas, se incluye el Picadero de su Escuela de Equitaci\u00f3n. Cuando la instituci\u00f3n nace en 1573 bajo el nombre [&hellip;]","og_url":"https:\/\/www.rmcr.org\/en\/2020\/05\/01\/picadero-de-la-escuela-de-equitacion-de-la-real-maestranza-de-caballeria-de-ronda\/","og_site_name":"Real Maestranza de Caballer\u00eda de Ronda","article_publisher":"https:\/\/www.facebook.com\/plazadetorosronda","article_published_time":"2020-05-01T11:32:44+00:00","article_modified_time":"2023-02-13T12:55:50+00:00","og_image":[{"width":482,"height":142,"url":"https:\/\/www.rmcr.org\/wp-content\/uploads\/2020\/05\/picad.jpg","type":"image\/jpeg"}],"author":"RMCR","twitter_card":"summary_large_image","twitter_creator":"@PlazatorosRMR","twitter_site":"@PlazatorosRMR","twitter_misc":{"Written by":"RMCR","Est. reading time":"3 minutes"},"schema":{"@context":"https:\/\/schema.org","@graph":[{"@type":"Article","@id":"https:\/\/www.rmcr.org\/en\/2020\/05\/01\/picadero-de-la-escuela-de-equitacion-de-la-real-maestranza-de-caballeria-de-ronda\/#article","isPartOf":{"@id":"https:\/\/www.rmcr.org\/en\/2020\/05\/01\/picadero-de-la-escuela-de-equitacion-de-la-real-maestranza-de-caballeria-de-ronda\/"},"author":{"name":"RMCR","@id":"https:\/\/www.rmcr.org\/en\/#\/schema\/person\/7ddd0dafda7edd0e407157f93a56df4f"},"headline":"Picadero de la Escuela de Equitaci\u00f3n de la Real Maestranza de Caballer\u00eda de Ronda","datePublished":"2020-05-01T11:32:44+00:00","dateModified":"2023-02-13T12:55:50+00:00","mainEntityOfPage":{"@id":"https:\/\/www.rmcr.org\/en\/2020\/05\/01\/picadero-de-la-escuela-de-equitacion-de-la-real-maestranza-de-caballeria-de-ronda\/"},"wordCount":569,"commentCount":0,"publisher":{"@id":"https:\/\/www.rmcr.org\/en\/#organization"},"image":{"@id":"https:\/\/www.rmcr.org\/en\/2020\/05\/01\/picadero-de-la-escuela-de-equitacion-de-la-real-maestranza-de-caballeria-de-ronda\/#primaryimage"},"thumbnailUrl":"https:\/\/www.rmcr.org\/wp-content\/uploads\/2020\/05\/picad.jpg","keywords":["Escuela de equitaci\u00f3n","Picadero","Plaza de Toros de Ronda","Real Maestranza de Caballer\u00eda de Ronda"],"articleSection":["Arquitectura","Plaza de Toros"],"inLanguage":"en-US","potentialAction":[{"@type":"CommentAction","name":"Comment","target":["https:\/\/www.rmcr.org\/en\/2020\/05\/01\/picadero-de-la-escuela-de-equitacion-de-la-real-maestranza-de-caballeria-de-ronda\/#respond"]}]},{"@type":"WebPage","@id":"https:\/\/www.rmcr.org\/en\/2020\/05\/01\/picadero-de-la-escuela-de-equitacion-de-la-real-maestranza-de-caballeria-de-ronda\/","url":"https:\/\/www.rmcr.org\/en\/2020\/05\/01\/picadero-de-la-escuela-de-equitacion-de-la-real-maestranza-de-caballeria-de-ronda\/","name":"Picadero de la Escuela de Equitaci\u00f3n de la Real Maestranza de Caballer\u00eda de Ronda - Real Maestranza de Caballer\u00eda de Ronda","isPartOf":{"@id":"https:\/\/www.rmcr.org\/en\/#website"},"primaryImageOfPage":{"@id":"https:\/\/www.rmcr.org\/en\/2020\/05\/01\/picadero-de-la-escuela-de-equitacion-de-la-real-maestranza-de-caballeria-de-ronda\/#primaryimage"},"image":{"@id":"https:\/\/www.rmcr.org\/en\/2020\/05\/01\/picadero-de-la-escuela-de-equitacion-de-la-real-maestranza-de-caballeria-de-ronda\/#primaryimage"},"thumbnailUrl":"https:\/\/www.rmcr.org\/wp-content\/uploads\/2020\/05\/picad.jpg","datePublished":"2020-05-01T11:32:44+00:00","dateModified":"2023-02-13T12:55:50+00:00","breadcrumb":{"@id":"https:\/\/www.rmcr.org\/en\/2020\/05\/01\/picadero-de-la-escuela-de-equitacion-de-la-real-maestranza-de-caballeria-de-ronda\/#breadcrumb"},"inLanguage":"en-US","potentialAction":[{"@type":"ReadAction","target":["https:\/\/www.rmcr.org\/en\/2020\/05\/01\/picadero-de-la-escuela-de-equitacion-de-la-real-maestranza-de-caballeria-de-ronda\/"]}]},{"@type":"ImageObject","inLanguage":"en-US","@id":"https:\/\/www.rmcr.org\/en\/2020\/05\/01\/picadero-de-la-escuela-de-equitacion-de-la-real-maestranza-de-caballeria-de-ronda\/#primaryimage","url":"https:\/\/www.rmcr.org\/wp-content\/uploads\/2020\/05\/picad.jpg","contentUrl":"https:\/\/www.rmcr.org\/wp-content\/uploads\/2020\/05\/picad.jpg","width":482,"height":142},{"@type":"BreadcrumbList","@id":"https:\/\/www.rmcr.org\/en\/2020\/05\/01\/picadero-de-la-escuela-de-equitacion-de-la-real-maestranza-de-caballeria-de-ronda\/#breadcrumb","itemListElement":[{"@type":"ListItem","position":1,"name":"REAL MAESTRANZA DE CABALLER\u00cdA DE RONDA","item":"https:\/\/www.rmcr.org\/en\/"},{"@type":"ListItem","position":2,"name":"Picadero de la Escuela de Equitaci\u00f3n de la Real Maestranza de Caballer\u00eda de Ronda"}]},{"@type":"WebSite","@id":"https:\/\/www.rmcr.org\/en\/#website","url":"https:\/\/www.rmcr.org\/en\/","name":"Real Maestranza de Caballer\u00eda de Ronda","description":"Real Maestranza de Caballer\u00eda de Ronda","publisher":{"@id":"https:\/\/www.rmcr.org\/en\/#organization"},"alternateName":"RMCR","potentialAction":[{"@type":"SearchAction","target":{"@type":"EntryPoint","urlTemplate":"https:\/\/www.rmcr.org\/en\/?s={search_term_string}"},"query-input":{"@type":"PropertyValueSpecification","valueRequired":true,"valueName":"search_term_string"}}],"inLanguage":"en-US"},{"@type":"Organization","@id":"https:\/\/www.rmcr.org\/en\/#organization","name":"Real Maestranza de Caballer\u00eda de Ronda","alternateName":"RMR","url":"https:\/\/www.rmcr.org\/en\/","logo":{"@type":"ImageObject","inLanguage":"en-US","@id":"https:\/\/www.rmcr.org\/en\/#\/schema\/logo\/image\/","url":"https:\/\/www.rmcr.org\/wp-content\/uploads\/2022\/07\/logo-rmr-blue.svg","contentUrl":"https:\/\/www.rmcr.org\/wp-content\/uploads\/2022\/07\/logo-rmr-blue.svg","width":131,"height":129,"caption":"Real Maestranza de Caballer\u00eda de Ronda"},"image":{"@id":"https:\/\/www.rmcr.org\/en\/#\/schema\/logo\/image\/"},"sameAs":["https:\/\/www.facebook.com\/plazadetorosronda","https:\/\/x.com\/PlazatorosRMR","https:\/\/www.instagram.com\/realmaestranzaderonda\/","https:\/\/www.youtube.com\/channel\/UCrbO5IUN-8v_QML739vM4zg\/videos"]},{"@type":"Person","@id":"https:\/\/www.rmcr.org\/en\/#\/schema\/person\/7ddd0dafda7edd0e407157f93a56df4f","name":"RMCR","image":{"@type":"ImageObject","inLanguage":"en-US","@id":"https:\/\/secure.gravatar.com\/avatar\/adb75798b50800c24baa6a8706037b9469998c49eddeb95935f50f633cff80bb?s=96&d=mm&r=g","url":"https:\/\/secure.gravatar.com\/avatar\/adb75798b50800c24baa6a8706037b9469998c49eddeb95935f50f633cff80bb?s=96&d=mm&r=g","contentUrl":"https:\/\/secure.gravatar.com\/avatar\/adb75798b50800c24baa6a8706037b9469998c49eddeb95935f50f633cff80bb?s=96&d=mm&r=g","caption":"RMCR"},"url":"https:\/\/www.rmcr.org\/en\/author\/bitniks77\/"}]}},"_links":{"self":[{"href":"https:\/\/www.rmcr.org\/en\/wp-json\/wp\/v2\/posts\/7108","targetHints":{"allow":["GET"]}}],"collection":[{"href":"https:\/\/www.rmcr.org\/en\/wp-json\/wp\/v2\/posts"}],"about":[{"href":"https:\/\/www.rmcr.org\/en\/wp-json\/wp\/v2\/types\/post"}],"author":[{"embeddable":true,"href":"https:\/\/www.rmcr.org\/en\/wp-json\/wp\/v2\/users\/7"}],"replies":[{"embeddable":true,"href":"https:\/\/www.rmcr.org\/en\/wp-json\/wp\/v2\/comments?post=7108"}],"version-history":[{"count":33,"href":"https:\/\/www.rmcr.org\/en\/wp-json\/wp\/v2\/posts\/7108\/revisions"}],"predecessor-version":[{"id":15302,"href":"https:\/\/www.rmcr.org\/en\/wp-json\/wp\/v2\/posts\/7108\/revisions\/15302"}],"wp:featuredmedia":[{"embeddable":true,"href":"https:\/\/www.rmcr.org\/en\/wp-json\/wp\/v2\/media\/7273"}],"wp:attachment":[{"href":"https:\/\/www.rmcr.org\/en\/wp-json\/wp\/v2\/media?parent=7108"}],"wp:term":[{"taxonomy":"category","embeddable":true,"href":"https:\/\/www.rmcr.org\/en\/wp-json\/wp\/v2\/categories?post=7108"},{"taxonomy":"post_tag","embeddable":true,"href":"https:\/\/www.rmcr.org\/en\/wp-json\/wp\/v2\/tags?post=7108"}],"curies":[{"name":"wp","href":"https:\/\/api.w.org\/{rel}","templated":true}]}}