{"id":7106,"date":"2020-05-05T10:23:21","date_gmt":"2020-05-05T10:23:21","guid":{"rendered":"https:\/\/www.rmcr.org\/?p=7106"},"modified":"2020-05-05T10:23:21","modified_gmt":"2020-05-05T10:23:21","slug":"ricardo-cadenas-en-la-coleccion-de-carteles-de-la-goyesca","status":"publish","type":"post","link":"https:\/\/www.rmcr.org\/en\/2020\/05\/05\/ricardo-cadenas-en-la-coleccion-de-carteles-de-la-goyesca\/","title":{"rendered":"Ricardo Cadenas en la colecci\u00f3n de carteles de la Goyesca"},"content":{"rendered":"<p>La LIII Tradicional Corrida Goyesca de Ronda, celebrada el 5 de septiembre de 2009, estuvo protagonizada por Jos\u00e9 Mar\u00eda Manzanares, Miguel \u00c1ngel Perera y Cayetano, lidi\u00e1ndose toros de la ganader\u00eda de Luis Algarra.<\/p>\n<p>El autor del cartel anunciador de ese a\u00f1o fue el dibujante y pintor Ricardo Cadenas (Sevilla, 1960), a qui\u00e9n la Real Maestranza de Caballer\u00eda de Ronda quiere agradecer la colaboraci\u00f3n prestada en esta entrada, al redactar el texto que se reproduce a continuaci\u00f3n, en el cual reflexiona sobre la obra que realiz\u00f3 para la ocasi\u00f3n.<\/p>\n<p style=\"text-align:center;\"><a href=\"https:\/\/www.rmcr.org\/wp-content\/uploads\/2020\/05\/rmr-ricardo-cadenas.jpg\"><img fetchpriority=\"high\" decoding=\"async\" class=\"alignnone size-full wp-image-620\" src=\"https:\/\/www.rmcr.org\/wp-content\/uploads\/2020\/05\/rmr-ricardo-cadenas.jpg\" alt=\"\" width=\"450\" height=\"644\" \/><\/a><\/p>\n<p style=\"text-align:center;\"><em>LIII Tradicional Corrida Goyesca de Ronda, 2009, Ricardo Cadenas<\/em><\/p>\n<p>&#8220;Algunas ciudades tienen la capacidad, con s\u00f3lo decir su nombre, de desencadenar en nosotros un aluvi\u00f3n de sensaciones que, a veces est\u00e1n relacionadas con experiencias vividas en ellas, y otras, la mayor\u00eda, con im\u00e1genes que hemos ido tejiendo subjetivamente. Im\u00e1genes que son fruto en parte de los recuerdos, pero tambi\u00e9n de nuestros sue\u00f1os.<\/p>\n<p>S\u00f3lo he estado en Ronda en dos o tres ocasiones. Ha sido poco tiempo, pero el suficiente para que despu\u00e9s de pasear por sus calles, contemplar un paisaje \u00fanico, admirar la luz sobre flores y edificios, haya podido reunir material suficiente para completar mi \u00abidea\u00bb\u00a0de la ciudad.<\/p>\n<p>Un lugar de una belleza indescriptible, envuelto en un halo rom\u00e1ntico (para el poeta Rilke, Ronda supuso el sosiego que reclamaban su esp\u00edritu y su atormentado deambular por toda Europa), y en cuyo pasado sobresalen los h\u00e9roes de la Tauromaquia; Pedro Romero, Cayetano Ord\u00f3\u00f1ez \u00abNi\u00f1o de la Palma\u00bb<em>,<\/em> y sobre todo, Antonio Ord\u00f3\u00f1ez, figura legendaria cuyo recuerdo se agiganta con el tiempo en la memoria de los aficionados.<\/p>\n<p>A principios del a\u00f1o 2009, la Real Maestranza de Caballer\u00eda de Ronda me encarg\u00f3 el cartel anunciador de la Goyesca de ese a\u00f1o. Me sent\u00ed muy afortunado, y sin dudarlo, me propuse un homenaje al maestro Ord\u00f3\u00f1ez. Para ello busqu\u00e9 las fuentes en fotograf\u00edas en que su rostro apareciese con claridad. Me interesaba una imagen de torero todav\u00eda joven, en su momento de mayor esplendor, y con ese aura caracter\u00edstica de las figuras de \u00e9poca. Encontr\u00e9 muchas.<\/p>\n<p>La realizaci\u00f3n del original fue un trabajo hecho a l\u00e1piz sobre el que apliqu\u00e9 una capa suave de color, utilizando \u00f3leo.<\/p>\n<p>Con respecto a la composici\u00f3n y al contenido, tuve bastante claro desde el principio la referencia al toreo de capa. Yo hab\u00eda o\u00eddo siempre en mi casa, a mi padre, que era un aficionado muy exigente, hablar del embrujo, y a la vez, del poder de Ord\u00f3\u00f1ez con el capote.<\/p>\n<p>El resultado final presenta una imagen del maestro Antonio Ord\u00f3\u00f1ez agarrando el capote por la esclavina, y con una mirada entre sabia y expectante, observando el comportamiento del toro.&#8221;<\/p>\n<p style=\"text-align:right;\"><em>Ricardo Cadenas, abril 2020<\/em><\/p>\n<p class=\"p3\">M\u00e1s informaci\u00f3n:\u00a0<a href=\"http:\/\/bit.ly\/RMR_Goyesca\"><span class=\"s1\">bit.ly\/RMR_Goyesca<\/span><\/a><\/p>\n<p class=\"p3\">Para contactar con el Museo:\u00a0<a href=\"mailto:museo@realmaestranza.org\"><span class=\"s2\">museo@realmaestranza.org<\/span><\/a><\/p>\n","protected":false},"excerpt":{"rendered":"<p>La LIII Tradicional Corrida Goyesca de Ronda, celebrada el 5 de septiembre de 2009, estuvo protagonizada por Jos\u00e9 Mar\u00eda Manzanares, Miguel \u00c1ngel Perera y Cayetano, lidi\u00e1ndose toros de la ganader\u00eda de Luis Algarra. El autor del cartel anunciador de ese a\u00f1o fue el dibujante y pintor Ricardo Cadenas (Sevilla, 1960), a qui\u00e9n la Real Maestranza [&hellip;]<\/p>\n","protected":false},"author":7,"featured_media":7275,"comment_status":"open","ping_status":"open","sticky":false,"template":"","format":"standard","meta":{"footnotes":""},"categories":[272,275],"tags":[289,315,98,329],"class_list":["post-7106","post","type-post","status-publish","format-standard","has-post-thumbnail","hentry","category-colecciones-museisticas","category-goyesca","tag-carteles","tag-plaza-de-toros-de-ronda","tag-real-maestranza-de-caballeria-de-ronda","tag-ricardo-cadenas"],"yoast_head":"<!-- This site is optimized with the Yoast SEO plugin v27.5 - https:\/\/yoast.com\/product\/yoast-seo-wordpress\/ -->\n<title>Ricardo Cadenas en la colecci\u00f3n de carteles de la Goyesca - Real Maestranza de Caballer\u00eda de Ronda<\/title>\n<meta name=\"robots\" content=\"index, follow, max-snippet:-1, max-image-preview:large, max-video-preview:-1\" \/>\n<link rel=\"canonical\" href=\"https:\/\/www.rmcr.org\/en\/2020\/05\/05\/ricardo-cadenas-en-la-coleccion-de-carteles-de-la-goyesca\/\" \/>\n<meta property=\"og:locale\" content=\"en_US\" \/>\n<meta property=\"og:type\" content=\"article\" \/>\n<meta property=\"og:title\" content=\"Ricardo Cadenas en la colecci\u00f3n de carteles de la Goyesca - Real Maestranza de Caballer\u00eda de Ronda\" \/>\n<meta property=\"og:description\" content=\"La LIII Tradicional Corrida Goyesca de Ronda, celebrada el 5 de septiembre de 2009, estuvo protagonizada por Jos\u00e9 Mar\u00eda Manzanares, Miguel \u00c1ngel Perera y Cayetano, lidi\u00e1ndose toros de la ganader\u00eda de Luis Algarra. El autor del cartel anunciador de ese a\u00f1o fue el dibujante y pintor Ricardo Cadenas (Sevilla, 1960), a qui\u00e9n la Real Maestranza [&hellip;]\" \/>\n<meta property=\"og:url\" content=\"https:\/\/www.rmcr.org\/en\/2020\/05\/05\/ricardo-cadenas-en-la-coleccion-de-carteles-de-la-goyesca\/\" \/>\n<meta property=\"og:site_name\" content=\"Real Maestranza de Caballer\u00eda de Ronda\" \/>\n<meta property=\"article:publisher\" content=\"https:\/\/www.facebook.com\/plazadetorosronda\" \/>\n<meta property=\"article:published_time\" content=\"2020-05-05T10:23:21+00:00\" \/>\n<meta property=\"og:image\" content=\"https:\/\/www.rmcr.org\/wp-content\/uploads\/2020\/05\/caden.jpg\" \/>\n\t<meta property=\"og:image:width\" content=\"482\" \/>\n\t<meta property=\"og:image:height\" content=\"144\" \/>\n\t<meta property=\"og:image:type\" content=\"image\/jpeg\" \/>\n<meta name=\"author\" content=\"RMCR\" \/>\n<meta name=\"twitter:card\" content=\"summary_large_image\" \/>\n<meta name=\"twitter:creator\" content=\"@PlazatorosRMR\" \/>\n<meta name=\"twitter:site\" content=\"@PlazatorosRMR\" \/>\n<meta name=\"twitter:label1\" content=\"Written by\" \/>\n\t<meta name=\"twitter:data1\" content=\"RMCR\" \/>\n\t<meta name=\"twitter:label2\" content=\"Est. reading time\" \/>\n\t<meta name=\"twitter:data2\" content=\"2 minutes\" \/>\n<script type=\"application\/ld+json\" class=\"yoast-schema-graph\">{\"@context\":\"https:\\\/\\\/schema.org\",\"@graph\":[{\"@type\":\"Article\",\"@id\":\"https:\\\/\\\/www.rmcr.org\\\/en\\\/2020\\\/05\\\/05\\\/ricardo-cadenas-en-la-coleccion-de-carteles-de-la-goyesca\\\/#article\",\"isPartOf\":{\"@id\":\"https:\\\/\\\/www.rmcr.org\\\/en\\\/2020\\\/05\\\/05\\\/ricardo-cadenas-en-la-coleccion-de-carteles-de-la-goyesca\\\/\"},\"author\":{\"name\":\"RMCR\",\"@id\":\"https:\\\/\\\/www.rmcr.org\\\/en\\\/#\\\/schema\\\/person\\\/7ddd0dafda7edd0e407157f93a56df4f\"},\"headline\":\"Ricardo Cadenas en la colecci\u00f3n de carteles de la Goyesca\",\"datePublished\":\"2020-05-05T10:23:21+00:00\",\"mainEntityOfPage\":{\"@id\":\"https:\\\/\\\/www.rmcr.org\\\/en\\\/2020\\\/05\\\/05\\\/ricardo-cadenas-en-la-coleccion-de-carteles-de-la-goyesca\\\/\"},\"wordCount\":507,\"commentCount\":0,\"publisher\":{\"@id\":\"https:\\\/\\\/www.rmcr.org\\\/en\\\/#organization\"},\"image\":{\"@id\":\"https:\\\/\\\/www.rmcr.org\\\/en\\\/2020\\\/05\\\/05\\\/ricardo-cadenas-en-la-coleccion-de-carteles-de-la-goyesca\\\/#primaryimage\"},\"thumbnailUrl\":\"https:\\\/\\\/www.rmcr.org\\\/wp-content\\\/uploads\\\/2020\\\/05\\\/caden.jpg\",\"keywords\":[\"Carteles\",\"Plaza de Toros de Ronda\",\"Real Maestranza de Caballer\u00eda de Ronda\",\"Ricardo Cadenas\"],\"articleSection\":[\"Colecciones muse\u00edsticas\",\"Goyesca\"],\"inLanguage\":\"en-US\",\"potentialAction\":[{\"@type\":\"CommentAction\",\"name\":\"Comment\",\"target\":[\"https:\\\/\\\/www.rmcr.org\\\/en\\\/2020\\\/05\\\/05\\\/ricardo-cadenas-en-la-coleccion-de-carteles-de-la-goyesca\\\/#respond\"]}]},{\"@type\":\"WebPage\",\"@id\":\"https:\\\/\\\/www.rmcr.org\\\/en\\\/2020\\\/05\\\/05\\\/ricardo-cadenas-en-la-coleccion-de-carteles-de-la-goyesca\\\/\",\"url\":\"https:\\\/\\\/www.rmcr.org\\\/en\\\/2020\\\/05\\\/05\\\/ricardo-cadenas-en-la-coleccion-de-carteles-de-la-goyesca\\\/\",\"name\":\"Ricardo Cadenas en la colecci\u00f3n de carteles de la Goyesca - Real Maestranza de Caballer\u00eda de Ronda\",\"isPartOf\":{\"@id\":\"https:\\\/\\\/www.rmcr.org\\\/en\\\/#website\"},\"primaryImageOfPage\":{\"@id\":\"https:\\\/\\\/www.rmcr.org\\\/en\\\/2020\\\/05\\\/05\\\/ricardo-cadenas-en-la-coleccion-de-carteles-de-la-goyesca\\\/#primaryimage\"},\"image\":{\"@id\":\"https:\\\/\\\/www.rmcr.org\\\/en\\\/2020\\\/05\\\/05\\\/ricardo-cadenas-en-la-coleccion-de-carteles-de-la-goyesca\\\/#primaryimage\"},\"thumbnailUrl\":\"https:\\\/\\\/www.rmcr.org\\\/wp-content\\\/uploads\\\/2020\\\/05\\\/caden.jpg\",\"datePublished\":\"2020-05-05T10:23:21+00:00\",\"breadcrumb\":{\"@id\":\"https:\\\/\\\/www.rmcr.org\\\/en\\\/2020\\\/05\\\/05\\\/ricardo-cadenas-en-la-coleccion-de-carteles-de-la-goyesca\\\/#breadcrumb\"},\"inLanguage\":\"en-US\",\"potentialAction\":[{\"@type\":\"ReadAction\",\"target\":[\"https:\\\/\\\/www.rmcr.org\\\/en\\\/2020\\\/05\\\/05\\\/ricardo-cadenas-en-la-coleccion-de-carteles-de-la-goyesca\\\/\"]}]},{\"@type\":\"ImageObject\",\"inLanguage\":\"en-US\",\"@id\":\"https:\\\/\\\/www.rmcr.org\\\/en\\\/2020\\\/05\\\/05\\\/ricardo-cadenas-en-la-coleccion-de-carteles-de-la-goyesca\\\/#primaryimage\",\"url\":\"https:\\\/\\\/www.rmcr.org\\\/wp-content\\\/uploads\\\/2020\\\/05\\\/caden.jpg\",\"contentUrl\":\"https:\\\/\\\/www.rmcr.org\\\/wp-content\\\/uploads\\\/2020\\\/05\\\/caden.jpg\",\"width\":482,\"height\":144},{\"@type\":\"BreadcrumbList\",\"@id\":\"https:\\\/\\\/www.rmcr.org\\\/en\\\/2020\\\/05\\\/05\\\/ricardo-cadenas-en-la-coleccion-de-carteles-de-la-goyesca\\\/#breadcrumb\",\"itemListElement\":[{\"@type\":\"ListItem\",\"position\":1,\"name\":\"REAL MAESTRANZA DE CABALLER\u00cdA DE RONDA\",\"item\":\"https:\\\/\\\/www.rmcr.org\\\/en\\\/\"},{\"@type\":\"ListItem\",\"position\":2,\"name\":\"Ricardo Cadenas en la colecci\u00f3n de carteles de la Goyesca\"}]},{\"@type\":\"WebSite\",\"@id\":\"https:\\\/\\\/www.rmcr.org\\\/en\\\/#website\",\"url\":\"https:\\\/\\\/www.rmcr.org\\\/en\\\/\",\"name\":\"Real Maestranza de Caballer\u00eda de Ronda\",\"description\":\"Real Maestranza de Caballer\u00eda de Ronda\",\"publisher\":{\"@id\":\"https:\\\/\\\/www.rmcr.org\\\/en\\\/#organization\"},\"alternateName\":\"RMCR\",\"potentialAction\":[{\"@type\":\"SearchAction\",\"target\":{\"@type\":\"EntryPoint\",\"urlTemplate\":\"https:\\\/\\\/www.rmcr.org\\\/en\\\/?s={search_term_string}\"},\"query-input\":{\"@type\":\"PropertyValueSpecification\",\"valueRequired\":true,\"valueName\":\"search_term_string\"}}],\"inLanguage\":\"en-US\"},{\"@type\":\"Organization\",\"@id\":\"https:\\\/\\\/www.rmcr.org\\\/en\\\/#organization\",\"name\":\"Real Maestranza de Caballer\u00eda de Ronda\",\"alternateName\":\"RMR\",\"url\":\"https:\\\/\\\/www.rmcr.org\\\/en\\\/\",\"logo\":{\"@type\":\"ImageObject\",\"inLanguage\":\"en-US\",\"@id\":\"https:\\\/\\\/www.rmcr.org\\\/en\\\/#\\\/schema\\\/logo\\\/image\\\/\",\"url\":\"https:\\\/\\\/www.rmcr.org\\\/wp-content\\\/uploads\\\/2022\\\/07\\\/logo-rmr-blue.svg\",\"contentUrl\":\"https:\\\/\\\/www.rmcr.org\\\/wp-content\\\/uploads\\\/2022\\\/07\\\/logo-rmr-blue.svg\",\"width\":131,\"height\":129,\"caption\":\"Real Maestranza de Caballer\u00eda de Ronda\"},\"image\":{\"@id\":\"https:\\\/\\\/www.rmcr.org\\\/en\\\/#\\\/schema\\\/logo\\\/image\\\/\"},\"sameAs\":[\"https:\\\/\\\/www.facebook.com\\\/plazadetorosronda\",\"https:\\\/\\\/x.com\\\/PlazatorosRMR\",\"https:\\\/\\\/www.instagram.com\\\/realmaestranzaderonda\\\/\",\"https:\\\/\\\/www.youtube.com\\\/channel\\\/UCrbO5IUN-8v_QML739vM4zg\\\/videos\"]},{\"@type\":\"Person\",\"@id\":\"https:\\\/\\\/www.rmcr.org\\\/en\\\/#\\\/schema\\\/person\\\/7ddd0dafda7edd0e407157f93a56df4f\",\"name\":\"RMCR\",\"image\":{\"@type\":\"ImageObject\",\"inLanguage\":\"en-US\",\"@id\":\"https:\\\/\\\/secure.gravatar.com\\\/avatar\\\/adb75798b50800c24baa6a8706037b9469998c49eddeb95935f50f633cff80bb?s=96&d=mm&r=g\",\"url\":\"https:\\\/\\\/secure.gravatar.com\\\/avatar\\\/adb75798b50800c24baa6a8706037b9469998c49eddeb95935f50f633cff80bb?s=96&d=mm&r=g\",\"contentUrl\":\"https:\\\/\\\/secure.gravatar.com\\\/avatar\\\/adb75798b50800c24baa6a8706037b9469998c49eddeb95935f50f633cff80bb?s=96&d=mm&r=g\",\"caption\":\"RMCR\"},\"url\":\"https:\\\/\\\/www.rmcr.org\\\/en\\\/author\\\/bitniks77\\\/\"}]}<\/script>\n<!-- \/ Yoast SEO plugin. -->","yoast_head_json":{"title":"Ricardo Cadenas en la colecci\u00f3n de carteles de la Goyesca - Real Maestranza de Caballer\u00eda de Ronda","robots":{"index":"index","follow":"follow","max-snippet":"max-snippet:-1","max-image-preview":"max-image-preview:large","max-video-preview":"max-video-preview:-1"},"canonical":"https:\/\/www.rmcr.org\/en\/2020\/05\/05\/ricardo-cadenas-en-la-coleccion-de-carteles-de-la-goyesca\/","og_locale":"en_US","og_type":"article","og_title":"Ricardo Cadenas en la colecci\u00f3n de carteles de la Goyesca - Real Maestranza de Caballer\u00eda de Ronda","og_description":"La LIII Tradicional Corrida Goyesca de Ronda, celebrada el 5 de septiembre de 2009, estuvo protagonizada por Jos\u00e9 Mar\u00eda Manzanares, Miguel \u00c1ngel Perera y Cayetano, lidi\u00e1ndose toros de la ganader\u00eda de Luis Algarra. El autor del cartel anunciador de ese a\u00f1o fue el dibujante y pintor Ricardo Cadenas (Sevilla, 1960), a qui\u00e9n la Real Maestranza [&hellip;]","og_url":"https:\/\/www.rmcr.org\/en\/2020\/05\/05\/ricardo-cadenas-en-la-coleccion-de-carteles-de-la-goyesca\/","og_site_name":"Real Maestranza de Caballer\u00eda de Ronda","article_publisher":"https:\/\/www.facebook.com\/plazadetorosronda","article_published_time":"2020-05-05T10:23:21+00:00","og_image":[{"width":482,"height":144,"url":"https:\/\/www.rmcr.org\/wp-content\/uploads\/2020\/05\/caden.jpg","type":"image\/jpeg"}],"author":"RMCR","twitter_card":"summary_large_image","twitter_creator":"@PlazatorosRMR","twitter_site":"@PlazatorosRMR","twitter_misc":{"Written by":"RMCR","Est. reading time":"2 minutes"},"schema":{"@context":"https:\/\/schema.org","@graph":[{"@type":"Article","@id":"https:\/\/www.rmcr.org\/en\/2020\/05\/05\/ricardo-cadenas-en-la-coleccion-de-carteles-de-la-goyesca\/#article","isPartOf":{"@id":"https:\/\/www.rmcr.org\/en\/2020\/05\/05\/ricardo-cadenas-en-la-coleccion-de-carteles-de-la-goyesca\/"},"author":{"name":"RMCR","@id":"https:\/\/www.rmcr.org\/en\/#\/schema\/person\/7ddd0dafda7edd0e407157f93a56df4f"},"headline":"Ricardo Cadenas en la colecci\u00f3n de carteles de la Goyesca","datePublished":"2020-05-05T10:23:21+00:00","mainEntityOfPage":{"@id":"https:\/\/www.rmcr.org\/en\/2020\/05\/05\/ricardo-cadenas-en-la-coleccion-de-carteles-de-la-goyesca\/"},"wordCount":507,"commentCount":0,"publisher":{"@id":"https:\/\/www.rmcr.org\/en\/#organization"},"image":{"@id":"https:\/\/www.rmcr.org\/en\/2020\/05\/05\/ricardo-cadenas-en-la-coleccion-de-carteles-de-la-goyesca\/#primaryimage"},"thumbnailUrl":"https:\/\/www.rmcr.org\/wp-content\/uploads\/2020\/05\/caden.jpg","keywords":["Carteles","Plaza de Toros de Ronda","Real Maestranza de Caballer\u00eda de Ronda","Ricardo Cadenas"],"articleSection":["Colecciones muse\u00edsticas","Goyesca"],"inLanguage":"en-US","potentialAction":[{"@type":"CommentAction","name":"Comment","target":["https:\/\/www.rmcr.org\/en\/2020\/05\/05\/ricardo-cadenas-en-la-coleccion-de-carteles-de-la-goyesca\/#respond"]}]},{"@type":"WebPage","@id":"https:\/\/www.rmcr.org\/en\/2020\/05\/05\/ricardo-cadenas-en-la-coleccion-de-carteles-de-la-goyesca\/","url":"https:\/\/www.rmcr.org\/en\/2020\/05\/05\/ricardo-cadenas-en-la-coleccion-de-carteles-de-la-goyesca\/","name":"Ricardo Cadenas en la colecci\u00f3n de carteles de la Goyesca - Real Maestranza de Caballer\u00eda de Ronda","isPartOf":{"@id":"https:\/\/www.rmcr.org\/en\/#website"},"primaryImageOfPage":{"@id":"https:\/\/www.rmcr.org\/en\/2020\/05\/05\/ricardo-cadenas-en-la-coleccion-de-carteles-de-la-goyesca\/#primaryimage"},"image":{"@id":"https:\/\/www.rmcr.org\/en\/2020\/05\/05\/ricardo-cadenas-en-la-coleccion-de-carteles-de-la-goyesca\/#primaryimage"},"thumbnailUrl":"https:\/\/www.rmcr.org\/wp-content\/uploads\/2020\/05\/caden.jpg","datePublished":"2020-05-05T10:23:21+00:00","breadcrumb":{"@id":"https:\/\/www.rmcr.org\/en\/2020\/05\/05\/ricardo-cadenas-en-la-coleccion-de-carteles-de-la-goyesca\/#breadcrumb"},"inLanguage":"en-US","potentialAction":[{"@type":"ReadAction","target":["https:\/\/www.rmcr.org\/en\/2020\/05\/05\/ricardo-cadenas-en-la-coleccion-de-carteles-de-la-goyesca\/"]}]},{"@type":"ImageObject","inLanguage":"en-US","@id":"https:\/\/www.rmcr.org\/en\/2020\/05\/05\/ricardo-cadenas-en-la-coleccion-de-carteles-de-la-goyesca\/#primaryimage","url":"https:\/\/www.rmcr.org\/wp-content\/uploads\/2020\/05\/caden.jpg","contentUrl":"https:\/\/www.rmcr.org\/wp-content\/uploads\/2020\/05\/caden.jpg","width":482,"height":144},{"@type":"BreadcrumbList","@id":"https:\/\/www.rmcr.org\/en\/2020\/05\/05\/ricardo-cadenas-en-la-coleccion-de-carteles-de-la-goyesca\/#breadcrumb","itemListElement":[{"@type":"ListItem","position":1,"name":"REAL MAESTRANZA DE CABALLER\u00cdA DE RONDA","item":"https:\/\/www.rmcr.org\/en\/"},{"@type":"ListItem","position":2,"name":"Ricardo Cadenas en la colecci\u00f3n de carteles de la Goyesca"}]},{"@type":"WebSite","@id":"https:\/\/www.rmcr.org\/en\/#website","url":"https:\/\/www.rmcr.org\/en\/","name":"Real Maestranza de Caballer\u00eda de Ronda","description":"Real Maestranza de Caballer\u00eda de Ronda","publisher":{"@id":"https:\/\/www.rmcr.org\/en\/#organization"},"alternateName":"RMCR","potentialAction":[{"@type":"SearchAction","target":{"@type":"EntryPoint","urlTemplate":"https:\/\/www.rmcr.org\/en\/?s={search_term_string}"},"query-input":{"@type":"PropertyValueSpecification","valueRequired":true,"valueName":"search_term_string"}}],"inLanguage":"en-US"},{"@type":"Organization","@id":"https:\/\/www.rmcr.org\/en\/#organization","name":"Real Maestranza de Caballer\u00eda de Ronda","alternateName":"RMR","url":"https:\/\/www.rmcr.org\/en\/","logo":{"@type":"ImageObject","inLanguage":"en-US","@id":"https:\/\/www.rmcr.org\/en\/#\/schema\/logo\/image\/","url":"https:\/\/www.rmcr.org\/wp-content\/uploads\/2022\/07\/logo-rmr-blue.svg","contentUrl":"https:\/\/www.rmcr.org\/wp-content\/uploads\/2022\/07\/logo-rmr-blue.svg","width":131,"height":129,"caption":"Real Maestranza de Caballer\u00eda de Ronda"},"image":{"@id":"https:\/\/www.rmcr.org\/en\/#\/schema\/logo\/image\/"},"sameAs":["https:\/\/www.facebook.com\/plazadetorosronda","https:\/\/x.com\/PlazatorosRMR","https:\/\/www.instagram.com\/realmaestranzaderonda\/","https:\/\/www.youtube.com\/channel\/UCrbO5IUN-8v_QML739vM4zg\/videos"]},{"@type":"Person","@id":"https:\/\/www.rmcr.org\/en\/#\/schema\/person\/7ddd0dafda7edd0e407157f93a56df4f","name":"RMCR","image":{"@type":"ImageObject","inLanguage":"en-US","@id":"https:\/\/secure.gravatar.com\/avatar\/adb75798b50800c24baa6a8706037b9469998c49eddeb95935f50f633cff80bb?s=96&d=mm&r=g","url":"https:\/\/secure.gravatar.com\/avatar\/adb75798b50800c24baa6a8706037b9469998c49eddeb95935f50f633cff80bb?s=96&d=mm&r=g","contentUrl":"https:\/\/secure.gravatar.com\/avatar\/adb75798b50800c24baa6a8706037b9469998c49eddeb95935f50f633cff80bb?s=96&d=mm&r=g","caption":"RMCR"},"url":"https:\/\/www.rmcr.org\/en\/author\/bitniks77\/"}]}},"_links":{"self":[{"href":"https:\/\/www.rmcr.org\/en\/wp-json\/wp\/v2\/posts\/7106","targetHints":{"allow":["GET"]}}],"collection":[{"href":"https:\/\/www.rmcr.org\/en\/wp-json\/wp\/v2\/posts"}],"about":[{"href":"https:\/\/www.rmcr.org\/en\/wp-json\/wp\/v2\/types\/post"}],"author":[{"embeddable":true,"href":"https:\/\/www.rmcr.org\/en\/wp-json\/wp\/v2\/users\/7"}],"replies":[{"embeddable":true,"href":"https:\/\/www.rmcr.org\/en\/wp-json\/wp\/v2\/comments?post=7106"}],"version-history":[{"count":0,"href":"https:\/\/www.rmcr.org\/en\/wp-json\/wp\/v2\/posts\/7106\/revisions"}],"wp:featuredmedia":[{"embeddable":true,"href":"https:\/\/www.rmcr.org\/en\/wp-json\/wp\/v2\/media\/7275"}],"wp:attachment":[{"href":"https:\/\/www.rmcr.org\/en\/wp-json\/wp\/v2\/media?parent=7106"}],"wp:term":[{"taxonomy":"category","embeddable":true,"href":"https:\/\/www.rmcr.org\/en\/wp-json\/wp\/v2\/categories?post=7106"},{"taxonomy":"post_tag","embeddable":true,"href":"https:\/\/www.rmcr.org\/en\/wp-json\/wp\/v2\/tags?post=7106"}],"curies":[{"name":"wp","href":"https:\/\/api.w.org\/{rel}","templated":true}]}}