{"id":7103,"date":"2020-04-17T10:11:38","date_gmt":"2020-04-17T10:11:38","guid":{"rendered":"https:\/\/www.rmcr.org\/?p=7103"},"modified":"2020-04-17T10:11:38","modified_gmt":"2020-04-17T10:11:38","slug":"portada-de-la-plaza-de-toros-de-la-real-maestranza-de-ronda","status":"publish","type":"post","link":"https:\/\/www.rmcr.org\/en\/2020\/04\/17\/portada-de-la-plaza-de-toros-de-la-real-maestranza-de-ronda\/","title":{"rendered":"Portada de la Plaza de Toros de la Real Maestranza de Ronda"},"content":{"rendered":"<p>Esta monumental portada que hoy mira a la calle Virgen de la Paz (figura 1), no siempre estuvo ah\u00ed. En su dise\u00f1o original se encontraba alineada con el Palco Real, formando un eje en direcci\u00f3n al Puente Nuevo.<\/p>\n<p><img fetchpriority=\"high\" decoding=\"async\" class=\"wp-image-543 size-large aligncenter\" src=\"https:\/\/www.rmcr.org\/wp-content\/uploads\/2020\/04\/foto-a.jpg?w=470\" alt=\"Foto A\" width=\"470\" height=\"271\" \/><\/p>\n<p style=\"text-align:center;\"><em>Figura 1. Portada. Foto Juan Jes\u00fas Pan. Archivo fotogr\u00e1fico RMR<\/em><\/p>\n<p>La expansi\u00f3n urbana de Ronda de finales del siglo XIX y principios del XX conllev\u00f3 una colmataci\u00f3n de edificios que llegaron a inundar el espacio anexo a la Plaza. El edificio que casi se echa encima de la portada, dej\u00e1ndola sin perspectiva y semioculta, fue el Teatro Espinel (figura 2), inaugurado en 1909, obra del arquitecto modernista Santiago Sanguinetti. Cerr\u00f3 sus puertas a principios de los a\u00f1os setenta del siglo pasado, y fue demolido en 1975 como consecuencia del plan de ordenaci\u00f3n urbana de la Cornisa del Tajo. De esta forma se liber\u00f3 el amplio espacio que comunica hoy con la Alameda, y que permite la entrada de los enganches en la exhibici\u00f3n anual que se celebra durante la Feria de Pedro Romero.<\/p>\n<p><img decoding=\"async\" class=\"aligncenter wp-image-544\" src=\"https:\/\/www.rmcr.org\/wp-content\/uploads\/2020\/04\/foto-b.jpg\" alt=\"Foto B\" width=\"351\" height=\"545\" \/><\/p>\n<p style=\"text-align:center;\"><em>Figura 2. Colecci\u00f3n de postales antiguas de Ronda. Archivo fotogr\u00e1fico RMR<\/em><\/p>\n<p>La portada se traslada a su ubicaci\u00f3n actual en 1923. Terminada tres a\u00f1os despu\u00e9s de la inauguraci\u00f3n de la plaza, en 1788, y construida en piedra arenisca y rosada proveniente de canteras cercanas a Ronda, es obra del maestro cantero ronde\u00f1o Juan de Lamas. De corte neocl\u00e1sico, se advierten en ella herencias barrocas, apreciables en el front\u00f3n que remata la obra con la inclusi\u00f3n del escudo de Espa\u00f1a (figura 3).<\/p>\n<p>El front\u00f3n est\u00e1 sostenido por dos columnas toscanas de orden gigante sobre pedestales de canter\u00eda. que originalmente eran de una sola pieza pero que pasaron a ser tres en soluci\u00f3n de un mejor encaje en la complicada tarea del traslado, ejecutado por el maestro Guti\u00e9rrez.<\/p>\n<p><img decoding=\"async\" class=\" wp-image-546 aligncenter\" src=\"https:\/\/www.rmcr.org\/wp-content\/uploads\/2020\/04\/foto-d.jpg\" alt=\"A84 2007 PLAZA DE TOROS DE RONDA\" width=\"372\" height=\"599\" srcset=\"https:\/\/www.rmcr.org\/wp-content\/uploads\/2020\/04\/foto-d.jpg 623w, https:\/\/www.rmcr.org\/wp-content\/uploads\/2020\/04\/foto-d-186x300.jpg 186w\" sizes=\"(max-width: 372px) 100vw, 372px\" \/><\/p>\n<p style=\"text-align:center;\"><em>Figura 3. Portada. Foto Jos\u00e9 Mor\u00f3n. Archivo fotogr\u00e1fico RMR<\/em><\/p>\n<p>El armonioso conjunto se puede dividir en dos partes, como se describe en el trabajo de investigaci\u00f3n de Francisco y Antonio Garrido: \u201cLa inferior, levemente m\u00e1s tosca, comprende b\u00e1sicamente la puerta de acceso con arco de medio punto apoyado en dos volutas muy simples acodadas a las jambas. Estas tienen en la parte superior unas figurillas en relieve que parecen representar toreros con las monteras de la \u00e9poca y, m\u00e1s arriba, en el apoyo del entablamento, dos modillones con lazos, peque\u00f1as cartelas y golas\u201d.<\/p>\n<p>La parte superior se compone de una puerta menor, \u201cadintelada, flanqueada por pilastras acanaladas que rematan en dos m\u00e9nsulas labradas\u201d, y se distinguen entre esas m\u00e9nsulas y el capitel de las columnas un par de bucr\u00e1neos en medio relieve, ornamentos arquitect\u00f3nicos que representan el cr\u00e1neo de un buey, usados en los relieves cl\u00e1sicos grecorromanos y rescatados por el Renacimiento, que sol\u00edan esculpirse con guirnaldas vegetales en los cuernos.<\/p>\n<p>Destaca en este cuerpo superior el balc\u00f3n de forja ronde\u00f1a que se apoya en la parte inferior por dos varas tambi\u00e9n de forja \u201cmuy adornadas, casi a manera de banderillas de lujo\u201d. Hay tres figuras contorneadas en c\u00edrculo: dos cabezas de toros a cada lado de la silueta de un caballista que sostiene lo que puede ser una garrocha o una pica.<\/p>\n<p>La portada se remata con la bandera del Batall\u00f3n de la Real Maestranza, que particip\u00f3 en las batallas de Oca\u00f1a y Almonacid durante la Guerra de la Independencia espa\u00f1ola (1808-1814) contra la invasi\u00f3n francesa.<\/p>\n<p>Para conocer la historia de la construcci\u00f3n de la Plaza de Toros ver el siguiente v\u00eddeo:<br \/>\n<iframe title=\"Historia de la Plaza de Toros\" width=\"800\" height=\"450\" src=\"https:\/\/www.youtube.com\/embed\/ciSlc0p0Qhg?start=63&#038;feature=oembed\" frameborder=\"0\" allow=\"accelerometer; autoplay; clipboard-write; encrypted-media; gyroscope; picture-in-picture\" allowfullscreen><\/iframe><\/p>\n<p>Bibliograf\u00eda<\/p>\n<p>GARRIDO, Francisco y GARRIDO, Antonio. &#8220;II Centenario de la Plaza de Toros de la Real Maestranza de Caballer\u00eda de Ronda : 1785-1985&#8221;. Real Maestranza de Caballer\u00eda de Ronda, 1988.<br \/>\nMIR\u00d3, Aurora. &#8220;Ronda : arquitectura y urbanismo&#8221;. Caja de Ahorros de Ronda, 1987.<\/p>\n","protected":false},"excerpt":{"rendered":"<p>Esta monumental portada de la Plaza de Toros que hoy mira a la Avenida de la Paz, no siempre estuvo ah\u00ed. En su dise\u00f1o original estaba enfrentada al Palco Real, formando un eje en direcci\u00f3n al Puente Nuevo. La expansi\u00f3n urbana de finales del siglo XIX y principios del XX conllev\u00f3 una colmataci\u00f3n de edificios que llegaron hasta inundar el espacio anexo a la plaza, como se puede observar.<\/p>\n","protected":false},"author":7,"featured_media":7256,"comment_status":"open","ping_status":"open","sticky":false,"template":"","format":"standard","meta":{"footnotes":""},"categories":[280,277],"tags":[283,315,325,98],"class_list":["post-7103","post","type-post","status-publish","format-standard","has-post-thumbnail","hentry","category-arquitectura","category-plaza-de-toros","tag-gestion-del-patrimonio","tag-plaza-de-toros-de-ronda","tag-portada","tag-real-maestranza-de-caballeria-de-ronda"],"yoast_head":"<!-- This site is optimized with the Yoast SEO plugin v27.5 - https:\/\/yoast.com\/product\/yoast-seo-wordpress\/ -->\n<title>Portada de la Plaza de Toros de la Real Maestranza de Ronda - Real Maestranza de Caballer\u00eda de Ronda<\/title>\n<meta name=\"robots\" content=\"index, follow, max-snippet:-1, max-image-preview:large, max-video-preview:-1\" \/>\n<link rel=\"canonical\" href=\"https:\/\/www.rmcr.org\/en\/2020\/04\/17\/portada-de-la-plaza-de-toros-de-la-real-maestranza-de-ronda\/\" \/>\n<meta property=\"og:locale\" content=\"en_US\" \/>\n<meta property=\"og:type\" content=\"article\" \/>\n<meta property=\"og:title\" content=\"Portada de la Plaza de Toros de la Real Maestranza de Ronda - Real Maestranza de Caballer\u00eda de Ronda\" \/>\n<meta property=\"og:description\" content=\"Esta monumental portada de la Plaza de Toros que hoy mira a la Avenida de la Paz, no siempre estuvo ah\u00ed. En su dise\u00f1o original estaba enfrentada al Palco Real, formando un eje en direcci\u00f3n al Puente Nuevo. La expansi\u00f3n urbana de finales del siglo XIX y principios del XX conllev\u00f3 una colmataci\u00f3n de edificios que llegaron hasta inundar el espacio anexo a la plaza, como se puede observar.\" \/>\n<meta property=\"og:url\" content=\"https:\/\/www.rmcr.org\/en\/2020\/04\/17\/portada-de-la-plaza-de-toros-de-la-real-maestranza-de-ronda\/\" \/>\n<meta property=\"og:site_name\" content=\"Real Maestranza de Caballer\u00eda de Ronda\" \/>\n<meta property=\"article:publisher\" content=\"https:\/\/www.facebook.com\/plazadetorosronda\" \/>\n<meta property=\"article:published_time\" content=\"2020-04-17T10:11:38+00:00\" \/>\n<meta property=\"og:image\" content=\"https:\/\/www.rmcr.org\/wp-content\/uploads\/2020\/04\/pnr-1.jpg\" \/>\n\t<meta property=\"og:image:width\" content=\"482\" \/>\n\t<meta property=\"og:image:height\" content=\"155\" \/>\n\t<meta property=\"og:image:type\" content=\"image\/jpeg\" \/>\n<meta name=\"author\" content=\"RMCR\" \/>\n<meta name=\"twitter:card\" content=\"summary_large_image\" \/>\n<meta name=\"twitter:creator\" content=\"@PlazatorosRMR\" \/>\n<meta name=\"twitter:site\" content=\"@PlazatorosRMR\" \/>\n<meta name=\"twitter:label1\" content=\"Written by\" \/>\n\t<meta name=\"twitter:data1\" content=\"RMCR\" \/>\n\t<meta name=\"twitter:label2\" content=\"Est. reading time\" \/>\n\t<meta name=\"twitter:data2\" content=\"3 minutes\" \/>\n<script type=\"application\/ld+json\" class=\"yoast-schema-graph\">{\"@context\":\"https:\\\/\\\/schema.org\",\"@graph\":[{\"@type\":\"Article\",\"@id\":\"https:\\\/\\\/www.rmcr.org\\\/en\\\/2020\\\/04\\\/17\\\/portada-de-la-plaza-de-toros-de-la-real-maestranza-de-ronda\\\/#article\",\"isPartOf\":{\"@id\":\"https:\\\/\\\/www.rmcr.org\\\/en\\\/2020\\\/04\\\/17\\\/portada-de-la-plaza-de-toros-de-la-real-maestranza-de-ronda\\\/\"},\"author\":{\"name\":\"RMCR\",\"@id\":\"https:\\\/\\\/www.rmcr.org\\\/en\\\/#\\\/schema\\\/person\\\/7ddd0dafda7edd0e407157f93a56df4f\"},\"headline\":\"Portada de la Plaza de Toros de la Real Maestranza de Ronda\",\"datePublished\":\"2020-04-17T10:11:38+00:00\",\"mainEntityOfPage\":{\"@id\":\"https:\\\/\\\/www.rmcr.org\\\/en\\\/2020\\\/04\\\/17\\\/portada-de-la-plaza-de-toros-de-la-real-maestranza-de-ronda\\\/\"},\"wordCount\":675,\"commentCount\":0,\"publisher\":{\"@id\":\"https:\\\/\\\/www.rmcr.org\\\/en\\\/#organization\"},\"image\":{\"@id\":\"https:\\\/\\\/www.rmcr.org\\\/en\\\/2020\\\/04\\\/17\\\/portada-de-la-plaza-de-toros-de-la-real-maestranza-de-ronda\\\/#primaryimage\"},\"thumbnailUrl\":\"https:\\\/\\\/www.rmcr.org\\\/wp-content\\\/uploads\\\/2020\\\/04\\\/pnr-1.jpg\",\"keywords\":[\"Gesti\u00f3n del Patrimonio\",\"Plaza de Toros de Ronda\",\"Portada\",\"Real Maestranza de Caballer\u00eda de Ronda\"],\"articleSection\":[\"Arquitectura\",\"Plaza de Toros\"],\"inLanguage\":\"en-US\",\"potentialAction\":[{\"@type\":\"CommentAction\",\"name\":\"Comment\",\"target\":[\"https:\\\/\\\/www.rmcr.org\\\/en\\\/2020\\\/04\\\/17\\\/portada-de-la-plaza-de-toros-de-la-real-maestranza-de-ronda\\\/#respond\"]}]},{\"@type\":\"WebPage\",\"@id\":\"https:\\\/\\\/www.rmcr.org\\\/en\\\/2020\\\/04\\\/17\\\/portada-de-la-plaza-de-toros-de-la-real-maestranza-de-ronda\\\/\",\"url\":\"https:\\\/\\\/www.rmcr.org\\\/en\\\/2020\\\/04\\\/17\\\/portada-de-la-plaza-de-toros-de-la-real-maestranza-de-ronda\\\/\",\"name\":\"Portada de la Plaza de Toros de la Real Maestranza de Ronda - Real Maestranza de Caballer\u00eda de Ronda\",\"isPartOf\":{\"@id\":\"https:\\\/\\\/www.rmcr.org\\\/en\\\/#website\"},\"primaryImageOfPage\":{\"@id\":\"https:\\\/\\\/www.rmcr.org\\\/en\\\/2020\\\/04\\\/17\\\/portada-de-la-plaza-de-toros-de-la-real-maestranza-de-ronda\\\/#primaryimage\"},\"image\":{\"@id\":\"https:\\\/\\\/www.rmcr.org\\\/en\\\/2020\\\/04\\\/17\\\/portada-de-la-plaza-de-toros-de-la-real-maestranza-de-ronda\\\/#primaryimage\"},\"thumbnailUrl\":\"https:\\\/\\\/www.rmcr.org\\\/wp-content\\\/uploads\\\/2020\\\/04\\\/pnr-1.jpg\",\"datePublished\":\"2020-04-17T10:11:38+00:00\",\"breadcrumb\":{\"@id\":\"https:\\\/\\\/www.rmcr.org\\\/en\\\/2020\\\/04\\\/17\\\/portada-de-la-plaza-de-toros-de-la-real-maestranza-de-ronda\\\/#breadcrumb\"},\"inLanguage\":\"en-US\",\"potentialAction\":[{\"@type\":\"ReadAction\",\"target\":[\"https:\\\/\\\/www.rmcr.org\\\/en\\\/2020\\\/04\\\/17\\\/portada-de-la-plaza-de-toros-de-la-real-maestranza-de-ronda\\\/\"]}]},{\"@type\":\"ImageObject\",\"inLanguage\":\"en-US\",\"@id\":\"https:\\\/\\\/www.rmcr.org\\\/en\\\/2020\\\/04\\\/17\\\/portada-de-la-plaza-de-toros-de-la-real-maestranza-de-ronda\\\/#primaryimage\",\"url\":\"https:\\\/\\\/www.rmcr.org\\\/wp-content\\\/uploads\\\/2020\\\/04\\\/pnr-1.jpg\",\"contentUrl\":\"https:\\\/\\\/www.rmcr.org\\\/wp-content\\\/uploads\\\/2020\\\/04\\\/pnr-1.jpg\",\"width\":482,\"height\":155},{\"@type\":\"BreadcrumbList\",\"@id\":\"https:\\\/\\\/www.rmcr.org\\\/en\\\/2020\\\/04\\\/17\\\/portada-de-la-plaza-de-toros-de-la-real-maestranza-de-ronda\\\/#breadcrumb\",\"itemListElement\":[{\"@type\":\"ListItem\",\"position\":1,\"name\":\"REAL MAESTRANZA DE CABALLER\u00cdA DE RONDA\",\"item\":\"https:\\\/\\\/www.rmcr.org\\\/en\\\/\"},{\"@type\":\"ListItem\",\"position\":2,\"name\":\"Portada de la Plaza de Toros de la Real Maestranza de Ronda\"}]},{\"@type\":\"WebSite\",\"@id\":\"https:\\\/\\\/www.rmcr.org\\\/en\\\/#website\",\"url\":\"https:\\\/\\\/www.rmcr.org\\\/en\\\/\",\"name\":\"Real Maestranza de Caballer\u00eda de Ronda\",\"description\":\"Real Maestranza de Caballer\u00eda de Ronda\",\"publisher\":{\"@id\":\"https:\\\/\\\/www.rmcr.org\\\/en\\\/#organization\"},\"alternateName\":\"RMCR\",\"potentialAction\":[{\"@type\":\"SearchAction\",\"target\":{\"@type\":\"EntryPoint\",\"urlTemplate\":\"https:\\\/\\\/www.rmcr.org\\\/en\\\/?s={search_term_string}\"},\"query-input\":{\"@type\":\"PropertyValueSpecification\",\"valueRequired\":true,\"valueName\":\"search_term_string\"}}],\"inLanguage\":\"en-US\"},{\"@type\":\"Organization\",\"@id\":\"https:\\\/\\\/www.rmcr.org\\\/en\\\/#organization\",\"name\":\"Real Maestranza de Caballer\u00eda de Ronda\",\"alternateName\":\"RMR\",\"url\":\"https:\\\/\\\/www.rmcr.org\\\/en\\\/\",\"logo\":{\"@type\":\"ImageObject\",\"inLanguage\":\"en-US\",\"@id\":\"https:\\\/\\\/www.rmcr.org\\\/en\\\/#\\\/schema\\\/logo\\\/image\\\/\",\"url\":\"https:\\\/\\\/www.rmcr.org\\\/wp-content\\\/uploads\\\/2022\\\/07\\\/logo-rmr-blue.svg\",\"contentUrl\":\"https:\\\/\\\/www.rmcr.org\\\/wp-content\\\/uploads\\\/2022\\\/07\\\/logo-rmr-blue.svg\",\"width\":131,\"height\":129,\"caption\":\"Real Maestranza de Caballer\u00eda de Ronda\"},\"image\":{\"@id\":\"https:\\\/\\\/www.rmcr.org\\\/en\\\/#\\\/schema\\\/logo\\\/image\\\/\"},\"sameAs\":[\"https:\\\/\\\/www.facebook.com\\\/plazadetorosronda\",\"https:\\\/\\\/x.com\\\/PlazatorosRMR\",\"https:\\\/\\\/www.instagram.com\\\/realmaestranzaderonda\\\/\",\"https:\\\/\\\/www.youtube.com\\\/channel\\\/UCrbO5IUN-8v_QML739vM4zg\\\/videos\"]},{\"@type\":\"Person\",\"@id\":\"https:\\\/\\\/www.rmcr.org\\\/en\\\/#\\\/schema\\\/person\\\/7ddd0dafda7edd0e407157f93a56df4f\",\"name\":\"RMCR\",\"image\":{\"@type\":\"ImageObject\",\"inLanguage\":\"en-US\",\"@id\":\"https:\\\/\\\/secure.gravatar.com\\\/avatar\\\/adb75798b50800c24baa6a8706037b9469998c49eddeb95935f50f633cff80bb?s=96&d=mm&r=g\",\"url\":\"https:\\\/\\\/secure.gravatar.com\\\/avatar\\\/adb75798b50800c24baa6a8706037b9469998c49eddeb95935f50f633cff80bb?s=96&d=mm&r=g\",\"contentUrl\":\"https:\\\/\\\/secure.gravatar.com\\\/avatar\\\/adb75798b50800c24baa6a8706037b9469998c49eddeb95935f50f633cff80bb?s=96&d=mm&r=g\",\"caption\":\"RMCR\"},\"url\":\"https:\\\/\\\/www.rmcr.org\\\/en\\\/author\\\/bitniks77\\\/\"}]}<\/script>\n<!-- \/ Yoast SEO plugin. -->","yoast_head_json":{"title":"Portada de la Plaza de Toros de la Real Maestranza de Ronda - Real Maestranza de Caballer\u00eda de Ronda","robots":{"index":"index","follow":"follow","max-snippet":"max-snippet:-1","max-image-preview":"max-image-preview:large","max-video-preview":"max-video-preview:-1"},"canonical":"https:\/\/www.rmcr.org\/en\/2020\/04\/17\/portada-de-la-plaza-de-toros-de-la-real-maestranza-de-ronda\/","og_locale":"en_US","og_type":"article","og_title":"Portada de la Plaza de Toros de la Real Maestranza de Ronda - Real Maestranza de Caballer\u00eda de Ronda","og_description":"Esta monumental portada de la Plaza de Toros que hoy mira a la Avenida de la Paz, no siempre estuvo ah\u00ed. En su dise\u00f1o original estaba enfrentada al Palco Real, formando un eje en direcci\u00f3n al Puente Nuevo. La expansi\u00f3n urbana de finales del siglo XIX y principios del XX conllev\u00f3 una colmataci\u00f3n de edificios que llegaron hasta inundar el espacio anexo a la plaza, como se puede observar.","og_url":"https:\/\/www.rmcr.org\/en\/2020\/04\/17\/portada-de-la-plaza-de-toros-de-la-real-maestranza-de-ronda\/","og_site_name":"Real Maestranza de Caballer\u00eda de Ronda","article_publisher":"https:\/\/www.facebook.com\/plazadetorosronda","article_published_time":"2020-04-17T10:11:38+00:00","og_image":[{"width":482,"height":155,"url":"https:\/\/www.rmcr.org\/wp-content\/uploads\/2020\/04\/pnr-1.jpg","type":"image\/jpeg"}],"author":"RMCR","twitter_card":"summary_large_image","twitter_creator":"@PlazatorosRMR","twitter_site":"@PlazatorosRMR","twitter_misc":{"Written by":"RMCR","Est. reading time":"3 minutes"},"schema":{"@context":"https:\/\/schema.org","@graph":[{"@type":"Article","@id":"https:\/\/www.rmcr.org\/en\/2020\/04\/17\/portada-de-la-plaza-de-toros-de-la-real-maestranza-de-ronda\/#article","isPartOf":{"@id":"https:\/\/www.rmcr.org\/en\/2020\/04\/17\/portada-de-la-plaza-de-toros-de-la-real-maestranza-de-ronda\/"},"author":{"name":"RMCR","@id":"https:\/\/www.rmcr.org\/en\/#\/schema\/person\/7ddd0dafda7edd0e407157f93a56df4f"},"headline":"Portada de la Plaza de Toros de la Real Maestranza de Ronda","datePublished":"2020-04-17T10:11:38+00:00","mainEntityOfPage":{"@id":"https:\/\/www.rmcr.org\/en\/2020\/04\/17\/portada-de-la-plaza-de-toros-de-la-real-maestranza-de-ronda\/"},"wordCount":675,"commentCount":0,"publisher":{"@id":"https:\/\/www.rmcr.org\/en\/#organization"},"image":{"@id":"https:\/\/www.rmcr.org\/en\/2020\/04\/17\/portada-de-la-plaza-de-toros-de-la-real-maestranza-de-ronda\/#primaryimage"},"thumbnailUrl":"https:\/\/www.rmcr.org\/wp-content\/uploads\/2020\/04\/pnr-1.jpg","keywords":["Gesti\u00f3n del Patrimonio","Plaza de Toros de Ronda","Portada","Real Maestranza de Caballer\u00eda de Ronda"],"articleSection":["Arquitectura","Plaza de Toros"],"inLanguage":"en-US","potentialAction":[{"@type":"CommentAction","name":"Comment","target":["https:\/\/www.rmcr.org\/en\/2020\/04\/17\/portada-de-la-plaza-de-toros-de-la-real-maestranza-de-ronda\/#respond"]}]},{"@type":"WebPage","@id":"https:\/\/www.rmcr.org\/en\/2020\/04\/17\/portada-de-la-plaza-de-toros-de-la-real-maestranza-de-ronda\/","url":"https:\/\/www.rmcr.org\/en\/2020\/04\/17\/portada-de-la-plaza-de-toros-de-la-real-maestranza-de-ronda\/","name":"Portada de la Plaza de Toros de la Real Maestranza de Ronda - Real Maestranza de Caballer\u00eda de Ronda","isPartOf":{"@id":"https:\/\/www.rmcr.org\/en\/#website"},"primaryImageOfPage":{"@id":"https:\/\/www.rmcr.org\/en\/2020\/04\/17\/portada-de-la-plaza-de-toros-de-la-real-maestranza-de-ronda\/#primaryimage"},"image":{"@id":"https:\/\/www.rmcr.org\/en\/2020\/04\/17\/portada-de-la-plaza-de-toros-de-la-real-maestranza-de-ronda\/#primaryimage"},"thumbnailUrl":"https:\/\/www.rmcr.org\/wp-content\/uploads\/2020\/04\/pnr-1.jpg","datePublished":"2020-04-17T10:11:38+00:00","breadcrumb":{"@id":"https:\/\/www.rmcr.org\/en\/2020\/04\/17\/portada-de-la-plaza-de-toros-de-la-real-maestranza-de-ronda\/#breadcrumb"},"inLanguage":"en-US","potentialAction":[{"@type":"ReadAction","target":["https:\/\/www.rmcr.org\/en\/2020\/04\/17\/portada-de-la-plaza-de-toros-de-la-real-maestranza-de-ronda\/"]}]},{"@type":"ImageObject","inLanguage":"en-US","@id":"https:\/\/www.rmcr.org\/en\/2020\/04\/17\/portada-de-la-plaza-de-toros-de-la-real-maestranza-de-ronda\/#primaryimage","url":"https:\/\/www.rmcr.org\/wp-content\/uploads\/2020\/04\/pnr-1.jpg","contentUrl":"https:\/\/www.rmcr.org\/wp-content\/uploads\/2020\/04\/pnr-1.jpg","width":482,"height":155},{"@type":"BreadcrumbList","@id":"https:\/\/www.rmcr.org\/en\/2020\/04\/17\/portada-de-la-plaza-de-toros-de-la-real-maestranza-de-ronda\/#breadcrumb","itemListElement":[{"@type":"ListItem","position":1,"name":"REAL MAESTRANZA DE CABALLER\u00cdA DE RONDA","item":"https:\/\/www.rmcr.org\/en\/"},{"@type":"ListItem","position":2,"name":"Portada de la Plaza de Toros de la Real Maestranza de Ronda"}]},{"@type":"WebSite","@id":"https:\/\/www.rmcr.org\/en\/#website","url":"https:\/\/www.rmcr.org\/en\/","name":"Real Maestranza de Caballer\u00eda de Ronda","description":"Real Maestranza de Caballer\u00eda de Ronda","publisher":{"@id":"https:\/\/www.rmcr.org\/en\/#organization"},"alternateName":"RMCR","potentialAction":[{"@type":"SearchAction","target":{"@type":"EntryPoint","urlTemplate":"https:\/\/www.rmcr.org\/en\/?s={search_term_string}"},"query-input":{"@type":"PropertyValueSpecification","valueRequired":true,"valueName":"search_term_string"}}],"inLanguage":"en-US"},{"@type":"Organization","@id":"https:\/\/www.rmcr.org\/en\/#organization","name":"Real Maestranza de Caballer\u00eda de Ronda","alternateName":"RMR","url":"https:\/\/www.rmcr.org\/en\/","logo":{"@type":"ImageObject","inLanguage":"en-US","@id":"https:\/\/www.rmcr.org\/en\/#\/schema\/logo\/image\/","url":"https:\/\/www.rmcr.org\/wp-content\/uploads\/2022\/07\/logo-rmr-blue.svg","contentUrl":"https:\/\/www.rmcr.org\/wp-content\/uploads\/2022\/07\/logo-rmr-blue.svg","width":131,"height":129,"caption":"Real Maestranza de Caballer\u00eda de Ronda"},"image":{"@id":"https:\/\/www.rmcr.org\/en\/#\/schema\/logo\/image\/"},"sameAs":["https:\/\/www.facebook.com\/plazadetorosronda","https:\/\/x.com\/PlazatorosRMR","https:\/\/www.instagram.com\/realmaestranzaderonda\/","https:\/\/www.youtube.com\/channel\/UCrbO5IUN-8v_QML739vM4zg\/videos"]},{"@type":"Person","@id":"https:\/\/www.rmcr.org\/en\/#\/schema\/person\/7ddd0dafda7edd0e407157f93a56df4f","name":"RMCR","image":{"@type":"ImageObject","inLanguage":"en-US","@id":"https:\/\/secure.gravatar.com\/avatar\/adb75798b50800c24baa6a8706037b9469998c49eddeb95935f50f633cff80bb?s=96&d=mm&r=g","url":"https:\/\/secure.gravatar.com\/avatar\/adb75798b50800c24baa6a8706037b9469998c49eddeb95935f50f633cff80bb?s=96&d=mm&r=g","contentUrl":"https:\/\/secure.gravatar.com\/avatar\/adb75798b50800c24baa6a8706037b9469998c49eddeb95935f50f633cff80bb?s=96&d=mm&r=g","caption":"RMCR"},"url":"https:\/\/www.rmcr.org\/en\/author\/bitniks77\/"}]}},"_links":{"self":[{"href":"https:\/\/www.rmcr.org\/en\/wp-json\/wp\/v2\/posts\/7103","targetHints":{"allow":["GET"]}}],"collection":[{"href":"https:\/\/www.rmcr.org\/en\/wp-json\/wp\/v2\/posts"}],"about":[{"href":"https:\/\/www.rmcr.org\/en\/wp-json\/wp\/v2\/types\/post"}],"author":[{"embeddable":true,"href":"https:\/\/www.rmcr.org\/en\/wp-json\/wp\/v2\/users\/7"}],"replies":[{"embeddable":true,"href":"https:\/\/www.rmcr.org\/en\/wp-json\/wp\/v2\/comments?post=7103"}],"version-history":[{"count":0,"href":"https:\/\/www.rmcr.org\/en\/wp-json\/wp\/v2\/posts\/7103\/revisions"}],"wp:featuredmedia":[{"embeddable":true,"href":"https:\/\/www.rmcr.org\/en\/wp-json\/wp\/v2\/media\/7256"}],"wp:attachment":[{"href":"https:\/\/www.rmcr.org\/en\/wp-json\/wp\/v2\/media?parent=7103"}],"wp:term":[{"taxonomy":"category","embeddable":true,"href":"https:\/\/www.rmcr.org\/en\/wp-json\/wp\/v2\/categories?post=7103"},{"taxonomy":"post_tag","embeddable":true,"href":"https:\/\/www.rmcr.org\/en\/wp-json\/wp\/v2\/tags?post=7103"}],"curies":[{"name":"wp","href":"https:\/\/api.w.org\/{rel}","templated":true}]}}