{"id":7098,"date":"2019-10-15T12:56:55","date_gmt":"2019-10-15T12:56:55","guid":{"rendered":"https:\/\/www.rmcr.org\/?p=7098"},"modified":"2019-10-15T12:56:55","modified_gmt":"2019-10-15T12:56:55","slug":"dia-europeo-de-la-conservacion-restauracion","status":"publish","type":"post","link":"https:\/\/www.rmcr.org\/en\/2019\/10\/15\/dia-europeo-de-la-conservacion-restauracion\/","title":{"rendered":"D\u00eda Europeo de la Conservaci\u00f3n-Restauraci\u00f3n"},"content":{"rendered":"\n<p>El pasado domingo, d\u00eda 13 de octubre, tuvo lugar el <a href=\"http:\/\/www.ecco-eu.org\/european-day-of-conservation-restoration\/eu-day-cr-2019\/\">D\u00eda Europeo de la Conservaci\u00f3n-Restauraci\u00f3n organizado por la Confederaci\u00f3n Europea de Organizaciones de Conservadores-Restauradores.<\/a> El objetivo de este d\u00eda es crear conciencia sobre el papel clave de la conservaci\u00f3n-restauraci\u00f3n en la salvaguardia del patrimonio cultural con los responsables pol\u00edticos y la sociedad civil (p\u00fablica).<\/p>\n\n\n\n<p>La Plaza de Toros de Ronda, Bien de Inter\u00e9s Cultural con categor\u00eda de monumento desde 1993, ha recibido diferentes intervenciones. En 1959 un fort\u00edsimo hurac\u00e1n provoca grandes desperfectos, lo que obliga a acometer trabajos de restauraci\u00f3n en los a\u00f1os 1963 y 1964, firmados por los arquitectos de la Direcci\u00f3n General de Arquitectura Francisco Pons Sorolla y Ramiro Moya, que concluyen en septiembre de 1965.<\/p>\n\n\n\n<p><a href=\"http:\/\/www.rmcr.org\/es\/plaza_museo_patrimonio_conservacion.html\">Actuaci\u00f3n integral <\/a><\/p>\n\n\n\n<p>Desde 1997 hasta la actualidad el <a href=\"http:\/\/borreroycaballos.com\/info\/\">Estudio de Arquitectura de Cristina Borrero Beca, Mar\u00eda Caballos Rufino e Isabel Serrano Campello<\/a> ha ido desarrollando, a trav\u00e9s de numerosas intervenciones, un proyecto global de rehabilitaci\u00f3n del conjunto de la Plaza de Toros de Ronda, motivado por el celo de la Real Maestranza en su conservaci\u00f3n y mejora.<\/p>\n\n\n\n<div class=\"wp-block-image\" style=\"text-align:center;\">\n<figure class=\"aligncenter size-large is-resized\"><img fetchpriority=\"high\" decoding=\"async\" class=\"alignnone wp-image-470\" src=\"https:\/\/www.rmcr.org\/wp-content\/uploads\/2019\/10\/restauracic3b3n-rmr-2.jpg?w=567\" alt=\"\" width=\"500\" height=\"333\" \/>\n<figcaption><em>Detalle de un ca\u00f1o de agua de la Plaza de Toros tras su limpieza<\/em><\/figcaption>\n<\/figure>\n<\/div>\n\n\n\n<p>La Plaza de Toros se encontraba deteriorada debido, principalmente, a los da\u00f1os producidos por el agua, y a los causados por los desplomes y asimetr\u00edas existentes en la arquer\u00eda de piedra desde su construcci\u00f3n. Urg\u00eda, adem\u00e1s, reorganizar los accesos a los grader\u00edos de la plaza, ya que la dimensi\u00f3n insuficiente de las escaleras provocaba una evacuaci\u00f3n muy lenta de los espectadores con el consiguiente peligro.<\/p>\n\n\n\n<p>Se comienza la intervenci\u00f3n con una actuaci\u00f3n integral sobre la arquer\u00eda de piedra consistente en una limpieza mec\u00e1nica y qu\u00edmica de la superficie en zonas de dep\u00f3sitos superficiales, concreciones y costra negra, eliminaci\u00f3n de incrustaciones met\u00e1licas innecesarias o que supusieran un riesgo para los materiales originales, cosido de elementos fracturados y reconstrucci\u00f3n de vol\u00famenes con mortero de caracter\u00edsticas similares a la piedra original. Para solucionar los problemas de humedad, se desmonta y repara la cubierta aprovechando para aligerar su peso y contribuir as\u00ed a la estabilidad de la Plaza. Se finaliza con una protecci\u00f3n del conjunto mediante tratamiento biocida y consolidaci\u00f3n. Para mejorar el acceso de p\u00fablico a los grader\u00edos se replantea la circulaci\u00f3n de las escaleras, aprovechando el m\u00e1ximo que su sistema constructivo permite, mejorando notablemente el flujo de entrada y salida seg\u00fan las normativas de seguridad vigentes. En barrera y burladeros se recuperan decoraciones de \u00e9pocas anteriores, con el af\u00e1n de restituir el discurso hist\u00f3rico propio de la Plaza.<\/p>\n\n\n\n<div class=\"wp-block-image\" style=\"text-align:center;\">\n<figure class=\"aligncenter size-large\"><img decoding=\"async\" class=\"alignnone wp-image-465\" src=\"https:\/\/www.rmcr.org\/wp-content\/uploads\/2019\/10\/restauracic3b3n-rmr.png?w=787\" alt=\"\" width=\"500\" height=\"282\" \/>\n<figcaption><em> Adelaida Dolagaray, responsable de conservaci\u00f3n y restauraci\u00f3n<\/em><\/figcaption>\n<\/figure>\n<\/div>\n\n\n\n<p>Una vez garantizadas la estabilidad y seguridad de la Plaza, se acometen obras destinadas a mejorar los accesos tur\u00edsticos a \u00e9sta, ya que el conjunto dispone de unos espacios anejos muy interesantes, cuya visita ayuda a comprender en su totalidad el desarrollo de una corrida de toros, no limit\u00e1ndose al espect\u00e1culo en el ruedo, sino ilustrando la liturgia que lo acompa\u00f1a. Se organiza por tanto un recorrido tur\u00edstico m\u00e1s l\u00f3gico y extenso, con acceso amplio, tienda, aseos, etc., y una mayor superficie destinada a Museo. Una vez m\u00e1s, la estructura de la Plaza impone su l\u00f3gica, con unas salas en la parte baja del grader\u00edo de altura muy variable y planta circular, donde se sit\u00faan los dos primeros espacios expositivos, que le confieren una arquitectura singular.<\/p>\n\n\n\n<div>\n<figure><img decoding=\"async\" class=\"aligncenter\" src=\"https:\/\/www.rmcr.org\/wp-content\/uploads\/2019\/10\/restaurar-baja_009.jpg?w=886\" alt=\"\" \/><\/figure>\n<p style=\"text-align:center;\">Limpieza de la piedra (2017)<\/p>\n<p style=\"text-align:left;\">En los a\u00f1os 2017 y 2019 la piedra de la Plaza de Toros ha recibido una limpieza integral, un tratamiento de impermeabilizaci\u00f3n y diferentes trabajos de conservaci\u00f3n. Todas estas intervenciones tienen el objetivo de mantener el BIC en las mejores condiciones, que garanticen el mejor estado de consolidaci\u00f3n del monumento.<\/p>\n<\/div>\n\n\n\n<div style=\"text-align:center;\">\n<figure><img decoding=\"async\" class=\"aligncenter\" src=\"https:\/\/www.rmcr.org\/wp-content\/uploads\/2019\/10\/restauracic3b3n-rmr-1.png.jpg?w=591\" alt=\"\" width=\"443\" height=\"540\" \/>\n<figcaption>Impermeabilizaci\u00f3n de la piedra (2019)<\/figcaption>\n<\/figure>\n<\/div>\n\n\n\n<p>Bienes muebles<\/p>\n\n\n\n<p>Los trabajos de conservaci\u00f3n del patrimonio mueble -principalmente pinturas, maderas, mobiliario y murales- estuvieron a cargo del taller de Ignacio Antequera Jord\u00e1n de Urr\u00edes y Adelaida Dolagaray Clerc de Lasalle hasta el a\u00f1o 2010. Desde ese a\u00f1o, Adelaida Dolagaray Clerc de Lasalle es la responsable de la conservaci\u00f3n y restauraci\u00f3n del Museo.<\/p>\n","protected":false},"excerpt":{"rendered":"<p>El pasado domingo, d\u00eda 13 de octubre, tuvo lugar el D\u00eda Europeo de la Conservaci\u00f3n-Restauraci\u00f3n organizado por la Confederaci\u00f3n Europea de Organizaciones de Conservadores-Restauradores. El objetivo de este d\u00eda es crear conciencia sobre el papel clave de la conservaci\u00f3n-restauraci\u00f3n en la salvaguardia del patrimonio cultural con los responsables pol\u00edticos y la sociedad civil (p\u00fablica). La [&hellip;]<\/p>\n","protected":false},"author":7,"featured_media":7242,"comment_status":"open","ping_status":"open","sticky":false,"template":"","format":"standard","meta":{"footnotes":""},"categories":[280,277],"tags":[281,305],"class_list":["post-7098","post","type-post","status-publish","format-standard","has-post-thumbnail","hentry","category-arquitectura","category-plaza-de-toros","tag-bien-de-interes-cultural-bic","tag-restauracion"],"yoast_head":"<!-- This site is optimized with the Yoast SEO plugin v27.5 - https:\/\/yoast.com\/product\/yoast-seo-wordpress\/ -->\n<title>D\u00eda Europeo de la Conservaci\u00f3n-Restauraci\u00f3n - Real Maestranza de Caballer\u00eda de Ronda<\/title>\n<meta name=\"robots\" content=\"index, follow, max-snippet:-1, max-image-preview:large, max-video-preview:-1\" \/>\n<link rel=\"canonical\" href=\"https:\/\/www.rmcr.org\/en\/2019\/10\/15\/dia-europeo-de-la-conservacion-restauracion\/\" \/>\n<meta property=\"og:locale\" content=\"en_US\" \/>\n<meta property=\"og:type\" content=\"article\" \/>\n<meta property=\"og:title\" content=\"D\u00eda Europeo de la Conservaci\u00f3n-Restauraci\u00f3n - Real Maestranza de Caballer\u00eda de Ronda\" \/>\n<meta property=\"og:description\" content=\"El pasado domingo, d\u00eda 13 de octubre, tuvo lugar el D\u00eda Europeo de la Conservaci\u00f3n-Restauraci\u00f3n organizado por la Confederaci\u00f3n Europea de Organizaciones de Conservadores-Restauradores. El objetivo de este d\u00eda es crear conciencia sobre el papel clave de la conservaci\u00f3n-restauraci\u00f3n en la salvaguardia del patrimonio cultural con los responsables pol\u00edticos y la sociedad civil (p\u00fablica). La [&hellip;]\" \/>\n<meta property=\"og:url\" content=\"https:\/\/www.rmcr.org\/en\/2019\/10\/15\/dia-europeo-de-la-conservacion-restauracion\/\" \/>\n<meta property=\"og:site_name\" content=\"Real Maestranza de Caballer\u00eda de Ronda\" \/>\n<meta property=\"article:publisher\" content=\"https:\/\/www.facebook.com\/plazadetorosronda\" \/>\n<meta property=\"article:published_time\" content=\"2019-10-15T12:56:55+00:00\" \/>\n<meta property=\"og:image\" content=\"https:\/\/www.rmcr.org\/wp-content\/uploads\/2019\/10\/resta.png\" \/>\n\t<meta property=\"og:image:width\" content=\"482\" \/>\n\t<meta property=\"og:image:height\" content=\"143\" \/>\n\t<meta property=\"og:image:type\" content=\"image\/png\" \/>\n<meta name=\"author\" content=\"RMCR\" \/>\n<meta name=\"twitter:card\" content=\"summary_large_image\" \/>\n<meta name=\"twitter:creator\" content=\"@PlazatorosRMR\" \/>\n<meta name=\"twitter:site\" content=\"@PlazatorosRMR\" \/>\n<meta name=\"twitter:label1\" content=\"Written by\" \/>\n\t<meta name=\"twitter:data1\" content=\"RMCR\" \/>\n\t<meta name=\"twitter:label2\" content=\"Est. reading time\" \/>\n\t<meta name=\"twitter:data2\" content=\"4 minutes\" \/>\n<script type=\"application\/ld+json\" class=\"yoast-schema-graph\">{\"@context\":\"https:\\\/\\\/schema.org\",\"@graph\":[{\"@type\":\"Article\",\"@id\":\"https:\\\/\\\/www.rmcr.org\\\/en\\\/2019\\\/10\\\/15\\\/dia-europeo-de-la-conservacion-restauracion\\\/#article\",\"isPartOf\":{\"@id\":\"https:\\\/\\\/www.rmcr.org\\\/en\\\/2019\\\/10\\\/15\\\/dia-europeo-de-la-conservacion-restauracion\\\/\"},\"author\":{\"name\":\"RMCR\",\"@id\":\"https:\\\/\\\/www.rmcr.org\\\/en\\\/#\\\/schema\\\/person\\\/7ddd0dafda7edd0e407157f93a56df4f\"},\"headline\":\"D\u00eda Europeo de la Conservaci\u00f3n-Restauraci\u00f3n\",\"datePublished\":\"2019-10-15T12:56:55+00:00\",\"mainEntityOfPage\":{\"@id\":\"https:\\\/\\\/www.rmcr.org\\\/en\\\/2019\\\/10\\\/15\\\/dia-europeo-de-la-conservacion-restauracion\\\/\"},\"wordCount\":735,\"commentCount\":0,\"publisher\":{\"@id\":\"https:\\\/\\\/www.rmcr.org\\\/en\\\/#organization\"},\"image\":{\"@id\":\"https:\\\/\\\/www.rmcr.org\\\/en\\\/2019\\\/10\\\/15\\\/dia-europeo-de-la-conservacion-restauracion\\\/#primaryimage\"},\"thumbnailUrl\":\"https:\\\/\\\/www.rmcr.org\\\/wp-content\\\/uploads\\\/2019\\\/10\\\/resta.png\",\"keywords\":[\"Bien de Inter\u00e9s Cultural (BIC)\",\"Restauraci\u00f3n\"],\"articleSection\":[\"Arquitectura\",\"Plaza de Toros\"],\"inLanguage\":\"en-US\",\"potentialAction\":[{\"@type\":\"CommentAction\",\"name\":\"Comment\",\"target\":[\"https:\\\/\\\/www.rmcr.org\\\/en\\\/2019\\\/10\\\/15\\\/dia-europeo-de-la-conservacion-restauracion\\\/#respond\"]}]},{\"@type\":\"WebPage\",\"@id\":\"https:\\\/\\\/www.rmcr.org\\\/en\\\/2019\\\/10\\\/15\\\/dia-europeo-de-la-conservacion-restauracion\\\/\",\"url\":\"https:\\\/\\\/www.rmcr.org\\\/en\\\/2019\\\/10\\\/15\\\/dia-europeo-de-la-conservacion-restauracion\\\/\",\"name\":\"D\u00eda Europeo de la Conservaci\u00f3n-Restauraci\u00f3n - Real Maestranza de Caballer\u00eda de Ronda\",\"isPartOf\":{\"@id\":\"https:\\\/\\\/www.rmcr.org\\\/en\\\/#website\"},\"primaryImageOfPage\":{\"@id\":\"https:\\\/\\\/www.rmcr.org\\\/en\\\/2019\\\/10\\\/15\\\/dia-europeo-de-la-conservacion-restauracion\\\/#primaryimage\"},\"image\":{\"@id\":\"https:\\\/\\\/www.rmcr.org\\\/en\\\/2019\\\/10\\\/15\\\/dia-europeo-de-la-conservacion-restauracion\\\/#primaryimage\"},\"thumbnailUrl\":\"https:\\\/\\\/www.rmcr.org\\\/wp-content\\\/uploads\\\/2019\\\/10\\\/resta.png\",\"datePublished\":\"2019-10-15T12:56:55+00:00\",\"breadcrumb\":{\"@id\":\"https:\\\/\\\/www.rmcr.org\\\/en\\\/2019\\\/10\\\/15\\\/dia-europeo-de-la-conservacion-restauracion\\\/#breadcrumb\"},\"inLanguage\":\"en-US\",\"potentialAction\":[{\"@type\":\"ReadAction\",\"target\":[\"https:\\\/\\\/www.rmcr.org\\\/en\\\/2019\\\/10\\\/15\\\/dia-europeo-de-la-conservacion-restauracion\\\/\"]}]},{\"@type\":\"ImageObject\",\"inLanguage\":\"en-US\",\"@id\":\"https:\\\/\\\/www.rmcr.org\\\/en\\\/2019\\\/10\\\/15\\\/dia-europeo-de-la-conservacion-restauracion\\\/#primaryimage\",\"url\":\"https:\\\/\\\/www.rmcr.org\\\/wp-content\\\/uploads\\\/2019\\\/10\\\/resta.png\",\"contentUrl\":\"https:\\\/\\\/www.rmcr.org\\\/wp-content\\\/uploads\\\/2019\\\/10\\\/resta.png\",\"width\":482,\"height\":143},{\"@type\":\"BreadcrumbList\",\"@id\":\"https:\\\/\\\/www.rmcr.org\\\/en\\\/2019\\\/10\\\/15\\\/dia-europeo-de-la-conservacion-restauracion\\\/#breadcrumb\",\"itemListElement\":[{\"@type\":\"ListItem\",\"position\":1,\"name\":\"REAL MAESTRANZA DE CABALLER\u00cdA DE RONDA\",\"item\":\"https:\\\/\\\/www.rmcr.org\\\/en\\\/\"},{\"@type\":\"ListItem\",\"position\":2,\"name\":\"D\u00eda Europeo de la Conservaci\u00f3n-Restauraci\u00f3n\"}]},{\"@type\":\"WebSite\",\"@id\":\"https:\\\/\\\/www.rmcr.org\\\/en\\\/#website\",\"url\":\"https:\\\/\\\/www.rmcr.org\\\/en\\\/\",\"name\":\"Real Maestranza de Caballer\u00eda de Ronda\",\"description\":\"Real Maestranza de Caballer\u00eda de Ronda\",\"publisher\":{\"@id\":\"https:\\\/\\\/www.rmcr.org\\\/en\\\/#organization\"},\"alternateName\":\"RMCR\",\"potentialAction\":[{\"@type\":\"SearchAction\",\"target\":{\"@type\":\"EntryPoint\",\"urlTemplate\":\"https:\\\/\\\/www.rmcr.org\\\/en\\\/?s={search_term_string}\"},\"query-input\":{\"@type\":\"PropertyValueSpecification\",\"valueRequired\":true,\"valueName\":\"search_term_string\"}}],\"inLanguage\":\"en-US\"},{\"@type\":\"Organization\",\"@id\":\"https:\\\/\\\/www.rmcr.org\\\/en\\\/#organization\",\"name\":\"Real Maestranza de Caballer\u00eda de Ronda\",\"alternateName\":\"RMR\",\"url\":\"https:\\\/\\\/www.rmcr.org\\\/en\\\/\",\"logo\":{\"@type\":\"ImageObject\",\"inLanguage\":\"en-US\",\"@id\":\"https:\\\/\\\/www.rmcr.org\\\/en\\\/#\\\/schema\\\/logo\\\/image\\\/\",\"url\":\"https:\\\/\\\/www.rmcr.org\\\/wp-content\\\/uploads\\\/2022\\\/07\\\/logo-rmr-blue.svg\",\"contentUrl\":\"https:\\\/\\\/www.rmcr.org\\\/wp-content\\\/uploads\\\/2022\\\/07\\\/logo-rmr-blue.svg\",\"width\":131,\"height\":129,\"caption\":\"Real Maestranza de Caballer\u00eda de Ronda\"},\"image\":{\"@id\":\"https:\\\/\\\/www.rmcr.org\\\/en\\\/#\\\/schema\\\/logo\\\/image\\\/\"},\"sameAs\":[\"https:\\\/\\\/www.facebook.com\\\/plazadetorosronda\",\"https:\\\/\\\/x.com\\\/PlazatorosRMR\",\"https:\\\/\\\/www.instagram.com\\\/realmaestranzaderonda\\\/\",\"https:\\\/\\\/www.youtube.com\\\/channel\\\/UCrbO5IUN-8v_QML739vM4zg\\\/videos\"]},{\"@type\":\"Person\",\"@id\":\"https:\\\/\\\/www.rmcr.org\\\/en\\\/#\\\/schema\\\/person\\\/7ddd0dafda7edd0e407157f93a56df4f\",\"name\":\"RMCR\",\"image\":{\"@type\":\"ImageObject\",\"inLanguage\":\"en-US\",\"@id\":\"https:\\\/\\\/secure.gravatar.com\\\/avatar\\\/adb75798b50800c24baa6a8706037b9469998c49eddeb95935f50f633cff80bb?s=96&d=mm&r=g\",\"url\":\"https:\\\/\\\/secure.gravatar.com\\\/avatar\\\/adb75798b50800c24baa6a8706037b9469998c49eddeb95935f50f633cff80bb?s=96&d=mm&r=g\",\"contentUrl\":\"https:\\\/\\\/secure.gravatar.com\\\/avatar\\\/adb75798b50800c24baa6a8706037b9469998c49eddeb95935f50f633cff80bb?s=96&d=mm&r=g\",\"caption\":\"RMCR\"},\"url\":\"https:\\\/\\\/www.rmcr.org\\\/en\\\/author\\\/bitniks77\\\/\"}]}<\/script>\n<!-- \/ Yoast SEO plugin. -->","yoast_head_json":{"title":"D\u00eda Europeo de la Conservaci\u00f3n-Restauraci\u00f3n - Real Maestranza de Caballer\u00eda de Ronda","robots":{"index":"index","follow":"follow","max-snippet":"max-snippet:-1","max-image-preview":"max-image-preview:large","max-video-preview":"max-video-preview:-1"},"canonical":"https:\/\/www.rmcr.org\/en\/2019\/10\/15\/dia-europeo-de-la-conservacion-restauracion\/","og_locale":"en_US","og_type":"article","og_title":"D\u00eda Europeo de la Conservaci\u00f3n-Restauraci\u00f3n - Real Maestranza de Caballer\u00eda de Ronda","og_description":"El pasado domingo, d\u00eda 13 de octubre, tuvo lugar el D\u00eda Europeo de la Conservaci\u00f3n-Restauraci\u00f3n organizado por la Confederaci\u00f3n Europea de Organizaciones de Conservadores-Restauradores. El objetivo de este d\u00eda es crear conciencia sobre el papel clave de la conservaci\u00f3n-restauraci\u00f3n en la salvaguardia del patrimonio cultural con los responsables pol\u00edticos y la sociedad civil (p\u00fablica). La [&hellip;]","og_url":"https:\/\/www.rmcr.org\/en\/2019\/10\/15\/dia-europeo-de-la-conservacion-restauracion\/","og_site_name":"Real Maestranza de Caballer\u00eda de Ronda","article_publisher":"https:\/\/www.facebook.com\/plazadetorosronda","article_published_time":"2019-10-15T12:56:55+00:00","og_image":[{"width":482,"height":143,"url":"https:\/\/www.rmcr.org\/wp-content\/uploads\/2019\/10\/resta.png","type":"image\/png"}],"author":"RMCR","twitter_card":"summary_large_image","twitter_creator":"@PlazatorosRMR","twitter_site":"@PlazatorosRMR","twitter_misc":{"Written by":"RMCR","Est. reading time":"4 minutes"},"schema":{"@context":"https:\/\/schema.org","@graph":[{"@type":"Article","@id":"https:\/\/www.rmcr.org\/en\/2019\/10\/15\/dia-europeo-de-la-conservacion-restauracion\/#article","isPartOf":{"@id":"https:\/\/www.rmcr.org\/en\/2019\/10\/15\/dia-europeo-de-la-conservacion-restauracion\/"},"author":{"name":"RMCR","@id":"https:\/\/www.rmcr.org\/en\/#\/schema\/person\/7ddd0dafda7edd0e407157f93a56df4f"},"headline":"D\u00eda Europeo de la Conservaci\u00f3n-Restauraci\u00f3n","datePublished":"2019-10-15T12:56:55+00:00","mainEntityOfPage":{"@id":"https:\/\/www.rmcr.org\/en\/2019\/10\/15\/dia-europeo-de-la-conservacion-restauracion\/"},"wordCount":735,"commentCount":0,"publisher":{"@id":"https:\/\/www.rmcr.org\/en\/#organization"},"image":{"@id":"https:\/\/www.rmcr.org\/en\/2019\/10\/15\/dia-europeo-de-la-conservacion-restauracion\/#primaryimage"},"thumbnailUrl":"https:\/\/www.rmcr.org\/wp-content\/uploads\/2019\/10\/resta.png","keywords":["Bien de Inter\u00e9s Cultural (BIC)","Restauraci\u00f3n"],"articleSection":["Arquitectura","Plaza de Toros"],"inLanguage":"en-US","potentialAction":[{"@type":"CommentAction","name":"Comment","target":["https:\/\/www.rmcr.org\/en\/2019\/10\/15\/dia-europeo-de-la-conservacion-restauracion\/#respond"]}]},{"@type":"WebPage","@id":"https:\/\/www.rmcr.org\/en\/2019\/10\/15\/dia-europeo-de-la-conservacion-restauracion\/","url":"https:\/\/www.rmcr.org\/en\/2019\/10\/15\/dia-europeo-de-la-conservacion-restauracion\/","name":"D\u00eda Europeo de la Conservaci\u00f3n-Restauraci\u00f3n - Real Maestranza de Caballer\u00eda de Ronda","isPartOf":{"@id":"https:\/\/www.rmcr.org\/en\/#website"},"primaryImageOfPage":{"@id":"https:\/\/www.rmcr.org\/en\/2019\/10\/15\/dia-europeo-de-la-conservacion-restauracion\/#primaryimage"},"image":{"@id":"https:\/\/www.rmcr.org\/en\/2019\/10\/15\/dia-europeo-de-la-conservacion-restauracion\/#primaryimage"},"thumbnailUrl":"https:\/\/www.rmcr.org\/wp-content\/uploads\/2019\/10\/resta.png","datePublished":"2019-10-15T12:56:55+00:00","breadcrumb":{"@id":"https:\/\/www.rmcr.org\/en\/2019\/10\/15\/dia-europeo-de-la-conservacion-restauracion\/#breadcrumb"},"inLanguage":"en-US","potentialAction":[{"@type":"ReadAction","target":["https:\/\/www.rmcr.org\/en\/2019\/10\/15\/dia-europeo-de-la-conservacion-restauracion\/"]}]},{"@type":"ImageObject","inLanguage":"en-US","@id":"https:\/\/www.rmcr.org\/en\/2019\/10\/15\/dia-europeo-de-la-conservacion-restauracion\/#primaryimage","url":"https:\/\/www.rmcr.org\/wp-content\/uploads\/2019\/10\/resta.png","contentUrl":"https:\/\/www.rmcr.org\/wp-content\/uploads\/2019\/10\/resta.png","width":482,"height":143},{"@type":"BreadcrumbList","@id":"https:\/\/www.rmcr.org\/en\/2019\/10\/15\/dia-europeo-de-la-conservacion-restauracion\/#breadcrumb","itemListElement":[{"@type":"ListItem","position":1,"name":"REAL MAESTRANZA DE CABALLER\u00cdA DE RONDA","item":"https:\/\/www.rmcr.org\/en\/"},{"@type":"ListItem","position":2,"name":"D\u00eda Europeo de la Conservaci\u00f3n-Restauraci\u00f3n"}]},{"@type":"WebSite","@id":"https:\/\/www.rmcr.org\/en\/#website","url":"https:\/\/www.rmcr.org\/en\/","name":"Real Maestranza de Caballer\u00eda de Ronda","description":"Real Maestranza de Caballer\u00eda de Ronda","publisher":{"@id":"https:\/\/www.rmcr.org\/en\/#organization"},"alternateName":"RMCR","potentialAction":[{"@type":"SearchAction","target":{"@type":"EntryPoint","urlTemplate":"https:\/\/www.rmcr.org\/en\/?s={search_term_string}"},"query-input":{"@type":"PropertyValueSpecification","valueRequired":true,"valueName":"search_term_string"}}],"inLanguage":"en-US"},{"@type":"Organization","@id":"https:\/\/www.rmcr.org\/en\/#organization","name":"Real Maestranza de Caballer\u00eda de Ronda","alternateName":"RMR","url":"https:\/\/www.rmcr.org\/en\/","logo":{"@type":"ImageObject","inLanguage":"en-US","@id":"https:\/\/www.rmcr.org\/en\/#\/schema\/logo\/image\/","url":"https:\/\/www.rmcr.org\/wp-content\/uploads\/2022\/07\/logo-rmr-blue.svg","contentUrl":"https:\/\/www.rmcr.org\/wp-content\/uploads\/2022\/07\/logo-rmr-blue.svg","width":131,"height":129,"caption":"Real Maestranza de Caballer\u00eda de Ronda"},"image":{"@id":"https:\/\/www.rmcr.org\/en\/#\/schema\/logo\/image\/"},"sameAs":["https:\/\/www.facebook.com\/plazadetorosronda","https:\/\/x.com\/PlazatorosRMR","https:\/\/www.instagram.com\/realmaestranzaderonda\/","https:\/\/www.youtube.com\/channel\/UCrbO5IUN-8v_QML739vM4zg\/videos"]},{"@type":"Person","@id":"https:\/\/www.rmcr.org\/en\/#\/schema\/person\/7ddd0dafda7edd0e407157f93a56df4f","name":"RMCR","image":{"@type":"ImageObject","inLanguage":"en-US","@id":"https:\/\/secure.gravatar.com\/avatar\/adb75798b50800c24baa6a8706037b9469998c49eddeb95935f50f633cff80bb?s=96&d=mm&r=g","url":"https:\/\/secure.gravatar.com\/avatar\/adb75798b50800c24baa6a8706037b9469998c49eddeb95935f50f633cff80bb?s=96&d=mm&r=g","contentUrl":"https:\/\/secure.gravatar.com\/avatar\/adb75798b50800c24baa6a8706037b9469998c49eddeb95935f50f633cff80bb?s=96&d=mm&r=g","caption":"RMCR"},"url":"https:\/\/www.rmcr.org\/en\/author\/bitniks77\/"}]}},"_links":{"self":[{"href":"https:\/\/www.rmcr.org\/en\/wp-json\/wp\/v2\/posts\/7098","targetHints":{"allow":["GET"]}}],"collection":[{"href":"https:\/\/www.rmcr.org\/en\/wp-json\/wp\/v2\/posts"}],"about":[{"href":"https:\/\/www.rmcr.org\/en\/wp-json\/wp\/v2\/types\/post"}],"author":[{"embeddable":true,"href":"https:\/\/www.rmcr.org\/en\/wp-json\/wp\/v2\/users\/7"}],"replies":[{"embeddable":true,"href":"https:\/\/www.rmcr.org\/en\/wp-json\/wp\/v2\/comments?post=7098"}],"version-history":[{"count":0,"href":"https:\/\/www.rmcr.org\/en\/wp-json\/wp\/v2\/posts\/7098\/revisions"}],"wp:featuredmedia":[{"embeddable":true,"href":"https:\/\/www.rmcr.org\/en\/wp-json\/wp\/v2\/media\/7242"}],"wp:attachment":[{"href":"https:\/\/www.rmcr.org\/en\/wp-json\/wp\/v2\/media?parent=7098"}],"wp:term":[{"taxonomy":"category","embeddable":true,"href":"https:\/\/www.rmcr.org\/en\/wp-json\/wp\/v2\/categories?post=7098"},{"taxonomy":"post_tag","embeddable":true,"href":"https:\/\/www.rmcr.org\/en\/wp-json\/wp\/v2\/tags?post=7098"}],"curies":[{"name":"wp","href":"https:\/\/api.w.org\/{rel}","templated":true}]}}