{"id":7094,"date":"2019-07-24T09:02:55","date_gmt":"2019-07-24T09:02:55","guid":{"rendered":"https:\/\/www.rmcr.org\/?p=7094"},"modified":"2019-07-24T09:02:55","modified_gmt":"2019-07-24T09:02:55","slug":"anulado-el-xliii-concurso-exhibicion-de-enganches-de-ronda-del-domingo-1-de-septiembre","status":"publish","type":"post","link":"https:\/\/www.rmcr.org\/en\/2019\/07\/24\/anulado-el-xliii-concurso-exhibicion-de-enganches-de-ronda-del-domingo-1-de-septiembre\/","title":{"rendered":"Anulado el XLIII Concurso Exhibici\u00f3n de Enganches de Ronda del domingo 1 de septiembre."},"content":{"rendered":"\n<p>El Concurso Exhibici\u00f3n de Enganches de Ronda que hasta ahora se hab\u00eda celebrado&nbsp;el domingo&nbsp;por la ma\u00f1ana tras la Goyesca, como parte de los festejos taurinos y ecuestres, no se celebrar\u00e1 este a\u00f1o&nbsp;el domingo 1 de septiembre, d\u00eda de la Corrida de Rejones, por decisi\u00f3n del Ayuntamiento.<\/p>\n\n\n\n<div class=\"wp-block-image\"><figure class=\"aligncenter size-large\"><img decoding=\"async\" src=\"https:\/\/www.rmcr.org\/wp-content\/uploads\/2019\/07\/enganches-baja_189-1.jpg\" alt=\"\" class=\"wp-image-398\" \/><figcaption><em>XLII Concurso Exhibici\u00f3n de Enganches de Ronda<\/em><\/figcaption><\/figure><\/div>\n","protected":false},"excerpt":{"rendered":"<p>El Concurso Exhibici\u00f3n de Enganches de Ronda que hasta ahora se hab\u00eda celebrado&nbsp;el domingo&nbsp;por la ma\u00f1ana tras la Goyesca, como parte de los festejos taurinos y ecuestres, no se celebrar\u00e1 este a\u00f1o&nbsp;el domingo 1 de septiembre, d\u00eda de la Corrida de Rejones, por decisi\u00f3n del Ayuntamiento.<\/p>\n","protected":false},"author":7,"featured_media":7239,"comment_status":"open","ping_status":"open","sticky":false,"template":"","format":"standard","meta":{"footnotes":""},"categories":[291,277,301],"tags":[290],"class_list":["post-7094","post","type-post","status-publish","format-standard","has-post-thumbnail","hentry","category-enganches","category-plaza-de-toros","category-real-maestranza","tag-concurso-exhibicion-enganches"],"yoast_head":"<!-- This site is optimized with the Yoast SEO plugin v27.5 - https:\/\/yoast.com\/product\/yoast-seo-wordpress\/ -->\n<title>Anulado el XLIII Concurso Exhibici\u00f3n de Enganches de Ronda del domingo 1 de septiembre. - Real Maestranza de Caballer\u00eda de Ronda<\/title>\n<meta name=\"robots\" content=\"index, follow, max-snippet:-1, max-image-preview:large, max-video-preview:-1\" \/>\n<link rel=\"canonical\" href=\"https:\/\/www.rmcr.org\/en\/2019\/07\/24\/anulado-el-xliii-concurso-exhibicion-de-enganches-de-ronda-del-domingo-1-de-septiembre\/\" \/>\n<meta property=\"og:locale\" content=\"en_US\" \/>\n<meta property=\"og:type\" content=\"article\" \/>\n<meta property=\"og:title\" content=\"Anulado el XLIII Concurso Exhibici\u00f3n de Enganches de Ronda del domingo 1 de septiembre. - Real Maestranza de Caballer\u00eda de Ronda\" \/>\n<meta property=\"og:description\" content=\"El Concurso Exhibici\u00f3n de Enganches de Ronda que hasta ahora se hab\u00eda celebrado&nbsp;el domingo&nbsp;por la ma\u00f1ana tras la Goyesca, como parte de los festejos taurinos y ecuestres, no se celebrar\u00e1 este a\u00f1o&nbsp;el domingo 1 de septiembre, d\u00eda de la Corrida de Rejones, por decisi\u00f3n del Ayuntamiento.\" \/>\n<meta property=\"og:url\" content=\"https:\/\/www.rmcr.org\/en\/2019\/07\/24\/anulado-el-xliii-concurso-exhibicion-de-enganches-de-ronda-del-domingo-1-de-septiembre\/\" \/>\n<meta property=\"og:site_name\" content=\"Real Maestranza de Caballer\u00eda de Ronda\" \/>\n<meta property=\"article:publisher\" content=\"https:\/\/www.facebook.com\/plazadetorosronda\" \/>\n<meta property=\"article:published_time\" content=\"2019-07-24T09:02:55+00:00\" \/>\n<meta property=\"og:image\" content=\"https:\/\/www.rmcr.org\/wp-content\/uploads\/2019\/07\/pdg.jpg\" \/>\n\t<meta property=\"og:image:width\" content=\"482\" \/>\n\t<meta property=\"og:image:height\" content=\"143\" \/>\n\t<meta property=\"og:image:type\" content=\"image\/jpeg\" \/>\n<meta name=\"author\" content=\"RMCR\" \/>\n<meta name=\"twitter:card\" content=\"summary_large_image\" \/>\n<meta name=\"twitter:creator\" content=\"@PlazatorosRMR\" \/>\n<meta name=\"twitter:site\" content=\"@PlazatorosRMR\" \/>\n<meta name=\"twitter:label1\" content=\"Written by\" \/>\n\t<meta name=\"twitter:data1\" content=\"RMCR\" \/>\n<script type=\"application\/ld+json\" class=\"yoast-schema-graph\">{\"@context\":\"https:\\\/\\\/schema.org\",\"@graph\":[{\"@type\":\"Article\",\"@id\":\"https:\\\/\\\/www.rmcr.org\\\/en\\\/2019\\\/07\\\/24\\\/anulado-el-xliii-concurso-exhibicion-de-enganches-de-ronda-del-domingo-1-de-septiembre\\\/#article\",\"isPartOf\":{\"@id\":\"https:\\\/\\\/www.rmcr.org\\\/en\\\/2019\\\/07\\\/24\\\/anulado-el-xliii-concurso-exhibicion-de-enganches-de-ronda-del-domingo-1-de-septiembre\\\/\"},\"author\":{\"name\":\"RMCR\",\"@id\":\"https:\\\/\\\/www.rmcr.org\\\/en\\\/#\\\/schema\\\/person\\\/7ddd0dafda7edd0e407157f93a56df4f\"},\"headline\":\"Anulado el XLIII Concurso Exhibici\u00f3n de Enganches de Ronda del domingo 1 de septiembre.\",\"datePublished\":\"2019-07-24T09:02:55+00:00\",\"mainEntityOfPage\":{\"@id\":\"https:\\\/\\\/www.rmcr.org\\\/en\\\/2019\\\/07\\\/24\\\/anulado-el-xliii-concurso-exhibicion-de-enganches-de-ronda-del-domingo-1-de-septiembre\\\/\"},\"wordCount\":79,\"commentCount\":0,\"publisher\":{\"@id\":\"https:\\\/\\\/www.rmcr.org\\\/en\\\/#organization\"},\"image\":{\"@id\":\"https:\\\/\\\/www.rmcr.org\\\/en\\\/2019\\\/07\\\/24\\\/anulado-el-xliii-concurso-exhibicion-de-enganches-de-ronda-del-domingo-1-de-septiembre\\\/#primaryimage\"},\"thumbnailUrl\":\"https:\\\/\\\/www.rmcr.org\\\/wp-content\\\/uploads\\\/2019\\\/07\\\/pdg.jpg\",\"keywords\":[\"Concurso Exhibici\u00f3n Enganches\"],\"articleSection\":[\"Enganches\",\"Plaza de Toros\",\"Real Maestranza\"],\"inLanguage\":\"en-US\",\"potentialAction\":[{\"@type\":\"CommentAction\",\"name\":\"Comment\",\"target\":[\"https:\\\/\\\/www.rmcr.org\\\/en\\\/2019\\\/07\\\/24\\\/anulado-el-xliii-concurso-exhibicion-de-enganches-de-ronda-del-domingo-1-de-septiembre\\\/#respond\"]}]},{\"@type\":\"WebPage\",\"@id\":\"https:\\\/\\\/www.rmcr.org\\\/en\\\/2019\\\/07\\\/24\\\/anulado-el-xliii-concurso-exhibicion-de-enganches-de-ronda-del-domingo-1-de-septiembre\\\/\",\"url\":\"https:\\\/\\\/www.rmcr.org\\\/en\\\/2019\\\/07\\\/24\\\/anulado-el-xliii-concurso-exhibicion-de-enganches-de-ronda-del-domingo-1-de-septiembre\\\/\",\"name\":\"Anulado el XLIII Concurso Exhibici\u00f3n de Enganches de Ronda del domingo 1 de septiembre. - Real Maestranza de Caballer\u00eda de Ronda\",\"isPartOf\":{\"@id\":\"https:\\\/\\\/www.rmcr.org\\\/en\\\/#website\"},\"primaryImageOfPage\":{\"@id\":\"https:\\\/\\\/www.rmcr.org\\\/en\\\/2019\\\/07\\\/24\\\/anulado-el-xliii-concurso-exhibicion-de-enganches-de-ronda-del-domingo-1-de-septiembre\\\/#primaryimage\"},\"image\":{\"@id\":\"https:\\\/\\\/www.rmcr.org\\\/en\\\/2019\\\/07\\\/24\\\/anulado-el-xliii-concurso-exhibicion-de-enganches-de-ronda-del-domingo-1-de-septiembre\\\/#primaryimage\"},\"thumbnailUrl\":\"https:\\\/\\\/www.rmcr.org\\\/wp-content\\\/uploads\\\/2019\\\/07\\\/pdg.jpg\",\"datePublished\":\"2019-07-24T09:02:55+00:00\",\"breadcrumb\":{\"@id\":\"https:\\\/\\\/www.rmcr.org\\\/en\\\/2019\\\/07\\\/24\\\/anulado-el-xliii-concurso-exhibicion-de-enganches-de-ronda-del-domingo-1-de-septiembre\\\/#breadcrumb\"},\"inLanguage\":\"en-US\",\"potentialAction\":[{\"@type\":\"ReadAction\",\"target\":[\"https:\\\/\\\/www.rmcr.org\\\/en\\\/2019\\\/07\\\/24\\\/anulado-el-xliii-concurso-exhibicion-de-enganches-de-ronda-del-domingo-1-de-septiembre\\\/\"]}]},{\"@type\":\"ImageObject\",\"inLanguage\":\"en-US\",\"@id\":\"https:\\\/\\\/www.rmcr.org\\\/en\\\/2019\\\/07\\\/24\\\/anulado-el-xliii-concurso-exhibicion-de-enganches-de-ronda-del-domingo-1-de-septiembre\\\/#primaryimage\",\"url\":\"https:\\\/\\\/www.rmcr.org\\\/wp-content\\\/uploads\\\/2019\\\/07\\\/pdg.jpg\",\"contentUrl\":\"https:\\\/\\\/www.rmcr.org\\\/wp-content\\\/uploads\\\/2019\\\/07\\\/pdg.jpg\",\"width\":482,\"height\":143},{\"@type\":\"BreadcrumbList\",\"@id\":\"https:\\\/\\\/www.rmcr.org\\\/en\\\/2019\\\/07\\\/24\\\/anulado-el-xliii-concurso-exhibicion-de-enganches-de-ronda-del-domingo-1-de-septiembre\\\/#breadcrumb\",\"itemListElement\":[{\"@type\":\"ListItem\",\"position\":1,\"name\":\"REAL MAESTRANZA DE CABALLER\u00cdA DE RONDA\",\"item\":\"https:\\\/\\\/www.rmcr.org\\\/en\\\/\"},{\"@type\":\"ListItem\",\"position\":2,\"name\":\"Anulado el XLIII Concurso Exhibici\u00f3n de Enganches de Ronda del domingo 1 de septiembre.\"}]},{\"@type\":\"WebSite\",\"@id\":\"https:\\\/\\\/www.rmcr.org\\\/en\\\/#website\",\"url\":\"https:\\\/\\\/www.rmcr.org\\\/en\\\/\",\"name\":\"Real Maestranza de Caballer\u00eda de Ronda\",\"description\":\"Real Maestranza de Caballer\u00eda de Ronda\",\"publisher\":{\"@id\":\"https:\\\/\\\/www.rmcr.org\\\/en\\\/#organization\"},\"alternateName\":\"RMCR\",\"potentialAction\":[{\"@type\":\"SearchAction\",\"target\":{\"@type\":\"EntryPoint\",\"urlTemplate\":\"https:\\\/\\\/www.rmcr.org\\\/en\\\/?s={search_term_string}\"},\"query-input\":{\"@type\":\"PropertyValueSpecification\",\"valueRequired\":true,\"valueName\":\"search_term_string\"}}],\"inLanguage\":\"en-US\"},{\"@type\":\"Organization\",\"@id\":\"https:\\\/\\\/www.rmcr.org\\\/en\\\/#organization\",\"name\":\"Real Maestranza de Caballer\u00eda de Ronda\",\"alternateName\":\"RMR\",\"url\":\"https:\\\/\\\/www.rmcr.org\\\/en\\\/\",\"logo\":{\"@type\":\"ImageObject\",\"inLanguage\":\"en-US\",\"@id\":\"https:\\\/\\\/www.rmcr.org\\\/en\\\/#\\\/schema\\\/logo\\\/image\\\/\",\"url\":\"https:\\\/\\\/www.rmcr.org\\\/wp-content\\\/uploads\\\/2022\\\/07\\\/logo-rmr-blue.svg\",\"contentUrl\":\"https:\\\/\\\/www.rmcr.org\\\/wp-content\\\/uploads\\\/2022\\\/07\\\/logo-rmr-blue.svg\",\"width\":131,\"height\":129,\"caption\":\"Real Maestranza de Caballer\u00eda de Ronda\"},\"image\":{\"@id\":\"https:\\\/\\\/www.rmcr.org\\\/en\\\/#\\\/schema\\\/logo\\\/image\\\/\"},\"sameAs\":[\"https:\\\/\\\/www.facebook.com\\\/plazadetorosronda\",\"https:\\\/\\\/x.com\\\/PlazatorosRMR\",\"https:\\\/\\\/www.instagram.com\\\/realmaestranzaderonda\\\/\",\"https:\\\/\\\/www.youtube.com\\\/channel\\\/UCrbO5IUN-8v_QML739vM4zg\\\/videos\"]},{\"@type\":\"Person\",\"@id\":\"https:\\\/\\\/www.rmcr.org\\\/en\\\/#\\\/schema\\\/person\\\/7ddd0dafda7edd0e407157f93a56df4f\",\"name\":\"RMCR\",\"image\":{\"@type\":\"ImageObject\",\"inLanguage\":\"en-US\",\"@id\":\"https:\\\/\\\/secure.gravatar.com\\\/avatar\\\/adb75798b50800c24baa6a8706037b9469998c49eddeb95935f50f633cff80bb?s=96&d=mm&r=g\",\"url\":\"https:\\\/\\\/secure.gravatar.com\\\/avatar\\\/adb75798b50800c24baa6a8706037b9469998c49eddeb95935f50f633cff80bb?s=96&d=mm&r=g\",\"contentUrl\":\"https:\\\/\\\/secure.gravatar.com\\\/avatar\\\/adb75798b50800c24baa6a8706037b9469998c49eddeb95935f50f633cff80bb?s=96&d=mm&r=g\",\"caption\":\"RMCR\"},\"url\":\"https:\\\/\\\/www.rmcr.org\\\/en\\\/author\\\/bitniks77\\\/\"}]}<\/script>\n<!-- \/ Yoast SEO plugin. -->","yoast_head_json":{"title":"Anulado el XLIII Concurso Exhibici\u00f3n de Enganches de Ronda del domingo 1 de septiembre. - Real Maestranza de Caballer\u00eda de Ronda","robots":{"index":"index","follow":"follow","max-snippet":"max-snippet:-1","max-image-preview":"max-image-preview:large","max-video-preview":"max-video-preview:-1"},"canonical":"https:\/\/www.rmcr.org\/en\/2019\/07\/24\/anulado-el-xliii-concurso-exhibicion-de-enganches-de-ronda-del-domingo-1-de-septiembre\/","og_locale":"en_US","og_type":"article","og_title":"Anulado el XLIII Concurso Exhibici\u00f3n de Enganches de Ronda del domingo 1 de septiembre. - Real Maestranza de Caballer\u00eda de Ronda","og_description":"El Concurso Exhibici\u00f3n de Enganches de Ronda que hasta ahora se hab\u00eda celebrado&nbsp;el domingo&nbsp;por la ma\u00f1ana tras la Goyesca, como parte de los festejos taurinos y ecuestres, no se celebrar\u00e1 este a\u00f1o&nbsp;el domingo 1 de septiembre, d\u00eda de la Corrida de Rejones, por decisi\u00f3n del Ayuntamiento.","og_url":"https:\/\/www.rmcr.org\/en\/2019\/07\/24\/anulado-el-xliii-concurso-exhibicion-de-enganches-de-ronda-del-domingo-1-de-septiembre\/","og_site_name":"Real Maestranza de Caballer\u00eda de Ronda","article_publisher":"https:\/\/www.facebook.com\/plazadetorosronda","article_published_time":"2019-07-24T09:02:55+00:00","og_image":[{"width":482,"height":143,"url":"https:\/\/www.rmcr.org\/wp-content\/uploads\/2019\/07\/pdg.jpg","type":"image\/jpeg"}],"author":"RMCR","twitter_card":"summary_large_image","twitter_creator":"@PlazatorosRMR","twitter_site":"@PlazatorosRMR","twitter_misc":{"Written by":"RMCR"},"schema":{"@context":"https:\/\/schema.org","@graph":[{"@type":"Article","@id":"https:\/\/www.rmcr.org\/en\/2019\/07\/24\/anulado-el-xliii-concurso-exhibicion-de-enganches-de-ronda-del-domingo-1-de-septiembre\/#article","isPartOf":{"@id":"https:\/\/www.rmcr.org\/en\/2019\/07\/24\/anulado-el-xliii-concurso-exhibicion-de-enganches-de-ronda-del-domingo-1-de-septiembre\/"},"author":{"name":"RMCR","@id":"https:\/\/www.rmcr.org\/en\/#\/schema\/person\/7ddd0dafda7edd0e407157f93a56df4f"},"headline":"Anulado el XLIII Concurso Exhibici\u00f3n de Enganches de Ronda del domingo 1 de septiembre.","datePublished":"2019-07-24T09:02:55+00:00","mainEntityOfPage":{"@id":"https:\/\/www.rmcr.org\/en\/2019\/07\/24\/anulado-el-xliii-concurso-exhibicion-de-enganches-de-ronda-del-domingo-1-de-septiembre\/"},"wordCount":79,"commentCount":0,"publisher":{"@id":"https:\/\/www.rmcr.org\/en\/#organization"},"image":{"@id":"https:\/\/www.rmcr.org\/en\/2019\/07\/24\/anulado-el-xliii-concurso-exhibicion-de-enganches-de-ronda-del-domingo-1-de-septiembre\/#primaryimage"},"thumbnailUrl":"https:\/\/www.rmcr.org\/wp-content\/uploads\/2019\/07\/pdg.jpg","keywords":["Concurso Exhibici\u00f3n Enganches"],"articleSection":["Enganches","Plaza de Toros","Real Maestranza"],"inLanguage":"en-US","potentialAction":[{"@type":"CommentAction","name":"Comment","target":["https:\/\/www.rmcr.org\/en\/2019\/07\/24\/anulado-el-xliii-concurso-exhibicion-de-enganches-de-ronda-del-domingo-1-de-septiembre\/#respond"]}]},{"@type":"WebPage","@id":"https:\/\/www.rmcr.org\/en\/2019\/07\/24\/anulado-el-xliii-concurso-exhibicion-de-enganches-de-ronda-del-domingo-1-de-septiembre\/","url":"https:\/\/www.rmcr.org\/en\/2019\/07\/24\/anulado-el-xliii-concurso-exhibicion-de-enganches-de-ronda-del-domingo-1-de-septiembre\/","name":"Anulado el XLIII Concurso Exhibici\u00f3n de Enganches de Ronda del domingo 1 de septiembre. - Real Maestranza de Caballer\u00eda de Ronda","isPartOf":{"@id":"https:\/\/www.rmcr.org\/en\/#website"},"primaryImageOfPage":{"@id":"https:\/\/www.rmcr.org\/en\/2019\/07\/24\/anulado-el-xliii-concurso-exhibicion-de-enganches-de-ronda-del-domingo-1-de-septiembre\/#primaryimage"},"image":{"@id":"https:\/\/www.rmcr.org\/en\/2019\/07\/24\/anulado-el-xliii-concurso-exhibicion-de-enganches-de-ronda-del-domingo-1-de-septiembre\/#primaryimage"},"thumbnailUrl":"https:\/\/www.rmcr.org\/wp-content\/uploads\/2019\/07\/pdg.jpg","datePublished":"2019-07-24T09:02:55+00:00","breadcrumb":{"@id":"https:\/\/www.rmcr.org\/en\/2019\/07\/24\/anulado-el-xliii-concurso-exhibicion-de-enganches-de-ronda-del-domingo-1-de-septiembre\/#breadcrumb"},"inLanguage":"en-US","potentialAction":[{"@type":"ReadAction","target":["https:\/\/www.rmcr.org\/en\/2019\/07\/24\/anulado-el-xliii-concurso-exhibicion-de-enganches-de-ronda-del-domingo-1-de-septiembre\/"]}]},{"@type":"ImageObject","inLanguage":"en-US","@id":"https:\/\/www.rmcr.org\/en\/2019\/07\/24\/anulado-el-xliii-concurso-exhibicion-de-enganches-de-ronda-del-domingo-1-de-septiembre\/#primaryimage","url":"https:\/\/www.rmcr.org\/wp-content\/uploads\/2019\/07\/pdg.jpg","contentUrl":"https:\/\/www.rmcr.org\/wp-content\/uploads\/2019\/07\/pdg.jpg","width":482,"height":143},{"@type":"BreadcrumbList","@id":"https:\/\/www.rmcr.org\/en\/2019\/07\/24\/anulado-el-xliii-concurso-exhibicion-de-enganches-de-ronda-del-domingo-1-de-septiembre\/#breadcrumb","itemListElement":[{"@type":"ListItem","position":1,"name":"REAL MAESTRANZA DE CABALLER\u00cdA DE RONDA","item":"https:\/\/www.rmcr.org\/en\/"},{"@type":"ListItem","position":2,"name":"Anulado el XLIII Concurso Exhibici\u00f3n de Enganches de Ronda del domingo 1 de septiembre."}]},{"@type":"WebSite","@id":"https:\/\/www.rmcr.org\/en\/#website","url":"https:\/\/www.rmcr.org\/en\/","name":"Real Maestranza de Caballer\u00eda de Ronda","description":"Real Maestranza de Caballer\u00eda de Ronda","publisher":{"@id":"https:\/\/www.rmcr.org\/en\/#organization"},"alternateName":"RMCR","potentialAction":[{"@type":"SearchAction","target":{"@type":"EntryPoint","urlTemplate":"https:\/\/www.rmcr.org\/en\/?s={search_term_string}"},"query-input":{"@type":"PropertyValueSpecification","valueRequired":true,"valueName":"search_term_string"}}],"inLanguage":"en-US"},{"@type":"Organization","@id":"https:\/\/www.rmcr.org\/en\/#organization","name":"Real Maestranza de Caballer\u00eda de Ronda","alternateName":"RMR","url":"https:\/\/www.rmcr.org\/en\/","logo":{"@type":"ImageObject","inLanguage":"en-US","@id":"https:\/\/www.rmcr.org\/en\/#\/schema\/logo\/image\/","url":"https:\/\/www.rmcr.org\/wp-content\/uploads\/2022\/07\/logo-rmr-blue.svg","contentUrl":"https:\/\/www.rmcr.org\/wp-content\/uploads\/2022\/07\/logo-rmr-blue.svg","width":131,"height":129,"caption":"Real Maestranza de Caballer\u00eda de Ronda"},"image":{"@id":"https:\/\/www.rmcr.org\/en\/#\/schema\/logo\/image\/"},"sameAs":["https:\/\/www.facebook.com\/plazadetorosronda","https:\/\/x.com\/PlazatorosRMR","https:\/\/www.instagram.com\/realmaestranzaderonda\/","https:\/\/www.youtube.com\/channel\/UCrbO5IUN-8v_QML739vM4zg\/videos"]},{"@type":"Person","@id":"https:\/\/www.rmcr.org\/en\/#\/schema\/person\/7ddd0dafda7edd0e407157f93a56df4f","name":"RMCR","image":{"@type":"ImageObject","inLanguage":"en-US","@id":"https:\/\/secure.gravatar.com\/avatar\/adb75798b50800c24baa6a8706037b9469998c49eddeb95935f50f633cff80bb?s=96&d=mm&r=g","url":"https:\/\/secure.gravatar.com\/avatar\/adb75798b50800c24baa6a8706037b9469998c49eddeb95935f50f633cff80bb?s=96&d=mm&r=g","contentUrl":"https:\/\/secure.gravatar.com\/avatar\/adb75798b50800c24baa6a8706037b9469998c49eddeb95935f50f633cff80bb?s=96&d=mm&r=g","caption":"RMCR"},"url":"https:\/\/www.rmcr.org\/en\/author\/bitniks77\/"}]}},"_links":{"self":[{"href":"https:\/\/www.rmcr.org\/en\/wp-json\/wp\/v2\/posts\/7094","targetHints":{"allow":["GET"]}}],"collection":[{"href":"https:\/\/www.rmcr.org\/en\/wp-json\/wp\/v2\/posts"}],"about":[{"href":"https:\/\/www.rmcr.org\/en\/wp-json\/wp\/v2\/types\/post"}],"author":[{"embeddable":true,"href":"https:\/\/www.rmcr.org\/en\/wp-json\/wp\/v2\/users\/7"}],"replies":[{"embeddable":true,"href":"https:\/\/www.rmcr.org\/en\/wp-json\/wp\/v2\/comments?post=7094"}],"version-history":[{"count":0,"href":"https:\/\/www.rmcr.org\/en\/wp-json\/wp\/v2\/posts\/7094\/revisions"}],"wp:featuredmedia":[{"embeddable":true,"href":"https:\/\/www.rmcr.org\/en\/wp-json\/wp\/v2\/media\/7239"}],"wp:attachment":[{"href":"https:\/\/www.rmcr.org\/en\/wp-json\/wp\/v2\/media?parent=7094"}],"wp:term":[{"taxonomy":"category","embeddable":true,"href":"https:\/\/www.rmcr.org\/en\/wp-json\/wp\/v2\/categories?post=7094"},{"taxonomy":"post_tag","embeddable":true,"href":"https:\/\/www.rmcr.org\/en\/wp-json\/wp\/v2\/tags?post=7094"}],"curies":[{"name":"wp","href":"https:\/\/api.w.org\/{rel}","templated":true}]}}