{"id":7092,"date":"2018-10-05T11:36:42","date_gmt":"2018-10-05T11:36:42","guid":{"rendered":"https:\/\/www.rmcr.org\/?p=7092"},"modified":"2018-10-05T11:36:42","modified_gmt":"2018-10-05T11:36:42","slug":"arquitectura-de-la-plaza-de-toros-de-ronda","status":"publish","type":"post","link":"https:\/\/www.rmcr.org\/en\/2018\/10\/05\/arquitectura-de-la-plaza-de-toros-de-ronda\/","title":{"rendered":"Arquitectura de la Plaza de Toros de Ronda"},"content":{"rendered":"<p class=\"p1\"><span class=\"s1\">Para cerrar la Semana de la Arquitectura, promovida por la Uni\u00f3n Internacional de Arquitectos para la celebraci\u00f3n del D\u00eda Mundial de la Arquitectura, queremos sumarnos publicando un texto<span class=\"Apple-converted-space\">\u00a0<\/span>titulado \u201cPlaza de Toros de la Real Maestranza de Caballer\u00eda de Ronda\u201d, del arquitecto ronde\u00f1o Diego Albarrac\u00edn Gim\u00e9nez, que forma parte del libro \u201cHomenaje a los toreros ronde\u00f1os Ni\u00f1o de la Palma y Antonio Ord\u00f3\u00f1ez\u201d (1996). En \u00e9l se pone en valor las caracter\u00edsticas arquitect\u00f3nicas de nuestra plaza de toros y la importancia hist\u00f3rica que en ella reside. <\/span><\/p>\n<p class=\"p1\"><span class=\"s1\">La Real Maestranza de Caballer\u00eda de Ronda tom\u00f3 el acuerdo de hacer un edificio para los ejercicios a caballo y fiestas de toros en 1754. \u00c9stos se ven\u00edan celebrando en el Ruedo de la Alameda de San Francisco y en la Plaza de la Iglesia de Santa Mar\u00eda la Mayor, para posteriormente pasar a la plaza de toros.<\/span><\/p>\n<p class=\"p1\"><span class=\"s1\">Aunque antes de la finalizaci\u00f3n de las obras de la misma se organizaron festejos en ella, oficialmente fue inaugurada el 19 de mayo de 1785, por la celebraci\u00f3n del cumplea\u00f1os del Infante Don Gabriel (Hermano Mayor de la Real Maestranza de Ronda), con una corrida en la que intervinieron los espadas Pedro Romero y Pepe Hillo.<\/span><\/p>\n<p><a href=\"http:\/\/www.rmcr.org\/es\/plaza_museo_historia.html\"><img fetchpriority=\"high\" decoding=\"async\" class=\"aligncenter size-full wp-image-369\" src=\"https:\/\/www.rmcr.org\/wp-content\/uploads\/2018\/10\/plaza_museo_historia_02.png\" alt=\"plaza_museo_historia_02.png\" width=\"300\" height=\"423\" \/><\/a><\/p>\n<p style=\"text-align:center;\"><em>Juan Jos\u00e9 Moreti. \u201cHistoria de L.M.N.Y.M.L ciudad de Ronda\u201d (1867). Biblioteca RMR<\/em><\/p>\n<p class=\"p1\"><span class=\"s1\">La plaza se construye a las afueras de la ciudad, en un llano despejado. Puede considerarse el edificio existente m\u00e1s antiguo construido ex profeso para estos festejos, sin vinculaci\u00f3n a viviendas o eremitorios. Para la construcci\u00f3n de la plaza fueron muy importantes los ejes octogonales. La puerta principal estaba situada frente a la presidencia, sobre el eje del Puente Nuevo, en construcci\u00f3n, hasta el Palco Real y la puerta de chiqueros.<\/span><\/p>\n<p class=\"p1\"><span class=\"s1\">La planta es circular, formando su estructura tres anillos conc\u00e9ntricos, siendo el exterior y el medio muros de piedra con mortero de barro y cal. El anillo interior, con un di\u00e1metro de 64,45 m, est\u00e1 formado por un p\u00f3rtico continuo de arcos.<\/span><\/p>\n<p><a href=\"http:\/\/www.rmcr.org\/es\/plaza_museo_historia.html\"><img decoding=\"async\" class=\" size-full wp-image-370 aligncenter\" src=\"https:\/\/www.rmcr.org\/wp-content\/uploads\/2018\/10\/plaza_museo_conservacion_02.png\" alt=\"plaza_museo_conservacion_02\" width=\"300\" height=\"402\" \/><\/a><\/p>\n<p style=\"text-align:center;\"><em>Proyecto de restauraci\u00f3n de la plaza de toros por el ingeniero civil Carlos Lamiable (1867). Archivo RMR<\/em><\/p>\n<p class=\"p1\"><span class=\"s1\">El interior presenta una doble arquer\u00eda superpuesta de piedra arenisca de tono amarillento que le da una textura y color peculiar. Esta arquer\u00eda esta formada por arcos muy rebajados sostenidos por columnas toscanas. El segundo cuerpo es m\u00e1s bajo que el primero y con una barandilla de hierro forjado entre columnas. Los cuatro arcos correspondientes a los dos ejes principales son mayores que el resto, destacando el arco del Palco Real por su profusa decoraci\u00f3n floral y sus columnas de tambores estriados. Coincidiendo con la vertical de cada columna, sobre la cornisa, presenta unos pin\u00e1culos de piedra a modo de antorchas. Las gradas de la planta baja eran de madera de pinsapo, y la planta alta toda de palcos, sin gradas, recordando esta disposici\u00f3n a las plazas p\u00fablicas preparadas para los festejos taurinos y a caballo. El primer cuerpo de columnas arranca sobre una base de pared de piedra, al modo de los anfiteatros, pero franqueadas con aberturas para acceder desde las gradas al ruedo.<\/span><\/p>\n<p><a href=\"http:\/\/www.rmcr.org\/es\/plaza_museo_historia.html\"><img decoding=\"async\" class=\" size-full wp-image-372 aligncenter\" src=\"https:\/\/www.rmcr.org\/wp-content\/uploads\/2018\/10\/visita_04.jpg\" alt=\"visita_04\" width=\"400\" height=\"200\" \/><\/a><\/p>\n<p style=\"text-align:center;\"><em>Fotograf\u00eda: Juan Jes\u00fas Pan<\/em><\/p>\n<p class=\"p1\"><span class=\"s1\">La barrera se construye con posteridad, destacando su composici\u00f3n de piedra y madera, reduciendo la medida actual a 60 m.<\/span><\/p>\n<p class=\"p1\"><span class=\"s1\">La composici\u00f3n de la fachada exterior, en planta alta, era una sucesi\u00f3n de macizos y huecos con antepechos de barandilla. Contrasta el estado actual de car\u00e1cter popular frente a la nobleza de la piedra interior, viendo en ello, algunos, la doble vertiente en las formas de la cultura taurina. La puerta principal se traslad\u00f3 a su estado actual en la calle Virgen de la Paz, rompiendo el esquema del eje principal antes mencionado. Esta modificaci\u00f3n se debi\u00f3 a la construcci\u00f3n del antiguo Teatro Vicente Espinel, hoy desaparecido.<\/span><\/p>\n<p class=\"p1\"><span class=\"s1\">La puerta resulta de gran monumentalidad gracias a las dos grandes columnas toscanas que la delimitan y que sostienen el entablamento. En el centro del t\u00edmpano est\u00e1 el escudo de Espa\u00f1a del reinado de Carlos III.<\/span><\/p>\n<p><a href=\"http:\/\/www.rmcr.org\/es\/plaza_museo_historia.html\"><img loading=\"lazy\" decoding=\"async\" class=\"aligncenter wp-image-374 size-full\" src=\"https:\/\/www.rmcr.org\/wp-content\/uploads\/2018\/10\/portadarmr-e1538756735186.png\" alt=\"PortadaRMR\" width=\"400\" height=\"267\" \/><\/a><\/p>\n<p style=\"text-align:center;\"><em>Fotograf\u00eda: Juan Jes\u00fas Pan<\/em><\/p>\n<p>Para m\u00e1s informaci\u00f3n:<\/p>\n<ul>\n<li><a href=\"http:\/\/www.rmcr.org\/es\/plaza_museo_patrimonio_arquitectura.html\">http:\/\/www.rmcr.org\/es\/plaza_museo_patrimonio_arquitectura.html<\/a><\/li>\n<li><a href=\"http:\/\/www.rmcr.org\/es\/plaza_museo_patrimonio_conservacion.html\">http:\/\/www.rmcr.org\/es\/plaza_museo_patrimonio_conservacion.html<\/a><\/li>\n<\/ul>\n","protected":false},"excerpt":{"rendered":"<p>Para cerrar la Semana de la Arquitectura, promovida por la Uni\u00f3n Internacional de Arquitectos para la celebraci\u00f3n del D\u00eda Mundial de la Arquitectura, queremos sumarnos publicando un texto\u00a0titulado \u201cPlaza de Toros de la Real Maestranza de Caballer\u00eda de Ronda\u201d, del arquitecto ronde\u00f1o Diego Albarrac\u00edn Gim\u00e9nez, que forma parte del libro \u201cHomenaje a los toreros ronde\u00f1os [&hellip;]<\/p>\n","protected":false},"author":7,"featured_media":371,"comment_status":"open","ping_status":"open","sticky":false,"template":"","format":"standard","meta":{"footnotes":""},"categories":[280,284,277],"tags":[281,283,305],"class_list":["post-7092","post","type-post","status-publish","format-standard","has-post-thumbnail","hentry","category-arquitectura","category-historia","category-plaza-de-toros","tag-bien-de-interes-cultural-bic","tag-gestion-del-patrimonio","tag-restauracion"],"yoast_head":"<!-- This site is optimized with the Yoast SEO plugin v27.5 - https:\/\/yoast.com\/product\/yoast-seo-wordpress\/ -->\n<title>Arquitectura de la Plaza de Toros de Ronda - Real Maestranza de Caballer\u00eda de Ronda<\/title>\n<meta name=\"robots\" content=\"index, follow, max-snippet:-1, max-image-preview:large, max-video-preview:-1\" \/>\n<link rel=\"canonical\" href=\"https:\/\/www.rmcr.org\/en\/2018\/10\/05\/arquitectura-de-la-plaza-de-toros-de-ronda\/\" \/>\n<meta property=\"og:locale\" content=\"en_US\" \/>\n<meta property=\"og:type\" content=\"article\" \/>\n<meta property=\"og:title\" content=\"Arquitectura de la Plaza de Toros de Ronda - Real Maestranza de Caballer\u00eda de Ronda\" \/>\n<meta property=\"og:description\" content=\"Para cerrar la Semana de la Arquitectura, promovida por la Uni\u00f3n Internacional de Arquitectos para la celebraci\u00f3n del D\u00eda Mundial de la Arquitectura, queremos sumarnos publicando un texto\u00a0titulado \u201cPlaza de Toros de la Real Maestranza de Caballer\u00eda de Ronda\u201d, del arquitecto ronde\u00f1o Diego Albarrac\u00edn Gim\u00e9nez, que forma parte del libro \u201cHomenaje a los toreros ronde\u00f1os [&hellip;]\" \/>\n<meta property=\"og:url\" content=\"https:\/\/www.rmcr.org\/en\/2018\/10\/05\/arquitectura-de-la-plaza-de-toros-de-ronda\/\" \/>\n<meta property=\"og:site_name\" content=\"Real Maestranza de Caballer\u00eda de Ronda\" \/>\n<meta property=\"article:publisher\" content=\"https:\/\/www.facebook.com\/plazadetorosronda\" \/>\n<meta property=\"article:published_time\" content=\"2018-10-05T11:36:42+00:00\" \/>\n<meta property=\"og:image\" content=\"https:\/\/www.rmcr.org\/wp-content\/uploads\/2018\/10\/afc12-n48-003_004.jpg\" \/>\n\t<meta property=\"og:image:width\" content=\"482\" \/>\n\t<meta property=\"og:image:height\" content=\"143\" \/>\n\t<meta property=\"og:image:type\" content=\"image\/jpeg\" \/>\n<meta name=\"author\" content=\"RMCR\" \/>\n<meta name=\"twitter:card\" content=\"summary_large_image\" \/>\n<meta name=\"twitter:creator\" content=\"@PlazatorosRMR\" \/>\n<meta name=\"twitter:site\" content=\"@PlazatorosRMR\" \/>\n<meta name=\"twitter:label1\" content=\"Written by\" \/>\n\t<meta name=\"twitter:data1\" content=\"RMCR\" \/>\n\t<meta name=\"twitter:label2\" content=\"Est. reading time\" \/>\n\t<meta name=\"twitter:data2\" content=\"4 minutes\" \/>\n<script type=\"application\/ld+json\" class=\"yoast-schema-graph\">{\"@context\":\"https:\\\/\\\/schema.org\",\"@graph\":[{\"@type\":\"Article\",\"@id\":\"https:\\\/\\\/www.rmcr.org\\\/en\\\/2018\\\/10\\\/05\\\/arquitectura-de-la-plaza-de-toros-de-ronda\\\/#article\",\"isPartOf\":{\"@id\":\"https:\\\/\\\/www.rmcr.org\\\/en\\\/2018\\\/10\\\/05\\\/arquitectura-de-la-plaza-de-toros-de-ronda\\\/\"},\"author\":{\"name\":\"RMCR\",\"@id\":\"https:\\\/\\\/www.rmcr.org\\\/en\\\/#\\\/schema\\\/person\\\/7ddd0dafda7edd0e407157f93a56df4f\"},\"headline\":\"Arquitectura de la Plaza de Toros de Ronda\",\"datePublished\":\"2018-10-05T11:36:42+00:00\",\"mainEntityOfPage\":{\"@id\":\"https:\\\/\\\/www.rmcr.org\\\/en\\\/2018\\\/10\\\/05\\\/arquitectura-de-la-plaza-de-toros-de-ronda\\\/\"},\"wordCount\":734,\"commentCount\":0,\"publisher\":{\"@id\":\"https:\\\/\\\/www.rmcr.org\\\/en\\\/#organization\"},\"image\":{\"@id\":\"https:\\\/\\\/www.rmcr.org\\\/en\\\/2018\\\/10\\\/05\\\/arquitectura-de-la-plaza-de-toros-de-ronda\\\/#primaryimage\"},\"thumbnailUrl\":\"https:\\\/\\\/www.rmcr.org\\\/wp-content\\\/uploads\\\/2018\\\/10\\\/afc12-n48-003_004.jpg\",\"keywords\":[\"Bien de Inter\u00e9s Cultural (BIC)\",\"Gesti\u00f3n del Patrimonio\",\"Restauraci\u00f3n\"],\"articleSection\":[\"Arquitectura\",\"Historia\",\"Plaza de Toros\"],\"inLanguage\":\"en-US\",\"potentialAction\":[{\"@type\":\"CommentAction\",\"name\":\"Comment\",\"target\":[\"https:\\\/\\\/www.rmcr.org\\\/en\\\/2018\\\/10\\\/05\\\/arquitectura-de-la-plaza-de-toros-de-ronda\\\/#respond\"]}]},{\"@type\":\"WebPage\",\"@id\":\"https:\\\/\\\/www.rmcr.org\\\/en\\\/2018\\\/10\\\/05\\\/arquitectura-de-la-plaza-de-toros-de-ronda\\\/\",\"url\":\"https:\\\/\\\/www.rmcr.org\\\/en\\\/2018\\\/10\\\/05\\\/arquitectura-de-la-plaza-de-toros-de-ronda\\\/\",\"name\":\"Arquitectura de la Plaza de Toros de Ronda - Real Maestranza de Caballer\u00eda de Ronda\",\"isPartOf\":{\"@id\":\"https:\\\/\\\/www.rmcr.org\\\/en\\\/#website\"},\"primaryImageOfPage\":{\"@id\":\"https:\\\/\\\/www.rmcr.org\\\/en\\\/2018\\\/10\\\/05\\\/arquitectura-de-la-plaza-de-toros-de-ronda\\\/#primaryimage\"},\"image\":{\"@id\":\"https:\\\/\\\/www.rmcr.org\\\/en\\\/2018\\\/10\\\/05\\\/arquitectura-de-la-plaza-de-toros-de-ronda\\\/#primaryimage\"},\"thumbnailUrl\":\"https:\\\/\\\/www.rmcr.org\\\/wp-content\\\/uploads\\\/2018\\\/10\\\/afc12-n48-003_004.jpg\",\"datePublished\":\"2018-10-05T11:36:42+00:00\",\"breadcrumb\":{\"@id\":\"https:\\\/\\\/www.rmcr.org\\\/en\\\/2018\\\/10\\\/05\\\/arquitectura-de-la-plaza-de-toros-de-ronda\\\/#breadcrumb\"},\"inLanguage\":\"en-US\",\"potentialAction\":[{\"@type\":\"ReadAction\",\"target\":[\"https:\\\/\\\/www.rmcr.org\\\/en\\\/2018\\\/10\\\/05\\\/arquitectura-de-la-plaza-de-toros-de-ronda\\\/\"]}]},{\"@type\":\"ImageObject\",\"inLanguage\":\"en-US\",\"@id\":\"https:\\\/\\\/www.rmcr.org\\\/en\\\/2018\\\/10\\\/05\\\/arquitectura-de-la-plaza-de-toros-de-ronda\\\/#primaryimage\",\"url\":\"https:\\\/\\\/www.rmcr.org\\\/wp-content\\\/uploads\\\/2018\\\/10\\\/afc12-n48-003_004.jpg\",\"contentUrl\":\"https:\\\/\\\/www.rmcr.org\\\/wp-content\\\/uploads\\\/2018\\\/10\\\/afc12-n48-003_004.jpg\",\"width\":482,\"height\":143},{\"@type\":\"BreadcrumbList\",\"@id\":\"https:\\\/\\\/www.rmcr.org\\\/en\\\/2018\\\/10\\\/05\\\/arquitectura-de-la-plaza-de-toros-de-ronda\\\/#breadcrumb\",\"itemListElement\":[{\"@type\":\"ListItem\",\"position\":1,\"name\":\"REAL MAESTRANZA DE CABALLER\u00cdA DE RONDA\",\"item\":\"https:\\\/\\\/www.rmcr.org\\\/en\\\/\"},{\"@type\":\"ListItem\",\"position\":2,\"name\":\"Arquitectura de la Plaza de Toros de Ronda\"}]},{\"@type\":\"WebSite\",\"@id\":\"https:\\\/\\\/www.rmcr.org\\\/en\\\/#website\",\"url\":\"https:\\\/\\\/www.rmcr.org\\\/en\\\/\",\"name\":\"Real Maestranza de Caballer\u00eda de Ronda\",\"description\":\"Real Maestranza de Caballer\u00eda de Ronda\",\"publisher\":{\"@id\":\"https:\\\/\\\/www.rmcr.org\\\/en\\\/#organization\"},\"alternateName\":\"RMCR\",\"potentialAction\":[{\"@type\":\"SearchAction\",\"target\":{\"@type\":\"EntryPoint\",\"urlTemplate\":\"https:\\\/\\\/www.rmcr.org\\\/en\\\/?s={search_term_string}\"},\"query-input\":{\"@type\":\"PropertyValueSpecification\",\"valueRequired\":true,\"valueName\":\"search_term_string\"}}],\"inLanguage\":\"en-US\"},{\"@type\":\"Organization\",\"@id\":\"https:\\\/\\\/www.rmcr.org\\\/en\\\/#organization\",\"name\":\"Real Maestranza de Caballer\u00eda de Ronda\",\"alternateName\":\"RMR\",\"url\":\"https:\\\/\\\/www.rmcr.org\\\/en\\\/\",\"logo\":{\"@type\":\"ImageObject\",\"inLanguage\":\"en-US\",\"@id\":\"https:\\\/\\\/www.rmcr.org\\\/en\\\/#\\\/schema\\\/logo\\\/image\\\/\",\"url\":\"https:\\\/\\\/www.rmcr.org\\\/wp-content\\\/uploads\\\/2022\\\/07\\\/logo-rmr-blue.svg\",\"contentUrl\":\"https:\\\/\\\/www.rmcr.org\\\/wp-content\\\/uploads\\\/2022\\\/07\\\/logo-rmr-blue.svg\",\"width\":131,\"height\":129,\"caption\":\"Real Maestranza de Caballer\u00eda de Ronda\"},\"image\":{\"@id\":\"https:\\\/\\\/www.rmcr.org\\\/en\\\/#\\\/schema\\\/logo\\\/image\\\/\"},\"sameAs\":[\"https:\\\/\\\/www.facebook.com\\\/plazadetorosronda\",\"https:\\\/\\\/x.com\\\/PlazatorosRMR\",\"https:\\\/\\\/www.instagram.com\\\/realmaestranzaderonda\\\/\",\"https:\\\/\\\/www.youtube.com\\\/channel\\\/UCrbO5IUN-8v_QML739vM4zg\\\/videos\"]},{\"@type\":\"Person\",\"@id\":\"https:\\\/\\\/www.rmcr.org\\\/en\\\/#\\\/schema\\\/person\\\/7ddd0dafda7edd0e407157f93a56df4f\",\"name\":\"RMCR\",\"image\":{\"@type\":\"ImageObject\",\"inLanguage\":\"en-US\",\"@id\":\"https:\\\/\\\/secure.gravatar.com\\\/avatar\\\/adb75798b50800c24baa6a8706037b9469998c49eddeb95935f50f633cff80bb?s=96&d=mm&r=g\",\"url\":\"https:\\\/\\\/secure.gravatar.com\\\/avatar\\\/adb75798b50800c24baa6a8706037b9469998c49eddeb95935f50f633cff80bb?s=96&d=mm&r=g\",\"contentUrl\":\"https:\\\/\\\/secure.gravatar.com\\\/avatar\\\/adb75798b50800c24baa6a8706037b9469998c49eddeb95935f50f633cff80bb?s=96&d=mm&r=g\",\"caption\":\"RMCR\"},\"url\":\"https:\\\/\\\/www.rmcr.org\\\/en\\\/author\\\/bitniks77\\\/\"}]}<\/script>\n<!-- \/ Yoast SEO plugin. -->","yoast_head_json":{"title":"Arquitectura de la Plaza de Toros de Ronda - Real Maestranza de Caballer\u00eda de Ronda","robots":{"index":"index","follow":"follow","max-snippet":"max-snippet:-1","max-image-preview":"max-image-preview:large","max-video-preview":"max-video-preview:-1"},"canonical":"https:\/\/www.rmcr.org\/en\/2018\/10\/05\/arquitectura-de-la-plaza-de-toros-de-ronda\/","og_locale":"en_US","og_type":"article","og_title":"Arquitectura de la Plaza de Toros de Ronda - Real Maestranza de Caballer\u00eda de Ronda","og_description":"Para cerrar la Semana de la Arquitectura, promovida por la Uni\u00f3n Internacional de Arquitectos para la celebraci\u00f3n del D\u00eda Mundial de la Arquitectura, queremos sumarnos publicando un texto\u00a0titulado \u201cPlaza de Toros de la Real Maestranza de Caballer\u00eda de Ronda\u201d, del arquitecto ronde\u00f1o Diego Albarrac\u00edn Gim\u00e9nez, que forma parte del libro \u201cHomenaje a los toreros ronde\u00f1os [&hellip;]","og_url":"https:\/\/www.rmcr.org\/en\/2018\/10\/05\/arquitectura-de-la-plaza-de-toros-de-ronda\/","og_site_name":"Real Maestranza de Caballer\u00eda de Ronda","article_publisher":"https:\/\/www.facebook.com\/plazadetorosronda","article_published_time":"2018-10-05T11:36:42+00:00","og_image":[{"width":482,"height":143,"url":"https:\/\/www.rmcr.org\/wp-content\/uploads\/2018\/10\/afc12-n48-003_004.jpg","type":"image\/jpeg"}],"author":"RMCR","twitter_card":"summary_large_image","twitter_creator":"@PlazatorosRMR","twitter_site":"@PlazatorosRMR","twitter_misc":{"Written by":"RMCR","Est. reading time":"4 minutes"},"schema":{"@context":"https:\/\/schema.org","@graph":[{"@type":"Article","@id":"https:\/\/www.rmcr.org\/en\/2018\/10\/05\/arquitectura-de-la-plaza-de-toros-de-ronda\/#article","isPartOf":{"@id":"https:\/\/www.rmcr.org\/en\/2018\/10\/05\/arquitectura-de-la-plaza-de-toros-de-ronda\/"},"author":{"name":"RMCR","@id":"https:\/\/www.rmcr.org\/en\/#\/schema\/person\/7ddd0dafda7edd0e407157f93a56df4f"},"headline":"Arquitectura de la Plaza de Toros de Ronda","datePublished":"2018-10-05T11:36:42+00:00","mainEntityOfPage":{"@id":"https:\/\/www.rmcr.org\/en\/2018\/10\/05\/arquitectura-de-la-plaza-de-toros-de-ronda\/"},"wordCount":734,"commentCount":0,"publisher":{"@id":"https:\/\/www.rmcr.org\/en\/#organization"},"image":{"@id":"https:\/\/www.rmcr.org\/en\/2018\/10\/05\/arquitectura-de-la-plaza-de-toros-de-ronda\/#primaryimage"},"thumbnailUrl":"https:\/\/www.rmcr.org\/wp-content\/uploads\/2018\/10\/afc12-n48-003_004.jpg","keywords":["Bien de Inter\u00e9s Cultural (BIC)","Gesti\u00f3n del Patrimonio","Restauraci\u00f3n"],"articleSection":["Arquitectura","Historia","Plaza de Toros"],"inLanguage":"en-US","potentialAction":[{"@type":"CommentAction","name":"Comment","target":["https:\/\/www.rmcr.org\/en\/2018\/10\/05\/arquitectura-de-la-plaza-de-toros-de-ronda\/#respond"]}]},{"@type":"WebPage","@id":"https:\/\/www.rmcr.org\/en\/2018\/10\/05\/arquitectura-de-la-plaza-de-toros-de-ronda\/","url":"https:\/\/www.rmcr.org\/en\/2018\/10\/05\/arquitectura-de-la-plaza-de-toros-de-ronda\/","name":"Arquitectura de la Plaza de Toros de Ronda - Real Maestranza de Caballer\u00eda de Ronda","isPartOf":{"@id":"https:\/\/www.rmcr.org\/en\/#website"},"primaryImageOfPage":{"@id":"https:\/\/www.rmcr.org\/en\/2018\/10\/05\/arquitectura-de-la-plaza-de-toros-de-ronda\/#primaryimage"},"image":{"@id":"https:\/\/www.rmcr.org\/en\/2018\/10\/05\/arquitectura-de-la-plaza-de-toros-de-ronda\/#primaryimage"},"thumbnailUrl":"https:\/\/www.rmcr.org\/wp-content\/uploads\/2018\/10\/afc12-n48-003_004.jpg","datePublished":"2018-10-05T11:36:42+00:00","breadcrumb":{"@id":"https:\/\/www.rmcr.org\/en\/2018\/10\/05\/arquitectura-de-la-plaza-de-toros-de-ronda\/#breadcrumb"},"inLanguage":"en-US","potentialAction":[{"@type":"ReadAction","target":["https:\/\/www.rmcr.org\/en\/2018\/10\/05\/arquitectura-de-la-plaza-de-toros-de-ronda\/"]}]},{"@type":"ImageObject","inLanguage":"en-US","@id":"https:\/\/www.rmcr.org\/en\/2018\/10\/05\/arquitectura-de-la-plaza-de-toros-de-ronda\/#primaryimage","url":"https:\/\/www.rmcr.org\/wp-content\/uploads\/2018\/10\/afc12-n48-003_004.jpg","contentUrl":"https:\/\/www.rmcr.org\/wp-content\/uploads\/2018\/10\/afc12-n48-003_004.jpg","width":482,"height":143},{"@type":"BreadcrumbList","@id":"https:\/\/www.rmcr.org\/en\/2018\/10\/05\/arquitectura-de-la-plaza-de-toros-de-ronda\/#breadcrumb","itemListElement":[{"@type":"ListItem","position":1,"name":"REAL MAESTRANZA DE CABALLER\u00cdA DE RONDA","item":"https:\/\/www.rmcr.org\/en\/"},{"@type":"ListItem","position":2,"name":"Arquitectura de la Plaza de Toros de Ronda"}]},{"@type":"WebSite","@id":"https:\/\/www.rmcr.org\/en\/#website","url":"https:\/\/www.rmcr.org\/en\/","name":"Real Maestranza de Caballer\u00eda de Ronda","description":"Real Maestranza de Caballer\u00eda de Ronda","publisher":{"@id":"https:\/\/www.rmcr.org\/en\/#organization"},"alternateName":"RMCR","potentialAction":[{"@type":"SearchAction","target":{"@type":"EntryPoint","urlTemplate":"https:\/\/www.rmcr.org\/en\/?s={search_term_string}"},"query-input":{"@type":"PropertyValueSpecification","valueRequired":true,"valueName":"search_term_string"}}],"inLanguage":"en-US"},{"@type":"Organization","@id":"https:\/\/www.rmcr.org\/en\/#organization","name":"Real Maestranza de Caballer\u00eda de Ronda","alternateName":"RMR","url":"https:\/\/www.rmcr.org\/en\/","logo":{"@type":"ImageObject","inLanguage":"en-US","@id":"https:\/\/www.rmcr.org\/en\/#\/schema\/logo\/image\/","url":"https:\/\/www.rmcr.org\/wp-content\/uploads\/2022\/07\/logo-rmr-blue.svg","contentUrl":"https:\/\/www.rmcr.org\/wp-content\/uploads\/2022\/07\/logo-rmr-blue.svg","width":131,"height":129,"caption":"Real Maestranza de Caballer\u00eda de Ronda"},"image":{"@id":"https:\/\/www.rmcr.org\/en\/#\/schema\/logo\/image\/"},"sameAs":["https:\/\/www.facebook.com\/plazadetorosronda","https:\/\/x.com\/PlazatorosRMR","https:\/\/www.instagram.com\/realmaestranzaderonda\/","https:\/\/www.youtube.com\/channel\/UCrbO5IUN-8v_QML739vM4zg\/videos"]},{"@type":"Person","@id":"https:\/\/www.rmcr.org\/en\/#\/schema\/person\/7ddd0dafda7edd0e407157f93a56df4f","name":"RMCR","image":{"@type":"ImageObject","inLanguage":"en-US","@id":"https:\/\/secure.gravatar.com\/avatar\/adb75798b50800c24baa6a8706037b9469998c49eddeb95935f50f633cff80bb?s=96&d=mm&r=g","url":"https:\/\/secure.gravatar.com\/avatar\/adb75798b50800c24baa6a8706037b9469998c49eddeb95935f50f633cff80bb?s=96&d=mm&r=g","contentUrl":"https:\/\/secure.gravatar.com\/avatar\/adb75798b50800c24baa6a8706037b9469998c49eddeb95935f50f633cff80bb?s=96&d=mm&r=g","caption":"RMCR"},"url":"https:\/\/www.rmcr.org\/en\/author\/bitniks77\/"}]}},"_links":{"self":[{"href":"https:\/\/www.rmcr.org\/en\/wp-json\/wp\/v2\/posts\/7092","targetHints":{"allow":["GET"]}}],"collection":[{"href":"https:\/\/www.rmcr.org\/en\/wp-json\/wp\/v2\/posts"}],"about":[{"href":"https:\/\/www.rmcr.org\/en\/wp-json\/wp\/v2\/types\/post"}],"author":[{"embeddable":true,"href":"https:\/\/www.rmcr.org\/en\/wp-json\/wp\/v2\/users\/7"}],"replies":[{"embeddable":true,"href":"https:\/\/www.rmcr.org\/en\/wp-json\/wp\/v2\/comments?post=7092"}],"version-history":[{"count":0,"href":"https:\/\/www.rmcr.org\/en\/wp-json\/wp\/v2\/posts\/7092\/revisions"}],"wp:featuredmedia":[{"embeddable":true,"href":"https:\/\/www.rmcr.org\/en\/wp-json\/wp\/v2\/media\/371"}],"wp:attachment":[{"href":"https:\/\/www.rmcr.org\/en\/wp-json\/wp\/v2\/media?parent=7092"}],"wp:term":[{"taxonomy":"category","embeddable":true,"href":"https:\/\/www.rmcr.org\/en\/wp-json\/wp\/v2\/categories?post=7092"},{"taxonomy":"post_tag","embeddable":true,"href":"https:\/\/www.rmcr.org\/en\/wp-json\/wp\/v2\/tags?post=7092"}],"curies":[{"name":"wp","href":"https:\/\/api.w.org\/{rel}","templated":true}]}}