{"id":7090,"date":"2018-06-01T16:28:23","date_gmt":"2018-06-01T16:28:23","guid":{"rendered":"https:\/\/www.rmcr.org\/?p=7090"},"modified":"2025-04-04T12:35:50","modified_gmt":"2025-04-04T12:35:50","slug":"trece-anos-de-exposicion-de-la-coleccion-de-armas-antiguas-en-la-real-maestranza","status":"publish","type":"post","link":"https:\/\/www.rmcr.org\/en\/2018\/06\/01\/trece-anos-de-exposicion-de-la-coleccion-de-armas-antiguas-en-la-real-maestranza\/","title":{"rendered":"Trece a\u00f1os de exposici\u00f3n de la colecci\u00f3n de Armas Antiguas en la Real Maestranza"},"content":{"rendered":"<p class=\"Standard\" style=\"text-align:justify;text-justify:inter-ideograph;\"><span lang=\"ES-TRAD\" style=\"color:windowtext;\">Hasta hace unos d\u00edas la Real Maestranza ofrec\u00eda al visitante la oportunidad de visitar cuatro colecciones art\u00edsticas distintas en sus distintas salas. Estas colecciones poseen diferentes tem\u00e1ticas; Tauromaquia, Real Guarnicioner\u00eda de la Casa de Orleans, Galer\u00eda de la Real Maestranza y la colecci\u00f3n de armas de fuego antiguas. <\/span><\/p>\n<p class=\"Standard\" style=\"text-align:justify;text-justify:inter-ideograph;\"><span lang=\"ES-TRAD\" style=\"color:windowtext;\">\u00a0<\/span><a href=\"https:\/\/www.rmcr.org\/2018\/06\/a87_050.jpg\"><img fetchpriority=\"high\" decoding=\"async\" class=\"size-large wp-image-345 aligncenter\" src=\"https:\/\/www.rmcr.org\/wp-content\/uploads\/2018\/06\/a87_050.jpg?w=470\" alt=\"\" width=\"470\" height=\"420\" \/><\/a><\/p>\n<p class=\"Standard\" style=\"text-align:justify;text-justify:inter-ideograph;\"><span style=\"color:windowtext;\">En el a\u00f1o 2005 se inaugura la colecci\u00f3n de armas de fuego antiguas, en una de las salas expositivas ubicada bajo los tendidos de la Plaza de Toros, presidida por el retrato ecuestre del primer duque de Medina de las Torres, obra del artista italiano Massimo Stanzione (1637-1644). Esta colecci\u00f3n armera estaba acompa\u00f1ada de distintos paneles explicativos.<\/span><\/p>\n<p class=\"Standard\" style=\"text-align:justify;text-justify:inter-ideograph;\"><span lang=\"ES-TRAD\" style=\"color:windowtext;\">\u00a0<a href=\"https:\/\/www.rmcr.org\/2018\/06\/a57_019.jpg\"><img decoding=\"async\" class=\"size-large wp-image-344 aligncenter\" src=\"https:\/\/www.rmcr.org\/wp-content\/uploads\/2018\/06\/a57_019.jpg?w=470\" alt=\"\" width=\"470\" height=\"313\" \/><\/a><\/span><\/p>\n<p class=\"Standard\" style=\"text-align:justify;text-justify:inter-ideograph;\"><span lang=\"ES-TRAD\" style=\"color:windowtext;\">La hoploteca de la Real Maestranza, clasificada seg\u00fan el sistema de ignici\u00f3n de las armas, mostraba un conjunto de doscientas noventa piezas originales de los armeros de Felipe IV y Carlos III; escopetas y rifles europeos de los siglos XVII-XIX, tanto de pedernal como de percusi\u00f3n, rueda o aguja; piezas de los armeros de Luis XIV, Napole\u00f3n y varios monarcas ingleses; pistolas con percutor de los siglos XVIII-XIX; pistolas deportivas inglesas del XVIII; arcabuces utilizados en la guerra de Sucesi\u00f3n, y una serie de pistolas de duelo, como las que pertenecieron al escritor Vicente Blasco Ib\u00e1\u00f1ez.<\/span><\/p>\n<p class=\"Standard\"><span lang=\"ES-TRAD\" style=\"color:windowtext;\">\u00a0<a href=\"https:\/\/www.rmcr.org\/2018\/06\/img_1590.jpg\"><img decoding=\"async\" class=\"size-large wp-image-346 aligncenter\" src=\"https:\/\/www.rmcr.org\/wp-content\/uploads\/2018\/06\/img_1590.jpg?w=470\" alt=\"\" width=\"470\" height=\"313\" \/><\/a><\/span><\/p>\n<p class=\"Standard\"><span class=\"Ninguno\"><span lang=\"ES-TRAD\" style=\"color:windowtext;\">Tras trece a\u00f1os pudiendo contemplar esta colecci\u00f3n, la Real Maestranza est\u00e1 configurando una nueva sala expositiva que se inaugurar\u00e1 en fechas pr\u00f3ximas.<\/span><\/span><\/p>\n","protected":false},"excerpt":{"rendered":"<p>Hasta hace unos d\u00edas la Real Maestranza ofrec\u00eda al visitante la oportunidad de visitar cuatro colecciones art\u00edsticas distintas en sus distintas salas. Estas colecciones poseen diferentes tem\u00e1ticas; Tauromaquia, Real Guarnicioner\u00eda de la Casa de Orleans, Galer\u00eda de la Real Maestranza y la colecci\u00f3n de armas de fuego antiguas. \u00a0 En el a\u00f1o 2005 se inaugura [&hellip;]<\/p>\n","protected":false},"author":5,"featured_media":7225,"comment_status":"open","ping_status":"open","sticky":false,"template":"","format":"standard","meta":{"footnotes":""},"categories":[272,36],"tags":[815,320,283,322],"class_list":["post-7090","post","type-post","status-publish","format-standard","has-post-thumbnail","hentry","category-colecciones-museisticas","category-plaza-museo","tag-armas-de-fuego","tag-coleccion-museistica","tag-gestion-del-patrimonio","tag-museo"],"yoast_head":"<!-- This site is optimized with the Yoast SEO plugin v27.5 - https:\/\/yoast.com\/product\/yoast-seo-wordpress\/ -->\n<title>Trece a\u00f1os de exposici\u00f3n de la colecci\u00f3n de Armas Antiguas en la Real Maestranza - Real Maestranza de Caballer\u00eda de Ronda<\/title>\n<meta name=\"robots\" content=\"index, follow, max-snippet:-1, max-image-preview:large, max-video-preview:-1\" \/>\n<link rel=\"canonical\" href=\"https:\/\/www.rmcr.org\/en\/2018\/06\/01\/trece-anos-de-exposicion-de-la-coleccion-de-armas-antiguas-en-la-real-maestranza\/\" \/>\n<meta property=\"og:locale\" content=\"en_US\" \/>\n<meta property=\"og:type\" content=\"article\" \/>\n<meta property=\"og:title\" content=\"Trece a\u00f1os de exposici\u00f3n de la colecci\u00f3n de Armas Antiguas en la Real Maestranza - Real Maestranza de Caballer\u00eda de Ronda\" \/>\n<meta property=\"og:description\" content=\"Hasta hace unos d\u00edas la Real Maestranza ofrec\u00eda al visitante la oportunidad de visitar cuatro colecciones art\u00edsticas distintas en sus distintas salas. Estas colecciones poseen diferentes tem\u00e1ticas; Tauromaquia, Real Guarnicioner\u00eda de la Casa de Orleans, Galer\u00eda de la Real Maestranza y la colecci\u00f3n de armas de fuego antiguas. \u00a0 En el a\u00f1o 2005 se inaugura [&hellip;]\" \/>\n<meta property=\"og:url\" content=\"https:\/\/www.rmcr.org\/en\/2018\/06\/01\/trece-anos-de-exposicion-de-la-coleccion-de-armas-antiguas-en-la-real-maestranza\/\" \/>\n<meta property=\"og:site_name\" content=\"Real Maestranza de Caballer\u00eda de Ronda\" \/>\n<meta property=\"article:publisher\" content=\"https:\/\/www.facebook.com\/plazadetorosronda\" \/>\n<meta property=\"article:published_time\" content=\"2018-06-01T16:28:23+00:00\" \/>\n<meta property=\"article:modified_time\" content=\"2025-04-04T12:35:50+00:00\" \/>\n<meta property=\"og:image\" content=\"https:\/\/www.rmcr.org\/wp-content\/uploads\/2018\/07\/col-arm.jpg\" \/>\n\t<meta property=\"og:image:width\" content=\"482\" \/>\n\t<meta property=\"og:image:height\" content=\"143\" \/>\n\t<meta property=\"og:image:type\" content=\"image\/jpeg\" \/>\n<meta name=\"author\" content=\"MUSEO\" \/>\n<meta name=\"twitter:card\" content=\"summary_large_image\" \/>\n<meta name=\"twitter:creator\" content=\"@PlazatorosRMR\" \/>\n<meta name=\"twitter:site\" content=\"@PlazatorosRMR\" \/>\n<meta name=\"twitter:label1\" content=\"Written by\" \/>\n\t<meta name=\"twitter:data1\" content=\"MUSEO\" \/>\n\t<meta name=\"twitter:label2\" content=\"Est. reading time\" \/>\n\t<meta name=\"twitter:data2\" content=\"1 minute\" \/>\n<script type=\"application\/ld+json\" class=\"yoast-schema-graph\">{\"@context\":\"https:\\\/\\\/schema.org\",\"@graph\":[{\"@type\":\"Article\",\"@id\":\"https:\\\/\\\/www.rmcr.org\\\/en\\\/2018\\\/06\\\/01\\\/trece-anos-de-exposicion-de-la-coleccion-de-armas-antiguas-en-la-real-maestranza\\\/#article\",\"isPartOf\":{\"@id\":\"https:\\\/\\\/www.rmcr.org\\\/en\\\/2018\\\/06\\\/01\\\/trece-anos-de-exposicion-de-la-coleccion-de-armas-antiguas-en-la-real-maestranza\\\/\"},\"author\":{\"name\":\"MUSEO\",\"@id\":\"https:\\\/\\\/www.rmcr.org\\\/en\\\/#\\\/schema\\\/person\\\/6e5eb50e802ff5f1419c0fea9935ae36\"},\"headline\":\"Trece a\u00f1os de exposici\u00f3n de la colecci\u00f3n de Armas Antiguas en la Real Maestranza\",\"datePublished\":\"2018-06-01T16:28:23+00:00\",\"dateModified\":\"2025-04-04T12:35:50+00:00\",\"mainEntityOfPage\":{\"@id\":\"https:\\\/\\\/www.rmcr.org\\\/en\\\/2018\\\/06\\\/01\\\/trece-anos-de-exposicion-de-la-coleccion-de-armas-antiguas-en-la-real-maestranza\\\/\"},\"wordCount\":259,\"commentCount\":0,\"publisher\":{\"@id\":\"https:\\\/\\\/www.rmcr.org\\\/en\\\/#organization\"},\"image\":{\"@id\":\"https:\\\/\\\/www.rmcr.org\\\/en\\\/2018\\\/06\\\/01\\\/trece-anos-de-exposicion-de-la-coleccion-de-armas-antiguas-en-la-real-maestranza\\\/#primaryimage\"},\"thumbnailUrl\":\"https:\\\/\\\/www.rmcr.org\\\/wp-content\\\/uploads\\\/2018\\\/07\\\/col-arm.jpg\",\"keywords\":[\"Armas de fuego\",\"Colecci\u00f3n Muse\u00edstica\",\"Gesti\u00f3n del Patrimonio\",\"Museo\"],\"articleSection\":[\"Colecciones muse\u00edsticas\",\"Plaza y Museo\"],\"inLanguage\":\"en-US\",\"potentialAction\":[{\"@type\":\"CommentAction\",\"name\":\"Comment\",\"target\":[\"https:\\\/\\\/www.rmcr.org\\\/en\\\/2018\\\/06\\\/01\\\/trece-anos-de-exposicion-de-la-coleccion-de-armas-antiguas-en-la-real-maestranza\\\/#respond\"]}]},{\"@type\":\"WebPage\",\"@id\":\"https:\\\/\\\/www.rmcr.org\\\/en\\\/2018\\\/06\\\/01\\\/trece-anos-de-exposicion-de-la-coleccion-de-armas-antiguas-en-la-real-maestranza\\\/\",\"url\":\"https:\\\/\\\/www.rmcr.org\\\/en\\\/2018\\\/06\\\/01\\\/trece-anos-de-exposicion-de-la-coleccion-de-armas-antiguas-en-la-real-maestranza\\\/\",\"name\":\"Trece a\u00f1os de exposici\u00f3n de la colecci\u00f3n de Armas Antiguas en la Real Maestranza - Real Maestranza de Caballer\u00eda de Ronda\",\"isPartOf\":{\"@id\":\"https:\\\/\\\/www.rmcr.org\\\/en\\\/#website\"},\"primaryImageOfPage\":{\"@id\":\"https:\\\/\\\/www.rmcr.org\\\/en\\\/2018\\\/06\\\/01\\\/trece-anos-de-exposicion-de-la-coleccion-de-armas-antiguas-en-la-real-maestranza\\\/#primaryimage\"},\"image\":{\"@id\":\"https:\\\/\\\/www.rmcr.org\\\/en\\\/2018\\\/06\\\/01\\\/trece-anos-de-exposicion-de-la-coleccion-de-armas-antiguas-en-la-real-maestranza\\\/#primaryimage\"},\"thumbnailUrl\":\"https:\\\/\\\/www.rmcr.org\\\/wp-content\\\/uploads\\\/2018\\\/07\\\/col-arm.jpg\",\"datePublished\":\"2018-06-01T16:28:23+00:00\",\"dateModified\":\"2025-04-04T12:35:50+00:00\",\"breadcrumb\":{\"@id\":\"https:\\\/\\\/www.rmcr.org\\\/en\\\/2018\\\/06\\\/01\\\/trece-anos-de-exposicion-de-la-coleccion-de-armas-antiguas-en-la-real-maestranza\\\/#breadcrumb\"},\"inLanguage\":\"en-US\",\"potentialAction\":[{\"@type\":\"ReadAction\",\"target\":[\"https:\\\/\\\/www.rmcr.org\\\/en\\\/2018\\\/06\\\/01\\\/trece-anos-de-exposicion-de-la-coleccion-de-armas-antiguas-en-la-real-maestranza\\\/\"]}]},{\"@type\":\"ImageObject\",\"inLanguage\":\"en-US\",\"@id\":\"https:\\\/\\\/www.rmcr.org\\\/en\\\/2018\\\/06\\\/01\\\/trece-anos-de-exposicion-de-la-coleccion-de-armas-antiguas-en-la-real-maestranza\\\/#primaryimage\",\"url\":\"https:\\\/\\\/www.rmcr.org\\\/wp-content\\\/uploads\\\/2018\\\/07\\\/col-arm.jpg\",\"contentUrl\":\"https:\\\/\\\/www.rmcr.org\\\/wp-content\\\/uploads\\\/2018\\\/07\\\/col-arm.jpg\",\"width\":482,\"height\":143},{\"@type\":\"BreadcrumbList\",\"@id\":\"https:\\\/\\\/www.rmcr.org\\\/en\\\/2018\\\/06\\\/01\\\/trece-anos-de-exposicion-de-la-coleccion-de-armas-antiguas-en-la-real-maestranza\\\/#breadcrumb\",\"itemListElement\":[{\"@type\":\"ListItem\",\"position\":1,\"name\":\"REAL MAESTRANZA DE CABALLER\u00cdA DE RONDA\",\"item\":\"https:\\\/\\\/www.rmcr.org\\\/en\\\/\"},{\"@type\":\"ListItem\",\"position\":2,\"name\":\"Trece a\u00f1os de exposici\u00f3n de la colecci\u00f3n de Armas Antiguas en la Real Maestranza\"}]},{\"@type\":\"WebSite\",\"@id\":\"https:\\\/\\\/www.rmcr.org\\\/en\\\/#website\",\"url\":\"https:\\\/\\\/www.rmcr.org\\\/en\\\/\",\"name\":\"Real Maestranza de Caballer\u00eda de Ronda\",\"description\":\"Real Maestranza de Caballer\u00eda de Ronda\",\"publisher\":{\"@id\":\"https:\\\/\\\/www.rmcr.org\\\/en\\\/#organization\"},\"alternateName\":\"RMCR\",\"potentialAction\":[{\"@type\":\"SearchAction\",\"target\":{\"@type\":\"EntryPoint\",\"urlTemplate\":\"https:\\\/\\\/www.rmcr.org\\\/en\\\/?s={search_term_string}\"},\"query-input\":{\"@type\":\"PropertyValueSpecification\",\"valueRequired\":true,\"valueName\":\"search_term_string\"}}],\"inLanguage\":\"en-US\"},{\"@type\":\"Organization\",\"@id\":\"https:\\\/\\\/www.rmcr.org\\\/en\\\/#organization\",\"name\":\"Real Maestranza de Caballer\u00eda de Ronda\",\"alternateName\":\"RMR\",\"url\":\"https:\\\/\\\/www.rmcr.org\\\/en\\\/\",\"logo\":{\"@type\":\"ImageObject\",\"inLanguage\":\"en-US\",\"@id\":\"https:\\\/\\\/www.rmcr.org\\\/en\\\/#\\\/schema\\\/logo\\\/image\\\/\",\"url\":\"https:\\\/\\\/www.rmcr.org\\\/wp-content\\\/uploads\\\/2022\\\/07\\\/logo-rmr-blue.svg\",\"contentUrl\":\"https:\\\/\\\/www.rmcr.org\\\/wp-content\\\/uploads\\\/2022\\\/07\\\/logo-rmr-blue.svg\",\"width\":131,\"height\":129,\"caption\":\"Real Maestranza de Caballer\u00eda de Ronda\"},\"image\":{\"@id\":\"https:\\\/\\\/www.rmcr.org\\\/en\\\/#\\\/schema\\\/logo\\\/image\\\/\"},\"sameAs\":[\"https:\\\/\\\/www.facebook.com\\\/plazadetorosronda\",\"https:\\\/\\\/x.com\\\/PlazatorosRMR\",\"https:\\\/\\\/www.instagram.com\\\/realmaestranzaderonda\\\/\",\"https:\\\/\\\/www.youtube.com\\\/channel\\\/UCrbO5IUN-8v_QML739vM4zg\\\/videos\"]},{\"@type\":\"Person\",\"@id\":\"https:\\\/\\\/www.rmcr.org\\\/en\\\/#\\\/schema\\\/person\\\/6e5eb50e802ff5f1419c0fea9935ae36\",\"name\":\"MUSEO\",\"image\":{\"@type\":\"ImageObject\",\"inLanguage\":\"en-US\",\"@id\":\"https:\\\/\\\/www.rmcr.org\\\/wp-content\\\/uploads\\\/2022\\\/11\\\/avatar-rmcr-96x96.png\",\"url\":\"https:\\\/\\\/www.rmcr.org\\\/wp-content\\\/uploads\\\/2022\\\/11\\\/avatar-rmcr-96x96.png\",\"contentUrl\":\"https:\\\/\\\/www.rmcr.org\\\/wp-content\\\/uploads\\\/2022\\\/11\\\/avatar-rmcr-96x96.png\",\"caption\":\"MUSEO\"},\"url\":\"https:\\\/\\\/www.rmcr.org\\\/en\\\/author\\\/miguel-angel-sanchez\\\/\"}]}<\/script>\n<!-- \/ Yoast SEO plugin. -->","yoast_head_json":{"title":"Trece a\u00f1os de exposici\u00f3n de la colecci\u00f3n de Armas Antiguas en la Real Maestranza - Real Maestranza de Caballer\u00eda de Ronda","robots":{"index":"index","follow":"follow","max-snippet":"max-snippet:-1","max-image-preview":"max-image-preview:large","max-video-preview":"max-video-preview:-1"},"canonical":"https:\/\/www.rmcr.org\/en\/2018\/06\/01\/trece-anos-de-exposicion-de-la-coleccion-de-armas-antiguas-en-la-real-maestranza\/","og_locale":"en_US","og_type":"article","og_title":"Trece a\u00f1os de exposici\u00f3n de la colecci\u00f3n de Armas Antiguas en la Real Maestranza - Real Maestranza de Caballer\u00eda de Ronda","og_description":"Hasta hace unos d\u00edas la Real Maestranza ofrec\u00eda al visitante la oportunidad de visitar cuatro colecciones art\u00edsticas distintas en sus distintas salas. Estas colecciones poseen diferentes tem\u00e1ticas; Tauromaquia, Real Guarnicioner\u00eda de la Casa de Orleans, Galer\u00eda de la Real Maestranza y la colecci\u00f3n de armas de fuego antiguas. \u00a0 En el a\u00f1o 2005 se inaugura [&hellip;]","og_url":"https:\/\/www.rmcr.org\/en\/2018\/06\/01\/trece-anos-de-exposicion-de-la-coleccion-de-armas-antiguas-en-la-real-maestranza\/","og_site_name":"Real Maestranza de Caballer\u00eda de Ronda","article_publisher":"https:\/\/www.facebook.com\/plazadetorosronda","article_published_time":"2018-06-01T16:28:23+00:00","article_modified_time":"2025-04-04T12:35:50+00:00","og_image":[{"width":482,"height":143,"url":"https:\/\/www.rmcr.org\/wp-content\/uploads\/2018\/07\/col-arm.jpg","type":"image\/jpeg"}],"author":"MUSEO","twitter_card":"summary_large_image","twitter_creator":"@PlazatorosRMR","twitter_site":"@PlazatorosRMR","twitter_misc":{"Written by":"MUSEO","Est. reading time":"1 minute"},"schema":{"@context":"https:\/\/schema.org","@graph":[{"@type":"Article","@id":"https:\/\/www.rmcr.org\/en\/2018\/06\/01\/trece-anos-de-exposicion-de-la-coleccion-de-armas-antiguas-en-la-real-maestranza\/#article","isPartOf":{"@id":"https:\/\/www.rmcr.org\/en\/2018\/06\/01\/trece-anos-de-exposicion-de-la-coleccion-de-armas-antiguas-en-la-real-maestranza\/"},"author":{"name":"MUSEO","@id":"https:\/\/www.rmcr.org\/en\/#\/schema\/person\/6e5eb50e802ff5f1419c0fea9935ae36"},"headline":"Trece a\u00f1os de exposici\u00f3n de la colecci\u00f3n de Armas Antiguas en la Real Maestranza","datePublished":"2018-06-01T16:28:23+00:00","dateModified":"2025-04-04T12:35:50+00:00","mainEntityOfPage":{"@id":"https:\/\/www.rmcr.org\/en\/2018\/06\/01\/trece-anos-de-exposicion-de-la-coleccion-de-armas-antiguas-en-la-real-maestranza\/"},"wordCount":259,"commentCount":0,"publisher":{"@id":"https:\/\/www.rmcr.org\/en\/#organization"},"image":{"@id":"https:\/\/www.rmcr.org\/en\/2018\/06\/01\/trece-anos-de-exposicion-de-la-coleccion-de-armas-antiguas-en-la-real-maestranza\/#primaryimage"},"thumbnailUrl":"https:\/\/www.rmcr.org\/wp-content\/uploads\/2018\/07\/col-arm.jpg","keywords":["Armas de fuego","Colecci\u00f3n Muse\u00edstica","Gesti\u00f3n del Patrimonio","Museo"],"articleSection":["Colecciones muse\u00edsticas","Plaza y Museo"],"inLanguage":"en-US","potentialAction":[{"@type":"CommentAction","name":"Comment","target":["https:\/\/www.rmcr.org\/en\/2018\/06\/01\/trece-anos-de-exposicion-de-la-coleccion-de-armas-antiguas-en-la-real-maestranza\/#respond"]}]},{"@type":"WebPage","@id":"https:\/\/www.rmcr.org\/en\/2018\/06\/01\/trece-anos-de-exposicion-de-la-coleccion-de-armas-antiguas-en-la-real-maestranza\/","url":"https:\/\/www.rmcr.org\/en\/2018\/06\/01\/trece-anos-de-exposicion-de-la-coleccion-de-armas-antiguas-en-la-real-maestranza\/","name":"Trece a\u00f1os de exposici\u00f3n de la colecci\u00f3n de Armas Antiguas en la Real Maestranza - Real Maestranza de Caballer\u00eda de Ronda","isPartOf":{"@id":"https:\/\/www.rmcr.org\/en\/#website"},"primaryImageOfPage":{"@id":"https:\/\/www.rmcr.org\/en\/2018\/06\/01\/trece-anos-de-exposicion-de-la-coleccion-de-armas-antiguas-en-la-real-maestranza\/#primaryimage"},"image":{"@id":"https:\/\/www.rmcr.org\/en\/2018\/06\/01\/trece-anos-de-exposicion-de-la-coleccion-de-armas-antiguas-en-la-real-maestranza\/#primaryimage"},"thumbnailUrl":"https:\/\/www.rmcr.org\/wp-content\/uploads\/2018\/07\/col-arm.jpg","datePublished":"2018-06-01T16:28:23+00:00","dateModified":"2025-04-04T12:35:50+00:00","breadcrumb":{"@id":"https:\/\/www.rmcr.org\/en\/2018\/06\/01\/trece-anos-de-exposicion-de-la-coleccion-de-armas-antiguas-en-la-real-maestranza\/#breadcrumb"},"inLanguage":"en-US","potentialAction":[{"@type":"ReadAction","target":["https:\/\/www.rmcr.org\/en\/2018\/06\/01\/trece-anos-de-exposicion-de-la-coleccion-de-armas-antiguas-en-la-real-maestranza\/"]}]},{"@type":"ImageObject","inLanguage":"en-US","@id":"https:\/\/www.rmcr.org\/en\/2018\/06\/01\/trece-anos-de-exposicion-de-la-coleccion-de-armas-antiguas-en-la-real-maestranza\/#primaryimage","url":"https:\/\/www.rmcr.org\/wp-content\/uploads\/2018\/07\/col-arm.jpg","contentUrl":"https:\/\/www.rmcr.org\/wp-content\/uploads\/2018\/07\/col-arm.jpg","width":482,"height":143},{"@type":"BreadcrumbList","@id":"https:\/\/www.rmcr.org\/en\/2018\/06\/01\/trece-anos-de-exposicion-de-la-coleccion-de-armas-antiguas-en-la-real-maestranza\/#breadcrumb","itemListElement":[{"@type":"ListItem","position":1,"name":"REAL MAESTRANZA DE CABALLER\u00cdA DE RONDA","item":"https:\/\/www.rmcr.org\/en\/"},{"@type":"ListItem","position":2,"name":"Trece a\u00f1os de exposici\u00f3n de la colecci\u00f3n de Armas Antiguas en la Real Maestranza"}]},{"@type":"WebSite","@id":"https:\/\/www.rmcr.org\/en\/#website","url":"https:\/\/www.rmcr.org\/en\/","name":"Real Maestranza de Caballer\u00eda de Ronda","description":"Real Maestranza de Caballer\u00eda de Ronda","publisher":{"@id":"https:\/\/www.rmcr.org\/en\/#organization"},"alternateName":"RMCR","potentialAction":[{"@type":"SearchAction","target":{"@type":"EntryPoint","urlTemplate":"https:\/\/www.rmcr.org\/en\/?s={search_term_string}"},"query-input":{"@type":"PropertyValueSpecification","valueRequired":true,"valueName":"search_term_string"}}],"inLanguage":"en-US"},{"@type":"Organization","@id":"https:\/\/www.rmcr.org\/en\/#organization","name":"Real Maestranza de Caballer\u00eda de Ronda","alternateName":"RMR","url":"https:\/\/www.rmcr.org\/en\/","logo":{"@type":"ImageObject","inLanguage":"en-US","@id":"https:\/\/www.rmcr.org\/en\/#\/schema\/logo\/image\/","url":"https:\/\/www.rmcr.org\/wp-content\/uploads\/2022\/07\/logo-rmr-blue.svg","contentUrl":"https:\/\/www.rmcr.org\/wp-content\/uploads\/2022\/07\/logo-rmr-blue.svg","width":131,"height":129,"caption":"Real Maestranza de Caballer\u00eda de Ronda"},"image":{"@id":"https:\/\/www.rmcr.org\/en\/#\/schema\/logo\/image\/"},"sameAs":["https:\/\/www.facebook.com\/plazadetorosronda","https:\/\/x.com\/PlazatorosRMR","https:\/\/www.instagram.com\/realmaestranzaderonda\/","https:\/\/www.youtube.com\/channel\/UCrbO5IUN-8v_QML739vM4zg\/videos"]},{"@type":"Person","@id":"https:\/\/www.rmcr.org\/en\/#\/schema\/person\/6e5eb50e802ff5f1419c0fea9935ae36","name":"MUSEO","image":{"@type":"ImageObject","inLanguage":"en-US","@id":"https:\/\/www.rmcr.org\/wp-content\/uploads\/2022\/11\/avatar-rmcr-96x96.png","url":"https:\/\/www.rmcr.org\/wp-content\/uploads\/2022\/11\/avatar-rmcr-96x96.png","contentUrl":"https:\/\/www.rmcr.org\/wp-content\/uploads\/2022\/11\/avatar-rmcr-96x96.png","caption":"MUSEO"},"url":"https:\/\/www.rmcr.org\/en\/author\/miguel-angel-sanchez\/"}]}},"_links":{"self":[{"href":"https:\/\/www.rmcr.org\/en\/wp-json\/wp\/v2\/posts\/7090","targetHints":{"allow":["GET"]}}],"collection":[{"href":"https:\/\/www.rmcr.org\/en\/wp-json\/wp\/v2\/posts"}],"about":[{"href":"https:\/\/www.rmcr.org\/en\/wp-json\/wp\/v2\/types\/post"}],"author":[{"embeddable":true,"href":"https:\/\/www.rmcr.org\/en\/wp-json\/wp\/v2\/users\/5"}],"replies":[{"embeddable":true,"href":"https:\/\/www.rmcr.org\/en\/wp-json\/wp\/v2\/comments?post=7090"}],"version-history":[{"count":1,"href":"https:\/\/www.rmcr.org\/en\/wp-json\/wp\/v2\/posts\/7090\/revisions"}],"predecessor-version":[{"id":22235,"href":"https:\/\/www.rmcr.org\/en\/wp-json\/wp\/v2\/posts\/7090\/revisions\/22235"}],"wp:featuredmedia":[{"embeddable":true,"href":"https:\/\/www.rmcr.org\/en\/wp-json\/wp\/v2\/media\/7225"}],"wp:attachment":[{"href":"https:\/\/www.rmcr.org\/en\/wp-json\/wp\/v2\/media?parent=7090"}],"wp:term":[{"taxonomy":"category","embeddable":true,"href":"https:\/\/www.rmcr.org\/en\/wp-json\/wp\/v2\/categories?post=7090"},{"taxonomy":"post_tag","embeddable":true,"href":"https:\/\/www.rmcr.org\/en\/wp-json\/wp\/v2\/tags?post=7090"}],"curies":[{"name":"wp","href":"https:\/\/api.w.org\/{rel}","templated":true}]}}