{"id":7085,"date":"2016-05-18T11:55:22","date_gmt":"2016-05-18T11:55:22","guid":{"rendered":"https:\/\/www.rmcr.org\/?p=7085"},"modified":"2016-05-18T11:55:22","modified_gmt":"2016-05-18T11:55:22","slug":"concierto-del-dia-de-las-fuerzas-armadas-2016","status":"publish","type":"post","link":"https:\/\/www.rmcr.org\/en\/2016\/05\/18\/concierto-del-dia-de-las-fuerzas-armadas-2016\/","title":{"rendered":"Concierto del D\u00eda de las Fuerzas Armadas 2016"},"content":{"rendered":"<p style=\"text-align:justify;\"><strong>El mi\u00e9rcoles 25 de mayo de 2016, a las 20:00 horas, en la Plaza de Toros de la Real Maestranza de Caballer\u00eda de Ronda, tendr\u00e1 lugar el Concierto del D\u00eda de las Fuerzas Armadas 2016. En el mismo participar\u00e1n la Unidad de M\u00fasica de La Legi\u00f3n y la Banda Municipal de M\u00fasica de Ronda, as\u00ed como el Coro de Legionarios del Tercio \u00abAlejandro Farnesio\u00bb 4\u00ba de La Legi\u00f3n.<\/strong><\/p>\n<p style=\"text-align:justify;\"><a href=\"https:\/\/www.rmcr.org\/wp-content\/uploads\/2016\/05\/legion.jpg\"><img fetchpriority=\"high\" decoding=\"async\" class=\"size-full wp-image-260 aligncenter\" src=\"https:\/\/www.rmcr.org\/wp-content\/uploads\/2016\/05\/legion.jpg\" alt=\"legion\" width=\"350\" height=\"500\" \/><\/a><\/p>\n<p style=\"text-align:justify;\">El concierto est\u00e1 organizado por Fuerzas Armadas Espa\u00f1olas-Ej\u00e9rcito de Tierra-Legi\u00f3n Espa\u00f1ola-Tercio \u00abAlejandro Farnesio\u00bb 4\u00ba de La Legi\u00f3n, Real Maestranza de Caballer\u00eda de Ronda y Excmo. Ayuntamiento de Ronda. Las entradas, no numeradas, tienen un precio \u00fanico de 3 euros, destin\u00e1ndose toda la recaudaci\u00f3n a beneficio de la Fundaci\u00f3n Tercio de Extranjeros. <strong>Las entradas podr\u00e1n adquirirse en la Casa de la Cultura y la taquilla de visitantes de la Real Maestranza de Caballer\u00eda de Ronda<\/strong>.<\/p>\n<p style=\"text-align:justify;\">Las Fuerzas Armadas han mantenido la tradici\u00f3n musical de todas sus unidades. Las funciones principales de las bandas son levantar la moral de sus soldados, enardecer sus fuerzas en los momentos previos al combate y solemnizar ceremonias y paradas. Rito y tradici\u00f3n es algo intr\u00ednseco en los ej\u00e9rcitos.<\/p>\n<p style=\"text-align:justify;\">La Legi\u00f3n ha contado siempre con bandas de guerra, cornetas y tambores que, siguiendo la tradici\u00f3n de los Tercios Viejos espa\u00f1oles, acompa\u00f1an a las fuerzas en combate. Tambi\u00e9n ha contado La Legi\u00f3n con una unidad de m\u00fasica instrumental que ha permitido cultivar con dedicaci\u00f3n un cancionero propio, las marchas, los himnos y hasta las canciones \u00e9picas e incluso jocosas ideales para alegrar la dura vida de campa\u00f1a y guarnici\u00f3n que tuvo La Legi\u00f3n en sus or\u00edgenes. Toda fuerza especial en el mundo cuenta con su cancionero propio.<\/p>\n<p style=\"text-align:justify;\"><strong>Unidad de M\u00fasica de la Brigada de Infanter\u00eda Ligera \u00abRey Alfonso XIII\u00bb de La Legi\u00f3n<\/strong><\/p>\n<p style=\"text-align:justify;\">\u00abPor Real Orden circular de 16 de octubre de 1920, se inserta en la Plantilla de la Plana Mayor del Tercio una Unidad de M\u00fasica dotada de tres m\u00fasicos de primera clase, seis de segunda, diez de tercera y seis educandos m\u00fasicos, al mando de un M\u00fasico Mayor, denominaci\u00f3n \u00e9sta que recib\u00eda entonces el Director de la M\u00fasica Militar\u00bb.<\/p>\n<p style=\"text-align:justify;\">La Legi\u00f3n tiene actualmente una Unidad de M\u00fasica, depositaria heredera de los valores y virtudes de la que fuera en los tiempos fundacionales la Banda de M\u00fasica del Tercio de Extranjeros.<\/p>\n<p style=\"text-align:justify;\">El 1 de octubre de 1985 una nueva instrucci\u00f3n ordena que la Subinspecci\u00f3n, la Academia de Mandos y la Secci\u00f3n de M\u00fasica se trasladen a M\u00e1laga. A partir de entonces cuenta, adem\u00e1s del director, con dos subdirectores y una plantilla de instrumentistas (suboficiales y tropa) que permite a la unidad desdoblarse en dos fracciones para atender todas las demandas.<\/p>\n<p style=\"text-align:justify;\">El 1 de junio de 1995 se destina al personal de esta unidad a la guarnici\u00f3n en Viator (Almer\u00eda), en la base \u00ab\u00c1lvarez de Sotomayor\u00bb, donde se constituye la Brigada de Infanter\u00eda Ligera \u00abRey Alfonso XIII\u00bb, 2\u00ba de La Legi\u00f3n, denominaci\u00f3n que toma el 20 de septiembre de 1996 en ceremonia presidida por SS.MM. los Reyes de Espa\u00f1a.<\/p>\n<p style=\"text-align:justify;\">Siendo la Brigada de La Legi\u00f3n la \u00fanica brigada que dispone de una Unidad de M\u00fasica, est\u00e1 clasificada como m\u00fasica territorial o m\u00fasica de tercera clase. Esto aporta a la Brigada Legionaria y al resto de fuerzas de La Legi\u00f3n de un elemento cultural y patri\u00f3tico que en nada se conseguir\u00eda sin la intervenci\u00f3n de la Unidad de M\u00fasica y sus sones.<\/p>\n<p style=\"text-align:justify;\">Parece pues que esta Unidad de M\u00fasica de La Legi\u00f3n es similar a la que se form\u00f3 en el a\u00f1o fundacional. Podemos decir que es una unidad concebida para prestar los servicios de m\u00fasica pr\u00e1cticamente en paradas y desfiles; ciento cuarenta y ocho servicios de m\u00fasica en el \u00faltimo a\u00f1o, el m\u00e1s relevante en el Desfile del D\u00eda de la Fiesta Nacional ante S.M. el Rey. Desde el mes de agosto de 2014 est\u00e1 dirigida por el Teniente M\u00fasico D. V\u00edctor Engu\u00eddanos Royo.<\/p>\n<p style=\"text-align:justify;\"><strong>Programa<\/strong><\/p>\n<p style=\"text-align:justify;\">P. Marquina (1873-1948) &#8211; \u00abEspa\u00f1a ca\u00f1\u00ed\u00bb<br \/>\nG. Bizet (1838-1875) &#8211; \u00abAria del toreador\u00bb (Carmen)<br \/>\nJ. Quintero (1903-1980) &#8211; \u00abEn er mundo\u00bb<br \/>\nA. Lara (1897-1970) &#8211; \u00abGranada\u00bb<br \/>\nE. Granados (1867-1916) &#8211; \u00abGoyescas\u00bb<br \/>\nP. Chaikovski (1840-1893) &#8211; \u00abObertura 1812\u00bb<br \/>\nJ. Serrano (1873-1941) &#8211; \u00abLa canci\u00f3n del soldado\u00bb<br \/>\nJ. Guerrero (1895-1951) &#8211; \u00abLa org\u00eda dorada\u00bb<br \/>\nF. Cal\u00e9s Pina (1886-1957) &#8211; \u00abTercios heroicos\u00bb<br \/>\nM. Romero (1883-1954) &#8211; \u00abLa canci\u00f3n del legionario\u00bb<br \/>\nF. Alonso (1887-1948) &#8211; \u00abLas corsarias\u00bb<\/p>\n","protected":false},"excerpt":{"rendered":"<p>El mi\u00e9rcoles 25 de mayo de 2016, a las 20:00 horas, en la Plaza de Toros de la Real Maestranza de Caballer\u00eda de Ronda, tendr\u00e1 lugar el Concierto del D\u00eda de las Fuerzas Armadas 2016. En el mismo participar\u00e1n la Unidad de M\u00fasica de La Legi\u00f3n y la Banda Municipal de M\u00fasica de Ronda, as\u00ed [&hellip;]<\/p>\n","protected":false},"author":7,"featured_media":261,"comment_status":"open","ping_status":"open","sticky":false,"template":"","format":"standard","meta":{"footnotes":""},"categories":[277],"tags":[165,310,311],"class_list":["post-7085","post","type-post","status-publish","format-standard","has-post-thumbnail","hentry","category-plaza-de-toros","tag-conciertos","tag-fuerzas-armadas","tag-musica"],"yoast_head":"<!-- This site is optimized with the Yoast SEO plugin v27.5 - https:\/\/yoast.com\/product\/yoast-seo-wordpress\/ -->\n<title>Concierto del D\u00eda de las Fuerzas Armadas 2016 - Real Maestranza de Caballer\u00eda de Ronda<\/title>\n<meta name=\"robots\" content=\"index, follow, max-snippet:-1, max-image-preview:large, max-video-preview:-1\" \/>\n<link rel=\"canonical\" href=\"https:\/\/www.rmcr.org\/en\/2016\/05\/18\/concierto-del-dia-de-las-fuerzas-armadas-2016\/\" \/>\n<meta property=\"og:locale\" content=\"en_US\" \/>\n<meta property=\"og:type\" content=\"article\" \/>\n<meta property=\"og:title\" content=\"Concierto del D\u00eda de las Fuerzas Armadas 2016 - Real Maestranza de Caballer\u00eda de Ronda\" \/>\n<meta property=\"og:description\" content=\"El mi\u00e9rcoles 25 de mayo de 2016, a las 20:00 horas, en la Plaza de Toros de la Real Maestranza de Caballer\u00eda de Ronda, tendr\u00e1 lugar el Concierto del D\u00eda de las Fuerzas Armadas 2016. En el mismo participar\u00e1n la Unidad de M\u00fasica de La Legi\u00f3n y la Banda Municipal de M\u00fasica de Ronda, as\u00ed [&hellip;]\" \/>\n<meta property=\"og:url\" content=\"https:\/\/www.rmcr.org\/en\/2016\/05\/18\/concierto-del-dia-de-las-fuerzas-armadas-2016\/\" \/>\n<meta property=\"og:site_name\" content=\"Real Maestranza de Caballer\u00eda de Ronda\" \/>\n<meta property=\"article:publisher\" content=\"https:\/\/www.facebook.com\/plazadetorosronda\" \/>\n<meta property=\"article:published_time\" content=\"2016-05-18T11:55:22+00:00\" \/>\n<meta property=\"og:image\" content=\"https:\/\/www.rmcr.org\/wp-content\/uploads\/2016\/05\/leg.jpg\" \/>\n\t<meta property=\"og:image:width\" content=\"482\" \/>\n\t<meta property=\"og:image:height\" content=\"140\" \/>\n\t<meta property=\"og:image:type\" content=\"image\/jpeg\" \/>\n<meta name=\"author\" content=\"RMCR\" \/>\n<meta name=\"twitter:card\" content=\"summary_large_image\" \/>\n<meta name=\"twitter:creator\" content=\"@PlazatorosRMR\" \/>\n<meta name=\"twitter:site\" content=\"@PlazatorosRMR\" \/>\n<meta name=\"twitter:label1\" content=\"Written by\" \/>\n\t<meta name=\"twitter:data1\" content=\"RMCR\" \/>\n\t<meta name=\"twitter:label2\" content=\"Est. reading time\" \/>\n\t<meta name=\"twitter:data2\" content=\"4 minutes\" \/>\n<script type=\"application\/ld+json\" class=\"yoast-schema-graph\">{\"@context\":\"https:\\\/\\\/schema.org\",\"@graph\":[{\"@type\":\"Article\",\"@id\":\"https:\\\/\\\/www.rmcr.org\\\/en\\\/2016\\\/05\\\/18\\\/concierto-del-dia-de-las-fuerzas-armadas-2016\\\/#article\",\"isPartOf\":{\"@id\":\"https:\\\/\\\/www.rmcr.org\\\/en\\\/2016\\\/05\\\/18\\\/concierto-del-dia-de-las-fuerzas-armadas-2016\\\/\"},\"author\":{\"name\":\"RMCR\",\"@id\":\"https:\\\/\\\/www.rmcr.org\\\/en\\\/#\\\/schema\\\/person\\\/7ddd0dafda7edd0e407157f93a56df4f\"},\"headline\":\"Concierto del D\u00eda de las Fuerzas Armadas 2016\",\"datePublished\":\"2016-05-18T11:55:22+00:00\",\"mainEntityOfPage\":{\"@id\":\"https:\\\/\\\/www.rmcr.org\\\/en\\\/2016\\\/05\\\/18\\\/concierto-del-dia-de-las-fuerzas-armadas-2016\\\/\"},\"wordCount\":796,\"commentCount\":0,\"publisher\":{\"@id\":\"https:\\\/\\\/www.rmcr.org\\\/en\\\/#organization\"},\"image\":{\"@id\":\"https:\\\/\\\/www.rmcr.org\\\/en\\\/2016\\\/05\\\/18\\\/concierto-del-dia-de-las-fuerzas-armadas-2016\\\/#primaryimage\"},\"thumbnailUrl\":\"https:\\\/\\\/www.rmcr.org\\\/wp-content\\\/uploads\\\/2016\\\/05\\\/leg.jpg\",\"keywords\":[\"Conciertos\",\"Fuerzas Armadas\",\"M\u00fasica\"],\"articleSection\":[\"Plaza de Toros\"],\"inLanguage\":\"en-US\",\"potentialAction\":[{\"@type\":\"CommentAction\",\"name\":\"Comment\",\"target\":[\"https:\\\/\\\/www.rmcr.org\\\/en\\\/2016\\\/05\\\/18\\\/concierto-del-dia-de-las-fuerzas-armadas-2016\\\/#respond\"]}]},{\"@type\":\"WebPage\",\"@id\":\"https:\\\/\\\/www.rmcr.org\\\/en\\\/2016\\\/05\\\/18\\\/concierto-del-dia-de-las-fuerzas-armadas-2016\\\/\",\"url\":\"https:\\\/\\\/www.rmcr.org\\\/en\\\/2016\\\/05\\\/18\\\/concierto-del-dia-de-las-fuerzas-armadas-2016\\\/\",\"name\":\"Concierto del D\u00eda de las Fuerzas Armadas 2016 - Real Maestranza de Caballer\u00eda de Ronda\",\"isPartOf\":{\"@id\":\"https:\\\/\\\/www.rmcr.org\\\/en\\\/#website\"},\"primaryImageOfPage\":{\"@id\":\"https:\\\/\\\/www.rmcr.org\\\/en\\\/2016\\\/05\\\/18\\\/concierto-del-dia-de-las-fuerzas-armadas-2016\\\/#primaryimage\"},\"image\":{\"@id\":\"https:\\\/\\\/www.rmcr.org\\\/en\\\/2016\\\/05\\\/18\\\/concierto-del-dia-de-las-fuerzas-armadas-2016\\\/#primaryimage\"},\"thumbnailUrl\":\"https:\\\/\\\/www.rmcr.org\\\/wp-content\\\/uploads\\\/2016\\\/05\\\/leg.jpg\",\"datePublished\":\"2016-05-18T11:55:22+00:00\",\"breadcrumb\":{\"@id\":\"https:\\\/\\\/www.rmcr.org\\\/en\\\/2016\\\/05\\\/18\\\/concierto-del-dia-de-las-fuerzas-armadas-2016\\\/#breadcrumb\"},\"inLanguage\":\"en-US\",\"potentialAction\":[{\"@type\":\"ReadAction\",\"target\":[\"https:\\\/\\\/www.rmcr.org\\\/en\\\/2016\\\/05\\\/18\\\/concierto-del-dia-de-las-fuerzas-armadas-2016\\\/\"]}]},{\"@type\":\"ImageObject\",\"inLanguage\":\"en-US\",\"@id\":\"https:\\\/\\\/www.rmcr.org\\\/en\\\/2016\\\/05\\\/18\\\/concierto-del-dia-de-las-fuerzas-armadas-2016\\\/#primaryimage\",\"url\":\"https:\\\/\\\/www.rmcr.org\\\/wp-content\\\/uploads\\\/2016\\\/05\\\/leg.jpg\",\"contentUrl\":\"https:\\\/\\\/www.rmcr.org\\\/wp-content\\\/uploads\\\/2016\\\/05\\\/leg.jpg\",\"width\":482,\"height\":140},{\"@type\":\"BreadcrumbList\",\"@id\":\"https:\\\/\\\/www.rmcr.org\\\/en\\\/2016\\\/05\\\/18\\\/concierto-del-dia-de-las-fuerzas-armadas-2016\\\/#breadcrumb\",\"itemListElement\":[{\"@type\":\"ListItem\",\"position\":1,\"name\":\"REAL MAESTRANZA DE CABALLER\u00cdA DE RONDA\",\"item\":\"https:\\\/\\\/www.rmcr.org\\\/en\\\/\"},{\"@type\":\"ListItem\",\"position\":2,\"name\":\"Concierto del D\u00eda de las Fuerzas Armadas 2016\"}]},{\"@type\":\"WebSite\",\"@id\":\"https:\\\/\\\/www.rmcr.org\\\/en\\\/#website\",\"url\":\"https:\\\/\\\/www.rmcr.org\\\/en\\\/\",\"name\":\"Real Maestranza de Caballer\u00eda de Ronda\",\"description\":\"Real Maestranza de Caballer\u00eda de Ronda\",\"publisher\":{\"@id\":\"https:\\\/\\\/www.rmcr.org\\\/en\\\/#organization\"},\"alternateName\":\"RMCR\",\"potentialAction\":[{\"@type\":\"SearchAction\",\"target\":{\"@type\":\"EntryPoint\",\"urlTemplate\":\"https:\\\/\\\/www.rmcr.org\\\/en\\\/?s={search_term_string}\"},\"query-input\":{\"@type\":\"PropertyValueSpecification\",\"valueRequired\":true,\"valueName\":\"search_term_string\"}}],\"inLanguage\":\"en-US\"},{\"@type\":\"Organization\",\"@id\":\"https:\\\/\\\/www.rmcr.org\\\/en\\\/#organization\",\"name\":\"Real Maestranza de Caballer\u00eda de Ronda\",\"alternateName\":\"RMR\",\"url\":\"https:\\\/\\\/www.rmcr.org\\\/en\\\/\",\"logo\":{\"@type\":\"ImageObject\",\"inLanguage\":\"en-US\",\"@id\":\"https:\\\/\\\/www.rmcr.org\\\/en\\\/#\\\/schema\\\/logo\\\/image\\\/\",\"url\":\"https:\\\/\\\/www.rmcr.org\\\/wp-content\\\/uploads\\\/2022\\\/07\\\/logo-rmr-blue.svg\",\"contentUrl\":\"https:\\\/\\\/www.rmcr.org\\\/wp-content\\\/uploads\\\/2022\\\/07\\\/logo-rmr-blue.svg\",\"width\":131,\"height\":129,\"caption\":\"Real Maestranza de Caballer\u00eda de Ronda\"},\"image\":{\"@id\":\"https:\\\/\\\/www.rmcr.org\\\/en\\\/#\\\/schema\\\/logo\\\/image\\\/\"},\"sameAs\":[\"https:\\\/\\\/www.facebook.com\\\/plazadetorosronda\",\"https:\\\/\\\/x.com\\\/PlazatorosRMR\",\"https:\\\/\\\/www.instagram.com\\\/realmaestranzaderonda\\\/\",\"https:\\\/\\\/www.youtube.com\\\/channel\\\/UCrbO5IUN-8v_QML739vM4zg\\\/videos\"]},{\"@type\":\"Person\",\"@id\":\"https:\\\/\\\/www.rmcr.org\\\/en\\\/#\\\/schema\\\/person\\\/7ddd0dafda7edd0e407157f93a56df4f\",\"name\":\"RMCR\",\"image\":{\"@type\":\"ImageObject\",\"inLanguage\":\"en-US\",\"@id\":\"https:\\\/\\\/secure.gravatar.com\\\/avatar\\\/adb75798b50800c24baa6a8706037b9469998c49eddeb95935f50f633cff80bb?s=96&d=mm&r=g\",\"url\":\"https:\\\/\\\/secure.gravatar.com\\\/avatar\\\/adb75798b50800c24baa6a8706037b9469998c49eddeb95935f50f633cff80bb?s=96&d=mm&r=g\",\"contentUrl\":\"https:\\\/\\\/secure.gravatar.com\\\/avatar\\\/adb75798b50800c24baa6a8706037b9469998c49eddeb95935f50f633cff80bb?s=96&d=mm&r=g\",\"caption\":\"RMCR\"},\"url\":\"https:\\\/\\\/www.rmcr.org\\\/en\\\/author\\\/bitniks77\\\/\"}]}<\/script>\n<!-- \/ Yoast SEO plugin. -->","yoast_head_json":{"title":"Concierto del D\u00eda de las Fuerzas Armadas 2016 - Real Maestranza de Caballer\u00eda de Ronda","robots":{"index":"index","follow":"follow","max-snippet":"max-snippet:-1","max-image-preview":"max-image-preview:large","max-video-preview":"max-video-preview:-1"},"canonical":"https:\/\/www.rmcr.org\/en\/2016\/05\/18\/concierto-del-dia-de-las-fuerzas-armadas-2016\/","og_locale":"en_US","og_type":"article","og_title":"Concierto del D\u00eda de las Fuerzas Armadas 2016 - Real Maestranza de Caballer\u00eda de Ronda","og_description":"El mi\u00e9rcoles 25 de mayo de 2016, a las 20:00 horas, en la Plaza de Toros de la Real Maestranza de Caballer\u00eda de Ronda, tendr\u00e1 lugar el Concierto del D\u00eda de las Fuerzas Armadas 2016. En el mismo participar\u00e1n la Unidad de M\u00fasica de La Legi\u00f3n y la Banda Municipal de M\u00fasica de Ronda, as\u00ed [&hellip;]","og_url":"https:\/\/www.rmcr.org\/en\/2016\/05\/18\/concierto-del-dia-de-las-fuerzas-armadas-2016\/","og_site_name":"Real Maestranza de Caballer\u00eda de Ronda","article_publisher":"https:\/\/www.facebook.com\/plazadetorosronda","article_published_time":"2016-05-18T11:55:22+00:00","og_image":[{"width":482,"height":140,"url":"https:\/\/www.rmcr.org\/wp-content\/uploads\/2016\/05\/leg.jpg","type":"image\/jpeg"}],"author":"RMCR","twitter_card":"summary_large_image","twitter_creator":"@PlazatorosRMR","twitter_site":"@PlazatorosRMR","twitter_misc":{"Written by":"RMCR","Est. reading time":"4 minutes"},"schema":{"@context":"https:\/\/schema.org","@graph":[{"@type":"Article","@id":"https:\/\/www.rmcr.org\/en\/2016\/05\/18\/concierto-del-dia-de-las-fuerzas-armadas-2016\/#article","isPartOf":{"@id":"https:\/\/www.rmcr.org\/en\/2016\/05\/18\/concierto-del-dia-de-las-fuerzas-armadas-2016\/"},"author":{"name":"RMCR","@id":"https:\/\/www.rmcr.org\/en\/#\/schema\/person\/7ddd0dafda7edd0e407157f93a56df4f"},"headline":"Concierto del D\u00eda de las Fuerzas Armadas 2016","datePublished":"2016-05-18T11:55:22+00:00","mainEntityOfPage":{"@id":"https:\/\/www.rmcr.org\/en\/2016\/05\/18\/concierto-del-dia-de-las-fuerzas-armadas-2016\/"},"wordCount":796,"commentCount":0,"publisher":{"@id":"https:\/\/www.rmcr.org\/en\/#organization"},"image":{"@id":"https:\/\/www.rmcr.org\/en\/2016\/05\/18\/concierto-del-dia-de-las-fuerzas-armadas-2016\/#primaryimage"},"thumbnailUrl":"https:\/\/www.rmcr.org\/wp-content\/uploads\/2016\/05\/leg.jpg","keywords":["Conciertos","Fuerzas Armadas","M\u00fasica"],"articleSection":["Plaza de Toros"],"inLanguage":"en-US","potentialAction":[{"@type":"CommentAction","name":"Comment","target":["https:\/\/www.rmcr.org\/en\/2016\/05\/18\/concierto-del-dia-de-las-fuerzas-armadas-2016\/#respond"]}]},{"@type":"WebPage","@id":"https:\/\/www.rmcr.org\/en\/2016\/05\/18\/concierto-del-dia-de-las-fuerzas-armadas-2016\/","url":"https:\/\/www.rmcr.org\/en\/2016\/05\/18\/concierto-del-dia-de-las-fuerzas-armadas-2016\/","name":"Concierto del D\u00eda de las Fuerzas Armadas 2016 - Real Maestranza de Caballer\u00eda de Ronda","isPartOf":{"@id":"https:\/\/www.rmcr.org\/en\/#website"},"primaryImageOfPage":{"@id":"https:\/\/www.rmcr.org\/en\/2016\/05\/18\/concierto-del-dia-de-las-fuerzas-armadas-2016\/#primaryimage"},"image":{"@id":"https:\/\/www.rmcr.org\/en\/2016\/05\/18\/concierto-del-dia-de-las-fuerzas-armadas-2016\/#primaryimage"},"thumbnailUrl":"https:\/\/www.rmcr.org\/wp-content\/uploads\/2016\/05\/leg.jpg","datePublished":"2016-05-18T11:55:22+00:00","breadcrumb":{"@id":"https:\/\/www.rmcr.org\/en\/2016\/05\/18\/concierto-del-dia-de-las-fuerzas-armadas-2016\/#breadcrumb"},"inLanguage":"en-US","potentialAction":[{"@type":"ReadAction","target":["https:\/\/www.rmcr.org\/en\/2016\/05\/18\/concierto-del-dia-de-las-fuerzas-armadas-2016\/"]}]},{"@type":"ImageObject","inLanguage":"en-US","@id":"https:\/\/www.rmcr.org\/en\/2016\/05\/18\/concierto-del-dia-de-las-fuerzas-armadas-2016\/#primaryimage","url":"https:\/\/www.rmcr.org\/wp-content\/uploads\/2016\/05\/leg.jpg","contentUrl":"https:\/\/www.rmcr.org\/wp-content\/uploads\/2016\/05\/leg.jpg","width":482,"height":140},{"@type":"BreadcrumbList","@id":"https:\/\/www.rmcr.org\/en\/2016\/05\/18\/concierto-del-dia-de-las-fuerzas-armadas-2016\/#breadcrumb","itemListElement":[{"@type":"ListItem","position":1,"name":"REAL MAESTRANZA DE CABALLER\u00cdA DE RONDA","item":"https:\/\/www.rmcr.org\/en\/"},{"@type":"ListItem","position":2,"name":"Concierto del D\u00eda de las Fuerzas Armadas 2016"}]},{"@type":"WebSite","@id":"https:\/\/www.rmcr.org\/en\/#website","url":"https:\/\/www.rmcr.org\/en\/","name":"Real Maestranza de Caballer\u00eda de Ronda","description":"Real Maestranza de Caballer\u00eda de Ronda","publisher":{"@id":"https:\/\/www.rmcr.org\/en\/#organization"},"alternateName":"RMCR","potentialAction":[{"@type":"SearchAction","target":{"@type":"EntryPoint","urlTemplate":"https:\/\/www.rmcr.org\/en\/?s={search_term_string}"},"query-input":{"@type":"PropertyValueSpecification","valueRequired":true,"valueName":"search_term_string"}}],"inLanguage":"en-US"},{"@type":"Organization","@id":"https:\/\/www.rmcr.org\/en\/#organization","name":"Real Maestranza de Caballer\u00eda de Ronda","alternateName":"RMR","url":"https:\/\/www.rmcr.org\/en\/","logo":{"@type":"ImageObject","inLanguage":"en-US","@id":"https:\/\/www.rmcr.org\/en\/#\/schema\/logo\/image\/","url":"https:\/\/www.rmcr.org\/wp-content\/uploads\/2022\/07\/logo-rmr-blue.svg","contentUrl":"https:\/\/www.rmcr.org\/wp-content\/uploads\/2022\/07\/logo-rmr-blue.svg","width":131,"height":129,"caption":"Real Maestranza de Caballer\u00eda de Ronda"},"image":{"@id":"https:\/\/www.rmcr.org\/en\/#\/schema\/logo\/image\/"},"sameAs":["https:\/\/www.facebook.com\/plazadetorosronda","https:\/\/x.com\/PlazatorosRMR","https:\/\/www.instagram.com\/realmaestranzaderonda\/","https:\/\/www.youtube.com\/channel\/UCrbO5IUN-8v_QML739vM4zg\/videos"]},{"@type":"Person","@id":"https:\/\/www.rmcr.org\/en\/#\/schema\/person\/7ddd0dafda7edd0e407157f93a56df4f","name":"RMCR","image":{"@type":"ImageObject","inLanguage":"en-US","@id":"https:\/\/secure.gravatar.com\/avatar\/adb75798b50800c24baa6a8706037b9469998c49eddeb95935f50f633cff80bb?s=96&d=mm&r=g","url":"https:\/\/secure.gravatar.com\/avatar\/adb75798b50800c24baa6a8706037b9469998c49eddeb95935f50f633cff80bb?s=96&d=mm&r=g","contentUrl":"https:\/\/secure.gravatar.com\/avatar\/adb75798b50800c24baa6a8706037b9469998c49eddeb95935f50f633cff80bb?s=96&d=mm&r=g","caption":"RMCR"},"url":"https:\/\/www.rmcr.org\/en\/author\/bitniks77\/"}]}},"_links":{"self":[{"href":"https:\/\/www.rmcr.org\/en\/wp-json\/wp\/v2\/posts\/7085","targetHints":{"allow":["GET"]}}],"collection":[{"href":"https:\/\/www.rmcr.org\/en\/wp-json\/wp\/v2\/posts"}],"about":[{"href":"https:\/\/www.rmcr.org\/en\/wp-json\/wp\/v2\/types\/post"}],"author":[{"embeddable":true,"href":"https:\/\/www.rmcr.org\/en\/wp-json\/wp\/v2\/users\/7"}],"replies":[{"embeddable":true,"href":"https:\/\/www.rmcr.org\/en\/wp-json\/wp\/v2\/comments?post=7085"}],"version-history":[{"count":0,"href":"https:\/\/www.rmcr.org\/en\/wp-json\/wp\/v2\/posts\/7085\/revisions"}],"wp:featuredmedia":[{"embeddable":true,"href":"https:\/\/www.rmcr.org\/en\/wp-json\/wp\/v2\/media\/261"}],"wp:attachment":[{"href":"https:\/\/www.rmcr.org\/en\/wp-json\/wp\/v2\/media?parent=7085"}],"wp:term":[{"taxonomy":"category","embeddable":true,"href":"https:\/\/www.rmcr.org\/en\/wp-json\/wp\/v2\/categories?post=7085"},{"taxonomy":"post_tag","embeddable":true,"href":"https:\/\/www.rmcr.org\/en\/wp-json\/wp\/v2\/tags?post=7085"}],"curies":[{"name":"wp","href":"https:\/\/api.w.org\/{rel}","templated":true}]}}