{"id":7084,"date":"2015-09-15T10:52:57","date_gmt":"2015-09-15T10:52:57","guid":{"rendered":"https:\/\/www.rmcr.org\/?p=7084"},"modified":"2015-09-15T10:52:57","modified_gmt":"2015-09-15T10:52:57","slug":"puertas-abiertas-en-la-rmr","status":"publish","type":"post","link":"https:\/\/www.rmcr.org\/en\/2015\/09\/15\/puertas-abiertas-en-la-rmr\/","title":{"rendered":"Noche en Blanco: Puertas abiertas en la RMR"},"content":{"rendered":"<p><strong>El viernes 18 de septiembre la Real Maestranza celebrar\u00e1 la Noche en Blanco<\/strong><\/p>\n<p>La Instituci\u00f3n organiza una <strong>jornada de puertas abiertas<\/strong> para todos los ronde\u00f1os y visitantes con el desarrollo de diferentes actividades culturales.<\/p>\n<p><strong>De 19:00 a 21:00 horas<\/strong><\/p>\n<p><strong>Sal\u00f3n Biblioteca:\u00a0<\/strong>Se mostrar\u00e1 una selecci\u00f3n de materiales de tem\u00e1tica ronde\u00f1a que forman parte de los fondos que atesora el Archivo y Biblioteca de la Instituci\u00f3n.<\/p>\n<p><a href=\"https:\/\/www.rmcr.org\/wp-content\/uploads\/2015\/09\/biblioteca.jpg\"><img fetchpriority=\"high\" decoding=\"async\" class=\"size-large wp-image-221 aligncenter\" src=\"https:\/\/www.rmcr.org\/wp-content\/uploads\/2015\/09\/biblioteca.jpg?w=470\" alt=\"Biblioteca\" width=\"470\" height=\"313\" \/><\/a><\/p>\n<p><strong>Sal\u00f3n de Grados:\u00a0<\/strong>Proyecci\u00f3n de grabaciones hist\u00f3ricas que muestran el ambiente previo y desarrollo de las Corridas Goyescas de 1954 y 1975.<\/p>\n<p><a href=\"https:\/\/www.rmcr.org\/wp-content\/uploads\/2015\/09\/viernes_0005.jpg\"><img decoding=\"async\" class=\"size-large wp-image-226 aligncenter\" src=\"https:\/\/www.rmcr.org\/wp-content\/uploads\/2015\/09\/viernes_0005.jpg?w=470\" alt=\"viernes_0005\" width=\"470\" height=\"255\" srcset=\"https:\/\/www.rmcr.org\/wp-content\/uploads\/2015\/09\/viernes_0005.jpg 500w, https:\/\/www.rmcr.org\/wp-content\/uploads\/2015\/09\/viernes_0005-300x163.jpg 300w\" sizes=\"(max-width: 470px) 100vw, 470px\" \/><\/a><strong>De 20:00 a 21:00 horas<\/strong><\/p>\n<p><b>Plaza de Toros:\u00a0<\/b>El grupo ronde\u00f1o &#8220;Colossus Jazz&#8221;, con m\u00e1s de 12 a\u00f1os de trayectoria musical y m\u00e1s de 200 actuaciones en directo, interpretar\u00e1 en un escenario colocado en el centro del ruedo temas de jazz cl\u00e1sico (Big shoe, Star eyes&#8230;), jazz-rock o jazz fusi\u00f3n (Silk &amp; satin&#8230;), bossa nova (Insensatez&#8230;), jazz moderno y contempor\u00e1neo (Afreaka, Swager&#8230;), entre otros.<\/p>\n<p><a href=\"https:\/\/www.rmcr.org\/wp-content\/uploads\/2015\/09\/concierto-lunes039.jpg\"><img decoding=\"async\" class=\"wp-image-227 aligncenter\" src=\"https:\/\/www.rmcr.org\/wp-content\/uploads\/2015\/09\/concierto-lunes039.jpg?w=470\" alt=\"concierto lunes039\" width=\"470\" height=\"206\" \/><\/a><strong>\u00a1Tr\u00e1ete tu silla para no estar de pie!<\/strong><\/p>\n<p><strong>Picadero:\u00a0<\/strong>Los alumnos del Curso de Jinete Profesor de la Escuela de Equitaci\u00f3n de la Real Maestranza de Caballer\u00eda de Ronda desarrollar\u00e1n diferentes ejercicios de doma cl\u00e1sica.<\/p>\n<p><a href=\"https:\/\/www.rmcr.org\/wp-content\/uploads\/2015\/09\/picadero.jpg\"><img loading=\"lazy\" decoding=\"async\" class=\"size-large wp-image-224 aligncenter\" src=\"https:\/\/www.rmcr.org\/wp-content\/uploads\/2015\/09\/picadero.jpg?w=470\" alt=\"Picadero\" width=\"470\" height=\"255\" srcset=\"https:\/\/www.rmcr.org\/wp-content\/uploads\/2015\/09\/picadero.jpg 500w, https:\/\/www.rmcr.org\/wp-content\/uploads\/2015\/09\/picadero-300x163.jpg 300w\" sizes=\"(max-width: 470px) 100vw, 470px\" \/><\/a><\/p>\n<p><strong>La entrada a todas las actividades en libre hasta completar aforo.<\/strong><\/p>\n<p><a href=\"https:\/\/www.rmcr.org\/wp-content\/uploads\/2015\/09\/directorio_escenariosnb_2-01.jpg\"><img loading=\"lazy\" decoding=\"async\" class=\"size-large wp-image-238 aligncenter\" src=\"https:\/\/www.rmcr.org\/wp-content\/uploads\/2015\/09\/directorio_escenariosnb_2-01.jpg?w=470\" alt=\"directorio_escenariosNB_2-01\" width=\"470\" height=\"681\" srcset=\"https:\/\/www.rmcr.org\/wp-content\/uploads\/2015\/09\/directorio_escenariosnb_2-01.jpg 856w, https:\/\/www.rmcr.org\/wp-content\/uploads\/2015\/09\/directorio_escenariosnb_2-01-207x300.jpg 207w, https:\/\/www.rmcr.org\/wp-content\/uploads\/2015\/09\/directorio_escenariosnb_2-01-707x1024.jpg 707w, https:\/\/www.rmcr.org\/wp-content\/uploads\/2015\/09\/directorio_escenariosnb_2-01-768x1113.jpg 768w\" sizes=\"(max-width: 470px) 100vw, 470px\" \/><\/a><\/p>\n","protected":false},"excerpt":{"rendered":"<p>El viernes 18 de septiembre la Real Maestranza celebrar\u00e1 la Noche en Blanco La Instituci\u00f3n organiza una jornada de puertas abiertas para todos los ronde\u00f1os y visitantes con el desarrollo de diferentes actividades culturales. De 19:00 a 21:00 horas Sal\u00f3n Biblioteca:\u00a0Se mostrar\u00e1 una selecci\u00f3n de materiales de tem\u00e1tica ronde\u00f1a que forman parte de los fondos [&hellip;]<\/p>\n","protected":false},"author":7,"featured_media":7178,"comment_status":"open","ping_status":"open","sticky":false,"template":"","format":"standard","meta":{"footnotes":""},"categories":[277,301],"tags":[307,122,308],"class_list":["post-7084","post","type-post","status-publish","format-standard","has-post-thumbnail","hentry","category-plaza-de-toros","category-real-maestranza","tag-actividades-culturales","tag-doma","tag-noche-en-blanco"],"yoast_head":"<!-- This site is optimized with the Yoast SEO plugin v27.5 - https:\/\/yoast.com\/product\/yoast-seo-wordpress\/ -->\n<title>Noche en Blanco: Puertas abiertas en la RMR - Real Maestranza de Caballer\u00eda de Ronda<\/title>\n<meta name=\"robots\" content=\"index, follow, max-snippet:-1, max-image-preview:large, max-video-preview:-1\" \/>\n<link rel=\"canonical\" href=\"https:\/\/www.rmcr.org\/en\/2015\/09\/15\/puertas-abiertas-en-la-rmr\/\" \/>\n<meta property=\"og:locale\" content=\"en_US\" \/>\n<meta property=\"og:type\" content=\"article\" \/>\n<meta property=\"og:title\" content=\"Noche en Blanco: Puertas abiertas en la RMR - Real Maestranza de Caballer\u00eda de Ronda\" \/>\n<meta property=\"og:description\" content=\"El viernes 18 de septiembre la Real Maestranza celebrar\u00e1 la Noche en Blanco La Instituci\u00f3n organiza una jornada de puertas abiertas para todos los ronde\u00f1os y visitantes con el desarrollo de diferentes actividades culturales. De 19:00 a 21:00 horas Sal\u00f3n Biblioteca:\u00a0Se mostrar\u00e1 una selecci\u00f3n de materiales de tem\u00e1tica ronde\u00f1a que forman parte de los fondos [&hellip;]\" \/>\n<meta property=\"og:url\" content=\"https:\/\/www.rmcr.org\/en\/2015\/09\/15\/puertas-abiertas-en-la-rmr\/\" \/>\n<meta property=\"og:site_name\" content=\"Real Maestranza de Caballer\u00eda de Ronda\" \/>\n<meta property=\"article:publisher\" content=\"https:\/\/www.facebook.com\/plazadetorosronda\" \/>\n<meta property=\"article:published_time\" content=\"2015-09-15T10:52:57+00:00\" \/>\n<meta property=\"og:image\" content=\"https:\/\/www.rmcr.org\/wp-content\/uploads\/2015\/09\/neb.jpg\" \/>\n\t<meta property=\"og:image:width\" content=\"482\" \/>\n\t<meta property=\"og:image:height\" content=\"143\" \/>\n\t<meta property=\"og:image:type\" content=\"image\/jpeg\" \/>\n<meta name=\"author\" content=\"RMCR\" \/>\n<meta name=\"twitter:card\" content=\"summary_large_image\" \/>\n<meta name=\"twitter:creator\" content=\"@PlazatorosRMR\" \/>\n<meta name=\"twitter:site\" content=\"@PlazatorosRMR\" \/>\n<meta name=\"twitter:label1\" content=\"Written by\" \/>\n\t<meta name=\"twitter:data1\" content=\"RMCR\" \/>\n\t<meta name=\"twitter:label2\" content=\"Est. reading time\" \/>\n\t<meta name=\"twitter:data2\" content=\"1 minute\" \/>\n<script type=\"application\/ld+json\" class=\"yoast-schema-graph\">{\"@context\":\"https:\\\/\\\/schema.org\",\"@graph\":[{\"@type\":\"Article\",\"@id\":\"https:\\\/\\\/www.rmcr.org\\\/en\\\/2015\\\/09\\\/15\\\/puertas-abiertas-en-la-rmr\\\/#article\",\"isPartOf\":{\"@id\":\"https:\\\/\\\/www.rmcr.org\\\/en\\\/2015\\\/09\\\/15\\\/puertas-abiertas-en-la-rmr\\\/\"},\"author\":{\"name\":\"RMCR\",\"@id\":\"https:\\\/\\\/www.rmcr.org\\\/en\\\/#\\\/schema\\\/person\\\/7ddd0dafda7edd0e407157f93a56df4f\"},\"headline\":\"Noche en Blanco: Puertas abiertas en la RMR\",\"datePublished\":\"2015-09-15T10:52:57+00:00\",\"mainEntityOfPage\":{\"@id\":\"https:\\\/\\\/www.rmcr.org\\\/en\\\/2015\\\/09\\\/15\\\/puertas-abiertas-en-la-rmr\\\/\"},\"wordCount\":218,\"commentCount\":0,\"publisher\":{\"@id\":\"https:\\\/\\\/www.rmcr.org\\\/en\\\/#organization\"},\"image\":{\"@id\":\"https:\\\/\\\/www.rmcr.org\\\/en\\\/2015\\\/09\\\/15\\\/puertas-abiertas-en-la-rmr\\\/#primaryimage\"},\"thumbnailUrl\":\"https:\\\/\\\/www.rmcr.org\\\/wp-content\\\/uploads\\\/2015\\\/09\\\/neb.jpg\",\"keywords\":[\"Actividades culturales\",\"Doma\",\"Noche en Blanco\"],\"articleSection\":[\"Plaza de Toros\",\"Real Maestranza\"],\"inLanguage\":\"en-US\",\"potentialAction\":[{\"@type\":\"CommentAction\",\"name\":\"Comment\",\"target\":[\"https:\\\/\\\/www.rmcr.org\\\/en\\\/2015\\\/09\\\/15\\\/puertas-abiertas-en-la-rmr\\\/#respond\"]}]},{\"@type\":\"WebPage\",\"@id\":\"https:\\\/\\\/www.rmcr.org\\\/en\\\/2015\\\/09\\\/15\\\/puertas-abiertas-en-la-rmr\\\/\",\"url\":\"https:\\\/\\\/www.rmcr.org\\\/en\\\/2015\\\/09\\\/15\\\/puertas-abiertas-en-la-rmr\\\/\",\"name\":\"Noche en Blanco: Puertas abiertas en la RMR - Real Maestranza de Caballer\u00eda de Ronda\",\"isPartOf\":{\"@id\":\"https:\\\/\\\/www.rmcr.org\\\/en\\\/#website\"},\"primaryImageOfPage\":{\"@id\":\"https:\\\/\\\/www.rmcr.org\\\/en\\\/2015\\\/09\\\/15\\\/puertas-abiertas-en-la-rmr\\\/#primaryimage\"},\"image\":{\"@id\":\"https:\\\/\\\/www.rmcr.org\\\/en\\\/2015\\\/09\\\/15\\\/puertas-abiertas-en-la-rmr\\\/#primaryimage\"},\"thumbnailUrl\":\"https:\\\/\\\/www.rmcr.org\\\/wp-content\\\/uploads\\\/2015\\\/09\\\/neb.jpg\",\"datePublished\":\"2015-09-15T10:52:57+00:00\",\"breadcrumb\":{\"@id\":\"https:\\\/\\\/www.rmcr.org\\\/en\\\/2015\\\/09\\\/15\\\/puertas-abiertas-en-la-rmr\\\/#breadcrumb\"},\"inLanguage\":\"en-US\",\"potentialAction\":[{\"@type\":\"ReadAction\",\"target\":[\"https:\\\/\\\/www.rmcr.org\\\/en\\\/2015\\\/09\\\/15\\\/puertas-abiertas-en-la-rmr\\\/\"]}]},{\"@type\":\"ImageObject\",\"inLanguage\":\"en-US\",\"@id\":\"https:\\\/\\\/www.rmcr.org\\\/en\\\/2015\\\/09\\\/15\\\/puertas-abiertas-en-la-rmr\\\/#primaryimage\",\"url\":\"https:\\\/\\\/www.rmcr.org\\\/wp-content\\\/uploads\\\/2015\\\/09\\\/neb.jpg\",\"contentUrl\":\"https:\\\/\\\/www.rmcr.org\\\/wp-content\\\/uploads\\\/2015\\\/09\\\/neb.jpg\",\"width\":482,\"height\":143},{\"@type\":\"BreadcrumbList\",\"@id\":\"https:\\\/\\\/www.rmcr.org\\\/en\\\/2015\\\/09\\\/15\\\/puertas-abiertas-en-la-rmr\\\/#breadcrumb\",\"itemListElement\":[{\"@type\":\"ListItem\",\"position\":1,\"name\":\"REAL MAESTRANZA DE CABALLER\u00cdA DE RONDA\",\"item\":\"https:\\\/\\\/www.rmcr.org\\\/en\\\/\"},{\"@type\":\"ListItem\",\"position\":2,\"name\":\"Noche en Blanco: Puertas abiertas en la RMR\"}]},{\"@type\":\"WebSite\",\"@id\":\"https:\\\/\\\/www.rmcr.org\\\/en\\\/#website\",\"url\":\"https:\\\/\\\/www.rmcr.org\\\/en\\\/\",\"name\":\"Real Maestranza de Caballer\u00eda de Ronda\",\"description\":\"Real Maestranza de Caballer\u00eda de Ronda\",\"publisher\":{\"@id\":\"https:\\\/\\\/www.rmcr.org\\\/en\\\/#organization\"},\"alternateName\":\"RMCR\",\"potentialAction\":[{\"@type\":\"SearchAction\",\"target\":{\"@type\":\"EntryPoint\",\"urlTemplate\":\"https:\\\/\\\/www.rmcr.org\\\/en\\\/?s={search_term_string}\"},\"query-input\":{\"@type\":\"PropertyValueSpecification\",\"valueRequired\":true,\"valueName\":\"search_term_string\"}}],\"inLanguage\":\"en-US\"},{\"@type\":\"Organization\",\"@id\":\"https:\\\/\\\/www.rmcr.org\\\/en\\\/#organization\",\"name\":\"Real Maestranza de Caballer\u00eda de Ronda\",\"alternateName\":\"RMR\",\"url\":\"https:\\\/\\\/www.rmcr.org\\\/en\\\/\",\"logo\":{\"@type\":\"ImageObject\",\"inLanguage\":\"en-US\",\"@id\":\"https:\\\/\\\/www.rmcr.org\\\/en\\\/#\\\/schema\\\/logo\\\/image\\\/\",\"url\":\"https:\\\/\\\/www.rmcr.org\\\/wp-content\\\/uploads\\\/2022\\\/07\\\/logo-rmr-blue.svg\",\"contentUrl\":\"https:\\\/\\\/www.rmcr.org\\\/wp-content\\\/uploads\\\/2022\\\/07\\\/logo-rmr-blue.svg\",\"width\":131,\"height\":129,\"caption\":\"Real Maestranza de Caballer\u00eda de Ronda\"},\"image\":{\"@id\":\"https:\\\/\\\/www.rmcr.org\\\/en\\\/#\\\/schema\\\/logo\\\/image\\\/\"},\"sameAs\":[\"https:\\\/\\\/www.facebook.com\\\/plazadetorosronda\",\"https:\\\/\\\/x.com\\\/PlazatorosRMR\",\"https:\\\/\\\/www.instagram.com\\\/realmaestranzaderonda\\\/\",\"https:\\\/\\\/www.youtube.com\\\/channel\\\/UCrbO5IUN-8v_QML739vM4zg\\\/videos\"]},{\"@type\":\"Person\",\"@id\":\"https:\\\/\\\/www.rmcr.org\\\/en\\\/#\\\/schema\\\/person\\\/7ddd0dafda7edd0e407157f93a56df4f\",\"name\":\"RMCR\",\"image\":{\"@type\":\"ImageObject\",\"inLanguage\":\"en-US\",\"@id\":\"https:\\\/\\\/secure.gravatar.com\\\/avatar\\\/adb75798b50800c24baa6a8706037b9469998c49eddeb95935f50f633cff80bb?s=96&d=mm&r=g\",\"url\":\"https:\\\/\\\/secure.gravatar.com\\\/avatar\\\/adb75798b50800c24baa6a8706037b9469998c49eddeb95935f50f633cff80bb?s=96&d=mm&r=g\",\"contentUrl\":\"https:\\\/\\\/secure.gravatar.com\\\/avatar\\\/adb75798b50800c24baa6a8706037b9469998c49eddeb95935f50f633cff80bb?s=96&d=mm&r=g\",\"caption\":\"RMCR\"},\"url\":\"https:\\\/\\\/www.rmcr.org\\\/en\\\/author\\\/bitniks77\\\/\"}]}<\/script>\n<!-- \/ Yoast SEO plugin. -->","yoast_head_json":{"title":"Noche en Blanco: Puertas abiertas en la RMR - Real Maestranza de Caballer\u00eda de Ronda","robots":{"index":"index","follow":"follow","max-snippet":"max-snippet:-1","max-image-preview":"max-image-preview:large","max-video-preview":"max-video-preview:-1"},"canonical":"https:\/\/www.rmcr.org\/en\/2015\/09\/15\/puertas-abiertas-en-la-rmr\/","og_locale":"en_US","og_type":"article","og_title":"Noche en Blanco: Puertas abiertas en la RMR - Real Maestranza de Caballer\u00eda de Ronda","og_description":"El viernes 18 de septiembre la Real Maestranza celebrar\u00e1 la Noche en Blanco La Instituci\u00f3n organiza una jornada de puertas abiertas para todos los ronde\u00f1os y visitantes con el desarrollo de diferentes actividades culturales. De 19:00 a 21:00 horas Sal\u00f3n Biblioteca:\u00a0Se mostrar\u00e1 una selecci\u00f3n de materiales de tem\u00e1tica ronde\u00f1a que forman parte de los fondos [&hellip;]","og_url":"https:\/\/www.rmcr.org\/en\/2015\/09\/15\/puertas-abiertas-en-la-rmr\/","og_site_name":"Real Maestranza de Caballer\u00eda de Ronda","article_publisher":"https:\/\/www.facebook.com\/plazadetorosronda","article_published_time":"2015-09-15T10:52:57+00:00","og_image":[{"width":482,"height":143,"url":"https:\/\/www.rmcr.org\/wp-content\/uploads\/2015\/09\/neb.jpg","type":"image\/jpeg"}],"author":"RMCR","twitter_card":"summary_large_image","twitter_creator":"@PlazatorosRMR","twitter_site":"@PlazatorosRMR","twitter_misc":{"Written by":"RMCR","Est. reading time":"1 minute"},"schema":{"@context":"https:\/\/schema.org","@graph":[{"@type":"Article","@id":"https:\/\/www.rmcr.org\/en\/2015\/09\/15\/puertas-abiertas-en-la-rmr\/#article","isPartOf":{"@id":"https:\/\/www.rmcr.org\/en\/2015\/09\/15\/puertas-abiertas-en-la-rmr\/"},"author":{"name":"RMCR","@id":"https:\/\/www.rmcr.org\/en\/#\/schema\/person\/7ddd0dafda7edd0e407157f93a56df4f"},"headline":"Noche en Blanco: Puertas abiertas en la RMR","datePublished":"2015-09-15T10:52:57+00:00","mainEntityOfPage":{"@id":"https:\/\/www.rmcr.org\/en\/2015\/09\/15\/puertas-abiertas-en-la-rmr\/"},"wordCount":218,"commentCount":0,"publisher":{"@id":"https:\/\/www.rmcr.org\/en\/#organization"},"image":{"@id":"https:\/\/www.rmcr.org\/en\/2015\/09\/15\/puertas-abiertas-en-la-rmr\/#primaryimage"},"thumbnailUrl":"https:\/\/www.rmcr.org\/wp-content\/uploads\/2015\/09\/neb.jpg","keywords":["Actividades culturales","Doma","Noche en Blanco"],"articleSection":["Plaza de Toros","Real Maestranza"],"inLanguage":"en-US","potentialAction":[{"@type":"CommentAction","name":"Comment","target":["https:\/\/www.rmcr.org\/en\/2015\/09\/15\/puertas-abiertas-en-la-rmr\/#respond"]}]},{"@type":"WebPage","@id":"https:\/\/www.rmcr.org\/en\/2015\/09\/15\/puertas-abiertas-en-la-rmr\/","url":"https:\/\/www.rmcr.org\/en\/2015\/09\/15\/puertas-abiertas-en-la-rmr\/","name":"Noche en Blanco: Puertas abiertas en la RMR - Real Maestranza de Caballer\u00eda de Ronda","isPartOf":{"@id":"https:\/\/www.rmcr.org\/en\/#website"},"primaryImageOfPage":{"@id":"https:\/\/www.rmcr.org\/en\/2015\/09\/15\/puertas-abiertas-en-la-rmr\/#primaryimage"},"image":{"@id":"https:\/\/www.rmcr.org\/en\/2015\/09\/15\/puertas-abiertas-en-la-rmr\/#primaryimage"},"thumbnailUrl":"https:\/\/www.rmcr.org\/wp-content\/uploads\/2015\/09\/neb.jpg","datePublished":"2015-09-15T10:52:57+00:00","breadcrumb":{"@id":"https:\/\/www.rmcr.org\/en\/2015\/09\/15\/puertas-abiertas-en-la-rmr\/#breadcrumb"},"inLanguage":"en-US","potentialAction":[{"@type":"ReadAction","target":["https:\/\/www.rmcr.org\/en\/2015\/09\/15\/puertas-abiertas-en-la-rmr\/"]}]},{"@type":"ImageObject","inLanguage":"en-US","@id":"https:\/\/www.rmcr.org\/en\/2015\/09\/15\/puertas-abiertas-en-la-rmr\/#primaryimage","url":"https:\/\/www.rmcr.org\/wp-content\/uploads\/2015\/09\/neb.jpg","contentUrl":"https:\/\/www.rmcr.org\/wp-content\/uploads\/2015\/09\/neb.jpg","width":482,"height":143},{"@type":"BreadcrumbList","@id":"https:\/\/www.rmcr.org\/en\/2015\/09\/15\/puertas-abiertas-en-la-rmr\/#breadcrumb","itemListElement":[{"@type":"ListItem","position":1,"name":"REAL MAESTRANZA DE CABALLER\u00cdA DE RONDA","item":"https:\/\/www.rmcr.org\/en\/"},{"@type":"ListItem","position":2,"name":"Noche en Blanco: Puertas abiertas en la RMR"}]},{"@type":"WebSite","@id":"https:\/\/www.rmcr.org\/en\/#website","url":"https:\/\/www.rmcr.org\/en\/","name":"Real Maestranza de Caballer\u00eda de Ronda","description":"Real Maestranza de Caballer\u00eda de Ronda","publisher":{"@id":"https:\/\/www.rmcr.org\/en\/#organization"},"alternateName":"RMCR","potentialAction":[{"@type":"SearchAction","target":{"@type":"EntryPoint","urlTemplate":"https:\/\/www.rmcr.org\/en\/?s={search_term_string}"},"query-input":{"@type":"PropertyValueSpecification","valueRequired":true,"valueName":"search_term_string"}}],"inLanguage":"en-US"},{"@type":"Organization","@id":"https:\/\/www.rmcr.org\/en\/#organization","name":"Real Maestranza de Caballer\u00eda de Ronda","alternateName":"RMR","url":"https:\/\/www.rmcr.org\/en\/","logo":{"@type":"ImageObject","inLanguage":"en-US","@id":"https:\/\/www.rmcr.org\/en\/#\/schema\/logo\/image\/","url":"https:\/\/www.rmcr.org\/wp-content\/uploads\/2022\/07\/logo-rmr-blue.svg","contentUrl":"https:\/\/www.rmcr.org\/wp-content\/uploads\/2022\/07\/logo-rmr-blue.svg","width":131,"height":129,"caption":"Real Maestranza de Caballer\u00eda de Ronda"},"image":{"@id":"https:\/\/www.rmcr.org\/en\/#\/schema\/logo\/image\/"},"sameAs":["https:\/\/www.facebook.com\/plazadetorosronda","https:\/\/x.com\/PlazatorosRMR","https:\/\/www.instagram.com\/realmaestranzaderonda\/","https:\/\/www.youtube.com\/channel\/UCrbO5IUN-8v_QML739vM4zg\/videos"]},{"@type":"Person","@id":"https:\/\/www.rmcr.org\/en\/#\/schema\/person\/7ddd0dafda7edd0e407157f93a56df4f","name":"RMCR","image":{"@type":"ImageObject","inLanguage":"en-US","@id":"https:\/\/secure.gravatar.com\/avatar\/adb75798b50800c24baa6a8706037b9469998c49eddeb95935f50f633cff80bb?s=96&d=mm&r=g","url":"https:\/\/secure.gravatar.com\/avatar\/adb75798b50800c24baa6a8706037b9469998c49eddeb95935f50f633cff80bb?s=96&d=mm&r=g","contentUrl":"https:\/\/secure.gravatar.com\/avatar\/adb75798b50800c24baa6a8706037b9469998c49eddeb95935f50f633cff80bb?s=96&d=mm&r=g","caption":"RMCR"},"url":"https:\/\/www.rmcr.org\/en\/author\/bitniks77\/"}]}},"_links":{"self":[{"href":"https:\/\/www.rmcr.org\/en\/wp-json\/wp\/v2\/posts\/7084","targetHints":{"allow":["GET"]}}],"collection":[{"href":"https:\/\/www.rmcr.org\/en\/wp-json\/wp\/v2\/posts"}],"about":[{"href":"https:\/\/www.rmcr.org\/en\/wp-json\/wp\/v2\/types\/post"}],"author":[{"embeddable":true,"href":"https:\/\/www.rmcr.org\/en\/wp-json\/wp\/v2\/users\/7"}],"replies":[{"embeddable":true,"href":"https:\/\/www.rmcr.org\/en\/wp-json\/wp\/v2\/comments?post=7084"}],"version-history":[{"count":0,"href":"https:\/\/www.rmcr.org\/en\/wp-json\/wp\/v2\/posts\/7084\/revisions"}],"wp:featuredmedia":[{"embeddable":true,"href":"https:\/\/www.rmcr.org\/en\/wp-json\/wp\/v2\/media\/7178"}],"wp:attachment":[{"href":"https:\/\/www.rmcr.org\/en\/wp-json\/wp\/v2\/media?parent=7084"}],"wp:term":[{"taxonomy":"category","embeddable":true,"href":"https:\/\/www.rmcr.org\/en\/wp-json\/wp\/v2\/categories?post=7084"},{"taxonomy":"post_tag","embeddable":true,"href":"https:\/\/www.rmcr.org\/en\/wp-json\/wp\/v2\/tags?post=7084"}],"curies":[{"name":"wp","href":"https:\/\/api.w.org\/{rel}","templated":true}]}}