{"id":7078,"date":"2013-07-31T16:24:11","date_gmt":"2013-07-31T16:24:11","guid":{"rendered":"https:\/\/www.rmcr.org\/?p=7078"},"modified":"2025-04-04T11:10:06","modified_gmt":"2025-04-04T11:10:06","slug":"cartel-de-la-corrida-goyesca-2013","status":"publish","type":"post","link":"https:\/\/www.rmcr.org\/en\/2013\/07\/31\/cartel-de-la-corrida-goyesca-2013\/","title":{"rendered":"Cartel de la Corrida Goyesca 2013"},"content":{"rendered":"<p><strong>A partir de mediados de la semana que viene estar\u00e1n disponibles para todos los interesados en las oficinas de la Real Maestranza de Caballer\u00eda de Ronda, entreg\u00e1ndose un ejemplar m\u00e1ximo por persona.<\/strong><\/p>\n<p><a href=\"https:\/\/www.rmcr.org\/wp-content\/uploads\/2013\/07\/cartel_goyesca_2013bajaweb1.jpg\"><img fetchpriority=\"high\" decoding=\"async\" class=\"size-full wp-image-54 aligncenter\" src=\"https:\/\/www.rmcr.org\/wp-content\/uploads\/2013\/07\/cartel_goyesca_2013bajaweb1.jpg\" alt=\"cartel_goyesca_2013bajaweb\" width=\"470\" height=\"1034\"><\/a><\/p>\n","protected":false},"excerpt":{"rendered":"<p>A partir de mediados de la semana que viene estar\u00e1n disponibles para todos los interesados en las oficinas de la Real Maestranza de Caballer\u00eda de Ronda, entreg\u00e1ndose un ejemplar m\u00e1ximo por persona.<\/p>\n","protected":false},"author":7,"featured_media":7506,"comment_status":"open","ping_status":"open","sticky":false,"template":"","format":"standard","meta":{"footnotes":""},"categories":[275,36,278],"tags":[289],"class_list":["post-7078","post","type-post","status-publish","format-standard","has-post-thumbnail","hentry","category-goyesca","category-plaza-museo","category-tauromaquia","tag-carteles"],"yoast_head":"<!-- This site is optimized with the Yoast SEO plugin v27.5 - https:\/\/yoast.com\/product\/yoast-seo-wordpress\/ -->\n<title>Cartel de la Corrida Goyesca 2013 - Real Maestranza de Caballer\u00eda de Ronda<\/title>\n<meta name=\"robots\" content=\"index, follow, max-snippet:-1, max-image-preview:large, max-video-preview:-1\" \/>\n<link rel=\"canonical\" href=\"https:\/\/www.rmcr.org\/en\/2013\/07\/31\/cartel-de-la-corrida-goyesca-2013\/\" \/>\n<meta property=\"og:locale\" content=\"en_US\" \/>\n<meta property=\"og:type\" content=\"article\" \/>\n<meta property=\"og:title\" content=\"Cartel de la Corrida Goyesca 2013 - Real Maestranza de Caballer\u00eda de Ronda\" \/>\n<meta property=\"og:description\" content=\"A partir de mediados de la semana que viene estar\u00e1n disponibles para todos los interesados en las oficinas de la Real Maestranza de Caballer\u00eda de Ronda, entreg\u00e1ndose un ejemplar m\u00e1ximo por persona.\" \/>\n<meta property=\"og:url\" content=\"https:\/\/www.rmcr.org\/en\/2013\/07\/31\/cartel-de-la-corrida-goyesca-2013\/\" \/>\n<meta property=\"og:site_name\" content=\"Real Maestranza de Caballer\u00eda de Ronda\" \/>\n<meta property=\"article:publisher\" content=\"https:\/\/www.facebook.com\/plazadetorosronda\" \/>\n<meta property=\"article:published_time\" content=\"2013-07-31T16:24:11+00:00\" \/>\n<meta property=\"article:modified_time\" content=\"2025-04-04T11:10:06+00:00\" \/>\n<meta property=\"og:image\" content=\"https:\/\/www.rmcr.org\/wp-content\/uploads\/2013\/07\/cartel_goyesca_2013bajaweb.jpg\" \/>\n\t<meta property=\"og:image:width\" content=\"227\" \/>\n\t<meta property=\"og:image:height\" content=\"500\" \/>\n\t<meta property=\"og:image:type\" content=\"image\/jpeg\" \/>\n<meta name=\"author\" content=\"RMCR\" \/>\n<meta name=\"twitter:card\" content=\"summary_large_image\" \/>\n<meta name=\"twitter:creator\" content=\"@PlazatorosRMR\" \/>\n<meta name=\"twitter:site\" content=\"@PlazatorosRMR\" \/>\n<meta name=\"twitter:label1\" content=\"Written by\" \/>\n\t<meta name=\"twitter:data1\" content=\"RMCR\" \/>\n<script type=\"application\/ld+json\" class=\"yoast-schema-graph\">{\"@context\":\"https:\\\/\\\/schema.org\",\"@graph\":[{\"@type\":\"Article\",\"@id\":\"https:\\\/\\\/www.rmcr.org\\\/en\\\/2013\\\/07\\\/31\\\/cartel-de-la-corrida-goyesca-2013\\\/#article\",\"isPartOf\":{\"@id\":\"https:\\\/\\\/www.rmcr.org\\\/en\\\/2013\\\/07\\\/31\\\/cartel-de-la-corrida-goyesca-2013\\\/\"},\"author\":{\"name\":\"RMCR\",\"@id\":\"https:\\\/\\\/www.rmcr.org\\\/en\\\/#\\\/schema\\\/person\\\/7ddd0dafda7edd0e407157f93a56df4f\"},\"headline\":\"Cartel de la Corrida Goyesca 2013\",\"datePublished\":\"2013-07-31T16:24:11+00:00\",\"dateModified\":\"2025-04-04T11:10:06+00:00\",\"mainEntityOfPage\":{\"@id\":\"https:\\\/\\\/www.rmcr.org\\\/en\\\/2013\\\/07\\\/31\\\/cartel-de-la-corrida-goyesca-2013\\\/\"},\"wordCount\":41,\"commentCount\":0,\"publisher\":{\"@id\":\"https:\\\/\\\/www.rmcr.org\\\/en\\\/#organization\"},\"image\":{\"@id\":\"https:\\\/\\\/www.rmcr.org\\\/en\\\/2013\\\/07\\\/31\\\/cartel-de-la-corrida-goyesca-2013\\\/#primaryimage\"},\"thumbnailUrl\":\"https:\\\/\\\/www.rmcr.org\\\/wp-content\\\/uploads\\\/2013\\\/07\\\/cartel_goyesca_2013bajaweb.jpg\",\"keywords\":[\"Carteles\"],\"articleSection\":[\"Goyesca\",\"Plaza y Museo\",\"Tauromaquia\"],\"inLanguage\":\"en-US\",\"potentialAction\":[{\"@type\":\"CommentAction\",\"name\":\"Comment\",\"target\":[\"https:\\\/\\\/www.rmcr.org\\\/en\\\/2013\\\/07\\\/31\\\/cartel-de-la-corrida-goyesca-2013\\\/#respond\"]}]},{\"@type\":\"WebPage\",\"@id\":\"https:\\\/\\\/www.rmcr.org\\\/en\\\/2013\\\/07\\\/31\\\/cartel-de-la-corrida-goyesca-2013\\\/\",\"url\":\"https:\\\/\\\/www.rmcr.org\\\/en\\\/2013\\\/07\\\/31\\\/cartel-de-la-corrida-goyesca-2013\\\/\",\"name\":\"Cartel de la Corrida Goyesca 2013 - Real Maestranza de Caballer\u00eda de Ronda\",\"isPartOf\":{\"@id\":\"https:\\\/\\\/www.rmcr.org\\\/en\\\/#website\"},\"primaryImageOfPage\":{\"@id\":\"https:\\\/\\\/www.rmcr.org\\\/en\\\/2013\\\/07\\\/31\\\/cartel-de-la-corrida-goyesca-2013\\\/#primaryimage\"},\"image\":{\"@id\":\"https:\\\/\\\/www.rmcr.org\\\/en\\\/2013\\\/07\\\/31\\\/cartel-de-la-corrida-goyesca-2013\\\/#primaryimage\"},\"thumbnailUrl\":\"https:\\\/\\\/www.rmcr.org\\\/wp-content\\\/uploads\\\/2013\\\/07\\\/cartel_goyesca_2013bajaweb.jpg\",\"datePublished\":\"2013-07-31T16:24:11+00:00\",\"dateModified\":\"2025-04-04T11:10:06+00:00\",\"breadcrumb\":{\"@id\":\"https:\\\/\\\/www.rmcr.org\\\/en\\\/2013\\\/07\\\/31\\\/cartel-de-la-corrida-goyesca-2013\\\/#breadcrumb\"},\"inLanguage\":\"en-US\",\"potentialAction\":[{\"@type\":\"ReadAction\",\"target\":[\"https:\\\/\\\/www.rmcr.org\\\/en\\\/2013\\\/07\\\/31\\\/cartel-de-la-corrida-goyesca-2013\\\/\"]}]},{\"@type\":\"ImageObject\",\"inLanguage\":\"en-US\",\"@id\":\"https:\\\/\\\/www.rmcr.org\\\/en\\\/2013\\\/07\\\/31\\\/cartel-de-la-corrida-goyesca-2013\\\/#primaryimage\",\"url\":\"https:\\\/\\\/www.rmcr.org\\\/wp-content\\\/uploads\\\/2013\\\/07\\\/cartel_goyesca_2013bajaweb.jpg\",\"contentUrl\":\"https:\\\/\\\/www.rmcr.org\\\/wp-content\\\/uploads\\\/2013\\\/07\\\/cartel_goyesca_2013bajaweb.jpg\",\"width\":227,\"height\":500},{\"@type\":\"BreadcrumbList\",\"@id\":\"https:\\\/\\\/www.rmcr.org\\\/en\\\/2013\\\/07\\\/31\\\/cartel-de-la-corrida-goyesca-2013\\\/#breadcrumb\",\"itemListElement\":[{\"@type\":\"ListItem\",\"position\":1,\"name\":\"REAL MAESTRANZA DE CABALLER\u00cdA DE RONDA\",\"item\":\"https:\\\/\\\/www.rmcr.org\\\/en\\\/\"},{\"@type\":\"ListItem\",\"position\":2,\"name\":\"Cartel de la Corrida Goyesca 2013\"}]},{\"@type\":\"WebSite\",\"@id\":\"https:\\\/\\\/www.rmcr.org\\\/en\\\/#website\",\"url\":\"https:\\\/\\\/www.rmcr.org\\\/en\\\/\",\"name\":\"Real Maestranza de Caballer\u00eda de Ronda\",\"description\":\"Real Maestranza de Caballer\u00eda de Ronda\",\"publisher\":{\"@id\":\"https:\\\/\\\/www.rmcr.org\\\/en\\\/#organization\"},\"alternateName\":\"RMCR\",\"potentialAction\":[{\"@type\":\"SearchAction\",\"target\":{\"@type\":\"EntryPoint\",\"urlTemplate\":\"https:\\\/\\\/www.rmcr.org\\\/en\\\/?s={search_term_string}\"},\"query-input\":{\"@type\":\"PropertyValueSpecification\",\"valueRequired\":true,\"valueName\":\"search_term_string\"}}],\"inLanguage\":\"en-US\"},{\"@type\":\"Organization\",\"@id\":\"https:\\\/\\\/www.rmcr.org\\\/en\\\/#organization\",\"name\":\"Real Maestranza de Caballer\u00eda de Ronda\",\"alternateName\":\"RMR\",\"url\":\"https:\\\/\\\/www.rmcr.org\\\/en\\\/\",\"logo\":{\"@type\":\"ImageObject\",\"inLanguage\":\"en-US\",\"@id\":\"https:\\\/\\\/www.rmcr.org\\\/en\\\/#\\\/schema\\\/logo\\\/image\\\/\",\"url\":\"https:\\\/\\\/www.rmcr.org\\\/wp-content\\\/uploads\\\/2022\\\/07\\\/logo-rmr-blue.svg\",\"contentUrl\":\"https:\\\/\\\/www.rmcr.org\\\/wp-content\\\/uploads\\\/2022\\\/07\\\/logo-rmr-blue.svg\",\"width\":131,\"height\":129,\"caption\":\"Real Maestranza de Caballer\u00eda de Ronda\"},\"image\":{\"@id\":\"https:\\\/\\\/www.rmcr.org\\\/en\\\/#\\\/schema\\\/logo\\\/image\\\/\"},\"sameAs\":[\"https:\\\/\\\/www.facebook.com\\\/plazadetorosronda\",\"https:\\\/\\\/x.com\\\/PlazatorosRMR\",\"https:\\\/\\\/www.instagram.com\\\/realmaestranzaderonda\\\/\",\"https:\\\/\\\/www.youtube.com\\\/channel\\\/UCrbO5IUN-8v_QML739vM4zg\\\/videos\"]},{\"@type\":\"Person\",\"@id\":\"https:\\\/\\\/www.rmcr.org\\\/en\\\/#\\\/schema\\\/person\\\/7ddd0dafda7edd0e407157f93a56df4f\",\"name\":\"RMCR\",\"image\":{\"@type\":\"ImageObject\",\"inLanguage\":\"en-US\",\"@id\":\"https:\\\/\\\/secure.gravatar.com\\\/avatar\\\/adb75798b50800c24baa6a8706037b9469998c49eddeb95935f50f633cff80bb?s=96&d=mm&r=g\",\"url\":\"https:\\\/\\\/secure.gravatar.com\\\/avatar\\\/adb75798b50800c24baa6a8706037b9469998c49eddeb95935f50f633cff80bb?s=96&d=mm&r=g\",\"contentUrl\":\"https:\\\/\\\/secure.gravatar.com\\\/avatar\\\/adb75798b50800c24baa6a8706037b9469998c49eddeb95935f50f633cff80bb?s=96&d=mm&r=g\",\"caption\":\"RMCR\"},\"url\":\"https:\\\/\\\/www.rmcr.org\\\/en\\\/author\\\/bitniks77\\\/\"}]}<\/script>\n<!-- \/ Yoast SEO plugin. -->","yoast_head_json":{"title":"Cartel de la Corrida Goyesca 2013 - Real Maestranza de Caballer\u00eda de Ronda","robots":{"index":"index","follow":"follow","max-snippet":"max-snippet:-1","max-image-preview":"max-image-preview:large","max-video-preview":"max-video-preview:-1"},"canonical":"https:\/\/www.rmcr.org\/en\/2013\/07\/31\/cartel-de-la-corrida-goyesca-2013\/","og_locale":"en_US","og_type":"article","og_title":"Cartel de la Corrida Goyesca 2013 - Real Maestranza de Caballer\u00eda de Ronda","og_description":"A partir de mediados de la semana que viene estar\u00e1n disponibles para todos los interesados en las oficinas de la Real Maestranza de Caballer\u00eda de Ronda, entreg\u00e1ndose un ejemplar m\u00e1ximo por persona.","og_url":"https:\/\/www.rmcr.org\/en\/2013\/07\/31\/cartel-de-la-corrida-goyesca-2013\/","og_site_name":"Real Maestranza de Caballer\u00eda de Ronda","article_publisher":"https:\/\/www.facebook.com\/plazadetorosronda","article_published_time":"2013-07-31T16:24:11+00:00","article_modified_time":"2025-04-04T11:10:06+00:00","og_image":[{"width":227,"height":500,"url":"https:\/\/www.rmcr.org\/wp-content\/uploads\/2013\/07\/cartel_goyesca_2013bajaweb.jpg","type":"image\/jpeg"}],"author":"RMCR","twitter_card":"summary_large_image","twitter_creator":"@PlazatorosRMR","twitter_site":"@PlazatorosRMR","twitter_misc":{"Written by":"RMCR"},"schema":{"@context":"https:\/\/schema.org","@graph":[{"@type":"Article","@id":"https:\/\/www.rmcr.org\/en\/2013\/07\/31\/cartel-de-la-corrida-goyesca-2013\/#article","isPartOf":{"@id":"https:\/\/www.rmcr.org\/en\/2013\/07\/31\/cartel-de-la-corrida-goyesca-2013\/"},"author":{"name":"RMCR","@id":"https:\/\/www.rmcr.org\/en\/#\/schema\/person\/7ddd0dafda7edd0e407157f93a56df4f"},"headline":"Cartel de la Corrida Goyesca 2013","datePublished":"2013-07-31T16:24:11+00:00","dateModified":"2025-04-04T11:10:06+00:00","mainEntityOfPage":{"@id":"https:\/\/www.rmcr.org\/en\/2013\/07\/31\/cartel-de-la-corrida-goyesca-2013\/"},"wordCount":41,"commentCount":0,"publisher":{"@id":"https:\/\/www.rmcr.org\/en\/#organization"},"image":{"@id":"https:\/\/www.rmcr.org\/en\/2013\/07\/31\/cartel-de-la-corrida-goyesca-2013\/#primaryimage"},"thumbnailUrl":"https:\/\/www.rmcr.org\/wp-content\/uploads\/2013\/07\/cartel_goyesca_2013bajaweb.jpg","keywords":["Carteles"],"articleSection":["Goyesca","Plaza y Museo","Tauromaquia"],"inLanguage":"en-US","potentialAction":[{"@type":"CommentAction","name":"Comment","target":["https:\/\/www.rmcr.org\/en\/2013\/07\/31\/cartel-de-la-corrida-goyesca-2013\/#respond"]}]},{"@type":"WebPage","@id":"https:\/\/www.rmcr.org\/en\/2013\/07\/31\/cartel-de-la-corrida-goyesca-2013\/","url":"https:\/\/www.rmcr.org\/en\/2013\/07\/31\/cartel-de-la-corrida-goyesca-2013\/","name":"Cartel de la Corrida Goyesca 2013 - Real Maestranza de Caballer\u00eda de Ronda","isPartOf":{"@id":"https:\/\/www.rmcr.org\/en\/#website"},"primaryImageOfPage":{"@id":"https:\/\/www.rmcr.org\/en\/2013\/07\/31\/cartel-de-la-corrida-goyesca-2013\/#primaryimage"},"image":{"@id":"https:\/\/www.rmcr.org\/en\/2013\/07\/31\/cartel-de-la-corrida-goyesca-2013\/#primaryimage"},"thumbnailUrl":"https:\/\/www.rmcr.org\/wp-content\/uploads\/2013\/07\/cartel_goyesca_2013bajaweb.jpg","datePublished":"2013-07-31T16:24:11+00:00","dateModified":"2025-04-04T11:10:06+00:00","breadcrumb":{"@id":"https:\/\/www.rmcr.org\/en\/2013\/07\/31\/cartel-de-la-corrida-goyesca-2013\/#breadcrumb"},"inLanguage":"en-US","potentialAction":[{"@type":"ReadAction","target":["https:\/\/www.rmcr.org\/en\/2013\/07\/31\/cartel-de-la-corrida-goyesca-2013\/"]}]},{"@type":"ImageObject","inLanguage":"en-US","@id":"https:\/\/www.rmcr.org\/en\/2013\/07\/31\/cartel-de-la-corrida-goyesca-2013\/#primaryimage","url":"https:\/\/www.rmcr.org\/wp-content\/uploads\/2013\/07\/cartel_goyesca_2013bajaweb.jpg","contentUrl":"https:\/\/www.rmcr.org\/wp-content\/uploads\/2013\/07\/cartel_goyesca_2013bajaweb.jpg","width":227,"height":500},{"@type":"BreadcrumbList","@id":"https:\/\/www.rmcr.org\/en\/2013\/07\/31\/cartel-de-la-corrida-goyesca-2013\/#breadcrumb","itemListElement":[{"@type":"ListItem","position":1,"name":"REAL MAESTRANZA DE CABALLER\u00cdA DE RONDA","item":"https:\/\/www.rmcr.org\/en\/"},{"@type":"ListItem","position":2,"name":"Cartel de la Corrida Goyesca 2013"}]},{"@type":"WebSite","@id":"https:\/\/www.rmcr.org\/en\/#website","url":"https:\/\/www.rmcr.org\/en\/","name":"Real Maestranza de Caballer\u00eda de Ronda","description":"Real Maestranza de Caballer\u00eda de Ronda","publisher":{"@id":"https:\/\/www.rmcr.org\/en\/#organization"},"alternateName":"RMCR","potentialAction":[{"@type":"SearchAction","target":{"@type":"EntryPoint","urlTemplate":"https:\/\/www.rmcr.org\/en\/?s={search_term_string}"},"query-input":{"@type":"PropertyValueSpecification","valueRequired":true,"valueName":"search_term_string"}}],"inLanguage":"en-US"},{"@type":"Organization","@id":"https:\/\/www.rmcr.org\/en\/#organization","name":"Real Maestranza de Caballer\u00eda de Ronda","alternateName":"RMR","url":"https:\/\/www.rmcr.org\/en\/","logo":{"@type":"ImageObject","inLanguage":"en-US","@id":"https:\/\/www.rmcr.org\/en\/#\/schema\/logo\/image\/","url":"https:\/\/www.rmcr.org\/wp-content\/uploads\/2022\/07\/logo-rmr-blue.svg","contentUrl":"https:\/\/www.rmcr.org\/wp-content\/uploads\/2022\/07\/logo-rmr-blue.svg","width":131,"height":129,"caption":"Real Maestranza de Caballer\u00eda de Ronda"},"image":{"@id":"https:\/\/www.rmcr.org\/en\/#\/schema\/logo\/image\/"},"sameAs":["https:\/\/www.facebook.com\/plazadetorosronda","https:\/\/x.com\/PlazatorosRMR","https:\/\/www.instagram.com\/realmaestranzaderonda\/","https:\/\/www.youtube.com\/channel\/UCrbO5IUN-8v_QML739vM4zg\/videos"]},{"@type":"Person","@id":"https:\/\/www.rmcr.org\/en\/#\/schema\/person\/7ddd0dafda7edd0e407157f93a56df4f","name":"RMCR","image":{"@type":"ImageObject","inLanguage":"en-US","@id":"https:\/\/secure.gravatar.com\/avatar\/adb75798b50800c24baa6a8706037b9469998c49eddeb95935f50f633cff80bb?s=96&d=mm&r=g","url":"https:\/\/secure.gravatar.com\/avatar\/adb75798b50800c24baa6a8706037b9469998c49eddeb95935f50f633cff80bb?s=96&d=mm&r=g","contentUrl":"https:\/\/secure.gravatar.com\/avatar\/adb75798b50800c24baa6a8706037b9469998c49eddeb95935f50f633cff80bb?s=96&d=mm&r=g","caption":"RMCR"},"url":"https:\/\/www.rmcr.org\/en\/author\/bitniks77\/"}]}},"_links":{"self":[{"href":"https:\/\/www.rmcr.org\/en\/wp-json\/wp\/v2\/posts\/7078","targetHints":{"allow":["GET"]}}],"collection":[{"href":"https:\/\/www.rmcr.org\/en\/wp-json\/wp\/v2\/posts"}],"about":[{"href":"https:\/\/www.rmcr.org\/en\/wp-json\/wp\/v2\/types\/post"}],"author":[{"embeddable":true,"href":"https:\/\/www.rmcr.org\/en\/wp-json\/wp\/v2\/users\/7"}],"replies":[{"embeddable":true,"href":"https:\/\/www.rmcr.org\/en\/wp-json\/wp\/v2\/comments?post=7078"}],"version-history":[{"count":1,"href":"https:\/\/www.rmcr.org\/en\/wp-json\/wp\/v2\/posts\/7078\/revisions"}],"predecessor-version":[{"id":15320,"href":"https:\/\/www.rmcr.org\/en\/wp-json\/wp\/v2\/posts\/7078\/revisions\/15320"}],"wp:featuredmedia":[{"embeddable":true,"href":"https:\/\/www.rmcr.org\/en\/wp-json\/wp\/v2\/media\/7506"}],"wp:attachment":[{"href":"https:\/\/www.rmcr.org\/en\/wp-json\/wp\/v2\/media?parent=7078"}],"wp:term":[{"taxonomy":"category","embeddable":true,"href":"https:\/\/www.rmcr.org\/en\/wp-json\/wp\/v2\/categories?post=7078"},{"taxonomy":"post_tag","embeddable":true,"href":"https:\/\/www.rmcr.org\/en\/wp-json\/wp\/v2\/tags?post=7078"}],"curies":[{"name":"wp","href":"https:\/\/api.w.org\/{rel}","templated":true}]}}