{"id":70,"date":"2013-07-01T13:26:30","date_gmt":"2013-07-01T13:26:30","guid":{"rendered":"https:\/\/www.rmcr.org\/?p=70"},"modified":"2025-04-04T08:08:06","modified_gmt":"2025-04-04T08:08:06","slug":"entrevista-al-director-de-la-real-maestranza-en-ondaluz-ronda-tv-2","status":"publish","type":"post","link":"https:\/\/www.rmcr.org\/en\/2013\/07\/01\/entrevista-al-director-de-la-real-maestranza-en-ondaluz-ronda-tv-2\/","title":{"rendered":"Entrevista al Director de la Real Maestranza en Ondaluz Ronda TV"},"content":{"rendered":"<p style=\"text-align:center;\">[youtube=http:\/\/www.youtube.com\/watch?v=H6RLLrRpBZI]<\/p>\n<p>Ignacio Herrera de La Muela,\u00a0invitado al programa de entrevistas\u00a0\u201dA solas con\u2026\u201d presentado por Carlos J. Garc\u00eda, repasa la actualidad de la instituci\u00f3n, que incluye\u00a0el pr\u00e9stamo del cuadro de Goya para el Museo, las conferencias del X Encuentro M\u00fasica-Filosof\u00eda y los conciertos de la XIV Semana de la M\u00fasica de Ronda.<\/p>\n","protected":false},"excerpt":{"rendered":"<p>[youtube=http:\/\/www.youtube.com\/watch?v=H6RLLrRpBZI] Ignacio Herrera de La Muela,\u00a0invitado al programa de entrevistas\u00a0\u201dA solas con\u2026\u201d presentado por Carlos J. Garc\u00eda, repasa la actualidad de la instituci\u00f3n, que incluye\u00a0el pr\u00e9stamo del cuadro de Goya para el Museo, las conferencias del X Encuentro M\u00fasica-Filosof\u00eda y los conciertos de la XIV Semana de la M\u00fasica de Ronda.<\/p>\n","protected":false},"author":7,"featured_media":73,"comment_status":"open","ping_status":"open","sticky":false,"template":"","format":"standard","meta":{"footnotes":""},"categories":[200,201],"tags":[165,135,167,168,169,170],"class_list":["post-70","post","type-post","status-publish","format-standard","has-post-thumbnail","hentry","category-actividad","category-semana-de-la-musica-de-ronda","tag-conciertos","tag-conferencias","tag-cursos-de-verano","tag-encuentro-musica-filosofia","tag-semana-de-la-musica-de-ronda","tag-videos"],"yoast_head":"<!-- This site is optimized with the Yoast SEO plugin v27.5 - https:\/\/yoast.com\/product\/yoast-seo-wordpress\/ -->\n<title>Entrevista al Director de la Real Maestranza en Ondaluz Ronda TV - Real Maestranza de Caballer\u00eda de Ronda<\/title>\n<meta name=\"robots\" content=\"index, follow, max-snippet:-1, max-image-preview:large, max-video-preview:-1\" \/>\n<link rel=\"canonical\" href=\"https:\/\/www.rmcr.org\/en\/2013\/07\/01\/entrevista-al-director-de-la-real-maestranza-en-ondaluz-ronda-tv-2\/\" \/>\n<meta property=\"og:locale\" content=\"en_US\" \/>\n<meta property=\"og:type\" content=\"article\" \/>\n<meta property=\"og:title\" content=\"Entrevista al Director de la Real Maestranza en Ondaluz Ronda TV - Real Maestranza de Caballer\u00eda de Ronda\" \/>\n<meta property=\"og:description\" content=\"[youtube=http:\/\/www.youtube.com\/watch?v=H6RLLrRpBZI] Ignacio Herrera de La Muela,\u00a0invitado al programa de entrevistas\u00a0\u201dA solas con\u2026\u201d presentado por Carlos J. Garc\u00eda, repasa la actualidad de la instituci\u00f3n, que incluye\u00a0el pr\u00e9stamo del cuadro de Goya para el Museo, las conferencias del X Encuentro M\u00fasica-Filosof\u00eda y los conciertos de la XIV Semana de la M\u00fasica de Ronda.\" \/>\n<meta property=\"og:url\" content=\"https:\/\/www.rmcr.org\/en\/2013\/07\/01\/entrevista-al-director-de-la-real-maestranza-en-ondaluz-ronda-tv-2\/\" \/>\n<meta property=\"og:site_name\" content=\"Real Maestranza de Caballer\u00eda de Ronda\" \/>\n<meta property=\"article:publisher\" content=\"https:\/\/www.facebook.com\/plazadetorosronda\" \/>\n<meta property=\"article:published_time\" content=\"2013-07-01T13:26:30+00:00\" \/>\n<meta property=\"article:modified_time\" content=\"2025-04-04T08:08:06+00:00\" \/>\n<meta property=\"og:image\" content=\"https:\/\/www.rmcr.org\/wp-content\/uploads\/2013\/07\/ignacio_02.png\" \/>\n\t<meta property=\"og:image:width\" content=\"1199\" \/>\n\t<meta property=\"og:image:height\" content=\"422\" \/>\n\t<meta property=\"og:image:type\" content=\"image\/png\" \/>\n<meta name=\"author\" content=\"RMCR\" \/>\n<meta name=\"twitter:card\" content=\"summary_large_image\" \/>\n<meta name=\"twitter:creator\" content=\"@PlazatorosRMR\" \/>\n<meta name=\"twitter:site\" content=\"@PlazatorosRMR\" \/>\n<meta name=\"twitter:label1\" content=\"Written by\" \/>\n\t<meta name=\"twitter:data1\" content=\"RMCR\" \/>\n<script type=\"application\/ld+json\" class=\"yoast-schema-graph\">{\"@context\":\"https:\\\/\\\/schema.org\",\"@graph\":[{\"@type\":\"Article\",\"@id\":\"https:\\\/\\\/www.rmcr.org\\\/en\\\/2013\\\/07\\\/01\\\/entrevista-al-director-de-la-real-maestranza-en-ondaluz-ronda-tv-2\\\/#article\",\"isPartOf\":{\"@id\":\"https:\\\/\\\/www.rmcr.org\\\/en\\\/2013\\\/07\\\/01\\\/entrevista-al-director-de-la-real-maestranza-en-ondaluz-ronda-tv-2\\\/\"},\"author\":{\"name\":\"RMCR\",\"@id\":\"https:\\\/\\\/www.rmcr.org\\\/en\\\/#\\\/schema\\\/person\\\/7ddd0dafda7edd0e407157f93a56df4f\"},\"headline\":\"Entrevista al Director de la Real Maestranza en Ondaluz Ronda TV\",\"datePublished\":\"2013-07-01T13:26:30+00:00\",\"dateModified\":\"2025-04-04T08:08:06+00:00\",\"mainEntityOfPage\":{\"@id\":\"https:\\\/\\\/www.rmcr.org\\\/en\\\/2013\\\/07\\\/01\\\/entrevista-al-director-de-la-real-maestranza-en-ondaluz-ronda-tv-2\\\/\"},\"wordCount\":79,\"commentCount\":0,\"publisher\":{\"@id\":\"https:\\\/\\\/www.rmcr.org\\\/en\\\/#organization\"},\"image\":{\"@id\":\"https:\\\/\\\/www.rmcr.org\\\/en\\\/2013\\\/07\\\/01\\\/entrevista-al-director-de-la-real-maestranza-en-ondaluz-ronda-tv-2\\\/#primaryimage\"},\"thumbnailUrl\":\"https:\\\/\\\/www.rmcr.org\\\/wp-content\\\/uploads\\\/2013\\\/07\\\/ignacio_02.png\",\"keywords\":[\"Conciertos\",\"Conferencias\",\"Cursos de verano\",\"Encuentro M\u00fasica-Filosof\u00eda\",\"Semana de la M\u00fasica de Ronda\",\"V\u00eddeos\"],\"articleSection\":[\"Actividad\",\"Semana de la M\u00fasica de Ronda\"],\"inLanguage\":\"en-US\",\"potentialAction\":[{\"@type\":\"CommentAction\",\"name\":\"Comment\",\"target\":[\"https:\\\/\\\/www.rmcr.org\\\/en\\\/2013\\\/07\\\/01\\\/entrevista-al-director-de-la-real-maestranza-en-ondaluz-ronda-tv-2\\\/#respond\"]}]},{\"@type\":\"WebPage\",\"@id\":\"https:\\\/\\\/www.rmcr.org\\\/en\\\/2013\\\/07\\\/01\\\/entrevista-al-director-de-la-real-maestranza-en-ondaluz-ronda-tv-2\\\/\",\"url\":\"https:\\\/\\\/www.rmcr.org\\\/en\\\/2013\\\/07\\\/01\\\/entrevista-al-director-de-la-real-maestranza-en-ondaluz-ronda-tv-2\\\/\",\"name\":\"Entrevista al Director de la Real Maestranza en Ondaluz Ronda TV - Real Maestranza de Caballer\u00eda de Ronda\",\"isPartOf\":{\"@id\":\"https:\\\/\\\/www.rmcr.org\\\/en\\\/#website\"},\"primaryImageOfPage\":{\"@id\":\"https:\\\/\\\/www.rmcr.org\\\/en\\\/2013\\\/07\\\/01\\\/entrevista-al-director-de-la-real-maestranza-en-ondaluz-ronda-tv-2\\\/#primaryimage\"},\"image\":{\"@id\":\"https:\\\/\\\/www.rmcr.org\\\/en\\\/2013\\\/07\\\/01\\\/entrevista-al-director-de-la-real-maestranza-en-ondaluz-ronda-tv-2\\\/#primaryimage\"},\"thumbnailUrl\":\"https:\\\/\\\/www.rmcr.org\\\/wp-content\\\/uploads\\\/2013\\\/07\\\/ignacio_02.png\",\"datePublished\":\"2013-07-01T13:26:30+00:00\",\"dateModified\":\"2025-04-04T08:08:06+00:00\",\"breadcrumb\":{\"@id\":\"https:\\\/\\\/www.rmcr.org\\\/en\\\/2013\\\/07\\\/01\\\/entrevista-al-director-de-la-real-maestranza-en-ondaluz-ronda-tv-2\\\/#breadcrumb\"},\"inLanguage\":\"en-US\",\"potentialAction\":[{\"@type\":\"ReadAction\",\"target\":[\"https:\\\/\\\/www.rmcr.org\\\/en\\\/2013\\\/07\\\/01\\\/entrevista-al-director-de-la-real-maestranza-en-ondaluz-ronda-tv-2\\\/\"]}]},{\"@type\":\"ImageObject\",\"inLanguage\":\"en-US\",\"@id\":\"https:\\\/\\\/www.rmcr.org\\\/en\\\/2013\\\/07\\\/01\\\/entrevista-al-director-de-la-real-maestranza-en-ondaluz-ronda-tv-2\\\/#primaryimage\",\"url\":\"https:\\\/\\\/www.rmcr.org\\\/wp-content\\\/uploads\\\/2013\\\/07\\\/ignacio_02.png\",\"contentUrl\":\"https:\\\/\\\/www.rmcr.org\\\/wp-content\\\/uploads\\\/2013\\\/07\\\/ignacio_02.png\",\"width\":1199,\"height\":422},{\"@type\":\"BreadcrumbList\",\"@id\":\"https:\\\/\\\/www.rmcr.org\\\/en\\\/2013\\\/07\\\/01\\\/entrevista-al-director-de-la-real-maestranza-en-ondaluz-ronda-tv-2\\\/#breadcrumb\",\"itemListElement\":[{\"@type\":\"ListItem\",\"position\":1,\"name\":\"REAL MAESTRANZA DE CABALLER\u00cdA DE RONDA\",\"item\":\"https:\\\/\\\/www.rmcr.org\\\/en\\\/\"},{\"@type\":\"ListItem\",\"position\":2,\"name\":\"Entrevista al Director de la Real Maestranza en Ondaluz Ronda TV\"}]},{\"@type\":\"WebSite\",\"@id\":\"https:\\\/\\\/www.rmcr.org\\\/en\\\/#website\",\"url\":\"https:\\\/\\\/www.rmcr.org\\\/en\\\/\",\"name\":\"Real Maestranza de Caballer\u00eda de Ronda\",\"description\":\"Real Maestranza de Caballer\u00eda de Ronda\",\"publisher\":{\"@id\":\"https:\\\/\\\/www.rmcr.org\\\/en\\\/#organization\"},\"alternateName\":\"RMCR\",\"potentialAction\":[{\"@type\":\"SearchAction\",\"target\":{\"@type\":\"EntryPoint\",\"urlTemplate\":\"https:\\\/\\\/www.rmcr.org\\\/en\\\/?s={search_term_string}\"},\"query-input\":{\"@type\":\"PropertyValueSpecification\",\"valueRequired\":true,\"valueName\":\"search_term_string\"}}],\"inLanguage\":\"en-US\"},{\"@type\":\"Organization\",\"@id\":\"https:\\\/\\\/www.rmcr.org\\\/en\\\/#organization\",\"name\":\"Real Maestranza de Caballer\u00eda de Ronda\",\"alternateName\":\"RMR\",\"url\":\"https:\\\/\\\/www.rmcr.org\\\/en\\\/\",\"logo\":{\"@type\":\"ImageObject\",\"inLanguage\":\"en-US\",\"@id\":\"https:\\\/\\\/www.rmcr.org\\\/en\\\/#\\\/schema\\\/logo\\\/image\\\/\",\"url\":\"https:\\\/\\\/www.rmcr.org\\\/wp-content\\\/uploads\\\/2022\\\/07\\\/logo-rmr-blue.svg\",\"contentUrl\":\"https:\\\/\\\/www.rmcr.org\\\/wp-content\\\/uploads\\\/2022\\\/07\\\/logo-rmr-blue.svg\",\"width\":131,\"height\":129,\"caption\":\"Real Maestranza de Caballer\u00eda de Ronda\"},\"image\":{\"@id\":\"https:\\\/\\\/www.rmcr.org\\\/en\\\/#\\\/schema\\\/logo\\\/image\\\/\"},\"sameAs\":[\"https:\\\/\\\/www.facebook.com\\\/plazadetorosronda\",\"https:\\\/\\\/x.com\\\/PlazatorosRMR\",\"https:\\\/\\\/www.instagram.com\\\/realmaestranzaderonda\\\/\",\"https:\\\/\\\/www.youtube.com\\\/channel\\\/UCrbO5IUN-8v_QML739vM4zg\\\/videos\"]},{\"@type\":\"Person\",\"@id\":\"https:\\\/\\\/www.rmcr.org\\\/en\\\/#\\\/schema\\\/person\\\/7ddd0dafda7edd0e407157f93a56df4f\",\"name\":\"RMCR\",\"image\":{\"@type\":\"ImageObject\",\"inLanguage\":\"en-US\",\"@id\":\"https:\\\/\\\/secure.gravatar.com\\\/avatar\\\/adb75798b50800c24baa6a8706037b9469998c49eddeb95935f50f633cff80bb?s=96&d=mm&r=g\",\"url\":\"https:\\\/\\\/secure.gravatar.com\\\/avatar\\\/adb75798b50800c24baa6a8706037b9469998c49eddeb95935f50f633cff80bb?s=96&d=mm&r=g\",\"contentUrl\":\"https:\\\/\\\/secure.gravatar.com\\\/avatar\\\/adb75798b50800c24baa6a8706037b9469998c49eddeb95935f50f633cff80bb?s=96&d=mm&r=g\",\"caption\":\"RMCR\"},\"url\":\"https:\\\/\\\/www.rmcr.org\\\/en\\\/author\\\/bitniks77\\\/\"}]}<\/script>\n<!-- \/ Yoast SEO plugin. -->","yoast_head_json":{"title":"Entrevista al Director de la Real Maestranza en Ondaluz Ronda TV - Real Maestranza de Caballer\u00eda de Ronda","robots":{"index":"index","follow":"follow","max-snippet":"max-snippet:-1","max-image-preview":"max-image-preview:large","max-video-preview":"max-video-preview:-1"},"canonical":"https:\/\/www.rmcr.org\/en\/2013\/07\/01\/entrevista-al-director-de-la-real-maestranza-en-ondaluz-ronda-tv-2\/","og_locale":"en_US","og_type":"article","og_title":"Entrevista al Director de la Real Maestranza en Ondaluz Ronda TV - Real Maestranza de Caballer\u00eda de Ronda","og_description":"[youtube=http:\/\/www.youtube.com\/watch?v=H6RLLrRpBZI] Ignacio Herrera de La Muela,\u00a0invitado al programa de entrevistas\u00a0\u201dA solas con\u2026\u201d presentado por Carlos J. Garc\u00eda, repasa la actualidad de la instituci\u00f3n, que incluye\u00a0el pr\u00e9stamo del cuadro de Goya para el Museo, las conferencias del X Encuentro M\u00fasica-Filosof\u00eda y los conciertos de la XIV Semana de la M\u00fasica de Ronda.","og_url":"https:\/\/www.rmcr.org\/en\/2013\/07\/01\/entrevista-al-director-de-la-real-maestranza-en-ondaluz-ronda-tv-2\/","og_site_name":"Real Maestranza de Caballer\u00eda de Ronda","article_publisher":"https:\/\/www.facebook.com\/plazadetorosronda","article_published_time":"2013-07-01T13:26:30+00:00","article_modified_time":"2025-04-04T08:08:06+00:00","og_image":[{"width":1199,"height":422,"url":"https:\/\/www.rmcr.org\/wp-content\/uploads\/2013\/07\/ignacio_02.png","type":"image\/png"}],"author":"RMCR","twitter_card":"summary_large_image","twitter_creator":"@PlazatorosRMR","twitter_site":"@PlazatorosRMR","twitter_misc":{"Written by":"RMCR"},"schema":{"@context":"https:\/\/schema.org","@graph":[{"@type":"Article","@id":"https:\/\/www.rmcr.org\/en\/2013\/07\/01\/entrevista-al-director-de-la-real-maestranza-en-ondaluz-ronda-tv-2\/#article","isPartOf":{"@id":"https:\/\/www.rmcr.org\/en\/2013\/07\/01\/entrevista-al-director-de-la-real-maestranza-en-ondaluz-ronda-tv-2\/"},"author":{"name":"RMCR","@id":"https:\/\/www.rmcr.org\/en\/#\/schema\/person\/7ddd0dafda7edd0e407157f93a56df4f"},"headline":"Entrevista al Director de la Real Maestranza en Ondaluz Ronda TV","datePublished":"2013-07-01T13:26:30+00:00","dateModified":"2025-04-04T08:08:06+00:00","mainEntityOfPage":{"@id":"https:\/\/www.rmcr.org\/en\/2013\/07\/01\/entrevista-al-director-de-la-real-maestranza-en-ondaluz-ronda-tv-2\/"},"wordCount":79,"commentCount":0,"publisher":{"@id":"https:\/\/www.rmcr.org\/en\/#organization"},"image":{"@id":"https:\/\/www.rmcr.org\/en\/2013\/07\/01\/entrevista-al-director-de-la-real-maestranza-en-ondaluz-ronda-tv-2\/#primaryimage"},"thumbnailUrl":"https:\/\/www.rmcr.org\/wp-content\/uploads\/2013\/07\/ignacio_02.png","keywords":["Conciertos","Conferencias","Cursos de verano","Encuentro M\u00fasica-Filosof\u00eda","Semana de la M\u00fasica de Ronda","V\u00eddeos"],"articleSection":["Actividad","Semana de la M\u00fasica de Ronda"],"inLanguage":"en-US","potentialAction":[{"@type":"CommentAction","name":"Comment","target":["https:\/\/www.rmcr.org\/en\/2013\/07\/01\/entrevista-al-director-de-la-real-maestranza-en-ondaluz-ronda-tv-2\/#respond"]}]},{"@type":"WebPage","@id":"https:\/\/www.rmcr.org\/en\/2013\/07\/01\/entrevista-al-director-de-la-real-maestranza-en-ondaluz-ronda-tv-2\/","url":"https:\/\/www.rmcr.org\/en\/2013\/07\/01\/entrevista-al-director-de-la-real-maestranza-en-ondaluz-ronda-tv-2\/","name":"Entrevista al Director de la Real Maestranza en Ondaluz Ronda TV - Real Maestranza de Caballer\u00eda de Ronda","isPartOf":{"@id":"https:\/\/www.rmcr.org\/en\/#website"},"primaryImageOfPage":{"@id":"https:\/\/www.rmcr.org\/en\/2013\/07\/01\/entrevista-al-director-de-la-real-maestranza-en-ondaluz-ronda-tv-2\/#primaryimage"},"image":{"@id":"https:\/\/www.rmcr.org\/en\/2013\/07\/01\/entrevista-al-director-de-la-real-maestranza-en-ondaluz-ronda-tv-2\/#primaryimage"},"thumbnailUrl":"https:\/\/www.rmcr.org\/wp-content\/uploads\/2013\/07\/ignacio_02.png","datePublished":"2013-07-01T13:26:30+00:00","dateModified":"2025-04-04T08:08:06+00:00","breadcrumb":{"@id":"https:\/\/www.rmcr.org\/en\/2013\/07\/01\/entrevista-al-director-de-la-real-maestranza-en-ondaluz-ronda-tv-2\/#breadcrumb"},"inLanguage":"en-US","potentialAction":[{"@type":"ReadAction","target":["https:\/\/www.rmcr.org\/en\/2013\/07\/01\/entrevista-al-director-de-la-real-maestranza-en-ondaluz-ronda-tv-2\/"]}]},{"@type":"ImageObject","inLanguage":"en-US","@id":"https:\/\/www.rmcr.org\/en\/2013\/07\/01\/entrevista-al-director-de-la-real-maestranza-en-ondaluz-ronda-tv-2\/#primaryimage","url":"https:\/\/www.rmcr.org\/wp-content\/uploads\/2013\/07\/ignacio_02.png","contentUrl":"https:\/\/www.rmcr.org\/wp-content\/uploads\/2013\/07\/ignacio_02.png","width":1199,"height":422},{"@type":"BreadcrumbList","@id":"https:\/\/www.rmcr.org\/en\/2013\/07\/01\/entrevista-al-director-de-la-real-maestranza-en-ondaluz-ronda-tv-2\/#breadcrumb","itemListElement":[{"@type":"ListItem","position":1,"name":"REAL MAESTRANZA DE CABALLER\u00cdA DE RONDA","item":"https:\/\/www.rmcr.org\/en\/"},{"@type":"ListItem","position":2,"name":"Entrevista al Director de la Real Maestranza en Ondaluz Ronda TV"}]},{"@type":"WebSite","@id":"https:\/\/www.rmcr.org\/en\/#website","url":"https:\/\/www.rmcr.org\/en\/","name":"Real Maestranza de Caballer\u00eda de Ronda","description":"Real Maestranza de Caballer\u00eda de Ronda","publisher":{"@id":"https:\/\/www.rmcr.org\/en\/#organization"},"alternateName":"RMCR","potentialAction":[{"@type":"SearchAction","target":{"@type":"EntryPoint","urlTemplate":"https:\/\/www.rmcr.org\/en\/?s={search_term_string}"},"query-input":{"@type":"PropertyValueSpecification","valueRequired":true,"valueName":"search_term_string"}}],"inLanguage":"en-US"},{"@type":"Organization","@id":"https:\/\/www.rmcr.org\/en\/#organization","name":"Real Maestranza de Caballer\u00eda de Ronda","alternateName":"RMR","url":"https:\/\/www.rmcr.org\/en\/","logo":{"@type":"ImageObject","inLanguage":"en-US","@id":"https:\/\/www.rmcr.org\/en\/#\/schema\/logo\/image\/","url":"https:\/\/www.rmcr.org\/wp-content\/uploads\/2022\/07\/logo-rmr-blue.svg","contentUrl":"https:\/\/www.rmcr.org\/wp-content\/uploads\/2022\/07\/logo-rmr-blue.svg","width":131,"height":129,"caption":"Real Maestranza de Caballer\u00eda de Ronda"},"image":{"@id":"https:\/\/www.rmcr.org\/en\/#\/schema\/logo\/image\/"},"sameAs":["https:\/\/www.facebook.com\/plazadetorosronda","https:\/\/x.com\/PlazatorosRMR","https:\/\/www.instagram.com\/realmaestranzaderonda\/","https:\/\/www.youtube.com\/channel\/UCrbO5IUN-8v_QML739vM4zg\/videos"]},{"@type":"Person","@id":"https:\/\/www.rmcr.org\/en\/#\/schema\/person\/7ddd0dafda7edd0e407157f93a56df4f","name":"RMCR","image":{"@type":"ImageObject","inLanguage":"en-US","@id":"https:\/\/secure.gravatar.com\/avatar\/adb75798b50800c24baa6a8706037b9469998c49eddeb95935f50f633cff80bb?s=96&d=mm&r=g","url":"https:\/\/secure.gravatar.com\/avatar\/adb75798b50800c24baa6a8706037b9469998c49eddeb95935f50f633cff80bb?s=96&d=mm&r=g","contentUrl":"https:\/\/secure.gravatar.com\/avatar\/adb75798b50800c24baa6a8706037b9469998c49eddeb95935f50f633cff80bb?s=96&d=mm&r=g","caption":"RMCR"},"url":"https:\/\/www.rmcr.org\/en\/author\/bitniks77\/"}]}},"_links":{"self":[{"href":"https:\/\/www.rmcr.org\/en\/wp-json\/wp\/v2\/posts\/70","targetHints":{"allow":["GET"]}}],"collection":[{"href":"https:\/\/www.rmcr.org\/en\/wp-json\/wp\/v2\/posts"}],"about":[{"href":"https:\/\/www.rmcr.org\/en\/wp-json\/wp\/v2\/types\/post"}],"author":[{"embeddable":true,"href":"https:\/\/www.rmcr.org\/en\/wp-json\/wp\/v2\/users\/7"}],"replies":[{"embeddable":true,"href":"https:\/\/www.rmcr.org\/en\/wp-json\/wp\/v2\/comments?post=70"}],"version-history":[{"count":1,"href":"https:\/\/www.rmcr.org\/en\/wp-json\/wp\/v2\/posts\/70\/revisions"}],"predecessor-version":[{"id":12173,"href":"https:\/\/www.rmcr.org\/en\/wp-json\/wp\/v2\/posts\/70\/revisions\/12173"}],"wp:featuredmedia":[{"embeddable":true,"href":"https:\/\/www.rmcr.org\/en\/wp-json\/wp\/v2\/media\/73"}],"wp:attachment":[{"href":"https:\/\/www.rmcr.org\/en\/wp-json\/wp\/v2\/media?parent=70"}],"wp:term":[{"taxonomy":"category","embeddable":true,"href":"https:\/\/www.rmcr.org\/en\/wp-json\/wp\/v2\/categories?post=70"},{"taxonomy":"post_tag","embeddable":true,"href":"https:\/\/www.rmcr.org\/en\/wp-json\/wp\/v2\/tags?post=70"}],"curies":[{"name":"wp","href":"https:\/\/api.w.org\/{rel}","templated":true}]}}