{"id":6319,"date":"2022-08-05T09:31:49","date_gmt":"2022-08-05T09:31:49","guid":{"rendered":"https:\/\/www.rmcr.org\/?p=6319"},"modified":"2025-04-04T08:53:13","modified_gmt":"2025-04-04T08:53:13","slug":"agosto-de-1833-ronda-se-engalana","status":"publish","type":"post","link":"https:\/\/www.rmcr.org\/en\/2022\/08\/05\/agosto-de-1833-ronda-se-engalana\/","title":{"rendered":"Agosto de 1833, Ronda se engalana."},"content":{"rendered":"\n<p>Documentos en el Archivo de la RMR, 40 &#8211; 2022<\/p>\n\n\n\n<p class=\"has-text-align-justify\">1833 es un a\u00f1o crucial en la Historia de Espa\u00f1a. El panorama pol\u00edtico nacional estaba marcado por las tensiones entre los absolutistas con el Infante Don Carlos y los movimientos liberales. El 30 de septiembre fallece el rey Fernando VII, dejando como heredera a Mar\u00eda Isabel Luisa de Borb\u00f3n, su primog\u00e9nita y futura Isabel II, dando paso a la regencia de su madre Mar\u00eda Cristina de Borb\u00f3n-Dos Sicilias e inici\u00e1ndose el fin del Antiguo R\u00e9gimen. Una ni\u00f1a de tres a\u00f1os, nacida el 10 de octubre de 1830, que con seis meses era proclamada princesa de Asturias y sucesora en el trono de Espa\u00f1a.<\/p>\n\n\n\n<figure class=\"wp-block-image aligncenter size-large is-resized\"><a href=\"https:\/\/www.rmcr.org\/2022\/08\/afc27-n16-022.jpg\"><img fetchpriority=\"high\" decoding=\"async\" src=\"https:\/\/www.rmcr.org\/wp-content\/uploads\/2022\/08\/afc27-n16-022.jpg?w=1022\" alt=\"\" class=\"wp-image-4830\" width=\"335\" height=\"335\"\/><\/a><\/figure>\n\n\n\n<p class=\"has-text-align-center has-small-font-size\"><strong>Isabel II ni\u00f1a, \u00f3leo encargado por la Real Maestranza de Caballer\u00eda de Ronda al pintor Jos\u00e9 Madrazo y Agudo, 1835. Col. Pict\u00f3rica RMR<\/strong>.<\/p>\n\n\n\n<p class=\"has-text-align-justify\">El 4 de abril de 1833 por un Real Decreto, se dispone el juramento y pleito-homenaje de los representantes del reino a la princesa de Asturias. El acto se celebrar\u00eda el 20 de junio en el Monasterio de San Jer\u00f3nimo de Madrid. Esta ceremonia, aparentemente un acto simb\u00f3lico m\u00e1s dentro del aparato de la monarqu\u00eda, encierra aspectos muy relevantes para la vida pol\u00edtica espa\u00f1ola de la \u00e9poca.<\/p>\n\n\n\n<figure class=\"wp-block-image aligncenter size-large is-resized\"><a href=\"https:\/\/www.rmcr.org\/2022\/08\/af-c-1-no-030.jpg\"><img decoding=\"async\" src=\"https:\/\/www.rmcr.org\/wp-content\/uploads\/2022\/08\/af-c-1-no-030.jpg?w=657\" alt=\"\" class=\"wp-image-4831\" width=\"377\" height=\"587\"\/><\/a><\/figure>\n\n\n\n<p class=\"has-text-align-center has-small-font-size\"><strong>\u201cVista del interior de la iglesia del R<sup>l<\/sup> Monasterio de San Ger\u00f3nimo de esta corte durante el acto de la jura de S.A.R. la Srma. S\u00aa. Princesa D. Mar\u00eda Ysabel Luisa de Borb\u00f3n como heredera del reyno, celebrado el 20 de junio de 1833\u201d Litograf\u00eda coloreada, Colc. RMR<\/strong>.<\/p>\n\n\n\n<p class=\"has-text-align-justify\">La aceptaci\u00f3n por las Cort\u00e9s, donde se aglutinaba la oligarqu\u00eda de villas y ciudades, junto a la Iglesia y la aristocracia, de la heredera a la corona. La legitimaci\u00f3n de una mujer como sucesora en el trono de Espa\u00f1a, aplic\u00e1ndose, la Pragm\u00e1tica Sanci\u00f3n de 1789 publicada en 1830 y, que hab\u00eda contenido las pretensiones al trono del hermano de Fernando VII, el Infante Carlos Mar\u00eda Isidro, que acabar\u00eda en la primera Guerra Carlista (1833 &#8211; 1840). Por otro lado, se renovaba la imagen de la monarqu\u00eda, como ya sabemos, la historia de Isabel II, pasa por tener la popularidad y aceptaci\u00f3n del pueblo, como figura del tr\u00e1nsito del absolutismo a un r\u00e9gimen liberal, para despu\u00e9s acabar siendo exiliada y rechazada.<\/p>\n\n\n\n<p class=\"has-text-align-justify\">Por ello, la Jura a la Seren\u00edsima Se\u00f1ora Do\u00f1a Mar\u00eda Isabel Luisa de Borb\u00f3n, princesa de Asturias, tuvo una repercusi\u00f3n excepcional en todo el reino y las colonias, a lo que no fue ajena la ciudad de Ronda. Por un lado, porque las Reales Maestranzas de Caballer\u00eda participaron activamente en los actos celebrados en junio de 1833 en la capital del reino. Para lo cual la Real Maestranza de Caballer\u00eda de Ronda, por orden real desde el mes de abril, empez\u00f3 preparar todo el operativo para participar en las justas, con una comisi\u00f3n organizadora en Madrid cuyo representante fue el caballero maestrante Jos\u00e9 Joaqu\u00edn Viru\u00e9s Esp\u00ednola. Todo lo cual tiene su reflejo documental en el fondo propio del archivo hist\u00f3rico, con una serie de correspondencia, comunicaciones y \u00f3rdenes reales del primer secretario de estado, Francisco Cea Berm\u00fadez.<\/p>\n\n\n\n<figure class=\"wp-block-image aligncenter size-large is-resized\"><a href=\"https:\/\/www.rmcr.org\/2022\/08\/l10-c3-prp-002.jpg\"><img decoding=\"async\" src=\"https:\/\/www.rmcr.org\/wp-content\/uploads\/2022\/08\/l10-c3-prp-002.jpg?w=729\" alt=\"\" class=\"wp-image-4833\" width=\"315\" height=\"443\"\/><\/a><\/figure>\n\n\n\n<p class=\"has-text-align-center has-small-font-size\"><strong>Comunicaci\u00f3n dirigida a Antonio Atienza Salvatierra, Tte. H. M. de la Real Maestranza de Ronda, por Francisco Cea Berm\u00fadez sobre la real orden de participaci\u00f3n en el torneo que habr\u00eda de celebrarse en la capital, Madrid 30 de abril de 1833, Archivo RMR \u2013 Fondo Propio Sig.Legajo 10-C3.<\/strong><\/p>\n\n\n\n<figure class=\"wp-block-image aligncenter size-large is-resized\"><a href=\"https:\/\/www.rmcr.org\/2022\/08\/af-c-1-no-027.jpg\"><img loading=\"lazy\" decoding=\"async\" src=\"https:\/\/www.rmcr.org\/wp-content\/uploads\/2022\/08\/af-c-1-no-027.jpg?w=1024\" alt=\"\" class=\"wp-image-4835\" width=\"567\" height=\"437\"\/><\/a><\/figure>\n\n\n\n<p class=\"has-text-align-center has-small-font-size\"><strong>\u201cJusta de las Reales Maestranzas de Caballer\u00eda en las funciones reales celebrada en la plaza de toros de Madrid en la tarde del d\u00eda 24 de junio de 1833 con el fausto motivo de la jura de la Srma. S\u00aa. D\u00aa. Ysabel como princesa heredera de Espa\u00f1a e Yndias\u201d Litograf\u00eda coloreada, Col. RMR<\/strong>.<\/p>\n\n\n\n<p class=\"has-text-align-justify\">En Ronda, en julio de ese a\u00f1o, la Maestranza junto a los diferentes cuerpos militares de la ciudad formaron una comisi\u00f3n presidida por Jos\u00e9 Mar\u00eda de Rojas, Comandante General de la ciudad y su Serran\u00eda, con el fin de organizar un programa de actos junto al Ayuntamiento, para solemnizar la Jura a la princesa de Asturias.<\/p>\n\n\n\n<p class=\"has-text-align-justify\">El documento que presentamos es el <strong>\u201c<em>Programa de los Festejos con los que la Muy Noble y Muy Leal Ciudad de Ronda solemnizar\u00e1 la Jura de la Seren\u00edsima<\/em> <em>Se\u00f1ora Do\u00f1a Mar\u00eda Isabel Luisa de Borb\u00f3n, Princesa Heredera de estos Reinos<\/em>\u201d<\/strong>, que se imprimi\u00f3 a instancias del Ayuntamiento, en agosto de 1833 en la Imprenta de Moreti, sita en la plazuela de Vasco. Un documento perteneciente al archivo familiar privado Avil\u00e9s-Casco. Familia de la cual varios de sus integrantes fueron caballeros maestrantes y coincidieron, en este per\u00edodo, ocupando cargos de responsabilidad en la Maestranza. Antonio Avil\u00e9s-Casco y Castro, en 1833, era secretario de la junta de gobierno y, seg\u00fan reza en al acta de junta general del 28 de julio de 1833, en la que se ley\u00f3 la  invitaci\u00f3n del Ayto. de Ronda para organizar dichos festejos, se eligi\u00f3 por comisionado para tal fin a Juan Avil\u00e9s-Casco Halc\u00f3n de Cala.<\/p>\n\n\n\n<figure class=\"wp-block-image aligncenter size-large is-resized\"><a href=\"https:\/\/www.rmcr.org\/2022\/08\/blq-i-pl2-c4-prv-avc-001.jpg\"><img loading=\"lazy\" decoding=\"async\" src=\"https:\/\/www.rmcr.org\/wp-content\/uploads\/2022\/08\/blq-i-pl2-c4-prv-avc-001.jpg?w=733\" alt=\"\" class=\"wp-image-4837\" width=\"484\" height=\"675\"\/><\/a><\/figure>\n\n\n\n<p class=\"has-text-align-center has-small-font-size\"><strong>Fondo de Archivos Privados RMR &#8211; Archivo Familiar Avil\u00e9s-Casco Sig.Blq I-PL2-C4, 1833<\/strong>.<\/p>\n\n\n\n<p class=\"has-text-align-justify\">Los actos se desarrollar\u00edan entre el 22 y el 25 del mes de agosto, inici\u00e1ndose al amanecer del primer d\u00eda con un repique general de campanas, sus calles principales luc\u00edan engalanadas con colgaduras y, a partir de la tarde noche, hab\u00eda zonas iluminadas de la ciudad destacando las Casas Consistoriales y Plaza Real, actual plaza de Espa\u00f1a.<\/p>\n\n\n\n<p class=\"has-text-align-justify\">En este tipo de conmemoraciones, como norma general, se acostumbraba diariamente a la celebraci\u00f3n de funciones religiosas, ben\u00e9ficas y funciones taurinas, en cuanto a actos culturales y l\u00fadicos eran m\u00e1s variados. El documento refleja como los dos primeros d\u00edas, 22 y 23, se celebraron un mayor n\u00famero de festejos que abarcaron la totalidad de la ciudad por diferentes \u00e1reas, los dos \u00faltimos d\u00edas, 24 y 25, se dedicaron a actos oficiales y protocolarios, en este caso parece que dirigidos por la comisi\u00f3n de cuerpos militares a la que alud\u00edamos anteriormente.<\/p>\n\n\n\n<p class=\"has-text-align-justify\">El d\u00eda 22 a las ocho de la ma\u00f1ana hubo una funci\u00f3n religiosa, <em>Te Deum<\/em>, con la asistencia del Ayuntamiento y todas la corporaciones civiles, religiosas y militares, posiblemente en la iglesia de Santa. Mar\u00eda, mientras que al d\u00eda siguiente se realizar\u00eda en todos los conventos religiosos de la ciudad. Tras los actos religiosos, los ben\u00e9ficos. A medio d\u00eda se sirvi\u00f3 una comida a los enfermos del Hospital de Santa Barbar\u00e1, supervisada por representantes municipales. El d\u00eda 23 se sirvi\u00f3 a los encarcelados, se repartieron limosnas y trescientas hogazas de pan, en el atrio del Convento de la Merced. Justo despu\u00e9s, tanto un d\u00eda como otro, sobre las cuatro de la tarde, se corrieron toros de cuerda en el recinto de la ciudad.<\/p>\n\n\n\n<p class=\"has-text-align-justify\">A partir de las nueve o diez de la noche se iniciaba una mascarada, en la que estaban representados cada gremio, acompa\u00f1ada por la banda de m\u00fasica y danzas hasta bien entrada la noche <em>\u201cen que se dispersar\u00e1n todas las comparsas a discreci\u00f3n llevando cada una al frente su bastonero\u201d<\/em>. La del primer d\u00eda  bajar\u00eda por la calle Boticas y Tendezuelas hac\u00eda la Plaza Real, en el recorrido se dispon\u00edan varios tablados, en los que se ejecutaban danzas, siguiendo por la Calle San Carlos, actual Virgen de la Paz, Zamorano, Sevilla, vuelta por el Puente Viejo, San Pedro y la plaza. El segundo d\u00eda 23, los festejos abarcaron casi toda la ciudad, a las nueve de la noche la mascarada y comparsas iniciaron su itinerario por la calle de la Im\u00e1genes hac\u00eda el Barrio de San Francisco, recorri\u00e9ndolo en su totalidad con especial inter\u00e9s en los bailes y danzas de su alameda hasta las once de la noche, y de ah\u00ed, hacia la plaza de la ciudad, Puente Viejo, calle Real, los Remedios, Nueva y la Plaza Real. Mientras a las diez, en la alameda del Mercadillo y calles adyacentes, se iniciaba un baile. La zona estaba iluminada y adornada para tal fin, se dispuso&nbsp;una tienda de campa\u00f1a en la que se servir\u00eda \u201c<em>a precios, acomodados, licores, sorbetes y art\u00edculos de fonda\u201d<\/em>. <\/p>\n\n\n\n<p class=\"has-text-align-justify\">El acatamiento de un orden y decoro, establecido en un bando municipal, era de suma importancia para el buen desarrollo de las fiestas. Los disfraces deb\u00edan ir con el rostro descubierto, no permiti\u00e9ndose disfraz alguno fuera de esta actividad y el \u00e1rea designada para ello, para lo cual, se destinaban los alcaldes de barrio, en el cargo de bastoneros, sobre todo en la zona de la Alameda del Mercadillo.<\/p>\n\n\n\n<figure class=\"wp-block-image aligncenter size-large is-resized\"><a href=\"https:\/\/www.rmcr.org\/2022\/08\/sh_ma_1_15.jpg\"><img loading=\"lazy\" decoding=\"async\" src=\"https:\/\/www.rmcr.org\/wp-content\/uploads\/2022\/08\/sh_ma_1_15.jpg?w=1024\" alt=\"\" class=\"wp-image-4841\" width=\"849\" height=\"373\"\/><\/a><\/figure>\n\n\n\n<p class=\"has-text-align-center has-small-font-size\"><strong>Plano de la ciudad de Ronda en 1813, en el DVD de &#8220;Cartograf\u00eda de la Guerra de la Independencia&#8221;, Madrid, Ministerio de Defensa: Ollero y Ramos, 2008<\/strong>.<\/p>\n\n\n\n<p class=\"has-text-align-justify\">Las arquitecturas ef\u00edmeras proliferan en este tipo de conmemoraciones, acog\u00edan tanto a actos festivos como culturales. Destac\u00f3 sobremanera el pabell\u00f3n dispuesto en la Plaza Real, en el frente opuesto a la desembocadura el Puente Nuevo, \u201c<em>un magnifico pabell\u00f3n azul-cristina con fondo p\u00farpura y el texto de la ley de sucesi\u00f3n con letras doradas\u201d <\/em>en el que se ubic\u00f3 el retrato del Rey y se dispuso un amplio tablado, sirviendo de escenario a la lectura de composiciones po\u00e9ticas y la interpretaci\u00f3n musical. En estos espacios, era habitual encontrar decoraciones alusivas a la antig\u00fcedad cl\u00e1sica, como simbolismo y representaci\u00f3n de ciertas virtudes. En la Alameda del Mercadillo, se dispuso un espacio con varios tablados en el que se <em>&#8220;colocaron en los sitios oportunos inscripciones en verso, que atestig\u00fcen la lealtad que profesa a sus Reyes el pueblo ronde\u00f1o&#8221;<\/em> y donde una orquesta y un coro de cuatro ninfas, representando a Euterpe y las tres Gracias, interpretaron un himno compuesto para la ocasi\u00f3n. Las Gracias en la mitolog\u00eda griega eran las&nbsp;diosas de la alegr\u00eda, el encanto y la belleza, mientras que la primera, era una de las nueve musas, divinidades femeninas que inspiraban a los fil\u00f3sofos y a artistas. <\/p>\n\n\n\n<p class=\"has-text-align-justify\">Tras la funci\u00f3n religiosa del d\u00eda 23, en el Ayuntamiento y con presencia de la corporaci\u00f3n, se realizaron los ex\u00e1menes de latinidad dirigidos por el catedr\u00e1tico Jer\u00f3nimo Jim\u00e9nez, que debi\u00f3 ser el maestro encargado de un centro de ense\u00f1anza en la ciudad.  En el que se impartir\u00edan humanidades, gram\u00e1tica, ret\u00f3rica y po\u00e9tica, pod\u00edamos decir que se corresponder\u00eda a una ense\u00f1anza media en la \u00e9poca. A los alumnos m\u00e1s sobresalientes se les recompenso con medallas de plata y otros premios.<\/p>\n\n\n\n<p class=\"has-text-align-justify\">Los dos d\u00edas restantes, 24 y 25,  tienen poco desarrollo en el documento, tal y como se ha apuntado, cabe la posibilidad de que tuviesen un cariz m\u00e1s oficial y menos popular. Seg\u00fan se desprende del mismo, los actos de estos d\u00edas estaban promovidos por <em>&#8220;las corporaciones militares y dependientes de la polic\u00eda&#8221;<\/em>, entre los que se encontraba la Maestranza y la Comandancia General, es improbable, que no se realizasen alg\u00fan tipo de actos, como desfiles, ejercicio ecuestre, funci\u00f3n religiosa&#8230;etc., m\u00e1s estando relacionado con la Corona.<\/p>\n\n\n\n<p class=\"has-text-align-justify\">El documento finaliza con un texto de agradecimiento del Ayuntamiento a todas aquellas corporaciones y vecindario de la ciudad, por su aportaci\u00f3n para la realizaci\u00f3n de este programa de festejos. En el caso de la Maestranza, seg\u00fan sus actas, hizo una aportaci\u00f3n econ\u00f3mica de cien doblones, junto a otras permiti\u00f3 no usar fondo p\u00fablico alguno para costear las fiestas de estos d\u00edas de agosto de 1833.<\/p>\n\n\n\n<figure class=\"wp-block-image aligncenter size-large is-resized\"><a href=\"https:\/\/www.rmcr.org\/2022\/08\/af-c-1-no-029.jpg\"><img loading=\"lazy\" decoding=\"async\" src=\"https:\/\/www.rmcr.org\/wp-content\/uploads\/2022\/08\/af-c-1-no-029.jpg?w=1024\" alt=\"\" class=\"wp-image-4853\" width=\"608\" height=\"462\"\/><\/a><\/figure>\n\n\n\n<p class=\"has-text-align-center has-small-font-size\"><strong>\u201cCaballeros en plaza poniendo rejoncillos en las funciones reales celebradas en la plaza Mayor de Madrid el 22 d junio de 1833 con el fausto motivo de la jura de la Srma. S\u00aa. D\u00aa. Ysabel como princesa heredera de Espa\u00f1a e Yndias\u201d<\/strong>, <strong>Litograf\u00eda coloreada, Col. RMR<\/strong>.<\/p>\n","protected":false},"excerpt":{"rendered":"<p>Documentos en el Archivo de la RMR, 40 &#8211; 2022 1833 es un a\u00f1o crucial en la Historia de Espa\u00f1a. El panorama pol\u00edtico nacional estaba marcado por las tensiones entre los absolutistas con el Infante Don Carlos y los movimientos liberales. El 30 de septiembre fallece el rey Fernando VII, dejando como heredera a Mar\u00eda [&hellip;]<\/p>\n","protected":false},"author":3,"featured_media":11866,"comment_status":"open","ping_status":"open","sticky":false,"template":"","format":"standard","meta":{"footnotes":""},"categories":[134,512],"tags":[235,225,367],"class_list":["post-6319","post","type-post","status-publish","format-standard","has-post-thumbnail","hentry","category-archivo","category-documentos-archivos-rmr","tag-archivo","tag-fondos-documentales","tag-isabel-ii"],"yoast_head":"<!-- This site is optimized with the Yoast SEO plugin v27.5 - https:\/\/yoast.com\/product\/yoast-seo-wordpress\/ -->\n<title>Agosto de 1833, Ronda se engalana. - Real Maestranza de Caballer\u00eda de Ronda<\/title>\n<meta name=\"robots\" content=\"index, follow, max-snippet:-1, max-image-preview:large, max-video-preview:-1\" \/>\n<link rel=\"canonical\" href=\"https:\/\/www.rmcr.org\/en\/2022\/08\/05\/agosto-de-1833-ronda-se-engalana\/\" \/>\n<meta property=\"og:locale\" content=\"en_US\" \/>\n<meta property=\"og:type\" content=\"article\" \/>\n<meta property=\"og:title\" content=\"Agosto de 1833, Ronda se engalana. - Real Maestranza de Caballer\u00eda de Ronda\" \/>\n<meta property=\"og:description\" content=\"Documentos en el Archivo de la RMR, 40 &#8211; 2022 1833 es un a\u00f1o crucial en la Historia de Espa\u00f1a. El panorama pol\u00edtico nacional estaba marcado por las tensiones entre los absolutistas con el Infante Don Carlos y los movimientos liberales. El 30 de septiembre fallece el rey Fernando VII, dejando como heredera a Mar\u00eda [&hellip;]\" \/>\n<meta property=\"og:url\" content=\"https:\/\/www.rmcr.org\/en\/2022\/08\/05\/agosto-de-1833-ronda-se-engalana\/\" \/>\n<meta property=\"og:site_name\" content=\"Real Maestranza de Caballer\u00eda de Ronda\" \/>\n<meta property=\"article:publisher\" content=\"https:\/\/www.facebook.com\/plazadetorosronda\" \/>\n<meta property=\"article:published_time\" content=\"2022-08-05T09:31:49+00:00\" \/>\n<meta property=\"article:modified_time\" content=\"2025-04-04T08:53:13+00:00\" \/>\n<meta property=\"og:image\" content=\"https:\/\/www.rmcr.org\/wp-content\/uploads\/2022\/10\/destacada-3.jpg\" \/>\n\t<meta property=\"og:image:width\" content=\"1166\" \/>\n\t<meta property=\"og:image:height\" content=\"484\" \/>\n\t<meta property=\"og:image:type\" content=\"image\/jpeg\" \/>\n<meta name=\"author\" content=\"ARCHIVO\" \/>\n<meta name=\"twitter:card\" content=\"summary_large_image\" \/>\n<meta name=\"twitter:creator\" content=\"@PlazatorosRMR\" \/>\n<meta name=\"twitter:site\" content=\"@PlazatorosRMR\" \/>\n<meta name=\"twitter:label1\" content=\"Written by\" \/>\n\t<meta name=\"twitter:data1\" content=\"ARCHIVO\" \/>\n\t<meta name=\"twitter:label2\" content=\"Est. reading time\" \/>\n\t<meta name=\"twitter:data2\" content=\"10 minutes\" \/>\n<script type=\"application\/ld+json\" class=\"yoast-schema-graph\">{\"@context\":\"https:\\\/\\\/schema.org\",\"@graph\":[{\"@type\":\"Article\",\"@id\":\"https:\\\/\\\/www.rmcr.org\\\/en\\\/2022\\\/08\\\/05\\\/agosto-de-1833-ronda-se-engalana\\\/#article\",\"isPartOf\":{\"@id\":\"https:\\\/\\\/www.rmcr.org\\\/en\\\/2022\\\/08\\\/05\\\/agosto-de-1833-ronda-se-engalana\\\/\"},\"author\":{\"name\":\"ARCHIVO\",\"@id\":\"https:\\\/\\\/www.rmcr.org\\\/en\\\/#\\\/schema\\\/person\\\/f182f13b406ff40dd281a5ecca93380e\"},\"headline\":\"Agosto de 1833, Ronda se engalana.\",\"datePublished\":\"2022-08-05T09:31:49+00:00\",\"dateModified\":\"2025-04-04T08:53:13+00:00\",\"mainEntityOfPage\":{\"@id\":\"https:\\\/\\\/www.rmcr.org\\\/en\\\/2022\\\/08\\\/05\\\/agosto-de-1833-ronda-se-engalana\\\/\"},\"wordCount\":2035,\"commentCount\":0,\"publisher\":{\"@id\":\"https:\\\/\\\/www.rmcr.org\\\/en\\\/#organization\"},\"image\":{\"@id\":\"https:\\\/\\\/www.rmcr.org\\\/en\\\/2022\\\/08\\\/05\\\/agosto-de-1833-ronda-se-engalana\\\/#primaryimage\"},\"thumbnailUrl\":\"https:\\\/\\\/www.rmcr.org\\\/wp-content\\\/uploads\\\/2022\\\/10\\\/destacada-3.jpg\",\"keywords\":[\"Archivo\",\"Fondos documentales\",\"Isabel II\"],\"articleSection\":[\"Archivo\",\"Documentos Archivo RMR\"],\"inLanguage\":\"en-US\",\"potentialAction\":[{\"@type\":\"CommentAction\",\"name\":\"Comment\",\"target\":[\"https:\\\/\\\/www.rmcr.org\\\/en\\\/2022\\\/08\\\/05\\\/agosto-de-1833-ronda-se-engalana\\\/#respond\"]}]},{\"@type\":\"WebPage\",\"@id\":\"https:\\\/\\\/www.rmcr.org\\\/en\\\/2022\\\/08\\\/05\\\/agosto-de-1833-ronda-se-engalana\\\/\",\"url\":\"https:\\\/\\\/www.rmcr.org\\\/en\\\/2022\\\/08\\\/05\\\/agosto-de-1833-ronda-se-engalana\\\/\",\"name\":\"Agosto de 1833, Ronda se engalana. - Real Maestranza de Caballer\u00eda de Ronda\",\"isPartOf\":{\"@id\":\"https:\\\/\\\/www.rmcr.org\\\/en\\\/#website\"},\"primaryImageOfPage\":{\"@id\":\"https:\\\/\\\/www.rmcr.org\\\/en\\\/2022\\\/08\\\/05\\\/agosto-de-1833-ronda-se-engalana\\\/#primaryimage\"},\"image\":{\"@id\":\"https:\\\/\\\/www.rmcr.org\\\/en\\\/2022\\\/08\\\/05\\\/agosto-de-1833-ronda-se-engalana\\\/#primaryimage\"},\"thumbnailUrl\":\"https:\\\/\\\/www.rmcr.org\\\/wp-content\\\/uploads\\\/2022\\\/10\\\/destacada-3.jpg\",\"datePublished\":\"2022-08-05T09:31:49+00:00\",\"dateModified\":\"2025-04-04T08:53:13+00:00\",\"breadcrumb\":{\"@id\":\"https:\\\/\\\/www.rmcr.org\\\/en\\\/2022\\\/08\\\/05\\\/agosto-de-1833-ronda-se-engalana\\\/#breadcrumb\"},\"inLanguage\":\"en-US\",\"potentialAction\":[{\"@type\":\"ReadAction\",\"target\":[\"https:\\\/\\\/www.rmcr.org\\\/en\\\/2022\\\/08\\\/05\\\/agosto-de-1833-ronda-se-engalana\\\/\"]}]},{\"@type\":\"ImageObject\",\"inLanguage\":\"en-US\",\"@id\":\"https:\\\/\\\/www.rmcr.org\\\/en\\\/2022\\\/08\\\/05\\\/agosto-de-1833-ronda-se-engalana\\\/#primaryimage\",\"url\":\"https:\\\/\\\/www.rmcr.org\\\/wp-content\\\/uploads\\\/2022\\\/10\\\/destacada-3.jpg\",\"contentUrl\":\"https:\\\/\\\/www.rmcr.org\\\/wp-content\\\/uploads\\\/2022\\\/10\\\/destacada-3.jpg\",\"width\":1166,\"height\":484},{\"@type\":\"BreadcrumbList\",\"@id\":\"https:\\\/\\\/www.rmcr.org\\\/en\\\/2022\\\/08\\\/05\\\/agosto-de-1833-ronda-se-engalana\\\/#breadcrumb\",\"itemListElement\":[{\"@type\":\"ListItem\",\"position\":1,\"name\":\"REAL MAESTRANZA DE CABALLER\u00cdA DE RONDA\",\"item\":\"https:\\\/\\\/www.rmcr.org\\\/en\\\/\"},{\"@type\":\"ListItem\",\"position\":2,\"name\":\"Agosto de 1833, Ronda se engalana.\"}]},{\"@type\":\"WebSite\",\"@id\":\"https:\\\/\\\/www.rmcr.org\\\/en\\\/#website\",\"url\":\"https:\\\/\\\/www.rmcr.org\\\/en\\\/\",\"name\":\"Real Maestranza de Caballer\u00eda de Ronda\",\"description\":\"Real Maestranza de Caballer\u00eda de Ronda\",\"publisher\":{\"@id\":\"https:\\\/\\\/www.rmcr.org\\\/en\\\/#organization\"},\"alternateName\":\"RMCR\",\"potentialAction\":[{\"@type\":\"SearchAction\",\"target\":{\"@type\":\"EntryPoint\",\"urlTemplate\":\"https:\\\/\\\/www.rmcr.org\\\/en\\\/?s={search_term_string}\"},\"query-input\":{\"@type\":\"PropertyValueSpecification\",\"valueRequired\":true,\"valueName\":\"search_term_string\"}}],\"inLanguage\":\"en-US\"},{\"@type\":\"Organization\",\"@id\":\"https:\\\/\\\/www.rmcr.org\\\/en\\\/#organization\",\"name\":\"Real Maestranza de Caballer\u00eda de Ronda\",\"alternateName\":\"RMR\",\"url\":\"https:\\\/\\\/www.rmcr.org\\\/en\\\/\",\"logo\":{\"@type\":\"ImageObject\",\"inLanguage\":\"en-US\",\"@id\":\"https:\\\/\\\/www.rmcr.org\\\/en\\\/#\\\/schema\\\/logo\\\/image\\\/\",\"url\":\"https:\\\/\\\/www.rmcr.org\\\/wp-content\\\/uploads\\\/2022\\\/07\\\/logo-rmr-blue.svg\",\"contentUrl\":\"https:\\\/\\\/www.rmcr.org\\\/wp-content\\\/uploads\\\/2022\\\/07\\\/logo-rmr-blue.svg\",\"width\":131,\"height\":129,\"caption\":\"Real Maestranza de Caballer\u00eda de Ronda\"},\"image\":{\"@id\":\"https:\\\/\\\/www.rmcr.org\\\/en\\\/#\\\/schema\\\/logo\\\/image\\\/\"},\"sameAs\":[\"https:\\\/\\\/www.facebook.com\\\/plazadetorosronda\",\"https:\\\/\\\/x.com\\\/PlazatorosRMR\",\"https:\\\/\\\/www.instagram.com\\\/realmaestranzaderonda\\\/\",\"https:\\\/\\\/www.youtube.com\\\/channel\\\/UCrbO5IUN-8v_QML739vM4zg\\\/videos\"]},{\"@type\":\"Person\",\"@id\":\"https:\\\/\\\/www.rmcr.org\\\/en\\\/#\\\/schema\\\/person\\\/f182f13b406ff40dd281a5ecca93380e\",\"name\":\"ARCHIVO\",\"image\":{\"@type\":\"ImageObject\",\"inLanguage\":\"en-US\",\"@id\":\"https:\\\/\\\/www.rmcr.org\\\/wp-content\\\/uploads\\\/2022\\\/11\\\/avatar-rmcr-96x96.png\",\"url\":\"https:\\\/\\\/www.rmcr.org\\\/wp-content\\\/uploads\\\/2022\\\/11\\\/avatar-rmcr-96x96.png\",\"contentUrl\":\"https:\\\/\\\/www.rmcr.org\\\/wp-content\\\/uploads\\\/2022\\\/11\\\/avatar-rmcr-96x96.png\",\"caption\":\"ARCHIVO\"},\"url\":\"https:\\\/\\\/www.rmcr.org\\\/en\\\/author\\\/francisco-rosales\\\/\"}]}<\/script>\n<!-- \/ Yoast SEO plugin. -->","yoast_head_json":{"title":"Agosto de 1833, Ronda se engalana. - Real Maestranza de Caballer\u00eda de Ronda","robots":{"index":"index","follow":"follow","max-snippet":"max-snippet:-1","max-image-preview":"max-image-preview:large","max-video-preview":"max-video-preview:-1"},"canonical":"https:\/\/www.rmcr.org\/en\/2022\/08\/05\/agosto-de-1833-ronda-se-engalana\/","og_locale":"en_US","og_type":"article","og_title":"Agosto de 1833, Ronda se engalana. - Real Maestranza de Caballer\u00eda de Ronda","og_description":"Documentos en el Archivo de la RMR, 40 &#8211; 2022 1833 es un a\u00f1o crucial en la Historia de Espa\u00f1a. El panorama pol\u00edtico nacional estaba marcado por las tensiones entre los absolutistas con el Infante Don Carlos y los movimientos liberales. El 30 de septiembre fallece el rey Fernando VII, dejando como heredera a Mar\u00eda [&hellip;]","og_url":"https:\/\/www.rmcr.org\/en\/2022\/08\/05\/agosto-de-1833-ronda-se-engalana\/","og_site_name":"Real Maestranza de Caballer\u00eda de Ronda","article_publisher":"https:\/\/www.facebook.com\/plazadetorosronda","article_published_time":"2022-08-05T09:31:49+00:00","article_modified_time":"2025-04-04T08:53:13+00:00","og_image":[{"width":1166,"height":484,"url":"https:\/\/www.rmcr.org\/wp-content\/uploads\/2022\/10\/destacada-3.jpg","type":"image\/jpeg"}],"author":"ARCHIVO","twitter_card":"summary_large_image","twitter_creator":"@PlazatorosRMR","twitter_site":"@PlazatorosRMR","twitter_misc":{"Written by":"ARCHIVO","Est. reading time":"10 minutes"},"schema":{"@context":"https:\/\/schema.org","@graph":[{"@type":"Article","@id":"https:\/\/www.rmcr.org\/en\/2022\/08\/05\/agosto-de-1833-ronda-se-engalana\/#article","isPartOf":{"@id":"https:\/\/www.rmcr.org\/en\/2022\/08\/05\/agosto-de-1833-ronda-se-engalana\/"},"author":{"name":"ARCHIVO","@id":"https:\/\/www.rmcr.org\/en\/#\/schema\/person\/f182f13b406ff40dd281a5ecca93380e"},"headline":"Agosto de 1833, Ronda se engalana.","datePublished":"2022-08-05T09:31:49+00:00","dateModified":"2025-04-04T08:53:13+00:00","mainEntityOfPage":{"@id":"https:\/\/www.rmcr.org\/en\/2022\/08\/05\/agosto-de-1833-ronda-se-engalana\/"},"wordCount":2035,"commentCount":0,"publisher":{"@id":"https:\/\/www.rmcr.org\/en\/#organization"},"image":{"@id":"https:\/\/www.rmcr.org\/en\/2022\/08\/05\/agosto-de-1833-ronda-se-engalana\/#primaryimage"},"thumbnailUrl":"https:\/\/www.rmcr.org\/wp-content\/uploads\/2022\/10\/destacada-3.jpg","keywords":["Archivo","Fondos documentales","Isabel II"],"articleSection":["Archivo","Documentos Archivo RMR"],"inLanguage":"en-US","potentialAction":[{"@type":"CommentAction","name":"Comment","target":["https:\/\/www.rmcr.org\/en\/2022\/08\/05\/agosto-de-1833-ronda-se-engalana\/#respond"]}]},{"@type":"WebPage","@id":"https:\/\/www.rmcr.org\/en\/2022\/08\/05\/agosto-de-1833-ronda-se-engalana\/","url":"https:\/\/www.rmcr.org\/en\/2022\/08\/05\/agosto-de-1833-ronda-se-engalana\/","name":"Agosto de 1833, Ronda se engalana. - Real Maestranza de Caballer\u00eda de Ronda","isPartOf":{"@id":"https:\/\/www.rmcr.org\/en\/#website"},"primaryImageOfPage":{"@id":"https:\/\/www.rmcr.org\/en\/2022\/08\/05\/agosto-de-1833-ronda-se-engalana\/#primaryimage"},"image":{"@id":"https:\/\/www.rmcr.org\/en\/2022\/08\/05\/agosto-de-1833-ronda-se-engalana\/#primaryimage"},"thumbnailUrl":"https:\/\/www.rmcr.org\/wp-content\/uploads\/2022\/10\/destacada-3.jpg","datePublished":"2022-08-05T09:31:49+00:00","dateModified":"2025-04-04T08:53:13+00:00","breadcrumb":{"@id":"https:\/\/www.rmcr.org\/en\/2022\/08\/05\/agosto-de-1833-ronda-se-engalana\/#breadcrumb"},"inLanguage":"en-US","potentialAction":[{"@type":"ReadAction","target":["https:\/\/www.rmcr.org\/en\/2022\/08\/05\/agosto-de-1833-ronda-se-engalana\/"]}]},{"@type":"ImageObject","inLanguage":"en-US","@id":"https:\/\/www.rmcr.org\/en\/2022\/08\/05\/agosto-de-1833-ronda-se-engalana\/#primaryimage","url":"https:\/\/www.rmcr.org\/wp-content\/uploads\/2022\/10\/destacada-3.jpg","contentUrl":"https:\/\/www.rmcr.org\/wp-content\/uploads\/2022\/10\/destacada-3.jpg","width":1166,"height":484},{"@type":"BreadcrumbList","@id":"https:\/\/www.rmcr.org\/en\/2022\/08\/05\/agosto-de-1833-ronda-se-engalana\/#breadcrumb","itemListElement":[{"@type":"ListItem","position":1,"name":"REAL MAESTRANZA DE CABALLER\u00cdA DE RONDA","item":"https:\/\/www.rmcr.org\/en\/"},{"@type":"ListItem","position":2,"name":"Agosto de 1833, Ronda se engalana."}]},{"@type":"WebSite","@id":"https:\/\/www.rmcr.org\/en\/#website","url":"https:\/\/www.rmcr.org\/en\/","name":"Real Maestranza de Caballer\u00eda de Ronda","description":"Real Maestranza de Caballer\u00eda de Ronda","publisher":{"@id":"https:\/\/www.rmcr.org\/en\/#organization"},"alternateName":"RMCR","potentialAction":[{"@type":"SearchAction","target":{"@type":"EntryPoint","urlTemplate":"https:\/\/www.rmcr.org\/en\/?s={search_term_string}"},"query-input":{"@type":"PropertyValueSpecification","valueRequired":true,"valueName":"search_term_string"}}],"inLanguage":"en-US"},{"@type":"Organization","@id":"https:\/\/www.rmcr.org\/en\/#organization","name":"Real Maestranza de Caballer\u00eda de Ronda","alternateName":"RMR","url":"https:\/\/www.rmcr.org\/en\/","logo":{"@type":"ImageObject","inLanguage":"en-US","@id":"https:\/\/www.rmcr.org\/en\/#\/schema\/logo\/image\/","url":"https:\/\/www.rmcr.org\/wp-content\/uploads\/2022\/07\/logo-rmr-blue.svg","contentUrl":"https:\/\/www.rmcr.org\/wp-content\/uploads\/2022\/07\/logo-rmr-blue.svg","width":131,"height":129,"caption":"Real Maestranza de Caballer\u00eda de Ronda"},"image":{"@id":"https:\/\/www.rmcr.org\/en\/#\/schema\/logo\/image\/"},"sameAs":["https:\/\/www.facebook.com\/plazadetorosronda","https:\/\/x.com\/PlazatorosRMR","https:\/\/www.instagram.com\/realmaestranzaderonda\/","https:\/\/www.youtube.com\/channel\/UCrbO5IUN-8v_QML739vM4zg\/videos"]},{"@type":"Person","@id":"https:\/\/www.rmcr.org\/en\/#\/schema\/person\/f182f13b406ff40dd281a5ecca93380e","name":"ARCHIVO","image":{"@type":"ImageObject","inLanguage":"en-US","@id":"https:\/\/www.rmcr.org\/wp-content\/uploads\/2022\/11\/avatar-rmcr-96x96.png","url":"https:\/\/www.rmcr.org\/wp-content\/uploads\/2022\/11\/avatar-rmcr-96x96.png","contentUrl":"https:\/\/www.rmcr.org\/wp-content\/uploads\/2022\/11\/avatar-rmcr-96x96.png","caption":"ARCHIVO"},"url":"https:\/\/www.rmcr.org\/en\/author\/francisco-rosales\/"}]}},"_links":{"self":[{"href":"https:\/\/www.rmcr.org\/en\/wp-json\/wp\/v2\/posts\/6319","targetHints":{"allow":["GET"]}}],"collection":[{"href":"https:\/\/www.rmcr.org\/en\/wp-json\/wp\/v2\/posts"}],"about":[{"href":"https:\/\/www.rmcr.org\/en\/wp-json\/wp\/v2\/types\/post"}],"author":[{"embeddable":true,"href":"https:\/\/www.rmcr.org\/en\/wp-json\/wp\/v2\/users\/3"}],"replies":[{"embeddable":true,"href":"https:\/\/www.rmcr.org\/en\/wp-json\/wp\/v2\/comments?post=6319"}],"version-history":[{"count":2,"href":"https:\/\/www.rmcr.org\/en\/wp-json\/wp\/v2\/posts\/6319\/revisions"}],"predecessor-version":[{"id":12176,"href":"https:\/\/www.rmcr.org\/en\/wp-json\/wp\/v2\/posts\/6319\/revisions\/12176"}],"wp:featuredmedia":[{"embeddable":true,"href":"https:\/\/www.rmcr.org\/en\/wp-json\/wp\/v2\/media\/11866"}],"wp:attachment":[{"href":"https:\/\/www.rmcr.org\/en\/wp-json\/wp\/v2\/media?parent=6319"}],"wp:term":[{"taxonomy":"category","embeddable":true,"href":"https:\/\/www.rmcr.org\/en\/wp-json\/wp\/v2\/categories?post=6319"},{"taxonomy":"post_tag","embeddable":true,"href":"https:\/\/www.rmcr.org\/en\/wp-json\/wp\/v2\/tags?post=6319"}],"curies":[{"name":"wp","href":"https:\/\/api.w.org\/{rel}","templated":true}]}}