{"id":6308,"date":"2021-12-17T10:44:28","date_gmt":"2021-12-17T10:44:28","guid":{"rendered":"https:\/\/www.rmcr.org\/?p=6308"},"modified":"2025-04-04T11:43:58","modified_gmt":"2025-04-04T11:43:58","slug":"feliz-navidad-y-ano-nuevo","status":"publish","type":"post","link":"https:\/\/www.rmcr.org\/en\/2021\/12\/17\/feliz-navidad-y-ano-nuevo\/","title":{"rendered":"Feliz Navidad y A\u00f1o Nuevo 2022"},"content":{"rendered":"\n<p>Documentos en el Archivo de la RMR 2021 &#8211; 35<\/p>\n\n\n\n<p class=\"has-text-align-justify\">Es costumbre en la Real Maestranza de Caballer\u00eda de Ronda (RMR), felicitar la Navidad y desear, lo mejor, para el A\u00f1o Nuevo con un Christmas, ilustrado con una imagen de una pieza de la colecci\u00f3n o de los fondos bibliogr\u00e1ficos y documentales propios, habitualmente, poco conocida y relacionada con la instituci\u00f3n, su historia, funciones o la ciudad de Ronda.<\/p>\n\n\n\n<p class=\"has-text-align-justify\">Es por ello, que acostumbramos a realizar una entrada en el blog y redes sociales, para dar a conocer otros aspectos de la imagen elegida para el Christmas navide\u00f1o, de ah\u00ed, esta entrada en el blog de cultura de la RMR.<\/p>\n\n\n\n<p class=\"has-text-align-justify\">Este a\u00f1o la imagen seleccionada se trata, de una p\u00e1gina de la <strong>Ejecutoria de Hidalgu\u00eda en propiedad y a pedimento de Antonio de Oro Campo, vecino y alf\u00e9rez mayor de la villa de Carri\u00f3n de los Condes, despachada en Valladolid a 5 de septiembre de 1579<\/strong>. Documento perteneciente al Fondo de Colecci\u00f3n documental, secci\u00f3n Genealog\u00eda y Her\u00e1ldica.<\/p>\n\n\n\n<p class=\"has-text-align-justify\">Algunos de estos documentos, como es el caso, tienen un alto valor art\u00edstico por su profusi\u00f3n y riqueza decorativa en sus diferentes p\u00e1ginas. Pero tambi\u00e9n son fuentes de informaci\u00f3n, de primer orden, para el conocimiento y la investigaci\u00f3n en genealog\u00eda, her\u00e1ldica e historia familiar, gracias, a los diferentes instrumentos que insertan en sus p\u00e1ginas.<\/p>\n\n\n\n<p><strong><span class=\"uppercase\">Reconocimiento de nobleza o hidalgu\u00eda<\/span><\/strong><\/p>\n\n\n\n<p class=\"has-text-align-justify\">Las ejecutorias de hidalgu\u00eda son el final de un proceso judicial, en el que se reconoce la condici\u00f3n social de hidalgo de una persona. Aspecto que en el Antiguo R\u00e9gimen no era balad\u00ed, ya que, poseer una sentencia favorable de tal condici\u00f3n, supon\u00eda una serie de ventajas, a las que no pod\u00edan acceder los pecheros, el pueblo llano. Estas, consist\u00edan en exenciones fiscales, privilegios judiciales en pleitos que pod\u00edan afectar al patrimonio: como deudas, embargos\u2026etc., a parte, del estatus social que confer\u00eda la condici\u00f3n de hidalgu\u00eda o nobleza, aunque fuese baja nobleza. Suficientes motivaciones para que una persona interpusiese una demanda al concejo de la villa en la que resid\u00eda.<\/p>\n\n\n\n<figure class=\"wp-block-image aligncenter size-large is-resized\"><a href=\"https:\/\/www.rmcr.org\/2021\/12\/blq-ii-pl7-c1-141.jpg\"><img fetchpriority=\"high\" decoding=\"async\" src=\"https:\/\/www.rmcr.org\/wp-content\/uploads\/2021\/12\/blq-ii-pl7-c1-141.jpg?w=724\" alt=\"\" class=\"wp-image-4135\" width=\"474\" height=\"670\"\/><\/a><\/figure>\n\n\n\n<p class=\"has-text-align-justify\">Estos pleitos se desarrollaban en los tribunales de las salas de hijosdalgo en las Reales Chanciller\u00edas de Valladolid y Granada. En el caso que nos ocupa, en la primera ciudad, Antonio de Oro Campo o Doro Campo, (aparece as\u00ed abreviado en el documento), vecino de Carri\u00f3n de los Condes, fue excluido de la refacci\u00f3n de la sisa, es decir, no lo incluyeron en las listas de exentos del padr\u00f3n de dicho impuesto. No reconoci\u00e9ndose  su condici\u00f3n de hijosdalgo y s\u00ed la obligaci\u00f3n del pago de la sisa. Como hemos visto en otras entradas anteriores referidas a los <a rel=\"noreferrer noopener\" https:\/\/www.rmcr.org\/2021\/04\/09\/fuentes-de-investigacion-genealogicas-padrones-de-poblacion\/\" target=\"_blank\">padrones<\/a>, estos ten\u00edan una funci\u00f3n eminentemente fiscal, distinguiendo a unos vecinos por su estamento social, generalmente, pecheros y no pecheros.<\/p>\n\n\n\n<p class=\"has-text-align-justify\">As\u00ed el 18 de abril de 1573, en su nombre el procurador, Diego de Cascajares, present\u00f3 una demanda contra la villa de Carri\u00f3n&nbsp; y <em>\u201c\u2026dijo que siendo como lo hera el dicho su parte hombre hijodalgo notorio de padre abuelo y bisabuelo y rebisabuelo y de solar conocido y de debe[n]gar quinientos sueldos seg\u00fan fuero de Espa\u00f1a y estando como avian estado de tiempo inmemorial&nbsp; aquella parte el dicho su parte y los dlos sus padre abuelo y bisabuelo y rebisabuelo y cada uno de ellos en su tiempo e los lugares do[n]de avian vivido y morado y tenido bienes y hazienda en tal posesi\u00f3n y reputaci\u00f3n de hombres hijosdalgo y de solar conocido y de no pechar pagar ni contribuir en pechos\u2026\u201c.<\/em><\/p>\n\n\n\n<figure class=\"wp-block-image aligncenter size-large is-resized\"><a href=\"https:\/\/www.rmcr.org\/2021\/12\/blq-ii-pl7-c1-9-1.jpg\"><img decoding=\"async\" src=\"https:\/\/www.rmcr.org\/wp-content\/uploads\/2021\/12\/blq-ii-pl7-c1-9-1.jpg?w=716\" alt=\"\" class=\"wp-image-4147\" width=\"-180\" height=\"-258\"\/><\/a><\/figure>\n\n\n\n<p class=\"has-text-align-justify\">Se iniciaba un proceso de varios a\u00f1os, cuya clave es indagar, a trav\u00e9s de probanzas y testificaciones, si el demandante ten\u00eda tal condici\u00f3n de nobleza. Generalmente, estas \u00faltimas se incluyen en el documento, otorgando a esta tipolog\u00eda documental la condici\u00f3n de fuente geneal\u00f3gica, adem\u00e1s de ofrecer informaciones de la historia y antig\u00fcedad del linaje. Las probanzas de este documento, que son abundantes y cuyos testigos fueron de la villas de Mondrag\u00f3n, Carri\u00f3n, Melgar de Fernamental, &nbsp;Helgueta y Herrera, nos informan que, este linaje era originario de la villa de Mondrag\u00f3n, de la Casa y Solar de Oro o Doro, de notorios hijosdalgo, por l\u00ednea recta de var\u00f3n con el mismo apellido y con asiento principal en la iglesia de San Juan de dicha villa. Entre estos testigos, estuvo el bachiller, Francisco L\u00f3pez Doro, se\u00f1or actual de la casa y Solar de Oro, en Mondrag\u00f3n, el cual dijo que Juan S\u00e1nchez Doro, bisabuelo del litigante, al cual no conoc\u00eda, ni ten\u00eda inter\u00e9s alguno en la causa, era hermano de su abuelo Mart\u00edn L\u00f3pez Doro. Juan S\u00e1nchez, el mayor de los hermanos, se fue a servir al Conde de Benavente y se hab\u00eda casado en la villa de Carri\u00f3n de los Condes, donde se asent\u00f3. De aqu\u00ed la l\u00ednea geneal\u00f3gica de Antonio Doro Campo, hijo de Juan Doro Campo y Catalina de Castro.<\/p>\n\n\n\n<p class=\"has-text-align-justify\">El tribunal tras conocer las pruebas dictaba sentencia, inserta en el documento, y se despachaba una real provisi\u00f3n de ejecutoria de hidalgu\u00eda. En caso de ser favorable al litigante, como la actual, el beneficiario solicitaba un documento solemne.<\/p>\n\n\n\n<figure class=\"wp-block-image aligncenter size-large is-resized\"><a href=\"https:\/\/www.rmcr.org\/2021\/12\/blq-ii-pl7-c1-144.jpg\"><img decoding=\"async\" src=\"https:\/\/www.rmcr.org\/wp-content\/uploads\/2021\/12\/blq-ii-pl7-c1-144.jpg?w=674\" alt=\"\" class=\"wp-image-4137\" width=\"-154\" height=\"-235\"\/><\/a><\/figure>\n\n\n\n<p class=\"has-text-align-justify\">Se llevaba a los talleres especializados en la decoraci\u00f3n de documentos y libros, donde se copiaba, en un soporte m\u00e1s suntuoso, normalmente pergamino, como el que presentamos. Sus p\u00e1ginas tendr\u00e1n una caja de escritura con una caligraf\u00eda ornamental, tintas doradas y con gran riqueza de elementos miniados, letras capitales, orlas vegetales, escudos her\u00e1ldicos, retratos de los demandantes\u2026etc. Este documento no solo era la prueba oficial y judicial que acreditaba la nobleza de una persona, adem\u00e1s, era un objeto para ser ense\u00f1ado y mostrado, como s\u00edmbolo del estatus social de un linaje. Finalmente, una rica encuadernaci\u00f3n, de la que pend\u00eda el sello de plomo, elemento que normalmente no suele conservarse, aunque en este caso s\u00ed que ha llegado hasta nosotros, pero sin estar pendiente del mismo documento.<\/p>\n\n\n\n<p><strong><span class=\"uppercase\">La decoraci\u00f3n<\/span><\/strong><\/p>\n\n\n\n<p class=\"has-text-align-justify\">El aspecto simb\u00f3lico del documento se presenta y desarrolla a trav\u00e9s de la rica ornamentaci\u00f3n, que tambi\u00e9n, pone de manifest\u00f3 el nivel econ\u00f3mico de la persona que las encargaba, al tratarse de un trabajo con un alto precio. Como ya se ha apuntado, confluyen diferentes elementos: la her\u00e1ldica, la religi\u00f3n, las miniaturas, caligraf\u00eda, las orlas, decoraci\u00f3n miniada, letras capitales, figuras\u2026etc.<\/p>\n\n\n\n<p><strong>Her\u00e1ldica<\/strong><\/p>\n\n\n\n<p class=\"has-text-align-justify\">Los escudos de armas son muy habituales en estos documentos, ya que, son el elemento m\u00e1s representativo de la nobleza y su uso deb\u00eda estar certificado, es decir, era privativo de esta clase social. Pero, entendido, como escudo de un linaje, no del apellido de la persona en particular. Uno de los objetivos de este documento, es dejar claro los valores y virtudes del linaje: antig\u00fcedad, nobleza, valor, cristianos viejos\u2026etc. De ah\u00ed que haya m\u00faltiples alusiones en el texto, a la l\u00ednea directa de var\u00f3n, aspceto que los testigos puntualizan en sus respuestas.<\/p>\n\n\n\n<p class=\"has-text-align-justify\">En las probanzas, uno de los testigos, habla sobre la casa de este linaje en la villa de Mondrag\u00f3n, hab\u00eda sido casa antiqu\u00edsima y gran edificio, con su torre y escudo de armas sobre una puerta en la calle principal de la villa pero, sufri\u00f3 un incendio y, en estas el escudo no se reconoc\u00eda, aunque lo describ\u00eda como: partido por la mitad en campo verde y en el nueve oros y la otra mitad de campo colorado y en \u00e9l una paloma y letrero de bajo de ella, que dice: cola, y por orla, en campo verde diecis\u00e9is oros, tal y como se representa en las primeras p\u00e1ginas del documento, en la parte inferior, escudo con lambrequ\u00edn, enmarcado con un fin\u00edsima orla y flanqueado por dos columnas con decoraci\u00f3n renacentista, que por otro lado, junto a la de candelieri, es propio de este tipo de documentos del siglo XVI.<\/p>\n\n\n\n<figure class=\"wp-block-image aligncenter size-large is-resized\"><a href=\"https:\/\/www.rmcr.org\/2021\/12\/blq-ii-pl7-c1-7.jpg\"><img decoding=\"async\" src=\"https:\/\/www.rmcr.org\/wp-content\/uploads\/2021\/12\/blq-ii-pl7-c1-7.jpg?w=671\" alt=\"\" class=\"wp-image-4139\" width=\"453\" height=\"692\"\/><\/a><\/figure>\n\n\n\n<p><strong>Religi\u00f3n y programas iconogr\u00e1ficos<\/strong><\/p>\n\n\n\n<p class=\"has-text-align-justify\">Las alusiones a la Fe y el fervor religioso de la familia est\u00e1n presentes en las p\u00e1ginas m\u00e1s lujosas del documento. A trav\u00e9s de diferentes miniaturas de bella factura, dispuestas en escenas principales y en cartelas decoradas con orlas, como se observa, en la escena superior. La actitud orante ante la Cruz de Antonio Doro Campo y su padre (aspecto que se intuye), ya que, no se hace referencia en el documento a la descendencia del litigante. En esta escena llama la atenci\u00f3n, la riqueza, finura y detalle del paisaje de fondo, habr\u00eda que investigar s\u00ed, se trata de la villa de Carri\u00f3n o es un fondo simb\u00f3lico, al que acompa\u00f1a el lema: protege, salva, bendice y santifica.<\/p>\n\n\n\n<p class=\"has-text-align-justify\">En la p\u00e1gina siguiente, la elegida para el Christmas, se desarrolla a\u00fan m\u00e1s el programa religioso, a la par, que la profusi\u00f3n decorativa vegetal y el refinamiento en todas sus miniaturas, que habla de la calidad del taller que la realiz\u00f3. El elemento central es la her\u00e1ldica, un escudo cuartelado, que podr\u00eda deberse a Antonio Doro Campo y su mujer o en referencia a la l\u00ednea paterna, (punto a investigar), en cualquier caso, m\u00e1s particular y personal que el primero dedicado al linaje. En la parte superior la frase, por la Gracia de Dios,  es parte de la alusi\u00f3n al rey Felipe II, de la p\u00e1gina anterior, &#8220;Don Felipe por la Gracia de Dios&#8221;, con caligraf\u00eda en tinta dorada, de forma vegetal y en la letra capital la figura de un b\u00faho o lechuza, su simbolog\u00eda no est\u00e1 clara, ya que, puede entenderse como sabidur\u00eda e inteligencia o con aspectos mucho m\u00e1s negativos. La escena de la p\u00e1gina est\u00e1 dominada por la imagen de la Virgen con el ni\u00f1o y en la orla exterior estampas de figuras de santos de diferentes \u00f3rdenes religiosas.<\/p>\n\n\n\n<figure class=\"wp-block-image aligncenter size-large is-resized\"><a href=\"https:\/\/www.rmcr.org\/2021\/12\/blq-ii-pl7-c1-8.jpg\"><img decoding=\"async\" src=\"https:\/\/www.rmcr.org\/wp-content\/uploads\/2021\/12\/blq-ii-pl7-c1-8.jpg?w=681\" alt=\"\" class=\"wp-image-4145\" width=\"-541\" height=\"-811\"\/><\/a><figcaption>Imagen del Christmas Navidad 2021<\/figcaption><\/figure>\n\n\n\n<p class=\"has-text-align-justify\">Del nivel superior al inferior y de izquierda a derecha: el primero no est\u00e1 identificado, pero podr\u00eda ser un beato o eremita dominico, por alusi\u00f3n a la cueva del paisaje y por no llevar el nimbo, sigue, San Crist\u00f3bal, Santo Domingo de Guzm\u00e1n, San Francisco, Santiago y el Arc\u00e1ngel San Miguel, con otros anagramas referidos a Jesucristo y la Virgen Mar\u00eda.<\/p>\n\n\n\n<figure class=\"wp-block-image aligncenter size-large is-resized\"><a href=\"https:\/\/www.rmcr.org\/2021\/12\/blq-ii-pl7-c1-168.jpg\"><img decoding=\"async\" src=\"https:\/\/www.rmcr.org\/wp-content\/uploads\/2021\/12\/blq-ii-pl7-c1-168.jpg?w=673\" alt=\"\" class=\"wp-image-4142\" width=\"492\" height=\"748\"\/><\/a><figcaption>Final de la Carta Ejecutoria de Hidalgu\u00eda, 1579<\/figcaption><\/figure>\n\n\n\n<p>Lo dicho, Feliz Navidad y un pr\u00f3spero A\u00f1o Nuevo<\/p>\n","protected":false},"excerpt":{"rendered":"<p>Documentos en el Archivo de la RMR 2021 &#8211; 35 Es costumbre en la Real Maestranza de Caballer\u00eda de Ronda (RMR), felicitar la Navidad y desear, lo mejor, para el A\u00f1o Nuevo con un Christmas, ilustrado con una imagen de una pieza de la colecci\u00f3n o de los fondos bibliogr\u00e1ficos y documentales propios, habitualmente, poco [&hellip;]<\/p>\n","protected":false},"author":3,"featured_media":11907,"comment_status":"open","ping_status":"open","sticky":false,"template":"","format":"standard","meta":{"footnotes":""},"categories":[134,512],"tags":[235,225],"class_list":["post-6308","post","type-post","status-publish","format-standard","has-post-thumbnail","hentry","category-archivo","category-documentos-archivos-rmr","tag-archivo","tag-fondos-documentales"],"yoast_head":"<!-- This site is optimized with the Yoast SEO plugin v27.5 - https:\/\/yoast.com\/product\/yoast-seo-wordpress\/ -->\n<title>Feliz Navidad y A\u00f1o Nuevo 2022 - Real Maestranza de Caballer\u00eda de Ronda<\/title>\n<meta name=\"robots\" content=\"index, follow, max-snippet:-1, max-image-preview:large, max-video-preview:-1\" \/>\n<link rel=\"canonical\" href=\"https:\/\/www.rmcr.org\/en\/2021\/12\/17\/feliz-navidad-y-ano-nuevo\/\" \/>\n<meta property=\"og:locale\" content=\"en_US\" \/>\n<meta property=\"og:type\" content=\"article\" \/>\n<meta property=\"og:title\" content=\"Feliz Navidad y A\u00f1o Nuevo 2022 - Real Maestranza de Caballer\u00eda de Ronda\" \/>\n<meta property=\"og:description\" content=\"Documentos en el Archivo de la RMR 2021 &#8211; 35 Es costumbre en la Real Maestranza de Caballer\u00eda de Ronda (RMR), felicitar la Navidad y desear, lo mejor, para el A\u00f1o Nuevo con un Christmas, ilustrado con una imagen de una pieza de la colecci\u00f3n o de los fondos bibliogr\u00e1ficos y documentales propios, habitualmente, poco [&hellip;]\" \/>\n<meta property=\"og:url\" content=\"https:\/\/www.rmcr.org\/en\/2021\/12\/17\/feliz-navidad-y-ano-nuevo\/\" \/>\n<meta property=\"og:site_name\" content=\"Real Maestranza de Caballer\u00eda de Ronda\" \/>\n<meta property=\"article:publisher\" content=\"https:\/\/www.facebook.com\/plazadetorosronda\" \/>\n<meta property=\"article:published_time\" content=\"2021-12-17T10:44:28+00:00\" \/>\n<meta property=\"article:modified_time\" content=\"2025-04-04T11:43:58+00:00\" \/>\n<meta property=\"og:image\" content=\"https:\/\/www.rmcr.org\/wp-content\/uploads\/2022\/10\/destacada-copia.jpg\" \/>\n\t<meta property=\"og:image:width\" content=\"1119\" \/>\n\t<meta property=\"og:image:height\" content=\"465\" \/>\n\t<meta property=\"og:image:type\" content=\"image\/jpeg\" \/>\n<meta name=\"author\" content=\"ARCHIVO\" \/>\n<meta name=\"twitter:card\" content=\"summary_large_image\" \/>\n<meta name=\"twitter:creator\" content=\"@PlazatorosRMR\" \/>\n<meta name=\"twitter:site\" content=\"@PlazatorosRMR\" \/>\n<meta name=\"twitter:label1\" content=\"Written by\" \/>\n\t<meta name=\"twitter:data1\" content=\"ARCHIVO\" \/>\n\t<meta name=\"twitter:label2\" content=\"Est. reading time\" \/>\n\t<meta name=\"twitter:data2\" content=\"2 minutes\" \/>\n<script type=\"application\/ld+json\" class=\"yoast-schema-graph\">{\"@context\":\"https:\\\/\\\/schema.org\",\"@graph\":[{\"@type\":\"Article\",\"@id\":\"https:\\\/\\\/www.rmcr.org\\\/en\\\/2021\\\/12\\\/17\\\/feliz-navidad-y-ano-nuevo\\\/#article\",\"isPartOf\":{\"@id\":\"https:\\\/\\\/www.rmcr.org\\\/en\\\/2021\\\/12\\\/17\\\/feliz-navidad-y-ano-nuevo\\\/\"},\"author\":{\"name\":\"ARCHIVO\",\"@id\":\"https:\\\/\\\/www.rmcr.org\\\/en\\\/#\\\/schema\\\/person\\\/f182f13b406ff40dd281a5ecca93380e\"},\"headline\":\"Feliz Navidad y A\u00f1o Nuevo 2022\",\"datePublished\":\"2021-12-17T10:44:28+00:00\",\"dateModified\":\"2025-04-04T11:43:58+00:00\",\"mainEntityOfPage\":{\"@id\":\"https:\\\/\\\/www.rmcr.org\\\/en\\\/2021\\\/12\\\/17\\\/feliz-navidad-y-ano-nuevo\\\/\"},\"wordCount\":480,\"commentCount\":0,\"publisher\":{\"@id\":\"https:\\\/\\\/www.rmcr.org\\\/en\\\/#organization\"},\"image\":{\"@id\":\"https:\\\/\\\/www.rmcr.org\\\/en\\\/2021\\\/12\\\/17\\\/feliz-navidad-y-ano-nuevo\\\/#primaryimage\"},\"thumbnailUrl\":\"https:\\\/\\\/www.rmcr.org\\\/wp-content\\\/uploads\\\/2022\\\/10\\\/destacada-copia.jpg\",\"keywords\":[\"Archivo\",\"Fondos documentales\"],\"articleSection\":[\"Archivo\",\"Documentos Archivo RMR\"],\"inLanguage\":\"en-US\",\"potentialAction\":[{\"@type\":\"CommentAction\",\"name\":\"Comment\",\"target\":[\"https:\\\/\\\/www.rmcr.org\\\/en\\\/2021\\\/12\\\/17\\\/feliz-navidad-y-ano-nuevo\\\/#respond\"]}]},{\"@type\":\"WebPage\",\"@id\":\"https:\\\/\\\/www.rmcr.org\\\/en\\\/2021\\\/12\\\/17\\\/feliz-navidad-y-ano-nuevo\\\/\",\"url\":\"https:\\\/\\\/www.rmcr.org\\\/en\\\/2021\\\/12\\\/17\\\/feliz-navidad-y-ano-nuevo\\\/\",\"name\":\"Feliz Navidad y A\u00f1o Nuevo 2022 - Real Maestranza de Caballer\u00eda de Ronda\",\"isPartOf\":{\"@id\":\"https:\\\/\\\/www.rmcr.org\\\/en\\\/#website\"},\"primaryImageOfPage\":{\"@id\":\"https:\\\/\\\/www.rmcr.org\\\/en\\\/2021\\\/12\\\/17\\\/feliz-navidad-y-ano-nuevo\\\/#primaryimage\"},\"image\":{\"@id\":\"https:\\\/\\\/www.rmcr.org\\\/en\\\/2021\\\/12\\\/17\\\/feliz-navidad-y-ano-nuevo\\\/#primaryimage\"},\"thumbnailUrl\":\"https:\\\/\\\/www.rmcr.org\\\/wp-content\\\/uploads\\\/2022\\\/10\\\/destacada-copia.jpg\",\"datePublished\":\"2021-12-17T10:44:28+00:00\",\"dateModified\":\"2025-04-04T11:43:58+00:00\",\"breadcrumb\":{\"@id\":\"https:\\\/\\\/www.rmcr.org\\\/en\\\/2021\\\/12\\\/17\\\/feliz-navidad-y-ano-nuevo\\\/#breadcrumb\"},\"inLanguage\":\"en-US\",\"potentialAction\":[{\"@type\":\"ReadAction\",\"target\":[\"https:\\\/\\\/www.rmcr.org\\\/en\\\/2021\\\/12\\\/17\\\/feliz-navidad-y-ano-nuevo\\\/\"]}]},{\"@type\":\"ImageObject\",\"inLanguage\":\"en-US\",\"@id\":\"https:\\\/\\\/www.rmcr.org\\\/en\\\/2021\\\/12\\\/17\\\/feliz-navidad-y-ano-nuevo\\\/#primaryimage\",\"url\":\"https:\\\/\\\/www.rmcr.org\\\/wp-content\\\/uploads\\\/2022\\\/10\\\/destacada-copia.jpg\",\"contentUrl\":\"https:\\\/\\\/www.rmcr.org\\\/wp-content\\\/uploads\\\/2022\\\/10\\\/destacada-copia.jpg\",\"width\":1119,\"height\":465},{\"@type\":\"BreadcrumbList\",\"@id\":\"https:\\\/\\\/www.rmcr.org\\\/en\\\/2021\\\/12\\\/17\\\/feliz-navidad-y-ano-nuevo\\\/#breadcrumb\",\"itemListElement\":[{\"@type\":\"ListItem\",\"position\":1,\"name\":\"REAL MAESTRANZA DE CABALLER\u00cdA DE RONDA\",\"item\":\"https:\\\/\\\/www.rmcr.org\\\/en\\\/\"},{\"@type\":\"ListItem\",\"position\":2,\"name\":\"Feliz Navidad y A\u00f1o Nuevo 2022\"}]},{\"@type\":\"WebSite\",\"@id\":\"https:\\\/\\\/www.rmcr.org\\\/en\\\/#website\",\"url\":\"https:\\\/\\\/www.rmcr.org\\\/en\\\/\",\"name\":\"Real Maestranza de Caballer\u00eda de Ronda\",\"description\":\"Real Maestranza de Caballer\u00eda de Ronda\",\"publisher\":{\"@id\":\"https:\\\/\\\/www.rmcr.org\\\/en\\\/#organization\"},\"alternateName\":\"RMCR\",\"potentialAction\":[{\"@type\":\"SearchAction\",\"target\":{\"@type\":\"EntryPoint\",\"urlTemplate\":\"https:\\\/\\\/www.rmcr.org\\\/en\\\/?s={search_term_string}\"},\"query-input\":{\"@type\":\"PropertyValueSpecification\",\"valueRequired\":true,\"valueName\":\"search_term_string\"}}],\"inLanguage\":\"en-US\"},{\"@type\":\"Organization\",\"@id\":\"https:\\\/\\\/www.rmcr.org\\\/en\\\/#organization\",\"name\":\"Real Maestranza de Caballer\u00eda de Ronda\",\"alternateName\":\"RMR\",\"url\":\"https:\\\/\\\/www.rmcr.org\\\/en\\\/\",\"logo\":{\"@type\":\"ImageObject\",\"inLanguage\":\"en-US\",\"@id\":\"https:\\\/\\\/www.rmcr.org\\\/en\\\/#\\\/schema\\\/logo\\\/image\\\/\",\"url\":\"https:\\\/\\\/www.rmcr.org\\\/wp-content\\\/uploads\\\/2022\\\/07\\\/logo-rmr-blue.svg\",\"contentUrl\":\"https:\\\/\\\/www.rmcr.org\\\/wp-content\\\/uploads\\\/2022\\\/07\\\/logo-rmr-blue.svg\",\"width\":131,\"height\":129,\"caption\":\"Real Maestranza de Caballer\u00eda de Ronda\"},\"image\":{\"@id\":\"https:\\\/\\\/www.rmcr.org\\\/en\\\/#\\\/schema\\\/logo\\\/image\\\/\"},\"sameAs\":[\"https:\\\/\\\/www.facebook.com\\\/plazadetorosronda\",\"https:\\\/\\\/x.com\\\/PlazatorosRMR\",\"https:\\\/\\\/www.instagram.com\\\/realmaestranzaderonda\\\/\",\"https:\\\/\\\/www.youtube.com\\\/channel\\\/UCrbO5IUN-8v_QML739vM4zg\\\/videos\"]},{\"@type\":\"Person\",\"@id\":\"https:\\\/\\\/www.rmcr.org\\\/en\\\/#\\\/schema\\\/person\\\/f182f13b406ff40dd281a5ecca93380e\",\"name\":\"ARCHIVO\",\"image\":{\"@type\":\"ImageObject\",\"inLanguage\":\"en-US\",\"@id\":\"https:\\\/\\\/www.rmcr.org\\\/wp-content\\\/uploads\\\/2022\\\/11\\\/avatar-rmcr-96x96.png\",\"url\":\"https:\\\/\\\/www.rmcr.org\\\/wp-content\\\/uploads\\\/2022\\\/11\\\/avatar-rmcr-96x96.png\",\"contentUrl\":\"https:\\\/\\\/www.rmcr.org\\\/wp-content\\\/uploads\\\/2022\\\/11\\\/avatar-rmcr-96x96.png\",\"caption\":\"ARCHIVO\"},\"url\":\"https:\\\/\\\/www.rmcr.org\\\/en\\\/author\\\/francisco-rosales\\\/\"}]}<\/script>\n<!-- \/ Yoast SEO plugin. -->","yoast_head_json":{"title":"Feliz Navidad y A\u00f1o Nuevo 2022 - Real Maestranza de Caballer\u00eda de Ronda","robots":{"index":"index","follow":"follow","max-snippet":"max-snippet:-1","max-image-preview":"max-image-preview:large","max-video-preview":"max-video-preview:-1"},"canonical":"https:\/\/www.rmcr.org\/en\/2021\/12\/17\/feliz-navidad-y-ano-nuevo\/","og_locale":"en_US","og_type":"article","og_title":"Feliz Navidad y A\u00f1o Nuevo 2022 - Real Maestranza de Caballer\u00eda de Ronda","og_description":"Documentos en el Archivo de la RMR 2021 &#8211; 35 Es costumbre en la Real Maestranza de Caballer\u00eda de Ronda (RMR), felicitar la Navidad y desear, lo mejor, para el A\u00f1o Nuevo con un Christmas, ilustrado con una imagen de una pieza de la colecci\u00f3n o de los fondos bibliogr\u00e1ficos y documentales propios, habitualmente, poco [&hellip;]","og_url":"https:\/\/www.rmcr.org\/en\/2021\/12\/17\/feliz-navidad-y-ano-nuevo\/","og_site_name":"Real Maestranza de Caballer\u00eda de Ronda","article_publisher":"https:\/\/www.facebook.com\/plazadetorosronda","article_published_time":"2021-12-17T10:44:28+00:00","article_modified_time":"2025-04-04T11:43:58+00:00","og_image":[{"width":1119,"height":465,"url":"https:\/\/www.rmcr.org\/wp-content\/uploads\/2022\/10\/destacada-copia.jpg","type":"image\/jpeg"}],"author":"ARCHIVO","twitter_card":"summary_large_image","twitter_creator":"@PlazatorosRMR","twitter_site":"@PlazatorosRMR","twitter_misc":{"Written by":"ARCHIVO","Est. reading time":"2 minutes"},"schema":{"@context":"https:\/\/schema.org","@graph":[{"@type":"Article","@id":"https:\/\/www.rmcr.org\/en\/2021\/12\/17\/feliz-navidad-y-ano-nuevo\/#article","isPartOf":{"@id":"https:\/\/www.rmcr.org\/en\/2021\/12\/17\/feliz-navidad-y-ano-nuevo\/"},"author":{"name":"ARCHIVO","@id":"https:\/\/www.rmcr.org\/en\/#\/schema\/person\/f182f13b406ff40dd281a5ecca93380e"},"headline":"Feliz Navidad y A\u00f1o Nuevo 2022","datePublished":"2021-12-17T10:44:28+00:00","dateModified":"2025-04-04T11:43:58+00:00","mainEntityOfPage":{"@id":"https:\/\/www.rmcr.org\/en\/2021\/12\/17\/feliz-navidad-y-ano-nuevo\/"},"wordCount":480,"commentCount":0,"publisher":{"@id":"https:\/\/www.rmcr.org\/en\/#organization"},"image":{"@id":"https:\/\/www.rmcr.org\/en\/2021\/12\/17\/feliz-navidad-y-ano-nuevo\/#primaryimage"},"thumbnailUrl":"https:\/\/www.rmcr.org\/wp-content\/uploads\/2022\/10\/destacada-copia.jpg","keywords":["Archivo","Fondos documentales"],"articleSection":["Archivo","Documentos Archivo RMR"],"inLanguage":"en-US","potentialAction":[{"@type":"CommentAction","name":"Comment","target":["https:\/\/www.rmcr.org\/en\/2021\/12\/17\/feliz-navidad-y-ano-nuevo\/#respond"]}]},{"@type":"WebPage","@id":"https:\/\/www.rmcr.org\/en\/2021\/12\/17\/feliz-navidad-y-ano-nuevo\/","url":"https:\/\/www.rmcr.org\/en\/2021\/12\/17\/feliz-navidad-y-ano-nuevo\/","name":"Feliz Navidad y A\u00f1o Nuevo 2022 - Real Maestranza de Caballer\u00eda de Ronda","isPartOf":{"@id":"https:\/\/www.rmcr.org\/en\/#website"},"primaryImageOfPage":{"@id":"https:\/\/www.rmcr.org\/en\/2021\/12\/17\/feliz-navidad-y-ano-nuevo\/#primaryimage"},"image":{"@id":"https:\/\/www.rmcr.org\/en\/2021\/12\/17\/feliz-navidad-y-ano-nuevo\/#primaryimage"},"thumbnailUrl":"https:\/\/www.rmcr.org\/wp-content\/uploads\/2022\/10\/destacada-copia.jpg","datePublished":"2021-12-17T10:44:28+00:00","dateModified":"2025-04-04T11:43:58+00:00","breadcrumb":{"@id":"https:\/\/www.rmcr.org\/en\/2021\/12\/17\/feliz-navidad-y-ano-nuevo\/#breadcrumb"},"inLanguage":"en-US","potentialAction":[{"@type":"ReadAction","target":["https:\/\/www.rmcr.org\/en\/2021\/12\/17\/feliz-navidad-y-ano-nuevo\/"]}]},{"@type":"ImageObject","inLanguage":"en-US","@id":"https:\/\/www.rmcr.org\/en\/2021\/12\/17\/feliz-navidad-y-ano-nuevo\/#primaryimage","url":"https:\/\/www.rmcr.org\/wp-content\/uploads\/2022\/10\/destacada-copia.jpg","contentUrl":"https:\/\/www.rmcr.org\/wp-content\/uploads\/2022\/10\/destacada-copia.jpg","width":1119,"height":465},{"@type":"BreadcrumbList","@id":"https:\/\/www.rmcr.org\/en\/2021\/12\/17\/feliz-navidad-y-ano-nuevo\/#breadcrumb","itemListElement":[{"@type":"ListItem","position":1,"name":"REAL MAESTRANZA DE CABALLER\u00cdA DE RONDA","item":"https:\/\/www.rmcr.org\/en\/"},{"@type":"ListItem","position":2,"name":"Feliz Navidad y A\u00f1o Nuevo 2022"}]},{"@type":"WebSite","@id":"https:\/\/www.rmcr.org\/en\/#website","url":"https:\/\/www.rmcr.org\/en\/","name":"Real Maestranza de Caballer\u00eda de Ronda","description":"Real Maestranza de Caballer\u00eda de Ronda","publisher":{"@id":"https:\/\/www.rmcr.org\/en\/#organization"},"alternateName":"RMCR","potentialAction":[{"@type":"SearchAction","target":{"@type":"EntryPoint","urlTemplate":"https:\/\/www.rmcr.org\/en\/?s={search_term_string}"},"query-input":{"@type":"PropertyValueSpecification","valueRequired":true,"valueName":"search_term_string"}}],"inLanguage":"en-US"},{"@type":"Organization","@id":"https:\/\/www.rmcr.org\/en\/#organization","name":"Real Maestranza de Caballer\u00eda de Ronda","alternateName":"RMR","url":"https:\/\/www.rmcr.org\/en\/","logo":{"@type":"ImageObject","inLanguage":"en-US","@id":"https:\/\/www.rmcr.org\/en\/#\/schema\/logo\/image\/","url":"https:\/\/www.rmcr.org\/wp-content\/uploads\/2022\/07\/logo-rmr-blue.svg","contentUrl":"https:\/\/www.rmcr.org\/wp-content\/uploads\/2022\/07\/logo-rmr-blue.svg","width":131,"height":129,"caption":"Real Maestranza de Caballer\u00eda de Ronda"},"image":{"@id":"https:\/\/www.rmcr.org\/en\/#\/schema\/logo\/image\/"},"sameAs":["https:\/\/www.facebook.com\/plazadetorosronda","https:\/\/x.com\/PlazatorosRMR","https:\/\/www.instagram.com\/realmaestranzaderonda\/","https:\/\/www.youtube.com\/channel\/UCrbO5IUN-8v_QML739vM4zg\/videos"]},{"@type":"Person","@id":"https:\/\/www.rmcr.org\/en\/#\/schema\/person\/f182f13b406ff40dd281a5ecca93380e","name":"ARCHIVO","image":{"@type":"ImageObject","inLanguage":"en-US","@id":"https:\/\/www.rmcr.org\/wp-content\/uploads\/2022\/11\/avatar-rmcr-96x96.png","url":"https:\/\/www.rmcr.org\/wp-content\/uploads\/2022\/11\/avatar-rmcr-96x96.png","contentUrl":"https:\/\/www.rmcr.org\/wp-content\/uploads\/2022\/11\/avatar-rmcr-96x96.png","caption":"ARCHIVO"},"url":"https:\/\/www.rmcr.org\/en\/author\/francisco-rosales\/"}]}},"_links":{"self":[{"href":"https:\/\/www.rmcr.org\/en\/wp-json\/wp\/v2\/posts\/6308","targetHints":{"allow":["GET"]}}],"collection":[{"href":"https:\/\/www.rmcr.org\/en\/wp-json\/wp\/v2\/posts"}],"about":[{"href":"https:\/\/www.rmcr.org\/en\/wp-json\/wp\/v2\/types\/post"}],"author":[{"embeddable":true,"href":"https:\/\/www.rmcr.org\/en\/wp-json\/wp\/v2\/users\/3"}],"replies":[{"embeddable":true,"href":"https:\/\/www.rmcr.org\/en\/wp-json\/wp\/v2\/comments?post=6308"}],"version-history":[{"count":2,"href":"https:\/\/www.rmcr.org\/en\/wp-json\/wp\/v2\/posts\/6308\/revisions"}],"predecessor-version":[{"id":12180,"href":"https:\/\/www.rmcr.org\/en\/wp-json\/wp\/v2\/posts\/6308\/revisions\/12180"}],"wp:featuredmedia":[{"embeddable":true,"href":"https:\/\/www.rmcr.org\/en\/wp-json\/wp\/v2\/media\/11907"}],"wp:attachment":[{"href":"https:\/\/www.rmcr.org\/en\/wp-json\/wp\/v2\/media?parent=6308"}],"wp:term":[{"taxonomy":"category","embeddable":true,"href":"https:\/\/www.rmcr.org\/en\/wp-json\/wp\/v2\/categories?post=6308"},{"taxonomy":"post_tag","embeddable":true,"href":"https:\/\/www.rmcr.org\/en\/wp-json\/wp\/v2\/tags?post=6308"}],"curies":[{"name":"wp","href":"https:\/\/api.w.org\/{rel}","templated":true}]}}