{"id":6258,"date":"2021-06-25T12:43:02","date_gmt":"2021-06-25T12:43:02","guid":{"rendered":"https:\/\/www.rmcr.org\/?p=6258"},"modified":"2025-04-03T07:41:41","modified_gmt":"2025-04-03T07:41:41","slug":"biblioteca-rmr-no-94-sierra-de-las-nieves-nuevo-parque-nacional-16o-de-espana-y-3o-de-andalucia-junio-2021","status":"publish","type":"post","link":"https:\/\/www.rmcr.org\/en\/2021\/06\/25\/biblioteca-rmr-no-94-sierra-de-las-nieves-nuevo-parque-nacional-16o-de-espana-y-3o-de-andalucia-junio-2021\/","title":{"rendered":"Biblioteca-RMR: N\u00ba 93. Sierra de las Nieves. Nuevo Parque Nacional, 16\u00ba de Espa\u00f1a y 3\u00ba de Andaluc\u00eda. Junio 2021."},"content":{"rendered":"<p style=\"text-align:center;\"><span ><strong>\u00b7 MONOGR\u00c1FICO \u00b7<\/strong><\/span><br \/><span ><strong>\u00b7 BIBLIOTECA DE LA REAL MAESTRANZA DE CABALLER\u00cdA DE RONDA \u00b7<\/strong><\/span><br \/><span ><strong>\u00b7 JUNIO 2021 \u00b7<\/strong><\/span><\/p>\n<p style=\"text-align:center;\"><span ><strong>\u00b7 FONDO RONDA \u00b7<\/strong><\/span><\/p>\n<p><span >La Sierra de las Nieves ha sido declarada Parque Nacional, lo que representa la m\u00e1xima figura de protecci\u00f3n medioambiental existente en Espa\u00f1a. El nuevo parque es el decimosexto en el c\u00f3mputo nacional y el tercero en el \u00e1mbito andaluz. Ocupa una extensi\u00f3n de m\u00e1s de 23.000 hect\u00e1reas, poseyendo el 65% de la superficie de pinsapos que se localizan en la pen\u00ednsula Ib\u00e9rica. Aparte de varias plantas end\u00e9micas, tambi\u00e9n tiene una importante diversidad de fauna. Posee igualmente un singular paisaje geol\u00f3gico. Se extiende por las localidades malague\u00f1as de Benahavis, El Burgo, Ist\u00e1n, Monda, Parauta, Ronda, Tolox y Yunquera, influyendo en otros seis municipios reserva de la biosfera (Alozaina, Casarabonela, Guaro, Igualeja, Oj\u00e9n y Serrato). La Sierra de las Nieves es un territorio natural \u00fanico y un gran ejemplo de una forma de vida estrechamente ligada al medio natural.<\/span><\/p>\n\n\n<figure class=\"wp-block-image aligncenter size-large\"><a href=\"https:\/\/www.rmcr.org\/2021\/06\/1018526.jpg\"><img decoding=\"async\" src=\"https:\/\/www.rmcr.org\/wp-content\/uploads\/2021\/06\/1018526.jpg\" alt=\"\" class=\"wp-image-3783\"\/><\/a><\/figure>\n\n\n<p><span ><em>Sierra de las Nieves : gu\u00eda del excursionista<\/em> \/ <strong>Rafael Flores Dom\u00ednguez<\/strong>, <strong>Andr\u00e9s Rodr\u00edguez Gonz\u00e1lez<\/strong>. &#8212; 3\u00aa ed. &#8212; Ronda (M\u00e1laga) : La Serran\u00eda, 2008. &#8212; 296 p. : il. ; 24 cm. &#8212; (Gu\u00edas). &#8212; D.L. MA. 16-2008. &#8212; ISBN 978-84-96607-40-8.<\/span><\/p>\n<p><strong><span >Sinopsis<\/span><\/strong><\/p>\n<p><em><span >Esta es la m\u00e1s completa gu\u00eda sobre la Sierra de las Nieves, uno de los espacios m\u00e1s singulares de Andaluc\u00eda. Su riqueza paisaj\u00edstica, vegetal y humana no ha pasado desapercibida ante ciertas instituciones. Por ello, en 1989 fue declarada Parque Natural y en 1991 Reserva Mundial de la Biosfera. En esta gu\u00eda se encuentran 38 rutas a pie y en bicicleta por los m\u00e1s singulares y rec\u00f3nditos paisajes de este excepcional espacio natural. Como complemento informativo, se ofrecen m\u00e1s de 300 fotograf\u00edas a todo color y m\u00e1s de 100 planos, esquemas o altimetr\u00edas, para que la visita a la Sierra de las Nieves sea una experiencia inolvidable.<\/span><\/em><\/p>\n\n\n<figure class=\"wp-block-image aligncenter size-large\"><a href=\"https:\/\/www.rmcr.org\/2021\/06\/1022706.jpg\"><img decoding=\"async\" src=\"https:\/\/www.rmcr.org\/wp-content\/uploads\/2021\/06\/1022706.jpg\" alt=\"\" class=\"wp-image-3786\"\/><\/a><\/figure>\n\n\n<p><span ><em>Los pinsapares en Andaluc\u00eda : (Abies pinsapo Boiss) : conservaci\u00f3n y sostenibilidad en el siglo XXI<\/em> \/ <strong>Jos\u00e9 L\u00f3pez Quintanilla<\/strong> (coord.). &#8212; Sevilla : Junta de Andaluc\u00eda ; C\u00f3rdoba : Universidad, 2013. &#8212; 573 p. : il. ; 28 cm. &#8212; D.L. CO. 604-2013. &#8212; ISBN 978-84-92807-74-1 (JA). &#8212; ISBN 978-84-9927-137-8 (UCO).<\/span><\/p>\n<p><strong><span >Sinopsis<\/span><\/strong><\/p>\n<p><em><span >La alarma social que provocaron las muestras de decrepitud observadas en los pinsapares andaluces a mediados de la d\u00e9cada de los 90, a ra\u00edz de la fuerte sequ\u00eda que azot\u00f3 Andaluc\u00eda a principios de ese decenio, puso de manifiesto el escaso conocimiento que se ten\u00eda sobre los procesos que rigen la din\u00e1mica de este ecosistema para poder aplicar medidas de gesti\u00f3n adecuadas encaminadas a su conservaci\u00f3n. Ello motiv\u00f3 que la Consejer\u00eda de Medio Ambiente comenzase a promover distintas investigaciones multidisciplinares dirigidas a profundizar en el conocimiento de este peculiar ecosistema con el fin de asegurar su persistencia. Pero, a parte de la adquisici\u00f3n de la informaci\u00f3n t\u00e9cnica destinada a la gesti\u00f3n, todo proyecto de conservaci\u00f3n requiere del respaldo social. Por ello, se hace imprescindible incrementar la sensibilidad de los distintos grupos sociales hacia la problem\u00e1tica del pinsapar y la necesidad de su conservaci\u00f3n. La divulgaci\u00f3n de los conocimientos adquiridos sobre el pinsapo y su ecosistema es pieza clave para conseguir este fin.<\/span><\/em><\/p>\n\n\n<figure class=\"wp-block-image aligncenter size-large\"><a href=\"https:\/\/www.rmcr.org\/2021\/06\/1021880.jpg\"><img decoding=\"async\" src=\"https:\/\/www.rmcr.org\/wp-content\/uploads\/2021\/06\/1021880.jpg\" alt=\"\" class=\"wp-image-3787\"\/><\/a><\/figure>\n\n\n<p><span ><em>Sierra de las Nieves : gu\u00eda del observador de aves<\/em> \/ <strong>Marta O\u00f1ate Guti\u00e9rrez<\/strong>, <strong>Juan O\u00f1ate Garc\u00eda<\/strong>. &#8212; Ronda (M\u00e1laga) : La Serran\u00eda, 2011. &#8212; 366 p. : il. ; 21 cm + 1 CD. &#8212; (Boissier ; 12). &#8212; D.L. MA. 2150-2011. &#8212; ISBN 978-84-15030-36-2.<\/span><\/p>\n<p><strong><span >Sinopsis<\/span><\/strong><\/p>\n<p><em><span >La comarca de la Sierra de las Nieves es uno de esos lugares m\u00e1gicos de la provincia de M\u00e1laga, donde se conjuga lo m\u00e1s montaraz y agreste de \u00e9sta con la proximidad a zonas m\u00e1s humanizadas como la Costa del Sol; los bosques de pinos, pinsapos o alcornoques m\u00e1s inalterados con hermosos olivares donde se pierde la vista o peque\u00f1os pueblos llenos de sabor tradicional y buenas gentes. Es, en definitiva, una comarca llena de encanto y de valores naturales, donde merece la pena perderse y disfrutar de sus m\u00faltiples atractivos. Esta gu\u00eda, que incluye un DVD, te puede servir para acercarte a uno de los aspectos m\u00e1s destacados de la naturaleza en estas tierras: sus aves, un mundo atractivo y lleno de fascinaci\u00f3n para el hombre. Te ofrece, aparte de unas consideraciones generales previas, una completa relaci\u00f3n de fichas de aves con 167 especies. En ellas dispondr\u00e1s de fotos de la especie en distintos plumajes, de textos explicativos para identificarlas y se describe su habitat y su alimentaci\u00f3n. En el DVD se recogen sus cantos y otros datos de la comarca. Adem\u00e1s, encontrar\u00e1s gr\u00e1ficos que reflejan la distribuci\u00f3n y las \u00e9pocas en las que cada ave puede ser observada. Tambi\u00e9n se relacionan otras 26 especies m\u00e1s raras cuya observaci\u00f3n es posible en la zona. Por otra parte, se describen detalladamente 14 rutas diseminadas por toda la comarca y especialmente concebidas para la observaci\u00f3n de aves, pero que discurren por los parajes m\u00e1s bellos y emblem\u00e1ticos de esta tierra.<\/span><\/em><\/p>\n\n\n<figure class=\"wp-block-image aligncenter size-large\"><a href=\"https:\/\/www.rmcr.org\/2021\/06\/1014585.jpg\"><img decoding=\"async\" src=\"https:\/\/www.rmcr.org\/wp-content\/uploads\/2021\/06\/1014585.jpg\" alt=\"\" class=\"wp-image-3789\"\/><\/a><\/figure>\n\n\n<p><span ><em>Ordenaci\u00f3n y aprovechamiento de los pinsapares ronde\u00f1os durante el siglo XIX : la memoria de Antonio L\u00e1ynez<\/em> \/ <strong>Manuel Becerra Parra<\/strong>. &#8212; Ronda (M\u00e1laga) : La Serran\u00eda, 2006. &#8212; 121 p. : il. ; 24 cm. &#8212; D.L. MA. 1320-2006. &#8212; ISBN 84-96607-10-0.<\/span><\/p>\n<p><strong><span >Sinopsis<\/span><\/strong><\/p>\n<p><em><span >El pinsapo, cuyo nombre cient\u00edfico es Abies pinsapo Boiss., es un f\u00f3sil viviente de los bosques de con\u00edferas que a finales del Terciario poblaban las alineaciones monta\u00f1osas m\u00e1s occidentales de la entonces pret\u00e9rita Cordillera B\u00e9tica y que milagrosamente ha llegado hasta nuestros d\u00edas. En realidad es una suerte que haya sobrevivido a la mano del hombre y m\u00e1s si tenemos en cuenta los abusivos aprovechamientos a los que se ha visto sometido. En el caso de los pinsapares ronde\u00f1os, sobre los que se basa esta publicaci\u00f3n, sufrieron el carboneo indiscriminado unas veces para calentar los hogares y otras para abastecer la demanda de los alambiques de Yunquera, la fuerte presi\u00f3n ganadera que acababa con cualquier atisbo de regeneraci\u00f3n del pinsapar, la acci\u00f3n de los incendios, que mermaron la superficie forestal de esta especie y la actividad de los neveros, que cortaban ramas de pinsapo para tapar la nieve. Todos estos factores influyeron en que el estado del pinsapar durante el siglo XIX fuera lamentable, hecho que es puesto de manifiesto tanto por los guardas como por los ingenieros de montes que lo visitan, caso de M\u00e1ximo Laguna en 1867 o de Antonio L\u00e1ynez, quien en 1858 proyect\u00f3 un plan de aprovechamiento en lo que ser\u00eda el primer intento de ordenar el uso que se pod\u00eda hacer de los pinsapares. Este plan denominado &#8220;Memoria de reconocimiento del monte Pinsapar de la Sierra de las Nieves y plan de aprovechamiento que conviene adoptar&#8221;, es el eje central del presente libro, que entre otros aspectos se encarga de analizar este primer estudio sobre el pinsapo.<\/span><\/em><\/p>\n\n\n<figure class=\"wp-block-image aligncenter size-large\"><a href=\"https:\/\/www.rmcr.org\/2021\/06\/10261xy.jpg\"><img decoding=\"async\" src=\"https:\/\/www.rmcr.org\/wp-content\/uploads\/2021\/06\/10261xy.jpg\" alt=\"\" class=\"wp-image-3791\"\/><\/a><\/figure>\n\n\n<p><span ><em>Grandes espacios : Parque Nacional Sierra de las Nieves, gu\u00eda excursionista. &#8212; N<\/em>. 270 (febrero 2021). &#8212; Madrid : Ediciones Desnivel, 2021. &#8212; 100 p. : il. ; 24 cm. &#8212; ISSN 1699-093000. &#8212; ISBN 978-84-9829-552-8.<\/span><\/p>\n<p><span ><strong>Sinopsis<\/strong><\/span><\/p>\n<p><em><span >La Sierra de las Nieves se ha convertido en Parque Nacional, el decimosexto del pa\u00eds y el tercero de Andaluc\u00eda. Se cierra as\u00ed un largo proceso que se remonta a principios del siglo XX y en el que han jugado un importante papel los pueblos que rodean la serran\u00eda. Pero \u00bfqu\u00e9 tiene esta peque\u00f1a sierra malague\u00f1a que le haga acreedora del m\u00e1s alto nivel de protecci\u00f3n que tenemos en Espa\u00f1a?<\/span><\/em><\/p>\n\n\n<figure class=\"wp-block-image aligncenter size-large\"><a href=\"https:\/\/www.rmcr.org\/2021\/06\/1011263.jpg\"><img decoding=\"async\" src=\"https:\/\/www.rmcr.org\/wp-content\/uploads\/2021\/06\/1011263.jpg\" alt=\"\" class=\"wp-image-3792\"\/><\/a><\/figure>\n\n\n<p><span ><em>Sierra de las Nieves : simas, cuevas y barrancos<\/em> \/ <strong>Manuel J. Guerrero S\u00e1nchez<\/strong>. &#8212; Ronda (M\u00e1laga) : La Serran\u00eda, 2004. &#8212; 301 p. : il. ; 24 cm + 1 map. pleg.&#8211; D.L. MA. 1008-2004. &#8212; ISBN 84-932889-7-7.<\/span><\/p>\n<p><strong><span >Sinopsis<\/span><\/strong><\/p>\n<p><em><span >El trabajo que aparece en estas p\u00e1ginas es fruto de m\u00e1s de 30 a\u00f1os de exploraciones de distintos grupos, algunos ya desaparecidos; generaciones de espele\u00f3logos que han explorado sistem\u00e1ticamente en esta sierra aportando a la sociedad el conocimiento y entendimiento de nuestro propio entorno. Desde que en 1971 comenzaran las primeras exploraciones en la Sierra de las Nieves, los descubrimientos de nuevos espacios jam\u00e1s visitados antes por el hombre se han sucedido de forma constante. Las nuevas t\u00e9cnicas introducidas en este campo han impulsado al espele\u00f3logo a descender m\u00e1s r\u00e1pido, m\u00e1s seguro y m\u00e1s lejos, superando as\u00ed la frontera de lo desconocido, de lo fascinante y misterioso. Para nosotros es inevitable imaginar que bajo las ra\u00edces del pinsapo se extienden nuevos espacios, tan singulares como el propio ejemplar bot\u00e1nico. A d\u00eda de hoy se sigue trabajando en lugares como la Sima del Aire y Sima GESM, que est\u00e1n a la cabeza de las exploraciones espeleol\u00f3gicas y ponen de manifiesto la importancia de la Sierra de las Nieves, el karst m\u00e1s importante de Andaluc\u00eda.<\/span><\/em><\/p>\n\n\n<figure class=\"wp-block-image aligncenter size-large\"><a href=\"https:\/\/www.rmcr.org\/2021\/06\/1023994.jpg\"><img decoding=\"async\" src=\"https:\/\/www.rmcr.org\/wp-content\/uploads\/2021\/06\/1023994.jpg\" alt=\"\" class=\"wp-image-3793\"\/><\/a><\/figure>\n\n\n<p><span ><em>Gu\u00eda de campo de las setas del Parque Natural Sierra de las Nieves<\/em> \/ <strong>Manuel Becerra Parra<\/strong>, <strong>Estrella Robles Dom\u00ednguez<\/strong>. &#8212; Ronda (M\u00e1laga) : Ediciones Pinsapar, 2017. &#8212; 103 p. : il. ; 24 cm. &#8212; D.L. MA. 1565-2017. &#8212; ISBN 978-84-947961-0-4.<\/span><\/p>\n<p><strong><span >Sinopsis<\/span><\/strong><\/p>\n<p><span ><em>Su abrupta orograf\u00eda, su peculiar clima y la exuberante vegetaci\u00f3n que cubre sus montes hacen de la Sierra de las Nieves un para\u00edso para los, amantes de la micolog\u00eda. Ya sea en oto\u00f1o o en primavera, sus bosques y prados nos ofrecen uno de sus tesoros m\u00e1s apreciados, las setas, un regalo de la madre tierra que la gente de estas sierras han sabido aprovechar de manera sostenible desde tiempo inmemorial. Pueblos como Yunquera han sabido trasmitir durante generaciones esa cultura micol\u00f3gica. Esta gu\u00eda pretende dar a conocer esta riqueza mostrando 120 de las m\u00e1s de 500 especies de hongos catalogadas hasta la fecha en este territorio. As\u00ed, en sus p\u00e1ginas podr\u00e1s encontrar desde las buscadas cagarrias hasta la mortal oronja verde, pero tambi\u00e9n algunas setas muy raras, de nulo inter\u00e9s gastron\u00f3mico pero de gran importancia ecol\u00f3gica o cient\u00edfica. Y es que, en los bosques de pinsapos de este sector de la serran\u00eda de Ronda, crecen setas \u00fanicas en el mundo. Todo ello con la intenci\u00f3n de concienciarnos de que los hongos cumplen un papel de vital importancia en el monte mediterr\u00e1neo y que por ello, cuando salgamos al campo a disfrutar de nuestra afici\u00f3n, siempre deberemos respetar a aquellas especies t\u00f3xicas o sin inter\u00e9s.<\/em><\/span><\/p>\n\n\n<figure class=\"wp-block-image aligncenter size-large\"><a href=\"https:\/\/www.rmcr.org\/2021\/06\/1020297.jpg\"><img decoding=\"async\" src=\"https:\/\/www.rmcr.org\/wp-content\/uploads\/2021\/06\/1020297.jpg\" alt=\"\" class=\"wp-image-3795\"\/><\/a><\/figure>\n\n\n<p><span ><em>Sierra de las Nieves : gu\u00eda de senderos<\/em> \/ <strong>Asociaci\u00f3n Grupo de Desarrollo Rural Sierra de las Nieves<\/strong>. &#8212; 2\u00aa ed. &#8212; Ronda (M\u00e1laga) : AGDR Sierra de las Nieves : La Serran\u00eda, 2010. &#8212; 2 v. : il. ; 21 cm. &#8212; D.L. MA. 1067-2010. &#8212; ISBN 978-84-15030-07-2 (o.c.).<\/span><\/p>\n<p><strong><span >Sinopsis<\/span><\/strong><\/p>\n<p><em><span >La Sierra de las Nieves atesora un conjunto de valores naturales y humanos dignos de ser conocidos. Aqu\u00ed se conservan paisajes extraordinarios a los que s\u00f3lo se puede acceder calz\u00e1ndose unas botas de senderista o montando en una bicicleta de monta\u00f1a. Pero tambi\u00e9n sus gentes reflejan el car\u00e1cter del entorno por lo que no se puede dejar de lado sus manifestaciones folcl\u00f3ricas, gastron\u00f3micas, festivas, religiosas, etc. Se muestra un compendio de itinerarios concebidos para el disfrute de los sentidos, con distintos grados de dificultad y diferentes caracter\u00edsticas, con los que se podr\u00e1 conocer un poco mejor este para\u00edso natural. En el primer volumen, adem\u00e1s de una peque\u00f1a aproximaci\u00f3n general al territorio, se describe, dividido por tramos, el Sendero de Gran Recorrido GR-243 Sierra de las Nieves, que se constituye como la arteria principal de la amplia red de senderos. Adem\u00e1s, se incluyen una selecci\u00f3n de las mejores rutas para bicicleta de monta\u00f1a. En el segundo volumen se incluyen los Peque\u00f1os Recorridos homologados por la Federaci\u00f3n Andaluza de Monta\u00f1ismo elegidos, los senderos de uso p\u00fablico que atraviesan el Parque Natural y varios senderos se\u00f1alizados por algunos municipios de la comarca.<\/span><\/em><\/p>\n\n\n<figure class=\"wp-block-image aligncenter size-large\"><a href=\"https:\/\/www.rmcr.org\/2021\/06\/1014580.jpg\"><img decoding=\"async\" src=\"https:\/\/www.rmcr.org\/wp-content\/uploads\/2021\/06\/1014580.jpg\" alt=\"\" class=\"wp-image-3796\"\/><\/a><\/figure>\n\n\n<p><span ><em>Memoria de reconocimiento del monte pinsapar de la Sierra de las Nieves y plan de aprovechamiento que conviene adoptar<\/em> \/ <strong>Antonio L\u00e1ynez<\/strong> ; estudio de <strong>Andr\u00e9s Rodr\u00edguez Gonz\u00e1lez<\/strong> y <strong>Agust\u00edn Rubira Molina<\/strong> ; pr\u00f3logo, <strong>Juli\u00e1n de Zulueta Cebri\u00e1n<\/strong>. &#8212; Ed. facs. &#8212; Ronda (M\u00e1laga) : Arunda Libris, 2006. &#8212; 85 p. : il. ; 24 cm. &#8212; Reprod. facs. de la ed. de : 1858. &#8212; D.L. MA. 1695-2006.<\/span><\/p>\n<p><strong><span >Sinopsis<\/span><\/strong><\/p>\n<p><em><span >La &#8220;Memoria de reconocimiento del Monte Pinsapar de la Sierra de las Nieves&#8221; es un trabajo de investigaci\u00f3n sobre el estado del pinsapar de los Montes de Propios de Ronda en la Sierra de las Nieves, realizado en el a\u00f1o 1.858 por el Ingeniero de Segunda, Don Antonio L\u00e1ynez. Se trat\u00f3 de un trabajo muy bien realizado para la \u00e9poca, en el que se contaron todos los pinsapos existentes (unos 26.000 \u00e1rboles), su estado de conservaci\u00f3n (p\u00e9simo) y las posibilidades de explotaci\u00f3n del bosque. Durante d\u00e9cadas el documento original estuvo perdido aunque se sab\u00eda de su existencia por escritos posteriores, siendo redescubierto hace unos 15 a\u00f1os por la archivera Clotilde Mozo en el Archivo Municipal de Ronda. El libro incluye, igualmente, una reedici\u00f3n facs\u00edmil del texto original, prologada por el eminente Dr. Don Juli\u00e1n de Zulueta Cebri\u00e1n, defensor a ultranza del patrimonio y conservaci\u00f3n medioambiental de la serran\u00eda de Ronda.<\/span><\/em><\/p>\n\n\n<figure class=\"wp-block-image aligncenter size-large\"><a href=\"https:\/\/www.rmcr.org\/2021\/06\/10261xx.jpg\"><img decoding=\"async\" src=\"https:\/\/www.rmcr.org\/wp-content\/uploads\/2021\/06\/10261xx.jpg\" alt=\"\" class=\"wp-image-3798\"\/><\/a><\/figure>\n\n\n<p><span ><em>Los bosques de la serran\u00eda de Ronda : una perspectiva espacio-temporal<\/em> \/ <strong>Jos\u00e9 G\u00f3mez Zotano<\/strong>, <strong>Jos\u00e9 Antonio Olmedo Cobo<\/strong> (eds.). &#8212; Alcal\u00e1 del Valle (C\u00e1diz) : La Serran\u00eda, 2021. &#8212; 623 p. : il. ; 24 cm. &#8212; (Alforja ; 10). &#8212; CA. 454-2020. &#8212; ISBN 978-84-15588-35-1.<\/span><\/p>\n<p><strong><span >Sinopsis<\/span><\/strong><\/p>\n<p><em><span >La serran\u00eda de Ronda posee un legado forestal \u00fanico donde conviven bosques de con\u00edferas (pinsapares y pinares) y frondosas (alcornocales, quejigales, encinares, casta\u00f1ares y formaciones de ribera). Estos bosques han estado sometidos a un largo proceso de humanizaci\u00f3n cuyas consecuencias, en gran medida, son desconocidas. El presente libro trata de arrojar luz sobre la dimensi\u00f3n temporal de los bosques de la comarca ronde\u00f1a, prestando especial atenci\u00f3n a las din\u00e1micas naturales y antr\u00f3picas que explican la distribuci\u00f3n y extensi\u00f3n actual de los mismos. El libro recoge en 28 cap\u00edtulos los \u00faltimos resultados de la investigaci\u00f3n cient\u00edfica pluridisciplinar, e invita al debate y al intercambio de ideas en torno al origen de los bosques y su posterior transformaci\u00f3n a lo largo del tiempo, desde el Holoceno medio hasta la actualidad; se aportan nuevos datos sobre la biogeograf\u00eda, la paleobiogeograf\u00eda, la evoluci\u00f3n hist\u00f3rica o los naturalistas y viajeros rom\u00e1nticos que iniciaron el reconocimiento de las formaciones arb\u00f3reas serranas, por lo que la lectura de la obra representa una ocasi\u00f3n incomparable para descubrir el trasfondo geohist\u00f3rico que explica la evoluci\u00f3n de la singular floresta ronde\u00f1a a diversas escalas geogr\u00e1ficas. Pero tambi\u00e9n se presentan proyecciones hacia escenarios de cambio clim\u00e1tico futuros. El compendio de miradas temporo-espaciales puede contribuir a la mejora de las actuales pol\u00edticas e iniciativas conservacionistas.<\/span><\/em><\/p>","protected":false},"excerpt":{"rendered":"<p>La Sierra de las Nieves ha sido declarada Parque Nacional, lo que representa la m\u00e1xima figura de protecci\u00f3n medioambiental existente en Espa\u00f1a. El nuevo parque es el decimosexto en el c\u00f3mputo nacional y el tercero en el \u00e1mbito andaluz. Ocupa una extensi\u00f3n de m\u00e1s de 23.000 hect\u00e1reas, poseyendo el 65% de la superficie de pinsapos que se localizan en la pen\u00ednsula Ib\u00e9rica. Aparte de varias plantas end\u00e9micas, tambi\u00e9n tiene una importante diversidad de fauna. Posee igualmente un singular paisaje geol\u00f3gico. Se extiende por las localidades malague\u00f1as de Benahavis, El Burgo, Ist\u00e1n, Monda, Parauta, Ronda, Tolox y Yunquera, influyendo en otros seis municipios reserva de la biosfera (Alozaina, Casarabonela, Guaro, Igualeja, Oj\u00e9n y Serrato). La Sierra de las Nieves es un territorio natural \u00fanico y un gran ejemplo de una forma de vida estrechamente ligada al medio natural.<\/p>\n","protected":false},"author":2,"featured_media":11985,"comment_status":"open","ping_status":"open","sticky":false,"template":"","format":"standard","meta":{"footnotes":""},"categories":[140,791],"tags":[237,105,252,176,137,251],"class_list":["post-6258","post","type-post","status-publish","format-standard","has-post-thumbnail","hentry","category-biblioteca","category-boletin-bibliografico-biblioteca-rmr","tag-bibliografias","tag-biblioteca-general","tag-biblioteca-rmr","tag-boletin-mensual-bibliografico","tag-libros","tag-sierra-de-las-nieves"],"yoast_head":"<!-- This site is optimized with the Yoast SEO plugin v27.5 - https:\/\/yoast.com\/product\/yoast-seo-wordpress\/ -->\n<title>Biblioteca-RMR: N\u00ba 93. Sierra de las Nieves. Nuevo Parque Nacional, 16\u00ba de Espa\u00f1a y 3\u00ba de Andaluc\u00eda. Junio 2021. - Real Maestranza de Caballer\u00eda de Ronda<\/title>\n<meta name=\"robots\" content=\"index, follow, max-snippet:-1, max-image-preview:large, max-video-preview:-1\" \/>\n<link rel=\"canonical\" href=\"https:\/\/www.rmcr.org\/en\/2021\/06\/25\/biblioteca-rmr-no-94-sierra-de-las-nieves-nuevo-parque-nacional-16o-de-espana-y-3o-de-andalucia-junio-2021\/\" \/>\n<meta property=\"og:locale\" content=\"en_US\" \/>\n<meta property=\"og:type\" content=\"article\" \/>\n<meta property=\"og:title\" content=\"Biblioteca-RMR: N\u00ba 93. Sierra de las Nieves. Nuevo Parque Nacional, 16\u00ba de Espa\u00f1a y 3\u00ba de Andaluc\u00eda. Junio 2021. - Real Maestranza de Caballer\u00eda de Ronda\" \/>\n<meta property=\"og:description\" content=\"La Sierra de las Nieves ha sido declarada Parque Nacional, lo que representa la m\u00e1xima figura de protecci\u00f3n medioambiental existente en Espa\u00f1a. El nuevo parque es el decimosexto en el c\u00f3mputo nacional y el tercero en el \u00e1mbito andaluz. Ocupa una extensi\u00f3n de m\u00e1s de 23.000 hect\u00e1reas, poseyendo el 65% de la superficie de pinsapos que se localizan en la pen\u00ednsula Ib\u00e9rica. Aparte de varias plantas end\u00e9micas, tambi\u00e9n tiene una importante diversidad de fauna. Posee igualmente un singular paisaje geol\u00f3gico. Se extiende por las localidades malague\u00f1as de Benahavis, El Burgo, Ist\u00e1n, Monda, Parauta, Ronda, Tolox y Yunquera, influyendo en otros seis municipios reserva de la biosfera (Alozaina, Casarabonela, Guaro, Igualeja, Oj\u00e9n y Serrato). La Sierra de las Nieves es un territorio natural \u00fanico y un gran ejemplo de una forma de vida estrechamente ligada al medio natural.\" \/>\n<meta property=\"og:url\" content=\"https:\/\/www.rmcr.org\/en\/2021\/06\/25\/biblioteca-rmr-no-94-sierra-de-las-nieves-nuevo-parque-nacional-16o-de-espana-y-3o-de-andalucia-junio-2021\/\" \/>\n<meta property=\"og:site_name\" content=\"Real Maestranza de Caballer\u00eda de Ronda\" \/>\n<meta property=\"article:publisher\" content=\"https:\/\/www.facebook.com\/plazadetorosronda\" \/>\n<meta property=\"article:published_time\" content=\"2021-06-25T12:43:02+00:00\" \/>\n<meta property=\"article:modified_time\" content=\"2025-04-03T07:41:41+00:00\" \/>\n<meta property=\"og:image\" content=\"https:\/\/www.rmcr.org\/wp-content\/uploads\/2022\/10\/sierra-nieves.jpg\" \/>\n\t<meta property=\"og:image:width\" content=\"482\" \/>\n\t<meta property=\"og:image:height\" content=\"143\" \/>\n\t<meta property=\"og:image:type\" content=\"image\/jpeg\" \/>\n<meta name=\"author\" content=\"BIBLIOTECA\" \/>\n<meta name=\"twitter:card\" content=\"summary_large_image\" \/>\n<meta name=\"twitter:creator\" content=\"@PlazatorosRMR\" \/>\n<meta name=\"twitter:site\" content=\"@PlazatorosRMR\" \/>\n<meta name=\"twitter:label1\" content=\"Written by\" \/>\n\t<meta name=\"twitter:data1\" content=\"BIBLIOTECA\" \/>\n\t<meta name=\"twitter:label2\" content=\"Est. reading time\" \/>\n\t<meta name=\"twitter:data2\" content=\"13 minutes\" \/>\n<script type=\"application\/ld+json\" class=\"yoast-schema-graph\">{\"@context\":\"https:\\\/\\\/schema.org\",\"@graph\":[{\"@type\":\"Article\",\"@id\":\"https:\\\/\\\/www.rmcr.org\\\/en\\\/2021\\\/06\\\/25\\\/biblioteca-rmr-no-94-sierra-de-las-nieves-nuevo-parque-nacional-16o-de-espana-y-3o-de-andalucia-junio-2021\\\/#article\",\"isPartOf\":{\"@id\":\"https:\\\/\\\/www.rmcr.org\\\/en\\\/2021\\\/06\\\/25\\\/biblioteca-rmr-no-94-sierra-de-las-nieves-nuevo-parque-nacional-16o-de-espana-y-3o-de-andalucia-junio-2021\\\/\"},\"author\":{\"name\":\"BIBLIOTECA\",\"@id\":\"https:\\\/\\\/www.rmcr.org\\\/en\\\/#\\\/schema\\\/person\\\/80849edee7ef556893505128619ea1d0\"},\"headline\":\"Biblioteca-RMR: N\u00ba 93. Sierra de las Nieves. Nuevo Parque Nacional, 16\u00ba de Espa\u00f1a y 3\u00ba de Andaluc\u00eda. Junio 2021.\",\"datePublished\":\"2021-06-25T12:43:02+00:00\",\"dateModified\":\"2025-04-03T07:41:41+00:00\",\"mainEntityOfPage\":{\"@id\":\"https:\\\/\\\/www.rmcr.org\\\/en\\\/2021\\\/06\\\/25\\\/biblioteca-rmr-no-94-sierra-de-las-nieves-nuevo-parque-nacional-16o-de-espana-y-3o-de-andalucia-junio-2021\\\/\"},\"wordCount\":2592,\"commentCount\":0,\"publisher\":{\"@id\":\"https:\\\/\\\/www.rmcr.org\\\/en\\\/#organization\"},\"image\":{\"@id\":\"https:\\\/\\\/www.rmcr.org\\\/en\\\/2021\\\/06\\\/25\\\/biblioteca-rmr-no-94-sierra-de-las-nieves-nuevo-parque-nacional-16o-de-espana-y-3o-de-andalucia-junio-2021\\\/#primaryimage\"},\"thumbnailUrl\":\"https:\\\/\\\/www.rmcr.org\\\/wp-content\\\/uploads\\\/2022\\\/10\\\/sierra-nieves.jpg\",\"keywords\":[\"Bibliograf\u00edas\",\"Biblioteca\",\"Biblioteca-RMR\",\"Bolet\u00edn mensual bibliogr\u00e1fico\",\"Libros\",\"Sierra de las Nieves\"],\"articleSection\":[\"Biblioteca\",\"Bolet\u00edn bibliogr\u00e1fico Biblioteca-RMR\"],\"inLanguage\":\"en-US\",\"potentialAction\":[{\"@type\":\"CommentAction\",\"name\":\"Comment\",\"target\":[\"https:\\\/\\\/www.rmcr.org\\\/en\\\/2021\\\/06\\\/25\\\/biblioteca-rmr-no-94-sierra-de-las-nieves-nuevo-parque-nacional-16o-de-espana-y-3o-de-andalucia-junio-2021\\\/#respond\"]}]},{\"@type\":\"WebPage\",\"@id\":\"https:\\\/\\\/www.rmcr.org\\\/en\\\/2021\\\/06\\\/25\\\/biblioteca-rmr-no-94-sierra-de-las-nieves-nuevo-parque-nacional-16o-de-espana-y-3o-de-andalucia-junio-2021\\\/\",\"url\":\"https:\\\/\\\/www.rmcr.org\\\/en\\\/2021\\\/06\\\/25\\\/biblioteca-rmr-no-94-sierra-de-las-nieves-nuevo-parque-nacional-16o-de-espana-y-3o-de-andalucia-junio-2021\\\/\",\"name\":\"Biblioteca-RMR: N\u00ba 93. Sierra de las Nieves. Nuevo Parque Nacional, 16\u00ba de Espa\u00f1a y 3\u00ba de Andaluc\u00eda. Junio 2021. - Real Maestranza de Caballer\u00eda de Ronda\",\"isPartOf\":{\"@id\":\"https:\\\/\\\/www.rmcr.org\\\/en\\\/#website\"},\"primaryImageOfPage\":{\"@id\":\"https:\\\/\\\/www.rmcr.org\\\/en\\\/2021\\\/06\\\/25\\\/biblioteca-rmr-no-94-sierra-de-las-nieves-nuevo-parque-nacional-16o-de-espana-y-3o-de-andalucia-junio-2021\\\/#primaryimage\"},\"image\":{\"@id\":\"https:\\\/\\\/www.rmcr.org\\\/en\\\/2021\\\/06\\\/25\\\/biblioteca-rmr-no-94-sierra-de-las-nieves-nuevo-parque-nacional-16o-de-espana-y-3o-de-andalucia-junio-2021\\\/#primaryimage\"},\"thumbnailUrl\":\"https:\\\/\\\/www.rmcr.org\\\/wp-content\\\/uploads\\\/2022\\\/10\\\/sierra-nieves.jpg\",\"datePublished\":\"2021-06-25T12:43:02+00:00\",\"dateModified\":\"2025-04-03T07:41:41+00:00\",\"breadcrumb\":{\"@id\":\"https:\\\/\\\/www.rmcr.org\\\/en\\\/2021\\\/06\\\/25\\\/biblioteca-rmr-no-94-sierra-de-las-nieves-nuevo-parque-nacional-16o-de-espana-y-3o-de-andalucia-junio-2021\\\/#breadcrumb\"},\"inLanguage\":\"en-US\",\"potentialAction\":[{\"@type\":\"ReadAction\",\"target\":[\"https:\\\/\\\/www.rmcr.org\\\/en\\\/2021\\\/06\\\/25\\\/biblioteca-rmr-no-94-sierra-de-las-nieves-nuevo-parque-nacional-16o-de-espana-y-3o-de-andalucia-junio-2021\\\/\"]}]},{\"@type\":\"ImageObject\",\"inLanguage\":\"en-US\",\"@id\":\"https:\\\/\\\/www.rmcr.org\\\/en\\\/2021\\\/06\\\/25\\\/biblioteca-rmr-no-94-sierra-de-las-nieves-nuevo-parque-nacional-16o-de-espana-y-3o-de-andalucia-junio-2021\\\/#primaryimage\",\"url\":\"https:\\\/\\\/www.rmcr.org\\\/wp-content\\\/uploads\\\/2022\\\/10\\\/sierra-nieves.jpg\",\"contentUrl\":\"https:\\\/\\\/www.rmcr.org\\\/wp-content\\\/uploads\\\/2022\\\/10\\\/sierra-nieves.jpg\",\"width\":482,\"height\":143},{\"@type\":\"BreadcrumbList\",\"@id\":\"https:\\\/\\\/www.rmcr.org\\\/en\\\/2021\\\/06\\\/25\\\/biblioteca-rmr-no-94-sierra-de-las-nieves-nuevo-parque-nacional-16o-de-espana-y-3o-de-andalucia-junio-2021\\\/#breadcrumb\",\"itemListElement\":[{\"@type\":\"ListItem\",\"position\":1,\"name\":\"REAL MAESTRANZA DE CABALLER\u00cdA DE RONDA\",\"item\":\"https:\\\/\\\/www.rmcr.org\\\/en\\\/\"},{\"@type\":\"ListItem\",\"position\":2,\"name\":\"Biblioteca-RMR: N\u00ba 93. Sierra de las Nieves. Nuevo Parque Nacional, 16\u00ba de Espa\u00f1a y 3\u00ba de Andaluc\u00eda. Junio 2021.\"}]},{\"@type\":\"WebSite\",\"@id\":\"https:\\\/\\\/www.rmcr.org\\\/en\\\/#website\",\"url\":\"https:\\\/\\\/www.rmcr.org\\\/en\\\/\",\"name\":\"Real Maestranza de Caballer\u00eda de Ronda\",\"description\":\"Real Maestranza de Caballer\u00eda de Ronda\",\"publisher\":{\"@id\":\"https:\\\/\\\/www.rmcr.org\\\/en\\\/#organization\"},\"alternateName\":\"RMCR\",\"potentialAction\":[{\"@type\":\"SearchAction\",\"target\":{\"@type\":\"EntryPoint\",\"urlTemplate\":\"https:\\\/\\\/www.rmcr.org\\\/en\\\/?s={search_term_string}\"},\"query-input\":{\"@type\":\"PropertyValueSpecification\",\"valueRequired\":true,\"valueName\":\"search_term_string\"}}],\"inLanguage\":\"en-US\"},{\"@type\":\"Organization\",\"@id\":\"https:\\\/\\\/www.rmcr.org\\\/en\\\/#organization\",\"name\":\"Real Maestranza de Caballer\u00eda de Ronda\",\"alternateName\":\"RMR\",\"url\":\"https:\\\/\\\/www.rmcr.org\\\/en\\\/\",\"logo\":{\"@type\":\"ImageObject\",\"inLanguage\":\"en-US\",\"@id\":\"https:\\\/\\\/www.rmcr.org\\\/en\\\/#\\\/schema\\\/logo\\\/image\\\/\",\"url\":\"https:\\\/\\\/www.rmcr.org\\\/wp-content\\\/uploads\\\/2022\\\/07\\\/logo-rmr-blue.svg\",\"contentUrl\":\"https:\\\/\\\/www.rmcr.org\\\/wp-content\\\/uploads\\\/2022\\\/07\\\/logo-rmr-blue.svg\",\"width\":131,\"height\":129,\"caption\":\"Real Maestranza de Caballer\u00eda de Ronda\"},\"image\":{\"@id\":\"https:\\\/\\\/www.rmcr.org\\\/en\\\/#\\\/schema\\\/logo\\\/image\\\/\"},\"sameAs\":[\"https:\\\/\\\/www.facebook.com\\\/plazadetorosronda\",\"https:\\\/\\\/x.com\\\/PlazatorosRMR\",\"https:\\\/\\\/www.instagram.com\\\/realmaestranzaderonda\\\/\",\"https:\\\/\\\/www.youtube.com\\\/channel\\\/UCrbO5IUN-8v_QML739vM4zg\\\/videos\"]},{\"@type\":\"Person\",\"@id\":\"https:\\\/\\\/www.rmcr.org\\\/en\\\/#\\\/schema\\\/person\\\/80849edee7ef556893505128619ea1d0\",\"name\":\"BIBLIOTECA\",\"image\":{\"@type\":\"ImageObject\",\"inLanguage\":\"en-US\",\"@id\":\"https:\\\/\\\/www.rmcr.org\\\/wp-content\\\/uploads\\\/2022\\\/11\\\/avatar-rmcr-96x96.png\",\"url\":\"https:\\\/\\\/www.rmcr.org\\\/wp-content\\\/uploads\\\/2022\\\/11\\\/avatar-rmcr-96x96.png\",\"contentUrl\":\"https:\\\/\\\/www.rmcr.org\\\/wp-content\\\/uploads\\\/2022\\\/11\\\/avatar-rmcr-96x96.png\",\"caption\":\"BIBLIOTECA\"},\"url\":\"https:\\\/\\\/www.rmcr.org\\\/en\\\/author\\\/juan-antonio-moreno\\\/\"}]}<\/script>\n<!-- \/ Yoast SEO plugin. -->","yoast_head_json":{"title":"Biblioteca-RMR: N\u00ba 93. Sierra de las Nieves. Nuevo Parque Nacional, 16\u00ba de Espa\u00f1a y 3\u00ba de Andaluc\u00eda. Junio 2021. - Real Maestranza de Caballer\u00eda de Ronda","robots":{"index":"index","follow":"follow","max-snippet":"max-snippet:-1","max-image-preview":"max-image-preview:large","max-video-preview":"max-video-preview:-1"},"canonical":"https:\/\/www.rmcr.org\/en\/2021\/06\/25\/biblioteca-rmr-no-94-sierra-de-las-nieves-nuevo-parque-nacional-16o-de-espana-y-3o-de-andalucia-junio-2021\/","og_locale":"en_US","og_type":"article","og_title":"Biblioteca-RMR: N\u00ba 93. Sierra de las Nieves. Nuevo Parque Nacional, 16\u00ba de Espa\u00f1a y 3\u00ba de Andaluc\u00eda. Junio 2021. - Real Maestranza de Caballer\u00eda de Ronda","og_description":"La Sierra de las Nieves ha sido declarada Parque Nacional, lo que representa la m\u00e1xima figura de protecci\u00f3n medioambiental existente en Espa\u00f1a. El nuevo parque es el decimosexto en el c\u00f3mputo nacional y el tercero en el \u00e1mbito andaluz. Ocupa una extensi\u00f3n de m\u00e1s de 23.000 hect\u00e1reas, poseyendo el 65% de la superficie de pinsapos que se localizan en la pen\u00ednsula Ib\u00e9rica. Aparte de varias plantas end\u00e9micas, tambi\u00e9n tiene una importante diversidad de fauna. Posee igualmente un singular paisaje geol\u00f3gico. Se extiende por las localidades malague\u00f1as de Benahavis, El Burgo, Ist\u00e1n, Monda, Parauta, Ronda, Tolox y Yunquera, influyendo en otros seis municipios reserva de la biosfera (Alozaina, Casarabonela, Guaro, Igualeja, Oj\u00e9n y Serrato). La Sierra de las Nieves es un territorio natural \u00fanico y un gran ejemplo de una forma de vida estrechamente ligada al medio natural.","og_url":"https:\/\/www.rmcr.org\/en\/2021\/06\/25\/biblioteca-rmr-no-94-sierra-de-las-nieves-nuevo-parque-nacional-16o-de-espana-y-3o-de-andalucia-junio-2021\/","og_site_name":"Real Maestranza de Caballer\u00eda de Ronda","article_publisher":"https:\/\/www.facebook.com\/plazadetorosronda","article_published_time":"2021-06-25T12:43:02+00:00","article_modified_time":"2025-04-03T07:41:41+00:00","og_image":[{"width":482,"height":143,"url":"https:\/\/www.rmcr.org\/wp-content\/uploads\/2022\/10\/sierra-nieves.jpg","type":"image\/jpeg"}],"author":"BIBLIOTECA","twitter_card":"summary_large_image","twitter_creator":"@PlazatorosRMR","twitter_site":"@PlazatorosRMR","twitter_misc":{"Written by":"BIBLIOTECA","Est. reading time":"13 minutes"},"schema":{"@context":"https:\/\/schema.org","@graph":[{"@type":"Article","@id":"https:\/\/www.rmcr.org\/en\/2021\/06\/25\/biblioteca-rmr-no-94-sierra-de-las-nieves-nuevo-parque-nacional-16o-de-espana-y-3o-de-andalucia-junio-2021\/#article","isPartOf":{"@id":"https:\/\/www.rmcr.org\/en\/2021\/06\/25\/biblioteca-rmr-no-94-sierra-de-las-nieves-nuevo-parque-nacional-16o-de-espana-y-3o-de-andalucia-junio-2021\/"},"author":{"name":"BIBLIOTECA","@id":"https:\/\/www.rmcr.org\/en\/#\/schema\/person\/80849edee7ef556893505128619ea1d0"},"headline":"Biblioteca-RMR: N\u00ba 93. Sierra de las Nieves. Nuevo Parque Nacional, 16\u00ba de Espa\u00f1a y 3\u00ba de Andaluc\u00eda. Junio 2021.","datePublished":"2021-06-25T12:43:02+00:00","dateModified":"2025-04-03T07:41:41+00:00","mainEntityOfPage":{"@id":"https:\/\/www.rmcr.org\/en\/2021\/06\/25\/biblioteca-rmr-no-94-sierra-de-las-nieves-nuevo-parque-nacional-16o-de-espana-y-3o-de-andalucia-junio-2021\/"},"wordCount":2592,"commentCount":0,"publisher":{"@id":"https:\/\/www.rmcr.org\/en\/#organization"},"image":{"@id":"https:\/\/www.rmcr.org\/en\/2021\/06\/25\/biblioteca-rmr-no-94-sierra-de-las-nieves-nuevo-parque-nacional-16o-de-espana-y-3o-de-andalucia-junio-2021\/#primaryimage"},"thumbnailUrl":"https:\/\/www.rmcr.org\/wp-content\/uploads\/2022\/10\/sierra-nieves.jpg","keywords":["Bibliograf\u00edas","Biblioteca","Biblioteca-RMR","Bolet\u00edn mensual bibliogr\u00e1fico","Libros","Sierra de las Nieves"],"articleSection":["Biblioteca","Bolet\u00edn bibliogr\u00e1fico Biblioteca-RMR"],"inLanguage":"en-US","potentialAction":[{"@type":"CommentAction","name":"Comment","target":["https:\/\/www.rmcr.org\/en\/2021\/06\/25\/biblioteca-rmr-no-94-sierra-de-las-nieves-nuevo-parque-nacional-16o-de-espana-y-3o-de-andalucia-junio-2021\/#respond"]}]},{"@type":"WebPage","@id":"https:\/\/www.rmcr.org\/en\/2021\/06\/25\/biblioteca-rmr-no-94-sierra-de-las-nieves-nuevo-parque-nacional-16o-de-espana-y-3o-de-andalucia-junio-2021\/","url":"https:\/\/www.rmcr.org\/en\/2021\/06\/25\/biblioteca-rmr-no-94-sierra-de-las-nieves-nuevo-parque-nacional-16o-de-espana-y-3o-de-andalucia-junio-2021\/","name":"Biblioteca-RMR: N\u00ba 93. Sierra de las Nieves. Nuevo Parque Nacional, 16\u00ba de Espa\u00f1a y 3\u00ba de Andaluc\u00eda. Junio 2021. - Real Maestranza de Caballer\u00eda de Ronda","isPartOf":{"@id":"https:\/\/www.rmcr.org\/en\/#website"},"primaryImageOfPage":{"@id":"https:\/\/www.rmcr.org\/en\/2021\/06\/25\/biblioteca-rmr-no-94-sierra-de-las-nieves-nuevo-parque-nacional-16o-de-espana-y-3o-de-andalucia-junio-2021\/#primaryimage"},"image":{"@id":"https:\/\/www.rmcr.org\/en\/2021\/06\/25\/biblioteca-rmr-no-94-sierra-de-las-nieves-nuevo-parque-nacional-16o-de-espana-y-3o-de-andalucia-junio-2021\/#primaryimage"},"thumbnailUrl":"https:\/\/www.rmcr.org\/wp-content\/uploads\/2022\/10\/sierra-nieves.jpg","datePublished":"2021-06-25T12:43:02+00:00","dateModified":"2025-04-03T07:41:41+00:00","breadcrumb":{"@id":"https:\/\/www.rmcr.org\/en\/2021\/06\/25\/biblioteca-rmr-no-94-sierra-de-las-nieves-nuevo-parque-nacional-16o-de-espana-y-3o-de-andalucia-junio-2021\/#breadcrumb"},"inLanguage":"en-US","potentialAction":[{"@type":"ReadAction","target":["https:\/\/www.rmcr.org\/en\/2021\/06\/25\/biblioteca-rmr-no-94-sierra-de-las-nieves-nuevo-parque-nacional-16o-de-espana-y-3o-de-andalucia-junio-2021\/"]}]},{"@type":"ImageObject","inLanguage":"en-US","@id":"https:\/\/www.rmcr.org\/en\/2021\/06\/25\/biblioteca-rmr-no-94-sierra-de-las-nieves-nuevo-parque-nacional-16o-de-espana-y-3o-de-andalucia-junio-2021\/#primaryimage","url":"https:\/\/www.rmcr.org\/wp-content\/uploads\/2022\/10\/sierra-nieves.jpg","contentUrl":"https:\/\/www.rmcr.org\/wp-content\/uploads\/2022\/10\/sierra-nieves.jpg","width":482,"height":143},{"@type":"BreadcrumbList","@id":"https:\/\/www.rmcr.org\/en\/2021\/06\/25\/biblioteca-rmr-no-94-sierra-de-las-nieves-nuevo-parque-nacional-16o-de-espana-y-3o-de-andalucia-junio-2021\/#breadcrumb","itemListElement":[{"@type":"ListItem","position":1,"name":"REAL MAESTRANZA DE CABALLER\u00cdA DE RONDA","item":"https:\/\/www.rmcr.org\/en\/"},{"@type":"ListItem","position":2,"name":"Biblioteca-RMR: N\u00ba 93. Sierra de las Nieves. Nuevo Parque Nacional, 16\u00ba de Espa\u00f1a y 3\u00ba de Andaluc\u00eda. Junio 2021."}]},{"@type":"WebSite","@id":"https:\/\/www.rmcr.org\/en\/#website","url":"https:\/\/www.rmcr.org\/en\/","name":"Real Maestranza de Caballer\u00eda de Ronda","description":"Real Maestranza de Caballer\u00eda de Ronda","publisher":{"@id":"https:\/\/www.rmcr.org\/en\/#organization"},"alternateName":"RMCR","potentialAction":[{"@type":"SearchAction","target":{"@type":"EntryPoint","urlTemplate":"https:\/\/www.rmcr.org\/en\/?s={search_term_string}"},"query-input":{"@type":"PropertyValueSpecification","valueRequired":true,"valueName":"search_term_string"}}],"inLanguage":"en-US"},{"@type":"Organization","@id":"https:\/\/www.rmcr.org\/en\/#organization","name":"Real Maestranza de Caballer\u00eda de Ronda","alternateName":"RMR","url":"https:\/\/www.rmcr.org\/en\/","logo":{"@type":"ImageObject","inLanguage":"en-US","@id":"https:\/\/www.rmcr.org\/en\/#\/schema\/logo\/image\/","url":"https:\/\/www.rmcr.org\/wp-content\/uploads\/2022\/07\/logo-rmr-blue.svg","contentUrl":"https:\/\/www.rmcr.org\/wp-content\/uploads\/2022\/07\/logo-rmr-blue.svg","width":131,"height":129,"caption":"Real Maestranza de Caballer\u00eda de Ronda"},"image":{"@id":"https:\/\/www.rmcr.org\/en\/#\/schema\/logo\/image\/"},"sameAs":["https:\/\/www.facebook.com\/plazadetorosronda","https:\/\/x.com\/PlazatorosRMR","https:\/\/www.instagram.com\/realmaestranzaderonda\/","https:\/\/www.youtube.com\/channel\/UCrbO5IUN-8v_QML739vM4zg\/videos"]},{"@type":"Person","@id":"https:\/\/www.rmcr.org\/en\/#\/schema\/person\/80849edee7ef556893505128619ea1d0","name":"BIBLIOTECA","image":{"@type":"ImageObject","inLanguage":"en-US","@id":"https:\/\/www.rmcr.org\/wp-content\/uploads\/2022\/11\/avatar-rmcr-96x96.png","url":"https:\/\/www.rmcr.org\/wp-content\/uploads\/2022\/11\/avatar-rmcr-96x96.png","contentUrl":"https:\/\/www.rmcr.org\/wp-content\/uploads\/2022\/11\/avatar-rmcr-96x96.png","caption":"BIBLIOTECA"},"url":"https:\/\/www.rmcr.org\/en\/author\/juan-antonio-moreno\/"}]}},"_links":{"self":[{"href":"https:\/\/www.rmcr.org\/en\/wp-json\/wp\/v2\/posts\/6258","targetHints":{"allow":["GET"]}}],"collection":[{"href":"https:\/\/www.rmcr.org\/en\/wp-json\/wp\/v2\/posts"}],"about":[{"href":"https:\/\/www.rmcr.org\/en\/wp-json\/wp\/v2\/types\/post"}],"author":[{"embeddable":true,"href":"https:\/\/www.rmcr.org\/en\/wp-json\/wp\/v2\/users\/2"}],"replies":[{"embeddable":true,"href":"https:\/\/www.rmcr.org\/en\/wp-json\/wp\/v2\/comments?post=6258"}],"version-history":[{"count":3,"href":"https:\/\/www.rmcr.org\/en\/wp-json\/wp\/v2\/posts\/6258\/revisions"}],"predecessor-version":[{"id":18330,"href":"https:\/\/www.rmcr.org\/en\/wp-json\/wp\/v2\/posts\/6258\/revisions\/18330"}],"wp:featuredmedia":[{"embeddable":true,"href":"https:\/\/www.rmcr.org\/en\/wp-json\/wp\/v2\/media\/11985"}],"wp:attachment":[{"href":"https:\/\/www.rmcr.org\/en\/wp-json\/wp\/v2\/media?parent=6258"}],"wp:term":[{"taxonomy":"category","embeddable":true,"href":"https:\/\/www.rmcr.org\/en\/wp-json\/wp\/v2\/categories?post=6258"},{"taxonomy":"post_tag","embeddable":true,"href":"https:\/\/www.rmcr.org\/en\/wp-json\/wp\/v2\/tags?post=6258"}],"curies":[{"name":"wp","href":"https:\/\/api.w.org\/{rel}","templated":true}]}}