{"id":6256,"date":"2021-05-12T17:04:01","date_gmt":"2021-05-12T17:04:01","guid":{"rendered":"https:\/\/www.rmcr.org\/?p=6256"},"modified":"2025-04-04T10:06:01","modified_gmt":"2025-04-04T10:06:01","slug":"emilia-pardo-bazan-centenario-de-su-fallecimiento-1921-2021","status":"publish","type":"post","link":"https:\/\/www.rmcr.org\/en\/2021\/05\/12\/emilia-pardo-bazan-centenario-de-su-fallecimiento-1921-2021\/","title":{"rendered":"Emilia Pardo Baz\u00e1n, centenario de su fallecimiento, 1921 &#8211; 2021 y su relaci\u00f3n con la RMR."},"content":{"rendered":"\n<p>Documentos en el Archivo de la RMR 2021 &#8211; 32<\/p>\n\n\n\n<p class=\"has-text-align-justify\">Con esta breve entrada en el blog de cultura de la RMR, el archivo de la Real Maestranza de Caballer\u00eda de Ronda se une a la conmemoraci\u00f3n del centenario por el fallecimiento, 12 de mayo de 1921, de la arist\u00f3crata y escritora <strong>Emilia Pardo Baz\u00e1n, Condesa de Pardo Baz\u00e1n.<\/strong><\/p>\n\n\n\n<p class=\"has-text-align-justify\">Figura fundamental de la literatura espa\u00f1ola, en la que destac\u00f3 en sus diferentes facetas: ensayo, novela, poes\u00eda y cr\u00edtica literaria. En su obra siempre est\u00e1 presente su compromiso social como defensora de los derechos de la mujer, con especial \u00e9nfasis en propiciar el acceso, por parte de la mujer, a la educaci\u00f3n y a la cultura.<\/p>\n\n\n\n<figure class=\"wp-block-image aligncenter size-large is-resized\"><a href=\"https:\/\/www.rmcr.org\/2021\/05\/7979_emilia-pardo-bazan-de-la-rua-figueroa.jpg\"><img fetchpriority=\"high\" decoding=\"async\" src=\"https:\/\/www.rmcr.org\/wp-content\/uploads\/2021\/05\/7979_emilia-pardo-bazan-de-la-rua-figueroa.jpg?w=940\" alt=\"\" class=\"wp-image-3704\" width=\"431\" height=\"287\"\/><\/a><\/figure>\n\n\n\n<p class=\"has-text-align-justify\">La relaci\u00f3n de la Real Maestranza de Caballer\u00eda de Ronda y la autora gallega tiene dos l\u00edneas. Por un lado, c\u00f3mo no, a trav\u00e9s de la literatura y de la mano de <strong>Juan P\u00e9rez de Guzm\u00e1n<\/strong>. Este periodista, historiador y pol\u00edtico liberal ronde\u00f1o, como otros de su generaci\u00f3n, se afinc\u00f3 en Madrid a mitad del siglo XIX donde conocer\u00eda a la escritora gallega. P\u00e9rez de Guzm\u00e1n form\u00f3 parte activa de la vida pol\u00edtica, intelectual y cultural de la capital hasta principios del siglo XX, falleciendo pocos a\u00f1os despu\u00e9s que Pardo Baz\u00e1n, el 22 de abril de 1928.<\/p>\n\n\n\n<figure class=\"wp-block-image aligncenter size-large is-resized\"><a href=\"https:\/\/www.rmcr.org\/2021\/05\/12280211.jpg\"><img decoding=\"async\" src=\"https:\/\/www.rmcr.org\/wp-content\/uploads\/2021\/05\/12280211.jpg?w=372\" alt=\"\" class=\"wp-image-3706\" width=\"281\" height=\"390\"\/><\/a><\/figure>\n\n\n\n<p class=\"has-text-align-justify\">De esta relaci\u00f3n conservamos en el archivo dos documentos manuscritos de Emilia Pardo Baz\u00e1n. Dos peque\u00f1as cartas, sin fechar, que revelan el inter\u00e9s por la poes\u00eda de los dos escritores. Est\u00e1n motivados por la participaci\u00f3n de la escritora en la obra po\u00e9tica que estaba preparando P\u00e9rez de Guzm\u00e1n, dedicada a <em>La Rosa. Manojo de la poes\u00eda castellana formado con las mejores producciones l\u00edricas consagradas a la reina de las flores durante los siglos XVI, XVII, XVIII y XIX por los poetas de los dos mundos<\/em> (Madrid 1891 vol.1 y 1892 vol.2), lo que nos indica las fechas aproximadas de la producci\u00f3n de las dos ep\u00edstolas.<\/p>\n\n\n\n<p class=\"has-text-align-justify\">En la primera, Emilia Pardo Baz\u00e1n le env\u00eda <em>&#8220;un sonetucho&#8221;<\/em>, como ella misma lo describe, titul\u00e1ndolo <em>&#8220;Evoluci\u00f3n de la Rosa&#8221;<\/em>, haciendo una analog\u00eda entre la armon\u00eda de la antigua Grecia, la hermosura de Ven\u00fas y la belleza de la rosa; la firma con su nombre completo. En el otro documento le explica a su <em>&#8220;buen amigo&#8221;<\/em> la imposibilidad de haber concertado una cita para una charla pendiente, emplaz\u00e1ndolo <em>&#8220;&#8230; el lunes a primera hora (1 1\/2) que no hay gente&#8230;&#8221;<\/em>, sin citar el lugar, ya que, deber\u00eda ser algo usual para los dos. Se despide sintiendo su mal y desando pronto alivio, en este caso firma como: Emilia.<\/p>\n\n\n\n<div class=\"wp-block-columns is-layout-flex wp-container-core-columns-is-layout-28f84493 wp-block-columns-is-layout-flex\">\n<div class=\"wp-block-column is-layout-flow wp-block-column-is-layout-flow\" style=\"flex-basis:100%\">\n<figure class=\"wp-block-image aligncenter size-large is-resized\"><a href=\"https:\/\/www.rmcr.org\/2021\/05\/perez-de-guzman015.jpg\"><img decoding=\"async\" src=\"https:\/\/www.rmcr.org\/wp-content\/uploads\/2021\/05\/perez-de-guzman015.jpg?w=506\" alt=\"\" class=\"wp-image-3708\" width=\"326\" height=\"658\"\/><\/a><\/figure>\n<\/div>\n<\/div>\n\n\n\n<div class=\"wp-block-columns is-layout-flex wp-container-core-columns-is-layout-28f84493 wp-block-columns-is-layout-flex\">\n<div class=\"wp-block-column is-layout-flow wp-block-column-is-layout-flow\" style=\"flex-basis:100%\">\n<figure class=\"wp-block-image aligncenter size-large is-resized\"><a href=\"https:\/\/www.rmcr.org\/2021\/05\/perez-de-guzman017-copia.jpg\"><img loading=\"lazy\" decoding=\"async\" src=\"https:\/\/www.rmcr.org\/wp-content\/uploads\/2021\/05\/perez-de-guzman017-copia.jpg?w=506\" alt=\"\" class=\"wp-image-3710\" width=\"291\" height=\"588\"\/><\/a><\/figure>\n<\/div>\n<\/div>\n\n\n\n<p class=\"has-text-align-center has-vivid-cyan-blue-color has-text-color has-small-font-size\">Cartas de Emilia Pardo Baz\u00e1n a Juan P\u00e9rez de Guzm\u00e1n para la publicaci\u00f3n del libro &#8220;La Rosa&#8221;, Sig.Leg.546-C1<\/p>\n\n\n\n<p class=\"has-text-align-justify\">Estos documentos manuscritos, relacionados con la edici\u00f3n de la obra \u201cLa Rosa&#8221;, junto a otras ep\u00edstolas y notas de escritores, pol\u00edticos e intelectuales de la \u00e9poca como: Luis Montoto, Francisco Guill\u00e9n Robles, Enrique Ram\u00edrez de Saavedra y Cueto, Manuel Reina Montilla, Carlos Fern\u00e1ndez Shaw, Llorente Olivares y un largo etc\u00e9tera, forman parte de una colecci\u00f3n documentos personales y profesionales del archivo privado de Juan P\u00e9rez de Guzm\u00e1n y Gallo, propiedad del IES P\u00e9rez de Guzm\u00e1n de Ronda, que se encuentran depositados, por iniciativa del centro educativo para su conservaci\u00f3n, gesti\u00f3n y puesta en valor en la Real Maestranza, por acuerdo firmado en diciembre de 2017.<\/p>\n\n\n\n<p class=\"has-text-align-justify\">La segunda l\u00ednea de relaci\u00f3n con la instituci\u00f3n ronde\u00f1a es la familiar, ya que, el marido de la escritora J<strong>os\u00e9 Quiroga P\u00e9rez de Deza<\/strong> y sus hijos <strong>Jaime y Carmen Quiroga Pardo Baz\u00e1n<\/strong> fueron miembros de la Real Maestranza de Caballer\u00eda de Ronda. El padre ingres\u00f3 como Caballero Maestrante en 1887 y el hijo en 1902, su hija Carmen, lo hizo como Dama Maestrante en 1917, conserv\u00e1ndose expedientes de ingreso en el archivo de la instituci\u00f3n. La informaci\u00f3n geneal\u00f3gica de la familia de Emilia Pardo Baz\u00e1n se puede consultar en el art\u00edculo de Carlos Odriozola Rico-Avello, <em>&#8220;Los Mosquera, Se\u00f1ores de Bentraces, Marqueses de Aranda y Guimarey. La familia inmediata de do\u00f1a Emilia Pardo Baz\u00e1n&#8221;<\/em>, en La Tribuna, Cuadernos de Estudios de la Casa-Museo Emilia Pardo Baz\u00e1n, N\u00fam. 12, 00 &#8211; 00, 2017, al cual agradecemos su nota sobre la relaci\u00f3n de esta familia con la instituci\u00f3n.<\/p>\n\n\n\n<p class=\"has-text-align-justify\"><br><br><\/p>\n\n\n\n<figure class=\"wp-block-image aligncenter size-large is-resized\"><a href=\"https:\/\/www.rmcr.org\/2021\/05\/sig.leg_.180-c15.jpg\"><img loading=\"lazy\" decoding=\"async\" src=\"https:\/\/www.rmcr.org\/wp-content\/uploads\/2021\/05\/sig.leg_.180-c15.jpg?w=712\" alt=\"\" class=\"wp-image-3731\" width=\"336\" height=\"483\"\/><\/a><\/figure>\n\n\n\n<p class=\"has-text-align-center has-vivid-cyan-blue-color has-text-color has-small-font-size\">Solicitud de ingreso en la Real Maestranza por Jos\u00e9 Quiroga, en La Coru\u00f1a el 23 de agosto de 1885. Sig.Leg.180-C15<\/p>\n\n\n\n<figure class=\"wp-block-image aligncenter size-large is-resized\"><a href=\"https:\/\/www.rmcr.org\/2021\/05\/sig.leg_.231-c3.jpg\"><img loading=\"lazy\" decoding=\"async\" src=\"https:\/\/www.rmcr.org\/wp-content\/uploads\/2021\/05\/sig.leg_.231-c3.jpg?w=744\" alt=\"\" class=\"wp-image-3733\" width=\"325\" height=\"447\"\/><\/a><\/figure>\n\n\n\n<p class=\"has-text-align-center has-vivid-cyan-blue-color has-text-color has-small-font-size\">Partida de bautismo de Carmen Quiroga Pardo Baz\u00e1n, en la parroquia de Santiago de La Coru\u00f1a en 11 de octubre de 1881, Sig.Leg.231-C3<\/p>\n\n\n\n<p>Informaci\u00f3n del archivo P\u00e9rez de Guzm\u00e1n: <a href=\"https:\/\/www.rmcr.org\/2018\/01\/documentos-archivo-rmr-nc2ba13-2018-pc3a9rez-de-guzmc3a1n-y-gallo.pdf\">Documentos en el archivo de la RMR 2018-13<\/a><\/p>\n\n\n\n<p><\/p>\n","protected":false},"excerpt":{"rendered":"<p>Documentos en el Archivo de la RMR 2021 &#8211; 32 Con esta breve entrada en el blog de cultura de la RMR, el archivo de la Real Maestranza de Caballer\u00eda de Ronda se une a la conmemoraci\u00f3n del centenario por el fallecimiento, 12 de mayo de 1921, de la arist\u00f3crata y escritora Emilia Pardo Baz\u00e1n, [&hellip;]<\/p>\n","protected":false},"author":3,"featured_media":11898,"comment_status":"open","ping_status":"open","sticky":false,"template":"","format":"standard","meta":{"footnotes":""},"categories":[134,512],"tags":[235,225],"class_list":["post-6256","post","type-post","status-publish","format-standard","has-post-thumbnail","hentry","category-archivo","category-documentos-archivos-rmr","tag-archivo","tag-fondos-documentales"],"yoast_head":"<!-- This site is optimized with the Yoast SEO plugin v27.5 - https:\/\/yoast.com\/product\/yoast-seo-wordpress\/ -->\n<title>Emilia Pardo Baz\u00e1n, centenario de su fallecimiento, 1921 - 2021 y su relaci\u00f3n con la RMR. - Real Maestranza de Caballer\u00eda de Ronda<\/title>\n<meta name=\"robots\" content=\"index, follow, max-snippet:-1, max-image-preview:large, max-video-preview:-1\" \/>\n<link rel=\"canonical\" href=\"https:\/\/www.rmcr.org\/en\/2021\/05\/12\/emilia-pardo-bazan-centenario-de-su-fallecimiento-1921-2021\/\" \/>\n<meta property=\"og:locale\" content=\"en_US\" \/>\n<meta property=\"og:type\" content=\"article\" \/>\n<meta property=\"og:title\" content=\"Emilia Pardo Baz\u00e1n, centenario de su fallecimiento, 1921 - 2021 y su relaci\u00f3n con la RMR. - Real Maestranza de Caballer\u00eda de Ronda\" \/>\n<meta property=\"og:description\" content=\"Documentos en el Archivo de la RMR 2021 &#8211; 32 Con esta breve entrada en el blog de cultura de la RMR, el archivo de la Real Maestranza de Caballer\u00eda de Ronda se une a la conmemoraci\u00f3n del centenario por el fallecimiento, 12 de mayo de 1921, de la arist\u00f3crata y escritora Emilia Pardo Baz\u00e1n, [&hellip;]\" \/>\n<meta property=\"og:url\" content=\"https:\/\/www.rmcr.org\/en\/2021\/05\/12\/emilia-pardo-bazan-centenario-de-su-fallecimiento-1921-2021\/\" \/>\n<meta property=\"og:site_name\" content=\"Real Maestranza de Caballer\u00eda de Ronda\" \/>\n<meta property=\"article:publisher\" content=\"https:\/\/www.facebook.com\/plazadetorosronda\" \/>\n<meta property=\"article:published_time\" content=\"2021-05-12T17:04:01+00:00\" \/>\n<meta property=\"article:modified_time\" content=\"2025-04-04T10:06:01+00:00\" \/>\n<meta property=\"og:image\" content=\"https:\/\/www.rmcr.org\/wp-content\/uploads\/2022\/10\/destacada-6.jpg\" \/>\n\t<meta property=\"og:image:width\" content=\"886\" \/>\n\t<meta property=\"og:image:height\" content=\"295\" \/>\n\t<meta property=\"og:image:type\" content=\"image\/jpeg\" \/>\n<meta name=\"author\" content=\"ARCHIVO\" \/>\n<meta name=\"twitter:card\" content=\"summary_large_image\" \/>\n<meta name=\"twitter:creator\" content=\"@PlazatorosRMR\" \/>\n<meta name=\"twitter:site\" content=\"@PlazatorosRMR\" \/>\n<meta name=\"twitter:label1\" content=\"Written by\" \/>\n\t<meta name=\"twitter:data1\" content=\"ARCHIVO\" \/>\n\t<meta name=\"twitter:label2\" content=\"Est. reading time\" \/>\n\t<meta name=\"twitter:data2\" content=\"4 minutes\" \/>\n<script type=\"application\/ld+json\" class=\"yoast-schema-graph\">{\"@context\":\"https:\\\/\\\/schema.org\",\"@graph\":[{\"@type\":\"Article\",\"@id\":\"https:\\\/\\\/www.rmcr.org\\\/en\\\/2021\\\/05\\\/12\\\/emilia-pardo-bazan-centenario-de-su-fallecimiento-1921-2021\\\/#article\",\"isPartOf\":{\"@id\":\"https:\\\/\\\/www.rmcr.org\\\/en\\\/2021\\\/05\\\/12\\\/emilia-pardo-bazan-centenario-de-su-fallecimiento-1921-2021\\\/\"},\"author\":{\"name\":\"ARCHIVO\",\"@id\":\"https:\\\/\\\/www.rmcr.org\\\/en\\\/#\\\/schema\\\/person\\\/f182f13b406ff40dd281a5ecca93380e\"},\"headline\":\"Emilia Pardo Baz\u00e1n, centenario de su fallecimiento, 1921 &#8211; 2021 y su relaci\u00f3n con la RMR.\",\"datePublished\":\"2021-05-12T17:04:01+00:00\",\"dateModified\":\"2025-04-04T10:06:01+00:00\",\"mainEntityOfPage\":{\"@id\":\"https:\\\/\\\/www.rmcr.org\\\/en\\\/2021\\\/05\\\/12\\\/emilia-pardo-bazan-centenario-de-su-fallecimiento-1921-2021\\\/\"},\"wordCount\":843,\"commentCount\":0,\"publisher\":{\"@id\":\"https:\\\/\\\/www.rmcr.org\\\/en\\\/#organization\"},\"image\":{\"@id\":\"https:\\\/\\\/www.rmcr.org\\\/en\\\/2021\\\/05\\\/12\\\/emilia-pardo-bazan-centenario-de-su-fallecimiento-1921-2021\\\/#primaryimage\"},\"thumbnailUrl\":\"https:\\\/\\\/www.rmcr.org\\\/wp-content\\\/uploads\\\/2022\\\/10\\\/destacada-6.jpg\",\"keywords\":[\"Archivo\",\"Fondos documentales\"],\"articleSection\":[\"Archivo\",\"Documentos Archivo RMR\"],\"inLanguage\":\"en-US\",\"potentialAction\":[{\"@type\":\"CommentAction\",\"name\":\"Comment\",\"target\":[\"https:\\\/\\\/www.rmcr.org\\\/en\\\/2021\\\/05\\\/12\\\/emilia-pardo-bazan-centenario-de-su-fallecimiento-1921-2021\\\/#respond\"]}]},{\"@type\":\"WebPage\",\"@id\":\"https:\\\/\\\/www.rmcr.org\\\/en\\\/2021\\\/05\\\/12\\\/emilia-pardo-bazan-centenario-de-su-fallecimiento-1921-2021\\\/\",\"url\":\"https:\\\/\\\/www.rmcr.org\\\/en\\\/2021\\\/05\\\/12\\\/emilia-pardo-bazan-centenario-de-su-fallecimiento-1921-2021\\\/\",\"name\":\"Emilia Pardo Baz\u00e1n, centenario de su fallecimiento, 1921 - 2021 y su relaci\u00f3n con la RMR. - Real Maestranza de Caballer\u00eda de Ronda\",\"isPartOf\":{\"@id\":\"https:\\\/\\\/www.rmcr.org\\\/en\\\/#website\"},\"primaryImageOfPage\":{\"@id\":\"https:\\\/\\\/www.rmcr.org\\\/en\\\/2021\\\/05\\\/12\\\/emilia-pardo-bazan-centenario-de-su-fallecimiento-1921-2021\\\/#primaryimage\"},\"image\":{\"@id\":\"https:\\\/\\\/www.rmcr.org\\\/en\\\/2021\\\/05\\\/12\\\/emilia-pardo-bazan-centenario-de-su-fallecimiento-1921-2021\\\/#primaryimage\"},\"thumbnailUrl\":\"https:\\\/\\\/www.rmcr.org\\\/wp-content\\\/uploads\\\/2022\\\/10\\\/destacada-6.jpg\",\"datePublished\":\"2021-05-12T17:04:01+00:00\",\"dateModified\":\"2025-04-04T10:06:01+00:00\",\"breadcrumb\":{\"@id\":\"https:\\\/\\\/www.rmcr.org\\\/en\\\/2021\\\/05\\\/12\\\/emilia-pardo-bazan-centenario-de-su-fallecimiento-1921-2021\\\/#breadcrumb\"},\"inLanguage\":\"en-US\",\"potentialAction\":[{\"@type\":\"ReadAction\",\"target\":[\"https:\\\/\\\/www.rmcr.org\\\/en\\\/2021\\\/05\\\/12\\\/emilia-pardo-bazan-centenario-de-su-fallecimiento-1921-2021\\\/\"]}]},{\"@type\":\"ImageObject\",\"inLanguage\":\"en-US\",\"@id\":\"https:\\\/\\\/www.rmcr.org\\\/en\\\/2021\\\/05\\\/12\\\/emilia-pardo-bazan-centenario-de-su-fallecimiento-1921-2021\\\/#primaryimage\",\"url\":\"https:\\\/\\\/www.rmcr.org\\\/wp-content\\\/uploads\\\/2022\\\/10\\\/destacada-6.jpg\",\"contentUrl\":\"https:\\\/\\\/www.rmcr.org\\\/wp-content\\\/uploads\\\/2022\\\/10\\\/destacada-6.jpg\",\"width\":886,\"height\":295},{\"@type\":\"BreadcrumbList\",\"@id\":\"https:\\\/\\\/www.rmcr.org\\\/en\\\/2021\\\/05\\\/12\\\/emilia-pardo-bazan-centenario-de-su-fallecimiento-1921-2021\\\/#breadcrumb\",\"itemListElement\":[{\"@type\":\"ListItem\",\"position\":1,\"name\":\"REAL MAESTRANZA DE CABALLER\u00cdA DE RONDA\",\"item\":\"https:\\\/\\\/www.rmcr.org\\\/en\\\/\"},{\"@type\":\"ListItem\",\"position\":2,\"name\":\"Emilia Pardo Baz\u00e1n, centenario de su fallecimiento, 1921 &#8211; 2021 y su relaci\u00f3n con la RMR.\"}]},{\"@type\":\"WebSite\",\"@id\":\"https:\\\/\\\/www.rmcr.org\\\/en\\\/#website\",\"url\":\"https:\\\/\\\/www.rmcr.org\\\/en\\\/\",\"name\":\"Real Maestranza de Caballer\u00eda de Ronda\",\"description\":\"Real Maestranza de Caballer\u00eda de Ronda\",\"publisher\":{\"@id\":\"https:\\\/\\\/www.rmcr.org\\\/en\\\/#organization\"},\"alternateName\":\"RMCR\",\"potentialAction\":[{\"@type\":\"SearchAction\",\"target\":{\"@type\":\"EntryPoint\",\"urlTemplate\":\"https:\\\/\\\/www.rmcr.org\\\/en\\\/?s={search_term_string}\"},\"query-input\":{\"@type\":\"PropertyValueSpecification\",\"valueRequired\":true,\"valueName\":\"search_term_string\"}}],\"inLanguage\":\"en-US\"},{\"@type\":\"Organization\",\"@id\":\"https:\\\/\\\/www.rmcr.org\\\/en\\\/#organization\",\"name\":\"Real Maestranza de Caballer\u00eda de Ronda\",\"alternateName\":\"RMR\",\"url\":\"https:\\\/\\\/www.rmcr.org\\\/en\\\/\",\"logo\":{\"@type\":\"ImageObject\",\"inLanguage\":\"en-US\",\"@id\":\"https:\\\/\\\/www.rmcr.org\\\/en\\\/#\\\/schema\\\/logo\\\/image\\\/\",\"url\":\"https:\\\/\\\/www.rmcr.org\\\/wp-content\\\/uploads\\\/2022\\\/07\\\/logo-rmr-blue.svg\",\"contentUrl\":\"https:\\\/\\\/www.rmcr.org\\\/wp-content\\\/uploads\\\/2022\\\/07\\\/logo-rmr-blue.svg\",\"width\":131,\"height\":129,\"caption\":\"Real Maestranza de Caballer\u00eda de Ronda\"},\"image\":{\"@id\":\"https:\\\/\\\/www.rmcr.org\\\/en\\\/#\\\/schema\\\/logo\\\/image\\\/\"},\"sameAs\":[\"https:\\\/\\\/www.facebook.com\\\/plazadetorosronda\",\"https:\\\/\\\/x.com\\\/PlazatorosRMR\",\"https:\\\/\\\/www.instagram.com\\\/realmaestranzaderonda\\\/\",\"https:\\\/\\\/www.youtube.com\\\/channel\\\/UCrbO5IUN-8v_QML739vM4zg\\\/videos\"]},{\"@type\":\"Person\",\"@id\":\"https:\\\/\\\/www.rmcr.org\\\/en\\\/#\\\/schema\\\/person\\\/f182f13b406ff40dd281a5ecca93380e\",\"name\":\"ARCHIVO\",\"image\":{\"@type\":\"ImageObject\",\"inLanguage\":\"en-US\",\"@id\":\"https:\\\/\\\/www.rmcr.org\\\/wp-content\\\/uploads\\\/2022\\\/11\\\/avatar-rmcr-96x96.png\",\"url\":\"https:\\\/\\\/www.rmcr.org\\\/wp-content\\\/uploads\\\/2022\\\/11\\\/avatar-rmcr-96x96.png\",\"contentUrl\":\"https:\\\/\\\/www.rmcr.org\\\/wp-content\\\/uploads\\\/2022\\\/11\\\/avatar-rmcr-96x96.png\",\"caption\":\"ARCHIVO\"},\"url\":\"https:\\\/\\\/www.rmcr.org\\\/en\\\/author\\\/francisco-rosales\\\/\"}]}<\/script>\n<!-- \/ Yoast SEO plugin. -->","yoast_head_json":{"title":"Emilia Pardo Baz\u00e1n, centenario de su fallecimiento, 1921 - 2021 y su relaci\u00f3n con la RMR. - Real Maestranza de Caballer\u00eda de Ronda","robots":{"index":"index","follow":"follow","max-snippet":"max-snippet:-1","max-image-preview":"max-image-preview:large","max-video-preview":"max-video-preview:-1"},"canonical":"https:\/\/www.rmcr.org\/en\/2021\/05\/12\/emilia-pardo-bazan-centenario-de-su-fallecimiento-1921-2021\/","og_locale":"en_US","og_type":"article","og_title":"Emilia Pardo Baz\u00e1n, centenario de su fallecimiento, 1921 - 2021 y su relaci\u00f3n con la RMR. - Real Maestranza de Caballer\u00eda de Ronda","og_description":"Documentos en el Archivo de la RMR 2021 &#8211; 32 Con esta breve entrada en el blog de cultura de la RMR, el archivo de la Real Maestranza de Caballer\u00eda de Ronda se une a la conmemoraci\u00f3n del centenario por el fallecimiento, 12 de mayo de 1921, de la arist\u00f3crata y escritora Emilia Pardo Baz\u00e1n, [&hellip;]","og_url":"https:\/\/www.rmcr.org\/en\/2021\/05\/12\/emilia-pardo-bazan-centenario-de-su-fallecimiento-1921-2021\/","og_site_name":"Real Maestranza de Caballer\u00eda de Ronda","article_publisher":"https:\/\/www.facebook.com\/plazadetorosronda","article_published_time":"2021-05-12T17:04:01+00:00","article_modified_time":"2025-04-04T10:06:01+00:00","og_image":[{"width":886,"height":295,"url":"https:\/\/www.rmcr.org\/wp-content\/uploads\/2022\/10\/destacada-6.jpg","type":"image\/jpeg"}],"author":"ARCHIVO","twitter_card":"summary_large_image","twitter_creator":"@PlazatorosRMR","twitter_site":"@PlazatorosRMR","twitter_misc":{"Written by":"ARCHIVO","Est. reading time":"4 minutes"},"schema":{"@context":"https:\/\/schema.org","@graph":[{"@type":"Article","@id":"https:\/\/www.rmcr.org\/en\/2021\/05\/12\/emilia-pardo-bazan-centenario-de-su-fallecimiento-1921-2021\/#article","isPartOf":{"@id":"https:\/\/www.rmcr.org\/en\/2021\/05\/12\/emilia-pardo-bazan-centenario-de-su-fallecimiento-1921-2021\/"},"author":{"name":"ARCHIVO","@id":"https:\/\/www.rmcr.org\/en\/#\/schema\/person\/f182f13b406ff40dd281a5ecca93380e"},"headline":"Emilia Pardo Baz\u00e1n, centenario de su fallecimiento, 1921 &#8211; 2021 y su relaci\u00f3n con la RMR.","datePublished":"2021-05-12T17:04:01+00:00","dateModified":"2025-04-04T10:06:01+00:00","mainEntityOfPage":{"@id":"https:\/\/www.rmcr.org\/en\/2021\/05\/12\/emilia-pardo-bazan-centenario-de-su-fallecimiento-1921-2021\/"},"wordCount":843,"commentCount":0,"publisher":{"@id":"https:\/\/www.rmcr.org\/en\/#organization"},"image":{"@id":"https:\/\/www.rmcr.org\/en\/2021\/05\/12\/emilia-pardo-bazan-centenario-de-su-fallecimiento-1921-2021\/#primaryimage"},"thumbnailUrl":"https:\/\/www.rmcr.org\/wp-content\/uploads\/2022\/10\/destacada-6.jpg","keywords":["Archivo","Fondos documentales"],"articleSection":["Archivo","Documentos Archivo RMR"],"inLanguage":"en-US","potentialAction":[{"@type":"CommentAction","name":"Comment","target":["https:\/\/www.rmcr.org\/en\/2021\/05\/12\/emilia-pardo-bazan-centenario-de-su-fallecimiento-1921-2021\/#respond"]}]},{"@type":"WebPage","@id":"https:\/\/www.rmcr.org\/en\/2021\/05\/12\/emilia-pardo-bazan-centenario-de-su-fallecimiento-1921-2021\/","url":"https:\/\/www.rmcr.org\/en\/2021\/05\/12\/emilia-pardo-bazan-centenario-de-su-fallecimiento-1921-2021\/","name":"Emilia Pardo Baz\u00e1n, centenario de su fallecimiento, 1921 - 2021 y su relaci\u00f3n con la RMR. - Real Maestranza de Caballer\u00eda de Ronda","isPartOf":{"@id":"https:\/\/www.rmcr.org\/en\/#website"},"primaryImageOfPage":{"@id":"https:\/\/www.rmcr.org\/en\/2021\/05\/12\/emilia-pardo-bazan-centenario-de-su-fallecimiento-1921-2021\/#primaryimage"},"image":{"@id":"https:\/\/www.rmcr.org\/en\/2021\/05\/12\/emilia-pardo-bazan-centenario-de-su-fallecimiento-1921-2021\/#primaryimage"},"thumbnailUrl":"https:\/\/www.rmcr.org\/wp-content\/uploads\/2022\/10\/destacada-6.jpg","datePublished":"2021-05-12T17:04:01+00:00","dateModified":"2025-04-04T10:06:01+00:00","breadcrumb":{"@id":"https:\/\/www.rmcr.org\/en\/2021\/05\/12\/emilia-pardo-bazan-centenario-de-su-fallecimiento-1921-2021\/#breadcrumb"},"inLanguage":"en-US","potentialAction":[{"@type":"ReadAction","target":["https:\/\/www.rmcr.org\/en\/2021\/05\/12\/emilia-pardo-bazan-centenario-de-su-fallecimiento-1921-2021\/"]}]},{"@type":"ImageObject","inLanguage":"en-US","@id":"https:\/\/www.rmcr.org\/en\/2021\/05\/12\/emilia-pardo-bazan-centenario-de-su-fallecimiento-1921-2021\/#primaryimage","url":"https:\/\/www.rmcr.org\/wp-content\/uploads\/2022\/10\/destacada-6.jpg","contentUrl":"https:\/\/www.rmcr.org\/wp-content\/uploads\/2022\/10\/destacada-6.jpg","width":886,"height":295},{"@type":"BreadcrumbList","@id":"https:\/\/www.rmcr.org\/en\/2021\/05\/12\/emilia-pardo-bazan-centenario-de-su-fallecimiento-1921-2021\/#breadcrumb","itemListElement":[{"@type":"ListItem","position":1,"name":"REAL MAESTRANZA DE CABALLER\u00cdA DE RONDA","item":"https:\/\/www.rmcr.org\/en\/"},{"@type":"ListItem","position":2,"name":"Emilia Pardo Baz\u00e1n, centenario de su fallecimiento, 1921 &#8211; 2021 y su relaci\u00f3n con la RMR."}]},{"@type":"WebSite","@id":"https:\/\/www.rmcr.org\/en\/#website","url":"https:\/\/www.rmcr.org\/en\/","name":"Real Maestranza de Caballer\u00eda de Ronda","description":"Real Maestranza de Caballer\u00eda de Ronda","publisher":{"@id":"https:\/\/www.rmcr.org\/en\/#organization"},"alternateName":"RMCR","potentialAction":[{"@type":"SearchAction","target":{"@type":"EntryPoint","urlTemplate":"https:\/\/www.rmcr.org\/en\/?s={search_term_string}"},"query-input":{"@type":"PropertyValueSpecification","valueRequired":true,"valueName":"search_term_string"}}],"inLanguage":"en-US"},{"@type":"Organization","@id":"https:\/\/www.rmcr.org\/en\/#organization","name":"Real Maestranza de Caballer\u00eda de Ronda","alternateName":"RMR","url":"https:\/\/www.rmcr.org\/en\/","logo":{"@type":"ImageObject","inLanguage":"en-US","@id":"https:\/\/www.rmcr.org\/en\/#\/schema\/logo\/image\/","url":"https:\/\/www.rmcr.org\/wp-content\/uploads\/2022\/07\/logo-rmr-blue.svg","contentUrl":"https:\/\/www.rmcr.org\/wp-content\/uploads\/2022\/07\/logo-rmr-blue.svg","width":131,"height":129,"caption":"Real Maestranza de Caballer\u00eda de Ronda"},"image":{"@id":"https:\/\/www.rmcr.org\/en\/#\/schema\/logo\/image\/"},"sameAs":["https:\/\/www.facebook.com\/plazadetorosronda","https:\/\/x.com\/PlazatorosRMR","https:\/\/www.instagram.com\/realmaestranzaderonda\/","https:\/\/www.youtube.com\/channel\/UCrbO5IUN-8v_QML739vM4zg\/videos"]},{"@type":"Person","@id":"https:\/\/www.rmcr.org\/en\/#\/schema\/person\/f182f13b406ff40dd281a5ecca93380e","name":"ARCHIVO","image":{"@type":"ImageObject","inLanguage":"en-US","@id":"https:\/\/www.rmcr.org\/wp-content\/uploads\/2022\/11\/avatar-rmcr-96x96.png","url":"https:\/\/www.rmcr.org\/wp-content\/uploads\/2022\/11\/avatar-rmcr-96x96.png","contentUrl":"https:\/\/www.rmcr.org\/wp-content\/uploads\/2022\/11\/avatar-rmcr-96x96.png","caption":"ARCHIVO"},"url":"https:\/\/www.rmcr.org\/en\/author\/francisco-rosales\/"}]}},"_links":{"self":[{"href":"https:\/\/www.rmcr.org\/en\/wp-json\/wp\/v2\/posts\/6256","targetHints":{"allow":["GET"]}}],"collection":[{"href":"https:\/\/www.rmcr.org\/en\/wp-json\/wp\/v2\/posts"}],"about":[{"href":"https:\/\/www.rmcr.org\/en\/wp-json\/wp\/v2\/types\/post"}],"author":[{"embeddable":true,"href":"https:\/\/www.rmcr.org\/en\/wp-json\/wp\/v2\/users\/3"}],"replies":[{"embeddable":true,"href":"https:\/\/www.rmcr.org\/en\/wp-json\/wp\/v2\/comments?post=6256"}],"version-history":[{"count":2,"href":"https:\/\/www.rmcr.org\/en\/wp-json\/wp\/v2\/posts\/6256\/revisions"}],"predecessor-version":[{"id":12183,"href":"https:\/\/www.rmcr.org\/en\/wp-json\/wp\/v2\/posts\/6256\/revisions\/12183"}],"wp:featuredmedia":[{"embeddable":true,"href":"https:\/\/www.rmcr.org\/en\/wp-json\/wp\/v2\/media\/11898"}],"wp:attachment":[{"href":"https:\/\/www.rmcr.org\/en\/wp-json\/wp\/v2\/media?parent=6256"}],"wp:term":[{"taxonomy":"category","embeddable":true,"href":"https:\/\/www.rmcr.org\/en\/wp-json\/wp\/v2\/categories?post=6256"},{"taxonomy":"post_tag","embeddable":true,"href":"https:\/\/www.rmcr.org\/en\/wp-json\/wp\/v2\/tags?post=6256"}],"curies":[{"name":"wp","href":"https:\/\/api.w.org\/{rel}","templated":true}]}}