{"id":6246,"date":"2020-12-24T11:51:07","date_gmt":"2020-12-24T11:51:07","guid":{"rendered":"https:\/\/www.rmcr.org\/?p=6246"},"modified":"2025-04-03T07:42:40","modified_gmt":"2025-04-03T07:42:40","slug":"biblioteca-rmr-no-87-las-murallas-de-ronda-hacia-1863-a-traves-del-objetivo-del-fotografo-jean-laurent-diciembre-2020","status":"publish","type":"post","link":"https:\/\/www.rmcr.org\/en\/2020\/12\/24\/biblioteca-rmr-no-87-las-murallas-de-ronda-hacia-1863-a-traves-del-objetivo-del-fotografo-jean-laurent-diciembre-2020\/","title":{"rendered":"Biblioteca-RMR: N\u00ba 87. Las murallas de Ronda hacia 1863 a trav\u00e9s del objetivo del fot\u00f3grafo Jean Laurent. Diciembre 2020."},"content":{"rendered":"<p style=\"text-align:center;\"><span ><strong>\u00b7 ART\u00cdCULO \u00b7<\/strong><\/span><br \/>\n<span ><strong>\u00b7 BIBLIOTECA DE LA REAL MAESTRANZA DE CABALLER\u00cdA DE RONDA \u00b7<\/strong><\/span><br \/>\n<span ><strong>\u00b7 DICIEMBRE 2020 \u00b7<\/strong><\/span><\/p>\n<p style=\"text-align:center;\"><span ><strong>\u00b7 FONDO RONDA \u00b7<\/strong><\/span><\/p>\n<p><span >Las murallas de Ronda, verdadero yacimiento arqueol\u00f3gico cuyo origen se remonta a la edad media, constituyen uno de los principales atractivos del patrimonio hist\u00f3rico-monumental de la ciudad, ostentando <\/span><span >la declaraci\u00f3n de Bien de Inter\u00e9s Cultural (BIC). Salvo casos puntuales, el desarrollo urbano de la localidad no ha afectado a su integridad, ni le ha provocado alteraciones importantes, al realizarse el <\/span><span >crecimiento de la poblaci\u00f3n b\u00e1sicamente hacia el norte, lo que ha permitido que permaneciese a salvo el recinto medieval.<\/span><\/p>\n<p><span >Con una longitud lineal que alcanza los 3,5 kil\u00f3metros, es uno de los sistemas defensivos m\u00e1s extensos de Espa\u00f1a, por encima de otros m\u00e1s conocidos como los de \u00c1vila o Lugo. Es precisamente esta enorme <\/span><span >extensi\u00f3n lo que dificulta su conservaci\u00f3n en un estado \u00f3ptimo, que asegure su continuidad en el tiempo. En los \u00faltimos a\u00f1os se vienen realizando diferentes intervenciones, unas para consolidar las estructuras <\/span><span >m\u00e1s degradadas, otras para recuperar los caminos de acceso en las laderas, permitiendo de esta manera que las murallas se integren en el recorrido hist\u00f3rico por la ciudad.<\/span><\/p>\n<p><span >Fueron estos mismos muros y torres de protecci\u00f3n los que llamaron la atenci\u00f3n del profesional de la fotograf\u00eda Jean Laurent (1816-1886) a su pas\u00f3 por la ciudad, a principios de la segunda mitad del siglo XIX. Establecido en Madrid en 1844, no ser\u00e1 hasta 1855 cuando el <\/span><span >franc\u00e9s nacido en Garchizy (Borgo\u00f1a) comience su actividad fotogr\u00e1fica, especializ\u00e1ndose en el retrato de estudio, monumentos y obras p\u00fablicas en general.<\/span><\/p>\n<p><span >Ante su objetivo posaron los m\u00e1s reputados personajes de su <\/span><span >\u00e9poca. Igualmente, su c\u00e1mara registr\u00f3 las principales obras de arte del pa\u00eds. Desde 1857 empez\u00f3 a viajar fuera de Madrid para la realizaci\u00f3n de vistas estereosc\u00f3picas, legando para la posteridad numerosas <\/span><span >im\u00e1genes de monumentos del territorio nacional, as\u00ed como de escenas y retratos etnogr\u00e1ficos y de costumbres.<\/span><\/p>\n<p><span >El Instituto del Patrimonio Cultural de Espa\u00f1a (IPCE), dependiente del Ministerio de Cultura, conserva entre los fondos de su fototeca el denominado Archivo Ruiz Vernacci, adquirido por el <\/span><span >Estado en 1975 a los \u00faltimos propietarios privados de la colecci\u00f3n fotogr\u00e1fica de Laurent. Aqu\u00ed se conservan casi cincuenta fotograf\u00edas y vistas estereosc\u00f3picas de Ronda.<\/span><\/p>\n<p><span >Una de esas fotograf\u00edas, titulada &#8220;Ronda (M\u00e1laga). 2102. Vista general con las murallas romanas y \u00e1rabes&#8221;, muestra una perspectiva de las murallas denominadas de levante muy similar a la que podemos contemplar hoy en d\u00eda. En ella se pueden identificar, entre otros: en la l\u00ednea superior, la muralla principal, la iglesia del Esp\u00edritu Santo, la puerta de los Esparteros, las ruinas del castillo del Laurel, la iglesia del Carmen y la torre de la colegiata de Santa Mar\u00eda la Mayor; en la l\u00ednea central, el segundo lienzo de muralla, que delimitaba por su parte baja al arrabal de San Miguel; y en la l\u00ednea inferior, el arroyo de las Culebras y el cerro de la Pedrea, lugar desde el que se tom\u00f3 la instant\u00e1nea.<\/span><\/p>\n<p><a href=\"https:\/\/www.rmcr.org\/2020\/12\/fototeca-del-instituto-del-patrimonio-cultural-de-espana_archivo-ruiz-vernacci_vn-07622_j.-laurent-y-cia_ronda-malaga-vista-general-con-las-murallas-romanas-y-arabes_1879.jpg\"><img fetchpriority=\"high\" decoding=\"async\" class=\"aligncenter size-full wp-image-3197\" src=\"https:\/\/www.rmcr.org\/wp-content\/uploads\/2020\/12\/fototeca-del-instituto-del-patrimonio-cultural-de-espana_archivo-ruiz-vernacci_vn-07622_j.-laurent-y-cia_ronda-malaga-vista-general-con-las-murallas-romanas-y-arabes_1879.jpg\" alt=\"\" width=\"470\" height=\"353\"><\/a><\/p>\n<p style=\"text-align:center;\"><span ><em>Instituto del Patrimonio Cultural de Espa\u00f1a. Archivo Ruiz Vernacci. N\u00famero de inventario VN-07622. J. Laurent y C\u00eda. \u00abRonda (M\u00e1laga). 2102. Vista general con las murallas romanas y \u00e1rabes\u00bb. 1879. [<a href=\"http:\/\/www.mcu.es\/fototeca_patrimonio\/search_fields.do?buscador=porCampos\">Fototeca<\/a>]<\/em><\/span><\/p>\n<p><span >Si bien esta copia est\u00e1 fechada en 1879, casi con total seguridad la imagen original debi\u00f3 de tomarse hacia 1863, ya que en el cat\u00e1logo de fotograf\u00edas a la venta que Laurent public\u00f3 en dicho<\/span><span > a\u00f1o se inclu\u00edan una serie de vistas de la ciudad del Tajo.<\/span><\/p>\n<p><span >Adem\u00e1s de la se\u00f1alada, en el IPCE se conservan una segunda fotograf\u00eda (n\u00famero de inventario VN-08783) con un encuadre ligeramente diferente, y una vista estereosc\u00f3pica (n\u00famero de inventario VN-17873) formada por dos im\u00e1genes con m\u00e1s campo de visi\u00f3n en los laterales, lo que permite descubrir elementos del paisaje que no aparecen en las primeras.<\/span><\/p>\n<p><span >Las fotograf\u00edas del archivo de Laurent fueron reproducidas en incontables ocasiones en tarjetas postales, distintas publicaciones, y hasta en abanicos. Tambi\u00e9n sirvieron de modelo para la realizaci\u00f3n de dibujos estampados posteriormente como grabados. Es el caso de la imagen que nos ocupa, publicada en las p\u00e1ginas de la revista \u00abLa Ilustraci\u00f3n Espa\u00f1ola y Americana\u00bb en 1884. No hay constancia de quienes fueron los art\u00edfices del dibujo y del posterior grabado, ya que no aparece firma alguna.<\/span><\/p>\n<p><a href=\"https:\/\/www.rmcr.org\/2020\/12\/ilu-esp-ame-1884.jpg\"><img decoding=\"async\" class=\"aligncenter size-full wp-image-3203\" src=\"https:\/\/www.rmcr.org\/wp-content\/uploads\/2020\/12\/ilu-esp-ame-1884.jpg\" alt=\"\" width=\"470\" height=\"345\"><\/a><\/p>\n<p style=\"text-align:center;\"><span ><em>Ronda (M\u00e1laga). Antiguas murallas romanas y \u00e1rabes. (De fotograf\u00eda de Laurent).&nbsp;<\/em><em>\u00abLa Ilustraci\u00f3n Espa\u00f1ola y Americana\u00bb. A\u00f1o XXVIII, n\u00famero XVII, 8 de mayo de 1884, p\u00e1gina 293. Grabado sobre papel de dibujo tomado de fotograf\u00eda, 155 x 229 mm. Biblioteca-RMR.<\/em><\/span><\/p>\n<p><span >Esta revista naci\u00f3 en 1869 siguiendo el modelo de las grandes revistas ilustradas europeas, convirti\u00e9ndose en el m\u00e1ximo exponente del periodismo gr\u00e1fico espa\u00f1ol del siglo XIX, prolongando su existencia hasta 1921. Fue una publicaci\u00f3n para suscriptores, dirigida a las clases burguesas. Al poco de su aparici\u00f3n alcanz\u00f3 los 2000 ejemplares, una tirada nunca antes registrada.<\/span><\/p>\n<p><span >El grabado xilogr\u00e1fico comenz\u00f3 su introducci\u00f3n en este g\u00e9nero marcando un antes y un despu\u00e9s en la estructura y las formas literarias, iniciando la transformaci\u00f3n en la prensa gr\u00e1fica. Este grabado consiste en una t\u00e9cnica de impresi\u00f3n con plancha de madera. El dibujo realizado a pluma o l\u00e1piz se talla a mano con una gubia o buril en la madera. Se utiliza habitualmente una sola matriz (llamada tambi\u00e9n taco) para cada p\u00e1gina. A continuaci\u00f3n, se impregna con tinta y presion\u00e1ndola contra un soporte (como el papel) se obtiene la impresi\u00f3n del relieve. Las maderas m\u00e1s adecuadas para realizarla son las de boj, cerezo o peral.<\/span><\/p>\n<p><span >El desarrollo de la revista deriv\u00f3 en la formaci\u00f3n de una escuela de maestros gr\u00e1ficos, entre dibujantes y grabadores. A partir de 1880, las fotograf\u00edas se utilizaron como auxilio de las ilustraciones dibujadas. El primer fotograbado apareci\u00f3 en 1883, y la primera fotograf\u00eda en 1888. La utilizaci\u00f3n del fotograbado durante los \u00faltimos a\u00f1os del siglo XIX coincidi\u00f3 con el m\u00e1ximo esplendor de la revista. Si bien en los cr\u00e9ditos de los grabados de los dibujos tomados a partir de fotograf\u00edas era habitual citar el nombre del fot\u00f3grafo (como es el caso de Laurent), hasta 1910 no aparecer\u00e1n los nombres de estos en los fotograbados.<\/span><\/p>\n<p><span >Entre las secciones fijas de la revista se encontraba la denominada \u00abNuestros grabados\u00bb, donde apareci\u00f3 la imagen en cuesti\u00f3n acompa\u00f1ada del siguiente texto:<\/span><\/p>\n<p><span >\u00abAntiguas murallas de Ronda. La historia de Ronda tiene muchas p\u00e1ginas gloriosas, desde que en aquella ciudad, la vetusta Arunda, hall\u00f3 refugio y reorganiz\u00f3 sus legiones el desventurado Cneo Pompeyo, despu\u00e9s de la batalla de Munda; todas las razas, todos los pueblos que han dominado en la pen\u00ednsula Ib\u00e9rica dejaron en Ronda imperecederas huellas de su paso; todav\u00eda existen all\u00ed las ruinas del anfiteatro romano, y templos, viaductos y murallas que debieron su construcci\u00f3n primitiva a los \u00e1rabes. En la p\u00e1g. 293 reproducimos (de fotograf\u00eda de Laurent) las antiguas murallas de Ronda, esos lienzos de piedra, fundados por los romanos, restaurados por los moros y agrietados por el ariete de los siglos\u00bb.<\/span><\/p>\n<p><span >El grabado original (as\u00ed como el ejemplar completo de la publicaci\u00f3n donde se localiza) pertenece a la colecci\u00f3n de la Biblioteca de la Real Maestranza de Caballer\u00eda de Ronda, y ha sido elegido por la Instituci\u00f3n para ilustrar la felicitaci\u00f3n navide\u00f1a del presente a\u00f1o.<\/span><\/p>\n<p><span >\u00a1Feliz Navidad y A\u00f1o 2021!<\/span><\/p>\n","protected":false},"excerpt":{"rendered":"<p>\u00b7 ART\u00cdCULO \u00b7 \u00b7 BIBLIOTECA DE LA REAL MAESTRANZA DE CABALLER\u00cdA DE RONDA \u00b7 \u00b7 DICIEMBRE 2020 \u00b7 \u00b7 FONDO RONDA \u00b7 Las murallas de Ronda, verdadero yacimiento arqueol\u00f3gico cuyo origen se remonta a la edad media, constituyen uno de los principales atractivos del patrimonio hist\u00f3rico-monumental de la ciudad, ostentando la declaraci\u00f3n de Bien de [&hellip;]<\/p>\n","protected":false},"author":2,"featured_media":11752,"comment_status":"open","ping_status":"open","sticky":false,"template":"","format":"standard","meta":{"footnotes":""},"categories":[140,791],"tags":[105,252,176,143,144,190,245,191,114],"class_list":["post-6246","post","type-post","status-publish","format-standard","has-post-thumbnail","hentry","category-biblioteca","category-boletin-bibliografico-biblioteca-rmr","tag-biblioteca-general","tag-biblioteca-rmr","tag-boletin-mensual-bibliografico","tag-fotografias","tag-grabados","tag-hemeroteca","tag-jean-laurent","tag-publicaciones-periodicas","tag-ronda"],"yoast_head":"<!-- This site is optimized with the Yoast SEO plugin v27.5 - https:\/\/yoast.com\/product\/yoast-seo-wordpress\/ -->\n<title>Biblioteca-RMR: N\u00ba 87. Las murallas de Ronda hacia 1863 a trav\u00e9s del objetivo del fot\u00f3grafo Jean Laurent. Diciembre 2020. - Real Maestranza de Caballer\u00eda de Ronda<\/title>\n<meta name=\"robots\" content=\"index, follow, max-snippet:-1, max-image-preview:large, max-video-preview:-1\" \/>\n<link rel=\"canonical\" href=\"https:\/\/www.rmcr.org\/en\/2020\/12\/24\/biblioteca-rmr-no-87-las-murallas-de-ronda-hacia-1863-a-traves-del-objetivo-del-fotografo-jean-laurent-diciembre-2020\/\" \/>\n<meta property=\"og:locale\" content=\"en_US\" \/>\n<meta property=\"og:type\" content=\"article\" \/>\n<meta property=\"og:title\" content=\"Biblioteca-RMR: N\u00ba 87. Las murallas de Ronda hacia 1863 a trav\u00e9s del objetivo del fot\u00f3grafo Jean Laurent. Diciembre 2020. - Real Maestranza de Caballer\u00eda de Ronda\" \/>\n<meta property=\"og:description\" content=\"\u00b7 ART\u00cdCULO \u00b7 \u00b7 BIBLIOTECA DE LA REAL MAESTRANZA DE CABALLER\u00cdA DE RONDA \u00b7 \u00b7 DICIEMBRE 2020 \u00b7 \u00b7 FONDO RONDA \u00b7 Las murallas de Ronda, verdadero yacimiento arqueol\u00f3gico cuyo origen se remonta a la edad media, constituyen uno de los principales atractivos del patrimonio hist\u00f3rico-monumental de la ciudad, ostentando la declaraci\u00f3n de Bien de [&hellip;]\" \/>\n<meta property=\"og:url\" content=\"https:\/\/www.rmcr.org\/en\/2020\/12\/24\/biblioteca-rmr-no-87-las-murallas-de-ronda-hacia-1863-a-traves-del-objetivo-del-fotografo-jean-laurent-diciembre-2020\/\" \/>\n<meta property=\"og:site_name\" content=\"Real Maestranza de Caballer\u00eda de Ronda\" \/>\n<meta property=\"article:publisher\" content=\"https:\/\/www.facebook.com\/plazadetorosronda\" \/>\n<meta property=\"article:published_time\" content=\"2020-12-24T11:51:07+00:00\" \/>\n<meta property=\"article:modified_time\" content=\"2025-04-03T07:42:40+00:00\" \/>\n<meta property=\"og:image\" content=\"https:\/\/www.rmcr.org\/wp-content\/uploads\/2022\/10\/mur-lev-ron.jpg\" \/>\n\t<meta property=\"og:image:width\" content=\"482\" \/>\n\t<meta property=\"og:image:height\" content=\"142\" \/>\n\t<meta property=\"og:image:type\" content=\"image\/jpeg\" \/>\n<meta name=\"author\" content=\"BIBLIOTECA\" \/>\n<meta name=\"twitter:card\" content=\"summary_large_image\" \/>\n<meta name=\"twitter:creator\" content=\"@PlazatorosRMR\" \/>\n<meta name=\"twitter:site\" content=\"@PlazatorosRMR\" \/>\n<meta name=\"twitter:label1\" content=\"Written by\" \/>\n\t<meta name=\"twitter:data1\" content=\"BIBLIOTECA\" \/>\n\t<meta name=\"twitter:label2\" content=\"Est. reading time\" \/>\n\t<meta name=\"twitter:data2\" content=\"6 minutes\" \/>\n<script type=\"application\/ld+json\" class=\"yoast-schema-graph\">{\"@context\":\"https:\\\/\\\/schema.org\",\"@graph\":[{\"@type\":\"Article\",\"@id\":\"https:\\\/\\\/www.rmcr.org\\\/en\\\/2020\\\/12\\\/24\\\/biblioteca-rmr-no-87-las-murallas-de-ronda-hacia-1863-a-traves-del-objetivo-del-fotografo-jean-laurent-diciembre-2020\\\/#article\",\"isPartOf\":{\"@id\":\"https:\\\/\\\/www.rmcr.org\\\/en\\\/2020\\\/12\\\/24\\\/biblioteca-rmr-no-87-las-murallas-de-ronda-hacia-1863-a-traves-del-objetivo-del-fotografo-jean-laurent-diciembre-2020\\\/\"},\"author\":{\"name\":\"BIBLIOTECA\",\"@id\":\"https:\\\/\\\/www.rmcr.org\\\/en\\\/#\\\/schema\\\/person\\\/80849edee7ef556893505128619ea1d0\"},\"headline\":\"Biblioteca-RMR: N\u00ba 87. Las murallas de Ronda hacia 1863 a trav\u00e9s del objetivo del fot\u00f3grafo Jean Laurent. Diciembre 2020.\",\"datePublished\":\"2020-12-24T11:51:07+00:00\",\"dateModified\":\"2025-04-03T07:42:40+00:00\",\"mainEntityOfPage\":{\"@id\":\"https:\\\/\\\/www.rmcr.org\\\/en\\\/2020\\\/12\\\/24\\\/biblioteca-rmr-no-87-las-murallas-de-ronda-hacia-1863-a-traves-del-objetivo-del-fotografo-jean-laurent-diciembre-2020\\\/\"},\"wordCount\":1305,\"commentCount\":0,\"publisher\":{\"@id\":\"https:\\\/\\\/www.rmcr.org\\\/en\\\/#organization\"},\"image\":{\"@id\":\"https:\\\/\\\/www.rmcr.org\\\/en\\\/2020\\\/12\\\/24\\\/biblioteca-rmr-no-87-las-murallas-de-ronda-hacia-1863-a-traves-del-objetivo-del-fotografo-jean-laurent-diciembre-2020\\\/#primaryimage\"},\"thumbnailUrl\":\"https:\\\/\\\/www.rmcr.org\\\/wp-content\\\/uploads\\\/2022\\\/10\\\/mur-lev-ron.jpg\",\"keywords\":[\"Biblioteca\",\"Biblioteca-RMR\",\"Bolet\u00edn mensual bibliogr\u00e1fico\",\"Fotograf\u00edas\",\"Grabados\",\"Hemeroteca\",\"Jean Laurent\",\"Publicaciones peri\u00f3dicas\",\"Ronda\"],\"articleSection\":[\"Biblioteca\",\"Bolet\u00edn bibliogr\u00e1fico Biblioteca-RMR\"],\"inLanguage\":\"en-US\",\"potentialAction\":[{\"@type\":\"CommentAction\",\"name\":\"Comment\",\"target\":[\"https:\\\/\\\/www.rmcr.org\\\/en\\\/2020\\\/12\\\/24\\\/biblioteca-rmr-no-87-las-murallas-de-ronda-hacia-1863-a-traves-del-objetivo-del-fotografo-jean-laurent-diciembre-2020\\\/#respond\"]}]},{\"@type\":\"WebPage\",\"@id\":\"https:\\\/\\\/www.rmcr.org\\\/en\\\/2020\\\/12\\\/24\\\/biblioteca-rmr-no-87-las-murallas-de-ronda-hacia-1863-a-traves-del-objetivo-del-fotografo-jean-laurent-diciembre-2020\\\/\",\"url\":\"https:\\\/\\\/www.rmcr.org\\\/en\\\/2020\\\/12\\\/24\\\/biblioteca-rmr-no-87-las-murallas-de-ronda-hacia-1863-a-traves-del-objetivo-del-fotografo-jean-laurent-diciembre-2020\\\/\",\"name\":\"Biblioteca-RMR: N\u00ba 87. Las murallas de Ronda hacia 1863 a trav\u00e9s del objetivo del fot\u00f3grafo Jean Laurent. Diciembre 2020. - Real Maestranza de Caballer\u00eda de Ronda\",\"isPartOf\":{\"@id\":\"https:\\\/\\\/www.rmcr.org\\\/en\\\/#website\"},\"primaryImageOfPage\":{\"@id\":\"https:\\\/\\\/www.rmcr.org\\\/en\\\/2020\\\/12\\\/24\\\/biblioteca-rmr-no-87-las-murallas-de-ronda-hacia-1863-a-traves-del-objetivo-del-fotografo-jean-laurent-diciembre-2020\\\/#primaryimage\"},\"image\":{\"@id\":\"https:\\\/\\\/www.rmcr.org\\\/en\\\/2020\\\/12\\\/24\\\/biblioteca-rmr-no-87-las-murallas-de-ronda-hacia-1863-a-traves-del-objetivo-del-fotografo-jean-laurent-diciembre-2020\\\/#primaryimage\"},\"thumbnailUrl\":\"https:\\\/\\\/www.rmcr.org\\\/wp-content\\\/uploads\\\/2022\\\/10\\\/mur-lev-ron.jpg\",\"datePublished\":\"2020-12-24T11:51:07+00:00\",\"dateModified\":\"2025-04-03T07:42:40+00:00\",\"breadcrumb\":{\"@id\":\"https:\\\/\\\/www.rmcr.org\\\/en\\\/2020\\\/12\\\/24\\\/biblioteca-rmr-no-87-las-murallas-de-ronda-hacia-1863-a-traves-del-objetivo-del-fotografo-jean-laurent-diciembre-2020\\\/#breadcrumb\"},\"inLanguage\":\"en-US\",\"potentialAction\":[{\"@type\":\"ReadAction\",\"target\":[\"https:\\\/\\\/www.rmcr.org\\\/en\\\/2020\\\/12\\\/24\\\/biblioteca-rmr-no-87-las-murallas-de-ronda-hacia-1863-a-traves-del-objetivo-del-fotografo-jean-laurent-diciembre-2020\\\/\"]}]},{\"@type\":\"ImageObject\",\"inLanguage\":\"en-US\",\"@id\":\"https:\\\/\\\/www.rmcr.org\\\/en\\\/2020\\\/12\\\/24\\\/biblioteca-rmr-no-87-las-murallas-de-ronda-hacia-1863-a-traves-del-objetivo-del-fotografo-jean-laurent-diciembre-2020\\\/#primaryimage\",\"url\":\"https:\\\/\\\/www.rmcr.org\\\/wp-content\\\/uploads\\\/2022\\\/10\\\/mur-lev-ron.jpg\",\"contentUrl\":\"https:\\\/\\\/www.rmcr.org\\\/wp-content\\\/uploads\\\/2022\\\/10\\\/mur-lev-ron.jpg\",\"width\":482,\"height\":142},{\"@type\":\"BreadcrumbList\",\"@id\":\"https:\\\/\\\/www.rmcr.org\\\/en\\\/2020\\\/12\\\/24\\\/biblioteca-rmr-no-87-las-murallas-de-ronda-hacia-1863-a-traves-del-objetivo-del-fotografo-jean-laurent-diciembre-2020\\\/#breadcrumb\",\"itemListElement\":[{\"@type\":\"ListItem\",\"position\":1,\"name\":\"REAL MAESTRANZA DE CABALLER\u00cdA DE RONDA\",\"item\":\"https:\\\/\\\/www.rmcr.org\\\/en\\\/\"},{\"@type\":\"ListItem\",\"position\":2,\"name\":\"Biblioteca-RMR: N\u00ba 87. Las murallas de Ronda hacia 1863 a trav\u00e9s del objetivo del fot\u00f3grafo Jean Laurent. Diciembre 2020.\"}]},{\"@type\":\"WebSite\",\"@id\":\"https:\\\/\\\/www.rmcr.org\\\/en\\\/#website\",\"url\":\"https:\\\/\\\/www.rmcr.org\\\/en\\\/\",\"name\":\"Real Maestranza de Caballer\u00eda de Ronda\",\"description\":\"Real Maestranza de Caballer\u00eda de Ronda\",\"publisher\":{\"@id\":\"https:\\\/\\\/www.rmcr.org\\\/en\\\/#organization\"},\"alternateName\":\"RMCR\",\"potentialAction\":[{\"@type\":\"SearchAction\",\"target\":{\"@type\":\"EntryPoint\",\"urlTemplate\":\"https:\\\/\\\/www.rmcr.org\\\/en\\\/?s={search_term_string}\"},\"query-input\":{\"@type\":\"PropertyValueSpecification\",\"valueRequired\":true,\"valueName\":\"search_term_string\"}}],\"inLanguage\":\"en-US\"},{\"@type\":\"Organization\",\"@id\":\"https:\\\/\\\/www.rmcr.org\\\/en\\\/#organization\",\"name\":\"Real Maestranza de Caballer\u00eda de Ronda\",\"alternateName\":\"RMR\",\"url\":\"https:\\\/\\\/www.rmcr.org\\\/en\\\/\",\"logo\":{\"@type\":\"ImageObject\",\"inLanguage\":\"en-US\",\"@id\":\"https:\\\/\\\/www.rmcr.org\\\/en\\\/#\\\/schema\\\/logo\\\/image\\\/\",\"url\":\"https:\\\/\\\/www.rmcr.org\\\/wp-content\\\/uploads\\\/2022\\\/07\\\/logo-rmr-blue.svg\",\"contentUrl\":\"https:\\\/\\\/www.rmcr.org\\\/wp-content\\\/uploads\\\/2022\\\/07\\\/logo-rmr-blue.svg\",\"width\":131,\"height\":129,\"caption\":\"Real Maestranza de Caballer\u00eda de Ronda\"},\"image\":{\"@id\":\"https:\\\/\\\/www.rmcr.org\\\/en\\\/#\\\/schema\\\/logo\\\/image\\\/\"},\"sameAs\":[\"https:\\\/\\\/www.facebook.com\\\/plazadetorosronda\",\"https:\\\/\\\/x.com\\\/PlazatorosRMR\",\"https:\\\/\\\/www.instagram.com\\\/realmaestranzaderonda\\\/\",\"https:\\\/\\\/www.youtube.com\\\/channel\\\/UCrbO5IUN-8v_QML739vM4zg\\\/videos\"]},{\"@type\":\"Person\",\"@id\":\"https:\\\/\\\/www.rmcr.org\\\/en\\\/#\\\/schema\\\/person\\\/80849edee7ef556893505128619ea1d0\",\"name\":\"BIBLIOTECA\",\"image\":{\"@type\":\"ImageObject\",\"inLanguage\":\"en-US\",\"@id\":\"https:\\\/\\\/www.rmcr.org\\\/wp-content\\\/uploads\\\/2022\\\/11\\\/avatar-rmcr-96x96.png\",\"url\":\"https:\\\/\\\/www.rmcr.org\\\/wp-content\\\/uploads\\\/2022\\\/11\\\/avatar-rmcr-96x96.png\",\"contentUrl\":\"https:\\\/\\\/www.rmcr.org\\\/wp-content\\\/uploads\\\/2022\\\/11\\\/avatar-rmcr-96x96.png\",\"caption\":\"BIBLIOTECA\"},\"url\":\"https:\\\/\\\/www.rmcr.org\\\/en\\\/author\\\/juan-antonio-moreno\\\/\"}]}<\/script>\n<!-- \/ Yoast SEO plugin. -->","yoast_head_json":{"title":"Biblioteca-RMR: N\u00ba 87. Las murallas de Ronda hacia 1863 a trav\u00e9s del objetivo del fot\u00f3grafo Jean Laurent. Diciembre 2020. - Real Maestranza de Caballer\u00eda de Ronda","robots":{"index":"index","follow":"follow","max-snippet":"max-snippet:-1","max-image-preview":"max-image-preview:large","max-video-preview":"max-video-preview:-1"},"canonical":"https:\/\/www.rmcr.org\/en\/2020\/12\/24\/biblioteca-rmr-no-87-las-murallas-de-ronda-hacia-1863-a-traves-del-objetivo-del-fotografo-jean-laurent-diciembre-2020\/","og_locale":"en_US","og_type":"article","og_title":"Biblioteca-RMR: N\u00ba 87. Las murallas de Ronda hacia 1863 a trav\u00e9s del objetivo del fot\u00f3grafo Jean Laurent. Diciembre 2020. - Real Maestranza de Caballer\u00eda de Ronda","og_description":"\u00b7 ART\u00cdCULO \u00b7 \u00b7 BIBLIOTECA DE LA REAL MAESTRANZA DE CABALLER\u00cdA DE RONDA \u00b7 \u00b7 DICIEMBRE 2020 \u00b7 \u00b7 FONDO RONDA \u00b7 Las murallas de Ronda, verdadero yacimiento arqueol\u00f3gico cuyo origen se remonta a la edad media, constituyen uno de los principales atractivos del patrimonio hist\u00f3rico-monumental de la ciudad, ostentando la declaraci\u00f3n de Bien de [&hellip;]","og_url":"https:\/\/www.rmcr.org\/en\/2020\/12\/24\/biblioteca-rmr-no-87-las-murallas-de-ronda-hacia-1863-a-traves-del-objetivo-del-fotografo-jean-laurent-diciembre-2020\/","og_site_name":"Real Maestranza de Caballer\u00eda de Ronda","article_publisher":"https:\/\/www.facebook.com\/plazadetorosronda","article_published_time":"2020-12-24T11:51:07+00:00","article_modified_time":"2025-04-03T07:42:40+00:00","og_image":[{"width":482,"height":142,"url":"https:\/\/www.rmcr.org\/wp-content\/uploads\/2022\/10\/mur-lev-ron.jpg","type":"image\/jpeg"}],"author":"BIBLIOTECA","twitter_card":"summary_large_image","twitter_creator":"@PlazatorosRMR","twitter_site":"@PlazatorosRMR","twitter_misc":{"Written by":"BIBLIOTECA","Est. reading time":"6 minutes"},"schema":{"@context":"https:\/\/schema.org","@graph":[{"@type":"Article","@id":"https:\/\/www.rmcr.org\/en\/2020\/12\/24\/biblioteca-rmr-no-87-las-murallas-de-ronda-hacia-1863-a-traves-del-objetivo-del-fotografo-jean-laurent-diciembre-2020\/#article","isPartOf":{"@id":"https:\/\/www.rmcr.org\/en\/2020\/12\/24\/biblioteca-rmr-no-87-las-murallas-de-ronda-hacia-1863-a-traves-del-objetivo-del-fotografo-jean-laurent-diciembre-2020\/"},"author":{"name":"BIBLIOTECA","@id":"https:\/\/www.rmcr.org\/en\/#\/schema\/person\/80849edee7ef556893505128619ea1d0"},"headline":"Biblioteca-RMR: N\u00ba 87. Las murallas de Ronda hacia 1863 a trav\u00e9s del objetivo del fot\u00f3grafo Jean Laurent. Diciembre 2020.","datePublished":"2020-12-24T11:51:07+00:00","dateModified":"2025-04-03T07:42:40+00:00","mainEntityOfPage":{"@id":"https:\/\/www.rmcr.org\/en\/2020\/12\/24\/biblioteca-rmr-no-87-las-murallas-de-ronda-hacia-1863-a-traves-del-objetivo-del-fotografo-jean-laurent-diciembre-2020\/"},"wordCount":1305,"commentCount":0,"publisher":{"@id":"https:\/\/www.rmcr.org\/en\/#organization"},"image":{"@id":"https:\/\/www.rmcr.org\/en\/2020\/12\/24\/biblioteca-rmr-no-87-las-murallas-de-ronda-hacia-1863-a-traves-del-objetivo-del-fotografo-jean-laurent-diciembre-2020\/#primaryimage"},"thumbnailUrl":"https:\/\/www.rmcr.org\/wp-content\/uploads\/2022\/10\/mur-lev-ron.jpg","keywords":["Biblioteca","Biblioteca-RMR","Bolet\u00edn mensual bibliogr\u00e1fico","Fotograf\u00edas","Grabados","Hemeroteca","Jean Laurent","Publicaciones peri\u00f3dicas","Ronda"],"articleSection":["Biblioteca","Bolet\u00edn bibliogr\u00e1fico Biblioteca-RMR"],"inLanguage":"en-US","potentialAction":[{"@type":"CommentAction","name":"Comment","target":["https:\/\/www.rmcr.org\/en\/2020\/12\/24\/biblioteca-rmr-no-87-las-murallas-de-ronda-hacia-1863-a-traves-del-objetivo-del-fotografo-jean-laurent-diciembre-2020\/#respond"]}]},{"@type":"WebPage","@id":"https:\/\/www.rmcr.org\/en\/2020\/12\/24\/biblioteca-rmr-no-87-las-murallas-de-ronda-hacia-1863-a-traves-del-objetivo-del-fotografo-jean-laurent-diciembre-2020\/","url":"https:\/\/www.rmcr.org\/en\/2020\/12\/24\/biblioteca-rmr-no-87-las-murallas-de-ronda-hacia-1863-a-traves-del-objetivo-del-fotografo-jean-laurent-diciembre-2020\/","name":"Biblioteca-RMR: N\u00ba 87. Las murallas de Ronda hacia 1863 a trav\u00e9s del objetivo del fot\u00f3grafo Jean Laurent. Diciembre 2020. - Real Maestranza de Caballer\u00eda de Ronda","isPartOf":{"@id":"https:\/\/www.rmcr.org\/en\/#website"},"primaryImageOfPage":{"@id":"https:\/\/www.rmcr.org\/en\/2020\/12\/24\/biblioteca-rmr-no-87-las-murallas-de-ronda-hacia-1863-a-traves-del-objetivo-del-fotografo-jean-laurent-diciembre-2020\/#primaryimage"},"image":{"@id":"https:\/\/www.rmcr.org\/en\/2020\/12\/24\/biblioteca-rmr-no-87-las-murallas-de-ronda-hacia-1863-a-traves-del-objetivo-del-fotografo-jean-laurent-diciembre-2020\/#primaryimage"},"thumbnailUrl":"https:\/\/www.rmcr.org\/wp-content\/uploads\/2022\/10\/mur-lev-ron.jpg","datePublished":"2020-12-24T11:51:07+00:00","dateModified":"2025-04-03T07:42:40+00:00","breadcrumb":{"@id":"https:\/\/www.rmcr.org\/en\/2020\/12\/24\/biblioteca-rmr-no-87-las-murallas-de-ronda-hacia-1863-a-traves-del-objetivo-del-fotografo-jean-laurent-diciembre-2020\/#breadcrumb"},"inLanguage":"en-US","potentialAction":[{"@type":"ReadAction","target":["https:\/\/www.rmcr.org\/en\/2020\/12\/24\/biblioteca-rmr-no-87-las-murallas-de-ronda-hacia-1863-a-traves-del-objetivo-del-fotografo-jean-laurent-diciembre-2020\/"]}]},{"@type":"ImageObject","inLanguage":"en-US","@id":"https:\/\/www.rmcr.org\/en\/2020\/12\/24\/biblioteca-rmr-no-87-las-murallas-de-ronda-hacia-1863-a-traves-del-objetivo-del-fotografo-jean-laurent-diciembre-2020\/#primaryimage","url":"https:\/\/www.rmcr.org\/wp-content\/uploads\/2022\/10\/mur-lev-ron.jpg","contentUrl":"https:\/\/www.rmcr.org\/wp-content\/uploads\/2022\/10\/mur-lev-ron.jpg","width":482,"height":142},{"@type":"BreadcrumbList","@id":"https:\/\/www.rmcr.org\/en\/2020\/12\/24\/biblioteca-rmr-no-87-las-murallas-de-ronda-hacia-1863-a-traves-del-objetivo-del-fotografo-jean-laurent-diciembre-2020\/#breadcrumb","itemListElement":[{"@type":"ListItem","position":1,"name":"REAL MAESTRANZA DE CABALLER\u00cdA DE RONDA","item":"https:\/\/www.rmcr.org\/en\/"},{"@type":"ListItem","position":2,"name":"Biblioteca-RMR: N\u00ba 87. Las murallas de Ronda hacia 1863 a trav\u00e9s del objetivo del fot\u00f3grafo Jean Laurent. Diciembre 2020."}]},{"@type":"WebSite","@id":"https:\/\/www.rmcr.org\/en\/#website","url":"https:\/\/www.rmcr.org\/en\/","name":"Real Maestranza de Caballer\u00eda de Ronda","description":"Real Maestranza de Caballer\u00eda de Ronda","publisher":{"@id":"https:\/\/www.rmcr.org\/en\/#organization"},"alternateName":"RMCR","potentialAction":[{"@type":"SearchAction","target":{"@type":"EntryPoint","urlTemplate":"https:\/\/www.rmcr.org\/en\/?s={search_term_string}"},"query-input":{"@type":"PropertyValueSpecification","valueRequired":true,"valueName":"search_term_string"}}],"inLanguage":"en-US"},{"@type":"Organization","@id":"https:\/\/www.rmcr.org\/en\/#organization","name":"Real Maestranza de Caballer\u00eda de Ronda","alternateName":"RMR","url":"https:\/\/www.rmcr.org\/en\/","logo":{"@type":"ImageObject","inLanguage":"en-US","@id":"https:\/\/www.rmcr.org\/en\/#\/schema\/logo\/image\/","url":"https:\/\/www.rmcr.org\/wp-content\/uploads\/2022\/07\/logo-rmr-blue.svg","contentUrl":"https:\/\/www.rmcr.org\/wp-content\/uploads\/2022\/07\/logo-rmr-blue.svg","width":131,"height":129,"caption":"Real Maestranza de Caballer\u00eda de Ronda"},"image":{"@id":"https:\/\/www.rmcr.org\/en\/#\/schema\/logo\/image\/"},"sameAs":["https:\/\/www.facebook.com\/plazadetorosronda","https:\/\/x.com\/PlazatorosRMR","https:\/\/www.instagram.com\/realmaestranzaderonda\/","https:\/\/www.youtube.com\/channel\/UCrbO5IUN-8v_QML739vM4zg\/videos"]},{"@type":"Person","@id":"https:\/\/www.rmcr.org\/en\/#\/schema\/person\/80849edee7ef556893505128619ea1d0","name":"BIBLIOTECA","image":{"@type":"ImageObject","inLanguage":"en-US","@id":"https:\/\/www.rmcr.org\/wp-content\/uploads\/2022\/11\/avatar-rmcr-96x96.png","url":"https:\/\/www.rmcr.org\/wp-content\/uploads\/2022\/11\/avatar-rmcr-96x96.png","contentUrl":"https:\/\/www.rmcr.org\/wp-content\/uploads\/2022\/11\/avatar-rmcr-96x96.png","caption":"BIBLIOTECA"},"url":"https:\/\/www.rmcr.org\/en\/author\/juan-antonio-moreno\/"}]}},"_links":{"self":[{"href":"https:\/\/www.rmcr.org\/en\/wp-json\/wp\/v2\/posts\/6246","targetHints":{"allow":["GET"]}}],"collection":[{"href":"https:\/\/www.rmcr.org\/en\/wp-json\/wp\/v2\/posts"}],"about":[{"href":"https:\/\/www.rmcr.org\/en\/wp-json\/wp\/v2\/types\/post"}],"author":[{"embeddable":true,"href":"https:\/\/www.rmcr.org\/en\/wp-json\/wp\/v2\/users\/2"}],"replies":[{"embeddable":true,"href":"https:\/\/www.rmcr.org\/en\/wp-json\/wp\/v2\/comments?post=6246"}],"version-history":[{"count":2,"href":"https:\/\/www.rmcr.org\/en\/wp-json\/wp\/v2\/posts\/6246\/revisions"}],"predecessor-version":[{"id":18332,"href":"https:\/\/www.rmcr.org\/en\/wp-json\/wp\/v2\/posts\/6246\/revisions\/18332"}],"wp:featuredmedia":[{"embeddable":true,"href":"https:\/\/www.rmcr.org\/en\/wp-json\/wp\/v2\/media\/11752"}],"wp:attachment":[{"href":"https:\/\/www.rmcr.org\/en\/wp-json\/wp\/v2\/media?parent=6246"}],"wp:term":[{"taxonomy":"category","embeddable":true,"href":"https:\/\/www.rmcr.org\/en\/wp-json\/wp\/v2\/categories?post=6246"},{"taxonomy":"post_tag","embeddable":true,"href":"https:\/\/www.rmcr.org\/en\/wp-json\/wp\/v2\/tags?post=6246"}],"curies":[{"name":"wp","href":"https:\/\/api.w.org\/{rel}","templated":true}]}}