{"id":6245,"date":"2020-12-21T09:54:26","date_gmt":"2020-12-21T09:54:26","guid":{"rendered":"https:\/\/www.rmcr.org\/?p=6245"},"modified":"2025-04-04T10:11:21","modified_gmt":"2025-04-04T10:11:21","slug":"genealogia-y-heraldica-a-traves-de-la-historia-familiar-apellidos-franceses-en-ronda-houlier-y-bertier","status":"publish","type":"post","link":"https:\/\/www.rmcr.org\/en\/2020\/12\/21\/genealogia-y-heraldica-a-traves-de-la-historia-familiar-apellidos-franceses-en-ronda-houlier-y-bertier\/","title":{"rendered":"Genealog\u00eda y Her\u00e1ldica a trav\u00e9s de la Historia Familiar. Apellidos franceses en Ronda: Houlier y Bertier."},"content":{"rendered":"\n<p class=\"has-text-align-justify\">En la <a https:\/\/www.rmcr.org\/2020\/11\/18\/genealogia-y-heraldica-a-traves-de-la-historia-familiar-apellidos-franceses-en-ronda\/\">entrada anterior<\/a> hac\u00edamos referencia al apellido de origen franc\u00e9s del Duque, vinculado a la familia Avil\u00e9s-Cascos. En esta, recogemos la informaci\u00f3n, puramente geneal\u00f3gica, de los apellidos <strong><span class=\"uppercase\">Hourlier y Bertier<\/span><\/strong> relacionados con la familia<span class=\"uppercase\"> <\/span>Moreno Mondrag\u00f3n<strong><span class=\"uppercase\"> <\/span><\/strong>[V\u00e1zquez de Mondrag\u00f3n].<\/p>\n\n\n\n<p class=\"has-text-align-justify\">Un conjunto de documentaci\u00f3n privada, parte de la colecci\u00f3n Aguilera que hace referencia a otras familias ronde\u00f1as como los Guerrero de Escalante y V\u00e1quez de Mondrag\u00f3n. En concreto, de estos apellidos, tiene un volumen de dos unidades de instalaci\u00f3n, sus fechas est\u00e1n comprendidas entre 1695 y 1747. Las tipolog\u00edas documentales referidas a estos apellidos de origen franc\u00e9s son: nombramientos de cargos, partidas sacramentales de bautismo y matrimonio, copias de cl\u00e1usulas testamentarias, \u00e1rboles geneal\u00f3gicos, pasaportes, expedientes de nobleza, certificaciones de cargos y servicios a la corona, escudos her\u00e1ldicos. testificaciones,&#8230;etc.<\/p>\n\n\n\n<p class=\"has-text-align-justify\">El por qu\u00e9 y c\u00f3mo llegaron estos documentos a Ronda, tiene su explicaci\u00f3n a trav\u00e9s de las relaciones familiares, en concreto, enlaces matrimoniales que en la mayor\u00eda de los casos, suponen un aporte documental a un archivo privado ya existente. Estos documentos, tienen un nexo com\u00fan, por el que se producen o se agrupan, en la persona de  <span class=\"uppercase\"><strong>Juan Joaqu\u00edn Moreno de Mendoza Hourlier<\/strong><\/span>, (Ceuta, 24 de septiembre 1735 \u2013 C\u00e1diz, 4 de septiembre 1812) comendador de Lopera de la Orden de Calatrava, Teniente General de la Real Armada, Caballero Maestrante de Ronda y regidor perpetuo de esta ciudad. <\/p>\n\n\n\n<figure class=\"wp-block-image aligncenter size-large\"><a href=\"https:\/\/www.rmcr.org\/2020\/12\/l737-c9-prv-agu-5-arbol-1.jpg\"><img decoding=\"async\" src=\"https:\/\/www.rmcr.org\/wp-content\/uploads\/2020\/12\/l737-c9-prv-agu-5-arbol-1.jpg?w=1024\" alt=\"\" class=\"wp-image-3140\"\/><\/a><\/figure>\n\n\n\n<p class=\"has-text-align-center\">\u00c1rbol geneal\u00f3gico ascendente de Juan Moreno de Mendoza Hourlier, Leg. 737-C9 <\/p>\n\n\n\n<p class=\"has-text-align-justify\">Su padre fue Francisco Moreno de Mendoza Mondrag\u00f3n (\u00e1rbol 2), natural de Ronda, Caballero de Santiago (1740), Mariscal de los Reales Ej\u00e9rcitos, Sargento Mayor de la ciudadela de Barcelona. Su madre, Catalina de Hourlier y Bertier (\u00e1rbol 3), natural de Bruselas. <\/p>\n\n\n\n<p class=\"has-text-align-justify\">Juan Moreno de Mendoza Hourlier fue un personaje interesante con una destacada y duradera carrera militar al <a href=\"http:\/\/dbe.rah.es\/biografias\/65803\/juan-joaquin-moreno-dhoutlier\">servicio de la Armada Real<\/a>. A ra\u00edz de su entrada en la Compa\u00f1\u00eda de Reales Guardias Marinas de C\u00e1diz (1751) y de sus pruebas para la Gran Cruz de la orden de Carlos III (1803), se generan expedientes destinados a probar la nobleza de las dos l\u00edneas del pretendiente, que nos informan del origen de los apellidos y su genealog\u00eda. Por ello nos han llegado partidas originales de los Pa\u00edses Bajos y Francia, nombramientos de cargos y oficios regios por S.M. Carlos II, carta de naturalizaci\u00f3n&#8230;etc.<\/p>\n\n\n\n<div class=\"wp-block-group is-layout-flow wp-block-group-is-layout-flow\">\n<div class=\"wp-block-group is-layout-flow wp-block-group-is-layout-flow\">\n<div class=\"wp-block-columns is-layout-flex wp-container-core-columns-is-layout-28f84493 wp-block-columns-is-layout-flex\">\n<div class=\"wp-block-column is-layout-flow wp-block-column-is-layout-flow\" style=\"flex-basis:100%\">\n<div class=\"wp-block-group is-layout-flow wp-block-group-is-layout-flow\">\n<figure class=\"wp-block-gallery has-nested-images columns-default is-cropped wp-block-gallery-1 is-layout-flex wp-block-gallery-is-layout-flex\">\n<figure class=\"wp-block-image size-large\"><img decoding=\"async\" src=\"https:\/\/www.rmcr.org\/wp-content\/uploads\/2020\/12\/l737-c8-prv-agu-1.jpg?w=598\" alt=\"\"\/><\/figure>\n\n\n\n<figure class=\"wp-block-image size-large\"><img decoding=\"async\" data-id=\"3151\" src=\"https:\/\/www.rmcr.org\/wp-content\/uploads\/2020\/12\/l737-c9-prv-agu-1-expediente-1803-1.jpg?w=589\" alt=\"\" class=\"wp-image-3151\"\/><\/figure>\n<\/figure>\n<\/div>\n\n\n\n<p class=\"has-text-align-center\">Portadillas de los expedientes geneal\u00f3gicos de Juan Moreno de Mendoza Hourlier . Expediente para su ingreso como Guardia Marina (1751) Leg.737-C8. Expediente para la Orden de Carlos III (1803) Leg.737-C9<\/p>\n<\/div>\n<\/div>\n<\/div>\n<\/div>\n\n\n\n<p class=\"has-text-align-justify\">La relaci\u00f3n de nuestro personaje con la ciudad de Ronda, tal y como se ve en el \u00e1rbol, viene por l\u00ednea paterna. Sus bisabuelos, Miguel Moreno Calvo (\u00e1rbol 8) y Gaspara V\u00e1zquez de Mondrag\u00f3n (\u00e1rbol 9) y, su abuelo paterno, Francisco Manuel Moreno de Mondrag\u00f3n (\u00e1rbol 4) eran naturales de dicha ciudad y los dos Caballeros Maestrantes de Ronda. Su abuela paterna, Mar\u00eda de Mendoza Villalobos (\u00e1rbol 5), era natural de Ceuta, ciudad donde residi\u00f3 su familia y a la cual tambi\u00e9n estaban ligados los familiares ronde\u00f1os. Su&nbsp;abisabuelo, Francisco de Mendoza y Villalobos (\u00e1rbol 10), fue capit\u00e1n de Mar y Guerra de dicha plaza y caballero calatravo.<\/p>\n\n\n\n<p class=\"has-text-align-justify\">Su l\u00ednea materna, aunque establecida en los Pa\u00edses Bajos, es de origen franc\u00e9s. Su madre, era hija de Juan de Hourlier y de la Mota [Motte], (Reims, b. San Hilario, 7 de junio de 1676 &#8211; Salamanca 28 de diciembre de 1745) (\u00e1rbol 6), Mariscal General de alojamiento de la Guard\u00eda Flamenca de S.M. en Bruselas, veedor de la plaza de Ceuta e intendente general de la provincia de Extremadura y Castilla (1740) y Corregidor de Salamanca (1740). Cas\u00f3 en Bruselas el 18 de marzo de 1703 con Mar\u00eda Margarita Bertier [Berthier] y Reynaldos (\u00e1rbol 7), natural de Par\u00eds y baronesa de Bertier. El segundo apellido, Reynaldos, es de origen ingl\u00e9s y del que tambi\u00e9n se conservan algunos documentos. Su hija, madre de nuestro personaje, fue Catalina&nbsp;de Hourlier y Bertier, (\u00e1rbol 3), bautizada en Ittre (Brabante) en la di\u00f3cesis de Namur el 3 de marzo de 1709, en la capilla del Castillo conocido como Fauqu\u00e9, falleci\u00f3 en la Villa de Ubrique en 1737, donde tambi\u00e9n test\u00f3. Por este documento sabemos que tuvo, dos hijos, Juan, el primog\u00e9nito y Manuel, que en ese a\u00f1o figuran como menores.<\/p>\n\n\n\n<p class=\"has-text-align-justify\">Sus bisabuelos maternos eran Nicol\u00e1s de Hourlier (\u00e1rbol 12), natural de Reims, miembro del Consejo Real de Francia y Margarita de la Motte (\u00e1rbol 13), natural de la misma ciudad. Por otro lado, Pedro Bertier, natural de Saboya y Francisca Reynaldo, de Par\u00eds. Pedro Bertier, Bar\u00f3n de Bertier, consejero secreto de estado, hacienda y enviado extraordinario del elector de Baviera , Maximiliano Emanuel, a la corte de de S.M. Carlos II. Fue un personaje destacado en la corte que intrigo, a favor de su causa, en la sucesi\u00f3n a la muerte del Rey.<\/p>\n\n\n\n<figure class=\"wp-block-image aligncenter size-large is-resized\"><a href=\"https:\/\/www.rmcr.org\/2020\/12\/l737-c27-prv-agu-002-arbol-linea-materna.jpg\"><img fetchpriority=\"high\" decoding=\"async\" src=\"https:\/\/www.rmcr.org\/wp-content\/uploads\/2020\/12\/l737-c27-prv-agu-002-arbol-linea-materna.jpg?w=452\" alt=\"\" class=\"wp-image-3168\" width=\"418\" height=\"946\"\/><\/a><\/figure>\n\n\n\n<p class=\"has-text-align-center\">\u00c1rbol geneal\u00f3gico de la l\u00ednea materna de Juan Moreno Hourlier,  Leg.737-C27<\/p>\n\n\n\n<p class=\"has-text-align-justify\">En el expediente de limpieza de sangre de 1751, se inserta una certificaci\u00f3n de Mart\u00edn de Obedos Viegas, escribano de la Real Hermandad Hospital y Casa de Misericordia de Ceuta. Instituci\u00f3n en la ingresaba la nobleza ceut\u00ed y, a la que pertenec\u00eda Juan Hourlier (1733), de la misma manera, Francisco Moreno de Mendoza. Hecho que se rese\u00f1a en la documentaci\u00f3n, al considerarse como un acto positivo de nobleza. Esta relaci\u00f3n acabar\u00eda con el matrimonio de la hija de Hourlier, Catalina, con el caballero ronde\u00f1o, el 15 de agosto de 1729, padres de nuestro personaje, Juan Moreno Hourlier.<\/p>\n\n\n\n<figure class=\"wp-block-image aligncenter size-large is-resized\"><a href=\"https:\/\/www.rmcr.org\/2020\/12\/l737-c17-prv-agu-3-pasaporte.jpg\"><img decoding=\"async\" src=\"https:\/\/www.rmcr.org\/wp-content\/uploads\/2020\/12\/l737-c17-prv-agu-3-pasaporte.jpg?w=766\" alt=\"\" class=\"wp-image-3173\" width=\"437\" height=\"584\"\/><\/a><\/figure>\n\n\n\n<p class=\"has-text-align-center\">Pasaporte de Maximiliano Emmanuel, Duque de Baviera, al se\u00f1or [Juan] de Hourlier para<br>pasar a Espa\u00f1a con su familia, mayo de 1708. Leg.737-C17<\/p>\n\n\n\n<p class=\"has-text-align-justify\">Contextualizando esta documentaci\u00f3n con el resto documentos que la acompa\u00f1a, nos llama la atenci\u00f3n, que habr\u00eda formado parte del archivo de otra ilustre familia ronde\u00f1a, los Guerrero de Escalante. La hija de Juan Moreno de Mendoza Hourlier y su mujer, Isabel Fabro y Ricardos (C\u00e1diz 25 de noviembre 1758), era Mar\u00eda del Esp\u00edritu Santo Moreno (Isla de Le\u00f3n, 5 de junio 1783), que cas\u00f3 en segundas nupcias con <a href=\"https:\/\/www.facebook.com\/realmaestranzaderonda\/posts\/3837897239593995\">Juan Guerrero de Escalante Ruiz-D\u00e1valos<\/a> (Ronda, 6 de septiembre 1794), Caballero Maestrante. \u00c9sta aportar\u00eda la documentaci\u00f3n de sus progenitores al archivo de la familia Guerrero de Escalante, un elemento externo, nos podr\u00eda confirmar este hecho. En una casa particular ronde\u00f1a se conserva el armario archivero de esta familia, desgraciadamente hoy sin su contenido original, de lo que ser\u00eda uno de los archivos privados m\u00e1s importantes de la ciudad. En sus puertas se dibujan los escudos de armas de los diferentes apellidos que han formado parte de esta familia. En una se observan las l\u00edneas familiares de los mayorazgos y en la otra, las uniones matrimoniales. En esta \u00faltima reconocemos los escudos de los apellidos Bertier y Ricardos, apellidos de las l\u00ednea paterna y materna de la hija de Juan Moreno de Mendoza.<\/p>\n\n\n\n<figure class=\"wp-block-image aligncenter size-large is-resized\"><a href=\"https:\/\/www.rmcr.org\/2020\/12\/mayorazgos-y-enlaces.jpg\"><img decoding=\"async\" src=\"https:\/\/www.rmcr.org\/wp-content\/uploads\/2020\/12\/mayorazgos-y-enlaces.jpg?w=1024\" alt=\"\" class=\"wp-image-3183\" width=\"-74\" height=\"-57\"\/><\/a><\/figure>\n\n\n\n<p class=\"has-text-align-center\">Escudos her\u00e1ldicos del armario archivero del la familia Guerrero de Escalante<\/p>\n\n\n\n<figure class=\"wp-block-image aligncenter size-large is-resized\"><a href=\"https:\/\/www.rmcr.org\/2020\/12\/escudo-bertier.jpg\"><img decoding=\"async\" src=\"https:\/\/www.rmcr.org\/wp-content\/uploads\/2020\/12\/escudo-bertier.jpg?w=997\" alt=\"\" class=\"wp-image-3184\" width=\"625\" height=\"641\"\/><\/a><\/figure>\n\n\n\n<p class=\"has-text-align-center\">Detalle del escudo her\u00e1ldico de la familia Bertier (Berthier)<\/p>\n\n\n\n<p>Si est\u00e1 interesado en otros temas del archivo pinche el siguiente enlace:&nbsp;<a https:\/\/www.rmcr.org\/category\/documentos-en-el-archivo-de-la-rmr\/\">entradas anteriores<\/a><\/p>\n","protected":false},"excerpt":{"rendered":"<p>En la entradas anteriores<\/p>\n","protected":false},"author":3,"featured_media":11916,"comment_status":"open","ping_status":"open","sticky":false,"template":"","format":"standard","meta":{"footnotes":""},"categories":[134,512],"tags":[235,225],"class_list":["post-6245","post","type-post","status-publish","format-standard","has-post-thumbnail","hentry","category-archivo","category-documentos-archivos-rmr","tag-archivo","tag-fondos-documentales"],"yoast_head":"<!-- This site is optimized with the Yoast SEO plugin v27.5 - https:\/\/yoast.com\/product\/yoast-seo-wordpress\/ -->\n<title>Genealog\u00eda y Her\u00e1ldica a trav\u00e9s de la Historia Familiar. Apellidos franceses en Ronda: Houlier y Bertier. - Real Maestranza de Caballer\u00eda de Ronda<\/title>\n<meta name=\"robots\" content=\"index, follow, max-snippet:-1, max-image-preview:large, max-video-preview:-1\" \/>\n<link rel=\"canonical\" href=\"https:\/\/www.rmcr.org\/en\/2020\/12\/21\/genealogia-y-heraldica-a-traves-de-la-historia-familiar-apellidos-franceses-en-ronda-houlier-y-bertier\/\" \/>\n<meta property=\"og:locale\" content=\"en_US\" \/>\n<meta property=\"og:type\" content=\"article\" \/>\n<meta property=\"og:title\" content=\"Genealog\u00eda y Her\u00e1ldica a trav\u00e9s de la Historia Familiar. Apellidos franceses en Ronda: Houlier y Bertier. - Real Maestranza de Caballer\u00eda de Ronda\" \/>\n<meta property=\"og:description\" content=\"En la entradas anteriores\" \/>\n<meta property=\"og:url\" content=\"https:\/\/www.rmcr.org\/en\/2020\/12\/21\/genealogia-y-heraldica-a-traves-de-la-historia-familiar-apellidos-franceses-en-ronda-houlier-y-bertier\/\" \/>\n<meta property=\"og:site_name\" content=\"Real Maestranza de Caballer\u00eda de Ronda\" \/>\n<meta property=\"article:publisher\" content=\"https:\/\/www.facebook.com\/plazadetorosronda\" \/>\n<meta property=\"article:published_time\" content=\"2020-12-21T09:54:26+00:00\" \/>\n<meta property=\"article:modified_time\" content=\"2025-04-04T10:11:21+00:00\" \/>\n<meta property=\"og:image\" content=\"https:\/\/www.rmcr.org\/wp-content\/uploads\/2022\/10\/destacada-8.jpg\" \/>\n\t<meta property=\"og:image:width\" content=\"886\" \/>\n\t<meta property=\"og:image:height\" content=\"295\" \/>\n\t<meta property=\"og:image:type\" content=\"image\/jpeg\" \/>\n<meta name=\"author\" content=\"ARCHIVO\" \/>\n<meta name=\"twitter:card\" content=\"summary_large_image\" \/>\n<meta name=\"twitter:creator\" content=\"@PlazatorosRMR\" \/>\n<meta name=\"twitter:site\" content=\"@PlazatorosRMR\" \/>\n<meta name=\"twitter:label1\" content=\"Written by\" \/>\n\t<meta name=\"twitter:data1\" content=\"ARCHIVO\" \/>\n<script type=\"application\/ld+json\" class=\"yoast-schema-graph\">{\"@context\":\"https:\\\/\\\/schema.org\",\"@graph\":[{\"@type\":\"Article\",\"@id\":\"https:\\\/\\\/www.rmcr.org\\\/en\\\/2020\\\/12\\\/21\\\/genealogia-y-heraldica-a-traves-de-la-historia-familiar-apellidos-franceses-en-ronda-houlier-y-bertier\\\/#article\",\"isPartOf\":{\"@id\":\"https:\\\/\\\/www.rmcr.org\\\/en\\\/2020\\\/12\\\/21\\\/genealogia-y-heraldica-a-traves-de-la-historia-familiar-apellidos-franceses-en-ronda-houlier-y-bertier\\\/\"},\"author\":{\"name\":\"ARCHIVO\",\"@id\":\"https:\\\/\\\/www.rmcr.org\\\/en\\\/#\\\/schema\\\/person\\\/f182f13b406ff40dd281a5ecca93380e\"},\"headline\":\"Genealog\u00eda y Her\u00e1ldica a trav\u00e9s de la Historia Familiar. Apellidos franceses en Ronda: Houlier y Bertier.\",\"datePublished\":\"2020-12-21T09:54:26+00:00\",\"dateModified\":\"2025-04-04T10:11:21+00:00\",\"mainEntityOfPage\":{\"@id\":\"https:\\\/\\\/www.rmcr.org\\\/en\\\/2020\\\/12\\\/21\\\/genealogia-y-heraldica-a-traves-de-la-historia-familiar-apellidos-franceses-en-ronda-houlier-y-bertier\\\/\"},\"wordCount\":21,\"commentCount\":0,\"publisher\":{\"@id\":\"https:\\\/\\\/www.rmcr.org\\\/en\\\/#organization\"},\"image\":{\"@id\":\"https:\\\/\\\/www.rmcr.org\\\/en\\\/2020\\\/12\\\/21\\\/genealogia-y-heraldica-a-traves-de-la-historia-familiar-apellidos-franceses-en-ronda-houlier-y-bertier\\\/#primaryimage\"},\"thumbnailUrl\":\"https:\\\/\\\/www.rmcr.org\\\/wp-content\\\/uploads\\\/2022\\\/10\\\/destacada-8.jpg\",\"keywords\":[\"Archivo\",\"Fondos documentales\"],\"articleSection\":[\"Archivo\",\"Documentos Archivo RMR\"],\"inLanguage\":\"en-US\",\"potentialAction\":[{\"@type\":\"CommentAction\",\"name\":\"Comment\",\"target\":[\"https:\\\/\\\/www.rmcr.org\\\/en\\\/2020\\\/12\\\/21\\\/genealogia-y-heraldica-a-traves-de-la-historia-familiar-apellidos-franceses-en-ronda-houlier-y-bertier\\\/#respond\"]}]},{\"@type\":\"WebPage\",\"@id\":\"https:\\\/\\\/www.rmcr.org\\\/en\\\/2020\\\/12\\\/21\\\/genealogia-y-heraldica-a-traves-de-la-historia-familiar-apellidos-franceses-en-ronda-houlier-y-bertier\\\/\",\"url\":\"https:\\\/\\\/www.rmcr.org\\\/en\\\/2020\\\/12\\\/21\\\/genealogia-y-heraldica-a-traves-de-la-historia-familiar-apellidos-franceses-en-ronda-houlier-y-bertier\\\/\",\"name\":\"Genealog\u00eda y Her\u00e1ldica a trav\u00e9s de la Historia Familiar. Apellidos franceses en Ronda: Houlier y Bertier. - Real Maestranza de Caballer\u00eda de Ronda\",\"isPartOf\":{\"@id\":\"https:\\\/\\\/www.rmcr.org\\\/en\\\/#website\"},\"primaryImageOfPage\":{\"@id\":\"https:\\\/\\\/www.rmcr.org\\\/en\\\/2020\\\/12\\\/21\\\/genealogia-y-heraldica-a-traves-de-la-historia-familiar-apellidos-franceses-en-ronda-houlier-y-bertier\\\/#primaryimage\"},\"image\":{\"@id\":\"https:\\\/\\\/www.rmcr.org\\\/en\\\/2020\\\/12\\\/21\\\/genealogia-y-heraldica-a-traves-de-la-historia-familiar-apellidos-franceses-en-ronda-houlier-y-bertier\\\/#primaryimage\"},\"thumbnailUrl\":\"https:\\\/\\\/www.rmcr.org\\\/wp-content\\\/uploads\\\/2022\\\/10\\\/destacada-8.jpg\",\"datePublished\":\"2020-12-21T09:54:26+00:00\",\"dateModified\":\"2025-04-04T10:11:21+00:00\",\"breadcrumb\":{\"@id\":\"https:\\\/\\\/www.rmcr.org\\\/en\\\/2020\\\/12\\\/21\\\/genealogia-y-heraldica-a-traves-de-la-historia-familiar-apellidos-franceses-en-ronda-houlier-y-bertier\\\/#breadcrumb\"},\"inLanguage\":\"en-US\",\"potentialAction\":[{\"@type\":\"ReadAction\",\"target\":[\"https:\\\/\\\/www.rmcr.org\\\/en\\\/2020\\\/12\\\/21\\\/genealogia-y-heraldica-a-traves-de-la-historia-familiar-apellidos-franceses-en-ronda-houlier-y-bertier\\\/\"]}]},{\"@type\":\"ImageObject\",\"inLanguage\":\"en-US\",\"@id\":\"https:\\\/\\\/www.rmcr.org\\\/en\\\/2020\\\/12\\\/21\\\/genealogia-y-heraldica-a-traves-de-la-historia-familiar-apellidos-franceses-en-ronda-houlier-y-bertier\\\/#primaryimage\",\"url\":\"https:\\\/\\\/www.rmcr.org\\\/wp-content\\\/uploads\\\/2022\\\/10\\\/destacada-8.jpg\",\"contentUrl\":\"https:\\\/\\\/www.rmcr.org\\\/wp-content\\\/uploads\\\/2022\\\/10\\\/destacada-8.jpg\",\"width\":886,\"height\":295},{\"@type\":\"BreadcrumbList\",\"@id\":\"https:\\\/\\\/www.rmcr.org\\\/en\\\/2020\\\/12\\\/21\\\/genealogia-y-heraldica-a-traves-de-la-historia-familiar-apellidos-franceses-en-ronda-houlier-y-bertier\\\/#breadcrumb\",\"itemListElement\":[{\"@type\":\"ListItem\",\"position\":1,\"name\":\"REAL MAESTRANZA DE CABALLER\u00cdA DE RONDA\",\"item\":\"https:\\\/\\\/www.rmcr.org\\\/en\\\/\"},{\"@type\":\"ListItem\",\"position\":2,\"name\":\"Genealog\u00eda y Her\u00e1ldica a trav\u00e9s de la Historia Familiar. Apellidos franceses en Ronda: Houlier y Bertier.\"}]},{\"@type\":\"WebSite\",\"@id\":\"https:\\\/\\\/www.rmcr.org\\\/en\\\/#website\",\"url\":\"https:\\\/\\\/www.rmcr.org\\\/en\\\/\",\"name\":\"Real Maestranza de Caballer\u00eda de Ronda\",\"description\":\"Real Maestranza de Caballer\u00eda de Ronda\",\"publisher\":{\"@id\":\"https:\\\/\\\/www.rmcr.org\\\/en\\\/#organization\"},\"alternateName\":\"RMCR\",\"potentialAction\":[{\"@type\":\"SearchAction\",\"target\":{\"@type\":\"EntryPoint\",\"urlTemplate\":\"https:\\\/\\\/www.rmcr.org\\\/en\\\/?s={search_term_string}\"},\"query-input\":{\"@type\":\"PropertyValueSpecification\",\"valueRequired\":true,\"valueName\":\"search_term_string\"}}],\"inLanguage\":\"en-US\"},{\"@type\":\"Organization\",\"@id\":\"https:\\\/\\\/www.rmcr.org\\\/en\\\/#organization\",\"name\":\"Real Maestranza de Caballer\u00eda de Ronda\",\"alternateName\":\"RMR\",\"url\":\"https:\\\/\\\/www.rmcr.org\\\/en\\\/\",\"logo\":{\"@type\":\"ImageObject\",\"inLanguage\":\"en-US\",\"@id\":\"https:\\\/\\\/www.rmcr.org\\\/en\\\/#\\\/schema\\\/logo\\\/image\\\/\",\"url\":\"https:\\\/\\\/www.rmcr.org\\\/wp-content\\\/uploads\\\/2022\\\/07\\\/logo-rmr-blue.svg\",\"contentUrl\":\"https:\\\/\\\/www.rmcr.org\\\/wp-content\\\/uploads\\\/2022\\\/07\\\/logo-rmr-blue.svg\",\"width\":131,\"height\":129,\"caption\":\"Real Maestranza de Caballer\u00eda de Ronda\"},\"image\":{\"@id\":\"https:\\\/\\\/www.rmcr.org\\\/en\\\/#\\\/schema\\\/logo\\\/image\\\/\"},\"sameAs\":[\"https:\\\/\\\/www.facebook.com\\\/plazadetorosronda\",\"https:\\\/\\\/x.com\\\/PlazatorosRMR\",\"https:\\\/\\\/www.instagram.com\\\/realmaestranzaderonda\\\/\",\"https:\\\/\\\/www.youtube.com\\\/channel\\\/UCrbO5IUN-8v_QML739vM4zg\\\/videos\"]},{\"@type\":\"Person\",\"@id\":\"https:\\\/\\\/www.rmcr.org\\\/en\\\/#\\\/schema\\\/person\\\/f182f13b406ff40dd281a5ecca93380e\",\"name\":\"ARCHIVO\",\"image\":{\"@type\":\"ImageObject\",\"inLanguage\":\"en-US\",\"@id\":\"https:\\\/\\\/www.rmcr.org\\\/wp-content\\\/uploads\\\/2022\\\/11\\\/avatar-rmcr-96x96.png\",\"url\":\"https:\\\/\\\/www.rmcr.org\\\/wp-content\\\/uploads\\\/2022\\\/11\\\/avatar-rmcr-96x96.png\",\"contentUrl\":\"https:\\\/\\\/www.rmcr.org\\\/wp-content\\\/uploads\\\/2022\\\/11\\\/avatar-rmcr-96x96.png\",\"caption\":\"ARCHIVO\"},\"url\":\"https:\\\/\\\/www.rmcr.org\\\/en\\\/author\\\/francisco-rosales\\\/\"}]}<\/script>\n<!-- \/ Yoast SEO plugin. -->","yoast_head_json":{"title":"Genealog\u00eda y Her\u00e1ldica a trav\u00e9s de la Historia Familiar. Apellidos franceses en Ronda: Houlier y Bertier. - Real Maestranza de Caballer\u00eda de Ronda","robots":{"index":"index","follow":"follow","max-snippet":"max-snippet:-1","max-image-preview":"max-image-preview:large","max-video-preview":"max-video-preview:-1"},"canonical":"https:\/\/www.rmcr.org\/en\/2020\/12\/21\/genealogia-y-heraldica-a-traves-de-la-historia-familiar-apellidos-franceses-en-ronda-houlier-y-bertier\/","og_locale":"en_US","og_type":"article","og_title":"Genealog\u00eda y Her\u00e1ldica a trav\u00e9s de la Historia Familiar. Apellidos franceses en Ronda: Houlier y Bertier. - Real Maestranza de Caballer\u00eda de Ronda","og_description":"En la entradas anteriores","og_url":"https:\/\/www.rmcr.org\/en\/2020\/12\/21\/genealogia-y-heraldica-a-traves-de-la-historia-familiar-apellidos-franceses-en-ronda-houlier-y-bertier\/","og_site_name":"Real Maestranza de Caballer\u00eda de Ronda","article_publisher":"https:\/\/www.facebook.com\/plazadetorosronda","article_published_time":"2020-12-21T09:54:26+00:00","article_modified_time":"2025-04-04T10:11:21+00:00","og_image":[{"width":886,"height":295,"url":"https:\/\/www.rmcr.org\/wp-content\/uploads\/2022\/10\/destacada-8.jpg","type":"image\/jpeg"}],"author":"ARCHIVO","twitter_card":"summary_large_image","twitter_creator":"@PlazatorosRMR","twitter_site":"@PlazatorosRMR","twitter_misc":{"Written by":"ARCHIVO"},"schema":{"@context":"https:\/\/schema.org","@graph":[{"@type":"Article","@id":"https:\/\/www.rmcr.org\/en\/2020\/12\/21\/genealogia-y-heraldica-a-traves-de-la-historia-familiar-apellidos-franceses-en-ronda-houlier-y-bertier\/#article","isPartOf":{"@id":"https:\/\/www.rmcr.org\/en\/2020\/12\/21\/genealogia-y-heraldica-a-traves-de-la-historia-familiar-apellidos-franceses-en-ronda-houlier-y-bertier\/"},"author":{"name":"ARCHIVO","@id":"https:\/\/www.rmcr.org\/en\/#\/schema\/person\/f182f13b406ff40dd281a5ecca93380e"},"headline":"Genealog\u00eda y Her\u00e1ldica a trav\u00e9s de la Historia Familiar. Apellidos franceses en Ronda: Houlier y Bertier.","datePublished":"2020-12-21T09:54:26+00:00","dateModified":"2025-04-04T10:11:21+00:00","mainEntityOfPage":{"@id":"https:\/\/www.rmcr.org\/en\/2020\/12\/21\/genealogia-y-heraldica-a-traves-de-la-historia-familiar-apellidos-franceses-en-ronda-houlier-y-bertier\/"},"wordCount":21,"commentCount":0,"publisher":{"@id":"https:\/\/www.rmcr.org\/en\/#organization"},"image":{"@id":"https:\/\/www.rmcr.org\/en\/2020\/12\/21\/genealogia-y-heraldica-a-traves-de-la-historia-familiar-apellidos-franceses-en-ronda-houlier-y-bertier\/#primaryimage"},"thumbnailUrl":"https:\/\/www.rmcr.org\/wp-content\/uploads\/2022\/10\/destacada-8.jpg","keywords":["Archivo","Fondos documentales"],"articleSection":["Archivo","Documentos Archivo RMR"],"inLanguage":"en-US","potentialAction":[{"@type":"CommentAction","name":"Comment","target":["https:\/\/www.rmcr.org\/en\/2020\/12\/21\/genealogia-y-heraldica-a-traves-de-la-historia-familiar-apellidos-franceses-en-ronda-houlier-y-bertier\/#respond"]}]},{"@type":"WebPage","@id":"https:\/\/www.rmcr.org\/en\/2020\/12\/21\/genealogia-y-heraldica-a-traves-de-la-historia-familiar-apellidos-franceses-en-ronda-houlier-y-bertier\/","url":"https:\/\/www.rmcr.org\/en\/2020\/12\/21\/genealogia-y-heraldica-a-traves-de-la-historia-familiar-apellidos-franceses-en-ronda-houlier-y-bertier\/","name":"Genealog\u00eda y Her\u00e1ldica a trav\u00e9s de la Historia Familiar. Apellidos franceses en Ronda: Houlier y Bertier. - Real Maestranza de Caballer\u00eda de Ronda","isPartOf":{"@id":"https:\/\/www.rmcr.org\/en\/#website"},"primaryImageOfPage":{"@id":"https:\/\/www.rmcr.org\/en\/2020\/12\/21\/genealogia-y-heraldica-a-traves-de-la-historia-familiar-apellidos-franceses-en-ronda-houlier-y-bertier\/#primaryimage"},"image":{"@id":"https:\/\/www.rmcr.org\/en\/2020\/12\/21\/genealogia-y-heraldica-a-traves-de-la-historia-familiar-apellidos-franceses-en-ronda-houlier-y-bertier\/#primaryimage"},"thumbnailUrl":"https:\/\/www.rmcr.org\/wp-content\/uploads\/2022\/10\/destacada-8.jpg","datePublished":"2020-12-21T09:54:26+00:00","dateModified":"2025-04-04T10:11:21+00:00","breadcrumb":{"@id":"https:\/\/www.rmcr.org\/en\/2020\/12\/21\/genealogia-y-heraldica-a-traves-de-la-historia-familiar-apellidos-franceses-en-ronda-houlier-y-bertier\/#breadcrumb"},"inLanguage":"en-US","potentialAction":[{"@type":"ReadAction","target":["https:\/\/www.rmcr.org\/en\/2020\/12\/21\/genealogia-y-heraldica-a-traves-de-la-historia-familiar-apellidos-franceses-en-ronda-houlier-y-bertier\/"]}]},{"@type":"ImageObject","inLanguage":"en-US","@id":"https:\/\/www.rmcr.org\/en\/2020\/12\/21\/genealogia-y-heraldica-a-traves-de-la-historia-familiar-apellidos-franceses-en-ronda-houlier-y-bertier\/#primaryimage","url":"https:\/\/www.rmcr.org\/wp-content\/uploads\/2022\/10\/destacada-8.jpg","contentUrl":"https:\/\/www.rmcr.org\/wp-content\/uploads\/2022\/10\/destacada-8.jpg","width":886,"height":295},{"@type":"BreadcrumbList","@id":"https:\/\/www.rmcr.org\/en\/2020\/12\/21\/genealogia-y-heraldica-a-traves-de-la-historia-familiar-apellidos-franceses-en-ronda-houlier-y-bertier\/#breadcrumb","itemListElement":[{"@type":"ListItem","position":1,"name":"REAL MAESTRANZA DE CABALLER\u00cdA DE RONDA","item":"https:\/\/www.rmcr.org\/en\/"},{"@type":"ListItem","position":2,"name":"Genealog\u00eda y Her\u00e1ldica a trav\u00e9s de la Historia Familiar. Apellidos franceses en Ronda: Houlier y Bertier."}]},{"@type":"WebSite","@id":"https:\/\/www.rmcr.org\/en\/#website","url":"https:\/\/www.rmcr.org\/en\/","name":"Real Maestranza de Caballer\u00eda de Ronda","description":"Real Maestranza de Caballer\u00eda de Ronda","publisher":{"@id":"https:\/\/www.rmcr.org\/en\/#organization"},"alternateName":"RMCR","potentialAction":[{"@type":"SearchAction","target":{"@type":"EntryPoint","urlTemplate":"https:\/\/www.rmcr.org\/en\/?s={search_term_string}"},"query-input":{"@type":"PropertyValueSpecification","valueRequired":true,"valueName":"search_term_string"}}],"inLanguage":"en-US"},{"@type":"Organization","@id":"https:\/\/www.rmcr.org\/en\/#organization","name":"Real Maestranza de Caballer\u00eda de Ronda","alternateName":"RMR","url":"https:\/\/www.rmcr.org\/en\/","logo":{"@type":"ImageObject","inLanguage":"en-US","@id":"https:\/\/www.rmcr.org\/en\/#\/schema\/logo\/image\/","url":"https:\/\/www.rmcr.org\/wp-content\/uploads\/2022\/07\/logo-rmr-blue.svg","contentUrl":"https:\/\/www.rmcr.org\/wp-content\/uploads\/2022\/07\/logo-rmr-blue.svg","width":131,"height":129,"caption":"Real Maestranza de Caballer\u00eda de Ronda"},"image":{"@id":"https:\/\/www.rmcr.org\/en\/#\/schema\/logo\/image\/"},"sameAs":["https:\/\/www.facebook.com\/plazadetorosronda","https:\/\/x.com\/PlazatorosRMR","https:\/\/www.instagram.com\/realmaestranzaderonda\/","https:\/\/www.youtube.com\/channel\/UCrbO5IUN-8v_QML739vM4zg\/videos"]},{"@type":"Person","@id":"https:\/\/www.rmcr.org\/en\/#\/schema\/person\/f182f13b406ff40dd281a5ecca93380e","name":"ARCHIVO","image":{"@type":"ImageObject","inLanguage":"en-US","@id":"https:\/\/www.rmcr.org\/wp-content\/uploads\/2022\/11\/avatar-rmcr-96x96.png","url":"https:\/\/www.rmcr.org\/wp-content\/uploads\/2022\/11\/avatar-rmcr-96x96.png","contentUrl":"https:\/\/www.rmcr.org\/wp-content\/uploads\/2022\/11\/avatar-rmcr-96x96.png","caption":"ARCHIVO"},"url":"https:\/\/www.rmcr.org\/en\/author\/francisco-rosales\/"}]}},"_links":{"self":[{"href":"https:\/\/www.rmcr.org\/en\/wp-json\/wp\/v2\/posts\/6245","targetHints":{"allow":["GET"]}}],"collection":[{"href":"https:\/\/www.rmcr.org\/en\/wp-json\/wp\/v2\/posts"}],"about":[{"href":"https:\/\/www.rmcr.org\/en\/wp-json\/wp\/v2\/types\/post"}],"author":[{"embeddable":true,"href":"https:\/\/www.rmcr.org\/en\/wp-json\/wp\/v2\/users\/3"}],"replies":[{"embeddable":true,"href":"https:\/\/www.rmcr.org\/en\/wp-json\/wp\/v2\/comments?post=6245"}],"version-history":[{"count":2,"href":"https:\/\/www.rmcr.org\/en\/wp-json\/wp\/v2\/posts\/6245\/revisions"}],"predecessor-version":[{"id":12188,"href":"https:\/\/www.rmcr.org\/en\/wp-json\/wp\/v2\/posts\/6245\/revisions\/12188"}],"wp:featuredmedia":[{"embeddable":true,"href":"https:\/\/www.rmcr.org\/en\/wp-json\/wp\/v2\/media\/11916"}],"wp:attachment":[{"href":"https:\/\/www.rmcr.org\/en\/wp-json\/wp\/v2\/media?parent=6245"}],"wp:term":[{"taxonomy":"category","embeddable":true,"href":"https:\/\/www.rmcr.org\/en\/wp-json\/wp\/v2\/categories?post=6245"},{"taxonomy":"post_tag","embeddable":true,"href":"https:\/\/www.rmcr.org\/en\/wp-json\/wp\/v2\/tags?post=6245"}],"curies":[{"name":"wp","href":"https:\/\/api.w.org\/{rel}","templated":true}]}}