{"id":6242,"date":"2020-10-30T13:40:24","date_gmt":"2020-10-30T13:40:24","guid":{"rendered":"https:\/\/www.rmcr.org\/?p=6242"},"modified":"2025-04-03T07:42:59","modified_gmt":"2025-04-03T07:42:59","slug":"biblioteca-rmr-no-85-retratos-de-reyes-espanoles-en-el-grabado-del-libro-antiguo-1652-1830-octubre-2020","status":"publish","type":"post","link":"https:\/\/www.rmcr.org\/en\/2020\/10\/30\/biblioteca-rmr-no-85-retratos-de-reyes-espanoles-en-el-grabado-del-libro-antiguo-1652-1830-octubre-2020\/","title":{"rendered":"Biblioteca-RMR: N\u00ba 85. Retratos de reyes espa\u00f1oles en el grabado del libro antiguo (1652-1830). Octubre 2020."},"content":{"rendered":"<p style=\"text-align:center;\"><span ><strong>\u00b7 MONOGR\u00c1FICO \u00b7<\/strong><\/span><br \/>\n<span ><strong>\u00b7 BIBLIOTECA DE LA REAL MAESTRANZA DE CABALLER\u00cdA DE RONDA \u00b7<\/strong><\/span><br \/>\n<span ><strong>\u00b7 OCTUBRE 2020 \u00b7<\/strong><\/span><\/p>\n<p style=\"text-align:center;\"><span ><strong>\u00b7 FONDO \u00c9LITES DE PODER \u00b7<\/strong><\/span><\/p>\n<p><span >El conjunto de retratos reunido en esta entrada abarca desde mediados del siglo XVII hasta el primer tercio del siglo XIX. Aunque recogen las casas de Austria y Borb\u00f3n, son mayor\u00eda los retratos pertenecientes a esta \u00faltima familia real.<\/span><\/p>\n<p><span >Las im\u00e1genes, salvo contadas excepciones, son contempor\u00e1neas a los personajes retratados, de tal forma que son representativas de las diversas <\/span><span >funciones que tuvieron este tipo de estampas, y de la enorme importancia y trascendencia que lleg\u00f3 a alcanzar el retrato grabado para la sociedad del Antiguo R\u00e9gimen.<\/span><\/p>\n<p><span >Entre estos diez retratos, realizados por grabadores extranjeros y espa\u00f1oles, encontramos piezas de gran valor art\u00edstico, que nos permiten comprobar el extraordinario desarrollo y perfecci\u00f3n que alcanz\u00f3 el arte del grabado en estos siglos.<\/span><\/p>\n<p><span >Todos los grabados aqu\u00ed presentados se localizan dentro de ejemplares que forman parte del fondo bibliogr\u00e1fico de la Biblioteca de la Real Maestranza de Caballer\u00eda de Ronda.<\/span><\/p>\n<p><span ><strong>Felipe II (1527-1598)<\/strong><\/span><\/p>\n<p><span >Hijo de Carlos V y de Isabel de Portugal, Felipe II naci\u00f3 en Valladolid el 21 de mayo de 1527. Aunque el Emperador dirigi\u00f3 personalmente la formaci\u00f3n pol\u00edtica y diplom\u00e1tica de su hijo, no logr\u00f3 inculcarle su vocaci\u00f3n guerrera. Comenz\u00f3 a reinar tras la abdicaci\u00f3n de su padre en 1556, que le cedi\u00f3 todos los reinos y posesiones espa\u00f1olas. Aunque no hered\u00f3 el titulo de Emperador, en poder de su hermano Fernando, fue el monarca m\u00e1s poderoso de su tiempo, manejando con habilidad y prudencia los entresijos del complicado Imperio espa\u00f1ol, al que dot\u00f3 de una adecuada maquinaria administrativa. En 1561 declar\u00f3 a Madrid la capital estable de la monarqu\u00eda y del Imperio. Su ideario pol\u00edtico se bas\u00f3 en mantener la hegemon\u00eda de la corona espa\u00f1ola en Europa. Muri\u00f3 el 13 de septiembre de 1598 en San Lorenzo de El Escorial.<\/span><\/p>\n<p><a href=\"https:\/\/www.rmcr.org\/2020\/10\/felipe-ii.jpg\"><img fetchpriority=\"high\" decoding=\"async\" class=\"aligncenter size-full wp-image-3019\" src=\"https:\/\/www.rmcr.org\/wp-content\/uploads\/2020\/10\/felipe-ii.jpg\" alt=\"\" width=\"400\" height=\"574\"><\/a><\/p>\n<p style=\"text-align:center;\"><span ><em><strong>\u00abRetrato ecuestre del rey Felipe II\u00bb<\/strong>. Sin firma. En: Meteren, Emanuel van. \u00abHistorien der <span class=\"fcr\">Nederlanden<\/span>, en haar naburen oorlogen tot het jaar 1612\u00bb. Amsterdam, Jan Jacobsz Schipper, 1652. Biblioteca-RMR, Fondo Propio, CB1023586.<\/em><\/span><\/p>\n<p><span ><strong>Felipe III (1578-1621)<\/strong><\/span><\/p>\n<p><span >Hijo de Felipe II y de su cuarta esposa, la archiduquesa Ana de Austria, Felipe III naci\u00f3 en Madrid el 14 de abril de 1578. Contrajo matrimonio en 1599 con Margarita de Austria, hija del archiduque Carlos y de Mar\u00eda de Baviera. Sucedi\u00f3 a su padre en el trono en 1598. Rey prudente y virtuoso, deleg\u00f3 el poder en su valido el duque de Lerma, que mediante tratados con Inglaterra y Francia intent\u00f3 asegurar la paz. Traslad\u00f3 la Corte a Valladolid en 1601 por influencia de su valido, regresando a Madrid cinco a\u00f1os despu\u00e9s. La mala administraci\u00f3n y la corrupci\u00f3n causaron la decadencia econ\u00f3mica del reino. Su reinado estuvo marcado por la Tregua de los Doce A\u00f1os y la expulsi\u00f3n de los moriscos. Muri\u00f3 en el Alc\u00e1zar de Madrid el 31 de marzo de 1621.<\/span><\/p>\n<p><a href=\"https:\/\/www.rmcr.org\/2020\/10\/felipe-iii-1.jpg\"><img decoding=\"async\" class=\"aligncenter size-full wp-image-3020\" src=\"https:\/\/www.rmcr.org\/wp-content\/uploads\/2020\/10\/felipe-iii-1.jpg\" alt=\"\" width=\"400\" height=\"562\" srcset=\"https:\/\/www.rmcr.org\/wp-content\/uploads\/2020\/10\/felipe-iii-1.jpg 400w, https:\/\/www.rmcr.org\/wp-content\/uploads\/2020\/10\/felipe-iii-1-214x300.jpg 214w\" sizes=\"(max-width: 400px) 100vw, 400px\" \/><\/a><\/p>\n<p style=\"text-align:center;\"><span ><em><strong>\u00abRetrato del rey Felipe III\u00bb<\/strong>. Sin firma. En: Meteren, Emanuel van. \u00abHistorien der <span class=\"fcr\">Nederlanden<\/span>, en haar naburen oorlogen tot het jaar 1612\u00bb. Amsterdam, Jan Jacobsz Schipper, 1652. Biblioteca-RMR, Fondo Propio, CB1023586.<\/em><\/span><\/p>\n<p><a href=\"https:\/\/www.rmcr.org\/2020\/10\/felipe-iii-2.jpg\"><img decoding=\"async\" class=\"aligncenter size-full wp-image-3021\" src=\"https:\/\/www.rmcr.org\/wp-content\/uploads\/2020\/10\/felipe-iii-2.jpg\" alt=\"\" width=\"400\" height=\"503\"><\/a><\/p>\n<p style=\"text-align:center;\"><em><span ><strong>\u00abRetrato del rey Felipe III\u00bb<\/strong>. Sin firma. En: Gonz\u00e1lez D\u00e1vila, Gil. \u00abMonarqu\u00eda de Espa\u00f1a : historia de la vida y hechos del \u00ednclito monarca, amado y santo d. Felipe tercero, tomo III\u00bb. Madrid, Bartolom\u00e9 Ulloa, Joaqu\u00edn de Ibarra, 1771. Biblioteca-RMR, Fondo R\u00fajula, CB1025831.<\/span><br \/>\n<\/em><\/p>\n<p><span ><strong>Felipe V (1683-1746)<\/strong><\/span><\/p>\n<p><span >Felipe de Borb\u00f3n, duque de Anjou, era el segundo hijo del Delf\u00edn de Francia y de Mar\u00eda Ana de Baviera. Nacido en Versalles el 19 de diciembre de 1683, Felipe V era nieto del rey franc\u00e9s Luis XIV, siendo el primer Borb\u00f3n de la dinast\u00eda espa\u00f1ola, proclamado rey el 10 de abril de 1700. Se cas\u00f3 dos veces, la primera con Mar\u00eda Luisa Gabriela de Saboya en 1701, y la segunda con Isabel de Farnesio en 1714. Poco aficionado a los asuntos de Estado y de naturaleza enfermiza, deleg\u00f3 el gobierno en la reina Isabel de Farnesio, quien puso todas sus miras en la pol\u00edtica italiana. Su largo reinado, el m\u00e1s prolongado en la historia de la monarqu\u00eda espa\u00f1ola, supuso una recuperaci\u00f3n notable del pa\u00eds con relaci\u00f3n al siglo anterior. En 1724 abdic\u00f3 en su hijo Luis, pero \u00e9ste muri\u00f3 unos meses m\u00e1s tarde y tuvo que volver a ocupar el trono. Falleci\u00f3 en Madrid el 9 de julio de 1746.<\/span><\/p>\n<p><a href=\"https:\/\/www.rmcr.org\/2020\/10\/felipe-v.jpg\"><img loading=\"lazy\" decoding=\"async\" class=\"aligncenter size-full wp-image-3023\" src=\"https:\/\/www.rmcr.org\/wp-content\/uploads\/2020\/10\/felipe-v.jpg\" alt=\"\" width=\"400\" height=\"588\"><\/a><\/p>\n<p style=\"text-align:center;\"><span class=\"fcr\" ><em><strong>\u00abRetrato ecuestre del rey Felipe V\u00bb<\/strong>. Firmado: \u00abEdelinck Eques R. fecit C.P.R.\u00bb. En: Ubilla y Medina, Antonio de. \u00abSuccession de el rey d. Phelipe V nuestro se\u00f1or en la corona de Espa\u00f1a, diario de sus viages desde Versalles a Madrid, el que execut\u00f3 para su feliz casamiento, jornada a Napoles, a Milan, y a su exercito, successos de la campa\u00f1a, y su buelta a Madrid\u00bb. Madrid, Juan Garc\u00eda Infanz\u00f3n, 1704. <span >Biblioteca-RMR, <\/span>Fondo R\u00fajula, CB1025845.<\/em><\/span><\/p>\n<p><a href=\"https:\/\/www.rmcr.org\/2020\/10\/felipe-v-1.jpg\"><img loading=\"lazy\" decoding=\"async\" class=\"aligncenter size-full wp-image-3060\" src=\"https:\/\/www.rmcr.org\/wp-content\/uploads\/2020\/10\/felipe-v-1.jpg\" alt=\"\" width=\"400\" height=\"615\"><\/a><\/p>\n<p style=\"text-align:center;\"><span class=\"fcr\" ><em><strong>\u00abRetrato del rey Felipe V\u00bb<\/strong>. Firmado: \u00abThomas Prieto inv. del. et sculp. Salmantice \u00e1 1740\u00bb. En: Francos y Vald\u00e9s, Bernardino Antonio. \u00ab<span class=\"fcr\">Laurea legalis<\/span>, decana salmantina d.d. Bernardini Antonii Francos Valdes &#8230; : pro iuribus, privilegiis, exemptionibus, iurisdictione spirituali, ac temporali gubernio quatuor ordinum equestrium militarium, divi Jacobi, Calatravae, Alcantarae, &amp; Montesae ; tomus I, pars I\u00bb. Salamanca, Antonio Villarroel y Torres, 1740. Biblioteca-RMR, Fondo Propio, CB1019704.<\/em><\/span><\/p>\n<p><span ><strong>Fernando VI (1713-1759)<\/strong><\/span><\/p>\n<p><span >Nacido en Madrid el 23 de septiembre de 1713, Fernando VI era hijo del primer matrimonio del rey Felipe V con Mar\u00eda Luisa Gabriela de Saboya. Aunque a priori no contaba entre los candidatos a subir al trono, la temprana muerte de su hermano el rey Luis I, lo convirti\u00f3 en Pr\u00edncipe de Asturias. En 1729 se cas\u00f3 con Mar\u00eda B\u00e1rbara de Portugal, con la que comparti\u00f3 la misma afici\u00f3n por las artes, especialmente la m\u00fasica. Fue proclamado rey en 1746 a la muerte de su padre. Llev\u00f3 a cabo una acertada pol\u00edtica de paz y supo rodearse de ministros bien dotados, entre los que destacaron Carvajal y Ensenada. Durante su reinado se sentaron las bases de las reformas ejecutadas durante el reinado de Carlos III. Muri\u00f3 en Villaviciosa de Od\u00f3n el 10 de agosto de 1759 sin dejar descendencia.<\/span><\/p>\n<p><a href=\"https:\/\/www.rmcr.org\/2020\/10\/fernando-vi.jpg\"><img loading=\"lazy\" decoding=\"async\" class=\"aligncenter size-full wp-image-3024\" src=\"https:\/\/www.rmcr.org\/wp-content\/uploads\/2020\/10\/fernando-vi.jpg\" alt=\"\" width=\"400\" height=\"587\" srcset=\"https:\/\/www.rmcr.org\/wp-content\/uploads\/2020\/10\/fernando-vi.jpg 400w, https:\/\/www.rmcr.org\/wp-content\/uploads\/2020\/10\/fernando-vi-204x300.jpg 204w\" sizes=\"(max-width: 400px) 100vw, 400px\" \/><\/a><\/p>\n<p style=\"text-align:center;\"><span ><em><strong>\u00abRetrato del rey Fernando VI\u00bb<\/strong><\/em><em>. Firmado: \u00abThomas \u00e1 Prieto Gravr. monetarius Regs. Ht. Matriti incidit 1749\u00bb. <span class=\"fcr\">En: Ruiz de Vergara \u00c1lava, Francisco. \u00abRegla, y establecimientos nuevos <span class=\"fcr\">de<\/span> la orden, y caballeria del glorioso apostol Santiago, conforme lo acordado por el capitulo general, que se celebr\u00f3 en esta Corte el a\u00f1o <span class=\"fcr\">de<\/span> mil y seiscientos y cinquenta y dos, y se feneci\u00f3 en el <span class=\"fcr\">de<\/span> seiscientos y cinquenta y tres : confirmados por la magestad del catholico rey Don Felipe Quarto, el Grande, nuestro Se\u00f1or\u00bb. Madrid, Jos\u00e9 de Orga, 1752. Biblioteca-RMR, Fondo Propio, CB1003424.<\/span><\/em><\/span><\/p>\n<p><span ><strong>Carlos III (1716-1788)<\/strong><\/span><\/p>\n<p><span >Hijo de Felipe V y de Isabel de Farnesio, Carlos III naci\u00f3 en Madrid el 20 de enero de 1716. Puesto que en la l\u00ednea sucesoria ten\u00eda por delante a los hijos del primer matrimonio de su padre, que llegaron a ser reyes de Espa\u00f1a (Luis I y Fernando VI), su madre procur\u00f3 conseguirle una corona en Italia. As\u00ed, primero fue duque de Parma (1732-1734) y, m\u00e1s tarde, rey de N\u00e1poles y las Dos Sicilias (1738-1759). Tras morir Fernando VI, fue llamado a ocupar el trono de Espa\u00f1a. Ha pasado a la historia como el monarca ilustrado por excelencia. Se rode\u00f3 de una serie de extraordinarios ministros, como el conde de Aranda y Floridablanca, deseosos de la transformaci\u00f3n econ\u00f3mica y social de Espa\u00f1a. A lo largo de su reinado se plantearon numerosos proyectos e ideas de reforma, introduciendo importantes mejoras en el comercio con Am\u00e9rica y el resto de colonias espa\u00f1olas. Bajo su reinado fueron modernizados y regularizados los servidos p\u00fablicos. Su muerte acaeci\u00f3 en Madrid el 14 de diciembre de 1788.<\/span><\/p>\n<p><a href=\"https:\/\/www.rmcr.org\/2020\/10\/carlos-iii-1.jpg\"><img loading=\"lazy\" decoding=\"async\" class=\"aligncenter size-full wp-image-3025\" src=\"https:\/\/www.rmcr.org\/wp-content\/uploads\/2020\/10\/carlos-iii-1.jpg\" alt=\"\" width=\"400\" height=\"564\"><\/a><\/p>\n<p style=\"text-align:center;\"><span ><em><strong>\u00abRetrato del rey Carlos III\u00bb<\/strong><\/em><em>. Firmado: \u00abJ. Camaron delint. Vincent Galcer\u00e1n Sculpt. 1766\u00bb. <span class=\"fcr\">En: Berni y Catal\u00e1, Jos\u00e9. \u00abCreaci\u00f3n, antig\u00fcedad, y privilegios, de los T\u00edtulos de Castilla\u00bb. Valencia, Jos\u00e9 Berni y Catal\u00e1, 1769. Biblioteca-RMR, Fondo Propio, CB1003431.<\/span><\/em><\/span><\/p>\n<p><a href=\"https:\/\/www.rmcr.org\/2020\/10\/carlos-iii-2.jpg\"><img loading=\"lazy\" decoding=\"async\" class=\"aligncenter size-full wp-image-3026\" src=\"https:\/\/www.rmcr.org\/wp-content\/uploads\/2020\/10\/carlos-iii-2.jpg\" alt=\"\" width=\"470\" height=\"378\"><\/a><\/p>\n<p style=\"text-align:center;\"><span ><em><strong>\u00abRetrato del rey Carlos III\u00bb<\/strong><\/em><em>. Firmado: \u00abGravado por Manl. Salvador Carmona\u00bb. <\/em><em><span class=\"fcr\">En: Ram\u00edrez de Arellano, Garc\u00eda. \u00abInstrucci\u00f3n met\u00f3dica, y elemental para la t\u00e1ctica, manejo, y disciplina <span class=\"fcr\">de<\/span> la caballer\u00eda, y dragones, presentada &#8230; con examen, y aprobaci\u00f3n&nbsp;<span class=\"fcr\">de<\/span> la junta <span class=\"fcr\">de<\/span> ordenanzas, tomo I\u00bb. Madrid, Antonio Mar\u00edn, 1767. Biblioteca-RMR, Fondo Propio, CB1020841.<\/span><\/em><\/span><\/p>\n<p><span ><strong>Carlos IV (1748-1819)<\/strong><\/span><\/p>\n<p><span >Segundo de los hijos varones de Carlos III y Mar\u00eda Amalia de Sajonia, Carlos IV naci\u00f3 en N\u00e1poles el 11 de noviembre de 1748. En 1765 contrajo matrimonio con Mar\u00eda Luisa de Parma. Cuando subi\u00f3 al trono en 1788 fue recibido por el pueblo con grandes esperanzas. Intent\u00f3 continuar la obra de su padre, pero no ten\u00eda ni su talento ni su energ\u00eda, dej\u00e1ndose manejar por su esposa y el favorito de \u00e9sta, Manuel Godoy. Su reinado qued\u00f3 marcado por los efectos de la Revoluci\u00f3n francesa y la nefasta pol\u00edtica exterior del Pr\u00edncipe de la Paz, que conducir\u00eda a Espa\u00f1a a una situaci\u00f3n de extrema debilidad frente al expansionismo de Napole\u00f3n. Muri\u00f3 en el exilio en N\u00e1poles el 19 de enero de 1819. <\/span><\/p>\n<p><a href=\"https:\/\/www.rmcr.org\/2020\/10\/carlos-iv.jpg\"><img loading=\"lazy\" decoding=\"async\" class=\"aligncenter size-full wp-image-3027\" src=\"https:\/\/www.rmcr.org\/wp-content\/uploads\/2020\/10\/carlos-iv.jpg\" alt=\"\" width=\"470\" height=\"351\"><\/a><\/p>\n<p style=\"text-align:center;\"><span ><em><strong>\u00abRetratos del rey Carlos IV y de la reina Mar\u00eda Luisa de Parma\u00bb<\/strong><\/em><em>. Sin firma. <span class=\"fcr\">En: \u00ab<span class=\"fcr\">Kalendario manual<\/span> y&nbsp;<span class=\"fcr\">gu\u00eda&nbsp;de forasteros en Madrid : para el a\u00f1o de 1808<\/span>\u00bb. Madrid, Imprenta Real, 1808. Biblioteca-RMR, Fondo Zabala, CB1006611.<\/span><\/em><\/span><\/p>\n<p><span ><strong>Fernando VII (1784-1833)<\/strong><\/span><\/p>\n<p><span >Hijo de Carlos IV y Mar\u00eda Luisa de Parma, Fernando VII naci\u00f3 en San Lorenzo de El Escorial el 14 de octubre de 1784, jurando como heredero de la Corona el 23 de septiembre de 1789. Desde muy pronto conspir\u00f3 contra sus padres y el ministro Godoy, aprovechando el descontento de la poblaci\u00f3n y la dif\u00edcil situaci\u00f3n pol\u00edtica por la que atravesaba el pa\u00eds. Foment\u00f3 el mot\u00edn de Aranjuez, a consecuencia del cual fue proclamado rey el 19 de marzo de 1808, aunque ya hab\u00eda empezado la ocupaci\u00f3n francesa. Fernando VII pas\u00f3 la guerra de la Independencia retirado en el castillo de Valen\u00e7ay. La victoria espa\u00f1ola restableci\u00f3 en el trono al rey Fernando VII, aclamado como \u00abEl Deseado\u00bb. Aunque se esperaba que instaurar\u00eda las necesarias reformas que necesitaba el pa\u00eds, restableci\u00f3 el absolutismo y se neg\u00f3 a jurar la Constituci\u00f3n de C\u00e1diz. Se cas\u00f3 en cuatro ocasiones, la \u00faltima de ellas en 1829 con Mar\u00eda Cristina de Borb\u00f3n. Muri\u00f3 en Madrid el 29 de septiembre de 1833.<\/span><\/p>\n<p><a href=\"https:\/\/www.rmcr.org\/2020\/10\/fernando-vii.jpg\"><img loading=\"lazy\" decoding=\"async\" class=\"aligncenter size-full wp-image-3029\" src=\"https:\/\/www.rmcr.org\/wp-content\/uploads\/2020\/10\/fernando-vii.jpg\" alt=\"\" width=\"470\" height=\"303\"><\/a><\/p>\n<p style=\"text-align:center;\"><span ><em><strong>\u00abRetratos del rey Fernando VII y de la reina Mar\u00eda Cristina de Borb\u00f3n\u00bb<\/strong><\/em><em>. Firmado: \u00abV. Lopez 1r. Pintor de Cam\u00aa. lo pint\u00f3 y dib\u00ba. R. Esteve Grabr. de Cam\u00aa. lo grab\u00f3\u00bb. <span class=\"fcr\">En: \u00ab<span class=\"fcr\">Calendario manual<\/span> y&nbsp;<span class=\"fcr\">gu\u00eda de forasteros en Madrid : para el a\u00f1o de 1830<\/span>\u00bb. Madrid, Imprenta Real, 1830. Biblioteca-RMR, Fondo Zabala, CB1006626.<\/span><\/em><\/span><\/p>\n","protected":false},"excerpt":{"rendered":"<p>\u00b7 MONOGR\u00c1FICO \u00b7 \u00b7 BIBLIOTECA DE LA REAL MAESTRANZA DE CABALLER\u00cdA DE RONDA \u00b7 \u00b7 OCTUBRE 2020 \u00b7 \u00b7 FONDO \u00c9LITES DE PODER \u00b7 El conjunto de retratos reunido en esta entrada abarca desde mediados del siglo XVII hasta el primer tercio del siglo XIX. Aunque recogen las casas de Austria y Borb\u00f3n, son mayor\u00eda [&hellip;]<\/p>\n","protected":false},"author":2,"featured_media":11746,"comment_status":"open","ping_status":"open","sticky":false,"template":"","format":"standard","meta":{"footnotes":""},"categories":[140,791],"tags":[237,105,252,176,101,179,171,144,137,244,210],"class_list":["post-6242","post","type-post","status-publish","format-standard","has-post-thumbnail","hentry","category-biblioteca","category-boletin-bibliografico-biblioteca-rmr","tag-bibliografias","tag-biblioteca-general","tag-biblioteca-rmr","tag-boletin-mensual-bibliografico","tag-caballos","tag-elites-de-poder","tag-fondo-antiguo","tag-grabados","tag-libros","tag-retratos","tag-reyes-y-soberanos"],"yoast_head":"<!-- This site is optimized with the Yoast SEO plugin v27.5 - https:\/\/yoast.com\/product\/yoast-seo-wordpress\/ -->\n<title>Biblioteca-RMR: N\u00ba 85. Retratos de reyes espa\u00f1oles en el grabado del libro antiguo (1652-1830). Octubre 2020. - Real Maestranza de Caballer\u00eda de Ronda<\/title>\n<meta name=\"robots\" content=\"index, follow, max-snippet:-1, max-image-preview:large, max-video-preview:-1\" \/>\n<link rel=\"canonical\" href=\"https:\/\/www.rmcr.org\/en\/2020\/10\/30\/biblioteca-rmr-no-85-retratos-de-reyes-espanoles-en-el-grabado-del-libro-antiguo-1652-1830-octubre-2020\/\" \/>\n<meta property=\"og:locale\" content=\"en_US\" \/>\n<meta property=\"og:type\" content=\"article\" \/>\n<meta property=\"og:title\" content=\"Biblioteca-RMR: N\u00ba 85. Retratos de reyes espa\u00f1oles en el grabado del libro antiguo (1652-1830). Octubre 2020. - Real Maestranza de Caballer\u00eda de Ronda\" \/>\n<meta property=\"og:description\" content=\"\u00b7 MONOGR\u00c1FICO \u00b7 \u00b7 BIBLIOTECA DE LA REAL MAESTRANZA DE CABALLER\u00cdA DE RONDA \u00b7 \u00b7 OCTUBRE 2020 \u00b7 \u00b7 FONDO \u00c9LITES DE PODER \u00b7 El conjunto de retratos reunido en esta entrada abarca desde mediados del siglo XVII hasta el primer tercio del siglo XIX. Aunque recogen las casas de Austria y Borb\u00f3n, son mayor\u00eda [&hellip;]\" \/>\n<meta property=\"og:url\" content=\"https:\/\/www.rmcr.org\/en\/2020\/10\/30\/biblioteca-rmr-no-85-retratos-de-reyes-espanoles-en-el-grabado-del-libro-antiguo-1652-1830-octubre-2020\/\" \/>\n<meta property=\"og:site_name\" content=\"Real Maestranza de Caballer\u00eda de Ronda\" \/>\n<meta property=\"article:publisher\" content=\"https:\/\/www.facebook.com\/plazadetorosronda\" \/>\n<meta property=\"article:published_time\" content=\"2020-10-30T13:40:24+00:00\" \/>\n<meta property=\"article:modified_time\" content=\"2025-04-03T07:42:59+00:00\" \/>\n<meta property=\"og:image\" content=\"https:\/\/www.rmcr.org\/wp-content\/uploads\/2022\/10\/f3.jpg\" \/>\n\t<meta property=\"og:image:width\" content=\"482\" \/>\n\t<meta property=\"og:image:height\" content=\"143\" \/>\n\t<meta property=\"og:image:type\" content=\"image\/jpeg\" \/>\n<meta name=\"author\" content=\"BIBLIOTECA\" \/>\n<meta name=\"twitter:card\" content=\"summary_large_image\" \/>\n<meta name=\"twitter:creator\" content=\"@PlazatorosRMR\" \/>\n<meta name=\"twitter:site\" content=\"@PlazatorosRMR\" \/>\n<meta name=\"twitter:label1\" content=\"Written by\" \/>\n\t<meta name=\"twitter:data1\" content=\"BIBLIOTECA\" \/>\n\t<meta name=\"twitter:label2\" content=\"Est. reading time\" \/>\n\t<meta name=\"twitter:data2\" content=\"9 minutes\" \/>\n<script type=\"application\/ld+json\" class=\"yoast-schema-graph\">{\"@context\":\"https:\\\/\\\/schema.org\",\"@graph\":[{\"@type\":\"Article\",\"@id\":\"https:\\\/\\\/www.rmcr.org\\\/en\\\/2020\\\/10\\\/30\\\/biblioteca-rmr-no-85-retratos-de-reyes-espanoles-en-el-grabado-del-libro-antiguo-1652-1830-octubre-2020\\\/#article\",\"isPartOf\":{\"@id\":\"https:\\\/\\\/www.rmcr.org\\\/en\\\/2020\\\/10\\\/30\\\/biblioteca-rmr-no-85-retratos-de-reyes-espanoles-en-el-grabado-del-libro-antiguo-1652-1830-octubre-2020\\\/\"},\"author\":{\"name\":\"BIBLIOTECA\",\"@id\":\"https:\\\/\\\/www.rmcr.org\\\/en\\\/#\\\/schema\\\/person\\\/80849edee7ef556893505128619ea1d0\"},\"headline\":\"Biblioteca-RMR: N\u00ba 85. Retratos de reyes espa\u00f1oles en el grabado del libro antiguo (1652-1830). Octubre 2020.\",\"datePublished\":\"2020-10-30T13:40:24+00:00\",\"dateModified\":\"2025-04-03T07:42:59+00:00\",\"mainEntityOfPage\":{\"@id\":\"https:\\\/\\\/www.rmcr.org\\\/en\\\/2020\\\/10\\\/30\\\/biblioteca-rmr-no-85-retratos-de-reyes-espanoles-en-el-grabado-del-libro-antiguo-1652-1830-octubre-2020\\\/\"},\"wordCount\":1824,\"commentCount\":0,\"publisher\":{\"@id\":\"https:\\\/\\\/www.rmcr.org\\\/en\\\/#organization\"},\"image\":{\"@id\":\"https:\\\/\\\/www.rmcr.org\\\/en\\\/2020\\\/10\\\/30\\\/biblioteca-rmr-no-85-retratos-de-reyes-espanoles-en-el-grabado-del-libro-antiguo-1652-1830-octubre-2020\\\/#primaryimage\"},\"thumbnailUrl\":\"https:\\\/\\\/www.rmcr.org\\\/wp-content\\\/uploads\\\/2022\\\/10\\\/f3.jpg\",\"keywords\":[\"Bibliograf\u00edas\",\"Biblioteca\",\"Biblioteca-RMR\",\"Bolet\u00edn mensual bibliogr\u00e1fico\",\"Caballos\",\"\u00c9lites de poder\",\"Fondo antiguo\",\"Grabados\",\"Libros\",\"Retratos\",\"Reyes y soberanos\"],\"articleSection\":[\"Biblioteca\",\"Bolet\u00edn bibliogr\u00e1fico Biblioteca-RMR\"],\"inLanguage\":\"en-US\",\"potentialAction\":[{\"@type\":\"CommentAction\",\"name\":\"Comment\",\"target\":[\"https:\\\/\\\/www.rmcr.org\\\/en\\\/2020\\\/10\\\/30\\\/biblioteca-rmr-no-85-retratos-de-reyes-espanoles-en-el-grabado-del-libro-antiguo-1652-1830-octubre-2020\\\/#respond\"]}]},{\"@type\":\"WebPage\",\"@id\":\"https:\\\/\\\/www.rmcr.org\\\/en\\\/2020\\\/10\\\/30\\\/biblioteca-rmr-no-85-retratos-de-reyes-espanoles-en-el-grabado-del-libro-antiguo-1652-1830-octubre-2020\\\/\",\"url\":\"https:\\\/\\\/www.rmcr.org\\\/en\\\/2020\\\/10\\\/30\\\/biblioteca-rmr-no-85-retratos-de-reyes-espanoles-en-el-grabado-del-libro-antiguo-1652-1830-octubre-2020\\\/\",\"name\":\"Biblioteca-RMR: N\u00ba 85. Retratos de reyes espa\u00f1oles en el grabado del libro antiguo (1652-1830). Octubre 2020. - Real Maestranza de Caballer\u00eda de Ronda\",\"isPartOf\":{\"@id\":\"https:\\\/\\\/www.rmcr.org\\\/en\\\/#website\"},\"primaryImageOfPage\":{\"@id\":\"https:\\\/\\\/www.rmcr.org\\\/en\\\/2020\\\/10\\\/30\\\/biblioteca-rmr-no-85-retratos-de-reyes-espanoles-en-el-grabado-del-libro-antiguo-1652-1830-octubre-2020\\\/#primaryimage\"},\"image\":{\"@id\":\"https:\\\/\\\/www.rmcr.org\\\/en\\\/2020\\\/10\\\/30\\\/biblioteca-rmr-no-85-retratos-de-reyes-espanoles-en-el-grabado-del-libro-antiguo-1652-1830-octubre-2020\\\/#primaryimage\"},\"thumbnailUrl\":\"https:\\\/\\\/www.rmcr.org\\\/wp-content\\\/uploads\\\/2022\\\/10\\\/f3.jpg\",\"datePublished\":\"2020-10-30T13:40:24+00:00\",\"dateModified\":\"2025-04-03T07:42:59+00:00\",\"breadcrumb\":{\"@id\":\"https:\\\/\\\/www.rmcr.org\\\/en\\\/2020\\\/10\\\/30\\\/biblioteca-rmr-no-85-retratos-de-reyes-espanoles-en-el-grabado-del-libro-antiguo-1652-1830-octubre-2020\\\/#breadcrumb\"},\"inLanguage\":\"en-US\",\"potentialAction\":[{\"@type\":\"ReadAction\",\"target\":[\"https:\\\/\\\/www.rmcr.org\\\/en\\\/2020\\\/10\\\/30\\\/biblioteca-rmr-no-85-retratos-de-reyes-espanoles-en-el-grabado-del-libro-antiguo-1652-1830-octubre-2020\\\/\"]}]},{\"@type\":\"ImageObject\",\"inLanguage\":\"en-US\",\"@id\":\"https:\\\/\\\/www.rmcr.org\\\/en\\\/2020\\\/10\\\/30\\\/biblioteca-rmr-no-85-retratos-de-reyes-espanoles-en-el-grabado-del-libro-antiguo-1652-1830-octubre-2020\\\/#primaryimage\",\"url\":\"https:\\\/\\\/www.rmcr.org\\\/wp-content\\\/uploads\\\/2022\\\/10\\\/f3.jpg\",\"contentUrl\":\"https:\\\/\\\/www.rmcr.org\\\/wp-content\\\/uploads\\\/2022\\\/10\\\/f3.jpg\",\"width\":482,\"height\":143},{\"@type\":\"BreadcrumbList\",\"@id\":\"https:\\\/\\\/www.rmcr.org\\\/en\\\/2020\\\/10\\\/30\\\/biblioteca-rmr-no-85-retratos-de-reyes-espanoles-en-el-grabado-del-libro-antiguo-1652-1830-octubre-2020\\\/#breadcrumb\",\"itemListElement\":[{\"@type\":\"ListItem\",\"position\":1,\"name\":\"REAL MAESTRANZA DE CABALLER\u00cdA DE RONDA\",\"item\":\"https:\\\/\\\/www.rmcr.org\\\/en\\\/\"},{\"@type\":\"ListItem\",\"position\":2,\"name\":\"Biblioteca-RMR: N\u00ba 85. Retratos de reyes espa\u00f1oles en el grabado del libro antiguo (1652-1830). Octubre 2020.\"}]},{\"@type\":\"WebSite\",\"@id\":\"https:\\\/\\\/www.rmcr.org\\\/en\\\/#website\",\"url\":\"https:\\\/\\\/www.rmcr.org\\\/en\\\/\",\"name\":\"Real Maestranza de Caballer\u00eda de Ronda\",\"description\":\"Real Maestranza de Caballer\u00eda de Ronda\",\"publisher\":{\"@id\":\"https:\\\/\\\/www.rmcr.org\\\/en\\\/#organization\"},\"alternateName\":\"RMCR\",\"potentialAction\":[{\"@type\":\"SearchAction\",\"target\":{\"@type\":\"EntryPoint\",\"urlTemplate\":\"https:\\\/\\\/www.rmcr.org\\\/en\\\/?s={search_term_string}\"},\"query-input\":{\"@type\":\"PropertyValueSpecification\",\"valueRequired\":true,\"valueName\":\"search_term_string\"}}],\"inLanguage\":\"en-US\"},{\"@type\":\"Organization\",\"@id\":\"https:\\\/\\\/www.rmcr.org\\\/en\\\/#organization\",\"name\":\"Real Maestranza de Caballer\u00eda de Ronda\",\"alternateName\":\"RMR\",\"url\":\"https:\\\/\\\/www.rmcr.org\\\/en\\\/\",\"logo\":{\"@type\":\"ImageObject\",\"inLanguage\":\"en-US\",\"@id\":\"https:\\\/\\\/www.rmcr.org\\\/en\\\/#\\\/schema\\\/logo\\\/image\\\/\",\"url\":\"https:\\\/\\\/www.rmcr.org\\\/wp-content\\\/uploads\\\/2022\\\/07\\\/logo-rmr-blue.svg\",\"contentUrl\":\"https:\\\/\\\/www.rmcr.org\\\/wp-content\\\/uploads\\\/2022\\\/07\\\/logo-rmr-blue.svg\",\"width\":131,\"height\":129,\"caption\":\"Real Maestranza de Caballer\u00eda de Ronda\"},\"image\":{\"@id\":\"https:\\\/\\\/www.rmcr.org\\\/en\\\/#\\\/schema\\\/logo\\\/image\\\/\"},\"sameAs\":[\"https:\\\/\\\/www.facebook.com\\\/plazadetorosronda\",\"https:\\\/\\\/x.com\\\/PlazatorosRMR\",\"https:\\\/\\\/www.instagram.com\\\/realmaestranzaderonda\\\/\",\"https:\\\/\\\/www.youtube.com\\\/channel\\\/UCrbO5IUN-8v_QML739vM4zg\\\/videos\"]},{\"@type\":\"Person\",\"@id\":\"https:\\\/\\\/www.rmcr.org\\\/en\\\/#\\\/schema\\\/person\\\/80849edee7ef556893505128619ea1d0\",\"name\":\"BIBLIOTECA\",\"image\":{\"@type\":\"ImageObject\",\"inLanguage\":\"en-US\",\"@id\":\"https:\\\/\\\/www.rmcr.org\\\/wp-content\\\/uploads\\\/2022\\\/11\\\/avatar-rmcr-96x96.png\",\"url\":\"https:\\\/\\\/www.rmcr.org\\\/wp-content\\\/uploads\\\/2022\\\/11\\\/avatar-rmcr-96x96.png\",\"contentUrl\":\"https:\\\/\\\/www.rmcr.org\\\/wp-content\\\/uploads\\\/2022\\\/11\\\/avatar-rmcr-96x96.png\",\"caption\":\"BIBLIOTECA\"},\"url\":\"https:\\\/\\\/www.rmcr.org\\\/en\\\/author\\\/juan-antonio-moreno\\\/\"}]}<\/script>\n<!-- \/ Yoast SEO plugin. -->","yoast_head_json":{"title":"Biblioteca-RMR: N\u00ba 85. Retratos de reyes espa\u00f1oles en el grabado del libro antiguo (1652-1830). Octubre 2020. - Real Maestranza de Caballer\u00eda de Ronda","robots":{"index":"index","follow":"follow","max-snippet":"max-snippet:-1","max-image-preview":"max-image-preview:large","max-video-preview":"max-video-preview:-1"},"canonical":"https:\/\/www.rmcr.org\/en\/2020\/10\/30\/biblioteca-rmr-no-85-retratos-de-reyes-espanoles-en-el-grabado-del-libro-antiguo-1652-1830-octubre-2020\/","og_locale":"en_US","og_type":"article","og_title":"Biblioteca-RMR: N\u00ba 85. Retratos de reyes espa\u00f1oles en el grabado del libro antiguo (1652-1830). Octubre 2020. - Real Maestranza de Caballer\u00eda de Ronda","og_description":"\u00b7 MONOGR\u00c1FICO \u00b7 \u00b7 BIBLIOTECA DE LA REAL MAESTRANZA DE CABALLER\u00cdA DE RONDA \u00b7 \u00b7 OCTUBRE 2020 \u00b7 \u00b7 FONDO \u00c9LITES DE PODER \u00b7 El conjunto de retratos reunido en esta entrada abarca desde mediados del siglo XVII hasta el primer tercio del siglo XIX. Aunque recogen las casas de Austria y Borb\u00f3n, son mayor\u00eda [&hellip;]","og_url":"https:\/\/www.rmcr.org\/en\/2020\/10\/30\/biblioteca-rmr-no-85-retratos-de-reyes-espanoles-en-el-grabado-del-libro-antiguo-1652-1830-octubre-2020\/","og_site_name":"Real Maestranza de Caballer\u00eda de Ronda","article_publisher":"https:\/\/www.facebook.com\/plazadetorosronda","article_published_time":"2020-10-30T13:40:24+00:00","article_modified_time":"2025-04-03T07:42:59+00:00","og_image":[{"width":482,"height":143,"url":"https:\/\/www.rmcr.org\/wp-content\/uploads\/2022\/10\/f3.jpg","type":"image\/jpeg"}],"author":"BIBLIOTECA","twitter_card":"summary_large_image","twitter_creator":"@PlazatorosRMR","twitter_site":"@PlazatorosRMR","twitter_misc":{"Written by":"BIBLIOTECA","Est. reading time":"9 minutes"},"schema":{"@context":"https:\/\/schema.org","@graph":[{"@type":"Article","@id":"https:\/\/www.rmcr.org\/en\/2020\/10\/30\/biblioteca-rmr-no-85-retratos-de-reyes-espanoles-en-el-grabado-del-libro-antiguo-1652-1830-octubre-2020\/#article","isPartOf":{"@id":"https:\/\/www.rmcr.org\/en\/2020\/10\/30\/biblioteca-rmr-no-85-retratos-de-reyes-espanoles-en-el-grabado-del-libro-antiguo-1652-1830-octubre-2020\/"},"author":{"name":"BIBLIOTECA","@id":"https:\/\/www.rmcr.org\/en\/#\/schema\/person\/80849edee7ef556893505128619ea1d0"},"headline":"Biblioteca-RMR: N\u00ba 85. Retratos de reyes espa\u00f1oles en el grabado del libro antiguo (1652-1830). Octubre 2020.","datePublished":"2020-10-30T13:40:24+00:00","dateModified":"2025-04-03T07:42:59+00:00","mainEntityOfPage":{"@id":"https:\/\/www.rmcr.org\/en\/2020\/10\/30\/biblioteca-rmr-no-85-retratos-de-reyes-espanoles-en-el-grabado-del-libro-antiguo-1652-1830-octubre-2020\/"},"wordCount":1824,"commentCount":0,"publisher":{"@id":"https:\/\/www.rmcr.org\/en\/#organization"},"image":{"@id":"https:\/\/www.rmcr.org\/en\/2020\/10\/30\/biblioteca-rmr-no-85-retratos-de-reyes-espanoles-en-el-grabado-del-libro-antiguo-1652-1830-octubre-2020\/#primaryimage"},"thumbnailUrl":"https:\/\/www.rmcr.org\/wp-content\/uploads\/2022\/10\/f3.jpg","keywords":["Bibliograf\u00edas","Biblioteca","Biblioteca-RMR","Bolet\u00edn mensual bibliogr\u00e1fico","Caballos","\u00c9lites de poder","Fondo antiguo","Grabados","Libros","Retratos","Reyes y soberanos"],"articleSection":["Biblioteca","Bolet\u00edn bibliogr\u00e1fico Biblioteca-RMR"],"inLanguage":"en-US","potentialAction":[{"@type":"CommentAction","name":"Comment","target":["https:\/\/www.rmcr.org\/en\/2020\/10\/30\/biblioteca-rmr-no-85-retratos-de-reyes-espanoles-en-el-grabado-del-libro-antiguo-1652-1830-octubre-2020\/#respond"]}]},{"@type":"WebPage","@id":"https:\/\/www.rmcr.org\/en\/2020\/10\/30\/biblioteca-rmr-no-85-retratos-de-reyes-espanoles-en-el-grabado-del-libro-antiguo-1652-1830-octubre-2020\/","url":"https:\/\/www.rmcr.org\/en\/2020\/10\/30\/biblioteca-rmr-no-85-retratos-de-reyes-espanoles-en-el-grabado-del-libro-antiguo-1652-1830-octubre-2020\/","name":"Biblioteca-RMR: N\u00ba 85. Retratos de reyes espa\u00f1oles en el grabado del libro antiguo (1652-1830). Octubre 2020. - Real Maestranza de Caballer\u00eda de Ronda","isPartOf":{"@id":"https:\/\/www.rmcr.org\/en\/#website"},"primaryImageOfPage":{"@id":"https:\/\/www.rmcr.org\/en\/2020\/10\/30\/biblioteca-rmr-no-85-retratos-de-reyes-espanoles-en-el-grabado-del-libro-antiguo-1652-1830-octubre-2020\/#primaryimage"},"image":{"@id":"https:\/\/www.rmcr.org\/en\/2020\/10\/30\/biblioteca-rmr-no-85-retratos-de-reyes-espanoles-en-el-grabado-del-libro-antiguo-1652-1830-octubre-2020\/#primaryimage"},"thumbnailUrl":"https:\/\/www.rmcr.org\/wp-content\/uploads\/2022\/10\/f3.jpg","datePublished":"2020-10-30T13:40:24+00:00","dateModified":"2025-04-03T07:42:59+00:00","breadcrumb":{"@id":"https:\/\/www.rmcr.org\/en\/2020\/10\/30\/biblioteca-rmr-no-85-retratos-de-reyes-espanoles-en-el-grabado-del-libro-antiguo-1652-1830-octubre-2020\/#breadcrumb"},"inLanguage":"en-US","potentialAction":[{"@type":"ReadAction","target":["https:\/\/www.rmcr.org\/en\/2020\/10\/30\/biblioteca-rmr-no-85-retratos-de-reyes-espanoles-en-el-grabado-del-libro-antiguo-1652-1830-octubre-2020\/"]}]},{"@type":"ImageObject","inLanguage":"en-US","@id":"https:\/\/www.rmcr.org\/en\/2020\/10\/30\/biblioteca-rmr-no-85-retratos-de-reyes-espanoles-en-el-grabado-del-libro-antiguo-1652-1830-octubre-2020\/#primaryimage","url":"https:\/\/www.rmcr.org\/wp-content\/uploads\/2022\/10\/f3.jpg","contentUrl":"https:\/\/www.rmcr.org\/wp-content\/uploads\/2022\/10\/f3.jpg","width":482,"height":143},{"@type":"BreadcrumbList","@id":"https:\/\/www.rmcr.org\/en\/2020\/10\/30\/biblioteca-rmr-no-85-retratos-de-reyes-espanoles-en-el-grabado-del-libro-antiguo-1652-1830-octubre-2020\/#breadcrumb","itemListElement":[{"@type":"ListItem","position":1,"name":"REAL MAESTRANZA DE CABALLER\u00cdA DE RONDA","item":"https:\/\/www.rmcr.org\/en\/"},{"@type":"ListItem","position":2,"name":"Biblioteca-RMR: N\u00ba 85. Retratos de reyes espa\u00f1oles en el grabado del libro antiguo (1652-1830). Octubre 2020."}]},{"@type":"WebSite","@id":"https:\/\/www.rmcr.org\/en\/#website","url":"https:\/\/www.rmcr.org\/en\/","name":"Real Maestranza de Caballer\u00eda de Ronda","description":"Real Maestranza de Caballer\u00eda de Ronda","publisher":{"@id":"https:\/\/www.rmcr.org\/en\/#organization"},"alternateName":"RMCR","potentialAction":[{"@type":"SearchAction","target":{"@type":"EntryPoint","urlTemplate":"https:\/\/www.rmcr.org\/en\/?s={search_term_string}"},"query-input":{"@type":"PropertyValueSpecification","valueRequired":true,"valueName":"search_term_string"}}],"inLanguage":"en-US"},{"@type":"Organization","@id":"https:\/\/www.rmcr.org\/en\/#organization","name":"Real Maestranza de Caballer\u00eda de Ronda","alternateName":"RMR","url":"https:\/\/www.rmcr.org\/en\/","logo":{"@type":"ImageObject","inLanguage":"en-US","@id":"https:\/\/www.rmcr.org\/en\/#\/schema\/logo\/image\/","url":"https:\/\/www.rmcr.org\/wp-content\/uploads\/2022\/07\/logo-rmr-blue.svg","contentUrl":"https:\/\/www.rmcr.org\/wp-content\/uploads\/2022\/07\/logo-rmr-blue.svg","width":131,"height":129,"caption":"Real Maestranza de Caballer\u00eda de Ronda"},"image":{"@id":"https:\/\/www.rmcr.org\/en\/#\/schema\/logo\/image\/"},"sameAs":["https:\/\/www.facebook.com\/plazadetorosronda","https:\/\/x.com\/PlazatorosRMR","https:\/\/www.instagram.com\/realmaestranzaderonda\/","https:\/\/www.youtube.com\/channel\/UCrbO5IUN-8v_QML739vM4zg\/videos"]},{"@type":"Person","@id":"https:\/\/www.rmcr.org\/en\/#\/schema\/person\/80849edee7ef556893505128619ea1d0","name":"BIBLIOTECA","image":{"@type":"ImageObject","inLanguage":"en-US","@id":"https:\/\/www.rmcr.org\/wp-content\/uploads\/2022\/11\/avatar-rmcr-96x96.png","url":"https:\/\/www.rmcr.org\/wp-content\/uploads\/2022\/11\/avatar-rmcr-96x96.png","contentUrl":"https:\/\/www.rmcr.org\/wp-content\/uploads\/2022\/11\/avatar-rmcr-96x96.png","caption":"BIBLIOTECA"},"url":"https:\/\/www.rmcr.org\/en\/author\/juan-antonio-moreno\/"}]}},"_links":{"self":[{"href":"https:\/\/www.rmcr.org\/en\/wp-json\/wp\/v2\/posts\/6242","targetHints":{"allow":["GET"]}}],"collection":[{"href":"https:\/\/www.rmcr.org\/en\/wp-json\/wp\/v2\/posts"}],"about":[{"href":"https:\/\/www.rmcr.org\/en\/wp-json\/wp\/v2\/types\/post"}],"author":[{"embeddable":true,"href":"https:\/\/www.rmcr.org\/en\/wp-json\/wp\/v2\/users\/2"}],"replies":[{"embeddable":true,"href":"https:\/\/www.rmcr.org\/en\/wp-json\/wp\/v2\/comments?post=6242"}],"version-history":[{"count":2,"href":"https:\/\/www.rmcr.org\/en\/wp-json\/wp\/v2\/posts\/6242\/revisions"}],"predecessor-version":[{"id":18334,"href":"https:\/\/www.rmcr.org\/en\/wp-json\/wp\/v2\/posts\/6242\/revisions\/18334"}],"wp:featuredmedia":[{"embeddable":true,"href":"https:\/\/www.rmcr.org\/en\/wp-json\/wp\/v2\/media\/11746"}],"wp:attachment":[{"href":"https:\/\/www.rmcr.org\/en\/wp-json\/wp\/v2\/media?parent=6242"}],"wp:term":[{"taxonomy":"category","embeddable":true,"href":"https:\/\/www.rmcr.org\/en\/wp-json\/wp\/v2\/categories?post=6242"},{"taxonomy":"post_tag","embeddable":true,"href":"https:\/\/www.rmcr.org\/en\/wp-json\/wp\/v2\/tags?post=6242"}],"curies":[{"name":"wp","href":"https:\/\/api.w.org\/{rel}","templated":true}]}}