{"id":6239,"date":"2020-08-27T13:07:36","date_gmt":"2020-08-27T13:07:36","guid":{"rendered":"https:\/\/www.rmcr.org\/?p=6239"},"modified":"2025-04-03T07:43:51","modified_gmt":"2025-04-03T07:43:51","slug":"biblioteca-rmr-no-83-ex-libris-6-superlibros-agosto-2020","status":"publish","type":"post","link":"https:\/\/www.rmcr.org\/en\/2020\/08\/27\/biblioteca-rmr-no-83-ex-libris-6-superlibros-agosto-2020\/","title":{"rendered":"Biblioteca-RMR: N\u00ba 83. Ex libris (6). Superlibros. Agosto 2020."},"content":{"rendered":"<p style=\"text-align:center;\"><span><strong>\u00b7 ART\u00cdCULO \u00b7<\/strong><\/span><br \/>\n<span><strong>\u00b7 BIBLIOTECA DE LA REAL MAESTRANZA DE CABALLER\u00cdA DE RONDA \u00b7<\/strong><\/span><br \/>\n<span><strong>\u00b7 AGOSTO 2020 \u00b7<\/strong><\/span><\/p>\n<p style=\"text-align:center;\"><span><strong>\u00b7 FONDO BIBLIOTECONOM\u00cdA \u00b7<\/strong><\/span><\/p>\n<p><span>Continuamos con nuestras habituales entregas estivales dedicadas a <a https:=\"\" www.rmcr.org=\"\" tag=\"\" ex-libris=\"\" \"=\"\">marcas de antiguos poseedores<\/a>&nbsp;presentes en los libros de la colecci\u00f3n de la Biblioteca. En este ocasi\u00f3n nos centraremos en una tipolog\u00eda distinta a la recogida hasta ahora, pero que persigue los mismos objetivos, el conocido como superlibros.<\/span><\/p>\n<p><span>Dentro de las formas de encuadernaci\u00f3n, entre las llamadas her\u00e1ldicas se encuentran aquellas que presentan un escudo de armas como distintivo del propietario del libro, normalmente en la tapa delantera, formando parte de la decoraci\u00f3n o siendo a\u00f1adido con posterioridad a la ejecuci\u00f3n del trabajo artesanal.<\/span><\/p>\n<p><span>El superlibros identifica al primer propietario en los casos en que el escudo forma parte de la decoraci\u00f3n. Mientras que cuando son a\u00f1adidos a la encuadernaci\u00f3n original manifiesta el cambio de titularidad del libro.<\/span><\/p>\n<p><span>El superlibros no tiene que ser necesariamente una representaci\u00f3n her\u00e1ldica, ya que no siempre el propietario tiene derecho a utilizar armas, por lo que puede ser una marca simb\u00f3lica o tipogr\u00e1fica, una divisa, un anagrama, unas iniciales o el mismo nombre estampado.<\/span><\/p>\n<p><a href=\"https:\/\/www.rmcr.org\/2020\/08\/medina-1-b.jpg\"><img fetchpriority=\"high\" decoding=\"async\" class=\"aligncenter size-full wp-image-2914\" src=\"https:\/\/www.rmcr.org\/wp-content\/uploads\/2020\/08\/medina-1-b.jpg\" alt=\"\" width=\"470\" height=\"544\"><\/a><\/p>\n<p><span>Superlibros de Ramiro N\u00fa\u00f1ez de Guzm\u00e1n, II duque de Medina de las Torres (c. 1612-1668) &#8212; Escudo de armas &#8212; Inscripci\u00f3n: &#8220;FEI&#8221; [fortunam etiam invidentem] &#8212; Inscripci\u00f3n: &#8220;ACGDDMMAHPPMICPGL&#8221; [additit, comitatui, grandatum, ducatum, ducatum, marchionatum, marchionatum, arcis, hispalensis, perpetuam prefacturam, magnum indiarum, cacellarium, primam guzmanorum lineam] &#8212; 74 x 59 mm &#8212; Fondo Ruiz de Arana.<\/span><\/p>\n<p><a href=\"https:\/\/www.rmcr.org\/2020\/08\/medina-2-b.jpg\"><img decoding=\"async\" class=\"aligncenter size-full wp-image-2915\" src=\"https:\/\/www.rmcr.org\/wp-content\/uploads\/2020\/08\/medina-2-b.jpg\" alt=\"\" width=\"470\" height=\"562\"><\/a><\/p>\n<p><span>Superlibros de Ramiro N\u00fa\u00f1ez de Guzm\u00e1n, II duque de Medina de las Torres (c. 1612-1668) &#8212; Escudo de armas &#8212; Inscripci\u00f3n: &#8220;FEI&#8221; [fortunam etiam invidentem] &#8212; Inscripci\u00f3n: &#8220;ACGDDMMAHPPMICPGL&#8221; [additit, comitatui, grandatum, ducatum, ducatum, marchionatum, marchionatum, arcis, hispalensis, perpetuam prefacturam, magnum indiarum, cacellarium, primam guzmanorum lineam] &#8212; Leyenda: &#8220;Revoluta foecundant&#8221; &#8212; 72 x 59 mm &#8212; Fondo Ruiz de Arana.<\/span><\/p>\n<p><a href=\"https:\/\/www.rmcr.org\/2020\/08\/cb1013617-b.jpg\"><img decoding=\"async\" class=\"aligncenter size-full wp-image-2917\" src=\"https:\/\/www.rmcr.org\/wp-content\/uploads\/2020\/08\/cb1013617-b.jpg\" alt=\"\" width=\"470\" height=\"604\"><\/a><\/p>\n<p><span>Superlibros de Antonio de Orleans, duque de Montpensier (1824-1890) &#8212; Inscripci\u00f3n: &#8220;AO con corona ducal&#8221; &#8212; 79 x 55 mm &#8212; Fondo Propio.<\/span><\/p>\n<p><a href=\"https:\/\/www.rmcr.org\/2020\/08\/saltillo-1-b.jpg\"><img loading=\"lazy\" decoding=\"async\" class=\"aligncenter size-full wp-image-2918\" src=\"https:\/\/www.rmcr.org\/wp-content\/uploads\/2020\/08\/saltillo-1-b.jpg\" alt=\"\" width=\"470\" height=\"471\"><\/a><\/p>\n<p><span>Superlibros de Miguel Lasso de la Vega y L\u00f3pez de Tejada, IX marqu\u00e9s del Saltillo (1893-1957) &#8212; Escudo de armas &#8212; Inscripci\u00f3n: &#8220;Biblioteca del marqu\u00e9s del Saltillo&#8221; &#8212; 42 x 42 mm &#8212; Fondo Marqu\u00e9s del Saltillo.<\/span><\/p>\n<p><a href=\"https:\/\/www.rmcr.org\/2020\/08\/saltillo-2-b.jpg\"><img loading=\"lazy\" decoding=\"async\" class=\"aligncenter size-full wp-image-2919\" src=\"https:\/\/www.rmcr.org\/wp-content\/uploads\/2020\/08\/saltillo-2-b.jpg\" alt=\"\" width=\"470\" height=\"599\"><\/a><\/p>\n<p><span>Superlibros de Miguel Lasso de la Vega y L\u00f3pez de Tejada, IX marqu\u00e9s del Saltillo (1893-1957) &#8212; Escudo de armas &#8212; 54 x 38 mm &#8212; Fondo Marqu\u00e9s del Saltillo.<\/span><\/p>\n<p><a href=\"https:\/\/www.rmcr.org\/2020\/08\/saltillo-3-b.jpg\"><img loading=\"lazy\" decoding=\"async\" class=\"aligncenter size-full wp-image-2920\" src=\"https:\/\/www.rmcr.org\/wp-content\/uploads\/2020\/08\/saltillo-3-b.jpg\" alt=\"\" width=\"470\" height=\"594\"><\/a><\/p>\n<p><span>Superlibros de Miguel Lasso de la Vega y L\u00f3pez de Tejada, IX marqu\u00e9s del Saltillo (1893-1957) &#8212; Escudo de armas &#8212; 52 x 37 mm &#8212; Fondo Marqu\u00e9s del Saltillo.<\/span><\/p>\n<p><a href=\"https:\/\/www.rmcr.org\/2020\/08\/cb1003420-b.jpg\"><img loading=\"lazy\" decoding=\"async\" class=\"aligncenter size-full wp-image-2922\" src=\"https:\/\/www.rmcr.org\/wp-content\/uploads\/2020\/08\/cb1003420-b.jpg\" alt=\"\" width=\"470\" height=\"634\"><\/a><\/p>\n<p><span>Superlibros de Juan Gualberto L\u00f3pez-Valdemora y de Quesada, conde de las Navas (1855-1935) &#8212; Escudo de armas &#8212; Inscripci\u00f3n: &#8220;De las Navas, malacitanus&#8221; &#8212; 39 x 24 mm &#8212; Fondo Propio.<\/span><\/p>\n<p><a href=\"https:\/\/www.rmcr.org\/2020\/08\/cb1004564-b.jpg\"><img loading=\"lazy\" decoding=\"async\" class=\"aligncenter size-full wp-image-2923\" src=\"https:\/\/www.rmcr.org\/wp-content\/uploads\/2020\/08\/cb1004564-b.jpg\" alt=\"\" width=\"470\" height=\"521\"><\/a><\/p>\n<p><span>Superlibros de Charles de <span class=\"fcr\">Tinseau<\/span> d&#8217;Amondans (1748-1822) &#8212; Escudo de armas &#8212; Lema: &#8220;Humilia tene&#8221; &#8212; 62 x 54 mm &#8212; Fondo Propio.<\/span><\/p>\n<p><a href=\"https:\/\/www.rmcr.org\/2020\/08\/cb1018961-b.jpg\"><img loading=\"lazy\" decoding=\"async\" class=\"aligncenter size-full wp-image-2924\" src=\"https:\/\/www.rmcr.org\/wp-content\/uploads\/2020\/08\/cb1018961-b.jpg\" alt=\"\" width=\"470\" height=\"538\"><\/a><\/p>\n<p><span>Superlibros de Pedro Salv\u00e1 y Mall\u00e9n (1811-1870) &#8212; Inscripci\u00f3n: &#8220;Biblioteca de Salv\u00e1&#8221; &#8212; Inscripci\u00f3n: &#8220;VPS&#8221; &#8212; 51 x 42 mm &#8212; Fondo Propio.<\/span><\/p>\n<p><a href=\"https:\/\/www.rmcr.org\/2020\/08\/cb1023738-b.jpg\"><img loading=\"lazy\" decoding=\"async\" class=\"aligncenter size-full wp-image-2926\" src=\"https:\/\/www.rmcr.org\/wp-content\/uploads\/2020\/08\/cb1023738-b.jpg\" alt=\"\" width=\"470\" height=\"549\"><\/a><\/p>\n<p><span>Superlibros de Juan Caro &#8212; Inscripci\u00f3n: &#8220;Juan Caro&#8221; &#8212; 37 x 28 mm &#8212; Fondo Delaunet.<\/span><\/p>\n<p><a href=\"https:\/\/www.rmcr.org\/2020\/08\/cb1023736-b.jpg\"><img loading=\"lazy\" decoding=\"async\" class=\"aligncenter size-full wp-image-2927\" src=\"https:\/\/www.rmcr.org\/wp-content\/uploads\/2020\/08\/cb1023736-b.jpg\" alt=\"\" width=\"470\" height=\"582\"><\/a><\/p>\n<p><span>Superlibros del marqu\u00e9s de Pointecroix &#8212; Escudo de armas &#8212; 38 x 27 mm &#8212; Fondo Delaunet.<\/span><\/p>\n<p><a href=\"https:\/\/www.rmcr.org\/2020\/08\/gwynn-b.jpg\"><img loading=\"lazy\" decoding=\"async\" class=\"aligncenter size-full wp-image-2928\" src=\"https:\/\/www.rmcr.org\/wp-content\/uploads\/2020\/08\/gwynn-b.jpg\" alt=\"\" width=\"470\" height=\"108\"><\/a><\/p>\n<p><span>Superlibros de Edward Gwynn (n. ca. 1590) &#8212; Inscripci\u00f3n: &#8220;Edward Gwynn&#8221; &#8212; 11 x 116 mm &#8212; Fondo Ruiz de Arana.<\/span><\/p>\n","protected":false},"excerpt":{"rendered":"<p>\u00b7 ART\u00cdCULO \u00b7 \u00b7 BIBLIOTECA DE LA REAL MAESTRANZA DE CABALLER\u00cdA DE RONDA \u00b7 \u00b7 AGOSTO 2020 \u00b7 \u00b7 FONDO BIBLIOTECONOM\u00cdA \u00b7 Continuamos con nuestras habituales entregas estivales dedicadas a<\/p>\n","protected":false},"author":2,"featured_media":14360,"comment_status":"open","ping_status":"open","sticky":false,"template":"","format":"standard","meta":{"footnotes":""},"categories":[140,791],"tags":[105,252,176,202,184,137],"class_list":["post-6239","post","type-post","status-publish","format-standard","has-post-thumbnail","hentry","category-biblioteca","category-boletin-bibliografico-biblioteca-rmr","tag-biblioteca-general","tag-biblioteca-rmr","tag-boletin-mensual-bibliografico","tag-ex-libris","tag-heraldica","tag-libros"],"yoast_head":"<!-- This site is optimized with the Yoast SEO plugin v27.5 - https:\/\/yoast.com\/product\/yoast-seo-wordpress\/ -->\n<title>Biblioteca-RMR: N\u00ba 83. Ex libris (6). Superlibros. Agosto 2020. - Real Maestranza de Caballer\u00eda de Ronda<\/title>\n<meta name=\"robots\" content=\"index, follow, max-snippet:-1, max-image-preview:large, max-video-preview:-1\" \/>\n<link rel=\"canonical\" href=\"https:\/\/www.rmcr.org\/en\/2020\/08\/27\/biblioteca-rmr-no-83-ex-libris-6-superlibros-agosto-2020\/\" \/>\n<meta property=\"og:locale\" content=\"en_US\" \/>\n<meta property=\"og:type\" content=\"article\" \/>\n<meta property=\"og:title\" content=\"Biblioteca-RMR: N\u00ba 83. Ex libris (6). Superlibros. Agosto 2020. - Real Maestranza de Caballer\u00eda de Ronda\" \/>\n<meta property=\"og:description\" content=\"\u00b7 ART\u00cdCULO \u00b7 \u00b7 BIBLIOTECA DE LA REAL MAESTRANZA DE CABALLER\u00cdA DE RONDA \u00b7 \u00b7 AGOSTO 2020 \u00b7 \u00b7 FONDO BIBLIOTECONOM\u00cdA \u00b7 Continuamos con nuestras habituales entregas estivales dedicadas a\" \/>\n<meta property=\"og:url\" content=\"https:\/\/www.rmcr.org\/en\/2020\/08\/27\/biblioteca-rmr-no-83-ex-libris-6-superlibros-agosto-2020\/\" \/>\n<meta property=\"og:site_name\" content=\"Real Maestranza de Caballer\u00eda de Ronda\" \/>\n<meta property=\"article:publisher\" content=\"https:\/\/www.facebook.com\/plazadetorosronda\" \/>\n<meta property=\"article:published_time\" content=\"2020-08-27T13:07:36+00:00\" \/>\n<meta property=\"article:modified_time\" content=\"2025-04-03T07:43:51+00:00\" \/>\n<meta property=\"og:image\" content=\"https:\/\/www.rmcr.org\/wp-content\/uploads\/2020\/08\/83.webp\" \/>\n\t<meta property=\"og:image:width\" content=\"470\" \/>\n\t<meta property=\"og:image:height\" content=\"140\" \/>\n\t<meta property=\"og:image:type\" content=\"image\/webp\" \/>\n<meta name=\"author\" content=\"BIBLIOTECA\" \/>\n<meta name=\"twitter:card\" content=\"summary_large_image\" \/>\n<meta name=\"twitter:creator\" content=\"@PlazatorosRMR\" \/>\n<meta name=\"twitter:site\" content=\"@PlazatorosRMR\" \/>\n<meta name=\"twitter:label1\" content=\"Written by\" \/>\n\t<meta name=\"twitter:data1\" content=\"BIBLIOTECA\" \/>\n<script type=\"application\/ld+json\" class=\"yoast-schema-graph\">{\"@context\":\"https:\\\/\\\/schema.org\",\"@graph\":[{\"@type\":\"Article\",\"@id\":\"https:\\\/\\\/www.rmcr.org\\\/en\\\/2020\\\/08\\\/27\\\/biblioteca-rmr-no-83-ex-libris-6-superlibros-agosto-2020\\\/#article\",\"isPartOf\":{\"@id\":\"https:\\\/\\\/www.rmcr.org\\\/en\\\/2020\\\/08\\\/27\\\/biblioteca-rmr-no-83-ex-libris-6-superlibros-agosto-2020\\\/\"},\"author\":{\"name\":\"BIBLIOTECA\",\"@id\":\"https:\\\/\\\/www.rmcr.org\\\/en\\\/#\\\/schema\\\/person\\\/80849edee7ef556893505128619ea1d0\"},\"headline\":\"Biblioteca-RMR: N\u00ba 83. Ex libris (6). Superlibros. Agosto 2020.\",\"datePublished\":\"2020-08-27T13:07:36+00:00\",\"dateModified\":\"2025-04-03T07:43:51+00:00\",\"mainEntityOfPage\":{\"@id\":\"https:\\\/\\\/www.rmcr.org\\\/en\\\/2020\\\/08\\\/27\\\/biblioteca-rmr-no-83-ex-libris-6-superlibros-agosto-2020\\\/\"},\"wordCount\":30,\"commentCount\":0,\"publisher\":{\"@id\":\"https:\\\/\\\/www.rmcr.org\\\/en\\\/#organization\"},\"image\":{\"@id\":\"https:\\\/\\\/www.rmcr.org\\\/en\\\/2020\\\/08\\\/27\\\/biblioteca-rmr-no-83-ex-libris-6-superlibros-agosto-2020\\\/#primaryimage\"},\"thumbnailUrl\":\"https:\\\/\\\/www.rmcr.org\\\/wp-content\\\/uploads\\\/2020\\\/08\\\/83.webp\",\"keywords\":[\"Biblioteca\",\"Biblioteca-RMR\",\"Bolet\u00edn mensual bibliogr\u00e1fico\",\"Ex libris\",\"Her\u00e1ldica\",\"Libros\"],\"articleSection\":[\"Biblioteca\",\"Bolet\u00edn bibliogr\u00e1fico Biblioteca-RMR\"],\"inLanguage\":\"en-US\",\"potentialAction\":[{\"@type\":\"CommentAction\",\"name\":\"Comment\",\"target\":[\"https:\\\/\\\/www.rmcr.org\\\/en\\\/2020\\\/08\\\/27\\\/biblioteca-rmr-no-83-ex-libris-6-superlibros-agosto-2020\\\/#respond\"]}]},{\"@type\":\"WebPage\",\"@id\":\"https:\\\/\\\/www.rmcr.org\\\/en\\\/2020\\\/08\\\/27\\\/biblioteca-rmr-no-83-ex-libris-6-superlibros-agosto-2020\\\/\",\"url\":\"https:\\\/\\\/www.rmcr.org\\\/en\\\/2020\\\/08\\\/27\\\/biblioteca-rmr-no-83-ex-libris-6-superlibros-agosto-2020\\\/\",\"name\":\"Biblioteca-RMR: N\u00ba 83. Ex libris (6). Superlibros. Agosto 2020. - Real Maestranza de Caballer\u00eda de Ronda\",\"isPartOf\":{\"@id\":\"https:\\\/\\\/www.rmcr.org\\\/en\\\/#website\"},\"primaryImageOfPage\":{\"@id\":\"https:\\\/\\\/www.rmcr.org\\\/en\\\/2020\\\/08\\\/27\\\/biblioteca-rmr-no-83-ex-libris-6-superlibros-agosto-2020\\\/#primaryimage\"},\"image\":{\"@id\":\"https:\\\/\\\/www.rmcr.org\\\/en\\\/2020\\\/08\\\/27\\\/biblioteca-rmr-no-83-ex-libris-6-superlibros-agosto-2020\\\/#primaryimage\"},\"thumbnailUrl\":\"https:\\\/\\\/www.rmcr.org\\\/wp-content\\\/uploads\\\/2020\\\/08\\\/83.webp\",\"datePublished\":\"2020-08-27T13:07:36+00:00\",\"dateModified\":\"2025-04-03T07:43:51+00:00\",\"breadcrumb\":{\"@id\":\"https:\\\/\\\/www.rmcr.org\\\/en\\\/2020\\\/08\\\/27\\\/biblioteca-rmr-no-83-ex-libris-6-superlibros-agosto-2020\\\/#breadcrumb\"},\"inLanguage\":\"en-US\",\"potentialAction\":[{\"@type\":\"ReadAction\",\"target\":[\"https:\\\/\\\/www.rmcr.org\\\/en\\\/2020\\\/08\\\/27\\\/biblioteca-rmr-no-83-ex-libris-6-superlibros-agosto-2020\\\/\"]}]},{\"@type\":\"ImageObject\",\"inLanguage\":\"en-US\",\"@id\":\"https:\\\/\\\/www.rmcr.org\\\/en\\\/2020\\\/08\\\/27\\\/biblioteca-rmr-no-83-ex-libris-6-superlibros-agosto-2020\\\/#primaryimage\",\"url\":\"https:\\\/\\\/www.rmcr.org\\\/wp-content\\\/uploads\\\/2020\\\/08\\\/83.webp\",\"contentUrl\":\"https:\\\/\\\/www.rmcr.org\\\/wp-content\\\/uploads\\\/2020\\\/08\\\/83.webp\",\"width\":470,\"height\":140},{\"@type\":\"BreadcrumbList\",\"@id\":\"https:\\\/\\\/www.rmcr.org\\\/en\\\/2020\\\/08\\\/27\\\/biblioteca-rmr-no-83-ex-libris-6-superlibros-agosto-2020\\\/#breadcrumb\",\"itemListElement\":[{\"@type\":\"ListItem\",\"position\":1,\"name\":\"REAL MAESTRANZA DE CABALLER\u00cdA DE RONDA\",\"item\":\"https:\\\/\\\/www.rmcr.org\\\/en\\\/\"},{\"@type\":\"ListItem\",\"position\":2,\"name\":\"Biblioteca-RMR: N\u00ba 83. Ex libris (6). Superlibros. Agosto 2020.\"}]},{\"@type\":\"WebSite\",\"@id\":\"https:\\\/\\\/www.rmcr.org\\\/en\\\/#website\",\"url\":\"https:\\\/\\\/www.rmcr.org\\\/en\\\/\",\"name\":\"Real Maestranza de Caballer\u00eda de Ronda\",\"description\":\"Real Maestranza de Caballer\u00eda de Ronda\",\"publisher\":{\"@id\":\"https:\\\/\\\/www.rmcr.org\\\/en\\\/#organization\"},\"alternateName\":\"RMCR\",\"potentialAction\":[{\"@type\":\"SearchAction\",\"target\":{\"@type\":\"EntryPoint\",\"urlTemplate\":\"https:\\\/\\\/www.rmcr.org\\\/en\\\/?s={search_term_string}\"},\"query-input\":{\"@type\":\"PropertyValueSpecification\",\"valueRequired\":true,\"valueName\":\"search_term_string\"}}],\"inLanguage\":\"en-US\"},{\"@type\":\"Organization\",\"@id\":\"https:\\\/\\\/www.rmcr.org\\\/en\\\/#organization\",\"name\":\"Real Maestranza de Caballer\u00eda de Ronda\",\"alternateName\":\"RMR\",\"url\":\"https:\\\/\\\/www.rmcr.org\\\/en\\\/\",\"logo\":{\"@type\":\"ImageObject\",\"inLanguage\":\"en-US\",\"@id\":\"https:\\\/\\\/www.rmcr.org\\\/en\\\/#\\\/schema\\\/logo\\\/image\\\/\",\"url\":\"https:\\\/\\\/www.rmcr.org\\\/wp-content\\\/uploads\\\/2022\\\/07\\\/logo-rmr-blue.svg\",\"contentUrl\":\"https:\\\/\\\/www.rmcr.org\\\/wp-content\\\/uploads\\\/2022\\\/07\\\/logo-rmr-blue.svg\",\"width\":131,\"height\":129,\"caption\":\"Real Maestranza de Caballer\u00eda de Ronda\"},\"image\":{\"@id\":\"https:\\\/\\\/www.rmcr.org\\\/en\\\/#\\\/schema\\\/logo\\\/image\\\/\"},\"sameAs\":[\"https:\\\/\\\/www.facebook.com\\\/plazadetorosronda\",\"https:\\\/\\\/x.com\\\/PlazatorosRMR\",\"https:\\\/\\\/www.instagram.com\\\/realmaestranzaderonda\\\/\",\"https:\\\/\\\/www.youtube.com\\\/channel\\\/UCrbO5IUN-8v_QML739vM4zg\\\/videos\"]},{\"@type\":\"Person\",\"@id\":\"https:\\\/\\\/www.rmcr.org\\\/en\\\/#\\\/schema\\\/person\\\/80849edee7ef556893505128619ea1d0\",\"name\":\"BIBLIOTECA\",\"image\":{\"@type\":\"ImageObject\",\"inLanguage\":\"en-US\",\"@id\":\"https:\\\/\\\/www.rmcr.org\\\/wp-content\\\/uploads\\\/2022\\\/11\\\/avatar-rmcr-96x96.png\",\"url\":\"https:\\\/\\\/www.rmcr.org\\\/wp-content\\\/uploads\\\/2022\\\/11\\\/avatar-rmcr-96x96.png\",\"contentUrl\":\"https:\\\/\\\/www.rmcr.org\\\/wp-content\\\/uploads\\\/2022\\\/11\\\/avatar-rmcr-96x96.png\",\"caption\":\"BIBLIOTECA\"},\"url\":\"https:\\\/\\\/www.rmcr.org\\\/en\\\/author\\\/juan-antonio-moreno\\\/\"}]}<\/script>\n<!-- \/ Yoast SEO plugin. -->","yoast_head_json":{"title":"Biblioteca-RMR: N\u00ba 83. Ex libris (6). Superlibros. Agosto 2020. - Real Maestranza de Caballer\u00eda de Ronda","robots":{"index":"index","follow":"follow","max-snippet":"max-snippet:-1","max-image-preview":"max-image-preview:large","max-video-preview":"max-video-preview:-1"},"canonical":"https:\/\/www.rmcr.org\/en\/2020\/08\/27\/biblioteca-rmr-no-83-ex-libris-6-superlibros-agosto-2020\/","og_locale":"en_US","og_type":"article","og_title":"Biblioteca-RMR: N\u00ba 83. Ex libris (6). Superlibros. Agosto 2020. - Real Maestranza de Caballer\u00eda de Ronda","og_description":"\u00b7 ART\u00cdCULO \u00b7 \u00b7 BIBLIOTECA DE LA REAL MAESTRANZA DE CABALLER\u00cdA DE RONDA \u00b7 \u00b7 AGOSTO 2020 \u00b7 \u00b7 FONDO BIBLIOTECONOM\u00cdA \u00b7 Continuamos con nuestras habituales entregas estivales dedicadas a","og_url":"https:\/\/www.rmcr.org\/en\/2020\/08\/27\/biblioteca-rmr-no-83-ex-libris-6-superlibros-agosto-2020\/","og_site_name":"Real Maestranza de Caballer\u00eda de Ronda","article_publisher":"https:\/\/www.facebook.com\/plazadetorosronda","article_published_time":"2020-08-27T13:07:36+00:00","article_modified_time":"2025-04-03T07:43:51+00:00","og_image":[{"width":470,"height":140,"url":"https:\/\/www.rmcr.org\/wp-content\/uploads\/2020\/08\/83.webp","type":"image\/webp"}],"author":"BIBLIOTECA","twitter_card":"summary_large_image","twitter_creator":"@PlazatorosRMR","twitter_site":"@PlazatorosRMR","twitter_misc":{"Written by":"BIBLIOTECA"},"schema":{"@context":"https:\/\/schema.org","@graph":[{"@type":"Article","@id":"https:\/\/www.rmcr.org\/en\/2020\/08\/27\/biblioteca-rmr-no-83-ex-libris-6-superlibros-agosto-2020\/#article","isPartOf":{"@id":"https:\/\/www.rmcr.org\/en\/2020\/08\/27\/biblioteca-rmr-no-83-ex-libris-6-superlibros-agosto-2020\/"},"author":{"name":"BIBLIOTECA","@id":"https:\/\/www.rmcr.org\/en\/#\/schema\/person\/80849edee7ef556893505128619ea1d0"},"headline":"Biblioteca-RMR: N\u00ba 83. Ex libris (6). Superlibros. Agosto 2020.","datePublished":"2020-08-27T13:07:36+00:00","dateModified":"2025-04-03T07:43:51+00:00","mainEntityOfPage":{"@id":"https:\/\/www.rmcr.org\/en\/2020\/08\/27\/biblioteca-rmr-no-83-ex-libris-6-superlibros-agosto-2020\/"},"wordCount":30,"commentCount":0,"publisher":{"@id":"https:\/\/www.rmcr.org\/en\/#organization"},"image":{"@id":"https:\/\/www.rmcr.org\/en\/2020\/08\/27\/biblioteca-rmr-no-83-ex-libris-6-superlibros-agosto-2020\/#primaryimage"},"thumbnailUrl":"https:\/\/www.rmcr.org\/wp-content\/uploads\/2020\/08\/83.webp","keywords":["Biblioteca","Biblioteca-RMR","Bolet\u00edn mensual bibliogr\u00e1fico","Ex libris","Her\u00e1ldica","Libros"],"articleSection":["Biblioteca","Bolet\u00edn bibliogr\u00e1fico Biblioteca-RMR"],"inLanguage":"en-US","potentialAction":[{"@type":"CommentAction","name":"Comment","target":["https:\/\/www.rmcr.org\/en\/2020\/08\/27\/biblioteca-rmr-no-83-ex-libris-6-superlibros-agosto-2020\/#respond"]}]},{"@type":"WebPage","@id":"https:\/\/www.rmcr.org\/en\/2020\/08\/27\/biblioteca-rmr-no-83-ex-libris-6-superlibros-agosto-2020\/","url":"https:\/\/www.rmcr.org\/en\/2020\/08\/27\/biblioteca-rmr-no-83-ex-libris-6-superlibros-agosto-2020\/","name":"Biblioteca-RMR: N\u00ba 83. Ex libris (6). Superlibros. Agosto 2020. - Real Maestranza de Caballer\u00eda de Ronda","isPartOf":{"@id":"https:\/\/www.rmcr.org\/en\/#website"},"primaryImageOfPage":{"@id":"https:\/\/www.rmcr.org\/en\/2020\/08\/27\/biblioteca-rmr-no-83-ex-libris-6-superlibros-agosto-2020\/#primaryimage"},"image":{"@id":"https:\/\/www.rmcr.org\/en\/2020\/08\/27\/biblioteca-rmr-no-83-ex-libris-6-superlibros-agosto-2020\/#primaryimage"},"thumbnailUrl":"https:\/\/www.rmcr.org\/wp-content\/uploads\/2020\/08\/83.webp","datePublished":"2020-08-27T13:07:36+00:00","dateModified":"2025-04-03T07:43:51+00:00","breadcrumb":{"@id":"https:\/\/www.rmcr.org\/en\/2020\/08\/27\/biblioteca-rmr-no-83-ex-libris-6-superlibros-agosto-2020\/#breadcrumb"},"inLanguage":"en-US","potentialAction":[{"@type":"ReadAction","target":["https:\/\/www.rmcr.org\/en\/2020\/08\/27\/biblioteca-rmr-no-83-ex-libris-6-superlibros-agosto-2020\/"]}]},{"@type":"ImageObject","inLanguage":"en-US","@id":"https:\/\/www.rmcr.org\/en\/2020\/08\/27\/biblioteca-rmr-no-83-ex-libris-6-superlibros-agosto-2020\/#primaryimage","url":"https:\/\/www.rmcr.org\/wp-content\/uploads\/2020\/08\/83.webp","contentUrl":"https:\/\/www.rmcr.org\/wp-content\/uploads\/2020\/08\/83.webp","width":470,"height":140},{"@type":"BreadcrumbList","@id":"https:\/\/www.rmcr.org\/en\/2020\/08\/27\/biblioteca-rmr-no-83-ex-libris-6-superlibros-agosto-2020\/#breadcrumb","itemListElement":[{"@type":"ListItem","position":1,"name":"REAL MAESTRANZA DE CABALLER\u00cdA DE RONDA","item":"https:\/\/www.rmcr.org\/en\/"},{"@type":"ListItem","position":2,"name":"Biblioteca-RMR: N\u00ba 83. Ex libris (6). Superlibros. Agosto 2020."}]},{"@type":"WebSite","@id":"https:\/\/www.rmcr.org\/en\/#website","url":"https:\/\/www.rmcr.org\/en\/","name":"Real Maestranza de Caballer\u00eda de Ronda","description":"Real Maestranza de Caballer\u00eda de Ronda","publisher":{"@id":"https:\/\/www.rmcr.org\/en\/#organization"},"alternateName":"RMCR","potentialAction":[{"@type":"SearchAction","target":{"@type":"EntryPoint","urlTemplate":"https:\/\/www.rmcr.org\/en\/?s={search_term_string}"},"query-input":{"@type":"PropertyValueSpecification","valueRequired":true,"valueName":"search_term_string"}}],"inLanguage":"en-US"},{"@type":"Organization","@id":"https:\/\/www.rmcr.org\/en\/#organization","name":"Real Maestranza de Caballer\u00eda de Ronda","alternateName":"RMR","url":"https:\/\/www.rmcr.org\/en\/","logo":{"@type":"ImageObject","inLanguage":"en-US","@id":"https:\/\/www.rmcr.org\/en\/#\/schema\/logo\/image\/","url":"https:\/\/www.rmcr.org\/wp-content\/uploads\/2022\/07\/logo-rmr-blue.svg","contentUrl":"https:\/\/www.rmcr.org\/wp-content\/uploads\/2022\/07\/logo-rmr-blue.svg","width":131,"height":129,"caption":"Real Maestranza de Caballer\u00eda de Ronda"},"image":{"@id":"https:\/\/www.rmcr.org\/en\/#\/schema\/logo\/image\/"},"sameAs":["https:\/\/www.facebook.com\/plazadetorosronda","https:\/\/x.com\/PlazatorosRMR","https:\/\/www.instagram.com\/realmaestranzaderonda\/","https:\/\/www.youtube.com\/channel\/UCrbO5IUN-8v_QML739vM4zg\/videos"]},{"@type":"Person","@id":"https:\/\/www.rmcr.org\/en\/#\/schema\/person\/80849edee7ef556893505128619ea1d0","name":"BIBLIOTECA","image":{"@type":"ImageObject","inLanguage":"en-US","@id":"https:\/\/www.rmcr.org\/wp-content\/uploads\/2022\/11\/avatar-rmcr-96x96.png","url":"https:\/\/www.rmcr.org\/wp-content\/uploads\/2022\/11\/avatar-rmcr-96x96.png","contentUrl":"https:\/\/www.rmcr.org\/wp-content\/uploads\/2022\/11\/avatar-rmcr-96x96.png","caption":"BIBLIOTECA"},"url":"https:\/\/www.rmcr.org\/en\/author\/juan-antonio-moreno\/"}]}},"_links":{"self":[{"href":"https:\/\/www.rmcr.org\/en\/wp-json\/wp\/v2\/posts\/6239","targetHints":{"allow":["GET"]}}],"collection":[{"href":"https:\/\/www.rmcr.org\/en\/wp-json\/wp\/v2\/posts"}],"about":[{"href":"https:\/\/www.rmcr.org\/en\/wp-json\/wp\/v2\/types\/post"}],"author":[{"embeddable":true,"href":"https:\/\/www.rmcr.org\/en\/wp-json\/wp\/v2\/users\/2"}],"replies":[{"embeddable":true,"href":"https:\/\/www.rmcr.org\/en\/wp-json\/wp\/v2\/comments?post=6239"}],"version-history":[{"count":1,"href":"https:\/\/www.rmcr.org\/en\/wp-json\/wp\/v2\/posts\/6239\/revisions"}],"predecessor-version":[{"id":14362,"href":"https:\/\/www.rmcr.org\/en\/wp-json\/wp\/v2\/posts\/6239\/revisions\/14362"}],"wp:featuredmedia":[{"embeddable":true,"href":"https:\/\/www.rmcr.org\/en\/wp-json\/wp\/v2\/media\/14360"}],"wp:attachment":[{"href":"https:\/\/www.rmcr.org\/en\/wp-json\/wp\/v2\/media?parent=6239"}],"wp:term":[{"taxonomy":"category","embeddable":true,"href":"https:\/\/www.rmcr.org\/en\/wp-json\/wp\/v2\/categories?post=6239"},{"taxonomy":"post_tag","embeddable":true,"href":"https:\/\/www.rmcr.org\/en\/wp-json\/wp\/v2\/tags?post=6239"}],"curies":[{"name":"wp","href":"https:\/\/api.w.org\/{rel}","templated":true}]}}